{"id":7853,"date":"2015-11-30T11:17:23","date_gmt":"2015-11-30T10:17:23","guid":{"rendered":"http:\/\/www.jazzzeitung.de\/cms\/?p=7853"},"modified":"2015-11-30T11:51:58","modified_gmt":"2015-11-30T10:51:58","slug":"bayern-steppt-der-baer-landeswettbewerb-jugend-jazzt-2015","status":"publish","type":"post","link":"https:\/\/www.jazzzeitung.de\/cms\/2015\/11\/bayern-steppt-der-baer-landeswettbewerb-jugend-jazzt-2015\/","title":{"rendered":"In Bayern steppt der B\u00e4r: Landeswettbewerb &#8222;Jugend jazzt&#8220; 2015"},"content":{"rendered":"<figure id=\"attachment_7855\" aria-describedby=\"caption-attachment-7855\" style=\"width: 150px\" class=\"wp-caption alignright\"><a href=\"https:\/\/i0.wp.com\/www.jazzzeitung.de\/cms\/wp-content\/uploads\/2015\/11\/picpaenth-kaufbeuren.jpg\"><img data-recalc-dims=\"1\" loading=\"lazy\" decoding=\"async\" data-attachment-id=\"7855\" data-permalink=\"https:\/\/www.jazzzeitung.de\/cms\/2015\/11\/bayern-steppt-der-baer-landeswettbewerb-jugend-jazzt-2015\/picpaenth-kaufbeuren\/\" data-orig-file=\"https:\/\/i0.wp.com\/www.jazzzeitung.de\/cms\/wp-content\/uploads\/2015\/11\/picpaenth-kaufbeuren.jpg?fit=4072%2C3264&amp;ssl=1\" data-orig-size=\"4072,3264\" data-comments-opened=\"1\" data-image-meta=\"{&quot;aperture&quot;:&quot;2.2&quot;,&quot;credit&quot;:&quot;&quot;,&quot;camera&quot;:&quot;X-E2&quot;,&quot;caption&quot;:&quot;&quot;,&quot;created_timestamp&quot;:&quot;1448645205&quot;,&quot;copyright&quot;:&quot;&quot;,&quot;focal_length&quot;:&quot;56&quot;,&quot;iso&quot;:&quot;500&quot;,&quot;shutter_speed&quot;:&quot;0.016666666666667&quot;,&quot;title&quot;:&quot;&quot;,&quot;orientation&quot;:&quot;1&quot;}\" data-image-title=\"picpaenth-kaufbeuren\" data-image-description=\"\" data-image-caption=\"&lt;p&gt;Foto: Thomas Wetzel&lt;\/p&gt;\n\" data-large-file=\"https:\/\/i0.wp.com\/www.jazzzeitung.de\/cms\/wp-content\/uploads\/2015\/11\/picpaenth-kaufbeuren.jpg?fit=749%2C600&amp;ssl=1\" class=\"wp-image-7855 size-thumbnail\" src=\"https:\/\/i0.wp.com\/www.jazzzeitung.de\/cms\/wp-content\/uploads\/2015\/11\/picpaenth-kaufbeuren-150x150.jpg?resize=150%2C150\" alt=\"Fotos: Daniel Wetzel\" width=\"150\" height=\"150\" srcset=\"https:\/\/i0.wp.com\/www.jazzzeitung.de\/cms\/wp-content\/uploads\/2015\/11\/picpaenth-kaufbeuren.jpg?resize=150%2C150&amp;ssl=1 150w, https:\/\/i0.wp.com\/www.jazzzeitung.de\/cms\/wp-content\/uploads\/2015\/11\/picpaenth-kaufbeuren.jpg?resize=144%2C144&amp;ssl=1 144w, https:\/\/i0.wp.com\/www.jazzzeitung.de\/cms\/wp-content\/uploads\/2015\/11\/picpaenth-kaufbeuren.jpg?resize=96%2C96&amp;ssl=1 96w, https:\/\/i0.wp.com\/www.jazzzeitung.de\/cms\/wp-content\/uploads\/2015\/11\/picpaenth-kaufbeuren.jpg?resize=24%2C24&amp;ssl=1 24w, https:\/\/i0.wp.com\/www.jazzzeitung.de\/cms\/wp-content\/uploads\/2015\/11\/picpaenth-kaufbeuren.jpg?resize=36%2C36&amp;ssl=1 36w, https:\/\/i0.wp.com\/www.jazzzeitung.de\/cms\/wp-content\/uploads\/2015\/11\/picpaenth-kaufbeuren.jpg?resize=48%2C48&amp;ssl=1 48w, https:\/\/i0.wp.com\/www.jazzzeitung.de\/cms\/wp-content\/uploads\/2015\/11\/picpaenth-kaufbeuren.jpg?resize=64%2C64&amp;ssl=1 64w, https:\/\/i0.wp.com\/www.jazzzeitung.de\/cms\/wp-content\/uploads\/2015\/11\/picpaenth-kaufbeuren.jpg?resize=32%2C32&amp;ssl=1 32w, https:\/\/i0.wp.com\/www.jazzzeitung.de\/cms\/wp-content\/uploads\/2015\/11\/picpaenth-kaufbeuren.jpg?resize=128%2C128&amp;ssl=1 128w, https:\/\/i0.wp.com\/www.jazzzeitung.de\/cms\/wp-content\/uploads\/2015\/11\/picpaenth-kaufbeuren.jpg?zoom=2&amp;resize=150%2C150&amp;ssl=1 300w, https:\/\/i0.wp.com\/www.jazzzeitung.de\/cms\/wp-content\/uploads\/2015\/11\/picpaenth-kaufbeuren.jpg?zoom=3&amp;resize=150%2C150&amp;ssl=1 450w\" sizes=\"auto, (max-width: 150px) 100vw, 150px\" \/><\/a><figcaption id=\"caption-attachment-7855\" class=\"wp-caption-text\">Foto: Daniel Wetzel<\/figcaption><\/figure>\n<p>\u201eDa kann man einfach frei spielen.\u201c, erkl\u00e4rte die 12-j\u00e4hrige Nadine Bohmann aus Wertingen auf die Frage, was sie am Jazz so mag. Sie war eine der 300 jungen MusikerInnen aus ganz Bayern die am Wochenende beim Landeswettbewerb Jugend jazzt Bayern f\u00fcr Jazzorchester mit Vorentscheid Bayern zur Bundesbegegnung Jugend jazzt f\u00fcr Jugendjazzorchester und dem Bayerischer Orchesterwettbewerb, Kat. E f\u00fcr Jazzorchester in der Bayerischen Musikakademie Marktoberdorf teilgenommen hat. 17 Big Bands und Jazzorchester zeigten, was die bayerische Jazzszene so zu bieten hat. \u201eIn Bayern steppt der B\u00e4r, was den Jazz angeht.\u201c, res\u00fcmierte Jurymitglied Anne Czichowsky aus Baden-W\u00fcrttemberg und lag da ganz auf einer Linie mit ihren Kollegen Eberhard Budziat, Axel Prasuhn, Harald R\u00fcschenbaum, Stefan Sigg und Thomas Zoller. Nicht nur das hohe Niveau (7mal wurde das Pr\u00e4dikat \u201ehervorragend\u201c, 6mal \u201esehr gut\u201c und 4mal \u201egut\u201c vergeben), auch die vielen jungen Bands mit einem Durchschnittsalter bis 14 Jahre best\u00e4tigen die gute Nachwuchsarbeit in Bayern. \u201eGerade was die ganz Jungen zwischen 12 und 13 geboten haben, war erstaunlich.\u201c, f\u00fcgt Axel Prasuhn hinzu. Spontan entschied sich deshalb die Jury f\u00fcr die Bands bis 14 eine zus\u00e4tzliche Alterskategorie einzurichten. So gab es vier Gruppen: bis 14, bis 16, bis 19 und bis 25 Jahren.<\/p>\n<p><a href=\"https:\/\/i0.wp.com\/www.jazzzeitung.de\/cms\/wp-content\/uploads\/2015\/11\/wertingen.jpg\"><img data-recalc-dims=\"1\" loading=\"lazy\" decoding=\"async\" data-attachment-id=\"7858\" data-permalink=\"https:\/\/www.jazzzeitung.de\/cms\/2015\/11\/bayern-steppt-der-baer-landeswettbewerb-jugend-jazzt-2015\/wertingen\/\" data-orig-file=\"https:\/\/i0.wp.com\/www.jazzzeitung.de\/cms\/wp-content\/uploads\/2015\/11\/wertingen.jpg?fit=1280%2C853&amp;ssl=1\" data-orig-size=\"1280,853\" data-comments-opened=\"1\" data-image-meta=\"{&quot;aperture&quot;:&quot;2.8&quot;,&quot;credit&quot;:&quot;&quot;,&quot;camera&quot;:&quot;X-E2&quot;,&quot;caption&quot;:&quot;&quot;,&quot;created_timestamp&quot;:&quot;1448713475&quot;,&quot;copyright&quot;:&quot;&quot;,&quot;focal_length&quot;:&quot;35&quot;,&quot;iso&quot;:&quot;400&quot;,&quot;shutter_speed&quot;:&quot;0.013333333333333&quot;,&quot;title&quot;:&quot;&quot;,&quot;orientation&quot;:&quot;1&quot;}\" data-image-title=\"wertingen\" data-image-description=\"\" data-image-caption=\"\" data-large-file=\"https:\/\/i0.wp.com\/www.jazzzeitung.de\/cms\/wp-content\/uploads\/2015\/11\/wertingen.jpg?fit=840%2C560&amp;ssl=1\" class=\"aligncenter size-full wp-image-7858\" src=\"https:\/\/i0.wp.com\/www.jazzzeitung.de\/cms\/wp-content\/uploads\/2015\/11\/wertingen.jpg?resize=840%2C560\" alt=\"wertingen\" width=\"840\" height=\"560\" srcset=\"https:\/\/i0.wp.com\/www.jazzzeitung.de\/cms\/wp-content\/uploads\/2015\/11\/wertingen.jpg?w=1280&amp;ssl=1 1280w, https:\/\/i0.wp.com\/www.jazzzeitung.de\/cms\/wp-content\/uploads\/2015\/11\/wertingen.jpg?resize=300%2C200&amp;ssl=1 300w, https:\/\/i0.wp.com\/www.jazzzeitung.de\/cms\/wp-content\/uploads\/2015\/11\/wertingen.jpg?resize=900%2C600&amp;ssl=1 900w\" sizes=\"auto, (max-width: 840px) 100vw, 840px\" \/><\/a><\/p>\n<p>\u201eJazz macht einfach Spa\u00df und l\u00e4sst den jungen Musikern den Freiraum, den sie brauchen.\u201c, erkl\u00e4rt Willi Staud, organisatorischer Leiter des Wettbewerbs. \u201eDurch Jazz werden nicht nur T\u00f6ne, sondern auch die f\u00fcr das Miteinander wichtigen Werte transportiert. Neue Konzepte sind l\u00e4ngst erprobt und warten auf ihre Durchf\u00fchrung. Zahlreiche Schulkonzerte des Landes-Jugendjazzorchesters Bayern und Workshops mit Sch\u00fclern zeigen, wie der Musikunterricht an den Schulen durch den Jazz auf eine zeitgem\u00e4\u00dfe und sehr interessante Art bereichert werden kann.\u201c Deshalb gibt es beim Landeswettbewerb Jugend jazzt Bayern auch keine Geldpreise sondern Sachpreise wie F\u00f6rderma\u00dfnahmen, Workshops und Konzertauftritte. In 25-min\u00fctigen Wertungsspielen zeigten die Bands am Freitag und Samstag der Jury ihr K\u00f6nnen und erhielten im Anschluss ausf\u00fchrliche Bewertungsgespr\u00e4che. Besonders spannend war, wer zu den bundesweiten Wettbewerben im Mai 2016 weitergeleitet werden w\u00fcrde.<\/p>\n<p><strong>Die Einladungen nach Kempten zur Bundesbegegnung von Jugend jazzt erspielte sich die Big Band der Stadtkapelle Wertingen unter der Leitung von Daniel Klingl und zum Deutschen Orchesterwettbewerb 2016 in Ulm das Savoy Ballroom Orchestra unter der Leitung von Stefan Bender aus B\u00fctthard, Unterfranken.<br \/>\n<\/strong>\u00a0<strong><br \/>\n<\/strong>Harald R\u00fcschenbaum, der auch Leiter des Landes-Jugendjazzorchester Bayern ist, bescherte den Teilnehmern am Samstagabend noch ein besonders Highlight.<br \/>\nLA FIESTA war der Titel des Konzerts in der Bayerischen Musikakademie Marktoberdorf. Zu h\u00f6ren war die neue Konzertbesetzung des Landes-Jugendjazzorchesters Bayern bei einem \u201eFest\u201c mit s\u00fcdamerikanischen Arrangements von Swing bis Modern Jazz. Die zeitgen\u00f6ssischen Kompositionen von Jay Ashby und Karsten Gorzel sowie Werke von Chick Corea, Herbie Hancock und Peter Herbolzheimer pr\u00e4sentierte das herausragende Ensemble mit satten Big Band Sound gepaart mit Latin Grooves und hei\u00dfen Rhythmen &#8211; das lie\u00df keinen im Saal kalt!<\/p>\n<p>Sonntagmorgen luden die Jurymitglieder alle Teilnehmer zu kostenlosen Workshops und Sonntagmittag endete das Jazzwochende mit der Abschlussmatinee mit einem Querschnitt durch das Wettbewerbsprogramm und der Preistr\u00e4gerbekanntgabe in der Bayerischen Musikakademie Marktoberdorf. Mit dabei waren auch wieder Gunther und Waltraud Greffenius. Die Stiftung vergab wieder ein wertvolles Stipendium.<\/p>\n<p>Der Landeswettbewerb Jugend jazzt Bayern wird veranstaltet vom Landes-Jugendjazzorchester Bayern \u2013 Jugend jazzt Bayern beim Verband Bayerischer Sing- und Musikschulen e. V. in Zusammenarbeit mit der Bayerische Musikakademie Marktoberdorf und dem Bayerischen Jazzinstitut Regensburg. Alle Infos unter <a href=\"http:\/\/www.ljjb.de\">www.ljjb.de<\/a><\/p>\n","protected":false},"excerpt":{"rendered":"<p>\u201eDa kann man einfach frei spielen.\u201c, erkl\u00e4rte die 12-j\u00e4hrige Nadine Bohmann aus Wertingen auf die Frage, was sie am Jazz so mag. Sie war eine der 300 jungen MusikerInnen aus ganz Bayern die am Wochenende beim Landeswettbewerb Jugend jazzt Bayern f\u00fcr Jazzorchester mit Vorentscheid Bayern zur Bundesbegegnung Jugend jazzt f\u00fcr Jugendjazzorchester und dem Bayerischer Orchesterwettbewerb, Kat. E f\u00fcr Jazzorchester in der Bayerischen Musikakademie Marktoberdorf teilgenommen hat. 17 Big Bands und Jazzorchester zeigten, was die bayerische Jazzszene so zu bieten hat. \u201eIn Bayern steppt der B\u00e4r, was den Jazz angeht.\u201c, res\u00fcmierte Jurymitglied Anne Czichowsky aus Baden-W\u00fcrttemberg und lag da ganz auf einer Linie mit ihren Kollegen Eberhard Budziat, Axel Prasuhn, Harald R\u00fcschenbaum, Stefan Sigg und Thomas Zoller. Nicht nur das hohe Niveau (7mal wurde das Pr\u00e4dikat \u201ehervorragend\u201c, 6mal \u201esehr gut\u201c und 4mal \u201egut\u201c vergeben), auch die vielen jungen Bands mit einem Durchschnittsalter bis 14 Jahre best\u00e4tigen die gute Nachwuchsarbeit in Bayern. \u201eGerade was die ganz Jungen zwischen 12 und 13 geboten haben, war erstaunlich.\u201c, f\u00fcgt Axel Prasuhn hinzu. Spontan entschied sich deshalb die Jury f\u00fcr die Bands bis 14 eine zus\u00e4tzliche Alterskategorie einzurichten. So gab es &hellip;<\/p>\n","protected":false},"author":18,"featured_media":0,"comment_status":"open","ping_status":"closed","sticky":false,"template":"","format":"standard","meta":{"_jetpack_memberships_contains_paid_content":false,"footnotes":"","jetpack_publicize_message":"","jetpack_publicize_feature_enabled":true,"jetpack_social_post_already_shared":false,"jetpack_social_options":{"image_generator_settings":{"template":"highway","default_image_id":0,"font":"","enabled":false},"version":2}},"categories":[1053],"tags":[71,72,100,216,222,277,282,305,729,341,1139,438,1797,535],"coauthors":[695],"class_list":["post-7853","post","type-post","status-publish","format-standard","hentry","category-bericht","tag-big-band","tag-big-bands","tag-bundesbegegnung","tag-hancock","tag-herbie-hancock","tag-jazzinstitut","tag-jazzorchester","tag-jugend-jazzt","tag-kempten","tag-landes-jugendjazzorchester","tag-landeswettbewerb-jugend-jazzt-bayern","tag-peter-herbolzheimer","tag-regensburg","tag-swing"],"yoast_head":"<!-- This site is optimized with the Yoast SEO plugin v27.5 - https:\/\/yoast.com\/product\/yoast-seo-wordpress\/ -->\n<title>In Bayern steppt der B\u00e4r: Landeswettbewerb &quot;Jugend jazzt&quot; 2015 - JazzZeitung<\/title>\n<meta name=\"robots\" content=\"index, follow, max-snippet:-1, max-image-preview:large, max-video-preview:-1\" \/>\n<link rel=\"canonical\" href=\"https:\/\/www.jazzzeitung.de\/cms\/2015\/11\/bayern-steppt-der-baer-landeswettbewerb-jugend-jazzt-2015\/\" \/>\n<meta property=\"og:locale\" content=\"de_DE\" \/>\n<meta property=\"og:type\" content=\"article\" \/>\n<meta property=\"og:title\" content=\"In Bayern steppt der B\u00e4r: Landeswettbewerb &quot;Jugend jazzt&quot; 2015 - JazzZeitung\" \/>\n<meta property=\"og:description\" content=\"\u201eDa kann man einfach frei spielen.\u201c, erkl\u00e4rte die 12-j\u00e4hrige Nadine Bohmann aus Wertingen auf die Frage, was sie am Jazz so mag. Sie war eine der 300 jungen MusikerInnen aus ganz Bayern die am Wochenende beim Landeswettbewerb Jugend jazzt Bayern f\u00fcr Jazzorchester mit Vorentscheid Bayern zur Bundesbegegnung Jugend jazzt f\u00fcr Jugendjazzorchester und dem Bayerischer Orchesterwettbewerb, Kat. E f\u00fcr Jazzorchester in der Bayerischen Musikakademie Marktoberdorf teilgenommen hat. 17 Big Bands und Jazzorchester zeigten, was die bayerische Jazzszene so zu bieten hat. \u201eIn Bayern steppt der B\u00e4r, was den Jazz angeht.\u201c, res\u00fcmierte Jurymitglied Anne Czichowsky aus Baden-W\u00fcrttemberg und lag da ganz auf einer Linie mit ihren Kollegen Eberhard Budziat, Axel Prasuhn, Harald R\u00fcschenbaum, Stefan Sigg und Thomas Zoller. Nicht nur das hohe Niveau (7mal wurde das Pr\u00e4dikat \u201ehervorragend\u201c, 6mal \u201esehr gut\u201c und 4mal \u201egut\u201c vergeben), auch die vielen jungen Bands mit einem Durchschnittsalter bis 14 Jahre best\u00e4tigen die gute Nachwuchsarbeit in Bayern. \u201eGerade was die ganz Jungen zwischen 12 und 13 geboten haben, war erstaunlich.\u201c, f\u00fcgt Axel Prasuhn hinzu. Spontan entschied sich deshalb die Jury f\u00fcr die Bands bis 14 eine zus\u00e4tzliche Alterskategorie einzurichten. So gab es &hellip;\" \/>\n<meta property=\"og:url\" content=\"https:\/\/www.jazzzeitung.de\/cms\/2015\/11\/bayern-steppt-der-baer-landeswettbewerb-jugend-jazzt-2015\/\" \/>\n<meta property=\"og:site_name\" content=\"JazzZeitung\" \/>\n<meta property=\"article:publisher\" content=\"https:\/\/www.facebook.com\/JazzZeitung\/\" \/>\n<meta property=\"article:published_time\" content=\"2015-11-30T10:17:23+00:00\" \/>\n<meta property=\"article:modified_time\" content=\"2015-11-30T10:51:58+00:00\" \/>\n<meta property=\"og:image\" content=\"http:\/\/www.jazzzeitung.de\/cms\/wp-content\/uploads\/2015\/11\/picpaenth-kaufbeuren-150x150.jpg\" \/>\n<meta name=\"author\" content=\"Redaktion JazzZeitung\" \/>\n<script type=\"application\/ld+json\" class=\"yoast-schema-graph\">{\"@context\":\"https:\\\/\\\/schema.org\",\"@graph\":[{\"@type\":\"Article\",\"@id\":\"https:\\\/\\\/www.jazzzeitung.de\\\/cms\\\/2015\\\/11\\\/bayern-steppt-der-baer-landeswettbewerb-jugend-jazzt-2015\\\/#article\",\"isPartOf\":{\"@id\":\"https:\\\/\\\/www.jazzzeitung.de\\\/cms\\\/2015\\\/11\\\/bayern-steppt-der-baer-landeswettbewerb-jugend-jazzt-2015\\\/\"},\"author\":{\"name\":\"Redaktion JazzZeitung\",\"@id\":\"https:\\\/\\\/www.jazzzeitung.de\\\/cms\\\/#\\\/schema\\\/person\\\/2245b36b9cd1d24cea10f01c031fb92b\"},\"headline\":\"In Bayern steppt der B\u00e4r: Landeswettbewerb &#8222;Jugend jazzt&#8220; 2015\",\"datePublished\":\"2015-11-30T10:17:23+00:00\",\"dateModified\":\"2015-11-30T10:51:58+00:00\",\"mainEntityOfPage\":{\"@id\":\"https:\\\/\\\/www.jazzzeitung.de\\\/cms\\\/2015\\\/11\\\/bayern-steppt-der-baer-landeswettbewerb-jugend-jazzt-2015\\\/\"},\"wordCount\":589,\"commentCount\":0,\"publisher\":{\"@id\":\"https:\\\/\\\/www.jazzzeitung.de\\\/cms\\\/#organization\"},\"image\":{\"@id\":\"https:\\\/\\\/www.jazzzeitung.de\\\/cms\\\/2015\\\/11\\\/bayern-steppt-der-baer-landeswettbewerb-jugend-jazzt-2015\\\/#primaryimage\"},\"thumbnailUrl\":\"http:\\\/\\\/www.jazzzeitung.de\\\/cms\\\/wp-content\\\/uploads\\\/2015\\\/11\\\/picpaenth-kaufbeuren-150x150.jpg\",\"keywords\":[\"Big Band\",\"Big Bands\",\"Bundesbegegnung\",\"Hancock\",\"Herbie Hancock\",\"Jazzinstitut\",\"Jazzorchester\",\"Jugend jazzt\",\"Kempten\",\"Landes-Jugendjazzorchester\",\"Landeswettbewerb Jugend jazzt Bayern\",\"Peter Herbolzheimer\",\"Regensburg\",\"Swing\"],\"articleSection\":[\"Bericht\"],\"inLanguage\":\"de\",\"potentialAction\":[{\"@type\":\"CommentAction\",\"name\":\"Comment\",\"target\":[\"https:\\\/\\\/www.jazzzeitung.de\\\/cms\\\/2015\\\/11\\\/bayern-steppt-der-baer-landeswettbewerb-jugend-jazzt-2015\\\/#respond\"]}]},{\"@type\":\"WebPage\",\"@id\":\"https:\\\/\\\/www.jazzzeitung.de\\\/cms\\\/2015\\\/11\\\/bayern-steppt-der-baer-landeswettbewerb-jugend-jazzt-2015\\\/\",\"url\":\"https:\\\/\\\/www.jazzzeitung.de\\\/cms\\\/2015\\\/11\\\/bayern-steppt-der-baer-landeswettbewerb-jugend-jazzt-2015\\\/\",\"name\":\"In Bayern steppt der B\u00e4r: Landeswettbewerb \\\"Jugend jazzt\\\" 2015 - JazzZeitung\",\"isPartOf\":{\"@id\":\"https:\\\/\\\/www.jazzzeitung.de\\\/cms\\\/#website\"},\"primaryImageOfPage\":{\"@id\":\"https:\\\/\\\/www.jazzzeitung.de\\\/cms\\\/2015\\\/11\\\/bayern-steppt-der-baer-landeswettbewerb-jugend-jazzt-2015\\\/#primaryimage\"},\"image\":{\"@id\":\"https:\\\/\\\/www.jazzzeitung.de\\\/cms\\\/2015\\\/11\\\/bayern-steppt-der-baer-landeswettbewerb-jugend-jazzt-2015\\\/#primaryimage\"},\"thumbnailUrl\":\"http:\\\/\\\/www.jazzzeitung.de\\\/cms\\\/wp-content\\\/uploads\\\/2015\\\/11\\\/picpaenth-kaufbeuren-150x150.jpg\",\"datePublished\":\"2015-11-30T10:17:23+00:00\",\"dateModified\":\"2015-11-30T10:51:58+00:00\",\"breadcrumb\":{\"@id\":\"https:\\\/\\\/www.jazzzeitung.de\\\/cms\\\/2015\\\/11\\\/bayern-steppt-der-baer-landeswettbewerb-jugend-jazzt-2015\\\/#breadcrumb\"},\"inLanguage\":\"de\",\"potentialAction\":[{\"@type\":\"ReadAction\",\"target\":[\"https:\\\/\\\/www.jazzzeitung.de\\\/cms\\\/2015\\\/11\\\/bayern-steppt-der-baer-landeswettbewerb-jugend-jazzt-2015\\\/\"]}]},{\"@type\":\"ImageObject\",\"inLanguage\":\"de\",\"@id\":\"https:\\\/\\\/www.jazzzeitung.de\\\/cms\\\/2015\\\/11\\\/bayern-steppt-der-baer-landeswettbewerb-jugend-jazzt-2015\\\/#primaryimage\",\"url\":\"http:\\\/\\\/www.jazzzeitung.de\\\/cms\\\/wp-content\\\/uploads\\\/2015\\\/11\\\/picpaenth-kaufbeuren-150x150.jpg\",\"contentUrl\":\"http:\\\/\\\/www.jazzzeitung.de\\\/cms\\\/wp-content\\\/uploads\\\/2015\\\/11\\\/picpaenth-kaufbeuren-150x150.jpg\"},{\"@type\":\"BreadcrumbList\",\"@id\":\"https:\\\/\\\/www.jazzzeitung.de\\\/cms\\\/2015\\\/11\\\/bayern-steppt-der-baer-landeswettbewerb-jugend-jazzt-2015\\\/#breadcrumb\",\"itemListElement\":[{\"@type\":\"ListItem\",\"position\":1,\"name\":\"Startseite\",\"item\":\"https:\\\/\\\/www.jazzzeitung.de\\\/cms\\\/\"},{\"@type\":\"ListItem\",\"position\":2,\"name\":\"In Bayern steppt der B\u00e4r: Landeswettbewerb &#8222;Jugend jazzt&#8220; 2015\"}]},{\"@type\":\"WebSite\",\"@id\":\"https:\\\/\\\/www.jazzzeitung.de\\\/cms\\\/#website\",\"url\":\"https:\\\/\\\/www.jazzzeitung.de\\\/cms\\\/\",\"name\":\"JazzZeitung\",\"description\":\"Jazz-News und Jazz-Kontroverses\",\"publisher\":{\"@id\":\"https:\\\/\\\/www.jazzzeitung.de\\\/cms\\\/#organization\"},\"potentialAction\":[{\"@type\":\"SearchAction\",\"target\":{\"@type\":\"EntryPoint\",\"urlTemplate\":\"https:\\\/\\\/www.jazzzeitung.de\\\/cms\\\/?s={search_term_string}\"},\"query-input\":{\"@type\":\"PropertyValueSpecification\",\"valueRequired\":true,\"valueName\":\"search_term_string\"}}],\"inLanguage\":\"de\"},{\"@type\":\"Organization\",\"@id\":\"https:\\\/\\\/www.jazzzeitung.de\\\/cms\\\/#organization\",\"name\":\"JazzZeitung online\",\"url\":\"https:\\\/\\\/www.jazzzeitung.de\\\/cms\\\/\",\"logo\":{\"@type\":\"ImageObject\",\"inLanguage\":\"de\",\"@id\":\"https:\\\/\\\/www.jazzzeitung.de\\\/cms\\\/#\\\/schema\\\/logo\\\/image\\\/\",\"url\":\"https:\\\/\\\/i0.wp.com\\\/www.jazzzeitung.de\\\/cms\\\/wp-content\\\/uploads\\\/2015\\\/08\\\/JAZZZEITUNGDE_Logo_Neu.png?fit=499%2C200&ssl=1\",\"contentUrl\":\"https:\\\/\\\/i0.wp.com\\\/www.jazzzeitung.de\\\/cms\\\/wp-content\\\/uploads\\\/2015\\\/08\\\/JAZZZEITUNGDE_Logo_Neu.png?fit=499%2C200&ssl=1\",\"width\":499,\"height\":200,\"caption\":\"JazzZeitung online\"},\"image\":{\"@id\":\"https:\\\/\\\/www.jazzzeitung.de\\\/cms\\\/#\\\/schema\\\/logo\\\/image\\\/\"},\"sameAs\":[\"https:\\\/\\\/www.facebook.com\\\/JazzZeitung\\\/\"]},{\"@type\":\"Person\",\"@id\":\"https:\\\/\\\/www.jazzzeitung.de\\\/cms\\\/#\\\/schema\\\/person\\\/2245b36b9cd1d24cea10f01c031fb92b\",\"name\":\"Redaktion JazzZeitung\",\"image\":{\"@type\":\"ImageObject\",\"inLanguage\":\"de\",\"@id\":\"https:\\\/\\\/i0.wp.com\\\/www.jazzzeitung.de\\\/cms\\\/wp-content\\\/uploads\\\/2015\\\/08\\\/JAZZZEITUNGDE_Logo_Neu.png?resize=96%2C96&ssl=159975dcacb611b5700bd619b5daf0a7a\",\"url\":\"https:\\\/\\\/i0.wp.com\\\/www.jazzzeitung.de\\\/cms\\\/wp-content\\\/uploads\\\/2015\\\/08\\\/JAZZZEITUNGDE_Logo_Neu.png?resize=96%2C96&ssl=1\",\"contentUrl\":\"https:\\\/\\\/i0.wp.com\\\/www.jazzzeitung.de\\\/cms\\\/wp-content\\\/uploads\\\/2015\\\/08\\\/JAZZZEITUNGDE_Logo_Neu.png?resize=96%2C96&ssl=1\",\"caption\":\"Redaktion JazzZeitung\"},\"description\":\"Artikel der Redaktion der JazzZeitung.\",\"sameAs\":[\"http:\\\/\\\/www.jazzzeitung.de\\\/cms\\\/\"],\"url\":\"https:\\\/\\\/www.jazzzeitung.de\\\/cms\\\/author\\\/redaktion\\\/\"}]}<\/script>\n<!-- \/ Yoast SEO plugin. -->","yoast_head_json":{"title":"In Bayern steppt der B\u00e4r: Landeswettbewerb \"Jugend jazzt\" 2015 - JazzZeitung","robots":{"index":"index","follow":"follow","max-snippet":"max-snippet:-1","max-image-preview":"max-image-preview:large","max-video-preview":"max-video-preview:-1"},"canonical":"https:\/\/www.jazzzeitung.de\/cms\/2015\/11\/bayern-steppt-der-baer-landeswettbewerb-jugend-jazzt-2015\/","og_locale":"de_DE","og_type":"article","og_title":"In Bayern steppt der B\u00e4r: Landeswettbewerb \"Jugend jazzt\" 2015 - JazzZeitung","og_description":"\u201eDa kann man einfach frei spielen.\u201c, erkl\u00e4rte die 12-j\u00e4hrige Nadine Bohmann aus Wertingen auf die Frage, was sie am Jazz so mag. Sie war eine der 300 jungen MusikerInnen aus ganz Bayern die am Wochenende beim Landeswettbewerb Jugend jazzt Bayern f\u00fcr Jazzorchester mit Vorentscheid Bayern zur Bundesbegegnung Jugend jazzt f\u00fcr Jugendjazzorchester und dem Bayerischer Orchesterwettbewerb, Kat. E f\u00fcr Jazzorchester in der Bayerischen Musikakademie Marktoberdorf teilgenommen hat. 17 Big Bands und Jazzorchester zeigten, was die bayerische Jazzszene so zu bieten hat. \u201eIn Bayern steppt der B\u00e4r, was den Jazz angeht.\u201c, res\u00fcmierte Jurymitglied Anne Czichowsky aus Baden-W\u00fcrttemberg und lag da ganz auf einer Linie mit ihren Kollegen Eberhard Budziat, Axel Prasuhn, Harald R\u00fcschenbaum, Stefan Sigg und Thomas Zoller. Nicht nur das hohe Niveau (7mal wurde das Pr\u00e4dikat \u201ehervorragend\u201c, 6mal \u201esehr gut\u201c und 4mal \u201egut\u201c vergeben), auch die vielen jungen Bands mit einem Durchschnittsalter bis 14 Jahre best\u00e4tigen die gute Nachwuchsarbeit in Bayern. \u201eGerade was die ganz Jungen zwischen 12 und 13 geboten haben, war erstaunlich.\u201c, f\u00fcgt Axel Prasuhn hinzu. Spontan entschied sich deshalb die Jury f\u00fcr die Bands bis 14 eine zus\u00e4tzliche Alterskategorie einzurichten. So gab es &hellip;","og_url":"https:\/\/www.jazzzeitung.de\/cms\/2015\/11\/bayern-steppt-der-baer-landeswettbewerb-jugend-jazzt-2015\/","og_site_name":"JazzZeitung","article_publisher":"https:\/\/www.facebook.com\/JazzZeitung\/","article_published_time":"2015-11-30T10:17:23+00:00","article_modified_time":"2015-11-30T10:51:58+00:00","og_image":[{"url":"http:\/\/www.jazzzeitung.de\/cms\/wp-content\/uploads\/2015\/11\/picpaenth-kaufbeuren-150x150.jpg","type":"","width":"","height":""}],"author":"Redaktion JazzZeitung","schema":{"@context":"https:\/\/schema.org","@graph":[{"@type":"Article","@id":"https:\/\/www.jazzzeitung.de\/cms\/2015\/11\/bayern-steppt-der-baer-landeswettbewerb-jugend-jazzt-2015\/#article","isPartOf":{"@id":"https:\/\/www.jazzzeitung.de\/cms\/2015\/11\/bayern-steppt-der-baer-landeswettbewerb-jugend-jazzt-2015\/"},"author":{"name":"Redaktion JazzZeitung","@id":"https:\/\/www.jazzzeitung.de\/cms\/#\/schema\/person\/2245b36b9cd1d24cea10f01c031fb92b"},"headline":"In Bayern steppt der B\u00e4r: Landeswettbewerb &#8222;Jugend jazzt&#8220; 2015","datePublished":"2015-11-30T10:17:23+00:00","dateModified":"2015-11-30T10:51:58+00:00","mainEntityOfPage":{"@id":"https:\/\/www.jazzzeitung.de\/cms\/2015\/11\/bayern-steppt-der-baer-landeswettbewerb-jugend-jazzt-2015\/"},"wordCount":589,"commentCount":0,"publisher":{"@id":"https:\/\/www.jazzzeitung.de\/cms\/#organization"},"image":{"@id":"https:\/\/www.jazzzeitung.de\/cms\/2015\/11\/bayern-steppt-der-baer-landeswettbewerb-jugend-jazzt-2015\/#primaryimage"},"thumbnailUrl":"http:\/\/www.jazzzeitung.de\/cms\/wp-content\/uploads\/2015\/11\/picpaenth-kaufbeuren-150x150.jpg","keywords":["Big Band","Big Bands","Bundesbegegnung","Hancock","Herbie Hancock","Jazzinstitut","Jazzorchester","Jugend jazzt","Kempten","Landes-Jugendjazzorchester","Landeswettbewerb Jugend jazzt Bayern","Peter Herbolzheimer","Regensburg","Swing"],"articleSection":["Bericht"],"inLanguage":"de","potentialAction":[{"@type":"CommentAction","name":"Comment","target":["https:\/\/www.jazzzeitung.de\/cms\/2015\/11\/bayern-steppt-der-baer-landeswettbewerb-jugend-jazzt-2015\/#respond"]}]},{"@type":"WebPage","@id":"https:\/\/www.jazzzeitung.de\/cms\/2015\/11\/bayern-steppt-der-baer-landeswettbewerb-jugend-jazzt-2015\/","url":"https:\/\/www.jazzzeitung.de\/cms\/2015\/11\/bayern-steppt-der-baer-landeswettbewerb-jugend-jazzt-2015\/","name":"In Bayern steppt der B\u00e4r: Landeswettbewerb \"Jugend jazzt\" 2015 - JazzZeitung","isPartOf":{"@id":"https:\/\/www.jazzzeitung.de\/cms\/#website"},"primaryImageOfPage":{"@id":"https:\/\/www.jazzzeitung.de\/cms\/2015\/11\/bayern-steppt-der-baer-landeswettbewerb-jugend-jazzt-2015\/#primaryimage"},"image":{"@id":"https:\/\/www.jazzzeitung.de\/cms\/2015\/11\/bayern-steppt-der-baer-landeswettbewerb-jugend-jazzt-2015\/#primaryimage"},"thumbnailUrl":"http:\/\/www.jazzzeitung.de\/cms\/wp-content\/uploads\/2015\/11\/picpaenth-kaufbeuren-150x150.jpg","datePublished":"2015-11-30T10:17:23+00:00","dateModified":"2015-11-30T10:51:58+00:00","breadcrumb":{"@id":"https:\/\/www.jazzzeitung.de\/cms\/2015\/11\/bayern-steppt-der-baer-landeswettbewerb-jugend-jazzt-2015\/#breadcrumb"},"inLanguage":"de","potentialAction":[{"@type":"ReadAction","target":["https:\/\/www.jazzzeitung.de\/cms\/2015\/11\/bayern-steppt-der-baer-landeswettbewerb-jugend-jazzt-2015\/"]}]},{"@type":"ImageObject","inLanguage":"de","@id":"https:\/\/www.jazzzeitung.de\/cms\/2015\/11\/bayern-steppt-der-baer-landeswettbewerb-jugend-jazzt-2015\/#primaryimage","url":"http:\/\/www.jazzzeitung.de\/cms\/wp-content\/uploads\/2015\/11\/picpaenth-kaufbeuren-150x150.jpg","contentUrl":"http:\/\/www.jazzzeitung.de\/cms\/wp-content\/uploads\/2015\/11\/picpaenth-kaufbeuren-150x150.jpg"},{"@type":"BreadcrumbList","@id":"https:\/\/www.jazzzeitung.de\/cms\/2015\/11\/bayern-steppt-der-baer-landeswettbewerb-jugend-jazzt-2015\/#breadcrumb","itemListElement":[{"@type":"ListItem","position":1,"name":"Startseite","item":"https:\/\/www.jazzzeitung.de\/cms\/"},{"@type":"ListItem","position":2,"name":"In Bayern steppt der B\u00e4r: Landeswettbewerb &#8222;Jugend jazzt&#8220; 2015"}]},{"@type":"WebSite","@id":"https:\/\/www.jazzzeitung.de\/cms\/#website","url":"https:\/\/www.jazzzeitung.de\/cms\/","name":"JazzZeitung","description":"Jazz-News und Jazz-Kontroverses","publisher":{"@id":"https:\/\/www.jazzzeitung.de\/cms\/#organization"},"potentialAction":[{"@type":"SearchAction","target":{"@type":"EntryPoint","urlTemplate":"https:\/\/www.jazzzeitung.de\/cms\/?s={search_term_string}"},"query-input":{"@type":"PropertyValueSpecification","valueRequired":true,"valueName":"search_term_string"}}],"inLanguage":"de"},{"@type":"Organization","@id":"https:\/\/www.jazzzeitung.de\/cms\/#organization","name":"JazzZeitung online","url":"https:\/\/www.jazzzeitung.de\/cms\/","logo":{"@type":"ImageObject","inLanguage":"de","@id":"https:\/\/www.jazzzeitung.de\/cms\/#\/schema\/logo\/image\/","url":"https:\/\/i0.wp.com\/www.jazzzeitung.de\/cms\/wp-content\/uploads\/2015\/08\/JAZZZEITUNGDE_Logo_Neu.png?fit=499%2C200&ssl=1","contentUrl":"https:\/\/i0.wp.com\/www.jazzzeitung.de\/cms\/wp-content\/uploads\/2015\/08\/JAZZZEITUNGDE_Logo_Neu.png?fit=499%2C200&ssl=1","width":499,"height":200,"caption":"JazzZeitung online"},"image":{"@id":"https:\/\/www.jazzzeitung.de\/cms\/#\/schema\/logo\/image\/"},"sameAs":["https:\/\/www.facebook.com\/JazzZeitung\/"]},{"@type":"Person","@id":"https:\/\/www.jazzzeitung.de\/cms\/#\/schema\/person\/2245b36b9cd1d24cea10f01c031fb92b","name":"Redaktion JazzZeitung","image":{"@type":"ImageObject","inLanguage":"de","@id":"https:\/\/i0.wp.com\/www.jazzzeitung.de\/cms\/wp-content\/uploads\/2015\/08\/JAZZZEITUNGDE_Logo_Neu.png?resize=96%2C96&ssl=159975dcacb611b5700bd619b5daf0a7a","url":"https:\/\/i0.wp.com\/www.jazzzeitung.de\/cms\/wp-content\/uploads\/2015\/08\/JAZZZEITUNGDE_Logo_Neu.png?resize=96%2C96&ssl=1","contentUrl":"https:\/\/i0.wp.com\/www.jazzzeitung.de\/cms\/wp-content\/uploads\/2015\/08\/JAZZZEITUNGDE_Logo_Neu.png?resize=96%2C96&ssl=1","caption":"Redaktion JazzZeitung"},"description":"Artikel der Redaktion der JazzZeitung.","sameAs":["http:\/\/www.jazzzeitung.de\/cms\/"],"url":"https:\/\/www.jazzzeitung.de\/cms\/author\/redaktion\/"}]}},"wp-worthy-pixel":{"ignored":false,"public":null,"server":null,"url":null},"wp-worthy-type":"normal","jetpack_publicize_connections":[],"cc_featured_image_caption":{"caption_text":false,"source_text":false,"source_url":false},"jetpack_featured_media_url":"","jetpack_shortlink":"https:\/\/wp.me\/p3KEcT-22F","jetpack-related-posts":[{"id":21318,"url":"https:\/\/www.jazzzeitung.de\/cms\/2019\/11\/news-jugend-jazzt-landeswettbewerb-in-hamburg-2019jugend-jazzt-landeswettbewerb-in-bayern\/","url_meta":{"origin":7853,"position":0},"title":"News: +++Jugend jazzt Landeswettbewerb in Hamburg 2019+++Jugend jazzt Landeswettbewerb in Bayern+++","author":"Redaktion JazzZeitung","date":"16. November 2019","format":false,"excerpt":"Jugend jazzt in Hamburg Heute und morgen am 17. November 2019 ist es wieder soweit: Die Staatliche Jugendmusikschule Hamburg wird im Rahmen des Landeswettbewerbs \u201eJugend jazzt\u201c zum Treffpunkt des Hamburger Jazznachwuchses. Rund 400 Teilnehmer*innen aus Hamburg haben sich f\u00fcr den diesj\u00e4hrigen Landeswettbewerb \u201eJugend jazzt\u201c angemeldet und pr\u00e4sentieren im Rahmen von\u2026","rel":"","context":"In &quot;News&quot;","block_context":{"text":"News","link":"https:\/\/www.jazzzeitung.de\/cms\/thema\/nachrichten\/"},"img":{"alt_text":"","src":"https:\/\/i0.wp.com\/www.jazzzeitung.de\/cms\/wp-content\/uploads\/2019\/11\/Jugend-jazztDSCF9149-scaled.jpg?fit=1200%2C800&ssl=1&resize=350%2C200","width":350,"height":200,"srcset":"https:\/\/i0.wp.com\/www.jazzzeitung.de\/cms\/wp-content\/uploads\/2019\/11\/Jugend-jazztDSCF9149-scaled.jpg?fit=1200%2C800&ssl=1&resize=350%2C200 1x, https:\/\/i0.wp.com\/www.jazzzeitung.de\/cms\/wp-content\/uploads\/2019\/11\/Jugend-jazztDSCF9149-scaled.jpg?fit=1200%2C800&ssl=1&resize=525%2C300 1.5x, https:\/\/i0.wp.com\/www.jazzzeitung.de\/cms\/wp-content\/uploads\/2019\/11\/Jugend-jazztDSCF9149-scaled.jpg?fit=1200%2C800&ssl=1&resize=700%2C400 2x, https:\/\/i0.wp.com\/www.jazzzeitung.de\/cms\/wp-content\/uploads\/2019\/11\/Jugend-jazztDSCF9149-scaled.jpg?fit=1200%2C800&ssl=1&resize=1050%2C600 3x"},"classes":[]},{"id":240,"url":"https:\/\/www.jazzzeitung.de\/cms\/2010\/07\/erste-bundesbegegnung-jugend-jazzt-fuer-big-bands\/","url_meta":{"origin":7853,"position":1},"title":"Erste Bundesbegegnung &#8222;Jugend jazzt&#8220; f\u00fcr Big Bands","author":"J\u00f6rg Lichtinger","date":"1. Juli 2010","format":false,"excerpt":"Die Jugend jazzt erfreulicherweise nach wie vor recht aktiv \u2013 seit 1997 auch unter fachm\u00e4nnischer Beobachtung des Deutschen Musikrats. In diesem Jahr gab es die Bundesbegegnung \"Jugend jazzt\" zum ersten Mal auch f\u00fcr Jazzorchester. Jugend-Bigbands aus ganz Deutschland, die sich bei den jeweiligen Landesausscheidungen durchgesetzt hatten, trafen am 26.\/27. Juni\u2026","rel":"","context":"In &quot;Blog&quot;","block_context":{"text":"Blog","link":"https:\/\/www.jazzzeitung.de\/cms\/thema\/blog\/"},"img":{"alt_text":"Die Teilnehmer bei \"Jugend jazzt\" 2010. Foto Bernadette Heim","src":"https:\/\/i0.wp.com\/www.jazzzeitung.de\/cms\/wp-content\/uploads\/2010\/06\/1aMusikrat1-300x172.jpg?resize=350%2C200","width":350,"height":200},"classes":[]},{"id":8853,"url":"https:\/\/www.jazzzeitung.de\/cms\/2016\/03\/jazznachwuchs-zu-gast-kempten\/","url_meta":{"origin":7853,"position":2},"title":"Jazznachwuchs zu Gast in Kempten","author":"Redaktion JazzZeitung","date":"31. M\u00e4rz 2016","format":false,"excerpt":"Es ist wieder so weit: Vom 5. bis zum 8. Mai wird die Bundesbegegnung Jugend jazzt ausgetragen, 2016 zum ersten Mal in Bayern, in Kempten im Allg\u00e4u. Alle zwei Jahre treffen sich die besten Nachwuchs-Bigbands Deutschlands zur Bundesbegegnung Jugend jazzt, wo junge Jazzmusiker die Chance erhalten, ihr K\u00f6nnen vor einer\u2026","rel":"","context":"In &quot;News&quot;","block_context":{"text":"News","link":"https:\/\/www.jazzzeitung.de\/cms\/thema\/nachrichten\/"},"img":{"alt_text":"Das Landes-Jugendjazzorchester Bayern unter der Leitung von Harald R\u00fcschenbaum","src":"https:\/\/i0.wp.com\/www.jazzzeitung.de\/cms\/wp-content\/uploads\/2016\/03\/Landes-Jugendjazzorchester-Bayern-150x150.jpg?resize=350%2C200","width":350,"height":200},"classes":[]},{"id":9199,"url":"https:\/\/www.jazzzeitung.de\/cms\/2016\/05\/bundesbegegnung-jugend-jazzt-big-band-preis-geht-nach-niedersachsen\/","url_meta":{"origin":7853,"position":3},"title":"Bundesbegegnung Jugend jazzt beendet &#8211; Bigbandpreis geht nach Niedersachsen","author":"Redaktion JazzZeitung","date":"9. Mai 2016","format":false,"excerpt":"Die Bundesbegegnung Jugend jazzt 2016 ist beendet. Das seit dem 5. Mai laufende Event in Kempten im Allg\u00e4u ist am Sonntag nun zuende gegangen. Die Bigband des Gymnasiums Berenbostel unter der Leitung von Bodo Schmidt aus Niedersachsen ist laut Expertenjury das beste Jugendbigbandorchester Deutschlands. Aus den Landesvorentscheiden waren die folgenden\u2026","rel":"","context":"In &quot;News&quot;","block_context":{"text":"News","link":"https:\/\/www.jazzzeitung.de\/cms\/thema\/nachrichten\/"},"img":{"alt_text":"Das Landesjugendjazzorchester Bayern","src":"https:\/\/i0.wp.com\/www.jazzzeitung.de\/cms\/wp-content\/uploads\/2016\/05\/IMG-1257-150x150.jpg?resize=350%2C200","width":350,"height":200},"classes":[]},{"id":9872,"url":"https:\/\/www.jazzzeitung.de\/cms\/2016\/08\/ausschreibung-landeswettbewerb-jugend-jazzt-fuer-combos-und-solisten-hamburg-november-2016\/","url_meta":{"origin":7853,"position":4},"title":"Ausschreibung: Landeswettbewerb \u201eJugend jazzt\u201c f\u00fcr Combos und Solisten Hamburg November 2016","author":"Redaktion JazzZeitung","date":"12. August 2016","format":false,"excerpt":"Am 12. und 13. November 2016 findet der n\u00e4chste Landeswettbewerb \u201eJugend jazzt\u201c in der Staatlichen Jugendmusikschule Hamburg statt und wird in diesem Jahr f\u00fcr Combos und Solisten ausgeschrieben. Ab 15. August 2016 k\u00f6nnen sich alle NachwuchsjazzerInnen mit ihren Combos oder als SolistIn anmelden.\u00a0Anmeldeschluss ist der 30. September 2016. \u201eJugend jazzt\u201c\u2026","rel":"","context":"In &quot;News&quot;","block_context":{"text":"News","link":"https:\/\/www.jazzzeitung.de\/cms\/thema\/nachrichten\/"},"img":{"alt_text":"","src":"","width":0,"height":0},"classes":[]},{"id":3982,"url":"https:\/\/www.jazzzeitung.de\/cms\/2014\/05\/bundesbegegnung-jugend-jazzt-mit-dem-skoda-jazzpreis-stuttgart\/","url_meta":{"origin":7853,"position":5},"title":"Bundesbegegnung Jugend jazzt mit dem \u0160KODA Jazzpreis in Stuttgart","author":"Andreas Kolb","date":"26. Mai 2014","format":false,"excerpt":"Am Donnerstag, den 29. Mai startet die Bundesbegegnung Jugend jazzt mit dem \u0160KODA Jazzpreis in Stuttgart. Das in der Tr\u00e4gerschaft des Deutschen Musikrats befindliche Projekt gibt j\u00e4hrlich den Siegern der vorausgegangenen Landeswettbewerbe die Chance, ihr K\u00f6nnen vor einer Jury und einem gr\u00f6\u00dferen Publikum zu pr\u00e4sentieren. Dieses Jahr stellen sich junge\u2026","rel":"","context":"In &quot;Blog&quot;","block_context":{"text":"Blog","link":"https:\/\/www.jazzzeitung.de\/cms\/thema\/blog\/"},"img":{"alt_text":"Jugend jazzt mit dem \u0160KODA Jazzpreis in Stuttgart ","src":"https:\/\/i0.wp.com\/www.jazzzeitung.de\/cms\/wp-content\/uploads\/2014\/05\/140523-Bundesbegegnung-Jugend-jazzt-bringt-Stuttgart-zum-Grooven-150x150.jpg?resize=350%2C200","width":350,"height":200},"classes":[]}],"jetpack_sharing_enabled":true,"_links":{"self":[{"href":"https:\/\/www.jazzzeitung.de\/cms\/wp-json\/wp\/v2\/posts\/7853","targetHints":{"allow":["GET"]}}],"collection":[{"href":"https:\/\/www.jazzzeitung.de\/cms\/wp-json\/wp\/v2\/posts"}],"about":[{"href":"https:\/\/www.jazzzeitung.de\/cms\/wp-json\/wp\/v2\/types\/post"}],"author":[{"embeddable":true,"href":"https:\/\/www.jazzzeitung.de\/cms\/wp-json\/wp\/v2\/users\/18"}],"replies":[{"embeddable":true,"href":"https:\/\/www.jazzzeitung.de\/cms\/wp-json\/wp\/v2\/comments?post=7853"}],"version-history":[{"count":4,"href":"https:\/\/www.jazzzeitung.de\/cms\/wp-json\/wp\/v2\/posts\/7853\/revisions"}],"predecessor-version":[{"id":7860,"href":"https:\/\/www.jazzzeitung.de\/cms\/wp-json\/wp\/v2\/posts\/7853\/revisions\/7860"}],"wp:attachment":[{"href":"https:\/\/www.jazzzeitung.de\/cms\/wp-json\/wp\/v2\/media?parent=7853"}],"wp:term":[{"taxonomy":"category","embeddable":true,"href":"https:\/\/www.jazzzeitung.de\/cms\/wp-json\/wp\/v2\/categories?post=7853"},{"taxonomy":"post_tag","embeddable":true,"href":"https:\/\/www.jazzzeitung.de\/cms\/wp-json\/wp\/v2\/tags?post=7853"},{"taxonomy":"author","embeddable":true,"href":"https:\/\/www.jazzzeitung.de\/cms\/wp-json\/wp\/v2\/coauthors?post=7853"}],"curies":[{"name":"wp","href":"https:\/\/api.w.org\/{rel}","templated":true}]}}