{"id":7819,"date":"2015-11-26T12:49:53","date_gmt":"2015-11-26T11:49:53","guid":{"rendered":"http:\/\/www.jazzzeitung.de\/cms\/?p=7819"},"modified":"2015-11-26T11:07:50","modified_gmt":"2015-11-26T10:07:50","slug":"7819","status":"publish","type":"post","link":"https:\/\/www.jazzzeitung.de\/cms\/2015\/11\/7819\/","title":{"rendered":"Jazzfest Bonn 2016 legt Schwerpunkt auf Klavier und Gesang"},"content":{"rendered":"<div class=\"textLayer\">\n<p><a href=\"https:\/\/i0.wp.com\/www.jazzzeitung.de\/cms\/wp-content\/uploads\/2015\/11\/JfB16ProgrammFINlay.jpg\"><img data-recalc-dims=\"1\" loading=\"lazy\" decoding=\"async\" data-attachment-id=\"7820\" data-permalink=\"https:\/\/www.jazzzeitung.de\/cms\/2015\/11\/7819\/jfb16programmfinlay\/\" data-orig-file=\"https:\/\/i0.wp.com\/www.jazzzeitung.de\/cms\/wp-content\/uploads\/2015\/11\/JfB16ProgrammFINlay.jpg?fit=788%2C554&amp;ssl=1\" data-orig-size=\"788,554\" data-comments-opened=\"1\" data-image-meta=\"{&quot;aperture&quot;:&quot;0&quot;,&quot;credit&quot;:&quot;&quot;,&quot;camera&quot;:&quot;&quot;,&quot;caption&quot;:&quot;&quot;,&quot;created_timestamp&quot;:&quot;0&quot;,&quot;copyright&quot;:&quot;&quot;,&quot;focal_length&quot;:&quot;0&quot;,&quot;iso&quot;:&quot;0&quot;,&quot;shutter_speed&quot;:&quot;0&quot;,&quot;title&quot;:&quot;&quot;,&quot;orientation&quot;:&quot;1&quot;}\" data-image-title=\"JfB16ProgrammFINlay\" data-image-description=\"\" data-image-caption=\"\" data-large-file=\"https:\/\/i0.wp.com\/www.jazzzeitung.de\/cms\/wp-content\/uploads\/2015\/11\/JfB16ProgrammFINlay.jpg?fit=788%2C554&amp;ssl=1\" class=\"alignright size-thumbnail wp-image-7820\" src=\"https:\/\/i0.wp.com\/www.jazzzeitung.de\/cms\/wp-content\/uploads\/2015\/11\/JfB16ProgrammFINlay-150x150.jpg?resize=150%2C150\" alt=\"JfB16ProgrammFINlay\" width=\"150\" height=\"150\" srcset=\"https:\/\/i0.wp.com\/www.jazzzeitung.de\/cms\/wp-content\/uploads\/2015\/11\/JfB16ProgrammFINlay.jpg?resize=150%2C150&amp;ssl=1 150w, https:\/\/i0.wp.com\/www.jazzzeitung.de\/cms\/wp-content\/uploads\/2015\/11\/JfB16ProgrammFINlay.jpg?resize=144%2C144&amp;ssl=1 144w, https:\/\/i0.wp.com\/www.jazzzeitung.de\/cms\/wp-content\/uploads\/2015\/11\/JfB16ProgrammFINlay.jpg?resize=96%2C96&amp;ssl=1 96w, https:\/\/i0.wp.com\/www.jazzzeitung.de\/cms\/wp-content\/uploads\/2015\/11\/JfB16ProgrammFINlay.jpg?resize=24%2C24&amp;ssl=1 24w, https:\/\/i0.wp.com\/www.jazzzeitung.de\/cms\/wp-content\/uploads\/2015\/11\/JfB16ProgrammFINlay.jpg?resize=36%2C36&amp;ssl=1 36w, https:\/\/i0.wp.com\/www.jazzzeitung.de\/cms\/wp-content\/uploads\/2015\/11\/JfB16ProgrammFINlay.jpg?resize=48%2C48&amp;ssl=1 48w, https:\/\/i0.wp.com\/www.jazzzeitung.de\/cms\/wp-content\/uploads\/2015\/11\/JfB16ProgrammFINlay.jpg?resize=64%2C64&amp;ssl=1 64w, https:\/\/i0.wp.com\/www.jazzzeitung.de\/cms\/wp-content\/uploads\/2015\/11\/JfB16ProgrammFINlay.jpg?resize=32%2C32&amp;ssl=1 32w, https:\/\/i0.wp.com\/www.jazzzeitung.de\/cms\/wp-content\/uploads\/2015\/11\/JfB16ProgrammFINlay.jpg?resize=128%2C128&amp;ssl=1 128w, https:\/\/i0.wp.com\/www.jazzzeitung.de\/cms\/wp-content\/uploads\/2015\/11\/JfB16ProgrammFINlay.jpg?zoom=2&amp;resize=150%2C150&amp;ssl=1 300w, https:\/\/i0.wp.com\/www.jazzzeitung.de\/cms\/wp-content\/uploads\/2015\/11\/JfB16ProgrammFINlay.jpg?zoom=3&amp;resize=150%2C150&amp;ssl=1 450w\" sizes=\"auto, (max-width: 150px) 100vw, 150px\" \/><\/a>Das neue Jahr r\u00fcckt n\u00e4her und es wird Zeit, sich die Termine der zentralen Festivals im Kalender zu blocken. Seit heute ist das Programm des<a href=\"http:\/\/www.jazzfest-bonn.de\/\"> Jazzfest Bonn<\/a> online, das wieder einmal gewachsen ist. In seinem siebten Jahr pr\u00e4sentiert Festivalchef Peter Materna und sein Team Jazz an elf Konzertabenden, verteilt \u00fcber insgesamt drei Wochen.<\/p>\n<p>Einer der Schwerpunkte liegt im Festivaljahr 2016 beim Klavier: Mit Ram\u00f3n Valle, Matt Herskowitz, Wolfgang Dauner, Vijay Iyer, Richie Beirach und Michael Wollny hat der Saxophonist Materna au\u00dfergew\u00f6hnliche Pianisten eingeladen, die in ihrem kulturellen Hintergrund, ihrer inhaltlichen Ausrichtung und ihrem technischen Ansatz jedoch kaum miteinander zu vergleichen sind. Ein weiterer Schwerpunkt des neuen Festivaljahres ist der Gesang: Mit Bettye LaVette kommt eine Koryph\u00e4e des Souls nach Bonn, au\u00dferdem werden uns Sidsel Endresen, Lisa Bassenge, Lisa Simone und Roger Cicero mit Band.<\/p>\n<\/div>\n","protected":false},"excerpt":{"rendered":"<p>Das neue Jahr r\u00fcckt n\u00e4her und es wird Zeit, sich die Termine der zentralen Festivals im Kalender zu blocken. Seit heute ist das Programm des Jazzfest Bonn online, das wieder einmal gewachsen ist. In seinem siebten Jahr pr\u00e4sentiert Festivalchef Peter Materna und sein Team Jazz an elf Konzertabenden, verteilt \u00fcber insgesamt drei Wochen. Einer der Schwerpunkte liegt im Festivaljahr 2016 beim Klavier: Mit Ram\u00f3n Valle, Matt Herskowitz, Wolfgang Dauner, Vijay Iyer, Richie Beirach und Michael Wollny hat der Saxophonist Materna au\u00dfergew\u00f6hnliche Pianisten eingeladen, die in ihrem kulturellen Hintergrund, ihrer inhaltlichen Ausrichtung und ihrem technischen Ansatz jedoch kaum miteinander zu vergleichen sind. Ein weiterer Schwerpunkt des neuen Festivaljahres ist der Gesang: Mit Bettye LaVette kommt eine Koryph\u00e4e des Souls nach Bonn, au\u00dferdem werden uns Sidsel Endresen, Lisa Bassenge, Lisa Simone und Roger Cicero mit Band.<\/p>\n","protected":false},"author":18,"featured_media":0,"comment_status":"open","ping_status":"closed","sticky":false,"template":"","format":"standard","meta":{"_jetpack_memberships_contains_paid_content":false,"footnotes":"","jetpack_publicize_message":"","jetpack_publicize_feature_enabled":true,"jetpack_social_post_already_shared":false,"jetpack_social_options":{"image_generator_settings":{"template":"highway","default_image_id":0,"font":"","enabled":false},"version":2}},"categories":[633],"tags":[91,682,751,388],"coauthors":[695],"class_list":["post-7819","post","type-post","status-publish","format-standard","hentry","category-nachrichten","tag-bonn","tag-festivals","tag-jazzfest","tag-michael-wollny"],"yoast_head":"<!-- This site is optimized with the Yoast SEO plugin v27.5 - https:\/\/yoast.com\/product\/yoast-seo-wordpress\/ -->\n<title>Jazzfest Bonn 2016 legt Schwerpunkt auf Klavier und Gesang - JazzZeitung<\/title>\n<meta name=\"robots\" content=\"index, follow, max-snippet:-1, max-image-preview:large, max-video-preview:-1\" \/>\n<link rel=\"canonical\" href=\"https:\/\/www.jazzzeitung.de\/cms\/2015\/11\/7819\/\" \/>\n<meta property=\"og:locale\" content=\"de_DE\" \/>\n<meta property=\"og:type\" content=\"article\" \/>\n<meta property=\"og:title\" content=\"Jazzfest Bonn 2016 legt Schwerpunkt auf Klavier und Gesang - JazzZeitung\" \/>\n<meta property=\"og:description\" content=\"Das neue Jahr r\u00fcckt n\u00e4her und es wird Zeit, sich die Termine der zentralen Festivals im Kalender zu blocken. Seit heute ist das Programm des Jazzfest Bonn online, das wieder einmal gewachsen ist. In seinem siebten Jahr pr\u00e4sentiert Festivalchef Peter Materna und sein Team Jazz an elf Konzertabenden, verteilt \u00fcber insgesamt drei Wochen. Einer der Schwerpunkte liegt im Festivaljahr 2016 beim Klavier: Mit Ram\u00f3n Valle, Matt Herskowitz, Wolfgang Dauner, Vijay Iyer, Richie Beirach und Michael Wollny hat der Saxophonist Materna au\u00dfergew\u00f6hnliche Pianisten eingeladen, die in ihrem kulturellen Hintergrund, ihrer inhaltlichen Ausrichtung und ihrem technischen Ansatz jedoch kaum miteinander zu vergleichen sind. Ein weiterer Schwerpunkt des neuen Festivaljahres ist der Gesang: Mit Bettye LaVette kommt eine Koryph\u00e4e des Souls nach Bonn, au\u00dferdem werden uns Sidsel Endresen, Lisa Bassenge, Lisa Simone und Roger Cicero mit Band.\" \/>\n<meta property=\"og:url\" content=\"https:\/\/www.jazzzeitung.de\/cms\/2015\/11\/7819\/\" \/>\n<meta property=\"og:site_name\" content=\"JazzZeitung\" \/>\n<meta property=\"article:publisher\" content=\"https:\/\/www.facebook.com\/JazzZeitung\/\" \/>\n<meta property=\"article:published_time\" content=\"2015-11-26T11:49:53+00:00\" \/>\n<meta property=\"og:image\" content=\"http:\/\/www.jazzzeitung.de\/cms\/wp-content\/uploads\/2015\/11\/JfB16ProgrammFINlay-150x150.jpg\" \/>\n<meta name=\"author\" content=\"Redaktion JazzZeitung\" \/>\n<script type=\"application\/ld+json\" class=\"yoast-schema-graph\">{\"@context\":\"https:\\\/\\\/schema.org\",\"@graph\":[{\"@type\":\"Article\",\"@id\":\"https:\\\/\\\/www.jazzzeitung.de\\\/cms\\\/2015\\\/11\\\/7819\\\/#article\",\"isPartOf\":{\"@id\":\"https:\\\/\\\/www.jazzzeitung.de\\\/cms\\\/2015\\\/11\\\/7819\\\/\"},\"author\":{\"name\":\"Redaktion JazzZeitung\",\"@id\":\"https:\\\/\\\/www.jazzzeitung.de\\\/cms\\\/#\\\/schema\\\/person\\\/2245b36b9cd1d24cea10f01c031fb92b\"},\"headline\":\"Jazzfest Bonn 2016 legt Schwerpunkt auf Klavier und Gesang\",\"datePublished\":\"2015-11-26T11:49:53+00:00\",\"mainEntityOfPage\":{\"@id\":\"https:\\\/\\\/www.jazzzeitung.de\\\/cms\\\/2015\\\/11\\\/7819\\\/\"},\"wordCount\":149,\"commentCount\":0,\"publisher\":{\"@id\":\"https:\\\/\\\/www.jazzzeitung.de\\\/cms\\\/#organization\"},\"image\":{\"@id\":\"https:\\\/\\\/www.jazzzeitung.de\\\/cms\\\/2015\\\/11\\\/7819\\\/#primaryimage\"},\"thumbnailUrl\":\"http:\\\/\\\/www.jazzzeitung.de\\\/cms\\\/wp-content\\\/uploads\\\/2015\\\/11\\\/JfB16ProgrammFINlay-150x150.jpg\",\"keywords\":[\"Bonn\",\"Festivals\",\"Jazzfest\",\"Michael Wollny\"],\"articleSection\":[\"News\"],\"inLanguage\":\"de\",\"potentialAction\":[{\"@type\":\"CommentAction\",\"name\":\"Comment\",\"target\":[\"https:\\\/\\\/www.jazzzeitung.de\\\/cms\\\/2015\\\/11\\\/7819\\\/#respond\"]}]},{\"@type\":\"WebPage\",\"@id\":\"https:\\\/\\\/www.jazzzeitung.de\\\/cms\\\/2015\\\/11\\\/7819\\\/\",\"url\":\"https:\\\/\\\/www.jazzzeitung.de\\\/cms\\\/2015\\\/11\\\/7819\\\/\",\"name\":\"Jazzfest Bonn 2016 legt Schwerpunkt auf Klavier und Gesang - JazzZeitung\",\"isPartOf\":{\"@id\":\"https:\\\/\\\/www.jazzzeitung.de\\\/cms\\\/#website\"},\"primaryImageOfPage\":{\"@id\":\"https:\\\/\\\/www.jazzzeitung.de\\\/cms\\\/2015\\\/11\\\/7819\\\/#primaryimage\"},\"image\":{\"@id\":\"https:\\\/\\\/www.jazzzeitung.de\\\/cms\\\/2015\\\/11\\\/7819\\\/#primaryimage\"},\"thumbnailUrl\":\"http:\\\/\\\/www.jazzzeitung.de\\\/cms\\\/wp-content\\\/uploads\\\/2015\\\/11\\\/JfB16ProgrammFINlay-150x150.jpg\",\"datePublished\":\"2015-11-26T11:49:53+00:00\",\"breadcrumb\":{\"@id\":\"https:\\\/\\\/www.jazzzeitung.de\\\/cms\\\/2015\\\/11\\\/7819\\\/#breadcrumb\"},\"inLanguage\":\"de\",\"potentialAction\":[{\"@type\":\"ReadAction\",\"target\":[\"https:\\\/\\\/www.jazzzeitung.de\\\/cms\\\/2015\\\/11\\\/7819\\\/\"]}]},{\"@type\":\"ImageObject\",\"inLanguage\":\"de\",\"@id\":\"https:\\\/\\\/www.jazzzeitung.de\\\/cms\\\/2015\\\/11\\\/7819\\\/#primaryimage\",\"url\":\"http:\\\/\\\/www.jazzzeitung.de\\\/cms\\\/wp-content\\\/uploads\\\/2015\\\/11\\\/JfB16ProgrammFINlay-150x150.jpg\",\"contentUrl\":\"http:\\\/\\\/www.jazzzeitung.de\\\/cms\\\/wp-content\\\/uploads\\\/2015\\\/11\\\/JfB16ProgrammFINlay-150x150.jpg\"},{\"@type\":\"BreadcrumbList\",\"@id\":\"https:\\\/\\\/www.jazzzeitung.de\\\/cms\\\/2015\\\/11\\\/7819\\\/#breadcrumb\",\"itemListElement\":[{\"@type\":\"ListItem\",\"position\":1,\"name\":\"Startseite\",\"item\":\"https:\\\/\\\/www.jazzzeitung.de\\\/cms\\\/\"},{\"@type\":\"ListItem\",\"position\":2,\"name\":\"Jazzfest Bonn 2016 legt Schwerpunkt auf Klavier und Gesang\"}]},{\"@type\":\"WebSite\",\"@id\":\"https:\\\/\\\/www.jazzzeitung.de\\\/cms\\\/#website\",\"url\":\"https:\\\/\\\/www.jazzzeitung.de\\\/cms\\\/\",\"name\":\"JazzZeitung\",\"description\":\"Jazz-News und Jazz-Kontroverses\",\"publisher\":{\"@id\":\"https:\\\/\\\/www.jazzzeitung.de\\\/cms\\\/#organization\"},\"potentialAction\":[{\"@type\":\"SearchAction\",\"target\":{\"@type\":\"EntryPoint\",\"urlTemplate\":\"https:\\\/\\\/www.jazzzeitung.de\\\/cms\\\/?s={search_term_string}\"},\"query-input\":{\"@type\":\"PropertyValueSpecification\",\"valueRequired\":true,\"valueName\":\"search_term_string\"}}],\"inLanguage\":\"de\"},{\"@type\":\"Organization\",\"@id\":\"https:\\\/\\\/www.jazzzeitung.de\\\/cms\\\/#organization\",\"name\":\"JazzZeitung online\",\"url\":\"https:\\\/\\\/www.jazzzeitung.de\\\/cms\\\/\",\"logo\":{\"@type\":\"ImageObject\",\"inLanguage\":\"de\",\"@id\":\"https:\\\/\\\/www.jazzzeitung.de\\\/cms\\\/#\\\/schema\\\/logo\\\/image\\\/\",\"url\":\"https:\\\/\\\/i0.wp.com\\\/www.jazzzeitung.de\\\/cms\\\/wp-content\\\/uploads\\\/2015\\\/08\\\/JAZZZEITUNGDE_Logo_Neu.png?fit=499%2C200&ssl=1\",\"contentUrl\":\"https:\\\/\\\/i0.wp.com\\\/www.jazzzeitung.de\\\/cms\\\/wp-content\\\/uploads\\\/2015\\\/08\\\/JAZZZEITUNGDE_Logo_Neu.png?fit=499%2C200&ssl=1\",\"width\":499,\"height\":200,\"caption\":\"JazzZeitung online\"},\"image\":{\"@id\":\"https:\\\/\\\/www.jazzzeitung.de\\\/cms\\\/#\\\/schema\\\/logo\\\/image\\\/\"},\"sameAs\":[\"https:\\\/\\\/www.facebook.com\\\/JazzZeitung\\\/\"]},{\"@type\":\"Person\",\"@id\":\"https:\\\/\\\/www.jazzzeitung.de\\\/cms\\\/#\\\/schema\\\/person\\\/2245b36b9cd1d24cea10f01c031fb92b\",\"name\":\"Redaktion JazzZeitung\",\"image\":{\"@type\":\"ImageObject\",\"inLanguage\":\"de\",\"@id\":\"https:\\\/\\\/i0.wp.com\\\/www.jazzzeitung.de\\\/cms\\\/wp-content\\\/uploads\\\/2015\\\/08\\\/JAZZZEITUNGDE_Logo_Neu.png?resize=96%2C96&ssl=159975dcacb611b5700bd619b5daf0a7a\",\"url\":\"https:\\\/\\\/i0.wp.com\\\/www.jazzzeitung.de\\\/cms\\\/wp-content\\\/uploads\\\/2015\\\/08\\\/JAZZZEITUNGDE_Logo_Neu.png?resize=96%2C96&ssl=1\",\"contentUrl\":\"https:\\\/\\\/i0.wp.com\\\/www.jazzzeitung.de\\\/cms\\\/wp-content\\\/uploads\\\/2015\\\/08\\\/JAZZZEITUNGDE_Logo_Neu.png?resize=96%2C96&ssl=1\",\"caption\":\"Redaktion JazzZeitung\"},\"description\":\"Artikel der Redaktion der JazzZeitung.\",\"sameAs\":[\"http:\\\/\\\/www.jazzzeitung.de\\\/cms\\\/\"],\"url\":\"https:\\\/\\\/www.jazzzeitung.de\\\/cms\\\/author\\\/redaktion\\\/\"}]}<\/script>\n<!-- \/ Yoast SEO plugin. -->","yoast_head_json":{"title":"Jazzfest Bonn 2016 legt Schwerpunkt auf Klavier und Gesang - JazzZeitung","robots":{"index":"index","follow":"follow","max-snippet":"max-snippet:-1","max-image-preview":"max-image-preview:large","max-video-preview":"max-video-preview:-1"},"canonical":"https:\/\/www.jazzzeitung.de\/cms\/2015\/11\/7819\/","og_locale":"de_DE","og_type":"article","og_title":"Jazzfest Bonn 2016 legt Schwerpunkt auf Klavier und Gesang - JazzZeitung","og_description":"Das neue Jahr r\u00fcckt n\u00e4her und es wird Zeit, sich die Termine der zentralen Festivals im Kalender zu blocken. Seit heute ist das Programm des Jazzfest Bonn online, das wieder einmal gewachsen ist. In seinem siebten Jahr pr\u00e4sentiert Festivalchef Peter Materna und sein Team Jazz an elf Konzertabenden, verteilt \u00fcber insgesamt drei Wochen. Einer der Schwerpunkte liegt im Festivaljahr 2016 beim Klavier: Mit Ram\u00f3n Valle, Matt Herskowitz, Wolfgang Dauner, Vijay Iyer, Richie Beirach und Michael Wollny hat der Saxophonist Materna au\u00dfergew\u00f6hnliche Pianisten eingeladen, die in ihrem kulturellen Hintergrund, ihrer inhaltlichen Ausrichtung und ihrem technischen Ansatz jedoch kaum miteinander zu vergleichen sind. Ein weiterer Schwerpunkt des neuen Festivaljahres ist der Gesang: Mit Bettye LaVette kommt eine Koryph\u00e4e des Souls nach Bonn, au\u00dferdem werden uns Sidsel Endresen, Lisa Bassenge, Lisa Simone und Roger Cicero mit Band.","og_url":"https:\/\/www.jazzzeitung.de\/cms\/2015\/11\/7819\/","og_site_name":"JazzZeitung","article_publisher":"https:\/\/www.facebook.com\/JazzZeitung\/","article_published_time":"2015-11-26T11:49:53+00:00","og_image":[{"url":"http:\/\/www.jazzzeitung.de\/cms\/wp-content\/uploads\/2015\/11\/JfB16ProgrammFINlay-150x150.jpg","type":"","width":"","height":""}],"author":"Redaktion JazzZeitung","schema":{"@context":"https:\/\/schema.org","@graph":[{"@type":"Article","@id":"https:\/\/www.jazzzeitung.de\/cms\/2015\/11\/7819\/#article","isPartOf":{"@id":"https:\/\/www.jazzzeitung.de\/cms\/2015\/11\/7819\/"},"author":{"name":"Redaktion JazzZeitung","@id":"https:\/\/www.jazzzeitung.de\/cms\/#\/schema\/person\/2245b36b9cd1d24cea10f01c031fb92b"},"headline":"Jazzfest Bonn 2016 legt Schwerpunkt auf Klavier und Gesang","datePublished":"2015-11-26T11:49:53+00:00","mainEntityOfPage":{"@id":"https:\/\/www.jazzzeitung.de\/cms\/2015\/11\/7819\/"},"wordCount":149,"commentCount":0,"publisher":{"@id":"https:\/\/www.jazzzeitung.de\/cms\/#organization"},"image":{"@id":"https:\/\/www.jazzzeitung.de\/cms\/2015\/11\/7819\/#primaryimage"},"thumbnailUrl":"http:\/\/www.jazzzeitung.de\/cms\/wp-content\/uploads\/2015\/11\/JfB16ProgrammFINlay-150x150.jpg","keywords":["Bonn","Festivals","Jazzfest","Michael Wollny"],"articleSection":["News"],"inLanguage":"de","potentialAction":[{"@type":"CommentAction","name":"Comment","target":["https:\/\/www.jazzzeitung.de\/cms\/2015\/11\/7819\/#respond"]}]},{"@type":"WebPage","@id":"https:\/\/www.jazzzeitung.de\/cms\/2015\/11\/7819\/","url":"https:\/\/www.jazzzeitung.de\/cms\/2015\/11\/7819\/","name":"Jazzfest Bonn 2016 legt Schwerpunkt auf Klavier und Gesang - JazzZeitung","isPartOf":{"@id":"https:\/\/www.jazzzeitung.de\/cms\/#website"},"primaryImageOfPage":{"@id":"https:\/\/www.jazzzeitung.de\/cms\/2015\/11\/7819\/#primaryimage"},"image":{"@id":"https:\/\/www.jazzzeitung.de\/cms\/2015\/11\/7819\/#primaryimage"},"thumbnailUrl":"http:\/\/www.jazzzeitung.de\/cms\/wp-content\/uploads\/2015\/11\/JfB16ProgrammFINlay-150x150.jpg","datePublished":"2015-11-26T11:49:53+00:00","breadcrumb":{"@id":"https:\/\/www.jazzzeitung.de\/cms\/2015\/11\/7819\/#breadcrumb"},"inLanguage":"de","potentialAction":[{"@type":"ReadAction","target":["https:\/\/www.jazzzeitung.de\/cms\/2015\/11\/7819\/"]}]},{"@type":"ImageObject","inLanguage":"de","@id":"https:\/\/www.jazzzeitung.de\/cms\/2015\/11\/7819\/#primaryimage","url":"http:\/\/www.jazzzeitung.de\/cms\/wp-content\/uploads\/2015\/11\/JfB16ProgrammFINlay-150x150.jpg","contentUrl":"http:\/\/www.jazzzeitung.de\/cms\/wp-content\/uploads\/2015\/11\/JfB16ProgrammFINlay-150x150.jpg"},{"@type":"BreadcrumbList","@id":"https:\/\/www.jazzzeitung.de\/cms\/2015\/11\/7819\/#breadcrumb","itemListElement":[{"@type":"ListItem","position":1,"name":"Startseite","item":"https:\/\/www.jazzzeitung.de\/cms\/"},{"@type":"ListItem","position":2,"name":"Jazzfest Bonn 2016 legt Schwerpunkt auf Klavier und Gesang"}]},{"@type":"WebSite","@id":"https:\/\/www.jazzzeitung.de\/cms\/#website","url":"https:\/\/www.jazzzeitung.de\/cms\/","name":"JazzZeitung","description":"Jazz-News und Jazz-Kontroverses","publisher":{"@id":"https:\/\/www.jazzzeitung.de\/cms\/#organization"},"potentialAction":[{"@type":"SearchAction","target":{"@type":"EntryPoint","urlTemplate":"https:\/\/www.jazzzeitung.de\/cms\/?s={search_term_string}"},"query-input":{"@type":"PropertyValueSpecification","valueRequired":true,"valueName":"search_term_string"}}],"inLanguage":"de"},{"@type":"Organization","@id":"https:\/\/www.jazzzeitung.de\/cms\/#organization","name":"JazzZeitung online","url":"https:\/\/www.jazzzeitung.de\/cms\/","logo":{"@type":"ImageObject","inLanguage":"de","@id":"https:\/\/www.jazzzeitung.de\/cms\/#\/schema\/logo\/image\/","url":"https:\/\/i0.wp.com\/www.jazzzeitung.de\/cms\/wp-content\/uploads\/2015\/08\/JAZZZEITUNGDE_Logo_Neu.png?fit=499%2C200&ssl=1","contentUrl":"https:\/\/i0.wp.com\/www.jazzzeitung.de\/cms\/wp-content\/uploads\/2015\/08\/JAZZZEITUNGDE_Logo_Neu.png?fit=499%2C200&ssl=1","width":499,"height":200,"caption":"JazzZeitung online"},"image":{"@id":"https:\/\/www.jazzzeitung.de\/cms\/#\/schema\/logo\/image\/"},"sameAs":["https:\/\/www.facebook.com\/JazzZeitung\/"]},{"@type":"Person","@id":"https:\/\/www.jazzzeitung.de\/cms\/#\/schema\/person\/2245b36b9cd1d24cea10f01c031fb92b","name":"Redaktion JazzZeitung","image":{"@type":"ImageObject","inLanguage":"de","@id":"https:\/\/i0.wp.com\/www.jazzzeitung.de\/cms\/wp-content\/uploads\/2015\/08\/JAZZZEITUNGDE_Logo_Neu.png?resize=96%2C96&ssl=159975dcacb611b5700bd619b5daf0a7a","url":"https:\/\/i0.wp.com\/www.jazzzeitung.de\/cms\/wp-content\/uploads\/2015\/08\/JAZZZEITUNGDE_Logo_Neu.png?resize=96%2C96&ssl=1","contentUrl":"https:\/\/i0.wp.com\/www.jazzzeitung.de\/cms\/wp-content\/uploads\/2015\/08\/JAZZZEITUNGDE_Logo_Neu.png?resize=96%2C96&ssl=1","caption":"Redaktion JazzZeitung"},"description":"Artikel der Redaktion der JazzZeitung.","sameAs":["http:\/\/www.jazzzeitung.de\/cms\/"],"url":"https:\/\/www.jazzzeitung.de\/cms\/author\/redaktion\/"}]}},"wp-worthy-pixel":{"ignored":false,"public":null,"server":null,"url":null},"wp-worthy-type":"normal","jetpack_publicize_connections":[],"cc_featured_image_caption":{"caption_text":false,"source_text":false,"source_url":false},"jetpack_featured_media_url":"","jetpack_shortlink":"https:\/\/wp.me\/s3KEcT-7819","jetpack-related-posts":[{"id":30048,"url":"https:\/\/www.jazzzeitung.de\/cms\/2023\/09\/news-konzerte-ingrid-arthur-in-oberthulba-michael-wollny-in-bonn\/","url_meta":{"origin":7819,"position":0},"title":"+++ news +++ Konzerte +++ Ingrid Arthur in Oberthulba +++ Michael Wollny in Bonn +++","author":"Redaktion JazzZeitung","date":"20. September 2023","format":false,"excerpt":"+++ Ingrid Arthur auf der Piano-B\u00fchne in Oberthulba +++ Die in Gainesville, Georgia (USA) geborene Ingrid Arthur ist eine der m\u00e4chtigsten Stimmen in der Geschichte der Musik. Sie ist nicht nur eine wunderbare S\u00e4ngerin, sie ist die G\u00f6ttin des Souls mit ihrem reichhaltigen und traditionellem Gospel Hintergrund mit dem Einfluss\u2026","rel":"","context":"In &quot;News&quot;","block_context":{"text":"News","link":"https:\/\/www.jazzzeitung.de\/cms\/thema\/nachrichten\/"},"img":{"alt_text":"","src":"https:\/\/i0.wp.com\/www.jazzzeitung.de\/cms\/wp-content\/uploads\/2023\/09\/IMG_8997-scaled.jpg?fit=1200%2C800&ssl=1&resize=350%2C200","width":350,"height":200,"srcset":"https:\/\/i0.wp.com\/www.jazzzeitung.de\/cms\/wp-content\/uploads\/2023\/09\/IMG_8997-scaled.jpg?fit=1200%2C800&ssl=1&resize=350%2C200 1x, https:\/\/i0.wp.com\/www.jazzzeitung.de\/cms\/wp-content\/uploads\/2023\/09\/IMG_8997-scaled.jpg?fit=1200%2C800&ssl=1&resize=525%2C300 1.5x, https:\/\/i0.wp.com\/www.jazzzeitung.de\/cms\/wp-content\/uploads\/2023\/09\/IMG_8997-scaled.jpg?fit=1200%2C800&ssl=1&resize=700%2C400 2x, https:\/\/i0.wp.com\/www.jazzzeitung.de\/cms\/wp-content\/uploads\/2023\/09\/IMG_8997-scaled.jpg?fit=1200%2C800&ssl=1&resize=1050%2C600 3x"},"classes":[]},{"id":28604,"url":"https:\/\/www.jazzzeitung.de\/cms\/2022\/11\/peter-materna-und-florian-weber-laeuten-den-vorverkauf-fuers-bonner-jazzfest-2023-ein-euphorium-mini-festival-in-der-leipziger-nato\/","url_meta":{"origin":7819,"position":1},"title":"+++ Peter Materna und Florian Weber l\u00e4uten den Vorverkauf f\u00fcrs Bonner Jazzfest 2023 ein +++ EUPHORIUM Mini-Festival in der Leipziger naTo +++","author":"Redaktion JazzZeitung","date":"10. November 2022","format":false,"excerpt":"+++ Jazzfest Bonn: Musikalischer Auftakt zum Vorverkaufsstart: Peter Materna und Florian Weber erkunden den Raumklang des Bonner M\u00fcnsters +++ Im Mai 2023 geht das Jazzfest Bonn in die n\u00e4chste Runde, der Ticketverkauf startet am 1. Dezember. Wer nicht so lange warten will, erh\u00e4lt am Freitag, den 25. November 2022, einen\u2026","rel":"","context":"In &quot;News&quot;","block_context":{"text":"News","link":"https:\/\/www.jazzzeitung.de\/cms\/thema\/nachrichten\/"},"img":{"alt_text":"","src":"https:\/\/i0.wp.com\/www.jazzzeitung.de\/cms\/wp-content\/uploads\/2022\/11\/Weber-Materna-Photo-by-Walter-Schnabel.jpg?fit=886%2C589&ssl=1&resize=350%2C200","width":350,"height":200,"srcset":"https:\/\/i0.wp.com\/www.jazzzeitung.de\/cms\/wp-content\/uploads\/2022\/11\/Weber-Materna-Photo-by-Walter-Schnabel.jpg?fit=886%2C589&ssl=1&resize=350%2C200 1x, https:\/\/i0.wp.com\/www.jazzzeitung.de\/cms\/wp-content\/uploads\/2022\/11\/Weber-Materna-Photo-by-Walter-Schnabel.jpg?fit=886%2C589&ssl=1&resize=525%2C300 1.5x, https:\/\/i0.wp.com\/www.jazzzeitung.de\/cms\/wp-content\/uploads\/2022\/11\/Weber-Materna-Photo-by-Walter-Schnabel.jpg?fit=886%2C589&ssl=1&resize=700%2C400 2x"},"classes":[]},{"id":11218,"url":"https:\/\/www.jazzzeitung.de\/cms\/2016\/12\/news-vorverkauf-jazzfest-bonn-startet-worms-jazz-joy-2017-tickets-erhaeltlich-jazzgitarren-gesang-workshop-in-suedtirol\/","url_meta":{"origin":7819,"position":2},"title":"NEWS +++ Vorverkauf Jazzfest Bonn startet +++ Worms: Jazz &#038; Joy 2017 Tickets erh\u00e4ltlich +++ Jazzgitarren\/-gesang Workshop in S\u00fcdtirol +++","author":"Redaktion JazzZeitung","date":"1. Dezember 2016","format":false,"excerpt":"+++ Vorverkauf f\u00fcr das Jazzfest Bonn hat begonnen +++ Aufgepasst! Heute (am 1. Dezember) beginnt der Vorverkauf zur achten Ausgabe des Jazzfest Bonn. Das renommierte Festival pr\u00e4sentiert im Mai 2017 23 Konzerte an 12 Abenden in 3 Wochen. Besonders stolz ist Peter Materna, k\u00fcnstlerischer Leiter und Saxophonist, auf das \u201eausgewogene\u2026","rel":"","context":"In &quot;News&quot;","block_context":{"text":"News","link":"https:\/\/www.jazzzeitung.de\/cms\/thema\/nachrichten\/"},"img":{"alt_text":"","src":"","width":0,"height":0},"classes":[]},{"id":33655,"url":"https:\/\/www.jazzzeitung.de\/cms\/2026\/02\/news-deutsche-jazzunion-jazzfest-bonn-jazzclub-huerth-pianobuehne-oberthulba\/","url_meta":{"origin":7819,"position":3},"title":"+++ news +++ Deutsche Jazzunion +++ Jazzfest Bonn +++ Jazzclub H\u00fcrth +++ Pianob\u00fchne Oberthulba +++","author":"Redaktion JazzZeitung","date":"5. Februar 2026","format":false,"excerpt":"+++ Die Deutsche Jazzunion begr\u00fc\u00dft das Positionspapier des Deutschen Musikrats: Jazz und Improvisierte Musik brauchen verl\u00e4ssliche und flexible F\u00f6rderstrukturen +++ Der Deutsche Musikrat hat am 28. Januar 2026 das Positionspapier Freie Musikszene braucht verl\u00e4ssliche F\u00f6rderstrukturen ver\u00f6ffentlicht, dem sich die Deutsche Jazzunion ausdr\u00fccklich anschlie\u00dft und die darin formulierten Forderungen begr\u00fc\u00dft. Gerade\u2026","rel":"","context":"In &quot;News&quot;","block_context":{"text":"News","link":"https:\/\/www.jazzzeitung.de\/cms\/thema\/nachrichten\/"},"img":{"alt_text":"","src":"https:\/\/i0.wp.com\/www.jazzzeitung.de\/cms\/wp-content\/uploads\/2026\/02\/Will-Jacobs-Buehne-scaled.jpg?fit=1200%2C800&ssl=1&resize=350%2C200","width":350,"height":200,"srcset":"https:\/\/i0.wp.com\/www.jazzzeitung.de\/cms\/wp-content\/uploads\/2026\/02\/Will-Jacobs-Buehne-scaled.jpg?fit=1200%2C800&ssl=1&resize=350%2C200 1x, https:\/\/i0.wp.com\/www.jazzzeitung.de\/cms\/wp-content\/uploads\/2026\/02\/Will-Jacobs-Buehne-scaled.jpg?fit=1200%2C800&ssl=1&resize=525%2C300 1.5x, https:\/\/i0.wp.com\/www.jazzzeitung.de\/cms\/wp-content\/uploads\/2026\/02\/Will-Jacobs-Buehne-scaled.jpg?fit=1200%2C800&ssl=1&resize=700%2C400 2x, https:\/\/i0.wp.com\/www.jazzzeitung.de\/cms\/wp-content\/uploads\/2026\/02\/Will-Jacobs-Buehne-scaled.jpg?fit=1200%2C800&ssl=1&resize=1050%2C600 3x"},"classes":[]},{"id":8860,"url":"https:\/\/www.jazzzeitung.de\/cms\/2016\/04\/thomas-quasthoff-eroeffnet-das-jazzfest-bonn\/","url_meta":{"origin":7819,"position":4},"title":"Thomas Quasthoff er\u00f6ffnet das Jazzfest Bonn","author":"Redaktion JazzZeitung","date":"5. April 2016","format":false,"excerpt":"Noch stehen alle unter dem Eindruck des unerwarteten Tods von S\u00e4nger Roger Cicero. Doch der Konzertbetrieb muss weitergehen.\u00a0\u201eWir sind sehr traurig und fassungslos. Roger Cicero war ein liebenswerter Mensch und gro\u00dfartiger Musiker. Unser tiefes Mitgef\u00fchl gilt seiner Familie\u201c, sagt der Leiter des Jazzfest Bonn, Peter Materna. Roger Cicero h\u00e4tte am\u2026","rel":"","context":"In &quot;News&quot;","block_context":{"text":"News","link":"https:\/\/www.jazzzeitung.de\/cms\/thema\/nachrichten\/"},"img":{"alt_text":"Jazzt gern und gut: Thomas Quasthoff. Foto: Jazzfest Bonn","src":"https:\/\/i0.wp.com\/www.jazzzeitung.de\/cms\/wp-content\/uploads\/2016\/04\/Quasthoff-150x150.jpg?resize=350%2C200","width":350,"height":200},"classes":[]},{"id":30802,"url":"https:\/\/www.jazzzeitung.de\/cms\/2024\/03\/nur-noch-einen-monat-bis-zum-jazzfest-bonn-neue-klaenge-und-premieren-radiotipp\/","url_meta":{"origin":7819,"position":5},"title":"Jazzfest Bonn! +++ Neue Kl\u00e4nge und Premieren +++ Radiotipp","author":"Redaktion JazzZeitung","date":"28. M\u00e4rz 2024","format":false,"excerpt":"+++ Jazzfest Bonn +++ Vom 19. April bis zum 1. Mai findet zum 15. Mal das Jazzfest Bonn statt. Dort werden neben international bekannten Musiker*innen wie Rebekka Bakken, Thomas Quasthoff, Ute Lemper und Harold Lop\u00e9z-Nussa wieder viele Neuentdeckungen zu sehen sein. Karten k\u00f6nnen Sie an allen \u00fcblichen Vorverkaufsstellen sowie \u00fcber\u2026","rel":"","context":"In &quot;News&quot;","block_context":{"text":"News","link":"https:\/\/www.jazzzeitung.de\/cms\/thema\/nachrichten\/"},"img":{"alt_text":"","src":"https:\/\/i0.wp.com\/www.jazzzeitung.de\/cms\/wp-content\/uploads\/2024\/03\/JAZZZEITUNGDE_Logo_web_chronos_var1-e1711617903270.webp?fit=1134%2C400&ssl=1&resize=350%2C200","width":350,"height":200,"srcset":"https:\/\/i0.wp.com\/www.jazzzeitung.de\/cms\/wp-content\/uploads\/2024\/03\/JAZZZEITUNGDE_Logo_web_chronos_var1-e1711617903270.webp?fit=1134%2C400&ssl=1&resize=350%2C200 1x, https:\/\/i0.wp.com\/www.jazzzeitung.de\/cms\/wp-content\/uploads\/2024\/03\/JAZZZEITUNGDE_Logo_web_chronos_var1-e1711617903270.webp?fit=1134%2C400&ssl=1&resize=525%2C300 1.5x, https:\/\/i0.wp.com\/www.jazzzeitung.de\/cms\/wp-content\/uploads\/2024\/03\/JAZZZEITUNGDE_Logo_web_chronos_var1-e1711617903270.webp?fit=1134%2C400&ssl=1&resize=700%2C400 2x, https:\/\/i0.wp.com\/www.jazzzeitung.de\/cms\/wp-content\/uploads\/2024\/03\/JAZZZEITUNGDE_Logo_web_chronos_var1-e1711617903270.webp?fit=1134%2C400&ssl=1&resize=1050%2C600 3x"},"classes":[]}],"jetpack_sharing_enabled":true,"_links":{"self":[{"href":"https:\/\/www.jazzzeitung.de\/cms\/wp-json\/wp\/v2\/posts\/7819","targetHints":{"allow":["GET"]}}],"collection":[{"href":"https:\/\/www.jazzzeitung.de\/cms\/wp-json\/wp\/v2\/posts"}],"about":[{"href":"https:\/\/www.jazzzeitung.de\/cms\/wp-json\/wp\/v2\/types\/post"}],"author":[{"embeddable":true,"href":"https:\/\/www.jazzzeitung.de\/cms\/wp-json\/wp\/v2\/users\/18"}],"replies":[{"embeddable":true,"href":"https:\/\/www.jazzzeitung.de\/cms\/wp-json\/wp\/v2\/comments?post=7819"}],"version-history":[{"count":6,"href":"https:\/\/www.jazzzeitung.de\/cms\/wp-json\/wp\/v2\/posts\/7819\/revisions"}],"predecessor-version":[{"id":7822,"href":"https:\/\/www.jazzzeitung.de\/cms\/wp-json\/wp\/v2\/posts\/7819\/revisions\/7822"}],"wp:attachment":[{"href":"https:\/\/www.jazzzeitung.de\/cms\/wp-json\/wp\/v2\/media?parent=7819"}],"wp:term":[{"taxonomy":"category","embeddable":true,"href":"https:\/\/www.jazzzeitung.de\/cms\/wp-json\/wp\/v2\/categories?post=7819"},{"taxonomy":"post_tag","embeddable":true,"href":"https:\/\/www.jazzzeitung.de\/cms\/wp-json\/wp\/v2\/tags?post=7819"},{"taxonomy":"author","embeddable":true,"href":"https:\/\/www.jazzzeitung.de\/cms\/wp-json\/wp\/v2\/coauthors?post=7819"}],"curies":[{"name":"wp","href":"https:\/\/api.w.org\/{rel}","templated":true}]}}