{"id":7814,"date":"2015-11-28T19:00:20","date_gmt":"2015-11-28T18:00:20","guid":{"rendered":"http:\/\/www.jazzzeitung.de\/cms\/?p=7814"},"modified":"2015-11-27T13:54:00","modified_gmt":"2015-11-27T12:54:00","slug":"frederik-koester-sebastian-sternal-mit-neuer-cd-canada","status":"publish","type":"post","link":"https:\/\/www.jazzzeitung.de\/cms\/2015\/11\/frederik-koester-sebastian-sternal-mit-neuer-cd-canada\/","title":{"rendered":"Frederik K\u00f6ster &#038; Sebastian Sternal mit neuer CD: Canada"},"content":{"rendered":"<p><a href=\"https:\/\/i0.wp.com\/www.jazzzeitung.de\/cms\/wp-content\/uploads\/2015\/11\/Cover-Sternal-K%C3%B6ster.jpg\"><img data-recalc-dims=\"1\" loading=\"lazy\" decoding=\"async\" data-attachment-id=\"7817\" data-permalink=\"https:\/\/www.jazzzeitung.de\/cms\/2015\/11\/frederik-koester-sebastian-sternal-mit-neuer-cd-canada\/cover-sternal-koester\/\" data-orig-file=\"https:\/\/i0.wp.com\/www.jazzzeitung.de\/cms\/wp-content\/uploads\/2015\/11\/Cover-Sternal-K%C3%B6ster.jpg?fit=1500%2C1476&amp;ssl=1\" data-orig-size=\"1500,1476\" data-comments-opened=\"1\" data-image-meta=\"{&quot;aperture&quot;:&quot;0&quot;,&quot;credit&quot;:&quot;&quot;,&quot;camera&quot;:&quot;&quot;,&quot;caption&quot;:&quot;&quot;,&quot;created_timestamp&quot;:&quot;0&quot;,&quot;copyright&quot;:&quot;&quot;,&quot;focal_length&quot;:&quot;0&quot;,&quot;iso&quot;:&quot;0&quot;,&quot;shutter_speed&quot;:&quot;0&quot;,&quot;title&quot;:&quot;&quot;,&quot;orientation&quot;:&quot;0&quot;}\" data-image-title=\"Cover Sternal K\u00f6ster\" data-image-description=\"\" data-image-caption=\"\" data-large-file=\"https:\/\/i0.wp.com\/www.jazzzeitung.de\/cms\/wp-content\/uploads\/2015\/11\/Cover-Sternal-K%C3%B6ster.jpg?fit=610%2C600&amp;ssl=1\" class=\"alignright size-thumbnail wp-image-7817\" src=\"https:\/\/i0.wp.com\/www.jazzzeitung.de\/cms\/wp-content\/uploads\/2015\/11\/Cover-Sternal-K%C3%B6ster-150x150.jpg?resize=150%2C150\" alt=\"Cover Sternal K\u00f6ster\" width=\"150\" height=\"150\" srcset=\"https:\/\/i0.wp.com\/www.jazzzeitung.de\/cms\/wp-content\/uploads\/2015\/11\/Cover-Sternal-K%C3%B6ster.jpg?resize=150%2C150&amp;ssl=1 150w, https:\/\/i0.wp.com\/www.jazzzeitung.de\/cms\/wp-content\/uploads\/2015\/11\/Cover-Sternal-K%C3%B6ster.jpg?resize=144%2C144&amp;ssl=1 144w, https:\/\/i0.wp.com\/www.jazzzeitung.de\/cms\/wp-content\/uploads\/2015\/11\/Cover-Sternal-K%C3%B6ster.jpg?resize=96%2C96&amp;ssl=1 96w, https:\/\/i0.wp.com\/www.jazzzeitung.de\/cms\/wp-content\/uploads\/2015\/11\/Cover-Sternal-K%C3%B6ster.jpg?resize=24%2C24&amp;ssl=1 24w, https:\/\/i0.wp.com\/www.jazzzeitung.de\/cms\/wp-content\/uploads\/2015\/11\/Cover-Sternal-K%C3%B6ster.jpg?resize=36%2C36&amp;ssl=1 36w, https:\/\/i0.wp.com\/www.jazzzeitung.de\/cms\/wp-content\/uploads\/2015\/11\/Cover-Sternal-K%C3%B6ster.jpg?resize=48%2C48&amp;ssl=1 48w, https:\/\/i0.wp.com\/www.jazzzeitung.de\/cms\/wp-content\/uploads\/2015\/11\/Cover-Sternal-K%C3%B6ster.jpg?resize=64%2C64&amp;ssl=1 64w, https:\/\/i0.wp.com\/www.jazzzeitung.de\/cms\/wp-content\/uploads\/2015\/11\/Cover-Sternal-K%C3%B6ster.jpg?resize=32%2C32&amp;ssl=1 32w, https:\/\/i0.wp.com\/www.jazzzeitung.de\/cms\/wp-content\/uploads\/2015\/11\/Cover-Sternal-K%C3%B6ster.jpg?resize=128%2C128&amp;ssl=1 128w, https:\/\/i0.wp.com\/www.jazzzeitung.de\/cms\/wp-content\/uploads\/2015\/11\/Cover-Sternal-K%C3%B6ster.jpg?zoom=2&amp;resize=150%2C150&amp;ssl=1 300w, https:\/\/i0.wp.com\/www.jazzzeitung.de\/cms\/wp-content\/uploads\/2015\/11\/Cover-Sternal-K%C3%B6ster.jpg?zoom=3&amp;resize=150%2C150&amp;ssl=1 450w\" sizes=\"auto, (max-width: 150px) 100vw, 150px\" \/><\/a>Frederik K\u00f6ster und Sebastian Sternal geh\u00f6ren zu den gesetzten Vertretern der jungen deutschen Jazzszene, sind gemeinsame Weggef\u00e4hrten und spielen, in verschiedenen Besetzungen, mittlerweile seit gut 10 Jahren zusammen. Auf Einladung von Professor Thilo Schaller, ein Bekannter K\u00f6sters an der University of Lethbridge \/Calgary, ergab sich f\u00fcr die beiden Musiker die Gelegenheit eines Trips nach Kanada, bei dem diese herrliche Duoaufnahme entstanden ist. Die Kombination Fl\u00fcgelhorn-Piano hat einen ganz eigenen Reiz und ist eine durchaus erprobte Klangsynthese. Ohne Ankl\u00e4nge an Vorbilder oder bereits bestehende Duoaufnahmen dieses Genres begeben sich Frederik K\u00f6ster und Sebastian Sternal auf eine eigene Klangreise in komplett relaxtem Ambiente w\u00e4hrend ihres 10-t\u00e4gigen Kanada Aufenthaltes. Herausgekommen sind dabei kammermusikalisch feinstrukturierte St\u00fccke \u00fcberwiegend &#8211; bis auf zwei Ausnahmen &#8211; aus der Feder von K\u00f6ster und Sternal. Selten hat man die beiden Musiker zuvor so nah, so intim musizieren und improvisieren h\u00f6ren k\u00f6nnen. Inspiriert durch die Landschaft Kanadas und Erlebnisse w\u00e4hrend dieser Zeit ist ein atmosph\u00e4risch unerh\u00f6rt dichtes Album entstanden. So f\u00fcgen sich auch die beiden Kompositionen der Kanadierin Joni Mitchell \u201eA Case Of You\u201c und \u201eFor Jan\u201c von Kenny Wheeler, der ebenfalls aus Kanada stammte, harmonisch in den Kontext ihrer St\u00fccke.<\/p>\n<p>Das Ergebnis kann sich h\u00f6ren lassen, im wahrsten Sinn des Wortes, denn besagter Thilo Schaller ist Professor f\u00fcr Tontechnik. Entsprechend ausgewogen und klanglich einwandfrei ist die Aufnahme der Session dieser beiden Ausnahmemusiker. Die beiden Instrumente so klar und gleichzeitig pr\u00e4gnant aufzunehmen ist eine echte Herausforderung f\u00fcr den Toningenieur. Wie entspannt dabei auch die Aufnahmesituation war, kann man der CD von Anfang bis Ende anh\u00f6ren. Und wie es dann meistens so ist, an fremden Orten, in ungewohnter Umgebung passieren die unglaublichsten Dinge, musikalisch wie kompositorisch. So wird der H\u00f6rer auf eine spannende Reise der beiden Musiker mitgenommen und kann vollends in ihre Klanglandschaften eintauchen. Thomas J. Krebs<\/p>\n<p>&nbsp;<\/p>\n<p><em>Frederik K\u00f6ster &amp; Sebastian Sternal: Canada<\/em><\/p>\n<p><em>Traumton cd 116762<\/em><\/p>\n","protected":false},"excerpt":{"rendered":"<p>Frederik K\u00f6ster und Sebastian Sternal geh\u00f6ren zu den gesetzten Vertretern der jungen deutschen Jazzszene, sind gemeinsame Weggef\u00e4hrten und spielen, in verschiedenen Besetzungen, mittlerweile seit gut 10 Jahren zusammen. Auf Einladung von Professor Thilo Schaller, ein Bekannter K\u00f6sters an der University of Lethbridge \/Calgary, ergab sich f\u00fcr die beiden Musiker die Gelegenheit eines Trips nach Kanada, bei dem diese herrliche Duoaufnahme entstanden ist. Die Kombination Fl\u00fcgelhorn-Piano hat einen ganz eigenen Reiz und ist eine durchaus erprobte Klangsynthese. Ohne Ankl\u00e4nge an Vorbilder oder bereits bestehende Duoaufnahmen dieses Genres begeben sich Frederik K\u00f6ster und Sebastian Sternal auf eine eigene Klangreise in komplett relaxtem Ambiente w\u00e4hrend ihres 10-t\u00e4gigen Kanada Aufenthaltes. Herausgekommen sind dabei kammermusikalisch feinstrukturierte St\u00fccke \u00fcberwiegend &#8211; bis auf zwei Ausnahmen &#8211; aus der Feder von K\u00f6ster und Sternal. Selten hat man die beiden Musiker zuvor so nah, so intim musizieren und improvisieren h\u00f6ren k\u00f6nnen. Inspiriert durch die Landschaft Kanadas und Erlebnisse w\u00e4hrend dieser Zeit ist ein atmosph\u00e4risch unerh\u00f6rt dichtes Album entstanden. So f\u00fcgen sich auch die beiden Kompositionen der Kanadierin Joni Mitchell \u201eA Case Of You\u201c und \u201eFor Jan\u201c von Kenny Wheeler, der ebenfalls aus Kanada stammte, &hellip;<\/p>\n","protected":false},"author":18,"featured_media":0,"comment_status":"open","ping_status":"closed","sticky":false,"template":"","format":"standard","meta":{"_jetpack_memberships_contains_paid_content":false,"footnotes":"","jetpack_publicize_message":"","jetpack_publicize_feature_enabled":true,"jetpack_social_post_already_shared":false,"jetpack_social_options":{"image_generator_settings":{"template":"highway","default_image_id":0,"font":"","enabled":false},"version":2}},"categories":[1152],"tags":[34,109,189,312,442,961],"coauthors":[695],"class_list":["post-7814","post","type-post","status-publish","format-standard","hentry","category-rezension","tag-album","tag-cd","tag-frederik-koester","tag-kenny-wheeler","tag-piano","tag-traumton"],"yoast_head":"<!-- This site is optimized with the Yoast SEO plugin v27.5 - https:\/\/yoast.com\/product\/yoast-seo-wordpress\/ -->\n<title>Frederik K\u00f6ster &amp; Sebastian Sternal mit neuer CD: Canada - JazzZeitung<\/title>\n<meta name=\"robots\" content=\"index, follow, max-snippet:-1, max-image-preview:large, max-video-preview:-1\" \/>\n<link rel=\"canonical\" href=\"https:\/\/www.jazzzeitung.de\/cms\/2015\/11\/frederik-koester-sebastian-sternal-mit-neuer-cd-canada\/\" \/>\n<meta property=\"og:locale\" content=\"de_DE\" \/>\n<meta property=\"og:type\" content=\"article\" \/>\n<meta property=\"og:title\" content=\"Frederik K\u00f6ster &amp; Sebastian Sternal mit neuer CD: Canada - JazzZeitung\" \/>\n<meta property=\"og:description\" content=\"Frederik K\u00f6ster und Sebastian Sternal geh\u00f6ren zu den gesetzten Vertretern der jungen deutschen Jazzszene, sind gemeinsame Weggef\u00e4hrten und spielen, in verschiedenen Besetzungen, mittlerweile seit gut 10 Jahren zusammen. Auf Einladung von Professor Thilo Schaller, ein Bekannter K\u00f6sters an der University of Lethbridge \/Calgary, ergab sich f\u00fcr die beiden Musiker die Gelegenheit eines Trips nach Kanada, bei dem diese herrliche Duoaufnahme entstanden ist. Die Kombination Fl\u00fcgelhorn-Piano hat einen ganz eigenen Reiz und ist eine durchaus erprobte Klangsynthese. Ohne Ankl\u00e4nge an Vorbilder oder bereits bestehende Duoaufnahmen dieses Genres begeben sich Frederik K\u00f6ster und Sebastian Sternal auf eine eigene Klangreise in komplett relaxtem Ambiente w\u00e4hrend ihres 10-t\u00e4gigen Kanada Aufenthaltes. Herausgekommen sind dabei kammermusikalisch feinstrukturierte St\u00fccke \u00fcberwiegend &#8211; bis auf zwei Ausnahmen &#8211; aus der Feder von K\u00f6ster und Sternal. Selten hat man die beiden Musiker zuvor so nah, so intim musizieren und improvisieren h\u00f6ren k\u00f6nnen. Inspiriert durch die Landschaft Kanadas und Erlebnisse w\u00e4hrend dieser Zeit ist ein atmosph\u00e4risch unerh\u00f6rt dichtes Album entstanden. So f\u00fcgen sich auch die beiden Kompositionen der Kanadierin Joni Mitchell \u201eA Case Of You\u201c und \u201eFor Jan\u201c von Kenny Wheeler, der ebenfalls aus Kanada stammte, &hellip;\" \/>\n<meta property=\"og:url\" content=\"https:\/\/www.jazzzeitung.de\/cms\/2015\/11\/frederik-koester-sebastian-sternal-mit-neuer-cd-canada\/\" \/>\n<meta property=\"og:site_name\" content=\"JazzZeitung\" \/>\n<meta property=\"article:publisher\" content=\"https:\/\/www.facebook.com\/JazzZeitung\/\" \/>\n<meta property=\"article:published_time\" content=\"2015-11-28T18:00:20+00:00\" \/>\n<meta property=\"og:image\" content=\"https:\/\/i0.wp.com\/www.jazzzeitung.de\/cms\/wp-content\/uploads\/2012\/01\/ipad-logo-200.png?fit=200%2C200&ssl=1\" \/>\n\t<meta property=\"og:image:width\" content=\"200\" \/>\n\t<meta property=\"og:image:height\" content=\"200\" \/>\n\t<meta property=\"og:image:type\" content=\"image\/png\" \/>\n<meta name=\"author\" content=\"Redaktion JazzZeitung\" \/>\n<script type=\"application\/ld+json\" class=\"yoast-schema-graph\">{\"@context\":\"https:\\\/\\\/schema.org\",\"@graph\":[{\"@type\":\"Article\",\"@id\":\"https:\\\/\\\/www.jazzzeitung.de\\\/cms\\\/2015\\\/11\\\/frederik-koester-sebastian-sternal-mit-neuer-cd-canada\\\/#article\",\"isPartOf\":{\"@id\":\"https:\\\/\\\/www.jazzzeitung.de\\\/cms\\\/2015\\\/11\\\/frederik-koester-sebastian-sternal-mit-neuer-cd-canada\\\/\"},\"author\":{\"name\":\"Redaktion JazzZeitung\",\"@id\":\"https:\\\/\\\/www.jazzzeitung.de\\\/cms\\\/#\\\/schema\\\/person\\\/2245b36b9cd1d24cea10f01c031fb92b\"},\"headline\":\"Frederik K\u00f6ster &#038; Sebastian Sternal mit neuer CD: Canada\",\"datePublished\":\"2015-11-28T18:00:20+00:00\",\"mainEntityOfPage\":{\"@id\":\"https:\\\/\\\/www.jazzzeitung.de\\\/cms\\\/2015\\\/11\\\/frederik-koester-sebastian-sternal-mit-neuer-cd-canada\\\/\"},\"wordCount\":340,\"commentCount\":0,\"publisher\":{\"@id\":\"https:\\\/\\\/www.jazzzeitung.de\\\/cms\\\/#organization\"},\"keywords\":[\"Album\",\"CD\",\"Frederik K\u00f6ster\",\"Kenny Wheeler\",\"Piano\",\"Traumton\"],\"articleSection\":[\"Rezension\"],\"inLanguage\":\"de\",\"potentialAction\":[{\"@type\":\"CommentAction\",\"name\":\"Comment\",\"target\":[\"https:\\\/\\\/www.jazzzeitung.de\\\/cms\\\/2015\\\/11\\\/frederik-koester-sebastian-sternal-mit-neuer-cd-canada\\\/#respond\"]}]},{\"@type\":\"WebPage\",\"@id\":\"https:\\\/\\\/www.jazzzeitung.de\\\/cms\\\/2015\\\/11\\\/frederik-koester-sebastian-sternal-mit-neuer-cd-canada\\\/\",\"url\":\"https:\\\/\\\/www.jazzzeitung.de\\\/cms\\\/2015\\\/11\\\/frederik-koester-sebastian-sternal-mit-neuer-cd-canada\\\/\",\"name\":\"Frederik K\u00f6ster & Sebastian Sternal mit neuer CD: Canada - JazzZeitung\",\"isPartOf\":{\"@id\":\"https:\\\/\\\/www.jazzzeitung.de\\\/cms\\\/#website\"},\"datePublished\":\"2015-11-28T18:00:20+00:00\",\"breadcrumb\":{\"@id\":\"https:\\\/\\\/www.jazzzeitung.de\\\/cms\\\/2015\\\/11\\\/frederik-koester-sebastian-sternal-mit-neuer-cd-canada\\\/#breadcrumb\"},\"inLanguage\":\"de\",\"potentialAction\":[{\"@type\":\"ReadAction\",\"target\":[\"https:\\\/\\\/www.jazzzeitung.de\\\/cms\\\/2015\\\/11\\\/frederik-koester-sebastian-sternal-mit-neuer-cd-canada\\\/\"]}]},{\"@type\":\"BreadcrumbList\",\"@id\":\"https:\\\/\\\/www.jazzzeitung.de\\\/cms\\\/2015\\\/11\\\/frederik-koester-sebastian-sternal-mit-neuer-cd-canada\\\/#breadcrumb\",\"itemListElement\":[{\"@type\":\"ListItem\",\"position\":1,\"name\":\"Startseite\",\"item\":\"https:\\\/\\\/www.jazzzeitung.de\\\/cms\\\/\"},{\"@type\":\"ListItem\",\"position\":2,\"name\":\"Frederik K\u00f6ster &#038; Sebastian Sternal mit neuer CD: Canada\"}]},{\"@type\":\"WebSite\",\"@id\":\"https:\\\/\\\/www.jazzzeitung.de\\\/cms\\\/#website\",\"url\":\"https:\\\/\\\/www.jazzzeitung.de\\\/cms\\\/\",\"name\":\"JazzZeitung\",\"description\":\"Jazz-News und Jazz-Kontroverses\",\"publisher\":{\"@id\":\"https:\\\/\\\/www.jazzzeitung.de\\\/cms\\\/#organization\"},\"potentialAction\":[{\"@type\":\"SearchAction\",\"target\":{\"@type\":\"EntryPoint\",\"urlTemplate\":\"https:\\\/\\\/www.jazzzeitung.de\\\/cms\\\/?s={search_term_string}\"},\"query-input\":{\"@type\":\"PropertyValueSpecification\",\"valueRequired\":true,\"valueName\":\"search_term_string\"}}],\"inLanguage\":\"de\"},{\"@type\":\"Organization\",\"@id\":\"https:\\\/\\\/www.jazzzeitung.de\\\/cms\\\/#organization\",\"name\":\"JazzZeitung online\",\"url\":\"https:\\\/\\\/www.jazzzeitung.de\\\/cms\\\/\",\"logo\":{\"@type\":\"ImageObject\",\"inLanguage\":\"de\",\"@id\":\"https:\\\/\\\/www.jazzzeitung.de\\\/cms\\\/#\\\/schema\\\/logo\\\/image\\\/\",\"url\":\"https:\\\/\\\/i0.wp.com\\\/www.jazzzeitung.de\\\/cms\\\/wp-content\\\/uploads\\\/2015\\\/08\\\/JAZZZEITUNGDE_Logo_Neu.png?fit=499%2C200&ssl=1\",\"contentUrl\":\"https:\\\/\\\/i0.wp.com\\\/www.jazzzeitung.de\\\/cms\\\/wp-content\\\/uploads\\\/2015\\\/08\\\/JAZZZEITUNGDE_Logo_Neu.png?fit=499%2C200&ssl=1\",\"width\":499,\"height\":200,\"caption\":\"JazzZeitung online\"},\"image\":{\"@id\":\"https:\\\/\\\/www.jazzzeitung.de\\\/cms\\\/#\\\/schema\\\/logo\\\/image\\\/\"},\"sameAs\":[\"https:\\\/\\\/www.facebook.com\\\/JazzZeitung\\\/\"]},{\"@type\":\"Person\",\"@id\":\"https:\\\/\\\/www.jazzzeitung.de\\\/cms\\\/#\\\/schema\\\/person\\\/2245b36b9cd1d24cea10f01c031fb92b\",\"name\":\"Redaktion JazzZeitung\",\"image\":{\"@type\":\"ImageObject\",\"inLanguage\":\"de\",\"@id\":\"https:\\\/\\\/i0.wp.com\\\/www.jazzzeitung.de\\\/cms\\\/wp-content\\\/uploads\\\/2015\\\/08\\\/JAZZZEITUNGDE_Logo_Neu.png?resize=96%2C96&ssl=159975dcacb611b5700bd619b5daf0a7a\",\"url\":\"https:\\\/\\\/i0.wp.com\\\/www.jazzzeitung.de\\\/cms\\\/wp-content\\\/uploads\\\/2015\\\/08\\\/JAZZZEITUNGDE_Logo_Neu.png?resize=96%2C96&ssl=1\",\"contentUrl\":\"https:\\\/\\\/i0.wp.com\\\/www.jazzzeitung.de\\\/cms\\\/wp-content\\\/uploads\\\/2015\\\/08\\\/JAZZZEITUNGDE_Logo_Neu.png?resize=96%2C96&ssl=1\",\"caption\":\"Redaktion JazzZeitung\"},\"description\":\"Artikel der Redaktion der JazzZeitung.\",\"sameAs\":[\"http:\\\/\\\/www.jazzzeitung.de\\\/cms\\\/\"],\"url\":\"https:\\\/\\\/www.jazzzeitung.de\\\/cms\\\/author\\\/redaktion\\\/\"}]}<\/script>\n<!-- \/ Yoast SEO plugin. -->","yoast_head_json":{"title":"Frederik K\u00f6ster & Sebastian Sternal mit neuer CD: Canada - JazzZeitung","robots":{"index":"index","follow":"follow","max-snippet":"max-snippet:-1","max-image-preview":"max-image-preview:large","max-video-preview":"max-video-preview:-1"},"canonical":"https:\/\/www.jazzzeitung.de\/cms\/2015\/11\/frederik-koester-sebastian-sternal-mit-neuer-cd-canada\/","og_locale":"de_DE","og_type":"article","og_title":"Frederik K\u00f6ster & Sebastian Sternal mit neuer CD: Canada - JazzZeitung","og_description":"Frederik K\u00f6ster und Sebastian Sternal geh\u00f6ren zu den gesetzten Vertretern der jungen deutschen Jazzszene, sind gemeinsame Weggef\u00e4hrten und spielen, in verschiedenen Besetzungen, mittlerweile seit gut 10 Jahren zusammen. Auf Einladung von Professor Thilo Schaller, ein Bekannter K\u00f6sters an der University of Lethbridge \/Calgary, ergab sich f\u00fcr die beiden Musiker die Gelegenheit eines Trips nach Kanada, bei dem diese herrliche Duoaufnahme entstanden ist. Die Kombination Fl\u00fcgelhorn-Piano hat einen ganz eigenen Reiz und ist eine durchaus erprobte Klangsynthese. Ohne Ankl\u00e4nge an Vorbilder oder bereits bestehende Duoaufnahmen dieses Genres begeben sich Frederik K\u00f6ster und Sebastian Sternal auf eine eigene Klangreise in komplett relaxtem Ambiente w\u00e4hrend ihres 10-t\u00e4gigen Kanada Aufenthaltes. Herausgekommen sind dabei kammermusikalisch feinstrukturierte St\u00fccke \u00fcberwiegend &#8211; bis auf zwei Ausnahmen &#8211; aus der Feder von K\u00f6ster und Sternal. Selten hat man die beiden Musiker zuvor so nah, so intim musizieren und improvisieren h\u00f6ren k\u00f6nnen. Inspiriert durch die Landschaft Kanadas und Erlebnisse w\u00e4hrend dieser Zeit ist ein atmosph\u00e4risch unerh\u00f6rt dichtes Album entstanden. So f\u00fcgen sich auch die beiden Kompositionen der Kanadierin Joni Mitchell \u201eA Case Of You\u201c und \u201eFor Jan\u201c von Kenny Wheeler, der ebenfalls aus Kanada stammte, &hellip;","og_url":"https:\/\/www.jazzzeitung.de\/cms\/2015\/11\/frederik-koester-sebastian-sternal-mit-neuer-cd-canada\/","og_site_name":"JazzZeitung","article_publisher":"https:\/\/www.facebook.com\/JazzZeitung\/","article_published_time":"2015-11-28T18:00:20+00:00","og_image":[{"width":200,"height":200,"url":"https:\/\/i0.wp.com\/www.jazzzeitung.de\/cms\/wp-content\/uploads\/2012\/01\/ipad-logo-200.png?fit=200%2C200&ssl=1","type":"image\/png"}],"author":"Redaktion JazzZeitung","schema":{"@context":"https:\/\/schema.org","@graph":[{"@type":"Article","@id":"https:\/\/www.jazzzeitung.de\/cms\/2015\/11\/frederik-koester-sebastian-sternal-mit-neuer-cd-canada\/#article","isPartOf":{"@id":"https:\/\/www.jazzzeitung.de\/cms\/2015\/11\/frederik-koester-sebastian-sternal-mit-neuer-cd-canada\/"},"author":{"name":"Redaktion JazzZeitung","@id":"https:\/\/www.jazzzeitung.de\/cms\/#\/schema\/person\/2245b36b9cd1d24cea10f01c031fb92b"},"headline":"Frederik K\u00f6ster &#038; Sebastian Sternal mit neuer CD: Canada","datePublished":"2015-11-28T18:00:20+00:00","mainEntityOfPage":{"@id":"https:\/\/www.jazzzeitung.de\/cms\/2015\/11\/frederik-koester-sebastian-sternal-mit-neuer-cd-canada\/"},"wordCount":340,"commentCount":0,"publisher":{"@id":"https:\/\/www.jazzzeitung.de\/cms\/#organization"},"keywords":["Album","CD","Frederik K\u00f6ster","Kenny Wheeler","Piano","Traumton"],"articleSection":["Rezension"],"inLanguage":"de","potentialAction":[{"@type":"CommentAction","name":"Comment","target":["https:\/\/www.jazzzeitung.de\/cms\/2015\/11\/frederik-koester-sebastian-sternal-mit-neuer-cd-canada\/#respond"]}]},{"@type":"WebPage","@id":"https:\/\/www.jazzzeitung.de\/cms\/2015\/11\/frederik-koester-sebastian-sternal-mit-neuer-cd-canada\/","url":"https:\/\/www.jazzzeitung.de\/cms\/2015\/11\/frederik-koester-sebastian-sternal-mit-neuer-cd-canada\/","name":"Frederik K\u00f6ster & Sebastian Sternal mit neuer CD: Canada - JazzZeitung","isPartOf":{"@id":"https:\/\/www.jazzzeitung.de\/cms\/#website"},"datePublished":"2015-11-28T18:00:20+00:00","breadcrumb":{"@id":"https:\/\/www.jazzzeitung.de\/cms\/2015\/11\/frederik-koester-sebastian-sternal-mit-neuer-cd-canada\/#breadcrumb"},"inLanguage":"de","potentialAction":[{"@type":"ReadAction","target":["https:\/\/www.jazzzeitung.de\/cms\/2015\/11\/frederik-koester-sebastian-sternal-mit-neuer-cd-canada\/"]}]},{"@type":"BreadcrumbList","@id":"https:\/\/www.jazzzeitung.de\/cms\/2015\/11\/frederik-koester-sebastian-sternal-mit-neuer-cd-canada\/#breadcrumb","itemListElement":[{"@type":"ListItem","position":1,"name":"Startseite","item":"https:\/\/www.jazzzeitung.de\/cms\/"},{"@type":"ListItem","position":2,"name":"Frederik K\u00f6ster &#038; Sebastian Sternal mit neuer CD: Canada"}]},{"@type":"WebSite","@id":"https:\/\/www.jazzzeitung.de\/cms\/#website","url":"https:\/\/www.jazzzeitung.de\/cms\/","name":"JazzZeitung","description":"Jazz-News und Jazz-Kontroverses","publisher":{"@id":"https:\/\/www.jazzzeitung.de\/cms\/#organization"},"potentialAction":[{"@type":"SearchAction","target":{"@type":"EntryPoint","urlTemplate":"https:\/\/www.jazzzeitung.de\/cms\/?s={search_term_string}"},"query-input":{"@type":"PropertyValueSpecification","valueRequired":true,"valueName":"search_term_string"}}],"inLanguage":"de"},{"@type":"Organization","@id":"https:\/\/www.jazzzeitung.de\/cms\/#organization","name":"JazzZeitung online","url":"https:\/\/www.jazzzeitung.de\/cms\/","logo":{"@type":"ImageObject","inLanguage":"de","@id":"https:\/\/www.jazzzeitung.de\/cms\/#\/schema\/logo\/image\/","url":"https:\/\/i0.wp.com\/www.jazzzeitung.de\/cms\/wp-content\/uploads\/2015\/08\/JAZZZEITUNGDE_Logo_Neu.png?fit=499%2C200&ssl=1","contentUrl":"https:\/\/i0.wp.com\/www.jazzzeitung.de\/cms\/wp-content\/uploads\/2015\/08\/JAZZZEITUNGDE_Logo_Neu.png?fit=499%2C200&ssl=1","width":499,"height":200,"caption":"JazzZeitung online"},"image":{"@id":"https:\/\/www.jazzzeitung.de\/cms\/#\/schema\/logo\/image\/"},"sameAs":["https:\/\/www.facebook.com\/JazzZeitung\/"]},{"@type":"Person","@id":"https:\/\/www.jazzzeitung.de\/cms\/#\/schema\/person\/2245b36b9cd1d24cea10f01c031fb92b","name":"Redaktion JazzZeitung","image":{"@type":"ImageObject","inLanguage":"de","@id":"https:\/\/i0.wp.com\/www.jazzzeitung.de\/cms\/wp-content\/uploads\/2015\/08\/JAZZZEITUNGDE_Logo_Neu.png?resize=96%2C96&ssl=159975dcacb611b5700bd619b5daf0a7a","url":"https:\/\/i0.wp.com\/www.jazzzeitung.de\/cms\/wp-content\/uploads\/2015\/08\/JAZZZEITUNGDE_Logo_Neu.png?resize=96%2C96&ssl=1","contentUrl":"https:\/\/i0.wp.com\/www.jazzzeitung.de\/cms\/wp-content\/uploads\/2015\/08\/JAZZZEITUNGDE_Logo_Neu.png?resize=96%2C96&ssl=1","caption":"Redaktion JazzZeitung"},"description":"Artikel der Redaktion der JazzZeitung.","sameAs":["http:\/\/www.jazzzeitung.de\/cms\/"],"url":"https:\/\/www.jazzzeitung.de\/cms\/author\/redaktion\/"}]}},"wp-worthy-pixel":{"ignored":false,"public":null,"server":null,"url":null},"wp-worthy-type":"normal","jetpack_publicize_connections":[],"cc_featured_image_caption":{"caption_text":false,"source_text":false,"source_url":false},"jetpack_featured_media_url":"","jetpack_shortlink":"https:\/\/wp.me\/p3KEcT-222","jetpack-related-posts":[{"id":23027,"url":"https:\/\/www.jazzzeitung.de\/cms\/2020\/07\/erloesung-aus-der-konzertabstinenz-frederik-koesters-die-verwandlung-auf-der-luedinghauser-burg-vischering\/","url_meta":{"origin":7814,"position":0},"title":"Erl\u00f6sung aus der Konzertabstinenz: Frederik K\u00f6sters \u201eDie Verwandlung\u201c auf der L\u00fcdinghauser Burg Vischering","author":"Redaktion JazzZeitung","date":"30. Juli 2020","format":false,"excerpt":"Fotos und Text von Stefan Pieper. Der Liveauftritt von Frederik K\u00f6sters Band \u201eDie Verwandlung\u201c im Hof der westf\u00e4lischen Wasserburg Vischering war vor allem f\u00fcr diese K\u00f6lner Musiker eine besondere Premiere: Im M\u00e4rz vor dem gro\u00dfen Lockdown konnten sie das letzte Mal vor Publikum auftreten und eine so lange Live-Abstinenz wiegt\u2026","rel":"","context":"In &quot;Bericht&quot;","block_context":{"text":"Bericht","link":"https:\/\/www.jazzzeitung.de\/cms\/thema\/bericht\/"},"img":{"alt_text":"","src":"https:\/\/i0.wp.com\/www.jazzzeitung.de\/cms\/wp-content\/uploads\/2020\/07\/IMG_20200725_213121-scaled.jpg?fit=1200%2C553&ssl=1&resize=350%2C200","width":350,"height":200,"srcset":"https:\/\/i0.wp.com\/www.jazzzeitung.de\/cms\/wp-content\/uploads\/2020\/07\/IMG_20200725_213121-scaled.jpg?fit=1200%2C553&ssl=1&resize=350%2C200 1x, https:\/\/i0.wp.com\/www.jazzzeitung.de\/cms\/wp-content\/uploads\/2020\/07\/IMG_20200725_213121-scaled.jpg?fit=1200%2C553&ssl=1&resize=525%2C300 1.5x, https:\/\/i0.wp.com\/www.jazzzeitung.de\/cms\/wp-content\/uploads\/2020\/07\/IMG_20200725_213121-scaled.jpg?fit=1200%2C553&ssl=1&resize=700%2C400 2x, https:\/\/i0.wp.com\/www.jazzzeitung.de\/cms\/wp-content\/uploads\/2020\/07\/IMG_20200725_213121-scaled.jpg?fit=1200%2C553&ssl=1&resize=1050%2C600 3x"},"classes":[]},{"id":5546,"url":"https:\/\/www.jazzzeitung.de\/cms\/2015\/02\/cd-rezension-sternal-symphonic-society-vol-2\/","url_meta":{"origin":7814,"position":1},"title":"CD-Rezension: Sternal Symphonic Society Vol 2","author":"Redaktion JazzZeitung","date":"20. Februar 2015","format":false,"excerpt":"Von Thomas J. Krebs - Viele kleine R\u00e4der, Riemen und Gelenke sind auf dem CD-Cover der neuen Sternal Symphonic Society abgebildet und diese greifen musikalisch passgenau ineinander. Aber der Reihe nach: Vor gut 2 Jahren erschien die erste, vielbeachtete CD der Sternal Symphonic Society. Das Ensemble, im Jahr 2011 in\u2026","rel":"","context":"In &quot;Rezension&quot;","block_context":{"text":"Rezension","link":"https:\/\/www.jazzzeitung.de\/cms\/thema\/rezension\/"},"img":{"alt_text":"TRT_4616_ STERNAL_2.indd","src":"https:\/\/i0.wp.com\/www.jazzzeitung.de\/cms\/wp-content\/uploads\/2015\/02\/cover_sternal-150x150.jpg?resize=350%2C200","width":350,"height":200},"classes":[]},{"id":27466,"url":"https:\/\/www.jazzzeitung.de\/cms\/2022\/06\/thelonia-sebastian-sternal-zieht-auf-seinem-ersten-soloalbum-kuenstlerisch-bilanz\/","url_meta":{"origin":7814,"position":2},"title":"\u201eThelonia\u201c \u2013 Sebastian Sternal zieht auf seinem ersten Soloalbum k\u00fcnstlerisch Bilanz","author":"Redaktion JazzZeitung","date":"3. Juni 2022","format":false,"excerpt":"Von Stefan Pieper. Wenn in einer Band der Pianist besonders gut ist, stellt sich nicht selten der Wunsch ein, diesen auch mal ganz f\u00fcr sich allein in einer Soloperformance zu h\u00f6ren. Sebastian Sternal hat mit so etwas lange genug auf sich warten lassen \u2013 sein neues Soloalbum \u201eThelonia\u201c stellt klar,\u2026","rel":"","context":"In &quot;Rezension&quot;","block_context":{"text":"Rezension","link":"https:\/\/www.jazzzeitung.de\/cms\/thema\/rezension\/"},"img":{"alt_text":"","src":"https:\/\/i0.wp.com\/www.jazzzeitung.de\/cms\/wp-content\/uploads\/2022\/06\/Sebastian_Sternal_4_72.jpg?fit=700%2C467&ssl=1&resize=350%2C200","width":350,"height":200,"srcset":"https:\/\/i0.wp.com\/www.jazzzeitung.de\/cms\/wp-content\/uploads\/2022\/06\/Sebastian_Sternal_4_72.jpg?fit=700%2C467&ssl=1&resize=350%2C200 1x, https:\/\/i0.wp.com\/www.jazzzeitung.de\/cms\/wp-content\/uploads\/2022\/06\/Sebastian_Sternal_4_72.jpg?fit=700%2C467&ssl=1&resize=525%2C300 1.5x, https:\/\/i0.wp.com\/www.jazzzeitung.de\/cms\/wp-content\/uploads\/2022\/06\/Sebastian_Sternal_4_72.jpg?fit=700%2C467&ssl=1&resize=700%2C400 2x"},"classes":[]},{"id":5883,"url":"https:\/\/www.jazzzeitung.de\/cms\/2015\/04\/ein-funkelndes-universum-sebastian-sternals-symphonic-society\/","url_meta":{"origin":7814,"position":3},"title":"Funkelndes Universum: Sebastian Sternals \u201eSymphonic Society\u201c","author":"Redaktion JazzZeitung","date":"8. April 2015","format":false,"excerpt":"Von Dietrich Schlegel - Sebastian Sternal, viel gefragter und besch\u00e4ftigter Jazzpianist und einfallsreicher Komponist, hat sich drei Jahre nach dem Erfolg mit seiner \u201eSymphonic Society\u201c, einer aus ausgesuchten Jazzmusikern und einem klassischen Streichquartett bestehenden \u201esymphonischen Combo\u201c, erneut und noch weiter auf das Terrain des symphonischen Jazz vorgewagt. Auf die mit\u2026","rel":"","context":"In &quot;Portrait&quot;","block_context":{"text":"Portrait","link":"https:\/\/www.jazzzeitung.de\/cms\/thema\/portrait\/"},"img":{"alt_text":"","src":"https:\/\/i0.wp.com\/www.jazzzeitung.de\/cms\/wp-content\/uploads\/2015\/04\/0K3A7312-Randalu-Ko%C2%A8ster-dombr.jpg?resize=350%2C200","width":350,"height":200,"srcset":"https:\/\/i0.wp.com\/www.jazzzeitung.de\/cms\/wp-content\/uploads\/2015\/04\/0K3A7312-Randalu-Ko%C2%A8ster-dombr.jpg?resize=350%2C200 1x, https:\/\/i0.wp.com\/www.jazzzeitung.de\/cms\/wp-content\/uploads\/2015\/04\/0K3A7312-Randalu-Ko%C2%A8ster-dombr.jpg?resize=525%2C300 1.5x, https:\/\/i0.wp.com\/www.jazzzeitung.de\/cms\/wp-content\/uploads\/2015\/04\/0K3A7312-Randalu-Ko%C2%A8ster-dombr.jpg?resize=700%2C400 2x, https:\/\/i0.wp.com\/www.jazzzeitung.de\/cms\/wp-content\/uploads\/2015\/04\/0K3A7312-Randalu-Ko%C2%A8ster-dombr.jpg?resize=1050%2C600 3x"},"classes":[]},{"id":8783,"url":"https:\/\/www.jazzzeitung.de\/cms\/2016\/03\/neuer-deutscher-jazzpreis-mannheim-2016-die-gewinner\/","url_meta":{"origin":7814,"position":4},"title":"Neuer Deutscher Jazzpreis Mannheim 2016: die Gewinner","author":"Redaktion JazzZeitung","date":"21. M\u00e4rz 2016","format":false,"excerpt":"Bereits zum elften Mal fand am 18. und 19. M\u00e4rz 2016 in Mannheim das Festival des von der IG Jazz ausgeschriebenen Neuen Deutschen Jazzpreises statt. Es war wie auch in den Vorjahren ein voller Erfolg. Am Samstag Abend w\u00e4hlten die Zuschauer nach drei hochklassigen Konzerten in der ausverkauften Alten Feuerwache\u2026","rel":"","context":"In &quot;News&quot;","block_context":{"text":"News","link":"https:\/\/www.jazzzeitung.de\/cms\/thema\/nachrichten\/"},"img":{"alt_text":"Rainer_Boehm01","src":"https:\/\/i0.wp.com\/www.jazzzeitung.de\/cms\/wp-content\/uploads\/2016\/03\/rainer_b%C3%B6hm-150x150.jpg?resize=350%2C200","width":350,"height":200},"classes":[]},{"id":14388,"url":"https:\/\/www.jazzzeitung.de\/cms\/2017\/11\/weimar-large-ensemble-mit-jazz-studierenden-spielt-werke-von-oliver-nelson-und-frederik-koester\/","url_meta":{"origin":7814,"position":5},"title":"Weimar: \u201eLarge Ensemble\u201c mit Jazz-Studierenden spielt Werke von Oliver Nelson und Frederik K\u00f6ster","author":"Redaktion JazzZeitung","date":"23. November 2017","format":false,"excerpt":"Dieses Mal nicht als gro\u00dfes Jazzorchester, sondern als hochkar\u00e4tiges Dutzend formieren sich die Studierenden des Instituts f\u00fcr Neue Musik und Jazz Weimar zum \u201eLarge Ensemble\u201c. Auf dem Programm des abwechslungsreichen Jazzabends am Donnerstag, 30. November um 19:30 Uhr im Festsaal F\u00fcrstenhaus steht ein \u201eTribute to Oliver Nelson & The Ginsberg\u2026","rel":"","context":"In &quot;News&quot;","block_context":{"text":"News","link":"https:\/\/www.jazzzeitung.de\/cms\/thema\/nachrichten\/"},"img":{"alt_text":"Probenfoto \u201eLarge Ensemble\u201c. Foto: Maik Schuck","src":"https:\/\/i0.wp.com\/www.jazzzeitung.de\/cms\/wp-content\/uploads\/2017\/11\/Probe_Large_Ensemble_Foto_Maik_Schuck.jpg?fit=1200%2C801&ssl=1&resize=350%2C200","width":350,"height":200,"srcset":"https:\/\/i0.wp.com\/www.jazzzeitung.de\/cms\/wp-content\/uploads\/2017\/11\/Probe_Large_Ensemble_Foto_Maik_Schuck.jpg?fit=1200%2C801&ssl=1&resize=350%2C200 1x, https:\/\/i0.wp.com\/www.jazzzeitung.de\/cms\/wp-content\/uploads\/2017\/11\/Probe_Large_Ensemble_Foto_Maik_Schuck.jpg?fit=1200%2C801&ssl=1&resize=525%2C300 1.5x, https:\/\/i0.wp.com\/www.jazzzeitung.de\/cms\/wp-content\/uploads\/2017\/11\/Probe_Large_Ensemble_Foto_Maik_Schuck.jpg?fit=1200%2C801&ssl=1&resize=700%2C400 2x, https:\/\/i0.wp.com\/www.jazzzeitung.de\/cms\/wp-content\/uploads\/2017\/11\/Probe_Large_Ensemble_Foto_Maik_Schuck.jpg?fit=1200%2C801&ssl=1&resize=1050%2C600 3x"},"classes":[]}],"jetpack_sharing_enabled":true,"_links":{"self":[{"href":"https:\/\/www.jazzzeitung.de\/cms\/wp-json\/wp\/v2\/posts\/7814","targetHints":{"allow":["GET"]}}],"collection":[{"href":"https:\/\/www.jazzzeitung.de\/cms\/wp-json\/wp\/v2\/posts"}],"about":[{"href":"https:\/\/www.jazzzeitung.de\/cms\/wp-json\/wp\/v2\/types\/post"}],"author":[{"embeddable":true,"href":"https:\/\/www.jazzzeitung.de\/cms\/wp-json\/wp\/v2\/users\/18"}],"replies":[{"embeddable":true,"href":"https:\/\/www.jazzzeitung.de\/cms\/wp-json\/wp\/v2\/comments?post=7814"}],"version-history":[{"count":3,"href":"https:\/\/www.jazzzeitung.de\/cms\/wp-json\/wp\/v2\/posts\/7814\/revisions"}],"predecessor-version":[{"id":7816,"href":"https:\/\/www.jazzzeitung.de\/cms\/wp-json\/wp\/v2\/posts\/7814\/revisions\/7816"}],"wp:attachment":[{"href":"https:\/\/www.jazzzeitung.de\/cms\/wp-json\/wp\/v2\/media?parent=7814"}],"wp:term":[{"taxonomy":"category","embeddable":true,"href":"https:\/\/www.jazzzeitung.de\/cms\/wp-json\/wp\/v2\/categories?post=7814"},{"taxonomy":"post_tag","embeddable":true,"href":"https:\/\/www.jazzzeitung.de\/cms\/wp-json\/wp\/v2\/tags?post=7814"},{"taxonomy":"author","embeddable":true,"href":"https:\/\/www.jazzzeitung.de\/cms\/wp-json\/wp\/v2\/coauthors?post=7814"}],"curies":[{"name":"wp","href":"https:\/\/api.w.org\/{rel}","templated":true}]}}