{"id":7805,"date":"2015-11-24T10:23:39","date_gmt":"2015-11-24T09:23:39","guid":{"rendered":"http:\/\/www.jazzzeitung.de\/cms\/?p=7805"},"modified":"2015-11-24T10:23:39","modified_gmt":"2015-11-24T09:23:39","slug":"helge-kommt-nach-oberthulba","status":"publish","type":"post","link":"https:\/\/www.jazzzeitung.de\/cms\/2015\/11\/helge-kommt-nach-oberthulba\/","title":{"rendered":"HELGE kommt nach Oberthulba!"},"content":{"rendered":"<p><a href=\"https:\/\/i0.wp.com\/www.jazzzeitung.de\/cms\/wp-content\/uploads\/2015\/11\/Helge-13-M.jpg\"><img data-recalc-dims=\"1\" loading=\"lazy\" decoding=\"async\" data-attachment-id=\"7806\" data-permalink=\"https:\/\/www.jazzzeitung.de\/cms\/2015\/11\/helge-kommt-nach-oberthulba\/helge-13-m\/\" data-orig-file=\"https:\/\/i0.wp.com\/www.jazzzeitung.de\/cms\/wp-content\/uploads\/2015\/11\/Helge-13-M.jpg?fit=2598%2C1949&amp;ssl=1\" data-orig-size=\"2598,1949\" data-comments-opened=\"1\" data-image-meta=\"{&quot;aperture&quot;:&quot;5.6&quot;,&quot;credit&quot;:&quot;kaka dopulus&quot;,&quot;camera&quot;:&quot;Hasselblad H3D II-31&quot;,&quot;caption&quot;:&quot;&quot;,&quot;created_timestamp&quot;:&quot;1348362279&quot;,&quot;copyright&quot;:&quot;gymnasm&quot;,&quot;focal_length&quot;:&quot;80&quot;,&quot;iso&quot;:&quot;100&quot;,&quot;shutter_speed&quot;:&quot;0.008&quot;,&quot;title&quot;:&quot;&quot;,&quot;orientation&quot;:&quot;0&quot;}\" data-image-title=\"Helge 1,3 M\" data-image-description=\"\" data-image-caption=\"\" data-large-file=\"https:\/\/i0.wp.com\/www.jazzzeitung.de\/cms\/wp-content\/uploads\/2015\/11\/Helge-13-M.jpg?fit=800%2C600&amp;ssl=1\" class=\"alignright size-thumbnail wp-image-7806\" src=\"https:\/\/i0.wp.com\/www.jazzzeitung.de\/cms\/wp-content\/uploads\/2015\/11\/Helge-13-M-150x150.jpg?resize=150%2C150\" alt=\"Helge 1,3 M\" width=\"150\" height=\"150\" srcset=\"https:\/\/i0.wp.com\/www.jazzzeitung.de\/cms\/wp-content\/uploads\/2015\/11\/Helge-13-M.jpg?resize=150%2C150&amp;ssl=1 150w, https:\/\/i0.wp.com\/www.jazzzeitung.de\/cms\/wp-content\/uploads\/2015\/11\/Helge-13-M.jpg?resize=144%2C144&amp;ssl=1 144w, https:\/\/i0.wp.com\/www.jazzzeitung.de\/cms\/wp-content\/uploads\/2015\/11\/Helge-13-M.jpg?resize=96%2C96&amp;ssl=1 96w, https:\/\/i0.wp.com\/www.jazzzeitung.de\/cms\/wp-content\/uploads\/2015\/11\/Helge-13-M.jpg?resize=24%2C24&amp;ssl=1 24w, https:\/\/i0.wp.com\/www.jazzzeitung.de\/cms\/wp-content\/uploads\/2015\/11\/Helge-13-M.jpg?resize=36%2C36&amp;ssl=1 36w, https:\/\/i0.wp.com\/www.jazzzeitung.de\/cms\/wp-content\/uploads\/2015\/11\/Helge-13-M.jpg?resize=48%2C48&amp;ssl=1 48w, https:\/\/i0.wp.com\/www.jazzzeitung.de\/cms\/wp-content\/uploads\/2015\/11\/Helge-13-M.jpg?resize=64%2C64&amp;ssl=1 64w, https:\/\/i0.wp.com\/www.jazzzeitung.de\/cms\/wp-content\/uploads\/2015\/11\/Helge-13-M.jpg?resize=32%2C32&amp;ssl=1 32w, https:\/\/i0.wp.com\/www.jazzzeitung.de\/cms\/wp-content\/uploads\/2015\/11\/Helge-13-M.jpg?resize=128%2C128&amp;ssl=1 128w, https:\/\/i0.wp.com\/www.jazzzeitung.de\/cms\/wp-content\/uploads\/2015\/11\/Helge-13-M.jpg?zoom=2&amp;resize=150%2C150&amp;ssl=1 300w, https:\/\/i0.wp.com\/www.jazzzeitung.de\/cms\/wp-content\/uploads\/2015\/11\/Helge-13-M.jpg?zoom=3&amp;resize=150%2C150&amp;ssl=1 450w\" sizes=\"auto, (max-width: 150px) 100vw, 150px\" \/><\/a>Nach einem Jahr Konzert-Pause und Vorstellung seines Buches &#8222;Orang Utan Klaus&#8220; mit damit verbundener bundesweiter Vorlesereise kommt Helge Schneider vor seiner n\u00e4chsten gro\u00dfen Tournee &#8222;Lass Knacken Oppa&#8220; am Mittwoch, 02. Dezember 2015 um 20 Uhr auf die Piano-B\u00fchne. Bereits im Jahr 2003 gastierte Helge, damals mit Charly Antolini am Schlagzeug und Rocky Knauer am Bass, mit gro\u00dfem Publikumserfolg in Oberthulba. Der Deutschland-weit gefragte Jazz-Pianist, Unterhaltungsk\u00fcnstler, Komiker, Kabarettist, Schriftsteller, Film- und Theaterregisseur, Schauspieler, Multiinstrumentalist und Buchautor wird unter dem Motto &#8222;Back to the roots&#8220; \u00a0auftreten. Der Titel des Abends erinnert an Helges Zeit als junger, unbekannter Jazz-Pianist in M\u00fchlheim, wo er meist im Trio spielte. Am Steinway B-Fl\u00fcgel wird er \u00a0im kleinen exklusiven Rahmen der Piano-B\u00fchne zusammen mit seinen bew\u00e4hrten Sidemen Willy Ketzer am Schlagzeug und Kai Struwe am Bass Jazz mit eigenwilligen, kreativen , begeisternden \u00a0Improvisationen, humorvoll verpackt pr\u00e4sentieren.<\/p>\n<p>Karten unter Tel. 09736\/657\u00a0 oder\u00a0 <a href=\"http:\/\/www.piano.de\">www.piano.de<\/a>\u00a0 oder <a href=\"mailto:info@piano.de\">info@piano.de<\/a><\/p>\n<p><a href=\"http:\/\/www.helge-schneider.de\">www.helge-schneider.de<\/a><\/p>\n","protected":false},"excerpt":{"rendered":"<p>Nach einem Jahr Konzert-Pause und Vorstellung seines Buches &#8222;Orang Utan Klaus&#8220; mit damit verbundener bundesweiter Vorlesereise kommt Helge Schneider vor seiner n\u00e4chsten gro\u00dfen Tournee &#8222;Lass Knacken Oppa&#8220; am Mittwoch, 02. Dezember 2015 um 20 Uhr auf die Piano-B\u00fchne. Bereits im Jahr 2003 gastierte Helge, damals mit Charly Antolini am Schlagzeug und Rocky Knauer am Bass, mit gro\u00dfem Publikumserfolg in Oberthulba. Der Deutschland-weit gefragte Jazz-Pianist, Unterhaltungsk\u00fcnstler, Komiker, Kabarettist, Schriftsteller, Film- und Theaterregisseur, Schauspieler, Multiinstrumentalist und Buchautor wird unter dem Motto &#8222;Back to the roots&#8220; \u00a0auftreten. Der Titel des Abends erinnert an Helges Zeit als junger, unbekannter Jazz-Pianist in M\u00fchlheim, wo er meist im Trio spielte. Am Steinway B-Fl\u00fcgel wird er \u00a0im kleinen exklusiven Rahmen der Piano-B\u00fchne zusammen mit seinen bew\u00e4hrten Sidemen Willy Ketzer am Schlagzeug und Kai Struwe am Bass Jazz mit eigenwilligen, kreativen , begeisternden \u00a0Improvisationen, humorvoll verpackt pr\u00e4sentieren. Karten unter Tel. 09736\/657\u00a0 oder\u00a0 www.piano.de\u00a0 oder info@piano.de www.helge-schneider.de<\/p>\n","protected":false},"author":18,"featured_media":0,"comment_status":"open","ping_status":"closed","sticky":false,"template":"","format":"standard","meta":{"_jetpack_memberships_contains_paid_content":false,"footnotes":"","jetpack_publicize_message":"","jetpack_publicize_feature_enabled":true,"jetpack_social_post_already_shared":false,"jetpack_social_options":{"image_generator_settings":{"template":"highway","default_image_id":0,"font":"","enabled":false},"version":2}},"categories":[633],"tags":[137,220,322,442,1095],"coauthors":[695],"class_list":["post-7805","post","type-post","status-publish","format-standard","hentry","category-nachrichten","tag-deutschland","tag-helge-schneider","tag-konzert-2","tag-piano","tag-tournee"],"yoast_head":"<!-- This site is optimized with the Yoast SEO plugin v27.5 - https:\/\/yoast.com\/product\/yoast-seo-wordpress\/ -->\n<title>HELGE kommt nach Oberthulba! - JazzZeitung<\/title>\n<meta name=\"robots\" content=\"index, follow, max-snippet:-1, max-image-preview:large, max-video-preview:-1\" \/>\n<link rel=\"canonical\" href=\"https:\/\/www.jazzzeitung.de\/cms\/2015\/11\/helge-kommt-nach-oberthulba\/\" \/>\n<meta property=\"og:locale\" content=\"de_DE\" \/>\n<meta property=\"og:type\" content=\"article\" \/>\n<meta property=\"og:title\" content=\"HELGE kommt nach Oberthulba! - JazzZeitung\" \/>\n<meta property=\"og:description\" content=\"Nach einem Jahr Konzert-Pause und Vorstellung seines Buches &#8222;Orang Utan Klaus&#8220; mit damit verbundener bundesweiter Vorlesereise kommt Helge Schneider vor seiner n\u00e4chsten gro\u00dfen Tournee &#8222;Lass Knacken Oppa&#8220; am Mittwoch, 02. Dezember 2015 um 20 Uhr auf die Piano-B\u00fchne. Bereits im Jahr 2003 gastierte Helge, damals mit Charly Antolini am Schlagzeug und Rocky Knauer am Bass, mit gro\u00dfem Publikumserfolg in Oberthulba. Der Deutschland-weit gefragte Jazz-Pianist, Unterhaltungsk\u00fcnstler, Komiker, Kabarettist, Schriftsteller, Film- und Theaterregisseur, Schauspieler, Multiinstrumentalist und Buchautor wird unter dem Motto &#8222;Back to the roots&#8220; \u00a0auftreten. Der Titel des Abends erinnert an Helges Zeit als junger, unbekannter Jazz-Pianist in M\u00fchlheim, wo er meist im Trio spielte. Am Steinway B-Fl\u00fcgel wird er \u00a0im kleinen exklusiven Rahmen der Piano-B\u00fchne zusammen mit seinen bew\u00e4hrten Sidemen Willy Ketzer am Schlagzeug und Kai Struwe am Bass Jazz mit eigenwilligen, kreativen , begeisternden \u00a0Improvisationen, humorvoll verpackt pr\u00e4sentieren. Karten unter Tel. 09736\/657\u00a0 oder\u00a0 www.piano.de\u00a0 oder info@piano.de www.helge-schneider.de\" \/>\n<meta property=\"og:url\" content=\"https:\/\/www.jazzzeitung.de\/cms\/2015\/11\/helge-kommt-nach-oberthulba\/\" \/>\n<meta property=\"og:site_name\" content=\"JazzZeitung\" \/>\n<meta property=\"article:publisher\" content=\"https:\/\/www.facebook.com\/JazzZeitung\/\" \/>\n<meta property=\"article:published_time\" content=\"2015-11-24T09:23:39+00:00\" \/>\n<meta property=\"og:image\" content=\"http:\/\/www.jazzzeitung.de\/cms\/wp-content\/uploads\/2015\/11\/Helge-13-M-150x150.jpg\" \/>\n<meta name=\"author\" content=\"Redaktion JazzZeitung\" \/>\n<script type=\"application\/ld+json\" class=\"yoast-schema-graph\">{\"@context\":\"https:\\\/\\\/schema.org\",\"@graph\":[{\"@type\":\"Article\",\"@id\":\"https:\\\/\\\/www.jazzzeitung.de\\\/cms\\\/2015\\\/11\\\/helge-kommt-nach-oberthulba\\\/#article\",\"isPartOf\":{\"@id\":\"https:\\\/\\\/www.jazzzeitung.de\\\/cms\\\/2015\\\/11\\\/helge-kommt-nach-oberthulba\\\/\"},\"author\":{\"name\":\"Redaktion JazzZeitung\",\"@id\":\"https:\\\/\\\/www.jazzzeitung.de\\\/cms\\\/#\\\/schema\\\/person\\\/2245b36b9cd1d24cea10f01c031fb92b\"},\"headline\":\"HELGE kommt nach Oberthulba!\",\"datePublished\":\"2015-11-24T09:23:39+00:00\",\"mainEntityOfPage\":{\"@id\":\"https:\\\/\\\/www.jazzzeitung.de\\\/cms\\\/2015\\\/11\\\/helge-kommt-nach-oberthulba\\\/\"},\"wordCount\":162,\"commentCount\":0,\"publisher\":{\"@id\":\"https:\\\/\\\/www.jazzzeitung.de\\\/cms\\\/#organization\"},\"image\":{\"@id\":\"https:\\\/\\\/www.jazzzeitung.de\\\/cms\\\/2015\\\/11\\\/helge-kommt-nach-oberthulba\\\/#primaryimage\"},\"thumbnailUrl\":\"http:\\\/\\\/www.jazzzeitung.de\\\/cms\\\/wp-content\\\/uploads\\\/2015\\\/11\\\/Helge-13-M-150x150.jpg\",\"keywords\":[\"Deutschland\",\"Helge Schneider\",\"Konzert\",\"Piano\",\"Tournee\"],\"articleSection\":[\"News\"],\"inLanguage\":\"de\",\"potentialAction\":[{\"@type\":\"CommentAction\",\"name\":\"Comment\",\"target\":[\"https:\\\/\\\/www.jazzzeitung.de\\\/cms\\\/2015\\\/11\\\/helge-kommt-nach-oberthulba\\\/#respond\"]}]},{\"@type\":\"WebPage\",\"@id\":\"https:\\\/\\\/www.jazzzeitung.de\\\/cms\\\/2015\\\/11\\\/helge-kommt-nach-oberthulba\\\/\",\"url\":\"https:\\\/\\\/www.jazzzeitung.de\\\/cms\\\/2015\\\/11\\\/helge-kommt-nach-oberthulba\\\/\",\"name\":\"HELGE kommt nach Oberthulba! - JazzZeitung\",\"isPartOf\":{\"@id\":\"https:\\\/\\\/www.jazzzeitung.de\\\/cms\\\/#website\"},\"primaryImageOfPage\":{\"@id\":\"https:\\\/\\\/www.jazzzeitung.de\\\/cms\\\/2015\\\/11\\\/helge-kommt-nach-oberthulba\\\/#primaryimage\"},\"image\":{\"@id\":\"https:\\\/\\\/www.jazzzeitung.de\\\/cms\\\/2015\\\/11\\\/helge-kommt-nach-oberthulba\\\/#primaryimage\"},\"thumbnailUrl\":\"http:\\\/\\\/www.jazzzeitung.de\\\/cms\\\/wp-content\\\/uploads\\\/2015\\\/11\\\/Helge-13-M-150x150.jpg\",\"datePublished\":\"2015-11-24T09:23:39+00:00\",\"breadcrumb\":{\"@id\":\"https:\\\/\\\/www.jazzzeitung.de\\\/cms\\\/2015\\\/11\\\/helge-kommt-nach-oberthulba\\\/#breadcrumb\"},\"inLanguage\":\"de\",\"potentialAction\":[{\"@type\":\"ReadAction\",\"target\":[\"https:\\\/\\\/www.jazzzeitung.de\\\/cms\\\/2015\\\/11\\\/helge-kommt-nach-oberthulba\\\/\"]}]},{\"@type\":\"ImageObject\",\"inLanguage\":\"de\",\"@id\":\"https:\\\/\\\/www.jazzzeitung.de\\\/cms\\\/2015\\\/11\\\/helge-kommt-nach-oberthulba\\\/#primaryimage\",\"url\":\"http:\\\/\\\/www.jazzzeitung.de\\\/cms\\\/wp-content\\\/uploads\\\/2015\\\/11\\\/Helge-13-M-150x150.jpg\",\"contentUrl\":\"http:\\\/\\\/www.jazzzeitung.de\\\/cms\\\/wp-content\\\/uploads\\\/2015\\\/11\\\/Helge-13-M-150x150.jpg\"},{\"@type\":\"BreadcrumbList\",\"@id\":\"https:\\\/\\\/www.jazzzeitung.de\\\/cms\\\/2015\\\/11\\\/helge-kommt-nach-oberthulba\\\/#breadcrumb\",\"itemListElement\":[{\"@type\":\"ListItem\",\"position\":1,\"name\":\"Startseite\",\"item\":\"https:\\\/\\\/www.jazzzeitung.de\\\/cms\\\/\"},{\"@type\":\"ListItem\",\"position\":2,\"name\":\"HELGE kommt nach Oberthulba!\"}]},{\"@type\":\"WebSite\",\"@id\":\"https:\\\/\\\/www.jazzzeitung.de\\\/cms\\\/#website\",\"url\":\"https:\\\/\\\/www.jazzzeitung.de\\\/cms\\\/\",\"name\":\"JazzZeitung\",\"description\":\"Jazz-News und Jazz-Kontroverses\",\"publisher\":{\"@id\":\"https:\\\/\\\/www.jazzzeitung.de\\\/cms\\\/#organization\"},\"potentialAction\":[{\"@type\":\"SearchAction\",\"target\":{\"@type\":\"EntryPoint\",\"urlTemplate\":\"https:\\\/\\\/www.jazzzeitung.de\\\/cms\\\/?s={search_term_string}\"},\"query-input\":{\"@type\":\"PropertyValueSpecification\",\"valueRequired\":true,\"valueName\":\"search_term_string\"}}],\"inLanguage\":\"de\"},{\"@type\":\"Organization\",\"@id\":\"https:\\\/\\\/www.jazzzeitung.de\\\/cms\\\/#organization\",\"name\":\"JazzZeitung online\",\"url\":\"https:\\\/\\\/www.jazzzeitung.de\\\/cms\\\/\",\"logo\":{\"@type\":\"ImageObject\",\"inLanguage\":\"de\",\"@id\":\"https:\\\/\\\/www.jazzzeitung.de\\\/cms\\\/#\\\/schema\\\/logo\\\/image\\\/\",\"url\":\"https:\\\/\\\/i0.wp.com\\\/www.jazzzeitung.de\\\/cms\\\/wp-content\\\/uploads\\\/2015\\\/08\\\/JAZZZEITUNGDE_Logo_Neu.png?fit=499%2C200&ssl=1\",\"contentUrl\":\"https:\\\/\\\/i0.wp.com\\\/www.jazzzeitung.de\\\/cms\\\/wp-content\\\/uploads\\\/2015\\\/08\\\/JAZZZEITUNGDE_Logo_Neu.png?fit=499%2C200&ssl=1\",\"width\":499,\"height\":200,\"caption\":\"JazzZeitung online\"},\"image\":{\"@id\":\"https:\\\/\\\/www.jazzzeitung.de\\\/cms\\\/#\\\/schema\\\/logo\\\/image\\\/\"},\"sameAs\":[\"https:\\\/\\\/www.facebook.com\\\/JazzZeitung\\\/\"]},{\"@type\":\"Person\",\"@id\":\"https:\\\/\\\/www.jazzzeitung.de\\\/cms\\\/#\\\/schema\\\/person\\\/2245b36b9cd1d24cea10f01c031fb92b\",\"name\":\"Redaktion JazzZeitung\",\"image\":{\"@type\":\"ImageObject\",\"inLanguage\":\"de\",\"@id\":\"https:\\\/\\\/i0.wp.com\\\/www.jazzzeitung.de\\\/cms\\\/wp-content\\\/uploads\\\/2015\\\/08\\\/JAZZZEITUNGDE_Logo_Neu.png?resize=96%2C96&ssl=159975dcacb611b5700bd619b5daf0a7a\",\"url\":\"https:\\\/\\\/i0.wp.com\\\/www.jazzzeitung.de\\\/cms\\\/wp-content\\\/uploads\\\/2015\\\/08\\\/JAZZZEITUNGDE_Logo_Neu.png?resize=96%2C96&ssl=1\",\"contentUrl\":\"https:\\\/\\\/i0.wp.com\\\/www.jazzzeitung.de\\\/cms\\\/wp-content\\\/uploads\\\/2015\\\/08\\\/JAZZZEITUNGDE_Logo_Neu.png?resize=96%2C96&ssl=1\",\"caption\":\"Redaktion JazzZeitung\"},\"description\":\"Artikel der Redaktion der JazzZeitung.\",\"sameAs\":[\"http:\\\/\\\/www.jazzzeitung.de\\\/cms\\\/\"],\"url\":\"https:\\\/\\\/www.jazzzeitung.de\\\/cms\\\/author\\\/redaktion\\\/\"}]}<\/script>\n<!-- \/ Yoast SEO plugin. -->","yoast_head_json":{"title":"HELGE kommt nach Oberthulba! - JazzZeitung","robots":{"index":"index","follow":"follow","max-snippet":"max-snippet:-1","max-image-preview":"max-image-preview:large","max-video-preview":"max-video-preview:-1"},"canonical":"https:\/\/www.jazzzeitung.de\/cms\/2015\/11\/helge-kommt-nach-oberthulba\/","og_locale":"de_DE","og_type":"article","og_title":"HELGE kommt nach Oberthulba! - JazzZeitung","og_description":"Nach einem Jahr Konzert-Pause und Vorstellung seines Buches &#8222;Orang Utan Klaus&#8220; mit damit verbundener bundesweiter Vorlesereise kommt Helge Schneider vor seiner n\u00e4chsten gro\u00dfen Tournee &#8222;Lass Knacken Oppa&#8220; am Mittwoch, 02. Dezember 2015 um 20 Uhr auf die Piano-B\u00fchne. Bereits im Jahr 2003 gastierte Helge, damals mit Charly Antolini am Schlagzeug und Rocky Knauer am Bass, mit gro\u00dfem Publikumserfolg in Oberthulba. Der Deutschland-weit gefragte Jazz-Pianist, Unterhaltungsk\u00fcnstler, Komiker, Kabarettist, Schriftsteller, Film- und Theaterregisseur, Schauspieler, Multiinstrumentalist und Buchautor wird unter dem Motto &#8222;Back to the roots&#8220; \u00a0auftreten. Der Titel des Abends erinnert an Helges Zeit als junger, unbekannter Jazz-Pianist in M\u00fchlheim, wo er meist im Trio spielte. Am Steinway B-Fl\u00fcgel wird er \u00a0im kleinen exklusiven Rahmen der Piano-B\u00fchne zusammen mit seinen bew\u00e4hrten Sidemen Willy Ketzer am Schlagzeug und Kai Struwe am Bass Jazz mit eigenwilligen, kreativen , begeisternden \u00a0Improvisationen, humorvoll verpackt pr\u00e4sentieren. Karten unter Tel. 09736\/657\u00a0 oder\u00a0 www.piano.de\u00a0 oder info@piano.de www.helge-schneider.de","og_url":"https:\/\/www.jazzzeitung.de\/cms\/2015\/11\/helge-kommt-nach-oberthulba\/","og_site_name":"JazzZeitung","article_publisher":"https:\/\/www.facebook.com\/JazzZeitung\/","article_published_time":"2015-11-24T09:23:39+00:00","og_image":[{"url":"http:\/\/www.jazzzeitung.de\/cms\/wp-content\/uploads\/2015\/11\/Helge-13-M-150x150.jpg","type":"","width":"","height":""}],"author":"Redaktion JazzZeitung","schema":{"@context":"https:\/\/schema.org","@graph":[{"@type":"Article","@id":"https:\/\/www.jazzzeitung.de\/cms\/2015\/11\/helge-kommt-nach-oberthulba\/#article","isPartOf":{"@id":"https:\/\/www.jazzzeitung.de\/cms\/2015\/11\/helge-kommt-nach-oberthulba\/"},"author":{"name":"Redaktion JazzZeitung","@id":"https:\/\/www.jazzzeitung.de\/cms\/#\/schema\/person\/2245b36b9cd1d24cea10f01c031fb92b"},"headline":"HELGE kommt nach Oberthulba!","datePublished":"2015-11-24T09:23:39+00:00","mainEntityOfPage":{"@id":"https:\/\/www.jazzzeitung.de\/cms\/2015\/11\/helge-kommt-nach-oberthulba\/"},"wordCount":162,"commentCount":0,"publisher":{"@id":"https:\/\/www.jazzzeitung.de\/cms\/#organization"},"image":{"@id":"https:\/\/www.jazzzeitung.de\/cms\/2015\/11\/helge-kommt-nach-oberthulba\/#primaryimage"},"thumbnailUrl":"http:\/\/www.jazzzeitung.de\/cms\/wp-content\/uploads\/2015\/11\/Helge-13-M-150x150.jpg","keywords":["Deutschland","Helge Schneider","Konzert","Piano","Tournee"],"articleSection":["News"],"inLanguage":"de","potentialAction":[{"@type":"CommentAction","name":"Comment","target":["https:\/\/www.jazzzeitung.de\/cms\/2015\/11\/helge-kommt-nach-oberthulba\/#respond"]}]},{"@type":"WebPage","@id":"https:\/\/www.jazzzeitung.de\/cms\/2015\/11\/helge-kommt-nach-oberthulba\/","url":"https:\/\/www.jazzzeitung.de\/cms\/2015\/11\/helge-kommt-nach-oberthulba\/","name":"HELGE kommt nach Oberthulba! - JazzZeitung","isPartOf":{"@id":"https:\/\/www.jazzzeitung.de\/cms\/#website"},"primaryImageOfPage":{"@id":"https:\/\/www.jazzzeitung.de\/cms\/2015\/11\/helge-kommt-nach-oberthulba\/#primaryimage"},"image":{"@id":"https:\/\/www.jazzzeitung.de\/cms\/2015\/11\/helge-kommt-nach-oberthulba\/#primaryimage"},"thumbnailUrl":"http:\/\/www.jazzzeitung.de\/cms\/wp-content\/uploads\/2015\/11\/Helge-13-M-150x150.jpg","datePublished":"2015-11-24T09:23:39+00:00","breadcrumb":{"@id":"https:\/\/www.jazzzeitung.de\/cms\/2015\/11\/helge-kommt-nach-oberthulba\/#breadcrumb"},"inLanguage":"de","potentialAction":[{"@type":"ReadAction","target":["https:\/\/www.jazzzeitung.de\/cms\/2015\/11\/helge-kommt-nach-oberthulba\/"]}]},{"@type":"ImageObject","inLanguage":"de","@id":"https:\/\/www.jazzzeitung.de\/cms\/2015\/11\/helge-kommt-nach-oberthulba\/#primaryimage","url":"http:\/\/www.jazzzeitung.de\/cms\/wp-content\/uploads\/2015\/11\/Helge-13-M-150x150.jpg","contentUrl":"http:\/\/www.jazzzeitung.de\/cms\/wp-content\/uploads\/2015\/11\/Helge-13-M-150x150.jpg"},{"@type":"BreadcrumbList","@id":"https:\/\/www.jazzzeitung.de\/cms\/2015\/11\/helge-kommt-nach-oberthulba\/#breadcrumb","itemListElement":[{"@type":"ListItem","position":1,"name":"Startseite","item":"https:\/\/www.jazzzeitung.de\/cms\/"},{"@type":"ListItem","position":2,"name":"HELGE kommt nach Oberthulba!"}]},{"@type":"WebSite","@id":"https:\/\/www.jazzzeitung.de\/cms\/#website","url":"https:\/\/www.jazzzeitung.de\/cms\/","name":"JazzZeitung","description":"Jazz-News und Jazz-Kontroverses","publisher":{"@id":"https:\/\/www.jazzzeitung.de\/cms\/#organization"},"potentialAction":[{"@type":"SearchAction","target":{"@type":"EntryPoint","urlTemplate":"https:\/\/www.jazzzeitung.de\/cms\/?s={search_term_string}"},"query-input":{"@type":"PropertyValueSpecification","valueRequired":true,"valueName":"search_term_string"}}],"inLanguage":"de"},{"@type":"Organization","@id":"https:\/\/www.jazzzeitung.de\/cms\/#organization","name":"JazzZeitung online","url":"https:\/\/www.jazzzeitung.de\/cms\/","logo":{"@type":"ImageObject","inLanguage":"de","@id":"https:\/\/www.jazzzeitung.de\/cms\/#\/schema\/logo\/image\/","url":"https:\/\/i0.wp.com\/www.jazzzeitung.de\/cms\/wp-content\/uploads\/2015\/08\/JAZZZEITUNGDE_Logo_Neu.png?fit=499%2C200&ssl=1","contentUrl":"https:\/\/i0.wp.com\/www.jazzzeitung.de\/cms\/wp-content\/uploads\/2015\/08\/JAZZZEITUNGDE_Logo_Neu.png?fit=499%2C200&ssl=1","width":499,"height":200,"caption":"JazzZeitung online"},"image":{"@id":"https:\/\/www.jazzzeitung.de\/cms\/#\/schema\/logo\/image\/"},"sameAs":["https:\/\/www.facebook.com\/JazzZeitung\/"]},{"@type":"Person","@id":"https:\/\/www.jazzzeitung.de\/cms\/#\/schema\/person\/2245b36b9cd1d24cea10f01c031fb92b","name":"Redaktion JazzZeitung","image":{"@type":"ImageObject","inLanguage":"de","@id":"https:\/\/i0.wp.com\/www.jazzzeitung.de\/cms\/wp-content\/uploads\/2015\/08\/JAZZZEITUNGDE_Logo_Neu.png?resize=96%2C96&ssl=159975dcacb611b5700bd619b5daf0a7a","url":"https:\/\/i0.wp.com\/www.jazzzeitung.de\/cms\/wp-content\/uploads\/2015\/08\/JAZZZEITUNGDE_Logo_Neu.png?resize=96%2C96&ssl=1","contentUrl":"https:\/\/i0.wp.com\/www.jazzzeitung.de\/cms\/wp-content\/uploads\/2015\/08\/JAZZZEITUNGDE_Logo_Neu.png?resize=96%2C96&ssl=1","caption":"Redaktion JazzZeitung"},"description":"Artikel der Redaktion der JazzZeitung.","sameAs":["http:\/\/www.jazzzeitung.de\/cms\/"],"url":"https:\/\/www.jazzzeitung.de\/cms\/author\/redaktion\/"}]}},"wp-worthy-pixel":{"ignored":false,"public":null,"server":null,"url":null},"wp-worthy-type":"normal","jetpack_publicize_connections":[],"cc_featured_image_caption":{"caption_text":false,"source_text":false,"source_url":false},"jetpack_featured_media_url":"","jetpack_shortlink":"https:\/\/wp.me\/p3KEcT-21T","jetpack-related-posts":[{"id":11619,"url":"https:\/\/www.jazzzeitung.de\/cms\/2017\/02\/helge-kommt-nach-oberthulba-2\/","url_meta":{"origin":7805,"position":0},"title":"+++ Helge kommt&#8230; nach Oberthulba +++","author":"Redaktion JazzZeitung","date":"6. Februar 2017","format":false,"excerpt":"Bereits zum dritten Mal gibt sich Helge Schneider die Ehre - am Samstag 18. Februar 2017 um 20 Uhr auf der Piano-B\u00fchne in 97723 Oberthulba: Helge Schneider & Pete York\u00a0 \"the art of swing\". Mit dem bekannten Drummer Pete York, ehemals Spencer Davis Group, wird Helge sein creatives Musikexperiment ,\u2026","rel":"","context":"In &quot;News&quot;","block_context":{"text":"News","link":"https:\/\/www.jazzzeitung.de\/cms\/thema\/nachrichten\/"},"img":{"alt_text":"","src":"https:\/\/i0.wp.com\/www.jazzzeitung.de\/cms\/wp-content\/uploads\/2017\/02\/Helge-14MB-e1486371168740-150x150.jpg?resize=350%2C200","width":350,"height":200},"classes":[]},{"id":7920,"url":"https:\/\/www.jazzzeitung.de\/cms\/2015\/12\/helge-schneider-rockte-die-piano-buehne-oberthulba\/","url_meta":{"origin":7805,"position":1},"title":"Helge Schneider rockte die Piano-B\u00fchne in Oberthulba","author":"Redaktion JazzZeitung","date":"9. Dezember 2015","format":false,"excerpt":"Ein Live-Bericht vom 2.12.2105 des Veranstalters Peter Kleinhenz - Aus Oberhausen vom Konzert am Vortag\u00a0durch viele Baustellen versp\u00e4tet angereist \u00fcberpr\u00fcfte Helge Schneider erst mal professionell den Fl\u00fcgel, die B\u00fchnenaufstellung und die Mikrofone des BR. Nach mehrfachen Tests wurde dann doch ein gr\u00f6\u00dferer Fl\u00fcgel, n\u00e4mlich ein Steinway D 274, auf die\u2026","rel":"","context":"In &quot;Bericht&quot;","block_context":{"text":"Bericht","link":"https:\/\/www.jazzzeitung.de\/cms\/thema\/bericht\/"},"img":{"alt_text":"SONY DSC","src":"https:\/\/i0.wp.com\/www.jazzzeitung.de\/cms\/wp-content\/uploads\/2015\/12\/DSC03037-150x150.jpg?resize=350%2C200","width":350,"height":200},"classes":[]},{"id":8531,"url":"https:\/\/www.jazzzeitung.de\/cms\/2016\/02\/news-boogie-woogie-blues-piano-die-klaenge-der-anderen-neuer-deutscher-jazzpreis-mannheim-2016\/","url_meta":{"origin":7805,"position":2},"title":"+++ News +++ Boogie &#038; Woogie-Blues-Piano +++ Die Kl\u00e4nge der Anderen +++ Neuer Deutscher Jazzpreis Mannheim 2016 +++","author":"Redaktion JazzZeitung","date":"26. Februar 2016","format":false,"excerpt":"+++ Boogie & Woogie-Blues-Piano +++ Der Hamburger Axel Zwingenberger spielt am Freitag, den 11. M\u00e4rz 2016 Blues und Boogie & Woogie auf der Piano-B\u00fchne Oberthulba. Seit 2001 ist der aus Radio und TV bekannte Pianist Stammgast auf dieser B\u00fchne. Er trat unter anderem mit Llionel Hampton, Ray Briant, Charly Watts\u2026","rel":"","context":"In &quot;News&quot;","block_context":{"text":"News","link":"https:\/\/www.jazzzeitung.de\/cms\/thema\/nachrichten\/"},"img":{"alt_text":"","src":"https:\/\/i0.wp.com\/www.jazzzeitung.de\/cms\/wp-content\/uploads\/2016\/02\/Zwingenberger-300x200.jpg?resize=350%2C200","width":350,"height":200},"classes":[]},{"id":31147,"url":"https:\/\/www.jazzzeitung.de\/cms\/2024\/06\/terrence-ngassa-willy-ketzer-trio-auf-piano-buehne-oberthulba\/","url_meta":{"origin":7805,"position":3},"title":"Terrence Ngassa &#038; Willy-Ketzer-Trio auf Piano-B\u00fchne Oberthulba","author":"Redaktion JazzZeitung","date":"5. Juni 2024","format":false,"excerpt":"(Pressemeldung) Am Mittwoch den 3. Juli 2024 ab 20 Uhr findet auf der Piano-B\u00fchne, 97723 Oberthulba wieder ein spektakul\u00e4res Konzert statt. Unter dem Titel \"Funky Louis Armstrong\" musizieren das Terrence Ngassa & Willy-Ketzer-Trio (ehem. Paul-Kuhn-Trio) in der Besetzung Terrence Ngassa (Vocals\/Trumpet), Jan Eschke (Piano), Jens Foltinovicz (Bass) und Willy Ketzer\u2026","rel":"","context":"In &quot;News&quot;","block_context":{"text":"News","link":"https:\/\/www.jazzzeitung.de\/cms\/thema\/nachrichten\/"},"img":{"alt_text":"","src":"https:\/\/i0.wp.com\/www.jazzzeitung.de\/cms\/wp-content\/uploads\/2024\/06\/ngassa-scaled.jpg?fit=1200%2C798&ssl=1&resize=350%2C200","width":350,"height":200,"srcset":"https:\/\/i0.wp.com\/www.jazzzeitung.de\/cms\/wp-content\/uploads\/2024\/06\/ngassa-scaled.jpg?fit=1200%2C798&ssl=1&resize=350%2C200 1x, https:\/\/i0.wp.com\/www.jazzzeitung.de\/cms\/wp-content\/uploads\/2024\/06\/ngassa-scaled.jpg?fit=1200%2C798&ssl=1&resize=525%2C300 1.5x, https:\/\/i0.wp.com\/www.jazzzeitung.de\/cms\/wp-content\/uploads\/2024\/06\/ngassa-scaled.jpg?fit=1200%2C798&ssl=1&resize=700%2C400 2x, https:\/\/i0.wp.com\/www.jazzzeitung.de\/cms\/wp-content\/uploads\/2024\/06\/ngassa-scaled.jpg?fit=1200%2C798&ssl=1&resize=1050%2C600 3x"},"classes":[]},{"id":33477,"url":"https:\/\/www.jazzzeitung.de\/cms\/2025\/12\/piano-buehne-oberthulba-wird-25-konzert-mit-al-jones\/","url_meta":{"origin":7805,"position":4},"title":"Piano-B\u00fchne Oberthulba wird 25, Konzert mit Al Jones","author":"Redaktion JazzZeitung","date":"15. Dezember 2025","format":false,"excerpt":"(PM) Die Piano-B\u00fchne von Peter Kleinhenz wird 2026 nun 25 Jahre alt. Die Genres Jazz, Blues, Funky Soul, R&B und Comedy werden vorrangig gespielt.\u00a0Die B\u00fchne wird von Peter und Beatrix Kleinhenz mit viel Leidenschaft und Einsatz zusammen mit Verwandtschaft und angestellten Helfern betrieben. Finanziert wird sie ausschlie\u00dflich \u00fcber die Ticketpreise,\u2026","rel":"","context":"In &quot;News&quot;","block_context":{"text":"News","link":"https:\/\/www.jazzzeitung.de\/cms\/thema\/nachrichten\/"},"img":{"alt_text":"","src":"https:\/\/i0.wp.com\/www.jazzzeitung.de\/cms\/wp-content\/uploads\/2025\/12\/kleinhenz1-scaled.jpg?fit=1200%2C800&ssl=1&resize=350%2C200","width":350,"height":200,"srcset":"https:\/\/i0.wp.com\/www.jazzzeitung.de\/cms\/wp-content\/uploads\/2025\/12\/kleinhenz1-scaled.jpg?fit=1200%2C800&ssl=1&resize=350%2C200 1x, https:\/\/i0.wp.com\/www.jazzzeitung.de\/cms\/wp-content\/uploads\/2025\/12\/kleinhenz1-scaled.jpg?fit=1200%2C800&ssl=1&resize=525%2C300 1.5x, https:\/\/i0.wp.com\/www.jazzzeitung.de\/cms\/wp-content\/uploads\/2025\/12\/kleinhenz1-scaled.jpg?fit=1200%2C800&ssl=1&resize=700%2C400 2x, https:\/\/i0.wp.com\/www.jazzzeitung.de\/cms\/wp-content\/uploads\/2025\/12\/kleinhenz1-scaled.jpg?fit=1200%2C800&ssl=1&resize=1050%2C600 3x"},"classes":[]},{"id":3001,"url":"https:\/\/www.jazzzeitung.de\/cms\/2013\/11\/helge-schneider-und-der-jazz\/","url_meta":{"origin":7805,"position":5},"title":"Helge Schneider und der Jazz","author":"Redaktion JazzZeitung","date":"12. November 2013","format":false,"excerpt":"Ein Ausschnitt aus einem Interview von Ulrich Habersetzer in der aktuellen Printausgabe der JazzZeitung 5-13 - \"Helge Schneider ist ein Gesamtkunstwerk: Musikclown, Komiker, Schauspieler, Filmemacher, aber auch gro\u00dfartiger Jazzmusiker und genialer Improvisator. Auf fast allen seiner CDs finden sich zwischen den Helge-Schneider-Spa\u00dfliedern auch Jazzstandards. In seiner Live-Band spielen Jazzgr\u00f6\u00dfen wie\u2026","rel":"","context":"In &quot;JazzZeitung (print)&quot;","block_context":{"text":"JazzZeitung (print)","link":"https:\/\/www.jazzzeitung.de\/cms\/thema\/archiv\/jazzzeitung-print\/"},"img":{"alt_text":"Foto: Ulrich Habersetzer","src":"https:\/\/i0.wp.com\/www.jazzzeitung.de\/cms\/wp-content\/uploads\/2013\/11\/Helge1-150x150.jpg?resize=350%2C200","width":350,"height":200},"classes":[]}],"jetpack_sharing_enabled":true,"_links":{"self":[{"href":"https:\/\/www.jazzzeitung.de\/cms\/wp-json\/wp\/v2\/posts\/7805","targetHints":{"allow":["GET"]}}],"collection":[{"href":"https:\/\/www.jazzzeitung.de\/cms\/wp-json\/wp\/v2\/posts"}],"about":[{"href":"https:\/\/www.jazzzeitung.de\/cms\/wp-json\/wp\/v2\/types\/post"}],"author":[{"embeddable":true,"href":"https:\/\/www.jazzzeitung.de\/cms\/wp-json\/wp\/v2\/users\/18"}],"replies":[{"embeddable":true,"href":"https:\/\/www.jazzzeitung.de\/cms\/wp-json\/wp\/v2\/comments?post=7805"}],"version-history":[{"count":2,"href":"https:\/\/www.jazzzeitung.de\/cms\/wp-json\/wp\/v2\/posts\/7805\/revisions"}],"predecessor-version":[{"id":7808,"href":"https:\/\/www.jazzzeitung.de\/cms\/wp-json\/wp\/v2\/posts\/7805\/revisions\/7808"}],"wp:attachment":[{"href":"https:\/\/www.jazzzeitung.de\/cms\/wp-json\/wp\/v2\/media?parent=7805"}],"wp:term":[{"taxonomy":"category","embeddable":true,"href":"https:\/\/www.jazzzeitung.de\/cms\/wp-json\/wp\/v2\/categories?post=7805"},{"taxonomy":"post_tag","embeddable":true,"href":"https:\/\/www.jazzzeitung.de\/cms\/wp-json\/wp\/v2\/tags?post=7805"},{"taxonomy":"author","embeddable":true,"href":"https:\/\/www.jazzzeitung.de\/cms\/wp-json\/wp\/v2\/coauthors?post=7805"}],"curies":[{"name":"wp","href":"https:\/\/api.w.org\/{rel}","templated":true}]}}