{"id":7785,"date":"2015-11-20T12:10:13","date_gmt":"2015-11-20T11:10:13","guid":{"rendered":"http:\/\/www.jazzzeitung.de\/cms\/?p=7785"},"modified":"2015-11-20T12:09:59","modified_gmt":"2015-11-20T11:09:59","slug":"7785","status":"publish","type":"post","link":"https:\/\/www.jazzzeitung.de\/cms\/2015\/11\/7785\/","title":{"rendered":"Kamasi Washington in der Unterfahrt \u2013 ganz gro\u00dfer Bahnhof"},"content":{"rendered":"<div class=\"tiled-gallery type-rectangular tiled-gallery-unresized\" data-original-width=\"840\" data-carousel-extra='{&quot;blog_id&quot;:1,&quot;permalink&quot;:&quot;https:\\\/\\\/www.jazzzeitung.de\\\/cms\\\/2015\\\/11\\\/7785\\\/&quot;,&quot;likes_blog_id&quot;:55446655}' itemscope itemtype=\"http:\/\/schema.org\/ImageGallery\" > <div class=\"gallery-row\" style=\"width: 840px; height: 418px;\" data-original-width=\"840\" data-original-height=\"418\" > <div class=\"gallery-group images-1\" style=\"width: 280px; height: 418px;\" data-original-width=\"280\" data-original-height=\"418\" > <div class=\"tiled-gallery-item tiled-gallery-item-large\" itemprop=\"associatedMedia\" itemscope itemtype=\"http:\/\/schema.org\/ImageObject\"> <a href=\"https:\/\/www.jazzzeitung.de\/cms\/2015\/11\/7785\/p1110609-washington-kamasi-foto-tj-krebs-jazzphotoagency\/\" border=\"0\" itemprop=\"url\"> <meta itemprop=\"width\" content=\"276\"> <meta itemprop=\"height\" content=\"414\"> <img decoding=\"async\" class=\"\" data-attachment-id=\"7786\" data-orig-file=\"https:\/\/www.jazzzeitung.de\/cms\/wp-content\/uploads\/2015\/11\/P1110609-Washington-Kamasi-Foto-TJ-Krebs-jazzphotoagency.jpg\" data-orig-size=\"3064,4592\" data-comments-opened=\"1\" data-image-meta=\"{&quot;aperture&quot;:&quot;0&quot;,&quot;credit&quot;:&quot;&quot;,&quot;camera&quot;:&quot;&quot;,&quot;caption&quot;:&quot;&quot;,&quot;created_timestamp&quot;:&quot;0&quot;,&quot;copyright&quot;:&quot;&quot;,&quot;focal_length&quot;:&quot;0&quot;,&quot;iso&quot;:&quot;0&quot;,&quot;shutter_speed&quot;:&quot;0&quot;,&quot;title&quot;:&quot;&quot;,&quot;orientation&quot;:&quot;0&quot;}\" data-image-title=\"P1110609 Washington, Kamasi &amp;#8211; Foto TJ Krebs jazzphotoagency\" data-image-description=\"\" data-medium-file=\"https:\/\/i0.wp.com\/www.jazzzeitung.de\/cms\/wp-content\/uploads\/2015\/11\/P1110609-Washington-Kamasi-Foto-TJ-Krebs-jazzphotoagency.jpg?fit=200%2C300&#038;ssl=1\" data-large-file=\"https:\/\/i0.wp.com\/www.jazzzeitung.de\/cms\/wp-content\/uploads\/2015\/11\/P1110609-Washington-Kamasi-Foto-TJ-Krebs-jazzphotoagency.jpg?fit=400%2C600&#038;ssl=1\" src=\"https:\/\/i0.wp.com\/www.jazzzeitung.de\/cms\/wp-content\/uploads\/2015\/11\/P1110609-Washington-Kamasi-Foto-TJ-Krebs-jazzphotoagency.jpg?w=276&#038;h=414&#038;ssl=1\" srcset=\"https:\/\/i0.wp.com\/www.jazzzeitung.de\/cms\/wp-content\/uploads\/2015\/11\/P1110609-Washington-Kamasi-Foto-TJ-Krebs-jazzphotoagency.jpg?w=3064&amp;ssl=1 3064w, https:\/\/i0.wp.com\/www.jazzzeitung.de\/cms\/wp-content\/uploads\/2015\/11\/P1110609-Washington-Kamasi-Foto-TJ-Krebs-jazzphotoagency.jpg?resize=200%2C300&amp;ssl=1 200w, https:\/\/i0.wp.com\/www.jazzzeitung.de\/cms\/wp-content\/uploads\/2015\/11\/P1110609-Washington-Kamasi-Foto-TJ-Krebs-jazzphotoagency.jpg?resize=400%2C600&amp;ssl=1 400w, https:\/\/i0.wp.com\/www.jazzzeitung.de\/cms\/wp-content\/uploads\/2015\/11\/P1110609-Washington-Kamasi-Foto-TJ-Krebs-jazzphotoagency.jpg?resize=900%2C1349&amp;ssl=1 900w, https:\/\/i0.wp.com\/www.jazzzeitung.de\/cms\/wp-content\/uploads\/2015\/11\/P1110609-Washington-Kamasi-Foto-TJ-Krebs-jazzphotoagency.jpg?w=1680&amp;ssl=1 1680w, https:\/\/i0.wp.com\/www.jazzzeitung.de\/cms\/wp-content\/uploads\/2015\/11\/P1110609-Washington-Kamasi-Foto-TJ-Krebs-jazzphotoagency.jpg?w=2520&amp;ssl=1 2520w\" width=\"276\" height=\"414\" loading=\"lazy\" data-original-width=\"276\" data-original-height=\"414\" itemprop=\"http:\/\/schema.org\/image\" title=\"P1110609 Washington, Kamasi - Foto TJ Krebs jazzphotoagency\" alt=\"Bandleader Kamasi Washington. Patrice Quenn. Foto: Thomas J. Krebs\" style=\"width: 276px; height: 414px;\" \/> <\/a> <div class=\"tiled-gallery-caption\" itemprop=\"caption description\"> Bandleader Kamasi Washington. Patrice Quenn. Foto: Thomas J. Krebs <\/div> <\/div> <\/div> <!-- close group --> <div class=\"gallery-group images-1\" style=\"width: 280px; height: 418px;\" data-original-width=\"280\" data-original-height=\"418\" > <div class=\"tiled-gallery-item tiled-gallery-item-large\" itemprop=\"associatedMedia\" itemscope itemtype=\"http:\/\/schema.org\/ImageObject\"> <a href=\"https:\/\/www.jazzzeitung.de\/cms\/2015\/11\/7785\/p1620438-mosley-miles-foto-tj-krebs-jazzphotoagency\/\" border=\"0\" itemprop=\"url\"> <meta itemprop=\"width\" content=\"276\"> <meta itemprop=\"height\" content=\"414\"> <img decoding=\"async\" class=\"\" data-attachment-id=\"7794\" data-orig-file=\"https:\/\/www.jazzzeitung.de\/cms\/wp-content\/uploads\/2015\/11\/P1620438-Mosley-Miles-Foto-TJ-Krebs-jazzphotoagency.jpg\" data-orig-size=\"3072,4608\" data-comments-opened=\"1\" data-image-meta=\"{&quot;aperture&quot;:&quot;0&quot;,&quot;credit&quot;:&quot;&quot;,&quot;camera&quot;:&quot;&quot;,&quot;caption&quot;:&quot;&quot;,&quot;created_timestamp&quot;:&quot;0&quot;,&quot;copyright&quot;:&quot;&quot;,&quot;focal_length&quot;:&quot;0&quot;,&quot;iso&quot;:&quot;0&quot;,&quot;shutter_speed&quot;:&quot;0&quot;,&quot;title&quot;:&quot;&quot;,&quot;orientation&quot;:&quot;0&quot;}\" data-image-title=\"P1620438 Mosley, Miles &amp;#8211; Foto TJ Krebs jazzphotoagency\" data-image-description=\"\" data-medium-file=\"https:\/\/i0.wp.com\/www.jazzzeitung.de\/cms\/wp-content\/uploads\/2015\/11\/P1620438-Mosley-Miles-Foto-TJ-Krebs-jazzphotoagency.jpg?fit=200%2C300&#038;ssl=1\" data-large-file=\"https:\/\/i0.wp.com\/www.jazzzeitung.de\/cms\/wp-content\/uploads\/2015\/11\/P1620438-Mosley-Miles-Foto-TJ-Krebs-jazzphotoagency.jpg?fit=400%2C600&#038;ssl=1\" src=\"https:\/\/i0.wp.com\/www.jazzzeitung.de\/cms\/wp-content\/uploads\/2015\/11\/P1620438-Mosley-Miles-Foto-TJ-Krebs-jazzphotoagency.jpg?w=276&#038;h=414&#038;ssl=1\" srcset=\"https:\/\/i0.wp.com\/www.jazzzeitung.de\/cms\/wp-content\/uploads\/2015\/11\/P1620438-Mosley-Miles-Foto-TJ-Krebs-jazzphotoagency.jpg?w=3072&amp;ssl=1 3072w, https:\/\/i0.wp.com\/www.jazzzeitung.de\/cms\/wp-content\/uploads\/2015\/11\/P1620438-Mosley-Miles-Foto-TJ-Krebs-jazzphotoagency.jpg?resize=200%2C300&amp;ssl=1 200w, https:\/\/i0.wp.com\/www.jazzzeitung.de\/cms\/wp-content\/uploads\/2015\/11\/P1620438-Mosley-Miles-Foto-TJ-Krebs-jazzphotoagency.jpg?resize=400%2C600&amp;ssl=1 400w, https:\/\/i0.wp.com\/www.jazzzeitung.de\/cms\/wp-content\/uploads\/2015\/11\/P1620438-Mosley-Miles-Foto-TJ-Krebs-jazzphotoagency.jpg?resize=900%2C1350&amp;ssl=1 900w, https:\/\/i0.wp.com\/www.jazzzeitung.de\/cms\/wp-content\/uploads\/2015\/11\/P1620438-Mosley-Miles-Foto-TJ-Krebs-jazzphotoagency.jpg?w=1680&amp;ssl=1 1680w, https:\/\/i0.wp.com\/www.jazzzeitung.de\/cms\/wp-content\/uploads\/2015\/11\/P1620438-Mosley-Miles-Foto-TJ-Krebs-jazzphotoagency.jpg?w=2520&amp;ssl=1 2520w\" width=\"276\" height=\"414\" loading=\"lazy\" data-original-width=\"276\" data-original-height=\"414\" itemprop=\"http:\/\/schema.org\/image\" title=\"P1620438 Mosley, Miles - Foto TJ Krebs jazzphotoagency\" alt=\"Miles Mosley. Foto: Thomas J. Krebs\" style=\"width: 276px; height: 414px;\" \/> <\/a> <div class=\"tiled-gallery-caption\" itemprop=\"caption description\"> Miles Mosley. Foto: Thomas J. Krebs <\/div> <\/div> <\/div> <!-- close group --> <div class=\"gallery-group images-1\" style=\"width: 280px; height: 418px;\" data-original-width=\"280\" data-original-height=\"418\" > <div class=\"tiled-gallery-item tiled-gallery-item-large\" itemprop=\"associatedMedia\" itemscope itemtype=\"http:\/\/schema.org\/ImageObject\"> <a href=\"https:\/\/www.jazzzeitung.de\/cms\/2015\/11\/7785\/p1620386-washington-rickey-foto-tj-krebs-jazzphotoagency\/\" border=\"0\" itemprop=\"url\"> <meta itemprop=\"width\" content=\"276\"> <meta itemprop=\"height\" content=\"414\"> <img decoding=\"async\" class=\"\" data-attachment-id=\"7793\" data-orig-file=\"https:\/\/www.jazzzeitung.de\/cms\/wp-content\/uploads\/2015\/11\/P1620386-Washington-Rickey-Foto-TJ-Krebs-jazzphotoagency.jpg\" data-orig-size=\"3072,4608\" data-comments-opened=\"1\" data-image-meta=\"{&quot;aperture&quot;:&quot;0&quot;,&quot;credit&quot;:&quot;&quot;,&quot;camera&quot;:&quot;&quot;,&quot;caption&quot;:&quot;&quot;,&quot;created_timestamp&quot;:&quot;0&quot;,&quot;copyright&quot;:&quot;&quot;,&quot;focal_length&quot;:&quot;0&quot;,&quot;iso&quot;:&quot;0&quot;,&quot;shutter_speed&quot;:&quot;0&quot;,&quot;title&quot;:&quot;&quot;,&quot;orientation&quot;:&quot;0&quot;}\" data-image-title=\"P1620386 Washington, Rickey &amp;#8211; Foto TJ Krebs jazzphotoagency\" data-image-description=\"\" data-medium-file=\"https:\/\/i0.wp.com\/www.jazzzeitung.de\/cms\/wp-content\/uploads\/2015\/11\/P1620386-Washington-Rickey-Foto-TJ-Krebs-jazzphotoagency.jpg?fit=200%2C300&#038;ssl=1\" data-large-file=\"https:\/\/i0.wp.com\/www.jazzzeitung.de\/cms\/wp-content\/uploads\/2015\/11\/P1620386-Washington-Rickey-Foto-TJ-Krebs-jazzphotoagency.jpg?fit=400%2C600&#038;ssl=1\" src=\"https:\/\/i0.wp.com\/www.jazzzeitung.de\/cms\/wp-content\/uploads\/2015\/11\/P1620386-Washington-Rickey-Foto-TJ-Krebs-jazzphotoagency.jpg?w=276&#038;h=414&#038;ssl=1\" srcset=\"https:\/\/i0.wp.com\/www.jazzzeitung.de\/cms\/wp-content\/uploads\/2015\/11\/P1620386-Washington-Rickey-Foto-TJ-Krebs-jazzphotoagency.jpg?w=3072&amp;ssl=1 3072w, https:\/\/i0.wp.com\/www.jazzzeitung.de\/cms\/wp-content\/uploads\/2015\/11\/P1620386-Washington-Rickey-Foto-TJ-Krebs-jazzphotoagency.jpg?resize=200%2C300&amp;ssl=1 200w, https:\/\/i0.wp.com\/www.jazzzeitung.de\/cms\/wp-content\/uploads\/2015\/11\/P1620386-Washington-Rickey-Foto-TJ-Krebs-jazzphotoagency.jpg?resize=400%2C600&amp;ssl=1 400w, https:\/\/i0.wp.com\/www.jazzzeitung.de\/cms\/wp-content\/uploads\/2015\/11\/P1620386-Washington-Rickey-Foto-TJ-Krebs-jazzphotoagency.jpg?resize=900%2C1350&amp;ssl=1 900w, https:\/\/i0.wp.com\/www.jazzzeitung.de\/cms\/wp-content\/uploads\/2015\/11\/P1620386-Washington-Rickey-Foto-TJ-Krebs-jazzphotoagency.jpg?w=1680&amp;ssl=1 1680w, https:\/\/i0.wp.com\/www.jazzzeitung.de\/cms\/wp-content\/uploads\/2015\/11\/P1620386-Washington-Rickey-Foto-TJ-Krebs-jazzphotoagency.jpg?w=2520&amp;ssl=1 2520w\" width=\"276\" height=\"414\" loading=\"lazy\" data-original-width=\"276\" data-original-height=\"414\" itemprop=\"http:\/\/schema.org\/image\" title=\"P1620386 Washington, Rickey - Foto TJ Krebs jazzphotoagency\" alt=\"Rickey Washington. Foto: Thomas J. Krebs\" style=\"width: 276px; height: 414px;\" \/> <\/a> <div class=\"tiled-gallery-caption\" itemprop=\"caption description\"> Rickey Washington. Foto: Thomas J. Krebs <\/div> <\/div> <\/div> <!-- close group --> <\/div> <!-- close row --> <div class=\"gallery-row\" style=\"width: 840px; height: 375px;\" data-original-width=\"840\" data-original-height=\"375\" > <div class=\"gallery-group images-1\" style=\"width: 561px; height: 375px;\" data-original-width=\"561\" data-original-height=\"375\" > <div class=\"tiled-gallery-item tiled-gallery-item-large\" itemprop=\"associatedMedia\" itemscope itemtype=\"http:\/\/schema.org\/ImageObject\"> <a href=\"https:\/\/www.jazzzeitung.de\/cms\/2015\/11\/7785\/p1620372-porter-ryan-foto-tj-krebs-jazzphotoagency\/\" border=\"0\" itemprop=\"url\"> <meta itemprop=\"width\" content=\"557\"> <meta itemprop=\"height\" content=\"371\"> <img decoding=\"async\" class=\"\" data-attachment-id=\"7792\" data-orig-file=\"https:\/\/www.jazzzeitung.de\/cms\/wp-content\/uploads\/2015\/11\/P1620372-Porter-Ryan-Foto-TJ-Krebs-jazzphotoagency.jpg\" data-orig-size=\"4608,3072\" data-comments-opened=\"1\" data-image-meta=\"{&quot;aperture&quot;:&quot;0&quot;,&quot;credit&quot;:&quot;&quot;,&quot;camera&quot;:&quot;&quot;,&quot;caption&quot;:&quot;&quot;,&quot;created_timestamp&quot;:&quot;0&quot;,&quot;copyright&quot;:&quot;&quot;,&quot;focal_length&quot;:&quot;0&quot;,&quot;iso&quot;:&quot;0&quot;,&quot;shutter_speed&quot;:&quot;0&quot;,&quot;title&quot;:&quot;&quot;,&quot;orientation&quot;:&quot;0&quot;}\" data-image-title=\"P1620372 Porter, Ryan &amp;#8211; Foto TJ Krebs jazzphotoagency\" data-image-description=\"\" data-medium-file=\"https:\/\/i0.wp.com\/www.jazzzeitung.de\/cms\/wp-content\/uploads\/2015\/11\/P1620372-Porter-Ryan-Foto-TJ-Krebs-jazzphotoagency.jpg?fit=300%2C200&#038;ssl=1\" data-large-file=\"https:\/\/i0.wp.com\/www.jazzzeitung.de\/cms\/wp-content\/uploads\/2015\/11\/P1620372-Porter-Ryan-Foto-TJ-Krebs-jazzphotoagency.jpg?fit=840%2C560&#038;ssl=1\" src=\"https:\/\/i0.wp.com\/www.jazzzeitung.de\/cms\/wp-content\/uploads\/2015\/11\/P1620372-Porter-Ryan-Foto-TJ-Krebs-jazzphotoagency.jpg?w=557&#038;h=371&#038;ssl=1\" srcset=\"https:\/\/i0.wp.com\/www.jazzzeitung.de\/cms\/wp-content\/uploads\/2015\/11\/P1620372-Porter-Ryan-Foto-TJ-Krebs-jazzphotoagency.jpg?w=4608&amp;ssl=1 4608w, https:\/\/i0.wp.com\/www.jazzzeitung.de\/cms\/wp-content\/uploads\/2015\/11\/P1620372-Porter-Ryan-Foto-TJ-Krebs-jazzphotoagency.jpg?resize=300%2C200&amp;ssl=1 300w, https:\/\/i0.wp.com\/www.jazzzeitung.de\/cms\/wp-content\/uploads\/2015\/11\/P1620372-Porter-Ryan-Foto-TJ-Krebs-jazzphotoagency.jpg?resize=900%2C600&amp;ssl=1 900w, https:\/\/i0.wp.com\/www.jazzzeitung.de\/cms\/wp-content\/uploads\/2015\/11\/P1620372-Porter-Ryan-Foto-TJ-Krebs-jazzphotoagency.jpg?w=1680&amp;ssl=1 1680w, https:\/\/i0.wp.com\/www.jazzzeitung.de\/cms\/wp-content\/uploads\/2015\/11\/P1620372-Porter-Ryan-Foto-TJ-Krebs-jazzphotoagency.jpg?w=2520&amp;ssl=1 2520w\" width=\"557\" height=\"371\" loading=\"lazy\" data-original-width=\"557\" data-original-height=\"371\" itemprop=\"http:\/\/schema.org\/image\" title=\"P1620372 Porter, Ryan - Foto TJ Krebs jazzphotoagency\" alt=\"Ryan Porter. Foto: Thomas J. Krebs\" style=\"width: 557px; height: 371px;\" \/> <\/a> <div class=\"tiled-gallery-caption\" itemprop=\"caption description\"> Ryan Porter. Foto: Thomas J. Krebs <\/div> <\/div> <\/div> <!-- close group --> <div class=\"gallery-group images-2\" style=\"width: 279px; height: 375px;\" data-original-width=\"279\" data-original-height=\"375\" > <div class=\"tiled-gallery-item tiled-gallery-item-large\" itemprop=\"associatedMedia\" itemscope itemtype=\"http:\/\/schema.org\/ImageObject\"> <a href=\"https:\/\/www.jazzzeitung.de\/cms\/2015\/11\/7785\/p1110669-coleman-brandon-foto-tj-krebs-jazzphotoagency\/\" border=\"0\" itemprop=\"url\"> <meta itemprop=\"width\" content=\"275\"> <meta itemprop=\"height\" content=\"184\"> <img decoding=\"async\" class=\"\" data-attachment-id=\"7787\" data-orig-file=\"https:\/\/www.jazzzeitung.de\/cms\/wp-content\/uploads\/2015\/11\/P1110669-Coleman-Brandon-Foto-TJ-Krebs-jazzphotoagency.jpg\" data-orig-size=\"4592,3064\" data-comments-opened=\"1\" data-image-meta=\"{&quot;aperture&quot;:&quot;0&quot;,&quot;credit&quot;:&quot;&quot;,&quot;camera&quot;:&quot;&quot;,&quot;caption&quot;:&quot;&quot;,&quot;created_timestamp&quot;:&quot;0&quot;,&quot;copyright&quot;:&quot;&quot;,&quot;focal_length&quot;:&quot;0&quot;,&quot;iso&quot;:&quot;0&quot;,&quot;shutter_speed&quot;:&quot;0&quot;,&quot;title&quot;:&quot;&quot;,&quot;orientation&quot;:&quot;0&quot;}\" data-image-title=\"P1110669 Coleman, Brandon &amp;#8211; Foto TJ Krebs jazzphotoagency\" data-image-description=\"\" data-medium-file=\"https:\/\/i0.wp.com\/www.jazzzeitung.de\/cms\/wp-content\/uploads\/2015\/11\/P1110669-Coleman-Brandon-Foto-TJ-Krebs-jazzphotoagency.jpg?fit=300%2C200&#038;ssl=1\" data-large-file=\"https:\/\/i0.wp.com\/www.jazzzeitung.de\/cms\/wp-content\/uploads\/2015\/11\/P1110669-Coleman-Brandon-Foto-TJ-Krebs-jazzphotoagency.jpg?fit=840%2C560&#038;ssl=1\" src=\"https:\/\/i0.wp.com\/www.jazzzeitung.de\/cms\/wp-content\/uploads\/2015\/11\/P1110669-Coleman-Brandon-Foto-TJ-Krebs-jazzphotoagency.jpg?w=275&#038;h=184&#038;ssl=1\" srcset=\"https:\/\/i0.wp.com\/www.jazzzeitung.de\/cms\/wp-content\/uploads\/2015\/11\/P1110669-Coleman-Brandon-Foto-TJ-Krebs-jazzphotoagency.jpg?w=4592&amp;ssl=1 4592w, https:\/\/i0.wp.com\/www.jazzzeitung.de\/cms\/wp-content\/uploads\/2015\/11\/P1110669-Coleman-Brandon-Foto-TJ-Krebs-jazzphotoagency.jpg?resize=300%2C200&amp;ssl=1 300w, https:\/\/i0.wp.com\/www.jazzzeitung.de\/cms\/wp-content\/uploads\/2015\/11\/P1110669-Coleman-Brandon-Foto-TJ-Krebs-jazzphotoagency.jpg?resize=900%2C601&amp;ssl=1 900w, https:\/\/i0.wp.com\/www.jazzzeitung.de\/cms\/wp-content\/uploads\/2015\/11\/P1110669-Coleman-Brandon-Foto-TJ-Krebs-jazzphotoagency.jpg?w=1680&amp;ssl=1 1680w, https:\/\/i0.wp.com\/www.jazzzeitung.de\/cms\/wp-content\/uploads\/2015\/11\/P1110669-Coleman-Brandon-Foto-TJ-Krebs-jazzphotoagency.jpg?w=2520&amp;ssl=1 2520w\" width=\"275\" height=\"184\" loading=\"lazy\" data-original-width=\"275\" data-original-height=\"184\" itemprop=\"http:\/\/schema.org\/image\" title=\"P1110669 Coleman, Brandon - Foto TJ Krebs jazzphotoagency\" alt=\"Brandon Coleman. Foto: Thomas J. Krebs\" style=\"width: 275px; height: 184px;\" \/> <\/a> <div class=\"tiled-gallery-caption\" itemprop=\"caption description\"> Brandon Coleman. Foto: Thomas J. Krebs <\/div> <\/div> <div class=\"tiled-gallery-item tiled-gallery-item-large\" itemprop=\"associatedMedia\" itemscope itemtype=\"http:\/\/schema.org\/ImageObject\"> <a href=\"https:\/\/www.jazzzeitung.de\/cms\/2015\/11\/7785\/p1620317-washington-band-foto-tj-krebs-jazzphotoagency\/\" border=\"0\" itemprop=\"url\"> <meta itemprop=\"width\" content=\"275\"> <meta itemprop=\"height\" content=\"183\"> <img decoding=\"async\" class=\"\" data-attachment-id=\"7790\" data-orig-file=\"https:\/\/www.jazzzeitung.de\/cms\/wp-content\/uploads\/2015\/11\/P1620317-Washington-Band-Foto-TJ-Krebs-jazzphotoagency.jpg\" data-orig-size=\"4608,3072\" data-comments-opened=\"1\" data-image-meta=\"{&quot;aperture&quot;:&quot;0&quot;,&quot;credit&quot;:&quot;&quot;,&quot;camera&quot;:&quot;&quot;,&quot;caption&quot;:&quot;&quot;,&quot;created_timestamp&quot;:&quot;0&quot;,&quot;copyright&quot;:&quot;&quot;,&quot;focal_length&quot;:&quot;0&quot;,&quot;iso&quot;:&quot;0&quot;,&quot;shutter_speed&quot;:&quot;0&quot;,&quot;title&quot;:&quot;&quot;,&quot;orientation&quot;:&quot;0&quot;}\" data-image-title=\"P1620317 Washington Band &amp;#8211; Foto TJ Krebs jazzphotoagency\" data-image-description=\"\" data-medium-file=\"https:\/\/i0.wp.com\/www.jazzzeitung.de\/cms\/wp-content\/uploads\/2015\/11\/P1620317-Washington-Band-Foto-TJ-Krebs-jazzphotoagency.jpg?fit=300%2C200&#038;ssl=1\" data-large-file=\"https:\/\/i0.wp.com\/www.jazzzeitung.de\/cms\/wp-content\/uploads\/2015\/11\/P1620317-Washington-Band-Foto-TJ-Krebs-jazzphotoagency.jpg?fit=840%2C560&#038;ssl=1\" src=\"https:\/\/i0.wp.com\/www.jazzzeitung.de\/cms\/wp-content\/uploads\/2015\/11\/P1620317-Washington-Band-Foto-TJ-Krebs-jazzphotoagency.jpg?w=275&#038;h=183&#038;ssl=1\" srcset=\"https:\/\/i0.wp.com\/www.jazzzeitung.de\/cms\/wp-content\/uploads\/2015\/11\/P1620317-Washington-Band-Foto-TJ-Krebs-jazzphotoagency.jpg?w=4608&amp;ssl=1 4608w, https:\/\/i0.wp.com\/www.jazzzeitung.de\/cms\/wp-content\/uploads\/2015\/11\/P1620317-Washington-Band-Foto-TJ-Krebs-jazzphotoagency.jpg?resize=300%2C200&amp;ssl=1 300w, https:\/\/i0.wp.com\/www.jazzzeitung.de\/cms\/wp-content\/uploads\/2015\/11\/P1620317-Washington-Band-Foto-TJ-Krebs-jazzphotoagency.jpg?resize=900%2C600&amp;ssl=1 900w, https:\/\/i0.wp.com\/www.jazzzeitung.de\/cms\/wp-content\/uploads\/2015\/11\/P1620317-Washington-Band-Foto-TJ-Krebs-jazzphotoagency.jpg?w=1680&amp;ssl=1 1680w, https:\/\/i0.wp.com\/www.jazzzeitung.de\/cms\/wp-content\/uploads\/2015\/11\/P1620317-Washington-Band-Foto-TJ-Krebs-jazzphotoagency.jpg?w=2520&amp;ssl=1 2520w\" width=\"275\" height=\"183\" loading=\"lazy\" data-original-width=\"275\" data-original-height=\"183\" itemprop=\"http:\/\/schema.org\/image\" title=\"P1620317 Washington Band - Foto TJ Krebs jazzphotoagency\" alt=\"Kamasi Washintons Band &quot;The Epic&quot;. Foto: Thomas J. Krebs\" style=\"width: 275px; height: 183px;\" \/> <\/a> <div class=\"tiled-gallery-caption\" itemprop=\"caption description\"> Kamasi Washintons Band &#8222;The Epic&#8220;. Foto: Thomas J. Krebs <\/div> <\/div> <\/div> <!-- close group --> <\/div> <!-- close row --> <div class=\"gallery-row\" style=\"width: 840px; height: 388px;\" data-original-width=\"840\" data-original-height=\"388\" > <div class=\"gallery-group images-1\" style=\"width: 580px; height: 388px;\" data-original-width=\"580\" data-original-height=\"388\" > <div class=\"tiled-gallery-item tiled-gallery-item-large\" itemprop=\"associatedMedia\" itemscope itemtype=\"http:\/\/schema.org\/ImageObject\"> <a href=\"https:\/\/www.jazzzeitung.de\/cms\/2015\/11\/7785\/p1620265-washington-kamasi-foto-tj-krebs-jazzphotoagency\/\" border=\"0\" itemprop=\"url\"> <meta itemprop=\"width\" content=\"576\"> <meta itemprop=\"height\" content=\"384\"> <img decoding=\"async\" class=\"\" data-attachment-id=\"7789\" data-orig-file=\"https:\/\/www.jazzzeitung.de\/cms\/wp-content\/uploads\/2015\/11\/P1620265-Washington-Kamasi-Foto-TJ-Krebs-jazzphotoagency.jpg\" data-orig-size=\"4608,3072\" data-comments-opened=\"1\" data-image-meta=\"{&quot;aperture&quot;:&quot;0&quot;,&quot;credit&quot;:&quot;&quot;,&quot;camera&quot;:&quot;&quot;,&quot;caption&quot;:&quot;&quot;,&quot;created_timestamp&quot;:&quot;0&quot;,&quot;copyright&quot;:&quot;&quot;,&quot;focal_length&quot;:&quot;0&quot;,&quot;iso&quot;:&quot;0&quot;,&quot;shutter_speed&quot;:&quot;0&quot;,&quot;title&quot;:&quot;&quot;,&quot;orientation&quot;:&quot;0&quot;}\" data-image-title=\"P1620265 Washington, Kamasi &amp;#8211; Foto TJ Krebs jazzphotoagency\" data-image-description=\"\" data-medium-file=\"https:\/\/i0.wp.com\/www.jazzzeitung.de\/cms\/wp-content\/uploads\/2015\/11\/P1620265-Washington-Kamasi-Foto-TJ-Krebs-jazzphotoagency.jpg?fit=300%2C200&#038;ssl=1\" data-large-file=\"https:\/\/i0.wp.com\/www.jazzzeitung.de\/cms\/wp-content\/uploads\/2015\/11\/P1620265-Washington-Kamasi-Foto-TJ-Krebs-jazzphotoagency.jpg?fit=840%2C560&#038;ssl=1\" src=\"https:\/\/i0.wp.com\/www.jazzzeitung.de\/cms\/wp-content\/uploads\/2015\/11\/P1620265-Washington-Kamasi-Foto-TJ-Krebs-jazzphotoagency.jpg?w=576&#038;h=384&#038;ssl=1\" srcset=\"https:\/\/i0.wp.com\/www.jazzzeitung.de\/cms\/wp-content\/uploads\/2015\/11\/P1620265-Washington-Kamasi-Foto-TJ-Krebs-jazzphotoagency.jpg?w=4608&amp;ssl=1 4608w, https:\/\/i0.wp.com\/www.jazzzeitung.de\/cms\/wp-content\/uploads\/2015\/11\/P1620265-Washington-Kamasi-Foto-TJ-Krebs-jazzphotoagency.jpg?resize=300%2C200&amp;ssl=1 300w, https:\/\/i0.wp.com\/www.jazzzeitung.de\/cms\/wp-content\/uploads\/2015\/11\/P1620265-Washington-Kamasi-Foto-TJ-Krebs-jazzphotoagency.jpg?resize=900%2C600&amp;ssl=1 900w, https:\/\/i0.wp.com\/www.jazzzeitung.de\/cms\/wp-content\/uploads\/2015\/11\/P1620265-Washington-Kamasi-Foto-TJ-Krebs-jazzphotoagency.jpg?w=1680&amp;ssl=1 1680w, https:\/\/i0.wp.com\/www.jazzzeitung.de\/cms\/wp-content\/uploads\/2015\/11\/P1620265-Washington-Kamasi-Foto-TJ-Krebs-jazzphotoagency.jpg?w=2520&amp;ssl=1 2520w\" width=\"576\" height=\"384\" loading=\"lazy\" data-original-width=\"576\" data-original-height=\"384\" itemprop=\"http:\/\/schema.org\/image\" title=\"P1620265 Washington, Kamasi - Foto TJ Krebs jazzphotoagency\" alt=\"Close up. Foto: Thomas J. Krebs\" style=\"width: 576px; height: 384px;\" \/> <\/a> <div class=\"tiled-gallery-caption\" itemprop=\"caption description\"> Close up. Foto: Thomas J. Krebs <\/div> <\/div> <\/div> <!-- close group --> <div class=\"gallery-group images-1\" style=\"width: 260px; height: 388px;\" data-original-width=\"260\" data-original-height=\"388\" > <div class=\"tiled-gallery-item tiled-gallery-item-large\" itemprop=\"associatedMedia\" itemscope itemtype=\"http:\/\/schema.org\/ImageObject\"> <a href=\"https:\/\/www.jazzzeitung.de\/cms\/2015\/11\/7785\/p1620548-quenn-patrice-foto-tj-krebs-jazzphotoagency\/\" border=\"0\" itemprop=\"url\"> <meta itemprop=\"width\" content=\"256\"> <meta itemprop=\"height\" content=\"384\"> <img decoding=\"async\" class=\"\" data-attachment-id=\"7795\" data-orig-file=\"https:\/\/www.jazzzeitung.de\/cms\/wp-content\/uploads\/2015\/11\/P1620548-Quenn-Patrice-Foto-TJ-Krebs-jazzphotoagency.jpg\" data-orig-size=\"3072,4608\" data-comments-opened=\"1\" data-image-meta=\"{&quot;aperture&quot;:&quot;0&quot;,&quot;credit&quot;:&quot;&quot;,&quot;camera&quot;:&quot;&quot;,&quot;caption&quot;:&quot;&quot;,&quot;created_timestamp&quot;:&quot;0&quot;,&quot;copyright&quot;:&quot;&quot;,&quot;focal_length&quot;:&quot;0&quot;,&quot;iso&quot;:&quot;0&quot;,&quot;shutter_speed&quot;:&quot;0&quot;,&quot;title&quot;:&quot;&quot;,&quot;orientation&quot;:&quot;0&quot;}\" data-image-title=\"P1620548 Quenn, Patrice &amp;#8211; Foto TJ Krebs jazzphotoagency\" data-image-description=\"\" data-medium-file=\"https:\/\/i0.wp.com\/www.jazzzeitung.de\/cms\/wp-content\/uploads\/2015\/11\/P1620548-Quenn-Patrice-Foto-TJ-Krebs-jazzphotoagency.jpg?fit=200%2C300&#038;ssl=1\" data-large-file=\"https:\/\/i0.wp.com\/www.jazzzeitung.de\/cms\/wp-content\/uploads\/2015\/11\/P1620548-Quenn-Patrice-Foto-TJ-Krebs-jazzphotoagency.jpg?fit=400%2C600&#038;ssl=1\" src=\"https:\/\/i0.wp.com\/www.jazzzeitung.de\/cms\/wp-content\/uploads\/2015\/11\/P1620548-Quenn-Patrice-Foto-TJ-Krebs-jazzphotoagency.jpg?w=256&#038;h=384&#038;ssl=1\" srcset=\"https:\/\/i0.wp.com\/www.jazzzeitung.de\/cms\/wp-content\/uploads\/2015\/11\/P1620548-Quenn-Patrice-Foto-TJ-Krebs-jazzphotoagency.jpg?w=3072&amp;ssl=1 3072w, https:\/\/i0.wp.com\/www.jazzzeitung.de\/cms\/wp-content\/uploads\/2015\/11\/P1620548-Quenn-Patrice-Foto-TJ-Krebs-jazzphotoagency.jpg?resize=200%2C300&amp;ssl=1 200w, https:\/\/i0.wp.com\/www.jazzzeitung.de\/cms\/wp-content\/uploads\/2015\/11\/P1620548-Quenn-Patrice-Foto-TJ-Krebs-jazzphotoagency.jpg?resize=400%2C600&amp;ssl=1 400w, https:\/\/i0.wp.com\/www.jazzzeitung.de\/cms\/wp-content\/uploads\/2015\/11\/P1620548-Quenn-Patrice-Foto-TJ-Krebs-jazzphotoagency.jpg?resize=900%2C1350&amp;ssl=1 900w, https:\/\/i0.wp.com\/www.jazzzeitung.de\/cms\/wp-content\/uploads\/2015\/11\/P1620548-Quenn-Patrice-Foto-TJ-Krebs-jazzphotoagency.jpg?w=1680&amp;ssl=1 1680w, https:\/\/i0.wp.com\/www.jazzzeitung.de\/cms\/wp-content\/uploads\/2015\/11\/P1620548-Quenn-Patrice-Foto-TJ-Krebs-jazzphotoagency.jpg?w=2520&amp;ssl=1 2520w\" width=\"256\" height=\"384\" loading=\"lazy\" data-original-width=\"256\" data-original-height=\"384\" itemprop=\"http:\/\/schema.org\/image\" title=\"P1620548 Quenn, Patrice - Foto TJ Krebs jazzphotoagency\" alt=\"Patrice Quenn. Foto: Thomas J. Krebs\" style=\"width: 256px; height: 384px;\" \/> <\/a> <div class=\"tiled-gallery-caption\" itemprop=\"caption description\"> Patrice Quenn. Foto: Thomas J. Krebs <\/div> <\/div> <\/div> <!-- close group --> <\/div> <!-- close row --> <div class=\"gallery-row\" style=\"width: 840px; height: 561px;\" data-original-width=\"840\" data-original-height=\"561\" > <div class=\"gallery-group images-1\" style=\"width: 840px; height: 561px;\" data-original-width=\"840\" data-original-height=\"561\" > <div class=\"tiled-gallery-item tiled-gallery-item-large\" itemprop=\"associatedMedia\" itemscope itemtype=\"http:\/\/schema.org\/ImageObject\"> <a href=\"https:\/\/www.jazzzeitung.de\/cms\/2015\/11\/7785\/p1620233-washington-kamasi-foto-tj-krebs-jazzphotoagency\/\" border=\"0\" itemprop=\"url\"> <meta itemprop=\"width\" content=\"836\"> <meta itemprop=\"height\" content=\"557\"> <img decoding=\"async\" class=\"\" data-attachment-id=\"7788\" data-orig-file=\"https:\/\/www.jazzzeitung.de\/cms\/wp-content\/uploads\/2015\/11\/P1620233-Washington-Kamasi-Foto-TJ-Krebs-jazzphotoagency.jpg\" data-orig-size=\"4608,3072\" data-comments-opened=\"1\" data-image-meta=\"{&quot;aperture&quot;:&quot;0&quot;,&quot;credit&quot;:&quot;&quot;,&quot;camera&quot;:&quot;&quot;,&quot;caption&quot;:&quot;&quot;,&quot;created_timestamp&quot;:&quot;0&quot;,&quot;copyright&quot;:&quot;&quot;,&quot;focal_length&quot;:&quot;0&quot;,&quot;iso&quot;:&quot;0&quot;,&quot;shutter_speed&quot;:&quot;0&quot;,&quot;title&quot;:&quot;&quot;,&quot;orientation&quot;:&quot;0&quot;}\" data-image-title=\"P1620233 Washington, Kamasi &amp;#8211; Foto TJ Krebs jazzphotoagency\" data-image-description=\"\" data-medium-file=\"https:\/\/i0.wp.com\/www.jazzzeitung.de\/cms\/wp-content\/uploads\/2015\/11\/P1620233-Washington-Kamasi-Foto-TJ-Krebs-jazzphotoagency.jpg?fit=300%2C200&#038;ssl=1\" data-large-file=\"https:\/\/i0.wp.com\/www.jazzzeitung.de\/cms\/wp-content\/uploads\/2015\/11\/P1620233-Washington-Kamasi-Foto-TJ-Krebs-jazzphotoagency.jpg?fit=840%2C560&#038;ssl=1\" src=\"https:\/\/i0.wp.com\/www.jazzzeitung.de\/cms\/wp-content\/uploads\/2015\/11\/P1620233-Washington-Kamasi-Foto-TJ-Krebs-jazzphotoagency.jpg?w=836&#038;h=557&#038;ssl=1\" srcset=\"https:\/\/i0.wp.com\/www.jazzzeitung.de\/cms\/wp-content\/uploads\/2015\/11\/P1620233-Washington-Kamasi-Foto-TJ-Krebs-jazzphotoagency.jpg?w=4608&amp;ssl=1 4608w, https:\/\/i0.wp.com\/www.jazzzeitung.de\/cms\/wp-content\/uploads\/2015\/11\/P1620233-Washington-Kamasi-Foto-TJ-Krebs-jazzphotoagency.jpg?resize=300%2C200&amp;ssl=1 300w, https:\/\/i0.wp.com\/www.jazzzeitung.de\/cms\/wp-content\/uploads\/2015\/11\/P1620233-Washington-Kamasi-Foto-TJ-Krebs-jazzphotoagency.jpg?resize=900%2C600&amp;ssl=1 900w, https:\/\/i0.wp.com\/www.jazzzeitung.de\/cms\/wp-content\/uploads\/2015\/11\/P1620233-Washington-Kamasi-Foto-TJ-Krebs-jazzphotoagency.jpg?w=1680&amp;ssl=1 1680w, https:\/\/i0.wp.com\/www.jazzzeitung.de\/cms\/wp-content\/uploads\/2015\/11\/P1620233-Washington-Kamasi-Foto-TJ-Krebs-jazzphotoagency.jpg?w=2520&amp;ssl=1 2520w\" width=\"836\" height=\"557\" loading=\"lazy\" data-original-width=\"836\" data-original-height=\"557\" itemprop=\"http:\/\/schema.org\/image\" title=\"P1620233 Washington, Kamasi - Foto TJ Krebs jazzphotoagency\" alt=\"Foto: Thomas J. Krebs\" style=\"width: 836px; height: 557px;\" \/> <\/a> <div class=\"tiled-gallery-caption\" itemprop=\"caption description\"> Foto: Thomas J. Krebs <\/div> <\/div> <\/div> <!-- close group --> <\/div> <!-- close row --> <\/div>\n<p><strong>Kamasi Washington in der Unterfahrt \u2013 ganz gro\u00dfer Bahnhof: das Konzert seit 5 Monaten ausverkauft, ein Zusatzkonzert vorgeschaltet, um der Nachfrage zumindest ein wenig gerecht zu werden, ein 18m langer Nightliner vor dem Club, sowas erlebt die Unterfahrt auch nicht alle Tage\u2026und dann: Jazzer steigen aus, ohne All\u00fcren, entspannt, freundlich, den Fans zugewandt und in grandioser Spiellaune. Das Konzert selbst ein Hammer. Kamasi Washington z\u00fcndete mit seinem Oktett ein wahres Jazzfeuerwerk und begeisterte das Publikum. Der kann wirklich was! Gl\u00fcckliche Fans kamen zum Schluss auch noch bei der Signierstunde seines Albums auf ihre Kosten und mit dem Meister sowie seinen Mitstreitern ins Gespr\u00e4ch. Vorspann und Galerie: Thomas J. Krebs\/Text: Ralf Dombrowski<br \/>\n<\/strong><\/p>\n<p>Als Kamasi Washington den Vertrag f\u00fcr sein Konzert in der Unterfahrt unterschrieb, war noch nicht klar, dass er so ber\u00fchmt sein w\u00fcrde. Wenig sp\u00e4ter jedoch nahm der Hype seinen Lauf und so quollen die Reservierungslisten derart \u00fcber, dass er gleich zweimal hintereinander spielen musste, zwei Konzerte auf unterschiedlichem Niveau der k\u00fcnstlerischen Energie. Denn die erste Runde um sechs war zwar konzentriert, aber im Vergleich zum Konzert um neun Uhr doch deutlich ged\u00e4mpfter. Ein wenig erholt von den Strapazen einer eng getackteten Europatournee, drehte die Band schlie\u00dflich auf und pr\u00e4sentierte eine unterhaltsame, stellenweise zu sich hypnotisch steigernden Kollektivmomenten verdichtete Musik, die deutliche Wurzeln im Soul Jazz der Sechziger hatte.<\/p>\n<p>Manches wurde adaptiert wie Oscar Pettifords &#8222;Oscalypso&#8220; oder eine freche 6\/8-Fassung von Debussys &#8222;Claire De Lune&#8220; im Late-Night-Gewand, anderes geriet wie &#8222;The Magnificent Seven&#8220; zu aufwallenden Energiewogen, die etwa in eine hiphop-get\u00f6nte Rhythmusschlacht der beiden Drummer Tony Austin und Roland Bruner Jr. m\u00fcndete. Zum Oktett um Posaune, Gesang und Sopransaxofon aufgestockt, entwickelte Washingtons Band \u00fcber den Abend hinweg eine jazzende Druckwelle, die er selbst immer wieder mit ausladenden Improvisationen nachfeuerte. Unterm Strich war das souver\u00e4n gespielte und verinnerlichte Alte Schule souljazziger Modernit\u00e4t mit viel Kraft und einem offenen Blick nach vorne.<br \/>\nRalf Dombrowski<\/p>\n","protected":false},"excerpt":{"rendered":"<p>Kamasi Washington in der Unterfahrt \u2013 ganz gro\u00dfer Bahnhof: das Konzert seit 5 Monaten ausverkauft, ein Zusatzkonzert vorgeschaltet, um der Nachfrage zumindest ein wenig gerecht zu werden, ein 18m langer Nightliner vor dem Club, sowas erlebt die Unterfahrt auch nicht alle Tage\u2026und dann: Jazzer steigen aus, ohne All\u00fcren, entspannt, freundlich, den Fans zugewandt und in grandioser Spiellaune. Das Konzert selbst ein Hammer. Kamasi Washington z\u00fcndete mit seinem Oktett ein wahres Jazzfeuerwerk und begeisterte das Publikum. Der kann wirklich was! Gl\u00fcckliche Fans kamen zum Schluss auch noch bei der Signierstunde seines Albums auf ihre Kosten und mit dem Meister sowie seinen Mitstreitern ins Gespr\u00e4ch. Vorspann und Galerie: Thomas J. Krebs\/Text: Ralf Dombrowski Als Kamasi Washington den Vertrag f\u00fcr sein Konzert in der Unterfahrt unterschrieb, war noch nicht klar, dass er so ber\u00fchmt sein w\u00fcrde. Wenig sp\u00e4ter jedoch nahm der Hype seinen Lauf und so quollen die Reservierungslisten derart \u00fcber, dass er gleich zweimal hintereinander spielen musste, zwei Konzerte auf unterschiedlichem Niveau der k\u00fcnstlerischen Energie. Denn die erste Runde um sechs war zwar konzentriert, aber im Vergleich zum Konzert um neun Uhr doch deutlich ged\u00e4mpfter. Ein wenig &hellip;<\/p>\n","protected":false},"author":18,"featured_media":0,"comment_status":"open","ping_status":"closed","sticky":false,"template":"","format":"gallery","meta":{"_jetpack_memberships_contains_paid_content":false,"footnotes":"","jetpack_publicize_message":"","jetpack_publicize_feature_enabled":true,"jetpack_social_post_already_shared":false,"jetpack_social_options":{"image_generator_settings":{"template":"highway","default_image_id":0,"font":"","enabled":false},"version":2}},"categories":[652],"tags":[120,322,323,146,573],"coauthors":[695],"class_list":["post-7785","post","type-post","status-publish","format-gallery","hentry","category-galerie","tag-club","tag-konzert-2","tag-konzerte","tag-dombrowski","tag-unterfahrt","post_format-post-format-gallery"],"yoast_head":"<!-- This site is optimized with the Yoast SEO plugin v27.5 - https:\/\/yoast.com\/product\/yoast-seo-wordpress\/ -->\n<title>Kamasi Washington in der Unterfahrt \u2013 ganz gro\u00dfer Bahnhof - JazzZeitung<\/title>\n<meta name=\"robots\" content=\"index, follow, max-snippet:-1, max-image-preview:large, max-video-preview:-1\" \/>\n<link rel=\"canonical\" href=\"https:\/\/www.jazzzeitung.de\/cms\/2015\/11\/7785\/\" \/>\n<meta property=\"og:locale\" content=\"de_DE\" \/>\n<meta property=\"og:type\" content=\"article\" \/>\n<meta property=\"og:title\" content=\"Kamasi Washington in der Unterfahrt \u2013 ganz gro\u00dfer Bahnhof - JazzZeitung\" \/>\n<meta property=\"og:description\" content=\"Kamasi Washington in der Unterfahrt \u2013 ganz gro\u00dfer Bahnhof: das Konzert seit 5 Monaten ausverkauft, ein Zusatzkonzert vorgeschaltet, um der Nachfrage zumindest ein wenig gerecht zu werden, ein 18m langer Nightliner vor dem Club, sowas erlebt die Unterfahrt auch nicht alle Tage\u2026und dann: Jazzer steigen aus, ohne All\u00fcren, entspannt, freundlich, den Fans zugewandt und in grandioser Spiellaune. Das Konzert selbst ein Hammer. Kamasi Washington z\u00fcndete mit seinem Oktett ein wahres Jazzfeuerwerk und begeisterte das Publikum. Der kann wirklich was! Gl\u00fcckliche Fans kamen zum Schluss auch noch bei der Signierstunde seines Albums auf ihre Kosten und mit dem Meister sowie seinen Mitstreitern ins Gespr\u00e4ch. Vorspann und Galerie: Thomas J. Krebs\/Text: Ralf Dombrowski Als Kamasi Washington den Vertrag f\u00fcr sein Konzert in der Unterfahrt unterschrieb, war noch nicht klar, dass er so ber\u00fchmt sein w\u00fcrde. Wenig sp\u00e4ter jedoch nahm der Hype seinen Lauf und so quollen die Reservierungslisten derart \u00fcber, dass er gleich zweimal hintereinander spielen musste, zwei Konzerte auf unterschiedlichem Niveau der k\u00fcnstlerischen Energie. Denn die erste Runde um sechs war zwar konzentriert, aber im Vergleich zum Konzert um neun Uhr doch deutlich ged\u00e4mpfter. Ein wenig &hellip;\" \/>\n<meta property=\"og:url\" content=\"https:\/\/www.jazzzeitung.de\/cms\/2015\/11\/7785\/\" \/>\n<meta property=\"og:site_name\" content=\"JazzZeitung\" \/>\n<meta property=\"article:publisher\" content=\"https:\/\/www.facebook.com\/JazzZeitung\/\" \/>\n<meta property=\"article:published_time\" content=\"2015-11-20T11:10:13+00:00\" \/>\n<meta property=\"og:image\" content=\"https:\/\/i0.wp.com\/www.jazzzeitung.de\/cms\/wp-content\/uploads\/2015\/11\/P1110609-Washington-Kamasi-Foto-TJ-Krebs-jazzphotoagency.jpg?w=276&#038;h=414&#038;ssl=1\" \/>\n<meta name=\"author\" content=\"Redaktion JazzZeitung\" \/>\n<script type=\"application\/ld+json\" class=\"yoast-schema-graph\">{\"@context\":\"https:\\\/\\\/schema.org\",\"@graph\":[{\"@type\":\"Article\",\"@id\":\"https:\\\/\\\/www.jazzzeitung.de\\\/cms\\\/2015\\\/11\\\/7785\\\/#article\",\"isPartOf\":{\"@id\":\"https:\\\/\\\/www.jazzzeitung.de\\\/cms\\\/2015\\\/11\\\/7785\\\/\"},\"author\":{\"name\":\"Redaktion JazzZeitung\",\"@id\":\"https:\\\/\\\/www.jazzzeitung.de\\\/cms\\\/#\\\/schema\\\/person\\\/2245b36b9cd1d24cea10f01c031fb92b\"},\"headline\":\"Kamasi Washington in der Unterfahrt \u2013 ganz gro\u00dfer Bahnhof\",\"datePublished\":\"2015-11-20T11:10:13+00:00\",\"mainEntityOfPage\":{\"@id\":\"https:\\\/\\\/www.jazzzeitung.de\\\/cms\\\/2015\\\/11\\\/7785\\\/\"},\"wordCount\":342,\"commentCount\":0,\"publisher\":{\"@id\":\"https:\\\/\\\/www.jazzzeitung.de\\\/cms\\\/#organization\"},\"keywords\":[\"Club\",\"Konzert\",\"Konzerte\",\"Ralf Dombrowski\",\"Unterfahrt\"],\"articleSection\":[\"Galerie\"],\"inLanguage\":\"de\",\"potentialAction\":[{\"@type\":\"CommentAction\",\"name\":\"Comment\",\"target\":[\"https:\\\/\\\/www.jazzzeitung.de\\\/cms\\\/2015\\\/11\\\/7785\\\/#respond\"]}]},{\"@type\":\"WebPage\",\"@id\":\"https:\\\/\\\/www.jazzzeitung.de\\\/cms\\\/2015\\\/11\\\/7785\\\/\",\"url\":\"https:\\\/\\\/www.jazzzeitung.de\\\/cms\\\/2015\\\/11\\\/7785\\\/\",\"name\":\"Kamasi Washington in der Unterfahrt \u2013 ganz gro\u00dfer Bahnhof - JazzZeitung\",\"isPartOf\":{\"@id\":\"https:\\\/\\\/www.jazzzeitung.de\\\/cms\\\/#website\"},\"datePublished\":\"2015-11-20T11:10:13+00:00\",\"breadcrumb\":{\"@id\":\"https:\\\/\\\/www.jazzzeitung.de\\\/cms\\\/2015\\\/11\\\/7785\\\/#breadcrumb\"},\"inLanguage\":\"de\",\"potentialAction\":[{\"@type\":\"ReadAction\",\"target\":[\"https:\\\/\\\/www.jazzzeitung.de\\\/cms\\\/2015\\\/11\\\/7785\\\/\"]}]},{\"@type\":\"BreadcrumbList\",\"@id\":\"https:\\\/\\\/www.jazzzeitung.de\\\/cms\\\/2015\\\/11\\\/7785\\\/#breadcrumb\",\"itemListElement\":[{\"@type\":\"ListItem\",\"position\":1,\"name\":\"Startseite\",\"item\":\"https:\\\/\\\/www.jazzzeitung.de\\\/cms\\\/\"},{\"@type\":\"ListItem\",\"position\":2,\"name\":\"Kamasi Washington in der Unterfahrt \u2013 ganz gro\u00dfer Bahnhof\"}]},{\"@type\":\"WebSite\",\"@id\":\"https:\\\/\\\/www.jazzzeitung.de\\\/cms\\\/#website\",\"url\":\"https:\\\/\\\/www.jazzzeitung.de\\\/cms\\\/\",\"name\":\"JazzZeitung\",\"description\":\"Jazz-News und Jazz-Kontroverses\",\"publisher\":{\"@id\":\"https:\\\/\\\/www.jazzzeitung.de\\\/cms\\\/#organization\"},\"potentialAction\":[{\"@type\":\"SearchAction\",\"target\":{\"@type\":\"EntryPoint\",\"urlTemplate\":\"https:\\\/\\\/www.jazzzeitung.de\\\/cms\\\/?s={search_term_string}\"},\"query-input\":{\"@type\":\"PropertyValueSpecification\",\"valueRequired\":true,\"valueName\":\"search_term_string\"}}],\"inLanguage\":\"de\"},{\"@type\":\"Organization\",\"@id\":\"https:\\\/\\\/www.jazzzeitung.de\\\/cms\\\/#organization\",\"name\":\"JazzZeitung online\",\"url\":\"https:\\\/\\\/www.jazzzeitung.de\\\/cms\\\/\",\"logo\":{\"@type\":\"ImageObject\",\"inLanguage\":\"de\",\"@id\":\"https:\\\/\\\/www.jazzzeitung.de\\\/cms\\\/#\\\/schema\\\/logo\\\/image\\\/\",\"url\":\"https:\\\/\\\/i0.wp.com\\\/www.jazzzeitung.de\\\/cms\\\/wp-content\\\/uploads\\\/2015\\\/08\\\/JAZZZEITUNGDE_Logo_Neu.png?fit=499%2C200&ssl=1\",\"contentUrl\":\"https:\\\/\\\/i0.wp.com\\\/www.jazzzeitung.de\\\/cms\\\/wp-content\\\/uploads\\\/2015\\\/08\\\/JAZZZEITUNGDE_Logo_Neu.png?fit=499%2C200&ssl=1\",\"width\":499,\"height\":200,\"caption\":\"JazzZeitung online\"},\"image\":{\"@id\":\"https:\\\/\\\/www.jazzzeitung.de\\\/cms\\\/#\\\/schema\\\/logo\\\/image\\\/\"},\"sameAs\":[\"https:\\\/\\\/www.facebook.com\\\/JazzZeitung\\\/\"]},{\"@type\":\"Person\",\"@id\":\"https:\\\/\\\/www.jazzzeitung.de\\\/cms\\\/#\\\/schema\\\/person\\\/2245b36b9cd1d24cea10f01c031fb92b\",\"name\":\"Redaktion JazzZeitung\",\"image\":{\"@type\":\"ImageObject\",\"inLanguage\":\"de\",\"@id\":\"https:\\\/\\\/i0.wp.com\\\/www.jazzzeitung.de\\\/cms\\\/wp-content\\\/uploads\\\/2015\\\/08\\\/JAZZZEITUNGDE_Logo_Neu.png?resize=96%2C96&ssl=159975dcacb611b5700bd619b5daf0a7a\",\"url\":\"https:\\\/\\\/i0.wp.com\\\/www.jazzzeitung.de\\\/cms\\\/wp-content\\\/uploads\\\/2015\\\/08\\\/JAZZZEITUNGDE_Logo_Neu.png?resize=96%2C96&ssl=1\",\"contentUrl\":\"https:\\\/\\\/i0.wp.com\\\/www.jazzzeitung.de\\\/cms\\\/wp-content\\\/uploads\\\/2015\\\/08\\\/JAZZZEITUNGDE_Logo_Neu.png?resize=96%2C96&ssl=1\",\"caption\":\"Redaktion JazzZeitung\"},\"description\":\"Artikel der Redaktion der JazzZeitung.\",\"sameAs\":[\"http:\\\/\\\/www.jazzzeitung.de\\\/cms\\\/\"],\"url\":\"https:\\\/\\\/www.jazzzeitung.de\\\/cms\\\/author\\\/redaktion\\\/\"}]}<\/script>\n<!-- \/ Yoast SEO plugin. -->","yoast_head_json":{"title":"Kamasi Washington in der Unterfahrt \u2013 ganz gro\u00dfer Bahnhof - JazzZeitung","robots":{"index":"index","follow":"follow","max-snippet":"max-snippet:-1","max-image-preview":"max-image-preview:large","max-video-preview":"max-video-preview:-1"},"canonical":"https:\/\/www.jazzzeitung.de\/cms\/2015\/11\/7785\/","og_locale":"de_DE","og_type":"article","og_title":"Kamasi Washington in der Unterfahrt \u2013 ganz gro\u00dfer Bahnhof - JazzZeitung","og_description":"Kamasi Washington in der Unterfahrt \u2013 ganz gro\u00dfer Bahnhof: das Konzert seit 5 Monaten ausverkauft, ein Zusatzkonzert vorgeschaltet, um der Nachfrage zumindest ein wenig gerecht zu werden, ein 18m langer Nightliner vor dem Club, sowas erlebt die Unterfahrt auch nicht alle Tage\u2026und dann: Jazzer steigen aus, ohne All\u00fcren, entspannt, freundlich, den Fans zugewandt und in grandioser Spiellaune. Das Konzert selbst ein Hammer. Kamasi Washington z\u00fcndete mit seinem Oktett ein wahres Jazzfeuerwerk und begeisterte das Publikum. Der kann wirklich was! Gl\u00fcckliche Fans kamen zum Schluss auch noch bei der Signierstunde seines Albums auf ihre Kosten und mit dem Meister sowie seinen Mitstreitern ins Gespr\u00e4ch. Vorspann und Galerie: Thomas J. Krebs\/Text: Ralf Dombrowski Als Kamasi Washington den Vertrag f\u00fcr sein Konzert in der Unterfahrt unterschrieb, war noch nicht klar, dass er so ber\u00fchmt sein w\u00fcrde. Wenig sp\u00e4ter jedoch nahm der Hype seinen Lauf und so quollen die Reservierungslisten derart \u00fcber, dass er gleich zweimal hintereinander spielen musste, zwei Konzerte auf unterschiedlichem Niveau der k\u00fcnstlerischen Energie. Denn die erste Runde um sechs war zwar konzentriert, aber im Vergleich zum Konzert um neun Uhr doch deutlich ged\u00e4mpfter. Ein wenig &hellip;","og_url":"https:\/\/www.jazzzeitung.de\/cms\/2015\/11\/7785\/","og_site_name":"JazzZeitung","article_publisher":"https:\/\/www.facebook.com\/JazzZeitung\/","article_published_time":"2015-11-20T11:10:13+00:00","og_image":[{"url":"https:\/\/i0.wp.com\/www.jazzzeitung.de\/cms\/wp-content\/uploads\/2015\/11\/P1110609-Washington-Kamasi-Foto-TJ-Krebs-jazzphotoagency.jpg?w=276&#038;h=414&#038;ssl=1","type":"","width":"","height":""}],"author":"Redaktion JazzZeitung","schema":{"@context":"https:\/\/schema.org","@graph":[{"@type":"Article","@id":"https:\/\/www.jazzzeitung.de\/cms\/2015\/11\/7785\/#article","isPartOf":{"@id":"https:\/\/www.jazzzeitung.de\/cms\/2015\/11\/7785\/"},"author":{"name":"Redaktion JazzZeitung","@id":"https:\/\/www.jazzzeitung.de\/cms\/#\/schema\/person\/2245b36b9cd1d24cea10f01c031fb92b"},"headline":"Kamasi Washington in der Unterfahrt \u2013 ganz gro\u00dfer Bahnhof","datePublished":"2015-11-20T11:10:13+00:00","mainEntityOfPage":{"@id":"https:\/\/www.jazzzeitung.de\/cms\/2015\/11\/7785\/"},"wordCount":342,"commentCount":0,"publisher":{"@id":"https:\/\/www.jazzzeitung.de\/cms\/#organization"},"keywords":["Club","Konzert","Konzerte","Ralf Dombrowski","Unterfahrt"],"articleSection":["Galerie"],"inLanguage":"de","potentialAction":[{"@type":"CommentAction","name":"Comment","target":["https:\/\/www.jazzzeitung.de\/cms\/2015\/11\/7785\/#respond"]}]},{"@type":"WebPage","@id":"https:\/\/www.jazzzeitung.de\/cms\/2015\/11\/7785\/","url":"https:\/\/www.jazzzeitung.de\/cms\/2015\/11\/7785\/","name":"Kamasi Washington in der Unterfahrt \u2013 ganz gro\u00dfer Bahnhof - JazzZeitung","isPartOf":{"@id":"https:\/\/www.jazzzeitung.de\/cms\/#website"},"datePublished":"2015-11-20T11:10:13+00:00","breadcrumb":{"@id":"https:\/\/www.jazzzeitung.de\/cms\/2015\/11\/7785\/#breadcrumb"},"inLanguage":"de","potentialAction":[{"@type":"ReadAction","target":["https:\/\/www.jazzzeitung.de\/cms\/2015\/11\/7785\/"]}]},{"@type":"BreadcrumbList","@id":"https:\/\/www.jazzzeitung.de\/cms\/2015\/11\/7785\/#breadcrumb","itemListElement":[{"@type":"ListItem","position":1,"name":"Startseite","item":"https:\/\/www.jazzzeitung.de\/cms\/"},{"@type":"ListItem","position":2,"name":"Kamasi Washington in der Unterfahrt \u2013 ganz gro\u00dfer Bahnhof"}]},{"@type":"WebSite","@id":"https:\/\/www.jazzzeitung.de\/cms\/#website","url":"https:\/\/www.jazzzeitung.de\/cms\/","name":"JazzZeitung","description":"Jazz-News und Jazz-Kontroverses","publisher":{"@id":"https:\/\/www.jazzzeitung.de\/cms\/#organization"},"potentialAction":[{"@type":"SearchAction","target":{"@type":"EntryPoint","urlTemplate":"https:\/\/www.jazzzeitung.de\/cms\/?s={search_term_string}"},"query-input":{"@type":"PropertyValueSpecification","valueRequired":true,"valueName":"search_term_string"}}],"inLanguage":"de"},{"@type":"Organization","@id":"https:\/\/www.jazzzeitung.de\/cms\/#organization","name":"JazzZeitung online","url":"https:\/\/www.jazzzeitung.de\/cms\/","logo":{"@type":"ImageObject","inLanguage":"de","@id":"https:\/\/www.jazzzeitung.de\/cms\/#\/schema\/logo\/image\/","url":"https:\/\/i0.wp.com\/www.jazzzeitung.de\/cms\/wp-content\/uploads\/2015\/08\/JAZZZEITUNGDE_Logo_Neu.png?fit=499%2C200&ssl=1","contentUrl":"https:\/\/i0.wp.com\/www.jazzzeitung.de\/cms\/wp-content\/uploads\/2015\/08\/JAZZZEITUNGDE_Logo_Neu.png?fit=499%2C200&ssl=1","width":499,"height":200,"caption":"JazzZeitung online"},"image":{"@id":"https:\/\/www.jazzzeitung.de\/cms\/#\/schema\/logo\/image\/"},"sameAs":["https:\/\/www.facebook.com\/JazzZeitung\/"]},{"@type":"Person","@id":"https:\/\/www.jazzzeitung.de\/cms\/#\/schema\/person\/2245b36b9cd1d24cea10f01c031fb92b","name":"Redaktion JazzZeitung","image":{"@type":"ImageObject","inLanguage":"de","@id":"https:\/\/i0.wp.com\/www.jazzzeitung.de\/cms\/wp-content\/uploads\/2015\/08\/JAZZZEITUNGDE_Logo_Neu.png?resize=96%2C96&ssl=159975dcacb611b5700bd619b5daf0a7a","url":"https:\/\/i0.wp.com\/www.jazzzeitung.de\/cms\/wp-content\/uploads\/2015\/08\/JAZZZEITUNGDE_Logo_Neu.png?resize=96%2C96&ssl=1","contentUrl":"https:\/\/i0.wp.com\/www.jazzzeitung.de\/cms\/wp-content\/uploads\/2015\/08\/JAZZZEITUNGDE_Logo_Neu.png?resize=96%2C96&ssl=1","caption":"Redaktion JazzZeitung"},"description":"Artikel der Redaktion der JazzZeitung.","sameAs":["http:\/\/www.jazzzeitung.de\/cms\/"],"url":"https:\/\/www.jazzzeitung.de\/cms\/author\/redaktion\/"}]}},"wp-worthy-pixel":{"ignored":false,"public":null,"server":null,"url":null},"wp-worthy-type":"normal","jetpack_publicize_connections":[],"cc_featured_image_caption":{"caption_text":false,"source_text":false,"source_url":false},"jetpack_featured_media_url":"","jetpack_shortlink":"https:\/\/wp.me\/s3KEcT-7785","jetpack-related-posts":[{"id":22481,"url":"https:\/\/www.jazzzeitung.de\/cms\/2020\/05\/local-heroes-live-stream-konzertreihe-aus-dem-jazzclub-unterfahrt\/","url_meta":{"origin":7785,"position":0},"title":"\u201eLocal Heroes\u201c: Live-Stream Konzertreihe aus dem Jazzclub Unterfahrt","author":"Thomas J. Krebs","date":"6. Mai 2020","format":false,"excerpt":"Auf den ersten Blick scheint alles normal zu sein, die 31 Stufen hinunter in den Keller des M\u00fcnchner Kulturzentrum Einstein, den langgezogenen Gang entlang zum Jazzclub Unterfahrt, aber dann - kein Licht am Ende des Tunnels! Alles ist dunkel und auch am Eingang des Clubs leere Plakatrahmen. Beim Betreten der\u2026","rel":"","context":"In &quot;Bericht&quot;","block_context":{"text":"Bericht","link":"https:\/\/www.jazzzeitung.de\/cms\/thema\/bericht\/"},"img":{"alt_text":"","src":"https:\/\/i0.wp.com\/www.jazzzeitung.de\/cms\/wp-content\/uploads\/2020\/05\/Br%C3%A4ndle-Schwager-May-Foto-TJ-Krebs.jpg?fit=1200%2C675&ssl=1&resize=350%2C200","width":350,"height":200,"srcset":"https:\/\/i0.wp.com\/www.jazzzeitung.de\/cms\/wp-content\/uploads\/2020\/05\/Br%C3%A4ndle-Schwager-May-Foto-TJ-Krebs.jpg?fit=1200%2C675&ssl=1&resize=350%2C200 1x, https:\/\/i0.wp.com\/www.jazzzeitung.de\/cms\/wp-content\/uploads\/2020\/05\/Br%C3%A4ndle-Schwager-May-Foto-TJ-Krebs.jpg?fit=1200%2C675&ssl=1&resize=525%2C300 1.5x, https:\/\/i0.wp.com\/www.jazzzeitung.de\/cms\/wp-content\/uploads\/2020\/05\/Br%C3%A4ndle-Schwager-May-Foto-TJ-Krebs.jpg?fit=1200%2C675&ssl=1&resize=700%2C400 2x, https:\/\/i0.wp.com\/www.jazzzeitung.de\/cms\/wp-content\/uploads\/2020\/05\/Br%C3%A4ndle-Schwager-May-Foto-TJ-Krebs.jpg?fit=1200%2C675&ssl=1&resize=1050%2C600 3x"},"classes":[]},{"id":5847,"url":"https:\/\/www.jazzzeitung.de\/cms\/2015\/04\/kari-ikonen-trio-der-muenchner-unterfahrt\/","url_meta":{"origin":7785,"position":1},"title":"Kari Ikonen Trio in der M\u00fcnchner Unterfahrt","author":"Redaktion JazzZeitung","date":"2. April 2015","format":"gallery","excerpt":"Im Rahmen der 4-t\u00e4gigen Veranstaltungsreihe MADE IN: FINNLAND trat am Freitag den 27. M\u00e4rz das Kari Ikonen Trio in der M\u00fcnchner Unterfahrt auf und begeisterte das Publikum. Ikonen, 2013 mit dem Yrj\u00f6 Award ausgezeichnet und sein Drummer Ounaskari, 2014 ebenfalls mit dem Yrj\u00f6 Award pr\u00e4miert, geh\u00f6ren mittlerweile zu den Stars\u2026","rel":"","context":"In &quot;Galerie&quot;","block_context":{"text":"Galerie","link":"https:\/\/www.jazzzeitung.de\/cms\/thema\/galerie\/"},"img":{"alt_text":"","src":"https:\/\/i0.wp.com\/www.jazzzeitung.de\/cms\/wp-content\/uploads\/2015\/04\/P1490080-Ikonen-Kari-Copyright-by-TJ-Krebs-jazzphotoagency%40web.de_.jpg?fit=694%2C1024&ssl=1&resize=350%2C200","width":350,"height":200,"srcset":"https:\/\/i0.wp.com\/www.jazzzeitung.de\/cms\/wp-content\/uploads\/2015\/04\/P1490080-Ikonen-Kari-Copyright-by-TJ-Krebs-jazzphotoagency%40web.de_.jpg?fit=694%2C1024&ssl=1&resize=350%2C200 1x, https:\/\/i0.wp.com\/www.jazzzeitung.de\/cms\/wp-content\/uploads\/2015\/04\/P1490080-Ikonen-Kari-Copyright-by-TJ-Krebs-jazzphotoagency%40web.de_.jpg?fit=694%2C1024&ssl=1&resize=525%2C300 1.5x"},"classes":[]},{"id":26043,"url":"https:\/\/www.jazzzeitung.de\/cms\/2021\/10\/toine-thys-overseas-featuring-harmen-fraanje-in-der-muenchner-unterfahrt\/","url_meta":{"origin":7785,"position":2},"title":"Toine Thys Overseas featuring Harmen Fraanje in der M\u00fcnchner Unterfahrt","author":"Redaktion JazzZeitung","date":"28. Oktober 2021","format":false,"excerpt":"Es ist etwas Unwirkliches, das erste Live-Konzert in der Unterfahrt f\u00fcr den Verfasser seit Beginn der Pandemie -seit nun 20 Monaten. Selbst f\u00fcr Michael St\u00fcckl, den Vorsitzenden des \u201eF\u00f6rderkreis Jazz und Malerei M\u00fcnchen e.V.\u201c, der den Jazzclub tr\u00e4gt, ist das Konzert des Quintetts \u201eToine Thys Overseas featuring Harmen Fraanje\u201c vor\u2026","rel":"","context":"In &quot;Bericht&quot;","block_context":{"text":"Bericht","link":"https:\/\/www.jazzzeitung.de\/cms\/thema\/bericht\/"},"img":{"alt_text":"","src":"https:\/\/i0.wp.com\/www.jazzzeitung.de\/cms\/wp-content\/uploads\/2021\/10\/NASCIMENTOZe_Luis%C2%A9Godehard.Lutz%40bayern-mail.de_IMGP1677-scaled.jpg?fit=1200%2C795&ssl=1&resize=350%2C200","width":350,"height":200,"srcset":"https:\/\/i0.wp.com\/www.jazzzeitung.de\/cms\/wp-content\/uploads\/2021\/10\/NASCIMENTOZe_Luis%C2%A9Godehard.Lutz%40bayern-mail.de_IMGP1677-scaled.jpg?fit=1200%2C795&ssl=1&resize=350%2C200 1x, https:\/\/i0.wp.com\/www.jazzzeitung.de\/cms\/wp-content\/uploads\/2021\/10\/NASCIMENTOZe_Luis%C2%A9Godehard.Lutz%40bayern-mail.de_IMGP1677-scaled.jpg?fit=1200%2C795&ssl=1&resize=525%2C300 1.5x, https:\/\/i0.wp.com\/www.jazzzeitung.de\/cms\/wp-content\/uploads\/2021\/10\/NASCIMENTOZe_Luis%C2%A9Godehard.Lutz%40bayern-mail.de_IMGP1677-scaled.jpg?fit=1200%2C795&ssl=1&resize=700%2C400 2x, https:\/\/i0.wp.com\/www.jazzzeitung.de\/cms\/wp-content\/uploads\/2021\/10\/NASCIMENTOZe_Luis%C2%A9Godehard.Lutz%40bayern-mail.de_IMGP1677-scaled.jpg?fit=1200%2C795&ssl=1&resize=1050%2C600 3x"},"classes":[]},{"id":32077,"url":"https:\/\/www.jazzzeitung.de\/cms\/2025\/01\/spindrift-cd-pre-release-mit-dem-benny-lackner-quintet-im-jazzclub-unterfahrt\/","url_meta":{"origin":7785,"position":3},"title":"Spindrift: CD Pre-Release mit dem Benny Lackner Quintet im Jazzclub Unterfahrt","author":"Redaktion JazzZeitung","date":"14. Januar 2025","format":false,"excerpt":"Der Pianist Benny Lackner wirbelt mit seinem Quintett feinste Melodien auf, mit zeitlosem Wiedererkennungswert, die dem H\u00f6rer lange Zeit im Ged\u00e4chtnis bleiben. Jazz f\u00fcr die Ewigkeit! Im Jazzclub Unterfahrt fand letzte Woche ein Pre-Release Konzert von Lackners bei ECM erschienen Aufnahme \u201eSpindrift\u201c statt. Mit von der Partie auf der B\u00fchne\u2026","rel":"","context":"In &quot;Bericht&quot;","block_context":{"text":"Bericht","link":"https:\/\/www.jazzzeitung.de\/cms\/thema\/bericht\/"},"img":{"alt_text":"","src":"https:\/\/i0.wp.com\/www.jazzzeitung.de\/cms\/wp-content\/uploads\/2025\/01\/P1466107-sw-Lackner-5-Foto-TJ-Krebs.jpg?fit=1200%2C799&ssl=1&resize=350%2C200","width":350,"height":200,"srcset":"https:\/\/i0.wp.com\/www.jazzzeitung.de\/cms\/wp-content\/uploads\/2025\/01\/P1466107-sw-Lackner-5-Foto-TJ-Krebs.jpg?fit=1200%2C799&ssl=1&resize=350%2C200 1x, https:\/\/i0.wp.com\/www.jazzzeitung.de\/cms\/wp-content\/uploads\/2025\/01\/P1466107-sw-Lackner-5-Foto-TJ-Krebs.jpg?fit=1200%2C799&ssl=1&resize=525%2C300 1.5x, https:\/\/i0.wp.com\/www.jazzzeitung.de\/cms\/wp-content\/uploads\/2025\/01\/P1466107-sw-Lackner-5-Foto-TJ-Krebs.jpg?fit=1200%2C799&ssl=1&resize=700%2C400 2x, https:\/\/i0.wp.com\/www.jazzzeitung.de\/cms\/wp-content\/uploads\/2025\/01\/P1466107-sw-Lackner-5-Foto-TJ-Krebs.jpg?fit=1200%2C799&ssl=1&resize=1050%2C600 3x"},"classes":[]},{"id":8872,"url":"https:\/\/www.jazzzeitung.de\/cms\/2016\/04\/bilder-joey-defrancesco-und-gogo-penguin\/","url_meta":{"origin":7785,"position":4},"title":"Bilder: Joey DeFrancesco und GoGo Penguin","author":"Redaktion JazzZeitung","date":"11. April 2016","format":false,"excerpt":"Was f\u00fcr ein Abend - Joey DeFrancesco begeisterte am vergangenen Freitag in der M\u00fcnchner Unterfahrt mit seinem Trio und gab ein umjubeltes Konzert vor restlos ausverkauftem Haus, das bis weit in den darauf folgenden Morgen dauerte - Jazz im Club vom Allerfeinsten! Und weiter unten: ein klasse Abend (10.4.2016) mit\u2026","rel":"","context":"In &quot;Galerie&quot;","block_context":{"text":"Galerie","link":"https:\/\/www.jazzzeitung.de\/cms\/thema\/galerie\/"},"img":{"alt_text":"","src":"https:\/\/i0.wp.com\/www.jazzzeitung.de\/cms\/wp-content\/uploads\/2016\/04\/P1720368-deFrancesco-Trio-Foto-TJ-Krebs.jpg?resize=350%2C200","width":350,"height":200,"srcset":"https:\/\/i0.wp.com\/www.jazzzeitung.de\/cms\/wp-content\/uploads\/2016\/04\/P1720368-deFrancesco-Trio-Foto-TJ-Krebs.jpg?resize=350%2C200 1x, https:\/\/i0.wp.com\/www.jazzzeitung.de\/cms\/wp-content\/uploads\/2016\/04\/P1720368-deFrancesco-Trio-Foto-TJ-Krebs.jpg?resize=525%2C300 1.5x, https:\/\/i0.wp.com\/www.jazzzeitung.de\/cms\/wp-content\/uploads\/2016\/04\/P1720368-deFrancesco-Trio-Foto-TJ-Krebs.jpg?resize=700%2C400 2x, https:\/\/i0.wp.com\/www.jazzzeitung.de\/cms\/wp-content\/uploads\/2016\/04\/P1720368-deFrancesco-Trio-Foto-TJ-Krebs.jpg?resize=1050%2C600 3x, https:\/\/i0.wp.com\/www.jazzzeitung.de\/cms\/wp-content\/uploads\/2016\/04\/P1720368-deFrancesco-Trio-Foto-TJ-Krebs.jpg?resize=1400%2C800 4x"},"classes":[]},{"id":30610,"url":"https:\/\/www.jazzzeitung.de\/cms\/2024\/02\/gelungene-alternative-zur-faschingswoche-im-jazzclub-unterfahrt\/","url_meta":{"origin":7785,"position":5},"title":"Gelungene Alternative zur Faschingswoche im Jazzclub Unterfahrt","author":"Thomas J. Krebs","date":"15. Februar 2024","format":false,"excerpt":"Der Fasching hat in M\u00fcnchen eine lange Tradition. Zwischen Weiberfasching und Faschingsdienstag steht die Metropole Kopf, unz\u00e4hlige Veranstaltungen locken \u201eN\u00e4rrinnen und Narrhalesen\". Wer dem bunten Treiben und Trubel entgehen will, dem bieten sich eine Vielzahl an Alternativen: zum Beispiel Fasching feiern mit abgefahrenen Jazzkonzerten im M\u00fcnchner Jazzclub Unterfahrt. An Weiberfasching\u2026","rel":"","context":"In &quot;Bericht&quot;","block_context":{"text":"Bericht","link":"https:\/\/www.jazzzeitung.de\/cms\/thema\/bericht\/"},"img":{"alt_text":"","src":"https:\/\/i0.wp.com\/www.jazzzeitung.de\/cms\/wp-content\/uploads\/2024\/02\/P2824904-Nilssen-Trio-Foto-TJ-Krebs.jpg?fit=1200%2C800&ssl=1&resize=350%2C200","width":350,"height":200,"srcset":"https:\/\/i0.wp.com\/www.jazzzeitung.de\/cms\/wp-content\/uploads\/2024\/02\/P2824904-Nilssen-Trio-Foto-TJ-Krebs.jpg?fit=1200%2C800&ssl=1&resize=350%2C200 1x, https:\/\/i0.wp.com\/www.jazzzeitung.de\/cms\/wp-content\/uploads\/2024\/02\/P2824904-Nilssen-Trio-Foto-TJ-Krebs.jpg?fit=1200%2C800&ssl=1&resize=525%2C300 1.5x, https:\/\/i0.wp.com\/www.jazzzeitung.de\/cms\/wp-content\/uploads\/2024\/02\/P2824904-Nilssen-Trio-Foto-TJ-Krebs.jpg?fit=1200%2C800&ssl=1&resize=700%2C400 2x, https:\/\/i0.wp.com\/www.jazzzeitung.de\/cms\/wp-content\/uploads\/2024\/02\/P2824904-Nilssen-Trio-Foto-TJ-Krebs.jpg?fit=1200%2C800&ssl=1&resize=1050%2C600 3x"},"classes":[]}],"jetpack_sharing_enabled":true,"_links":{"self":[{"href":"https:\/\/www.jazzzeitung.de\/cms\/wp-json\/wp\/v2\/posts\/7785","targetHints":{"allow":["GET"]}}],"collection":[{"href":"https:\/\/www.jazzzeitung.de\/cms\/wp-json\/wp\/v2\/posts"}],"about":[{"href":"https:\/\/www.jazzzeitung.de\/cms\/wp-json\/wp\/v2\/types\/post"}],"author":[{"embeddable":true,"href":"https:\/\/www.jazzzeitung.de\/cms\/wp-json\/wp\/v2\/users\/18"}],"replies":[{"embeddable":true,"href":"https:\/\/www.jazzzeitung.de\/cms\/wp-json\/wp\/v2\/comments?post=7785"}],"version-history":[{"count":4,"href":"https:\/\/www.jazzzeitung.de\/cms\/wp-json\/wp\/v2\/posts\/7785\/revisions"}],"predecessor-version":[{"id":7800,"href":"https:\/\/www.jazzzeitung.de\/cms\/wp-json\/wp\/v2\/posts\/7785\/revisions\/7800"}],"wp:attachment":[{"href":"https:\/\/www.jazzzeitung.de\/cms\/wp-json\/wp\/v2\/media?parent=7785"}],"wp:term":[{"taxonomy":"category","embeddable":true,"href":"https:\/\/www.jazzzeitung.de\/cms\/wp-json\/wp\/v2\/categories?post=7785"},{"taxonomy":"post_tag","embeddable":true,"href":"https:\/\/www.jazzzeitung.de\/cms\/wp-json\/wp\/v2\/tags?post=7785"},{"taxonomy":"author","embeddable":true,"href":"https:\/\/www.jazzzeitung.de\/cms\/wp-json\/wp\/v2\/coauthors?post=7785"}],"curies":[{"name":"wp","href":"https:\/\/api.w.org\/{rel}","templated":true}]}}