{"id":7778,"date":"2015-11-19T17:30:37","date_gmt":"2015-11-19T16:30:37","guid":{"rendered":"http:\/\/www.jazzzeitung.de\/cms\/?p=7778"},"modified":"2016-07-17T11:40:41","modified_gmt":"2016-07-17T09:40:41","slug":"swr-big-band-vergoldet","status":"publish","type":"post","link":"https:\/\/www.jazzzeitung.de\/cms\/2015\/11\/swr-big-band-vergoldet\/","title":{"rendered":"Gold f\u00fcr SWR Big Band und Trompeter Joo Kraus"},"content":{"rendered":"<figure id=\"attachment_7779\" aria-describedby=\"caption-attachment-7779\" style=\"width: 150px\" class=\"wp-caption alignright\"><a href=\"https:\/\/i0.wp.com\/www.jazzzeitung.de\/cms\/wp-content\/uploads\/2015\/11\/1_Jazz_Award_in_Gold_2015.jpg\"><img data-recalc-dims=\"1\" loading=\"lazy\" decoding=\"async\" data-attachment-id=\"7779\" data-permalink=\"https:\/\/www.jazzzeitung.de\/cms\/2015\/11\/swr-big-band-vergoldet\/jazz-award-in-gold-fuer-die-swr-big-band-und-joo-kraus\/\" data-orig-file=\"https:\/\/i0.wp.com\/www.jazzzeitung.de\/cms\/wp-content\/uploads\/2015\/11\/1_Jazz_Award_in_Gold_2015.jpg?fit=2480%2C1714&amp;ssl=1\" data-orig-size=\"2480,1714\" data-comments-opened=\"1\" data-image-meta=\"{&quot;aperture&quot;:&quot;0&quot;,&quot;credit&quot;:&quot;SWR\/Josh von Staudach&quot;,&quot;camera&quot;:&quot;&quot;,&quot;caption&quot;:&quot;S\\u00dcDWESTRUNDFUNK\\nJazz Award in Gold f\\u00fcr die SWR Big Band und Joo Kraus - Preis des Bundesverbands Musikindustrie f\\u00fcr das Album \\u201ePublic Jazz Lounge\\u201c\\nDie \\u201eSWR Big Band\\u201c und der Trompeter und ECHO-Preistr\\u00e4ger Joo Kraus erhalten f\\u00fcr ihr Album \\u201ePublic Jazz Lounge\\u201c vom Bundesverband Musikindustrie den \\u201eGerman Jazz Award in Gold\\u201c f\\u00fcr mehr als 10.000 verkaufte Tontr\\u00e4ger. Die Preisverleihung fand am 14. November 2015 im Rahmen eines ausverkauften Konzerts im T\\u00fcbinger Sudhaus statt. \\u201ePublic Jazz Lounge\\u201c hatte bereits kurz nach seiner Ver\\u00f6ffentlichung die Top 10 der deutschen Jazz-Charts erreicht. Die Frankfurter Rundschau nannte die CD ein \\u201eFestival der Jazzpassionen\\u201c und meint: \\u201eSo launig und mutig sie covern, so l\\u00e4ssig klingen jeweils die Ergebnisse.\\u201c \\nV.li.n.re.: Klaus-Peter Sch\\u00f6pfer (Co-Produzent), Hans-Peter Zachary (SWR Big Band Manager), Sabine Bachmann (Skip Records), Joo Kraus, Ralf Schmid (Arrangeuer \\u0026amp; MD), Rudi Reindl (Gesch\\u00e4ftsf\\u00fchrer SWR Big Band GmbH) und die SWR Big Band.\\n\\u00a9 SWR\/Josh von Staudach, honorarfrei - Verwendung gem\\u00e4\\u00df der AGB im Rahmen einer engen, unternehmensbezogenen Berichterstattung im SWR-Zusammenhang bei Nennung \\&quot;Bild: SWR\/Josh von Staudach\\&quot; (S2), SWR-Pressestelle\/Fotoredaktion, Baden-Baden, Tel: 07221\/929-22287, Fax: -929-22059, foto@swr.de&quot;,&quot;created_timestamp&quot;:&quot;0&quot;,&quot;copyright&quot;:&quot;&quot;,&quot;focal_length&quot;:&quot;0&quot;,&quot;iso&quot;:&quot;0&quot;,&quot;shutter_speed&quot;:&quot;0&quot;,&quot;title&quot;:&quot;Jazz Award in Gold f\\u00fcr die SWR Big Band und Joo Kraus&quot;,&quot;orientation&quot;:&quot;0&quot;}\" data-image-title=\"Jazz Award in Gold f\u00fcr die SWR Big Band und Joo Kraus\" data-image-description=\"\" data-image-caption=\"&lt;p&gt; V.li.n.re.: Klaus-Peter Sch\u00f6pfer (Co-Produzent), Hans-Peter Zachary (SWR Big Band Manager), Sabine Bachmann (Skip Records), Joo Kraus, Ralf Schmid (Arrangeuer &amp;amp; MD), Rudi Reindl (Gesch\u00e4ftsf\u00fchrer SWR Big Band GmbH) und die SWR Big Band.&lt;br \/&gt;\n\u00a9 SWR\/Josh von Staudach&lt;\/p&gt;\n\" data-large-file=\"https:\/\/i0.wp.com\/www.jazzzeitung.de\/cms\/wp-content\/uploads\/2015\/11\/1_Jazz_Award_in_Gold_2015.jpg?fit=840%2C581&amp;ssl=1\" class=\"size-thumbnail wp-image-7779\" src=\"https:\/\/i0.wp.com\/www.jazzzeitung.de\/cms\/wp-content\/uploads\/2015\/11\/1_Jazz_Award_in_Gold_2015-150x150.jpg?resize=150%2C150\" alt=\" V.li.n.re.: Klaus-Peter Sch\u00f6pfer (Co-Produzent), Hans-Peter Zachary (SWR Big Band Manager), Sabine Bachmann (Skip Records), Joo Kraus, Ralf Schmid (Arrangeuer &amp; MD), Rudi Reindl (Gesch\u00e4ftsf\u00fchrer SWR Big Band GmbH) und die SWR Big Band. \u00a9 SWR\/Josh von Staudach\" width=\"150\" height=\"150\" srcset=\"https:\/\/i0.wp.com\/www.jazzzeitung.de\/cms\/wp-content\/uploads\/2015\/11\/1_Jazz_Award_in_Gold_2015.jpg?resize=150%2C150&amp;ssl=1 150w, https:\/\/i0.wp.com\/www.jazzzeitung.de\/cms\/wp-content\/uploads\/2015\/11\/1_Jazz_Award_in_Gold_2015.jpg?resize=144%2C144&amp;ssl=1 144w, https:\/\/i0.wp.com\/www.jazzzeitung.de\/cms\/wp-content\/uploads\/2015\/11\/1_Jazz_Award_in_Gold_2015.jpg?resize=96%2C96&amp;ssl=1 96w, https:\/\/i0.wp.com\/www.jazzzeitung.de\/cms\/wp-content\/uploads\/2015\/11\/1_Jazz_Award_in_Gold_2015.jpg?resize=24%2C24&amp;ssl=1 24w, https:\/\/i0.wp.com\/www.jazzzeitung.de\/cms\/wp-content\/uploads\/2015\/11\/1_Jazz_Award_in_Gold_2015.jpg?resize=36%2C36&amp;ssl=1 36w, https:\/\/i0.wp.com\/www.jazzzeitung.de\/cms\/wp-content\/uploads\/2015\/11\/1_Jazz_Award_in_Gold_2015.jpg?resize=48%2C48&amp;ssl=1 48w, https:\/\/i0.wp.com\/www.jazzzeitung.de\/cms\/wp-content\/uploads\/2015\/11\/1_Jazz_Award_in_Gold_2015.jpg?resize=64%2C64&amp;ssl=1 64w, https:\/\/i0.wp.com\/www.jazzzeitung.de\/cms\/wp-content\/uploads\/2015\/11\/1_Jazz_Award_in_Gold_2015.jpg?resize=32%2C32&amp;ssl=1 32w, https:\/\/i0.wp.com\/www.jazzzeitung.de\/cms\/wp-content\/uploads\/2015\/11\/1_Jazz_Award_in_Gold_2015.jpg?resize=128%2C128&amp;ssl=1 128w, https:\/\/i0.wp.com\/www.jazzzeitung.de\/cms\/wp-content\/uploads\/2015\/11\/1_Jazz_Award_in_Gold_2015.jpg?zoom=2&amp;resize=150%2C150&amp;ssl=1 300w, https:\/\/i0.wp.com\/www.jazzzeitung.de\/cms\/wp-content\/uploads\/2015\/11\/1_Jazz_Award_in_Gold_2015.jpg?zoom=3&amp;resize=150%2C150&amp;ssl=1 450w\" sizes=\"auto, (max-width: 150px) 100vw, 150px\" \/><\/a><figcaption id=\"caption-attachment-7779\" class=\"wp-caption-text\">V.li.n.re.: Klaus-Peter Sch\u00f6pfer (Co-Produzent), Hans-Peter Zachary (SWR Big Band Manager), Sabine Bachmann (Skip Records), Joo Kraus, Ralf Schmid (Arrangeuer &amp; MD), Rudi Reindl (Gesch\u00e4ftsf\u00fchrer SWR Big Band GmbH) und die SWR Big Band.<br \/>\u00a9 SWR\/Josh von Staudach<\/figcaption><\/figure>\n<p>Die \u201eSWR Big Band\u201c und der Trompeter und ECHO-Preistr\u00e4ger Joo Kraus erhalten f\u00fcr ihr Album \u201ePublic Jazz Lounge\u201c vom Bundesverband Musikindustrie den \u201eGerman Jazz Award in Gold\u201c f\u00fcr mehr als 10.000 verkaufte Tontr\u00e4ger. Die Preisverleihung fand am 14. November 2015 im Rahmen eines ausverkauften Konzerts im T\u00fcbinger Sudhaus statt. \u201ePublic Jazz Lounge\u201c hatte bereits kurz nach seiner Ver\u00f6ffentlichung die Top 10 der deutschen Jazz-Charts erreicht. Die Frankfurter Rundschau nannte die CD ein \u201eFestival der Jazzpassionen\u201c und meint: \u201eSo launig und mutig sie covern, so l\u00e4ssig klingen jeweils die Ergebnisse.\u201c<\/p>\n<p>Musikalisch verbirgt sich hinter \u201ePublic Jazz Lounge\u201c die Idee, \u201eClassic Tracks\u201c aus Jazz, Pop und R&amp;B mit dem vielschichtigen Klangk\u00f6rper der Bigband zusammenzubringen. F\u00fcr den perfekten Breitwand-Sound, der seine Wurzeln in den Arrangements zahlreicher \u00fcppiger R&amp;B und Jazzproduktionen der 70er Jahre hat, konnte Joo Kraus die exzellenten Musiker der \u201eSWR Big Band\u201c gewinnen, f\u00fcr die Arrangeur und Dirigent Ralf Schmid eigenst\u00e4ndige und originelle Gew\u00e4nder geschaffen hat, um Klassiker der Musikgeschichte (u. a. von Sting, Joe Zawinul, Simon &amp; Garfunkel, Mary J. Blige, George Benson, Bj\u00f6rk, EW&amp;F oder Freddie Hubbard) und einige Originale von Joo Kraus in einen v\u00f6llig neuen Kontext zu stellen. Ganz relaxt wird der Jazz-Fan zum Nu Soul-H\u00f6rer, Pop swingt und \u00fcber allem die coolen Trompeten-Soli und Raps von Joo Kraus, die diese Public Jazz Lounge zusammenhalten und \u00fcberstrahlen.<\/p>\n<p>Die Nachfolge-Produktion \u201ePublic Jazz Society\u201c ist bereits als Download ver\u00f6ffentlicht und erscheint voraussichtlich im Februar 2016 als CD.<\/p>\n","protected":false},"excerpt":{"rendered":"<p>Die \u201eSWR Big Band\u201c und der Trompeter und ECHO-Preistr\u00e4ger Joo Kraus erhalten f\u00fcr ihr Album \u201ePublic Jazz Lounge\u201c vom Bundesverband Musikindustrie den \u201eGerman Jazz Award in Gold\u201c f\u00fcr mehr als 10.000 verkaufte Tontr\u00e4ger. Die Preisverleihung fand am 14. November 2015 im Rahmen eines ausverkauften Konzerts im T\u00fcbinger Sudhaus statt. \u201ePublic Jazz Lounge\u201c hatte bereits kurz nach seiner Ver\u00f6ffentlichung die Top 10 der deutschen Jazz-Charts erreicht. Die Frankfurter Rundschau nannte die CD ein \u201eFestival der Jazzpassionen\u201c und meint: \u201eSo launig und mutig sie covern, so l\u00e4ssig klingen jeweils die Ergebnisse.\u201c Musikalisch verbirgt sich hinter \u201ePublic Jazz Lounge\u201c die Idee, \u201eClassic Tracks\u201c aus Jazz, Pop und R&amp;B mit dem vielschichtigen Klangk\u00f6rper der Bigband zusammenzubringen. F\u00fcr den perfekten Breitwand-Sound, der seine Wurzeln in den Arrangements zahlreicher \u00fcppiger R&amp;B und Jazzproduktionen der 70er Jahre hat, konnte Joo Kraus die exzellenten Musiker der \u201eSWR Big Band\u201c gewinnen, f\u00fcr die Arrangeur und Dirigent Ralf Schmid eigenst\u00e4ndige und originelle Gew\u00e4nder geschaffen hat, um Klassiker der Musikgeschichte (u. a. von Sting, Joe Zawinul, Simon &amp; Garfunkel, Mary J. Blige, George Benson, Bj\u00f6rk, EW&amp;F oder Freddie Hubbard) und einige Originale von Joo Kraus in &hellip;<\/p>\n","protected":false},"author":18,"featured_media":0,"comment_status":"open","ping_status":"closed","sticky":false,"template":"","format":"standard","meta":{"_jetpack_memberships_contains_paid_content":false,"footnotes":"","jetpack_publicize_message":"","jetpack_publicize_feature_enabled":true,"jetpack_social_post_already_shared":false,"jetpack_social_options":{"image_generator_settings":{"template":"highway","default_image_id":0,"font":"","enabled":false},"version":2}},"categories":[633],"tags":[34,71,73,109,1174,980,3,254,404,447,1170,450,1176,522],"coauthors":[695],"class_list":["post-7778","post","type-post","status-publish","format-standard","hentry","category-nachrichten","tag-album","tag-big-band","tag-bigband","tag-cd","tag-download","tag-echo","tag-festival","tag-jazz-award","tag-musikindustrie","tag-pop","tag-preistraeger","tag-preisverleihung","tag-soli","tag-sting"],"yoast_head":"<!-- This site is optimized with the Yoast SEO plugin v27.5 - https:\/\/yoast.com\/product\/yoast-seo-wordpress\/ -->\n<title>Gold f\u00fcr SWR Big Band und Trompeter Joo Kraus - JazzZeitung<\/title>\n<meta name=\"robots\" content=\"index, follow, max-snippet:-1, max-image-preview:large, max-video-preview:-1\" \/>\n<link rel=\"canonical\" href=\"https:\/\/www.jazzzeitung.de\/cms\/2015\/11\/swr-big-band-vergoldet\/\" \/>\n<meta property=\"og:locale\" content=\"de_DE\" \/>\n<meta property=\"og:type\" content=\"article\" \/>\n<meta property=\"og:title\" content=\"Gold f\u00fcr SWR Big Band und Trompeter Joo Kraus - JazzZeitung\" \/>\n<meta property=\"og:description\" content=\"Die \u201eSWR Big Band\u201c und der Trompeter und ECHO-Preistr\u00e4ger Joo Kraus erhalten f\u00fcr ihr Album \u201ePublic Jazz Lounge\u201c vom Bundesverband Musikindustrie den \u201eGerman Jazz Award in Gold\u201c f\u00fcr mehr als 10.000 verkaufte Tontr\u00e4ger. Die Preisverleihung fand am 14. November 2015 im Rahmen eines ausverkauften Konzerts im T\u00fcbinger Sudhaus statt. \u201ePublic Jazz Lounge\u201c hatte bereits kurz nach seiner Ver\u00f6ffentlichung die Top 10 der deutschen Jazz-Charts erreicht. Die Frankfurter Rundschau nannte die CD ein \u201eFestival der Jazzpassionen\u201c und meint: \u201eSo launig und mutig sie covern, so l\u00e4ssig klingen jeweils die Ergebnisse.\u201c Musikalisch verbirgt sich hinter \u201ePublic Jazz Lounge\u201c die Idee, \u201eClassic Tracks\u201c aus Jazz, Pop und R&amp;B mit dem vielschichtigen Klangk\u00f6rper der Bigband zusammenzubringen. F\u00fcr den perfekten Breitwand-Sound, der seine Wurzeln in den Arrangements zahlreicher \u00fcppiger R&amp;B und Jazzproduktionen der 70er Jahre hat, konnte Joo Kraus die exzellenten Musiker der \u201eSWR Big Band\u201c gewinnen, f\u00fcr die Arrangeur und Dirigent Ralf Schmid eigenst\u00e4ndige und originelle Gew\u00e4nder geschaffen hat, um Klassiker der Musikgeschichte (u. a. von Sting, Joe Zawinul, Simon &amp; Garfunkel, Mary J. Blige, George Benson, Bj\u00f6rk, EW&amp;F oder Freddie Hubbard) und einige Originale von Joo Kraus in &hellip;\" \/>\n<meta property=\"og:url\" content=\"https:\/\/www.jazzzeitung.de\/cms\/2015\/11\/swr-big-band-vergoldet\/\" \/>\n<meta property=\"og:site_name\" content=\"JazzZeitung\" \/>\n<meta property=\"article:publisher\" content=\"https:\/\/www.facebook.com\/JazzZeitung\/\" \/>\n<meta property=\"article:published_time\" content=\"2015-11-19T16:30:37+00:00\" \/>\n<meta property=\"article:modified_time\" content=\"2016-07-17T09:40:41+00:00\" \/>\n<meta property=\"og:image\" content=\"http:\/\/www.jazzzeitung.de\/cms\/wp-content\/uploads\/2015\/11\/1_Jazz_Award_in_Gold_2015-150x150.jpg\" \/>\n<meta name=\"author\" content=\"Redaktion JazzZeitung\" \/>\n<script type=\"application\/ld+json\" class=\"yoast-schema-graph\">{\"@context\":\"https:\\\/\\\/schema.org\",\"@graph\":[{\"@type\":\"Article\",\"@id\":\"https:\\\/\\\/www.jazzzeitung.de\\\/cms\\\/2015\\\/11\\\/swr-big-band-vergoldet\\\/#article\",\"isPartOf\":{\"@id\":\"https:\\\/\\\/www.jazzzeitung.de\\\/cms\\\/2015\\\/11\\\/swr-big-band-vergoldet\\\/\"},\"author\":{\"name\":\"Redaktion JazzZeitung\",\"@id\":\"https:\\\/\\\/www.jazzzeitung.de\\\/cms\\\/#\\\/schema\\\/person\\\/2245b36b9cd1d24cea10f01c031fb92b\"},\"headline\":\"Gold f\u00fcr SWR Big Band und Trompeter Joo Kraus\",\"datePublished\":\"2015-11-19T16:30:37+00:00\",\"dateModified\":\"2016-07-17T09:40:41+00:00\",\"mainEntityOfPage\":{\"@id\":\"https:\\\/\\\/www.jazzzeitung.de\\\/cms\\\/2015\\\/11\\\/swr-big-band-vergoldet\\\/\"},\"wordCount\":315,\"commentCount\":0,\"publisher\":{\"@id\":\"https:\\\/\\\/www.jazzzeitung.de\\\/cms\\\/#organization\"},\"image\":{\"@id\":\"https:\\\/\\\/www.jazzzeitung.de\\\/cms\\\/2015\\\/11\\\/swr-big-band-vergoldet\\\/#primaryimage\"},\"thumbnailUrl\":\"http:\\\/\\\/www.jazzzeitung.de\\\/cms\\\/wp-content\\\/uploads\\\/2015\\\/11\\\/1_Jazz_Award_in_Gold_2015-150x150.jpg\",\"keywords\":[\"Album\",\"Big Band\",\"Bigband\",\"CD\",\"Download\",\"ECHO\",\"Festival\",\"Jazz Award\",\"Musikindustrie\",\"Pop\",\"Preistr\u00e4ger\",\"Preisverleihung\",\"Soli\",\"Sting\"],\"articleSection\":[\"News\"],\"inLanguage\":\"de\",\"potentialAction\":[{\"@type\":\"CommentAction\",\"name\":\"Comment\",\"target\":[\"https:\\\/\\\/www.jazzzeitung.de\\\/cms\\\/2015\\\/11\\\/swr-big-band-vergoldet\\\/#respond\"]}]},{\"@type\":\"WebPage\",\"@id\":\"https:\\\/\\\/www.jazzzeitung.de\\\/cms\\\/2015\\\/11\\\/swr-big-band-vergoldet\\\/\",\"url\":\"https:\\\/\\\/www.jazzzeitung.de\\\/cms\\\/2015\\\/11\\\/swr-big-band-vergoldet\\\/\",\"name\":\"Gold f\u00fcr SWR Big Band und Trompeter Joo Kraus - JazzZeitung\",\"isPartOf\":{\"@id\":\"https:\\\/\\\/www.jazzzeitung.de\\\/cms\\\/#website\"},\"primaryImageOfPage\":{\"@id\":\"https:\\\/\\\/www.jazzzeitung.de\\\/cms\\\/2015\\\/11\\\/swr-big-band-vergoldet\\\/#primaryimage\"},\"image\":{\"@id\":\"https:\\\/\\\/www.jazzzeitung.de\\\/cms\\\/2015\\\/11\\\/swr-big-band-vergoldet\\\/#primaryimage\"},\"thumbnailUrl\":\"http:\\\/\\\/www.jazzzeitung.de\\\/cms\\\/wp-content\\\/uploads\\\/2015\\\/11\\\/1_Jazz_Award_in_Gold_2015-150x150.jpg\",\"datePublished\":\"2015-11-19T16:30:37+00:00\",\"dateModified\":\"2016-07-17T09:40:41+00:00\",\"breadcrumb\":{\"@id\":\"https:\\\/\\\/www.jazzzeitung.de\\\/cms\\\/2015\\\/11\\\/swr-big-band-vergoldet\\\/#breadcrumb\"},\"inLanguage\":\"de\",\"potentialAction\":[{\"@type\":\"ReadAction\",\"target\":[\"https:\\\/\\\/www.jazzzeitung.de\\\/cms\\\/2015\\\/11\\\/swr-big-band-vergoldet\\\/\"]}]},{\"@type\":\"ImageObject\",\"inLanguage\":\"de\",\"@id\":\"https:\\\/\\\/www.jazzzeitung.de\\\/cms\\\/2015\\\/11\\\/swr-big-band-vergoldet\\\/#primaryimage\",\"url\":\"http:\\\/\\\/www.jazzzeitung.de\\\/cms\\\/wp-content\\\/uploads\\\/2015\\\/11\\\/1_Jazz_Award_in_Gold_2015-150x150.jpg\",\"contentUrl\":\"http:\\\/\\\/www.jazzzeitung.de\\\/cms\\\/wp-content\\\/uploads\\\/2015\\\/11\\\/1_Jazz_Award_in_Gold_2015-150x150.jpg\"},{\"@type\":\"BreadcrumbList\",\"@id\":\"https:\\\/\\\/www.jazzzeitung.de\\\/cms\\\/2015\\\/11\\\/swr-big-band-vergoldet\\\/#breadcrumb\",\"itemListElement\":[{\"@type\":\"ListItem\",\"position\":1,\"name\":\"Startseite\",\"item\":\"https:\\\/\\\/www.jazzzeitung.de\\\/cms\\\/\"},{\"@type\":\"ListItem\",\"position\":2,\"name\":\"Gold f\u00fcr SWR Big Band und Trompeter Joo Kraus\"}]},{\"@type\":\"WebSite\",\"@id\":\"https:\\\/\\\/www.jazzzeitung.de\\\/cms\\\/#website\",\"url\":\"https:\\\/\\\/www.jazzzeitung.de\\\/cms\\\/\",\"name\":\"JazzZeitung\",\"description\":\"Jazz-News und Jazz-Kontroverses\",\"publisher\":{\"@id\":\"https:\\\/\\\/www.jazzzeitung.de\\\/cms\\\/#organization\"},\"potentialAction\":[{\"@type\":\"SearchAction\",\"target\":{\"@type\":\"EntryPoint\",\"urlTemplate\":\"https:\\\/\\\/www.jazzzeitung.de\\\/cms\\\/?s={search_term_string}\"},\"query-input\":{\"@type\":\"PropertyValueSpecification\",\"valueRequired\":true,\"valueName\":\"search_term_string\"}}],\"inLanguage\":\"de\"},{\"@type\":\"Organization\",\"@id\":\"https:\\\/\\\/www.jazzzeitung.de\\\/cms\\\/#organization\",\"name\":\"JazzZeitung online\",\"url\":\"https:\\\/\\\/www.jazzzeitung.de\\\/cms\\\/\",\"logo\":{\"@type\":\"ImageObject\",\"inLanguage\":\"de\",\"@id\":\"https:\\\/\\\/www.jazzzeitung.de\\\/cms\\\/#\\\/schema\\\/logo\\\/image\\\/\",\"url\":\"https:\\\/\\\/i0.wp.com\\\/www.jazzzeitung.de\\\/cms\\\/wp-content\\\/uploads\\\/2015\\\/08\\\/JAZZZEITUNGDE_Logo_Neu.png?fit=499%2C200&ssl=1\",\"contentUrl\":\"https:\\\/\\\/i0.wp.com\\\/www.jazzzeitung.de\\\/cms\\\/wp-content\\\/uploads\\\/2015\\\/08\\\/JAZZZEITUNGDE_Logo_Neu.png?fit=499%2C200&ssl=1\",\"width\":499,\"height\":200,\"caption\":\"JazzZeitung online\"},\"image\":{\"@id\":\"https:\\\/\\\/www.jazzzeitung.de\\\/cms\\\/#\\\/schema\\\/logo\\\/image\\\/\"},\"sameAs\":[\"https:\\\/\\\/www.facebook.com\\\/JazzZeitung\\\/\"]},{\"@type\":\"Person\",\"@id\":\"https:\\\/\\\/www.jazzzeitung.de\\\/cms\\\/#\\\/schema\\\/person\\\/2245b36b9cd1d24cea10f01c031fb92b\",\"name\":\"Redaktion JazzZeitung\",\"image\":{\"@type\":\"ImageObject\",\"inLanguage\":\"de\",\"@id\":\"https:\\\/\\\/i0.wp.com\\\/www.jazzzeitung.de\\\/cms\\\/wp-content\\\/uploads\\\/2015\\\/08\\\/JAZZZEITUNGDE_Logo_Neu.png?resize=96%2C96&ssl=159975dcacb611b5700bd619b5daf0a7a\",\"url\":\"https:\\\/\\\/i0.wp.com\\\/www.jazzzeitung.de\\\/cms\\\/wp-content\\\/uploads\\\/2015\\\/08\\\/JAZZZEITUNGDE_Logo_Neu.png?resize=96%2C96&ssl=1\",\"contentUrl\":\"https:\\\/\\\/i0.wp.com\\\/www.jazzzeitung.de\\\/cms\\\/wp-content\\\/uploads\\\/2015\\\/08\\\/JAZZZEITUNGDE_Logo_Neu.png?resize=96%2C96&ssl=1\",\"caption\":\"Redaktion JazzZeitung\"},\"description\":\"Artikel der Redaktion der JazzZeitung.\",\"sameAs\":[\"http:\\\/\\\/www.jazzzeitung.de\\\/cms\\\/\"],\"url\":\"https:\\\/\\\/www.jazzzeitung.de\\\/cms\\\/author\\\/redaktion\\\/\"}]}<\/script>\n<!-- \/ Yoast SEO plugin. -->","yoast_head_json":{"title":"Gold f\u00fcr SWR Big Band und Trompeter Joo Kraus - JazzZeitung","robots":{"index":"index","follow":"follow","max-snippet":"max-snippet:-1","max-image-preview":"max-image-preview:large","max-video-preview":"max-video-preview:-1"},"canonical":"https:\/\/www.jazzzeitung.de\/cms\/2015\/11\/swr-big-band-vergoldet\/","og_locale":"de_DE","og_type":"article","og_title":"Gold f\u00fcr SWR Big Band und Trompeter Joo Kraus - JazzZeitung","og_description":"Die \u201eSWR Big Band\u201c und der Trompeter und ECHO-Preistr\u00e4ger Joo Kraus erhalten f\u00fcr ihr Album \u201ePublic Jazz Lounge\u201c vom Bundesverband Musikindustrie den \u201eGerman Jazz Award in Gold\u201c f\u00fcr mehr als 10.000 verkaufte Tontr\u00e4ger. Die Preisverleihung fand am 14. November 2015 im Rahmen eines ausverkauften Konzerts im T\u00fcbinger Sudhaus statt. \u201ePublic Jazz Lounge\u201c hatte bereits kurz nach seiner Ver\u00f6ffentlichung die Top 10 der deutschen Jazz-Charts erreicht. Die Frankfurter Rundschau nannte die CD ein \u201eFestival der Jazzpassionen\u201c und meint: \u201eSo launig und mutig sie covern, so l\u00e4ssig klingen jeweils die Ergebnisse.\u201c Musikalisch verbirgt sich hinter \u201ePublic Jazz Lounge\u201c die Idee, \u201eClassic Tracks\u201c aus Jazz, Pop und R&amp;B mit dem vielschichtigen Klangk\u00f6rper der Bigband zusammenzubringen. F\u00fcr den perfekten Breitwand-Sound, der seine Wurzeln in den Arrangements zahlreicher \u00fcppiger R&amp;B und Jazzproduktionen der 70er Jahre hat, konnte Joo Kraus die exzellenten Musiker der \u201eSWR Big Band\u201c gewinnen, f\u00fcr die Arrangeur und Dirigent Ralf Schmid eigenst\u00e4ndige und originelle Gew\u00e4nder geschaffen hat, um Klassiker der Musikgeschichte (u. a. von Sting, Joe Zawinul, Simon &amp; Garfunkel, Mary J. Blige, George Benson, Bj\u00f6rk, EW&amp;F oder Freddie Hubbard) und einige Originale von Joo Kraus in &hellip;","og_url":"https:\/\/www.jazzzeitung.de\/cms\/2015\/11\/swr-big-band-vergoldet\/","og_site_name":"JazzZeitung","article_publisher":"https:\/\/www.facebook.com\/JazzZeitung\/","article_published_time":"2015-11-19T16:30:37+00:00","article_modified_time":"2016-07-17T09:40:41+00:00","og_image":[{"url":"http:\/\/www.jazzzeitung.de\/cms\/wp-content\/uploads\/2015\/11\/1_Jazz_Award_in_Gold_2015-150x150.jpg","type":"","width":"","height":""}],"author":"Redaktion JazzZeitung","schema":{"@context":"https:\/\/schema.org","@graph":[{"@type":"Article","@id":"https:\/\/www.jazzzeitung.de\/cms\/2015\/11\/swr-big-band-vergoldet\/#article","isPartOf":{"@id":"https:\/\/www.jazzzeitung.de\/cms\/2015\/11\/swr-big-band-vergoldet\/"},"author":{"name":"Redaktion JazzZeitung","@id":"https:\/\/www.jazzzeitung.de\/cms\/#\/schema\/person\/2245b36b9cd1d24cea10f01c031fb92b"},"headline":"Gold f\u00fcr SWR Big Band und Trompeter Joo Kraus","datePublished":"2015-11-19T16:30:37+00:00","dateModified":"2016-07-17T09:40:41+00:00","mainEntityOfPage":{"@id":"https:\/\/www.jazzzeitung.de\/cms\/2015\/11\/swr-big-band-vergoldet\/"},"wordCount":315,"commentCount":0,"publisher":{"@id":"https:\/\/www.jazzzeitung.de\/cms\/#organization"},"image":{"@id":"https:\/\/www.jazzzeitung.de\/cms\/2015\/11\/swr-big-band-vergoldet\/#primaryimage"},"thumbnailUrl":"http:\/\/www.jazzzeitung.de\/cms\/wp-content\/uploads\/2015\/11\/1_Jazz_Award_in_Gold_2015-150x150.jpg","keywords":["Album","Big Band","Bigband","CD","Download","ECHO","Festival","Jazz Award","Musikindustrie","Pop","Preistr\u00e4ger","Preisverleihung","Soli","Sting"],"articleSection":["News"],"inLanguage":"de","potentialAction":[{"@type":"CommentAction","name":"Comment","target":["https:\/\/www.jazzzeitung.de\/cms\/2015\/11\/swr-big-band-vergoldet\/#respond"]}]},{"@type":"WebPage","@id":"https:\/\/www.jazzzeitung.de\/cms\/2015\/11\/swr-big-band-vergoldet\/","url":"https:\/\/www.jazzzeitung.de\/cms\/2015\/11\/swr-big-band-vergoldet\/","name":"Gold f\u00fcr SWR Big Band und Trompeter Joo Kraus - JazzZeitung","isPartOf":{"@id":"https:\/\/www.jazzzeitung.de\/cms\/#website"},"primaryImageOfPage":{"@id":"https:\/\/www.jazzzeitung.de\/cms\/2015\/11\/swr-big-band-vergoldet\/#primaryimage"},"image":{"@id":"https:\/\/www.jazzzeitung.de\/cms\/2015\/11\/swr-big-band-vergoldet\/#primaryimage"},"thumbnailUrl":"http:\/\/www.jazzzeitung.de\/cms\/wp-content\/uploads\/2015\/11\/1_Jazz_Award_in_Gold_2015-150x150.jpg","datePublished":"2015-11-19T16:30:37+00:00","dateModified":"2016-07-17T09:40:41+00:00","breadcrumb":{"@id":"https:\/\/www.jazzzeitung.de\/cms\/2015\/11\/swr-big-band-vergoldet\/#breadcrumb"},"inLanguage":"de","potentialAction":[{"@type":"ReadAction","target":["https:\/\/www.jazzzeitung.de\/cms\/2015\/11\/swr-big-band-vergoldet\/"]}]},{"@type":"ImageObject","inLanguage":"de","@id":"https:\/\/www.jazzzeitung.de\/cms\/2015\/11\/swr-big-band-vergoldet\/#primaryimage","url":"http:\/\/www.jazzzeitung.de\/cms\/wp-content\/uploads\/2015\/11\/1_Jazz_Award_in_Gold_2015-150x150.jpg","contentUrl":"http:\/\/www.jazzzeitung.de\/cms\/wp-content\/uploads\/2015\/11\/1_Jazz_Award_in_Gold_2015-150x150.jpg"},{"@type":"BreadcrumbList","@id":"https:\/\/www.jazzzeitung.de\/cms\/2015\/11\/swr-big-band-vergoldet\/#breadcrumb","itemListElement":[{"@type":"ListItem","position":1,"name":"Startseite","item":"https:\/\/www.jazzzeitung.de\/cms\/"},{"@type":"ListItem","position":2,"name":"Gold f\u00fcr SWR Big Band und Trompeter Joo Kraus"}]},{"@type":"WebSite","@id":"https:\/\/www.jazzzeitung.de\/cms\/#website","url":"https:\/\/www.jazzzeitung.de\/cms\/","name":"JazzZeitung","description":"Jazz-News und Jazz-Kontroverses","publisher":{"@id":"https:\/\/www.jazzzeitung.de\/cms\/#organization"},"potentialAction":[{"@type":"SearchAction","target":{"@type":"EntryPoint","urlTemplate":"https:\/\/www.jazzzeitung.de\/cms\/?s={search_term_string}"},"query-input":{"@type":"PropertyValueSpecification","valueRequired":true,"valueName":"search_term_string"}}],"inLanguage":"de"},{"@type":"Organization","@id":"https:\/\/www.jazzzeitung.de\/cms\/#organization","name":"JazzZeitung online","url":"https:\/\/www.jazzzeitung.de\/cms\/","logo":{"@type":"ImageObject","inLanguage":"de","@id":"https:\/\/www.jazzzeitung.de\/cms\/#\/schema\/logo\/image\/","url":"https:\/\/i0.wp.com\/www.jazzzeitung.de\/cms\/wp-content\/uploads\/2015\/08\/JAZZZEITUNGDE_Logo_Neu.png?fit=499%2C200&ssl=1","contentUrl":"https:\/\/i0.wp.com\/www.jazzzeitung.de\/cms\/wp-content\/uploads\/2015\/08\/JAZZZEITUNGDE_Logo_Neu.png?fit=499%2C200&ssl=1","width":499,"height":200,"caption":"JazzZeitung online"},"image":{"@id":"https:\/\/www.jazzzeitung.de\/cms\/#\/schema\/logo\/image\/"},"sameAs":["https:\/\/www.facebook.com\/JazzZeitung\/"]},{"@type":"Person","@id":"https:\/\/www.jazzzeitung.de\/cms\/#\/schema\/person\/2245b36b9cd1d24cea10f01c031fb92b","name":"Redaktion JazzZeitung","image":{"@type":"ImageObject","inLanguage":"de","@id":"https:\/\/i0.wp.com\/www.jazzzeitung.de\/cms\/wp-content\/uploads\/2015\/08\/JAZZZEITUNGDE_Logo_Neu.png?resize=96%2C96&ssl=159975dcacb611b5700bd619b5daf0a7a","url":"https:\/\/i0.wp.com\/www.jazzzeitung.de\/cms\/wp-content\/uploads\/2015\/08\/JAZZZEITUNGDE_Logo_Neu.png?resize=96%2C96&ssl=1","contentUrl":"https:\/\/i0.wp.com\/www.jazzzeitung.de\/cms\/wp-content\/uploads\/2015\/08\/JAZZZEITUNGDE_Logo_Neu.png?resize=96%2C96&ssl=1","caption":"Redaktion JazzZeitung"},"description":"Artikel der Redaktion der JazzZeitung.","sameAs":["http:\/\/www.jazzzeitung.de\/cms\/"],"url":"https:\/\/www.jazzzeitung.de\/cms\/author\/redaktion\/"}]}},"wp-worthy-pixel":{"ignored":false,"public":null,"server":null,"url":null},"wp-worthy-type":"normal","jetpack_publicize_connections":[],"cc_featured_image_caption":{"caption_text":false,"source_text":false,"source_url":false},"jetpack_featured_media_url":"","jetpack_shortlink":"https:\/\/wp.me\/p3KEcT-21s","jetpack-related-posts":[{"id":17135,"url":"https:\/\/www.jazzzeitung.de\/cms\/2018\/09\/news-will-jacobs-blues-band-spielen-auf-der-piano-buehne-kleinhenz\/","url_meta":{"origin":7778,"position":0},"title":"+++ News +++ Will Jacobs &#038; Blues-Band spielen auf der Piano-B\u00fchne Kleinhenz +++ 12. Deidesheimer Jazz-Wanderung +++ SWR Big Band mit Joo Kraus bei den Ehinger Jazztagen +++","author":"Redaktion JazzZeitung","date":"6. September 2018","format":false,"excerpt":"+++ Will Jacobs & Blues-Band spielen aufder Piano-B\u00fchne Kleinhenz +++ Immer wieder l\u00e4dt das Piano-Center Kleinhenz in Bad Kissingen\/Oberthulba zu Jazz-Konzerten auf der eigenen Piano-B\u00fchne ein. So spielten im aktuellen Jahr bereits unter anderen Adriano Prestel, Garry Wiggins und Will Jacobs inmitten des Fl\u00fcgelsortiments. Letzterer will es am 19. Oktober\u2026","rel":"","context":"In &quot;News&quot;","block_context":{"text":"News","link":"https:\/\/www.jazzzeitung.de\/cms\/thema\/nachrichten\/"},"img":{"alt_text":"","src":"https:\/\/i0.wp.com\/www.jazzzeitung.de\/cms\/wp-content\/uploads\/2018\/09\/36755002-1310726789059841-4253428575631310848-o.jpg?fit=1024%2C683&ssl=1&resize=350%2C200","width":350,"height":200,"srcset":"https:\/\/i0.wp.com\/www.jazzzeitung.de\/cms\/wp-content\/uploads\/2018\/09\/36755002-1310726789059841-4253428575631310848-o.jpg?fit=1024%2C683&ssl=1&resize=350%2C200 1x, https:\/\/i0.wp.com\/www.jazzzeitung.de\/cms\/wp-content\/uploads\/2018\/09\/36755002-1310726789059841-4253428575631310848-o.jpg?fit=1024%2C683&ssl=1&resize=525%2C300 1.5x, https:\/\/i0.wp.com\/www.jazzzeitung.de\/cms\/wp-content\/uploads\/2018\/09\/36755002-1310726789059841-4253428575631310848-o.jpg?fit=1024%2C683&ssl=1&resize=700%2C400 2x"},"classes":[]},{"id":6238,"url":"https:\/\/www.jazzzeitung.de\/cms\/2015\/05\/news-einhaldenfestival-2015-jahrespreis-der-deutschen-schallplattenkritik-summer-jazznight-burghausen-2015-vorstudium-jazz-koeln\/","url_meta":{"origin":7778,"position":1},"title":"News: +++ Einhaldenfestival 2015 +++ Jahrespreis der deutschen Schallplattenkritik +++ Summer-Jazznight Burghausen 2015 +++ Vorstudium Jazz in K\u00f6ln","author":"Redaktion JazzZeitung","date":"27. Mai 2015","format":false,"excerpt":"\u00a0 SWR Big Band er\u00f6ffnet Einhaldenfestival 2015 Vom 30. Juli bis 2. August 2015 wird der \u00fcber 850 Jahre alte Bauernhof Einhalden bei Ravensburg erneut zum Festivalgel\u00e4nde. F\u00fcr das B\u00fchnenprogramm konnten die Veranstalter rund um Bauer Bernhard Rauch wieder erstklassige Musiker und Kabarettisten gewinnen. Mit dabei sind diesmal u.a. Weltklasse-Trompeter\u2026","rel":"","context":"In &quot;News&quot;","block_context":{"text":"News","link":"https:\/\/www.jazzzeitung.de\/cms\/thema\/nachrichten\/"},"img":{"alt_text":"","src":"https:\/\/i0.wp.com\/www.jazzzeitung.de\/cms\/wp-content\/uploads\/2015\/05\/festivalgelaende2.jpg?resize=350%2C200","width":350,"height":200,"srcset":"https:\/\/i0.wp.com\/www.jazzzeitung.de\/cms\/wp-content\/uploads\/2015\/05\/festivalgelaende2.jpg?resize=350%2C200 1x, https:\/\/i0.wp.com\/www.jazzzeitung.de\/cms\/wp-content\/uploads\/2015\/05\/festivalgelaende2.jpg?resize=525%2C300 1.5x, https:\/\/i0.wp.com\/www.jazzzeitung.de\/cms\/wp-content\/uploads\/2015\/05\/festivalgelaende2.jpg?resize=700%2C400 2x, https:\/\/i0.wp.com\/www.jazzzeitung.de\/cms\/wp-content\/uploads\/2015\/05\/festivalgelaende2.jpg?resize=1050%2C600 3x, https:\/\/i0.wp.com\/www.jazzzeitung.de\/cms\/wp-content\/uploads\/2015\/05\/festivalgelaende2.jpg?resize=1400%2C800 4x"},"classes":[]},{"id":26027,"url":"https:\/\/www.jazzzeitung.de\/cms\/2021\/10\/news-jazz-preis-baden-wuerttemberg-2021-geht-an-christoph-neuhaus\/","url_meta":{"origin":7778,"position":2},"title":"+++ news +++ Jazz-Preis Baden-W\u00fcrttemberg 2021 geht an Christoph Neuhaus +++","author":"Redaktion JazzZeitung","date":"23. Oktober 2021","format":false,"excerpt":"(Pressemitteilung) Der Stuttgarter Gitarrist und Komponist Christoph Neuhaus ist am Donnerstag (21. Oktober) mit dem Jazz-Preis des Landes Baden-W\u00fcrttemberg ausgezeichnet worden. Der mit 15.000 Euro dotierte Preis wurde dem K\u00fcnstler im Rahmen eines Konzerts im Wilhelma Theater in Stuttgart verliehen. Kunststaatssekret\u00e4rin Petra Olschowski sagte anl\u00e4sslich des Preistr\u00e4gerkonzerts: \u201eChristoph Neuhaus begeistert\u2026","rel":"","context":"In &quot;News&quot;","block_context":{"text":"News","link":"https:\/\/www.jazzzeitung.de\/cms\/thema\/nachrichten\/"},"img":{"alt_text":"","src":"https:\/\/i0.wp.com\/www.jazzzeitung.de\/cms\/wp-content\/uploads\/2021\/10\/065_PM_MWK_ANLAGE_Landesjazzpreis_2021_-_Christoph_Neuhaus__c__Sven_Goetz-scaled.jpg?fit=1200%2C801&ssl=1&resize=350%2C200","width":350,"height":200,"srcset":"https:\/\/i0.wp.com\/www.jazzzeitung.de\/cms\/wp-content\/uploads\/2021\/10\/065_PM_MWK_ANLAGE_Landesjazzpreis_2021_-_Christoph_Neuhaus__c__Sven_Goetz-scaled.jpg?fit=1200%2C801&ssl=1&resize=350%2C200 1x, https:\/\/i0.wp.com\/www.jazzzeitung.de\/cms\/wp-content\/uploads\/2021\/10\/065_PM_MWK_ANLAGE_Landesjazzpreis_2021_-_Christoph_Neuhaus__c__Sven_Goetz-scaled.jpg?fit=1200%2C801&ssl=1&resize=525%2C300 1.5x, https:\/\/i0.wp.com\/www.jazzzeitung.de\/cms\/wp-content\/uploads\/2021\/10\/065_PM_MWK_ANLAGE_Landesjazzpreis_2021_-_Christoph_Neuhaus__c__Sven_Goetz-scaled.jpg?fit=1200%2C801&ssl=1&resize=700%2C400 2x, https:\/\/i0.wp.com\/www.jazzzeitung.de\/cms\/wp-content\/uploads\/2021\/10\/065_PM_MWK_ANLAGE_Landesjazzpreis_2021_-_Christoph_Neuhaus__c__Sven_Goetz-scaled.jpg?fit=1200%2C801&ssl=1&resize=1050%2C600 3x"},"classes":[]},{"id":17403,"url":"https:\/\/www.jazzzeitung.de\/cms\/2018\/10\/news-3-landesjazzfestival-bayern-in-wuerzburg-sebastian-gille-stoesst-zum-klaeng-jazzkollektiv-koeln-jazzclub-minden-gibt-konzertreihe-zum-jahresende-bekannt\/","url_meta":{"origin":7778,"position":3},"title":"+++ News +++ 3. Landesjazzfestival Bayern in W\u00fcrzburg  +++ Sebastian Gille st\u00f6\u00dft zum Klaeng Jazzkollektiv K\u00f6ln +++ Jazzclub Minden gibt Konzertreihe zum Jahresende bekannt +++","author":"Redaktion JazzZeitung","date":"13. Oktober 2018","format":false,"excerpt":"+++ 3. Landesjazzfestival Bayern in W\u00fcrzburg +++ Zum 34. Mal findet am 27. und 28. Oktober 2018 das W\u00fcrzburger Jazzfestival statt, das in diesem Jahr gleichzeitig als 3. bayerisches Landesjazzfestival des Bayerischen Jazzverbands fungiert. Unter dem Motto \"Jazz made in Germany\" l\u00e4dt die Jazz-Initiative W\u00fcrzburg ins Felix-Fechenbach-Haus, um regionale wie\u2026","rel":"","context":"In &quot;News&quot;","block_context":{"text":"News","link":"https:\/\/www.jazzzeitung.de\/cms\/thema\/nachrichten\/"},"img":{"alt_text":"","src":"https:\/\/i0.wp.com\/www.jazzzeitung.de\/cms\/wp-content\/uploads\/2018\/10\/Jazzfestival2018_siffling_1054x630-Laura_Carbone.jpg?fit=1054%2C630&ssl=1&resize=350%2C200","width":350,"height":200,"srcset":"https:\/\/i0.wp.com\/www.jazzzeitung.de\/cms\/wp-content\/uploads\/2018\/10\/Jazzfestival2018_siffling_1054x630-Laura_Carbone.jpg?fit=1054%2C630&ssl=1&resize=350%2C200 1x, https:\/\/i0.wp.com\/www.jazzzeitung.de\/cms\/wp-content\/uploads\/2018\/10\/Jazzfestival2018_siffling_1054x630-Laura_Carbone.jpg?fit=1054%2C630&ssl=1&resize=525%2C300 1.5x, https:\/\/i0.wp.com\/www.jazzzeitung.de\/cms\/wp-content\/uploads\/2018\/10\/Jazzfestival2018_siffling_1054x630-Laura_Carbone.jpg?fit=1054%2C630&ssl=1&resize=700%2C400 2x, https:\/\/i0.wp.com\/www.jazzzeitung.de\/cms\/wp-content\/uploads\/2018\/10\/Jazzfestival2018_siffling_1054x630-Laura_Carbone.jpg?fit=1054%2C630&ssl=1&resize=1050%2C600 3x"},"classes":[]},{"id":8976,"url":"https:\/\/www.jazzzeitung.de\/cms\/2016\/04\/newsdie-preistraeger-des-echo-jazz-2016-stehen-fest\/","url_meta":{"origin":7778,"position":4},"title":"Die Preistr\u00e4ger des ECHO Jazz 2016 stehen fest","author":"Redaktion JazzZeitung","date":"19. April 2016","format":false,"excerpt":"Die Preistr\u00e4ger des ECHO Jazz 2016 stehen fest. Wie die Deutsche Phono-Akademie, das Kulturinstitut des Bundesverbandes Musikindustrie (BVMI), heute .mitteilte, darf sich in der Kategorie \u201eEnsemble des Jahres national\" das Michael Wollny Trio \u00fcber eine .Auszeichnung f\u00fcr \u201eNacht-fahrten\" freuen, \u201eEnsemble des Jahres international\" ist das Jazz-Quartett James Farm um Saxophonist\u2026","rel":"","context":"In &quot;News&quot;","block_context":{"text":"News","link":"https:\/\/www.jazzzeitung.de\/cms\/thema\/nachrichten\/"},"img":{"alt_text":"ECHO Jazz 2013 am 23.04.2013 in der Fischauktionshalle Hamburg \/\/\/ Foto: Monique Wuestenhagen \/ BVMI","src":"https:\/\/i0.wp.com\/www.jazzzeitung.de\/cms\/wp-content\/uploads\/2016\/04\/wuestenhagen_echojazz2013_54901-150x150.jpg?resize=350%2C200","width":350,"height":200},"classes":[]},{"id":30697,"url":"https:\/\/www.jazzzeitung.de\/cms\/2024\/03\/news-jazzfruehling-festival-1-mindener-piano-summittrompeter-joo-kraus-mit-neuer-singlekennenlernworkshop-fuer-nachwuchsmusikerinnen\/","url_meta":{"origin":7778,"position":5},"title":"News:+++ Jazzfr\u00fchling Festival +++1. Mindener piano summit+++Trompeter Joo Kraus mit neuer Single+++Kennenlernworkshop f\u00fcr Nachwuchsmusiker*innen +++","author":"Redaktion JazzZeitung","date":"9. M\u00e4rz 2024","format":false,"excerpt":"+++Der Jazzfr\u00fchling beginnt: Festivalstart am 13. M\u00e4rz mit Conny Bauer und Nils Wogram!+++ Vom 13. bis zum 17. M\u00e4rz findet das 17. JazzArtFestival in Schw\u00e4bisch Hall statt. Das Programm ist vom ersten Tag vielf\u00e4ltig gestaltet und bietet junge und alte bekannte und unbekannte Namen. Karten k\u00f6nnen beim Jazzclub, dem Goethe-Institut,\u2026","rel":"","context":"In &quot;News&quot;","block_context":{"text":"News","link":"https:\/\/www.jazzzeitung.de\/cms\/thema\/nachrichten\/"},"img":{"alt_text":"","src":"https:\/\/i0.wp.com\/www.jazzzeitung.de\/cms\/wp-content\/uploads\/2024\/03\/Michael-Wollny-Trio-scaled.jpg?fit=1200%2C979&ssl=1&resize=350%2C200","width":350,"height":200,"srcset":"https:\/\/i0.wp.com\/www.jazzzeitung.de\/cms\/wp-content\/uploads\/2024\/03\/Michael-Wollny-Trio-scaled.jpg?fit=1200%2C979&ssl=1&resize=350%2C200 1x, https:\/\/i0.wp.com\/www.jazzzeitung.de\/cms\/wp-content\/uploads\/2024\/03\/Michael-Wollny-Trio-scaled.jpg?fit=1200%2C979&ssl=1&resize=525%2C300 1.5x, https:\/\/i0.wp.com\/www.jazzzeitung.de\/cms\/wp-content\/uploads\/2024\/03\/Michael-Wollny-Trio-scaled.jpg?fit=1200%2C979&ssl=1&resize=700%2C400 2x, https:\/\/i0.wp.com\/www.jazzzeitung.de\/cms\/wp-content\/uploads\/2024\/03\/Michael-Wollny-Trio-scaled.jpg?fit=1200%2C979&ssl=1&resize=1050%2C600 3x"},"classes":[]}],"jetpack_sharing_enabled":true,"_links":{"self":[{"href":"https:\/\/www.jazzzeitung.de\/cms\/wp-json\/wp\/v2\/posts\/7778","targetHints":{"allow":["GET"]}}],"collection":[{"href":"https:\/\/www.jazzzeitung.de\/cms\/wp-json\/wp\/v2\/posts"}],"about":[{"href":"https:\/\/www.jazzzeitung.de\/cms\/wp-json\/wp\/v2\/types\/post"}],"author":[{"embeddable":true,"href":"https:\/\/www.jazzzeitung.de\/cms\/wp-json\/wp\/v2\/users\/18"}],"replies":[{"embeddable":true,"href":"https:\/\/www.jazzzeitung.de\/cms\/wp-json\/wp\/v2\/comments?post=7778"}],"version-history":[{"count":3,"href":"https:\/\/www.jazzzeitung.de\/cms\/wp-json\/wp\/v2\/posts\/7778\/revisions"}],"predecessor-version":[{"id":7784,"href":"https:\/\/www.jazzzeitung.de\/cms\/wp-json\/wp\/v2\/posts\/7778\/revisions\/7784"}],"wp:attachment":[{"href":"https:\/\/www.jazzzeitung.de\/cms\/wp-json\/wp\/v2\/media?parent=7778"}],"wp:term":[{"taxonomy":"category","embeddable":true,"href":"https:\/\/www.jazzzeitung.de\/cms\/wp-json\/wp\/v2\/categories?post=7778"},{"taxonomy":"post_tag","embeddable":true,"href":"https:\/\/www.jazzzeitung.de\/cms\/wp-json\/wp\/v2\/tags?post=7778"},{"taxonomy":"author","embeddable":true,"href":"https:\/\/www.jazzzeitung.de\/cms\/wp-json\/wp\/v2\/coauthors?post=7778"}],"curies":[{"name":"wp","href":"https:\/\/api.w.org\/{rel}","templated":true}]}}