{"id":7771,"date":"2015-11-18T14:20:56","date_gmt":"2015-11-18T13:20:56","guid":{"rendered":"http:\/\/www.jazzzeitung.de\/cms\/?p=7771"},"modified":"2015-11-18T14:15:35","modified_gmt":"2015-11-18T13:15:35","slug":"7771","status":"publish","type":"post","link":"https:\/\/www.jazzzeitung.de\/cms\/2015\/11\/7771\/","title":{"rendered":"Feindsender spielt im NS-Dokumentationszentrum M\u00fcnchen"},"content":{"rendered":"<p><span class=\"name-of-person\"><a href=\"https:\/\/i0.wp.com\/www.jazzzeitung.de\/cms\/wp-content\/uploads\/2015\/11\/Feindsender.jpg\"><img data-recalc-dims=\"1\" loading=\"lazy\" decoding=\"async\" data-attachment-id=\"7775\" data-permalink=\"https:\/\/www.jazzzeitung.de\/cms\/2015\/11\/7771\/feindsender\/\" data-orig-file=\"https:\/\/i0.wp.com\/www.jazzzeitung.de\/cms\/wp-content\/uploads\/2015\/11\/Feindsender.jpg?fit=273%2C185&amp;ssl=1\" data-orig-size=\"273,185\" data-comments-opened=\"1\" data-image-meta=\"{&quot;aperture&quot;:&quot;0&quot;,&quot;credit&quot;:&quot;&quot;,&quot;camera&quot;:&quot;&quot;,&quot;caption&quot;:&quot;&quot;,&quot;created_timestamp&quot;:&quot;0&quot;,&quot;copyright&quot;:&quot;&quot;,&quot;focal_length&quot;:&quot;0&quot;,&quot;iso&quot;:&quot;0&quot;,&quot;shutter_speed&quot;:&quot;0&quot;,&quot;title&quot;:&quot;&quot;,&quot;orientation&quot;:&quot;0&quot;}\" data-image-title=\"Feindsender\" data-image-description=\"\" data-image-caption=\"\" data-large-file=\"https:\/\/i0.wp.com\/www.jazzzeitung.de\/cms\/wp-content\/uploads\/2015\/11\/Feindsender.jpg?fit=273%2C185&amp;ssl=1\" class=\"alignright size-thumbnail wp-image-7775\" src=\"https:\/\/i0.wp.com\/www.jazzzeitung.de\/cms\/wp-content\/uploads\/2015\/11\/Feindsender-150x150.jpg?resize=150%2C150\" alt=\"Feindsender\" width=\"150\" height=\"150\" srcset=\"https:\/\/i0.wp.com\/www.jazzzeitung.de\/cms\/wp-content\/uploads\/2015\/11\/Feindsender.jpg?resize=150%2C150&amp;ssl=1 150w, https:\/\/i0.wp.com\/www.jazzzeitung.de\/cms\/wp-content\/uploads\/2015\/11\/Feindsender.jpg?resize=144%2C144&amp;ssl=1 144w, https:\/\/i0.wp.com\/www.jazzzeitung.de\/cms\/wp-content\/uploads\/2015\/11\/Feindsender.jpg?resize=96%2C96&amp;ssl=1 96w, https:\/\/i0.wp.com\/www.jazzzeitung.de\/cms\/wp-content\/uploads\/2015\/11\/Feindsender.jpg?resize=24%2C24&amp;ssl=1 24w, https:\/\/i0.wp.com\/www.jazzzeitung.de\/cms\/wp-content\/uploads\/2015\/11\/Feindsender.jpg?resize=36%2C36&amp;ssl=1 36w, https:\/\/i0.wp.com\/www.jazzzeitung.de\/cms\/wp-content\/uploads\/2015\/11\/Feindsender.jpg?resize=48%2C48&amp;ssl=1 48w, https:\/\/i0.wp.com\/www.jazzzeitung.de\/cms\/wp-content\/uploads\/2015\/11\/Feindsender.jpg?resize=64%2C64&amp;ssl=1 64w, https:\/\/i0.wp.com\/www.jazzzeitung.de\/cms\/wp-content\/uploads\/2015\/11\/Feindsender.jpg?resize=32%2C32&amp;ssl=1 32w, https:\/\/i0.wp.com\/www.jazzzeitung.de\/cms\/wp-content\/uploads\/2015\/11\/Feindsender.jpg?resize=128%2C128&amp;ssl=1 128w\" sizes=\"auto, (max-width: 150px) 100vw, 150px\" \/><\/a>&#8222;Die Filmkomponisten der UFA und ihr Verh\u00e4ltnis zum Jazz&#8220; \u2013 das ist das Thema eines Konzerts im M\u00fcnchner NS-Dokumentationszentrum am 25. November.<br \/>\n<\/span><\/p>\n<p>F\u00fcr die UFA (Universum Film AG), den gr\u00f6\u00dften Film-Produzenten der Weimarer Republik waren viele Komponisten t\u00e4tig, die als wichtige Quelle den Jazz verwendeten. Als ab den 1930er Jahren der Tonfilm sich mehr und mehr durchsetzte wurden die jeweiligen Filmmusiken zu den erfolgreichsten Hits der damaligen Zeit. Kompositionen von Theo Mackeben, Friedrich Holl\u00e4nder, Ralph Benatzky, Peter Kreuder u.v.a.m. geh\u00f6ren noch heute zum Besten, was der deutsche Film an Musik geschaffen hat. Das Ensemble Feindsender f\u00fchrt diese in teils authentischen, teils in eigenen Bearbeitungen im \u201eDuktus\u201c des Jazz auf.<\/p>\n<p class=\"bodytext\">Zum Ensemble Feindsender geh\u00f6ren Studierende und Dozenten des Jazz-Instituts der Hochschule f\u00fcr Musik und Theater M\u00fcnchen: Hannah Weiss (Gesang), Tizian Jost (Vibraphon), Leopold Betzl (Klavier), Sven Holscher (Kontrabass) und Michael Keul (Schlagzeug). Durch den Abend mit Musik von Friedrich Hollaender, Theo Mackeben, Michael Jary, Ralph Benatzky und anderen f\u00fchrt Oliver Hochkeppel.<\/p>\n<div class=\"content_col2_site_titel leftfloater\">\n<div id=\"c8614\" class=\"csc-default\">Mi., 25.11.2015<\/div>\n<div class=\"csc-default\">NS-Dokumentationszentrum, 19:30 Uhr<\/div>\n<\/div>\n","protected":false},"excerpt":{"rendered":"<p>&#8222;Die Filmkomponisten der UFA und ihr Verh\u00e4ltnis zum Jazz&#8220; \u2013 das ist das Thema eines Konzerts im M\u00fcnchner NS-Dokumentationszentrum am 25. November. F\u00fcr die UFA (Universum Film AG), den gr\u00f6\u00dften Film-Produzenten der Weimarer Republik waren viele Komponisten t\u00e4tig, die als wichtige Quelle den Jazz verwendeten. Als ab den 1930er Jahren der Tonfilm sich mehr und mehr durchsetzte wurden die jeweiligen Filmmusiken zu den erfolgreichsten Hits der damaligen Zeit. Kompositionen von Theo Mackeben, Friedrich Holl\u00e4nder, Ralph Benatzky, Peter Kreuder u.v.a.m. geh\u00f6ren noch heute zum Besten, was der deutsche Film an Musik geschaffen hat. Das Ensemble Feindsender f\u00fchrt diese in teils authentischen, teils in eigenen Bearbeitungen im \u201eDuktus\u201c des Jazz auf. Zum Ensemble Feindsender geh\u00f6ren Studierende und Dozenten des Jazz-Instituts der Hochschule f\u00fcr Musik und Theater M\u00fcnchen: Hannah Weiss (Gesang), Tizian Jost (Vibraphon), Leopold Betzl (Klavier), Sven Holscher (Kontrabass) und Michael Keul (Schlagzeug). Durch den Abend mit Musik von Friedrich Hollaender, Theo Mackeben, Michael Jary, Ralph Benatzky und anderen f\u00fchrt Oliver Hochkeppel. Mi., 25.11.2015 NS-Dokumentationszentrum, 19:30 Uhr<\/p>\n","protected":false},"author":18,"featured_media":0,"comment_status":"open","ping_status":"closed","sticky":false,"template":"","format":"standard","meta":{"_jetpack_memberships_contains_paid_content":false,"footnotes":"","jetpack_publicize_message":"","jetpack_publicize_feature_enabled":true,"jetpack_social_post_already_shared":false,"jetpack_social_options":{"image_generator_settings":{"template":"highway","default_image_id":0,"font":"","enabled":false},"version":2}},"categories":[633],"tags":[226,386,401,845,552],"coauthors":[695],"class_list":["post-7771","post","type-post","status-publish","format-standard","hentry","category-nachrichten","tag-hochschule-fuer-musik-und-theater","tag-michael-keul","tag-muenchen","tag-oliver-hochkeppel","tag-tizian-jost"],"yoast_head":"<!-- This site is optimized with the Yoast SEO plugin v27.5 - https:\/\/yoast.com\/product\/yoast-seo-wordpress\/ -->\n<title>Feindsender spielt im NS-Dokumentationszentrum M\u00fcnchen - JazzZeitung<\/title>\n<meta name=\"robots\" content=\"index, follow, max-snippet:-1, max-image-preview:large, max-video-preview:-1\" \/>\n<link rel=\"canonical\" href=\"https:\/\/www.jazzzeitung.de\/cms\/2015\/11\/7771\/\" \/>\n<meta property=\"og:locale\" content=\"de_DE\" \/>\n<meta property=\"og:type\" content=\"article\" \/>\n<meta property=\"og:title\" content=\"Feindsender spielt im NS-Dokumentationszentrum M\u00fcnchen - JazzZeitung\" \/>\n<meta property=\"og:description\" content=\"&#8222;Die Filmkomponisten der UFA und ihr Verh\u00e4ltnis zum Jazz&#8220; \u2013 das ist das Thema eines Konzerts im M\u00fcnchner NS-Dokumentationszentrum am 25. November. F\u00fcr die UFA (Universum Film AG), den gr\u00f6\u00dften Film-Produzenten der Weimarer Republik waren viele Komponisten t\u00e4tig, die als wichtige Quelle den Jazz verwendeten. Als ab den 1930er Jahren der Tonfilm sich mehr und mehr durchsetzte wurden die jeweiligen Filmmusiken zu den erfolgreichsten Hits der damaligen Zeit. Kompositionen von Theo Mackeben, Friedrich Holl\u00e4nder, Ralph Benatzky, Peter Kreuder u.v.a.m. geh\u00f6ren noch heute zum Besten, was der deutsche Film an Musik geschaffen hat. Das Ensemble Feindsender f\u00fchrt diese in teils authentischen, teils in eigenen Bearbeitungen im \u201eDuktus\u201c des Jazz auf. Zum Ensemble Feindsender geh\u00f6ren Studierende und Dozenten des Jazz-Instituts der Hochschule f\u00fcr Musik und Theater M\u00fcnchen: Hannah Weiss (Gesang), Tizian Jost (Vibraphon), Leopold Betzl (Klavier), Sven Holscher (Kontrabass) und Michael Keul (Schlagzeug). Durch den Abend mit Musik von Friedrich Hollaender, Theo Mackeben, Michael Jary, Ralph Benatzky und anderen f\u00fchrt Oliver Hochkeppel. Mi., 25.11.2015 NS-Dokumentationszentrum, 19:30 Uhr\" \/>\n<meta property=\"og:url\" content=\"https:\/\/www.jazzzeitung.de\/cms\/2015\/11\/7771\/\" \/>\n<meta property=\"og:site_name\" content=\"JazzZeitung\" \/>\n<meta property=\"article:publisher\" content=\"https:\/\/www.facebook.com\/JazzZeitung\/\" \/>\n<meta property=\"article:published_time\" content=\"2015-11-18T13:20:56+00:00\" \/>\n<meta property=\"og:image\" content=\"http:\/\/www.jazzzeitung.de\/cms\/wp-content\/uploads\/2015\/11\/Feindsender-150x150.jpg\" \/>\n<meta name=\"author\" content=\"Redaktion JazzZeitung\" \/>\n<script type=\"application\/ld+json\" class=\"yoast-schema-graph\">{\"@context\":\"https:\\\/\\\/schema.org\",\"@graph\":[{\"@type\":\"Article\",\"@id\":\"https:\\\/\\\/www.jazzzeitung.de\\\/cms\\\/2015\\\/11\\\/7771\\\/#article\",\"isPartOf\":{\"@id\":\"https:\\\/\\\/www.jazzzeitung.de\\\/cms\\\/2015\\\/11\\\/7771\\\/\"},\"author\":{\"name\":\"Redaktion JazzZeitung\",\"@id\":\"https:\\\/\\\/www.jazzzeitung.de\\\/cms\\\/#\\\/schema\\\/person\\\/2245b36b9cd1d24cea10f01c031fb92b\"},\"headline\":\"Feindsender spielt im NS-Dokumentationszentrum M\u00fcnchen\",\"datePublished\":\"2015-11-18T13:20:56+00:00\",\"mainEntityOfPage\":{\"@id\":\"https:\\\/\\\/www.jazzzeitung.de\\\/cms\\\/2015\\\/11\\\/7771\\\/\"},\"wordCount\":182,\"commentCount\":0,\"publisher\":{\"@id\":\"https:\\\/\\\/www.jazzzeitung.de\\\/cms\\\/#organization\"},\"image\":{\"@id\":\"https:\\\/\\\/www.jazzzeitung.de\\\/cms\\\/2015\\\/11\\\/7771\\\/#primaryimage\"},\"thumbnailUrl\":\"http:\\\/\\\/www.jazzzeitung.de\\\/cms\\\/wp-content\\\/uploads\\\/2015\\\/11\\\/Feindsender-150x150.jpg\",\"keywords\":[\"Hochschule f\u00fcr Musik und Theater\",\"Michael Keul\",\"M\u00fcnchen\",\"Oliver Hochkeppel\",\"Tizian Jost\"],\"articleSection\":[\"News\"],\"inLanguage\":\"de\",\"potentialAction\":[{\"@type\":\"CommentAction\",\"name\":\"Comment\",\"target\":[\"https:\\\/\\\/www.jazzzeitung.de\\\/cms\\\/2015\\\/11\\\/7771\\\/#respond\"]}]},{\"@type\":\"WebPage\",\"@id\":\"https:\\\/\\\/www.jazzzeitung.de\\\/cms\\\/2015\\\/11\\\/7771\\\/\",\"url\":\"https:\\\/\\\/www.jazzzeitung.de\\\/cms\\\/2015\\\/11\\\/7771\\\/\",\"name\":\"Feindsender spielt im NS-Dokumentationszentrum M\u00fcnchen - JazzZeitung\",\"isPartOf\":{\"@id\":\"https:\\\/\\\/www.jazzzeitung.de\\\/cms\\\/#website\"},\"primaryImageOfPage\":{\"@id\":\"https:\\\/\\\/www.jazzzeitung.de\\\/cms\\\/2015\\\/11\\\/7771\\\/#primaryimage\"},\"image\":{\"@id\":\"https:\\\/\\\/www.jazzzeitung.de\\\/cms\\\/2015\\\/11\\\/7771\\\/#primaryimage\"},\"thumbnailUrl\":\"http:\\\/\\\/www.jazzzeitung.de\\\/cms\\\/wp-content\\\/uploads\\\/2015\\\/11\\\/Feindsender-150x150.jpg\",\"datePublished\":\"2015-11-18T13:20:56+00:00\",\"breadcrumb\":{\"@id\":\"https:\\\/\\\/www.jazzzeitung.de\\\/cms\\\/2015\\\/11\\\/7771\\\/#breadcrumb\"},\"inLanguage\":\"de\",\"potentialAction\":[{\"@type\":\"ReadAction\",\"target\":[\"https:\\\/\\\/www.jazzzeitung.de\\\/cms\\\/2015\\\/11\\\/7771\\\/\"]}]},{\"@type\":\"ImageObject\",\"inLanguage\":\"de\",\"@id\":\"https:\\\/\\\/www.jazzzeitung.de\\\/cms\\\/2015\\\/11\\\/7771\\\/#primaryimage\",\"url\":\"http:\\\/\\\/www.jazzzeitung.de\\\/cms\\\/wp-content\\\/uploads\\\/2015\\\/11\\\/Feindsender-150x150.jpg\",\"contentUrl\":\"http:\\\/\\\/www.jazzzeitung.de\\\/cms\\\/wp-content\\\/uploads\\\/2015\\\/11\\\/Feindsender-150x150.jpg\"},{\"@type\":\"BreadcrumbList\",\"@id\":\"https:\\\/\\\/www.jazzzeitung.de\\\/cms\\\/2015\\\/11\\\/7771\\\/#breadcrumb\",\"itemListElement\":[{\"@type\":\"ListItem\",\"position\":1,\"name\":\"Startseite\",\"item\":\"https:\\\/\\\/www.jazzzeitung.de\\\/cms\\\/\"},{\"@type\":\"ListItem\",\"position\":2,\"name\":\"Feindsender spielt im NS-Dokumentationszentrum M\u00fcnchen\"}]},{\"@type\":\"WebSite\",\"@id\":\"https:\\\/\\\/www.jazzzeitung.de\\\/cms\\\/#website\",\"url\":\"https:\\\/\\\/www.jazzzeitung.de\\\/cms\\\/\",\"name\":\"JazzZeitung\",\"description\":\"Jazz-News und Jazz-Kontroverses\",\"publisher\":{\"@id\":\"https:\\\/\\\/www.jazzzeitung.de\\\/cms\\\/#organization\"},\"potentialAction\":[{\"@type\":\"SearchAction\",\"target\":{\"@type\":\"EntryPoint\",\"urlTemplate\":\"https:\\\/\\\/www.jazzzeitung.de\\\/cms\\\/?s={search_term_string}\"},\"query-input\":{\"@type\":\"PropertyValueSpecification\",\"valueRequired\":true,\"valueName\":\"search_term_string\"}}],\"inLanguage\":\"de\"},{\"@type\":\"Organization\",\"@id\":\"https:\\\/\\\/www.jazzzeitung.de\\\/cms\\\/#organization\",\"name\":\"JazzZeitung online\",\"url\":\"https:\\\/\\\/www.jazzzeitung.de\\\/cms\\\/\",\"logo\":{\"@type\":\"ImageObject\",\"inLanguage\":\"de\",\"@id\":\"https:\\\/\\\/www.jazzzeitung.de\\\/cms\\\/#\\\/schema\\\/logo\\\/image\\\/\",\"url\":\"https:\\\/\\\/i0.wp.com\\\/www.jazzzeitung.de\\\/cms\\\/wp-content\\\/uploads\\\/2015\\\/08\\\/JAZZZEITUNGDE_Logo_Neu.png?fit=499%2C200&ssl=1\",\"contentUrl\":\"https:\\\/\\\/i0.wp.com\\\/www.jazzzeitung.de\\\/cms\\\/wp-content\\\/uploads\\\/2015\\\/08\\\/JAZZZEITUNGDE_Logo_Neu.png?fit=499%2C200&ssl=1\",\"width\":499,\"height\":200,\"caption\":\"JazzZeitung online\"},\"image\":{\"@id\":\"https:\\\/\\\/www.jazzzeitung.de\\\/cms\\\/#\\\/schema\\\/logo\\\/image\\\/\"},\"sameAs\":[\"https:\\\/\\\/www.facebook.com\\\/JazzZeitung\\\/\"]},{\"@type\":\"Person\",\"@id\":\"https:\\\/\\\/www.jazzzeitung.de\\\/cms\\\/#\\\/schema\\\/person\\\/2245b36b9cd1d24cea10f01c031fb92b\",\"name\":\"Redaktion JazzZeitung\",\"image\":{\"@type\":\"ImageObject\",\"inLanguage\":\"de\",\"@id\":\"https:\\\/\\\/i0.wp.com\\\/www.jazzzeitung.de\\\/cms\\\/wp-content\\\/uploads\\\/2015\\\/08\\\/JAZZZEITUNGDE_Logo_Neu.png?resize=96%2C96&ssl=159975dcacb611b5700bd619b5daf0a7a\",\"url\":\"https:\\\/\\\/i0.wp.com\\\/www.jazzzeitung.de\\\/cms\\\/wp-content\\\/uploads\\\/2015\\\/08\\\/JAZZZEITUNGDE_Logo_Neu.png?resize=96%2C96&ssl=1\",\"contentUrl\":\"https:\\\/\\\/i0.wp.com\\\/www.jazzzeitung.de\\\/cms\\\/wp-content\\\/uploads\\\/2015\\\/08\\\/JAZZZEITUNGDE_Logo_Neu.png?resize=96%2C96&ssl=1\",\"caption\":\"Redaktion JazzZeitung\"},\"description\":\"Artikel der Redaktion der JazzZeitung.\",\"sameAs\":[\"http:\\\/\\\/www.jazzzeitung.de\\\/cms\\\/\"],\"url\":\"https:\\\/\\\/www.jazzzeitung.de\\\/cms\\\/author\\\/redaktion\\\/\"}]}<\/script>\n<!-- \/ Yoast SEO plugin. -->","yoast_head_json":{"title":"Feindsender spielt im NS-Dokumentationszentrum M\u00fcnchen - JazzZeitung","robots":{"index":"index","follow":"follow","max-snippet":"max-snippet:-1","max-image-preview":"max-image-preview:large","max-video-preview":"max-video-preview:-1"},"canonical":"https:\/\/www.jazzzeitung.de\/cms\/2015\/11\/7771\/","og_locale":"de_DE","og_type":"article","og_title":"Feindsender spielt im NS-Dokumentationszentrum M\u00fcnchen - JazzZeitung","og_description":"&#8222;Die Filmkomponisten der UFA und ihr Verh\u00e4ltnis zum Jazz&#8220; \u2013 das ist das Thema eines Konzerts im M\u00fcnchner NS-Dokumentationszentrum am 25. November. F\u00fcr die UFA (Universum Film AG), den gr\u00f6\u00dften Film-Produzenten der Weimarer Republik waren viele Komponisten t\u00e4tig, die als wichtige Quelle den Jazz verwendeten. Als ab den 1930er Jahren der Tonfilm sich mehr und mehr durchsetzte wurden die jeweiligen Filmmusiken zu den erfolgreichsten Hits der damaligen Zeit. Kompositionen von Theo Mackeben, Friedrich Holl\u00e4nder, Ralph Benatzky, Peter Kreuder u.v.a.m. geh\u00f6ren noch heute zum Besten, was der deutsche Film an Musik geschaffen hat. Das Ensemble Feindsender f\u00fchrt diese in teils authentischen, teils in eigenen Bearbeitungen im \u201eDuktus\u201c des Jazz auf. Zum Ensemble Feindsender geh\u00f6ren Studierende und Dozenten des Jazz-Instituts der Hochschule f\u00fcr Musik und Theater M\u00fcnchen: Hannah Weiss (Gesang), Tizian Jost (Vibraphon), Leopold Betzl (Klavier), Sven Holscher (Kontrabass) und Michael Keul (Schlagzeug). Durch den Abend mit Musik von Friedrich Hollaender, Theo Mackeben, Michael Jary, Ralph Benatzky und anderen f\u00fchrt Oliver Hochkeppel. Mi., 25.11.2015 NS-Dokumentationszentrum, 19:30 Uhr","og_url":"https:\/\/www.jazzzeitung.de\/cms\/2015\/11\/7771\/","og_site_name":"JazzZeitung","article_publisher":"https:\/\/www.facebook.com\/JazzZeitung\/","article_published_time":"2015-11-18T13:20:56+00:00","og_image":[{"url":"http:\/\/www.jazzzeitung.de\/cms\/wp-content\/uploads\/2015\/11\/Feindsender-150x150.jpg","type":"","width":"","height":""}],"author":"Redaktion JazzZeitung","schema":{"@context":"https:\/\/schema.org","@graph":[{"@type":"Article","@id":"https:\/\/www.jazzzeitung.de\/cms\/2015\/11\/7771\/#article","isPartOf":{"@id":"https:\/\/www.jazzzeitung.de\/cms\/2015\/11\/7771\/"},"author":{"name":"Redaktion JazzZeitung","@id":"https:\/\/www.jazzzeitung.de\/cms\/#\/schema\/person\/2245b36b9cd1d24cea10f01c031fb92b"},"headline":"Feindsender spielt im NS-Dokumentationszentrum M\u00fcnchen","datePublished":"2015-11-18T13:20:56+00:00","mainEntityOfPage":{"@id":"https:\/\/www.jazzzeitung.de\/cms\/2015\/11\/7771\/"},"wordCount":182,"commentCount":0,"publisher":{"@id":"https:\/\/www.jazzzeitung.de\/cms\/#organization"},"image":{"@id":"https:\/\/www.jazzzeitung.de\/cms\/2015\/11\/7771\/#primaryimage"},"thumbnailUrl":"http:\/\/www.jazzzeitung.de\/cms\/wp-content\/uploads\/2015\/11\/Feindsender-150x150.jpg","keywords":["Hochschule f\u00fcr Musik und Theater","Michael Keul","M\u00fcnchen","Oliver Hochkeppel","Tizian Jost"],"articleSection":["News"],"inLanguage":"de","potentialAction":[{"@type":"CommentAction","name":"Comment","target":["https:\/\/www.jazzzeitung.de\/cms\/2015\/11\/7771\/#respond"]}]},{"@type":"WebPage","@id":"https:\/\/www.jazzzeitung.de\/cms\/2015\/11\/7771\/","url":"https:\/\/www.jazzzeitung.de\/cms\/2015\/11\/7771\/","name":"Feindsender spielt im NS-Dokumentationszentrum M\u00fcnchen - JazzZeitung","isPartOf":{"@id":"https:\/\/www.jazzzeitung.de\/cms\/#website"},"primaryImageOfPage":{"@id":"https:\/\/www.jazzzeitung.de\/cms\/2015\/11\/7771\/#primaryimage"},"image":{"@id":"https:\/\/www.jazzzeitung.de\/cms\/2015\/11\/7771\/#primaryimage"},"thumbnailUrl":"http:\/\/www.jazzzeitung.de\/cms\/wp-content\/uploads\/2015\/11\/Feindsender-150x150.jpg","datePublished":"2015-11-18T13:20:56+00:00","breadcrumb":{"@id":"https:\/\/www.jazzzeitung.de\/cms\/2015\/11\/7771\/#breadcrumb"},"inLanguage":"de","potentialAction":[{"@type":"ReadAction","target":["https:\/\/www.jazzzeitung.de\/cms\/2015\/11\/7771\/"]}]},{"@type":"ImageObject","inLanguage":"de","@id":"https:\/\/www.jazzzeitung.de\/cms\/2015\/11\/7771\/#primaryimage","url":"http:\/\/www.jazzzeitung.de\/cms\/wp-content\/uploads\/2015\/11\/Feindsender-150x150.jpg","contentUrl":"http:\/\/www.jazzzeitung.de\/cms\/wp-content\/uploads\/2015\/11\/Feindsender-150x150.jpg"},{"@type":"BreadcrumbList","@id":"https:\/\/www.jazzzeitung.de\/cms\/2015\/11\/7771\/#breadcrumb","itemListElement":[{"@type":"ListItem","position":1,"name":"Startseite","item":"https:\/\/www.jazzzeitung.de\/cms\/"},{"@type":"ListItem","position":2,"name":"Feindsender spielt im NS-Dokumentationszentrum M\u00fcnchen"}]},{"@type":"WebSite","@id":"https:\/\/www.jazzzeitung.de\/cms\/#website","url":"https:\/\/www.jazzzeitung.de\/cms\/","name":"JazzZeitung","description":"Jazz-News und Jazz-Kontroverses","publisher":{"@id":"https:\/\/www.jazzzeitung.de\/cms\/#organization"},"potentialAction":[{"@type":"SearchAction","target":{"@type":"EntryPoint","urlTemplate":"https:\/\/www.jazzzeitung.de\/cms\/?s={search_term_string}"},"query-input":{"@type":"PropertyValueSpecification","valueRequired":true,"valueName":"search_term_string"}}],"inLanguage":"de"},{"@type":"Organization","@id":"https:\/\/www.jazzzeitung.de\/cms\/#organization","name":"JazzZeitung online","url":"https:\/\/www.jazzzeitung.de\/cms\/","logo":{"@type":"ImageObject","inLanguage":"de","@id":"https:\/\/www.jazzzeitung.de\/cms\/#\/schema\/logo\/image\/","url":"https:\/\/i0.wp.com\/www.jazzzeitung.de\/cms\/wp-content\/uploads\/2015\/08\/JAZZZEITUNGDE_Logo_Neu.png?fit=499%2C200&ssl=1","contentUrl":"https:\/\/i0.wp.com\/www.jazzzeitung.de\/cms\/wp-content\/uploads\/2015\/08\/JAZZZEITUNGDE_Logo_Neu.png?fit=499%2C200&ssl=1","width":499,"height":200,"caption":"JazzZeitung online"},"image":{"@id":"https:\/\/www.jazzzeitung.de\/cms\/#\/schema\/logo\/image\/"},"sameAs":["https:\/\/www.facebook.com\/JazzZeitung\/"]},{"@type":"Person","@id":"https:\/\/www.jazzzeitung.de\/cms\/#\/schema\/person\/2245b36b9cd1d24cea10f01c031fb92b","name":"Redaktion JazzZeitung","image":{"@type":"ImageObject","inLanguage":"de","@id":"https:\/\/i0.wp.com\/www.jazzzeitung.de\/cms\/wp-content\/uploads\/2015\/08\/JAZZZEITUNGDE_Logo_Neu.png?resize=96%2C96&ssl=159975dcacb611b5700bd619b5daf0a7a","url":"https:\/\/i0.wp.com\/www.jazzzeitung.de\/cms\/wp-content\/uploads\/2015\/08\/JAZZZEITUNGDE_Logo_Neu.png?resize=96%2C96&ssl=1","contentUrl":"https:\/\/i0.wp.com\/www.jazzzeitung.de\/cms\/wp-content\/uploads\/2015\/08\/JAZZZEITUNGDE_Logo_Neu.png?resize=96%2C96&ssl=1","caption":"Redaktion JazzZeitung"},"description":"Artikel der Redaktion der JazzZeitung.","sameAs":["http:\/\/www.jazzzeitung.de\/cms\/"],"url":"https:\/\/www.jazzzeitung.de\/cms\/author\/redaktion\/"}]}},"wp-worthy-pixel":{"ignored":false,"public":null,"server":null,"url":null},"wp-worthy-type":"normal","jetpack_publicize_connections":[],"cc_featured_image_caption":{"caption_text":false,"source_text":false,"source_url":false},"jetpack_featured_media_url":"","jetpack_shortlink":"https:\/\/wp.me\/s3KEcT-7771","jetpack-related-posts":[{"id":7983,"url":"https:\/\/www.jazzzeitung.de\/cms\/2015\/12\/7983\/","url_meta":{"origin":7771,"position":0},"title":"Der Jazz und die Komponisten der Weimarer Republik","author":"Redaktion JazzZeitung","date":"17. Dezember 2015","format":"gallery","excerpt":"Die Konzertreihe \u201eFeindsender\u201c beleuchtet die kontroverse und tragische Situation des Jazz unter der Nazi-Diktatur. Die Konzerte werden ausf\u00fchrlich moderiert und mit interessanten R\u00fcckblicken auf die Musikszene und Zitaten aus Originalquellen angereichert. Das Ensemble besteht aus Studierenden und Dozenten der Hochschule f\u00fcr Musik und Theater M\u00fcnchen mit dem besonderen Fokus auf\u2026","rel":"","context":"In &quot;Galerie&quot;","block_context":{"text":"Galerie","link":"https:\/\/www.jazzzeitung.de\/cms\/thema\/galerie\/"},"img":{"alt_text":"","src":"https:\/\/i0.wp.com\/www.jazzzeitung.de\/cms\/wp-content\/uploads\/2015\/12\/0K3A0813-Bazijan-Riessler-Jost-dombr.jpg?resize=350%2C200","width":350,"height":200,"srcset":"https:\/\/i0.wp.com\/www.jazzzeitung.de\/cms\/wp-content\/uploads\/2015\/12\/0K3A0813-Bazijan-Riessler-Jost-dombr.jpg?resize=350%2C200 1x, https:\/\/i0.wp.com\/www.jazzzeitung.de\/cms\/wp-content\/uploads\/2015\/12\/0K3A0813-Bazijan-Riessler-Jost-dombr.jpg?resize=525%2C300 1.5x, https:\/\/i0.wp.com\/www.jazzzeitung.de\/cms\/wp-content\/uploads\/2015\/12\/0K3A0813-Bazijan-Riessler-Jost-dombr.jpg?resize=700%2C400 2x, https:\/\/i0.wp.com\/www.jazzzeitung.de\/cms\/wp-content\/uploads\/2015\/12\/0K3A0813-Bazijan-Riessler-Jost-dombr.jpg?resize=1050%2C600 3x"},"classes":[]},{"id":32398,"url":"https:\/\/www.jazzzeitung.de\/cms\/2025\/03\/hochschule-fuer-musik-und-theater-muenchen-beruft-omer-klein-zum-professor-fuer-jazz-klavier\/","url_meta":{"origin":7771,"position":1},"title":"Hochschule f\u00fcr Musik und Theater M\u00fcnchen beruft Omer Klein zum Professor f\u00fcr Jazz-Klavier","author":"Martin Hufner","date":"27. M\u00e4rz 2025","format":false,"excerpt":"Die Hochschule f\u00fcr Musik und Theater M\u00fcnchen (HMTM) beruft Omer Klein zum Professor f\u00fcr Jazz-Klavier. Zum 1. Oktober 2025 wird er seine T\u00e4tigkeit an der HMTM aufnehmen und seine umfassende internationale Erfahrung sowie sein breites K\u00f6nnen als Pianist und Komponist in die Arbeit des Jazz Instituts einbringen. In der Zusammenarbeit\u2026","rel":"","context":"In &quot;News&quot;","block_context":{"text":"News","link":"https:\/\/www.jazzzeitung.de\/cms\/thema\/nachrichten\/"},"img":{"alt_text":"Omer Klein \u00a9 Peter H\u00f6nnemann","src":"https:\/\/i0.wp.com\/www.jazzzeitung.de\/cms\/wp-content\/uploads\/2025\/03\/Omer_Klein_c_Peter-Hoennemann.jpg?fit=1000%2C1107&ssl=1&resize=350%2C200","width":350,"height":200,"srcset":"https:\/\/i0.wp.com\/www.jazzzeitung.de\/cms\/wp-content\/uploads\/2025\/03\/Omer_Klein_c_Peter-Hoennemann.jpg?fit=1000%2C1107&ssl=1&resize=350%2C200 1x, https:\/\/i0.wp.com\/www.jazzzeitung.de\/cms\/wp-content\/uploads\/2025\/03\/Omer_Klein_c_Peter-Hoennemann.jpg?fit=1000%2C1107&ssl=1&resize=525%2C300 1.5x, https:\/\/i0.wp.com\/www.jazzzeitung.de\/cms\/wp-content\/uploads\/2025\/03\/Omer_Klein_c_Peter-Hoennemann.jpg?fit=1000%2C1107&ssl=1&resize=700%2C400 2x"},"classes":[]},{"id":31096,"url":"https:\/\/www.jazzzeitung.de\/cms\/2024\/05\/susi-lotter-moritz-renner-und-marina-schlagintweit-erhalten-den-bmw-young-artist-jazz-award-2024\/","url_meta":{"origin":7771,"position":2},"title":"Susi Lotter, Moritz Renner und Marina Schlagintweit erhalten den BMW Young Artist Jazz Award 2024","author":"Redaktion JazzZeitung","date":"24. Mai 2024","format":false,"excerpt":"Die BMW Group bleibt dem Jazz treu: Zusammen mit der Landeshauptstadt Mu\u0308nchen verleiht die BMW Group den BMW Young Artist Jazz Award auch in diesem Jahr an drei junge Musikerinnen und Musiker der lokalen Jazzszene. Neben einem Preisgeld von je 5.000 Euro werden Susi Lotter, Moritz Renner und Marina Schlagintweit\u2026","rel":"","context":"In &quot;News&quot;","block_context":{"text":"News","link":"https:\/\/www.jazzzeitung.de\/cms\/thema\/nachrichten\/"},"img":{"alt_text":"","src":"https:\/\/i0.wp.com\/www.jazzzeitung.de\/cms\/wp-content\/uploads\/2024\/05\/P90550157_highRes_bmw-young-artist-jaz.jpg?fit=1200%2C675&ssl=1&resize=350%2C200","width":350,"height":200,"srcset":"https:\/\/i0.wp.com\/www.jazzzeitung.de\/cms\/wp-content\/uploads\/2024\/05\/P90550157_highRes_bmw-young-artist-jaz.jpg?fit=1200%2C675&ssl=1&resize=350%2C200 1x, https:\/\/i0.wp.com\/www.jazzzeitung.de\/cms\/wp-content\/uploads\/2024\/05\/P90550157_highRes_bmw-young-artist-jaz.jpg?fit=1200%2C675&ssl=1&resize=525%2C300 1.5x, https:\/\/i0.wp.com\/www.jazzzeitung.de\/cms\/wp-content\/uploads\/2024\/05\/P90550157_highRes_bmw-young-artist-jaz.jpg?fit=1200%2C675&ssl=1&resize=700%2C400 2x, https:\/\/i0.wp.com\/www.jazzzeitung.de\/cms\/wp-content\/uploads\/2024\/05\/P90550157_highRes_bmw-young-artist-jaz.jpg?fit=1200%2C675&ssl=1&resize=1050%2C600 3x"},"classes":[]},{"id":18459,"url":"https:\/\/www.jazzzeitung.de\/cms\/2019\/01\/news-jacob-collier-mit-djesse-zu-gast-in-muenchen\/","url_meta":{"origin":7771,"position":3},"title":"+++ News: +++ Kurt Maas Jazz Award 2019 an der M\u00fcnchener Hochschule f\u00fcr Musik und Theater +++ Aufftakt in M\u00fcnchen: Jacob Collier auf Tour +++","author":"Redaktion JazzZeitung","date":"29. Januar 2019","format":false,"excerpt":"Ein Jazz-Wettbewerb an der HMTM und Patti Austin als Ehrengast In Erinnerung an den Jazz-Musiker und P\u00e4dagogen Kurt Maas wird am Mittwoch, den 6. Februar 2019 (Finale) zum vierten Mal der Wettbewerb um den \u00bbKurt Maas Jazz Award\u00ab an der Hochschule f\u00fcr Musik und Theater M\u00fcnchen (HMTM) ausgetragen. In der\u2026","rel":"","context":"In &quot;News&quot;","block_context":{"text":"News","link":"https:\/\/www.jazzzeitung.de\/cms\/thema\/nachrichten\/"},"img":{"alt_text":"","src":"https:\/\/i0.wp.com\/www.jazzzeitung.de\/cms\/wp-content\/uploads\/2019\/01\/Kurt-Maas-Jazz-Award.jpg?fit=640%2C417&ssl=1&resize=350%2C200","width":350,"height":200,"srcset":"https:\/\/i0.wp.com\/www.jazzzeitung.de\/cms\/wp-content\/uploads\/2019\/01\/Kurt-Maas-Jazz-Award.jpg?fit=640%2C417&ssl=1&resize=350%2C200 1x, https:\/\/i0.wp.com\/www.jazzzeitung.de\/cms\/wp-content\/uploads\/2019\/01\/Kurt-Maas-Jazz-Award.jpg?fit=640%2C417&ssl=1&resize=525%2C300 1.5x"},"classes":[]},{"id":11803,"url":"https:\/\/www.jazzzeitung.de\/cms\/2017\/02\/je-preiser-gekroent-jazzpreise-im-monat-februar\/","url_meta":{"origin":7771,"position":4},"title":"Preistr\u00e4gerkonzerte: Klaus Doldinger spielte f\u00fcr Moritz Stahl","author":"Redaktion JazzZeitung","date":"28. Februar 2017","format":false,"excerpt":"Bereits im November 2016 war der Komponist und Saxophonist Klaus Doldinger mit dem Kulturellen Ehrenpreis der Landeshauptstadt M\u00fcnchen ausgezeichnet worden. Am Dienstag, den 14. Februar, wurde der Preis\u00a0 im Festsaal des Alten Rathauses durch Oberb\u00fcrgermeister Dieter Reiter verliehen.\u00a0Die Laudatio hielt G\u00fcnter Rohrbach, f\u00fcr die musikalische Umrahmung sorgten Roberto Di Gioia,\u2026","rel":"","context":"In &quot;Bericht&quot;","block_context":{"text":"Bericht","link":"https:\/\/www.jazzzeitung.de\/cms\/thema\/bericht\/"},"img":{"alt_text":"","src":"https:\/\/i0.wp.com\/www.jazzzeitung.de\/cms\/wp-content\/uploads\/2017\/02\/Doldinger-Sopran-dombr-150x150.jpg?resize=350%2C200","width":350,"height":200},"classes":[]},{"id":32620,"url":"https:\/\/www.jazzzeitung.de\/cms\/2025\/06\/bmw-young-artist-jazz-award-feiert-10-jubilaeum-marie-kuhar-valentina-oefele-und-elias-prinz-ausgezeichnet\/","url_meta":{"origin":7771,"position":5},"title":"BMW Young Artist Jazz Award feiert 10. Jubil\u00e4um: Marie Kuhar, Valentina Oefele und Elias Prinz ausgezeichnet","author":"Redaktion JazzZeitung","date":"4. Juni 2025","format":false,"excerpt":"M\u00fcnchen. Zum zehnten Mal in Folge vergibt die BMW Group gemeinsam mit der Landeshauptstadt M\u00fcnchen den BMW Young Artist Jazz Award- und feiert damit ein besonderes Jubil\u00e4um in der F\u00f6rderung junger Talente der lokalen Jazzszene. Auch 2025 \u00a0geht der mitjeweils 5.000 \u00a0Euro dotierte Preis an drei au\u00dfergew\u00f6hnliche \u00a0Nachwuchsmusikerinnen und -musiker:\u2026","rel":"","context":"In &quot;News&quot;","block_context":{"text":"News","link":"https:\/\/www.jazzzeitung.de\/cms\/thema\/nachrichten\/"},"img":{"alt_text":"","src":"https:\/\/i0.wp.com\/www.jazzzeitung.de\/cms\/wp-content\/uploads\/2025\/06\/P90602506-highRes.jpg?fit=1200%2C674&ssl=1&resize=350%2C200","width":350,"height":200,"srcset":"https:\/\/i0.wp.com\/www.jazzzeitung.de\/cms\/wp-content\/uploads\/2025\/06\/P90602506-highRes.jpg?fit=1200%2C674&ssl=1&resize=350%2C200 1x, https:\/\/i0.wp.com\/www.jazzzeitung.de\/cms\/wp-content\/uploads\/2025\/06\/P90602506-highRes.jpg?fit=1200%2C674&ssl=1&resize=525%2C300 1.5x, https:\/\/i0.wp.com\/www.jazzzeitung.de\/cms\/wp-content\/uploads\/2025\/06\/P90602506-highRes.jpg?fit=1200%2C674&ssl=1&resize=700%2C400 2x, https:\/\/i0.wp.com\/www.jazzzeitung.de\/cms\/wp-content\/uploads\/2025\/06\/P90602506-highRes.jpg?fit=1200%2C674&ssl=1&resize=1050%2C600 3x"},"classes":[]}],"jetpack_sharing_enabled":true,"_links":{"self":[{"href":"https:\/\/www.jazzzeitung.de\/cms\/wp-json\/wp\/v2\/posts\/7771","targetHints":{"allow":["GET"]}}],"collection":[{"href":"https:\/\/www.jazzzeitung.de\/cms\/wp-json\/wp\/v2\/posts"}],"about":[{"href":"https:\/\/www.jazzzeitung.de\/cms\/wp-json\/wp\/v2\/types\/post"}],"author":[{"embeddable":true,"href":"https:\/\/www.jazzzeitung.de\/cms\/wp-json\/wp\/v2\/users\/18"}],"replies":[{"embeddable":true,"href":"https:\/\/www.jazzzeitung.de\/cms\/wp-json\/wp\/v2\/comments?post=7771"}],"version-history":[{"count":3,"href":"https:\/\/www.jazzzeitung.de\/cms\/wp-json\/wp\/v2\/posts\/7771\/revisions"}],"predecessor-version":[{"id":7777,"href":"https:\/\/www.jazzzeitung.de\/cms\/wp-json\/wp\/v2\/posts\/7771\/revisions\/7777"}],"wp:attachment":[{"href":"https:\/\/www.jazzzeitung.de\/cms\/wp-json\/wp\/v2\/media?parent=7771"}],"wp:term":[{"taxonomy":"category","embeddable":true,"href":"https:\/\/www.jazzzeitung.de\/cms\/wp-json\/wp\/v2\/categories?post=7771"},{"taxonomy":"post_tag","embeddable":true,"href":"https:\/\/www.jazzzeitung.de\/cms\/wp-json\/wp\/v2\/tags?post=7771"},{"taxonomy":"author","embeddable":true,"href":"https:\/\/www.jazzzeitung.de\/cms\/wp-json\/wp\/v2\/coauthors?post=7771"}],"curies":[{"name":"wp","href":"https:\/\/api.w.org\/{rel}","templated":true}]}}