{"id":7751,"date":"2015-11-12T10:14:47","date_gmt":"2015-11-12T09:14:47","guid":{"rendered":"http:\/\/www.jazzzeitung.de\/cms\/?p=7751"},"modified":"2015-11-12T10:14:47","modified_gmt":"2015-11-12T09:14:47","slug":"news-stimmgewaltiger-abschluss-bei-jazz-city-salzburg-ibk-foerderpreis-verliehen-foerderprogramm-zur-digitalisierung-der-live-musikclubs-startet","status":"publish","type":"post","link":"https:\/\/www.jazzzeitung.de\/cms\/2015\/11\/news-stimmgewaltiger-abschluss-bei-jazz-city-salzburg-ibk-foerderpreis-verliehen-foerderprogramm-zur-digitalisierung-der-live-musikclubs-startet\/","title":{"rendered":"+++News +++ Stimmgewaltiger Abschluss bei Jazz &#038; The City in Salzburg +++ IBK-F\u00f6rderpreis verliehen +++ F\u00f6rderprogramm zur Digitalisierung der Live-Musikclubs startet +++"},"content":{"rendered":"<p><strong>+++ Stimmgewaltiger Abschluss bei Jazz &amp; The City in Salzburg +++<\/strong><\/p>\n<figure id=\"attachment_7752\" aria-describedby=\"caption-attachment-7752\" style=\"width: 150px\" class=\"wp-caption alignright\"><a href=\"https:\/\/i0.wp.com\/www.jazzzeitung.de\/cms\/wp-content\/uploads\/2015\/11\/salzburg_dhaffer.jpg\"><img data-recalc-dims=\"1\" loading=\"lazy\" decoding=\"async\" data-attachment-id=\"7752\" data-permalink=\"https:\/\/www.jazzzeitung.de\/cms\/2015\/11\/news-stimmgewaltiger-abschluss-bei-jazz-city-salzburg-ibk-foerderpreis-verliehen-foerderprogramm-zur-digitalisierung-der-live-musikclubs-startet\/salzburg_dhaffer\/\" data-orig-file=\"https:\/\/i0.wp.com\/www.jazzzeitung.de\/cms\/wp-content\/uploads\/2015\/11\/salzburg_dhaffer.jpg?fit=4134%2C2756&amp;ssl=1\" data-orig-size=\"4134,2756\" data-comments-opened=\"1\" data-image-meta=\"{&quot;aperture&quot;:&quot;1.4&quot;,&quot;credit&quot;:&quot;wildbild&quot;,&quot;camera&quot;:&quot;&quot;,&quot;caption&quot;:&quot;Dhafer Youssef, oud, vocals, Kristjan Randalu, piano, Phil Donkin, double bass, Ferenc Nemeth, drums, Jazz and the city, Er\\u00f6ffnung, Republic, Salzburg, 20151022, Salzburg, (c)wildbild&quot;,&quot;created_timestamp&quot;:&quot;1445542640&quot;,&quot;copyright&quot;:&quot;&quot;,&quot;focal_length&quot;:&quot;50&quot;,&quot;iso&quot;:&quot;640&quot;,&quot;shutter_speed&quot;:&quot;0.00625&quot;,&quot;title&quot;:&quot;&quot;,&quot;orientation&quot;:&quot;1&quot;}\" data-image-title=\"salzburg_dhaffer\" data-image-description=\"\" data-image-caption=\"&lt;p&gt;Dhafer Youssef beim Opening im republic (Foto: Wildbild)&lt;\/p&gt;\n\" data-large-file=\"https:\/\/i0.wp.com\/www.jazzzeitung.de\/cms\/wp-content\/uploads\/2015\/11\/salzburg_dhaffer.jpg?fit=840%2C560&amp;ssl=1\" class=\"size-thumbnail wp-image-7752\" src=\"https:\/\/i0.wp.com\/www.jazzzeitung.de\/cms\/wp-content\/uploads\/2015\/11\/salzburg_dhaffer-150x150.jpg?resize=150%2C150\" alt=\"Dhafer Youssef beim Opening im republic (Foto: Wildbild)\" width=\"150\" height=\"150\" srcset=\"https:\/\/i0.wp.com\/www.jazzzeitung.de\/cms\/wp-content\/uploads\/2015\/11\/salzburg_dhaffer.jpg?resize=150%2C150&amp;ssl=1 150w, https:\/\/i0.wp.com\/www.jazzzeitung.de\/cms\/wp-content\/uploads\/2015\/11\/salzburg_dhaffer.jpg?resize=144%2C144&amp;ssl=1 144w, https:\/\/i0.wp.com\/www.jazzzeitung.de\/cms\/wp-content\/uploads\/2015\/11\/salzburg_dhaffer.jpg?resize=96%2C96&amp;ssl=1 96w, https:\/\/i0.wp.com\/www.jazzzeitung.de\/cms\/wp-content\/uploads\/2015\/11\/salzburg_dhaffer.jpg?resize=24%2C24&amp;ssl=1 24w, https:\/\/i0.wp.com\/www.jazzzeitung.de\/cms\/wp-content\/uploads\/2015\/11\/salzburg_dhaffer.jpg?resize=36%2C36&amp;ssl=1 36w, https:\/\/i0.wp.com\/www.jazzzeitung.de\/cms\/wp-content\/uploads\/2015\/11\/salzburg_dhaffer.jpg?resize=48%2C48&amp;ssl=1 48w, https:\/\/i0.wp.com\/www.jazzzeitung.de\/cms\/wp-content\/uploads\/2015\/11\/salzburg_dhaffer.jpg?resize=64%2C64&amp;ssl=1 64w, https:\/\/i0.wp.com\/www.jazzzeitung.de\/cms\/wp-content\/uploads\/2015\/11\/salzburg_dhaffer.jpg?resize=32%2C32&amp;ssl=1 32w, https:\/\/i0.wp.com\/www.jazzzeitung.de\/cms\/wp-content\/uploads\/2015\/11\/salzburg_dhaffer.jpg?resize=128%2C128&amp;ssl=1 128w, https:\/\/i0.wp.com\/www.jazzzeitung.de\/cms\/wp-content\/uploads\/2015\/11\/salzburg_dhaffer.jpg?zoom=2&amp;resize=150%2C150&amp;ssl=1 300w, https:\/\/i0.wp.com\/www.jazzzeitung.de\/cms\/wp-content\/uploads\/2015\/11\/salzburg_dhaffer.jpg?zoom=3&amp;resize=150%2C150&amp;ssl=1 450w\" sizes=\"auto, (max-width: 150px) 100vw, 150px\" \/><\/a><figcaption id=\"caption-attachment-7752\" class=\"wp-caption-text\">Dhafer Youssef beim Opening im republic (Foto: Wildbild)<\/figcaption><\/figure>\n<p>5 Tage, 80 Konzerte, 30 Locations und rund 35.000 BesucherInnen \u2013 die 16. Auflage des Festivals Jazz &amp; The City lockte Jazzfans aus aller Welt in die Salzburger Altstadt und bewies einmal mehr, dass sich die Stadt nicht nur als hervorragende B\u00fchne f\u00fcr \u00f6sterreichische K\u00fcnstlerInnen sondern vor allem auch f\u00fcr internationale Stars eignet. Zum kr\u00f6nenden Abschluss brachte Omar Sosa mit seinen h\u00f6rbaren kubanischen Wurzeln Schwung ins Publikum des Salzburger Landestheaters und Lisa Simone erf\u00fcllte den Raum mit ihrer gewaltigen Stimme!<\/p>\n<p>\u201eJazz &amp; The City\u201c hat es geschafft: Von anf\u00e4nglichen 18 Konzerten an drei Spielst\u00e4tten im Jahr 1999, hat es sich 16 Jahre sp\u00e4ter in ein Festival mit internationaler Strahlkraft entwickelt. Die rund 80 unterschiedlichen K\u00fcnstlerInnen entf\u00fchrten die BesucherInnen auf eine musikalische Reise um die ganze Welt. Stars wie Dhafer Youssef, Anouar Brahem, das Avishai Cohen Trumpet Trio, Chris Potter, Bill Frisell, John Scofield &amp; Joe Lovano, Eska, Omar Sosa, Lisa Simone und viele mehr waren die absoluten Highlights und l\u00f6sten mit ihren Auftritten am vergangenen Wochenende wahre Begeisterungsst\u00fcrme aus.<br \/>\nZahlreiche \u00d6sterreichpremieren u.a. von Yom, dem David Krakauer Acoustic Klezmer Project, dem Hakon Kornstad Tenor Battle oder Branko Galoic &amp; dem Skakavac Orkestar zeichneten das hohe Niveau des Programms aus. Vor allem die neuen Spielst\u00e4tten wie die Trumerei, die Skybar des Crowne Plaza oder die Kollegienkirche fanden gro\u00dfen Anklang. Genauso waren Salzburgs beliebte Gastst\u00e4tten wie der B\u00e4renwirt, der Braugasthof Krimpelst\u00e4tter, das Afro Caf\u00e9 oder das Carpe Diem Finest Fingerfood wieder ein Anziehungspunkt f\u00fcr viele BesucherInnen. Der Frankreich-Schwerpunkt des Festivals spiegelte sich vor allem bei den Konzerten u.a. mit Joelle Leandre und Vincent Courtois im Blaue Gans Weinarchiv wider.<\/p>\n<p>Die Erfolgsgeschichte des beliebten Jazz, World &amp; Electronic Music Festivals \u201eJazz &amp; The City\u201c wird weitergehen. Man darf gespannt sein, welche musikalischen Gr\u00f6\u00dfen im n\u00e4chsten Jahr am Programm stehen!<\/p>\n<p><strong>Save the date: Jazz &amp; The City 19.-23. Oktober 2016<\/p>\n<p><a href=\"http:\/\/www.salzburgjazz.com\">www.salzburgjazz.com<\/a><br \/>\n<a href=\"http:\/\/www.salzburg-altstadt.at\">www.salzburg-altstadt.at<\/a><\/strong><\/p>\n<p>&nbsp;<\/p>\n<p><strong>+++ IBK-F\u00f6rderpreis verliehen +++<\/strong><\/p>\n<p>Die Internationale Bodensee Konferenz (IBK)\u00a0 hat gestern am 11.11. ihre F\u00f6rderpreise im Jahr 2015 in der Sparte Jazz verliehen. Die mit jeweils 10.000 Schweizer Franken dotierten Auszeichnungen wurden durch Kunststaatssekret\u00e4r J\u00fcrgen Walter, dem Vorsitzenden der IBK, \u00fcberreicht. Die Verleihung fand im Jazzclub Bix in Stuttgart statt. Ausgezeichnet wurden sieben K\u00fcnstlerinnen und K\u00fcnstler sowie Ensembles aus der Sparte Jazz mit Bezug zur Bodenseeregion, die \u00fcber ein herausragendes Potential verf\u00fcgen und das 40. Lebensjahr noch nicht vollendet haben. Die sieben F\u00f6rderpreise 2015 gingen an <strong>Rainer B\u00f6hm <\/strong>(nominiert vom Land Baden-W\u00fcrttemberg), <strong>Florian Egli (<\/strong>nominiert vom Kanton Schaffhausen), <strong>David Helbock<\/strong> (nominiert vom Land Vorarlberg), <strong>Johannes Lauer (<\/strong>nominiert vom Land Baden-W\u00fcrttemberg), <strong>Fabian M. Mueller (<\/strong>nominiert vom Kanton Appenzell Ausserrhoden), <strong>Urs V\u00f6geli (<\/strong>nominiert vom Kanton Schaffhausen) und <strong>Marena Whitcher (<\/strong>nominiert vom Kanton Z\u00fcrich).<\/p>\n<p>Die <strong>Internationale Bodensee Konferenz (IBK)<\/strong> ist die gemeinsame Plattform der Regierungen der L\u00e4nder und Kantone Baden-W\u00fcrttemberg, Schaffhausen, Z\u00fcrich, Thurgau, St.Gallen, Appenzell Ausserrhoden, Appenzell Innerrhoden, F\u00fcrstentum Liechtenstein, Vorarlberg und Bayern. Ziel der IBK ist es, die Bodenseeregion als attraktiven Lebens-, Natur-, Kultur- und Wirtschaftsraum zu erhalten und zu f\u00f6rdern und die regionale Zusammengeh\u00f6rigkeit zu st\u00e4rken. Sie bildet den Kern eines breit gef\u00e4cherten Netzwerkes der grenz\u00fcberschreitenden Zusammenarbeit in der Bodenseeregion. Die F\u00f6rderpreise der IBK werden seit 1991 j\u00e4hrlich in wechselnden Sparten verliehen. Es k\u00f6nnen maximal acht Preise in der H\u00f6he von jeweils 10.000 Schweizer Franken vergeben werden. Ausgezeichnet werden Personen mit einem herausragenden Potential im jeweiligen Kulturbereich. Verantwortlich f\u00fcr die Vergabe ist die Kommission Kultur der IBK.<\/p>\n<p>Jedes Mitgliedsland der IBK \u2013 Baden-W\u00fcrttemberg, Bayern, Liechtenstein, Vorarlberg, die Kantone St.Gallen, Thurgau, Schaffhausen, Z\u00fcrich sowie Appenzell Ausserrhoden und Appenzell Innerrhoden zusammen \u2013 hat unter Beizug von ausgewiesenen Fachleuten maximal zwei Nominationen mit Bezug zum jeweiligen Kanton oder Bundesland vorgeschlagen. Eine von den Mitgliedsl\u00e4ndern und Mitgliedskantonen gew\u00e4hlte internationale Jury von neun ausgewiesenen Experten hat die Preistr\u00e4gerinnen und Preistr\u00e4ger ausgew\u00e4hlt. Durchgef\u00fchrt wurde die diesj\u00e4hrige Jurierung vom Ministerium f\u00fcr Wissenschaft, Forschung und Kunst des Landes Baden-W\u00fcrttemberg. Baden-W\u00fcrttemberg hat in diesem Jahr den Vorsitz der IBK inne.<\/p>\n<p>&nbsp;<\/p>\n<p><strong>+++ F\u00f6rderprogramm zur Digitalisierung der Live-Musikclubs startet +++<\/strong><\/p>\n<ul>\n<li><strong>F\u00f6rderprogramm zur Digitalisierung der Live-Musikclubs startet<\/strong><\/li>\n<li><strong>Neues F\u00f6rderprogramm unterst\u00fctzt kleine und mittelgro\u00dfe Clubs bei der Anschaffung von digitaler Auff\u00fchrungstechnik<\/strong><\/li>\n<li><strong>LiveKomm wirkt als Fachpartner der Initiative Musik bei der Antragsberatung und der Umsetzung des F\u00f6rderprogramms mit<\/strong><\/li>\n<li><strong>Antragsstart: 11. Januar 2016<\/strong><\/li>\n<\/ul>\n<p>\u201e<em>Wer innovative Konzerterlebnisse bieten will, ben\u00f6tigt dazu eine zeitgem\u00e4\u00dfe technische Infrastruktur. Mit dem neuen F\u00f6rderprogramm k\u00f6nnen wir die kleinen und mittleren Clubs bei dringend notwendigen Erstinvestitionen in digitale Auff\u00fchrungstechnik unterst\u00fctzen, damit diese Kulturorte den aktuellen Herausforderungen gerecht werden<\/em>\u201c, betont die Gesch\u00e4ftsf\u00fchrerin der Initiative Musik Ina Ke\u00dfler. Mit dem neuen F\u00f6rderprogramm \u201eDigitalisierung der Auff\u00fchrungstechnik in Live-Musikspielst\u00e4tten in Deutschland\u201c baut die Initiative Musik ihre Livemusikf\u00f6rderung aus.<br \/>\nDas neue F\u00f6rderprogramm der Initiative Musik, das gemeinsam mit der Live Musik Kommission e.V. (LiveKomm) realisiert wird, dient der Sicherung und Steigerung der kulturellen Vielfalt und der Programmqualit\u00e4t in unabh\u00e4ngigen Spielst\u00e4tten in Deutschland. Es unterst\u00fctzt die Live-Musikclubs, die die konzertante Grundversorgung vor Ort leisten. Es hat zum Ziel, dass die Spielst\u00e4tten bundesweit auch von der technischen Seite eine kulturelle Rezeption und Bildung f\u00fcr ein anspruchsvolles Publikum auf internationalem Niveau gew\u00e4hrleisten k\u00f6nnen, denn neue Pr\u00e4sentations- und Auff\u00fchrungsm\u00f6glichkeiten stellen wichtige Voraussetzungen f\u00fcr die k\u00fcnstlerische Entwicklung von Musikern dar.<br \/>\n\u201e<em>Um im internationalen Wettbewerb, gerade im Vergleich zu den Clubs in Frankreich, Benelux oder Skandinavien, mithalten zu k\u00f6nnen, besteht f\u00fcr eine Vielzahl der Livemusikclubs in Deutschland ein erheblicher Investitionsbedarf bei der technischen Infrastruktur<\/em>\u201c, erl\u00e4utert Karsten Sch\u00f6lermann, 1. Vorsitzender der LiveKomm. \u201e<em>Gerade f\u00fcr viele kleine Clubs sind die Umr\u00fcstungen auf diese neuen Standards aufgrund der finanziellen Ausstattung ohne eine F\u00f6rderung nicht m\u00f6glich, daher freuen wir als Bundesverband sehr, dass Programm in K\u00fcrze startet.<\/em>\u201c<br \/>\nAntragsberechtigt sind Live-Musikspielst\u00e4tten mit einem festen Sitz in Deutschland, einer maximalen Kapazit\u00e4t von 2.000 Personen und mindestens 24 Live-Musik-Veranstaltungen im Jahr. Das F\u00f6rderprogramm dient zur erstmaligen technischen Umstellung von Live-Musikspielst\u00e4tten auf digitale Auff\u00fchrungstechnik. Neben digitalen Monitor- und Hauptmischpulten, Lichtmischpulten sowie digitalem Showlicht werden auch DJ-Set-ups kofinanziert. Gef\u00f6rdert werden Anschaffungskosten zwischen 1.000 und 20.000 Euro mit einer gestaffelten F\u00f6rderung in H\u00f6he von 900 bis 10.000 EUR. Die Differenz muss als Eigenanteil getragen werden.<br \/>\nF\u00fcr die \u201eDigitalisierung der Auff\u00fchrungstechnik in Livemusikspielst\u00e4tten in Deutschland\u201c werden von der Beauftragten der Bundesregierung f\u00fcr Kultur und Medien (BKM) 1,5 Mio. Euro, vorbehaltlich der Verf\u00fcgbarkeit der veranschlagten Haushaltsmittel sowie etwaiger Bewirtschaftungsma\u00dfnahmen und Sperren, bereit gestellt. Die LiveKomm entwickelte das Konzept und realisiert gemeinsam mit der Initiative Musik die Umsetzung des F\u00f6rderprogramms. Die Informationen zum Antrags- und Vergabeverfahren sind f\u00fcr die Antragsteller ab sofort auf den Seiten der Initiative Musik und der Livekomm verf\u00fcgbar.<br \/>\nWeitere Informationen<br \/>\n<a href=\"http:\/\/www.initiative-musik.de\/digitalisierung\">www.initiative-musik.de\/digitalisierung<\/a><br \/>\n<a href=\"http:\/\/www.livemusikkommission.de\/digitalisierung-von-auffuhrungstechnik\">www.livekomm.org<\/a><\/p>\n<p>&nbsp;<\/p>\n<p>&nbsp;<\/p>\n<p>&nbsp;<\/p>\n<p>&nbsp;<\/p>\n","protected":false},"excerpt":{"rendered":"<p>+++ Stimmgewaltiger Abschluss bei Jazz &amp; The City in Salzburg +++ 5 Tage, 80 Konzerte, 30 Locations und rund 35.000 BesucherInnen \u2013 die 16. Auflage des Festivals Jazz &amp; The City lockte Jazzfans aus aller Welt in die Salzburger Altstadt und bewies einmal mehr, dass sich die Stadt nicht nur als hervorragende B\u00fchne f\u00fcr \u00f6sterreichische K\u00fcnstlerInnen sondern vor allem auch f\u00fcr internationale Stars eignet. Zum kr\u00f6nenden Abschluss brachte Omar Sosa mit seinen h\u00f6rbaren kubanischen Wurzeln Schwung ins Publikum des Salzburger Landestheaters und Lisa Simone erf\u00fcllte den Raum mit ihrer gewaltigen Stimme! \u201eJazz &amp; The City\u201c hat es geschafft: Von anf\u00e4nglichen 18 Konzerten an drei Spielst\u00e4tten im Jahr 1999, hat es sich 16 Jahre sp\u00e4ter in ein Festival mit internationaler Strahlkraft entwickelt. Die rund 80 unterschiedlichen K\u00fcnstlerInnen entf\u00fchrten die BesucherInnen auf eine musikalische Reise um die ganze Welt. Stars wie Dhafer Youssef, Anouar Brahem, das Avishai Cohen Trumpet Trio, Chris Potter, Bill Frisell, John Scofield &amp; Joe Lovano, Eska, Omar Sosa, Lisa Simone und viele mehr waren die absoluten Highlights und l\u00f6sten mit ihren Auftritten am vergangenen Wochenende wahre Begeisterungsst\u00fcrme aus. Zahlreiche \u00d6sterreichpremieren u.a. von Yom, &hellip;<\/p>\n","protected":false},"author":18,"featured_media":0,"comment_status":"open","ping_status":"closed","sticky":false,"template":"","format":"standard","meta":{"_jetpack_memberships_contains_paid_content":false,"footnotes":"","jetpack_publicize_message":"","jetpack_publicize_feature_enabled":true,"jetpack_social_post_already_shared":false,"jetpack_social_options":{"image_generator_settings":{"template":"highway","default_image_id":0,"font":"","enabled":false},"version":2}},"categories":[634],"tags":[871,103,1192,137,3,682,1229,797,1227,1228,238,241,1226,271,1230,758,323,327,449,1170,1164,1133,19,799],"coauthors":[695],"class_list":["post-7751","post","type-post","status-publish","format-standard","hentry","category-redaktion","tag-bill-frisell","tag-bundesregierung","tag-clubs","tag-deutschland","tag-festival","tag-festivals","tag-florian-egli","tag-foerderprogramm","tag-foerderprogramm-digitalisierung-jazzclubs","tag-ibk-foerderpreis","tag-ina-kessler","tag-initiative-musik","tag-jazz-and-the-city-salzburg","tag-jazzclub","tag-johannes-lauer","tag-john-scofield","tag-konzerte","tag-kultur","tag-preise","tag-preistraeger","tag-rainer-boehm","tag-scofield","tag-wettbewerb","tag-zuerich"],"yoast_head":"<!-- This site is optimized with the Yoast SEO plugin v27.5 - https:\/\/yoast.com\/product\/yoast-seo-wordpress\/ -->\n<title>+++News +++ Stimmgewaltiger Abschluss bei Jazz &amp; The City in Salzburg +++ IBK-F\u00f6rderpreis verliehen +++ F\u00f6rderprogramm zur Digitalisierung der Live-Musikclubs startet +++ - JazzZeitung<\/title>\n<meta name=\"robots\" content=\"index, follow, max-snippet:-1, max-image-preview:large, max-video-preview:-1\" \/>\n<link rel=\"canonical\" href=\"https:\/\/www.jazzzeitung.de\/cms\/2015\/11\/news-stimmgewaltiger-abschluss-bei-jazz-city-salzburg-ibk-foerderpreis-verliehen-foerderprogramm-zur-digitalisierung-der-live-musikclubs-startet\/\" \/>\n<meta property=\"og:locale\" content=\"de_DE\" \/>\n<meta property=\"og:type\" content=\"article\" \/>\n<meta property=\"og:title\" content=\"+++News +++ Stimmgewaltiger Abschluss bei Jazz &amp; The City in Salzburg +++ IBK-F\u00f6rderpreis verliehen +++ F\u00f6rderprogramm zur Digitalisierung der Live-Musikclubs startet +++ - JazzZeitung\" \/>\n<meta property=\"og:description\" content=\"+++ Stimmgewaltiger Abschluss bei Jazz &amp; The City in Salzburg +++ 5 Tage, 80 Konzerte, 30 Locations und rund 35.000 BesucherInnen \u2013 die 16. Auflage des Festivals Jazz &amp; The City lockte Jazzfans aus aller Welt in die Salzburger Altstadt und bewies einmal mehr, dass sich die Stadt nicht nur als hervorragende B\u00fchne f\u00fcr \u00f6sterreichische K\u00fcnstlerInnen sondern vor allem auch f\u00fcr internationale Stars eignet. Zum kr\u00f6nenden Abschluss brachte Omar Sosa mit seinen h\u00f6rbaren kubanischen Wurzeln Schwung ins Publikum des Salzburger Landestheaters und Lisa Simone erf\u00fcllte den Raum mit ihrer gewaltigen Stimme! \u201eJazz &amp; The City\u201c hat es geschafft: Von anf\u00e4nglichen 18 Konzerten an drei Spielst\u00e4tten im Jahr 1999, hat es sich 16 Jahre sp\u00e4ter in ein Festival mit internationaler Strahlkraft entwickelt. Die rund 80 unterschiedlichen K\u00fcnstlerInnen entf\u00fchrten die BesucherInnen auf eine musikalische Reise um die ganze Welt. Stars wie Dhafer Youssef, Anouar Brahem, das Avishai Cohen Trumpet Trio, Chris Potter, Bill Frisell, John Scofield &amp; Joe Lovano, Eska, Omar Sosa, Lisa Simone und viele mehr waren die absoluten Highlights und l\u00f6sten mit ihren Auftritten am vergangenen Wochenende wahre Begeisterungsst\u00fcrme aus. Zahlreiche \u00d6sterreichpremieren u.a. von Yom, &hellip;\" \/>\n<meta property=\"og:url\" content=\"https:\/\/www.jazzzeitung.de\/cms\/2015\/11\/news-stimmgewaltiger-abschluss-bei-jazz-city-salzburg-ibk-foerderpreis-verliehen-foerderprogramm-zur-digitalisierung-der-live-musikclubs-startet\/\" \/>\n<meta property=\"og:site_name\" content=\"JazzZeitung\" \/>\n<meta property=\"article:publisher\" content=\"https:\/\/www.facebook.com\/JazzZeitung\/\" \/>\n<meta property=\"article:published_time\" content=\"2015-11-12T09:14:47+00:00\" \/>\n<meta property=\"og:image\" content=\"http:\/\/www.jazzzeitung.de\/cms\/wp-content\/uploads\/2015\/11\/salzburg_dhaffer-150x150.jpg\" \/>\n<meta name=\"author\" content=\"Redaktion JazzZeitung\" \/>\n<script type=\"application\/ld+json\" class=\"yoast-schema-graph\">{\"@context\":\"https:\\\/\\\/schema.org\",\"@graph\":[{\"@type\":\"Article\",\"@id\":\"https:\\\/\\\/www.jazzzeitung.de\\\/cms\\\/2015\\\/11\\\/news-stimmgewaltiger-abschluss-bei-jazz-city-salzburg-ibk-foerderpreis-verliehen-foerderprogramm-zur-digitalisierung-der-live-musikclubs-startet\\\/#article\",\"isPartOf\":{\"@id\":\"https:\\\/\\\/www.jazzzeitung.de\\\/cms\\\/2015\\\/11\\\/news-stimmgewaltiger-abschluss-bei-jazz-city-salzburg-ibk-foerderpreis-verliehen-foerderprogramm-zur-digitalisierung-der-live-musikclubs-startet\\\/\"},\"author\":{\"name\":\"Redaktion JazzZeitung\",\"@id\":\"https:\\\/\\\/www.jazzzeitung.de\\\/cms\\\/#\\\/schema\\\/person\\\/2245b36b9cd1d24cea10f01c031fb92b\"},\"headline\":\"+++News +++ Stimmgewaltiger Abschluss bei Jazz &#038; The City in Salzburg +++ IBK-F\u00f6rderpreis verliehen +++ F\u00f6rderprogramm zur Digitalisierung der Live-Musikclubs startet +++\",\"datePublished\":\"2015-11-12T09:14:47+00:00\",\"mainEntityOfPage\":{\"@id\":\"https:\\\/\\\/www.jazzzeitung.de\\\/cms\\\/2015\\\/11\\\/news-stimmgewaltiger-abschluss-bei-jazz-city-salzburg-ibk-foerderpreis-verliehen-foerderprogramm-zur-digitalisierung-der-live-musikclubs-startet\\\/\"},\"wordCount\":1207,\"commentCount\":0,\"publisher\":{\"@id\":\"https:\\\/\\\/www.jazzzeitung.de\\\/cms\\\/#organization\"},\"image\":{\"@id\":\"https:\\\/\\\/www.jazzzeitung.de\\\/cms\\\/2015\\\/11\\\/news-stimmgewaltiger-abschluss-bei-jazz-city-salzburg-ibk-foerderpreis-verliehen-foerderprogramm-zur-digitalisierung-der-live-musikclubs-startet\\\/#primaryimage\"},\"thumbnailUrl\":\"http:\\\/\\\/www.jazzzeitung.de\\\/cms\\\/wp-content\\\/uploads\\\/2015\\\/11\\\/salzburg_dhaffer-150x150.jpg\",\"keywords\":[\"Bill Frisell\",\"Bundesregierung\",\"Clubs\",\"Deutschland\",\"Festival\",\"Festivals\",\"Florian Egli\",\"F\u00f6rderprogramm\",\"F\u00f6rderprogramm Digitalisierung Jazzclubs\",\"IBK-F\u00f6rderpreis\",\"Ina Ke\u00dfler\",\"Initiative Musik\",\"Jazz and the City Salzburg\",\"Jazzclub\",\"Johannes Lauer\",\"John Scofield\",\"Konzerte\",\"Kultur\",\"Preise\",\"Preistr\u00e4ger\",\"Rainer B\u00f6hm\",\"Scofield\",\"Wettbewerb\",\"Z\u00fcrich\"],\"articleSection\":[\"Redaktionelle Nachrichten\"],\"inLanguage\":\"de\",\"potentialAction\":[{\"@type\":\"CommentAction\",\"name\":\"Comment\",\"target\":[\"https:\\\/\\\/www.jazzzeitung.de\\\/cms\\\/2015\\\/11\\\/news-stimmgewaltiger-abschluss-bei-jazz-city-salzburg-ibk-foerderpreis-verliehen-foerderprogramm-zur-digitalisierung-der-live-musikclubs-startet\\\/#respond\"]}]},{\"@type\":\"WebPage\",\"@id\":\"https:\\\/\\\/www.jazzzeitung.de\\\/cms\\\/2015\\\/11\\\/news-stimmgewaltiger-abschluss-bei-jazz-city-salzburg-ibk-foerderpreis-verliehen-foerderprogramm-zur-digitalisierung-der-live-musikclubs-startet\\\/\",\"url\":\"https:\\\/\\\/www.jazzzeitung.de\\\/cms\\\/2015\\\/11\\\/news-stimmgewaltiger-abschluss-bei-jazz-city-salzburg-ibk-foerderpreis-verliehen-foerderprogramm-zur-digitalisierung-der-live-musikclubs-startet\\\/\",\"name\":\"+++News +++ Stimmgewaltiger Abschluss bei Jazz & The City in Salzburg +++ IBK-F\u00f6rderpreis verliehen +++ F\u00f6rderprogramm zur Digitalisierung der Live-Musikclubs startet +++ - JazzZeitung\",\"isPartOf\":{\"@id\":\"https:\\\/\\\/www.jazzzeitung.de\\\/cms\\\/#website\"},\"primaryImageOfPage\":{\"@id\":\"https:\\\/\\\/www.jazzzeitung.de\\\/cms\\\/2015\\\/11\\\/news-stimmgewaltiger-abschluss-bei-jazz-city-salzburg-ibk-foerderpreis-verliehen-foerderprogramm-zur-digitalisierung-der-live-musikclubs-startet\\\/#primaryimage\"},\"image\":{\"@id\":\"https:\\\/\\\/www.jazzzeitung.de\\\/cms\\\/2015\\\/11\\\/news-stimmgewaltiger-abschluss-bei-jazz-city-salzburg-ibk-foerderpreis-verliehen-foerderprogramm-zur-digitalisierung-der-live-musikclubs-startet\\\/#primaryimage\"},\"thumbnailUrl\":\"http:\\\/\\\/www.jazzzeitung.de\\\/cms\\\/wp-content\\\/uploads\\\/2015\\\/11\\\/salzburg_dhaffer-150x150.jpg\",\"datePublished\":\"2015-11-12T09:14:47+00:00\",\"breadcrumb\":{\"@id\":\"https:\\\/\\\/www.jazzzeitung.de\\\/cms\\\/2015\\\/11\\\/news-stimmgewaltiger-abschluss-bei-jazz-city-salzburg-ibk-foerderpreis-verliehen-foerderprogramm-zur-digitalisierung-der-live-musikclubs-startet\\\/#breadcrumb\"},\"inLanguage\":\"de\",\"potentialAction\":[{\"@type\":\"ReadAction\",\"target\":[\"https:\\\/\\\/www.jazzzeitung.de\\\/cms\\\/2015\\\/11\\\/news-stimmgewaltiger-abschluss-bei-jazz-city-salzburg-ibk-foerderpreis-verliehen-foerderprogramm-zur-digitalisierung-der-live-musikclubs-startet\\\/\"]}]},{\"@type\":\"ImageObject\",\"inLanguage\":\"de\",\"@id\":\"https:\\\/\\\/www.jazzzeitung.de\\\/cms\\\/2015\\\/11\\\/news-stimmgewaltiger-abschluss-bei-jazz-city-salzburg-ibk-foerderpreis-verliehen-foerderprogramm-zur-digitalisierung-der-live-musikclubs-startet\\\/#primaryimage\",\"url\":\"http:\\\/\\\/www.jazzzeitung.de\\\/cms\\\/wp-content\\\/uploads\\\/2015\\\/11\\\/salzburg_dhaffer-150x150.jpg\",\"contentUrl\":\"http:\\\/\\\/www.jazzzeitung.de\\\/cms\\\/wp-content\\\/uploads\\\/2015\\\/11\\\/salzburg_dhaffer-150x150.jpg\"},{\"@type\":\"BreadcrumbList\",\"@id\":\"https:\\\/\\\/www.jazzzeitung.de\\\/cms\\\/2015\\\/11\\\/news-stimmgewaltiger-abschluss-bei-jazz-city-salzburg-ibk-foerderpreis-verliehen-foerderprogramm-zur-digitalisierung-der-live-musikclubs-startet\\\/#breadcrumb\",\"itemListElement\":[{\"@type\":\"ListItem\",\"position\":1,\"name\":\"Startseite\",\"item\":\"https:\\\/\\\/www.jazzzeitung.de\\\/cms\\\/\"},{\"@type\":\"ListItem\",\"position\":2,\"name\":\"+++News +++ Stimmgewaltiger Abschluss bei Jazz &#038; The City in Salzburg +++ IBK-F\u00f6rderpreis verliehen +++ F\u00f6rderprogramm zur Digitalisierung der Live-Musikclubs startet +++\"}]},{\"@type\":\"WebSite\",\"@id\":\"https:\\\/\\\/www.jazzzeitung.de\\\/cms\\\/#website\",\"url\":\"https:\\\/\\\/www.jazzzeitung.de\\\/cms\\\/\",\"name\":\"JazzZeitung\",\"description\":\"Jazz-News und Jazz-Kontroverses\",\"publisher\":{\"@id\":\"https:\\\/\\\/www.jazzzeitung.de\\\/cms\\\/#organization\"},\"potentialAction\":[{\"@type\":\"SearchAction\",\"target\":{\"@type\":\"EntryPoint\",\"urlTemplate\":\"https:\\\/\\\/www.jazzzeitung.de\\\/cms\\\/?s={search_term_string}\"},\"query-input\":{\"@type\":\"PropertyValueSpecification\",\"valueRequired\":true,\"valueName\":\"search_term_string\"}}],\"inLanguage\":\"de\"},{\"@type\":\"Organization\",\"@id\":\"https:\\\/\\\/www.jazzzeitung.de\\\/cms\\\/#organization\",\"name\":\"JazzZeitung online\",\"url\":\"https:\\\/\\\/www.jazzzeitung.de\\\/cms\\\/\",\"logo\":{\"@type\":\"ImageObject\",\"inLanguage\":\"de\",\"@id\":\"https:\\\/\\\/www.jazzzeitung.de\\\/cms\\\/#\\\/schema\\\/logo\\\/image\\\/\",\"url\":\"https:\\\/\\\/i0.wp.com\\\/www.jazzzeitung.de\\\/cms\\\/wp-content\\\/uploads\\\/2015\\\/08\\\/JAZZZEITUNGDE_Logo_Neu.png?fit=499%2C200&ssl=1\",\"contentUrl\":\"https:\\\/\\\/i0.wp.com\\\/www.jazzzeitung.de\\\/cms\\\/wp-content\\\/uploads\\\/2015\\\/08\\\/JAZZZEITUNGDE_Logo_Neu.png?fit=499%2C200&ssl=1\",\"width\":499,\"height\":200,\"caption\":\"JazzZeitung online\"},\"image\":{\"@id\":\"https:\\\/\\\/www.jazzzeitung.de\\\/cms\\\/#\\\/schema\\\/logo\\\/image\\\/\"},\"sameAs\":[\"https:\\\/\\\/www.facebook.com\\\/JazzZeitung\\\/\"]},{\"@type\":\"Person\",\"@id\":\"https:\\\/\\\/www.jazzzeitung.de\\\/cms\\\/#\\\/schema\\\/person\\\/2245b36b9cd1d24cea10f01c031fb92b\",\"name\":\"Redaktion JazzZeitung\",\"image\":{\"@type\":\"ImageObject\",\"inLanguage\":\"de\",\"@id\":\"https:\\\/\\\/i0.wp.com\\\/www.jazzzeitung.de\\\/cms\\\/wp-content\\\/uploads\\\/2015\\\/08\\\/JAZZZEITUNGDE_Logo_Neu.png?resize=96%2C96&ssl=159975dcacb611b5700bd619b5daf0a7a\",\"url\":\"https:\\\/\\\/i0.wp.com\\\/www.jazzzeitung.de\\\/cms\\\/wp-content\\\/uploads\\\/2015\\\/08\\\/JAZZZEITUNGDE_Logo_Neu.png?resize=96%2C96&ssl=1\",\"contentUrl\":\"https:\\\/\\\/i0.wp.com\\\/www.jazzzeitung.de\\\/cms\\\/wp-content\\\/uploads\\\/2015\\\/08\\\/JAZZZEITUNGDE_Logo_Neu.png?resize=96%2C96&ssl=1\",\"caption\":\"Redaktion JazzZeitung\"},\"description\":\"Artikel der Redaktion der JazzZeitung.\",\"sameAs\":[\"http:\\\/\\\/www.jazzzeitung.de\\\/cms\\\/\"],\"url\":\"https:\\\/\\\/www.jazzzeitung.de\\\/cms\\\/author\\\/redaktion\\\/\"}]}<\/script>\n<!-- \/ Yoast SEO plugin. -->","yoast_head_json":{"title":"+++News +++ Stimmgewaltiger Abschluss bei Jazz & The City in Salzburg +++ IBK-F\u00f6rderpreis verliehen +++ F\u00f6rderprogramm zur Digitalisierung der Live-Musikclubs startet +++ - JazzZeitung","robots":{"index":"index","follow":"follow","max-snippet":"max-snippet:-1","max-image-preview":"max-image-preview:large","max-video-preview":"max-video-preview:-1"},"canonical":"https:\/\/www.jazzzeitung.de\/cms\/2015\/11\/news-stimmgewaltiger-abschluss-bei-jazz-city-salzburg-ibk-foerderpreis-verliehen-foerderprogramm-zur-digitalisierung-der-live-musikclubs-startet\/","og_locale":"de_DE","og_type":"article","og_title":"+++News +++ Stimmgewaltiger Abschluss bei Jazz & The City in Salzburg +++ IBK-F\u00f6rderpreis verliehen +++ F\u00f6rderprogramm zur Digitalisierung der Live-Musikclubs startet +++ - JazzZeitung","og_description":"+++ Stimmgewaltiger Abschluss bei Jazz &amp; The City in Salzburg +++ 5 Tage, 80 Konzerte, 30 Locations und rund 35.000 BesucherInnen \u2013 die 16. Auflage des Festivals Jazz &amp; The City lockte Jazzfans aus aller Welt in die Salzburger Altstadt und bewies einmal mehr, dass sich die Stadt nicht nur als hervorragende B\u00fchne f\u00fcr \u00f6sterreichische K\u00fcnstlerInnen sondern vor allem auch f\u00fcr internationale Stars eignet. Zum kr\u00f6nenden Abschluss brachte Omar Sosa mit seinen h\u00f6rbaren kubanischen Wurzeln Schwung ins Publikum des Salzburger Landestheaters und Lisa Simone erf\u00fcllte den Raum mit ihrer gewaltigen Stimme! \u201eJazz &amp; The City\u201c hat es geschafft: Von anf\u00e4nglichen 18 Konzerten an drei Spielst\u00e4tten im Jahr 1999, hat es sich 16 Jahre sp\u00e4ter in ein Festival mit internationaler Strahlkraft entwickelt. Die rund 80 unterschiedlichen K\u00fcnstlerInnen entf\u00fchrten die BesucherInnen auf eine musikalische Reise um die ganze Welt. Stars wie Dhafer Youssef, Anouar Brahem, das Avishai Cohen Trumpet Trio, Chris Potter, Bill Frisell, John Scofield &amp; Joe Lovano, Eska, Omar Sosa, Lisa Simone und viele mehr waren die absoluten Highlights und l\u00f6sten mit ihren Auftritten am vergangenen Wochenende wahre Begeisterungsst\u00fcrme aus. Zahlreiche \u00d6sterreichpremieren u.a. von Yom, &hellip;","og_url":"https:\/\/www.jazzzeitung.de\/cms\/2015\/11\/news-stimmgewaltiger-abschluss-bei-jazz-city-salzburg-ibk-foerderpreis-verliehen-foerderprogramm-zur-digitalisierung-der-live-musikclubs-startet\/","og_site_name":"JazzZeitung","article_publisher":"https:\/\/www.facebook.com\/JazzZeitung\/","article_published_time":"2015-11-12T09:14:47+00:00","og_image":[{"url":"http:\/\/www.jazzzeitung.de\/cms\/wp-content\/uploads\/2015\/11\/salzburg_dhaffer-150x150.jpg","type":"","width":"","height":""}],"author":"Redaktion JazzZeitung","schema":{"@context":"https:\/\/schema.org","@graph":[{"@type":"Article","@id":"https:\/\/www.jazzzeitung.de\/cms\/2015\/11\/news-stimmgewaltiger-abschluss-bei-jazz-city-salzburg-ibk-foerderpreis-verliehen-foerderprogramm-zur-digitalisierung-der-live-musikclubs-startet\/#article","isPartOf":{"@id":"https:\/\/www.jazzzeitung.de\/cms\/2015\/11\/news-stimmgewaltiger-abschluss-bei-jazz-city-salzburg-ibk-foerderpreis-verliehen-foerderprogramm-zur-digitalisierung-der-live-musikclubs-startet\/"},"author":{"name":"Redaktion JazzZeitung","@id":"https:\/\/www.jazzzeitung.de\/cms\/#\/schema\/person\/2245b36b9cd1d24cea10f01c031fb92b"},"headline":"+++News +++ Stimmgewaltiger Abschluss bei Jazz &#038; The City in Salzburg +++ IBK-F\u00f6rderpreis verliehen +++ F\u00f6rderprogramm zur Digitalisierung der Live-Musikclubs startet +++","datePublished":"2015-11-12T09:14:47+00:00","mainEntityOfPage":{"@id":"https:\/\/www.jazzzeitung.de\/cms\/2015\/11\/news-stimmgewaltiger-abschluss-bei-jazz-city-salzburg-ibk-foerderpreis-verliehen-foerderprogramm-zur-digitalisierung-der-live-musikclubs-startet\/"},"wordCount":1207,"commentCount":0,"publisher":{"@id":"https:\/\/www.jazzzeitung.de\/cms\/#organization"},"image":{"@id":"https:\/\/www.jazzzeitung.de\/cms\/2015\/11\/news-stimmgewaltiger-abschluss-bei-jazz-city-salzburg-ibk-foerderpreis-verliehen-foerderprogramm-zur-digitalisierung-der-live-musikclubs-startet\/#primaryimage"},"thumbnailUrl":"http:\/\/www.jazzzeitung.de\/cms\/wp-content\/uploads\/2015\/11\/salzburg_dhaffer-150x150.jpg","keywords":["Bill Frisell","Bundesregierung","Clubs","Deutschland","Festival","Festivals","Florian Egli","F\u00f6rderprogramm","F\u00f6rderprogramm Digitalisierung Jazzclubs","IBK-F\u00f6rderpreis","Ina Ke\u00dfler","Initiative Musik","Jazz and the City Salzburg","Jazzclub","Johannes Lauer","John Scofield","Konzerte","Kultur","Preise","Preistr\u00e4ger","Rainer B\u00f6hm","Scofield","Wettbewerb","Z\u00fcrich"],"articleSection":["Redaktionelle Nachrichten"],"inLanguage":"de","potentialAction":[{"@type":"CommentAction","name":"Comment","target":["https:\/\/www.jazzzeitung.de\/cms\/2015\/11\/news-stimmgewaltiger-abschluss-bei-jazz-city-salzburg-ibk-foerderpreis-verliehen-foerderprogramm-zur-digitalisierung-der-live-musikclubs-startet\/#respond"]}]},{"@type":"WebPage","@id":"https:\/\/www.jazzzeitung.de\/cms\/2015\/11\/news-stimmgewaltiger-abschluss-bei-jazz-city-salzburg-ibk-foerderpreis-verliehen-foerderprogramm-zur-digitalisierung-der-live-musikclubs-startet\/","url":"https:\/\/www.jazzzeitung.de\/cms\/2015\/11\/news-stimmgewaltiger-abschluss-bei-jazz-city-salzburg-ibk-foerderpreis-verliehen-foerderprogramm-zur-digitalisierung-der-live-musikclubs-startet\/","name":"+++News +++ Stimmgewaltiger Abschluss bei Jazz & The City in Salzburg +++ IBK-F\u00f6rderpreis verliehen +++ F\u00f6rderprogramm zur Digitalisierung der Live-Musikclubs startet +++ - JazzZeitung","isPartOf":{"@id":"https:\/\/www.jazzzeitung.de\/cms\/#website"},"primaryImageOfPage":{"@id":"https:\/\/www.jazzzeitung.de\/cms\/2015\/11\/news-stimmgewaltiger-abschluss-bei-jazz-city-salzburg-ibk-foerderpreis-verliehen-foerderprogramm-zur-digitalisierung-der-live-musikclubs-startet\/#primaryimage"},"image":{"@id":"https:\/\/www.jazzzeitung.de\/cms\/2015\/11\/news-stimmgewaltiger-abschluss-bei-jazz-city-salzburg-ibk-foerderpreis-verliehen-foerderprogramm-zur-digitalisierung-der-live-musikclubs-startet\/#primaryimage"},"thumbnailUrl":"http:\/\/www.jazzzeitung.de\/cms\/wp-content\/uploads\/2015\/11\/salzburg_dhaffer-150x150.jpg","datePublished":"2015-11-12T09:14:47+00:00","breadcrumb":{"@id":"https:\/\/www.jazzzeitung.de\/cms\/2015\/11\/news-stimmgewaltiger-abschluss-bei-jazz-city-salzburg-ibk-foerderpreis-verliehen-foerderprogramm-zur-digitalisierung-der-live-musikclubs-startet\/#breadcrumb"},"inLanguage":"de","potentialAction":[{"@type":"ReadAction","target":["https:\/\/www.jazzzeitung.de\/cms\/2015\/11\/news-stimmgewaltiger-abschluss-bei-jazz-city-salzburg-ibk-foerderpreis-verliehen-foerderprogramm-zur-digitalisierung-der-live-musikclubs-startet\/"]}]},{"@type":"ImageObject","inLanguage":"de","@id":"https:\/\/www.jazzzeitung.de\/cms\/2015\/11\/news-stimmgewaltiger-abschluss-bei-jazz-city-salzburg-ibk-foerderpreis-verliehen-foerderprogramm-zur-digitalisierung-der-live-musikclubs-startet\/#primaryimage","url":"http:\/\/www.jazzzeitung.de\/cms\/wp-content\/uploads\/2015\/11\/salzburg_dhaffer-150x150.jpg","contentUrl":"http:\/\/www.jazzzeitung.de\/cms\/wp-content\/uploads\/2015\/11\/salzburg_dhaffer-150x150.jpg"},{"@type":"BreadcrumbList","@id":"https:\/\/www.jazzzeitung.de\/cms\/2015\/11\/news-stimmgewaltiger-abschluss-bei-jazz-city-salzburg-ibk-foerderpreis-verliehen-foerderprogramm-zur-digitalisierung-der-live-musikclubs-startet\/#breadcrumb","itemListElement":[{"@type":"ListItem","position":1,"name":"Startseite","item":"https:\/\/www.jazzzeitung.de\/cms\/"},{"@type":"ListItem","position":2,"name":"+++News +++ Stimmgewaltiger Abschluss bei Jazz &#038; The City in Salzburg +++ IBK-F\u00f6rderpreis verliehen +++ F\u00f6rderprogramm zur Digitalisierung der Live-Musikclubs startet +++"}]},{"@type":"WebSite","@id":"https:\/\/www.jazzzeitung.de\/cms\/#website","url":"https:\/\/www.jazzzeitung.de\/cms\/","name":"JazzZeitung","description":"Jazz-News und Jazz-Kontroverses","publisher":{"@id":"https:\/\/www.jazzzeitung.de\/cms\/#organization"},"potentialAction":[{"@type":"SearchAction","target":{"@type":"EntryPoint","urlTemplate":"https:\/\/www.jazzzeitung.de\/cms\/?s={search_term_string}"},"query-input":{"@type":"PropertyValueSpecification","valueRequired":true,"valueName":"search_term_string"}}],"inLanguage":"de"},{"@type":"Organization","@id":"https:\/\/www.jazzzeitung.de\/cms\/#organization","name":"JazzZeitung online","url":"https:\/\/www.jazzzeitung.de\/cms\/","logo":{"@type":"ImageObject","inLanguage":"de","@id":"https:\/\/www.jazzzeitung.de\/cms\/#\/schema\/logo\/image\/","url":"https:\/\/i0.wp.com\/www.jazzzeitung.de\/cms\/wp-content\/uploads\/2015\/08\/JAZZZEITUNGDE_Logo_Neu.png?fit=499%2C200&ssl=1","contentUrl":"https:\/\/i0.wp.com\/www.jazzzeitung.de\/cms\/wp-content\/uploads\/2015\/08\/JAZZZEITUNGDE_Logo_Neu.png?fit=499%2C200&ssl=1","width":499,"height":200,"caption":"JazzZeitung online"},"image":{"@id":"https:\/\/www.jazzzeitung.de\/cms\/#\/schema\/logo\/image\/"},"sameAs":["https:\/\/www.facebook.com\/JazzZeitung\/"]},{"@type":"Person","@id":"https:\/\/www.jazzzeitung.de\/cms\/#\/schema\/person\/2245b36b9cd1d24cea10f01c031fb92b","name":"Redaktion JazzZeitung","image":{"@type":"ImageObject","inLanguage":"de","@id":"https:\/\/i0.wp.com\/www.jazzzeitung.de\/cms\/wp-content\/uploads\/2015\/08\/JAZZZEITUNGDE_Logo_Neu.png?resize=96%2C96&ssl=159975dcacb611b5700bd619b5daf0a7a","url":"https:\/\/i0.wp.com\/www.jazzzeitung.de\/cms\/wp-content\/uploads\/2015\/08\/JAZZZEITUNGDE_Logo_Neu.png?resize=96%2C96&ssl=1","contentUrl":"https:\/\/i0.wp.com\/www.jazzzeitung.de\/cms\/wp-content\/uploads\/2015\/08\/JAZZZEITUNGDE_Logo_Neu.png?resize=96%2C96&ssl=1","caption":"Redaktion JazzZeitung"},"description":"Artikel der Redaktion der JazzZeitung.","sameAs":["http:\/\/www.jazzzeitung.de\/cms\/"],"url":"https:\/\/www.jazzzeitung.de\/cms\/author\/redaktion\/"}]}},"wp-worthy-pixel":{"ignored":false,"public":null,"server":null,"url":null},"wp-worthy-type":"normal","jetpack_publicize_connections":[],"cc_featured_image_caption":{"caption_text":false,"source_text":false,"source_url":false},"jetpack_featured_media_url":"","jetpack_shortlink":"https:\/\/wp.me\/p3KEcT-211","jetpack-related-posts":[{"id":4965,"url":"https:\/\/www.jazzzeitung.de\/cms\/2014\/11\/gute-nachricht-auch-fuer-jazzclubs-bund-stellt-15-millionen-fuer-digitalisierung-bereit\/","url_meta":{"origin":7751,"position":0},"title":"Gute Nachricht auch f\u00fcr Jazzclubs: Bund stellt 1,5 Millionen f\u00fcr Digitalisierung bereit","author":"Redaktion JazzZeitung","date":"20. November 2014","format":false,"excerpt":"\u201eF\u00fcr die Umstellung der Livemusikclubs auf die digitale Auff\u00fchrungstechnik startet der Bund ein neues F\u00f6rderprogramm. Mit 1,5 Mio. Euro k\u00f6nnen in 2015 mehr als 100 kleine und mittelgro\u00dfe Musikspielst\u00e4tten bundesweit unterst\u00fctzt werden\u201c, teilten der haushaltpolitische Sprecher der CDU\/CSU-Fraktion Norbert Barthle und der zust\u00e4ndige Berichterstatter R\u00fcdiger Kruse mit. Das Konzept hierf\u00fcr,\u2026","rel":"","context":"In &quot;News&quot;","block_context":{"text":"News","link":"https:\/\/www.jazzzeitung.de\/cms\/thema\/nachrichten\/"},"img":{"alt_text":"","src":"","width":0,"height":0},"classes":[]},{"id":17554,"url":"https:\/\/www.jazzzeitung.de\/cms\/2018\/10\/nachlese-jazz-the-city-salzburg-2018\/","url_meta":{"origin":7751,"position":1},"title":"Nachlese: Jazz &#038; The City Salzburg 2018","author":"Redaktion JazzZeitung","date":"25. Oktober 2018","format":false,"excerpt":"Text und Fotos von Ralf Dombrowski. Schon faszinierend, eine Stadt, der man architektonisch anmerkt, dass sie Musik mag. Ein Saal wie das Solit\u00e4r im Neubau des Mozarteums mit gro\u00dfem Panoramafenster Richtung M\u00f6nchsberg w\u00e4re andernorts wom\u00f6glich Immobilienspekulanten zum Opfer gefallen, denn exklusiver geht es kaum. Salzburg aber leistet sich Musik, angedockt\u2026","rel":"","context":"In &quot;Galerie&quot;","block_context":{"text":"Galerie","link":"https:\/\/www.jazzzeitung.de\/cms\/thema\/galerie\/"},"img":{"alt_text":"","src":"https:\/\/i0.wp.com\/www.jazzzeitung.de\/cms\/wp-content\/uploads\/2018\/10\/DSC06776-Samb-c-Ralf-Dombrowski.jpg?fit=1200%2C803&ssl=1&resize=350%2C200","width":350,"height":200,"srcset":"https:\/\/i0.wp.com\/www.jazzzeitung.de\/cms\/wp-content\/uploads\/2018\/10\/DSC06776-Samb-c-Ralf-Dombrowski.jpg?fit=1200%2C803&ssl=1&resize=350%2C200 1x, https:\/\/i0.wp.com\/www.jazzzeitung.de\/cms\/wp-content\/uploads\/2018\/10\/DSC06776-Samb-c-Ralf-Dombrowski.jpg?fit=1200%2C803&ssl=1&resize=525%2C300 1.5x, https:\/\/i0.wp.com\/www.jazzzeitung.de\/cms\/wp-content\/uploads\/2018\/10\/DSC06776-Samb-c-Ralf-Dombrowski.jpg?fit=1200%2C803&ssl=1&resize=700%2C400 2x, https:\/\/i0.wp.com\/www.jazzzeitung.de\/cms\/wp-content\/uploads\/2018\/10\/DSC06776-Samb-c-Ralf-Dombrowski.jpg?fit=1200%2C803&ssl=1&resize=1050%2C600 3x"},"classes":[]},{"id":8591,"url":"https:\/\/www.jazzzeitung.de\/cms\/2016\/03\/das-festival-jazz-city-salzburg-hat-eine-neue-intendantin\/","url_meta":{"origin":7751,"position":2},"title":"+++ News +++ Neue Intendantin des Festival Jazz &#038; The City Salzburg +++ Julia H\u00fclsmann gewinnt SWR-Jazzpreis +++ Der Flamenco erobert Ottobrunn +++ Wochenendkurse f\u00fcr Jazz-Violine +++","author":"Redaktion JazzZeitung","date":"3. M\u00e4rz 2016","format":false,"excerpt":"Das Festival Jazz & The City Salzburg hat eine neue Intendantin Das Jazz, World & Electronic Music Festival Jazz & The City Salzburg hat eine neue k\u00fcnstlerische Leiterin: Tina Heine aus Hamburg tritt die Nachfolge von Gerhard Eder an. Die Mitbegr\u00fcnderin des Elbjazz Festivals wird in diesem Jahr von 19.\u2026","rel":"","context":"In &quot;News&quot;","block_context":{"text":"News","link":"https:\/\/www.jazzzeitung.de\/cms\/thema\/nachrichten\/"},"img":{"alt_text":"Tina Heine, Intendantin, Jazz & the City Salzburg. (c)wildbild","src":"https:\/\/i0.wp.com\/www.jazzzeitung.de\/cms\/wp-content\/uploads\/2016\/03\/image8606-150x150.jpg?resize=350%2C200","width":350,"height":200},"classes":[]},{"id":3045,"url":"https:\/\/www.jazzzeitung.de\/cms\/2013\/11\/sofia-ein-foerderprogramm-fuer-junge-jazzmusikerinnen\/","url_meta":{"origin":7751,"position":3},"title":"SOFIA  \u2013 ein F\u00f6rderprogramm f\u00fcr junge Jazzmusikerinnen","author":"Redaktion JazzZeitung","date":"20. November 2013","format":false,"excerpt":"Sie ist hochbegabt, attraktiv und versteht gleich viel von Business und Vermarktung ihrer Talente wie von ihrer Musik. Die Rede ist von Nicole Joh\u00e4nntgen, der Initiatorin von SOFIA. SOFIA ist ein auf Nachhaltigkeit angelegtes Projekt zur F\u00f6rderung begabter Jazz Musikerinnen. Sechs junge Frauen werden aus der Schweiz, Frankreich und Deutschland\u2026","rel":"","context":"In &quot;News&quot;","block_context":{"text":"News","link":"https:\/\/www.jazzzeitung.de\/cms\/thema\/nachrichten\/"},"img":{"alt_text":"johanntgen","src":"https:\/\/i0.wp.com\/www.jazzzeitung.de\/cms\/wp-content\/uploads\/2013\/11\/johanntgen-150x150.jpg?resize=350%2C200","width":350,"height":200},"classes":[]},{"id":28529,"url":"https:\/\/www.jazzzeitung.de\/cms\/2022\/10\/begegnungen-mit-dem-progressiven-jazz-the-city-in-salzburg\/","url_meta":{"origin":7751,"position":4},"title":"Begegnungen mit dem Progressiven \u2013 \u201eJazz &#038; The City\u201c in Salzburg","author":"Redaktion JazzZeitung","date":"22. Oktober 2022","format":false,"excerpt":"Abgesehen von ein paar Tropfen war vom ber\u00fchmten Salzburger \u201eSchn\u00fcrlregen\u201c nichts zu sehen, daf\u00fcr oft pr\u00e4chtiger Sonnenschein und stets Temperaturen \u00fcber zw\u00f6lf Grad \u2013 die Rahmenbedingungen waren also perfekt f\u00fcr \u201eJazz & The City\u201c, das Salzburger Jazz-Festival, das wie kein anderes f\u00fcr Flaneure gemacht ist. Denn (fast) alle Spielorte liegen\u2026","rel":"","context":"In &quot;Bericht&quot;","block_context":{"text":"Bericht","link":"https:\/\/www.jazzzeitung.de\/cms\/thema\/bericht\/"},"img":{"alt_text":"","src":"https:\/\/i0.wp.com\/www.jazzzeitung.de\/cms\/wp-content\/uploads\/2022\/10\/AkiTakaseDanielErdmannJTC_OliverHochkeppel141022-scaled.jpg?fit=1200%2C826&ssl=1&resize=350%2C200","width":350,"height":200,"srcset":"https:\/\/i0.wp.com\/www.jazzzeitung.de\/cms\/wp-content\/uploads\/2022\/10\/AkiTakaseDanielErdmannJTC_OliverHochkeppel141022-scaled.jpg?fit=1200%2C826&ssl=1&resize=350%2C200 1x, https:\/\/i0.wp.com\/www.jazzzeitung.de\/cms\/wp-content\/uploads\/2022\/10\/AkiTakaseDanielErdmannJTC_OliverHochkeppel141022-scaled.jpg?fit=1200%2C826&ssl=1&resize=525%2C300 1.5x, https:\/\/i0.wp.com\/www.jazzzeitung.de\/cms\/wp-content\/uploads\/2022\/10\/AkiTakaseDanielErdmannJTC_OliverHochkeppel141022-scaled.jpg?fit=1200%2C826&ssl=1&resize=700%2C400 2x, https:\/\/i0.wp.com\/www.jazzzeitung.de\/cms\/wp-content\/uploads\/2022\/10\/AkiTakaseDanielErdmannJTC_OliverHochkeppel141022-scaled.jpg?fit=1200%2C826&ssl=1&resize=1050%2C600 3x"},"classes":[]},{"id":20964,"url":"https:\/\/www.jazzzeitung.de\/cms\/2019\/10\/jazzandthecitysalzburg\/","url_meta":{"origin":7751,"position":5},"title":"Von der Idee zur Marke: Jazz &#038; The City Salzburg","author":"Redaktion JazzZeitung","date":"24. Oktober 2019","format":false,"excerpt":"Tina Heine hat es geschafft, innerhalb von vier Jahren das Festival Jazz & The City von einer Idee zur Marke werden zu lassen. Aus der Erbmasse eines strukturell traditionellen und bereits seit zwei Jahrzehnten bestehenden Jazzfestivals in Salzburg hervorgegangen, hat sich eine Konzertreihe in ein urbanes Event verwandelt, das der\u2026","rel":"","context":"In &quot;Bericht&quot;","block_context":{"text":"Bericht","link":"https:\/\/www.jazzzeitung.de\/cms\/thema\/bericht\/"},"img":{"alt_text":"","src":"https:\/\/i0.wp.com\/www.jazzzeitung.de\/cms\/wp-content\/uploads\/2019\/10\/DSC07777-Somi-c-Ralf-Dombrowski.jpg?fit=1200%2C800&ssl=1&resize=350%2C200","width":350,"height":200,"srcset":"https:\/\/i0.wp.com\/www.jazzzeitung.de\/cms\/wp-content\/uploads\/2019\/10\/DSC07777-Somi-c-Ralf-Dombrowski.jpg?fit=1200%2C800&ssl=1&resize=350%2C200 1x, https:\/\/i0.wp.com\/www.jazzzeitung.de\/cms\/wp-content\/uploads\/2019\/10\/DSC07777-Somi-c-Ralf-Dombrowski.jpg?fit=1200%2C800&ssl=1&resize=525%2C300 1.5x, https:\/\/i0.wp.com\/www.jazzzeitung.de\/cms\/wp-content\/uploads\/2019\/10\/DSC07777-Somi-c-Ralf-Dombrowski.jpg?fit=1200%2C800&ssl=1&resize=700%2C400 2x, https:\/\/i0.wp.com\/www.jazzzeitung.de\/cms\/wp-content\/uploads\/2019\/10\/DSC07777-Somi-c-Ralf-Dombrowski.jpg?fit=1200%2C800&ssl=1&resize=1050%2C600 3x"},"classes":[]}],"jetpack_sharing_enabled":true,"_links":{"self":[{"href":"https:\/\/www.jazzzeitung.de\/cms\/wp-json\/wp\/v2\/posts\/7751","targetHints":{"allow":["GET"]}}],"collection":[{"href":"https:\/\/www.jazzzeitung.de\/cms\/wp-json\/wp\/v2\/posts"}],"about":[{"href":"https:\/\/www.jazzzeitung.de\/cms\/wp-json\/wp\/v2\/types\/post"}],"author":[{"embeddable":true,"href":"https:\/\/www.jazzzeitung.de\/cms\/wp-json\/wp\/v2\/users\/18"}],"replies":[{"embeddable":true,"href":"https:\/\/www.jazzzeitung.de\/cms\/wp-json\/wp\/v2\/comments?post=7751"}],"version-history":[{"count":2,"href":"https:\/\/www.jazzzeitung.de\/cms\/wp-json\/wp\/v2\/posts\/7751\/revisions"}],"predecessor-version":[{"id":7754,"href":"https:\/\/www.jazzzeitung.de\/cms\/wp-json\/wp\/v2\/posts\/7751\/revisions\/7754"}],"wp:attachment":[{"href":"https:\/\/www.jazzzeitung.de\/cms\/wp-json\/wp\/v2\/media?parent=7751"}],"wp:term":[{"taxonomy":"category","embeddable":true,"href":"https:\/\/www.jazzzeitung.de\/cms\/wp-json\/wp\/v2\/categories?post=7751"},{"taxonomy":"post_tag","embeddable":true,"href":"https:\/\/www.jazzzeitung.de\/cms\/wp-json\/wp\/v2\/tags?post=7751"},{"taxonomy":"author","embeddable":true,"href":"https:\/\/www.jazzzeitung.de\/cms\/wp-json\/wp\/v2\/coauthors?post=7751"}],"curies":[{"name":"wp","href":"https:\/\/api.w.org\/{rel}","templated":true}]}}