{"id":7710,"date":"2015-11-10T13:30:21","date_gmt":"2015-11-10T12:30:21","guid":{"rendered":"http:\/\/www.jazzzeitung.de\/cms\/?p=7710"},"modified":"2015-11-11T13:08:56","modified_gmt":"2015-11-11T12:08:56","slug":"familienfreundlich-anders-das-neue-festival-jazzville","status":"publish","type":"post","link":"https:\/\/www.jazzzeitung.de\/cms\/2015\/11\/familienfreundlich-anders-das-neue-festival-jazzville\/","title":{"rendered":"Familienfreundlich, anders: das neue Festival Jazzville"},"content":{"rendered":"<p><a href=\"https:\/\/i0.wp.com\/www.jazzzeitung.de\/cms\/wp-content\/uploads\/2015\/11\/logo.png\"><img data-recalc-dims=\"1\" loading=\"lazy\" decoding=\"async\" data-attachment-id=\"7713\" data-permalink=\"https:\/\/www.jazzzeitung.de\/cms\/2015\/11\/familienfreundlich-anders-das-neue-festival-jazzville\/logo-3\/\" data-orig-file=\"https:\/\/i0.wp.com\/www.jazzzeitung.de\/cms\/wp-content\/uploads\/2015\/11\/logo.png?fit=180%2C180&amp;ssl=1\" data-orig-size=\"180,180\" data-comments-opened=\"1\" data-image-meta=\"{&quot;aperture&quot;:&quot;0&quot;,&quot;credit&quot;:&quot;&quot;,&quot;camera&quot;:&quot;&quot;,&quot;caption&quot;:&quot;&quot;,&quot;created_timestamp&quot;:&quot;0&quot;,&quot;copyright&quot;:&quot;&quot;,&quot;focal_length&quot;:&quot;0&quot;,&quot;iso&quot;:&quot;0&quot;,&quot;shutter_speed&quot;:&quot;0&quot;,&quot;title&quot;:&quot;&quot;,&quot;orientation&quot;:&quot;0&quot;}\" data-image-title=\"logo\" data-image-description=\"\" data-image-caption=\"\" data-large-file=\"https:\/\/i0.wp.com\/www.jazzzeitung.de\/cms\/wp-content\/uploads\/2015\/11\/logo.png?fit=180%2C180&amp;ssl=1\" class=\"alignright size-thumbnail wp-image-7713\" src=\"https:\/\/i0.wp.com\/www.jazzzeitung.de\/cms\/wp-content\/uploads\/2015\/11\/logo-150x150.png?resize=150%2C150\" alt=\"logo\" width=\"150\" height=\"150\" srcset=\"https:\/\/i0.wp.com\/www.jazzzeitung.de\/cms\/wp-content\/uploads\/2015\/11\/logo.png?resize=150%2C150&amp;ssl=1 150w, https:\/\/i0.wp.com\/www.jazzzeitung.de\/cms\/wp-content\/uploads\/2015\/11\/logo.png?resize=144%2C144&amp;ssl=1 144w, https:\/\/i0.wp.com\/www.jazzzeitung.de\/cms\/wp-content\/uploads\/2015\/11\/logo.png?resize=96%2C96&amp;ssl=1 96w, https:\/\/i0.wp.com\/www.jazzzeitung.de\/cms\/wp-content\/uploads\/2015\/11\/logo.png?resize=24%2C24&amp;ssl=1 24w, https:\/\/i0.wp.com\/www.jazzzeitung.de\/cms\/wp-content\/uploads\/2015\/11\/logo.png?resize=36%2C36&amp;ssl=1 36w, https:\/\/i0.wp.com\/www.jazzzeitung.de\/cms\/wp-content\/uploads\/2015\/11\/logo.png?resize=48%2C48&amp;ssl=1 48w, https:\/\/i0.wp.com\/www.jazzzeitung.de\/cms\/wp-content\/uploads\/2015\/11\/logo.png?resize=64%2C64&amp;ssl=1 64w, https:\/\/i0.wp.com\/www.jazzzeitung.de\/cms\/wp-content\/uploads\/2015\/11\/logo.png?resize=32%2C32&amp;ssl=1 32w, https:\/\/i0.wp.com\/www.jazzzeitung.de\/cms\/wp-content\/uploads\/2015\/11\/logo.png?resize=128%2C128&amp;ssl=1 128w, https:\/\/i0.wp.com\/www.jazzzeitung.de\/cms\/wp-content\/uploads\/2015\/11\/logo.png?w=180&amp;ssl=1 180w\" sizes=\"auto, (max-width: 150px) 100vw, 150px\" \/><\/a>Von Ursula Gaisa, Fotos von Maike Ullmann &#8211; &#8222;Seaside Music Weekend&#8220; mit Jazz, Funk und Soul, so haben die Macher das neue Festival Jazzville n\u00e4her umschrieben, das vom 30. Oktober bis 1. November 2015 zum ersten Mal statt fand. Auf Anregung von David Depenau, dem Gesch\u00e4ftsf\u00fchrer der Ferienanlage Weissenh\u00e4user Strand an der Ostsee, holte sich die Hamburger Unternehmerin Claudia Kiesel als k\u00fcnstlerischen Leiter Thomas Siffling mit ins Boot und veranstaltete ein langes Wochenende mit hochkar\u00e4tigen Konzerten, Lesungen und Partys direkt am Strand. Veranstaltungsorte waren ein riesiges Zirkuszelt f\u00fcr K\u00fcnstler wie Pee Wee Ellis mit der NDR Bigband, Klaus Doldingers Passport, Incognito, Y&#8217;akoto oder Myles Sanko, ein kleiner Festsaal mit intimerer Atmosph\u00e4re, in dem zum Beispiel die Brasilianerin Viviane der Farias auftrat, und der M\u00f6wenbr\u00e4u Club, in dem bis sp\u00e4t in die Nacht gefeiert wurde.<\/p>\n<div class=\"tiled-gallery type-rectangular tiled-gallery-unresized\" data-original-width=\"840\" data-carousel-extra='{&quot;blog_id&quot;:1,&quot;permalink&quot;:&quot;https:\\\/\\\/www.jazzzeitung.de\\\/cms\\\/2015\\\/11\\\/familienfreundlich-anders-das-neue-festival-jazzville\\\/&quot;,&quot;likes_blog_id&quot;:55446655}' itemscope itemtype=\"http:\/\/schema.org\/ImageGallery\" > <div class=\"gallery-row\" style=\"width: 840px; height: 374px;\" data-original-width=\"840\" data-original-height=\"374\" > <div class=\"gallery-group images-1\" style=\"width: 559px; height: 374px;\" data-original-width=\"559\" data-original-height=\"374\" > <div class=\"tiled-gallery-item tiled-gallery-item-large\" itemprop=\"associatedMedia\" itemscope itemtype=\"http:\/\/schema.org\/ImageObject\"> <a href=\"https:\/\/www.jazzzeitung.de\/cms\/2015\/11\/familienfreundlich-anders-das-neue-festival-jazzville\/jazzville-ha-27\/\" border=\"0\" itemprop=\"url\"> <meta itemprop=\"width\" content=\"555\"> <meta itemprop=\"height\" content=\"370\"> <img decoding=\"async\" class=\"\" data-attachment-id=\"7715\" data-orig-file=\"https:\/\/www.jazzzeitung.de\/cms\/wp-content\/uploads\/2015\/11\/Jazzville-HA-27.jpg\" data-orig-size=\"3053,2036\" data-comments-opened=\"1\" data-image-meta=\"{&quot;aperture&quot;:&quot;0&quot;,&quot;credit&quot;:&quot;&quot;,&quot;camera&quot;:&quot;&quot;,&quot;caption&quot;:&quot;&quot;,&quot;created_timestamp&quot;:&quot;0&quot;,&quot;copyright&quot;:&quot;Maike Ullmann&quot;,&quot;focal_length&quot;:&quot;0&quot;,&quot;iso&quot;:&quot;0&quot;,&quot;shutter_speed&quot;:&quot;0&quot;,&quot;title&quot;:&quot;&quot;,&quot;orientation&quot;:&quot;0&quot;}\" data-image-title=\"Jazzville HA 27\" data-image-description=\"\" data-medium-file=\"https:\/\/i0.wp.com\/www.jazzzeitung.de\/cms\/wp-content\/uploads\/2015\/11\/Jazzville-HA-27.jpg?fit=300%2C200&#038;ssl=1\" data-large-file=\"https:\/\/i0.wp.com\/www.jazzzeitung.de\/cms\/wp-content\/uploads\/2015\/11\/Jazzville-HA-27.jpg?fit=840%2C560&#038;ssl=1\" src=\"https:\/\/i0.wp.com\/www.jazzzeitung.de\/cms\/wp-content\/uploads\/2015\/11\/Jazzville-HA-27.jpg?w=555&#038;h=370&#038;ssl=1\" srcset=\"https:\/\/i0.wp.com\/www.jazzzeitung.de\/cms\/wp-content\/uploads\/2015\/11\/Jazzville-HA-27.jpg?w=3053&amp;ssl=1 3053w, https:\/\/i0.wp.com\/www.jazzzeitung.de\/cms\/wp-content\/uploads\/2015\/11\/Jazzville-HA-27.jpg?resize=300%2C200&amp;ssl=1 300w, https:\/\/i0.wp.com\/www.jazzzeitung.de\/cms\/wp-content\/uploads\/2015\/11\/Jazzville-HA-27.jpg?resize=900%2C600&amp;ssl=1 900w, https:\/\/i0.wp.com\/www.jazzzeitung.de\/cms\/wp-content\/uploads\/2015\/11\/Jazzville-HA-27.jpg?w=1680&amp;ssl=1 1680w, https:\/\/i0.wp.com\/www.jazzzeitung.de\/cms\/wp-content\/uploads\/2015\/11\/Jazzville-HA-27.jpg?w=2520&amp;ssl=1 2520w\" width=\"555\" height=\"370\" loading=\"lazy\" data-original-width=\"555\" data-original-height=\"370\" itemprop=\"http:\/\/schema.org\/image\" title=\"Jazzville HA 27\" alt=\"Jazzville HA 27\" style=\"width: 555px; height: 370px;\" \/> <\/a> <\/div> <\/div> <!-- close group --> <div class=\"gallery-group images-1\" style=\"width: 281px; height: 374px;\" data-original-width=\"281\" data-original-height=\"374\" > <div class=\"tiled-gallery-item tiled-gallery-item-large\" itemprop=\"associatedMedia\" itemscope itemtype=\"http:\/\/schema.org\/ImageObject\"> <a href=\"https:\/\/www.jazzzeitung.de\/cms\/2015\/11\/familienfreundlich-anders-das-neue-festival-jazzville\/jazzville-ha-31\/\" border=\"0\" itemprop=\"url\"> <meta itemprop=\"width\" content=\"277\"> <meta itemprop=\"height\" content=\"370\"> <img decoding=\"async\" class=\"\" data-attachment-id=\"7716\" data-orig-file=\"https:\/\/www.jazzzeitung.de\/cms\/wp-content\/uploads\/2015\/11\/Jazzville-HA-31.jpg\" data-orig-size=\"2325,3099\" data-comments-opened=\"1\" data-image-meta=\"{&quot;aperture&quot;:&quot;0&quot;,&quot;credit&quot;:&quot;&quot;,&quot;camera&quot;:&quot;&quot;,&quot;caption&quot;:&quot;&quot;,&quot;created_timestamp&quot;:&quot;0&quot;,&quot;copyright&quot;:&quot;Maike Ullmann&quot;,&quot;focal_length&quot;:&quot;0&quot;,&quot;iso&quot;:&quot;0&quot;,&quot;shutter_speed&quot;:&quot;0&quot;,&quot;title&quot;:&quot;&quot;,&quot;orientation&quot;:&quot;0&quot;}\" data-image-title=\"Jazzville HA 31\" data-image-description=\"\" data-medium-file=\"https:\/\/i0.wp.com\/www.jazzzeitung.de\/cms\/wp-content\/uploads\/2015\/11\/Jazzville-HA-31.jpg?fit=225%2C300&#038;ssl=1\" data-large-file=\"https:\/\/i0.wp.com\/www.jazzzeitung.de\/cms\/wp-content\/uploads\/2015\/11\/Jazzville-HA-31.jpg?fit=450%2C600&#038;ssl=1\" src=\"https:\/\/i0.wp.com\/www.jazzzeitung.de\/cms\/wp-content\/uploads\/2015\/11\/Jazzville-HA-31.jpg?w=277&#038;h=370&#038;ssl=1\" srcset=\"https:\/\/i0.wp.com\/www.jazzzeitung.de\/cms\/wp-content\/uploads\/2015\/11\/Jazzville-HA-31.jpg?w=2325&amp;ssl=1 2325w, https:\/\/i0.wp.com\/www.jazzzeitung.de\/cms\/wp-content\/uploads\/2015\/11\/Jazzville-HA-31.jpg?resize=225%2C300&amp;ssl=1 225w, https:\/\/i0.wp.com\/www.jazzzeitung.de\/cms\/wp-content\/uploads\/2015\/11\/Jazzville-HA-31.jpg?resize=450%2C600&amp;ssl=1 450w, https:\/\/i0.wp.com\/www.jazzzeitung.de\/cms\/wp-content\/uploads\/2015\/11\/Jazzville-HA-31.jpg?resize=900%2C1200&amp;ssl=1 900w, https:\/\/i0.wp.com\/www.jazzzeitung.de\/cms\/wp-content\/uploads\/2015\/11\/Jazzville-HA-31.jpg?w=1680&amp;ssl=1 1680w\" width=\"277\" height=\"370\" loading=\"lazy\" data-original-width=\"277\" data-original-height=\"370\" itemprop=\"http:\/\/schema.org\/image\" title=\"Jazzville HA 31\" alt=\"Pee Wee Ellis\" style=\"width: 277px; height: 370px;\" \/> <\/a> <div class=\"tiled-gallery-caption\" itemprop=\"caption description\"> Pee Wee Ellis <\/div> <\/div> <\/div> <!-- close group --> <\/div> <!-- close row --> <div class=\"gallery-row\" style=\"width: 840px; height: 388px;\" data-original-width=\"840\" data-original-height=\"388\" > <div class=\"gallery-group images-1\" style=\"width: 580px; height: 388px;\" data-original-width=\"580\" data-original-height=\"388\" > <div class=\"tiled-gallery-item tiled-gallery-item-large\" itemprop=\"associatedMedia\" itemscope itemtype=\"http:\/\/schema.org\/ImageObject\"> <a href=\"https:\/\/www.jazzzeitung.de\/cms\/2015\/11\/familienfreundlich-anders-das-neue-festival-jazzville\/jazzville-ha-34\/\" border=\"0\" itemprop=\"url\"> <meta itemprop=\"width\" content=\"576\"> <meta itemprop=\"height\" content=\"384\"> <img decoding=\"async\" class=\"\" data-attachment-id=\"7717\" data-orig-file=\"https:\/\/www.jazzzeitung.de\/cms\/wp-content\/uploads\/2015\/11\/Jazzville-HA-34.jpg\" data-orig-size=\"4896,3264\" data-comments-opened=\"1\" data-image-meta=\"{&quot;aperture&quot;:&quot;0&quot;,&quot;credit&quot;:&quot;&quot;,&quot;camera&quot;:&quot;&quot;,&quot;caption&quot;:&quot;&quot;,&quot;created_timestamp&quot;:&quot;0&quot;,&quot;copyright&quot;:&quot;Maike Ullmann&quot;,&quot;focal_length&quot;:&quot;0&quot;,&quot;iso&quot;:&quot;0&quot;,&quot;shutter_speed&quot;:&quot;0&quot;,&quot;title&quot;:&quot;&quot;,&quot;orientation&quot;:&quot;0&quot;}\" data-image-title=\"Jazzville HA 34\" data-image-description=\"\" data-medium-file=\"https:\/\/i0.wp.com\/www.jazzzeitung.de\/cms\/wp-content\/uploads\/2015\/11\/Jazzville-HA-34.jpg?fit=300%2C200&#038;ssl=1\" data-large-file=\"https:\/\/i0.wp.com\/www.jazzzeitung.de\/cms\/wp-content\/uploads\/2015\/11\/Jazzville-HA-34.jpg?fit=840%2C560&#038;ssl=1\" src=\"https:\/\/i0.wp.com\/www.jazzzeitung.de\/cms\/wp-content\/uploads\/2015\/11\/Jazzville-HA-34.jpg?w=576&#038;h=384&#038;ssl=1\" srcset=\"https:\/\/i0.wp.com\/www.jazzzeitung.de\/cms\/wp-content\/uploads\/2015\/11\/Jazzville-HA-34.jpg?w=4896&amp;ssl=1 4896w, https:\/\/i0.wp.com\/www.jazzzeitung.de\/cms\/wp-content\/uploads\/2015\/11\/Jazzville-HA-34.jpg?resize=300%2C200&amp;ssl=1 300w, https:\/\/i0.wp.com\/www.jazzzeitung.de\/cms\/wp-content\/uploads\/2015\/11\/Jazzville-HA-34.jpg?resize=900%2C600&amp;ssl=1 900w, https:\/\/i0.wp.com\/www.jazzzeitung.de\/cms\/wp-content\/uploads\/2015\/11\/Jazzville-HA-34.jpg?w=1680&amp;ssl=1 1680w, https:\/\/i0.wp.com\/www.jazzzeitung.de\/cms\/wp-content\/uploads\/2015\/11\/Jazzville-HA-34.jpg?w=2520&amp;ssl=1 2520w\" width=\"576\" height=\"384\" loading=\"lazy\" data-original-width=\"576\" data-original-height=\"384\" itemprop=\"http:\/\/schema.org\/image\" title=\"Jazzville HA 34\" alt=\"Claudia Kiesel und Thomas Siffling und Moderator J\u00f6rg Heyd\" style=\"width: 576px; height: 384px;\" \/> <\/a> <div class=\"tiled-gallery-caption\" itemprop=\"caption description\"> Claudia Kiesel und Thomas Siffling und Moderator J\u00f6rg Heyd <\/div> <\/div> <\/div> <!-- close group --> <div class=\"gallery-group images-1\" style=\"width: 260px; height: 388px;\" data-original-width=\"260\" data-original-height=\"388\" > <div class=\"tiled-gallery-item tiled-gallery-item-large\" itemprop=\"associatedMedia\" itemscope itemtype=\"http:\/\/schema.org\/ImageObject\"> <a href=\"https:\/\/www.jazzzeitung.de\/cms\/2015\/11\/familienfreundlich-anders-das-neue-festival-jazzville\/jazzville-ha-39\/\" border=\"0\" itemprop=\"url\"> <meta itemprop=\"width\" content=\"256\"> <meta itemprop=\"height\" content=\"384\"> <img decoding=\"async\" class=\"\" data-attachment-id=\"7718\" data-orig-file=\"https:\/\/www.jazzzeitung.de\/cms\/wp-content\/uploads\/2015\/11\/Jazzville-HA-39.jpg\" data-orig-size=\"3264,4896\" data-comments-opened=\"1\" data-image-meta=\"{&quot;aperture&quot;:&quot;0&quot;,&quot;credit&quot;:&quot;&quot;,&quot;camera&quot;:&quot;&quot;,&quot;caption&quot;:&quot;&quot;,&quot;created_timestamp&quot;:&quot;0&quot;,&quot;copyright&quot;:&quot;Maike Ullmann&quot;,&quot;focal_length&quot;:&quot;0&quot;,&quot;iso&quot;:&quot;0&quot;,&quot;shutter_speed&quot;:&quot;0&quot;,&quot;title&quot;:&quot;&quot;,&quot;orientation&quot;:&quot;0&quot;}\" data-image-title=\"Jazzville HA 39\" data-image-description=\"\" data-medium-file=\"https:\/\/i0.wp.com\/www.jazzzeitung.de\/cms\/wp-content\/uploads\/2015\/11\/Jazzville-HA-39.jpg?fit=200%2C300&#038;ssl=1\" data-large-file=\"https:\/\/i0.wp.com\/www.jazzzeitung.de\/cms\/wp-content\/uploads\/2015\/11\/Jazzville-HA-39.jpg?fit=400%2C600&#038;ssl=1\" src=\"https:\/\/i0.wp.com\/www.jazzzeitung.de\/cms\/wp-content\/uploads\/2015\/11\/Jazzville-HA-39.jpg?w=256&#038;h=384&#038;ssl=1\" srcset=\"https:\/\/i0.wp.com\/www.jazzzeitung.de\/cms\/wp-content\/uploads\/2015\/11\/Jazzville-HA-39.jpg?w=3264&amp;ssl=1 3264w, https:\/\/i0.wp.com\/www.jazzzeitung.de\/cms\/wp-content\/uploads\/2015\/11\/Jazzville-HA-39.jpg?resize=200%2C300&amp;ssl=1 200w, https:\/\/i0.wp.com\/www.jazzzeitung.de\/cms\/wp-content\/uploads\/2015\/11\/Jazzville-HA-39.jpg?resize=400%2C600&amp;ssl=1 400w, https:\/\/i0.wp.com\/www.jazzzeitung.de\/cms\/wp-content\/uploads\/2015\/11\/Jazzville-HA-39.jpg?resize=900%2C1350&amp;ssl=1 900w, https:\/\/i0.wp.com\/www.jazzzeitung.de\/cms\/wp-content\/uploads\/2015\/11\/Jazzville-HA-39.jpg?w=1680&amp;ssl=1 1680w, https:\/\/i0.wp.com\/www.jazzzeitung.de\/cms\/wp-content\/uploads\/2015\/11\/Jazzville-HA-39.jpg?w=2520&amp;ssl=1 2520w\" width=\"256\" height=\"384\" loading=\"lazy\" data-original-width=\"256\" data-original-height=\"384\" itemprop=\"http:\/\/schema.org\/image\" title=\"Jazzville HA 39\" alt=\"Klaus Doldinger\" style=\"width: 256px; height: 384px;\" \/> <\/a> <div class=\"tiled-gallery-caption\" itemprop=\"caption description\"> Klaus Doldinger <\/div> <\/div> <\/div> <!-- close group --> <\/div> <!-- close row --> <div class=\"gallery-row\" style=\"width: 840px; height: 423px;\" data-original-width=\"840\" data-original-height=\"423\" > <div class=\"gallery-group images-1\" style=\"width: 556px; height: 423px;\" data-original-width=\"556\" data-original-height=\"423\" > <div class=\"tiled-gallery-item tiled-gallery-item-large\" itemprop=\"associatedMedia\" itemscope itemtype=\"http:\/\/schema.org\/ImageObject\"> <a href=\"https:\/\/www.jazzzeitung.de\/cms\/2015\/11\/familienfreundlich-anders-das-neue-festival-jazzville\/jazzville-ha-45\/\" border=\"0\" itemprop=\"url\"> <meta itemprop=\"width\" content=\"552\"> <meta itemprop=\"height\" content=\"419\"> <img decoding=\"async\" class=\"\" data-attachment-id=\"7719\" data-orig-file=\"https:\/\/www.jazzzeitung.de\/cms\/wp-content\/uploads\/2015\/11\/Jazzville-HA-45.jpg\" data-orig-size=\"3831,2908\" data-comments-opened=\"1\" data-image-meta=\"{&quot;aperture&quot;:&quot;0&quot;,&quot;credit&quot;:&quot;&quot;,&quot;camera&quot;:&quot;&quot;,&quot;caption&quot;:&quot;&quot;,&quot;created_timestamp&quot;:&quot;0&quot;,&quot;copyright&quot;:&quot;Maike Ullmann&quot;,&quot;focal_length&quot;:&quot;0&quot;,&quot;iso&quot;:&quot;0&quot;,&quot;shutter_speed&quot;:&quot;0&quot;,&quot;title&quot;:&quot;&quot;,&quot;orientation&quot;:&quot;0&quot;}\" data-image-title=\"Jazzville HA 45\" data-image-description=\"\" data-medium-file=\"https:\/\/i0.wp.com\/www.jazzzeitung.de\/cms\/wp-content\/uploads\/2015\/11\/Jazzville-HA-45.jpg?fit=300%2C228&#038;ssl=1\" data-large-file=\"https:\/\/i0.wp.com\/www.jazzzeitung.de\/cms\/wp-content\/uploads\/2015\/11\/Jazzville-HA-45.jpg?fit=790%2C600&#038;ssl=1\" src=\"https:\/\/i0.wp.com\/www.jazzzeitung.de\/cms\/wp-content\/uploads\/2015\/11\/Jazzville-HA-45.jpg?w=552&#038;h=419&#038;ssl=1\" srcset=\"https:\/\/i0.wp.com\/www.jazzzeitung.de\/cms\/wp-content\/uploads\/2015\/11\/Jazzville-HA-45.jpg?w=3831&amp;ssl=1 3831w, https:\/\/i0.wp.com\/www.jazzzeitung.de\/cms\/wp-content\/uploads\/2015\/11\/Jazzville-HA-45.jpg?resize=300%2C228&amp;ssl=1 300w, https:\/\/i0.wp.com\/www.jazzzeitung.de\/cms\/wp-content\/uploads\/2015\/11\/Jazzville-HA-45.jpg?resize=790%2C600&amp;ssl=1 790w, https:\/\/i0.wp.com\/www.jazzzeitung.de\/cms\/wp-content\/uploads\/2015\/11\/Jazzville-HA-45.jpg?resize=900%2C683&amp;ssl=1 900w, https:\/\/i0.wp.com\/www.jazzzeitung.de\/cms\/wp-content\/uploads\/2015\/11\/Jazzville-HA-45.jpg?w=1680&amp;ssl=1 1680w, https:\/\/i0.wp.com\/www.jazzzeitung.de\/cms\/wp-content\/uploads\/2015\/11\/Jazzville-HA-45.jpg?w=2520&amp;ssl=1 2520w\" width=\"552\" height=\"419\" loading=\"lazy\" data-original-width=\"552\" data-original-height=\"419\" itemprop=\"http:\/\/schema.org\/image\" title=\"Jazzville HA 45\" alt=\"Passport\" style=\"width: 552px; height: 419px;\" \/> <\/a> <div class=\"tiled-gallery-caption\" itemprop=\"caption description\"> Passport <\/div> <\/div> <\/div> <!-- close group --> <div class=\"gallery-group images-1\" style=\"width: 284px; height: 423px;\" data-original-width=\"284\" data-original-height=\"423\" > <div class=\"tiled-gallery-item tiled-gallery-item-large\" itemprop=\"associatedMedia\" itemscope itemtype=\"http:\/\/schema.org\/ImageObject\"> <a href=\"https:\/\/www.jazzzeitung.de\/cms\/2015\/11\/familienfreundlich-anders-das-neue-festival-jazzville\/jazzville-ha-53\/\" border=\"0\" itemprop=\"url\"> <meta itemprop=\"width\" content=\"280\"> <meta itemprop=\"height\" content=\"419\"> <img decoding=\"async\" class=\"\" data-attachment-id=\"7720\" data-orig-file=\"https:\/\/www.jazzzeitung.de\/cms\/wp-content\/uploads\/2015\/11\/Jazzville-HA-53.jpg\" data-orig-size=\"3264,4896\" data-comments-opened=\"1\" data-image-meta=\"{&quot;aperture&quot;:&quot;0&quot;,&quot;credit&quot;:&quot;&quot;,&quot;camera&quot;:&quot;&quot;,&quot;caption&quot;:&quot;&quot;,&quot;created_timestamp&quot;:&quot;0&quot;,&quot;copyright&quot;:&quot;Maike Ullmann&quot;,&quot;focal_length&quot;:&quot;0&quot;,&quot;iso&quot;:&quot;0&quot;,&quot;shutter_speed&quot;:&quot;0&quot;,&quot;title&quot;:&quot;&quot;,&quot;orientation&quot;:&quot;0&quot;}\" data-image-title=\"Jazzville HA 53\" data-image-description=\"\" data-medium-file=\"https:\/\/i0.wp.com\/www.jazzzeitung.de\/cms\/wp-content\/uploads\/2015\/11\/Jazzville-HA-53.jpg?fit=200%2C300&#038;ssl=1\" data-large-file=\"https:\/\/i0.wp.com\/www.jazzzeitung.de\/cms\/wp-content\/uploads\/2015\/11\/Jazzville-HA-53.jpg?fit=400%2C600&#038;ssl=1\" src=\"https:\/\/i0.wp.com\/www.jazzzeitung.de\/cms\/wp-content\/uploads\/2015\/11\/Jazzville-HA-53.jpg?w=280&#038;h=419&#038;ssl=1\" srcset=\"https:\/\/i0.wp.com\/www.jazzzeitung.de\/cms\/wp-content\/uploads\/2015\/11\/Jazzville-HA-53.jpg?w=3264&amp;ssl=1 3264w, https:\/\/i0.wp.com\/www.jazzzeitung.de\/cms\/wp-content\/uploads\/2015\/11\/Jazzville-HA-53.jpg?resize=200%2C300&amp;ssl=1 200w, https:\/\/i0.wp.com\/www.jazzzeitung.de\/cms\/wp-content\/uploads\/2015\/11\/Jazzville-HA-53.jpg?resize=400%2C600&amp;ssl=1 400w, https:\/\/i0.wp.com\/www.jazzzeitung.de\/cms\/wp-content\/uploads\/2015\/11\/Jazzville-HA-53.jpg?resize=900%2C1350&amp;ssl=1 900w, https:\/\/i0.wp.com\/www.jazzzeitung.de\/cms\/wp-content\/uploads\/2015\/11\/Jazzville-HA-53.jpg?w=1680&amp;ssl=1 1680w, https:\/\/i0.wp.com\/www.jazzzeitung.de\/cms\/wp-content\/uploads\/2015\/11\/Jazzville-HA-53.jpg?w=2520&amp;ssl=1 2520w\" width=\"280\" height=\"419\" loading=\"lazy\" data-original-width=\"280\" data-original-height=\"419\" itemprop=\"http:\/\/schema.org\/image\" title=\"Jazzville HA 53\" alt=\"Myles Sanko\" style=\"width: 280px; height: 419px;\" \/> <\/a> <div class=\"tiled-gallery-caption\" itemprop=\"caption description\"> Myles Sanko <\/div> <\/div> <\/div> <!-- close group --> <\/div> <!-- close row --> <div class=\"gallery-row\" style=\"width: 840px; height: 371px;\" data-original-width=\"840\" data-original-height=\"371\" > <div class=\"gallery-group images-2\" style=\"width: 285px; height: 371px;\" data-original-width=\"285\" data-original-height=\"371\" > <div class=\"tiled-gallery-item tiled-gallery-item-large\" itemprop=\"associatedMedia\" itemscope itemtype=\"http:\/\/schema.org\/ImageObject\"> <a href=\"https:\/\/www.jazzzeitung.de\/cms\/2015\/11\/familienfreundlich-anders-das-neue-festival-jazzville\/jazzville-ha-56\/\" border=\"0\" itemprop=\"url\"> <meta itemprop=\"width\" content=\"281\"> <meta itemprop=\"height\" content=\"176\"> <img decoding=\"async\" class=\"\" data-attachment-id=\"7721\" data-orig-file=\"https:\/\/www.jazzzeitung.de\/cms\/wp-content\/uploads\/2015\/11\/Jazzville-HA-56.jpg\" data-orig-size=\"4272,2668\" data-comments-opened=\"1\" data-image-meta=\"{&quot;aperture&quot;:&quot;0&quot;,&quot;credit&quot;:&quot;&quot;,&quot;camera&quot;:&quot;&quot;,&quot;caption&quot;:&quot;&quot;,&quot;created_timestamp&quot;:&quot;0&quot;,&quot;copyright&quot;:&quot;Maike Ullmann&quot;,&quot;focal_length&quot;:&quot;0&quot;,&quot;iso&quot;:&quot;0&quot;,&quot;shutter_speed&quot;:&quot;0&quot;,&quot;title&quot;:&quot;&quot;,&quot;orientation&quot;:&quot;0&quot;}\" data-image-title=\"Jazzville HA 56\" data-image-description=\"\" data-medium-file=\"https:\/\/i0.wp.com\/www.jazzzeitung.de\/cms\/wp-content\/uploads\/2015\/11\/Jazzville-HA-56.jpg?fit=300%2C187&#038;ssl=1\" data-large-file=\"https:\/\/i0.wp.com\/www.jazzzeitung.de\/cms\/wp-content\/uploads\/2015\/11\/Jazzville-HA-56.jpg?fit=840%2C525&#038;ssl=1\" src=\"https:\/\/i0.wp.com\/www.jazzzeitung.de\/cms\/wp-content\/uploads\/2015\/11\/Jazzville-HA-56.jpg?w=281&#038;h=176&#038;ssl=1\" srcset=\"https:\/\/i0.wp.com\/www.jazzzeitung.de\/cms\/wp-content\/uploads\/2015\/11\/Jazzville-HA-56.jpg?w=4272&amp;ssl=1 4272w, https:\/\/i0.wp.com\/www.jazzzeitung.de\/cms\/wp-content\/uploads\/2015\/11\/Jazzville-HA-56.jpg?resize=300%2C187&amp;ssl=1 300w, https:\/\/i0.wp.com\/www.jazzzeitung.de\/cms\/wp-content\/uploads\/2015\/11\/Jazzville-HA-56.jpg?resize=900%2C562&amp;ssl=1 900w, https:\/\/i0.wp.com\/www.jazzzeitung.de\/cms\/wp-content\/uploads\/2015\/11\/Jazzville-HA-56.jpg?resize=400%2C250&amp;ssl=1 400w, https:\/\/i0.wp.com\/www.jazzzeitung.de\/cms\/wp-content\/uploads\/2015\/11\/Jazzville-HA-56.jpg?w=1680&amp;ssl=1 1680w, https:\/\/i0.wp.com\/www.jazzzeitung.de\/cms\/wp-content\/uploads\/2015\/11\/Jazzville-HA-56.jpg?w=2520&amp;ssl=1 2520w\" width=\"281\" height=\"176\" loading=\"lazy\" data-original-width=\"281\" data-original-height=\"176\" itemprop=\"http:\/\/schema.org\/image\" title=\"Jazzville HA 56\" alt=\"Myles Sanko\" style=\"width: 281px; height: 176px;\" \/> <\/a> <div class=\"tiled-gallery-caption\" itemprop=\"caption description\"> Myles Sanko <\/div> <\/div> <div class=\"tiled-gallery-item tiled-gallery-item-large\" itemprop=\"associatedMedia\" itemscope itemtype=\"http:\/\/schema.org\/ImageObject\"> <a href=\"https:\/\/www.jazzzeitung.de\/cms\/2015\/11\/familienfreundlich-anders-das-neue-festival-jazzville\/jazzville-ha-77\/\" border=\"0\" itemprop=\"url\"> <meta itemprop=\"width\" content=\"281\"> <meta itemprop=\"height\" content=\"187\"> <img decoding=\"async\" class=\"\" data-attachment-id=\"7722\" data-orig-file=\"https:\/\/www.jazzzeitung.de\/cms\/wp-content\/uploads\/2015\/11\/Jazzville-HA-77.jpg\" data-orig-size=\"4896,3264\" data-comments-opened=\"1\" data-image-meta=\"{&quot;aperture&quot;:&quot;0&quot;,&quot;credit&quot;:&quot;&quot;,&quot;camera&quot;:&quot;&quot;,&quot;caption&quot;:&quot;&quot;,&quot;created_timestamp&quot;:&quot;0&quot;,&quot;copyright&quot;:&quot;Maike Ullmann&quot;,&quot;focal_length&quot;:&quot;0&quot;,&quot;iso&quot;:&quot;0&quot;,&quot;shutter_speed&quot;:&quot;0&quot;,&quot;title&quot;:&quot;&quot;,&quot;orientation&quot;:&quot;0&quot;}\" data-image-title=\"Jazzville HA 77\" data-image-description=\"\" data-medium-file=\"https:\/\/i0.wp.com\/www.jazzzeitung.de\/cms\/wp-content\/uploads\/2015\/11\/Jazzville-HA-77.jpg?fit=300%2C200&#038;ssl=1\" data-large-file=\"https:\/\/i0.wp.com\/www.jazzzeitung.de\/cms\/wp-content\/uploads\/2015\/11\/Jazzville-HA-77.jpg?fit=840%2C560&#038;ssl=1\" src=\"https:\/\/i0.wp.com\/www.jazzzeitung.de\/cms\/wp-content\/uploads\/2015\/11\/Jazzville-HA-77.jpg?w=281&#038;h=187&#038;ssl=1\" srcset=\"https:\/\/i0.wp.com\/www.jazzzeitung.de\/cms\/wp-content\/uploads\/2015\/11\/Jazzville-HA-77.jpg?w=4896&amp;ssl=1 4896w, https:\/\/i0.wp.com\/www.jazzzeitung.de\/cms\/wp-content\/uploads\/2015\/11\/Jazzville-HA-77.jpg?resize=300%2C200&amp;ssl=1 300w, https:\/\/i0.wp.com\/www.jazzzeitung.de\/cms\/wp-content\/uploads\/2015\/11\/Jazzville-HA-77.jpg?resize=900%2C600&amp;ssl=1 900w, https:\/\/i0.wp.com\/www.jazzzeitung.de\/cms\/wp-content\/uploads\/2015\/11\/Jazzville-HA-77.jpg?w=1680&amp;ssl=1 1680w, https:\/\/i0.wp.com\/www.jazzzeitung.de\/cms\/wp-content\/uploads\/2015\/11\/Jazzville-HA-77.jpg?w=2520&amp;ssl=1 2520w\" width=\"281\" height=\"187\" loading=\"lazy\" data-original-width=\"281\" data-original-height=\"187\" itemprop=\"http:\/\/schema.org\/image\" title=\"Jazzville HA 77\" alt=\"Jazzville HA 77\" style=\"width: 281px; height: 187px;\" \/> <\/a> <\/div> <\/div> <!-- close group --> <div class=\"gallery-group images-1\" style=\"width: 555px; height: 371px;\" data-original-width=\"555\" data-original-height=\"371\" > <div class=\"tiled-gallery-item tiled-gallery-item-large\" itemprop=\"associatedMedia\" itemscope itemtype=\"http:\/\/schema.org\/ImageObject\"> <a href=\"https:\/\/www.jazzzeitung.de\/cms\/2015\/11\/familienfreundlich-anders-das-neue-festival-jazzville\/jazzville-ha-80\/\" border=\"0\" itemprop=\"url\"> <meta itemprop=\"width\" content=\"551\"> <meta itemprop=\"height\" content=\"367\"> <img decoding=\"async\" class=\"\" data-attachment-id=\"7723\" data-orig-file=\"https:\/\/www.jazzzeitung.de\/cms\/wp-content\/uploads\/2015\/11\/Jazzville-HA-80.jpg\" data-orig-size=\"3266,2177\" data-comments-opened=\"1\" data-image-meta=\"{&quot;aperture&quot;:&quot;0&quot;,&quot;credit&quot;:&quot;&quot;,&quot;camera&quot;:&quot;&quot;,&quot;caption&quot;:&quot;&quot;,&quot;created_timestamp&quot;:&quot;0&quot;,&quot;copyright&quot;:&quot;Maike Ullmann&quot;,&quot;focal_length&quot;:&quot;0&quot;,&quot;iso&quot;:&quot;0&quot;,&quot;shutter_speed&quot;:&quot;0&quot;,&quot;title&quot;:&quot;&quot;,&quot;orientation&quot;:&quot;0&quot;}\" data-image-title=\"Jazzville HA 80\" data-image-description=\"\" data-medium-file=\"https:\/\/i0.wp.com\/www.jazzzeitung.de\/cms\/wp-content\/uploads\/2015\/11\/Jazzville-HA-80.jpg?fit=300%2C200&#038;ssl=1\" data-large-file=\"https:\/\/i0.wp.com\/www.jazzzeitung.de\/cms\/wp-content\/uploads\/2015\/11\/Jazzville-HA-80.jpg?fit=840%2C560&#038;ssl=1\" src=\"https:\/\/i0.wp.com\/www.jazzzeitung.de\/cms\/wp-content\/uploads\/2015\/11\/Jazzville-HA-80.jpg?w=551&#038;h=367&#038;ssl=1\" srcset=\"https:\/\/i0.wp.com\/www.jazzzeitung.de\/cms\/wp-content\/uploads\/2015\/11\/Jazzville-HA-80.jpg?w=3266&amp;ssl=1 3266w, https:\/\/i0.wp.com\/www.jazzzeitung.de\/cms\/wp-content\/uploads\/2015\/11\/Jazzville-HA-80.jpg?resize=300%2C200&amp;ssl=1 300w, https:\/\/i0.wp.com\/www.jazzzeitung.de\/cms\/wp-content\/uploads\/2015\/11\/Jazzville-HA-80.jpg?resize=900%2C600&amp;ssl=1 900w, https:\/\/i0.wp.com\/www.jazzzeitung.de\/cms\/wp-content\/uploads\/2015\/11\/Jazzville-HA-80.jpg?w=1680&amp;ssl=1 1680w, https:\/\/i0.wp.com\/www.jazzzeitung.de\/cms\/wp-content\/uploads\/2015\/11\/Jazzville-HA-80.jpg?w=2520&amp;ssl=1 2520w\" width=\"551\" height=\"367\" loading=\"lazy\" data-original-width=\"551\" data-original-height=\"367\" itemprop=\"http:\/\/schema.org\/image\" title=\"Jazzville HA 80\" alt=\"Y&#039;akoto\" style=\"width: 551px; height: 367px;\" \/> <\/a> <div class=\"tiled-gallery-caption\" itemprop=\"caption description\"> Y&#8217;akoto <\/div> <\/div> <\/div> <!-- close group --> <\/div> <!-- close row --> <\/div>\n<p>Tags\u00fcber hatte man mit seinem Festivalb\u00e4ndchen kostenlosen Zutritt ins subtropische Badeparadies mit Wildwasserkanal und vier riesigen Rutschen, konnte man lange Strandspazierg\u00e4nge unternehmen oder die weiteren Freizeitm\u00f6glichkeiten wie Tennis, Minigolf, Fahrradverleih und Kletterparadies nutzen. Im Herzen der Anlage, der Galeria, gibt es zahlreiche Restaurants, ein Supermarkt versorgt mit allem N\u00f6tigen, was man im angemieteten Appartement braucht, und sogar eine Kinderbetreuung gibt es. Und das ist das Besondere an diesem Konzept: es ist extrem familienfreundlich. Ist Papa Jazzfan und Mama nicht, kann man trotzdem eine angenehme Zeit dort miteinander verbringen, und jeder kommt auf seine Kosten. Der Community-Gedanke ist auch wichtig: selten trifft man die Stars wie hier am n\u00e4chsten Morgen beim Fr\u00fchst\u00fcck oder begegnet anderen Musikenthusiasten auf so begrenztem Raum immer wieder.<\/p>\n<p>Bei der Musikauswahl legte der Trompeter Thomas Siffling wert auf ein gro\u00dfe Brandbreite, nicht &#8222;Jazzjazz&#8220; soll hier nat\u00fcrlich im Mittelpunkt stehen, sondern auch Funk, DJs, Soul und Weltmusik, was beim Publikum gut ankam. Es war eben f\u00fcr jeden Geschmack etwas dabei. Und durch die zeitliche Staffelung konnte man \u00fcberall reinschnuppern und verpasste nichts. Die Macher sind zufrieden mit den Besucherzahlen. Im kommenden Jahr wird das Festival Ende November stattfinden. Mehr jederzeit unter <a href=\"http:\/\/www.jazzville.de\">www.jazzville.de<\/a><\/p>\n<p>&nbsp;<\/p>\n","protected":false},"excerpt":{"rendered":"<p>Von Ursula Gaisa, Fotos von Maike Ullmann &#8211; &#8222;Seaside Music Weekend&#8220; mit Jazz, Funk und Soul, so haben die Macher das neue Festival Jazzville n\u00e4her umschrieben, das vom 30. Oktober bis 1. November 2015 zum ersten Mal statt fand. Auf Anregung von David Depenau, dem Gesch\u00e4ftsf\u00fchrer der Ferienanlage Weissenh\u00e4user Strand an der Ostsee, holte sich die Hamburger Unternehmerin Claudia Kiesel als k\u00fcnstlerischen Leiter Thomas Siffling mit ins Boot und veranstaltete ein langes Wochenende mit hochkar\u00e4tigen Konzerten, Lesungen und Partys direkt am Strand. Veranstaltungsorte waren ein riesiges Zirkuszelt f\u00fcr K\u00fcnstler wie Pee Wee Ellis mit der NDR Bigband, Klaus Doldingers Passport, Incognito, Y&#8217;akoto oder Myles Sanko, ein kleiner Festsaal mit intimerer Atmosph\u00e4re, in dem zum Beispiel die Brasilianerin Viviane der Farias auftrat, und der M\u00f6wenbr\u00e4u Club, in dem bis sp\u00e4t in die Nacht gefeiert wurde. Tags\u00fcber hatte man mit seinem Festivalb\u00e4ndchen kostenlosen Zutritt ins subtropische Badeparadies mit Wildwasserkanal und vier riesigen Rutschen, konnte man lange Strandspazierg\u00e4nge unternehmen oder die weiteren Freizeitm\u00f6glichkeiten wie Tennis, Minigolf, Fahrradverleih und Kletterparadies nutzen. Im Herzen der Anlage, der Galeria, gibt es zahlreiche Restaurants, ein Supermarkt versorgt mit allem N\u00f6tigen, was man &hellip;<\/p>\n","protected":false},"author":18,"featured_media":0,"comment_status":"open","ping_status":"closed","sticky":false,"template":"","format":"standard","meta":{"_jetpack_memberships_contains_paid_content":false,"footnotes":"","jetpack_publicize_message":"","jetpack_publicize_feature_enabled":true,"jetpack_social_post_already_shared":false,"jetpack_social_options":{"image_generator_settings":{"template":"highway","default_image_id":0,"font":"","enabled":false},"version":2}},"categories":[1053],"tags":[73,120,3,410,859,982],"coauthors":[695],"class_list":["post-7710","post","type-post","status-publish","format-standard","hentry","category-bericht","tag-bigband","tag-club","tag-festival","tag-ndr","tag-passport","tag-ursula-gaisa"],"yoast_head":"<!-- This site is optimized with the Yoast SEO plugin v27.5 - https:\/\/yoast.com\/product\/yoast-seo-wordpress\/ -->\n<title>Familienfreundlich, anders: das neue Festival Jazzville - JazzZeitung<\/title>\n<meta name=\"robots\" content=\"index, follow, max-snippet:-1, max-image-preview:large, max-video-preview:-1\" \/>\n<link rel=\"canonical\" href=\"https:\/\/www.jazzzeitung.de\/cms\/2015\/11\/familienfreundlich-anders-das-neue-festival-jazzville\/\" \/>\n<meta property=\"og:locale\" content=\"de_DE\" \/>\n<meta property=\"og:type\" content=\"article\" \/>\n<meta property=\"og:title\" content=\"Familienfreundlich, anders: das neue Festival Jazzville - JazzZeitung\" \/>\n<meta property=\"og:description\" content=\"Von Ursula Gaisa, Fotos von Maike Ullmann &#8211; &#8222;Seaside Music Weekend&#8220; mit Jazz, Funk und Soul, so haben die Macher das neue Festival Jazzville n\u00e4her umschrieben, das vom 30. Oktober bis 1. November 2015 zum ersten Mal statt fand. Auf Anregung von David Depenau, dem Gesch\u00e4ftsf\u00fchrer der Ferienanlage Weissenh\u00e4user Strand an der Ostsee, holte sich die Hamburger Unternehmerin Claudia Kiesel als k\u00fcnstlerischen Leiter Thomas Siffling mit ins Boot und veranstaltete ein langes Wochenende mit hochkar\u00e4tigen Konzerten, Lesungen und Partys direkt am Strand. Veranstaltungsorte waren ein riesiges Zirkuszelt f\u00fcr K\u00fcnstler wie Pee Wee Ellis mit der NDR Bigband, Klaus Doldingers Passport, Incognito, Y&#8217;akoto oder Myles Sanko, ein kleiner Festsaal mit intimerer Atmosph\u00e4re, in dem zum Beispiel die Brasilianerin Viviane der Farias auftrat, und der M\u00f6wenbr\u00e4u Club, in dem bis sp\u00e4t in die Nacht gefeiert wurde. Tags\u00fcber hatte man mit seinem Festivalb\u00e4ndchen kostenlosen Zutritt ins subtropische Badeparadies mit Wildwasserkanal und vier riesigen Rutschen, konnte man lange Strandspazierg\u00e4nge unternehmen oder die weiteren Freizeitm\u00f6glichkeiten wie Tennis, Minigolf, Fahrradverleih und Kletterparadies nutzen. Im Herzen der Anlage, der Galeria, gibt es zahlreiche Restaurants, ein Supermarkt versorgt mit allem N\u00f6tigen, was man &hellip;\" \/>\n<meta property=\"og:url\" content=\"https:\/\/www.jazzzeitung.de\/cms\/2015\/11\/familienfreundlich-anders-das-neue-festival-jazzville\/\" \/>\n<meta property=\"og:site_name\" content=\"JazzZeitung\" \/>\n<meta property=\"article:publisher\" content=\"https:\/\/www.facebook.com\/JazzZeitung\/\" \/>\n<meta property=\"article:published_time\" content=\"2015-11-10T12:30:21+00:00\" \/>\n<meta property=\"article:modified_time\" content=\"2015-11-11T12:08:56+00:00\" \/>\n<meta property=\"og:image\" content=\"https:\/\/i0.wp.com\/www.jazzzeitung.de\/cms\/wp-content\/uploads\/2015\/11\/Jazzville-HA-27.jpg?w=555&#038;h=370&#038;ssl=1\" \/>\n<meta name=\"author\" content=\"Redaktion JazzZeitung\" \/>\n<script type=\"application\/ld+json\" class=\"yoast-schema-graph\">{\"@context\":\"https:\\\/\\\/schema.org\",\"@graph\":[{\"@type\":\"Article\",\"@id\":\"https:\\\/\\\/www.jazzzeitung.de\\\/cms\\\/2015\\\/11\\\/familienfreundlich-anders-das-neue-festival-jazzville\\\/#article\",\"isPartOf\":{\"@id\":\"https:\\\/\\\/www.jazzzeitung.de\\\/cms\\\/2015\\\/11\\\/familienfreundlich-anders-das-neue-festival-jazzville\\\/\"},\"author\":{\"name\":\"Redaktion JazzZeitung\",\"@id\":\"https:\\\/\\\/www.jazzzeitung.de\\\/cms\\\/#\\\/schema\\\/person\\\/2245b36b9cd1d24cea10f01c031fb92b\"},\"headline\":\"Familienfreundlich, anders: das neue Festival Jazzville\",\"datePublished\":\"2015-11-10T12:30:21+00:00\",\"dateModified\":\"2015-11-11T12:08:56+00:00\",\"mainEntityOfPage\":{\"@id\":\"https:\\\/\\\/www.jazzzeitung.de\\\/cms\\\/2015\\\/11\\\/familienfreundlich-anders-das-neue-festival-jazzville\\\/\"},\"wordCount\":362,\"commentCount\":0,\"publisher\":{\"@id\":\"https:\\\/\\\/www.jazzzeitung.de\\\/cms\\\/#organization\"},\"image\":{\"@id\":\"https:\\\/\\\/www.jazzzeitung.de\\\/cms\\\/2015\\\/11\\\/familienfreundlich-anders-das-neue-festival-jazzville\\\/#primaryimage\"},\"thumbnailUrl\":\"http:\\\/\\\/www.jazzzeitung.de\\\/cms\\\/wp-content\\\/uploads\\\/2015\\\/11\\\/logo-150x150.png\",\"keywords\":[\"Bigband\",\"Club\",\"Festival\",\"NDR\",\"Passport\",\"Ursula Gaisa\"],\"articleSection\":[\"Bericht\"],\"inLanguage\":\"de\",\"potentialAction\":[{\"@type\":\"CommentAction\",\"name\":\"Comment\",\"target\":[\"https:\\\/\\\/www.jazzzeitung.de\\\/cms\\\/2015\\\/11\\\/familienfreundlich-anders-das-neue-festival-jazzville\\\/#respond\"]}]},{\"@type\":\"WebPage\",\"@id\":\"https:\\\/\\\/www.jazzzeitung.de\\\/cms\\\/2015\\\/11\\\/familienfreundlich-anders-das-neue-festival-jazzville\\\/\",\"url\":\"https:\\\/\\\/www.jazzzeitung.de\\\/cms\\\/2015\\\/11\\\/familienfreundlich-anders-das-neue-festival-jazzville\\\/\",\"name\":\"Familienfreundlich, anders: das neue Festival Jazzville - JazzZeitung\",\"isPartOf\":{\"@id\":\"https:\\\/\\\/www.jazzzeitung.de\\\/cms\\\/#website\"},\"primaryImageOfPage\":{\"@id\":\"https:\\\/\\\/www.jazzzeitung.de\\\/cms\\\/2015\\\/11\\\/familienfreundlich-anders-das-neue-festival-jazzville\\\/#primaryimage\"},\"image\":{\"@id\":\"https:\\\/\\\/www.jazzzeitung.de\\\/cms\\\/2015\\\/11\\\/familienfreundlich-anders-das-neue-festival-jazzville\\\/#primaryimage\"},\"thumbnailUrl\":\"http:\\\/\\\/www.jazzzeitung.de\\\/cms\\\/wp-content\\\/uploads\\\/2015\\\/11\\\/logo-150x150.png\",\"datePublished\":\"2015-11-10T12:30:21+00:00\",\"dateModified\":\"2015-11-11T12:08:56+00:00\",\"breadcrumb\":{\"@id\":\"https:\\\/\\\/www.jazzzeitung.de\\\/cms\\\/2015\\\/11\\\/familienfreundlich-anders-das-neue-festival-jazzville\\\/#breadcrumb\"},\"inLanguage\":\"de\",\"potentialAction\":[{\"@type\":\"ReadAction\",\"target\":[\"https:\\\/\\\/www.jazzzeitung.de\\\/cms\\\/2015\\\/11\\\/familienfreundlich-anders-das-neue-festival-jazzville\\\/\"]}]},{\"@type\":\"ImageObject\",\"inLanguage\":\"de\",\"@id\":\"https:\\\/\\\/www.jazzzeitung.de\\\/cms\\\/2015\\\/11\\\/familienfreundlich-anders-das-neue-festival-jazzville\\\/#primaryimage\",\"url\":\"http:\\\/\\\/www.jazzzeitung.de\\\/cms\\\/wp-content\\\/uploads\\\/2015\\\/11\\\/logo-150x150.png\",\"contentUrl\":\"http:\\\/\\\/www.jazzzeitung.de\\\/cms\\\/wp-content\\\/uploads\\\/2015\\\/11\\\/logo-150x150.png\"},{\"@type\":\"BreadcrumbList\",\"@id\":\"https:\\\/\\\/www.jazzzeitung.de\\\/cms\\\/2015\\\/11\\\/familienfreundlich-anders-das-neue-festival-jazzville\\\/#breadcrumb\",\"itemListElement\":[{\"@type\":\"ListItem\",\"position\":1,\"name\":\"Startseite\",\"item\":\"https:\\\/\\\/www.jazzzeitung.de\\\/cms\\\/\"},{\"@type\":\"ListItem\",\"position\":2,\"name\":\"Familienfreundlich, anders: das neue Festival Jazzville\"}]},{\"@type\":\"WebSite\",\"@id\":\"https:\\\/\\\/www.jazzzeitung.de\\\/cms\\\/#website\",\"url\":\"https:\\\/\\\/www.jazzzeitung.de\\\/cms\\\/\",\"name\":\"JazzZeitung\",\"description\":\"Jazz-News und Jazz-Kontroverses\",\"publisher\":{\"@id\":\"https:\\\/\\\/www.jazzzeitung.de\\\/cms\\\/#organization\"},\"potentialAction\":[{\"@type\":\"SearchAction\",\"target\":{\"@type\":\"EntryPoint\",\"urlTemplate\":\"https:\\\/\\\/www.jazzzeitung.de\\\/cms\\\/?s={search_term_string}\"},\"query-input\":{\"@type\":\"PropertyValueSpecification\",\"valueRequired\":true,\"valueName\":\"search_term_string\"}}],\"inLanguage\":\"de\"},{\"@type\":\"Organization\",\"@id\":\"https:\\\/\\\/www.jazzzeitung.de\\\/cms\\\/#organization\",\"name\":\"JazzZeitung online\",\"url\":\"https:\\\/\\\/www.jazzzeitung.de\\\/cms\\\/\",\"logo\":{\"@type\":\"ImageObject\",\"inLanguage\":\"de\",\"@id\":\"https:\\\/\\\/www.jazzzeitung.de\\\/cms\\\/#\\\/schema\\\/logo\\\/image\\\/\",\"url\":\"https:\\\/\\\/i0.wp.com\\\/www.jazzzeitung.de\\\/cms\\\/wp-content\\\/uploads\\\/2015\\\/08\\\/JAZZZEITUNGDE_Logo_Neu.png?fit=499%2C200&ssl=1\",\"contentUrl\":\"https:\\\/\\\/i0.wp.com\\\/www.jazzzeitung.de\\\/cms\\\/wp-content\\\/uploads\\\/2015\\\/08\\\/JAZZZEITUNGDE_Logo_Neu.png?fit=499%2C200&ssl=1\",\"width\":499,\"height\":200,\"caption\":\"JazzZeitung online\"},\"image\":{\"@id\":\"https:\\\/\\\/www.jazzzeitung.de\\\/cms\\\/#\\\/schema\\\/logo\\\/image\\\/\"},\"sameAs\":[\"https:\\\/\\\/www.facebook.com\\\/JazzZeitung\\\/\"]},{\"@type\":\"Person\",\"@id\":\"https:\\\/\\\/www.jazzzeitung.de\\\/cms\\\/#\\\/schema\\\/person\\\/2245b36b9cd1d24cea10f01c031fb92b\",\"name\":\"Redaktion JazzZeitung\",\"image\":{\"@type\":\"ImageObject\",\"inLanguage\":\"de\",\"@id\":\"https:\\\/\\\/i0.wp.com\\\/www.jazzzeitung.de\\\/cms\\\/wp-content\\\/uploads\\\/2015\\\/08\\\/JAZZZEITUNGDE_Logo_Neu.png?resize=96%2C96&ssl=159975dcacb611b5700bd619b5daf0a7a\",\"url\":\"https:\\\/\\\/i0.wp.com\\\/www.jazzzeitung.de\\\/cms\\\/wp-content\\\/uploads\\\/2015\\\/08\\\/JAZZZEITUNGDE_Logo_Neu.png?resize=96%2C96&ssl=1\",\"contentUrl\":\"https:\\\/\\\/i0.wp.com\\\/www.jazzzeitung.de\\\/cms\\\/wp-content\\\/uploads\\\/2015\\\/08\\\/JAZZZEITUNGDE_Logo_Neu.png?resize=96%2C96&ssl=1\",\"caption\":\"Redaktion JazzZeitung\"},\"description\":\"Artikel der Redaktion der JazzZeitung.\",\"sameAs\":[\"http:\\\/\\\/www.jazzzeitung.de\\\/cms\\\/\"],\"url\":\"https:\\\/\\\/www.jazzzeitung.de\\\/cms\\\/author\\\/redaktion\\\/\"}]}<\/script>\n<!-- \/ Yoast SEO plugin. -->","yoast_head_json":{"title":"Familienfreundlich, anders: das neue Festival Jazzville - JazzZeitung","robots":{"index":"index","follow":"follow","max-snippet":"max-snippet:-1","max-image-preview":"max-image-preview:large","max-video-preview":"max-video-preview:-1"},"canonical":"https:\/\/www.jazzzeitung.de\/cms\/2015\/11\/familienfreundlich-anders-das-neue-festival-jazzville\/","og_locale":"de_DE","og_type":"article","og_title":"Familienfreundlich, anders: das neue Festival Jazzville - JazzZeitung","og_description":"Von Ursula Gaisa, Fotos von Maike Ullmann &#8211; &#8222;Seaside Music Weekend&#8220; mit Jazz, Funk und Soul, so haben die Macher das neue Festival Jazzville n\u00e4her umschrieben, das vom 30. Oktober bis 1. November 2015 zum ersten Mal statt fand. Auf Anregung von David Depenau, dem Gesch\u00e4ftsf\u00fchrer der Ferienanlage Weissenh\u00e4user Strand an der Ostsee, holte sich die Hamburger Unternehmerin Claudia Kiesel als k\u00fcnstlerischen Leiter Thomas Siffling mit ins Boot und veranstaltete ein langes Wochenende mit hochkar\u00e4tigen Konzerten, Lesungen und Partys direkt am Strand. Veranstaltungsorte waren ein riesiges Zirkuszelt f\u00fcr K\u00fcnstler wie Pee Wee Ellis mit der NDR Bigband, Klaus Doldingers Passport, Incognito, Y&#8217;akoto oder Myles Sanko, ein kleiner Festsaal mit intimerer Atmosph\u00e4re, in dem zum Beispiel die Brasilianerin Viviane der Farias auftrat, und der M\u00f6wenbr\u00e4u Club, in dem bis sp\u00e4t in die Nacht gefeiert wurde. Tags\u00fcber hatte man mit seinem Festivalb\u00e4ndchen kostenlosen Zutritt ins subtropische Badeparadies mit Wildwasserkanal und vier riesigen Rutschen, konnte man lange Strandspazierg\u00e4nge unternehmen oder die weiteren Freizeitm\u00f6glichkeiten wie Tennis, Minigolf, Fahrradverleih und Kletterparadies nutzen. Im Herzen der Anlage, der Galeria, gibt es zahlreiche Restaurants, ein Supermarkt versorgt mit allem N\u00f6tigen, was man &hellip;","og_url":"https:\/\/www.jazzzeitung.de\/cms\/2015\/11\/familienfreundlich-anders-das-neue-festival-jazzville\/","og_site_name":"JazzZeitung","article_publisher":"https:\/\/www.facebook.com\/JazzZeitung\/","article_published_time":"2015-11-10T12:30:21+00:00","article_modified_time":"2015-11-11T12:08:56+00:00","og_image":[{"url":"https:\/\/i0.wp.com\/www.jazzzeitung.de\/cms\/wp-content\/uploads\/2015\/11\/Jazzville-HA-27.jpg?w=555&#038;h=370&#038;ssl=1","type":"","width":"","height":""}],"author":"Redaktion JazzZeitung","schema":{"@context":"https:\/\/schema.org","@graph":[{"@type":"Article","@id":"https:\/\/www.jazzzeitung.de\/cms\/2015\/11\/familienfreundlich-anders-das-neue-festival-jazzville\/#article","isPartOf":{"@id":"https:\/\/www.jazzzeitung.de\/cms\/2015\/11\/familienfreundlich-anders-das-neue-festival-jazzville\/"},"author":{"name":"Redaktion JazzZeitung","@id":"https:\/\/www.jazzzeitung.de\/cms\/#\/schema\/person\/2245b36b9cd1d24cea10f01c031fb92b"},"headline":"Familienfreundlich, anders: das neue Festival Jazzville","datePublished":"2015-11-10T12:30:21+00:00","dateModified":"2015-11-11T12:08:56+00:00","mainEntityOfPage":{"@id":"https:\/\/www.jazzzeitung.de\/cms\/2015\/11\/familienfreundlich-anders-das-neue-festival-jazzville\/"},"wordCount":362,"commentCount":0,"publisher":{"@id":"https:\/\/www.jazzzeitung.de\/cms\/#organization"},"image":{"@id":"https:\/\/www.jazzzeitung.de\/cms\/2015\/11\/familienfreundlich-anders-das-neue-festival-jazzville\/#primaryimage"},"thumbnailUrl":"http:\/\/www.jazzzeitung.de\/cms\/wp-content\/uploads\/2015\/11\/logo-150x150.png","keywords":["Bigband","Club","Festival","NDR","Passport","Ursula Gaisa"],"articleSection":["Bericht"],"inLanguage":"de","potentialAction":[{"@type":"CommentAction","name":"Comment","target":["https:\/\/www.jazzzeitung.de\/cms\/2015\/11\/familienfreundlich-anders-das-neue-festival-jazzville\/#respond"]}]},{"@type":"WebPage","@id":"https:\/\/www.jazzzeitung.de\/cms\/2015\/11\/familienfreundlich-anders-das-neue-festival-jazzville\/","url":"https:\/\/www.jazzzeitung.de\/cms\/2015\/11\/familienfreundlich-anders-das-neue-festival-jazzville\/","name":"Familienfreundlich, anders: das neue Festival Jazzville - JazzZeitung","isPartOf":{"@id":"https:\/\/www.jazzzeitung.de\/cms\/#website"},"primaryImageOfPage":{"@id":"https:\/\/www.jazzzeitung.de\/cms\/2015\/11\/familienfreundlich-anders-das-neue-festival-jazzville\/#primaryimage"},"image":{"@id":"https:\/\/www.jazzzeitung.de\/cms\/2015\/11\/familienfreundlich-anders-das-neue-festival-jazzville\/#primaryimage"},"thumbnailUrl":"http:\/\/www.jazzzeitung.de\/cms\/wp-content\/uploads\/2015\/11\/logo-150x150.png","datePublished":"2015-11-10T12:30:21+00:00","dateModified":"2015-11-11T12:08:56+00:00","breadcrumb":{"@id":"https:\/\/www.jazzzeitung.de\/cms\/2015\/11\/familienfreundlich-anders-das-neue-festival-jazzville\/#breadcrumb"},"inLanguage":"de","potentialAction":[{"@type":"ReadAction","target":["https:\/\/www.jazzzeitung.de\/cms\/2015\/11\/familienfreundlich-anders-das-neue-festival-jazzville\/"]}]},{"@type":"ImageObject","inLanguage":"de","@id":"https:\/\/www.jazzzeitung.de\/cms\/2015\/11\/familienfreundlich-anders-das-neue-festival-jazzville\/#primaryimage","url":"http:\/\/www.jazzzeitung.de\/cms\/wp-content\/uploads\/2015\/11\/logo-150x150.png","contentUrl":"http:\/\/www.jazzzeitung.de\/cms\/wp-content\/uploads\/2015\/11\/logo-150x150.png"},{"@type":"BreadcrumbList","@id":"https:\/\/www.jazzzeitung.de\/cms\/2015\/11\/familienfreundlich-anders-das-neue-festival-jazzville\/#breadcrumb","itemListElement":[{"@type":"ListItem","position":1,"name":"Startseite","item":"https:\/\/www.jazzzeitung.de\/cms\/"},{"@type":"ListItem","position":2,"name":"Familienfreundlich, anders: das neue Festival Jazzville"}]},{"@type":"WebSite","@id":"https:\/\/www.jazzzeitung.de\/cms\/#website","url":"https:\/\/www.jazzzeitung.de\/cms\/","name":"JazzZeitung","description":"Jazz-News und Jazz-Kontroverses","publisher":{"@id":"https:\/\/www.jazzzeitung.de\/cms\/#organization"},"potentialAction":[{"@type":"SearchAction","target":{"@type":"EntryPoint","urlTemplate":"https:\/\/www.jazzzeitung.de\/cms\/?s={search_term_string}"},"query-input":{"@type":"PropertyValueSpecification","valueRequired":true,"valueName":"search_term_string"}}],"inLanguage":"de"},{"@type":"Organization","@id":"https:\/\/www.jazzzeitung.de\/cms\/#organization","name":"JazzZeitung online","url":"https:\/\/www.jazzzeitung.de\/cms\/","logo":{"@type":"ImageObject","inLanguage":"de","@id":"https:\/\/www.jazzzeitung.de\/cms\/#\/schema\/logo\/image\/","url":"https:\/\/i0.wp.com\/www.jazzzeitung.de\/cms\/wp-content\/uploads\/2015\/08\/JAZZZEITUNGDE_Logo_Neu.png?fit=499%2C200&ssl=1","contentUrl":"https:\/\/i0.wp.com\/www.jazzzeitung.de\/cms\/wp-content\/uploads\/2015\/08\/JAZZZEITUNGDE_Logo_Neu.png?fit=499%2C200&ssl=1","width":499,"height":200,"caption":"JazzZeitung online"},"image":{"@id":"https:\/\/www.jazzzeitung.de\/cms\/#\/schema\/logo\/image\/"},"sameAs":["https:\/\/www.facebook.com\/JazzZeitung\/"]},{"@type":"Person","@id":"https:\/\/www.jazzzeitung.de\/cms\/#\/schema\/person\/2245b36b9cd1d24cea10f01c031fb92b","name":"Redaktion JazzZeitung","image":{"@type":"ImageObject","inLanguage":"de","@id":"https:\/\/i0.wp.com\/www.jazzzeitung.de\/cms\/wp-content\/uploads\/2015\/08\/JAZZZEITUNGDE_Logo_Neu.png?resize=96%2C96&ssl=159975dcacb611b5700bd619b5daf0a7a","url":"https:\/\/i0.wp.com\/www.jazzzeitung.de\/cms\/wp-content\/uploads\/2015\/08\/JAZZZEITUNGDE_Logo_Neu.png?resize=96%2C96&ssl=1","contentUrl":"https:\/\/i0.wp.com\/www.jazzzeitung.de\/cms\/wp-content\/uploads\/2015\/08\/JAZZZEITUNGDE_Logo_Neu.png?resize=96%2C96&ssl=1","caption":"Redaktion JazzZeitung"},"description":"Artikel der Redaktion der JazzZeitung.","sameAs":["http:\/\/www.jazzzeitung.de\/cms\/"],"url":"https:\/\/www.jazzzeitung.de\/cms\/author\/redaktion\/"}]}},"wp-worthy-pixel":{"ignored":false,"public":null,"server":null,"url":null},"wp-worthy-type":"normal","jetpack_publicize_connections":[],"cc_featured_image_caption":{"caption_text":false,"source_text":false,"source_url":false},"jetpack_featured_media_url":"","jetpack_shortlink":"https:\/\/wp.me\/p3KEcT-20m","jetpack-related-posts":[{"id":8405,"url":"https:\/\/www.jazzzeitung.de\/cms\/2016\/02\/tagd\/","url_meta":{"origin":7710,"position":0},"title":"Tag der Offenen T\u00fcr am music college Regensburg","author":"Redaktion JazzZeitung","date":"15. Februar 2016","format":false,"excerpt":"Text und Fotos: Ursula Gaisa - \"Wir bilden Profis aus\" lautet das Motto der anerkannten Berufsfachschule f\u00fcr Pop, Rock und Jazz, dem music college im Lokschuppen in Regensburg. Seit fast 20 Jahren gibt es die Schule jetzt und Anfang Februar lud man - wie jedes Jahr - zum Tag der\u2026","rel":"","context":"In &quot;Galerie&quot;","block_context":{"text":"Galerie","link":"https:\/\/www.jazzzeitung.de\/cms\/thema\/galerie\/"},"img":{"alt_text":"","src":"https:\/\/i0.wp.com\/www.jazzzeitung.de\/cms\/wp-content\/uploads\/2016\/02\/314.jpg?resize=350%2C200","width":350,"height":200,"srcset":"https:\/\/i0.wp.com\/www.jazzzeitung.de\/cms\/wp-content\/uploads\/2016\/02\/314.jpg?resize=350%2C200 1x, https:\/\/i0.wp.com\/www.jazzzeitung.de\/cms\/wp-content\/uploads\/2016\/02\/314.jpg?resize=525%2C300 1.5x, https:\/\/i0.wp.com\/www.jazzzeitung.de\/cms\/wp-content\/uploads\/2016\/02\/314.jpg?resize=700%2C400 2x, https:\/\/i0.wp.com\/www.jazzzeitung.de\/cms\/wp-content\/uploads\/2016\/02\/314.jpg?resize=1050%2C600 3x, https:\/\/i0.wp.com\/www.jazzzeitung.de\/cms\/wp-content\/uploads\/2016\/02\/314.jpg?resize=1400%2C800 4x"},"classes":[]},{"id":2207,"url":"https:\/\/www.jazzzeitung.de\/cms\/2013\/08\/44-deutsches-jazzfestival-frankfurt-im-oktober\/","url_meta":{"origin":7710,"position":1},"title":"44. Deutsches Jazzfestival Frankfurt im Oktober","author":"Ursula Gaisa","date":"21. August 2013","format":false,"excerpt":"Unter dem Titel \u201eBits\u2019n\u2019Bytes\u201c beleuchtet das 44. Deutsche Jazzfestival Frankfurt 2013 das Spannungsfeld zwischen traditionellem, eher akustisch gepr\u00e4gtem Jazz und digitalen Technologien. Vom 24. bis 26. Oktober suchen im hr-Sendesaal der franz\u00f6sische Saxofonist Guillaume Perret & The Electric Epic, die britische Band Troyka und die deutsch-norwegische Formation des Frankfurter Klangt\u00fcftlers\u2026","rel":"","context":"In &quot;News&quot;","block_context":{"text":"News","link":"https:\/\/www.jazzzeitung.de\/cms\/thema\/nachrichten\/"},"img":{"alt_text":"Foto: hr\/Laurence Labat","src":"https:\/\/i0.wp.com\/www.jazzzeitung.de\/cms\/wp-content\/uploads\/2013\/08\/holland.jpg?resize=350%2C200","width":350,"height":200},"classes":[]},{"id":2205,"url":"https:\/\/www.jazzzeitung.de\/cms\/2013\/08\/1-tiroler-jazzpreis\/","url_meta":{"origin":7710,"position":2},"title":"1. Tiroler Jazzpreis","author":"Ursula Gaisa","date":"19. August 2013","format":false,"excerpt":"Der Verein \"TonArtTirol\", kurz TAT, wurde 2012 gegr\u00fcndet und widmet sich ganz besonders der F\u00f6rderung der regionalen Jazz - und Improvisationsszene. Neben zahlreichen Veranstaltungen (darunter dem allj\u00e4hrliche TAT Festival im Treibhaus), verleiht der Verein nun erstmals in Zusammenarbeit mit der Stadt Innsbruck und der Hypo Tirol Bank den 1. Tiroler\u2026","rel":"","context":"In &quot;News&quot;","block_context":{"text":"News","link":"https:\/\/www.jazzzeitung.de\/cms\/thema\/nachrichten\/"},"img":{"alt_text":"","src":"","width":0,"height":0},"classes":[]},{"id":32468,"url":"https:\/\/www.jazzzeitung.de\/cms\/2025\/04\/dream-suites-cd-von-samo-salomon\/","url_meta":{"origin":7710,"position":3},"title":"Dream Suites &#8211; CD von Samo Salomon","author":"Ursula Gaisa","date":"22. April 2025","format":false,"excerpt":"(Von Mathias B\u00e4umel) Grunds\u00e4tzlich ist es ein schwieriges Unterfangen, knapp 30 Freejazz-Musikanten zusammenzuf\u00fchren (wenngleich nicht immer alle zugleich), um ein Bigband-Konzept mit dem des Freejazz zu verbinden. Welche er-improvisierten Melodien gehen auf welche Ideen anderer Mitmusiker zur\u00fcck? Besonders herausfordernd ist das Perkussionsspiel von Bob Moses, der sich inzwischen als Ra\u2026","rel":"","context":"In &quot;Rezension&quot;","block_context":{"text":"Rezension","link":"https:\/\/www.jazzzeitung.de\/cms\/thema\/rezension\/"},"img":{"alt_text":"","src":"https:\/\/i0.wp.com\/www.jazzzeitung.de\/cms\/wp-content\/uploads\/2025\/04\/dream-suites_cover.jpg?fit=1200%2C1077&ssl=1&resize=350%2C200","width":350,"height":200,"srcset":"https:\/\/i0.wp.com\/www.jazzzeitung.de\/cms\/wp-content\/uploads\/2025\/04\/dream-suites_cover.jpg?fit=1200%2C1077&ssl=1&resize=350%2C200 1x, https:\/\/i0.wp.com\/www.jazzzeitung.de\/cms\/wp-content\/uploads\/2025\/04\/dream-suites_cover.jpg?fit=1200%2C1077&ssl=1&resize=525%2C300 1.5x, https:\/\/i0.wp.com\/www.jazzzeitung.de\/cms\/wp-content\/uploads\/2025\/04\/dream-suites_cover.jpg?fit=1200%2C1077&ssl=1&resize=700%2C400 2x, https:\/\/i0.wp.com\/www.jazzzeitung.de\/cms\/wp-content\/uploads\/2025\/04\/dream-suites_cover.jpg?fit=1200%2C1077&ssl=1&resize=1050%2C600 3x"},"classes":[]},{"id":29469,"url":"https:\/\/www.jazzzeitung.de\/cms\/2023\/05\/news-auftakt-des-festivalsommers-mit-der-jazz-rally-duesseldorf-hildener-jazztage-laden-ein-jazz-am-strand-bei-jazzbaltica\/","url_meta":{"origin":7710,"position":4},"title":"News: +++ Auftakt des Festivalsommers mit der Jazz Rally D\u00fcsseldorf +++ Hildener Jazztage laden ein +++ Jazz am Strand bei JazzBaltica +++","author":"Redaktion JazzZeitung","date":"26. Mai 2023","format":false,"excerpt":"+++ Auftakt des Festivalsommers mit der Jazz Rally D\u00fcsseldorf +++ \u00dcber 60 Konzerte beleben vom 26. bis 28. Mai im Rahmen der 29. schauinsland-reisen Jazz Rally die D\u00fcsseldorfer Innenstadt. Dreh- und Angelpunkt ist in diesem Jahr erstmalig die Rheinterrasse, wo insgesamt zehn Konzerte stattfinden. Dieser Standort \u00fcberzeugt mit zwei B\u00fchnen,\u2026","rel":"","context":"In &quot;News&quot;","block_context":{"text":"News","link":"https:\/\/www.jazzzeitung.de\/cms\/thema\/nachrichten\/"},"img":{"alt_text":"","src":"https:\/\/i0.wp.com\/www.jazzzeitung.de\/cms\/wp-content\/uploads\/2023\/05\/Culcha-Candela-1-Kopie-scaled.jpg?fit=1200%2C800&ssl=1&resize=350%2C200","width":350,"height":200,"srcset":"https:\/\/i0.wp.com\/www.jazzzeitung.de\/cms\/wp-content\/uploads\/2023\/05\/Culcha-Candela-1-Kopie-scaled.jpg?fit=1200%2C800&ssl=1&resize=350%2C200 1x, https:\/\/i0.wp.com\/www.jazzzeitung.de\/cms\/wp-content\/uploads\/2023\/05\/Culcha-Candela-1-Kopie-scaled.jpg?fit=1200%2C800&ssl=1&resize=525%2C300 1.5x, https:\/\/i0.wp.com\/www.jazzzeitung.de\/cms\/wp-content\/uploads\/2023\/05\/Culcha-Candela-1-Kopie-scaled.jpg?fit=1200%2C800&ssl=1&resize=700%2C400 2x, https:\/\/i0.wp.com\/www.jazzzeitung.de\/cms\/wp-content\/uploads\/2023\/05\/Culcha-Candela-1-Kopie-scaled.jpg?fit=1200%2C800&ssl=1&resize=1050%2C600 3x"},"classes":[]},{"id":13624,"url":"https:\/\/www.jazzzeitung.de\/cms\/2017\/10\/jazzfest-berlin\/","url_meta":{"origin":7710,"position":5},"title":"Jazzfest Berlin 2017 blickt nach London und New York","author":"Redaktion JazzZeitung","date":"2. Oktober 2017","format":false,"excerpt":"Festivaler\u00f6ffnung mit Bands aus den USA und London im Lido in Kreuzberg. Erster Artist-in-Residence: Amerikanischer Musiker Tyshawn Sorey\u00a0 Die Verbindung der Berliner Musikszene mit den USA und London\u00a0ist eines der Themen\u00a0der dritten und letzten Festivalausgabe des k\u00fcnstlerischen Leiters, des britischen\u00a0Autors\u00a0Richard Williams.\u00a0Der US-amerikanische\u00a0Schlagzeuger und Komponist\u00a0Tyshawn Sorey ist der erste Artist-in-Residence des\u2026","rel":"","context":"In &quot;News&quot;","block_context":{"text":"News","link":"https:\/\/www.jazzzeitung.de\/cms\/thema\/nachrichten\/"},"img":{"alt_text":"Tyshawn Sorey. Copyright: Tyshawn Sorey","src":"https:\/\/i0.wp.com\/www.jazzzeitung.de\/cms\/wp-content\/uploads\/2017\/10\/jfb17_p_tyshawn_sorey_by_john_rogers_c_tyshawn_sorey_06.jpeg?fit=1200%2C800&ssl=1&resize=350%2C200","width":350,"height":200,"srcset":"https:\/\/i0.wp.com\/www.jazzzeitung.de\/cms\/wp-content\/uploads\/2017\/10\/jfb17_p_tyshawn_sorey_by_john_rogers_c_tyshawn_sorey_06.jpeg?fit=1200%2C800&ssl=1&resize=350%2C200 1x, https:\/\/i0.wp.com\/www.jazzzeitung.de\/cms\/wp-content\/uploads\/2017\/10\/jfb17_p_tyshawn_sorey_by_john_rogers_c_tyshawn_sorey_06.jpeg?fit=1200%2C800&ssl=1&resize=525%2C300 1.5x, https:\/\/i0.wp.com\/www.jazzzeitung.de\/cms\/wp-content\/uploads\/2017\/10\/jfb17_p_tyshawn_sorey_by_john_rogers_c_tyshawn_sorey_06.jpeg?fit=1200%2C800&ssl=1&resize=700%2C400 2x, https:\/\/i0.wp.com\/www.jazzzeitung.de\/cms\/wp-content\/uploads\/2017\/10\/jfb17_p_tyshawn_sorey_by_john_rogers_c_tyshawn_sorey_06.jpeg?fit=1200%2C800&ssl=1&resize=1050%2C600 3x"},"classes":[]}],"jetpack_sharing_enabled":true,"_links":{"self":[{"href":"https:\/\/www.jazzzeitung.de\/cms\/wp-json\/wp\/v2\/posts\/7710","targetHints":{"allow":["GET"]}}],"collection":[{"href":"https:\/\/www.jazzzeitung.de\/cms\/wp-json\/wp\/v2\/posts"}],"about":[{"href":"https:\/\/www.jazzzeitung.de\/cms\/wp-json\/wp\/v2\/types\/post"}],"author":[{"embeddable":true,"href":"https:\/\/www.jazzzeitung.de\/cms\/wp-json\/wp\/v2\/users\/18"}],"replies":[{"embeddable":true,"href":"https:\/\/www.jazzzeitung.de\/cms\/wp-json\/wp\/v2\/comments?post=7710"}],"version-history":[{"count":6,"href":"https:\/\/www.jazzzeitung.de\/cms\/wp-json\/wp\/v2\/posts\/7710\/revisions"}],"predecessor-version":[{"id":7745,"href":"https:\/\/www.jazzzeitung.de\/cms\/wp-json\/wp\/v2\/posts\/7710\/revisions\/7745"}],"wp:attachment":[{"href":"https:\/\/www.jazzzeitung.de\/cms\/wp-json\/wp\/v2\/media?parent=7710"}],"wp:term":[{"taxonomy":"category","embeddable":true,"href":"https:\/\/www.jazzzeitung.de\/cms\/wp-json\/wp\/v2\/categories?post=7710"},{"taxonomy":"post_tag","embeddable":true,"href":"https:\/\/www.jazzzeitung.de\/cms\/wp-json\/wp\/v2\/tags?post=7710"},{"taxonomy":"author","embeddable":true,"href":"https:\/\/www.jazzzeitung.de\/cms\/wp-json\/wp\/v2\/coauthors?post=7710"}],"curies":[{"name":"wp","href":"https:\/\/api.w.org\/{rel}","templated":true}]}}