{"id":7704,"date":"2015-11-10T10:40:51","date_gmt":"2015-11-10T09:40:51","guid":{"rendered":"http:\/\/www.jazzzeitung.de\/cms\/?p=7704"},"modified":"2015-11-10T10:40:51","modified_gmt":"2015-11-10T09:40:51","slug":"news-konzertfinale-junger-muenchner-jazzpreis-2015-festival-jazzdate2015-leipzig","status":"publish","type":"post","link":"https:\/\/www.jazzzeitung.de\/cms\/2015\/11\/news-konzertfinale-junger-muenchner-jazzpreis-2015-festival-jazzdate2015-leipzig\/","title":{"rendered":"+++ News +++ Konzertfinale Junger M\u00fcnchner Jazzpreis 2015 +++ Festival JazzDate2015 Leipzig +++ Tobias Meinhart auf Tour +++"},"content":{"rendered":"<p><strong>+++ Konzertfinale Junger M\u00fcnchner Jazzpreis 2015 +++<\/strong><\/p>\n<figure id=\"attachment_7706\" aria-describedby=\"caption-attachment-7706\" style=\"width: 150px\" class=\"wp-caption alignright\"><a href=\"https:\/\/i0.wp.com\/www.jazzzeitung.de\/cms\/wp-content\/uploads\/2015\/11\/Tobias-Meinhart_c_Mariana-Meraz_8269.jpg\"><img data-recalc-dims=\"1\" loading=\"lazy\" decoding=\"async\" data-attachment-id=\"7706\" data-permalink=\"https:\/\/www.jazzzeitung.de\/cms\/2015\/11\/news-konzertfinale-junger-muenchner-jazzpreis-2015-festival-jazzdate2015-leipzig\/tobias-meinhart_c_mariana-meraz_8269\/\" data-orig-file=\"https:\/\/i0.wp.com\/www.jazzzeitung.de\/cms\/wp-content\/uploads\/2015\/11\/Tobias-Meinhart_c_Mariana-Meraz_8269.jpg?fit=5472%2C3648&amp;ssl=1\" data-orig-size=\"5472,3648\" data-comments-opened=\"1\" data-image-meta=\"{&quot;aperture&quot;:&quot;2.8&quot;,&quot;credit&quot;:&quot;&quot;,&quot;camera&quot;:&quot;Canon EOS 70D&quot;,&quot;caption&quot;:&quot;&quot;,&quot;created_timestamp&quot;:&quot;1431665250&quot;,&quot;copyright&quot;:&quot;&quot;,&quot;focal_length&quot;:&quot;24&quot;,&quot;iso&quot;:&quot;100&quot;,&quot;shutter_speed&quot;:&quot;0.01&quot;,&quot;title&quot;:&quot;&quot;,&quot;orientation&quot;:&quot;1&quot;}\" data-image-title=\"Tobias Meinhart_c_Mariana Meraz_8269\" data-image-description=\"\" data-image-caption=\"&lt;p&gt;Tobais Meinhart. Foto: Mariana Meraz&lt;\/p&gt;\n\" data-large-file=\"https:\/\/i0.wp.com\/www.jazzzeitung.de\/cms\/wp-content\/uploads\/2015\/11\/Tobias-Meinhart_c_Mariana-Meraz_8269.jpg?fit=840%2C560&amp;ssl=1\" class=\"size-thumbnail wp-image-7706\" src=\"https:\/\/i0.wp.com\/www.jazzzeitung.de\/cms\/wp-content\/uploads\/2015\/11\/Tobias-Meinhart_c_Mariana-Meraz_8269-150x150.jpg?resize=150%2C150\" alt=\"Tobais Meinhart. Foto: Mariana Meraz\" width=\"150\" height=\"150\" srcset=\"https:\/\/i0.wp.com\/www.jazzzeitung.de\/cms\/wp-content\/uploads\/2015\/11\/Tobias-Meinhart_c_Mariana-Meraz_8269.jpg?resize=150%2C150&amp;ssl=1 150w, https:\/\/i0.wp.com\/www.jazzzeitung.de\/cms\/wp-content\/uploads\/2015\/11\/Tobias-Meinhart_c_Mariana-Meraz_8269.jpg?resize=144%2C144&amp;ssl=1 144w, https:\/\/i0.wp.com\/www.jazzzeitung.de\/cms\/wp-content\/uploads\/2015\/11\/Tobias-Meinhart_c_Mariana-Meraz_8269.jpg?resize=96%2C96&amp;ssl=1 96w, https:\/\/i0.wp.com\/www.jazzzeitung.de\/cms\/wp-content\/uploads\/2015\/11\/Tobias-Meinhart_c_Mariana-Meraz_8269.jpg?resize=24%2C24&amp;ssl=1 24w, https:\/\/i0.wp.com\/www.jazzzeitung.de\/cms\/wp-content\/uploads\/2015\/11\/Tobias-Meinhart_c_Mariana-Meraz_8269.jpg?resize=36%2C36&amp;ssl=1 36w, https:\/\/i0.wp.com\/www.jazzzeitung.de\/cms\/wp-content\/uploads\/2015\/11\/Tobias-Meinhart_c_Mariana-Meraz_8269.jpg?resize=48%2C48&amp;ssl=1 48w, https:\/\/i0.wp.com\/www.jazzzeitung.de\/cms\/wp-content\/uploads\/2015\/11\/Tobias-Meinhart_c_Mariana-Meraz_8269.jpg?resize=64%2C64&amp;ssl=1 64w, https:\/\/i0.wp.com\/www.jazzzeitung.de\/cms\/wp-content\/uploads\/2015\/11\/Tobias-Meinhart_c_Mariana-Meraz_8269.jpg?resize=32%2C32&amp;ssl=1 32w, https:\/\/i0.wp.com\/www.jazzzeitung.de\/cms\/wp-content\/uploads\/2015\/11\/Tobias-Meinhart_c_Mariana-Meraz_8269.jpg?resize=128%2C128&amp;ssl=1 128w, https:\/\/i0.wp.com\/www.jazzzeitung.de\/cms\/wp-content\/uploads\/2015\/11\/Tobias-Meinhart_c_Mariana-Meraz_8269.jpg?zoom=2&amp;resize=150%2C150&amp;ssl=1 300w, https:\/\/i0.wp.com\/www.jazzzeitung.de\/cms\/wp-content\/uploads\/2015\/11\/Tobias-Meinhart_c_Mariana-Meraz_8269.jpg?zoom=3&amp;resize=150%2C150&amp;ssl=1 450w\" sizes=\"auto, (max-width: 150px) 100vw, 150px\" \/><\/a><figcaption id=\"caption-attachment-7706\" class=\"wp-caption-text\">Tobias Meinhart. Foto: Mariana Meraz<\/figcaption><\/figure>\n<p>Am Freitag, den 13. 11., 20 Uhr, findet in der M\u00fcnchner Unterfahrt das Konzertfinale des Jungen M\u00fcnchner Jazzpreises 2015 statt \u2013 ein Gl\u00fcckstag f\u00fcr den jungen deutschen Jazz. Der Preis (JMJP) wird 2015 das dritte Mal vergeben. Die Konzertfinale 2013 und 2014 in der jeweils ausverkauften Unterfahrt waren Highlights des M\u00fcnchner Jazz. Der JMJP ist ein F\u00f6rderpreis von \u201emucjazz &#8211; M\u00fcnchner Verein zur F\u00f6rderung von Jazz e.V.\u201c und mit insgesamt 6.000 \u20ac dotiert, Platz 1 mit 3000 \u20ac und die Pl\u00e4tze 2 und 3 mit 2.000 bzw. 1.000 \u20ac. Er ist ausgeschrieben f\u00fcr Jazzmusiker(innen) bis 27 Jahre und lebt von der Unterst\u00fctzung von Mitgliedern und Spendern. Das Konzertfinale steht unter der Schirmherrschaft von Oberb\u00fcrgermeister Dieter Reiter und ist ein Kooperationsprojekt von mucjazz , Unterfahrt und BR Klassik, das aufnehmen wird.<\/p>\n<p>Finalisten JMJP 2015<\/p>\n<p>Der Preis wurde \u00f6ffentlich ausgeschrieben. Aus 33 Bewerbungen hat die Jury im blindfold-Verfahren anhand eingesandter Tontr\u00e4ger drei Finalisten ausgew\u00e4hlt. Die diesj\u00e4hrigen Finalisten, die um den Jungen M\u00fcnchner Jazzpreis 2015 spielen,\u00a0 sind:<\/p>\n<ul>\n<li>Andreas Feith Quartett &#8211; N\u00fcrnberg<\/li>\n<\/ul>\n<p>Andreas Feith (p) &#8211; Jan Prax (saxes) &#8211; Tilmann Oberbeck (b) &#8211; Dominik Raab (dr)<\/p>\n<ul>\n<li>Marius Peters Rearranged &#8211; K\u00f6ln<\/li>\n<\/ul>\n<p>Marius Peters (g) &#8211; Stefan Jackmuth (b) &#8211; Silas Jakob (dr)<\/p>\n<ul>\n<li>Just Another Foundry &#8211; K\u00f6ln<\/li>\n<\/ul>\n<p>Jonas Engel (sax) &#8211; Florian Herzog (b) &#8211; Anthony Greminger (dr)<\/p>\n<p>mucjazz &#8211; M\u00fcnchner Verein zur F\u00f6rderung von Jazz e.V.\u00a0 wurde im M\u00e4rz 2013 gegr\u00fcndet. Ziel ist die F\u00f6rderung des Jazz, insbesondere hervorragender Nachwuchsk\u00fcnstler im Rahmen von Wettbewerben und durch Unterst\u00fctzung von Auftritten und Ausbildung. Mit dem JMJP will der Verein jungen Jazzmusikern Perspektive, Motivation und Unterst\u00fctzung an der Schwelle zur professionellen Karriere geben. mucjazz ist eine non-profit-Institution und finanziert sich ausschlie\u00dflich aus Spenden und Beitr\u00e4gen.<\/p>\n<p>Weitere Informationen \/ Kontakt <a href=\"http:\/\/www.mucjazz.de\">www.mucjazz.de<\/a>\u00a0 und <a href=\"http:\/\/www.unterfahrt.de\">www.unterfahrt.de<\/a><\/p>\n<p>&nbsp;<\/p>\n<p><strong>+++ Festival JazzDate2015 Leipzig +++<\/strong><\/p>\n<p>Vom <strong>12.-14.11.<\/strong> sind im &#8222;plan b&#8220; neue Projekte zu erleben, die Leipziger Jazzmusiker gemeinsam mit K\u00fcnstlern anderer Genres auf die Beine gestellt haben. Herzliche Einladung zu den Konzerten! Es wird bestimmt spannend.<\/p>\n<p>Hier der Programm\u00fcberblick:<\/p>\n<p>12.11. (Do.), 20 Uhr &#8211; LOOKING FOR GROUNDHOG;\u00a0 21 Uhr &#8211; RINGELSTERN &amp; MORGENNATZ,<\/p>\n<p>13.11. (Fr.), 20 Uhr &#8211; GAMBLE &amp; HOPE,\u00a0 21 Uhr &#8211; STRANGER IN A STRANGE LAND;<\/p>\n<p>14.11. (Sa.), 20 Uhr &#8211; TIEF BLAU GR\u00dcN SEE,\u00a0 21 Uhr &#8211; VORAHNUNG: JOSEPH BRODSKY.<\/p>\n<p>Ausf\u00fchrliche Infos\u00a0sind auf <a href=\"http:\/\/www.leipjazzig.de\/\">www.leipjazzig.de<\/a> zu finden.<\/p>\n<p>Die Konzertabende beginnen jeweils 20 Uhr. Karten zu EUR 15,- \/ 10,- (erm.) gibt es ab 19 Uhr an der Abendkasse und k\u00f6nnen per E-Mail an <a href=\"mailto:post@leipjazzig.de\">post@leipjazzig.de<\/a> vorbestellt werden. Der Kartenvorverkauf erfolgt bei der &#8222;Ticketgalerie&#8220; (Barthels Hof \/Hainstr. 1). Eine Vorbestellung per Mail bzw. der Erwerb der Tickets im Vorverkauf empfiehlt sich, da die Platzkapazit\u00e4t begrenzt ist.<\/p>\n<p>&nbsp;<\/p>\n<p><strong>+++ Tobias Meinhart auf Tour +++<\/strong><\/p>\n<p>Jazzsaxophonist und Komponist Tobias Meinhart tourt mit seinem Projekt \u201eNatural Perception\u201c und dem gleichnamigen aktuellen Album durch Deutschland, unter anderem ist er heute am 10.11. im Leeren Beutel in Regensburg zu Gast. F\u00fcr sein Projekt Natural Perception kommt seine langj\u00e4hrige Mentorin Ingrid Jensen an der Trompete hinzu. Bekannt geworden vor allem durch ihre Arbeit mit dem Maria Schneider Orchestra, ist sie immer wieder in den Top 5 der j\u00e4hrlichen Downbeat Critics Polls zu sehen.<br \/>\nImagevideo von Natural Perception <a href=\"https:\/\/vimeo.com\/141093103\">vimeo.com\/141093103<\/a><\/p>\n<p>Lauschangriff auf Tobias Meinhart unter <a href=\"http:\/\/www.silberhorn-magazin.de\/lauschangriff\">www.silberhorn-magazin.de\/lauschangriff<\/a><\/p>\n<p>&nbsp;<\/p>\n","protected":false},"excerpt":{"rendered":"<p>+++ Konzertfinale Junger M\u00fcnchner Jazzpreis 2015 +++ Am Freitag, den 13. 11., 20 Uhr, findet in der M\u00fcnchner Unterfahrt das Konzertfinale des Jungen M\u00fcnchner Jazzpreises 2015 statt \u2013 ein Gl\u00fcckstag f\u00fcr den jungen deutschen Jazz. Der Preis (JMJP) wird 2015 das dritte Mal vergeben. Die Konzertfinale 2013 und 2014 in der jeweils ausverkauften Unterfahrt waren Highlights des M\u00fcnchner Jazz. Der JMJP ist ein F\u00f6rderpreis von \u201emucjazz &#8211; M\u00fcnchner Verein zur F\u00f6rderung von Jazz e.V.\u201c und mit insgesamt 6.000 \u20ac dotiert, Platz 1 mit 3000 \u20ac und die Pl\u00e4tze 2 und 3 mit 2.000 bzw. 1.000 \u20ac. Er ist ausgeschrieben f\u00fcr Jazzmusiker(innen) bis 27 Jahre und lebt von der Unterst\u00fctzung von Mitgliedern und Spendern. Das Konzertfinale steht unter der Schirmherrschaft von Oberb\u00fcrgermeister Dieter Reiter und ist ein Kooperationsprojekt von mucjazz , Unterfahrt und BR Klassik, das aufnehmen wird. Finalisten JMJP 2015 Der Preis wurde \u00f6ffentlich ausgeschrieben. Aus 33 Bewerbungen hat die Jury im blindfold-Verfahren anhand eingesandter Tontr\u00e4ger drei Finalisten ausgew\u00e4hlt. Die diesj\u00e4hrigen Finalisten, die um den Jungen M\u00fcnchner Jazzpreis 2015 spielen,\u00a0 sind: Andreas Feith Quartett &#8211; N\u00fcrnberg Andreas Feith (p) &#8211; Jan Prax (saxes) &#8211; Tilmann &hellip;<\/p>\n","protected":false},"author":18,"featured_media":0,"comment_status":"open","ping_status":"closed","sticky":false,"template":"","format":"standard","meta":{"_jetpack_memberships_contains_paid_content":false,"footnotes":"","jetpack_publicize_message":"","jetpack_publicize_feature_enabled":true,"jetpack_social_post_already_shared":false,"jetpack_social_options":{"image_generator_settings":{"template":"highway","default_image_id":0,"font":"","enabled":false},"version":2}},"categories":[634],"tags":[34,137,3,281,316,852,348,349,773,1116,423,1797,548,1035,558,573],"coauthors":[695],"class_list":["post-7704","post","type-post","status-publish","format-standard","hentry","category-redaktion","tag-album","tag-deutschland","tag-festival","tag-jazzmusiker","tag-klassik","tag-koeln","tag-leipjazzig","tag-leipzig","tag-mail","tag-mucjazz","tag-nuernberg","tag-regensburg","tag-tickets","tag-tobias-meinhart","tag-tour","tag-unterfahrt"],"yoast_head":"<!-- This site is optimized with the Yoast SEO plugin v27.5 - https:\/\/yoast.com\/product\/yoast-seo-wordpress\/ -->\n<title>+++ News +++ Konzertfinale Junger M\u00fcnchner Jazzpreis 2015 +++ Festival JazzDate2015 Leipzig +++ Tobias Meinhart auf Tour +++ - JazzZeitung<\/title>\n<meta name=\"robots\" content=\"index, follow, max-snippet:-1, max-image-preview:large, max-video-preview:-1\" \/>\n<link rel=\"canonical\" href=\"https:\/\/www.jazzzeitung.de\/cms\/2015\/11\/news-konzertfinale-junger-muenchner-jazzpreis-2015-festival-jazzdate2015-leipzig\/\" \/>\n<meta property=\"og:locale\" content=\"de_DE\" \/>\n<meta property=\"og:type\" content=\"article\" \/>\n<meta property=\"og:title\" content=\"+++ News +++ Konzertfinale Junger M\u00fcnchner Jazzpreis 2015 +++ Festival JazzDate2015 Leipzig +++ Tobias Meinhart auf Tour +++ - JazzZeitung\" \/>\n<meta property=\"og:description\" content=\"+++ Konzertfinale Junger M\u00fcnchner Jazzpreis 2015 +++ Am Freitag, den 13. 11., 20 Uhr, findet in der M\u00fcnchner Unterfahrt das Konzertfinale des Jungen M\u00fcnchner Jazzpreises 2015 statt \u2013 ein Gl\u00fcckstag f\u00fcr den jungen deutschen Jazz. Der Preis (JMJP) wird 2015 das dritte Mal vergeben. Die Konzertfinale 2013 und 2014 in der jeweils ausverkauften Unterfahrt waren Highlights des M\u00fcnchner Jazz. Der JMJP ist ein F\u00f6rderpreis von \u201emucjazz &#8211; M\u00fcnchner Verein zur F\u00f6rderung von Jazz e.V.\u201c und mit insgesamt 6.000 \u20ac dotiert, Platz 1 mit 3000 \u20ac und die Pl\u00e4tze 2 und 3 mit 2.000 bzw. 1.000 \u20ac. Er ist ausgeschrieben f\u00fcr Jazzmusiker(innen) bis 27 Jahre und lebt von der Unterst\u00fctzung von Mitgliedern und Spendern. Das Konzertfinale steht unter der Schirmherrschaft von Oberb\u00fcrgermeister Dieter Reiter und ist ein Kooperationsprojekt von mucjazz , Unterfahrt und BR Klassik, das aufnehmen wird. Finalisten JMJP 2015 Der Preis wurde \u00f6ffentlich ausgeschrieben. Aus 33 Bewerbungen hat die Jury im blindfold-Verfahren anhand eingesandter Tontr\u00e4ger drei Finalisten ausgew\u00e4hlt. Die diesj\u00e4hrigen Finalisten, die um den Jungen M\u00fcnchner Jazzpreis 2015 spielen,\u00a0 sind: Andreas Feith Quartett &#8211; N\u00fcrnberg Andreas Feith (p) &#8211; Jan Prax (saxes) &#8211; Tilmann &hellip;\" \/>\n<meta property=\"og:url\" content=\"https:\/\/www.jazzzeitung.de\/cms\/2015\/11\/news-konzertfinale-junger-muenchner-jazzpreis-2015-festival-jazzdate2015-leipzig\/\" \/>\n<meta property=\"og:site_name\" content=\"JazzZeitung\" \/>\n<meta property=\"article:publisher\" content=\"https:\/\/www.facebook.com\/JazzZeitung\/\" \/>\n<meta property=\"article:published_time\" content=\"2015-11-10T09:40:51+00:00\" \/>\n<meta property=\"og:image\" content=\"http:\/\/www.jazzzeitung.de\/cms\/wp-content\/uploads\/2015\/11\/Tobias-Meinhart_c_Mariana-Meraz_8269-150x150.jpg\" \/>\n<meta name=\"author\" content=\"Redaktion JazzZeitung\" \/>\n<script type=\"application\/ld+json\" class=\"yoast-schema-graph\">{\"@context\":\"https:\\\/\\\/schema.org\",\"@graph\":[{\"@type\":\"Article\",\"@id\":\"https:\\\/\\\/www.jazzzeitung.de\\\/cms\\\/2015\\\/11\\\/news-konzertfinale-junger-muenchner-jazzpreis-2015-festival-jazzdate2015-leipzig\\\/#article\",\"isPartOf\":{\"@id\":\"https:\\\/\\\/www.jazzzeitung.de\\\/cms\\\/2015\\\/11\\\/news-konzertfinale-junger-muenchner-jazzpreis-2015-festival-jazzdate2015-leipzig\\\/\"},\"author\":{\"name\":\"Redaktion JazzZeitung\",\"@id\":\"https:\\\/\\\/www.jazzzeitung.de\\\/cms\\\/#\\\/schema\\\/person\\\/2245b36b9cd1d24cea10f01c031fb92b\"},\"headline\":\"+++ News +++ Konzertfinale Junger M\u00fcnchner Jazzpreis 2015 +++ Festival JazzDate2015 Leipzig +++ Tobias Meinhart auf Tour +++\",\"datePublished\":\"2015-11-10T09:40:51+00:00\",\"mainEntityOfPage\":{\"@id\":\"https:\\\/\\\/www.jazzzeitung.de\\\/cms\\\/2015\\\/11\\\/news-konzertfinale-junger-muenchner-jazzpreis-2015-festival-jazzdate2015-leipzig\\\/\"},\"wordCount\":570,\"commentCount\":0,\"publisher\":{\"@id\":\"https:\\\/\\\/www.jazzzeitung.de\\\/cms\\\/#organization\"},\"image\":{\"@id\":\"https:\\\/\\\/www.jazzzeitung.de\\\/cms\\\/2015\\\/11\\\/news-konzertfinale-junger-muenchner-jazzpreis-2015-festival-jazzdate2015-leipzig\\\/#primaryimage\"},\"thumbnailUrl\":\"http:\\\/\\\/www.jazzzeitung.de\\\/cms\\\/wp-content\\\/uploads\\\/2015\\\/11\\\/Tobias-Meinhart_c_Mariana-Meraz_8269-150x150.jpg\",\"keywords\":[\"Album\",\"Deutschland\",\"Festival\",\"Jazzmusiker\",\"Klassik\",\"K\u00f6ln\",\"leipjazzig\",\"Leipzig\",\"mail\",\"mucjazz\",\"N\u00fcrnberg\",\"Regensburg\",\"Tickets\",\"Tobias Meinhart\",\"Tour\",\"Unterfahrt\"],\"articleSection\":[\"Redaktionelle Nachrichten\"],\"inLanguage\":\"de\",\"potentialAction\":[{\"@type\":\"CommentAction\",\"name\":\"Comment\",\"target\":[\"https:\\\/\\\/www.jazzzeitung.de\\\/cms\\\/2015\\\/11\\\/news-konzertfinale-junger-muenchner-jazzpreis-2015-festival-jazzdate2015-leipzig\\\/#respond\"]}]},{\"@type\":\"WebPage\",\"@id\":\"https:\\\/\\\/www.jazzzeitung.de\\\/cms\\\/2015\\\/11\\\/news-konzertfinale-junger-muenchner-jazzpreis-2015-festival-jazzdate2015-leipzig\\\/\",\"url\":\"https:\\\/\\\/www.jazzzeitung.de\\\/cms\\\/2015\\\/11\\\/news-konzertfinale-junger-muenchner-jazzpreis-2015-festival-jazzdate2015-leipzig\\\/\",\"name\":\"+++ News +++ Konzertfinale Junger M\u00fcnchner Jazzpreis 2015 +++ Festival JazzDate2015 Leipzig +++ Tobias Meinhart auf Tour +++ - JazzZeitung\",\"isPartOf\":{\"@id\":\"https:\\\/\\\/www.jazzzeitung.de\\\/cms\\\/#website\"},\"primaryImageOfPage\":{\"@id\":\"https:\\\/\\\/www.jazzzeitung.de\\\/cms\\\/2015\\\/11\\\/news-konzertfinale-junger-muenchner-jazzpreis-2015-festival-jazzdate2015-leipzig\\\/#primaryimage\"},\"image\":{\"@id\":\"https:\\\/\\\/www.jazzzeitung.de\\\/cms\\\/2015\\\/11\\\/news-konzertfinale-junger-muenchner-jazzpreis-2015-festival-jazzdate2015-leipzig\\\/#primaryimage\"},\"thumbnailUrl\":\"http:\\\/\\\/www.jazzzeitung.de\\\/cms\\\/wp-content\\\/uploads\\\/2015\\\/11\\\/Tobias-Meinhart_c_Mariana-Meraz_8269-150x150.jpg\",\"datePublished\":\"2015-11-10T09:40:51+00:00\",\"breadcrumb\":{\"@id\":\"https:\\\/\\\/www.jazzzeitung.de\\\/cms\\\/2015\\\/11\\\/news-konzertfinale-junger-muenchner-jazzpreis-2015-festival-jazzdate2015-leipzig\\\/#breadcrumb\"},\"inLanguage\":\"de\",\"potentialAction\":[{\"@type\":\"ReadAction\",\"target\":[\"https:\\\/\\\/www.jazzzeitung.de\\\/cms\\\/2015\\\/11\\\/news-konzertfinale-junger-muenchner-jazzpreis-2015-festival-jazzdate2015-leipzig\\\/\"]}]},{\"@type\":\"ImageObject\",\"inLanguage\":\"de\",\"@id\":\"https:\\\/\\\/www.jazzzeitung.de\\\/cms\\\/2015\\\/11\\\/news-konzertfinale-junger-muenchner-jazzpreis-2015-festival-jazzdate2015-leipzig\\\/#primaryimage\",\"url\":\"http:\\\/\\\/www.jazzzeitung.de\\\/cms\\\/wp-content\\\/uploads\\\/2015\\\/11\\\/Tobias-Meinhart_c_Mariana-Meraz_8269-150x150.jpg\",\"contentUrl\":\"http:\\\/\\\/www.jazzzeitung.de\\\/cms\\\/wp-content\\\/uploads\\\/2015\\\/11\\\/Tobias-Meinhart_c_Mariana-Meraz_8269-150x150.jpg\"},{\"@type\":\"BreadcrumbList\",\"@id\":\"https:\\\/\\\/www.jazzzeitung.de\\\/cms\\\/2015\\\/11\\\/news-konzertfinale-junger-muenchner-jazzpreis-2015-festival-jazzdate2015-leipzig\\\/#breadcrumb\",\"itemListElement\":[{\"@type\":\"ListItem\",\"position\":1,\"name\":\"Startseite\",\"item\":\"https:\\\/\\\/www.jazzzeitung.de\\\/cms\\\/\"},{\"@type\":\"ListItem\",\"position\":2,\"name\":\"+++ News +++ Konzertfinale Junger M\u00fcnchner Jazzpreis 2015 +++ Festival JazzDate2015 Leipzig +++ Tobias Meinhart auf Tour +++\"}]},{\"@type\":\"WebSite\",\"@id\":\"https:\\\/\\\/www.jazzzeitung.de\\\/cms\\\/#website\",\"url\":\"https:\\\/\\\/www.jazzzeitung.de\\\/cms\\\/\",\"name\":\"JazzZeitung\",\"description\":\"Jazz-News und Jazz-Kontroverses\",\"publisher\":{\"@id\":\"https:\\\/\\\/www.jazzzeitung.de\\\/cms\\\/#organization\"},\"potentialAction\":[{\"@type\":\"SearchAction\",\"target\":{\"@type\":\"EntryPoint\",\"urlTemplate\":\"https:\\\/\\\/www.jazzzeitung.de\\\/cms\\\/?s={search_term_string}\"},\"query-input\":{\"@type\":\"PropertyValueSpecification\",\"valueRequired\":true,\"valueName\":\"search_term_string\"}}],\"inLanguage\":\"de\"},{\"@type\":\"Organization\",\"@id\":\"https:\\\/\\\/www.jazzzeitung.de\\\/cms\\\/#organization\",\"name\":\"JazzZeitung online\",\"url\":\"https:\\\/\\\/www.jazzzeitung.de\\\/cms\\\/\",\"logo\":{\"@type\":\"ImageObject\",\"inLanguage\":\"de\",\"@id\":\"https:\\\/\\\/www.jazzzeitung.de\\\/cms\\\/#\\\/schema\\\/logo\\\/image\\\/\",\"url\":\"https:\\\/\\\/i0.wp.com\\\/www.jazzzeitung.de\\\/cms\\\/wp-content\\\/uploads\\\/2015\\\/08\\\/JAZZZEITUNGDE_Logo_Neu.png?fit=499%2C200&ssl=1\",\"contentUrl\":\"https:\\\/\\\/i0.wp.com\\\/www.jazzzeitung.de\\\/cms\\\/wp-content\\\/uploads\\\/2015\\\/08\\\/JAZZZEITUNGDE_Logo_Neu.png?fit=499%2C200&ssl=1\",\"width\":499,\"height\":200,\"caption\":\"JazzZeitung online\"},\"image\":{\"@id\":\"https:\\\/\\\/www.jazzzeitung.de\\\/cms\\\/#\\\/schema\\\/logo\\\/image\\\/\"},\"sameAs\":[\"https:\\\/\\\/www.facebook.com\\\/JazzZeitung\\\/\"]},{\"@type\":\"Person\",\"@id\":\"https:\\\/\\\/www.jazzzeitung.de\\\/cms\\\/#\\\/schema\\\/person\\\/2245b36b9cd1d24cea10f01c031fb92b\",\"name\":\"Redaktion JazzZeitung\",\"image\":{\"@type\":\"ImageObject\",\"inLanguage\":\"de\",\"@id\":\"https:\\\/\\\/i0.wp.com\\\/www.jazzzeitung.de\\\/cms\\\/wp-content\\\/uploads\\\/2015\\\/08\\\/JAZZZEITUNGDE_Logo_Neu.png?resize=96%2C96&ssl=159975dcacb611b5700bd619b5daf0a7a\",\"url\":\"https:\\\/\\\/i0.wp.com\\\/www.jazzzeitung.de\\\/cms\\\/wp-content\\\/uploads\\\/2015\\\/08\\\/JAZZZEITUNGDE_Logo_Neu.png?resize=96%2C96&ssl=1\",\"contentUrl\":\"https:\\\/\\\/i0.wp.com\\\/www.jazzzeitung.de\\\/cms\\\/wp-content\\\/uploads\\\/2015\\\/08\\\/JAZZZEITUNGDE_Logo_Neu.png?resize=96%2C96&ssl=1\",\"caption\":\"Redaktion JazzZeitung\"},\"description\":\"Artikel der Redaktion der JazzZeitung.\",\"sameAs\":[\"http:\\\/\\\/www.jazzzeitung.de\\\/cms\\\/\"],\"url\":\"https:\\\/\\\/www.jazzzeitung.de\\\/cms\\\/author\\\/redaktion\\\/\"}]}<\/script>\n<!-- \/ Yoast SEO plugin. -->","yoast_head_json":{"title":"+++ News +++ Konzertfinale Junger M\u00fcnchner Jazzpreis 2015 +++ Festival JazzDate2015 Leipzig +++ Tobias Meinhart auf Tour +++ - JazzZeitung","robots":{"index":"index","follow":"follow","max-snippet":"max-snippet:-1","max-image-preview":"max-image-preview:large","max-video-preview":"max-video-preview:-1"},"canonical":"https:\/\/www.jazzzeitung.de\/cms\/2015\/11\/news-konzertfinale-junger-muenchner-jazzpreis-2015-festival-jazzdate2015-leipzig\/","og_locale":"de_DE","og_type":"article","og_title":"+++ News +++ Konzertfinale Junger M\u00fcnchner Jazzpreis 2015 +++ Festival JazzDate2015 Leipzig +++ Tobias Meinhart auf Tour +++ - JazzZeitung","og_description":"+++ Konzertfinale Junger M\u00fcnchner Jazzpreis 2015 +++ Am Freitag, den 13. 11., 20 Uhr, findet in der M\u00fcnchner Unterfahrt das Konzertfinale des Jungen M\u00fcnchner Jazzpreises 2015 statt \u2013 ein Gl\u00fcckstag f\u00fcr den jungen deutschen Jazz. Der Preis (JMJP) wird 2015 das dritte Mal vergeben. Die Konzertfinale 2013 und 2014 in der jeweils ausverkauften Unterfahrt waren Highlights des M\u00fcnchner Jazz. Der JMJP ist ein F\u00f6rderpreis von \u201emucjazz &#8211; M\u00fcnchner Verein zur F\u00f6rderung von Jazz e.V.\u201c und mit insgesamt 6.000 \u20ac dotiert, Platz 1 mit 3000 \u20ac und die Pl\u00e4tze 2 und 3 mit 2.000 bzw. 1.000 \u20ac. Er ist ausgeschrieben f\u00fcr Jazzmusiker(innen) bis 27 Jahre und lebt von der Unterst\u00fctzung von Mitgliedern und Spendern. Das Konzertfinale steht unter der Schirmherrschaft von Oberb\u00fcrgermeister Dieter Reiter und ist ein Kooperationsprojekt von mucjazz , Unterfahrt und BR Klassik, das aufnehmen wird. Finalisten JMJP 2015 Der Preis wurde \u00f6ffentlich ausgeschrieben. Aus 33 Bewerbungen hat die Jury im blindfold-Verfahren anhand eingesandter Tontr\u00e4ger drei Finalisten ausgew\u00e4hlt. Die diesj\u00e4hrigen Finalisten, die um den Jungen M\u00fcnchner Jazzpreis 2015 spielen,\u00a0 sind: Andreas Feith Quartett &#8211; N\u00fcrnberg Andreas Feith (p) &#8211; Jan Prax (saxes) &#8211; Tilmann &hellip;","og_url":"https:\/\/www.jazzzeitung.de\/cms\/2015\/11\/news-konzertfinale-junger-muenchner-jazzpreis-2015-festival-jazzdate2015-leipzig\/","og_site_name":"JazzZeitung","article_publisher":"https:\/\/www.facebook.com\/JazzZeitung\/","article_published_time":"2015-11-10T09:40:51+00:00","og_image":[{"url":"http:\/\/www.jazzzeitung.de\/cms\/wp-content\/uploads\/2015\/11\/Tobias-Meinhart_c_Mariana-Meraz_8269-150x150.jpg","type":"","width":"","height":""}],"author":"Redaktion JazzZeitung","schema":{"@context":"https:\/\/schema.org","@graph":[{"@type":"Article","@id":"https:\/\/www.jazzzeitung.de\/cms\/2015\/11\/news-konzertfinale-junger-muenchner-jazzpreis-2015-festival-jazzdate2015-leipzig\/#article","isPartOf":{"@id":"https:\/\/www.jazzzeitung.de\/cms\/2015\/11\/news-konzertfinale-junger-muenchner-jazzpreis-2015-festival-jazzdate2015-leipzig\/"},"author":{"name":"Redaktion JazzZeitung","@id":"https:\/\/www.jazzzeitung.de\/cms\/#\/schema\/person\/2245b36b9cd1d24cea10f01c031fb92b"},"headline":"+++ News +++ Konzertfinale Junger M\u00fcnchner Jazzpreis 2015 +++ Festival JazzDate2015 Leipzig +++ Tobias Meinhart auf Tour +++","datePublished":"2015-11-10T09:40:51+00:00","mainEntityOfPage":{"@id":"https:\/\/www.jazzzeitung.de\/cms\/2015\/11\/news-konzertfinale-junger-muenchner-jazzpreis-2015-festival-jazzdate2015-leipzig\/"},"wordCount":570,"commentCount":0,"publisher":{"@id":"https:\/\/www.jazzzeitung.de\/cms\/#organization"},"image":{"@id":"https:\/\/www.jazzzeitung.de\/cms\/2015\/11\/news-konzertfinale-junger-muenchner-jazzpreis-2015-festival-jazzdate2015-leipzig\/#primaryimage"},"thumbnailUrl":"http:\/\/www.jazzzeitung.de\/cms\/wp-content\/uploads\/2015\/11\/Tobias-Meinhart_c_Mariana-Meraz_8269-150x150.jpg","keywords":["Album","Deutschland","Festival","Jazzmusiker","Klassik","K\u00f6ln","leipjazzig","Leipzig","mail","mucjazz","N\u00fcrnberg","Regensburg","Tickets","Tobias Meinhart","Tour","Unterfahrt"],"articleSection":["Redaktionelle Nachrichten"],"inLanguage":"de","potentialAction":[{"@type":"CommentAction","name":"Comment","target":["https:\/\/www.jazzzeitung.de\/cms\/2015\/11\/news-konzertfinale-junger-muenchner-jazzpreis-2015-festival-jazzdate2015-leipzig\/#respond"]}]},{"@type":"WebPage","@id":"https:\/\/www.jazzzeitung.de\/cms\/2015\/11\/news-konzertfinale-junger-muenchner-jazzpreis-2015-festival-jazzdate2015-leipzig\/","url":"https:\/\/www.jazzzeitung.de\/cms\/2015\/11\/news-konzertfinale-junger-muenchner-jazzpreis-2015-festival-jazzdate2015-leipzig\/","name":"+++ News +++ Konzertfinale Junger M\u00fcnchner Jazzpreis 2015 +++ Festival JazzDate2015 Leipzig +++ Tobias Meinhart auf Tour +++ - JazzZeitung","isPartOf":{"@id":"https:\/\/www.jazzzeitung.de\/cms\/#website"},"primaryImageOfPage":{"@id":"https:\/\/www.jazzzeitung.de\/cms\/2015\/11\/news-konzertfinale-junger-muenchner-jazzpreis-2015-festival-jazzdate2015-leipzig\/#primaryimage"},"image":{"@id":"https:\/\/www.jazzzeitung.de\/cms\/2015\/11\/news-konzertfinale-junger-muenchner-jazzpreis-2015-festival-jazzdate2015-leipzig\/#primaryimage"},"thumbnailUrl":"http:\/\/www.jazzzeitung.de\/cms\/wp-content\/uploads\/2015\/11\/Tobias-Meinhart_c_Mariana-Meraz_8269-150x150.jpg","datePublished":"2015-11-10T09:40:51+00:00","breadcrumb":{"@id":"https:\/\/www.jazzzeitung.de\/cms\/2015\/11\/news-konzertfinale-junger-muenchner-jazzpreis-2015-festival-jazzdate2015-leipzig\/#breadcrumb"},"inLanguage":"de","potentialAction":[{"@type":"ReadAction","target":["https:\/\/www.jazzzeitung.de\/cms\/2015\/11\/news-konzertfinale-junger-muenchner-jazzpreis-2015-festival-jazzdate2015-leipzig\/"]}]},{"@type":"ImageObject","inLanguage":"de","@id":"https:\/\/www.jazzzeitung.de\/cms\/2015\/11\/news-konzertfinale-junger-muenchner-jazzpreis-2015-festival-jazzdate2015-leipzig\/#primaryimage","url":"http:\/\/www.jazzzeitung.de\/cms\/wp-content\/uploads\/2015\/11\/Tobias-Meinhart_c_Mariana-Meraz_8269-150x150.jpg","contentUrl":"http:\/\/www.jazzzeitung.de\/cms\/wp-content\/uploads\/2015\/11\/Tobias-Meinhart_c_Mariana-Meraz_8269-150x150.jpg"},{"@type":"BreadcrumbList","@id":"https:\/\/www.jazzzeitung.de\/cms\/2015\/11\/news-konzertfinale-junger-muenchner-jazzpreis-2015-festival-jazzdate2015-leipzig\/#breadcrumb","itemListElement":[{"@type":"ListItem","position":1,"name":"Startseite","item":"https:\/\/www.jazzzeitung.de\/cms\/"},{"@type":"ListItem","position":2,"name":"+++ News +++ Konzertfinale Junger M\u00fcnchner Jazzpreis 2015 +++ Festival JazzDate2015 Leipzig +++ Tobias Meinhart auf Tour +++"}]},{"@type":"WebSite","@id":"https:\/\/www.jazzzeitung.de\/cms\/#website","url":"https:\/\/www.jazzzeitung.de\/cms\/","name":"JazzZeitung","description":"Jazz-News und Jazz-Kontroverses","publisher":{"@id":"https:\/\/www.jazzzeitung.de\/cms\/#organization"},"potentialAction":[{"@type":"SearchAction","target":{"@type":"EntryPoint","urlTemplate":"https:\/\/www.jazzzeitung.de\/cms\/?s={search_term_string}"},"query-input":{"@type":"PropertyValueSpecification","valueRequired":true,"valueName":"search_term_string"}}],"inLanguage":"de"},{"@type":"Organization","@id":"https:\/\/www.jazzzeitung.de\/cms\/#organization","name":"JazzZeitung online","url":"https:\/\/www.jazzzeitung.de\/cms\/","logo":{"@type":"ImageObject","inLanguage":"de","@id":"https:\/\/www.jazzzeitung.de\/cms\/#\/schema\/logo\/image\/","url":"https:\/\/i0.wp.com\/www.jazzzeitung.de\/cms\/wp-content\/uploads\/2015\/08\/JAZZZEITUNGDE_Logo_Neu.png?fit=499%2C200&ssl=1","contentUrl":"https:\/\/i0.wp.com\/www.jazzzeitung.de\/cms\/wp-content\/uploads\/2015\/08\/JAZZZEITUNGDE_Logo_Neu.png?fit=499%2C200&ssl=1","width":499,"height":200,"caption":"JazzZeitung online"},"image":{"@id":"https:\/\/www.jazzzeitung.de\/cms\/#\/schema\/logo\/image\/"},"sameAs":["https:\/\/www.facebook.com\/JazzZeitung\/"]},{"@type":"Person","@id":"https:\/\/www.jazzzeitung.de\/cms\/#\/schema\/person\/2245b36b9cd1d24cea10f01c031fb92b","name":"Redaktion JazzZeitung","image":{"@type":"ImageObject","inLanguage":"de","@id":"https:\/\/i0.wp.com\/www.jazzzeitung.de\/cms\/wp-content\/uploads\/2015\/08\/JAZZZEITUNGDE_Logo_Neu.png?resize=96%2C96&ssl=159975dcacb611b5700bd619b5daf0a7a","url":"https:\/\/i0.wp.com\/www.jazzzeitung.de\/cms\/wp-content\/uploads\/2015\/08\/JAZZZEITUNGDE_Logo_Neu.png?resize=96%2C96&ssl=1","contentUrl":"https:\/\/i0.wp.com\/www.jazzzeitung.de\/cms\/wp-content\/uploads\/2015\/08\/JAZZZEITUNGDE_Logo_Neu.png?resize=96%2C96&ssl=1","caption":"Redaktion JazzZeitung"},"description":"Artikel der Redaktion der JazzZeitung.","sameAs":["http:\/\/www.jazzzeitung.de\/cms\/"],"url":"https:\/\/www.jazzzeitung.de\/cms\/author\/redaktion\/"}]}},"wp-worthy-pixel":{"ignored":false,"public":null,"server":null,"url":null},"wp-worthy-type":"normal","jetpack_publicize_connections":[],"cc_featured_image_caption":{"caption_text":false,"source_text":false,"source_url":false},"jetpack_featured_media_url":"","jetpack_shortlink":"https:\/\/wp.me\/p3KEcT-20g","jetpack-related-posts":[{"id":11998,"url":"https:\/\/www.jazzzeitung.de\/cms\/2017\/03\/junger-muenchner-jazzpreis-2017-jetzt-bewerben\/","url_meta":{"origin":7704,"position":0},"title":"Junger M\u00fcnchner Jazzpreis 2017 &#8211; jetzt bewerben!","author":"Redaktion JazzZeitung","date":"20. M\u00e4rz 2017","format":false,"excerpt":"F\u00fcr den Jungen M\u00fcnchner Jazzpreis 2017 sind Bewerbungen von Bands bzw. Musiker(inn)en bis 28 Jahre sind bis zum 1. Juli 2017 (Eingang) herzlich willkommen. Junger M\u00fcnchner Jazzpreis Der Junge M\u00fcnchner Jazzpreis (JMJP) wird 2017 das 5. Mal vergeben. Es ist ein F\u00f6rderpreis von \u201amucjazz - M\u00fcnchner Verein zur F\u00f6rderung von\u2026","rel":"","context":"In &quot;News&quot;","block_context":{"text":"News","link":"https:\/\/www.jazzzeitung.de\/cms\/thema\/nachrichten\/"},"img":{"alt_text":"","src":"","width":0,"height":0},"classes":[]},{"id":10897,"url":"https:\/\/www.jazzzeitung.de\/cms\/2016\/11\/news-37-internationaler-jazz-workshop-in-erlangen-3-piano-marathon-ottobrunn-junger-muenchner-jazzpreis-konzertfinale\/","url_meta":{"origin":7704,"position":1},"title":"NEWS +++ 37. Internationaler Jazz Workshop in Erlangen +++ 3. Piano Marathon Ottobrunn+++ Junger M\u00fcnchner Jazzpreis Konzertfinale +++","author":"Redaktion JazzZeitung","date":"8. November 2016","format":false,"excerpt":"37. Internationaler Jazz Workshop in Erlangen Vom 15. bis zum 22. April 2017\u00a0gibt es in Erlangen den\u00a037. Internationalen Jazz Workshop. Als Dozenten sind 2017 geladen: Romy Camerun (voc), Andrey Lobanov (tp, flh), Prof. J\u00fcrgen Neudert (tb), Tony Lakatos, Hubert Winter und Joachim Lenhardt (saxophone), Peter O'Mara (git), Bernhard Pichl (p),\u2026","rel":"","context":"In &quot;News&quot;","block_context":{"text":"News","link":"https:\/\/www.jazzzeitung.de\/cms\/thema\/nachrichten\/"},"img":{"alt_text":"Rainer Glas (Bass). Foto: Privat","src":"https:\/\/i0.wp.com\/www.jazzzeitung.de\/cms\/wp-content\/uploads\/2016\/11\/DSC0082-150x150.jpg?resize=350%2C200","width":350,"height":200},"classes":[]},{"id":21297,"url":"https:\/\/www.jazzzeitung.de\/cms\/2019\/11\/3-aus-34-7-junger-muenchner-jazzpreis-2019-mit-grandiosem-konzertfinale\/","url_meta":{"origin":7704,"position":2},"title":"3 aus 34: 7. Junger M\u00fcnchner Jazzpreis 2019 mit grandiosem Konzertfinale","author":"Redaktion JazzZeitung","date":"15. November 2019","format":false,"excerpt":"Der 7. Junge M\u00fcnchner Jazzpreis 2019 wurde nach einem grandiosen Konzertfinale im Jazzclub Unterfahrt ohne weitere Begr\u00fcndung verliehen. Gewinner des 1. Preises, dotiert mit 2500 \u20ac, ist das SH4iKH Quartett aus Mainz. Die Formation des aus Frankfurt stammenden Alt- und Sopran-Saxophonisten Maximilian Shaikh-Yousef mit Lukas Moriz am Piano, Bastian Weinig\u2026","rel":"","context":"In &quot;News&quot;","block_context":{"text":"News","link":"https:\/\/www.jazzzeitung.de\/cms\/thema\/nachrichten\/"},"img":{"alt_text":"","src":"https:\/\/i0.wp.com\/www.jazzzeitung.de\/cms\/wp-content\/uploads\/2019\/11\/SH4IKH-4et_MORIZ_WEINIG_SHAIKH-YOUSEF-EBERT%E2%94%AC%C2%AEGodehard.Lutz%40bayern-mail.de_IMGP0549AB-scaled.jpg?fit=1200%2C795&ssl=1&resize=350%2C200","width":350,"height":200,"srcset":"https:\/\/i0.wp.com\/www.jazzzeitung.de\/cms\/wp-content\/uploads\/2019\/11\/SH4IKH-4et_MORIZ_WEINIG_SHAIKH-YOUSEF-EBERT%E2%94%AC%C2%AEGodehard.Lutz%40bayern-mail.de_IMGP0549AB-scaled.jpg?fit=1200%2C795&ssl=1&resize=350%2C200 1x, https:\/\/i0.wp.com\/www.jazzzeitung.de\/cms\/wp-content\/uploads\/2019\/11\/SH4IKH-4et_MORIZ_WEINIG_SHAIKH-YOUSEF-EBERT%E2%94%AC%C2%AEGodehard.Lutz%40bayern-mail.de_IMGP0549AB-scaled.jpg?fit=1200%2C795&ssl=1&resize=525%2C300 1.5x, https:\/\/i0.wp.com\/www.jazzzeitung.de\/cms\/wp-content\/uploads\/2019\/11\/SH4IKH-4et_MORIZ_WEINIG_SHAIKH-YOUSEF-EBERT%E2%94%AC%C2%AEGodehard.Lutz%40bayern-mail.de_IMGP0549AB-scaled.jpg?fit=1200%2C795&ssl=1&resize=700%2C400 2x, https:\/\/i0.wp.com\/www.jazzzeitung.de\/cms\/wp-content\/uploads\/2019\/11\/SH4IKH-4et_MORIZ_WEINIG_SHAIKH-YOUSEF-EBERT%E2%94%AC%C2%AEGodehard.Lutz%40bayern-mail.de_IMGP0549AB-scaled.jpg?fit=1200%2C795&ssl=1&resize=1050%2C600 3x"},"classes":[]},{"id":9585,"url":"https:\/\/www.jazzzeitung.de\/cms\/2016\/06\/junger-muenchner-jazzpreis-2016-steht-bevor\/","url_meta":{"origin":7704,"position":3},"title":"Jetzt bewerben f\u00fcr den Jungen M\u00fcnchner Jazzpreis 2016","author":"Redaktion JazzZeitung","date":"29. Juni 2016","format":false,"excerpt":"Am 11. November 2016 wird zum vierten Mal der Junge M\u00fcnchner Jazzpreis vergeben.\u00a0 Mit diesem Preis\u00a0 sollen junge K\u00fcnstler und Bands aus Deutschland gef\u00f6rdert werden. Bewerben k\u00f6nnen sich 1-6 Jazzmusiker(innen). Jede(r) Musiker(in) kann sich im selben Jahr nur einmal bewerben, insgesamt maximal dreimal. Alle Bewerber(innen) sollen zum Zeitpunkt der Bewerbungsfrist\u2026","rel":"","context":"In &quot;News&quot;","block_context":{"text":"News","link":"https:\/\/www.jazzzeitung.de\/cms\/thema\/nachrichten\/"},"img":{"alt_text":"Logo_Muc_Jazz-300x244","src":"https:\/\/i0.wp.com\/www.jazzzeitung.de\/cms\/wp-content\/uploads\/2016\/06\/Logo_Muc_Jazz-300x244-150x150.png?resize=350%2C200","width":350,"height":200},"classes":[]},{"id":21257,"url":"https:\/\/www.jazzzeitung.de\/cms\/2019\/11\/news-jahrespreis-der-dsk-fuer-emile-parisien-quartet-jazzkonzerte-in-northeimgoettingen-konzertfinale-junger-muenchner-jazzpreis-2019\/","url_meta":{"origin":7704,"position":4},"title":"+++ news +++ Jahrespreis der DSK f\u00fcr Emile Parisien Quartet +++ Jazzkonzerte in Northeim\/G\u00f6ttingen +++ Konzertfinale Junger M\u00fcnchner Jazzpreis 2019 +++","author":"Redaktion JazzZeitung","date":"5. November 2019","format":false,"excerpt":"+++ Jahrespreis der deutschen Schallplattenkritik f\u00fcr Emile Parisien Quartet \"Double Screening\" +++ Die Jury des wichtigsten deutschen Musik-Kritikerpreises hat \"Double Screening\" des franz\u00f6sischen Saxofonisten Emile Parisien unter die elf besten Alben des Jahres 2019 gew\u00e4hlt. \u00dcberreicht wurde die Auszeichnung am 28.10. auf Schloss Elmau von Jurymitglied und Musikjournalist Ralf Dombrowski.\u2026","rel":"","context":"In &quot;News&quot;","block_context":{"text":"News","link":"https:\/\/www.jazzzeitung.de\/cms\/thema\/nachrichten\/"},"img":{"alt_text":"","src":"https:\/\/i0.wp.com\/www.jazzzeitung.de\/cms\/wp-content\/uploads\/2019\/11\/DSC00276-Emile-Parisien-Quartet-Urkunde-c-Ralf-Dombrowski.jpg?fit=1200%2C800&ssl=1&resize=350%2C200","width":350,"height":200,"srcset":"https:\/\/i0.wp.com\/www.jazzzeitung.de\/cms\/wp-content\/uploads\/2019\/11\/DSC00276-Emile-Parisien-Quartet-Urkunde-c-Ralf-Dombrowski.jpg?fit=1200%2C800&ssl=1&resize=350%2C200 1x, https:\/\/i0.wp.com\/www.jazzzeitung.de\/cms\/wp-content\/uploads\/2019\/11\/DSC00276-Emile-Parisien-Quartet-Urkunde-c-Ralf-Dombrowski.jpg?fit=1200%2C800&ssl=1&resize=525%2C300 1.5x, https:\/\/i0.wp.com\/www.jazzzeitung.de\/cms\/wp-content\/uploads\/2019\/11\/DSC00276-Emile-Parisien-Quartet-Urkunde-c-Ralf-Dombrowski.jpg?fit=1200%2C800&ssl=1&resize=700%2C400 2x, https:\/\/i0.wp.com\/www.jazzzeitung.de\/cms\/wp-content\/uploads\/2019\/11\/DSC00276-Emile-Parisien-Quartet-Urkunde-c-Ralf-Dombrowski.jpg?fit=1200%2C800&ssl=1&resize=1050%2C600 3x"},"classes":[]},{"id":22636,"url":"https:\/\/www.jazzzeitung.de\/cms\/2020\/06\/news-hannah-weiss-und-vincent-rein-als-local-heroes-in-der-unterfahrtbewerben-fuer-den-jungen-muenchner-jazzpreis\/","url_meta":{"origin":7704,"position":5},"title":"+++News: +++Hannah Weiss und Vincent Rein als Local Heroes in der Unterfahrt+++Bewerben f\u00fcr den Jungen M\u00fcnchner Jazzpreis+++","author":"Redaktion JazzZeitung","date":"10. Juni 2020","format":false,"excerpt":"+++Local Heroes: Die Jazz-Streams aus M\u00fcnchen+++ \u201eLocal Heroes Live\u201c\u00a0 ist eine Live-Stream-Serie des M\u00fcnchener Jazzclub Unterfahrt. Die Tipps der JazzZeitung.de im Folgenden: \u00a0 Local Heroes Live #12 + 13 Abschlusskonzerte des Jazz-Instituts der Hochschule f\u00fcr Musik und Theater M\u00fcnchen Freitag, 12.06.2020 20.00 Uhr: Ganzenm\u00fcller\u2019s Bed & Breakbeat Besetzung: Julian Hesse\u2026","rel":"","context":"In &quot;News&quot;","block_context":{"text":"News","link":"https:\/\/www.jazzzeitung.de\/cms\/thema\/nachrichten\/"},"img":{"alt_text":"","src":"https:\/\/i0.wp.com\/www.jazzzeitung.de\/cms\/wp-content\/uploads\/2020\/06\/weiss.jpg?fit=709%2C1063&ssl=1&resize=350%2C200","width":350,"height":200,"srcset":"https:\/\/i0.wp.com\/www.jazzzeitung.de\/cms\/wp-content\/uploads\/2020\/06\/weiss.jpg?fit=709%2C1063&ssl=1&resize=350%2C200 1x, https:\/\/i0.wp.com\/www.jazzzeitung.de\/cms\/wp-content\/uploads\/2020\/06\/weiss.jpg?fit=709%2C1063&ssl=1&resize=525%2C300 1.5x, https:\/\/i0.wp.com\/www.jazzzeitung.de\/cms\/wp-content\/uploads\/2020\/06\/weiss.jpg?fit=709%2C1063&ssl=1&resize=700%2C400 2x"},"classes":[]}],"jetpack_sharing_enabled":true,"_links":{"self":[{"href":"https:\/\/www.jazzzeitung.de\/cms\/wp-json\/wp\/v2\/posts\/7704","targetHints":{"allow":["GET"]}}],"collection":[{"href":"https:\/\/www.jazzzeitung.de\/cms\/wp-json\/wp\/v2\/posts"}],"about":[{"href":"https:\/\/www.jazzzeitung.de\/cms\/wp-json\/wp\/v2\/types\/post"}],"author":[{"embeddable":true,"href":"https:\/\/www.jazzzeitung.de\/cms\/wp-json\/wp\/v2\/users\/18"}],"replies":[{"embeddable":true,"href":"https:\/\/www.jazzzeitung.de\/cms\/wp-json\/wp\/v2\/comments?post=7704"}],"version-history":[{"count":3,"href":"https:\/\/www.jazzzeitung.de\/cms\/wp-json\/wp\/v2\/posts\/7704\/revisions"}],"predecessor-version":[{"id":7709,"href":"https:\/\/www.jazzzeitung.de\/cms\/wp-json\/wp\/v2\/posts\/7704\/revisions\/7709"}],"wp:attachment":[{"href":"https:\/\/www.jazzzeitung.de\/cms\/wp-json\/wp\/v2\/media?parent=7704"}],"wp:term":[{"taxonomy":"category","embeddable":true,"href":"https:\/\/www.jazzzeitung.de\/cms\/wp-json\/wp\/v2\/categories?post=7704"},{"taxonomy":"post_tag","embeddable":true,"href":"https:\/\/www.jazzzeitung.de\/cms\/wp-json\/wp\/v2\/tags?post=7704"},{"taxonomy":"author","embeddable":true,"href":"https:\/\/www.jazzzeitung.de\/cms\/wp-json\/wp\/v2\/coauthors?post=7704"}],"curies":[{"name":"wp","href":"https:\/\/api.w.org\/{rel}","templated":true}]}}