{"id":766,"date":"2011-02-08T10:53:46","date_gmt":"2011-02-08T09:53:46","guid":{"rendered":"http:\/\/blogs.nmz.de\/jazz\/?p=766"},"modified":"2011-02-08T10:53:46","modified_gmt":"2011-02-08T09:53:46","slug":"replik-auf-haendels-groll","status":"publish","type":"post","link":"https:\/\/www.jazzzeitung.de\/cms\/2011\/02\/replik-auf-haendels-groll\/","title":{"rendered":"Replik auf H\u00e4ndels Groll"},"content":{"rendered":"<p style=\"text-align: justify\"><a href=\"http:\/\/blogs.nmz.de\/jazz\/2011\/02\/08\/leserbrief-haendels-groll\/\" target=\"_blank\">Lieber H\u00e4ndel<\/a>,<\/p>\n<p style=\"text-align: justify\">Mit Staunen erlebe ich, wie Sie aus einer wenig ernsthaften \u2013 weil glossistischen \u2013 publizistischen M\u00fccke einen schwergewichtigen \u2013 trotz Satirik \u2013 allzu staatstragenden Elefanten machen. Ich will nicht sagen aus einem kleinen Furz eine kapitale Bl\u00e4hung, denn immerhin tragen Ihre Ausf\u00fchrungen viel Erhellendes zu Halle und dem WiJ-Festival bei, wof\u00fcr ich Ihnen danke. Das kulturelle Mordor des Ostens, das sie da beschreiben, mag ich mir allerdings in meinen dunkelsten Tr\u00e4umen nicht vorstellen. Mit dem akribischen Zerpfl\u00fccken meiner \u201eArgumente\u201c zeigen Sie Handwerkskunst, doch was lohnt\u2019s gegen die schamlosen \u00dcbertreibungen und \u00dcberzeichnungen eines Ironikers? Ich empfehle zur Entspannung den Genuss der <a href=\"http:\/\/www.nmz.de\/online\/mahlers-elfte-gefunden-bachelor-zirkusmusik-in-frankfurt-und-universal-heisst-kuenftig-aspiri\" target=\"_blank\">taktlos-News von Theo Gei\u00dfler und Martin Hufner<\/a>, die beiden k\u00f6nnen das vermutlich besser als ich.<\/p>\n<p style=\"text-align: justify\">Worin Sie die Schm\u00e4hung des Festivals, der Frauen oder der Stadt in meinem Blogpost erkennen wollen, will sich mir nicht ganz erschlie\u00dfen. Der ehrenwerte H\u00e4ndel pflegt zwar eine Neigung zur Satire, scheitert aber in seiner Beziehung zur Ironie auf fulminante Weise.<\/p>\n<p style=\"text-align: justify\">Zun\u00e4chst darf ich Ihnen versichern, dass ich prinzipiell nichts gegen ein Festival habe, das sich jazzender Frauen annimmt. Es gibt genug au\u00dfergew\u00f6hnlich gute und auch erfolgreiche Musikerinnen, um ein solches Unterfangen qualitativ auf sichere Beine stellen zu k\u00f6nnen. Ihr Lament f\u00fcr die Frau im Musikbusiness reizt mich daher nicht zur Trauer.<\/p>\n<p style=\"text-align: justify\">Was die Schweden (eigentlich geht\u2019s ja um die -innen) angeht, sehe ich in ihnen nur ein Synonym f\u00fcr die gef\u00fchlt omnipr\u00e4sente Heerschar skandinavischer K\u00fcnstler, die das von Ihnen so genannte \u201ebajuwarische Hochglanzlabel des Jahres\u201c ins musikalische Feld schickt und bewirbt, als wenn es kein Morgen g\u00e4be. Meine Spitze war also gegen das genannte Label gerichtet, das, auch durch diese umtriebige Pressearbeit, suggeriert, es ginge nicht mehr ohne Solveigs, Idas, Caecilies, Viktorias und Rigmors. Keine \u00fcbertriebene Affinit\u00e4t zu Ritterordentr\u00e4gern jedenfalls (wobei ich ihm den durchaus g\u00f6nne).<\/p>\n<p style=\"text-align: justify\">Und bevor der evtl. mitlesende, von mir gesch\u00e4tzte Presseverantwortliche ebendieses Labels eine Schm\u00e4hung seiner K\u00fcnstler ausmacht: Nein, ich will keine \u00fcberfl\u00fcssige Qualit\u00e4tsdebatte vom Zaun brechen, diese Leute haben schon ihren berechtigten Platz. Das ACT-Bashing, wie es Martin Laurentius in seinem <a href=\"http:\/\/blogs.nmz.de\/jazz\/2011\/02\/08\/leserbrief-haendels-groll\/#comment-147\" target=\"_blank\">Kommentar<\/a> beschreibt, will ich nicht betreiben \u2013 dazu m\u00fcsste man ohnehin einen schwereren Hammer auspacken. W\u00e4hrend ich jetzt dar\u00fcber schreibe, merke ich allerdings, wie langweilig und \u00fcberholt das Skandinavier-Thema eigentlich ist. Es wurde schon zuviel gesagt und Laurentius hat hier recht, es geht ohnehin um die Musik und das K\u00f6nnen jedes Einzelnen.<\/p>\n<p style=\"text-align: justify\">Wenn ich H\u00e4ndel richtig verstehe, findet er\/sie \u201eeitle Abgehobenheit\u201c von Klugt\u00f6nern\u201c wie mir nicht dienlich f\u00fcr die Sache des Jazz oder der Frauen im Jazz. Mag sein, aber ich bin auch kein Werbefuzzi, der die vermeintlichen oder auch die bestehenden Qualit\u00e4ten seiner Kundschaft in den h\u00f6chsten T\u00f6nen loben muss. Ich denke, wer genau liest, kann erkennen worum es mir geht \u2013 n\u00e4mlich niemals gegen die K\u00fcnstler.<\/p>\n<p style=\"text-align: justify\">Die Jazzzeitung berichtet im \u00dcbrigen regelm\u00e4\u00dfig \u00fcber WiJ (<a href=\"http:\/\/www.jazzzeitung.de\/jazz\/2006\/03\/berichte-halle.shtml\" target=\"_blank\">WiJ 2006<\/a>, <a href=\"http:\/\/www.jazzzeitung.de\/jazz\/2008\/02\/berichte-halle.shtml\" target=\"_blank\">WiJ 2008<\/a>, <a href=\"http:\/\/www.jazzzeitung.de\/jazz\/2009\/02\/berichte-halle.shtml\" target=\"_blank\">WiJ 2009<\/a>, <a href=\"http:\/\/www.jazzzeitung.de\/jazz\/2010\/02\/berichte-halle.shtml\" target=\"_blank\">WiJ 2010<\/a>), so <a href=\"http:\/\/www.jazzzeitung.de\/jazz\/2011\/02\/berichte-halle.shtml\" target=\"_blank\">auch in diesem Jahr<\/a>. Ihren Vorwurf der \u201edesinteressierten Medien\u201c d\u00fcrfen wir daher reinen Gewissens an uns vorbeigehen lassen. Wir haben den \u201eblubberblasigen Kakao\u201c nicht gebraut, durch den Sie die Jazzfrauen gezogen sehen.<\/p>\n<p style=\"text-align: justify\">Das bereits begonnene Festival k\u00f6nnen Sie in Ruhe genie\u00dfen, denn ich werde mein Klugt\u00f6ner-Dreirad besteigen und es den Fluss hinaufsteuern, nicht die Saale, auch nicht Rhein oder Ruhr, sondern \u2013 Sie ahnen es \u2013 die Isar, wo ein St\u00fcck weiter flussaufw\u00e4rts eine sch\u00f6ne ockerfarbene Villa steht, in der viele blonde und nicht so blonde Schwedinnen einem weisen alten Mann lauschen. Wenn wir Gl\u00fcck haben, kommt auch eine Cellistin namens Lars und spielt uns vor&#8230;<\/p>\n<p style=\"text-align: justify\">Sch\u00f6ne Gr\u00fc\u00dfe,<\/p>\n<p style=\"text-align: justify\">J\u00f6rg Lichtinger<\/p>\n<p style=\"text-align: justify\">PS: Ihr Bild vom Notenschl\u00fcssel pinkelnden kleinen Siggi finde ich \u00fcbrigens ehrlich gro\u00dfartig!<\/p>\n","protected":false},"excerpt":{"rendered":"<p>Lieber H\u00e4ndel, Mit Staunen erlebe ich, wie Sie aus einer wenig ernsthaften \u2013 weil glossistischen \u2013 publizistischen M\u00fccke einen schwergewichtigen \u2013 trotz Satirik \u2013 allzu staatstragenden Elefanten machen. Ich will nicht sagen aus einem kleinen Furz eine kapitale Bl\u00e4hung, denn immerhin tragen Ihre Ausf\u00fchrungen viel Erhellendes zu Halle und dem WiJ-Festival bei, wof\u00fcr ich Ihnen danke. Das kulturelle Mordor des Ostens, das sie da beschreiben, mag ich mir allerdings in meinen dunkelsten Tr\u00e4umen nicht vorstellen. Mit dem akribischen Zerpfl\u00fccken meiner \u201eArgumente\u201c zeigen Sie Handwerkskunst, doch was lohnt\u2019s gegen die schamlosen \u00dcbertreibungen und \u00dcberzeichnungen eines Ironikers? Ich empfehle zur Entspannung den Genuss der taktlos-News von Theo Gei\u00dfler und Martin Hufner, die beiden k\u00f6nnen das vermutlich besser als ich. Worin Sie die Schm\u00e4hung des Festivals, der Frauen oder der Stadt in meinem Blogpost erkennen wollen, will sich mir nicht ganz erschlie\u00dfen. Der ehrenwerte H\u00e4ndel pflegt zwar eine Neigung zur Satire, scheitert aber in seiner Beziehung zur Ironie auf fulminante Weise. Zun\u00e4chst darf ich Ihnen versichern, dass ich prinzipiell nichts gegen ein Festival habe, das sich jazzender Frauen annimmt. Es gibt genug au\u00dfergew\u00f6hnlich gute und auch erfolgreiche Musikerinnen, &hellip;<\/p>\n","protected":false},"author":4,"featured_media":0,"comment_status":"open","ping_status":"open","sticky":false,"template":"","format":"standard","meta":{"_jetpack_memberships_contains_paid_content":false,"footnotes":"","jetpack_publicize_message":"","jetpack_publicize_feature_enabled":true,"jetpack_social_post_already_shared":false,"jetpack_social_options":{"image_generator_settings":{"template":"highway","default_image_id":0,"font":"","enabled":false},"version":2}},"categories":[82],"tags":[29,538,3,214,217,294,339,481,494,500],"coauthors":[],"class_list":["post-766","post","type-post","status-publish","format-standard","hentry","category-blog","tag-act","tag-taktlos","tag-festival","tag-halle","tag-haendel","tag-jazzzeitung","tag-label","tag-saale","tag-schweden","tag-siggi-loch"],"yoast_head":"<!-- This site is optimized with the Yoast SEO plugin v27.5 - https:\/\/yoast.com\/product\/yoast-seo-wordpress\/ -->\n<title>Replik auf H\u00e4ndels Groll - JazzZeitung<\/title>\n<meta name=\"robots\" content=\"index, follow, max-snippet:-1, max-image-preview:large, max-video-preview:-1\" \/>\n<link rel=\"canonical\" href=\"https:\/\/www.jazzzeitung.de\/cms\/2011\/02\/replik-auf-haendels-groll\/\" \/>\n<meta property=\"og:locale\" content=\"de_DE\" \/>\n<meta property=\"og:type\" content=\"article\" \/>\n<meta property=\"og:title\" content=\"Replik auf H\u00e4ndels Groll - JazzZeitung\" \/>\n<meta property=\"og:description\" content=\"Lieber H\u00e4ndel, Mit Staunen erlebe ich, wie Sie aus einer wenig ernsthaften \u2013 weil glossistischen \u2013 publizistischen M\u00fccke einen schwergewichtigen \u2013 trotz Satirik \u2013 allzu staatstragenden Elefanten machen. Ich will nicht sagen aus einem kleinen Furz eine kapitale Bl\u00e4hung, denn immerhin tragen Ihre Ausf\u00fchrungen viel Erhellendes zu Halle und dem WiJ-Festival bei, wof\u00fcr ich Ihnen danke. Das kulturelle Mordor des Ostens, das sie da beschreiben, mag ich mir allerdings in meinen dunkelsten Tr\u00e4umen nicht vorstellen. Mit dem akribischen Zerpfl\u00fccken meiner \u201eArgumente\u201c zeigen Sie Handwerkskunst, doch was lohnt\u2019s gegen die schamlosen \u00dcbertreibungen und \u00dcberzeichnungen eines Ironikers? Ich empfehle zur Entspannung den Genuss der taktlos-News von Theo Gei\u00dfler und Martin Hufner, die beiden k\u00f6nnen das vermutlich besser als ich. Worin Sie die Schm\u00e4hung des Festivals, der Frauen oder der Stadt in meinem Blogpost erkennen wollen, will sich mir nicht ganz erschlie\u00dfen. Der ehrenwerte H\u00e4ndel pflegt zwar eine Neigung zur Satire, scheitert aber in seiner Beziehung zur Ironie auf fulminante Weise. Zun\u00e4chst darf ich Ihnen versichern, dass ich prinzipiell nichts gegen ein Festival habe, das sich jazzender Frauen annimmt. Es gibt genug au\u00dfergew\u00f6hnlich gute und auch erfolgreiche Musikerinnen, &hellip;\" \/>\n<meta property=\"og:url\" content=\"https:\/\/www.jazzzeitung.de\/cms\/2011\/02\/replik-auf-haendels-groll\/\" \/>\n<meta property=\"og:site_name\" content=\"JazzZeitung\" \/>\n<meta property=\"article:publisher\" content=\"https:\/\/www.facebook.com\/JazzZeitung\/\" \/>\n<meta property=\"article:published_time\" content=\"2011-02-08T09:53:46+00:00\" \/>\n<meta property=\"og:image\" content=\"https:\/\/i0.wp.com\/www.jazzzeitung.de\/cms\/wp-content\/uploads\/2012\/01\/ipad-logo-200.png?fit=200%2C200&ssl=1\" \/>\n\t<meta property=\"og:image:width\" content=\"200\" \/>\n\t<meta property=\"og:image:height\" content=\"200\" \/>\n\t<meta property=\"og:image:type\" content=\"image\/png\" \/>\n<meta name=\"author\" content=\"J\u00f6rg Lichtinger\" \/>\n<script type=\"application\/ld+json\" class=\"yoast-schema-graph\">{\"@context\":\"https:\\\/\\\/schema.org\",\"@graph\":[{\"@type\":\"Article\",\"@id\":\"https:\\\/\\\/www.jazzzeitung.de\\\/cms\\\/2011\\\/02\\\/replik-auf-haendels-groll\\\/#article\",\"isPartOf\":{\"@id\":\"https:\\\/\\\/www.jazzzeitung.de\\\/cms\\\/2011\\\/02\\\/replik-auf-haendels-groll\\\/\"},\"author\":{\"name\":\"J\u00f6rg Lichtinger\",\"@id\":\"https:\\\/\\\/www.jazzzeitung.de\\\/cms\\\/#\\\/schema\\\/person\\\/4c5aaf486bdcd85db94b9a8b9e026bad\"},\"headline\":\"Replik auf H\u00e4ndels Groll\",\"datePublished\":\"2011-02-08T09:53:46+00:00\",\"mainEntityOfPage\":{\"@id\":\"https:\\\/\\\/www.jazzzeitung.de\\\/cms\\\/2011\\\/02\\\/replik-auf-haendels-groll\\\/\"},\"wordCount\":644,\"commentCount\":2,\"publisher\":{\"@id\":\"https:\\\/\\\/www.jazzzeitung.de\\\/cms\\\/#organization\"},\"keywords\":[\"act\",\"das ist taktlos\",\"Festival\",\"Halle\",\"H\u00e4ndel\",\"Jazzzeitung\",\"Label\",\"Saale\",\"Schweden\",\"Siggi Loch\"],\"articleSection\":[\"Blog\"],\"inLanguage\":\"de\",\"potentialAction\":[{\"@type\":\"CommentAction\",\"name\":\"Comment\",\"target\":[\"https:\\\/\\\/www.jazzzeitung.de\\\/cms\\\/2011\\\/02\\\/replik-auf-haendels-groll\\\/#respond\"]}]},{\"@type\":\"WebPage\",\"@id\":\"https:\\\/\\\/www.jazzzeitung.de\\\/cms\\\/2011\\\/02\\\/replik-auf-haendels-groll\\\/\",\"url\":\"https:\\\/\\\/www.jazzzeitung.de\\\/cms\\\/2011\\\/02\\\/replik-auf-haendels-groll\\\/\",\"name\":\"Replik auf H\u00e4ndels Groll - JazzZeitung\",\"isPartOf\":{\"@id\":\"https:\\\/\\\/www.jazzzeitung.de\\\/cms\\\/#website\"},\"datePublished\":\"2011-02-08T09:53:46+00:00\",\"breadcrumb\":{\"@id\":\"https:\\\/\\\/www.jazzzeitung.de\\\/cms\\\/2011\\\/02\\\/replik-auf-haendels-groll\\\/#breadcrumb\"},\"inLanguage\":\"de\",\"potentialAction\":[{\"@type\":\"ReadAction\",\"target\":[\"https:\\\/\\\/www.jazzzeitung.de\\\/cms\\\/2011\\\/02\\\/replik-auf-haendels-groll\\\/\"]}]},{\"@type\":\"BreadcrumbList\",\"@id\":\"https:\\\/\\\/www.jazzzeitung.de\\\/cms\\\/2011\\\/02\\\/replik-auf-haendels-groll\\\/#breadcrumb\",\"itemListElement\":[{\"@type\":\"ListItem\",\"position\":1,\"name\":\"Startseite\",\"item\":\"https:\\\/\\\/www.jazzzeitung.de\\\/cms\\\/\"},{\"@type\":\"ListItem\",\"position\":2,\"name\":\"Replik auf H\u00e4ndels Groll\"}]},{\"@type\":\"WebSite\",\"@id\":\"https:\\\/\\\/www.jazzzeitung.de\\\/cms\\\/#website\",\"url\":\"https:\\\/\\\/www.jazzzeitung.de\\\/cms\\\/\",\"name\":\"JazzZeitung\",\"description\":\"Jazz-News und Jazz-Kontroverses\",\"publisher\":{\"@id\":\"https:\\\/\\\/www.jazzzeitung.de\\\/cms\\\/#organization\"},\"potentialAction\":[{\"@type\":\"SearchAction\",\"target\":{\"@type\":\"EntryPoint\",\"urlTemplate\":\"https:\\\/\\\/www.jazzzeitung.de\\\/cms\\\/?s={search_term_string}\"},\"query-input\":{\"@type\":\"PropertyValueSpecification\",\"valueRequired\":true,\"valueName\":\"search_term_string\"}}],\"inLanguage\":\"de\"},{\"@type\":\"Organization\",\"@id\":\"https:\\\/\\\/www.jazzzeitung.de\\\/cms\\\/#organization\",\"name\":\"JazzZeitung online\",\"url\":\"https:\\\/\\\/www.jazzzeitung.de\\\/cms\\\/\",\"logo\":{\"@type\":\"ImageObject\",\"inLanguage\":\"de\",\"@id\":\"https:\\\/\\\/www.jazzzeitung.de\\\/cms\\\/#\\\/schema\\\/logo\\\/image\\\/\",\"url\":\"https:\\\/\\\/i0.wp.com\\\/www.jazzzeitung.de\\\/cms\\\/wp-content\\\/uploads\\\/2015\\\/08\\\/JAZZZEITUNGDE_Logo_Neu.png?fit=499%2C200&ssl=1\",\"contentUrl\":\"https:\\\/\\\/i0.wp.com\\\/www.jazzzeitung.de\\\/cms\\\/wp-content\\\/uploads\\\/2015\\\/08\\\/JAZZZEITUNGDE_Logo_Neu.png?fit=499%2C200&ssl=1\",\"width\":499,\"height\":200,\"caption\":\"JazzZeitung online\"},\"image\":{\"@id\":\"https:\\\/\\\/www.jazzzeitung.de\\\/cms\\\/#\\\/schema\\\/logo\\\/image\\\/\"},\"sameAs\":[\"https:\\\/\\\/www.facebook.com\\\/JazzZeitung\\\/\"]},{\"@type\":\"Person\",\"@id\":\"https:\\\/\\\/www.jazzzeitung.de\\\/cms\\\/#\\\/schema\\\/person\\\/4c5aaf486bdcd85db94b9a8b9e026bad\",\"name\":\"J\u00f6rg Lichtinger\",\"image\":{\"@type\":\"ImageObject\",\"inLanguage\":\"de\",\"@id\":\"https:\\\/\\\/secure.gravatar.com\\\/avatar\\\/8d1d484eb77cf370a1620f9866681cdba540c9b8439ce96ea0c830dd3b59936c?s=96&d=wp_user_avatar&r=ge66dff7680db2349fb79ae0cb2d734e3\",\"url\":\"https:\\\/\\\/secure.gravatar.com\\\/avatar\\\/8d1d484eb77cf370a1620f9866681cdba540c9b8439ce96ea0c830dd3b59936c?s=96&d=wp_user_avatar&r=g\",\"contentUrl\":\"https:\\\/\\\/secure.gravatar.com\\\/avatar\\\/8d1d484eb77cf370a1620f9866681cdba540c9b8439ce96ea0c830dd3b59936c?s=96&d=wp_user_avatar&r=g\",\"caption\":\"J\u00f6rg Lichtinger\"},\"url\":\"https:\\\/\\\/www.jazzzeitung.de\\\/cms\\\/author\\\/lichtinger\\\/\"}]}<\/script>\n<!-- \/ Yoast SEO plugin. -->","yoast_head_json":{"title":"Replik auf H\u00e4ndels Groll - JazzZeitung","robots":{"index":"index","follow":"follow","max-snippet":"max-snippet:-1","max-image-preview":"max-image-preview:large","max-video-preview":"max-video-preview:-1"},"canonical":"https:\/\/www.jazzzeitung.de\/cms\/2011\/02\/replik-auf-haendels-groll\/","og_locale":"de_DE","og_type":"article","og_title":"Replik auf H\u00e4ndels Groll - JazzZeitung","og_description":"Lieber H\u00e4ndel, Mit Staunen erlebe ich, wie Sie aus einer wenig ernsthaften \u2013 weil glossistischen \u2013 publizistischen M\u00fccke einen schwergewichtigen \u2013 trotz Satirik \u2013 allzu staatstragenden Elefanten machen. Ich will nicht sagen aus einem kleinen Furz eine kapitale Bl\u00e4hung, denn immerhin tragen Ihre Ausf\u00fchrungen viel Erhellendes zu Halle und dem WiJ-Festival bei, wof\u00fcr ich Ihnen danke. Das kulturelle Mordor des Ostens, das sie da beschreiben, mag ich mir allerdings in meinen dunkelsten Tr\u00e4umen nicht vorstellen. Mit dem akribischen Zerpfl\u00fccken meiner \u201eArgumente\u201c zeigen Sie Handwerkskunst, doch was lohnt\u2019s gegen die schamlosen \u00dcbertreibungen und \u00dcberzeichnungen eines Ironikers? Ich empfehle zur Entspannung den Genuss der taktlos-News von Theo Gei\u00dfler und Martin Hufner, die beiden k\u00f6nnen das vermutlich besser als ich. Worin Sie die Schm\u00e4hung des Festivals, der Frauen oder der Stadt in meinem Blogpost erkennen wollen, will sich mir nicht ganz erschlie\u00dfen. Der ehrenwerte H\u00e4ndel pflegt zwar eine Neigung zur Satire, scheitert aber in seiner Beziehung zur Ironie auf fulminante Weise. Zun\u00e4chst darf ich Ihnen versichern, dass ich prinzipiell nichts gegen ein Festival habe, das sich jazzender Frauen annimmt. Es gibt genug au\u00dfergew\u00f6hnlich gute und auch erfolgreiche Musikerinnen, &hellip;","og_url":"https:\/\/www.jazzzeitung.de\/cms\/2011\/02\/replik-auf-haendels-groll\/","og_site_name":"JazzZeitung","article_publisher":"https:\/\/www.facebook.com\/JazzZeitung\/","article_published_time":"2011-02-08T09:53:46+00:00","og_image":[{"width":200,"height":200,"url":"https:\/\/i0.wp.com\/www.jazzzeitung.de\/cms\/wp-content\/uploads\/2012\/01\/ipad-logo-200.png?fit=200%2C200&ssl=1","type":"image\/png"}],"author":"J\u00f6rg Lichtinger","schema":{"@context":"https:\/\/schema.org","@graph":[{"@type":"Article","@id":"https:\/\/www.jazzzeitung.de\/cms\/2011\/02\/replik-auf-haendels-groll\/#article","isPartOf":{"@id":"https:\/\/www.jazzzeitung.de\/cms\/2011\/02\/replik-auf-haendels-groll\/"},"author":{"name":"J\u00f6rg Lichtinger","@id":"https:\/\/www.jazzzeitung.de\/cms\/#\/schema\/person\/4c5aaf486bdcd85db94b9a8b9e026bad"},"headline":"Replik auf H\u00e4ndels Groll","datePublished":"2011-02-08T09:53:46+00:00","mainEntityOfPage":{"@id":"https:\/\/www.jazzzeitung.de\/cms\/2011\/02\/replik-auf-haendels-groll\/"},"wordCount":644,"commentCount":2,"publisher":{"@id":"https:\/\/www.jazzzeitung.de\/cms\/#organization"},"keywords":["act","das ist taktlos","Festival","Halle","H\u00e4ndel","Jazzzeitung","Label","Saale","Schweden","Siggi Loch"],"articleSection":["Blog"],"inLanguage":"de","potentialAction":[{"@type":"CommentAction","name":"Comment","target":["https:\/\/www.jazzzeitung.de\/cms\/2011\/02\/replik-auf-haendels-groll\/#respond"]}]},{"@type":"WebPage","@id":"https:\/\/www.jazzzeitung.de\/cms\/2011\/02\/replik-auf-haendels-groll\/","url":"https:\/\/www.jazzzeitung.de\/cms\/2011\/02\/replik-auf-haendels-groll\/","name":"Replik auf H\u00e4ndels Groll - JazzZeitung","isPartOf":{"@id":"https:\/\/www.jazzzeitung.de\/cms\/#website"},"datePublished":"2011-02-08T09:53:46+00:00","breadcrumb":{"@id":"https:\/\/www.jazzzeitung.de\/cms\/2011\/02\/replik-auf-haendels-groll\/#breadcrumb"},"inLanguage":"de","potentialAction":[{"@type":"ReadAction","target":["https:\/\/www.jazzzeitung.de\/cms\/2011\/02\/replik-auf-haendels-groll\/"]}]},{"@type":"BreadcrumbList","@id":"https:\/\/www.jazzzeitung.de\/cms\/2011\/02\/replik-auf-haendels-groll\/#breadcrumb","itemListElement":[{"@type":"ListItem","position":1,"name":"Startseite","item":"https:\/\/www.jazzzeitung.de\/cms\/"},{"@type":"ListItem","position":2,"name":"Replik auf H\u00e4ndels Groll"}]},{"@type":"WebSite","@id":"https:\/\/www.jazzzeitung.de\/cms\/#website","url":"https:\/\/www.jazzzeitung.de\/cms\/","name":"JazzZeitung","description":"Jazz-News und Jazz-Kontroverses","publisher":{"@id":"https:\/\/www.jazzzeitung.de\/cms\/#organization"},"potentialAction":[{"@type":"SearchAction","target":{"@type":"EntryPoint","urlTemplate":"https:\/\/www.jazzzeitung.de\/cms\/?s={search_term_string}"},"query-input":{"@type":"PropertyValueSpecification","valueRequired":true,"valueName":"search_term_string"}}],"inLanguage":"de"},{"@type":"Organization","@id":"https:\/\/www.jazzzeitung.de\/cms\/#organization","name":"JazzZeitung online","url":"https:\/\/www.jazzzeitung.de\/cms\/","logo":{"@type":"ImageObject","inLanguage":"de","@id":"https:\/\/www.jazzzeitung.de\/cms\/#\/schema\/logo\/image\/","url":"https:\/\/i0.wp.com\/www.jazzzeitung.de\/cms\/wp-content\/uploads\/2015\/08\/JAZZZEITUNGDE_Logo_Neu.png?fit=499%2C200&ssl=1","contentUrl":"https:\/\/i0.wp.com\/www.jazzzeitung.de\/cms\/wp-content\/uploads\/2015\/08\/JAZZZEITUNGDE_Logo_Neu.png?fit=499%2C200&ssl=1","width":499,"height":200,"caption":"JazzZeitung online"},"image":{"@id":"https:\/\/www.jazzzeitung.de\/cms\/#\/schema\/logo\/image\/"},"sameAs":["https:\/\/www.facebook.com\/JazzZeitung\/"]},{"@type":"Person","@id":"https:\/\/www.jazzzeitung.de\/cms\/#\/schema\/person\/4c5aaf486bdcd85db94b9a8b9e026bad","name":"J\u00f6rg Lichtinger","image":{"@type":"ImageObject","inLanguage":"de","@id":"https:\/\/secure.gravatar.com\/avatar\/8d1d484eb77cf370a1620f9866681cdba540c9b8439ce96ea0c830dd3b59936c?s=96&d=wp_user_avatar&r=ge66dff7680db2349fb79ae0cb2d734e3","url":"https:\/\/secure.gravatar.com\/avatar\/8d1d484eb77cf370a1620f9866681cdba540c9b8439ce96ea0c830dd3b59936c?s=96&d=wp_user_avatar&r=g","contentUrl":"https:\/\/secure.gravatar.com\/avatar\/8d1d484eb77cf370a1620f9866681cdba540c9b8439ce96ea0c830dd3b59936c?s=96&d=wp_user_avatar&r=g","caption":"J\u00f6rg Lichtinger"},"url":"https:\/\/www.jazzzeitung.de\/cms\/author\/lichtinger\/"}]}},"wp-worthy-pixel":{"ignored":false,"public":null,"server":null,"url":null},"wp-worthy-type":"normal","jetpack_publicize_connections":[],"cc_featured_image_caption":{"caption_text":false,"source_text":false,"source_url":false},"jetpack_featured_media_url":"","jetpack_shortlink":"https:\/\/wp.me\/p3KEcT-cm","jetpack-related-posts":[{"id":768,"url":"https:\/\/www.jazzzeitung.de\/cms\/2011\/02\/leserbrief-haendels-groll\/","url_meta":{"origin":766,"position":0},"title":"Leserbrief: H\u00e4ndels Groll&#8230;","author":"J\u00f6rg Lichtinger","date":"8. Februar 2011","format":false,"excerpt":"Auf unseren Post zum Festival Women in Jazz hat es eine ver\u00e4rgerte Wortmeldung gegeben, deren Absender nicht das Blog zur \u00c4u\u00dferung w\u00e4hlen wollte, da er bef\u00fcrchtet, wir w\u00fcrden seine E-Mailadresse \u00f6ffentlich machen. Ich darf ihm\/ihr und allen anderen potentiellen Kommentatoren versichern, die Mailadressen bei der Anmeldung im Jazzblog werden niemals\u2026","rel":"","context":"In &quot;Blog&quot;","block_context":{"text":"Blog","link":"https:\/\/www.jazzzeitung.de\/cms\/thema\/blog\/"},"img":{"alt_text":"H\u00e4ndel gibt sich dieser Tage satirisch und leicht verstimmt... Foto: H\u00e4ndel selbstpers\u00f6nlich","src":"https:\/\/i0.wp.com\/www.jazzzeitung.de\/cms\/wp-content\/uploads\/2011\/02\/H%C3%A4ndel-191x300.jpg?resize=350%2C200","width":350,"height":200},"classes":[]},{"id":3173,"url":"https:\/\/www.jazzzeitung.de\/cms\/2013\/12\/die-taktlos-nachrichten-vom-12-12\/","url_meta":{"origin":766,"position":1},"title":"Die taktlos-Nachrichten vom 12.12.","author":"Redaktion JazzZeitung","date":"18. Dezember 2013","format":false,"excerpt":"Vergangenen Donnerstag widmete sich das musikmagazin taktlos der neuen musikzeitung und des Bayerischen Rundfunks dem Jazz. Unter dem Titel \"Jazz prek\u00e4r\" ging es eine Stunde lang um die Lebens- und \u00dcberlebensbedingungen der Musiker, Spielst\u00e4tten, Kritiker und des Publikums. Jetzt gibt es den Podcast zum Nachh\u00f6ren sowie ein paar Impressionen hier.\u2026","rel":"","context":"In &quot;Blog&quot;","block_context":{"text":"Blog","link":"https:\/\/www.jazzzeitung.de\/cms\/thema\/blog\/"},"img":{"alt_text":"taktlos","src":"https:\/\/i0.wp.com\/www.jazzzeitung.de\/cms\/wp-content\/uploads\/2013\/12\/taktlos1-150x150.jpg?resize=350%2C200","width":350,"height":200},"classes":[]},{"id":3093,"url":"https:\/\/www.jazzzeitung.de\/cms\/2013\/12\/radio-tipp-taktlos-jazz-prekaer\/","url_meta":{"origin":766,"position":2},"title":"Radio-Tipp: taktlos &#8222;Jazz prek\u00e4r&#8220;","author":"Redaktion JazzZeitung","date":"4. Dezember 2013","format":false,"excerpt":"Am 12. Dezember 2013\u00a0 wird von 21.03 bis 22.00 Uhr live aus dem Studio 9 des Bayerischen Rundfunks in M\u00fcnchen die Sendung taktlos gesendet. Die Moderation \u00fcbernehmen wie immer JazzZeitungs-Herausgeber Theo Gei\u00dfler und Marlen Reichert. Thema ist der Jazz. Hier einige Zeilen zum Inhalt - eigentlich toll: Es gibt so\u2026","rel":"","context":"In &quot;News&quot;","block_context":{"text":"News","link":"https:\/\/www.jazzzeitung.de\/cms\/thema\/nachrichten\/"},"img":{"alt_text":"taktlos","src":"https:\/\/i0.wp.com\/www.jazzzeitung.de\/cms\/wp-content\/uploads\/2013\/12\/taktlos-150x150.jpg?resize=350%2C200","width":350,"height":200},"classes":[]},{"id":13013,"url":"https:\/\/www.jazzzeitung.de\/cms\/2017\/07\/reinier-baas\/","url_meta":{"origin":766,"position":3},"title":"Reinier Baas und seine Prinzessinnen","author":"Redaktion JazzZeitung","date":"12. Juli 2017","format":false,"excerpt":"Der diesj\u00e4hrige Composer in Residence des S\u00fcdtriol Jazzfestival Alto Adige hie\u00df Reinier Baas.\u00a0 Der holl\u00e4ndische Gitarristen gestaltete den Er\u00f6ffnungsabend im Messezentrum von Bozen mit einer unterhaltsam-skurrilen Mischung aus Konzeptmusik, medien\u00fcbergreifender Gestaltungsidee und subversivem Witz. Im Mittelpunkt stehen die Zeichnungen von Cartoon-K\u00fcnstler Raymond Koot (Typex), die eine etwas holprige Liebes- und\u2026","rel":"","context":"In &quot;Portrait&quot;","block_context":{"text":"Portrait","link":"https:\/\/www.jazzzeitung.de\/cms\/thema\/portrait\/"},"img":{"alt_text":"Renier Baas (g), Princess Discombobulatix, S\u00fcdtirol Jazzfestival Alto Adige, Bozen, Messe, Foto Ralf Dombrowski","src":"https:\/\/i0.wp.com\/www.jazzzeitung.de\/cms\/wp-content\/uploads\/2017\/07\/0K3A1088-Reinier-Baas-dombr.jpg?fit=1200%2C857&ssl=1&resize=350%2C200","width":350,"height":200,"srcset":"https:\/\/i0.wp.com\/www.jazzzeitung.de\/cms\/wp-content\/uploads\/2017\/07\/0K3A1088-Reinier-Baas-dombr.jpg?fit=1200%2C857&ssl=1&resize=350%2C200 1x, https:\/\/i0.wp.com\/www.jazzzeitung.de\/cms\/wp-content\/uploads\/2017\/07\/0K3A1088-Reinier-Baas-dombr.jpg?fit=1200%2C857&ssl=1&resize=525%2C300 1.5x, https:\/\/i0.wp.com\/www.jazzzeitung.de\/cms\/wp-content\/uploads\/2017\/07\/0K3A1088-Reinier-Baas-dombr.jpg?fit=1200%2C857&ssl=1&resize=700%2C400 2x, https:\/\/i0.wp.com\/www.jazzzeitung.de\/cms\/wp-content\/uploads\/2017\/07\/0K3A1088-Reinier-Baas-dombr.jpg?fit=1200%2C857&ssl=1&resize=1050%2C600 3x"},"classes":[]},{"id":7191,"url":"https:\/\/www.jazzzeitung.de\/cms\/2015\/09\/jazzfest-berlin-2015-berliner-festspiele-veroeffentlichen-programm-kartenverlosung\/","url_meta":{"origin":766,"position":4},"title":"Jazzfest Berlin 2015: Berliner Festspiele ver\u00f6ffentlichen Programm, Kartenverlosung","author":"Redaktion JazzZeitung","date":"25. September 2015","format":false,"excerpt":"Das Jazzfest Berlin 2015\u00a0pr\u00e4sentiert mit dem neuen k\u00fcnstlerischen Leiter Richard Williams vom\u00a05. bis 8. November\u00a0\u00fcber 120\u00a0Musiker\/-innen aus 5\u00a0Kontinenten. Das Festivalprogramm ist jetzt online und der Kartenvorverkauf startet. Wir verlosen in Kooperation mit dem Jazzfest 2x2 Karten f\u00fcr Freitag, den 06.11.15, 20:00 Uhr, Haus der Berliner Festspiele \u2013 Gro\u00dfe B\u00fchne -\u2026","rel":"","context":"In &quot;Redaktionelle Nachrichten&quot;","block_context":{"text":"Redaktionelle Nachrichten","link":"https:\/\/www.jazzzeitung.de\/cms\/thema\/redaktion\/"},"img":{"alt_text":"Foto: Jirka Jansch","src":"https:\/\/i0.wp.com\/www.jazzzeitung.de\/cms\/wp-content\/uploads\/2015\/09\/Richard_Williams_c_Jirka_Jansch_01-150x150.jpg?resize=350%2C200","width":350,"height":200},"classes":[]},{"id":28497,"url":"https:\/\/www.jazzzeitung.de\/cms\/2022\/10\/interview-nadine-deventer-zum-berliner-jazzfest-2022\/","url_meta":{"origin":766,"position":5},"title":"Zur\u00fcck im Haus der Berliner Festspiele: Nadin Deventer\u00a0zum Jazzfest Berlin 2022","author":"Redaktion JazzZeitung","date":"18. Oktober 2022","format":false,"excerpt":"Nach zwei hybriden Festivalausgaben aus dem Berliner Silent Green mit digitalen Br\u00fccken nach New York, Johannesburg, Kairo und S\u00e3o Paulo, kehrt das Jazzfest Berlin 2022 zur\u00fcck ins Haus der Berliner Festspiele und begr\u00fc\u00dft vom 3. bis 6. November wieder \u00fcber 150 Musikerinnen und Musiker aus der ganzen Welt. Anl\u00e4sslich dessen\u2026","rel":"","context":"In &quot;Portrait&quot;","block_context":{"text":"Portrait","link":"https:\/\/www.jazzzeitung.de\/cms\/thema\/portrait\/"},"img":{"alt_text":"","src":"https:\/\/i0.wp.com\/www.jazzzeitung.de\/cms\/wp-content\/uploads\/2022\/10\/NadinDeventerPrivat-e1666273789900.jpg?fit=641%2C521&ssl=1&resize=350%2C200","width":350,"height":200,"srcset":"https:\/\/i0.wp.com\/www.jazzzeitung.de\/cms\/wp-content\/uploads\/2022\/10\/NadinDeventerPrivat-e1666273789900.jpg?fit=641%2C521&ssl=1&resize=350%2C200 1x, https:\/\/i0.wp.com\/www.jazzzeitung.de\/cms\/wp-content\/uploads\/2022\/10\/NadinDeventerPrivat-e1666273789900.jpg?fit=641%2C521&ssl=1&resize=525%2C300 1.5x"},"classes":[]}],"jetpack_sharing_enabled":true,"_links":{"self":[{"href":"https:\/\/www.jazzzeitung.de\/cms\/wp-json\/wp\/v2\/posts\/766","targetHints":{"allow":["GET"]}}],"collection":[{"href":"https:\/\/www.jazzzeitung.de\/cms\/wp-json\/wp\/v2\/posts"}],"about":[{"href":"https:\/\/www.jazzzeitung.de\/cms\/wp-json\/wp\/v2\/types\/post"}],"author":[{"embeddable":true,"href":"https:\/\/www.jazzzeitung.de\/cms\/wp-json\/wp\/v2\/users\/4"}],"replies":[{"embeddable":true,"href":"https:\/\/www.jazzzeitung.de\/cms\/wp-json\/wp\/v2\/comments?post=766"}],"version-history":[{"count":0,"href":"https:\/\/www.jazzzeitung.de\/cms\/wp-json\/wp\/v2\/posts\/766\/revisions"}],"wp:attachment":[{"href":"https:\/\/www.jazzzeitung.de\/cms\/wp-json\/wp\/v2\/media?parent=766"}],"wp:term":[{"taxonomy":"category","embeddable":true,"href":"https:\/\/www.jazzzeitung.de\/cms\/wp-json\/wp\/v2\/categories?post=766"},{"taxonomy":"post_tag","embeddable":true,"href":"https:\/\/www.jazzzeitung.de\/cms\/wp-json\/wp\/v2\/tags?post=766"},{"taxonomy":"author","embeddable":true,"href":"https:\/\/www.jazzzeitung.de\/cms\/wp-json\/wp\/v2\/coauthors?post=766"}],"curies":[{"name":"wp","href":"https:\/\/api.w.org\/{rel}","templated":true}]}}