{"id":7627,"date":"2015-11-08T12:39:41","date_gmt":"2015-11-08T11:39:41","guid":{"rendered":"http:\/\/www.jazzzeitung.de\/cms\/?p=7627"},"modified":"2015-11-08T13:05:43","modified_gmt":"2015-11-08T12:05:43","slug":"jazzfest-berlin-2015-tigran-hamasyan-trio-charles-lloyd","status":"publish","type":"post","link":"https:\/\/www.jazzzeitung.de\/cms\/2015\/11\/jazzfest-berlin-2015-tigran-hamasyan-trio-charles-lloyd\/","title":{"rendered":"Jazzfest Berlin 2015 \u2013 Tigran Hamasyan Trio, Charles Lloyd"},"content":{"rendered":"<p>Nach dem <a href=\"http:\/\/www.jazzzeitung.de\/cms\/2015\/11\/jazzfest-berlin-2015-keith-tippett-octet-und-miguel-zenon-quartet\/\">spr\u00f6d-abstrakten Konzert am Freitag<\/a>, folgte irgendwie genau das gleiche Konzert, nur ganz anders: Tief ges\u00e4ttigt bis hinter die Ohrl\u00e4ppchen. Das Tigran Hamasyan Trio und Charles Lloyd mit seinem \u201eWild Man Dance Project\u201c enterten die B\u00fchne des Hauses der Berliner Festspiele.<\/p>\n<p>Das Auditorium war restlos gef\u00fcllt, der Samstag ist so etwas wie der K\u00f6nigstag des Jazzfests Berlin. Und es ist wohl mehr als eine blo\u00dfe Vermutung, dass dabei vor allem der Name Charles Lloyd gezogen hat. Doch der Reihe nach.<\/p>\n<h2>Metrischer Trash: Tigran Hamasyan Trio<\/h2>\n<p>Scheiterte gestern noch Miguel Zen\u00f3n mit seinem Rhythmuskonzept, so legte Tigran Hamasyan mit seinem Klaviertrio nach und konnte zeigen, wie es gehen k\u00f6nnte. Tigran Hamasyan hat daf\u00fcr gen\u00fcgend Musikmaterial aus seiner armenischen Heimat mitgebracht. Er spielt es zu Beginn seiner St\u00fccke regelm\u00e4\u00dfig sublim, feinfingrig, gegebenenfalls una corda. Man ist ganz lauschig. Danach knallt es sofort \u2013 whoooooom. Sam Minaie am E-Bass stellt sofort den Raum unter Strom, der Schlagzeuger Arthur Hnatek (zu Beginn s\u00fc\u00dflich noch mit den H\u00e4nden auf den Toms) greift das rhythmische Bett der vermutlich armenischen St\u00fccke auf. W\u00e4hrenddessen bewegt sich Hamasyan in die Bassregionen seines Fl\u00fcgels zu einer Repetitionattacke, nat\u00fcrlich auch fortissimo.<\/p>\n<div class=\"tiled-gallery type-rectangular tiled-gallery-unresized\" data-original-width=\"840\" data-carousel-extra='{&quot;blog_id&quot;:1,&quot;permalink&quot;:&quot;https:\\\/\\\/www.jazzzeitung.de\\\/cms\\\/2015\\\/11\\\/jazzfest-berlin-2015-tigran-hamasyan-trio-charles-lloyd\\\/&quot;,&quot;likes_blog_id&quot;:55446655}' itemscope itemtype=\"http:\/\/schema.org\/ImageGallery\" > <div class=\"gallery-row\" style=\"width: 840px; height: 375px;\" data-original-width=\"840\" data-original-height=\"375\" > <div class=\"gallery-group images-1\" style=\"width: 561px; height: 375px;\" data-original-width=\"561\" data-original-height=\"375\" > <div class=\"tiled-gallery-item tiled-gallery-item-large\" itemprop=\"associatedMedia\" itemscope itemtype=\"http:\/\/schema.org\/ImageObject\"> <a href=\"https:\/\/i0.wp.com\/www.jazzzeitung.de\/cms\/wp-content\/uploads\/2015\/11\/jazzfest2015_pepa_hamasyan_074.jpg?ssl=1\" border=\"0\" itemprop=\"url\"> <meta itemprop=\"width\" content=\"557\"> <meta itemprop=\"height\" content=\"371\"> <img decoding=\"async\" class=\"\" data-attachment-id=\"7638\" data-orig-file=\"https:\/\/www.jazzzeitung.de\/cms\/wp-content\/uploads\/2015\/11\/jazzfest2015_pepa_hamasyan_074.jpg\" data-orig-size=\"1798,1200\" data-comments-opened=\"1\" data-image-meta=\"{&quot;aperture&quot;:&quot;0&quot;,&quot;credit&quot;:&quot;Petra Basche&quot;,&quot;camera&quot;:&quot;CORPORATION&quot;,&quot;caption&quot;:&quot;Tigran Hamasyan Trio (Jazzfest Berlin 2015). Foto: Petra Basche&quot;,&quot;created_timestamp&quot;:&quot;1446937537&quot;,&quot;copyright&quot;:&quot;Petra Basche&quot;,&quot;focal_length&quot;:&quot;0.6&quot;,&quot;iso&quot;:&quot;1250&quot;,&quot;shutter_speed&quot;:&quot;0.015317286652079&quot;,&quot;title&quot;:&quot;Tigran Hamasyan Trio (Jazzfest Berlin 2015). Foto: Petra Basche&quot;,&quot;orientation&quot;:&quot;1&quot;}\" data-image-title=\"Tigran Hamasyan Trio (Jazzfest Berlin 2015). Foto: Petra Basche\" data-image-description=\"&lt;p&gt;Tigran Hamasyan Trio (Jazzfest Berlin 2015). Foto: Petra Basche&lt;\/p&gt; \" data-medium-file=\"https:\/\/i0.wp.com\/www.jazzzeitung.de\/cms\/wp-content\/uploads\/2015\/11\/jazzfest2015_pepa_hamasyan_074.jpg?fit=300%2C200&#038;ssl=1\" data-large-file=\"https:\/\/i0.wp.com\/www.jazzzeitung.de\/cms\/wp-content\/uploads\/2015\/11\/jazzfest2015_pepa_hamasyan_074.jpg?fit=840%2C560&#038;ssl=1\" src=\"https:\/\/i0.wp.com\/www.jazzzeitung.de\/cms\/wp-content\/uploads\/2015\/11\/jazzfest2015_pepa_hamasyan_074.jpg?w=557&#038;h=371&#038;ssl=1\" srcset=\"https:\/\/i0.wp.com\/www.jazzzeitung.de\/cms\/wp-content\/uploads\/2015\/11\/jazzfest2015_pepa_hamasyan_074.jpg?w=1798&amp;ssl=1 1798w, https:\/\/i0.wp.com\/www.jazzzeitung.de\/cms\/wp-content\/uploads\/2015\/11\/jazzfest2015_pepa_hamasyan_074.jpg?resize=300%2C200&amp;ssl=1 300w, https:\/\/i0.wp.com\/www.jazzzeitung.de\/cms\/wp-content\/uploads\/2015\/11\/jazzfest2015_pepa_hamasyan_074.jpg?resize=900%2C601&amp;ssl=1 900w, https:\/\/i0.wp.com\/www.jazzzeitung.de\/cms\/wp-content\/uploads\/2015\/11\/jazzfest2015_pepa_hamasyan_074.jpg?w=1680&amp;ssl=1 1680w\" width=\"557\" height=\"371\" loading=\"lazy\" data-original-width=\"557\" data-original-height=\"371\" itemprop=\"http:\/\/schema.org\/image\" title=\"Tigran Hamasyan Trio (Jazzfest Berlin 2015). Foto: Petra Basche\" alt=\"Tigran Hamasyan Trio (Jazzfest Berlin 2015). Foto: Petra Basche\" style=\"width: 557px; height: 371px;\" \/> <\/a> <div class=\"tiled-gallery-caption\" itemprop=\"caption description\"> Tigran Hamasyan Trio (Jazzfest Berlin 2015). Foto: Petra Basche <\/div> <\/div> <\/div> <!-- close group --> <div class=\"gallery-group images-2\" style=\"width: 279px; height: 375px;\" data-original-width=\"279\" data-original-height=\"375\" > <div class=\"tiled-gallery-item tiled-gallery-item-large\" itemprop=\"associatedMedia\" itemscope itemtype=\"http:\/\/schema.org\/ImageObject\"> <a href=\"https:\/\/i0.wp.com\/www.jazzzeitung.de\/cms\/wp-content\/uploads\/2015\/11\/jazzfest2015_pepa_hamasyan_073.jpg?ssl=1\" border=\"0\" itemprop=\"url\"> <meta itemprop=\"width\" content=\"275\"> <meta itemprop=\"height\" content=\"184\"> <img decoding=\"async\" class=\"\" data-attachment-id=\"7637\" data-orig-file=\"https:\/\/www.jazzzeitung.de\/cms\/wp-content\/uploads\/2015\/11\/jazzfest2015_pepa_hamasyan_073.jpg\" data-orig-size=\"1798,1200\" data-comments-opened=\"1\" data-image-meta=\"{&quot;aperture&quot;:&quot;0&quot;,&quot;credit&quot;:&quot;Petra Basche&quot;,&quot;camera&quot;:&quot;CORPORATION&quot;,&quot;caption&quot;:&quot;Tigran Hamasyan Trio (Jazzfest Berlin 2015). Foto: Petra Basche&quot;,&quot;created_timestamp&quot;:&quot;1446936655&quot;,&quot;copyright&quot;:&quot;Petra Basche&quot;,&quot;focal_length&quot;:&quot;0.6&quot;,&quot;iso&quot;:&quot;400&quot;,&quot;shutter_speed&quot;:&quot;0.015317286652079&quot;,&quot;title&quot;:&quot;Tigran Hamasyan Trio (Jazzfest Berlin 2015). Foto: Petra Basche&quot;,&quot;orientation&quot;:&quot;1&quot;}\" data-image-title=\"Tigran Hamasyan Trio (Jazzfest Berlin 2015). Foto: Petra Basche\" data-image-description=\"&lt;p&gt;Tigran Hamasyan Trio (Jazzfest Berlin 2015). Foto: Petra Basche&lt;\/p&gt; \" data-medium-file=\"https:\/\/i0.wp.com\/www.jazzzeitung.de\/cms\/wp-content\/uploads\/2015\/11\/jazzfest2015_pepa_hamasyan_073.jpg?fit=300%2C200&#038;ssl=1\" data-large-file=\"https:\/\/i0.wp.com\/www.jazzzeitung.de\/cms\/wp-content\/uploads\/2015\/11\/jazzfest2015_pepa_hamasyan_073.jpg?fit=840%2C560&#038;ssl=1\" src=\"https:\/\/i0.wp.com\/www.jazzzeitung.de\/cms\/wp-content\/uploads\/2015\/11\/jazzfest2015_pepa_hamasyan_073.jpg?w=275&#038;h=184&#038;ssl=1\" srcset=\"https:\/\/i0.wp.com\/www.jazzzeitung.de\/cms\/wp-content\/uploads\/2015\/11\/jazzfest2015_pepa_hamasyan_073.jpg?w=1798&amp;ssl=1 1798w, https:\/\/i0.wp.com\/www.jazzzeitung.de\/cms\/wp-content\/uploads\/2015\/11\/jazzfest2015_pepa_hamasyan_073.jpg?resize=300%2C200&amp;ssl=1 300w, https:\/\/i0.wp.com\/www.jazzzeitung.de\/cms\/wp-content\/uploads\/2015\/11\/jazzfest2015_pepa_hamasyan_073.jpg?resize=900%2C601&amp;ssl=1 900w, https:\/\/i0.wp.com\/www.jazzzeitung.de\/cms\/wp-content\/uploads\/2015\/11\/jazzfest2015_pepa_hamasyan_073.jpg?w=1680&amp;ssl=1 1680w\" width=\"275\" height=\"184\" loading=\"lazy\" data-original-width=\"275\" data-original-height=\"184\" itemprop=\"http:\/\/schema.org\/image\" title=\"Tigran Hamasyan Trio (Jazzfest Berlin 2015). Foto: Petra Basche\" alt=\"Tigran Hamasyan Trio (Jazzfest Berlin 2015). Foto: Petra Basche\" style=\"width: 275px; height: 184px;\" \/> <\/a> <div class=\"tiled-gallery-caption\" itemprop=\"caption description\"> Tigran Hamasyan Trio (Jazzfest Berlin 2015). Foto: Petra Basche <\/div> <\/div> <div class=\"tiled-gallery-item tiled-gallery-item-large\" itemprop=\"associatedMedia\" itemscope itemtype=\"http:\/\/schema.org\/ImageObject\"> <a href=\"https:\/\/i0.wp.com\/www.jazzzeitung.de\/cms\/wp-content\/uploads\/2015\/11\/jazzfest2015_pepa_hamasyan_066.jpg?ssl=1\" border=\"0\" itemprop=\"url\"> <meta itemprop=\"width\" content=\"275\"> <meta itemprop=\"height\" content=\"183\"> <img decoding=\"async\" class=\"\" data-attachment-id=\"7630\" data-orig-file=\"https:\/\/www.jazzzeitung.de\/cms\/wp-content\/uploads\/2015\/11\/jazzfest2015_pepa_hamasyan_066.jpg\" data-orig-size=\"1800,1200\" data-comments-opened=\"1\" data-image-meta=\"{&quot;aperture&quot;:&quot;4.5&quot;,&quot;credit&quot;:&quot;&quot;,&quot;camera&quot;:&quot;AGING CORP.&quot;,&quot;caption&quot;:&quot;Tigran Hamasyan Trio (Jazzfest Berlin 2015). Foto: Petra Basche&quot;,&quot;created_timestamp&quot;:&quot;1446932653&quot;,&quot;copyright&quot;:&quot;&quot;,&quot;focal_length&quot;:&quot;110&quot;,&quot;iso&quot;:&quot;1600&quot;,&quot;shutter_speed&quot;:&quot;0.02&quot;,&quot;title&quot;:&quot;Tigran Hamasyan Trio (Jazzfest Berlin 2015). Foto: Petra Basche&quot;,&quot;orientation&quot;:&quot;1&quot;}\" data-image-title=\"Tigran Hamasyan Trio &amp;#8211; hier: Arthur Hnatek (Jazzfest Berlin 2015). Foto: Petra Basche\" data-image-description=\"&lt;p&gt;Tigran Hamasyan Trio &amp;#8211; hier: Arthur Hnatek (Jazzfest Berlin 2015). Foto: Petra Basche&lt;\/p&gt; \" data-medium-file=\"https:\/\/i0.wp.com\/www.jazzzeitung.de\/cms\/wp-content\/uploads\/2015\/11\/jazzfest2015_pepa_hamasyan_066.jpg?fit=300%2C200&#038;ssl=1\" data-large-file=\"https:\/\/i0.wp.com\/www.jazzzeitung.de\/cms\/wp-content\/uploads\/2015\/11\/jazzfest2015_pepa_hamasyan_066.jpg?fit=840%2C560&#038;ssl=1\" src=\"https:\/\/i0.wp.com\/www.jazzzeitung.de\/cms\/wp-content\/uploads\/2015\/11\/jazzfest2015_pepa_hamasyan_066.jpg?w=275&#038;h=183&#038;ssl=1\" srcset=\"https:\/\/i0.wp.com\/www.jazzzeitung.de\/cms\/wp-content\/uploads\/2015\/11\/jazzfest2015_pepa_hamasyan_066.jpg?w=1800&amp;ssl=1 1800w, https:\/\/i0.wp.com\/www.jazzzeitung.de\/cms\/wp-content\/uploads\/2015\/11\/jazzfest2015_pepa_hamasyan_066.jpg?resize=300%2C200&amp;ssl=1 300w, https:\/\/i0.wp.com\/www.jazzzeitung.de\/cms\/wp-content\/uploads\/2015\/11\/jazzfest2015_pepa_hamasyan_066.jpg?resize=900%2C600&amp;ssl=1 900w, https:\/\/i0.wp.com\/www.jazzzeitung.de\/cms\/wp-content\/uploads\/2015\/11\/jazzfest2015_pepa_hamasyan_066.jpg?w=1680&amp;ssl=1 1680w\" width=\"275\" height=\"183\" loading=\"lazy\" data-original-width=\"275\" data-original-height=\"183\" itemprop=\"http:\/\/schema.org\/image\" title=\"Tigran Hamasyan Trio - hier: Arthur Hnatek (Jazzfest Berlin 2015). Foto: Petra Basche\" alt=\"Tigran Hamasyan Trio - hier: Arthur Hnatek (Jazzfest Berlin 2015). Foto: Petra Basche\" style=\"width: 275px; height: 183px;\" \/> <\/a> <div class=\"tiled-gallery-caption\" itemprop=\"caption description\"> Tigran Hamasyan Trio &#8211; hier: Arthur Hnatek (Jazzfest Berlin 2015). Foto: Petra Basche <\/div> <\/div> <\/div> <!-- close group --> <\/div> <!-- close row --> <div class=\"gallery-row\" style=\"width: 840px; height: 405px;\" data-original-width=\"840\" data-original-height=\"405\" > <div class=\"gallery-group images-2\" style=\"width: 302px; height: 405px;\" data-original-width=\"302\" data-original-height=\"405\" > <div class=\"tiled-gallery-item tiled-gallery-item-large\" itemprop=\"associatedMedia\" itemscope itemtype=\"http:\/\/schema.org\/ImageObject\"> <a href=\"https:\/\/i0.wp.com\/www.jazzzeitung.de\/cms\/wp-content\/uploads\/2015\/11\/jazzfest2015_pepa_hamasyan_067.jpg?ssl=1\" border=\"0\" itemprop=\"url\"> <meta itemprop=\"width\" content=\"298\"> <meta itemprop=\"height\" content=\"199\"> <img decoding=\"async\" class=\"\" data-attachment-id=\"7631\" data-orig-file=\"https:\/\/www.jazzzeitung.de\/cms\/wp-content\/uploads\/2015\/11\/jazzfest2015_pepa_hamasyan_067.jpg\" data-orig-size=\"1800,1200\" data-comments-opened=\"1\" data-image-meta=\"{&quot;aperture&quot;:&quot;4&quot;,&quot;credit&quot;:&quot;&quot;,&quot;camera&quot;:&quot;AGING CORP.&quot;,&quot;caption&quot;:&quot;Tigran Hamasyan Trio (Jazzfest Berlin 2015). Foto: Petra Basche&quot;,&quot;created_timestamp&quot;:&quot;1446933368&quot;,&quot;copyright&quot;:&quot;&quot;,&quot;focal_length&quot;:&quot;90&quot;,&quot;iso&quot;:&quot;1600&quot;,&quot;shutter_speed&quot;:&quot;0.00625&quot;,&quot;title&quot;:&quot;Tigran Hamasyan Trio (Jazzfest Berlin 2015). Foto: Petra Basche&quot;,&quot;orientation&quot;:&quot;1&quot;}\" data-image-title=\"Tigran Hamasyan Trio (Jazzfest Berlin 2015). Foto: Petra Basche\" data-image-description=\"&lt;p&gt;Tigran Hamasyan Trio (Jazzfest Berlin 2015). Foto: Petra Basche&lt;\/p&gt; \" data-medium-file=\"https:\/\/i0.wp.com\/www.jazzzeitung.de\/cms\/wp-content\/uploads\/2015\/11\/jazzfest2015_pepa_hamasyan_067.jpg?fit=300%2C200&#038;ssl=1\" data-large-file=\"https:\/\/i0.wp.com\/www.jazzzeitung.de\/cms\/wp-content\/uploads\/2015\/11\/jazzfest2015_pepa_hamasyan_067.jpg?fit=840%2C560&#038;ssl=1\" src=\"https:\/\/i0.wp.com\/www.jazzzeitung.de\/cms\/wp-content\/uploads\/2015\/11\/jazzfest2015_pepa_hamasyan_067.jpg?w=298&#038;h=199&#038;ssl=1\" srcset=\"https:\/\/i0.wp.com\/www.jazzzeitung.de\/cms\/wp-content\/uploads\/2015\/11\/jazzfest2015_pepa_hamasyan_067.jpg?w=1800&amp;ssl=1 1800w, https:\/\/i0.wp.com\/www.jazzzeitung.de\/cms\/wp-content\/uploads\/2015\/11\/jazzfest2015_pepa_hamasyan_067.jpg?resize=300%2C200&amp;ssl=1 300w, https:\/\/i0.wp.com\/www.jazzzeitung.de\/cms\/wp-content\/uploads\/2015\/11\/jazzfest2015_pepa_hamasyan_067.jpg?resize=900%2C600&amp;ssl=1 900w, https:\/\/i0.wp.com\/www.jazzzeitung.de\/cms\/wp-content\/uploads\/2015\/11\/jazzfest2015_pepa_hamasyan_067.jpg?w=1680&amp;ssl=1 1680w\" width=\"298\" height=\"199\" loading=\"lazy\" data-original-width=\"298\" data-original-height=\"199\" itemprop=\"http:\/\/schema.org\/image\" title=\"Tigran Hamasyan Trio (Jazzfest Berlin 2015). Foto: Petra Basche\" alt=\"Tigran Hamasyan Trio (Jazzfest Berlin 2015). Foto: Petra Basche\" style=\"width: 298px; height: 199px;\" \/> <\/a> <div class=\"tiled-gallery-caption\" itemprop=\"caption description\"> Tigran Hamasyan Trio (Jazzfest Berlin 2015). Foto: Petra Basche <\/div> <\/div> <div class=\"tiled-gallery-item tiled-gallery-item-large\" itemprop=\"associatedMedia\" itemscope itemtype=\"http:\/\/schema.org\/ImageObject\"> <a href=\"https:\/\/i0.wp.com\/www.jazzzeitung.de\/cms\/wp-content\/uploads\/2015\/11\/jazzfest2015_pepa_hamasyan_068.jpg?ssl=1\" border=\"0\" itemprop=\"url\"> <meta itemprop=\"width\" content=\"298\"> <meta itemprop=\"height\" content=\"198\"> <img decoding=\"async\" class=\"\" data-attachment-id=\"7632\" data-orig-file=\"https:\/\/www.jazzzeitung.de\/cms\/wp-content\/uploads\/2015\/11\/jazzfest2015_pepa_hamasyan_068.jpg\" data-orig-size=\"1800,1200\" data-comments-opened=\"1\" data-image-meta=\"{&quot;aperture&quot;:&quot;4&quot;,&quot;credit&quot;:&quot;&quot;,&quot;camera&quot;:&quot;AGING CORP.&quot;,&quot;caption&quot;:&quot;Tigran Hamasyan Trio (Jazzfest Berlin 2015). Foto: Petra Basche&quot;,&quot;created_timestamp&quot;:&quot;1446933411&quot;,&quot;copyright&quot;:&quot;&quot;,&quot;focal_length&quot;:&quot;210&quot;,&quot;iso&quot;:&quot;1600&quot;,&quot;shutter_speed&quot;:&quot;0.04&quot;,&quot;title&quot;:&quot;Tigran Hamasyan Trio (Jazzfest Berlin 2015). Foto: Petra Basche&quot;,&quot;orientation&quot;:&quot;1&quot;}\" data-image-title=\"Tigran Hamasyan Trio (Jazzfest Berlin 2015). Foto: Petra Basche\" data-image-description=\"&lt;p&gt;Tigran Hamasyan Trio &amp;#8211; hier: Der Schuh! (Jazzfest Berlin 2015). Foto: Petra Basche&lt;\/p&gt; \" data-medium-file=\"https:\/\/i0.wp.com\/www.jazzzeitung.de\/cms\/wp-content\/uploads\/2015\/11\/jazzfest2015_pepa_hamasyan_068.jpg?fit=300%2C200&#038;ssl=1\" data-large-file=\"https:\/\/i0.wp.com\/www.jazzzeitung.de\/cms\/wp-content\/uploads\/2015\/11\/jazzfest2015_pepa_hamasyan_068.jpg?fit=840%2C560&#038;ssl=1\" src=\"https:\/\/i0.wp.com\/www.jazzzeitung.de\/cms\/wp-content\/uploads\/2015\/11\/jazzfest2015_pepa_hamasyan_068.jpg?w=298&#038;h=198&#038;ssl=1\" srcset=\"https:\/\/i0.wp.com\/www.jazzzeitung.de\/cms\/wp-content\/uploads\/2015\/11\/jazzfest2015_pepa_hamasyan_068.jpg?w=1800&amp;ssl=1 1800w, https:\/\/i0.wp.com\/www.jazzzeitung.de\/cms\/wp-content\/uploads\/2015\/11\/jazzfest2015_pepa_hamasyan_068.jpg?resize=300%2C200&amp;ssl=1 300w, https:\/\/i0.wp.com\/www.jazzzeitung.de\/cms\/wp-content\/uploads\/2015\/11\/jazzfest2015_pepa_hamasyan_068.jpg?resize=900%2C600&amp;ssl=1 900w, https:\/\/i0.wp.com\/www.jazzzeitung.de\/cms\/wp-content\/uploads\/2015\/11\/jazzfest2015_pepa_hamasyan_068.jpg?w=1680&amp;ssl=1 1680w\" width=\"298\" height=\"198\" loading=\"lazy\" data-original-width=\"298\" data-original-height=\"198\" itemprop=\"http:\/\/schema.org\/image\" title=\"Tigran Hamasyan Trio (Jazzfest Berlin 2015). Foto: Petra Basche\" alt=\"Tigran Hamasyan Trio - hier: Der Schuh! (Jazzfest Berlin 2015). Foto: Petra Basche\" style=\"width: 298px; height: 198px;\" \/> <\/a> <div class=\"tiled-gallery-caption\" itemprop=\"caption description\"> Tigran Hamasyan Trio &#8211; hier: Der Schuh! (Jazzfest Berlin 2015). Foto: Petra Basche <\/div> <\/div> <\/div> <!-- close group --> <div class=\"gallery-group images-1\" style=\"width: 538px; height: 405px;\" data-original-width=\"538\" data-original-height=\"405\" > <div class=\"tiled-gallery-item tiled-gallery-item-large\" itemprop=\"associatedMedia\" itemscope itemtype=\"http:\/\/schema.org\/ImageObject\"> <a href=\"https:\/\/i0.wp.com\/www.jazzzeitung.de\/cms\/wp-content\/uploads\/2015\/11\/jazzfest2015_pepa_hamasyan_069.jpg?ssl=1\" border=\"0\" itemprop=\"url\"> <meta itemprop=\"width\" content=\"534\"> <meta itemprop=\"height\" content=\"401\"> <img decoding=\"async\" class=\"\" data-attachment-id=\"7633\" data-orig-file=\"https:\/\/www.jazzzeitung.de\/cms\/wp-content\/uploads\/2015\/11\/jazzfest2015_pepa_hamasyan_069.jpg\" data-orig-size=\"1600,1200\" data-comments-opened=\"1\" data-image-meta=\"{&quot;aperture&quot;:&quot;4&quot;,&quot;credit&quot;:&quot;&quot;,&quot;camera&quot;:&quot;AGING CORP.&quot;,&quot;caption&quot;:&quot;Tigran Hamasyan Trio (Jazzfest Berlin 2015). Foto: Petra Basche&quot;,&quot;created_timestamp&quot;:&quot;1446933901&quot;,&quot;copyright&quot;:&quot;&quot;,&quot;focal_length&quot;:&quot;100&quot;,&quot;iso&quot;:&quot;1600&quot;,&quot;shutter_speed&quot;:&quot;0.00625&quot;,&quot;title&quot;:&quot;Tigran Hamasyan Trio (Jazzfest Berlin 2015). Foto: Petra Basche&quot;,&quot;orientation&quot;:&quot;1&quot;}\" data-image-title=\"Tigran Hamasyan Trio &amp;#8211; hier: Sam Minaie (Jazzfest Berlin 2015). Foto: Petra Basche\" data-image-description=\"&lt;p&gt;Tigran Hamasyan Trio &amp;#8211; hier: Sam Minaie (Jazzfest Berlin 2015). Foto: Petra Basche&lt;\/p&gt; \" data-medium-file=\"https:\/\/i0.wp.com\/www.jazzzeitung.de\/cms\/wp-content\/uploads\/2015\/11\/jazzfest2015_pepa_hamasyan_069.jpg?fit=300%2C225&#038;ssl=1\" data-large-file=\"https:\/\/i0.wp.com\/www.jazzzeitung.de\/cms\/wp-content\/uploads\/2015\/11\/jazzfest2015_pepa_hamasyan_069.jpg?fit=800%2C600&#038;ssl=1\" src=\"https:\/\/i0.wp.com\/www.jazzzeitung.de\/cms\/wp-content\/uploads\/2015\/11\/jazzfest2015_pepa_hamasyan_069.jpg?w=534&#038;h=401&#038;ssl=1\" srcset=\"https:\/\/i0.wp.com\/www.jazzzeitung.de\/cms\/wp-content\/uploads\/2015\/11\/jazzfest2015_pepa_hamasyan_069.jpg?w=1600&amp;ssl=1 1600w, https:\/\/i0.wp.com\/www.jazzzeitung.de\/cms\/wp-content\/uploads\/2015\/11\/jazzfest2015_pepa_hamasyan_069.jpg?resize=300%2C225&amp;ssl=1 300w, https:\/\/i0.wp.com\/www.jazzzeitung.de\/cms\/wp-content\/uploads\/2015\/11\/jazzfest2015_pepa_hamasyan_069.jpg?resize=800%2C600&amp;ssl=1 800w, https:\/\/i0.wp.com\/www.jazzzeitung.de\/cms\/wp-content\/uploads\/2015\/11\/jazzfest2015_pepa_hamasyan_069.jpg?resize=900%2C675&amp;ssl=1 900w\" width=\"534\" height=\"401\" loading=\"lazy\" data-original-width=\"534\" data-original-height=\"401\" itemprop=\"http:\/\/schema.org\/image\" title=\"Tigran Hamasyan Trio - hier: Sam Minaie (Jazzfest Berlin 2015). Foto: Petra Basche\" alt=\"Tigran Hamasyan Trio - hier: Sam Minaie (Jazzfest Berlin 2015). Foto: Petra Basche\" style=\"width: 534px; height: 401px;\" \/> <\/a> <div class=\"tiled-gallery-caption\" itemprop=\"caption description\"> Tigran Hamasyan Trio &#8211; hier: Sam Minaie (Jazzfest Berlin 2015). Foto: Petra Basche <\/div> <\/div> <\/div> <!-- close group --> <\/div> <!-- close row --> <div class=\"gallery-row\" style=\"width: 840px; height: 154px;\" data-original-width=\"840\" data-original-height=\"154\" > <div class=\"gallery-group images-1\" style=\"width: 204px; height: 154px;\" data-original-width=\"204\" data-original-height=\"154\" > <div class=\"tiled-gallery-item tiled-gallery-item-small\" itemprop=\"associatedMedia\" itemscope itemtype=\"http:\/\/schema.org\/ImageObject\"> <a href=\"https:\/\/i0.wp.com\/www.jazzzeitung.de\/cms\/wp-content\/uploads\/2015\/11\/jazzfest2015_pepa_hamasyan_070.jpg?ssl=1\" border=\"0\" itemprop=\"url\"> <meta itemprop=\"width\" content=\"200\"> <meta itemprop=\"height\" content=\"150\"> <img decoding=\"async\" class=\"\" data-attachment-id=\"7634\" data-orig-file=\"https:\/\/www.jazzzeitung.de\/cms\/wp-content\/uploads\/2015\/11\/jazzfest2015_pepa_hamasyan_070.jpg\" data-orig-size=\"1600,1200\" data-comments-opened=\"1\" data-image-meta=\"{&quot;aperture&quot;:&quot;4&quot;,&quot;credit&quot;:&quot;&quot;,&quot;camera&quot;:&quot;AGING CORP.&quot;,&quot;caption&quot;:&quot;Tigran Hamasyan Trio (Jazzfest Berlin 2015). Foto: Petra Basche&quot;,&quot;created_timestamp&quot;:&quot;1446934253&quot;,&quot;copyright&quot;:&quot;&quot;,&quot;focal_length&quot;:&quot;105&quot;,&quot;iso&quot;:&quot;1600&quot;,&quot;shutter_speed&quot;:&quot;0.01&quot;,&quot;title&quot;:&quot;Tigran Hamasyan Trio (Jazzfest Berlin 2015). Foto: Petra Basche&quot;,&quot;orientation&quot;:&quot;1&quot;}\" data-image-title=\"Tigran Hamasyan Trio &amp;#8211; hier: Sam Minaie (Jazzfest Berlin 2015). Foto: Petra Basche\" data-image-description=\"&lt;p&gt;Tigran Hamasyan Trio &amp;#8211; hier: Sam Minaie (Jazzfest Berlin 2015). Foto: Petra Basche&lt;\/p&gt; \" data-medium-file=\"https:\/\/i0.wp.com\/www.jazzzeitung.de\/cms\/wp-content\/uploads\/2015\/11\/jazzfest2015_pepa_hamasyan_070.jpg?fit=300%2C225&#038;ssl=1\" data-large-file=\"https:\/\/i0.wp.com\/www.jazzzeitung.de\/cms\/wp-content\/uploads\/2015\/11\/jazzfest2015_pepa_hamasyan_070.jpg?fit=800%2C600&#038;ssl=1\" src=\"https:\/\/i0.wp.com\/www.jazzzeitung.de\/cms\/wp-content\/uploads\/2015\/11\/jazzfest2015_pepa_hamasyan_070.jpg?w=200&#038;h=150&#038;ssl=1\" srcset=\"https:\/\/i0.wp.com\/www.jazzzeitung.de\/cms\/wp-content\/uploads\/2015\/11\/jazzfest2015_pepa_hamasyan_070.jpg?w=1600&amp;ssl=1 1600w, https:\/\/i0.wp.com\/www.jazzzeitung.de\/cms\/wp-content\/uploads\/2015\/11\/jazzfest2015_pepa_hamasyan_070.jpg?resize=300%2C225&amp;ssl=1 300w, https:\/\/i0.wp.com\/www.jazzzeitung.de\/cms\/wp-content\/uploads\/2015\/11\/jazzfest2015_pepa_hamasyan_070.jpg?resize=800%2C600&amp;ssl=1 800w, https:\/\/i0.wp.com\/www.jazzzeitung.de\/cms\/wp-content\/uploads\/2015\/11\/jazzfest2015_pepa_hamasyan_070.jpg?resize=900%2C675&amp;ssl=1 900w\" width=\"200\" height=\"150\" loading=\"lazy\" data-original-width=\"200\" data-original-height=\"150\" itemprop=\"http:\/\/schema.org\/image\" title=\"Tigran Hamasyan Trio - hier: Sam Minaie (Jazzfest Berlin 2015). Foto: Petra Basche\" alt=\"Tigran Hamasyan Trio - hier: Sam Minaie (Jazzfest Berlin 2015). Foto: Petra Basche\" style=\"width: 200px; height: 150px;\" \/> <\/a> <div class=\"tiled-gallery-caption\" itemprop=\"caption description\"> Tigran Hamasyan Trio &#8211; hier: Sam Minaie (Jazzfest Berlin 2015). Foto: Petra Basche <\/div> <\/div> <\/div> <!-- close group --> <div class=\"gallery-group images-1\" style=\"width: 228px; height: 154px;\" data-original-width=\"228\" data-original-height=\"154\" > <div class=\"tiled-gallery-item tiled-gallery-item-small\" itemprop=\"associatedMedia\" itemscope itemtype=\"http:\/\/schema.org\/ImageObject\"> <a href=\"https:\/\/i0.wp.com\/www.jazzzeitung.de\/cms\/wp-content\/uploads\/2015\/11\/jazzfest2015_pepa_hamasyan_072.jpg?ssl=1\" border=\"0\" itemprop=\"url\"> <meta itemprop=\"width\" content=\"224\"> <meta itemprop=\"height\" content=\"150\"> <img decoding=\"async\" class=\"\" data-attachment-id=\"7636\" data-orig-file=\"https:\/\/www.jazzzeitung.de\/cms\/wp-content\/uploads\/2015\/11\/jazzfest2015_pepa_hamasyan_072.jpg\" data-orig-size=\"1798,1200\" data-comments-opened=\"1\" data-image-meta=\"{&quot;aperture&quot;:&quot;0&quot;,&quot;credit&quot;:&quot;Petra Basche&quot;,&quot;camera&quot;:&quot;CORPORATION&quot;,&quot;caption&quot;:&quot;Tigran Hamasyan Trio (Jazzfest Berlin 2015). Foto: Petra Basche&quot;,&quot;created_timestamp&quot;:&quot;1446935197&quot;,&quot;copyright&quot;:&quot;Petra Basche&quot;,&quot;focal_length&quot;:&quot;0.2&quot;,&quot;iso&quot;:&quot;1600&quot;,&quot;shutter_speed&quot;:&quot;0.021881838074398&quot;,&quot;title&quot;:&quot;Tigran Hamasyan Trio (Jazzfest Berlin 2015). Foto: Petra Basche&quot;,&quot;orientation&quot;:&quot;1&quot;}\" data-image-title=\"Tigran Hamasyan Trio (Jazzfest Berlin 2015). Foto: Petra Basche\" data-image-description=\"&lt;p&gt;Tigran Hamasyan Trio (Jazzfest Berlin 2015). Foto: Petra Basche&lt;\/p&gt; \" data-medium-file=\"https:\/\/i0.wp.com\/www.jazzzeitung.de\/cms\/wp-content\/uploads\/2015\/11\/jazzfest2015_pepa_hamasyan_072.jpg?fit=300%2C200&#038;ssl=1\" data-large-file=\"https:\/\/i0.wp.com\/www.jazzzeitung.de\/cms\/wp-content\/uploads\/2015\/11\/jazzfest2015_pepa_hamasyan_072.jpg?fit=840%2C560&#038;ssl=1\" src=\"https:\/\/i0.wp.com\/www.jazzzeitung.de\/cms\/wp-content\/uploads\/2015\/11\/jazzfest2015_pepa_hamasyan_072.jpg?w=224&#038;h=150&#038;ssl=1\" srcset=\"https:\/\/i0.wp.com\/www.jazzzeitung.de\/cms\/wp-content\/uploads\/2015\/11\/jazzfest2015_pepa_hamasyan_072.jpg?w=1798&amp;ssl=1 1798w, https:\/\/i0.wp.com\/www.jazzzeitung.de\/cms\/wp-content\/uploads\/2015\/11\/jazzfest2015_pepa_hamasyan_072.jpg?resize=300%2C200&amp;ssl=1 300w, https:\/\/i0.wp.com\/www.jazzzeitung.de\/cms\/wp-content\/uploads\/2015\/11\/jazzfest2015_pepa_hamasyan_072.jpg?resize=900%2C601&amp;ssl=1 900w, https:\/\/i0.wp.com\/www.jazzzeitung.de\/cms\/wp-content\/uploads\/2015\/11\/jazzfest2015_pepa_hamasyan_072.jpg?w=1680&amp;ssl=1 1680w\" width=\"224\" height=\"150\" loading=\"lazy\" data-original-width=\"224\" data-original-height=\"150\" itemprop=\"http:\/\/schema.org\/image\" title=\"Tigran Hamasyan Trio (Jazzfest Berlin 2015). Foto: Petra Basche\" alt=\"Tigran Hamasyan Trio (Jazzfest Berlin 2015). Foto: Petra Basche\" style=\"width: 224px; height: 150px;\" \/> <\/a> <div class=\"tiled-gallery-caption\" itemprop=\"caption description\"> Tigran Hamasyan Trio (Jazzfest Berlin 2015). Foto: Petra Basche <\/div> <\/div> <\/div> <!-- close group --> <div class=\"gallery-group images-1\" style=\"width: 204px; height: 154px;\" data-original-width=\"204\" data-original-height=\"154\" > <div class=\"tiled-gallery-item tiled-gallery-item-small\" itemprop=\"associatedMedia\" itemscope itemtype=\"http:\/\/schema.org\/ImageObject\"> <a href=\"https:\/\/i0.wp.com\/www.jazzzeitung.de\/cms\/wp-content\/uploads\/2015\/11\/jazzfest2015_pepa_hamasyan_071.jpg?ssl=1\" border=\"0\" itemprop=\"url\"> <meta itemprop=\"width\" content=\"200\"> <meta itemprop=\"height\" content=\"150\"> <img decoding=\"async\" class=\"\" data-attachment-id=\"7635\" data-orig-file=\"https:\/\/www.jazzzeitung.de\/cms\/wp-content\/uploads\/2015\/11\/jazzfest2015_pepa_hamasyan_071.jpg\" data-orig-size=\"1600,1200\" data-comments-opened=\"1\" data-image-meta=\"{&quot;aperture&quot;:&quot;4&quot;,&quot;credit&quot;:&quot;&quot;,&quot;camera&quot;:&quot;AGING CORP.&quot;,&quot;caption&quot;:&quot;Tigran Hamasyan Trio (Jazzfest Berlin 2015). Foto: Petra Basche&quot;,&quot;created_timestamp&quot;:&quot;1446934288&quot;,&quot;copyright&quot;:&quot;&quot;,&quot;focal_length&quot;:&quot;125&quot;,&quot;iso&quot;:&quot;1600&quot;,&quot;shutter_speed&quot;:&quot;0.00625&quot;,&quot;title&quot;:&quot;Tigran Hamasyan Trio (Jazzfest Berlin 2015). Foto: Petra Basche&quot;,&quot;orientation&quot;:&quot;1&quot;}\" data-image-title=\"Tigran Hamasyan Trio &amp;#8211; hier: Tigran Hamasyan (Jazzfest Berlin 2015). Foto: Petra Basche\" data-image-description=\"&lt;p&gt;Tigran Hamasyan Trio &amp;#8211; hier: Tigran Hamasyan (Jazzfest Berlin 2015). Foto: Petra Basche&lt;\/p&gt; \" data-medium-file=\"https:\/\/i0.wp.com\/www.jazzzeitung.de\/cms\/wp-content\/uploads\/2015\/11\/jazzfest2015_pepa_hamasyan_071.jpg?fit=300%2C225&#038;ssl=1\" data-large-file=\"https:\/\/i0.wp.com\/www.jazzzeitung.de\/cms\/wp-content\/uploads\/2015\/11\/jazzfest2015_pepa_hamasyan_071.jpg?fit=800%2C600&#038;ssl=1\" src=\"https:\/\/i0.wp.com\/www.jazzzeitung.de\/cms\/wp-content\/uploads\/2015\/11\/jazzfest2015_pepa_hamasyan_071.jpg?w=200&#038;h=150&#038;ssl=1\" srcset=\"https:\/\/i0.wp.com\/www.jazzzeitung.de\/cms\/wp-content\/uploads\/2015\/11\/jazzfest2015_pepa_hamasyan_071.jpg?w=1600&amp;ssl=1 1600w, https:\/\/i0.wp.com\/www.jazzzeitung.de\/cms\/wp-content\/uploads\/2015\/11\/jazzfest2015_pepa_hamasyan_071.jpg?resize=300%2C225&amp;ssl=1 300w, https:\/\/i0.wp.com\/www.jazzzeitung.de\/cms\/wp-content\/uploads\/2015\/11\/jazzfest2015_pepa_hamasyan_071.jpg?resize=800%2C600&amp;ssl=1 800w, https:\/\/i0.wp.com\/www.jazzzeitung.de\/cms\/wp-content\/uploads\/2015\/11\/jazzfest2015_pepa_hamasyan_071.jpg?resize=900%2C675&amp;ssl=1 900w\" width=\"200\" height=\"150\" loading=\"lazy\" data-original-width=\"200\" data-original-height=\"150\" itemprop=\"http:\/\/schema.org\/image\" title=\"Tigran Hamasyan Trio - hier: Tigran Hamasyan (Jazzfest Berlin 2015). Foto: Petra Basche\" alt=\"Tigran Hamasyan Trio - hier: Tigran Hamasyan (Jazzfest Berlin 2015). Foto: Petra Basche\" style=\"width: 200px; height: 150px;\" \/> <\/a> <div class=\"tiled-gallery-caption\" itemprop=\"caption description\"> Tigran Hamasyan Trio &#8211; hier: Tigran Hamasyan (Jazzfest Berlin 2015). Foto: Petra Basche <\/div> <\/div> <\/div> <!-- close group --> <div class=\"gallery-group images-1\" style=\"width: 204px; height: 154px;\" data-original-width=\"204\" data-original-height=\"154\" > <div class=\"tiled-gallery-item tiled-gallery-item-small\" itemprop=\"associatedMedia\" itemscope itemtype=\"http:\/\/schema.org\/ImageObject\"> <a href=\"https:\/\/i0.wp.com\/www.jazzzeitung.de\/cms\/wp-content\/uploads\/2015\/11\/jazzfest2015_pepa_hamasyan_075.jpg?ssl=1\" border=\"0\" itemprop=\"url\"> <meta itemprop=\"width\" content=\"200\"> <meta itemprop=\"height\" content=\"150\"> <img decoding=\"async\" class=\"\" data-attachment-id=\"7639\" data-orig-file=\"https:\/\/www.jazzzeitung.de\/cms\/wp-content\/uploads\/2015\/11\/jazzfest2015_pepa_hamasyan_075.jpg\" data-orig-size=\"1600,1200\" data-comments-opened=\"1\" data-image-meta=\"{&quot;aperture&quot;:&quot;2.8&quot;,&quot;credit&quot;:&quot;Dr. Martin Hufner&quot;,&quot;camera&quot;:&quot;AGING CORP.&quot;,&quot;caption&quot;:&quot;Tigran Hamasyan Trio (Jazzfest Berlin 2015). Foto: Petra Basche&quot;,&quot;created_timestamp&quot;:&quot;1446931315&quot;,&quot;copyright&quot;:&quot;Martin Hufner&quot;,&quot;focal_length&quot;:&quot;40&quot;,&quot;iso&quot;:&quot;2000&quot;,&quot;shutter_speed&quot;:&quot;0.01&quot;,&quot;title&quot;:&quot;Tigran Hamasyan Trio (Jazzfest Berlin 2015). Foto: Petra Basche&quot;,&quot;orientation&quot;:&quot;1&quot;}\" data-image-title=\"Tigran Hamasyan Trio (Jazzfest Berlin 2015). Foto: Martin Hufner\" data-image-description=\"&lt;p&gt;Tigran Hamasyan Trio (Jazzfest Berlin 2015). Foto: Martin Hufner&lt;\/p&gt; \" data-medium-file=\"https:\/\/i0.wp.com\/www.jazzzeitung.de\/cms\/wp-content\/uploads\/2015\/11\/jazzfest2015_pepa_hamasyan_075.jpg?fit=300%2C225&#038;ssl=1\" data-large-file=\"https:\/\/i0.wp.com\/www.jazzzeitung.de\/cms\/wp-content\/uploads\/2015\/11\/jazzfest2015_pepa_hamasyan_075.jpg?fit=800%2C600&#038;ssl=1\" src=\"https:\/\/i0.wp.com\/www.jazzzeitung.de\/cms\/wp-content\/uploads\/2015\/11\/jazzfest2015_pepa_hamasyan_075.jpg?w=200&#038;h=150&#038;ssl=1\" srcset=\"https:\/\/i0.wp.com\/www.jazzzeitung.de\/cms\/wp-content\/uploads\/2015\/11\/jazzfest2015_pepa_hamasyan_075.jpg?w=1600&amp;ssl=1 1600w, https:\/\/i0.wp.com\/www.jazzzeitung.de\/cms\/wp-content\/uploads\/2015\/11\/jazzfest2015_pepa_hamasyan_075.jpg?resize=300%2C225&amp;ssl=1 300w, https:\/\/i0.wp.com\/www.jazzzeitung.de\/cms\/wp-content\/uploads\/2015\/11\/jazzfest2015_pepa_hamasyan_075.jpg?resize=800%2C600&amp;ssl=1 800w, https:\/\/i0.wp.com\/www.jazzzeitung.de\/cms\/wp-content\/uploads\/2015\/11\/jazzfest2015_pepa_hamasyan_075.jpg?resize=900%2C675&amp;ssl=1 900w\" width=\"200\" height=\"150\" loading=\"lazy\" data-original-width=\"200\" data-original-height=\"150\" itemprop=\"http:\/\/schema.org\/image\" title=\"Tigran Hamasyan Trio (Jazzfest Berlin 2015). Foto: Martin Hufner\" alt=\"Tigran Hamasyan Trio (Jazzfest Berlin 2015). Foto: Martin Hufner\" style=\"width: 200px; height: 150px;\" \/> <\/a> <div class=\"tiled-gallery-caption\" itemprop=\"caption description\"> Tigran Hamasyan Trio (Jazzfest Berlin 2015). Foto: Martin Hufner <\/div> <\/div> <\/div> <!-- close group --> <\/div> <!-- close row --> <\/div>\n<p>Das hat mehr Metal-Trash-Rock-Aspekte, bitte fragt nicht welcher speziellen Art, als es manchem im Publikum lieb sein mochte. Aber die unregelm\u00e4\u00dfigen Metren knallen einem nur so um die Ohren. Ab und an gibt es da auch feinf\u00fchlige Klangeffekte des Bassisten. Aber der Grundton ist irgendwie immer D-Moll (oder \u00e4hnliches). Das ist nix zum Tanzen, das ist zum Headbangen. Die Sache ist so simpel wie effektiv gestrickt. Und weil der Aufbau nahezu immer der Gleiche ist, nutzt er sich denn auch etwas ab. Aber weil er auch so simpel ist, \u00fcberfordert er die Musiker nicht. Sie haben darin immer genug Raum, genug M\u00f6glichkeiten, damit flexibel umzugehen und sich, wie der Schlagzeuger dabei Klangr\u00e4ume zu erschlie\u00dfen. Klaviertrio brutal, Klaviertrio s\u00e4uselnd.<\/p>\n<h2>Rationale Magie: Charles Lloyd und das \u201eWild Man Dance Project\u201c<\/h2>\n<p>War gestern die Geschichte, die Keith Tippett mitgebracht hat, auch ein wenig wirr, war diejenige unter dem Titel \u201eWild Man Dance Project\u201c von Charles Lloyd von langem Atem gekennzeichnet, gut 90 Minuten am St\u00fcck mit seinen Musikern Gerald Clayton (piano), Joe Sanders (double bass), Eric Harland (drums), Socratis Sinopoulos (lyra) und Mikl\u00f3s Luk\u00e1cs (cimbalom). Es entfaltete sich vor Augen und Ohren ein durch den Raum vegetierender Organismus aus verdammt gut aufeinander eingestellten Musikern \u2013 deren impulsgebenden Elemente Gerald Clayton am Piano und eben \u201eder\u201c Charles Lloyd waren. Endlich ein Tenorsaxophon. Und was f\u00fcr eines, fast unbeschreiblich ges\u00e4ttigt mit erdigen Farben. Zusammen mit den beiden jazzuntypischen Instrumenten Cymbalon und Lyra ereignete sich so etwas wie Polykulturalit\u00e4t \u2013 man wagt sich sicher nicht zu weit wenn man den beiden Instrumenten trotzdem keine gro\u00dfe Zukunft im Jazz vorhersagt, obgleichder Cymbalist einmal sich bis an die Grenzen der Spielbarkeit des Instruments steigerte oder ein Duo zwischen Lyra und Kontrabass den einen oder anderen verz\u00fcckte.<\/p>\n<div class=\"tiled-gallery type-rectangular tiled-gallery-unresized\" data-original-width=\"840\" data-carousel-extra='{&quot;blog_id&quot;:1,&quot;permalink&quot;:&quot;https:\\\/\\\/www.jazzzeitung.de\\\/cms\\\/2015\\\/11\\\/jazzfest-berlin-2015-tigran-hamasyan-trio-charles-lloyd\\\/&quot;,&quot;likes_blog_id&quot;:55446655}' itemscope itemtype=\"http:\/\/schema.org\/ImageGallery\" > <div class=\"gallery-row\" style=\"width: 840px; height: 239px;\" data-original-width=\"840\" data-original-height=\"239\" > <div class=\"gallery-group images-1\" style=\"width: 161px; height: 239px;\" data-original-width=\"161\" data-original-height=\"239\" > <div class=\"tiled-gallery-item tiled-gallery-item-small\" itemprop=\"associatedMedia\" itemscope itemtype=\"http:\/\/schema.org\/ImageObject\"> <a href=\"https:\/\/i0.wp.com\/www.jazzzeitung.de\/cms\/wp-content\/uploads\/2015\/11\/jazzfest2015_pepa_lloyd_026.jpg?ssl=1\" border=\"0\" itemprop=\"url\"> <meta itemprop=\"width\" content=\"157\"> <meta itemprop=\"height\" content=\"235\"> <img decoding=\"async\" class=\"\" data-attachment-id=\"7654\" data-orig-file=\"https:\/\/www.jazzzeitung.de\/cms\/wp-content\/uploads\/2015\/11\/jazzfest2015_pepa_lloyd_026.jpg\" data-orig-size=\"801,1200\" data-comments-opened=\"1\" data-image-meta=\"{&quot;aperture&quot;:&quot;0&quot;,&quot;credit&quot;:&quot;Petra Basche&quot;,&quot;camera&quot;:&quot;CORPORATION&quot;,&quot;caption&quot;:&quot;Charles Lloyd beim Jazzfest Berlin 2015. Foto: Petra Basche&quot;,&quot;created_timestamp&quot;:&quot;1446939907&quot;,&quot;copyright&quot;:&quot;Petra Basche&quot;,&quot;focal_length&quot;:&quot;0.2&quot;,&quot;iso&quot;:&quot;3200&quot;,&quot;shutter_speed&quot;:&quot;0.022988505747126&quot;,&quot;title&quot;:&quot;Charles Lloyd beim Jazzfest Berlin 2015. Foto: Petra Basche&quot;,&quot;orientation&quot;:&quot;1&quot;}\" data-image-title=\"Charles Lloyd beim Jazzfest Berlin 2015. Foto: Petra Basche\" data-image-description=\"&lt;p&gt;Charles Lloyd beim Jazzfest Berlin 2015. Foto: Petra Basche&lt;\/p&gt; \" data-medium-file=\"https:\/\/i0.wp.com\/www.jazzzeitung.de\/cms\/wp-content\/uploads\/2015\/11\/jazzfest2015_pepa_lloyd_026.jpg?fit=200%2C300&#038;ssl=1\" data-large-file=\"https:\/\/i0.wp.com\/www.jazzzeitung.de\/cms\/wp-content\/uploads\/2015\/11\/jazzfest2015_pepa_lloyd_026.jpg?fit=401%2C600&#038;ssl=1\" src=\"https:\/\/i0.wp.com\/www.jazzzeitung.de\/cms\/wp-content\/uploads\/2015\/11\/jazzfest2015_pepa_lloyd_026.jpg?w=157&#038;h=235&#038;ssl=1\" srcset=\"https:\/\/i0.wp.com\/www.jazzzeitung.de\/cms\/wp-content\/uploads\/2015\/11\/jazzfest2015_pepa_lloyd_026.jpg?w=801&amp;ssl=1 801w, https:\/\/i0.wp.com\/www.jazzzeitung.de\/cms\/wp-content\/uploads\/2015\/11\/jazzfest2015_pepa_lloyd_026.jpg?resize=200%2C300&amp;ssl=1 200w, https:\/\/i0.wp.com\/www.jazzzeitung.de\/cms\/wp-content\/uploads\/2015\/11\/jazzfest2015_pepa_lloyd_026.jpg?resize=401%2C600&amp;ssl=1 401w\" width=\"157\" height=\"235\" loading=\"lazy\" data-original-width=\"157\" data-original-height=\"235\" itemprop=\"http:\/\/schema.org\/image\" title=\"Charles Lloyd beim Jazzfest Berlin 2015. Foto: Petra Basche\" alt=\"Charles Lloyd beim Jazzfest Berlin 2015. Foto: Petra Basche\" style=\"width: 157px; height: 235px;\" \/> <\/a> <div class=\"tiled-gallery-caption\" itemprop=\"caption description\"> Charles Lloyd beim Jazzfest Berlin 2015. Foto: Petra Basche <\/div> <\/div> <\/div> <!-- close group --> <div class=\"gallery-group images-1\" style=\"width: 161px; height: 239px;\" data-original-width=\"161\" data-original-height=\"239\" > <div class=\"tiled-gallery-item tiled-gallery-item-small\" itemprop=\"associatedMedia\" itemscope itemtype=\"http:\/\/schema.org\/ImageObject\"> <a href=\"https:\/\/i0.wp.com\/www.jazzzeitung.de\/cms\/wp-content\/uploads\/2015\/11\/jazzfest2015_pepa_lloyd_017.jpg?ssl=1\" border=\"0\" itemprop=\"url\"> <meta itemprop=\"width\" content=\"157\"> <meta itemprop=\"height\" content=\"235\"> <img decoding=\"async\" class=\"\" data-attachment-id=\"7647\" data-orig-file=\"https:\/\/www.jazzzeitung.de\/cms\/wp-content\/uploads\/2015\/11\/jazzfest2015_pepa_lloyd_017.jpg\" data-orig-size=\"800,1200\" data-comments-opened=\"1\" data-image-meta=\"{&quot;aperture&quot;:&quot;4.5&quot;,&quot;credit&quot;:&quot;&quot;,&quot;camera&quot;:&quot;AGING CORP.&quot;,&quot;caption&quot;:&quot;Charles Lloyd beim Jazzfest Berlin 2015. Foto: Petra Basche&quot;,&quot;created_timestamp&quot;:&quot;1446939714&quot;,&quot;copyright&quot;:&quot;&quot;,&quot;focal_length&quot;:&quot;56&quot;,&quot;iso&quot;:&quot;3200&quot;,&quot;shutter_speed&quot;:&quot;0.016666666666667&quot;,&quot;title&quot;:&quot;Charles Lloyd beim Jazzfest Berlin 2015. Foto: Petra Basche&quot;,&quot;orientation&quot;:&quot;1&quot;}\" data-image-title=\"Charles Lloyd beim Jazzfest Berlin 2015 &amp;#8211; hier: Eric Harland. Foto: Petra Basche\" data-image-description=\"&lt;p&gt;Charles Lloyd beim Jazzfest Berlin 2015 &amp;#8211; hier: Eric Harland. Foto: Petra Basche&lt;\/p&gt; \" data-medium-file=\"https:\/\/i0.wp.com\/www.jazzzeitung.de\/cms\/wp-content\/uploads\/2015\/11\/jazzfest2015_pepa_lloyd_017.jpg?fit=200%2C300&#038;ssl=1\" data-large-file=\"https:\/\/i0.wp.com\/www.jazzzeitung.de\/cms\/wp-content\/uploads\/2015\/11\/jazzfest2015_pepa_lloyd_017.jpg?fit=400%2C600&#038;ssl=1\" src=\"https:\/\/i0.wp.com\/www.jazzzeitung.de\/cms\/wp-content\/uploads\/2015\/11\/jazzfest2015_pepa_lloyd_017.jpg?w=157&#038;h=235&#038;ssl=1\" srcset=\"https:\/\/i0.wp.com\/www.jazzzeitung.de\/cms\/wp-content\/uploads\/2015\/11\/jazzfest2015_pepa_lloyd_017.jpg?w=800&amp;ssl=1 800w, https:\/\/i0.wp.com\/www.jazzzeitung.de\/cms\/wp-content\/uploads\/2015\/11\/jazzfest2015_pepa_lloyd_017.jpg?resize=200%2C300&amp;ssl=1 200w, https:\/\/i0.wp.com\/www.jazzzeitung.de\/cms\/wp-content\/uploads\/2015\/11\/jazzfest2015_pepa_lloyd_017.jpg?resize=400%2C600&amp;ssl=1 400w\" width=\"157\" height=\"235\" loading=\"lazy\" data-original-width=\"157\" data-original-height=\"235\" itemprop=\"http:\/\/schema.org\/image\" title=\"Charles Lloyd beim Jazzfest Berlin 2015 - hier: Eric Harland. Foto: Petra Basche\" alt=\"Charles Lloyd beim Jazzfest Berlin 2015 - hier: Eric Harland. Foto: Petra Basche\" style=\"width: 157px; height: 235px;\" \/> <\/a> <div class=\"tiled-gallery-caption\" itemprop=\"caption description\"> Charles Lloyd beim Jazzfest Berlin 2015 &#8211; hier: Eric Harland. Foto: Petra Basche <\/div> <\/div> <\/div> <!-- close group --> <div class=\"gallery-group images-1\" style=\"width: 357px; height: 239px;\" data-original-width=\"357\" data-original-height=\"239\" > <div class=\"tiled-gallery-item tiled-gallery-item-large\" itemprop=\"associatedMedia\" itemscope itemtype=\"http:\/\/schema.org\/ImageObject\"> <a href=\"https:\/\/i0.wp.com\/www.jazzzeitung.de\/cms\/wp-content\/uploads\/2015\/11\/jazzfest2015_pepa_lloyd_073.jpg?ssl=1\" border=\"0\" itemprop=\"url\"> <meta itemprop=\"width\" content=\"353\"> <meta itemprop=\"height\" content=\"235\"> <img decoding=\"async\" class=\"\" data-attachment-id=\"7656\" data-orig-file=\"https:\/\/www.jazzzeitung.de\/cms\/wp-content\/uploads\/2015\/11\/jazzfest2015_pepa_lloyd_073.jpg\" data-orig-size=\"1798,1200\" data-comments-opened=\"1\" data-image-meta=\"{&quot;aperture&quot;:&quot;0&quot;,&quot;credit&quot;:&quot;Petra Basche&quot;,&quot;camera&quot;:&quot;CORPORATION&quot;,&quot;caption&quot;:&quot;Charles Lloyd beim Jazzfest Berlin 2015. Foto: Petra Basche&quot;,&quot;created_timestamp&quot;:&quot;1446941470&quot;,&quot;copyright&quot;:&quot;Petra Basche&quot;,&quot;focal_length&quot;:&quot;0.6&quot;,&quot;iso&quot;:&quot;3200&quot;,&quot;shutter_speed&quot;:&quot;0.015317286652079&quot;,&quot;title&quot;:&quot;Charles Lloyd beim Jazzfest Berlin 2015. Foto: Petra Basche&quot;,&quot;orientation&quot;:&quot;1&quot;}\" data-image-title=\"Charles Lloyd beim Jazzfest Berlin 2015. Foto: Petra Basche\" data-image-description=\"&lt;p&gt;Charles Lloyd beim Jazzfest Berlin 2015. Foto: Petra Basche&lt;\/p&gt; \" data-medium-file=\"https:\/\/i0.wp.com\/www.jazzzeitung.de\/cms\/wp-content\/uploads\/2015\/11\/jazzfest2015_pepa_lloyd_073.jpg?fit=300%2C200&#038;ssl=1\" data-large-file=\"https:\/\/i0.wp.com\/www.jazzzeitung.de\/cms\/wp-content\/uploads\/2015\/11\/jazzfest2015_pepa_lloyd_073.jpg?fit=840%2C560&#038;ssl=1\" src=\"https:\/\/i0.wp.com\/www.jazzzeitung.de\/cms\/wp-content\/uploads\/2015\/11\/jazzfest2015_pepa_lloyd_073.jpg?w=353&#038;h=235&#038;ssl=1\" srcset=\"https:\/\/i0.wp.com\/www.jazzzeitung.de\/cms\/wp-content\/uploads\/2015\/11\/jazzfest2015_pepa_lloyd_073.jpg?w=1798&amp;ssl=1 1798w, https:\/\/i0.wp.com\/www.jazzzeitung.de\/cms\/wp-content\/uploads\/2015\/11\/jazzfest2015_pepa_lloyd_073.jpg?resize=300%2C200&amp;ssl=1 300w, https:\/\/i0.wp.com\/www.jazzzeitung.de\/cms\/wp-content\/uploads\/2015\/11\/jazzfest2015_pepa_lloyd_073.jpg?resize=900%2C601&amp;ssl=1 900w, https:\/\/i0.wp.com\/www.jazzzeitung.de\/cms\/wp-content\/uploads\/2015\/11\/jazzfest2015_pepa_lloyd_073.jpg?w=1680&amp;ssl=1 1680w\" width=\"353\" height=\"235\" loading=\"lazy\" data-original-width=\"353\" data-original-height=\"235\" itemprop=\"http:\/\/schema.org\/image\" title=\"Charles Lloyd beim Jazzfest Berlin 2015. Foto: Petra Basche\" alt=\"Charles Lloyd beim Jazzfest Berlin 2015. Foto: Petra Basche\" style=\"width: 353px; height: 235px;\" \/> <\/a> <div class=\"tiled-gallery-caption\" itemprop=\"caption description\"> Charles Lloyd beim Jazzfest Berlin 2015. Foto: Petra Basche <\/div> <\/div> <\/div> <!-- close group --> <div class=\"gallery-group images-1\" style=\"width: 161px; height: 239px;\" data-original-width=\"161\" data-original-height=\"239\" > <div class=\"tiled-gallery-item tiled-gallery-item-small\" itemprop=\"associatedMedia\" itemscope itemtype=\"http:\/\/schema.org\/ImageObject\"> <a href=\"https:\/\/i0.wp.com\/www.jazzzeitung.de\/cms\/wp-content\/uploads\/2015\/11\/jazzfest2015_pepa_lloyd_011.jpg?ssl=1\" border=\"0\" itemprop=\"url\"> <meta itemprop=\"width\" content=\"157\"> <meta itemprop=\"height\" content=\"235\"> <img decoding=\"async\" class=\"\" data-attachment-id=\"7642\" data-orig-file=\"https:\/\/www.jazzzeitung.de\/cms\/wp-content\/uploads\/2015\/11\/jazzfest2015_pepa_lloyd_011.jpg\" data-orig-size=\"801,1200\" data-comments-opened=\"1\" data-image-meta=\"{&quot;aperture&quot;:&quot;0&quot;,&quot;credit&quot;:&quot;Petra Basche&quot;,&quot;camera&quot;:&quot;CORPORATION&quot;,&quot;caption&quot;:&quot;Charles Lloyd beim Jazzfest Berlin 2015. Foto: Petra Basche&quot;,&quot;created_timestamp&quot;:&quot;1446939876&quot;,&quot;copyright&quot;:&quot;Petra Basche&quot;,&quot;focal_length&quot;:&quot;0.2&quot;,&quot;iso&quot;:&quot;3200&quot;,&quot;shutter_speed&quot;:&quot;0.022988505747126&quot;,&quot;title&quot;:&quot;Charles Lloyd beim Jazzfest Berlin 2015. Foto: Petra Basche&quot;,&quot;orientation&quot;:&quot;1&quot;}\" data-image-title=\"Charles Lloyd beim Jazzfest Berlin 2015. Foto: Petra Basche\" data-image-description=\"&lt;p&gt;Charles Lloyd beim Jazzfest Berlin 2015. Foto: Petra Basche&lt;\/p&gt; \" data-medium-file=\"https:\/\/i0.wp.com\/www.jazzzeitung.de\/cms\/wp-content\/uploads\/2015\/11\/jazzfest2015_pepa_lloyd_011.jpg?fit=200%2C300&#038;ssl=1\" data-large-file=\"https:\/\/i0.wp.com\/www.jazzzeitung.de\/cms\/wp-content\/uploads\/2015\/11\/jazzfest2015_pepa_lloyd_011.jpg?fit=401%2C600&#038;ssl=1\" src=\"https:\/\/i0.wp.com\/www.jazzzeitung.de\/cms\/wp-content\/uploads\/2015\/11\/jazzfest2015_pepa_lloyd_011.jpg?w=157&#038;h=235&#038;ssl=1\" srcset=\"https:\/\/i0.wp.com\/www.jazzzeitung.de\/cms\/wp-content\/uploads\/2015\/11\/jazzfest2015_pepa_lloyd_011.jpg?w=801&amp;ssl=1 801w, https:\/\/i0.wp.com\/www.jazzzeitung.de\/cms\/wp-content\/uploads\/2015\/11\/jazzfest2015_pepa_lloyd_011.jpg?resize=200%2C300&amp;ssl=1 200w, https:\/\/i0.wp.com\/www.jazzzeitung.de\/cms\/wp-content\/uploads\/2015\/11\/jazzfest2015_pepa_lloyd_011.jpg?resize=401%2C600&amp;ssl=1 401w\" width=\"157\" height=\"235\" loading=\"lazy\" data-original-width=\"157\" data-original-height=\"235\" itemprop=\"http:\/\/schema.org\/image\" title=\"Charles Lloyd beim Jazzfest Berlin 2015. Foto: Petra Basche\" alt=\"Charles Lloyd beim Jazzfest Berlin 2015. Foto: Petra Basche\" style=\"width: 157px; height: 235px;\" \/> <\/a> <div class=\"tiled-gallery-caption\" itemprop=\"caption description\"> Charles Lloyd beim Jazzfest Berlin 2015. Foto: Petra Basche <\/div> <\/div> <\/div> <!-- close group --> <\/div> <!-- close row --> <div class=\"gallery-row\" style=\"width: 840px; height: 694px;\" data-original-width=\"840\" data-original-height=\"694\" > <div class=\"gallery-group images-3\" style=\"width: 319px; height: 694px;\" data-original-width=\"319\" data-original-height=\"694\" > <div class=\"tiled-gallery-item tiled-gallery-item-large\" itemprop=\"associatedMedia\" itemscope itemtype=\"http:\/\/schema.org\/ImageObject\"> <a href=\"https:\/\/i0.wp.com\/www.jazzzeitung.de\/cms\/wp-content\/uploads\/2015\/11\/jazzfest2015_pepa_lloyd_013.jpg?ssl=1\" border=\"0\" itemprop=\"url\"> <meta itemprop=\"width\" content=\"315\"> <meta itemprop=\"height\" content=\"210\"> <img decoding=\"async\" class=\"\" data-attachment-id=\"7643\" data-orig-file=\"https:\/\/www.jazzzeitung.de\/cms\/wp-content\/uploads\/2015\/11\/jazzfest2015_pepa_lloyd_013.jpg\" data-orig-size=\"1800,1200\" data-comments-opened=\"1\" data-image-meta=\"{&quot;aperture&quot;:&quot;4.5&quot;,&quot;credit&quot;:&quot;&quot;,&quot;camera&quot;:&quot;AGING CORP.&quot;,&quot;caption&quot;:&quot;Charles Lloyd beim Jazzfest Berlin 2015. Foto: Petra Basche&quot;,&quot;created_timestamp&quot;:&quot;1446939192&quot;,&quot;copyright&quot;:&quot;&quot;,&quot;focal_length&quot;:&quot;110&quot;,&quot;iso&quot;:&quot;1600&quot;,&quot;shutter_speed&quot;:&quot;0.033333333333333&quot;,&quot;title&quot;:&quot;Charles Lloyd beim Jazzfest Berlin 2015. Foto: Petra Basche&quot;,&quot;orientation&quot;:&quot;1&quot;}\" data-image-title=\"Charles Lloyd beim Jazzfest Berlin 2015 hier mit: Mikl\u00f3s Luk\u00e1cs . Foto: Petra Basche\" data-image-description=\"&lt;p&gt;Charles Lloyd beim Jazzfest Berlin 2015 hier mit: Mikl\u00f3s Luk\u00e1cs . Foto: Petra Basche&lt;\/p&gt; \" data-medium-file=\"https:\/\/i0.wp.com\/www.jazzzeitung.de\/cms\/wp-content\/uploads\/2015\/11\/jazzfest2015_pepa_lloyd_013.jpg?fit=300%2C200&#038;ssl=1\" data-large-file=\"https:\/\/i0.wp.com\/www.jazzzeitung.de\/cms\/wp-content\/uploads\/2015\/11\/jazzfest2015_pepa_lloyd_013.jpg?fit=840%2C560&#038;ssl=1\" src=\"https:\/\/i0.wp.com\/www.jazzzeitung.de\/cms\/wp-content\/uploads\/2015\/11\/jazzfest2015_pepa_lloyd_013.jpg?w=315&#038;h=210&#038;ssl=1\" srcset=\"https:\/\/i0.wp.com\/www.jazzzeitung.de\/cms\/wp-content\/uploads\/2015\/11\/jazzfest2015_pepa_lloyd_013.jpg?w=1800&amp;ssl=1 1800w, https:\/\/i0.wp.com\/www.jazzzeitung.de\/cms\/wp-content\/uploads\/2015\/11\/jazzfest2015_pepa_lloyd_013.jpg?resize=300%2C200&amp;ssl=1 300w, https:\/\/i0.wp.com\/www.jazzzeitung.de\/cms\/wp-content\/uploads\/2015\/11\/jazzfest2015_pepa_lloyd_013.jpg?resize=900%2C600&amp;ssl=1 900w, https:\/\/i0.wp.com\/www.jazzzeitung.de\/cms\/wp-content\/uploads\/2015\/11\/jazzfest2015_pepa_lloyd_013.jpg?w=1680&amp;ssl=1 1680w\" width=\"315\" height=\"210\" loading=\"lazy\" data-original-width=\"315\" data-original-height=\"210\" itemprop=\"http:\/\/schema.org\/image\" title=\"Charles Lloyd beim Jazzfest Berlin 2015 hier mit: Mikl\u00f3s Luk\u00e1cs . Foto: Petra Basche\" alt=\"Charles Lloyd beim Jazzfest Berlin 2015 hier mit: Mikl\u00f3s Luk\u00e1cs . Foto: Petra Basche\" style=\"width: 315px; height: 210px;\" \/> <\/a> <div class=\"tiled-gallery-caption\" itemprop=\"caption description\"> Charles Lloyd beim Jazzfest Berlin 2015 hier mit: Mikl\u00f3s Luk\u00e1cs . Foto: Petra Basche <\/div> <\/div> <div class=\"tiled-gallery-item tiled-gallery-item-large\" itemprop=\"associatedMedia\" itemscope itemtype=\"http:\/\/schema.org\/ImageObject\"> <a href=\"https:\/\/i0.wp.com\/www.jazzzeitung.de\/cms\/wp-content\/uploads\/2015\/11\/jazzfest2015_pepa_lloyd_014.jpg?ssl=1\" border=\"0\" itemprop=\"url\"> <meta itemprop=\"width\" content=\"315\"> <meta itemprop=\"height\" content=\"236\"> <img decoding=\"async\" class=\"\" data-attachment-id=\"7644\" data-orig-file=\"https:\/\/www.jazzzeitung.de\/cms\/wp-content\/uploads\/2015\/11\/jazzfest2015_pepa_lloyd_014.jpg\" data-orig-size=\"1600,1200\" data-comments-opened=\"1\" data-image-meta=\"{&quot;aperture&quot;:&quot;4.5&quot;,&quot;credit&quot;:&quot;&quot;,&quot;camera&quot;:&quot;AGING CORP.&quot;,&quot;caption&quot;:&quot;Charles Lloyd beim Jazzfest Berlin 2015. Foto: Petra Basche&quot;,&quot;created_timestamp&quot;:&quot;1446939000&quot;,&quot;copyright&quot;:&quot;&quot;,&quot;focal_length&quot;:&quot;56&quot;,&quot;iso&quot;:&quot;1600&quot;,&quot;shutter_speed&quot;:&quot;0.04&quot;,&quot;title&quot;:&quot;Charles Lloyd beim Jazzfest Berlin 2015. Foto: Petra Basche&quot;,&quot;orientation&quot;:&quot;1&quot;}\" data-image-title=\"Charles Lloyd beim Jazzfest Berlin 2015 &amp;#8211; hier: Gerald Clayton. Foto: Petra Basche\" data-image-description=\"&lt;p&gt;Charles Lloyd beim Jazzfest Berlin 2015 &amp;#8211; hier: Gerald Clayton. Foto: Petra Basche&lt;\/p&gt; \" data-medium-file=\"https:\/\/i0.wp.com\/www.jazzzeitung.de\/cms\/wp-content\/uploads\/2015\/11\/jazzfest2015_pepa_lloyd_014.jpg?fit=300%2C225&#038;ssl=1\" data-large-file=\"https:\/\/i0.wp.com\/www.jazzzeitung.de\/cms\/wp-content\/uploads\/2015\/11\/jazzfest2015_pepa_lloyd_014.jpg?fit=800%2C600&#038;ssl=1\" src=\"https:\/\/i0.wp.com\/www.jazzzeitung.de\/cms\/wp-content\/uploads\/2015\/11\/jazzfest2015_pepa_lloyd_014.jpg?w=315&#038;h=236&#038;ssl=1\" srcset=\"https:\/\/i0.wp.com\/www.jazzzeitung.de\/cms\/wp-content\/uploads\/2015\/11\/jazzfest2015_pepa_lloyd_014.jpg?w=1600&amp;ssl=1 1600w, https:\/\/i0.wp.com\/www.jazzzeitung.de\/cms\/wp-content\/uploads\/2015\/11\/jazzfest2015_pepa_lloyd_014.jpg?resize=300%2C225&amp;ssl=1 300w, https:\/\/i0.wp.com\/www.jazzzeitung.de\/cms\/wp-content\/uploads\/2015\/11\/jazzfest2015_pepa_lloyd_014.jpg?resize=800%2C600&amp;ssl=1 800w, https:\/\/i0.wp.com\/www.jazzzeitung.de\/cms\/wp-content\/uploads\/2015\/11\/jazzfest2015_pepa_lloyd_014.jpg?resize=900%2C675&amp;ssl=1 900w\" width=\"315\" height=\"236\" loading=\"lazy\" data-original-width=\"315\" data-original-height=\"236\" itemprop=\"http:\/\/schema.org\/image\" title=\"Charles Lloyd beim Jazzfest Berlin 2015 - hier: Gerald Clayton. Foto: Petra Basche\" alt=\"Charles Lloyd beim Jazzfest Berlin 2015 - hier: Gerald Clayton. Foto: Petra Basche\" style=\"width: 315px; height: 236px;\" \/> <\/a> <div class=\"tiled-gallery-caption\" itemprop=\"caption description\"> Charles Lloyd beim Jazzfest Berlin 2015 &#8211; hier: Gerald Clayton. Foto: Petra Basche <\/div> <\/div> <div class=\"tiled-gallery-item tiled-gallery-item-large\" itemprop=\"associatedMedia\" itemscope itemtype=\"http:\/\/schema.org\/ImageObject\"> <a href=\"https:\/\/i0.wp.com\/www.jazzzeitung.de\/cms\/wp-content\/uploads\/2015\/11\/jazzfest2015_pepa_lloyd_015.jpg?ssl=1\" border=\"0\" itemprop=\"url\"> <meta itemprop=\"width\" content=\"315\"> <meta itemprop=\"height\" content=\"236\"> <img decoding=\"async\" class=\"\" data-attachment-id=\"7645\" data-orig-file=\"https:\/\/www.jazzzeitung.de\/cms\/wp-content\/uploads\/2015\/11\/jazzfest2015_pepa_lloyd_015.jpg\" data-orig-size=\"1600,1200\" data-comments-opened=\"1\" data-image-meta=\"{&quot;aperture&quot;:&quot;4&quot;,&quot;credit&quot;:&quot;&quot;,&quot;camera&quot;:&quot;AGING CORP.&quot;,&quot;caption&quot;:&quot;Charles Lloyd beim Jazzfest Berlin 2015. Foto: Petra Basche&quot;,&quot;created_timestamp&quot;:&quot;1446936267&quot;,&quot;copyright&quot;:&quot;&quot;,&quot;focal_length&quot;:&quot;210&quot;,&quot;iso&quot;:&quot;1600&quot;,&quot;shutter_speed&quot;:&quot;0.02&quot;,&quot;title&quot;:&quot;Charles Lloyd beim Jazzfest Berlin 2015. Foto: Petra Basche&quot;,&quot;orientation&quot;:&quot;1&quot;}\" data-image-title=\"Charles Lloyd beim Jazzfest Berlin 2015. Foto: Petra Basche\" data-image-description=\"&lt;p&gt;Charles Lloyd beim Jazzfest Berlin 2015. Foto: Petra Basche&lt;\/p&gt; \" data-medium-file=\"https:\/\/i0.wp.com\/www.jazzzeitung.de\/cms\/wp-content\/uploads\/2015\/11\/jazzfest2015_pepa_lloyd_015.jpg?fit=300%2C225&#038;ssl=1\" data-large-file=\"https:\/\/i0.wp.com\/www.jazzzeitung.de\/cms\/wp-content\/uploads\/2015\/11\/jazzfest2015_pepa_lloyd_015.jpg?fit=800%2C600&#038;ssl=1\" src=\"https:\/\/i0.wp.com\/www.jazzzeitung.de\/cms\/wp-content\/uploads\/2015\/11\/jazzfest2015_pepa_lloyd_015.jpg?w=315&#038;h=236&#038;ssl=1\" srcset=\"https:\/\/i0.wp.com\/www.jazzzeitung.de\/cms\/wp-content\/uploads\/2015\/11\/jazzfest2015_pepa_lloyd_015.jpg?w=1600&amp;ssl=1 1600w, https:\/\/i0.wp.com\/www.jazzzeitung.de\/cms\/wp-content\/uploads\/2015\/11\/jazzfest2015_pepa_lloyd_015.jpg?resize=300%2C225&amp;ssl=1 300w, https:\/\/i0.wp.com\/www.jazzzeitung.de\/cms\/wp-content\/uploads\/2015\/11\/jazzfest2015_pepa_lloyd_015.jpg?resize=800%2C600&amp;ssl=1 800w, https:\/\/i0.wp.com\/www.jazzzeitung.de\/cms\/wp-content\/uploads\/2015\/11\/jazzfest2015_pepa_lloyd_015.jpg?resize=900%2C675&amp;ssl=1 900w\" width=\"315\" height=\"236\" loading=\"lazy\" data-original-width=\"315\" data-original-height=\"236\" itemprop=\"http:\/\/schema.org\/image\" title=\"Charles Lloyd beim Jazzfest Berlin 2015. Foto: Petra Basche\" alt=\"Charles Lloyd beim Jazzfest Berlin 2015. Foto: Petra Basche\" style=\"width: 315px; height: 236px;\" \/> <\/a> <div class=\"tiled-gallery-caption\" itemprop=\"caption description\"> Charles Lloyd beim Jazzfest Berlin 2015. Foto: Petra Basche <\/div> <\/div> <\/div> <!-- close group --> <div class=\"gallery-group images-1\" style=\"width: 521px; height: 694px;\" data-original-width=\"521\" data-original-height=\"694\" > <div class=\"tiled-gallery-item tiled-gallery-item-large\" itemprop=\"associatedMedia\" itemscope itemtype=\"http:\/\/schema.org\/ImageObject\"> <a href=\"https:\/\/i0.wp.com\/www.jazzzeitung.de\/cms\/wp-content\/uploads\/2015\/11\/jazzfest2015_pepa_lloyd_020.jpg?ssl=1\" border=\"0\" itemprop=\"url\"> <meta itemprop=\"width\" content=\"517\"> <meta itemprop=\"height\" content=\"690\"> <img decoding=\"async\" class=\"\" data-attachment-id=\"7649\" data-orig-file=\"https:\/\/www.jazzzeitung.de\/cms\/wp-content\/uploads\/2015\/11\/jazzfest2015_pepa_lloyd_020.jpg\" data-orig-size=\"900,1200\" data-comments-opened=\"1\" data-image-meta=\"{&quot;aperture&quot;:&quot;4.5&quot;,&quot;credit&quot;:&quot;&quot;,&quot;camera&quot;:&quot;AGING CORP.&quot;,&quot;caption&quot;:&quot;Charles Lloyd beim Jazzfest Berlin 2015. Foto: Petra Basche&quot;,&quot;created_timestamp&quot;:&quot;1446938081&quot;,&quot;copyright&quot;:&quot;&quot;,&quot;focal_length&quot;:&quot;180&quot;,&quot;iso&quot;:&quot;1600&quot;,&quot;shutter_speed&quot;:&quot;0.00625&quot;,&quot;title&quot;:&quot;Charles Lloyd beim Jazzfest Berlin 2015. Foto: Petra Basche&quot;,&quot;orientation&quot;:&quot;1&quot;}\" data-image-title=\"Charles Lloyd beim Jazzfest Berlin 2015. Foto: Petra Basche\" data-image-description=\"&lt;p&gt;Charles Lloyd beim Jazzfest Berlin 2015. Foto: Petra Basche&lt;\/p&gt; \" data-medium-file=\"https:\/\/i0.wp.com\/www.jazzzeitung.de\/cms\/wp-content\/uploads\/2015\/11\/jazzfest2015_pepa_lloyd_020.jpg?fit=225%2C300&#038;ssl=1\" data-large-file=\"https:\/\/i0.wp.com\/www.jazzzeitung.de\/cms\/wp-content\/uploads\/2015\/11\/jazzfest2015_pepa_lloyd_020.jpg?fit=450%2C600&#038;ssl=1\" src=\"https:\/\/i0.wp.com\/www.jazzzeitung.de\/cms\/wp-content\/uploads\/2015\/11\/jazzfest2015_pepa_lloyd_020.jpg?w=517&#038;h=690&#038;ssl=1\" srcset=\"https:\/\/i0.wp.com\/www.jazzzeitung.de\/cms\/wp-content\/uploads\/2015\/11\/jazzfest2015_pepa_lloyd_020.jpg?w=900&amp;ssl=1 900w, https:\/\/i0.wp.com\/www.jazzzeitung.de\/cms\/wp-content\/uploads\/2015\/11\/jazzfest2015_pepa_lloyd_020.jpg?resize=225%2C300&amp;ssl=1 225w, https:\/\/i0.wp.com\/www.jazzzeitung.de\/cms\/wp-content\/uploads\/2015\/11\/jazzfest2015_pepa_lloyd_020.jpg?resize=450%2C600&amp;ssl=1 450w\" width=\"517\" height=\"690\" loading=\"lazy\" data-original-width=\"517\" data-original-height=\"690\" itemprop=\"http:\/\/schema.org\/image\" title=\"Charles Lloyd beim Jazzfest Berlin 2015. Foto: Petra Basche\" alt=\"Charles Lloyd beim Jazzfest Berlin 2015. Foto: Petra Basche\" style=\"width: 517px; height: 690px;\" \/> <\/a> <div class=\"tiled-gallery-caption\" itemprop=\"caption description\"> Charles Lloyd beim Jazzfest Berlin 2015. Foto: Petra Basche <\/div> <\/div> <\/div> <!-- close group --> <\/div> <!-- close row --> <div class=\"gallery-row\" style=\"width: 840px; height: 745px;\" data-original-width=\"840\" data-original-height=\"745\" > <div class=\"gallery-group images-1\" style=\"width: 499px; height: 745px;\" data-original-width=\"499\" data-original-height=\"745\" > <div class=\"tiled-gallery-item tiled-gallery-item-large\" itemprop=\"associatedMedia\" itemscope itemtype=\"http:\/\/schema.org\/ImageObject\"> <a href=\"https:\/\/i0.wp.com\/www.jazzzeitung.de\/cms\/wp-content\/uploads\/2015\/11\/jazzfest2015_pepa_lloyd_016.jpg?ssl=1\" border=\"0\" itemprop=\"url\"> <meta itemprop=\"width\" content=\"495\"> <meta itemprop=\"height\" content=\"741\"> <img decoding=\"async\" class=\"\" data-attachment-id=\"7646\" data-orig-file=\"https:\/\/www.jazzzeitung.de\/cms\/wp-content\/uploads\/2015\/11\/jazzfest2015_pepa_lloyd_016.jpg\" data-orig-size=\"801,1200\" data-comments-opened=\"1\" data-image-meta=\"{&quot;aperture&quot;:&quot;0&quot;,&quot;credit&quot;:&quot;Petra Basche&quot;,&quot;camera&quot;:&quot;CORPORATION&quot;,&quot;caption&quot;:&quot;Charles Lloyd beim Jazzfest Berlin 2015. Foto: Petra Basche&quot;,&quot;created_timestamp&quot;:&quot;1446940277&quot;,&quot;copyright&quot;:&quot;Petra Basche&quot;,&quot;focal_length&quot;:&quot;0.2&quot;,&quot;iso&quot;:&quot;3200&quot;,&quot;shutter_speed&quot;:&quot;0.021881838074398&quot;,&quot;title&quot;:&quot;Charles Lloyd beim Jazzfest Berlin 2015. Foto: Petra Basche&quot;,&quot;orientation&quot;:&quot;1&quot;}\" data-image-title=\"Charles Lloyd beim Jazzfest Berlin 2015. Foto: Petra Basche\" data-image-description=\"&lt;p&gt;Charles Lloyd beim Jazzfest Berlin 2015. Foto: Petra Basche&lt;\/p&gt; \" data-medium-file=\"https:\/\/i0.wp.com\/www.jazzzeitung.de\/cms\/wp-content\/uploads\/2015\/11\/jazzfest2015_pepa_lloyd_016.jpg?fit=200%2C300&#038;ssl=1\" data-large-file=\"https:\/\/i0.wp.com\/www.jazzzeitung.de\/cms\/wp-content\/uploads\/2015\/11\/jazzfest2015_pepa_lloyd_016.jpg?fit=401%2C600&#038;ssl=1\" src=\"https:\/\/i0.wp.com\/www.jazzzeitung.de\/cms\/wp-content\/uploads\/2015\/11\/jazzfest2015_pepa_lloyd_016.jpg?w=495&#038;h=741&#038;ssl=1\" srcset=\"https:\/\/i0.wp.com\/www.jazzzeitung.de\/cms\/wp-content\/uploads\/2015\/11\/jazzfest2015_pepa_lloyd_016.jpg?w=801&amp;ssl=1 801w, https:\/\/i0.wp.com\/www.jazzzeitung.de\/cms\/wp-content\/uploads\/2015\/11\/jazzfest2015_pepa_lloyd_016.jpg?resize=200%2C300&amp;ssl=1 200w, https:\/\/i0.wp.com\/www.jazzzeitung.de\/cms\/wp-content\/uploads\/2015\/11\/jazzfest2015_pepa_lloyd_016.jpg?resize=401%2C600&amp;ssl=1 401w\" width=\"495\" height=\"741\" loading=\"lazy\" data-original-width=\"495\" data-original-height=\"741\" itemprop=\"http:\/\/schema.org\/image\" title=\"Charles Lloyd beim Jazzfest Berlin 2015. Foto: Petra Basche\" alt=\"Charles Lloyd beim Jazzfest Berlin 2015. Foto: Petra Basche\" style=\"width: 495px; height: 741px;\" \/> <\/a> <div class=\"tiled-gallery-caption\" itemprop=\"caption description\"> Charles Lloyd beim Jazzfest Berlin 2015. Foto: Petra Basche <\/div> <\/div> <\/div> <!-- close group --> <div class=\"gallery-group images-3\" style=\"width: 341px; height: 745px;\" data-original-width=\"341\" data-original-height=\"745\" > <div class=\"tiled-gallery-item tiled-gallery-item-large\" itemprop=\"associatedMedia\" itemscope itemtype=\"http:\/\/schema.org\/ImageObject\"> <a href=\"https:\/\/i0.wp.com\/www.jazzzeitung.de\/cms\/wp-content\/uploads\/2015\/11\/jazzfest2015_pepa_lloyd_018.jpg?ssl=1\" border=\"0\" itemprop=\"url\"> <meta itemprop=\"width\" content=\"337\"> <meta itemprop=\"height\" content=\"225\"> <img decoding=\"async\" class=\"\" data-attachment-id=\"7648\" data-orig-file=\"https:\/\/www.jazzzeitung.de\/cms\/wp-content\/uploads\/2015\/11\/jazzfest2015_pepa_lloyd_018.jpg\" data-orig-size=\"1800,1200\" data-comments-opened=\"1\" data-image-meta=\"{&quot;aperture&quot;:&quot;4.5&quot;,&quot;credit&quot;:&quot;&quot;,&quot;camera&quot;:&quot;AGING CORP.&quot;,&quot;caption&quot;:&quot;Charles Lloyd beim Jazzfest Berlin 2015. Foto: Petra Basche&quot;,&quot;created_timestamp&quot;:&quot;1446939225&quot;,&quot;copyright&quot;:&quot;&quot;,&quot;focal_length&quot;:&quot;60&quot;,&quot;iso&quot;:&quot;1600&quot;,&quot;shutter_speed&quot;:&quot;0.02&quot;,&quot;title&quot;:&quot;Charles Lloyd beim Jazzfest Berlin 2015. Foto: Petra Basche&quot;,&quot;orientation&quot;:&quot;1&quot;}\" data-image-title=\"Charles Lloyd beim Jazzfest Berlin 2015 &amp;#8211; hier: Eric Harland. Foto: Petra Basche\" data-image-description=\"&lt;p&gt;Charles Lloyd beim Jazzfest Berlin 2015 &amp;#8211; hier: Eric Harland. Foto: Petra Basche&lt;\/p&gt; \" data-medium-file=\"https:\/\/i0.wp.com\/www.jazzzeitung.de\/cms\/wp-content\/uploads\/2015\/11\/jazzfest2015_pepa_lloyd_018.jpg?fit=300%2C200&#038;ssl=1\" data-large-file=\"https:\/\/i0.wp.com\/www.jazzzeitung.de\/cms\/wp-content\/uploads\/2015\/11\/jazzfest2015_pepa_lloyd_018.jpg?fit=840%2C560&#038;ssl=1\" src=\"https:\/\/i0.wp.com\/www.jazzzeitung.de\/cms\/wp-content\/uploads\/2015\/11\/jazzfest2015_pepa_lloyd_018.jpg?w=337&#038;h=225&#038;ssl=1\" srcset=\"https:\/\/i0.wp.com\/www.jazzzeitung.de\/cms\/wp-content\/uploads\/2015\/11\/jazzfest2015_pepa_lloyd_018.jpg?w=1800&amp;ssl=1 1800w, https:\/\/i0.wp.com\/www.jazzzeitung.de\/cms\/wp-content\/uploads\/2015\/11\/jazzfest2015_pepa_lloyd_018.jpg?resize=300%2C200&amp;ssl=1 300w, https:\/\/i0.wp.com\/www.jazzzeitung.de\/cms\/wp-content\/uploads\/2015\/11\/jazzfest2015_pepa_lloyd_018.jpg?resize=900%2C600&amp;ssl=1 900w, https:\/\/i0.wp.com\/www.jazzzeitung.de\/cms\/wp-content\/uploads\/2015\/11\/jazzfest2015_pepa_lloyd_018.jpg?w=1680&amp;ssl=1 1680w\" width=\"337\" height=\"225\" loading=\"lazy\" data-original-width=\"337\" data-original-height=\"225\" itemprop=\"http:\/\/schema.org\/image\" title=\"Charles Lloyd beim Jazzfest Berlin 2015 - hier: Eric Harland. Foto: Petra Basche\" alt=\"Charles Lloyd beim Jazzfest Berlin 2015 - hier: Eric Harland. Foto: Petra Basche\" style=\"width: 337px; height: 225px;\" \/> <\/a> <div class=\"tiled-gallery-caption\" itemprop=\"caption description\"> Charles Lloyd beim Jazzfest Berlin 2015 &#8211; hier: Eric Harland. Foto: Petra Basche <\/div> <\/div> <div class=\"tiled-gallery-item tiled-gallery-item-large\" itemprop=\"associatedMedia\" itemscope itemtype=\"http:\/\/schema.org\/ImageObject\"> <a href=\"https:\/\/i0.wp.com\/www.jazzzeitung.de\/cms\/wp-content\/uploads\/2015\/11\/jazzfest2015_pepa_lloyd_021.jpg?ssl=1\" border=\"0\" itemprop=\"url\"> <meta itemprop=\"width\" content=\"337\"> <meta itemprop=\"height\" content=\"255\"> <img decoding=\"async\" class=\"\" data-attachment-id=\"7650\" data-orig-file=\"https:\/\/www.jazzzeitung.de\/cms\/wp-content\/uploads\/2015\/11\/jazzfest2015_pepa_lloyd_021.jpg\" data-orig-size=\"1590,1200\" data-comments-opened=\"1\" data-image-meta=\"{&quot;aperture&quot;:&quot;4.5&quot;,&quot;credit&quot;:&quot;&quot;,&quot;camera&quot;:&quot;AGING CORP.&quot;,&quot;caption&quot;:&quot;Charles Lloyd beim Jazzfest Berlin 2015. Foto: Petra Basche&quot;,&quot;created_timestamp&quot;:&quot;1446937511&quot;,&quot;copyright&quot;:&quot;&quot;,&quot;focal_length&quot;:&quot;102&quot;,&quot;iso&quot;:&quot;1600&quot;,&quot;shutter_speed&quot;:&quot;0.0125&quot;,&quot;title&quot;:&quot;Charles Lloyd beim Jazzfest Berlin 2015. Foto: Petra Basche&quot;,&quot;orientation&quot;:&quot;1&quot;}\" data-image-title=\"Charles Lloyd beim Jazzfest Berlin 2015. Foto: Petra Basche\" data-image-description=\"&lt;p&gt;Charles Lloyd beim Jazzfest Berlin 2015. Foto: Petra Basche&lt;\/p&gt; \" data-medium-file=\"https:\/\/i0.wp.com\/www.jazzzeitung.de\/cms\/wp-content\/uploads\/2015\/11\/jazzfest2015_pepa_lloyd_021.jpg?fit=300%2C226&#038;ssl=1\" data-large-file=\"https:\/\/i0.wp.com\/www.jazzzeitung.de\/cms\/wp-content\/uploads\/2015\/11\/jazzfest2015_pepa_lloyd_021.jpg?fit=795%2C600&#038;ssl=1\" src=\"https:\/\/i0.wp.com\/www.jazzzeitung.de\/cms\/wp-content\/uploads\/2015\/11\/jazzfest2015_pepa_lloyd_021.jpg?w=337&#038;h=255&#038;ssl=1\" srcset=\"https:\/\/i0.wp.com\/www.jazzzeitung.de\/cms\/wp-content\/uploads\/2015\/11\/jazzfest2015_pepa_lloyd_021.jpg?w=1590&amp;ssl=1 1590w, https:\/\/i0.wp.com\/www.jazzzeitung.de\/cms\/wp-content\/uploads\/2015\/11\/jazzfest2015_pepa_lloyd_021.jpg?resize=300%2C226&amp;ssl=1 300w, https:\/\/i0.wp.com\/www.jazzzeitung.de\/cms\/wp-content\/uploads\/2015\/11\/jazzfest2015_pepa_lloyd_021.jpg?resize=795%2C600&amp;ssl=1 795w, https:\/\/i0.wp.com\/www.jazzzeitung.de\/cms\/wp-content\/uploads\/2015\/11\/jazzfest2015_pepa_lloyd_021.jpg?resize=900%2C679&amp;ssl=1 900w\" width=\"337\" height=\"255\" loading=\"lazy\" data-original-width=\"337\" data-original-height=\"255\" itemprop=\"http:\/\/schema.org\/image\" title=\"Charles Lloyd beim Jazzfest Berlin 2015. Foto: Petra Basche\" alt=\"Charles Lloyd beim Jazzfest Berlin 2015. Foto: Petra Basche\" style=\"width: 337px; height: 255px;\" \/> <\/a> <div class=\"tiled-gallery-caption\" itemprop=\"caption description\"> Charles Lloyd beim Jazzfest Berlin 2015. Foto: Petra Basche <\/div> <\/div> <div class=\"tiled-gallery-item tiled-gallery-item-large\" itemprop=\"associatedMedia\" itemscope itemtype=\"http:\/\/schema.org\/ImageObject\"> <a href=\"https:\/\/i0.wp.com\/www.jazzzeitung.de\/cms\/wp-content\/uploads\/2015\/11\/jazzfest2015_pepa_lloyd_022.jpg?ssl=1\" border=\"0\" itemprop=\"url\"> <meta itemprop=\"width\" content=\"337\"> <meta itemprop=\"height\" content=\"253\"> <img decoding=\"async\" class=\"\" data-attachment-id=\"7651\" data-orig-file=\"https:\/\/www.jazzzeitung.de\/cms\/wp-content\/uploads\/2015\/11\/jazzfest2015_pepa_lloyd_022.jpg\" data-orig-size=\"1600,1200\" data-comments-opened=\"1\" data-image-meta=\"{&quot;aperture&quot;:&quot;4&quot;,&quot;credit&quot;:&quot;&quot;,&quot;camera&quot;:&quot;AGING CORP.&quot;,&quot;caption&quot;:&quot;Charles Lloyd beim Jazzfest Berlin 2015. Foto: Petra Basche&quot;,&quot;created_timestamp&quot;:&quot;1446937298&quot;,&quot;copyright&quot;:&quot;&quot;,&quot;focal_length&quot;:&quot;210&quot;,&quot;iso&quot;:&quot;1600&quot;,&quot;shutter_speed&quot;:&quot;0.008&quot;,&quot;title&quot;:&quot;Charles Lloyd beim Jazzfest Berlin 2015. Foto: Petra Basche&quot;,&quot;orientation&quot;:&quot;1&quot;}\" data-image-title=\"Charles Lloyd beim Jazzfest Berlin 2015 &amp;#8211; hier: Joe Sanders. Foto: Petra Basche\" data-image-description=\"&lt;p&gt;Charles Lloyd beim Jazzfest Berlin 2015 &amp;#8211; hier: Joe Sanders. Foto: Petra Basche&lt;\/p&gt; \" data-medium-file=\"https:\/\/i0.wp.com\/www.jazzzeitung.de\/cms\/wp-content\/uploads\/2015\/11\/jazzfest2015_pepa_lloyd_022.jpg?fit=300%2C225&#038;ssl=1\" data-large-file=\"https:\/\/i0.wp.com\/www.jazzzeitung.de\/cms\/wp-content\/uploads\/2015\/11\/jazzfest2015_pepa_lloyd_022.jpg?fit=800%2C600&#038;ssl=1\" src=\"https:\/\/i0.wp.com\/www.jazzzeitung.de\/cms\/wp-content\/uploads\/2015\/11\/jazzfest2015_pepa_lloyd_022.jpg?w=337&#038;h=253&#038;ssl=1\" srcset=\"https:\/\/i0.wp.com\/www.jazzzeitung.de\/cms\/wp-content\/uploads\/2015\/11\/jazzfest2015_pepa_lloyd_022.jpg?w=1600&amp;ssl=1 1600w, https:\/\/i0.wp.com\/www.jazzzeitung.de\/cms\/wp-content\/uploads\/2015\/11\/jazzfest2015_pepa_lloyd_022.jpg?resize=300%2C225&amp;ssl=1 300w, https:\/\/i0.wp.com\/www.jazzzeitung.de\/cms\/wp-content\/uploads\/2015\/11\/jazzfest2015_pepa_lloyd_022.jpg?resize=800%2C600&amp;ssl=1 800w, https:\/\/i0.wp.com\/www.jazzzeitung.de\/cms\/wp-content\/uploads\/2015\/11\/jazzfest2015_pepa_lloyd_022.jpg?resize=900%2C675&amp;ssl=1 900w\" width=\"337\" height=\"253\" loading=\"lazy\" data-original-width=\"337\" data-original-height=\"253\" itemprop=\"http:\/\/schema.org\/image\" title=\"Charles Lloyd beim Jazzfest Berlin 2015 - hier: Joe Sanders. Foto: Petra Basche\" alt=\"Charles Lloyd beim Jazzfest Berlin 2015 - hier: Joe Sanders. Foto: Petra Basche\" style=\"width: 337px; height: 253px;\" \/> <\/a> <div class=\"tiled-gallery-caption\" itemprop=\"caption description\"> Charles Lloyd beim Jazzfest Berlin 2015 &#8211; hier: Joe Sanders. Foto: Petra Basche <\/div> <\/div> <\/div> <!-- close group --> <\/div> <!-- close row --> <div class=\"gallery-row\" style=\"width: 840px; height: 169px;\" data-original-width=\"840\" data-original-height=\"169\" > <div class=\"gallery-group images-1\" style=\"width: 236px; height: 169px;\" data-original-width=\"236\" data-original-height=\"169\" > <div class=\"tiled-gallery-item tiled-gallery-item-small\" itemprop=\"associatedMedia\" itemscope itemtype=\"http:\/\/schema.org\/ImageObject\"> <a href=\"https:\/\/i0.wp.com\/www.jazzzeitung.de\/cms\/wp-content\/uploads\/2015\/11\/jazzfest2015_pepa_lloyd_023.jpg?ssl=1\" border=\"0\" itemprop=\"url\"> <meta itemprop=\"width\" content=\"232\"> <meta itemprop=\"height\" content=\"165\"> <img decoding=\"async\" class=\"\" data-attachment-id=\"7652\" data-orig-file=\"https:\/\/www.jazzzeitung.de\/cms\/wp-content\/uploads\/2015\/11\/jazzfest2015_pepa_lloyd_023.jpg\" data-orig-size=\"1680,1200\" data-comments-opened=\"1\" data-image-meta=\"{&quot;aperture&quot;:&quot;4&quot;,&quot;credit&quot;:&quot;&quot;,&quot;camera&quot;:&quot;AGING CORP.&quot;,&quot;caption&quot;:&quot;Charles Lloyd beim Jazzfest Berlin 2015. Foto: Petra Basche&quot;,&quot;created_timestamp&quot;:&quot;1446936840&quot;,&quot;copyright&quot;:&quot;&quot;,&quot;focal_length&quot;:&quot;100&quot;,&quot;iso&quot;:&quot;2000&quot;,&quot;shutter_speed&quot;:&quot;0.0125&quot;,&quot;title&quot;:&quot;Charles Lloyd beim Jazzfest Berlin 2015. Foto: Petra Basche&quot;,&quot;orientation&quot;:&quot;1&quot;}\" data-image-title=\"Charles Lloyd beim Jazzfest Berlin 2015. Foto: Petra Basche\" data-image-description=\"&lt;p&gt;Charles Lloyd beim Jazzfest Berlin 2015. Foto: Petra Basche&lt;\/p&gt; \" data-medium-file=\"https:\/\/i0.wp.com\/www.jazzzeitung.de\/cms\/wp-content\/uploads\/2015\/11\/jazzfest2015_pepa_lloyd_023.jpg?fit=300%2C214&#038;ssl=1\" data-large-file=\"https:\/\/i0.wp.com\/www.jazzzeitung.de\/cms\/wp-content\/uploads\/2015\/11\/jazzfest2015_pepa_lloyd_023.jpg?fit=840%2C600&#038;ssl=1\" src=\"https:\/\/i0.wp.com\/www.jazzzeitung.de\/cms\/wp-content\/uploads\/2015\/11\/jazzfest2015_pepa_lloyd_023.jpg?w=232&#038;h=165&#038;ssl=1\" srcset=\"https:\/\/i0.wp.com\/www.jazzzeitung.de\/cms\/wp-content\/uploads\/2015\/11\/jazzfest2015_pepa_lloyd_023.jpg?w=1680&amp;ssl=1 1680w, https:\/\/i0.wp.com\/www.jazzzeitung.de\/cms\/wp-content\/uploads\/2015\/11\/jazzfest2015_pepa_lloyd_023.jpg?resize=300%2C214&amp;ssl=1 300w, https:\/\/i0.wp.com\/www.jazzzeitung.de\/cms\/wp-content\/uploads\/2015\/11\/jazzfest2015_pepa_lloyd_023.jpg?resize=840%2C600&amp;ssl=1 840w, https:\/\/i0.wp.com\/www.jazzzeitung.de\/cms\/wp-content\/uploads\/2015\/11\/jazzfest2015_pepa_lloyd_023.jpg?resize=900%2C643&amp;ssl=1 900w\" width=\"232\" height=\"165\" loading=\"lazy\" data-original-width=\"232\" data-original-height=\"165\" itemprop=\"http:\/\/schema.org\/image\" title=\"Charles Lloyd beim Jazzfest Berlin 2015. Foto: Petra Basche\" alt=\"Charles Lloyd beim Jazzfest Berlin 2015. Foto: Petra Basche\" style=\"width: 232px; height: 165px;\" \/> <\/a> <div class=\"tiled-gallery-caption\" itemprop=\"caption description\"> Charles Lloyd beim Jazzfest Berlin 2015. Foto: Petra Basche <\/div> <\/div> <\/div> <!-- close group --> <div class=\"gallery-group images-1\" style=\"width: 128px; height: 169px;\" data-original-width=\"128\" data-original-height=\"169\" > <div class=\"tiled-gallery-item tiled-gallery-item-small\" itemprop=\"associatedMedia\" itemscope itemtype=\"http:\/\/schema.org\/ImageObject\"> <a href=\"https:\/\/i0.wp.com\/www.jazzzeitung.de\/cms\/wp-content\/uploads\/2015\/11\/jazzfest2015_pepa_lloyd_024.jpg?ssl=1\" border=\"0\" itemprop=\"url\"> <meta itemprop=\"width\" content=\"124\"> <meta itemprop=\"height\" content=\"165\"> <img decoding=\"async\" class=\"\" data-attachment-id=\"7653\" data-orig-file=\"https:\/\/www.jazzzeitung.de\/cms\/wp-content\/uploads\/2015\/11\/jazzfest2015_pepa_lloyd_024.jpg\" data-orig-size=\"900,1200\" data-comments-opened=\"1\" data-image-meta=\"{&quot;aperture&quot;:&quot;4&quot;,&quot;credit&quot;:&quot;&quot;,&quot;camera&quot;:&quot;AGING CORP.&quot;,&quot;caption&quot;:&quot;Charles Lloyd beim Jazzfest Berlin 2015. Foto: Petra Basche&quot;,&quot;created_timestamp&quot;:&quot;1446936817&quot;,&quot;copyright&quot;:&quot;&quot;,&quot;focal_length&quot;:&quot;155&quot;,&quot;iso&quot;:&quot;2000&quot;,&quot;shutter_speed&quot;:&quot;0.008&quot;,&quot;title&quot;:&quot;Charles Lloyd beim Jazzfest Berlin 2015. Foto: Petra Basche&quot;,&quot;orientation&quot;:&quot;1&quot;}\" data-image-title=\"Charles Lloyd beim Jazzfest Berlin 2015 hier: Socratis Sinopoulos. Foto: Petra Basche\" data-image-description=\"&lt;p&gt;Charles Lloyd beim Jazzfest Berlin 2015 hier: Socratis Sinopoulos. Foto: Petra Basche&lt;\/p&gt; \" data-medium-file=\"https:\/\/i0.wp.com\/www.jazzzeitung.de\/cms\/wp-content\/uploads\/2015\/11\/jazzfest2015_pepa_lloyd_024.jpg?fit=225%2C300&#038;ssl=1\" data-large-file=\"https:\/\/i0.wp.com\/www.jazzzeitung.de\/cms\/wp-content\/uploads\/2015\/11\/jazzfest2015_pepa_lloyd_024.jpg?fit=450%2C600&#038;ssl=1\" src=\"https:\/\/i0.wp.com\/www.jazzzeitung.de\/cms\/wp-content\/uploads\/2015\/11\/jazzfest2015_pepa_lloyd_024.jpg?w=124&#038;h=165&#038;ssl=1\" srcset=\"https:\/\/i0.wp.com\/www.jazzzeitung.de\/cms\/wp-content\/uploads\/2015\/11\/jazzfest2015_pepa_lloyd_024.jpg?w=900&amp;ssl=1 900w, https:\/\/i0.wp.com\/www.jazzzeitung.de\/cms\/wp-content\/uploads\/2015\/11\/jazzfest2015_pepa_lloyd_024.jpg?resize=225%2C300&amp;ssl=1 225w, https:\/\/i0.wp.com\/www.jazzzeitung.de\/cms\/wp-content\/uploads\/2015\/11\/jazzfest2015_pepa_lloyd_024.jpg?resize=450%2C600&amp;ssl=1 450w\" width=\"124\" height=\"165\" loading=\"lazy\" data-original-width=\"124\" data-original-height=\"165\" itemprop=\"http:\/\/schema.org\/image\" title=\"Charles Lloyd beim Jazzfest Berlin 2015 hier: Socratis Sinopoulos. Foto: Petra Basche\" alt=\"Charles Lloyd beim Jazzfest Berlin 2015 hier: Socratis Sinopoulos. Foto: Petra Basche\" style=\"width: 124px; height: 165px;\" \/> <\/a> <div class=\"tiled-gallery-caption\" itemprop=\"caption description\"> Charles Lloyd beim Jazzfest Berlin 2015 hier: Socratis Sinopoulos. Foto: Petra Basche <\/div> <\/div> <\/div> <!-- close group --> <div class=\"gallery-group images-1\" style=\"width: 252px; height: 169px;\" data-original-width=\"252\" data-original-height=\"169\" > <div class=\"tiled-gallery-item tiled-gallery-item-small\" itemprop=\"associatedMedia\" itemscope itemtype=\"http:\/\/schema.org\/ImageObject\"> <a href=\"https:\/\/i0.wp.com\/www.jazzzeitung.de\/cms\/wp-content\/uploads\/2015\/11\/jazzfest2015_pepa_lloyd_072.jpg?ssl=1\" border=\"0\" itemprop=\"url\"> <meta itemprop=\"width\" content=\"248\"> <meta itemprop=\"height\" content=\"165\"> <img decoding=\"async\" class=\"\" data-attachment-id=\"7655\" data-orig-file=\"https:\/\/www.jazzzeitung.de\/cms\/wp-content\/uploads\/2015\/11\/jazzfest2015_pepa_lloyd_072.jpg\" data-orig-size=\"1798,1200\" data-comments-opened=\"1\" data-image-meta=\"{&quot;aperture&quot;:&quot;0&quot;,&quot;credit&quot;:&quot;Petra Basche&quot;,&quot;camera&quot;:&quot;CORPORATION&quot;,&quot;caption&quot;:&quot;Charles Lloyd beim Jazzfest Berlin 2015. Foto: Petra Basche&quot;,&quot;created_timestamp&quot;:&quot;1446944852&quot;,&quot;copyright&quot;:&quot;Petra Basche&quot;,&quot;focal_length&quot;:&quot;0.2&quot;,&quot;iso&quot;:&quot;3200&quot;,&quot;shutter_speed&quot;:&quot;0.020787746170678&quot;,&quot;title&quot;:&quot;Charles Lloyd beim Jazzfest Berlin 2015. Foto: Petra Basche&quot;,&quot;orientation&quot;:&quot;1&quot;}\" data-image-title=\"Charles Lloyd beim Jazzfest Berlin 2015. Foto: Petra Basche\" data-image-description=\"&lt;p&gt;Charles Lloyd beim Jazzfest Berlin 2015. Foto: Petra Basche&lt;\/p&gt; \" data-medium-file=\"https:\/\/i0.wp.com\/www.jazzzeitung.de\/cms\/wp-content\/uploads\/2015\/11\/jazzfest2015_pepa_lloyd_072.jpg?fit=300%2C200&#038;ssl=1\" data-large-file=\"https:\/\/i0.wp.com\/www.jazzzeitung.de\/cms\/wp-content\/uploads\/2015\/11\/jazzfest2015_pepa_lloyd_072.jpg?fit=840%2C560&#038;ssl=1\" src=\"https:\/\/i0.wp.com\/www.jazzzeitung.de\/cms\/wp-content\/uploads\/2015\/11\/jazzfest2015_pepa_lloyd_072.jpg?w=248&#038;h=165&#038;ssl=1\" srcset=\"https:\/\/i0.wp.com\/www.jazzzeitung.de\/cms\/wp-content\/uploads\/2015\/11\/jazzfest2015_pepa_lloyd_072.jpg?w=1798&amp;ssl=1 1798w, https:\/\/i0.wp.com\/www.jazzzeitung.de\/cms\/wp-content\/uploads\/2015\/11\/jazzfest2015_pepa_lloyd_072.jpg?resize=300%2C200&amp;ssl=1 300w, https:\/\/i0.wp.com\/www.jazzzeitung.de\/cms\/wp-content\/uploads\/2015\/11\/jazzfest2015_pepa_lloyd_072.jpg?resize=900%2C601&amp;ssl=1 900w, https:\/\/i0.wp.com\/www.jazzzeitung.de\/cms\/wp-content\/uploads\/2015\/11\/jazzfest2015_pepa_lloyd_072.jpg?w=1680&amp;ssl=1 1680w\" width=\"248\" height=\"165\" loading=\"lazy\" data-original-width=\"248\" data-original-height=\"165\" itemprop=\"http:\/\/schema.org\/image\" title=\"Charles Lloyd beim Jazzfest Berlin 2015. Foto: Petra Basche\" alt=\"Charles Lloyd beim Jazzfest Berlin 2015. Foto: Petra Basche\" style=\"width: 248px; height: 165px;\" \/> <\/a> <div class=\"tiled-gallery-caption\" itemprop=\"caption description\"> Charles Lloyd beim Jazzfest Berlin 2015. Foto: Petra Basche <\/div> <\/div> <\/div> <!-- close group --> <div class=\"gallery-group images-1\" style=\"width: 224px; height: 169px;\" data-original-width=\"224\" data-original-height=\"169\" > <div class=\"tiled-gallery-item tiled-gallery-item-small\" itemprop=\"associatedMedia\" itemscope itemtype=\"http:\/\/schema.org\/ImageObject\"> <a href=\"https:\/\/i0.wp.com\/www.jazzzeitung.de\/cms\/wp-content\/uploads\/2015\/11\/jazzfest2015_hufi_lloyd_027.jpg?ssl=1\" border=\"0\" itemprop=\"url\"> <meta itemprop=\"width\" content=\"220\"> <meta itemprop=\"height\" content=\"165\"> <img decoding=\"async\" class=\"\" data-attachment-id=\"7641\" data-orig-file=\"https:\/\/www.jazzzeitung.de\/cms\/wp-content\/uploads\/2015\/11\/jazzfest2015_hufi_lloyd_027.jpg\" data-orig-size=\"1600,1200\" data-comments-opened=\"1\" data-image-meta=\"{&quot;aperture&quot;:&quot;2.8&quot;,&quot;credit&quot;:&quot;Dr. Martin Hufner&quot;,&quot;camera&quot;:&quot;AGING CORP.&quot;,&quot;caption&quot;:&quot;Charles Lloyd beim Jazzfest Berlin 2015. Foto: Martin Hufner&quot;,&quot;created_timestamp&quot;:&quot;1446935936&quot;,&quot;copyright&quot;:&quot;Martin Hufner&quot;,&quot;focal_length&quot;:&quot;25&quot;,&quot;iso&quot;:&quot;200&quot;,&quot;shutter_speed&quot;:&quot;0.04&quot;,&quot;title&quot;:&quot;Charles Lloyd beim Jazzfest Berlin 2015. Foto: Martin Hufner&quot;,&quot;orientation&quot;:&quot;1&quot;}\" data-image-title=\"Charles Lloyd beim Jazzfest Berlin 2015. Foto: Martin Hufner\" data-image-description=\"&lt;p&gt;Charles Lloyd beim Jazzfest Berlin 2015. Foto: Martin Hufner&lt;\/p&gt; \" data-medium-file=\"https:\/\/i0.wp.com\/www.jazzzeitung.de\/cms\/wp-content\/uploads\/2015\/11\/jazzfest2015_hufi_lloyd_027.jpg?fit=300%2C225&#038;ssl=1\" data-large-file=\"https:\/\/i0.wp.com\/www.jazzzeitung.de\/cms\/wp-content\/uploads\/2015\/11\/jazzfest2015_hufi_lloyd_027.jpg?fit=800%2C600&#038;ssl=1\" src=\"https:\/\/i0.wp.com\/www.jazzzeitung.de\/cms\/wp-content\/uploads\/2015\/11\/jazzfest2015_hufi_lloyd_027.jpg?w=220&#038;h=165&#038;ssl=1\" srcset=\"https:\/\/i0.wp.com\/www.jazzzeitung.de\/cms\/wp-content\/uploads\/2015\/11\/jazzfest2015_hufi_lloyd_027.jpg?w=1600&amp;ssl=1 1600w, https:\/\/i0.wp.com\/www.jazzzeitung.de\/cms\/wp-content\/uploads\/2015\/11\/jazzfest2015_hufi_lloyd_027.jpg?resize=300%2C225&amp;ssl=1 300w, https:\/\/i0.wp.com\/www.jazzzeitung.de\/cms\/wp-content\/uploads\/2015\/11\/jazzfest2015_hufi_lloyd_027.jpg?resize=800%2C600&amp;ssl=1 800w, https:\/\/i0.wp.com\/www.jazzzeitung.de\/cms\/wp-content\/uploads\/2015\/11\/jazzfest2015_hufi_lloyd_027.jpg?resize=900%2C675&amp;ssl=1 900w\" width=\"220\" height=\"165\" loading=\"lazy\" data-original-width=\"220\" data-original-height=\"165\" itemprop=\"http:\/\/schema.org\/image\" title=\"Charles Lloyd beim Jazzfest Berlin 2015. Foto: Martin Hufner\" alt=\"Charles Lloyd beim Jazzfest Berlin 2015. Foto: Martin Hufner\" style=\"width: 220px; height: 165px;\" \/> <\/a> <div class=\"tiled-gallery-caption\" itemprop=\"caption description\"> Charles Lloyd beim Jazzfest Berlin 2015. Foto: Martin Hufner <\/div> <\/div> <\/div> <!-- close group --> <\/div> <!-- close row --> <\/div>\n<p>Polykulturalit\u00e4t, nicht Weltmusikgezwitscher! Also, das Ganze stimmig, zwischendrin die herzensreichen T\u00f6ne von Charles Lloyd oder Gerald Clayton. Alles mit einem maximal m\u00f6glichen Freiheitsraum, der sich gelegentlich an komponierten Wegmarken traf. Und dabei passiert dann musikalische Magie, so ein bisschen wie beim Art Ensemble Of Chicago das fr\u00fcher der Fall war, nur konventioneller. Mit klarem Kopf sich treiben lassen, so klingt Jazz als rationale Magie. Jedenfalls lange Zeit. Etwas profaner gesehen handelt es sich bei der Gesamtanlage um ein einfaches, wenn auch langgezogenes Steigerungsprinzip. Wie \u201eDurch Nacht zum Licht\u201c, nur dass hier nach 60 Minuten dann die Vorh\u00e4nge zugezogen werden. Und die Musik mehr oder minder deutlich verl\u00e4pperte, den langen Atem nicht halten konnte, in Miniaturen zerfaserte. Das war schade. Auch in Sachen Intonation im Duo zwischen Kontrabass und Lyra (ja, die beiden ganz allein) wurde deutlich, dass das Scharnier knarrte, die Spannung hin und wieder nicht hielt.<\/p>\n<p>Charles Lloyd ist eine beileibe musikalisch imposante Person. Das sp\u00fcrt man auch \u00fcber die Entfernung im Rang. Er klingt wie ein guter, weiser Prediger an seinem Instrument. Das musikalische Risiko l\u00e4sst sich aber nicht wegzaubern. Es w\u00e4re auch nicht klug. Denn wenn einzelne Dinge scheitern, so sp\u00fcrt man doch, dass sie jedenfalls prinzipiell gelingen k\u00f6nnten.<\/p>\n<h2>Resum\u00e9<\/h2>\n<p>Keine Resum\u00e9. Eigentlich m\u00f6chte man die Musik schon durch das eigene Schweigen verl\u00e4ngern und wenigstens ein paar Minuten in seinem Herzen mit sich herumtragen, bis sie dann eben doch verl\u00f6schen muss.<\/p>\n","protected":false},"excerpt":{"rendered":"<p>Nach dem spr\u00f6d-abstrakten Konzert am Freitag, folgte irgendwie genau das gleiche Konzert, nur ganz anders: Tief ges\u00e4ttigt bis hinter die Ohrl\u00e4ppchen. Das Tigran Hamasyan Trio und Charles Lloyd mit seinem \u201eWild Man Dance Project\u201c enterten die B\u00fchne des Hauses der Berliner Festspiele. Das Auditorium war restlos gef\u00fcllt, der Samstag ist so etwas wie der K\u00f6nigstag des Jazzfests Berlin. Und es ist wohl mehr als eine blo\u00dfe Vermutung, dass dabei vor allem der Name Charles Lloyd gezogen hat. Doch der Reihe nach. Metrischer Trash: Tigran Hamasyan Trio Scheiterte gestern noch Miguel Zen\u00f3n mit seinem Rhythmuskonzept, so legte Tigran Hamasyan mit seinem Klaviertrio nach und konnte zeigen, wie es gehen k\u00f6nnte. Tigran Hamasyan hat daf\u00fcr gen\u00fcgend Musikmaterial aus seiner armenischen Heimat mitgebracht. Er spielt es zu Beginn seiner St\u00fccke regelm\u00e4\u00dfig sublim, feinfingrig, gegebenenfalls una corda. Man ist ganz lauschig. Danach knallt es sofort \u2013 whoooooom. Sam Minaie am E-Bass stellt sofort den Raum unter Strom, der Schlagzeuger Arthur Hnatek (zu Beginn s\u00fc\u00dflich noch mit den H\u00e4nden auf den Toms) greift das rhythmische Bett der vermutlich armenischen St\u00fccke auf. W\u00e4hrenddessen bewegt sich Hamasyan in die Bassregionen seines Fl\u00fcgels &hellip;<\/p>\n","protected":false},"author":2,"featured_media":0,"comment_status":"open","ping_status":"closed","sticky":false,"template":"","format":"standard","meta":{"_jetpack_memberships_contains_paid_content":false,"footnotes":"","jetpack_publicize_message":"","jetpack_publicize_feature_enabled":true,"jetpack_social_post_already_shared":false,"jetpack_social_options":{"image_generator_settings":{"template":"highway","default_image_id":0,"font":"","enabled":false},"version":2}},"categories":[1053,82],"tags":[66,1216,272,1214,1217],"coauthors":[680],"class_list":["post-7627","post","type-post","status-publish","format-standard","hentry","category-bericht","category-blog","tag-berlin","tag-charles-lloyd","tag-jazzfest-berlin","tag-jazzfest-berlin-2015","tag-tigran-hamasyan"],"yoast_head":"<!-- This site is optimized with the Yoast SEO plugin v27.5 - https:\/\/yoast.com\/product\/yoast-seo-wordpress\/ -->\n<title>Jazzfest Berlin 2015 \u2013 Tigran Hamasyan Trio, Charles Lloyd - JazzZeitung<\/title>\n<meta name=\"robots\" content=\"index, follow, max-snippet:-1, max-image-preview:large, max-video-preview:-1\" \/>\n<link rel=\"canonical\" href=\"https:\/\/www.jazzzeitung.de\/cms\/2015\/11\/jazzfest-berlin-2015-tigran-hamasyan-trio-charles-lloyd\/\" \/>\n<meta property=\"og:locale\" content=\"de_DE\" \/>\n<meta property=\"og:type\" content=\"article\" \/>\n<meta property=\"og:title\" content=\"Jazzfest Berlin 2015 \u2013 Tigran Hamasyan Trio, Charles Lloyd - JazzZeitung\" \/>\n<meta property=\"og:description\" content=\"Nach dem spr\u00f6d-abstrakten Konzert am Freitag, folgte irgendwie genau das gleiche Konzert, nur ganz anders: Tief ges\u00e4ttigt bis hinter die Ohrl\u00e4ppchen. Das Tigran Hamasyan Trio und Charles Lloyd mit seinem \u201eWild Man Dance Project\u201c enterten die B\u00fchne des Hauses der Berliner Festspiele. Das Auditorium war restlos gef\u00fcllt, der Samstag ist so etwas wie der K\u00f6nigstag des Jazzfests Berlin. Und es ist wohl mehr als eine blo\u00dfe Vermutung, dass dabei vor allem der Name Charles Lloyd gezogen hat. Doch der Reihe nach. Metrischer Trash: Tigran Hamasyan Trio Scheiterte gestern noch Miguel Zen\u00f3n mit seinem Rhythmuskonzept, so legte Tigran Hamasyan mit seinem Klaviertrio nach und konnte zeigen, wie es gehen k\u00f6nnte. Tigran Hamasyan hat daf\u00fcr gen\u00fcgend Musikmaterial aus seiner armenischen Heimat mitgebracht. Er spielt es zu Beginn seiner St\u00fccke regelm\u00e4\u00dfig sublim, feinfingrig, gegebenenfalls una corda. Man ist ganz lauschig. Danach knallt es sofort \u2013 whoooooom. Sam Minaie am E-Bass stellt sofort den Raum unter Strom, der Schlagzeuger Arthur Hnatek (zu Beginn s\u00fc\u00dflich noch mit den H\u00e4nden auf den Toms) greift das rhythmische Bett der vermutlich armenischen St\u00fccke auf. W\u00e4hrenddessen bewegt sich Hamasyan in die Bassregionen seines Fl\u00fcgels &hellip;\" \/>\n<meta property=\"og:url\" content=\"https:\/\/www.jazzzeitung.de\/cms\/2015\/11\/jazzfest-berlin-2015-tigran-hamasyan-trio-charles-lloyd\/\" \/>\n<meta property=\"og:site_name\" content=\"JazzZeitung\" \/>\n<meta property=\"article:publisher\" content=\"https:\/\/www.facebook.com\/JazzZeitung\/\" \/>\n<meta property=\"article:author\" content=\"https:\/\/www.facebook.com\/hufner\" \/>\n<meta property=\"article:published_time\" content=\"2015-11-08T11:39:41+00:00\" \/>\n<meta property=\"article:modified_time\" content=\"2015-11-08T12:05:43+00:00\" \/>\n<meta property=\"og:image\" content=\"https:\/\/i0.wp.com\/www.jazzzeitung.de\/cms\/wp-content\/uploads\/2015\/11\/jazzfest2015_pepa_hamasyan_074.jpg?w=557&#038;h=371&#038;ssl=1\" \/>\n<meta name=\"author\" content=\"Huflaikhan\" \/>\n<script type=\"application\/ld+json\" class=\"yoast-schema-graph\">{\"@context\":\"https:\\\/\\\/schema.org\",\"@graph\":[{\"@type\":\"Article\",\"@id\":\"https:\\\/\\\/www.jazzzeitung.de\\\/cms\\\/2015\\\/11\\\/jazzfest-berlin-2015-tigran-hamasyan-trio-charles-lloyd\\\/#article\",\"isPartOf\":{\"@id\":\"https:\\\/\\\/www.jazzzeitung.de\\\/cms\\\/2015\\\/11\\\/jazzfest-berlin-2015-tigran-hamasyan-trio-charles-lloyd\\\/\"},\"author\":{\"name\":\"Huflaikhan\",\"@id\":\"https:\\\/\\\/www.jazzzeitung.de\\\/cms\\\/#\\\/schema\\\/person\\\/1ba404714b9455401502bc409a7df45e\"},\"headline\":\"Jazzfest Berlin 2015 \u2013 Tigran Hamasyan Trio, Charles Lloyd\",\"datePublished\":\"2015-11-08T11:39:41+00:00\",\"dateModified\":\"2015-11-08T12:05:43+00:00\",\"mainEntityOfPage\":{\"@id\":\"https:\\\/\\\/www.jazzzeitung.de\\\/cms\\\/2015\\\/11\\\/jazzfest-berlin-2015-tigran-hamasyan-trio-charles-lloyd\\\/\"},\"wordCount\":774,\"commentCount\":0,\"publisher\":{\"@id\":\"https:\\\/\\\/www.jazzzeitung.de\\\/cms\\\/#organization\"},\"keywords\":[\"Berlin\",\"Charles Lloyd\",\"Jazzfest Berlin\",\"Jazzfest Berlin 2015\",\"Tigran Hamasyan\"],\"articleSection\":[\"Bericht\",\"Blog\"],\"inLanguage\":\"de\",\"potentialAction\":[{\"@type\":\"CommentAction\",\"name\":\"Comment\",\"target\":[\"https:\\\/\\\/www.jazzzeitung.de\\\/cms\\\/2015\\\/11\\\/jazzfest-berlin-2015-tigran-hamasyan-trio-charles-lloyd\\\/#respond\"]}]},{\"@type\":\"WebPage\",\"@id\":\"https:\\\/\\\/www.jazzzeitung.de\\\/cms\\\/2015\\\/11\\\/jazzfest-berlin-2015-tigran-hamasyan-trio-charles-lloyd\\\/\",\"url\":\"https:\\\/\\\/www.jazzzeitung.de\\\/cms\\\/2015\\\/11\\\/jazzfest-berlin-2015-tigran-hamasyan-trio-charles-lloyd\\\/\",\"name\":\"Jazzfest Berlin 2015 \u2013 Tigran Hamasyan Trio, Charles Lloyd - JazzZeitung\",\"isPartOf\":{\"@id\":\"https:\\\/\\\/www.jazzzeitung.de\\\/cms\\\/#website\"},\"datePublished\":\"2015-11-08T11:39:41+00:00\",\"dateModified\":\"2015-11-08T12:05:43+00:00\",\"breadcrumb\":{\"@id\":\"https:\\\/\\\/www.jazzzeitung.de\\\/cms\\\/2015\\\/11\\\/jazzfest-berlin-2015-tigran-hamasyan-trio-charles-lloyd\\\/#breadcrumb\"},\"inLanguage\":\"de\",\"potentialAction\":[{\"@type\":\"ReadAction\",\"target\":[\"https:\\\/\\\/www.jazzzeitung.de\\\/cms\\\/2015\\\/11\\\/jazzfest-berlin-2015-tigran-hamasyan-trio-charles-lloyd\\\/\"]}]},{\"@type\":\"BreadcrumbList\",\"@id\":\"https:\\\/\\\/www.jazzzeitung.de\\\/cms\\\/2015\\\/11\\\/jazzfest-berlin-2015-tigran-hamasyan-trio-charles-lloyd\\\/#breadcrumb\",\"itemListElement\":[{\"@type\":\"ListItem\",\"position\":1,\"name\":\"Startseite\",\"item\":\"https:\\\/\\\/www.jazzzeitung.de\\\/cms\\\/\"},{\"@type\":\"ListItem\",\"position\":2,\"name\":\"Jazzfest Berlin 2015 \u2013 Tigran Hamasyan Trio, Charles Lloyd\"}]},{\"@type\":\"WebSite\",\"@id\":\"https:\\\/\\\/www.jazzzeitung.de\\\/cms\\\/#website\",\"url\":\"https:\\\/\\\/www.jazzzeitung.de\\\/cms\\\/\",\"name\":\"JazzZeitung\",\"description\":\"Jazz-News und Jazz-Kontroverses\",\"publisher\":{\"@id\":\"https:\\\/\\\/www.jazzzeitung.de\\\/cms\\\/#organization\"},\"potentialAction\":[{\"@type\":\"SearchAction\",\"target\":{\"@type\":\"EntryPoint\",\"urlTemplate\":\"https:\\\/\\\/www.jazzzeitung.de\\\/cms\\\/?s={search_term_string}\"},\"query-input\":{\"@type\":\"PropertyValueSpecification\",\"valueRequired\":true,\"valueName\":\"search_term_string\"}}],\"inLanguage\":\"de\"},{\"@type\":\"Organization\",\"@id\":\"https:\\\/\\\/www.jazzzeitung.de\\\/cms\\\/#organization\",\"name\":\"JazzZeitung online\",\"url\":\"https:\\\/\\\/www.jazzzeitung.de\\\/cms\\\/\",\"logo\":{\"@type\":\"ImageObject\",\"inLanguage\":\"de\",\"@id\":\"https:\\\/\\\/www.jazzzeitung.de\\\/cms\\\/#\\\/schema\\\/logo\\\/image\\\/\",\"url\":\"https:\\\/\\\/i0.wp.com\\\/www.jazzzeitung.de\\\/cms\\\/wp-content\\\/uploads\\\/2015\\\/08\\\/JAZZZEITUNGDE_Logo_Neu.png?fit=499%2C200&ssl=1\",\"contentUrl\":\"https:\\\/\\\/i0.wp.com\\\/www.jazzzeitung.de\\\/cms\\\/wp-content\\\/uploads\\\/2015\\\/08\\\/JAZZZEITUNGDE_Logo_Neu.png?fit=499%2C200&ssl=1\",\"width\":499,\"height\":200,\"caption\":\"JazzZeitung online\"},\"image\":{\"@id\":\"https:\\\/\\\/www.jazzzeitung.de\\\/cms\\\/#\\\/schema\\\/logo\\\/image\\\/\"},\"sameAs\":[\"https:\\\/\\\/www.facebook.com\\\/JazzZeitung\\\/\"]},{\"@type\":\"Person\",\"@id\":\"https:\\\/\\\/www.jazzzeitung.de\\\/cms\\\/#\\\/schema\\\/person\\\/1ba404714b9455401502bc409a7df45e\",\"name\":\"Huflaikhan\",\"image\":{\"@type\":\"ImageObject\",\"inLanguage\":\"de\",\"@id\":\"https:\\\/\\\/i0.wp.com\\\/www.jazzzeitung.de\\\/cms\\\/wp-content\\\/uploads\\\/2013\\\/11\\\/huf-06.jpg?resize=96%2C96&ssl=18afacd5aa7627f2840c013425f5a4164\",\"url\":\"https:\\\/\\\/i0.wp.com\\\/www.jazzzeitung.de\\\/cms\\\/wp-content\\\/uploads\\\/2013\\\/11\\\/huf-06.jpg?resize=96%2C96&ssl=1\",\"contentUrl\":\"https:\\\/\\\/i0.wp.com\\\/www.jazzzeitung.de\\\/cms\\\/wp-content\\\/uploads\\\/2013\\\/11\\\/huf-06.jpg?resize=96%2C96&ssl=1\",\"caption\":\"Huflaikhan\"},\"description\":\"Huflaikhan (aka Martin Hufner) hat Musikwissenschaft, Philosophie und Psychologie in Gie\u00dfen studiert und mit einer Arbeit \u00fcber Adorno und die Zw\u00f6lftontechnik promoviert. Seit 1995 ist er freiberuflich als Autor, Fotograf und Netzmacher unterwegs.\",\"sameAs\":[\"https:\\\/\\\/www.kritische-masse.de\\\/logbuch\",\"https:\\\/\\\/www.facebook.com\\\/hufner\"],\"url\":\"https:\\\/\\\/www.jazzzeitung.de\\\/cms\\\/author\\\/hufi\\\/\"}]}<\/script>\n<!-- \/ Yoast SEO plugin. -->","yoast_head_json":{"title":"Jazzfest Berlin 2015 \u2013 Tigran Hamasyan Trio, Charles Lloyd - JazzZeitung","robots":{"index":"index","follow":"follow","max-snippet":"max-snippet:-1","max-image-preview":"max-image-preview:large","max-video-preview":"max-video-preview:-1"},"canonical":"https:\/\/www.jazzzeitung.de\/cms\/2015\/11\/jazzfest-berlin-2015-tigran-hamasyan-trio-charles-lloyd\/","og_locale":"de_DE","og_type":"article","og_title":"Jazzfest Berlin 2015 \u2013 Tigran Hamasyan Trio, Charles Lloyd - JazzZeitung","og_description":"Nach dem spr\u00f6d-abstrakten Konzert am Freitag, folgte irgendwie genau das gleiche Konzert, nur ganz anders: Tief ges\u00e4ttigt bis hinter die Ohrl\u00e4ppchen. Das Tigran Hamasyan Trio und Charles Lloyd mit seinem \u201eWild Man Dance Project\u201c enterten die B\u00fchne des Hauses der Berliner Festspiele. Das Auditorium war restlos gef\u00fcllt, der Samstag ist so etwas wie der K\u00f6nigstag des Jazzfests Berlin. Und es ist wohl mehr als eine blo\u00dfe Vermutung, dass dabei vor allem der Name Charles Lloyd gezogen hat. Doch der Reihe nach. Metrischer Trash: Tigran Hamasyan Trio Scheiterte gestern noch Miguel Zen\u00f3n mit seinem Rhythmuskonzept, so legte Tigran Hamasyan mit seinem Klaviertrio nach und konnte zeigen, wie es gehen k\u00f6nnte. Tigran Hamasyan hat daf\u00fcr gen\u00fcgend Musikmaterial aus seiner armenischen Heimat mitgebracht. Er spielt es zu Beginn seiner St\u00fccke regelm\u00e4\u00dfig sublim, feinfingrig, gegebenenfalls una corda. Man ist ganz lauschig. Danach knallt es sofort \u2013 whoooooom. Sam Minaie am E-Bass stellt sofort den Raum unter Strom, der Schlagzeuger Arthur Hnatek (zu Beginn s\u00fc\u00dflich noch mit den H\u00e4nden auf den Toms) greift das rhythmische Bett der vermutlich armenischen St\u00fccke auf. W\u00e4hrenddessen bewegt sich Hamasyan in die Bassregionen seines Fl\u00fcgels &hellip;","og_url":"https:\/\/www.jazzzeitung.de\/cms\/2015\/11\/jazzfest-berlin-2015-tigran-hamasyan-trio-charles-lloyd\/","og_site_name":"JazzZeitung","article_publisher":"https:\/\/www.facebook.com\/JazzZeitung\/","article_author":"https:\/\/www.facebook.com\/hufner","article_published_time":"2015-11-08T11:39:41+00:00","article_modified_time":"2015-11-08T12:05:43+00:00","og_image":[{"url":"https:\/\/i0.wp.com\/www.jazzzeitung.de\/cms\/wp-content\/uploads\/2015\/11\/jazzfest2015_pepa_hamasyan_074.jpg?w=557&#038;h=371&#038;ssl=1","type":"","width":"","height":""}],"author":"Huflaikhan","schema":{"@context":"https:\/\/schema.org","@graph":[{"@type":"Article","@id":"https:\/\/www.jazzzeitung.de\/cms\/2015\/11\/jazzfest-berlin-2015-tigran-hamasyan-trio-charles-lloyd\/#article","isPartOf":{"@id":"https:\/\/www.jazzzeitung.de\/cms\/2015\/11\/jazzfest-berlin-2015-tigran-hamasyan-trio-charles-lloyd\/"},"author":{"name":"Huflaikhan","@id":"https:\/\/www.jazzzeitung.de\/cms\/#\/schema\/person\/1ba404714b9455401502bc409a7df45e"},"headline":"Jazzfest Berlin 2015 \u2013 Tigran Hamasyan Trio, Charles Lloyd","datePublished":"2015-11-08T11:39:41+00:00","dateModified":"2015-11-08T12:05:43+00:00","mainEntityOfPage":{"@id":"https:\/\/www.jazzzeitung.de\/cms\/2015\/11\/jazzfest-berlin-2015-tigran-hamasyan-trio-charles-lloyd\/"},"wordCount":774,"commentCount":0,"publisher":{"@id":"https:\/\/www.jazzzeitung.de\/cms\/#organization"},"keywords":["Berlin","Charles Lloyd","Jazzfest Berlin","Jazzfest Berlin 2015","Tigran Hamasyan"],"articleSection":["Bericht","Blog"],"inLanguage":"de","potentialAction":[{"@type":"CommentAction","name":"Comment","target":["https:\/\/www.jazzzeitung.de\/cms\/2015\/11\/jazzfest-berlin-2015-tigran-hamasyan-trio-charles-lloyd\/#respond"]}]},{"@type":"WebPage","@id":"https:\/\/www.jazzzeitung.de\/cms\/2015\/11\/jazzfest-berlin-2015-tigran-hamasyan-trio-charles-lloyd\/","url":"https:\/\/www.jazzzeitung.de\/cms\/2015\/11\/jazzfest-berlin-2015-tigran-hamasyan-trio-charles-lloyd\/","name":"Jazzfest Berlin 2015 \u2013 Tigran Hamasyan Trio, Charles Lloyd - JazzZeitung","isPartOf":{"@id":"https:\/\/www.jazzzeitung.de\/cms\/#website"},"datePublished":"2015-11-08T11:39:41+00:00","dateModified":"2015-11-08T12:05:43+00:00","breadcrumb":{"@id":"https:\/\/www.jazzzeitung.de\/cms\/2015\/11\/jazzfest-berlin-2015-tigran-hamasyan-trio-charles-lloyd\/#breadcrumb"},"inLanguage":"de","potentialAction":[{"@type":"ReadAction","target":["https:\/\/www.jazzzeitung.de\/cms\/2015\/11\/jazzfest-berlin-2015-tigran-hamasyan-trio-charles-lloyd\/"]}]},{"@type":"BreadcrumbList","@id":"https:\/\/www.jazzzeitung.de\/cms\/2015\/11\/jazzfest-berlin-2015-tigran-hamasyan-trio-charles-lloyd\/#breadcrumb","itemListElement":[{"@type":"ListItem","position":1,"name":"Startseite","item":"https:\/\/www.jazzzeitung.de\/cms\/"},{"@type":"ListItem","position":2,"name":"Jazzfest Berlin 2015 \u2013 Tigran Hamasyan Trio, Charles Lloyd"}]},{"@type":"WebSite","@id":"https:\/\/www.jazzzeitung.de\/cms\/#website","url":"https:\/\/www.jazzzeitung.de\/cms\/","name":"JazzZeitung","description":"Jazz-News und Jazz-Kontroverses","publisher":{"@id":"https:\/\/www.jazzzeitung.de\/cms\/#organization"},"potentialAction":[{"@type":"SearchAction","target":{"@type":"EntryPoint","urlTemplate":"https:\/\/www.jazzzeitung.de\/cms\/?s={search_term_string}"},"query-input":{"@type":"PropertyValueSpecification","valueRequired":true,"valueName":"search_term_string"}}],"inLanguage":"de"},{"@type":"Organization","@id":"https:\/\/www.jazzzeitung.de\/cms\/#organization","name":"JazzZeitung online","url":"https:\/\/www.jazzzeitung.de\/cms\/","logo":{"@type":"ImageObject","inLanguage":"de","@id":"https:\/\/www.jazzzeitung.de\/cms\/#\/schema\/logo\/image\/","url":"https:\/\/i0.wp.com\/www.jazzzeitung.de\/cms\/wp-content\/uploads\/2015\/08\/JAZZZEITUNGDE_Logo_Neu.png?fit=499%2C200&ssl=1","contentUrl":"https:\/\/i0.wp.com\/www.jazzzeitung.de\/cms\/wp-content\/uploads\/2015\/08\/JAZZZEITUNGDE_Logo_Neu.png?fit=499%2C200&ssl=1","width":499,"height":200,"caption":"JazzZeitung online"},"image":{"@id":"https:\/\/www.jazzzeitung.de\/cms\/#\/schema\/logo\/image\/"},"sameAs":["https:\/\/www.facebook.com\/JazzZeitung\/"]},{"@type":"Person","@id":"https:\/\/www.jazzzeitung.de\/cms\/#\/schema\/person\/1ba404714b9455401502bc409a7df45e","name":"Huflaikhan","image":{"@type":"ImageObject","inLanguage":"de","@id":"https:\/\/i0.wp.com\/www.jazzzeitung.de\/cms\/wp-content\/uploads\/2013\/11\/huf-06.jpg?resize=96%2C96&ssl=18afacd5aa7627f2840c013425f5a4164","url":"https:\/\/i0.wp.com\/www.jazzzeitung.de\/cms\/wp-content\/uploads\/2013\/11\/huf-06.jpg?resize=96%2C96&ssl=1","contentUrl":"https:\/\/i0.wp.com\/www.jazzzeitung.de\/cms\/wp-content\/uploads\/2013\/11\/huf-06.jpg?resize=96%2C96&ssl=1","caption":"Huflaikhan"},"description":"Huflaikhan (aka Martin Hufner) hat Musikwissenschaft, Philosophie und Psychologie in Gie\u00dfen studiert und mit einer Arbeit \u00fcber Adorno und die Zw\u00f6lftontechnik promoviert. Seit 1995 ist er freiberuflich als Autor, Fotograf und Netzmacher unterwegs.","sameAs":["https:\/\/www.kritische-masse.de\/logbuch","https:\/\/www.facebook.com\/hufner"],"url":"https:\/\/www.jazzzeitung.de\/cms\/author\/hufi\/"}]}},"wp-worthy-pixel":{"ignored":false,"public":"d3e021f3c89449f38e879fc22d44c2d2","server":"vg05.met.vgwort.de","url":"https:\/\/vg05.met.vgwort.de\/na\/d3e021f3c89449f38e879fc22d44c2d2"},"wp-worthy-type":"normal","jetpack_publicize_connections":[],"cc_featured_image_caption":{"caption_text":false,"source_text":false,"source_url":false},"jetpack_featured_media_url":"","jetpack_shortlink":"https:\/\/wp.me\/p3KEcT-1Z1","jetpack-related-posts":[{"id":6536,"url":"https:\/\/www.jazzzeitung.de\/cms\/2015\/07\/jazzfest-berlin-2015-neue-leitung-sportliches-programm\/","url_meta":{"origin":7627,"position":0},"title":"Jazzfest Berlin 2015: Neue Leitung, sportliches Programm","author":"Martin Hufner","date":"9. Juli 2015","format":false,"excerpt":"Seit letztem Jahr war bekannt, dass das JazzFest Berlin unter einer neuen Leitung steht und eine unbestimmte Ungewissheit ging damit einher. Was wird passieren? Der englische Journalist Richard Williams folgt auf Bert Noglik, der in den letzten Jahren f\u00fcr das Programm die Verantwortung trug und es gut gemacht hat. Mit\u2026","rel":"","context":"In &quot;Redaktionelle Nachrichten&quot;","block_context":{"text":"Redaktionelle Nachrichten","link":"https:\/\/www.jazzzeitung.de\/cms\/thema\/redaktion\/"},"img":{"alt_text":"Richard Williams beantwortet Fragen. Foto: Petra Basche (HuPe-kollektiv)","src":"https:\/\/i0.wp.com\/www.jazzzeitung.de\/cms\/wp-content\/uploads\/2015\/07\/Pressekonferenz_Jazzfest_Berlin_2015williams_c_basche-800x600.jpg?resize=350%2C200","width":350,"height":200,"srcset":"https:\/\/i0.wp.com\/www.jazzzeitung.de\/cms\/wp-content\/uploads\/2015\/07\/Pressekonferenz_Jazzfest_Berlin_2015williams_c_basche-800x600.jpg?resize=350%2C200 1x, https:\/\/i0.wp.com\/www.jazzzeitung.de\/cms\/wp-content\/uploads\/2015\/07\/Pressekonferenz_Jazzfest_Berlin_2015williams_c_basche-800x600.jpg?resize=525%2C300 1.5x"},"classes":[]},{"id":8976,"url":"https:\/\/www.jazzzeitung.de\/cms\/2016\/04\/newsdie-preistraeger-des-echo-jazz-2016-stehen-fest\/","url_meta":{"origin":7627,"position":1},"title":"Die Preistr\u00e4ger des ECHO Jazz 2016 stehen fest","author":"Redaktion JazzZeitung","date":"19. April 2016","format":false,"excerpt":"Die Preistr\u00e4ger des ECHO Jazz 2016 stehen fest. Wie die Deutsche Phono-Akademie, das Kulturinstitut des Bundesverbandes Musikindustrie (BVMI), heute .mitteilte, darf sich in der Kategorie \u201eEnsemble des Jahres national\" das Michael Wollny Trio \u00fcber eine .Auszeichnung f\u00fcr \u201eNacht-fahrten\" freuen, \u201eEnsemble des Jahres international\" ist das Jazz-Quartett James Farm um Saxophonist\u2026","rel":"","context":"In &quot;News&quot;","block_context":{"text":"News","link":"https:\/\/www.jazzzeitung.de\/cms\/thema\/nachrichten\/"},"img":{"alt_text":"ECHO Jazz 2013 am 23.04.2013 in der Fischauktionshalle Hamburg \/\/\/ Foto: Monique Wuestenhagen \/ BVMI","src":"https:\/\/i0.wp.com\/www.jazzzeitung.de\/cms\/wp-content\/uploads\/2016\/04\/wuestenhagen_echojazz2013_54901-150x150.jpg?resize=350%2C200","width":350,"height":200},"classes":[]},{"id":7191,"url":"https:\/\/www.jazzzeitung.de\/cms\/2015\/09\/jazzfest-berlin-2015-berliner-festspiele-veroeffentlichen-programm-kartenverlosung\/","url_meta":{"origin":7627,"position":2},"title":"Jazzfest Berlin 2015: Berliner Festspiele ver\u00f6ffentlichen Programm, Kartenverlosung","author":"Redaktion JazzZeitung","date":"25. September 2015","format":false,"excerpt":"Das Jazzfest Berlin 2015\u00a0pr\u00e4sentiert mit dem neuen k\u00fcnstlerischen Leiter Richard Williams vom\u00a05. bis 8. November\u00a0\u00fcber 120\u00a0Musiker\/-innen aus 5\u00a0Kontinenten. Das Festivalprogramm ist jetzt online und der Kartenvorverkauf startet. Wir verlosen in Kooperation mit dem Jazzfest 2x2 Karten f\u00fcr Freitag, den 06.11.15, 20:00 Uhr, Haus der Berliner Festspiele \u2013 Gro\u00dfe B\u00fchne -\u2026","rel":"","context":"In &quot;Redaktionelle Nachrichten&quot;","block_context":{"text":"Redaktionelle Nachrichten","link":"https:\/\/www.jazzzeitung.de\/cms\/thema\/redaktion\/"},"img":{"alt_text":"Foto: Jirka Jansch","src":"https:\/\/i0.wp.com\/www.jazzzeitung.de\/cms\/wp-content\/uploads\/2015\/09\/Richard_Williams_c_Jirka_Jansch_01-150x150.jpg?resize=350%2C200","width":350,"height":200},"classes":[]},{"id":11518,"url":"https:\/\/www.jazzzeitung.de\/cms\/2017\/01\/start-des-bmw-welt-jazz-award-2017-bass-erstaunt\/","url_meta":{"origin":7627,"position":3},"title":"Start des BMW Welt Jazz Award 2017 &#8211; \u201eBass erstaunt\u201c","author":"Redaktion JazzZeitung","date":"16. Januar 2017","format":false,"excerpt":"Mit zwei skandinavischen G\u00e4sten startet der BMW Welt Jazz Award 2017 in seine neunte Saison. Chris Minh Doky & New Nordic Jazz werden am 22. Januar im BMW Welt Doppelkegel zeigen, warum im d\u00e4nischen Jazz Kontrabassisten die wahren Bandleader sind. Der Schwede Lars Danielsson wird am 5. Februar erstmalig mit\u2026","rel":"","context":"In &quot;News&quot;","block_context":{"text":"News","link":"https:\/\/www.jazzzeitung.de\/cms\/thema\/nachrichten\/"},"img":{"alt_text":"","src":"https:\/\/i0.wp.com\/www.jazzzeitung.de\/cms\/wp-content\/uploads\/2017\/01\/BMW-Welt_Jazz-Award-2017-c-BMW-AG-150x150.jpg?resize=350%2C200","width":350,"height":200},"classes":[]},{"id":24943,"url":"https:\/\/www.jazzzeitung.de\/cms\/2021\/06\/ausgezeichnet-premiere-deutscher-jazzpreis-2021\/","url_meta":{"origin":7627,"position":4},"title":"Ausgezeichnet! Die Premiere des Deutschen Jazzpreises 2021","author":"Redaktion JazzZeitung","date":"4. Juni 2021","format":false,"excerpt":"Am Donnerstagabend fand die gro\u00dfe Premiere des Deutschen Jazzpreises statt. In insgesamt 31 Kategorien wurden herausragende Leistungen der nationalen und internationalen Jazzszene geehrt. Bis zur Verleihung blieben die Namen der Preistr\u00e4ger:innen geheim, sodass \u00dcberraschung und Emotionen w\u00e4hrend der live gestreamten Award-Show entsprechend gro\u00df waren. Kulturstaatsministerin Prof. Monika Gr\u00fctters: \u201eMit dieser\u2026","rel":"","context":"In &quot;News&quot;","block_context":{"text":"News","link":"https:\/\/www.jazzzeitung.de\/cms\/thema\/nachrichten\/"},"img":{"alt_text":"Ausgezeichnet! Premiere Deutscher Jazzpreis 2021","src":"https:\/\/i0.wp.com\/www.jazzzeitung.de\/cms\/wp-content\/uploads\/2021\/06\/Deutscher-Jazzpreis-Hamburg_Fynn-Freund_07.jpg?fit=1200%2C800&ssl=1&resize=350%2C200","width":350,"height":200,"srcset":"https:\/\/i0.wp.com\/www.jazzzeitung.de\/cms\/wp-content\/uploads\/2021\/06\/Deutscher-Jazzpreis-Hamburg_Fynn-Freund_07.jpg?fit=1200%2C800&ssl=1&resize=350%2C200 1x, https:\/\/i0.wp.com\/www.jazzzeitung.de\/cms\/wp-content\/uploads\/2021\/06\/Deutscher-Jazzpreis-Hamburg_Fynn-Freund_07.jpg?fit=1200%2C800&ssl=1&resize=525%2C300 1.5x, https:\/\/i0.wp.com\/www.jazzzeitung.de\/cms\/wp-content\/uploads\/2021\/06\/Deutscher-Jazzpreis-Hamburg_Fynn-Freund_07.jpg?fit=1200%2C800&ssl=1&resize=700%2C400 2x, https:\/\/i0.wp.com\/www.jazzzeitung.de\/cms\/wp-content\/uploads\/2021\/06\/Deutscher-Jazzpreis-Hamburg_Fynn-Freund_07.jpg?fit=1200%2C800&ssl=1&resize=1050%2C600 3x"},"classes":[]},{"id":14503,"url":"https:\/\/www.jazzzeitung.de\/cms\/2017\/12\/die-jazz-radiowoche-vom-18-12-bis-24-12-2017\/","url_meta":{"origin":7627,"position":5},"title":"Die Jazz-Radiowoche vom 18.12. bis 24.12.2017","author":"Martin Hufner","date":"17. Dezember 2017","format":false,"excerpt":"Ein subjektiver Blick in die Jazzwoche 51 im Radio. Unter anderem mit: George Benson, Eddie \u201eCleanhead\u201c Vinson, Tigran Hamasyan, Charlie Haden, Chris Botti, Mats Eilertsen, Lars Danielsson, Paco de Luc\u00eda, Rainer Tempel, Aaron Goldberg, Christoph Schiller, Norma Winstone, Kirsten Reese, Al Foster Quintett +++ Sommerton-Festival, Jazz im Nachkriegsdeutschland \u2013 Das\u2026","rel":"","context":"In &quot;News&quot;","block_context":{"text":"News","link":"https:\/\/www.jazzzeitung.de\/cms\/thema\/nachrichten\/"},"img":{"alt_text":"Jazz im Radio","src":"https:\/\/i0.wp.com\/www.jazzzeitung.de\/cms\/wp-content\/uploads\/2017\/10\/radio-jazz-neu.jpg?fit=1200%2C900&ssl=1&resize=350%2C200","width":350,"height":200,"srcset":"https:\/\/i0.wp.com\/www.jazzzeitung.de\/cms\/wp-content\/uploads\/2017\/10\/radio-jazz-neu.jpg?fit=1200%2C900&ssl=1&resize=350%2C200 1x, https:\/\/i0.wp.com\/www.jazzzeitung.de\/cms\/wp-content\/uploads\/2017\/10\/radio-jazz-neu.jpg?fit=1200%2C900&ssl=1&resize=525%2C300 1.5x, https:\/\/i0.wp.com\/www.jazzzeitung.de\/cms\/wp-content\/uploads\/2017\/10\/radio-jazz-neu.jpg?fit=1200%2C900&ssl=1&resize=700%2C400 2x, https:\/\/i0.wp.com\/www.jazzzeitung.de\/cms\/wp-content\/uploads\/2017\/10\/radio-jazz-neu.jpg?fit=1200%2C900&ssl=1&resize=1050%2C600 3x"},"classes":[]}],"jetpack_sharing_enabled":true,"_links":{"self":[{"href":"https:\/\/www.jazzzeitung.de\/cms\/wp-json\/wp\/v2\/posts\/7627","targetHints":{"allow":["GET"]}}],"collection":[{"href":"https:\/\/www.jazzzeitung.de\/cms\/wp-json\/wp\/v2\/posts"}],"about":[{"href":"https:\/\/www.jazzzeitung.de\/cms\/wp-json\/wp\/v2\/types\/post"}],"author":[{"embeddable":true,"href":"https:\/\/www.jazzzeitung.de\/cms\/wp-json\/wp\/v2\/users\/2"}],"replies":[{"embeddable":true,"href":"https:\/\/www.jazzzeitung.de\/cms\/wp-json\/wp\/v2\/comments?post=7627"}],"version-history":[{"count":7,"href":"https:\/\/www.jazzzeitung.de\/cms\/wp-json\/wp\/v2\/posts\/7627\/revisions"}],"predecessor-version":[{"id":7661,"href":"https:\/\/www.jazzzeitung.de\/cms\/wp-json\/wp\/v2\/posts\/7627\/revisions\/7661"}],"wp:attachment":[{"href":"https:\/\/www.jazzzeitung.de\/cms\/wp-json\/wp\/v2\/media?parent=7627"}],"wp:term":[{"taxonomy":"category","embeddable":true,"href":"https:\/\/www.jazzzeitung.de\/cms\/wp-json\/wp\/v2\/categories?post=7627"},{"taxonomy":"post_tag","embeddable":true,"href":"https:\/\/www.jazzzeitung.de\/cms\/wp-json\/wp\/v2\/tags?post=7627"},{"taxonomy":"author","embeddable":true,"href":"https:\/\/www.jazzzeitung.de\/cms\/wp-json\/wp\/v2\/coauthors?post=7627"}],"curies":[{"name":"wp","href":"https:\/\/api.w.org\/{rel}","templated":true}]}}