{"id":7595,"date":"2015-11-07T13:08:01","date_gmt":"2015-11-07T12:08:01","guid":{"rendered":"http:\/\/www.jazzzeitung.de\/cms\/?p=7595"},"modified":"2015-11-07T13:08:01","modified_gmt":"2015-11-07T12:08:01","slug":"jazzfest-berlin-2015-keith-tippett-octet-und-miguel-zenon-quartet","status":"publish","type":"post","link":"https:\/\/www.jazzzeitung.de\/cms\/2015\/11\/jazzfest-berlin-2015-keith-tippett-octet-und-miguel-zenon-quartet\/","title":{"rendered":"Jazzfest Berlin 2015 \u2013 Keith Tippett Octet und Miguel Zen\u00f3n Quartet"},"content":{"rendered":"<p>Jetzt ist der zweite Tag des Berliner Jazzfestes auch schon rum. Und ist eigentlich schon jemand aufgefallen, dass noch kein Tenorsaxophonist die B\u00fchne betreten hat? Kommt morgen mit Charles Lloyd zu Ehren. Alle (?) warten gespannt.<\/p>\n<p>Gestern war, neben der Verleihung des Albert-Mangelsdorff-Preises an Achim Kaufmann am Nachmittag, auf der gro\u00dfen B\u00fchne die zweite Show des Jazzfests Berlin 2015 mit dem Keith Tippett Octet und mit dem Miguel Zen\u00f3n Quartet. Tippett, der eine lange musikalische Geschichte(n) mit sich mitschleppt hinter dem Kanal spielte auf vor dem jungen Altsaxophonisten von jenseits des Atlantiks. Der Abend war dabei mehr oder minder deutlich der Abstraktion und dem strukturellen rhythmischen, erz\u00e4hlenden Denken gewidmet und konnte Spuren von traditioneller Musik enthalten. Wer da allergisch drauf ist, geht jetzt auf eine andere Website.<\/p>\n<h2>Lagerfeuer seziert: Das Keith Tippett Octet<\/h2>\n<p>Unter dem Titel \u201eThe Nine Dances Of Patrick O\u2019Gonogon\u201c spannte Tippett am Klavier eine Suite auf, die auch traditionelle Musikinhalte miteinbezog (Schlussst\u00fcck \u201eThe Last Rose Of Summer\u201c zum Beispiel). Die Aufstellung war Struktur pur: Links die rhythm section \u2013 recht abgesetzt die Bl\u00e4ser (hinten zwei Posaunen, davon zwei Saxophone und Trompete, umgedrehte olympische Ringe): Ein Bigband-Torso. Die Gr\u00f6\u00dfe \u201eOktett\u201c lagert zwischen reiner Kammermusik und BigBand: mit allen Vor- und wenigen Nachteilen. Hier Beweglichkeit, frische Kombinatorik der Gruppenimprovisationen (auch mal zwei Posaunen allein, d\u00fcsterd\u00fcster). Die Trennung der beiden Apparate, die autonom agieren, f\u00f6rderlich aber auch starr. Bewegliche Metren in Ba\u00df, Schlagzeug und Klavier, dagegen die Bl\u00e4sers\u00e4tze. Musik, manchmal wie auf dem kalten Seziertisch in der Pathologie \u2013 mit Lagerfeuer-Feeling und manchem Sprung \u00fcber die Glut.<\/p>\n<blockquote><p>*) Alle Fotos stammen vom <a href=\"http:\/\/hupe.urteilskraft.de\/start\/\" target=\"_blank\">HuPe-kollektiv<\/a> (mehr dann sicherlich bald dort), zu 99 Prozent von Petra Basche.<\/p><\/blockquote>\n<div class=\"tiled-gallery type-rectangular tiled-gallery-unresized\" data-original-width=\"840\" data-carousel-extra='{&quot;blog_id&quot;:1,&quot;permalink&quot;:&quot;https:\\\/\\\/www.jazzzeitung.de\\\/cms\\\/2015\\\/11\\\/jazzfest-berlin-2015-keith-tippett-octet-und-miguel-zenon-quartet\\\/&quot;,&quot;likes_blog_id&quot;:55446655}' itemscope itemtype=\"http:\/\/schema.org\/ImageGallery\" > <div class=\"gallery-row\" style=\"width: 840px; height: 733px;\" data-original-width=\"840\" data-original-height=\"733\" > <div class=\"gallery-group images-3\" style=\"width: 350px; height: 733px;\" data-original-width=\"350\" data-original-height=\"733\" > <div class=\"tiled-gallery-item tiled-gallery-item-large\" itemprop=\"associatedMedia\" itemscope itemtype=\"http:\/\/schema.org\/ImageObject\"> <a href=\"https:\/\/i0.wp.com\/www.jazzzeitung.de\/cms\/wp-content\/uploads\/2015\/11\/jazzfest2015_pepa_tippett002.jpg?ssl=1\" border=\"0\" itemprop=\"url\"> <meta itemprop=\"width\" content=\"346\"> <meta itemprop=\"height\" content=\"231\"> <img decoding=\"async\" class=\"\" data-attachment-id=\"7599\" data-orig-file=\"https:\/\/www.jazzzeitung.de\/cms\/wp-content\/uploads\/2015\/11\/jazzfest2015_pepa_tippett002.jpg\" data-orig-size=\"1798,1200\" data-comments-opened=\"1\" data-image-meta=\"{&quot;aperture&quot;:&quot;0&quot;,&quot;credit&quot;:&quot;Petra_Basche&quot;,&quot;camera&quot;:&quot;CORPORATION&quot;,&quot;caption&quot;:&quot;Keith Tippett Octet beim Jazzfest Berlin. Foto: Petra Basche&quot;,&quot;created_timestamp&quot;:&quot;1446846893&quot;,&quot;copyright&quot;:&quot;HuPe-Kollektiv&quot;,&quot;focal_length&quot;:&quot;0.2&quot;,&quot;iso&quot;:&quot;2500&quot;,&quot;shutter_speed&quot;:&quot;0.020742358078603&quot;,&quot;title&quot;:&quot;Keith Tippett Octet beim Jazzfest Berlin. Foto: Petra Basche&quot;,&quot;orientation&quot;:&quot;1&quot;}\" data-image-title=\"Keith Tippett Octet beim Jazzfest Berlin. Foto: Petra Basche\" data-image-description=\"&lt;p&gt;Keith Tippett Octet beim Jazzfest Berlin. Foto: Petra Basche&lt;\/p&gt; \" data-medium-file=\"https:\/\/i0.wp.com\/www.jazzzeitung.de\/cms\/wp-content\/uploads\/2015\/11\/jazzfest2015_pepa_tippett002.jpg?fit=300%2C200&#038;ssl=1\" data-large-file=\"https:\/\/i0.wp.com\/www.jazzzeitung.de\/cms\/wp-content\/uploads\/2015\/11\/jazzfest2015_pepa_tippett002.jpg?fit=840%2C560&#038;ssl=1\" src=\"https:\/\/i0.wp.com\/www.jazzzeitung.de\/cms\/wp-content\/uploads\/2015\/11\/jazzfest2015_pepa_tippett002.jpg?w=346&#038;h=231&#038;ssl=1\" srcset=\"https:\/\/i0.wp.com\/www.jazzzeitung.de\/cms\/wp-content\/uploads\/2015\/11\/jazzfest2015_pepa_tippett002.jpg?w=1798&amp;ssl=1 1798w, https:\/\/i0.wp.com\/www.jazzzeitung.de\/cms\/wp-content\/uploads\/2015\/11\/jazzfest2015_pepa_tippett002.jpg?resize=300%2C200&amp;ssl=1 300w, https:\/\/i0.wp.com\/www.jazzzeitung.de\/cms\/wp-content\/uploads\/2015\/11\/jazzfest2015_pepa_tippett002.jpg?resize=900%2C601&amp;ssl=1 900w, https:\/\/i0.wp.com\/www.jazzzeitung.de\/cms\/wp-content\/uploads\/2015\/11\/jazzfest2015_pepa_tippett002.jpg?w=1680&amp;ssl=1 1680w\" width=\"346\" height=\"231\" loading=\"lazy\" data-original-width=\"346\" data-original-height=\"231\" itemprop=\"http:\/\/schema.org\/image\" title=\"Keith Tippett Octet beim Jazzfest Berlin. Foto: Petra Basche\" alt=\"Keith Tippett Octet beim Jazzfest Berlin. Foto: Petra Basche\" style=\"width: 346px; height: 231px;\" \/> <\/a> <div class=\"tiled-gallery-caption\" itemprop=\"caption description\"> Keith Tippett Octet beim Jazzfest Berlin. Foto: Petra Basche <\/div> <\/div> <div class=\"tiled-gallery-item tiled-gallery-item-large\" itemprop=\"associatedMedia\" itemscope itemtype=\"http:\/\/schema.org\/ImageObject\"> <a href=\"https:\/\/i0.wp.com\/www.jazzzeitung.de\/cms\/wp-content\/uploads\/2015\/11\/jazzfest2015_pepa_tippett004.jpg?ssl=1\" border=\"0\" itemprop=\"url\"> <meta itemprop=\"width\" content=\"346\"> <meta itemprop=\"height\" content=\"259\"> <img decoding=\"async\" class=\"\" data-attachment-id=\"7601\" data-orig-file=\"https:\/\/www.jazzzeitung.de\/cms\/wp-content\/uploads\/2015\/11\/jazzfest2015_pepa_tippett004.jpg\" data-orig-size=\"1600,1200\" data-comments-opened=\"1\" data-image-meta=\"{&quot;aperture&quot;:&quot;4&quot;,&quot;credit&quot;:&quot;&quot;,&quot;camera&quot;:&quot;AGING CORP.&quot;,&quot;caption&quot;:&quot;Keith Tippett Octet beim Jazzfest Berlin. Foto: Petra Basche&quot;,&quot;created_timestamp&quot;:&quot;1446847765&quot;,&quot;copyright&quot;:&quot;&quot;,&quot;focal_length&quot;:&quot;180&quot;,&quot;iso&quot;:&quot;1600&quot;,&quot;shutter_speed&quot;:&quot;0.00625&quot;,&quot;title&quot;:&quot;Keith Tippett Octet beim Jazzfest Berlin. Foto: Petra Basche&quot;,&quot;orientation&quot;:&quot;1&quot;}\" data-image-title=\"Keith Tippett Octet beim Jazzfest Berlin. Foto: Petra Basche\" data-image-description=\"&lt;p&gt;Keith Tippett Octet beim Jazzfest Berlin. Foto: Petra Basche&lt;\/p&gt; \" data-medium-file=\"https:\/\/i0.wp.com\/www.jazzzeitung.de\/cms\/wp-content\/uploads\/2015\/11\/jazzfest2015_pepa_tippett004.jpg?fit=300%2C225&#038;ssl=1\" data-large-file=\"https:\/\/i0.wp.com\/www.jazzzeitung.de\/cms\/wp-content\/uploads\/2015\/11\/jazzfest2015_pepa_tippett004.jpg?fit=800%2C600&#038;ssl=1\" src=\"https:\/\/i0.wp.com\/www.jazzzeitung.de\/cms\/wp-content\/uploads\/2015\/11\/jazzfest2015_pepa_tippett004.jpg?w=346&#038;h=259&#038;ssl=1\" srcset=\"https:\/\/i0.wp.com\/www.jazzzeitung.de\/cms\/wp-content\/uploads\/2015\/11\/jazzfest2015_pepa_tippett004.jpg?w=1600&amp;ssl=1 1600w, https:\/\/i0.wp.com\/www.jazzzeitung.de\/cms\/wp-content\/uploads\/2015\/11\/jazzfest2015_pepa_tippett004.jpg?resize=300%2C225&amp;ssl=1 300w, https:\/\/i0.wp.com\/www.jazzzeitung.de\/cms\/wp-content\/uploads\/2015\/11\/jazzfest2015_pepa_tippett004.jpg?resize=800%2C600&amp;ssl=1 800w, https:\/\/i0.wp.com\/www.jazzzeitung.de\/cms\/wp-content\/uploads\/2015\/11\/jazzfest2015_pepa_tippett004.jpg?resize=900%2C675&amp;ssl=1 900w\" width=\"346\" height=\"259\" loading=\"lazy\" data-original-width=\"346\" data-original-height=\"259\" itemprop=\"http:\/\/schema.org\/image\" title=\"Keith Tippett Octet beim Jazzfest Berlin. Foto: Petra Basche\" alt=\"Keith Tippett Octet beim Jazzfest Berlin. Foto: Petra Basche\" style=\"width: 346px; height: 259px;\" \/> <\/a> <div class=\"tiled-gallery-caption\" itemprop=\"caption description\"> Keith Tippett Octet beim Jazzfest Berlin. Foto: Petra Basche <\/div> <\/div> <div class=\"tiled-gallery-item tiled-gallery-item-large\" itemprop=\"associatedMedia\" itemscope itemtype=\"http:\/\/schema.org\/ImageObject\"> <a href=\"https:\/\/i0.wp.com\/www.jazzzeitung.de\/cms\/wp-content\/uploads\/2015\/11\/jazzfest2015_pepa_tippett005.jpg?ssl=1\" border=\"0\" itemprop=\"url\"> <meta itemprop=\"width\" content=\"346\"> <meta itemprop=\"height\" content=\"231\"> <img decoding=\"async\" class=\"\" data-attachment-id=\"7602\" data-orig-file=\"https:\/\/www.jazzzeitung.de\/cms\/wp-content\/uploads\/2015\/11\/jazzfest2015_pepa_tippett005.jpg\" data-orig-size=\"1798,1200\" data-comments-opened=\"1\" data-image-meta=\"{&quot;aperture&quot;:&quot;0&quot;,&quot;credit&quot;:&quot;Petra_Basche&quot;,&quot;camera&quot;:&quot;CORPORATION&quot;,&quot;caption&quot;:&quot;Keith Tippett Octet beim Jazzfest Berlin. Foto: Petra Basche&quot;,&quot;created_timestamp&quot;:&quot;1446844122&quot;,&quot;copyright&quot;:&quot;HuPe-Kollektiv&quot;,&quot;focal_length&quot;:&quot;0.2&quot;,&quot;iso&quot;:&quot;2500&quot;,&quot;shutter_speed&quot;:&quot;0.022935779816514&quot;,&quot;title&quot;:&quot;Keith Tippett Octet beim Jazzfest Berlin. Foto: Petra Basche&quot;,&quot;orientation&quot;:&quot;1&quot;}\" data-image-title=\"Keith Tippett Octet beim Jazzfest Berlin (hier die Bl\u00e4sersection). Foto: Petra Basche\" data-image-description=\"&lt;p&gt;Keith Tippett Octet beim Jazzfest Berlin (hier die Bl\u00e4sersection). Foto: Petra Basche&lt;\/p&gt; \" data-medium-file=\"https:\/\/i0.wp.com\/www.jazzzeitung.de\/cms\/wp-content\/uploads\/2015\/11\/jazzfest2015_pepa_tippett005.jpg?fit=300%2C200&#038;ssl=1\" data-large-file=\"https:\/\/i0.wp.com\/www.jazzzeitung.de\/cms\/wp-content\/uploads\/2015\/11\/jazzfest2015_pepa_tippett005.jpg?fit=840%2C560&#038;ssl=1\" src=\"https:\/\/i0.wp.com\/www.jazzzeitung.de\/cms\/wp-content\/uploads\/2015\/11\/jazzfest2015_pepa_tippett005.jpg?w=346&#038;h=231&#038;ssl=1\" srcset=\"https:\/\/i0.wp.com\/www.jazzzeitung.de\/cms\/wp-content\/uploads\/2015\/11\/jazzfest2015_pepa_tippett005.jpg?w=1798&amp;ssl=1 1798w, https:\/\/i0.wp.com\/www.jazzzeitung.de\/cms\/wp-content\/uploads\/2015\/11\/jazzfest2015_pepa_tippett005.jpg?resize=300%2C200&amp;ssl=1 300w, https:\/\/i0.wp.com\/www.jazzzeitung.de\/cms\/wp-content\/uploads\/2015\/11\/jazzfest2015_pepa_tippett005.jpg?resize=900%2C601&amp;ssl=1 900w, https:\/\/i0.wp.com\/www.jazzzeitung.de\/cms\/wp-content\/uploads\/2015\/11\/jazzfest2015_pepa_tippett005.jpg?w=1680&amp;ssl=1 1680w\" width=\"346\" height=\"231\" loading=\"lazy\" data-original-width=\"346\" data-original-height=\"231\" itemprop=\"http:\/\/schema.org\/image\" title=\"Keith Tippett Octet beim Jazzfest Berlin (hier die Bl\u00e4sersection). Foto: Petra Basche\" alt=\"Keith Tippett Octet beim Jazzfest Berlin (hier die Bl\u00e4sersection). Foto: Petra Basche\" style=\"width: 346px; height: 231px;\" \/> <\/a> <div class=\"tiled-gallery-caption\" itemprop=\"caption description\"> Keith Tippett Octet beim Jazzfest Berlin (hier die Bl\u00e4sersection). Foto: Petra Basche <\/div> <\/div> <\/div> <!-- close group --> <div class=\"gallery-group images-1\" style=\"width: 490px; height: 733px;\" data-original-width=\"490\" data-original-height=\"733\" > <div class=\"tiled-gallery-item tiled-gallery-item-large\" itemprop=\"associatedMedia\" itemscope itemtype=\"http:\/\/schema.org\/ImageObject\"> <a href=\"https:\/\/i0.wp.com\/www.jazzzeitung.de\/cms\/wp-content\/uploads\/2015\/11\/jazzfest2015_pepa_tippett003.jpg?ssl=1\" border=\"0\" itemprop=\"url\"> <meta itemprop=\"width\" content=\"486\"> <meta itemprop=\"height\" content=\"729\"> <img decoding=\"async\" class=\"\" data-attachment-id=\"7600\" data-orig-file=\"https:\/\/www.jazzzeitung.de\/cms\/wp-content\/uploads\/2015\/11\/jazzfest2015_pepa_tippett003.jpg\" data-orig-size=\"800,1200\" data-comments-opened=\"1\" data-image-meta=\"{&quot;aperture&quot;:&quot;4.5&quot;,&quot;credit&quot;:&quot;&quot;,&quot;camera&quot;:&quot;AGING CORP.&quot;,&quot;caption&quot;:&quot;Keith Tippett Octet beim Jazzfest Berlin. Foto: Petra Basche&quot;,&quot;created_timestamp&quot;:&quot;1446847463&quot;,&quot;copyright&quot;:&quot;&quot;,&quot;focal_length&quot;:&quot;87&quot;,&quot;iso&quot;:&quot;1600&quot;,&quot;shutter_speed&quot;:&quot;0.02&quot;,&quot;title&quot;:&quot;Keith Tippett Octet beim Jazzfest Berlin. Foto: Petra Basche&quot;,&quot;orientation&quot;:&quot;1&quot;}\" data-image-title=\"Keith Tippett Octet beim Jazzfest Berlin (hier: James Gardiner-Bateman. Foto: Petra Basche\" data-image-description=\"&lt;p&gt;Keith Tippett Octet beim Jazzfest Berlin (hier: James Gardiner-Bateman. Foto: Petra Basche&lt;\/p&gt; \" data-medium-file=\"https:\/\/i0.wp.com\/www.jazzzeitung.de\/cms\/wp-content\/uploads\/2015\/11\/jazzfest2015_pepa_tippett003.jpg?fit=200%2C300&#038;ssl=1\" data-large-file=\"https:\/\/i0.wp.com\/www.jazzzeitung.de\/cms\/wp-content\/uploads\/2015\/11\/jazzfest2015_pepa_tippett003.jpg?fit=400%2C600&#038;ssl=1\" src=\"https:\/\/i0.wp.com\/www.jazzzeitung.de\/cms\/wp-content\/uploads\/2015\/11\/jazzfest2015_pepa_tippett003.jpg?w=486&#038;h=729&#038;ssl=1\" srcset=\"https:\/\/i0.wp.com\/www.jazzzeitung.de\/cms\/wp-content\/uploads\/2015\/11\/jazzfest2015_pepa_tippett003.jpg?w=800&amp;ssl=1 800w, https:\/\/i0.wp.com\/www.jazzzeitung.de\/cms\/wp-content\/uploads\/2015\/11\/jazzfest2015_pepa_tippett003.jpg?resize=200%2C300&amp;ssl=1 200w, https:\/\/i0.wp.com\/www.jazzzeitung.de\/cms\/wp-content\/uploads\/2015\/11\/jazzfest2015_pepa_tippett003.jpg?resize=400%2C600&amp;ssl=1 400w\" width=\"486\" height=\"729\" loading=\"lazy\" data-original-width=\"486\" data-original-height=\"729\" itemprop=\"http:\/\/schema.org\/image\" title=\"Keith Tippett Octet beim Jazzfest Berlin (hier: James Gardiner-Bateman. Foto: Petra Basche\" alt=\"Keith Tippett Octet beim Jazzfest Berlin (hier: James Gardiner-Bateman. Foto: Petra Basche\" style=\"width: 486px; height: 729px;\" \/> <\/a> <div class=\"tiled-gallery-caption\" itemprop=\"caption description\"> Keith Tippett Octet beim Jazzfest Berlin (hier: James Gardiner-Bateman. Foto: Petra Basche <\/div> <\/div> <\/div> <!-- close group --> <\/div> <!-- close row --> <div class=\"gallery-row\" style=\"width: 840px; height: 405px;\" data-original-width=\"840\" data-original-height=\"405\" > <div class=\"gallery-group images-1\" style=\"width: 538px; height: 405px;\" data-original-width=\"538\" data-original-height=\"405\" > <div class=\"tiled-gallery-item tiled-gallery-item-large\" itemprop=\"associatedMedia\" itemscope itemtype=\"http:\/\/schema.org\/ImageObject\"> <a href=\"https:\/\/i0.wp.com\/www.jazzzeitung.de\/cms\/wp-content\/uploads\/2015\/11\/jazzfest2015_pepa_tippett006.jpg?ssl=1\" border=\"0\" itemprop=\"url\"> <meta itemprop=\"width\" content=\"534\"> <meta itemprop=\"height\" content=\"401\"> <img decoding=\"async\" class=\"\" data-attachment-id=\"7603\" data-orig-file=\"https:\/\/www.jazzzeitung.de\/cms\/wp-content\/uploads\/2015\/11\/jazzfest2015_pepa_tippett006.jpg\" data-orig-size=\"1600,1200\" data-comments-opened=\"1\" data-image-meta=\"{&quot;aperture&quot;:&quot;4.5&quot;,&quot;credit&quot;:&quot;&quot;,&quot;camera&quot;:&quot;AGING CORP.&quot;,&quot;caption&quot;:&quot;Keith Tippett Octet beim Jazzfest Berlin. Foto: Petra Basche&quot;,&quot;created_timestamp&quot;:&quot;1446844698&quot;,&quot;copyright&quot;:&quot;&quot;,&quot;focal_length&quot;:&quot;210&quot;,&quot;iso&quot;:&quot;1600&quot;,&quot;shutter_speed&quot;:&quot;0.008&quot;,&quot;title&quot;:&quot;Keith Tippett Octet beim Jazzfest Berlin. Foto: Petra Basche&quot;,&quot;orientation&quot;:&quot;1&quot;}\" data-image-title=\"Keith Tippett Octet beim Jazzfest Berlin (hier: Peter Fairclough). Foto: Petra Basche\" data-image-description=\"&lt;p&gt;Keith Tippett Octet beim Jazzfest Berlin (hier: Peter Fairclough). Foto: Petra Basche&lt;\/p&gt; \" data-medium-file=\"https:\/\/i0.wp.com\/www.jazzzeitung.de\/cms\/wp-content\/uploads\/2015\/11\/jazzfest2015_pepa_tippett006.jpg?fit=300%2C225&#038;ssl=1\" data-large-file=\"https:\/\/i0.wp.com\/www.jazzzeitung.de\/cms\/wp-content\/uploads\/2015\/11\/jazzfest2015_pepa_tippett006.jpg?fit=800%2C600&#038;ssl=1\" src=\"https:\/\/i0.wp.com\/www.jazzzeitung.de\/cms\/wp-content\/uploads\/2015\/11\/jazzfest2015_pepa_tippett006.jpg?w=534&#038;h=401&#038;ssl=1\" srcset=\"https:\/\/i0.wp.com\/www.jazzzeitung.de\/cms\/wp-content\/uploads\/2015\/11\/jazzfest2015_pepa_tippett006.jpg?w=1600&amp;ssl=1 1600w, https:\/\/i0.wp.com\/www.jazzzeitung.de\/cms\/wp-content\/uploads\/2015\/11\/jazzfest2015_pepa_tippett006.jpg?resize=300%2C225&amp;ssl=1 300w, https:\/\/i0.wp.com\/www.jazzzeitung.de\/cms\/wp-content\/uploads\/2015\/11\/jazzfest2015_pepa_tippett006.jpg?resize=800%2C600&amp;ssl=1 800w, https:\/\/i0.wp.com\/www.jazzzeitung.de\/cms\/wp-content\/uploads\/2015\/11\/jazzfest2015_pepa_tippett006.jpg?resize=900%2C675&amp;ssl=1 900w\" width=\"534\" height=\"401\" loading=\"lazy\" data-original-width=\"534\" data-original-height=\"401\" itemprop=\"http:\/\/schema.org\/image\" title=\"Keith Tippett Octet beim Jazzfest Berlin (hier: Peter Fairclough). Foto: Petra Basche\" alt=\"Keith Tippett Octet beim Jazzfest Berlin (hier: Peter Fairclough). Foto: Petra Basche\" style=\"width: 534px; height: 401px;\" \/> <\/a> <div class=\"tiled-gallery-caption\" itemprop=\"caption description\"> Keith Tippett Octet beim Jazzfest Berlin (hier: Peter Fairclough). Foto: Petra Basche <\/div> <\/div> <\/div> <!-- close group --> <div class=\"gallery-group images-2\" style=\"width: 302px; height: 405px;\" data-original-width=\"302\" data-original-height=\"405\" > <div class=\"tiled-gallery-item tiled-gallery-item-large\" itemprop=\"associatedMedia\" itemscope itemtype=\"http:\/\/schema.org\/ImageObject\"> <a href=\"https:\/\/i0.wp.com\/www.jazzzeitung.de\/cms\/wp-content\/uploads\/2015\/11\/jazzfest2015_pepa_tippett001.jpg?ssl=1\" border=\"0\" itemprop=\"url\"> <meta itemprop=\"width\" content=\"298\"> <meta itemprop=\"height\" content=\"199\"> <img decoding=\"async\" class=\"\" data-attachment-id=\"7598\" data-orig-file=\"https:\/\/www.jazzzeitung.de\/cms\/wp-content\/uploads\/2015\/11\/jazzfest2015_pepa_tippett001.jpg\" data-orig-size=\"1800,1200\" data-comments-opened=\"1\" data-image-meta=\"{&quot;aperture&quot;:&quot;4&quot;,&quot;credit&quot;:&quot;&quot;,&quot;camera&quot;:&quot;AGING CORP.&quot;,&quot;caption&quot;:&quot;Keith Tippett Octet beim Jazzfest Berlin. Foto: Petra Basche&quot;,&quot;created_timestamp&quot;:&quot;1446846846&quot;,&quot;copyright&quot;:&quot;&quot;,&quot;focal_length&quot;:&quot;56&quot;,&quot;iso&quot;:&quot;1600&quot;,&quot;shutter_speed&quot;:&quot;0.008&quot;,&quot;title&quot;:&quot;Keith Tippett Octet beim Jazzfest Berlin. Foto: Petra Basche&quot;,&quot;orientation&quot;:&quot;1&quot;}\" data-image-title=\"Keith Tippett Octet beim Jazzfest Berlin. Foto: Petra Basche\" data-image-description=\"&lt;p&gt;Keith Tippett Octet beim Jazzfest Berlin. Foto: Petra Basche&lt;\/p&gt; \" data-medium-file=\"https:\/\/i0.wp.com\/www.jazzzeitung.de\/cms\/wp-content\/uploads\/2015\/11\/jazzfest2015_pepa_tippett001.jpg?fit=300%2C200&#038;ssl=1\" data-large-file=\"https:\/\/i0.wp.com\/www.jazzzeitung.de\/cms\/wp-content\/uploads\/2015\/11\/jazzfest2015_pepa_tippett001.jpg?fit=840%2C560&#038;ssl=1\" src=\"https:\/\/i0.wp.com\/www.jazzzeitung.de\/cms\/wp-content\/uploads\/2015\/11\/jazzfest2015_pepa_tippett001.jpg?w=298&#038;h=199&#038;ssl=1\" srcset=\"https:\/\/i0.wp.com\/www.jazzzeitung.de\/cms\/wp-content\/uploads\/2015\/11\/jazzfest2015_pepa_tippett001.jpg?w=1800&amp;ssl=1 1800w, https:\/\/i0.wp.com\/www.jazzzeitung.de\/cms\/wp-content\/uploads\/2015\/11\/jazzfest2015_pepa_tippett001.jpg?resize=300%2C200&amp;ssl=1 300w, https:\/\/i0.wp.com\/www.jazzzeitung.de\/cms\/wp-content\/uploads\/2015\/11\/jazzfest2015_pepa_tippett001.jpg?resize=900%2C600&amp;ssl=1 900w, https:\/\/i0.wp.com\/www.jazzzeitung.de\/cms\/wp-content\/uploads\/2015\/11\/jazzfest2015_pepa_tippett001.jpg?w=1680&amp;ssl=1 1680w\" width=\"298\" height=\"199\" loading=\"lazy\" data-original-width=\"298\" data-original-height=\"199\" itemprop=\"http:\/\/schema.org\/image\" title=\"Keith Tippett Octet beim Jazzfest Berlin. Foto: Petra Basche\" alt=\"Keith Tippett Octet beim Jazzfest Berlin. Foto: Petra Basche\" style=\"width: 298px; height: 199px;\" \/> <\/a> <div class=\"tiled-gallery-caption\" itemprop=\"caption description\"> Keith Tippett Octet beim Jazzfest Berlin. Foto: Petra Basche <\/div> <\/div> <div class=\"tiled-gallery-item tiled-gallery-item-large\" itemprop=\"associatedMedia\" itemscope itemtype=\"http:\/\/schema.org\/ImageObject\"> <a href=\"https:\/\/i0.wp.com\/www.jazzzeitung.de\/cms\/wp-content\/uploads\/2015\/11\/jazzfest2015_pepa_tippett009.jpg?ssl=1\" border=\"0\" itemprop=\"url\"> <meta itemprop=\"width\" content=\"298\"> <meta itemprop=\"height\" content=\"198\"> <img decoding=\"async\" class=\"\" data-attachment-id=\"7606\" data-orig-file=\"https:\/\/www.jazzzeitung.de\/cms\/wp-content\/uploads\/2015\/11\/jazzfest2015_pepa_tippett009.jpg\" data-orig-size=\"1800,1200\" data-comments-opened=\"1\" data-image-meta=\"{&quot;aperture&quot;:&quot;4&quot;,&quot;credit&quot;:&quot;&quot;,&quot;camera&quot;:&quot;AGING CORP.&quot;,&quot;caption&quot;:&quot;Keith Tippett Octet beim Jazzfest Berlin. Foto: Petra Basche&quot;,&quot;created_timestamp&quot;:&quot;1446848286&quot;,&quot;copyright&quot;:&quot;&quot;,&quot;focal_length&quot;:&quot;210&quot;,&quot;iso&quot;:&quot;1600&quot;,&quot;shutter_speed&quot;:&quot;0.033333333333333&quot;,&quot;title&quot;:&quot;Keith Tippett Octet beim Jazzfest Berlin. Foto: Petra Basche&quot;,&quot;orientation&quot;:&quot;1&quot;}\" data-image-title=\"Keith Tippett Octet beim Jazzfest Berlin (hier: Fulvio Sigurta). Foto: Petra Basche\" data-image-description=\"&lt;p&gt;Keith Tippett Octet beim Jazzfest Berlin (hier: Fulvio Sigurta). Foto: Petra Basche&lt;\/p&gt; \" data-medium-file=\"https:\/\/i0.wp.com\/www.jazzzeitung.de\/cms\/wp-content\/uploads\/2015\/11\/jazzfest2015_pepa_tippett009.jpg?fit=300%2C200&#038;ssl=1\" data-large-file=\"https:\/\/i0.wp.com\/www.jazzzeitung.de\/cms\/wp-content\/uploads\/2015\/11\/jazzfest2015_pepa_tippett009.jpg?fit=840%2C560&#038;ssl=1\" src=\"https:\/\/i0.wp.com\/www.jazzzeitung.de\/cms\/wp-content\/uploads\/2015\/11\/jazzfest2015_pepa_tippett009.jpg?w=298&#038;h=198&#038;ssl=1\" srcset=\"https:\/\/i0.wp.com\/www.jazzzeitung.de\/cms\/wp-content\/uploads\/2015\/11\/jazzfest2015_pepa_tippett009.jpg?w=1800&amp;ssl=1 1800w, https:\/\/i0.wp.com\/www.jazzzeitung.de\/cms\/wp-content\/uploads\/2015\/11\/jazzfest2015_pepa_tippett009.jpg?resize=300%2C200&amp;ssl=1 300w, https:\/\/i0.wp.com\/www.jazzzeitung.de\/cms\/wp-content\/uploads\/2015\/11\/jazzfest2015_pepa_tippett009.jpg?resize=900%2C600&amp;ssl=1 900w, https:\/\/i0.wp.com\/www.jazzzeitung.de\/cms\/wp-content\/uploads\/2015\/11\/jazzfest2015_pepa_tippett009.jpg?w=1680&amp;ssl=1 1680w\" width=\"298\" height=\"198\" loading=\"lazy\" data-original-width=\"298\" data-original-height=\"198\" itemprop=\"http:\/\/schema.org\/image\" title=\"Keith Tippett Octet beim Jazzfest Berlin (hier: Fulvio Sigurta). Foto: Petra Basche\" alt=\"Keith Tippett Octet beim Jazzfest Berlin (hier: Fulvio Sigurta). Foto: Petra Basche\" style=\"width: 298px; height: 198px;\" \/> <\/a> <div class=\"tiled-gallery-caption\" itemprop=\"caption description\"> Keith Tippett Octet beim Jazzfest Berlin (hier: Fulvio Sigurta). Foto: Petra Basche <\/div> <\/div> <\/div> <!-- close group --> <\/div> <!-- close row --> <div class=\"gallery-row\" style=\"width: 840px; height: 194px;\" data-original-width=\"840\" data-original-height=\"194\" > <div class=\"gallery-group images-1\" style=\"width: 147px; height: 194px;\" data-original-width=\"147\" data-original-height=\"194\" > <div class=\"tiled-gallery-item tiled-gallery-item-small\" itemprop=\"associatedMedia\" itemscope itemtype=\"http:\/\/schema.org\/ImageObject\"> <a href=\"https:\/\/i0.wp.com\/www.jazzzeitung.de\/cms\/wp-content\/uploads\/2015\/11\/jazzfest2015_pepa_tippett007.jpg?ssl=1\" border=\"0\" itemprop=\"url\"> <meta itemprop=\"width\" content=\"143\"> <meta itemprop=\"height\" content=\"190\"> <img decoding=\"async\" class=\"\" data-attachment-id=\"7604\" data-orig-file=\"https:\/\/www.jazzzeitung.de\/cms\/wp-content\/uploads\/2015\/11\/jazzfest2015_pepa_tippett007.jpg\" data-orig-size=\"900,1200\" data-comments-opened=\"1\" data-image-meta=\"{&quot;aperture&quot;:&quot;4&quot;,&quot;credit&quot;:&quot;&quot;,&quot;camera&quot;:&quot;AGING CORP.&quot;,&quot;caption&quot;:&quot;Keith Tippett Octet beim Jazzfest Berlin. Foto: Petra Basche&quot;,&quot;created_timestamp&quot;:&quot;1446846627&quot;,&quot;copyright&quot;:&quot;&quot;,&quot;focal_length&quot;:&quot;56&quot;,&quot;iso&quot;:&quot;1600&quot;,&quot;shutter_speed&quot;:&quot;0.008&quot;,&quot;title&quot;:&quot;Keith Tippett Octet beim Jazzfest Berlin. Foto: Petra Basche&quot;,&quot;orientation&quot;:&quot;1&quot;}\" data-image-title=\"Keith Tippett Octet beim Jazzfest Berlin. Foto: Petra Basche\" data-image-description=\"&lt;p&gt;Keith Tippett Octet beim Jazzfest Berlin. Foto: Petra Basche&lt;\/p&gt; \" data-medium-file=\"https:\/\/i0.wp.com\/www.jazzzeitung.de\/cms\/wp-content\/uploads\/2015\/11\/jazzfest2015_pepa_tippett007.jpg?fit=225%2C300&#038;ssl=1\" data-large-file=\"https:\/\/i0.wp.com\/www.jazzzeitung.de\/cms\/wp-content\/uploads\/2015\/11\/jazzfest2015_pepa_tippett007.jpg?fit=450%2C600&#038;ssl=1\" src=\"https:\/\/i0.wp.com\/www.jazzzeitung.de\/cms\/wp-content\/uploads\/2015\/11\/jazzfest2015_pepa_tippett007.jpg?w=143&#038;h=190&#038;ssl=1\" srcset=\"https:\/\/i0.wp.com\/www.jazzzeitung.de\/cms\/wp-content\/uploads\/2015\/11\/jazzfest2015_pepa_tippett007.jpg?w=900&amp;ssl=1 900w, https:\/\/i0.wp.com\/www.jazzzeitung.de\/cms\/wp-content\/uploads\/2015\/11\/jazzfest2015_pepa_tippett007.jpg?resize=225%2C300&amp;ssl=1 225w, https:\/\/i0.wp.com\/www.jazzzeitung.de\/cms\/wp-content\/uploads\/2015\/11\/jazzfest2015_pepa_tippett007.jpg?resize=450%2C600&amp;ssl=1 450w\" width=\"143\" height=\"190\" loading=\"lazy\" data-original-width=\"143\" data-original-height=\"190\" itemprop=\"http:\/\/schema.org\/image\" title=\"Keith Tippett Octet beim Jazzfest Berlin. Foto: Petra Basche\" alt=\"Keith Tippett Octet beim Jazzfest Berlin. Foto: Petra Basche\" style=\"width: 143px; height: 190px;\" \/> <\/a> <div class=\"tiled-gallery-caption\" itemprop=\"caption description\"> Keith Tippett Octet beim Jazzfest Berlin. Foto: Petra Basche <\/div> <\/div> <\/div> <!-- close group --> <div class=\"gallery-group images-1\" style=\"width: 147px; height: 194px;\" data-original-width=\"147\" data-original-height=\"194\" > <div class=\"tiled-gallery-item tiled-gallery-item-small\" itemprop=\"associatedMedia\" itemscope itemtype=\"http:\/\/schema.org\/ImageObject\"> <a href=\"https:\/\/i0.wp.com\/www.jazzzeitung.de\/cms\/wp-content\/uploads\/2015\/11\/jazzfest2015_pepa_tippett008.jpg?ssl=1\" border=\"0\" itemprop=\"url\"> <meta itemprop=\"width\" content=\"143\"> <meta itemprop=\"height\" content=\"190\"> <img decoding=\"async\" class=\"\" data-attachment-id=\"7605\" data-orig-file=\"https:\/\/www.jazzzeitung.de\/cms\/wp-content\/uploads\/2015\/11\/jazzfest2015_pepa_tippett008.jpg\" data-orig-size=\"900,1200\" data-comments-opened=\"1\" data-image-meta=\"{&quot;aperture&quot;:&quot;0&quot;,&quot;credit&quot;:&quot;&quot;,&quot;camera&quot;:&quot;AGING CORP.&quot;,&quot;caption&quot;:&quot;Keith Tippett Octet beim Jazzfest Berlin. Foto: Petra Basche&quot;,&quot;created_timestamp&quot;:&quot;1446848083&quot;,&quot;copyright&quot;:&quot;&quot;,&quot;focal_length&quot;:&quot;0.009765625&quot;,&quot;iso&quot;:&quot;1600&quot;,&quot;shutter_speed&quot;:&quot;0.014354066985646&quot;,&quot;title&quot;:&quot;Keith Tippett Octet beim Jazzfest Berlin. Foto: Petra Basche&quot;,&quot;orientation&quot;:&quot;1&quot;}\" data-image-title=\"Keith Tippett Octet beim Jazzfest Berlin (hier: Julie Tippets). Foto: Petra\" data-image-description=\"&lt;p&gt;Keith Tippett Octet beim Jazzfest Berlin (hier: Julie Tippets). Foto: Petra &lt;\/p&gt; \" data-medium-file=\"https:\/\/i0.wp.com\/www.jazzzeitung.de\/cms\/wp-content\/uploads\/2015\/11\/jazzfest2015_pepa_tippett008.jpg?fit=225%2C300&#038;ssl=1\" data-large-file=\"https:\/\/i0.wp.com\/www.jazzzeitung.de\/cms\/wp-content\/uploads\/2015\/11\/jazzfest2015_pepa_tippett008.jpg?fit=450%2C600&#038;ssl=1\" src=\"https:\/\/i0.wp.com\/www.jazzzeitung.de\/cms\/wp-content\/uploads\/2015\/11\/jazzfest2015_pepa_tippett008.jpg?w=143&#038;h=190&#038;ssl=1\" srcset=\"https:\/\/i0.wp.com\/www.jazzzeitung.de\/cms\/wp-content\/uploads\/2015\/11\/jazzfest2015_pepa_tippett008.jpg?w=900&amp;ssl=1 900w, https:\/\/i0.wp.com\/www.jazzzeitung.de\/cms\/wp-content\/uploads\/2015\/11\/jazzfest2015_pepa_tippett008.jpg?resize=225%2C300&amp;ssl=1 225w, https:\/\/i0.wp.com\/www.jazzzeitung.de\/cms\/wp-content\/uploads\/2015\/11\/jazzfest2015_pepa_tippett008.jpg?resize=450%2C600&amp;ssl=1 450w\" width=\"143\" height=\"190\" loading=\"lazy\" data-original-width=\"143\" data-original-height=\"190\" itemprop=\"http:\/\/schema.org\/image\" title=\"Keith Tippett Octet beim Jazzfest Berlin (hier: Julie Tippets). Foto: Petra\" alt=\"Keith Tippett Octet beim Jazzfest Berlin (hier: Julie Tippets). Foto: Petra\" style=\"width: 143px; height: 190px;\" \/> <\/a> <div class=\"tiled-gallery-caption\" itemprop=\"caption description\"> Keith Tippett Octet beim Jazzfest Berlin (hier: Julie Tippets). Foto: Petra Basche <\/div> <\/div> <\/div> <!-- close group --> <div class=\"gallery-group images-1\" style=\"width: 289px; height: 194px;\" data-original-width=\"289\" data-original-height=\"194\" > <div class=\"tiled-gallery-item tiled-gallery-item-large\" itemprop=\"associatedMedia\" itemscope itemtype=\"http:\/\/schema.org\/ImageObject\"> <a href=\"https:\/\/i0.wp.com\/www.jazzzeitung.de\/cms\/wp-content\/uploads\/2015\/11\/jazzfest2015_pepa_tippett010.jpg?ssl=1\" border=\"0\" itemprop=\"url\"> <meta itemprop=\"width\" content=\"285\"> <meta itemprop=\"height\" content=\"190\"> <img decoding=\"async\" class=\"\" data-attachment-id=\"7607\" data-orig-file=\"https:\/\/www.jazzzeitung.de\/cms\/wp-content\/uploads\/2015\/11\/jazzfest2015_pepa_tippett010.jpg\" data-orig-size=\"1798,1200\" data-comments-opened=\"1\" data-image-meta=\"{&quot;aperture&quot;:&quot;3.5&quot;,&quot;credit&quot;:&quot;Petra_Basche&quot;,&quot;camera&quot;:&quot;CORPORATION&quot;,&quot;caption&quot;:&quot;Keith Tippett Octet beim Jazzfest Berlin. Foto: Petra Basche&quot;,&quot;created_timestamp&quot;:&quot;1446848403&quot;,&quot;copyright&quot;:&quot;HuPe-Kollektiv&quot;,&quot;focal_length&quot;:&quot;48&quot;,&quot;iso&quot;:&quot;2500&quot;,&quot;shutter_speed&quot;:&quot;0.00625&quot;,&quot;title&quot;:&quot;Keith Tippett Octet beim Jazzfest Berlin. Foto: Petra Basche&quot;,&quot;orientation&quot;:&quot;1&quot;}\" data-image-title=\"Keith Tippett Octet beim Jazzfest Berlin. Foto: Petra Basche\" data-image-description=\"&lt;p&gt;Keith Tippett Octet beim Jazzfest Berlin. Foto: Petra Basche&lt;\/p&gt; \" data-medium-file=\"https:\/\/i0.wp.com\/www.jazzzeitung.de\/cms\/wp-content\/uploads\/2015\/11\/jazzfest2015_pepa_tippett010.jpg?fit=300%2C200&#038;ssl=1\" data-large-file=\"https:\/\/i0.wp.com\/www.jazzzeitung.de\/cms\/wp-content\/uploads\/2015\/11\/jazzfest2015_pepa_tippett010.jpg?fit=840%2C560&#038;ssl=1\" src=\"https:\/\/i0.wp.com\/www.jazzzeitung.de\/cms\/wp-content\/uploads\/2015\/11\/jazzfest2015_pepa_tippett010.jpg?w=285&#038;h=190&#038;ssl=1\" srcset=\"https:\/\/i0.wp.com\/www.jazzzeitung.de\/cms\/wp-content\/uploads\/2015\/11\/jazzfest2015_pepa_tippett010.jpg?w=1798&amp;ssl=1 1798w, https:\/\/i0.wp.com\/www.jazzzeitung.de\/cms\/wp-content\/uploads\/2015\/11\/jazzfest2015_pepa_tippett010.jpg?resize=300%2C200&amp;ssl=1 300w, https:\/\/i0.wp.com\/www.jazzzeitung.de\/cms\/wp-content\/uploads\/2015\/11\/jazzfest2015_pepa_tippett010.jpg?resize=900%2C601&amp;ssl=1 900w, https:\/\/i0.wp.com\/www.jazzzeitung.de\/cms\/wp-content\/uploads\/2015\/11\/jazzfest2015_pepa_tippett010.jpg?w=1680&amp;ssl=1 1680w\" width=\"285\" height=\"190\" loading=\"lazy\" data-original-width=\"285\" data-original-height=\"190\" itemprop=\"http:\/\/schema.org\/image\" title=\"Keith Tippett Octet beim Jazzfest Berlin. Foto: Petra Basche\" alt=\"Keith Tippett Octet beim Jazzfest Berlin. Foto: Petra Basche\" style=\"width: 285px; height: 190px;\" \/> <\/a> <div class=\"tiled-gallery-caption\" itemprop=\"caption description\"> Keith Tippett Octet beim Jazzfest Berlin. Foto: Petra Basche <\/div> <\/div> <\/div> <!-- close group --> <div class=\"gallery-group images-1\" style=\"width: 257px; height: 194px;\" data-original-width=\"257\" data-original-height=\"194\" > <div class=\"tiled-gallery-item tiled-gallery-item-large\" itemprop=\"associatedMedia\" itemscope itemtype=\"http:\/\/schema.org\/ImageObject\"> <a href=\"https:\/\/i0.wp.com\/www.jazzzeitung.de\/cms\/wp-content\/uploads\/2015\/11\/jazzfest2015_pepa_tippett011.jpg?ssl=1\" border=\"0\" itemprop=\"url\"> <meta itemprop=\"width\" content=\"253\"> <meta itemprop=\"height\" content=\"190\"> <img decoding=\"async\" class=\"\" data-attachment-id=\"7608\" data-orig-file=\"https:\/\/www.jazzzeitung.de\/cms\/wp-content\/uploads\/2015\/11\/jazzfest2015_pepa_tippett011.jpg\" data-orig-size=\"1600,1200\" data-comments-opened=\"1\" data-image-meta=\"{&quot;aperture&quot;:&quot;1.8&quot;,&quot;credit&quot;:&quot;Dr. Martin Hufner&quot;,&quot;camera&quot;:&quot;AGING CORP.&quot;,&quot;caption&quot;:&quot;Keith Tippett Octet beim Jazzfest Berlin. Foto: Martin Hufner&quot;,&quot;created_timestamp&quot;:&quot;1446843957&quot;,&quot;copyright&quot;:&quot;Martin Hufner&quot;,&quot;focal_length&quot;:&quot;25&quot;,&quot;iso&quot;:&quot;200&quot;,&quot;shutter_speed&quot;:&quot;0.02&quot;,&quot;title&quot;:&quot;Keith Tippett Octet beim Jazzfest Berlin. Foto: Martin Hufner&quot;,&quot;orientation&quot;:&quot;1&quot;}\" data-image-title=\"Keith Tippett Octet beim Jazzfest Berlin. Foto: Martin Hufner\" data-image-description=\"&lt;p&gt;Keith Tippett Octet beim Jazzfest Berlin. Foto: Martin Hufner&lt;\/p&gt; \" data-medium-file=\"https:\/\/i0.wp.com\/www.jazzzeitung.de\/cms\/wp-content\/uploads\/2015\/11\/jazzfest2015_pepa_tippett011.jpg?fit=300%2C225&#038;ssl=1\" data-large-file=\"https:\/\/i0.wp.com\/www.jazzzeitung.de\/cms\/wp-content\/uploads\/2015\/11\/jazzfest2015_pepa_tippett011.jpg?fit=800%2C600&#038;ssl=1\" src=\"https:\/\/i0.wp.com\/www.jazzzeitung.de\/cms\/wp-content\/uploads\/2015\/11\/jazzfest2015_pepa_tippett011.jpg?w=253&#038;h=190&#038;ssl=1\" srcset=\"https:\/\/i0.wp.com\/www.jazzzeitung.de\/cms\/wp-content\/uploads\/2015\/11\/jazzfest2015_pepa_tippett011.jpg?w=1600&amp;ssl=1 1600w, https:\/\/i0.wp.com\/www.jazzzeitung.de\/cms\/wp-content\/uploads\/2015\/11\/jazzfest2015_pepa_tippett011.jpg?resize=300%2C225&amp;ssl=1 300w, https:\/\/i0.wp.com\/www.jazzzeitung.de\/cms\/wp-content\/uploads\/2015\/11\/jazzfest2015_pepa_tippett011.jpg?resize=800%2C600&amp;ssl=1 800w, https:\/\/i0.wp.com\/www.jazzzeitung.de\/cms\/wp-content\/uploads\/2015\/11\/jazzfest2015_pepa_tippett011.jpg?resize=900%2C675&amp;ssl=1 900w\" width=\"253\" height=\"190\" loading=\"lazy\" data-original-width=\"253\" data-original-height=\"190\" itemprop=\"http:\/\/schema.org\/image\" title=\"Keith Tippett Octet beim Jazzfest Berlin. Foto: Martin Hufner\" alt=\"Keith Tippett Octet beim Jazzfest Berlin. Foto: Martin Hufner\" style=\"width: 253px; height: 190px;\" \/> <\/a> <div class=\"tiled-gallery-caption\" itemprop=\"caption description\"> Keith Tippett Octet beim Jazzfest Berlin. Foto: Martin Hufner <\/div> <\/div> <\/div> <!-- close group --> <\/div> <!-- close row --> <\/div>\n<p>Die Songs waren insgesamt wie eine gro\u00dfe Erz\u00e4hlung angelegt, die manchmal dann doch auch etwas erm\u00fcdende Passagen in sich barg. Umso sch\u00f6ner dann in dieser Abstraktionswolke ein geradezu anr\u00fchrendes Trompeten-Solo (Fulvio Sigurta) zu h\u00f6ren, oder gegen Ende den stimmlichen Einsatz von Julie Tippett. Oder der so zur\u00fcckgenommene verl\u00f6schende Klavierklang von Tippett selbst.<\/p>\n<h2>Rhythmus gerupft: Miguel Zen\u00f3n Quartet<\/h2>\n<p>\u201eIdentities Are Changeable\u201c hei\u00dft das Projekt des Quartetts um den Saxophonisten Miguel Zen\u00f3n mit Henry Cole (drums), Hans Glawischnig (double bass) und Louis Perdomo (piano). Im Rang klang es einfach nicht so gut, der Bass zu leise, das Schlagzeug zu laut, Saxophon und Klavier \u00fcberkreuzten sich akustisch. Ton in Ton biss sich. Es passt alles zusammen, es blieb aber alles zu eng. Man stellte sich die Musik durch ihre F\u00fclle zu und war sich damit gerne selbst im Weg. Die Kompositionen von Miguel Zen\u00f3n hatten es freilich in sich. W\u00e4hrend bei den meisten St\u00fccken das Schlagzeug deutlich zu pr\u00e4sent war und das Saxophonspiel doch leerlief, drehte man bei letzten St\u00fcck am Rad. Henry Cole am Schlagzeug hatte genug zu koordinieren, um das 7 gegen 5 (so habe ich es jedenfalls geh\u00f6rt) zu akzentuieren und war damit einigerma\u00dfen besch\u00e4ftigt, so dass sich Zen\u00f3n in dieses eben doch durch Abstraktion gewonnene Muster einflechten konnte, was er auch nutzte.<\/p>\n<div class=\"tiled-gallery type-rectangular tiled-gallery-unresized\" data-original-width=\"840\" data-carousel-extra='{&quot;blog_id&quot;:1,&quot;permalink&quot;:&quot;https:\\\/\\\/www.jazzzeitung.de\\\/cms\\\/2015\\\/11\\\/jazzfest-berlin-2015-keith-tippett-octet-und-miguel-zenon-quartet\\\/&quot;,&quot;likes_blog_id&quot;:55446655}' itemscope itemtype=\"http:\/\/schema.org\/ImageGallery\" > <div class=\"gallery-row\" style=\"width: 840px; height: 374px;\" data-original-width=\"840\" data-original-height=\"374\" > <div class=\"gallery-group images-1\" style=\"width: 558px; height: 374px;\" data-original-width=\"558\" data-original-height=\"374\" > <div class=\"tiled-gallery-item tiled-gallery-item-large\" itemprop=\"associatedMedia\" itemscope itemtype=\"http:\/\/schema.org\/ImageObject\"> <a href=\"https:\/\/i0.wp.com\/www.jazzzeitung.de\/cms\/wp-content\/uploads\/2015\/11\/jazzfest2015_pepa_zenon_043.jpg?ssl=1\" border=\"0\" itemprop=\"url\"> <meta itemprop=\"width\" content=\"554\"> <meta itemprop=\"height\" content=\"370\"> <img decoding=\"async\" class=\"\" data-attachment-id=\"7624\" data-orig-file=\"https:\/\/www.jazzzeitung.de\/cms\/wp-content\/uploads\/2015\/11\/jazzfest2015_pepa_zenon_043.jpg\" data-orig-size=\"1798,1200\" data-comments-opened=\"1\" data-image-meta=\"{&quot;aperture&quot;:&quot;0&quot;,&quot;credit&quot;:&quot;Petra_Basche&quot;,&quot;camera&quot;:&quot;CORPORATION&quot;,&quot;caption&quot;:&quot;Miguel Zen\\u00f3n Quartet (Jazzfest Berlin 2015). Foto: Petra Basche&quot;,&quot;created_timestamp&quot;:&quot;1446850051&quot;,&quot;copyright&quot;:&quot;HuPe-Kollektiv&quot;,&quot;focal_length&quot;:&quot;1&quot;,&quot;iso&quot;:&quot;2500&quot;,&quot;shutter_speed&quot;:&quot;0.021493212669683&quot;,&quot;title&quot;:&quot;Miguel Zen\\u00f3n Quartet (Jazzfest Berlin 2015). Foto: Petra Basche&quot;,&quot;orientation&quot;:&quot;1&quot;}\" data-image-title=\"Miguel Zen\u00f3n Quartet (Jazzfest Berlin 2015). Foto: Petra Basche\" data-image-description=\"\" data-medium-file=\"https:\/\/i0.wp.com\/www.jazzzeitung.de\/cms\/wp-content\/uploads\/2015\/11\/jazzfest2015_pepa_zenon_043.jpg?fit=300%2C200&#038;ssl=1\" data-large-file=\"https:\/\/i0.wp.com\/www.jazzzeitung.de\/cms\/wp-content\/uploads\/2015\/11\/jazzfest2015_pepa_zenon_043.jpg?fit=840%2C560&#038;ssl=1\" src=\"https:\/\/i0.wp.com\/www.jazzzeitung.de\/cms\/wp-content\/uploads\/2015\/11\/jazzfest2015_pepa_zenon_043.jpg?w=554&#038;h=370&#038;ssl=1\" srcset=\"https:\/\/i0.wp.com\/www.jazzzeitung.de\/cms\/wp-content\/uploads\/2015\/11\/jazzfest2015_pepa_zenon_043.jpg?w=1798&amp;ssl=1 1798w, https:\/\/i0.wp.com\/www.jazzzeitung.de\/cms\/wp-content\/uploads\/2015\/11\/jazzfest2015_pepa_zenon_043.jpg?resize=300%2C200&amp;ssl=1 300w, https:\/\/i0.wp.com\/www.jazzzeitung.de\/cms\/wp-content\/uploads\/2015\/11\/jazzfest2015_pepa_zenon_043.jpg?resize=900%2C601&amp;ssl=1 900w, https:\/\/i0.wp.com\/www.jazzzeitung.de\/cms\/wp-content\/uploads\/2015\/11\/jazzfest2015_pepa_zenon_043.jpg?w=1680&amp;ssl=1 1680w\" width=\"554\" height=\"370\" loading=\"lazy\" data-original-width=\"554\" data-original-height=\"370\" itemprop=\"http:\/\/schema.org\/image\" title=\"Miguel Zen\u00f3n Quartet (Jazzfest Berlin 2015). Foto: Petra Basche\" alt=\"Miguel Zen\u00f3n Quartet (Jazzfest Berlin 2015). Foto: Petra Basche\" style=\"width: 554px; height: 370px;\" \/> <\/a> <div class=\"tiled-gallery-caption\" itemprop=\"caption description\"> Miguel Zen\u00f3n Quartet (Jazzfest Berlin 2015). Foto: Petra Basche <\/div> <\/div> <\/div> <!-- close group --> <div class=\"gallery-group images-1\" style=\"width: 282px; height: 374px;\" data-original-width=\"282\" data-original-height=\"374\" > <div class=\"tiled-gallery-item tiled-gallery-item-large\" itemprop=\"associatedMedia\" itemscope itemtype=\"http:\/\/schema.org\/ImageObject\"> <a href=\"https:\/\/i0.wp.com\/www.jazzzeitung.de\/cms\/wp-content\/uploads\/2015\/11\/jazzfest2015_pepa_zenon_037.jpg?ssl=1\" border=\"0\" itemprop=\"url\"> <meta itemprop=\"width\" content=\"278\"> <meta itemprop=\"height\" content=\"370\"> <img decoding=\"async\" class=\"\" data-attachment-id=\"7618\" data-orig-file=\"https:\/\/www.jazzzeitung.de\/cms\/wp-content\/uploads\/2015\/11\/jazzfest2015_pepa_zenon_037.jpg\" data-orig-size=\"900,1200\" data-comments-opened=\"1\" data-image-meta=\"{&quot;aperture&quot;:&quot;2.8&quot;,&quot;credit&quot;:&quot;&quot;,&quot;camera&quot;:&quot;AGING CORP.&quot;,&quot;caption&quot;:&quot;Miguel Zen\\u00f3n Quartet (Jazzfest Berlin 2015). Foto: Petra Basche&quot;,&quot;created_timestamp&quot;:&quot;1446852234&quot;,&quot;copyright&quot;:&quot;&quot;,&quot;focal_length&quot;:&quot;79&quot;,&quot;iso&quot;:&quot;800&quot;,&quot;shutter_speed&quot;:&quot;0.01&quot;,&quot;title&quot;:&quot;Miguel Zen\\u00f3n Quartet (Jazzfest Berlin 2015). Foto: Petra Basche&quot;,&quot;orientation&quot;:&quot;1&quot;}\" data-image-title=\"Miguel Zen\u00f3n Quartet (Jazzfest Berlin 2015). Foto: Petra Basche\" data-image-description=\"&lt;p&gt;Miguel Zen\u00f3n Quartet (Jazzfest Berlin 2015). Foto: Petra Basche&lt;\/p&gt; \" data-medium-file=\"https:\/\/i0.wp.com\/www.jazzzeitung.de\/cms\/wp-content\/uploads\/2015\/11\/jazzfest2015_pepa_zenon_037.jpg?fit=225%2C300&#038;ssl=1\" data-large-file=\"https:\/\/i0.wp.com\/www.jazzzeitung.de\/cms\/wp-content\/uploads\/2015\/11\/jazzfest2015_pepa_zenon_037.jpg?fit=450%2C600&#038;ssl=1\" src=\"https:\/\/i0.wp.com\/www.jazzzeitung.de\/cms\/wp-content\/uploads\/2015\/11\/jazzfest2015_pepa_zenon_037.jpg?w=278&#038;h=370&#038;ssl=1\" srcset=\"https:\/\/i0.wp.com\/www.jazzzeitung.de\/cms\/wp-content\/uploads\/2015\/11\/jazzfest2015_pepa_zenon_037.jpg?w=900&amp;ssl=1 900w, https:\/\/i0.wp.com\/www.jazzzeitung.de\/cms\/wp-content\/uploads\/2015\/11\/jazzfest2015_pepa_zenon_037.jpg?resize=225%2C300&amp;ssl=1 225w, https:\/\/i0.wp.com\/www.jazzzeitung.de\/cms\/wp-content\/uploads\/2015\/11\/jazzfest2015_pepa_zenon_037.jpg?resize=450%2C600&amp;ssl=1 450w\" width=\"278\" height=\"370\" loading=\"lazy\" data-original-width=\"278\" data-original-height=\"370\" itemprop=\"http:\/\/schema.org\/image\" title=\"Miguel Zen\u00f3n Quartet (Jazzfest Berlin 2015). Foto: Petra Basche\" alt=\"Miguel Zen\u00f3n Quartet (Jazzfest Berlin 2015). Foto: Petra Basche\" style=\"width: 278px; height: 370px;\" \/> <\/a> <div class=\"tiled-gallery-caption\" itemprop=\"caption description\"> Miguel Zen\u00f3n Quartet (Jazzfest Berlin 2015). Foto: Petra Basche <\/div> <\/div> <\/div> <!-- close group --> <\/div> <!-- close row --> <div class=\"gallery-row\" style=\"width: 840px; height: 421px;\" data-original-width=\"840\" data-original-height=\"421\" > <div class=\"gallery-group images-1\" style=\"width: 560px; height: 421px;\" data-original-width=\"560\" data-original-height=\"421\" > <div class=\"tiled-gallery-item tiled-gallery-item-large\" itemprop=\"associatedMedia\" itemscope itemtype=\"http:\/\/schema.org\/ImageObject\"> <a href=\"https:\/\/i0.wp.com\/www.jazzzeitung.de\/cms\/wp-content\/uploads\/2015\/11\/jazzfest2015_pepa_zenon_033.jpg?ssl=1\" border=\"0\" itemprop=\"url\"> <meta itemprop=\"width\" content=\"556\"> <meta itemprop=\"height\" content=\"417\"> <img decoding=\"async\" class=\"\" data-attachment-id=\"7614\" data-orig-file=\"https:\/\/www.jazzzeitung.de\/cms\/wp-content\/uploads\/2015\/11\/jazzfest2015_pepa_zenon_033.jpg\" data-orig-size=\"1600,1200\" data-comments-opened=\"1\" data-image-meta=\"{&quot;aperture&quot;:&quot;4.5&quot;,&quot;credit&quot;:&quot;&quot;,&quot;camera&quot;:&quot;AGING CORP.&quot;,&quot;caption&quot;:&quot;Miguel Zen\\u00f3n Quartet (Jazzfest Berlin 2015). Foto: Petra Basche&quot;,&quot;created_timestamp&quot;:&quot;1446850461&quot;,&quot;copyright&quot;:&quot;&quot;,&quot;focal_length&quot;:&quot;56&quot;,&quot;iso&quot;:&quot;1600&quot;,&quot;shutter_speed&quot;:&quot;0.0125&quot;,&quot;title&quot;:&quot;Miguel Zen\\u00f3n Quartet (Jazzfest Berlin 2015). Foto: Petra Basche&quot;,&quot;orientation&quot;:&quot;1&quot;}\" data-image-title=\"Miguel Zen\u00f3n Quartet (Jazzfest Berlin 2015). Foto: Petra Basche\" data-image-description=\"&lt;p&gt;Miguel Zen\u00f3n Quartet (Jazzfest Berlin 2015). Foto: Petra Basche&lt;\/p&gt; \" data-medium-file=\"https:\/\/i0.wp.com\/www.jazzzeitung.de\/cms\/wp-content\/uploads\/2015\/11\/jazzfest2015_pepa_zenon_033.jpg?fit=300%2C225&#038;ssl=1\" data-large-file=\"https:\/\/i0.wp.com\/www.jazzzeitung.de\/cms\/wp-content\/uploads\/2015\/11\/jazzfest2015_pepa_zenon_033.jpg?fit=800%2C600&#038;ssl=1\" src=\"https:\/\/i0.wp.com\/www.jazzzeitung.de\/cms\/wp-content\/uploads\/2015\/11\/jazzfest2015_pepa_zenon_033.jpg?w=556&#038;h=417&#038;ssl=1\" srcset=\"https:\/\/i0.wp.com\/www.jazzzeitung.de\/cms\/wp-content\/uploads\/2015\/11\/jazzfest2015_pepa_zenon_033.jpg?w=1600&amp;ssl=1 1600w, https:\/\/i0.wp.com\/www.jazzzeitung.de\/cms\/wp-content\/uploads\/2015\/11\/jazzfest2015_pepa_zenon_033.jpg?resize=300%2C225&amp;ssl=1 300w, https:\/\/i0.wp.com\/www.jazzzeitung.de\/cms\/wp-content\/uploads\/2015\/11\/jazzfest2015_pepa_zenon_033.jpg?resize=800%2C600&amp;ssl=1 800w, https:\/\/i0.wp.com\/www.jazzzeitung.de\/cms\/wp-content\/uploads\/2015\/11\/jazzfest2015_pepa_zenon_033.jpg?resize=900%2C675&amp;ssl=1 900w\" width=\"556\" height=\"417\" loading=\"lazy\" data-original-width=\"556\" data-original-height=\"417\" itemprop=\"http:\/\/schema.org\/image\" title=\"Miguel Zen\u00f3n Quartet (Jazzfest Berlin 2015). Foto: Petra Basche\" alt=\"Miguel Zen\u00f3n Quartet (Jazzfest Berlin 2015). Foto: Petra Basche\" style=\"width: 556px; height: 417px;\" \/> <\/a> <div class=\"tiled-gallery-caption\" itemprop=\"caption description\"> Miguel Zen\u00f3n Quartet (Jazzfest Berlin 2015). Foto: Petra Basche <\/div> <\/div> <\/div> <!-- close group --> <div class=\"gallery-group images-2\" style=\"width: 280px; height: 421px;\" data-original-width=\"280\" data-original-height=\"421\" > <div class=\"tiled-gallery-item tiled-gallery-item-large\" itemprop=\"associatedMedia\" itemscope itemtype=\"http:\/\/schema.org\/ImageObject\"> <a href=\"https:\/\/i0.wp.com\/www.jazzzeitung.de\/cms\/wp-content\/uploads\/2015\/11\/jazzfest2015_pepa_zenon_034.jpg?ssl=1\" border=\"0\" itemprop=\"url\"> <meta itemprop=\"width\" content=\"276\"> <meta itemprop=\"height\" content=\"207\"> <img decoding=\"async\" class=\"\" data-attachment-id=\"7615\" data-orig-file=\"https:\/\/www.jazzzeitung.de\/cms\/wp-content\/uploads\/2015\/11\/jazzfest2015_pepa_zenon_034.jpg\" data-orig-size=\"1600,1200\" data-comments-opened=\"1\" data-image-meta=\"{&quot;aperture&quot;:&quot;4.5&quot;,&quot;credit&quot;:&quot;&quot;,&quot;camera&quot;:&quot;AGING CORP.&quot;,&quot;caption&quot;:&quot;Miguel Zen\\u00f3n Quartet (Jazzfest Berlin 2015). Foto: Petra Basche&quot;,&quot;created_timestamp&quot;:&quot;1446850982&quot;,&quot;copyright&quot;:&quot;&quot;,&quot;focal_length&quot;:&quot;110&quot;,&quot;iso&quot;:&quot;1600&quot;,&quot;shutter_speed&quot;:&quot;0.033333333333333&quot;,&quot;title&quot;:&quot;Miguel Zen\\u00f3n Quartet (Jazzfest Berlin 2015). Foto: Petra Basche&quot;,&quot;orientation&quot;:&quot;1&quot;}\" data-image-title=\"Miguel Zen\u00f3n Quartet &amp;#8211; hier Hans Glawischnig. (Jazzfest Berlin 2015). Foto: Petra Basche\" data-image-description=\"&lt;p&gt;Miguel Zen\u00f3n Quartet &amp;#8211; hier Hans Glawischnig. (Jazzfest Berlin 2015). Foto: Petra Basche&lt;\/p&gt; \" data-medium-file=\"https:\/\/i0.wp.com\/www.jazzzeitung.de\/cms\/wp-content\/uploads\/2015\/11\/jazzfest2015_pepa_zenon_034.jpg?fit=300%2C225&#038;ssl=1\" data-large-file=\"https:\/\/i0.wp.com\/www.jazzzeitung.de\/cms\/wp-content\/uploads\/2015\/11\/jazzfest2015_pepa_zenon_034.jpg?fit=800%2C600&#038;ssl=1\" src=\"https:\/\/i0.wp.com\/www.jazzzeitung.de\/cms\/wp-content\/uploads\/2015\/11\/jazzfest2015_pepa_zenon_034.jpg?w=276&#038;h=207&#038;ssl=1\" srcset=\"https:\/\/i0.wp.com\/www.jazzzeitung.de\/cms\/wp-content\/uploads\/2015\/11\/jazzfest2015_pepa_zenon_034.jpg?w=1600&amp;ssl=1 1600w, https:\/\/i0.wp.com\/www.jazzzeitung.de\/cms\/wp-content\/uploads\/2015\/11\/jazzfest2015_pepa_zenon_034.jpg?resize=300%2C225&amp;ssl=1 300w, https:\/\/i0.wp.com\/www.jazzzeitung.de\/cms\/wp-content\/uploads\/2015\/11\/jazzfest2015_pepa_zenon_034.jpg?resize=800%2C600&amp;ssl=1 800w, https:\/\/i0.wp.com\/www.jazzzeitung.de\/cms\/wp-content\/uploads\/2015\/11\/jazzfest2015_pepa_zenon_034.jpg?resize=900%2C675&amp;ssl=1 900w\" width=\"276\" height=\"207\" loading=\"lazy\" data-original-width=\"276\" data-original-height=\"207\" itemprop=\"http:\/\/schema.org\/image\" title=\"Miguel Zen\u00f3n Quartet - hier Hans Glawischnig. (Jazzfest Berlin 2015). Foto: Petra Basche\" alt=\"Miguel Zen\u00f3n Quartet - hier Hans Glawischnig. (Jazzfest Berlin 2015). Foto: Petra Basche\" style=\"width: 276px; height: 207px;\" \/> <\/a> <div class=\"tiled-gallery-caption\" itemprop=\"caption description\"> Miguel Zen\u00f3n Quartet &#8211; hier Hans Glawischnig. (Jazzfest Berlin 2015). Foto: Petra Basche <\/div> <\/div> <div class=\"tiled-gallery-item tiled-gallery-item-large\" itemprop=\"associatedMedia\" itemscope itemtype=\"http:\/\/schema.org\/ImageObject\"> <a href=\"https:\/\/i0.wp.com\/www.jazzzeitung.de\/cms\/wp-content\/uploads\/2015\/11\/jazzfest2015_pepa_zenon_040.jpg?ssl=1\" border=\"0\" itemprop=\"url\"> <meta itemprop=\"width\" content=\"276\"> <meta itemprop=\"height\" content=\"206\"> <img decoding=\"async\" class=\"\" data-attachment-id=\"7621\" data-orig-file=\"https:\/\/www.jazzzeitung.de\/cms\/wp-content\/uploads\/2015\/11\/jazzfest2015_pepa_zenon_040.jpg\" data-orig-size=\"1600,1200\" data-comments-opened=\"1\" data-image-meta=\"{&quot;aperture&quot;:&quot;4&quot;,&quot;credit&quot;:&quot;&quot;,&quot;camera&quot;:&quot;AGING CORP.&quot;,&quot;caption&quot;:&quot;Miguel Zen\\u00f3n Quartet (Jazzfest Berlin 2015). Foto: Petra Basche&quot;,&quot;created_timestamp&quot;:&quot;1446853512&quot;,&quot;copyright&quot;:&quot;&quot;,&quot;focal_length&quot;:&quot;155&quot;,&quot;iso&quot;:&quot;2000&quot;,&quot;shutter_speed&quot;:&quot;0.04&quot;,&quot;title&quot;:&quot;Miguel Zen\\u00f3n Quartet (Jazzfest Berlin 2015). Foto: Petra Basche&quot;,&quot;orientation&quot;:&quot;1&quot;}\" data-image-title=\"Miguel Zen\u00f3n Quartet &amp;#8211; hier: Louis Perdomo (Jazzfest Berlin 2015). Foto: Petra Basche\" data-image-description=\"&lt;p&gt;Miguel Zen\u00f3n Quartet &amp;#8211; hier: Louis Perdomo (Jazzfest Berlin 2015). Foto: Petra Basche&lt;\/p&gt; \" data-medium-file=\"https:\/\/i0.wp.com\/www.jazzzeitung.de\/cms\/wp-content\/uploads\/2015\/11\/jazzfest2015_pepa_zenon_040.jpg?fit=300%2C225&#038;ssl=1\" data-large-file=\"https:\/\/i0.wp.com\/www.jazzzeitung.de\/cms\/wp-content\/uploads\/2015\/11\/jazzfest2015_pepa_zenon_040.jpg?fit=800%2C600&#038;ssl=1\" src=\"https:\/\/i0.wp.com\/www.jazzzeitung.de\/cms\/wp-content\/uploads\/2015\/11\/jazzfest2015_pepa_zenon_040.jpg?w=276&#038;h=206&#038;ssl=1\" srcset=\"https:\/\/i0.wp.com\/www.jazzzeitung.de\/cms\/wp-content\/uploads\/2015\/11\/jazzfest2015_pepa_zenon_040.jpg?w=1600&amp;ssl=1 1600w, https:\/\/i0.wp.com\/www.jazzzeitung.de\/cms\/wp-content\/uploads\/2015\/11\/jazzfest2015_pepa_zenon_040.jpg?resize=300%2C225&amp;ssl=1 300w, https:\/\/i0.wp.com\/www.jazzzeitung.de\/cms\/wp-content\/uploads\/2015\/11\/jazzfest2015_pepa_zenon_040.jpg?resize=800%2C600&amp;ssl=1 800w, https:\/\/i0.wp.com\/www.jazzzeitung.de\/cms\/wp-content\/uploads\/2015\/11\/jazzfest2015_pepa_zenon_040.jpg?resize=900%2C675&amp;ssl=1 900w\" width=\"276\" height=\"206\" loading=\"lazy\" data-original-width=\"276\" data-original-height=\"206\" itemprop=\"http:\/\/schema.org\/image\" title=\"Miguel Zen\u00f3n Quartet - hier: Louis Perdomo (Jazzfest Berlin 2015). Foto: Petra Basche\" alt=\"Miguel Zen\u00f3n Quartet - hier: Louis Perdomo (Jazzfest Berlin 2015). Foto: Petra Basche\" style=\"width: 276px; height: 206px;\" \/> <\/a> <div class=\"tiled-gallery-caption\" itemprop=\"caption description\"> Miguel Zen\u00f3n Quartet &#8211; hier: Louis Perdomo (Jazzfest Berlin 2015). Foto: Petra Basche <\/div> <\/div> <\/div> <!-- close group --> <\/div> <!-- close row --> <div class=\"gallery-row\" style=\"width: 840px; height: 389px;\" data-original-width=\"840\" data-original-height=\"389\" > <div class=\"gallery-group images-2\" style=\"width: 258px; height: 389px;\" data-original-width=\"258\" data-original-height=\"389\" > <div class=\"tiled-gallery-item tiled-gallery-item-large\" itemprop=\"associatedMedia\" itemscope itemtype=\"http:\/\/schema.org\/ImageObject\"> <a href=\"https:\/\/i0.wp.com\/www.jazzzeitung.de\/cms\/wp-content\/uploads\/2015\/11\/jazzfest2015_pepa_zenon_041.jpg?ssl=1\" border=\"0\" itemprop=\"url\"> <meta itemprop=\"width\" content=\"254\"> <meta itemprop=\"height\" content=\"191\"> <img decoding=\"async\" class=\"\" data-attachment-id=\"7622\" data-orig-file=\"https:\/\/www.jazzzeitung.de\/cms\/wp-content\/uploads\/2015\/11\/jazzfest2015_pepa_zenon_041.jpg\" data-orig-size=\"1600,1200\" data-comments-opened=\"1\" data-image-meta=\"{&quot;aperture&quot;:&quot;4&quot;,&quot;credit&quot;:&quot;&quot;,&quot;camera&quot;:&quot;AGING CORP.&quot;,&quot;caption&quot;:&quot;Miguel Zen\\u00f3n Quartet (Jazzfest Berlin 2015). Foto: Petra Basche&quot;,&quot;created_timestamp&quot;:&quot;1446853625&quot;,&quot;copyright&quot;:&quot;&quot;,&quot;focal_length&quot;:&quot;56&quot;,&quot;iso&quot;:&quot;2000&quot;,&quot;shutter_speed&quot;:&quot;0.01&quot;,&quot;title&quot;:&quot;Miguel Zen\\u00f3n Quartet (Jazzfest Berlin 2015). Foto: Petra Basche&quot;,&quot;orientation&quot;:&quot;1&quot;}\" data-image-title=\"Miguel Zen\u00f3n Quartet &amp;#8211; hier: Henry Cole. (Jazzfest Berlin 2015). Foto: Petra Basche\" data-image-description=\"&lt;p&gt;Miguel Zen\u00f3n Quartet &amp;#8211; hier: Henry Cole. (Jazzfest Berlin 2015). Foto: Petra Basche&lt;\/p&gt; \" data-medium-file=\"https:\/\/i0.wp.com\/www.jazzzeitung.de\/cms\/wp-content\/uploads\/2015\/11\/jazzfest2015_pepa_zenon_041.jpg?fit=300%2C225&#038;ssl=1\" data-large-file=\"https:\/\/i0.wp.com\/www.jazzzeitung.de\/cms\/wp-content\/uploads\/2015\/11\/jazzfest2015_pepa_zenon_041.jpg?fit=800%2C600&#038;ssl=1\" src=\"https:\/\/i0.wp.com\/www.jazzzeitung.de\/cms\/wp-content\/uploads\/2015\/11\/jazzfest2015_pepa_zenon_041.jpg?w=254&#038;h=191&#038;ssl=1\" srcset=\"https:\/\/i0.wp.com\/www.jazzzeitung.de\/cms\/wp-content\/uploads\/2015\/11\/jazzfest2015_pepa_zenon_041.jpg?w=1600&amp;ssl=1 1600w, https:\/\/i0.wp.com\/www.jazzzeitung.de\/cms\/wp-content\/uploads\/2015\/11\/jazzfest2015_pepa_zenon_041.jpg?resize=300%2C225&amp;ssl=1 300w, https:\/\/i0.wp.com\/www.jazzzeitung.de\/cms\/wp-content\/uploads\/2015\/11\/jazzfest2015_pepa_zenon_041.jpg?resize=800%2C600&amp;ssl=1 800w, https:\/\/i0.wp.com\/www.jazzzeitung.de\/cms\/wp-content\/uploads\/2015\/11\/jazzfest2015_pepa_zenon_041.jpg?resize=900%2C675&amp;ssl=1 900w\" width=\"254\" height=\"191\" loading=\"lazy\" data-original-width=\"254\" data-original-height=\"191\" itemprop=\"http:\/\/schema.org\/image\" title=\"Miguel Zen\u00f3n Quartet - hier: Henry Cole. (Jazzfest Berlin 2015). Foto: Petra Basche\" alt=\"Miguel Zen\u00f3n Quartet - hier: Henry Cole. (Jazzfest Berlin 2015). Foto: Petra Basche\" style=\"width: 254px; height: 191px;\" \/> <\/a> <div class=\"tiled-gallery-caption\" itemprop=\"caption description\"> Miguel Zen\u00f3n Quartet &#8211; hier: Henry Cole. (Jazzfest Berlin 2015). Foto: Petra Basche <\/div> <\/div> <div class=\"tiled-gallery-item tiled-gallery-item-large\" itemprop=\"associatedMedia\" itemscope itemtype=\"http:\/\/schema.org\/ImageObject\"> <a href=\"https:\/\/i0.wp.com\/www.jazzzeitung.de\/cms\/wp-content\/uploads\/2015\/11\/jazzfest2015_pepa_zenon_035.jpg?ssl=1\" border=\"0\" itemprop=\"url\"> <meta itemprop=\"width\" content=\"254\"> <meta itemprop=\"height\" content=\"190\"> <img decoding=\"async\" class=\"\" data-attachment-id=\"7616\" data-orig-file=\"https:\/\/www.jazzzeitung.de\/cms\/wp-content\/uploads\/2015\/11\/jazzfest2015_pepa_zenon_035.jpg\" data-orig-size=\"1600,1200\" data-comments-opened=\"1\" data-image-meta=\"{&quot;aperture&quot;:&quot;4&quot;,&quot;credit&quot;:&quot;&quot;,&quot;camera&quot;:&quot;AGING CORP.&quot;,&quot;caption&quot;:&quot;Miguel Zen\\u00f3n Quartet (Jazzfest Berlin 2015). Foto: Petra Basche&quot;,&quot;created_timestamp&quot;:&quot;1446851324&quot;,&quot;copyright&quot;:&quot;&quot;,&quot;focal_length&quot;:&quot;56&quot;,&quot;iso&quot;:&quot;2500&quot;,&quot;shutter_speed&quot;:&quot;0.016666666666667&quot;,&quot;title&quot;:&quot;Miguel Zen\\u00f3n Quartet (Jazzfest Berlin 2015). Foto: Petra Basche&quot;,&quot;orientation&quot;:&quot;1&quot;}\" data-image-title=\"Miguel Zen\u00f3n Quartet (Jazzfest Berlin 2015). Foto: Petra Basche\" data-image-description=\"&lt;p&gt;Miguel Zen\u00f3n Quartet (Jazzfest Berlin 2015). Foto: Petra Basche&lt;\/p&gt; \" data-medium-file=\"https:\/\/i0.wp.com\/www.jazzzeitung.de\/cms\/wp-content\/uploads\/2015\/11\/jazzfest2015_pepa_zenon_035.jpg?fit=300%2C225&#038;ssl=1\" data-large-file=\"https:\/\/i0.wp.com\/www.jazzzeitung.de\/cms\/wp-content\/uploads\/2015\/11\/jazzfest2015_pepa_zenon_035.jpg?fit=800%2C600&#038;ssl=1\" src=\"https:\/\/i0.wp.com\/www.jazzzeitung.de\/cms\/wp-content\/uploads\/2015\/11\/jazzfest2015_pepa_zenon_035.jpg?w=254&#038;h=190&#038;ssl=1\" srcset=\"https:\/\/i0.wp.com\/www.jazzzeitung.de\/cms\/wp-content\/uploads\/2015\/11\/jazzfest2015_pepa_zenon_035.jpg?w=1600&amp;ssl=1 1600w, https:\/\/i0.wp.com\/www.jazzzeitung.de\/cms\/wp-content\/uploads\/2015\/11\/jazzfest2015_pepa_zenon_035.jpg?resize=300%2C225&amp;ssl=1 300w, https:\/\/i0.wp.com\/www.jazzzeitung.de\/cms\/wp-content\/uploads\/2015\/11\/jazzfest2015_pepa_zenon_035.jpg?resize=800%2C600&amp;ssl=1 800w, https:\/\/i0.wp.com\/www.jazzzeitung.de\/cms\/wp-content\/uploads\/2015\/11\/jazzfest2015_pepa_zenon_035.jpg?resize=900%2C675&amp;ssl=1 900w\" width=\"254\" height=\"190\" loading=\"lazy\" data-original-width=\"254\" data-original-height=\"190\" itemprop=\"http:\/\/schema.org\/image\" title=\"Miguel Zen\u00f3n Quartet (Jazzfest Berlin 2015). Foto: Petra Basche\" alt=\"Miguel Zen\u00f3n Quartet (Jazzfest Berlin 2015). Foto: Petra Basche\" style=\"width: 254px; height: 190px;\" \/> <\/a> <div class=\"tiled-gallery-caption\" itemprop=\"caption description\"> Miguel Zen\u00f3n Quartet (Jazzfest Berlin 2015). Foto: Petra Basche <\/div> <\/div> <\/div> <!-- close group --> <div class=\"gallery-group images-1\" style=\"width: 582px; height: 389px;\" data-original-width=\"582\" data-original-height=\"389\" > <div class=\"tiled-gallery-item tiled-gallery-item-large\" itemprop=\"associatedMedia\" itemscope itemtype=\"http:\/\/schema.org\/ImageObject\"> <a href=\"https:\/\/i0.wp.com\/www.jazzzeitung.de\/cms\/wp-content\/uploads\/2015\/11\/jazzfest2015_pepa_zenon_036.jpg?ssl=1\" border=\"0\" itemprop=\"url\"> <meta itemprop=\"width\" content=\"578\"> <meta itemprop=\"height\" content=\"385\"> <img decoding=\"async\" class=\"\" data-attachment-id=\"7617\" data-orig-file=\"https:\/\/www.jazzzeitung.de\/cms\/wp-content\/uploads\/2015\/11\/jazzfest2015_pepa_zenon_036.jpg\" data-orig-size=\"1800,1200\" data-comments-opened=\"1\" data-image-meta=\"{&quot;aperture&quot;:&quot;4&quot;,&quot;credit&quot;:&quot;&quot;,&quot;camera&quot;:&quot;AGING CORP.&quot;,&quot;caption&quot;:&quot;Miguel Zen\\u00f3n Quartet (Jazzfest Berlin 2015). Foto: Petra Basche&quot;,&quot;created_timestamp&quot;:&quot;1446851742&quot;,&quot;copyright&quot;:&quot;&quot;,&quot;focal_length&quot;:&quot;56&quot;,&quot;iso&quot;:&quot;2500&quot;,&quot;shutter_speed&quot;:&quot;0.016666666666667&quot;,&quot;title&quot;:&quot;Miguel Zen\\u00f3n Quartet (Jazzfest Berlin 2015). Foto: Petra Basche&quot;,&quot;orientation&quot;:&quot;1&quot;}\" data-image-title=\"Miguel Zen\u00f3n Quartet (Jazzfest Berlin 2015). Foto: Petra Basche\" data-image-description=\"&lt;p&gt;Miguel Zen\u00f3n Quartet (Jazzfest Berlin 2015). Foto: Petra Basche&lt;\/p&gt; \" data-medium-file=\"https:\/\/i0.wp.com\/www.jazzzeitung.de\/cms\/wp-content\/uploads\/2015\/11\/jazzfest2015_pepa_zenon_036.jpg?fit=300%2C200&#038;ssl=1\" data-large-file=\"https:\/\/i0.wp.com\/www.jazzzeitung.de\/cms\/wp-content\/uploads\/2015\/11\/jazzfest2015_pepa_zenon_036.jpg?fit=840%2C560&#038;ssl=1\" src=\"https:\/\/i0.wp.com\/www.jazzzeitung.de\/cms\/wp-content\/uploads\/2015\/11\/jazzfest2015_pepa_zenon_036.jpg?w=578&#038;h=385&#038;ssl=1\" srcset=\"https:\/\/i0.wp.com\/www.jazzzeitung.de\/cms\/wp-content\/uploads\/2015\/11\/jazzfest2015_pepa_zenon_036.jpg?w=1800&amp;ssl=1 1800w, https:\/\/i0.wp.com\/www.jazzzeitung.de\/cms\/wp-content\/uploads\/2015\/11\/jazzfest2015_pepa_zenon_036.jpg?resize=300%2C200&amp;ssl=1 300w, https:\/\/i0.wp.com\/www.jazzzeitung.de\/cms\/wp-content\/uploads\/2015\/11\/jazzfest2015_pepa_zenon_036.jpg?resize=900%2C600&amp;ssl=1 900w, https:\/\/i0.wp.com\/www.jazzzeitung.de\/cms\/wp-content\/uploads\/2015\/11\/jazzfest2015_pepa_zenon_036.jpg?w=1680&amp;ssl=1 1680w\" width=\"578\" height=\"385\" loading=\"lazy\" data-original-width=\"578\" data-original-height=\"385\" itemprop=\"http:\/\/schema.org\/image\" title=\"Miguel Zen\u00f3n Quartet (Jazzfest Berlin 2015). Foto: Petra Basche\" alt=\"Miguel Zen\u00f3n Quartet (Jazzfest Berlin 2015). Foto: Petra Basche\" style=\"width: 578px; height: 385px;\" \/> <\/a> <div class=\"tiled-gallery-caption\" itemprop=\"caption description\"> Miguel Zen\u00f3n Quartet (Jazzfest Berlin 2015). Foto: Petra Basche <\/div> <\/div> <\/div> <!-- close group --> <\/div> <!-- close row --> <div class=\"gallery-row\" style=\"width: 840px; height: 298px;\" data-original-width=\"840\" data-original-height=\"298\" > <div class=\"gallery-group images-1\" style=\"width: 444px; height: 298px;\" data-original-width=\"444\" data-original-height=\"298\" > <div class=\"tiled-gallery-item tiled-gallery-item-large\" itemprop=\"associatedMedia\" itemscope itemtype=\"http:\/\/schema.org\/ImageObject\"> <a href=\"https:\/\/i0.wp.com\/www.jazzzeitung.de\/cms\/wp-content\/uploads\/2015\/11\/jazzfest2015_pepa_zenon_038.jpg?ssl=1\" border=\"0\" itemprop=\"url\"> <meta itemprop=\"width\" content=\"440\"> <meta itemprop=\"height\" content=\"294\"> <img decoding=\"async\" class=\"\" data-attachment-id=\"7619\" data-orig-file=\"https:\/\/www.jazzzeitung.de\/cms\/wp-content\/uploads\/2015\/11\/jazzfest2015_pepa_zenon_038.jpg\" data-orig-size=\"1800,1200\" data-comments-opened=\"1\" data-image-meta=\"{&quot;aperture&quot;:&quot;4&quot;,&quot;credit&quot;:&quot;&quot;,&quot;camera&quot;:&quot;AGING CORP.&quot;,&quot;caption&quot;:&quot;Miguel Zen\\u00f3n Quartet (Jazzfest Berlin 2015). Foto: Petra Basche&quot;,&quot;created_timestamp&quot;:&quot;1446853289&quot;,&quot;copyright&quot;:&quot;&quot;,&quot;focal_length&quot;:&quot;200&quot;,&quot;iso&quot;:&quot;1600&quot;,&quot;shutter_speed&quot;:&quot;0.025&quot;,&quot;title&quot;:&quot;Miguel Zen\\u00f3n Quartet (Jazzfest Berlin 2015). Foto: Petra Basche&quot;,&quot;orientation&quot;:&quot;1&quot;}\" data-image-title=\"Miguel Zen\u00f3n Quartet (Jazzfest Berlin 2015). Foto: Petra Basche\" data-image-description=\"&lt;p&gt;Miguel Zen\u00f3n Quartet (Jazzfest Berlin 2015). Foto: Petra Basche&lt;\/p&gt; \" data-medium-file=\"https:\/\/i0.wp.com\/www.jazzzeitung.de\/cms\/wp-content\/uploads\/2015\/11\/jazzfest2015_pepa_zenon_038.jpg?fit=300%2C200&#038;ssl=1\" data-large-file=\"https:\/\/i0.wp.com\/www.jazzzeitung.de\/cms\/wp-content\/uploads\/2015\/11\/jazzfest2015_pepa_zenon_038.jpg?fit=840%2C560&#038;ssl=1\" src=\"https:\/\/i0.wp.com\/www.jazzzeitung.de\/cms\/wp-content\/uploads\/2015\/11\/jazzfest2015_pepa_zenon_038.jpg?w=440&#038;h=294&#038;ssl=1\" srcset=\"https:\/\/i0.wp.com\/www.jazzzeitung.de\/cms\/wp-content\/uploads\/2015\/11\/jazzfest2015_pepa_zenon_038.jpg?w=1800&amp;ssl=1 1800w, https:\/\/i0.wp.com\/www.jazzzeitung.de\/cms\/wp-content\/uploads\/2015\/11\/jazzfest2015_pepa_zenon_038.jpg?resize=300%2C200&amp;ssl=1 300w, https:\/\/i0.wp.com\/www.jazzzeitung.de\/cms\/wp-content\/uploads\/2015\/11\/jazzfest2015_pepa_zenon_038.jpg?resize=900%2C600&amp;ssl=1 900w, https:\/\/i0.wp.com\/www.jazzzeitung.de\/cms\/wp-content\/uploads\/2015\/11\/jazzfest2015_pepa_zenon_038.jpg?w=1680&amp;ssl=1 1680w\" width=\"440\" height=\"294\" loading=\"lazy\" data-original-width=\"440\" data-original-height=\"294\" itemprop=\"http:\/\/schema.org\/image\" title=\"Miguel Zen\u00f3n Quartet (Jazzfest Berlin 2015). Foto: Petra Basche\" alt=\"Miguel Zen\u00f3n Quartet (Jazzfest Berlin 2015). Foto: Petra Basche\" style=\"width: 440px; height: 294px;\" \/> <\/a> <div class=\"tiled-gallery-caption\" itemprop=\"caption description\"> Miguel Zen\u00f3n Quartet (Jazzfest Berlin 2015). Foto: Petra Basche <\/div> <\/div> <\/div> <!-- close group --> <div class=\"gallery-group images-1\" style=\"width: 396px; height: 298px;\" data-original-width=\"396\" data-original-height=\"298\" > <div class=\"tiled-gallery-item tiled-gallery-item-large\" itemprop=\"associatedMedia\" itemscope itemtype=\"http:\/\/schema.org\/ImageObject\"> <a href=\"https:\/\/i0.wp.com\/www.jazzzeitung.de\/cms\/wp-content\/uploads\/2015\/11\/jazzfest2015_pepa_zenon_039.jpg?ssl=1\" border=\"0\" itemprop=\"url\"> <meta itemprop=\"width\" content=\"392\"> <meta itemprop=\"height\" content=\"294\"> <img decoding=\"async\" class=\"\" data-attachment-id=\"7620\" data-orig-file=\"https:\/\/www.jazzzeitung.de\/cms\/wp-content\/uploads\/2015\/11\/jazzfest2015_pepa_zenon_039.jpg\" data-orig-size=\"1600,1200\" data-comments-opened=\"1\" data-image-meta=\"{&quot;aperture&quot;:&quot;4&quot;,&quot;credit&quot;:&quot;&quot;,&quot;camera&quot;:&quot;AGING CORP.&quot;,&quot;caption&quot;:&quot;Miguel Zen\\u00f3n Quartet (Jazzfest Berlin 2015). Foto: Petra Basche&quot;,&quot;created_timestamp&quot;:&quot;1446853399&quot;,&quot;copyright&quot;:&quot;&quot;,&quot;focal_length&quot;:&quot;100&quot;,&quot;iso&quot;:&quot;1600&quot;,&quot;shutter_speed&quot;:&quot;0.02&quot;,&quot;title&quot;:&quot;Miguel Zen\\u00f3n Quartet (Jazzfest Berlin 2015). Foto: Petra Basche&quot;,&quot;orientation&quot;:&quot;1&quot;}\" data-image-title=\"Miguel Zen\u00f3n Quartet (Jazzfest Berlin 2015). Foto: Petra Basche\" data-image-description=\"&lt;p&gt;Miguel Zen\u00f3n Quartet (Jazzfest Berlin 2015). Foto: Petra Basche&lt;\/p&gt; \" data-medium-file=\"https:\/\/i0.wp.com\/www.jazzzeitung.de\/cms\/wp-content\/uploads\/2015\/11\/jazzfest2015_pepa_zenon_039.jpg?fit=300%2C225&#038;ssl=1\" data-large-file=\"https:\/\/i0.wp.com\/www.jazzzeitung.de\/cms\/wp-content\/uploads\/2015\/11\/jazzfest2015_pepa_zenon_039.jpg?fit=800%2C600&#038;ssl=1\" src=\"https:\/\/i0.wp.com\/www.jazzzeitung.de\/cms\/wp-content\/uploads\/2015\/11\/jazzfest2015_pepa_zenon_039.jpg?w=392&#038;h=294&#038;ssl=1\" srcset=\"https:\/\/i0.wp.com\/www.jazzzeitung.de\/cms\/wp-content\/uploads\/2015\/11\/jazzfest2015_pepa_zenon_039.jpg?w=1600&amp;ssl=1 1600w, https:\/\/i0.wp.com\/www.jazzzeitung.de\/cms\/wp-content\/uploads\/2015\/11\/jazzfest2015_pepa_zenon_039.jpg?resize=300%2C225&amp;ssl=1 300w, https:\/\/i0.wp.com\/www.jazzzeitung.de\/cms\/wp-content\/uploads\/2015\/11\/jazzfest2015_pepa_zenon_039.jpg?resize=800%2C600&amp;ssl=1 800w, https:\/\/i0.wp.com\/www.jazzzeitung.de\/cms\/wp-content\/uploads\/2015\/11\/jazzfest2015_pepa_zenon_039.jpg?resize=900%2C675&amp;ssl=1 900w\" width=\"392\" height=\"294\" loading=\"lazy\" data-original-width=\"392\" data-original-height=\"294\" itemprop=\"http:\/\/schema.org\/image\" title=\"Miguel Zen\u00f3n Quartet (Jazzfest Berlin 2015). Foto: Petra Basche\" alt=\"Miguel Zen\u00f3n Quartet (Jazzfest Berlin 2015). Foto: Petra Basche\" style=\"width: 392px; height: 294px;\" \/> <\/a> <div class=\"tiled-gallery-caption\" itemprop=\"caption description\"> Miguel Zen\u00f3n Quartet (Jazzfest Berlin 2015). Foto: Petra Basche <\/div> <\/div> <\/div> <!-- close group --> <\/div> <!-- close row --> <div class=\"gallery-row\" style=\"width: 840px; height: 1256px;\" data-original-width=\"840\" data-original-height=\"1256\" > <div class=\"gallery-group images-1\" style=\"width: 840px; height: 1256px;\" data-original-width=\"840\" data-original-height=\"1256\" > <div class=\"tiled-gallery-item tiled-gallery-item-large\" itemprop=\"associatedMedia\" itemscope itemtype=\"http:\/\/schema.org\/ImageObject\"> <a href=\"https:\/\/i0.wp.com\/www.jazzzeitung.de\/cms\/wp-content\/uploads\/2015\/11\/jazzfest2015_pepa_zenon_042.jpg?ssl=1\" border=\"0\" itemprop=\"url\"> <meta itemprop=\"width\" content=\"836\"> <meta itemprop=\"height\" content=\"1252\"> <img decoding=\"async\" class=\"\" data-attachment-id=\"7623\" data-orig-file=\"https:\/\/www.jazzzeitung.de\/cms\/wp-content\/uploads\/2015\/11\/jazzfest2015_pepa_zenon_042.jpg\" data-orig-size=\"801,1200\" data-comments-opened=\"1\" data-image-meta=\"{&quot;aperture&quot;:&quot;0&quot;,&quot;credit&quot;:&quot;Petra_Basche&quot;,&quot;camera&quot;:&quot;CORPORATION&quot;,&quot;caption&quot;:&quot;Miguel Zen\\u00f3n Quartet (Jazzfest Berlin 2015). Foto: Petra Basche&quot;,&quot;created_timestamp&quot;:&quot;1446853786&quot;,&quot;copyright&quot;:&quot;HuPe-Kollektiv&quot;,&quot;focal_length&quot;:&quot;0.2&quot;,&quot;iso&quot;:&quot;2500&quot;,&quot;shutter_speed&quot;:&quot;0.020742358078603&quot;,&quot;title&quot;:&quot;Miguel Zen\\u00f3n Quartet (Jazzfest Berlin 2015). Foto: Petra Basche&quot;,&quot;orientation&quot;:&quot;1&quot;}\" data-image-title=\"Miguel Zen\u00f3n Quartet (Jazzfest Berlin 2015). Foto: Petra Basche\" data-image-description=\"&lt;p&gt;Miguel Zen\u00f3n Quartet (Jazzfest Berlin 2015). Foto: Petra Basche&lt;\/p&gt; \" data-medium-file=\"https:\/\/i0.wp.com\/www.jazzzeitung.de\/cms\/wp-content\/uploads\/2015\/11\/jazzfest2015_pepa_zenon_042.jpg?fit=200%2C300&#038;ssl=1\" data-large-file=\"https:\/\/i0.wp.com\/www.jazzzeitung.de\/cms\/wp-content\/uploads\/2015\/11\/jazzfest2015_pepa_zenon_042.jpg?fit=401%2C600&#038;ssl=1\" src=\"https:\/\/i0.wp.com\/www.jazzzeitung.de\/cms\/wp-content\/uploads\/2015\/11\/jazzfest2015_pepa_zenon_042.jpg?w=836&#038;h=1252&#038;ssl=1\" srcset=\"https:\/\/i0.wp.com\/www.jazzzeitung.de\/cms\/wp-content\/uploads\/2015\/11\/jazzfest2015_pepa_zenon_042.jpg?w=801&amp;ssl=1 801w, https:\/\/i0.wp.com\/www.jazzzeitung.de\/cms\/wp-content\/uploads\/2015\/11\/jazzfest2015_pepa_zenon_042.jpg?resize=200%2C300&amp;ssl=1 200w, https:\/\/i0.wp.com\/www.jazzzeitung.de\/cms\/wp-content\/uploads\/2015\/11\/jazzfest2015_pepa_zenon_042.jpg?resize=401%2C600&amp;ssl=1 401w\" width=\"836\" height=\"1252\" loading=\"lazy\" data-original-width=\"836\" data-original-height=\"1252\" itemprop=\"http:\/\/schema.org\/image\" title=\"Miguel Zen\u00f3n Quartet (Jazzfest Berlin 2015). Foto: Petra Basche\" alt=\"Miguel Zen\u00f3n Quartet (Jazzfest Berlin 2015). Foto: Petra Basche\" style=\"width: 836px; height: 1252px;\" \/> <\/a> <div class=\"tiled-gallery-caption\" itemprop=\"caption description\"> Miguel Zen\u00f3n Quartet (Jazzfest Berlin 2015). Foto: Petra Basche <\/div> <\/div> <\/div> <!-- close group --> <\/div> <!-- close row --> <\/div>\n<p>Genauso bei der Zugabe: Fluide wechselten die Pulse im Tempo. Es kam zu Effekten wie man sie in der optischen Wahrnehmung als Kippbilder kennt. Im eigenen resonierenden K\u00f6rper und r\u00e4sonnierendem Kopf hinkte man schnell hinter der Musik her, die dann, wenn man sich umgew\u00f6hnte, schon wieder einem anderen Puls folgte. Das war technisch einwandfrei gespielt. Aber nie hatte man so ganz das Gef\u00fchl, dass die Musiker wirklich dar\u00fcberstanden und \u00fcber diese M\u00f6glichkeiten frei verf\u00fcgten.<\/p>\n<h2>Resum\u00e9<\/h2>\n<p>Ein Doppel-Konzert, das statt des Funkenregens am <a href=\"http:\/\/www.jazzzeitung.de\/cms\/2015\/11\/jazzfest-berlin-2015-splitter-orchester-mclorin-salvant-und-vincent-peirani\/\">ersten Tag des Jazzfests Berlin 2015<\/a> mit kompositorischer Finesse ebenso erg\u00e4nzte, dabei aber nicht die gem\u00e4chliche Freude verspr\u00fchte. Dennoch, Respekt f\u00fcr die Idee des Festivalgestalters Richard Williams, dieser Farbe des Jazz am zweiten Tag einen Raum zu geben. Nur welche farbliche Syn\u00e4sthesie da in Frage k\u00e4me? Eher die Nichtfarben Schwarz (verrauscht) und Wei\u00df (mit Schmutzfasern).<\/p>\n","protected":false},"excerpt":{"rendered":"<p>Jetzt ist der zweite Tag des Berliner Jazzfestes auch schon rum. Und ist eigentlich schon jemand aufgefallen, dass noch kein Tenorsaxophonist die B\u00fchne betreten hat? Kommt morgen mit Charles Lloyd zu Ehren. Alle (?) warten gespannt. Gestern war, neben der Verleihung des Albert-Mangelsdorff-Preises an Achim Kaufmann am Nachmittag, auf der gro\u00dfen B\u00fchne die zweite Show des Jazzfests Berlin 2015 mit dem Keith Tippett Octet und mit dem Miguel Zen\u00f3n Quartet. Tippett, der eine lange musikalische Geschichte(n) mit sich mitschleppt hinter dem Kanal spielte auf vor dem jungen Altsaxophonisten von jenseits des Atlantiks. Der Abend war dabei mehr oder minder deutlich der Abstraktion und dem strukturellen rhythmischen, erz\u00e4hlenden Denken gewidmet und konnte Spuren von traditioneller Musik enthalten. Wer da allergisch drauf ist, geht jetzt auf eine andere Website. Lagerfeuer seziert: Das Keith Tippett Octet Unter dem Titel \u201eThe Nine Dances Of Patrick O\u2019Gonogon\u201c spannte Tippett am Klavier eine Suite auf, die auch traditionelle Musikinhalte miteinbezog (Schlussst\u00fcck \u201eThe Last Rose Of Summer\u201c zum Beispiel). Die Aufstellung war Struktur pur: Links die rhythm section \u2013 recht abgesetzt die Bl\u00e4ser (hinten zwei Posaunen, davon zwei Saxophone und Trompete, umgedrehte &hellip;<\/p>\n","protected":false},"author":2,"featured_media":0,"comment_status":"open","ping_status":"open","sticky":false,"template":"","format":"standard","meta":{"_jetpack_memberships_contains_paid_content":false,"footnotes":"","jetpack_publicize_message":"","jetpack_publicize_feature_enabled":true,"jetpack_social_post_already_shared":false,"jetpack_social_options":{"image_generator_settings":{"template":"highway","default_image_id":0,"font":"","enabled":false},"version":2}},"categories":[1053,82],"tags":[272,1214,1213,1215,1183],"coauthors":[680],"class_list":["post-7595","post","type-post","status-publish","format-standard","hentry","category-bericht","category-blog","tag-jazzfest-berlin","tag-jazzfest-berlin-2015","tag-keith-tippett","tag-miguel-zenon","tag-richard-williams"],"yoast_head":"<!-- This site is optimized with the Yoast SEO plugin v27.5 - https:\/\/yoast.com\/product\/yoast-seo-wordpress\/ -->\n<title>Jazzfest Berlin 2015 \u2013 Keith Tippett Octet und Miguel Zen\u00f3n Quartet - JazzZeitung<\/title>\n<meta name=\"robots\" content=\"index, follow, max-snippet:-1, max-image-preview:large, max-video-preview:-1\" \/>\n<link rel=\"canonical\" href=\"https:\/\/www.jazzzeitung.de\/cms\/2015\/11\/jazzfest-berlin-2015-keith-tippett-octet-und-miguel-zenon-quartet\/\" \/>\n<meta property=\"og:locale\" content=\"de_DE\" \/>\n<meta property=\"og:type\" content=\"article\" \/>\n<meta property=\"og:title\" content=\"Jazzfest Berlin 2015 \u2013 Keith Tippett Octet und Miguel Zen\u00f3n Quartet - JazzZeitung\" \/>\n<meta property=\"og:description\" content=\"Jetzt ist der zweite Tag des Berliner Jazzfestes auch schon rum. Und ist eigentlich schon jemand aufgefallen, dass noch kein Tenorsaxophonist die B\u00fchne betreten hat? Kommt morgen mit Charles Lloyd zu Ehren. Alle (?) warten gespannt. Gestern war, neben der Verleihung des Albert-Mangelsdorff-Preises an Achim Kaufmann am Nachmittag, auf der gro\u00dfen B\u00fchne die zweite Show des Jazzfests Berlin 2015 mit dem Keith Tippett Octet und mit dem Miguel Zen\u00f3n Quartet. Tippett, der eine lange musikalische Geschichte(n) mit sich mitschleppt hinter dem Kanal spielte auf vor dem jungen Altsaxophonisten von jenseits des Atlantiks. Der Abend war dabei mehr oder minder deutlich der Abstraktion und dem strukturellen rhythmischen, erz\u00e4hlenden Denken gewidmet und konnte Spuren von traditioneller Musik enthalten. Wer da allergisch drauf ist, geht jetzt auf eine andere Website. Lagerfeuer seziert: Das Keith Tippett Octet Unter dem Titel \u201eThe Nine Dances Of Patrick O\u2019Gonogon\u201c spannte Tippett am Klavier eine Suite auf, die auch traditionelle Musikinhalte miteinbezog (Schlussst\u00fcck \u201eThe Last Rose Of Summer\u201c zum Beispiel). Die Aufstellung war Struktur pur: Links die rhythm section \u2013 recht abgesetzt die Bl\u00e4ser (hinten zwei Posaunen, davon zwei Saxophone und Trompete, umgedrehte &hellip;\" \/>\n<meta property=\"og:url\" content=\"https:\/\/www.jazzzeitung.de\/cms\/2015\/11\/jazzfest-berlin-2015-keith-tippett-octet-und-miguel-zenon-quartet\/\" \/>\n<meta property=\"og:site_name\" content=\"JazzZeitung\" \/>\n<meta property=\"article:publisher\" content=\"https:\/\/www.facebook.com\/JazzZeitung\/\" \/>\n<meta property=\"article:author\" content=\"https:\/\/www.facebook.com\/hufner\" \/>\n<meta property=\"article:published_time\" content=\"2015-11-07T12:08:01+00:00\" \/>\n<meta property=\"og:image\" content=\"https:\/\/i0.wp.com\/www.jazzzeitung.de\/cms\/wp-content\/uploads\/2015\/11\/jazzfest2015_pepa_tippett002.jpg?w=346&#038;h=231&#038;ssl=1\" \/>\n<meta name=\"author\" content=\"Huflaikhan\" \/>\n<script type=\"application\/ld+json\" class=\"yoast-schema-graph\">{\"@context\":\"https:\\\/\\\/schema.org\",\"@graph\":[{\"@type\":\"Article\",\"@id\":\"https:\\\/\\\/www.jazzzeitung.de\\\/cms\\\/2015\\\/11\\\/jazzfest-berlin-2015-keith-tippett-octet-und-miguel-zenon-quartet\\\/#article\",\"isPartOf\":{\"@id\":\"https:\\\/\\\/www.jazzzeitung.de\\\/cms\\\/2015\\\/11\\\/jazzfest-berlin-2015-keith-tippett-octet-und-miguel-zenon-quartet\\\/\"},\"author\":{\"name\":\"Huflaikhan\",\"@id\":\"https:\\\/\\\/www.jazzzeitung.de\\\/cms\\\/#\\\/schema\\\/person\\\/1ba404714b9455401502bc409a7df45e\"},\"headline\":\"Jazzfest Berlin 2015 \u2013 Keith Tippett Octet und Miguel Zen\u00f3n Quartet\",\"datePublished\":\"2015-11-07T12:08:01+00:00\",\"mainEntityOfPage\":{\"@id\":\"https:\\\/\\\/www.jazzzeitung.de\\\/cms\\\/2015\\\/11\\\/jazzfest-berlin-2015-keith-tippett-octet-und-miguel-zenon-quartet\\\/\"},\"wordCount\":686,\"commentCount\":1,\"publisher\":{\"@id\":\"https:\\\/\\\/www.jazzzeitung.de\\\/cms\\\/#organization\"},\"keywords\":[\"Jazzfest Berlin\",\"Jazzfest Berlin 2015\",\"Keith Tippett\",\"Miguel Zen\u00f3n\",\"Richard Williams\"],\"articleSection\":[\"Bericht\",\"Blog\"],\"inLanguage\":\"de\",\"potentialAction\":[{\"@type\":\"CommentAction\",\"name\":\"Comment\",\"target\":[\"https:\\\/\\\/www.jazzzeitung.de\\\/cms\\\/2015\\\/11\\\/jazzfest-berlin-2015-keith-tippett-octet-und-miguel-zenon-quartet\\\/#respond\"]}]},{\"@type\":\"WebPage\",\"@id\":\"https:\\\/\\\/www.jazzzeitung.de\\\/cms\\\/2015\\\/11\\\/jazzfest-berlin-2015-keith-tippett-octet-und-miguel-zenon-quartet\\\/\",\"url\":\"https:\\\/\\\/www.jazzzeitung.de\\\/cms\\\/2015\\\/11\\\/jazzfest-berlin-2015-keith-tippett-octet-und-miguel-zenon-quartet\\\/\",\"name\":\"Jazzfest Berlin 2015 \u2013 Keith Tippett Octet und Miguel Zen\u00f3n Quartet - JazzZeitung\",\"isPartOf\":{\"@id\":\"https:\\\/\\\/www.jazzzeitung.de\\\/cms\\\/#website\"},\"datePublished\":\"2015-11-07T12:08:01+00:00\",\"breadcrumb\":{\"@id\":\"https:\\\/\\\/www.jazzzeitung.de\\\/cms\\\/2015\\\/11\\\/jazzfest-berlin-2015-keith-tippett-octet-und-miguel-zenon-quartet\\\/#breadcrumb\"},\"inLanguage\":\"de\",\"potentialAction\":[{\"@type\":\"ReadAction\",\"target\":[\"https:\\\/\\\/www.jazzzeitung.de\\\/cms\\\/2015\\\/11\\\/jazzfest-berlin-2015-keith-tippett-octet-und-miguel-zenon-quartet\\\/\"]}]},{\"@type\":\"BreadcrumbList\",\"@id\":\"https:\\\/\\\/www.jazzzeitung.de\\\/cms\\\/2015\\\/11\\\/jazzfest-berlin-2015-keith-tippett-octet-und-miguel-zenon-quartet\\\/#breadcrumb\",\"itemListElement\":[{\"@type\":\"ListItem\",\"position\":1,\"name\":\"Startseite\",\"item\":\"https:\\\/\\\/www.jazzzeitung.de\\\/cms\\\/\"},{\"@type\":\"ListItem\",\"position\":2,\"name\":\"Jazzfest Berlin 2015 \u2013 Keith Tippett Octet und Miguel Zen\u00f3n Quartet\"}]},{\"@type\":\"WebSite\",\"@id\":\"https:\\\/\\\/www.jazzzeitung.de\\\/cms\\\/#website\",\"url\":\"https:\\\/\\\/www.jazzzeitung.de\\\/cms\\\/\",\"name\":\"JazzZeitung\",\"description\":\"Jazz-News und Jazz-Kontroverses\",\"publisher\":{\"@id\":\"https:\\\/\\\/www.jazzzeitung.de\\\/cms\\\/#organization\"},\"potentialAction\":[{\"@type\":\"SearchAction\",\"target\":{\"@type\":\"EntryPoint\",\"urlTemplate\":\"https:\\\/\\\/www.jazzzeitung.de\\\/cms\\\/?s={search_term_string}\"},\"query-input\":{\"@type\":\"PropertyValueSpecification\",\"valueRequired\":true,\"valueName\":\"search_term_string\"}}],\"inLanguage\":\"de\"},{\"@type\":\"Organization\",\"@id\":\"https:\\\/\\\/www.jazzzeitung.de\\\/cms\\\/#organization\",\"name\":\"JazzZeitung online\",\"url\":\"https:\\\/\\\/www.jazzzeitung.de\\\/cms\\\/\",\"logo\":{\"@type\":\"ImageObject\",\"inLanguage\":\"de\",\"@id\":\"https:\\\/\\\/www.jazzzeitung.de\\\/cms\\\/#\\\/schema\\\/logo\\\/image\\\/\",\"url\":\"https:\\\/\\\/i0.wp.com\\\/www.jazzzeitung.de\\\/cms\\\/wp-content\\\/uploads\\\/2015\\\/08\\\/JAZZZEITUNGDE_Logo_Neu.png?fit=499%2C200&ssl=1\",\"contentUrl\":\"https:\\\/\\\/i0.wp.com\\\/www.jazzzeitung.de\\\/cms\\\/wp-content\\\/uploads\\\/2015\\\/08\\\/JAZZZEITUNGDE_Logo_Neu.png?fit=499%2C200&ssl=1\",\"width\":499,\"height\":200,\"caption\":\"JazzZeitung online\"},\"image\":{\"@id\":\"https:\\\/\\\/www.jazzzeitung.de\\\/cms\\\/#\\\/schema\\\/logo\\\/image\\\/\"},\"sameAs\":[\"https:\\\/\\\/www.facebook.com\\\/JazzZeitung\\\/\"]},{\"@type\":\"Person\",\"@id\":\"https:\\\/\\\/www.jazzzeitung.de\\\/cms\\\/#\\\/schema\\\/person\\\/1ba404714b9455401502bc409a7df45e\",\"name\":\"Huflaikhan\",\"image\":{\"@type\":\"ImageObject\",\"inLanguage\":\"de\",\"@id\":\"https:\\\/\\\/i0.wp.com\\\/www.jazzzeitung.de\\\/cms\\\/wp-content\\\/uploads\\\/2013\\\/11\\\/huf-06.jpg?resize=96%2C96&ssl=18afacd5aa7627f2840c013425f5a4164\",\"url\":\"https:\\\/\\\/i0.wp.com\\\/www.jazzzeitung.de\\\/cms\\\/wp-content\\\/uploads\\\/2013\\\/11\\\/huf-06.jpg?resize=96%2C96&ssl=1\",\"contentUrl\":\"https:\\\/\\\/i0.wp.com\\\/www.jazzzeitung.de\\\/cms\\\/wp-content\\\/uploads\\\/2013\\\/11\\\/huf-06.jpg?resize=96%2C96&ssl=1\",\"caption\":\"Huflaikhan\"},\"description\":\"Huflaikhan (aka Martin Hufner) hat Musikwissenschaft, Philosophie und Psychologie in Gie\u00dfen studiert und mit einer Arbeit \u00fcber Adorno und die Zw\u00f6lftontechnik promoviert. Seit 1995 ist er freiberuflich als Autor, Fotograf und Netzmacher unterwegs.\",\"sameAs\":[\"https:\\\/\\\/www.kritische-masse.de\\\/logbuch\",\"https:\\\/\\\/www.facebook.com\\\/hufner\"],\"url\":\"https:\\\/\\\/www.jazzzeitung.de\\\/cms\\\/author\\\/hufi\\\/\"}]}<\/script>\n<!-- \/ Yoast SEO plugin. -->","yoast_head_json":{"title":"Jazzfest Berlin 2015 \u2013 Keith Tippett Octet und Miguel Zen\u00f3n Quartet - JazzZeitung","robots":{"index":"index","follow":"follow","max-snippet":"max-snippet:-1","max-image-preview":"max-image-preview:large","max-video-preview":"max-video-preview:-1"},"canonical":"https:\/\/www.jazzzeitung.de\/cms\/2015\/11\/jazzfest-berlin-2015-keith-tippett-octet-und-miguel-zenon-quartet\/","og_locale":"de_DE","og_type":"article","og_title":"Jazzfest Berlin 2015 \u2013 Keith Tippett Octet und Miguel Zen\u00f3n Quartet - JazzZeitung","og_description":"Jetzt ist der zweite Tag des Berliner Jazzfestes auch schon rum. Und ist eigentlich schon jemand aufgefallen, dass noch kein Tenorsaxophonist die B\u00fchne betreten hat? Kommt morgen mit Charles Lloyd zu Ehren. Alle (?) warten gespannt. Gestern war, neben der Verleihung des Albert-Mangelsdorff-Preises an Achim Kaufmann am Nachmittag, auf der gro\u00dfen B\u00fchne die zweite Show des Jazzfests Berlin 2015 mit dem Keith Tippett Octet und mit dem Miguel Zen\u00f3n Quartet. Tippett, der eine lange musikalische Geschichte(n) mit sich mitschleppt hinter dem Kanal spielte auf vor dem jungen Altsaxophonisten von jenseits des Atlantiks. Der Abend war dabei mehr oder minder deutlich der Abstraktion und dem strukturellen rhythmischen, erz\u00e4hlenden Denken gewidmet und konnte Spuren von traditioneller Musik enthalten. Wer da allergisch drauf ist, geht jetzt auf eine andere Website. Lagerfeuer seziert: Das Keith Tippett Octet Unter dem Titel \u201eThe Nine Dances Of Patrick O\u2019Gonogon\u201c spannte Tippett am Klavier eine Suite auf, die auch traditionelle Musikinhalte miteinbezog (Schlussst\u00fcck \u201eThe Last Rose Of Summer\u201c zum Beispiel). Die Aufstellung war Struktur pur: Links die rhythm section \u2013 recht abgesetzt die Bl\u00e4ser (hinten zwei Posaunen, davon zwei Saxophone und Trompete, umgedrehte &hellip;","og_url":"https:\/\/www.jazzzeitung.de\/cms\/2015\/11\/jazzfest-berlin-2015-keith-tippett-octet-und-miguel-zenon-quartet\/","og_site_name":"JazzZeitung","article_publisher":"https:\/\/www.facebook.com\/JazzZeitung\/","article_author":"https:\/\/www.facebook.com\/hufner","article_published_time":"2015-11-07T12:08:01+00:00","og_image":[{"url":"https:\/\/i0.wp.com\/www.jazzzeitung.de\/cms\/wp-content\/uploads\/2015\/11\/jazzfest2015_pepa_tippett002.jpg?w=346&#038;h=231&#038;ssl=1","type":"","width":"","height":""}],"author":"Huflaikhan","schema":{"@context":"https:\/\/schema.org","@graph":[{"@type":"Article","@id":"https:\/\/www.jazzzeitung.de\/cms\/2015\/11\/jazzfest-berlin-2015-keith-tippett-octet-und-miguel-zenon-quartet\/#article","isPartOf":{"@id":"https:\/\/www.jazzzeitung.de\/cms\/2015\/11\/jazzfest-berlin-2015-keith-tippett-octet-und-miguel-zenon-quartet\/"},"author":{"name":"Huflaikhan","@id":"https:\/\/www.jazzzeitung.de\/cms\/#\/schema\/person\/1ba404714b9455401502bc409a7df45e"},"headline":"Jazzfest Berlin 2015 \u2013 Keith Tippett Octet und Miguel Zen\u00f3n Quartet","datePublished":"2015-11-07T12:08:01+00:00","mainEntityOfPage":{"@id":"https:\/\/www.jazzzeitung.de\/cms\/2015\/11\/jazzfest-berlin-2015-keith-tippett-octet-und-miguel-zenon-quartet\/"},"wordCount":686,"commentCount":1,"publisher":{"@id":"https:\/\/www.jazzzeitung.de\/cms\/#organization"},"keywords":["Jazzfest Berlin","Jazzfest Berlin 2015","Keith Tippett","Miguel Zen\u00f3n","Richard Williams"],"articleSection":["Bericht","Blog"],"inLanguage":"de","potentialAction":[{"@type":"CommentAction","name":"Comment","target":["https:\/\/www.jazzzeitung.de\/cms\/2015\/11\/jazzfest-berlin-2015-keith-tippett-octet-und-miguel-zenon-quartet\/#respond"]}]},{"@type":"WebPage","@id":"https:\/\/www.jazzzeitung.de\/cms\/2015\/11\/jazzfest-berlin-2015-keith-tippett-octet-und-miguel-zenon-quartet\/","url":"https:\/\/www.jazzzeitung.de\/cms\/2015\/11\/jazzfest-berlin-2015-keith-tippett-octet-und-miguel-zenon-quartet\/","name":"Jazzfest Berlin 2015 \u2013 Keith Tippett Octet und Miguel Zen\u00f3n Quartet - JazzZeitung","isPartOf":{"@id":"https:\/\/www.jazzzeitung.de\/cms\/#website"},"datePublished":"2015-11-07T12:08:01+00:00","breadcrumb":{"@id":"https:\/\/www.jazzzeitung.de\/cms\/2015\/11\/jazzfest-berlin-2015-keith-tippett-octet-und-miguel-zenon-quartet\/#breadcrumb"},"inLanguage":"de","potentialAction":[{"@type":"ReadAction","target":["https:\/\/www.jazzzeitung.de\/cms\/2015\/11\/jazzfest-berlin-2015-keith-tippett-octet-und-miguel-zenon-quartet\/"]}]},{"@type":"BreadcrumbList","@id":"https:\/\/www.jazzzeitung.de\/cms\/2015\/11\/jazzfest-berlin-2015-keith-tippett-octet-und-miguel-zenon-quartet\/#breadcrumb","itemListElement":[{"@type":"ListItem","position":1,"name":"Startseite","item":"https:\/\/www.jazzzeitung.de\/cms\/"},{"@type":"ListItem","position":2,"name":"Jazzfest Berlin 2015 \u2013 Keith Tippett Octet und Miguel Zen\u00f3n Quartet"}]},{"@type":"WebSite","@id":"https:\/\/www.jazzzeitung.de\/cms\/#website","url":"https:\/\/www.jazzzeitung.de\/cms\/","name":"JazzZeitung","description":"Jazz-News und Jazz-Kontroverses","publisher":{"@id":"https:\/\/www.jazzzeitung.de\/cms\/#organization"},"potentialAction":[{"@type":"SearchAction","target":{"@type":"EntryPoint","urlTemplate":"https:\/\/www.jazzzeitung.de\/cms\/?s={search_term_string}"},"query-input":{"@type":"PropertyValueSpecification","valueRequired":true,"valueName":"search_term_string"}}],"inLanguage":"de"},{"@type":"Organization","@id":"https:\/\/www.jazzzeitung.de\/cms\/#organization","name":"JazzZeitung online","url":"https:\/\/www.jazzzeitung.de\/cms\/","logo":{"@type":"ImageObject","inLanguage":"de","@id":"https:\/\/www.jazzzeitung.de\/cms\/#\/schema\/logo\/image\/","url":"https:\/\/i0.wp.com\/www.jazzzeitung.de\/cms\/wp-content\/uploads\/2015\/08\/JAZZZEITUNGDE_Logo_Neu.png?fit=499%2C200&ssl=1","contentUrl":"https:\/\/i0.wp.com\/www.jazzzeitung.de\/cms\/wp-content\/uploads\/2015\/08\/JAZZZEITUNGDE_Logo_Neu.png?fit=499%2C200&ssl=1","width":499,"height":200,"caption":"JazzZeitung online"},"image":{"@id":"https:\/\/www.jazzzeitung.de\/cms\/#\/schema\/logo\/image\/"},"sameAs":["https:\/\/www.facebook.com\/JazzZeitung\/"]},{"@type":"Person","@id":"https:\/\/www.jazzzeitung.de\/cms\/#\/schema\/person\/1ba404714b9455401502bc409a7df45e","name":"Huflaikhan","image":{"@type":"ImageObject","inLanguage":"de","@id":"https:\/\/i0.wp.com\/www.jazzzeitung.de\/cms\/wp-content\/uploads\/2013\/11\/huf-06.jpg?resize=96%2C96&ssl=18afacd5aa7627f2840c013425f5a4164","url":"https:\/\/i0.wp.com\/www.jazzzeitung.de\/cms\/wp-content\/uploads\/2013\/11\/huf-06.jpg?resize=96%2C96&ssl=1","contentUrl":"https:\/\/i0.wp.com\/www.jazzzeitung.de\/cms\/wp-content\/uploads\/2013\/11\/huf-06.jpg?resize=96%2C96&ssl=1","caption":"Huflaikhan"},"description":"Huflaikhan (aka Martin Hufner) hat Musikwissenschaft, Philosophie und Psychologie in Gie\u00dfen studiert und mit einer Arbeit \u00fcber Adorno und die Zw\u00f6lftontechnik promoviert. Seit 1995 ist er freiberuflich als Autor, Fotograf und Netzmacher unterwegs.","sameAs":["https:\/\/www.kritische-masse.de\/logbuch","https:\/\/www.facebook.com\/hufner"],"url":"https:\/\/www.jazzzeitung.de\/cms\/author\/hufi\/"}]}},"wp-worthy-pixel":{"ignored":false,"public":"9edca28a0f874e679b6f1f75cb31fda3","server":"vg05.met.vgwort.de","url":"https:\/\/vg05.met.vgwort.de\/na\/9edca28a0f874e679b6f1f75cb31fda3"},"wp-worthy-type":"normal","jetpack_publicize_connections":[],"cc_featured_image_caption":{"caption_text":false,"source_text":false,"source_url":false},"jetpack_featured_media_url":"","jetpack_shortlink":"https:\/\/wp.me\/p3KEcT-1Yv","jetpack-related-posts":[{"id":6536,"url":"https:\/\/www.jazzzeitung.de\/cms\/2015\/07\/jazzfest-berlin-2015-neue-leitung-sportliches-programm\/","url_meta":{"origin":7595,"position":0},"title":"Jazzfest Berlin 2015: Neue Leitung, sportliches Programm","author":"Martin Hufner","date":"9. Juli 2015","format":false,"excerpt":"Seit letztem Jahr war bekannt, dass das JazzFest Berlin unter einer neuen Leitung steht und eine unbestimmte Ungewissheit ging damit einher. Was wird passieren? Der englische Journalist Richard Williams folgt auf Bert Noglik, der in den letzten Jahren f\u00fcr das Programm die Verantwortung trug und es gut gemacht hat. Mit\u2026","rel":"","context":"In &quot;Redaktionelle Nachrichten&quot;","block_context":{"text":"Redaktionelle Nachrichten","link":"https:\/\/www.jazzzeitung.de\/cms\/thema\/redaktion\/"},"img":{"alt_text":"Richard Williams beantwortet Fragen. Foto: Petra Basche (HuPe-kollektiv)","src":"https:\/\/i0.wp.com\/www.jazzzeitung.de\/cms\/wp-content\/uploads\/2015\/07\/Pressekonferenz_Jazzfest_Berlin_2015williams_c_basche-800x600.jpg?resize=350%2C200","width":350,"height":200,"srcset":"https:\/\/i0.wp.com\/www.jazzzeitung.de\/cms\/wp-content\/uploads\/2015\/07\/Pressekonferenz_Jazzfest_Berlin_2015williams_c_basche-800x600.jpg?resize=350%2C200 1x, https:\/\/i0.wp.com\/www.jazzzeitung.de\/cms\/wp-content\/uploads\/2015\/07\/Pressekonferenz_Jazzfest_Berlin_2015williams_c_basche-800x600.jpg?resize=525%2C300 1.5x"},"classes":[]},{"id":7191,"url":"https:\/\/www.jazzzeitung.de\/cms\/2015\/09\/jazzfest-berlin-2015-berliner-festspiele-veroeffentlichen-programm-kartenverlosung\/","url_meta":{"origin":7595,"position":1},"title":"Jazzfest Berlin 2015: Berliner Festspiele ver\u00f6ffentlichen Programm, Kartenverlosung","author":"Redaktion JazzZeitung","date":"25. September 2015","format":false,"excerpt":"Das Jazzfest Berlin 2015\u00a0pr\u00e4sentiert mit dem neuen k\u00fcnstlerischen Leiter Richard Williams vom\u00a05. bis 8. November\u00a0\u00fcber 120\u00a0Musiker\/-innen aus 5\u00a0Kontinenten. Das Festivalprogramm ist jetzt online und der Kartenvorverkauf startet. Wir verlosen in Kooperation mit dem Jazzfest 2x2 Karten f\u00fcr Freitag, den 06.11.15, 20:00 Uhr, Haus der Berliner Festspiele \u2013 Gro\u00dfe B\u00fchne -\u2026","rel":"","context":"In &quot;Redaktionelle Nachrichten&quot;","block_context":{"text":"Redaktionelle Nachrichten","link":"https:\/\/www.jazzzeitung.de\/cms\/thema\/redaktion\/"},"img":{"alt_text":"Foto: Jirka Jansch","src":"https:\/\/i0.wp.com\/www.jazzzeitung.de\/cms\/wp-content\/uploads\/2015\/09\/Richard_Williams_c_Jirka_Jansch_01-150x150.jpg?resize=350%2C200","width":350,"height":200},"classes":[]},{"id":7627,"url":"https:\/\/www.jazzzeitung.de\/cms\/2015\/11\/jazzfest-berlin-2015-tigran-hamasyan-trio-charles-lloyd\/","url_meta":{"origin":7595,"position":2},"title":"Jazzfest Berlin 2015 \u2013 Tigran Hamasyan Trio, Charles Lloyd","author":"Huflaikhan","date":"8. November 2015","format":false,"excerpt":"Nach dem spr\u00f6d-abstrakten Konzert am Freitag, folgte irgendwie genau das gleiche Konzert, nur ganz anders: Tief ges\u00e4ttigt bis hinter die Ohrl\u00e4ppchen. Das Tigran Hamasyan Trio und Charles Lloyd mit seinem \u201eWild Man Dance Project\u201c enterten die B\u00fchne des Hauses der Berliner Festspiele. Das Auditorium war restlos gef\u00fcllt, der Samstag ist\u2026","rel":"","context":"In &quot;Bericht&quot;","block_context":{"text":"Bericht","link":"https:\/\/www.jazzzeitung.de\/cms\/thema\/bericht\/"},"img":{"alt_text":"Tigran Hamasyan Trio (Jazzfest Berlin 2015). Foto: Petra Basche","src":"https:\/\/i0.wp.com\/www.jazzzeitung.de\/cms\/wp-content\/uploads\/2015\/11\/jazzfest2015_pepa_hamasyan_074.jpg?resize=350%2C200","width":350,"height":200,"srcset":"https:\/\/i0.wp.com\/www.jazzzeitung.de\/cms\/wp-content\/uploads\/2015\/11\/jazzfest2015_pepa_hamasyan_074.jpg?resize=350%2C200 1x, https:\/\/i0.wp.com\/www.jazzzeitung.de\/cms\/wp-content\/uploads\/2015\/11\/jazzfest2015_pepa_hamasyan_074.jpg?resize=525%2C300 1.5x, https:\/\/i0.wp.com\/www.jazzzeitung.de\/cms\/wp-content\/uploads\/2015\/11\/jazzfest2015_pepa_hamasyan_074.jpg?resize=700%2C400 2x, https:\/\/i0.wp.com\/www.jazzzeitung.de\/cms\/wp-content\/uploads\/2015\/11\/jazzfest2015_pepa_hamasyan_074.jpg?resize=1050%2C600 3x, https:\/\/i0.wp.com\/www.jazzzeitung.de\/cms\/wp-content\/uploads\/2015\/11\/jazzfest2015_pepa_hamasyan_074.jpg?resize=1400%2C800 4x"},"classes":[]},{"id":6963,"url":"https:\/\/www.jazzzeitung.de\/cms\/2015\/10\/jazz-im-radio\/","url_meta":{"origin":7595,"position":3},"title":"Jazz im Radio","author":"Redaktion JazzZeitung","date":"10. Oktober 2015","format":false,"excerpt":"Die Herbstmonate sind Hochsaison, was Live-Acts angeht. Wer dennoch nicht sein Zuhause verlassen will \u2013 denn mit dem Verlassen der eigenen vier W\u00e4nde beginnt ja bekanntlich das gesamte Ungl\u00fcck der Menschheit, f\u00fcr den hat die Jazzzeitung.de -Redaktion ein paar Radio-Empfehlungen ausgesucht. \u00a0 hr2 Live-Jazz SA. 24.1 OKT\/19.05-20.00h HENRY THREADGILL SEXTET\u2026","rel":"","context":"In &quot;News&quot;","block_context":{"text":"News","link":"https:\/\/www.jazzzeitung.de\/cms\/thema\/nachrichten\/"},"img":{"alt_text":"hr-Bigband. Foto: Band","src":"https:\/\/i0.wp.com\/www.jazzzeitung.de\/cms\/wp-content\/uploads\/2015\/10\/hr-Bigband.-Foto-150x150.jpg?resize=350%2C200","width":350,"height":200},"classes":[]},{"id":10853,"url":"https:\/\/www.jazzzeitung.de\/cms\/2016\/11\/jazzfest-berlin-2016-4-fegefeuer-turbine-und-dasder-rauschende\/","url_meta":{"origin":7595,"position":4},"title":"Jazzfest Berlin 2016 (4) \u2013 Fegefeuer, Turbine und das\/der Rauschende","author":"Huflaikhan","date":"7. November 2016","format":false,"excerpt":"Bisher war das Jazzfest Berlin 2016 eher \u201enaja\u201c. Der letzte Abend brachte die Wendung, es war Stimmung im Saal, es wurde auch mal gebuht. Irgendwer im Publikum durfte lautstark behaupten: \u201eDas ist doch kein Jazz\u201c. Emotionen! Die Antwort darauf kann nur lauten: Wenn man Jazz nur an den Namen, nicht\u2026","rel":"","context":"In &quot;Bericht&quot;","block_context":{"text":"Bericht","link":"https:\/\/www.jazzzeitung.de\/cms\/thema\/bericht\/"},"img":{"alt_text":"Eve Risser\u2019s White Desert Orchestra @ Jazzfest Berlin. Foto: Petra Basche","src":"https:\/\/i0.wp.com\/www.jazzzeitung.de\/cms\/wp-content\/uploads\/2016\/11\/2016_11_06_Eve_Risser_JazzFestBerlin_2016_Petra_Basche_HuPe-Kollektiv0025.jpg?fit=1200%2C801&ssl=1&resize=350%2C200","width":350,"height":200,"srcset":"https:\/\/i0.wp.com\/www.jazzzeitung.de\/cms\/wp-content\/uploads\/2016\/11\/2016_11_06_Eve_Risser_JazzFestBerlin_2016_Petra_Basche_HuPe-Kollektiv0025.jpg?fit=1200%2C801&ssl=1&resize=350%2C200 1x, https:\/\/i0.wp.com\/www.jazzzeitung.de\/cms\/wp-content\/uploads\/2016\/11\/2016_11_06_Eve_Risser_JazzFestBerlin_2016_Petra_Basche_HuPe-Kollektiv0025.jpg?fit=1200%2C801&ssl=1&resize=525%2C300 1.5x, https:\/\/i0.wp.com\/www.jazzzeitung.de\/cms\/wp-content\/uploads\/2016\/11\/2016_11_06_Eve_Risser_JazzFestBerlin_2016_Petra_Basche_HuPe-Kollektiv0025.jpg?fit=1200%2C801&ssl=1&resize=700%2C400 2x, https:\/\/i0.wp.com\/www.jazzzeitung.de\/cms\/wp-content\/uploads\/2016\/11\/2016_11_06_Eve_Risser_JazzFestBerlin_2016_Petra_Basche_HuPe-Kollektiv0025.jpg?fit=1200%2C801&ssl=1&resize=1050%2C600 3x"},"classes":[]},{"id":17744,"url":"https:\/\/www.jazzzeitung.de\/cms\/2018\/11\/jazzfest-berlin-2018-tag-4-mary-halvorson-octet-bill-frisell\/","url_meta":{"origin":7595,"position":5},"title":"Jazzfest Berlin 2018 | Tag 4 | Mary Halvorson Octet \/ Bill Frisell","author":"Redaktion JazzZeitung","date":"5. November 2018","format":false,"excerpt":"Der letzte Abend auf der \u201eGro\u00dfen B\u00fchne\u201c des Hauses der Berliner Festspiele. Das HuPe-kollektiv (nicht der Autor der Blogtexte!) hat das in Fotos gebannt gesammelt, so wie auch schon an den anderen drei Tagen. Auf der B\u00fchne standen Bill Frisell und das Mary Halvorson Octet (Bericht folgt). An dieser Stelle\u2026","rel":"","context":"In &quot;Galerie&quot;","block_context":{"text":"Galerie","link":"https:\/\/www.jazzzeitung.de\/cms\/thema\/galerie\/"},"img":{"alt_text":"Bill Frisell (USA) \u2013 Music is | \u00a9 HuPe-kollektiv","src":"https:\/\/i0.wp.com\/www.jazzzeitung.de\/cms\/wp-content\/uploads\/2018\/11\/Jazzfest-Berlin-2018-Frisell20180001-11.jpg?fit=800%2C1200&ssl=1&resize=350%2C200","width":350,"height":200,"srcset":"https:\/\/i0.wp.com\/www.jazzzeitung.de\/cms\/wp-content\/uploads\/2018\/11\/Jazzfest-Berlin-2018-Frisell20180001-11.jpg?fit=800%2C1200&ssl=1&resize=350%2C200 1x, https:\/\/i0.wp.com\/www.jazzzeitung.de\/cms\/wp-content\/uploads\/2018\/11\/Jazzfest-Berlin-2018-Frisell20180001-11.jpg?fit=800%2C1200&ssl=1&resize=525%2C300 1.5x, https:\/\/i0.wp.com\/www.jazzzeitung.de\/cms\/wp-content\/uploads\/2018\/11\/Jazzfest-Berlin-2018-Frisell20180001-11.jpg?fit=800%2C1200&ssl=1&resize=700%2C400 2x"},"classes":[]}],"jetpack_sharing_enabled":true,"_links":{"self":[{"href":"https:\/\/www.jazzzeitung.de\/cms\/wp-json\/wp\/v2\/posts\/7595","targetHints":{"allow":["GET"]}}],"collection":[{"href":"https:\/\/www.jazzzeitung.de\/cms\/wp-json\/wp\/v2\/posts"}],"about":[{"href":"https:\/\/www.jazzzeitung.de\/cms\/wp-json\/wp\/v2\/types\/post"}],"author":[{"embeddable":true,"href":"https:\/\/www.jazzzeitung.de\/cms\/wp-json\/wp\/v2\/users\/2"}],"replies":[{"embeddable":true,"href":"https:\/\/www.jazzzeitung.de\/cms\/wp-json\/wp\/v2\/comments?post=7595"}],"version-history":[{"count":8,"href":"https:\/\/www.jazzzeitung.de\/cms\/wp-json\/wp\/v2\/posts\/7595\/revisions"}],"predecessor-version":[{"id":7597,"href":"https:\/\/www.jazzzeitung.de\/cms\/wp-json\/wp\/v2\/posts\/7595\/revisions\/7597"}],"wp:attachment":[{"href":"https:\/\/www.jazzzeitung.de\/cms\/wp-json\/wp\/v2\/media?parent=7595"}],"wp:term":[{"taxonomy":"category","embeddable":true,"href":"https:\/\/www.jazzzeitung.de\/cms\/wp-json\/wp\/v2\/categories?post=7595"},{"taxonomy":"post_tag","embeddable":true,"href":"https:\/\/www.jazzzeitung.de\/cms\/wp-json\/wp\/v2\/tags?post=7595"},{"taxonomy":"author","embeddable":true,"href":"https:\/\/www.jazzzeitung.de\/cms\/wp-json\/wp\/v2\/coauthors?post=7595"}],"curies":[{"name":"wp","href":"https:\/\/api.w.org\/{rel}","templated":true}]}}