{"id":7520,"date":"2015-11-02T13:17:36","date_gmt":"2015-11-02T12:17:36","guid":{"rendered":"http:\/\/www.jazzzeitung.de\/cms\/?p=7520"},"modified":"2015-11-02T12:46:08","modified_gmt":"2015-11-02T11:46:08","slug":"kenny-garrett-rules-ottobrunn","status":"publish","type":"post","link":"https:\/\/www.jazzzeitung.de\/cms\/2015\/11\/kenny-garrett-rules-ottobrunn\/","title":{"rendered":"Kenny Garrett \u201erules\u201c Ottobrunn!"},"content":{"rendered":"<div class=\"tiled-gallery type-rectangular tiled-gallery-unresized\" data-original-width=\"840\" data-carousel-extra='{&quot;blog_id&quot;:1,&quot;permalink&quot;:&quot;https:\\\/\\\/www.jazzzeitung.de\\\/cms\\\/2015\\\/11\\\/kenny-garrett-rules-ottobrunn\\\/&quot;,&quot;likes_blog_id&quot;:55446655}' itemscope itemtype=\"http:\/\/schema.org\/ImageGallery\" > <div class=\"gallery-row\" style=\"width: 840px; height: 593px;\" data-original-width=\"840\" data-original-height=\"593\" > <div class=\"gallery-group images-2\" style=\"width: 443px; height: 593px;\" data-original-width=\"443\" data-original-height=\"593\" > <div class=\"tiled-gallery-item tiled-gallery-item-large\" itemprop=\"associatedMedia\" itemscope itemtype=\"http:\/\/schema.org\/ImageObject\"> <a href=\"https:\/\/www.jazzzeitung.de\/cms\/2015\/11\/kenny-garrett-rules-ottobrunn\/p1610527-kenny-garrett-qunitett-foto-tj-krebs-jazzphotoagency\/\" border=\"0\" itemprop=\"url\"> <meta itemprop=\"width\" content=\"439\"> <meta itemprop=\"height\" content=\"292\"> <img decoding=\"async\" class=\"\" data-attachment-id=\"7523\" data-orig-file=\"https:\/\/www.jazzzeitung.de\/cms\/wp-content\/uploads\/2015\/11\/P1610527-Kenny-Garrett-Qunitett-Foto-TJ-Krebs-jazzphotoagency.jpg\" data-orig-size=\"4608,3072\" data-comments-opened=\"1\" data-image-meta=\"{&quot;aperture&quot;:&quot;0&quot;,&quot;credit&quot;:&quot;&quot;,&quot;camera&quot;:&quot;&quot;,&quot;caption&quot;:&quot;&quot;,&quot;created_timestamp&quot;:&quot;0&quot;,&quot;copyright&quot;:&quot;&quot;,&quot;focal_length&quot;:&quot;0&quot;,&quot;iso&quot;:&quot;0&quot;,&quot;shutter_speed&quot;:&quot;0&quot;,&quot;title&quot;:&quot;&quot;,&quot;orientation&quot;:&quot;0&quot;}\" data-image-title=\"P1610527 Kenny Garrett Qunitett &amp;#8211; Foto TJ Krebs jazzphotoagency\" data-image-description=\"\" data-medium-file=\"https:\/\/i0.wp.com\/www.jazzzeitung.de\/cms\/wp-content\/uploads\/2015\/11\/P1610527-Kenny-Garrett-Qunitett-Foto-TJ-Krebs-jazzphotoagency.jpg?fit=300%2C200&#038;ssl=1\" data-large-file=\"https:\/\/i0.wp.com\/www.jazzzeitung.de\/cms\/wp-content\/uploads\/2015\/11\/P1610527-Kenny-Garrett-Qunitett-Foto-TJ-Krebs-jazzphotoagency.jpg?fit=840%2C560&#038;ssl=1\" src=\"https:\/\/i0.wp.com\/www.jazzzeitung.de\/cms\/wp-content\/uploads\/2015\/11\/P1610527-Kenny-Garrett-Qunitett-Foto-TJ-Krebs-jazzphotoagency.jpg?w=439&#038;h=292&#038;ssl=1\" srcset=\"https:\/\/i0.wp.com\/www.jazzzeitung.de\/cms\/wp-content\/uploads\/2015\/11\/P1610527-Kenny-Garrett-Qunitett-Foto-TJ-Krebs-jazzphotoagency.jpg?w=4608&amp;ssl=1 4608w, https:\/\/i0.wp.com\/www.jazzzeitung.de\/cms\/wp-content\/uploads\/2015\/11\/P1610527-Kenny-Garrett-Qunitett-Foto-TJ-Krebs-jazzphotoagency.jpg?resize=300%2C200&amp;ssl=1 300w, https:\/\/i0.wp.com\/www.jazzzeitung.de\/cms\/wp-content\/uploads\/2015\/11\/P1610527-Kenny-Garrett-Qunitett-Foto-TJ-Krebs-jazzphotoagency.jpg?resize=900%2C600&amp;ssl=1 900w, https:\/\/i0.wp.com\/www.jazzzeitung.de\/cms\/wp-content\/uploads\/2015\/11\/P1610527-Kenny-Garrett-Qunitett-Foto-TJ-Krebs-jazzphotoagency.jpg?w=1680&amp;ssl=1 1680w, https:\/\/i0.wp.com\/www.jazzzeitung.de\/cms\/wp-content\/uploads\/2015\/11\/P1610527-Kenny-Garrett-Qunitett-Foto-TJ-Krebs-jazzphotoagency.jpg?w=2520&amp;ssl=1 2520w\" width=\"439\" height=\"292\" loading=\"lazy\" data-original-width=\"439\" data-original-height=\"292\" itemprop=\"http:\/\/schema.org\/image\" title=\"P1610527 Kenny Garrett Qunitett - Foto TJ Krebs jazzphotoagency\" alt=\"Kenny Garrett Quintett im Wolf-Ferrari-Haus in Ottobrunn, Oktober 2015. Alle Fotos Thomas J. Krebs\" style=\"width: 439px; height: 292px;\" \/> <\/a> <div class=\"tiled-gallery-caption\" itemprop=\"caption description\"> Kenny Garrett Quintett im Wolf-Ferrari-Haus in Ottobrunn, Oktober 2015. Alle Fotos Thomas J. Krebs <\/div> <\/div> <div class=\"tiled-gallery-item tiled-gallery-item-large\" itemprop=\"associatedMedia\" itemscope itemtype=\"http:\/\/schema.org\/ImageObject\"> <a href=\"https:\/\/www.jazzzeitung.de\/cms\/2015\/11\/kenny-garrett-rules-ottobrunn\/p1100263-kenny-garrett-foto-tj-krebs-jazzphotoagency\/\" border=\"0\" itemprop=\"url\"> <meta itemprop=\"width\" content=\"439\"> <meta itemprop=\"height\" content=\"293\"> <img decoding=\"async\" class=\"\" data-attachment-id=\"7524\" data-orig-file=\"https:\/\/www.jazzzeitung.de\/cms\/wp-content\/uploads\/2015\/11\/P1100263-Kenny-Garrett-Foto-TJ-Krebs-jazzphotoagency.jpg\" data-orig-size=\"4592,3064\" data-comments-opened=\"1\" data-image-meta=\"{&quot;aperture&quot;:&quot;0&quot;,&quot;credit&quot;:&quot;&quot;,&quot;camera&quot;:&quot;&quot;,&quot;caption&quot;:&quot;&quot;,&quot;created_timestamp&quot;:&quot;0&quot;,&quot;copyright&quot;:&quot;&quot;,&quot;focal_length&quot;:&quot;0&quot;,&quot;iso&quot;:&quot;0&quot;,&quot;shutter_speed&quot;:&quot;0&quot;,&quot;title&quot;:&quot;&quot;,&quot;orientation&quot;:&quot;0&quot;}\" data-image-title=\"P1100263 Kenny Garrett &amp;#8211; Foto TJ Krebs jazzphotoagency\" data-image-description=\"\" data-medium-file=\"https:\/\/i0.wp.com\/www.jazzzeitung.de\/cms\/wp-content\/uploads\/2015\/11\/P1100263-Kenny-Garrett-Foto-TJ-Krebs-jazzphotoagency.jpg?fit=300%2C200&#038;ssl=1\" data-large-file=\"https:\/\/i0.wp.com\/www.jazzzeitung.de\/cms\/wp-content\/uploads\/2015\/11\/P1100263-Kenny-Garrett-Foto-TJ-Krebs-jazzphotoagency.jpg?fit=840%2C560&#038;ssl=1\" src=\"https:\/\/i0.wp.com\/www.jazzzeitung.de\/cms\/wp-content\/uploads\/2015\/11\/P1100263-Kenny-Garrett-Foto-TJ-Krebs-jazzphotoagency.jpg?w=439&#038;h=293&#038;ssl=1\" srcset=\"https:\/\/i0.wp.com\/www.jazzzeitung.de\/cms\/wp-content\/uploads\/2015\/11\/P1100263-Kenny-Garrett-Foto-TJ-Krebs-jazzphotoagency.jpg?w=4592&amp;ssl=1 4592w, https:\/\/i0.wp.com\/www.jazzzeitung.de\/cms\/wp-content\/uploads\/2015\/11\/P1100263-Kenny-Garrett-Foto-TJ-Krebs-jazzphotoagency.jpg?resize=300%2C200&amp;ssl=1 300w, https:\/\/i0.wp.com\/www.jazzzeitung.de\/cms\/wp-content\/uploads\/2015\/11\/P1100263-Kenny-Garrett-Foto-TJ-Krebs-jazzphotoagency.jpg?resize=900%2C601&amp;ssl=1 900w, https:\/\/i0.wp.com\/www.jazzzeitung.de\/cms\/wp-content\/uploads\/2015\/11\/P1100263-Kenny-Garrett-Foto-TJ-Krebs-jazzphotoagency.jpg?w=1680&amp;ssl=1 1680w, https:\/\/i0.wp.com\/www.jazzzeitung.de\/cms\/wp-content\/uploads\/2015\/11\/P1100263-Kenny-Garrett-Foto-TJ-Krebs-jazzphotoagency.jpg?w=2520&amp;ssl=1 2520w\" width=\"439\" height=\"293\" loading=\"lazy\" data-original-width=\"439\" data-original-height=\"293\" itemprop=\"http:\/\/schema.org\/image\" title=\"P1100263 Kenny Garrett - Foto TJ Krebs jazzphotoagency\" alt=\"Kenny Garrett\" style=\"width: 439px; height: 293px;\" \/> <\/a> <div class=\"tiled-gallery-caption\" itemprop=\"caption description\"> Kenny Garrett <\/div> <\/div> <\/div> <!-- close group --> <div class=\"gallery-group images-1\" style=\"width: 397px; height: 593px;\" data-original-width=\"397\" data-original-height=\"593\" > <div class=\"tiled-gallery-item tiled-gallery-item-large\" itemprop=\"associatedMedia\" itemscope itemtype=\"http:\/\/schema.org\/ImageObject\"> <a href=\"https:\/\/www.jazzzeitung.de\/cms\/2015\/11\/kenny-garrett-rules-ottobrunn\/p1100318-corcoran-holt-foto-tj-krebs-jazzphotoagency\/\" border=\"0\" itemprop=\"url\"> <meta itemprop=\"width\" content=\"393\"> <meta itemprop=\"height\" content=\"589\"> <img decoding=\"async\" class=\"\" data-attachment-id=\"7525\" data-orig-file=\"https:\/\/www.jazzzeitung.de\/cms\/wp-content\/uploads\/2015\/11\/P1100318-Corcoran-Holt-Foto-TJ-Krebs-jazzphotoagency.jpg\" data-orig-size=\"2910,4362\" data-comments-opened=\"1\" data-image-meta=\"{&quot;aperture&quot;:&quot;0&quot;,&quot;credit&quot;:&quot;&quot;,&quot;camera&quot;:&quot;&quot;,&quot;caption&quot;:&quot;&quot;,&quot;created_timestamp&quot;:&quot;0&quot;,&quot;copyright&quot;:&quot;&quot;,&quot;focal_length&quot;:&quot;0&quot;,&quot;iso&quot;:&quot;0&quot;,&quot;shutter_speed&quot;:&quot;0&quot;,&quot;title&quot;:&quot;&quot;,&quot;orientation&quot;:&quot;0&quot;}\" data-image-title=\"P1100318 Corcoran Holt &amp;#8211; Foto TJ Krebs jazzphotoagency\" data-image-description=\"\" data-medium-file=\"https:\/\/i0.wp.com\/www.jazzzeitung.de\/cms\/wp-content\/uploads\/2015\/11\/P1100318-Corcoran-Holt-Foto-TJ-Krebs-jazzphotoagency.jpg?fit=200%2C300&#038;ssl=1\" data-large-file=\"https:\/\/i0.wp.com\/www.jazzzeitung.de\/cms\/wp-content\/uploads\/2015\/11\/P1100318-Corcoran-Holt-Foto-TJ-Krebs-jazzphotoagency.jpg?fit=400%2C600&#038;ssl=1\" src=\"https:\/\/i0.wp.com\/www.jazzzeitung.de\/cms\/wp-content\/uploads\/2015\/11\/P1100318-Corcoran-Holt-Foto-TJ-Krebs-jazzphotoagency.jpg?w=393&#038;h=589&#038;ssl=1\" srcset=\"https:\/\/i0.wp.com\/www.jazzzeitung.de\/cms\/wp-content\/uploads\/2015\/11\/P1100318-Corcoran-Holt-Foto-TJ-Krebs-jazzphotoagency.jpg?w=2910&amp;ssl=1 2910w, https:\/\/i0.wp.com\/www.jazzzeitung.de\/cms\/wp-content\/uploads\/2015\/11\/P1100318-Corcoran-Holt-Foto-TJ-Krebs-jazzphotoagency.jpg?resize=200%2C300&amp;ssl=1 200w, https:\/\/i0.wp.com\/www.jazzzeitung.de\/cms\/wp-content\/uploads\/2015\/11\/P1100318-Corcoran-Holt-Foto-TJ-Krebs-jazzphotoagency.jpg?resize=400%2C600&amp;ssl=1 400w, https:\/\/i0.wp.com\/www.jazzzeitung.de\/cms\/wp-content\/uploads\/2015\/11\/P1100318-Corcoran-Holt-Foto-TJ-Krebs-jazzphotoagency.jpg?resize=900%2C1349&amp;ssl=1 900w, https:\/\/i0.wp.com\/www.jazzzeitung.de\/cms\/wp-content\/uploads\/2015\/11\/P1100318-Corcoran-Holt-Foto-TJ-Krebs-jazzphotoagency.jpg?w=1680&amp;ssl=1 1680w, https:\/\/i0.wp.com\/www.jazzzeitung.de\/cms\/wp-content\/uploads\/2015\/11\/P1100318-Corcoran-Holt-Foto-TJ-Krebs-jazzphotoagency.jpg?w=2520&amp;ssl=1 2520w\" width=\"393\" height=\"589\" loading=\"lazy\" data-original-width=\"393\" data-original-height=\"589\" itemprop=\"http:\/\/schema.org\/image\" title=\"P1100318 Corcoran Holt - Foto TJ Krebs jazzphotoagency\" alt=\"Corcoran Holt\" style=\"width: 393px; height: 589px;\" \/> <\/a> <div class=\"tiled-gallery-caption\" itemprop=\"caption description\"> Corcoran Holt <\/div> <\/div> <\/div> <!-- close group --> <\/div> <!-- close row --> <div class=\"gallery-row\" style=\"width: 840px; height: 388px;\" data-original-width=\"840\" data-original-height=\"388\" > <div class=\"gallery-group images-1\" style=\"width: 260px; height: 388px;\" data-original-width=\"260\" data-original-height=\"388\" > <div class=\"tiled-gallery-item tiled-gallery-item-large\" itemprop=\"associatedMedia\" itemscope itemtype=\"http:\/\/schema.org\/ImageObject\"> <a href=\"https:\/\/www.jazzzeitung.de\/cms\/2015\/11\/kenny-garrett-rules-ottobrunn\/p1100234-kenny-garrett-foto-tj-krebs-jazzphotoagency\/\" border=\"0\" itemprop=\"url\"> <meta itemprop=\"width\" content=\"256\"> <meta itemprop=\"height\" content=\"384\"> <img decoding=\"async\" class=\"\" data-attachment-id=\"7526\" data-orig-file=\"https:\/\/www.jazzzeitung.de\/cms\/wp-content\/uploads\/2015\/11\/P1100234-Kenny-Garrett-Foto-TJ-Krebs-jazzphotoagency.jpg\" data-orig-size=\"2590,3882\" data-comments-opened=\"1\" data-image-meta=\"{&quot;aperture&quot;:&quot;0&quot;,&quot;credit&quot;:&quot;&quot;,&quot;camera&quot;:&quot;&quot;,&quot;caption&quot;:&quot;&quot;,&quot;created_timestamp&quot;:&quot;0&quot;,&quot;copyright&quot;:&quot;&quot;,&quot;focal_length&quot;:&quot;0&quot;,&quot;iso&quot;:&quot;0&quot;,&quot;shutter_speed&quot;:&quot;0&quot;,&quot;title&quot;:&quot;&quot;,&quot;orientation&quot;:&quot;0&quot;}\" data-image-title=\"P1100234 Kenny Garrett &amp;#8211; Foto TJ Krebs jazzphotoagency\" data-image-description=\"\" data-medium-file=\"https:\/\/i0.wp.com\/www.jazzzeitung.de\/cms\/wp-content\/uploads\/2015\/11\/P1100234-Kenny-Garrett-Foto-TJ-Krebs-jazzphotoagency.jpg?fit=200%2C300&#038;ssl=1\" data-large-file=\"https:\/\/i0.wp.com\/www.jazzzeitung.de\/cms\/wp-content\/uploads\/2015\/11\/P1100234-Kenny-Garrett-Foto-TJ-Krebs-jazzphotoagency.jpg?fit=400%2C600&#038;ssl=1\" src=\"https:\/\/i0.wp.com\/www.jazzzeitung.de\/cms\/wp-content\/uploads\/2015\/11\/P1100234-Kenny-Garrett-Foto-TJ-Krebs-jazzphotoagency.jpg?w=256&#038;h=384&#038;ssl=1\" srcset=\"https:\/\/i0.wp.com\/www.jazzzeitung.de\/cms\/wp-content\/uploads\/2015\/11\/P1100234-Kenny-Garrett-Foto-TJ-Krebs-jazzphotoagency.jpg?w=2590&amp;ssl=1 2590w, https:\/\/i0.wp.com\/www.jazzzeitung.de\/cms\/wp-content\/uploads\/2015\/11\/P1100234-Kenny-Garrett-Foto-TJ-Krebs-jazzphotoagency.jpg?resize=200%2C300&amp;ssl=1 200w, https:\/\/i0.wp.com\/www.jazzzeitung.de\/cms\/wp-content\/uploads\/2015\/11\/P1100234-Kenny-Garrett-Foto-TJ-Krebs-jazzphotoagency.jpg?resize=400%2C600&amp;ssl=1 400w, https:\/\/i0.wp.com\/www.jazzzeitung.de\/cms\/wp-content\/uploads\/2015\/11\/P1100234-Kenny-Garrett-Foto-TJ-Krebs-jazzphotoagency.jpg?resize=900%2C1349&amp;ssl=1 900w, https:\/\/i0.wp.com\/www.jazzzeitung.de\/cms\/wp-content\/uploads\/2015\/11\/P1100234-Kenny-Garrett-Foto-TJ-Krebs-jazzphotoagency.jpg?w=1680&amp;ssl=1 1680w, https:\/\/i0.wp.com\/www.jazzzeitung.de\/cms\/wp-content\/uploads\/2015\/11\/P1100234-Kenny-Garrett-Foto-TJ-Krebs-jazzphotoagency.jpg?w=2520&amp;ssl=1 2520w\" width=\"256\" height=\"384\" loading=\"lazy\" data-original-width=\"256\" data-original-height=\"384\" itemprop=\"http:\/\/schema.org\/image\" title=\"P1100234 Kenny Garrett - Foto TJ Krebs jazzphotoagency\" alt=\"Kenny Garrett\" style=\"width: 256px; height: 384px;\" \/> <\/a> <div class=\"tiled-gallery-caption\" itemprop=\"caption description\"> Kenny Garrett <\/div> <\/div> <\/div> <!-- close group --> <div class=\"gallery-group images-1\" style=\"width: 580px; height: 388px;\" data-original-width=\"580\" data-original-height=\"388\" > <div class=\"tiled-gallery-item tiled-gallery-item-large\" itemprop=\"associatedMedia\" itemscope itemtype=\"http:\/\/schema.org\/ImageObject\"> <a href=\"https:\/\/www.jazzzeitung.de\/cms\/2015\/11\/kenny-garrett-rules-ottobrunn\/p1100371-vernell-brown-foto-tj-krebs-jazzphotoagency\/\" border=\"0\" itemprop=\"url\"> <meta itemprop=\"width\" content=\"576\"> <meta itemprop=\"height\" content=\"384\"> <img decoding=\"async\" class=\"\" data-attachment-id=\"7527\" data-orig-file=\"https:\/\/www.jazzzeitung.de\/cms\/wp-content\/uploads\/2015\/11\/P1100371-Vernell-Brown-Foto-TJ-Krebs-jazzphotoagency.jpg\" data-orig-size=\"4071,2716\" data-comments-opened=\"1\" data-image-meta=\"{&quot;aperture&quot;:&quot;0&quot;,&quot;credit&quot;:&quot;&quot;,&quot;camera&quot;:&quot;&quot;,&quot;caption&quot;:&quot;&quot;,&quot;created_timestamp&quot;:&quot;0&quot;,&quot;copyright&quot;:&quot;&quot;,&quot;focal_length&quot;:&quot;0&quot;,&quot;iso&quot;:&quot;0&quot;,&quot;shutter_speed&quot;:&quot;0&quot;,&quot;title&quot;:&quot;&quot;,&quot;orientation&quot;:&quot;0&quot;}\" data-image-title=\"P1100371 Vernell Brown &amp;#8211; Foto TJ Krebs jazzphotoagency\" data-image-description=\"\" data-medium-file=\"https:\/\/i0.wp.com\/www.jazzzeitung.de\/cms\/wp-content\/uploads\/2015\/11\/P1100371-Vernell-Brown-Foto-TJ-Krebs-jazzphotoagency.jpg?fit=300%2C200&#038;ssl=1\" data-large-file=\"https:\/\/i0.wp.com\/www.jazzzeitung.de\/cms\/wp-content\/uploads\/2015\/11\/P1100371-Vernell-Brown-Foto-TJ-Krebs-jazzphotoagency.jpg?fit=840%2C560&#038;ssl=1\" src=\"https:\/\/i0.wp.com\/www.jazzzeitung.de\/cms\/wp-content\/uploads\/2015\/11\/P1100371-Vernell-Brown-Foto-TJ-Krebs-jazzphotoagency.jpg?w=576&#038;h=384&#038;ssl=1\" srcset=\"https:\/\/i0.wp.com\/www.jazzzeitung.de\/cms\/wp-content\/uploads\/2015\/11\/P1100371-Vernell-Brown-Foto-TJ-Krebs-jazzphotoagency.jpg?w=4071&amp;ssl=1 4071w, https:\/\/i0.wp.com\/www.jazzzeitung.de\/cms\/wp-content\/uploads\/2015\/11\/P1100371-Vernell-Brown-Foto-TJ-Krebs-jazzphotoagency.jpg?resize=300%2C200&amp;ssl=1 300w, https:\/\/i0.wp.com\/www.jazzzeitung.de\/cms\/wp-content\/uploads\/2015\/11\/P1100371-Vernell-Brown-Foto-TJ-Krebs-jazzphotoagency.jpg?resize=900%2C600&amp;ssl=1 900w, https:\/\/i0.wp.com\/www.jazzzeitung.de\/cms\/wp-content\/uploads\/2015\/11\/P1100371-Vernell-Brown-Foto-TJ-Krebs-jazzphotoagency.jpg?w=1680&amp;ssl=1 1680w, https:\/\/i0.wp.com\/www.jazzzeitung.de\/cms\/wp-content\/uploads\/2015\/11\/P1100371-Vernell-Brown-Foto-TJ-Krebs-jazzphotoagency.jpg?w=2520&amp;ssl=1 2520w\" width=\"576\" height=\"384\" loading=\"lazy\" data-original-width=\"576\" data-original-height=\"384\" itemprop=\"http:\/\/schema.org\/image\" title=\"P1100371 Vernell Brown - Foto TJ Krebs jazzphotoagency\" alt=\"Vernell Brown\" style=\"width: 576px; height: 384px;\" \/> <\/a> <div class=\"tiled-gallery-caption\" itemprop=\"caption description\"> Vernell Brown <\/div> <\/div> <\/div> <!-- close group --> <\/div> <!-- close row --> <div class=\"gallery-row\" style=\"width: 840px; height: 418px;\" data-original-width=\"840\" data-original-height=\"418\" > <div class=\"gallery-group images-1\" style=\"width: 280px; height: 418px;\" data-original-width=\"280\" data-original-height=\"418\" > <div class=\"tiled-gallery-item tiled-gallery-item-large\" itemprop=\"associatedMedia\" itemscope itemtype=\"http:\/\/schema.org\/ImageObject\"> <a href=\"https:\/\/www.jazzzeitung.de\/cms\/2015\/11\/kenny-garrett-rules-ottobrunn\/p1610333-marcus-baylor-foto-tj-krebs-jazzphotoagency\/\" border=\"0\" itemprop=\"url\"> <meta itemprop=\"width\" content=\"276\"> <meta itemprop=\"height\" content=\"414\"> <img decoding=\"async\" class=\"\" data-attachment-id=\"7528\" data-orig-file=\"https:\/\/www.jazzzeitung.de\/cms\/wp-content\/uploads\/2015\/11\/P1610333-Marcus-Baylor-Foto-TJ-Krebs-jazzphotoagency.jpg\" data-orig-size=\"3072,4608\" data-comments-opened=\"1\" data-image-meta=\"{&quot;aperture&quot;:&quot;0&quot;,&quot;credit&quot;:&quot;&quot;,&quot;camera&quot;:&quot;&quot;,&quot;caption&quot;:&quot;&quot;,&quot;created_timestamp&quot;:&quot;0&quot;,&quot;copyright&quot;:&quot;&quot;,&quot;focal_length&quot;:&quot;0&quot;,&quot;iso&quot;:&quot;0&quot;,&quot;shutter_speed&quot;:&quot;0&quot;,&quot;title&quot;:&quot;&quot;,&quot;orientation&quot;:&quot;0&quot;}\" data-image-title=\"P1610333 Marcus Baylor &amp;#8211; Foto TJ Krebs jazzphotoagency\" data-image-description=\"\" data-medium-file=\"https:\/\/i0.wp.com\/www.jazzzeitung.de\/cms\/wp-content\/uploads\/2015\/11\/P1610333-Marcus-Baylor-Foto-TJ-Krebs-jazzphotoagency.jpg?fit=200%2C300&#038;ssl=1\" data-large-file=\"https:\/\/i0.wp.com\/www.jazzzeitung.de\/cms\/wp-content\/uploads\/2015\/11\/P1610333-Marcus-Baylor-Foto-TJ-Krebs-jazzphotoagency.jpg?fit=400%2C600&#038;ssl=1\" src=\"https:\/\/i0.wp.com\/www.jazzzeitung.de\/cms\/wp-content\/uploads\/2015\/11\/P1610333-Marcus-Baylor-Foto-TJ-Krebs-jazzphotoagency.jpg?w=276&#038;h=414&#038;ssl=1\" srcset=\"https:\/\/i0.wp.com\/www.jazzzeitung.de\/cms\/wp-content\/uploads\/2015\/11\/P1610333-Marcus-Baylor-Foto-TJ-Krebs-jazzphotoagency.jpg?w=3072&amp;ssl=1 3072w, https:\/\/i0.wp.com\/www.jazzzeitung.de\/cms\/wp-content\/uploads\/2015\/11\/P1610333-Marcus-Baylor-Foto-TJ-Krebs-jazzphotoagency.jpg?resize=200%2C300&amp;ssl=1 200w, https:\/\/i0.wp.com\/www.jazzzeitung.de\/cms\/wp-content\/uploads\/2015\/11\/P1610333-Marcus-Baylor-Foto-TJ-Krebs-jazzphotoagency.jpg?resize=400%2C600&amp;ssl=1 400w, https:\/\/i0.wp.com\/www.jazzzeitung.de\/cms\/wp-content\/uploads\/2015\/11\/P1610333-Marcus-Baylor-Foto-TJ-Krebs-jazzphotoagency.jpg?resize=900%2C1350&amp;ssl=1 900w, https:\/\/i0.wp.com\/www.jazzzeitung.de\/cms\/wp-content\/uploads\/2015\/11\/P1610333-Marcus-Baylor-Foto-TJ-Krebs-jazzphotoagency.jpg?w=1680&amp;ssl=1 1680w, https:\/\/i0.wp.com\/www.jazzzeitung.de\/cms\/wp-content\/uploads\/2015\/11\/P1610333-Marcus-Baylor-Foto-TJ-Krebs-jazzphotoagency.jpg?w=2520&amp;ssl=1 2520w\" width=\"276\" height=\"414\" loading=\"lazy\" data-original-width=\"276\" data-original-height=\"414\" itemprop=\"http:\/\/schema.org\/image\" title=\"P1610333 Marcus Baylor - Foto TJ Krebs jazzphotoagency\" alt=\"Marcus Baylor\" style=\"width: 276px; height: 414px;\" \/> <\/a> <div class=\"tiled-gallery-caption\" itemprop=\"caption description\"> Marcus Baylor <\/div> <\/div> <\/div> <!-- close group --> <div class=\"gallery-group images-1\" style=\"width: 280px; height: 418px;\" data-original-width=\"280\" data-original-height=\"418\" > <div class=\"tiled-gallery-item tiled-gallery-item-large\" itemprop=\"associatedMedia\" itemscope itemtype=\"http:\/\/schema.org\/ImageObject\"> <a href=\"https:\/\/www.jazzzeitung.de\/cms\/2015\/11\/kenny-garrett-rules-ottobrunn\/p1610367-rudy-bird-foto-tj-krebs-jazzphotoagency\/\" border=\"0\" itemprop=\"url\"> <meta itemprop=\"width\" content=\"276\"> <meta itemprop=\"height\" content=\"414\"> <img decoding=\"async\" class=\"\" data-attachment-id=\"7529\" data-orig-file=\"https:\/\/www.jazzzeitung.de\/cms\/wp-content\/uploads\/2015\/11\/P1610367-Rudy-Bird-Foto-TJ-Krebs-jazzphotoagency.jpg\" data-orig-size=\"3072,4608\" data-comments-opened=\"1\" data-image-meta=\"{&quot;aperture&quot;:&quot;0&quot;,&quot;credit&quot;:&quot;&quot;,&quot;camera&quot;:&quot;&quot;,&quot;caption&quot;:&quot;&quot;,&quot;created_timestamp&quot;:&quot;0&quot;,&quot;copyright&quot;:&quot;&quot;,&quot;focal_length&quot;:&quot;0&quot;,&quot;iso&quot;:&quot;0&quot;,&quot;shutter_speed&quot;:&quot;0&quot;,&quot;title&quot;:&quot;&quot;,&quot;orientation&quot;:&quot;0&quot;}\" data-image-title=\"P1610367 Rudy Bird &amp;#8211; Foto TJ Krebs jazzphotoagency\" data-image-description=\"\" data-medium-file=\"https:\/\/i0.wp.com\/www.jazzzeitung.de\/cms\/wp-content\/uploads\/2015\/11\/P1610367-Rudy-Bird-Foto-TJ-Krebs-jazzphotoagency.jpg?fit=200%2C300&#038;ssl=1\" data-large-file=\"https:\/\/i0.wp.com\/www.jazzzeitung.de\/cms\/wp-content\/uploads\/2015\/11\/P1610367-Rudy-Bird-Foto-TJ-Krebs-jazzphotoagency.jpg?fit=400%2C600&#038;ssl=1\" src=\"https:\/\/i0.wp.com\/www.jazzzeitung.de\/cms\/wp-content\/uploads\/2015\/11\/P1610367-Rudy-Bird-Foto-TJ-Krebs-jazzphotoagency.jpg?w=276&#038;h=414&#038;ssl=1\" srcset=\"https:\/\/i0.wp.com\/www.jazzzeitung.de\/cms\/wp-content\/uploads\/2015\/11\/P1610367-Rudy-Bird-Foto-TJ-Krebs-jazzphotoagency.jpg?w=3072&amp;ssl=1 3072w, https:\/\/i0.wp.com\/www.jazzzeitung.de\/cms\/wp-content\/uploads\/2015\/11\/P1610367-Rudy-Bird-Foto-TJ-Krebs-jazzphotoagency.jpg?resize=200%2C300&amp;ssl=1 200w, https:\/\/i0.wp.com\/www.jazzzeitung.de\/cms\/wp-content\/uploads\/2015\/11\/P1610367-Rudy-Bird-Foto-TJ-Krebs-jazzphotoagency.jpg?resize=400%2C600&amp;ssl=1 400w, https:\/\/i0.wp.com\/www.jazzzeitung.de\/cms\/wp-content\/uploads\/2015\/11\/P1610367-Rudy-Bird-Foto-TJ-Krebs-jazzphotoagency.jpg?resize=900%2C1350&amp;ssl=1 900w, https:\/\/i0.wp.com\/www.jazzzeitung.de\/cms\/wp-content\/uploads\/2015\/11\/P1610367-Rudy-Bird-Foto-TJ-Krebs-jazzphotoagency.jpg?w=1680&amp;ssl=1 1680w, https:\/\/i0.wp.com\/www.jazzzeitung.de\/cms\/wp-content\/uploads\/2015\/11\/P1610367-Rudy-Bird-Foto-TJ-Krebs-jazzphotoagency.jpg?w=2520&amp;ssl=1 2520w\" width=\"276\" height=\"414\" loading=\"lazy\" data-original-width=\"276\" data-original-height=\"414\" itemprop=\"http:\/\/schema.org\/image\" title=\"P1610367 Rudy Bird - Foto TJ Krebs jazzphotoagency\" alt=\"Rudy Bird\" style=\"width: 276px; height: 414px;\" \/> <\/a> <div class=\"tiled-gallery-caption\" itemprop=\"caption description\"> Rudy Bird <\/div> <\/div> <\/div> <!-- close group --> <div class=\"gallery-group images-1\" style=\"width: 280px; height: 418px;\" data-original-width=\"280\" data-original-height=\"418\" > <div class=\"tiled-gallery-item tiled-gallery-item-large\" itemprop=\"associatedMedia\" itemscope itemtype=\"http:\/\/schema.org\/ImageObject\"> <a href=\"https:\/\/www.jazzzeitung.de\/cms\/2015\/11\/kenny-garrett-rules-ottobrunn\/p1060948-garrett-tj-krebs-jazzphotoagency-2\/\" border=\"0\" itemprop=\"url\"> <meta itemprop=\"width\" content=\"276\"> <meta itemprop=\"height\" content=\"414\"> <img decoding=\"async\" class=\"\" data-attachment-id=\"7530\" data-orig-file=\"https:\/\/www.jazzzeitung.de\/cms\/wp-content\/uploads\/2015\/11\/P1060948-Garrett-TJ-Krebs-Jazzphotoagency.jpg\" data-orig-size=\"3072,4608\" data-comments-opened=\"1\" data-image-meta=\"{&quot;aperture&quot;:&quot;0&quot;,&quot;credit&quot;:&quot;&quot;,&quot;camera&quot;:&quot;&quot;,&quot;caption&quot;:&quot;&quot;,&quot;created_timestamp&quot;:&quot;0&quot;,&quot;copyright&quot;:&quot;&quot;,&quot;focal_length&quot;:&quot;0&quot;,&quot;iso&quot;:&quot;0&quot;,&quot;shutter_speed&quot;:&quot;0&quot;,&quot;title&quot;:&quot;&quot;,&quot;orientation&quot;:&quot;0&quot;}\" data-image-title=\"P1060948 Garrett &amp;#8211; TJ Krebs Jazzphotoagency\" data-image-description=\"\" data-medium-file=\"https:\/\/i0.wp.com\/www.jazzzeitung.de\/cms\/wp-content\/uploads\/2015\/11\/P1060948-Garrett-TJ-Krebs-Jazzphotoagency.jpg?fit=200%2C300&#038;ssl=1\" data-large-file=\"https:\/\/i0.wp.com\/www.jazzzeitung.de\/cms\/wp-content\/uploads\/2015\/11\/P1060948-Garrett-TJ-Krebs-Jazzphotoagency.jpg?fit=400%2C600&#038;ssl=1\" src=\"https:\/\/i0.wp.com\/www.jazzzeitung.de\/cms\/wp-content\/uploads\/2015\/11\/P1060948-Garrett-TJ-Krebs-Jazzphotoagency.jpg?w=276&#038;h=414&#038;ssl=1\" srcset=\"https:\/\/i0.wp.com\/www.jazzzeitung.de\/cms\/wp-content\/uploads\/2015\/11\/P1060948-Garrett-TJ-Krebs-Jazzphotoagency.jpg?w=3072&amp;ssl=1 3072w, https:\/\/i0.wp.com\/www.jazzzeitung.de\/cms\/wp-content\/uploads\/2015\/11\/P1060948-Garrett-TJ-Krebs-Jazzphotoagency.jpg?resize=200%2C300&amp;ssl=1 200w, https:\/\/i0.wp.com\/www.jazzzeitung.de\/cms\/wp-content\/uploads\/2015\/11\/P1060948-Garrett-TJ-Krebs-Jazzphotoagency.jpg?resize=400%2C600&amp;ssl=1 400w, https:\/\/i0.wp.com\/www.jazzzeitung.de\/cms\/wp-content\/uploads\/2015\/11\/P1060948-Garrett-TJ-Krebs-Jazzphotoagency.jpg?resize=900%2C1350&amp;ssl=1 900w, https:\/\/i0.wp.com\/www.jazzzeitung.de\/cms\/wp-content\/uploads\/2015\/11\/P1060948-Garrett-TJ-Krebs-Jazzphotoagency.jpg?w=1680&amp;ssl=1 1680w, https:\/\/i0.wp.com\/www.jazzzeitung.de\/cms\/wp-content\/uploads\/2015\/11\/P1060948-Garrett-TJ-Krebs-Jazzphotoagency.jpg?w=2520&amp;ssl=1 2520w\" width=\"276\" height=\"414\" loading=\"lazy\" data-original-width=\"276\" data-original-height=\"414\" itemprop=\"http:\/\/schema.org\/image\" title=\"P1060948 Garrett - TJ Krebs Jazzphotoagency\" alt=\"Kenny Garrett\" style=\"width: 276px; height: 414px;\" \/> <\/a> <div class=\"tiled-gallery-caption\" itemprop=\"caption description\"> Kenny Garrett <\/div> <\/div> <\/div> <!-- close group --> <\/div> <!-- close row --> <\/div>\n<p>Am vergangenen Freitag gastierte das Kenny Quintett im Wolf-Ferrari-Haus in Ottobrunn und begeisterte restlos vor fast ausverkauftem Haus. Gleich zu Beginn ging Kenny Garrett mit seiner Truppe in die Vollen und haute dem Publikum mit gewaltigem Sound beseelt brachiale Improvisationen um die Ohren, um anschlie\u00dfend darauf in etwas mildere T\u00f6ne zu verfallen. Ob Modern, Balladen oder Latin Rhythmen, Kenny Garrett und seine Mitstreiter beherrschen ihr Metier und wissen wie man das Publikum vom Hocker rei\u00dft \u2013 im wahrsten Sinne des Wortes! Wer an dem Abend mit dabei gewesen ist, wird noch lange davon schw\u00e4rmen \u2013 zurecht \u2013 denn so ein grandioses Konzert erlebt man in der Tat nicht alle Tage! Anbei ein paar fotografische Impressionen dazu von Thomas J. Krebs.<\/p>\n","protected":false},"excerpt":{"rendered":"<p>Am vergangenen Freitag gastierte das Kenny Quintett im Wolf-Ferrari-Haus in Ottobrunn und begeisterte restlos vor fast ausverkauftem Haus. Gleich zu Beginn ging Kenny Garrett mit seiner Truppe in die Vollen und haute dem Publikum mit gewaltigem Sound beseelt brachiale Improvisationen um die Ohren, um anschlie\u00dfend darauf in etwas mildere T\u00f6ne zu verfallen. Ob Modern, Balladen oder Latin Rhythmen, Kenny Garrett und seine Mitstreiter beherrschen ihr Metier und wissen wie man das Publikum vom Hocker rei\u00dft \u2013 im wahrsten Sinne des Wortes! Wer an dem Abend mit dabei gewesen ist, wird noch lange davon schw\u00e4rmen \u2013 zurecht \u2013 denn so ein grandioses Konzert erlebt man in der Tat nicht alle Tage! Anbei ein paar fotografische Impressionen dazu von Thomas J. Krebs.<\/p>\n","protected":false},"author":18,"featured_media":0,"comment_status":"open","ping_status":"closed","sticky":false,"template":"","format":"gallery","meta":{"_jetpack_memberships_contains_paid_content":false,"footnotes":"","jetpack_publicize_message":"","jetpack_publicize_feature_enabled":true,"jetpack_social_post_already_shared":false,"jetpack_social_options":{"image_generator_settings":{"template":"highway","default_image_id":0,"font":"","enabled":false},"version":2}},"categories":[652],"tags":[322,860],"coauthors":[695],"class_list":["post-7520","post","type-post","status-publish","format-gallery","hentry","category-galerie","tag-konzert-2","tag-ottobrunn","post_format-post-format-gallery"],"yoast_head":"<!-- This site is optimized with the Yoast SEO plugin v27.5 - https:\/\/yoast.com\/product\/yoast-seo-wordpress\/ -->\n<title>Kenny Garrett \u201erules\u201c Ottobrunn! - JazzZeitung<\/title>\n<meta name=\"robots\" content=\"index, follow, max-snippet:-1, max-image-preview:large, max-video-preview:-1\" \/>\n<link rel=\"canonical\" href=\"https:\/\/www.jazzzeitung.de\/cms\/2015\/11\/kenny-garrett-rules-ottobrunn\/\" \/>\n<meta property=\"og:locale\" content=\"de_DE\" \/>\n<meta property=\"og:type\" content=\"article\" \/>\n<meta property=\"og:title\" content=\"Kenny Garrett \u201erules\u201c Ottobrunn! - JazzZeitung\" \/>\n<meta property=\"og:description\" content=\"Am vergangenen Freitag gastierte das Kenny Quintett im Wolf-Ferrari-Haus in Ottobrunn und begeisterte restlos vor fast ausverkauftem Haus. Gleich zu Beginn ging Kenny Garrett mit seiner Truppe in die Vollen und haute dem Publikum mit gewaltigem Sound beseelt brachiale Improvisationen um die Ohren, um anschlie\u00dfend darauf in etwas mildere T\u00f6ne zu verfallen. Ob Modern, Balladen oder Latin Rhythmen, Kenny Garrett und seine Mitstreiter beherrschen ihr Metier und wissen wie man das Publikum vom Hocker rei\u00dft \u2013 im wahrsten Sinne des Wortes! Wer an dem Abend mit dabei gewesen ist, wird noch lange davon schw\u00e4rmen \u2013 zurecht \u2013 denn so ein grandioses Konzert erlebt man in der Tat nicht alle Tage! Anbei ein paar fotografische Impressionen dazu von Thomas J. Krebs.\" \/>\n<meta property=\"og:url\" content=\"https:\/\/www.jazzzeitung.de\/cms\/2015\/11\/kenny-garrett-rules-ottobrunn\/\" \/>\n<meta property=\"og:site_name\" content=\"JazzZeitung\" \/>\n<meta property=\"article:publisher\" content=\"https:\/\/www.facebook.com\/JazzZeitung\/\" \/>\n<meta property=\"article:published_time\" content=\"2015-11-02T12:17:36+00:00\" \/>\n<meta property=\"og:image\" content=\"https:\/\/i0.wp.com\/www.jazzzeitung.de\/cms\/wp-content\/uploads\/2015\/11\/P1610527-Kenny-Garrett-Qunitett-Foto-TJ-Krebs-jazzphotoagency.jpg?w=439&#038;h=292&#038;ssl=1\" \/>\n<meta name=\"author\" content=\"Redaktion JazzZeitung\" \/>\n<script type=\"application\/ld+json\" class=\"yoast-schema-graph\">{\"@context\":\"https:\\\/\\\/schema.org\",\"@graph\":[{\"@type\":\"Article\",\"@id\":\"https:\\\/\\\/www.jazzzeitung.de\\\/cms\\\/2015\\\/11\\\/kenny-garrett-rules-ottobrunn\\\/#article\",\"isPartOf\":{\"@id\":\"https:\\\/\\\/www.jazzzeitung.de\\\/cms\\\/2015\\\/11\\\/kenny-garrett-rules-ottobrunn\\\/\"},\"author\":{\"name\":\"Redaktion JazzZeitung\",\"@id\":\"https:\\\/\\\/www.jazzzeitung.de\\\/cms\\\/#\\\/schema\\\/person\\\/2245b36b9cd1d24cea10f01c031fb92b\"},\"headline\":\"Kenny Garrett \u201erules\u201c Ottobrunn!\",\"datePublished\":\"2015-11-02T12:17:36+00:00\",\"mainEntityOfPage\":{\"@id\":\"https:\\\/\\\/www.jazzzeitung.de\\\/cms\\\/2015\\\/11\\\/kenny-garrett-rules-ottobrunn\\\/\"},\"wordCount\":129,\"commentCount\":0,\"publisher\":{\"@id\":\"https:\\\/\\\/www.jazzzeitung.de\\\/cms\\\/#organization\"},\"keywords\":[\"Konzert\",\"Ottobrunn\"],\"articleSection\":[\"Galerie\"],\"inLanguage\":\"de\",\"potentialAction\":[{\"@type\":\"CommentAction\",\"name\":\"Comment\",\"target\":[\"https:\\\/\\\/www.jazzzeitung.de\\\/cms\\\/2015\\\/11\\\/kenny-garrett-rules-ottobrunn\\\/#respond\"]}]},{\"@type\":\"WebPage\",\"@id\":\"https:\\\/\\\/www.jazzzeitung.de\\\/cms\\\/2015\\\/11\\\/kenny-garrett-rules-ottobrunn\\\/\",\"url\":\"https:\\\/\\\/www.jazzzeitung.de\\\/cms\\\/2015\\\/11\\\/kenny-garrett-rules-ottobrunn\\\/\",\"name\":\"Kenny Garrett \u201erules\u201c Ottobrunn! - JazzZeitung\",\"isPartOf\":{\"@id\":\"https:\\\/\\\/www.jazzzeitung.de\\\/cms\\\/#website\"},\"datePublished\":\"2015-11-02T12:17:36+00:00\",\"breadcrumb\":{\"@id\":\"https:\\\/\\\/www.jazzzeitung.de\\\/cms\\\/2015\\\/11\\\/kenny-garrett-rules-ottobrunn\\\/#breadcrumb\"},\"inLanguage\":\"de\",\"potentialAction\":[{\"@type\":\"ReadAction\",\"target\":[\"https:\\\/\\\/www.jazzzeitung.de\\\/cms\\\/2015\\\/11\\\/kenny-garrett-rules-ottobrunn\\\/\"]}]},{\"@type\":\"BreadcrumbList\",\"@id\":\"https:\\\/\\\/www.jazzzeitung.de\\\/cms\\\/2015\\\/11\\\/kenny-garrett-rules-ottobrunn\\\/#breadcrumb\",\"itemListElement\":[{\"@type\":\"ListItem\",\"position\":1,\"name\":\"Startseite\",\"item\":\"https:\\\/\\\/www.jazzzeitung.de\\\/cms\\\/\"},{\"@type\":\"ListItem\",\"position\":2,\"name\":\"Kenny Garrett \u201erules\u201c Ottobrunn!\"}]},{\"@type\":\"WebSite\",\"@id\":\"https:\\\/\\\/www.jazzzeitung.de\\\/cms\\\/#website\",\"url\":\"https:\\\/\\\/www.jazzzeitung.de\\\/cms\\\/\",\"name\":\"JazzZeitung\",\"description\":\"Jazz-News und Jazz-Kontroverses\",\"publisher\":{\"@id\":\"https:\\\/\\\/www.jazzzeitung.de\\\/cms\\\/#organization\"},\"potentialAction\":[{\"@type\":\"SearchAction\",\"target\":{\"@type\":\"EntryPoint\",\"urlTemplate\":\"https:\\\/\\\/www.jazzzeitung.de\\\/cms\\\/?s={search_term_string}\"},\"query-input\":{\"@type\":\"PropertyValueSpecification\",\"valueRequired\":true,\"valueName\":\"search_term_string\"}}],\"inLanguage\":\"de\"},{\"@type\":\"Organization\",\"@id\":\"https:\\\/\\\/www.jazzzeitung.de\\\/cms\\\/#organization\",\"name\":\"JazzZeitung online\",\"url\":\"https:\\\/\\\/www.jazzzeitung.de\\\/cms\\\/\",\"logo\":{\"@type\":\"ImageObject\",\"inLanguage\":\"de\",\"@id\":\"https:\\\/\\\/www.jazzzeitung.de\\\/cms\\\/#\\\/schema\\\/logo\\\/image\\\/\",\"url\":\"https:\\\/\\\/i0.wp.com\\\/www.jazzzeitung.de\\\/cms\\\/wp-content\\\/uploads\\\/2015\\\/08\\\/JAZZZEITUNGDE_Logo_Neu.png?fit=499%2C200&ssl=1\",\"contentUrl\":\"https:\\\/\\\/i0.wp.com\\\/www.jazzzeitung.de\\\/cms\\\/wp-content\\\/uploads\\\/2015\\\/08\\\/JAZZZEITUNGDE_Logo_Neu.png?fit=499%2C200&ssl=1\",\"width\":499,\"height\":200,\"caption\":\"JazzZeitung online\"},\"image\":{\"@id\":\"https:\\\/\\\/www.jazzzeitung.de\\\/cms\\\/#\\\/schema\\\/logo\\\/image\\\/\"},\"sameAs\":[\"https:\\\/\\\/www.facebook.com\\\/JazzZeitung\\\/\"]},{\"@type\":\"Person\",\"@id\":\"https:\\\/\\\/www.jazzzeitung.de\\\/cms\\\/#\\\/schema\\\/person\\\/2245b36b9cd1d24cea10f01c031fb92b\",\"name\":\"Redaktion JazzZeitung\",\"image\":{\"@type\":\"ImageObject\",\"inLanguage\":\"de\",\"@id\":\"https:\\\/\\\/i0.wp.com\\\/www.jazzzeitung.de\\\/cms\\\/wp-content\\\/uploads\\\/2015\\\/08\\\/JAZZZEITUNGDE_Logo_Neu.png?resize=96%2C96&ssl=159975dcacb611b5700bd619b5daf0a7a\",\"url\":\"https:\\\/\\\/i0.wp.com\\\/www.jazzzeitung.de\\\/cms\\\/wp-content\\\/uploads\\\/2015\\\/08\\\/JAZZZEITUNGDE_Logo_Neu.png?resize=96%2C96&ssl=1\",\"contentUrl\":\"https:\\\/\\\/i0.wp.com\\\/www.jazzzeitung.de\\\/cms\\\/wp-content\\\/uploads\\\/2015\\\/08\\\/JAZZZEITUNGDE_Logo_Neu.png?resize=96%2C96&ssl=1\",\"caption\":\"Redaktion JazzZeitung\"},\"description\":\"Artikel der Redaktion der JazzZeitung.\",\"sameAs\":[\"http:\\\/\\\/www.jazzzeitung.de\\\/cms\\\/\"],\"url\":\"https:\\\/\\\/www.jazzzeitung.de\\\/cms\\\/author\\\/redaktion\\\/\"}]}<\/script>\n<!-- \/ Yoast SEO plugin. -->","yoast_head_json":{"title":"Kenny Garrett \u201erules\u201c Ottobrunn! - JazzZeitung","robots":{"index":"index","follow":"follow","max-snippet":"max-snippet:-1","max-image-preview":"max-image-preview:large","max-video-preview":"max-video-preview:-1"},"canonical":"https:\/\/www.jazzzeitung.de\/cms\/2015\/11\/kenny-garrett-rules-ottobrunn\/","og_locale":"de_DE","og_type":"article","og_title":"Kenny Garrett \u201erules\u201c Ottobrunn! - JazzZeitung","og_description":"Am vergangenen Freitag gastierte das Kenny Quintett im Wolf-Ferrari-Haus in Ottobrunn und begeisterte restlos vor fast ausverkauftem Haus. Gleich zu Beginn ging Kenny Garrett mit seiner Truppe in die Vollen und haute dem Publikum mit gewaltigem Sound beseelt brachiale Improvisationen um die Ohren, um anschlie\u00dfend darauf in etwas mildere T\u00f6ne zu verfallen. Ob Modern, Balladen oder Latin Rhythmen, Kenny Garrett und seine Mitstreiter beherrschen ihr Metier und wissen wie man das Publikum vom Hocker rei\u00dft \u2013 im wahrsten Sinne des Wortes! Wer an dem Abend mit dabei gewesen ist, wird noch lange davon schw\u00e4rmen \u2013 zurecht \u2013 denn so ein grandioses Konzert erlebt man in der Tat nicht alle Tage! Anbei ein paar fotografische Impressionen dazu von Thomas J. Krebs.","og_url":"https:\/\/www.jazzzeitung.de\/cms\/2015\/11\/kenny-garrett-rules-ottobrunn\/","og_site_name":"JazzZeitung","article_publisher":"https:\/\/www.facebook.com\/JazzZeitung\/","article_published_time":"2015-11-02T12:17:36+00:00","og_image":[{"url":"https:\/\/i0.wp.com\/www.jazzzeitung.de\/cms\/wp-content\/uploads\/2015\/11\/P1610527-Kenny-Garrett-Qunitett-Foto-TJ-Krebs-jazzphotoagency.jpg?w=439&#038;h=292&#038;ssl=1","type":"","width":"","height":""}],"author":"Redaktion JazzZeitung","schema":{"@context":"https:\/\/schema.org","@graph":[{"@type":"Article","@id":"https:\/\/www.jazzzeitung.de\/cms\/2015\/11\/kenny-garrett-rules-ottobrunn\/#article","isPartOf":{"@id":"https:\/\/www.jazzzeitung.de\/cms\/2015\/11\/kenny-garrett-rules-ottobrunn\/"},"author":{"name":"Redaktion JazzZeitung","@id":"https:\/\/www.jazzzeitung.de\/cms\/#\/schema\/person\/2245b36b9cd1d24cea10f01c031fb92b"},"headline":"Kenny Garrett \u201erules\u201c Ottobrunn!","datePublished":"2015-11-02T12:17:36+00:00","mainEntityOfPage":{"@id":"https:\/\/www.jazzzeitung.de\/cms\/2015\/11\/kenny-garrett-rules-ottobrunn\/"},"wordCount":129,"commentCount":0,"publisher":{"@id":"https:\/\/www.jazzzeitung.de\/cms\/#organization"},"keywords":["Konzert","Ottobrunn"],"articleSection":["Galerie"],"inLanguage":"de","potentialAction":[{"@type":"CommentAction","name":"Comment","target":["https:\/\/www.jazzzeitung.de\/cms\/2015\/11\/kenny-garrett-rules-ottobrunn\/#respond"]}]},{"@type":"WebPage","@id":"https:\/\/www.jazzzeitung.de\/cms\/2015\/11\/kenny-garrett-rules-ottobrunn\/","url":"https:\/\/www.jazzzeitung.de\/cms\/2015\/11\/kenny-garrett-rules-ottobrunn\/","name":"Kenny Garrett \u201erules\u201c Ottobrunn! - JazzZeitung","isPartOf":{"@id":"https:\/\/www.jazzzeitung.de\/cms\/#website"},"datePublished":"2015-11-02T12:17:36+00:00","breadcrumb":{"@id":"https:\/\/www.jazzzeitung.de\/cms\/2015\/11\/kenny-garrett-rules-ottobrunn\/#breadcrumb"},"inLanguage":"de","potentialAction":[{"@type":"ReadAction","target":["https:\/\/www.jazzzeitung.de\/cms\/2015\/11\/kenny-garrett-rules-ottobrunn\/"]}]},{"@type":"BreadcrumbList","@id":"https:\/\/www.jazzzeitung.de\/cms\/2015\/11\/kenny-garrett-rules-ottobrunn\/#breadcrumb","itemListElement":[{"@type":"ListItem","position":1,"name":"Startseite","item":"https:\/\/www.jazzzeitung.de\/cms\/"},{"@type":"ListItem","position":2,"name":"Kenny Garrett \u201erules\u201c Ottobrunn!"}]},{"@type":"WebSite","@id":"https:\/\/www.jazzzeitung.de\/cms\/#website","url":"https:\/\/www.jazzzeitung.de\/cms\/","name":"JazzZeitung","description":"Jazz-News und Jazz-Kontroverses","publisher":{"@id":"https:\/\/www.jazzzeitung.de\/cms\/#organization"},"potentialAction":[{"@type":"SearchAction","target":{"@type":"EntryPoint","urlTemplate":"https:\/\/www.jazzzeitung.de\/cms\/?s={search_term_string}"},"query-input":{"@type":"PropertyValueSpecification","valueRequired":true,"valueName":"search_term_string"}}],"inLanguage":"de"},{"@type":"Organization","@id":"https:\/\/www.jazzzeitung.de\/cms\/#organization","name":"JazzZeitung online","url":"https:\/\/www.jazzzeitung.de\/cms\/","logo":{"@type":"ImageObject","inLanguage":"de","@id":"https:\/\/www.jazzzeitung.de\/cms\/#\/schema\/logo\/image\/","url":"https:\/\/i0.wp.com\/www.jazzzeitung.de\/cms\/wp-content\/uploads\/2015\/08\/JAZZZEITUNGDE_Logo_Neu.png?fit=499%2C200&ssl=1","contentUrl":"https:\/\/i0.wp.com\/www.jazzzeitung.de\/cms\/wp-content\/uploads\/2015\/08\/JAZZZEITUNGDE_Logo_Neu.png?fit=499%2C200&ssl=1","width":499,"height":200,"caption":"JazzZeitung online"},"image":{"@id":"https:\/\/www.jazzzeitung.de\/cms\/#\/schema\/logo\/image\/"},"sameAs":["https:\/\/www.facebook.com\/JazzZeitung\/"]},{"@type":"Person","@id":"https:\/\/www.jazzzeitung.de\/cms\/#\/schema\/person\/2245b36b9cd1d24cea10f01c031fb92b","name":"Redaktion JazzZeitung","image":{"@type":"ImageObject","inLanguage":"de","@id":"https:\/\/i0.wp.com\/www.jazzzeitung.de\/cms\/wp-content\/uploads\/2015\/08\/JAZZZEITUNGDE_Logo_Neu.png?resize=96%2C96&ssl=159975dcacb611b5700bd619b5daf0a7a","url":"https:\/\/i0.wp.com\/www.jazzzeitung.de\/cms\/wp-content\/uploads\/2015\/08\/JAZZZEITUNGDE_Logo_Neu.png?resize=96%2C96&ssl=1","contentUrl":"https:\/\/i0.wp.com\/www.jazzzeitung.de\/cms\/wp-content\/uploads\/2015\/08\/JAZZZEITUNGDE_Logo_Neu.png?resize=96%2C96&ssl=1","caption":"Redaktion JazzZeitung"},"description":"Artikel der Redaktion der JazzZeitung.","sameAs":["http:\/\/www.jazzzeitung.de\/cms\/"],"url":"https:\/\/www.jazzzeitung.de\/cms\/author\/redaktion\/"}]}},"wp-worthy-pixel":{"ignored":false,"public":null,"server":null,"url":null},"wp-worthy-type":"normal","jetpack_publicize_connections":[],"cc_featured_image_caption":{"caption_text":false,"source_text":false,"source_url":false},"jetpack_featured_media_url":"","jetpack_shortlink":"https:\/\/wp.me\/p3KEcT-1Xi","jetpack-related-posts":[{"id":7361,"url":"https:\/\/www.jazzzeitung.de\/cms\/2015\/10\/der-saxophist-kenny-garrett-ottobrunn-konzert-workshop\/","url_meta":{"origin":7520,"position":0},"title":"Der Saxophist Kenny Garrett in Ottobrunn \u2013 Konzert &#038; Workshop","author":"Redaktion JazzZeitung","date":"16. Oktober 2015","format":false,"excerpt":"Das Kenny Garrett Quintett am 30.10.2015 im Konzertsaal des Wolf-Ferrari-Haus - ungew\u00f6hnliche Musikprojekte haben in Ottobrunn seit Jahren Tradition. Veranstalter und Masterminds der erfolgreichen und in der Regel ausverkauften Konzertreihe Ottobrunner-Konzerte sind die beiden Musiker Johannes Tonio Kreusch und Cornelius Claudio Kreusch. Selbst seit Jahrzehnten in der internationalen Musikszene verhaftet\u2026","rel":"","context":"In &quot;News&quot;","block_context":{"text":"News","link":"https:\/\/www.jazzzeitung.de\/cms\/thema\/nachrichten\/"},"img":{"alt_text":"Kenny Garrett. Thomas J. Krebs","src":"https:\/\/i0.wp.com\/www.jazzzeitung.de\/cms\/wp-content\/uploads\/2015\/10\/P1060948-Garrett-TJ-Krebs-Jazzphotoagency-150x150.jpg?resize=350%2C200","width":350,"height":200},"classes":[]},{"id":17904,"url":"https:\/\/www.jazzzeitung.de\/cms\/2018\/11\/2nd-classical-beyond-festival-in-ottobrunn-kreuschbrothers-feat-giora-feidman-bobby-watson\/","url_meta":{"origin":7520,"position":1},"title":"2nd Classical &#038; Beyond Festival in Ottobrunn: Kreuschbrothers feat. Giora Feidman &#038; Bobby Watson","author":"Redaktion JazzZeitung","date":"21. November 2018","format":false,"excerpt":"In den vergangenen zehn Jahren sind im Ottobrunner Wolf-Ferrari Haus im Rahmen der Ottobrunner Konzertreihe u.a. Stars und Legenden wie Joachim K\u00fchn, Ralph Towner, John Scofield, Kenny Garrett, Aki Takase, Klaus Doldinger, Alfredo Perl, Pepe Romero, das Hilliard Ensemble, Tulio Peramo, Badi Assad, Eliot Fisk, Al di Meola, Joe Lovano,\u2026","rel":"","context":"In &quot;Bericht&quot;","block_context":{"text":"Bericht","link":"https:\/\/www.jazzzeitung.de\/cms\/thema\/bericht\/"},"img":{"alt_text":"","src":"https:\/\/i0.wp.com\/www.jazzzeitung.de\/cms\/wp-content\/uploads\/2018\/11\/P1087363-Cornelius-Kreusch-Foto-TJ-Krebs-jazzphotoagency%40web.de_.jpg?fit=1200%2C800&ssl=1&resize=350%2C200","width":350,"height":200,"srcset":"https:\/\/i0.wp.com\/www.jazzzeitung.de\/cms\/wp-content\/uploads\/2018\/11\/P1087363-Cornelius-Kreusch-Foto-TJ-Krebs-jazzphotoagency%40web.de_.jpg?fit=1200%2C800&ssl=1&resize=350%2C200 1x, https:\/\/i0.wp.com\/www.jazzzeitung.de\/cms\/wp-content\/uploads\/2018\/11\/P1087363-Cornelius-Kreusch-Foto-TJ-Krebs-jazzphotoagency%40web.de_.jpg?fit=1200%2C800&ssl=1&resize=525%2C300 1.5x, https:\/\/i0.wp.com\/www.jazzzeitung.de\/cms\/wp-content\/uploads\/2018\/11\/P1087363-Cornelius-Kreusch-Foto-TJ-Krebs-jazzphotoagency%40web.de_.jpg?fit=1200%2C800&ssl=1&resize=700%2C400 2x, https:\/\/i0.wp.com\/www.jazzzeitung.de\/cms\/wp-content\/uploads\/2018\/11\/P1087363-Cornelius-Kreusch-Foto-TJ-Krebs-jazzphotoagency%40web.de_.jpg?fit=1200%2C800&ssl=1&resize=1050%2C600 3x"},"classes":[]},{"id":7801,"url":"https:\/\/www.jazzzeitung.de\/cms\/2015\/11\/zweiter-jazz-piano-marathon-ottobrunn\/","url_meta":{"origin":7520,"position":2},"title":"Zweiter Jazz Piano Marathon in Ottobrunn","author":"Redaktion JazzZeitung","date":"23. November 2015","format":false,"excerpt":"Von Thomas J. Krebs - Unter dem Motto \u201ePr\u00e4gende Generation\u201d geht der Jazz Piano Marathon in Ottobrunn am 04. Dezember 2015, diesmal mit 12 H\u00e4nden an 88 Tasten, in die zweite Runde. Nach dem grandiosen Erfolg der ersten Veranstaltung letzten Jahres scheint sich diese Reihe zu etablieren (das w\u00e4re zumindest\u2026","rel":"","context":"In &quot;Redaktionelle Nachrichten&quot;","block_context":{"text":"Redaktionelle Nachrichten","link":"https:\/\/www.jazzzeitung.de\/cms\/thema\/redaktion\/"},"img":{"alt_text":"P1410182_Kreusch Foto TJ Krebs jazzphotoagency","src":"https:\/\/i0.wp.com\/www.jazzzeitung.de\/cms\/wp-content\/uploads\/2015\/11\/P1410182_Kreusch-Foto-TJ-Krebs-jazzphotoagency-150x150.jpg?resize=350%2C200","width":350,"height":200},"classes":[]},{"id":14266,"url":"https:\/\/www.jazzzeitung.de\/cms\/2017\/11\/rabih-abouh-khalil-beim-klassik-crossover-festival-in-ottobrunn\/","url_meta":{"origin":7520,"position":3},"title":"Rabih Abouh Khalil beim Klassik &#038; Crossover Festival in Ottobrunn","author":"Thomas J. Krebs","date":"15. November 2017","format":false,"excerpt":"Ein \u201ehimmlisches Konzert\u201c zwischen Orient und Okzident pr\u00e4sentierte Rabih Abouh-Khalil zum Auftakt des 1. Klassik & Crossover Festivals in Ottobrunn mit seiner Oud. Gemeinsam mit Luciano Biondini am Akkordeon und dem sardischen Saxophonist\/S\u00e4nger Gavino Murgia sorgte das Trio f\u00fcr abwechslungsreiche Kl\u00e4nge und faszinierten mit ihrer Spielfreude das Publikum im Konzertsaal\u2026","rel":"","context":"In &quot;Galerie&quot;","block_context":{"text":"Galerie","link":"https:\/\/www.jazzzeitung.de\/cms\/thema\/galerie\/"},"img":{"alt_text":"","src":"https:\/\/i0.wp.com\/www.jazzzeitung.de\/cms\/wp-content\/uploads\/2017\/11\/P1650231-Abouh-Khalil-Foto-TJ-Krebs-jazzphotoagency%40web.de_.jpg?fit=1200%2C800&ssl=1&resize=350%2C200","width":350,"height":200,"srcset":"https:\/\/i0.wp.com\/www.jazzzeitung.de\/cms\/wp-content\/uploads\/2017\/11\/P1650231-Abouh-Khalil-Foto-TJ-Krebs-jazzphotoagency%40web.de_.jpg?fit=1200%2C800&ssl=1&resize=350%2C200 1x, https:\/\/i0.wp.com\/www.jazzzeitung.de\/cms\/wp-content\/uploads\/2017\/11\/P1650231-Abouh-Khalil-Foto-TJ-Krebs-jazzphotoagency%40web.de_.jpg?fit=1200%2C800&ssl=1&resize=525%2C300 1.5x, https:\/\/i0.wp.com\/www.jazzzeitung.de\/cms\/wp-content\/uploads\/2017\/11\/P1650231-Abouh-Khalil-Foto-TJ-Krebs-jazzphotoagency%40web.de_.jpg?fit=1200%2C800&ssl=1&resize=700%2C400 2x, https:\/\/i0.wp.com\/www.jazzzeitung.de\/cms\/wp-content\/uploads\/2017\/11\/P1650231-Abouh-Khalil-Foto-TJ-Krebs-jazzphotoagency%40web.de_.jpg?fit=1200%2C800&ssl=1&resize=1050%2C600 3x"},"classes":[]},{"id":12756,"url":"https:\/\/www.jazzzeitung.de\/cms\/2017\/06\/news-jazzorchester-featuring-wu-wei-29-06-2017-in-weimar-jazz-live-keys-sticks-fotografien-von-thomas-j-krebs-vernissage\/","url_meta":{"origin":7520,"position":4},"title":"+++ News +++ \u201eJazzorchester featuring Wu Wei\u201c in Weimar +++ &#8222;JAZZ &#8211; live, keys &#038; sticks&#8220;: Fotografien von Thomas J. Krebs in Unterf\u00f6hring +++ 1. Jazzfest Ottobrunn im Wolf-Ferrari-Haus +++","author":"Redaktion JazzZeitung","date":"22. Juni 2017","format":false,"excerpt":"+++ \u201eJazzorchester featuring Wu Wei\u201c 29.06.2017 in Weimar +++ Am Donnerstag, 29. Juni um 19:30 Uhr im Festsaal F\u00fcrstenhaus wird ein Konzert-Projekt f\u00fcr ein Programm mit einem Gastsolisten, dem chinesischen Mundorgelspieler, Wu Wei stattfinden. Er spielt auf der \u201eCheng\u201c, einem Instrument mit 3.000 Jahre alter Tradition, das seine Kl\u00e4nge mit\u2026","rel":"","context":"In &quot;Bericht&quot;","block_context":{"text":"Bericht","link":"https:\/\/www.jazzzeitung.de\/cms\/thema\/bericht\/"},"img":{"alt_text":"","src":"https:\/\/i0.wp.com\/www.jazzzeitung.de\/cms\/wp-content\/uploads\/2017\/06\/Schultze_Stefan_Foto_Maik_Schuck-150x150.jpg?resize=350%2C200&ssl=1","width":350,"height":200},"classes":[]},{"id":13057,"url":"https:\/\/www.jazzzeitung.de\/cms\/2017\/07\/1-jazzfest-ottobrunn-geht-in-die-vollen\/","url_meta":{"origin":7520,"position":5},"title":"1. Jazzfest Ottobrunn \u2013 geht in die Vollen","author":"Redaktion JazzZeitung","date":"18. Juli 2017","format":false,"excerpt":"Vom 14. bis 15. Juli 2017 wurde im Wolf-Ferrari Haus das 1. Jazzfest Ottobrunn aus der Taufe gehoben, wobei die \u201e1.\u201c ganz bewusst gew\u00e4hlt wurde. Jazz-, World- und Crossover-Konzerte haben in Ottobrunn seit nunmehr 10 Jahren ein Tradition, veranstaltet von den beiden Br\u00fcdern Kreusch zusammen mit der Stadt Ottobrunn und\u2026","rel":"","context":"In &quot;Bericht&quot;","block_context":{"text":"Bericht","link":"https:\/\/www.jazzzeitung.de\/cms\/thema\/bericht\/"},"img":{"alt_text":"","src":"https:\/\/i0.wp.com\/www.jazzzeitung.de\/cms\/wp-content\/uploads\/2017\/07\/P1440926-P-Greg-Osby-Foto-TJ-Krebs-jazzphotoagency%40web.de_.jpg?resize=350%2C200","width":350,"height":200,"srcset":"https:\/\/i0.wp.com\/www.jazzzeitung.de\/cms\/wp-content\/uploads\/2017\/07\/P1440926-P-Greg-Osby-Foto-TJ-Krebs-jazzphotoagency%40web.de_.jpg?resize=350%2C200 1x, https:\/\/i0.wp.com\/www.jazzzeitung.de\/cms\/wp-content\/uploads\/2017\/07\/P1440926-P-Greg-Osby-Foto-TJ-Krebs-jazzphotoagency%40web.de_.jpg?resize=525%2C300 1.5x, https:\/\/i0.wp.com\/www.jazzzeitung.de\/cms\/wp-content\/uploads\/2017\/07\/P1440926-P-Greg-Osby-Foto-TJ-Krebs-jazzphotoagency%40web.de_.jpg?resize=700%2C400 2x, https:\/\/i0.wp.com\/www.jazzzeitung.de\/cms\/wp-content\/uploads\/2017\/07\/P1440926-P-Greg-Osby-Foto-TJ-Krebs-jazzphotoagency%40web.de_.jpg?resize=1050%2C600 3x"},"classes":[]}],"jetpack_sharing_enabled":true,"_links":{"self":[{"href":"https:\/\/www.jazzzeitung.de\/cms\/wp-json\/wp\/v2\/posts\/7520","targetHints":{"allow":["GET"]}}],"collection":[{"href":"https:\/\/www.jazzzeitung.de\/cms\/wp-json\/wp\/v2\/posts"}],"about":[{"href":"https:\/\/www.jazzzeitung.de\/cms\/wp-json\/wp\/v2\/types\/post"}],"author":[{"embeddable":true,"href":"https:\/\/www.jazzzeitung.de\/cms\/wp-json\/wp\/v2\/users\/18"}],"replies":[{"embeddable":true,"href":"https:\/\/www.jazzzeitung.de\/cms\/wp-json\/wp\/v2\/comments?post=7520"}],"version-history":[{"count":2,"href":"https:\/\/www.jazzzeitung.de\/cms\/wp-json\/wp\/v2\/posts\/7520\/revisions"}],"predecessor-version":[{"id":7532,"href":"https:\/\/www.jazzzeitung.de\/cms\/wp-json\/wp\/v2\/posts\/7520\/revisions\/7532"}],"wp:attachment":[{"href":"https:\/\/www.jazzzeitung.de\/cms\/wp-json\/wp\/v2\/media?parent=7520"}],"wp:term":[{"taxonomy":"category","embeddable":true,"href":"https:\/\/www.jazzzeitung.de\/cms\/wp-json\/wp\/v2\/categories?post=7520"},{"taxonomy":"post_tag","embeddable":true,"href":"https:\/\/www.jazzzeitung.de\/cms\/wp-json\/wp\/v2\/tags?post=7520"},{"taxonomy":"author","embeddable":true,"href":"https:\/\/www.jazzzeitung.de\/cms\/wp-json\/wp\/v2\/coauthors?post=7520"}],"curies":[{"name":"wp","href":"https:\/\/api.w.org\/{rel}","templated":true}]}}