{"id":751,"date":"2011-02-09T02:55:51","date_gmt":"2011-02-09T01:55:51","guid":{"rendered":"http:\/\/blogs.nmz.de\/jazz\/?p=751"},"modified":"2011-02-09T02:55:51","modified_gmt":"2011-02-09T01:55:51","slug":"neuer-deutscher-jazzpreis-2011-die-finalisten","status":"publish","type":"post","link":"https:\/\/www.jazzzeitung.de\/cms\/2011\/02\/neuer-deutscher-jazzpreis-2011-die-finalisten\/","title":{"rendered":"Neuer Deutscher Jazzpreis 2011 \u2013 Die Finalisten"},"content":{"rendered":"<p>Der Kurator hat seine Wahl getroffen.<\/p>\n<p>Bojan Z., Kurator bei der diesj\u00e4hrigen 6. Ausgabe des Neuen Deutschen Jazzpreises, hat aus den Bands, die nach der Vorauswahl \u00fcbriggeblieben waren, drei Formationen f\u00fcr das Finale im M\u00e4rz ausgesucht. Wie im letzten Jahr Kenny Wheeler, entschied sich auch Bojan Z. f\u00fcr drei Trios.<\/p>\n<h4>Die Finalisten 2011:<\/h4>\n<ul>\n<li><strong> Studnitzky<\/strong><\/li>\n<\/ul>\n<p style=\"padding-left: 120px\">Sebastian Studnitzky (Piano, Keys, Trompete)<br \/>\nPaul Kleber (Bass)<br \/>\nTommy Baldu (Schlagzeug)<\/p>\n<ul>\n<li><strong>Zodiak Trio<\/strong><\/li>\n<\/ul>\n<p style=\"padding-left: 120px\">John-Dennis Renken (Trompete, Elektronik, Loops)<br \/>\nAndreas Wahl (Elektrische Gitarre, Fretless-Gitarre, E-bow, Loops)<br \/>\nBernd Oezsevim (Schlagzeug,, Percussion)<\/p>\n<ul>\n<li><strong>[em]<\/strong><\/li>\n<\/ul>\n<p style=\"padding-left: 120px\">Michael Wollny (Piano)<br \/>\nEva Kruse (Bass)<br \/>\nEric Schaefer (Schlagzeug)\n<\/p>\n<p style=\"padding-left: 120px\">\n<p><!--more--><\/p>\n<p>Die Finalisten werden sich am 12. M\u00e4rz 2011 in der Alten Feuerwache Mannheim dem Publikumsentscheid stellen.<\/p>\n<p>Der Kurator Bojan Z. wird ebenfalls im Trio \u2013 allerdings verst\u00e4rkt durch Special Guest Julien Lourau (sax) \u2013 das zweit\u00e4gige Festival am 11. M\u00e4rz 2011 er\u00f6ffnen.<\/p>\n<p><strong> <\/strong><\/p>\n<figure id=\"attachment_794\" aria-describedby=\"caption-attachment-794\" style=\"width: 300px\" class=\"wp-caption aligncenter\"><strong> <\/strong><strong><span style=\"text-decoration: underline\"><a href=\"https:\/\/i0.wp.com\/www.jazzzeitung.de\/cms\/wp-content\/uploads\/2011\/02\/zgafic_press_bojan_portrait.jpg\"><img data-recalc-dims=\"1\" loading=\"lazy\" decoding=\"async\" data-attachment-id=\"794\" data-permalink=\"https:\/\/www.jazzzeitung.de\/cms\/2011\/02\/neuer-deutscher-jazzpreis-2011-die-finalisten\/zgafic_press_bojan_portrait\/\" data-orig-file=\"https:\/\/i0.wp.com\/www.jazzzeitung.de\/cms\/wp-content\/uploads\/2011\/02\/zgafic_press_bojan_portrait.jpg?fit=5616%2C3744&amp;ssl=1\" data-orig-size=\"5616,3744\" data-comments-opened=\"1\" data-image-meta=\"{&quot;aperture&quot;:&quot;13&quot;,&quot;credit&quot;:&quot;&quot;,&quot;camera&quot;:&quot;Canon EOS 5D Mark II&quot;,&quot;caption&quot;:&quot;&quot;,&quot;created_timestamp&quot;:&quot;1239553290&quot;,&quot;copyright&quot;:&quot;&quot;,&quot;focal_length&quot;:&quot;80&quot;,&quot;iso&quot;:&quot;100&quot;,&quot;shutter_speed&quot;:&quot;0.01&quot;,&quot;title&quot;:&quot;&quot;}\" data-image-title=\"zgafic_press_bojan_portrait\" data-image-description=\"\" data-image-caption=\"&lt;p&gt;Kurator beim NDJP: Pianist Bojan Z. Foto: Zijah Gafic  &lt;\/p&gt;\n\" data-large-file=\"https:\/\/i0.wp.com\/www.jazzzeitung.de\/cms\/wp-content\/uploads\/2011\/02\/zgafic_press_bojan_portrait.jpg?fit=840%2C559&amp;ssl=1\" class=\"size-medium wp-image-794\" title=\"zgafic_press_bojan_portrait\" src=\"https:\/\/i0.wp.com\/www.jazzzeitung.de\/cms\/wp-content\/uploads\/2011\/02\/zgafic_press_bojan_portrait-300x200.jpg?resize=300%2C200\" alt=\"Kurator beim NDJP: Pianist Bojan Z. Foto: Zijah Gafic  \" width=\"300\" height=\"200\" srcset=\"https:\/\/i0.wp.com\/www.jazzzeitung.de\/cms\/wp-content\/uploads\/2011\/02\/zgafic_press_bojan_portrait.jpg?resize=300%2C200&amp;ssl=1 300w, https:\/\/i0.wp.com\/www.jazzzeitung.de\/cms\/wp-content\/uploads\/2011\/02\/zgafic_press_bojan_portrait.jpg?resize=1024%2C682&amp;ssl=1 1024w, https:\/\/i0.wp.com\/www.jazzzeitung.de\/cms\/wp-content\/uploads\/2011\/02\/zgafic_press_bojan_portrait.jpg?w=1680&amp;ssl=1 1680w, https:\/\/i0.wp.com\/www.jazzzeitung.de\/cms\/wp-content\/uploads\/2011\/02\/zgafic_press_bojan_portrait.jpg?w=2520&amp;ssl=1 2520w\" sizes=\"auto, (max-width: 300px) 100vw, 300px\" \/><\/a><\/span><\/strong><figcaption id=\"caption-attachment-794\" class=\"wp-caption-text\">Kurator beim NDJP: Pianist Bojan Z. Foto: Zijah Gafic  <\/figcaption><\/figure>\n<p><strong> <\/strong><\/p>\n<p>Der Neue Deutsche Jazzpreis Mannheim, veranstaltet von der IG Jazz Rhein-Neckar,  ist mit 10.000 \u20ac dotiert. Zus\u00e4tzlich wird ein Solistenpreis in H\u00f6he von  1.000 \u20ac ausgelobt. Die Besonderheit des NDJP: Als Preisjury fungiert \u2013  nach der Vorauswahl durch den Kurator \u2013 das Publikum in der Alten  Feuerwache.<\/p>\n<p><strong><span style=\"text-decoration: underline\">Weitere Infos:<\/span><\/strong><\/p>\n<p><a href=\"http:\/\/www.ig-jazz.de\/wordpress\/neuer-deutscher-jazzpreis\/\" target=\"_blank\">Neuer Deutscher Jazzpreis<\/a><\/p>\n<p><a href=\"http:\/\/www.bojanz.com\/\" target=\"_blank\">Bojan Z. <\/a><\/p>\n","protected":false},"excerpt":{"rendered":"<p>Der Kurator hat seine Wahl getroffen. Bojan Z., Kurator bei der diesj\u00e4hrigen 6. Ausgabe des Neuen Deutschen Jazzpreises, hat aus den Bands, die nach der Vorauswahl \u00fcbriggeblieben waren, drei Formationen f\u00fcr das Finale im M\u00e4rz ausgesucht. Wie im letzten Jahr Kenny Wheeler, entschied sich auch Bojan Z. f\u00fcr drei Trios. Die Finalisten 2011: Studnitzky Sebastian Studnitzky (Piano, Keys, Trompete) Paul Kleber (Bass) Tommy Baldu (Schlagzeug) Zodiak Trio John-Dennis Renken (Trompete, Elektronik, Loops) Andreas Wahl (Elektrische Gitarre, Fretless-Gitarre, E-bow, Loops) Bernd Oezsevim (Schlagzeug,, Percussion) [em] Michael Wollny (Piano) Eva Kruse (Bass) Eric Schaefer (Schlagzeug)<\/p>\n","protected":false},"author":4,"featured_media":0,"comment_status":"open","ping_status":"open","sticky":false,"template":"","format":"standard","meta":{"_jetpack_memberships_contains_paid_content":false,"footnotes":"","jetpack_publicize_message":"","jetpack_publicize_feature_enabled":true,"jetpack_social_post_already_shared":false,"jetpack_social_options":{"image_generator_settings":{"template":"highway","default_image_id":0,"font":"","enabled":false},"version":2}},"categories":[82],"tags":[89,489,3,232,233,326,374,388,414,527,610],"coauthors":[],"class_list":["post-751","post","type-post","status-publish","format-standard","hentry","category-blog","tag-bojan-z","tag-schaefer","tag-festival","tag-ig-jazz","tag-ig-jazz-rhein-neckar","tag-kruse","tag-mannheim","tag-michael-wollny","tag-neuer-deutscher-jazzpreis","tag-studnitzky","tag-zodiak-trio"],"yoast_head":"<!-- This site is optimized with the Yoast SEO plugin v27.5 - https:\/\/yoast.com\/product\/yoast-seo-wordpress\/ -->\n<title>Neuer Deutscher Jazzpreis 2011 \u2013 Die Finalisten - JazzZeitung<\/title>\n<meta name=\"robots\" content=\"index, follow, max-snippet:-1, max-image-preview:large, max-video-preview:-1\" \/>\n<link rel=\"canonical\" href=\"https:\/\/www.jazzzeitung.de\/cms\/2011\/02\/neuer-deutscher-jazzpreis-2011-die-finalisten\/\" \/>\n<meta property=\"og:locale\" content=\"de_DE\" \/>\n<meta property=\"og:type\" content=\"article\" \/>\n<meta property=\"og:title\" content=\"Neuer Deutscher Jazzpreis 2011 \u2013 Die Finalisten - JazzZeitung\" \/>\n<meta property=\"og:description\" content=\"Der Kurator hat seine Wahl getroffen. Bojan Z., Kurator bei der diesj\u00e4hrigen 6. Ausgabe des Neuen Deutschen Jazzpreises, hat aus den Bands, die nach der Vorauswahl \u00fcbriggeblieben waren, drei Formationen f\u00fcr das Finale im M\u00e4rz ausgesucht. Wie im letzten Jahr Kenny Wheeler, entschied sich auch Bojan Z. f\u00fcr drei Trios. Die Finalisten 2011: Studnitzky Sebastian Studnitzky (Piano, Keys, Trompete) Paul Kleber (Bass) Tommy Baldu (Schlagzeug) Zodiak Trio John-Dennis Renken (Trompete, Elektronik, Loops) Andreas Wahl (Elektrische Gitarre, Fretless-Gitarre, E-bow, Loops) Bernd Oezsevim (Schlagzeug,, Percussion) [em] Michael Wollny (Piano) Eva Kruse (Bass) Eric Schaefer (Schlagzeug)\" \/>\n<meta property=\"og:url\" content=\"https:\/\/www.jazzzeitung.de\/cms\/2011\/02\/neuer-deutscher-jazzpreis-2011-die-finalisten\/\" \/>\n<meta property=\"og:site_name\" content=\"JazzZeitung\" \/>\n<meta property=\"article:publisher\" content=\"https:\/\/www.facebook.com\/JazzZeitung\/\" \/>\n<meta property=\"article:published_time\" content=\"2011-02-09T01:55:51+00:00\" \/>\n<meta property=\"og:image\" content=\"http:\/\/www.jazzzeitung.de\/cms\/wp-content\/uploads\/2011\/02\/zgafic_press_bojan_portrait-300x200.jpg\" \/>\n<meta name=\"author\" content=\"J\u00f6rg Lichtinger\" \/>\n<script type=\"application\/ld+json\" class=\"yoast-schema-graph\">{\"@context\":\"https:\\\/\\\/schema.org\",\"@graph\":[{\"@type\":\"Article\",\"@id\":\"https:\\\/\\\/www.jazzzeitung.de\\\/cms\\\/2011\\\/02\\\/neuer-deutscher-jazzpreis-2011-die-finalisten\\\/#article\",\"isPartOf\":{\"@id\":\"https:\\\/\\\/www.jazzzeitung.de\\\/cms\\\/2011\\\/02\\\/neuer-deutscher-jazzpreis-2011-die-finalisten\\\/\"},\"author\":{\"name\":\"J\u00f6rg Lichtinger\",\"@id\":\"https:\\\/\\\/www.jazzzeitung.de\\\/cms\\\/#\\\/schema\\\/person\\\/4c5aaf486bdcd85db94b9a8b9e026bad\"},\"headline\":\"Neuer Deutscher Jazzpreis 2011 \u2013 Die Finalisten\",\"datePublished\":\"2011-02-09T01:55:51+00:00\",\"mainEntityOfPage\":{\"@id\":\"https:\\\/\\\/www.jazzzeitung.de\\\/cms\\\/2011\\\/02\\\/neuer-deutscher-jazzpreis-2011-die-finalisten\\\/\"},\"wordCount\":208,\"commentCount\":0,\"publisher\":{\"@id\":\"https:\\\/\\\/www.jazzzeitung.de\\\/cms\\\/#organization\"},\"image\":{\"@id\":\"https:\\\/\\\/www.jazzzeitung.de\\\/cms\\\/2011\\\/02\\\/neuer-deutscher-jazzpreis-2011-die-finalisten\\\/#primaryimage\"},\"thumbnailUrl\":\"http:\\\/\\\/www.jazzzeitung.de\\\/cms\\\/wp-content\\\/uploads\\\/2011\\\/02\\\/zgafic_press_bojan_portrait-300x200.jpg\",\"keywords\":[\"Bojan Z.\",\"Eric Schaefer\",\"Festival\",\"IG Jazz\",\"IG Jazz Rhein-Neckar\",\"Kruse\",\"Mannheim\",\"Michael Wollny\",\"Neuer Deutscher Jazzpreis\",\"Studnitzky\",\"Zodiak Trio\"],\"articleSection\":[\"Blog\"],\"inLanguage\":\"de\",\"potentialAction\":[{\"@type\":\"CommentAction\",\"name\":\"Comment\",\"target\":[\"https:\\\/\\\/www.jazzzeitung.de\\\/cms\\\/2011\\\/02\\\/neuer-deutscher-jazzpreis-2011-die-finalisten\\\/#respond\"]}]},{\"@type\":\"WebPage\",\"@id\":\"https:\\\/\\\/www.jazzzeitung.de\\\/cms\\\/2011\\\/02\\\/neuer-deutscher-jazzpreis-2011-die-finalisten\\\/\",\"url\":\"https:\\\/\\\/www.jazzzeitung.de\\\/cms\\\/2011\\\/02\\\/neuer-deutscher-jazzpreis-2011-die-finalisten\\\/\",\"name\":\"Neuer Deutscher Jazzpreis 2011 \u2013 Die Finalisten - JazzZeitung\",\"isPartOf\":{\"@id\":\"https:\\\/\\\/www.jazzzeitung.de\\\/cms\\\/#website\"},\"primaryImageOfPage\":{\"@id\":\"https:\\\/\\\/www.jazzzeitung.de\\\/cms\\\/2011\\\/02\\\/neuer-deutscher-jazzpreis-2011-die-finalisten\\\/#primaryimage\"},\"image\":{\"@id\":\"https:\\\/\\\/www.jazzzeitung.de\\\/cms\\\/2011\\\/02\\\/neuer-deutscher-jazzpreis-2011-die-finalisten\\\/#primaryimage\"},\"thumbnailUrl\":\"http:\\\/\\\/www.jazzzeitung.de\\\/cms\\\/wp-content\\\/uploads\\\/2011\\\/02\\\/zgafic_press_bojan_portrait-300x200.jpg\",\"datePublished\":\"2011-02-09T01:55:51+00:00\",\"breadcrumb\":{\"@id\":\"https:\\\/\\\/www.jazzzeitung.de\\\/cms\\\/2011\\\/02\\\/neuer-deutscher-jazzpreis-2011-die-finalisten\\\/#breadcrumb\"},\"inLanguage\":\"de\",\"potentialAction\":[{\"@type\":\"ReadAction\",\"target\":[\"https:\\\/\\\/www.jazzzeitung.de\\\/cms\\\/2011\\\/02\\\/neuer-deutscher-jazzpreis-2011-die-finalisten\\\/\"]}]},{\"@type\":\"ImageObject\",\"inLanguage\":\"de\",\"@id\":\"https:\\\/\\\/www.jazzzeitung.de\\\/cms\\\/2011\\\/02\\\/neuer-deutscher-jazzpreis-2011-die-finalisten\\\/#primaryimage\",\"url\":\"http:\\\/\\\/www.jazzzeitung.de\\\/cms\\\/wp-content\\\/uploads\\\/2011\\\/02\\\/zgafic_press_bojan_portrait-300x200.jpg\",\"contentUrl\":\"http:\\\/\\\/www.jazzzeitung.de\\\/cms\\\/wp-content\\\/uploads\\\/2011\\\/02\\\/zgafic_press_bojan_portrait-300x200.jpg\"},{\"@type\":\"BreadcrumbList\",\"@id\":\"https:\\\/\\\/www.jazzzeitung.de\\\/cms\\\/2011\\\/02\\\/neuer-deutscher-jazzpreis-2011-die-finalisten\\\/#breadcrumb\",\"itemListElement\":[{\"@type\":\"ListItem\",\"position\":1,\"name\":\"Startseite\",\"item\":\"https:\\\/\\\/www.jazzzeitung.de\\\/cms\\\/\"},{\"@type\":\"ListItem\",\"position\":2,\"name\":\"Neuer Deutscher Jazzpreis 2011 \u2013 Die Finalisten\"}]},{\"@type\":\"WebSite\",\"@id\":\"https:\\\/\\\/www.jazzzeitung.de\\\/cms\\\/#website\",\"url\":\"https:\\\/\\\/www.jazzzeitung.de\\\/cms\\\/\",\"name\":\"JazzZeitung\",\"description\":\"Jazz-News und Jazz-Kontroverses\",\"publisher\":{\"@id\":\"https:\\\/\\\/www.jazzzeitung.de\\\/cms\\\/#organization\"},\"potentialAction\":[{\"@type\":\"SearchAction\",\"target\":{\"@type\":\"EntryPoint\",\"urlTemplate\":\"https:\\\/\\\/www.jazzzeitung.de\\\/cms\\\/?s={search_term_string}\"},\"query-input\":{\"@type\":\"PropertyValueSpecification\",\"valueRequired\":true,\"valueName\":\"search_term_string\"}}],\"inLanguage\":\"de\"},{\"@type\":\"Organization\",\"@id\":\"https:\\\/\\\/www.jazzzeitung.de\\\/cms\\\/#organization\",\"name\":\"JazzZeitung online\",\"url\":\"https:\\\/\\\/www.jazzzeitung.de\\\/cms\\\/\",\"logo\":{\"@type\":\"ImageObject\",\"inLanguage\":\"de\",\"@id\":\"https:\\\/\\\/www.jazzzeitung.de\\\/cms\\\/#\\\/schema\\\/logo\\\/image\\\/\",\"url\":\"https:\\\/\\\/i0.wp.com\\\/www.jazzzeitung.de\\\/cms\\\/wp-content\\\/uploads\\\/2015\\\/08\\\/JAZZZEITUNGDE_Logo_Neu.png?fit=499%2C200&ssl=1\",\"contentUrl\":\"https:\\\/\\\/i0.wp.com\\\/www.jazzzeitung.de\\\/cms\\\/wp-content\\\/uploads\\\/2015\\\/08\\\/JAZZZEITUNGDE_Logo_Neu.png?fit=499%2C200&ssl=1\",\"width\":499,\"height\":200,\"caption\":\"JazzZeitung online\"},\"image\":{\"@id\":\"https:\\\/\\\/www.jazzzeitung.de\\\/cms\\\/#\\\/schema\\\/logo\\\/image\\\/\"},\"sameAs\":[\"https:\\\/\\\/www.facebook.com\\\/JazzZeitung\\\/\"]},{\"@type\":\"Person\",\"@id\":\"https:\\\/\\\/www.jazzzeitung.de\\\/cms\\\/#\\\/schema\\\/person\\\/4c5aaf486bdcd85db94b9a8b9e026bad\",\"name\":\"J\u00f6rg Lichtinger\",\"image\":{\"@type\":\"ImageObject\",\"inLanguage\":\"de\",\"@id\":\"https:\\\/\\\/secure.gravatar.com\\\/avatar\\\/8d1d484eb77cf370a1620f9866681cdba540c9b8439ce96ea0c830dd3b59936c?s=96&d=wp_user_avatar&r=ge66dff7680db2349fb79ae0cb2d734e3\",\"url\":\"https:\\\/\\\/secure.gravatar.com\\\/avatar\\\/8d1d484eb77cf370a1620f9866681cdba540c9b8439ce96ea0c830dd3b59936c?s=96&d=wp_user_avatar&r=g\",\"contentUrl\":\"https:\\\/\\\/secure.gravatar.com\\\/avatar\\\/8d1d484eb77cf370a1620f9866681cdba540c9b8439ce96ea0c830dd3b59936c?s=96&d=wp_user_avatar&r=g\",\"caption\":\"J\u00f6rg Lichtinger\"},\"url\":\"https:\\\/\\\/www.jazzzeitung.de\\\/cms\\\/author\\\/lichtinger\\\/\"}]}<\/script>\n<!-- \/ Yoast SEO plugin. -->","yoast_head_json":{"title":"Neuer Deutscher Jazzpreis 2011 \u2013 Die Finalisten - JazzZeitung","robots":{"index":"index","follow":"follow","max-snippet":"max-snippet:-1","max-image-preview":"max-image-preview:large","max-video-preview":"max-video-preview:-1"},"canonical":"https:\/\/www.jazzzeitung.de\/cms\/2011\/02\/neuer-deutscher-jazzpreis-2011-die-finalisten\/","og_locale":"de_DE","og_type":"article","og_title":"Neuer Deutscher Jazzpreis 2011 \u2013 Die Finalisten - JazzZeitung","og_description":"Der Kurator hat seine Wahl getroffen. Bojan Z., Kurator bei der diesj\u00e4hrigen 6. Ausgabe des Neuen Deutschen Jazzpreises, hat aus den Bands, die nach der Vorauswahl \u00fcbriggeblieben waren, drei Formationen f\u00fcr das Finale im M\u00e4rz ausgesucht. Wie im letzten Jahr Kenny Wheeler, entschied sich auch Bojan Z. f\u00fcr drei Trios. Die Finalisten 2011: Studnitzky Sebastian Studnitzky (Piano, Keys, Trompete) Paul Kleber (Bass) Tommy Baldu (Schlagzeug) Zodiak Trio John-Dennis Renken (Trompete, Elektronik, Loops) Andreas Wahl (Elektrische Gitarre, Fretless-Gitarre, E-bow, Loops) Bernd Oezsevim (Schlagzeug,, Percussion) [em] Michael Wollny (Piano) Eva Kruse (Bass) Eric Schaefer (Schlagzeug)","og_url":"https:\/\/www.jazzzeitung.de\/cms\/2011\/02\/neuer-deutscher-jazzpreis-2011-die-finalisten\/","og_site_name":"JazzZeitung","article_publisher":"https:\/\/www.facebook.com\/JazzZeitung\/","article_published_time":"2011-02-09T01:55:51+00:00","og_image":[{"url":"http:\/\/www.jazzzeitung.de\/cms\/wp-content\/uploads\/2011\/02\/zgafic_press_bojan_portrait-300x200.jpg","type":"","width":"","height":""}],"author":"J\u00f6rg Lichtinger","schema":{"@context":"https:\/\/schema.org","@graph":[{"@type":"Article","@id":"https:\/\/www.jazzzeitung.de\/cms\/2011\/02\/neuer-deutscher-jazzpreis-2011-die-finalisten\/#article","isPartOf":{"@id":"https:\/\/www.jazzzeitung.de\/cms\/2011\/02\/neuer-deutscher-jazzpreis-2011-die-finalisten\/"},"author":{"name":"J\u00f6rg Lichtinger","@id":"https:\/\/www.jazzzeitung.de\/cms\/#\/schema\/person\/4c5aaf486bdcd85db94b9a8b9e026bad"},"headline":"Neuer Deutscher Jazzpreis 2011 \u2013 Die Finalisten","datePublished":"2011-02-09T01:55:51+00:00","mainEntityOfPage":{"@id":"https:\/\/www.jazzzeitung.de\/cms\/2011\/02\/neuer-deutscher-jazzpreis-2011-die-finalisten\/"},"wordCount":208,"commentCount":0,"publisher":{"@id":"https:\/\/www.jazzzeitung.de\/cms\/#organization"},"image":{"@id":"https:\/\/www.jazzzeitung.de\/cms\/2011\/02\/neuer-deutscher-jazzpreis-2011-die-finalisten\/#primaryimage"},"thumbnailUrl":"http:\/\/www.jazzzeitung.de\/cms\/wp-content\/uploads\/2011\/02\/zgafic_press_bojan_portrait-300x200.jpg","keywords":["Bojan Z.","Eric Schaefer","Festival","IG Jazz","IG Jazz Rhein-Neckar","Kruse","Mannheim","Michael Wollny","Neuer Deutscher Jazzpreis","Studnitzky","Zodiak Trio"],"articleSection":["Blog"],"inLanguage":"de","potentialAction":[{"@type":"CommentAction","name":"Comment","target":["https:\/\/www.jazzzeitung.de\/cms\/2011\/02\/neuer-deutscher-jazzpreis-2011-die-finalisten\/#respond"]}]},{"@type":"WebPage","@id":"https:\/\/www.jazzzeitung.de\/cms\/2011\/02\/neuer-deutscher-jazzpreis-2011-die-finalisten\/","url":"https:\/\/www.jazzzeitung.de\/cms\/2011\/02\/neuer-deutscher-jazzpreis-2011-die-finalisten\/","name":"Neuer Deutscher Jazzpreis 2011 \u2013 Die Finalisten - JazzZeitung","isPartOf":{"@id":"https:\/\/www.jazzzeitung.de\/cms\/#website"},"primaryImageOfPage":{"@id":"https:\/\/www.jazzzeitung.de\/cms\/2011\/02\/neuer-deutscher-jazzpreis-2011-die-finalisten\/#primaryimage"},"image":{"@id":"https:\/\/www.jazzzeitung.de\/cms\/2011\/02\/neuer-deutscher-jazzpreis-2011-die-finalisten\/#primaryimage"},"thumbnailUrl":"http:\/\/www.jazzzeitung.de\/cms\/wp-content\/uploads\/2011\/02\/zgafic_press_bojan_portrait-300x200.jpg","datePublished":"2011-02-09T01:55:51+00:00","breadcrumb":{"@id":"https:\/\/www.jazzzeitung.de\/cms\/2011\/02\/neuer-deutscher-jazzpreis-2011-die-finalisten\/#breadcrumb"},"inLanguage":"de","potentialAction":[{"@type":"ReadAction","target":["https:\/\/www.jazzzeitung.de\/cms\/2011\/02\/neuer-deutscher-jazzpreis-2011-die-finalisten\/"]}]},{"@type":"ImageObject","inLanguage":"de","@id":"https:\/\/www.jazzzeitung.de\/cms\/2011\/02\/neuer-deutscher-jazzpreis-2011-die-finalisten\/#primaryimage","url":"http:\/\/www.jazzzeitung.de\/cms\/wp-content\/uploads\/2011\/02\/zgafic_press_bojan_portrait-300x200.jpg","contentUrl":"http:\/\/www.jazzzeitung.de\/cms\/wp-content\/uploads\/2011\/02\/zgafic_press_bojan_portrait-300x200.jpg"},{"@type":"BreadcrumbList","@id":"https:\/\/www.jazzzeitung.de\/cms\/2011\/02\/neuer-deutscher-jazzpreis-2011-die-finalisten\/#breadcrumb","itemListElement":[{"@type":"ListItem","position":1,"name":"Startseite","item":"https:\/\/www.jazzzeitung.de\/cms\/"},{"@type":"ListItem","position":2,"name":"Neuer Deutscher Jazzpreis 2011 \u2013 Die Finalisten"}]},{"@type":"WebSite","@id":"https:\/\/www.jazzzeitung.de\/cms\/#website","url":"https:\/\/www.jazzzeitung.de\/cms\/","name":"JazzZeitung","description":"Jazz-News und Jazz-Kontroverses","publisher":{"@id":"https:\/\/www.jazzzeitung.de\/cms\/#organization"},"potentialAction":[{"@type":"SearchAction","target":{"@type":"EntryPoint","urlTemplate":"https:\/\/www.jazzzeitung.de\/cms\/?s={search_term_string}"},"query-input":{"@type":"PropertyValueSpecification","valueRequired":true,"valueName":"search_term_string"}}],"inLanguage":"de"},{"@type":"Organization","@id":"https:\/\/www.jazzzeitung.de\/cms\/#organization","name":"JazzZeitung online","url":"https:\/\/www.jazzzeitung.de\/cms\/","logo":{"@type":"ImageObject","inLanguage":"de","@id":"https:\/\/www.jazzzeitung.de\/cms\/#\/schema\/logo\/image\/","url":"https:\/\/i0.wp.com\/www.jazzzeitung.de\/cms\/wp-content\/uploads\/2015\/08\/JAZZZEITUNGDE_Logo_Neu.png?fit=499%2C200&ssl=1","contentUrl":"https:\/\/i0.wp.com\/www.jazzzeitung.de\/cms\/wp-content\/uploads\/2015\/08\/JAZZZEITUNGDE_Logo_Neu.png?fit=499%2C200&ssl=1","width":499,"height":200,"caption":"JazzZeitung online"},"image":{"@id":"https:\/\/www.jazzzeitung.de\/cms\/#\/schema\/logo\/image\/"},"sameAs":["https:\/\/www.facebook.com\/JazzZeitung\/"]},{"@type":"Person","@id":"https:\/\/www.jazzzeitung.de\/cms\/#\/schema\/person\/4c5aaf486bdcd85db94b9a8b9e026bad","name":"J\u00f6rg Lichtinger","image":{"@type":"ImageObject","inLanguage":"de","@id":"https:\/\/secure.gravatar.com\/avatar\/8d1d484eb77cf370a1620f9866681cdba540c9b8439ce96ea0c830dd3b59936c?s=96&d=wp_user_avatar&r=ge66dff7680db2349fb79ae0cb2d734e3","url":"https:\/\/secure.gravatar.com\/avatar\/8d1d484eb77cf370a1620f9866681cdba540c9b8439ce96ea0c830dd3b59936c?s=96&d=wp_user_avatar&r=g","contentUrl":"https:\/\/secure.gravatar.com\/avatar\/8d1d484eb77cf370a1620f9866681cdba540c9b8439ce96ea0c830dd3b59936c?s=96&d=wp_user_avatar&r=g","caption":"J\u00f6rg Lichtinger"},"url":"https:\/\/www.jazzzeitung.de\/cms\/author\/lichtinger\/"}]}},"wp-worthy-pixel":{"ignored":false,"public":null,"server":null,"url":null},"wp-worthy-type":"normal","jetpack_publicize_connections":[],"cc_featured_image_caption":{"caption_text":false,"source_text":false,"source_url":false},"jetpack_featured_media_url":"","jetpack_shortlink":"https:\/\/wp.me\/p3KEcT-c7","jetpack-related-posts":[{"id":845,"url":"https:\/\/www.jazzzeitung.de\/cms\/2011\/03\/em-gewinnt-den-neuen-deutschen-jazzpreis-2011\/","url_meta":{"origin":751,"position":0},"title":"[em] gewinnt den Neuen Deutschen Jazzpreis 2011","author":"J\u00f6rg Lichtinger","date":"14. M\u00e4rz 2011","format":false,"excerpt":"Wer h\u00e4tte das gedacht... [em] \u2013 das Trio von Michael Wollny (p), Eva Kruse (b) und Eric Schaefer hat in Mannheim den Neuen Deutschen Jazzpreis gewonnen. Michael Wollny konnte sich dabei auch den Maritim-Solistenpreis sichern. Dieses Ergebnis ist in etwa so \u00fcberraschend wie der Gewinn der Champions-League f\u00fcr den FC\u2026","rel":"","context":"In &quot;Blog&quot;","block_context":{"text":"Blog","link":"https:\/\/www.jazzzeitung.de\/cms\/thema\/blog\/"},"img":{"alt_text":"[em] freuen sich \u00fcber 10.000 \u20ac. Foto: Manfred Rinderspacher","src":"https:\/\/i0.wp.com\/www.jazzzeitung.de\/cms\/wp-content\/uploads\/2011\/03\/Jazzpreisgewinner02-219x300.jpg?resize=350%2C200","width":350,"height":200},"classes":[]},{"id":8783,"url":"https:\/\/www.jazzzeitung.de\/cms\/2016\/03\/neuer-deutscher-jazzpreis-mannheim-2016-die-gewinner\/","url_meta":{"origin":751,"position":1},"title":"Neuer Deutscher Jazzpreis Mannheim 2016: die Gewinner","author":"Redaktion JazzZeitung","date":"21. M\u00e4rz 2016","format":false,"excerpt":"Bereits zum elften Mal fand am 18. und 19. M\u00e4rz 2016 in Mannheim das Festival des von der IG Jazz ausgeschriebenen Neuen Deutschen Jazzpreises statt. Es war wie auch in den Vorjahren ein voller Erfolg. Am Samstag Abend w\u00e4hlten die Zuschauer nach drei hochklassigen Konzerten in der ausverkauften Alten Feuerwache\u2026","rel":"","context":"In &quot;News&quot;","block_context":{"text":"News","link":"https:\/\/www.jazzzeitung.de\/cms\/thema\/nachrichten\/"},"img":{"alt_text":"Rainer_Boehm01","src":"https:\/\/i0.wp.com\/www.jazzzeitung.de\/cms\/wp-content\/uploads\/2016\/03\/rainer_b%C3%B6hm-150x150.jpg?resize=350%2C200","width":350,"height":200},"classes":[]},{"id":898,"url":"https:\/\/www.jazzzeitung.de\/cms\/2011\/03\/die-finalisten-des-bmw-welt-jazz-award-2011\/","url_meta":{"origin":751,"position":2},"title":"Die Finalisten des BMW Welt Jazz Award 2011","author":"J\u00f6rg Lichtinger","date":"18. M\u00e4rz 2011","format":false,"excerpt":"Die Jury hat entschieden. Die Wahl f\u00fcr die Finalisten des BMW Welt Jazz Award 2011 ist auf Wanja Slavin Lotus Eaters und Nils Wogram's Root 70 gefallen. Sechs Bands haben zwischen Januar und M\u00e4rz 2011 mit jeweils einem Konzert im Doppelkegel der BMW Welt um den Finaleinzug gespielt. Dabei haben\u2026","rel":"","context":"In &quot;Blog&quot;","block_context":{"text":"Blog","link":"https:\/\/www.jazzzeitung.de\/cms\/thema\/blog\/"},"img":{"alt_text":"Finalist Wanja Slavin. Foto: BMW Welt","src":"https:\/\/i0.wp.com\/www.jazzzeitung.de\/cms\/wp-content\/uploads\/2011\/03\/Wanja_Slavin-300x300.jpg?resize=350%2C200","width":350,"height":200},"classes":[]},{"id":9715,"url":"https:\/\/www.jazzzeitung.de\/cms\/2016\/07\/neuer-deutscher-jazzpreis-mannheim-2017\/","url_meta":{"origin":751,"position":3},"title":"Neuer Deutscher Jazzpreis Mannheim 2017","author":"Redaktion JazzZeitung","date":"21. Juli 2016","format":false,"excerpt":"Im Jahr 2017 vergibt die IG Jazz Rhein-Neckar e.V. in Kooperation mit der Alten Feuerwache Mannheim gGmbH bereits zum zw\u00f6lften Mal den Neuen Deutschen Jazzpreis. Das Festivalwochenende findet am 7. und 8. April 2017 in der Alten Feuerwache Mannheim statt. Es ist mit 10.000.- Euro der h\u00f6chstdotierte Bandpreis f\u00fcr professionelle\u2026","rel":"","context":"In &quot;News&quot;","block_context":{"text":"News","link":"https:\/\/www.jazzzeitung.de\/cms\/thema\/nachrichten\/"},"img":{"alt_text":"logo_ndjazzpreis","src":"https:\/\/i0.wp.com\/www.jazzzeitung.de\/cms\/wp-content\/uploads\/2016\/07\/logo_ndjazzpreis-150x150.jpg?resize=350%2C200","width":350,"height":200},"classes":[]},{"id":369,"url":"https:\/\/www.jazzzeitung.de\/cms\/2010\/08\/call-for-entries-neuer-deutscher-jazzpreis-sucht-bands\/","url_meta":{"origin":751,"position":4},"title":"Call for entries: Neuer Deutscher Jazzpreis sucht Bands","author":"J\u00f6rg Lichtinger","date":"14. August 2010","format":false,"excerpt":"Der Preis ist mit 10.000 \u20ac dotiert und wird am 12. M\u00e4rz 2011 bei einem Festival in der Alten Feuerwache Mannheim vergeben. Aus allen Einsendungen w\u00e4hlt der Veranstalter IG Jazz Rhein-Neckar e.V. mit Hilfe eines Kurators (2011: Bojan Z.) drei Bands aus, die am Festivalwochenende (11.\/12.3.2011) in der Alten Feuerwache\u2026","rel":"","context":"In &quot;Blog&quot;","block_context":{"text":"Blog","link":"https:\/\/www.jazzzeitung.de\/cms\/thema\/blog\/"},"img":{"alt_text":"zijah_gafic_press","src":"https:\/\/i0.wp.com\/www.jazzzeitung.de\/cms\/wp-content\/uploads\/2010\/08\/zijah_gafic_press-300x200.jpg?resize=350%2C200","width":350,"height":200},"classes":[]},{"id":11991,"url":"https:\/\/www.jazzzeitung.de\/cms\/2017\/03\/die-finalisten-des-bmw-welt-jazz-award-2017-renaud-garcia-fons-und-eva-kruse\/","url_meta":{"origin":751,"position":5},"title":"Die Finalisten des BMW Welt Jazz Award 2017: Renaud Garcia-Fons und Eva Kruse","author":"Redaktion JazzZeitung","date":"16. M\u00e4rz 2017","format":false,"excerpt":"Die renommierte Jury des BMW Welt Jazz Award hat sich f\u00fcr folgende Kontrahenten im Finale 2017 entschieden: der Franzose Renaud Garcia-Fons und die aus Deutschland stammende Eva Kruse treten am 6. Mai gegeneinander im Auditorium der BMW Welt an. Das Sieger-Ensemble wird mit einem Preisgeld von 10.000 Euro und einer\u2026","rel":"","context":"In &quot;News&quot;","block_context":{"text":"News","link":"https:\/\/www.jazzzeitung.de\/cms\/thema\/nachrichten\/"},"img":{"alt_text":"","src":"https:\/\/i0.wp.com\/www.jazzzeitung.de\/cms\/wp-content\/uploads\/2017\/02\/Garcia-Fons-P1210550-Foto-TJ-Krebs.jpg?resize=350%2C200","width":350,"height":200,"srcset":"https:\/\/i0.wp.com\/www.jazzzeitung.de\/cms\/wp-content\/uploads\/2017\/02\/Garcia-Fons-P1210550-Foto-TJ-Krebs.jpg?resize=350%2C200 1x, https:\/\/i0.wp.com\/www.jazzzeitung.de\/cms\/wp-content\/uploads\/2017\/02\/Garcia-Fons-P1210550-Foto-TJ-Krebs.jpg?resize=525%2C300 1.5x, https:\/\/i0.wp.com\/www.jazzzeitung.de\/cms\/wp-content\/uploads\/2017\/02\/Garcia-Fons-P1210550-Foto-TJ-Krebs.jpg?resize=700%2C400 2x, https:\/\/i0.wp.com\/www.jazzzeitung.de\/cms\/wp-content\/uploads\/2017\/02\/Garcia-Fons-P1210550-Foto-TJ-Krebs.jpg?resize=1050%2C600 3x"},"classes":[]}],"jetpack_sharing_enabled":true,"_links":{"self":[{"href":"https:\/\/www.jazzzeitung.de\/cms\/wp-json\/wp\/v2\/posts\/751","targetHints":{"allow":["GET"]}}],"collection":[{"href":"https:\/\/www.jazzzeitung.de\/cms\/wp-json\/wp\/v2\/posts"}],"about":[{"href":"https:\/\/www.jazzzeitung.de\/cms\/wp-json\/wp\/v2\/types\/post"}],"author":[{"embeddable":true,"href":"https:\/\/www.jazzzeitung.de\/cms\/wp-json\/wp\/v2\/users\/4"}],"replies":[{"embeddable":true,"href":"https:\/\/www.jazzzeitung.de\/cms\/wp-json\/wp\/v2\/comments?post=751"}],"version-history":[{"count":0,"href":"https:\/\/www.jazzzeitung.de\/cms\/wp-json\/wp\/v2\/posts\/751\/revisions"}],"wp:attachment":[{"href":"https:\/\/www.jazzzeitung.de\/cms\/wp-json\/wp\/v2\/media?parent=751"}],"wp:term":[{"taxonomy":"category","embeddable":true,"href":"https:\/\/www.jazzzeitung.de\/cms\/wp-json\/wp\/v2\/categories?post=751"},{"taxonomy":"post_tag","embeddable":true,"href":"https:\/\/www.jazzzeitung.de\/cms\/wp-json\/wp\/v2\/tags?post=751"},{"taxonomy":"author","embeddable":true,"href":"https:\/\/www.jazzzeitung.de\/cms\/wp-json\/wp\/v2\/coauthors?post=751"}],"curies":[{"name":"wp","href":"https:\/\/api.w.org\/{rel}","templated":true}]}}