{"id":7504,"date":"2015-10-29T18:16:36","date_gmt":"2015-10-29T17:16:36","guid":{"rendered":"http:\/\/www.jazzzeitung.de\/cms\/?p=7504"},"modified":"2015-10-29T18:24:46","modified_gmt":"2015-10-29T17:24:46","slug":"domberts-urban-jazz-unterwegs-mit-dem-neuen-programm","status":"publish","type":"post","link":"https:\/\/www.jazzzeitung.de\/cms\/2015\/10\/domberts-urban-jazz-unterwegs-mit-dem-neuen-programm\/","title":{"rendered":"Dombert&#8217;s Urban Jazz, unterwegs mit dem neuen Programm"},"content":{"rendered":"<figure id=\"attachment_7505\" aria-describedby=\"caption-attachment-7505\" style=\"width: 150px\" class=\"wp-caption alignright\"><a href=\"https:\/\/i0.wp.com\/www.jazzzeitung.de\/cms\/wp-content\/uploads\/2015\/10\/Dombertduj.jpg\"><img data-recalc-dims=\"1\" loading=\"lazy\" decoding=\"async\" data-attachment-id=\"7505\" data-permalink=\"https:\/\/www.jazzzeitung.de\/cms\/2015\/10\/domberts-urban-jazz-unterwegs-mit-dem-neuen-programm\/dombertduj\/\" data-orig-file=\"https:\/\/i0.wp.com\/www.jazzzeitung.de\/cms\/wp-content\/uploads\/2015\/10\/Dombertduj.jpg?fit=1069%2C656&amp;ssl=1\" data-orig-size=\"1069,656\" data-comments-opened=\"1\" data-image-meta=\"{&quot;aperture&quot;:&quot;0&quot;,&quot;credit&quot;:&quot;&quot;,&quot;camera&quot;:&quot;&quot;,&quot;caption&quot;:&quot;&quot;,&quot;created_timestamp&quot;:&quot;0&quot;,&quot;copyright&quot;:&quot;&quot;,&quot;focal_length&quot;:&quot;0&quot;,&quot;iso&quot;:&quot;0&quot;,&quot;shutter_speed&quot;:&quot;0&quot;,&quot;title&quot;:&quot;&quot;,&quot;orientation&quot;:&quot;0&quot;}\" data-image-title=\"Dombertduj\" data-image-description=\"\" data-image-caption=\"&lt;p&gt;Von links: Henning Sieverts (b), Andreas Dombert (Chef), Matthias Meusel (dr), Lutz H\u00e4fner (sax) und Peter Sandner alias &amp;#8222;Dorsch&amp;#8220; (Sampler und Synth). Foto: duj&lt;\/p&gt;\n\" data-large-file=\"https:\/\/i0.wp.com\/www.jazzzeitung.de\/cms\/wp-content\/uploads\/2015\/10\/Dombertduj.jpg?fit=840%2C515&amp;ssl=1\" class=\"size-thumbnail wp-image-7505\" src=\"https:\/\/i0.wp.com\/www.jazzzeitung.de\/cms\/wp-content\/uploads\/2015\/10\/Dombertduj-150x150.jpg?resize=150%2C150\" alt=\"Von links: Henning Sieverts (b), Andreas Dombert (Chef), Matthias Meusel (dr), Lutz H\u00e4fner (sax) und Peter Sandner alias &quot;Dorsch&quot; (Sampler und Synth). Foto: duj\" width=\"150\" height=\"150\" srcset=\"https:\/\/i0.wp.com\/www.jazzzeitung.de\/cms\/wp-content\/uploads\/2015\/10\/Dombertduj.jpg?resize=150%2C150&amp;ssl=1 150w, https:\/\/i0.wp.com\/www.jazzzeitung.de\/cms\/wp-content\/uploads\/2015\/10\/Dombertduj.jpg?resize=144%2C144&amp;ssl=1 144w, https:\/\/i0.wp.com\/www.jazzzeitung.de\/cms\/wp-content\/uploads\/2015\/10\/Dombertduj.jpg?resize=96%2C96&amp;ssl=1 96w, https:\/\/i0.wp.com\/www.jazzzeitung.de\/cms\/wp-content\/uploads\/2015\/10\/Dombertduj.jpg?resize=24%2C24&amp;ssl=1 24w, https:\/\/i0.wp.com\/www.jazzzeitung.de\/cms\/wp-content\/uploads\/2015\/10\/Dombertduj.jpg?resize=36%2C36&amp;ssl=1 36w, https:\/\/i0.wp.com\/www.jazzzeitung.de\/cms\/wp-content\/uploads\/2015\/10\/Dombertduj.jpg?resize=48%2C48&amp;ssl=1 48w, https:\/\/i0.wp.com\/www.jazzzeitung.de\/cms\/wp-content\/uploads\/2015\/10\/Dombertduj.jpg?resize=64%2C64&amp;ssl=1 64w, https:\/\/i0.wp.com\/www.jazzzeitung.de\/cms\/wp-content\/uploads\/2015\/10\/Dombertduj.jpg?resize=32%2C32&amp;ssl=1 32w, https:\/\/i0.wp.com\/www.jazzzeitung.de\/cms\/wp-content\/uploads\/2015\/10\/Dombertduj.jpg?resize=128%2C128&amp;ssl=1 128w, https:\/\/i0.wp.com\/www.jazzzeitung.de\/cms\/wp-content\/uploads\/2015\/10\/Dombertduj.jpg?zoom=2&amp;resize=150%2C150&amp;ssl=1 300w, https:\/\/i0.wp.com\/www.jazzzeitung.de\/cms\/wp-content\/uploads\/2015\/10\/Dombertduj.jpg?zoom=3&amp;resize=150%2C150&amp;ssl=1 450w\" sizes=\"auto, (max-width: 150px) 100vw, 150px\" \/><\/a><figcaption id=\"caption-attachment-7505\" class=\"wp-caption-text\">Von links: Henning Sieverts (b), Andreas Dombert (Chef), Matthias Meusel (dr), Lutz H\u00e4fner (sax) und Peter Sandner alias &#8222;Dorsch&#8220; (Sampler und Synth). Foto: duj<\/figcaption><\/figure>\n<p>Gitarrist Andreas Dombert tourte in den vergangenen Jahren mit Weltstars wie Larry Coryell, Philip Catherine, Ulf Wakenius oder Airto Moreira. Mit seiner Formation \u201eNight of Jazz Guitars\u201c trat er bei hochkar\u00e4tigen internationalen Festivals auf, als Kopf der Band\u00a0\u201eDombert\u00b4s Urban Jazz\u201c experimentierte er mit Elektronik-Einfl\u00fcssen und feilte an seiner ganz eigenen Klang\u00e4sthetik.<\/p>\n<p>Am kommenden Mittwoch (4. 11.) gastieren Dombert und sein Urban Jazz-Projekt in seiner Wahlheimatstadt Regensburg mit einem brandneuen Programm. Ein Jahr lang feilte er in der Stadtkunst, einem K\u00fcnstlerhaus am Stadtrand von Regensburg, zusammen mit dem Elektroniker Peter Sandner und dem Videok\u00fcnstler Ralf Oberleitner an den neuen St\u00fccken.<\/p>\n<p>Im Jazzclub Leerer Beutel in Regensburg erwartet die Besucher ein brandneues Programm, das gerade auf einer Tour durch S\u00fcddeutschland erprobt wird und gleichzeitig im M\u00fcnchener Studio von Manfred Mildenberg aufgenommen wird. Die Premiere in der M\u00fcnchner Unterfahrt ist gelungen, und mit jedem Konzert w\u00e4chst das Programm zusammen und gewinnt an Perfektion. Weitere Konzerttermine sind Amberg (29.10.), Neumarkt (30.10.) und Feldafing (31.10.). Die Tour gastiert nicht nur in klassischen Jazzclubs , sondern auch in Konzert- und Theaters\u00e4len wie dem Casinosaal in Amberg oder dem Reitstadel in Neumarkt. Denn das Urban Jazz Jazz-Konzept verlangt nach entsprechend technisch ausger\u00fcsteten R\u00e4umlichkeiten, und es spricht durch die Verbindung der K\u00fcnste ein anderes Publikum an. Im Gespr\u00e4ch mit den Betreibern des neuen Konzerthauses in Blaibach im Bayerischen Wald ist man auch schon.<\/p>\n<p>W\u00e4hrend die erste CD von Urban Jazz noch experimentell war, war man mit der zweiten bereits zu einer organischen Verbindung zwischen analogen und elektronischen Komponenten gekommen. Die dritte CD, die f\u00fcr 2017 geplant ist, soll, so verspricht es Andreas Dombert, ganz anders klingen, in Richtung \u201caudiophil\u201d. Wer wissen will, wie sich Urban Jazz in zwei Jahren auf CD anh\u00f6rt, der kann jetzt live Zeuge des Entstehungsprozesses werden.<\/p>\n<p>Andreas Dombert begann seine musikalische Ausbildung mit klassischem Klavier. Sp\u00e4ter studierte er Jazzgitarre an der Hochschule f\u00fcr Musik N\u00fcrnberg-Augsburg bei Helmut Kagerer und Paulo Morello. Von 2002 bis 2004 war er Mitglied des Bundesjugendjazzorchesters unter der Leitung von Peter Herbolzheimer. Mit einem Studienaufenthalt in New York komplettierte er seine Ausbildung. Als Studiomusiker und Live-Gitarrist f\u00fcr verschiedene Pop-Acts bringt er es auf mehr als 500 Konzerte, Charterfolge und dutzende Fernsehauftritte. Er war Mitglied der Jazz-Metal-Combo \u201ePanzerballett\u201c und spielte das Album \u201eStarke St\u00fccke\u201c mit ein, das bei ACT erschienen ist.\u00a0Seine Band \u201eDombert\u2019s Urban Jazz\u201c entstand nicht am Rei\u00dfbrett einer Plattenfirma, sondern genau genommen aus seiner Spielerei. Schon zu Studienzeiten hatten er und Peter Sandner mit Computersound und analogen Gitarrenkl\u00e4ngen experimentiert. Ein k\u00fcnstlerisches Konzept wurde es in dem Moment, als BR-Redakteur Roland Spiegel Ohrenzeuge ein Dombert\/Sandner Duo-Aktion wurde und versprach, die beiden aufzunehmen, wenn sie mal wieder auftreten w\u00fcrden. Das war der Startschuss. 2010 wurde es dann Ernst: Seit damals lotet Dombert die Grenzen des Genres aus \u2013 mit einem Mix aus analogen Sounds, Elektronik und Videokunst. Das \u201eUrban Jazz\u201c-Deb\u00fct erschien in der Reihe \u201eJazz thing &#8211; Next Generation\u201c. Den Nachfolger \u201e16\/8\u201c lobte die \u201eS\u00fcddeutsche Zeitung\u201c 2013 als \u201eeines der spannendsten Alben des Jahres\u201c. Nach einem spektakul\u00e4ren Konzert beim Jazzfest Bonn vor 1.800 Zuschauern und vor allem Zusehern, denn das dortige Jazzfest verf\u00fcgt \u00fcber eine exzellente LED-Leinwand, und vielen weiteren Auftritten kommt Urban Jazz jetzt mit dem dritten Programm auf die B\u00fchne. Andreas Domberts Gitarrenton, der klar in der Tradition verwurzelt ist, verschmilzt darauf mit den avantgardistischen Kl\u00e4ngen des Soundfricklers Peter Sandner alias \u201eDorsch\u201c zu einem musikalischen Amalgam \u2013 vollendet durch das hervorragende Spiel ihrer Mitmusiker. Die Visuals stammen von Ralf Oberleitner. Saxophonist Lutz H\u00e4fner geh\u00f6rt zu den ganz Gro\u00dfen seines Faches. Er arbeitete mit K\u00fcnstlern wie Adam Rodgers, Joey Calderazzo, Till Br\u00f6nner oder Die Fantastischen Vier zusammen. Bassist Henning Sieverts ist ebenfalls Echo-Preistr\u00e4ger und einer der profiliertesten Musiker Europas. Er ist auf mehr als 100 Tontr\u00e4gern zu h\u00f6ren und spielte unter anderem mit Roy Hargrove, Chris Speed, Marc Copland und Bireli Lagr\u00e9ne. Schlagzeuger Matthias Meusel ist Taktgeber von Acts wie Roger Cicero, Tok Tok Tok, Randy Crawford, Tom Gaebel oder Ulrich Tukur. Es ist offensichtlich: Dombert\u2019s Urban Jazz ist nicht nur beim Publikum, sondern auch bei den Musikern gefragt.<\/p>\n<p><strong>Live Termine Dombert\u2019s Urban Jazz:<\/strong><\/p>\n<p>29.10.2015 Amberg, Casino-Saal<\/p>\n<p>30.10.2015 Neumarkt i.d. Oberpfalz, Reitstadl<\/p>\n<p>31.10.2015 Feldafing, Jazz am See<\/p>\n<p>04.11.2015 Regensburg, Leerer Beutel<\/p>\n<p>6.11. Heilbronn, Cave 61<\/p>\n<p>7.11. D\u00fcsseldorf, Jazz-Schmiede<\/p>\n","protected":false},"excerpt":{"rendered":"<p>Gitarrist Andreas Dombert tourte in den vergangenen Jahren mit Weltstars wie Larry Coryell, Philip Catherine, Ulf Wakenius oder Airto Moreira. Mit seiner Formation \u201eNight of Jazz Guitars\u201c trat er bei hochkar\u00e4tigen internationalen Festivals auf, als Kopf der Band\u00a0\u201eDombert\u00b4s Urban Jazz\u201c experimentierte er mit Elektronik-Einfl\u00fcssen und feilte an seiner ganz eigenen Klang\u00e4sthetik. Am kommenden Mittwoch (4. 11.) gastieren Dombert und sein Urban Jazz-Projekt in seiner Wahlheimatstadt Regensburg mit einem brandneuen Programm. Ein Jahr lang feilte er in der Stadtkunst, einem K\u00fcnstlerhaus am Stadtrand von Regensburg, zusammen mit dem Elektroniker Peter Sandner und dem Videok\u00fcnstler Ralf Oberleitner an den neuen St\u00fccken. Im Jazzclub Leerer Beutel in Regensburg erwartet die Besucher ein brandneues Programm, das gerade auf einer Tour durch S\u00fcddeutschland erprobt wird und gleichzeitig im M\u00fcnchener Studio von Manfred Mildenberg aufgenommen wird. Die Premiere in der M\u00fcnchner Unterfahrt ist gelungen, und mit jedem Konzert w\u00e4chst das Programm zusammen und gewinnt an Perfektion. Weitere Konzerttermine sind Amberg (29.10.), Neumarkt (30.10.) und Feldafing (31.10.). Die Tour gastiert nicht nur in klassischen Jazzclubs , sondern auch in Konzert- und Theaters\u00e4len wie dem Casinosaal in Amberg oder dem Reitstadel in Neumarkt. &hellip;<\/p>\n","protected":false},"author":18,"featured_media":0,"comment_status":"open","ping_status":"closed","sticky":false,"template":"","format":"standard","meta":{"_jetpack_memberships_contains_paid_content":false,"footnotes":"","jetpack_publicize_message":"","jetpack_publicize_feature_enabled":true,"jetpack_social_post_already_shared":false,"jetpack_social_options":{"image_generator_settings":{"template":"highway","default_image_id":0,"font":"","enabled":false},"version":2}},"categories":[1063],"tags":[29,34,941,1203,91,109,942,980,682,221,271,928,751,322,323,787,1100,904,423,262,438,447,1170,1797,473,485,510,530,549,555,558,573],"coauthors":[695],"class_list":["post-7504","post","type-post","status-publish","format-standard","hentry","category-portrait","tag-act","tag-album","tag-andreas-dombert","tag-augsburg","tag-bonn","tag-cd","tag-domberts-urban-jazz","tag-echo","tag-festivals","tag-henning-sieverts","tag-jazzclub","tag-jazzclubs","tag-jazzfest","tag-konzert-2","tag-konzerte","tag-leerer-beutel","tag-lutz-haefner","tag-new-york","tag-nuernberg","tag-panzerballett","tag-peter-herbolzheimer","tag-pop","tag-preistraeger","tag-regensburg","tag-roland-spiegel","tag-sampler","tag-spiegel","tag-sueddeutsche","tag-till-broenner","tag-tom-gaebel","tag-tour","tag-unterfahrt"],"yoast_head":"<!-- This site is optimized with the Yoast SEO plugin v27.5 - https:\/\/yoast.com\/product\/yoast-seo-wordpress\/ -->\n<title>Dombert&#039;s Urban Jazz, unterwegs mit dem neuen Programm - JazzZeitung<\/title>\n<meta name=\"robots\" content=\"index, follow, max-snippet:-1, max-image-preview:large, max-video-preview:-1\" \/>\n<link rel=\"canonical\" href=\"https:\/\/www.jazzzeitung.de\/cms\/2015\/10\/domberts-urban-jazz-unterwegs-mit-dem-neuen-programm\/\" \/>\n<meta property=\"og:locale\" content=\"de_DE\" \/>\n<meta property=\"og:type\" content=\"article\" \/>\n<meta property=\"og:title\" content=\"Dombert&#039;s Urban Jazz, unterwegs mit dem neuen Programm - JazzZeitung\" \/>\n<meta property=\"og:description\" content=\"Gitarrist Andreas Dombert tourte in den vergangenen Jahren mit Weltstars wie Larry Coryell, Philip Catherine, Ulf Wakenius oder Airto Moreira. Mit seiner Formation \u201eNight of Jazz Guitars\u201c trat er bei hochkar\u00e4tigen internationalen Festivals auf, als Kopf der Band\u00a0\u201eDombert\u00b4s Urban Jazz\u201c experimentierte er mit Elektronik-Einfl\u00fcssen und feilte an seiner ganz eigenen Klang\u00e4sthetik. Am kommenden Mittwoch (4. 11.) gastieren Dombert und sein Urban Jazz-Projekt in seiner Wahlheimatstadt Regensburg mit einem brandneuen Programm. Ein Jahr lang feilte er in der Stadtkunst, einem K\u00fcnstlerhaus am Stadtrand von Regensburg, zusammen mit dem Elektroniker Peter Sandner und dem Videok\u00fcnstler Ralf Oberleitner an den neuen St\u00fccken. Im Jazzclub Leerer Beutel in Regensburg erwartet die Besucher ein brandneues Programm, das gerade auf einer Tour durch S\u00fcddeutschland erprobt wird und gleichzeitig im M\u00fcnchener Studio von Manfred Mildenberg aufgenommen wird. Die Premiere in der M\u00fcnchner Unterfahrt ist gelungen, und mit jedem Konzert w\u00e4chst das Programm zusammen und gewinnt an Perfektion. Weitere Konzerttermine sind Amberg (29.10.), Neumarkt (30.10.) und Feldafing (31.10.). Die Tour gastiert nicht nur in klassischen Jazzclubs , sondern auch in Konzert- und Theaters\u00e4len wie dem Casinosaal in Amberg oder dem Reitstadel in Neumarkt. &hellip;\" \/>\n<meta property=\"og:url\" content=\"https:\/\/www.jazzzeitung.de\/cms\/2015\/10\/domberts-urban-jazz-unterwegs-mit-dem-neuen-programm\/\" \/>\n<meta property=\"og:site_name\" content=\"JazzZeitung\" \/>\n<meta property=\"article:publisher\" content=\"https:\/\/www.facebook.com\/JazzZeitung\/\" \/>\n<meta property=\"article:published_time\" content=\"2015-10-29T17:16:36+00:00\" \/>\n<meta property=\"article:modified_time\" content=\"2015-10-29T17:24:46+00:00\" \/>\n<meta property=\"og:image\" content=\"http:\/\/www.jazzzeitung.de\/cms\/wp-content\/uploads\/2015\/10\/Dombertduj-150x150.jpg\" \/>\n<meta name=\"author\" content=\"Redaktion JazzZeitung\" \/>\n<script type=\"application\/ld+json\" class=\"yoast-schema-graph\">{\"@context\":\"https:\\\/\\\/schema.org\",\"@graph\":[{\"@type\":\"Article\",\"@id\":\"https:\\\/\\\/www.jazzzeitung.de\\\/cms\\\/2015\\\/10\\\/domberts-urban-jazz-unterwegs-mit-dem-neuen-programm\\\/#article\",\"isPartOf\":{\"@id\":\"https:\\\/\\\/www.jazzzeitung.de\\\/cms\\\/2015\\\/10\\\/domberts-urban-jazz-unterwegs-mit-dem-neuen-programm\\\/\"},\"author\":{\"name\":\"Redaktion JazzZeitung\",\"@id\":\"https:\\\/\\\/www.jazzzeitung.de\\\/cms\\\/#\\\/schema\\\/person\\\/2245b36b9cd1d24cea10f01c031fb92b\"},\"headline\":\"Dombert&#8217;s Urban Jazz, unterwegs mit dem neuen Programm\",\"datePublished\":\"2015-10-29T17:16:36+00:00\",\"dateModified\":\"2015-10-29T17:24:46+00:00\",\"mainEntityOfPage\":{\"@id\":\"https:\\\/\\\/www.jazzzeitung.de\\\/cms\\\/2015\\\/10\\\/domberts-urban-jazz-unterwegs-mit-dem-neuen-programm\\\/\"},\"wordCount\":767,\"commentCount\":0,\"publisher\":{\"@id\":\"https:\\\/\\\/www.jazzzeitung.de\\\/cms\\\/#organization\"},\"image\":{\"@id\":\"https:\\\/\\\/www.jazzzeitung.de\\\/cms\\\/2015\\\/10\\\/domberts-urban-jazz-unterwegs-mit-dem-neuen-programm\\\/#primaryimage\"},\"thumbnailUrl\":\"http:\\\/\\\/www.jazzzeitung.de\\\/cms\\\/wp-content\\\/uploads\\\/2015\\\/10\\\/Dombertduj-150x150.jpg\",\"keywords\":[\"act\",\"Album\",\"Andreas Dombert\",\"Augsburg\",\"Bonn\",\"CD\",\"Dombert's Urban Jazz\",\"ECHO\",\"Festivals\",\"Henning Sieverts\",\"Jazzclub\",\"Jazzclubs\",\"Jazzfest\",\"Konzert\",\"Konzerte\",\"Leerer Beutel\",\"Lutz H\u00e4fner\",\"New York\",\"N\u00fcrnberg\",\"Panzerballett\",\"Peter Herbolzheimer\",\"Pop\",\"Preistr\u00e4ger\",\"Regensburg\",\"Roland Spiegel\",\"Sampler\",\"Spiegel\",\"S\u00fcddeutsche\",\"Till Br\u00f6nner\",\"Tom Gaebel\",\"Tour\",\"Unterfahrt\"],\"articleSection\":[\"Portrait\"],\"inLanguage\":\"de\",\"potentialAction\":[{\"@type\":\"CommentAction\",\"name\":\"Comment\",\"target\":[\"https:\\\/\\\/www.jazzzeitung.de\\\/cms\\\/2015\\\/10\\\/domberts-urban-jazz-unterwegs-mit-dem-neuen-programm\\\/#respond\"]}]},{\"@type\":\"WebPage\",\"@id\":\"https:\\\/\\\/www.jazzzeitung.de\\\/cms\\\/2015\\\/10\\\/domberts-urban-jazz-unterwegs-mit-dem-neuen-programm\\\/\",\"url\":\"https:\\\/\\\/www.jazzzeitung.de\\\/cms\\\/2015\\\/10\\\/domberts-urban-jazz-unterwegs-mit-dem-neuen-programm\\\/\",\"name\":\"Dombert's Urban Jazz, unterwegs mit dem neuen Programm - JazzZeitung\",\"isPartOf\":{\"@id\":\"https:\\\/\\\/www.jazzzeitung.de\\\/cms\\\/#website\"},\"primaryImageOfPage\":{\"@id\":\"https:\\\/\\\/www.jazzzeitung.de\\\/cms\\\/2015\\\/10\\\/domberts-urban-jazz-unterwegs-mit-dem-neuen-programm\\\/#primaryimage\"},\"image\":{\"@id\":\"https:\\\/\\\/www.jazzzeitung.de\\\/cms\\\/2015\\\/10\\\/domberts-urban-jazz-unterwegs-mit-dem-neuen-programm\\\/#primaryimage\"},\"thumbnailUrl\":\"http:\\\/\\\/www.jazzzeitung.de\\\/cms\\\/wp-content\\\/uploads\\\/2015\\\/10\\\/Dombertduj-150x150.jpg\",\"datePublished\":\"2015-10-29T17:16:36+00:00\",\"dateModified\":\"2015-10-29T17:24:46+00:00\",\"breadcrumb\":{\"@id\":\"https:\\\/\\\/www.jazzzeitung.de\\\/cms\\\/2015\\\/10\\\/domberts-urban-jazz-unterwegs-mit-dem-neuen-programm\\\/#breadcrumb\"},\"inLanguage\":\"de\",\"potentialAction\":[{\"@type\":\"ReadAction\",\"target\":[\"https:\\\/\\\/www.jazzzeitung.de\\\/cms\\\/2015\\\/10\\\/domberts-urban-jazz-unterwegs-mit-dem-neuen-programm\\\/\"]}]},{\"@type\":\"ImageObject\",\"inLanguage\":\"de\",\"@id\":\"https:\\\/\\\/www.jazzzeitung.de\\\/cms\\\/2015\\\/10\\\/domberts-urban-jazz-unterwegs-mit-dem-neuen-programm\\\/#primaryimage\",\"url\":\"http:\\\/\\\/www.jazzzeitung.de\\\/cms\\\/wp-content\\\/uploads\\\/2015\\\/10\\\/Dombertduj-150x150.jpg\",\"contentUrl\":\"http:\\\/\\\/www.jazzzeitung.de\\\/cms\\\/wp-content\\\/uploads\\\/2015\\\/10\\\/Dombertduj-150x150.jpg\"},{\"@type\":\"BreadcrumbList\",\"@id\":\"https:\\\/\\\/www.jazzzeitung.de\\\/cms\\\/2015\\\/10\\\/domberts-urban-jazz-unterwegs-mit-dem-neuen-programm\\\/#breadcrumb\",\"itemListElement\":[{\"@type\":\"ListItem\",\"position\":1,\"name\":\"Startseite\",\"item\":\"https:\\\/\\\/www.jazzzeitung.de\\\/cms\\\/\"},{\"@type\":\"ListItem\",\"position\":2,\"name\":\"Dombert&#8217;s Urban Jazz, unterwegs mit dem neuen Programm\"}]},{\"@type\":\"WebSite\",\"@id\":\"https:\\\/\\\/www.jazzzeitung.de\\\/cms\\\/#website\",\"url\":\"https:\\\/\\\/www.jazzzeitung.de\\\/cms\\\/\",\"name\":\"JazzZeitung\",\"description\":\"Jazz-News und Jazz-Kontroverses\",\"publisher\":{\"@id\":\"https:\\\/\\\/www.jazzzeitung.de\\\/cms\\\/#organization\"},\"potentialAction\":[{\"@type\":\"SearchAction\",\"target\":{\"@type\":\"EntryPoint\",\"urlTemplate\":\"https:\\\/\\\/www.jazzzeitung.de\\\/cms\\\/?s={search_term_string}\"},\"query-input\":{\"@type\":\"PropertyValueSpecification\",\"valueRequired\":true,\"valueName\":\"search_term_string\"}}],\"inLanguage\":\"de\"},{\"@type\":\"Organization\",\"@id\":\"https:\\\/\\\/www.jazzzeitung.de\\\/cms\\\/#organization\",\"name\":\"JazzZeitung online\",\"url\":\"https:\\\/\\\/www.jazzzeitung.de\\\/cms\\\/\",\"logo\":{\"@type\":\"ImageObject\",\"inLanguage\":\"de\",\"@id\":\"https:\\\/\\\/www.jazzzeitung.de\\\/cms\\\/#\\\/schema\\\/logo\\\/image\\\/\",\"url\":\"https:\\\/\\\/i0.wp.com\\\/www.jazzzeitung.de\\\/cms\\\/wp-content\\\/uploads\\\/2015\\\/08\\\/JAZZZEITUNGDE_Logo_Neu.png?fit=499%2C200&ssl=1\",\"contentUrl\":\"https:\\\/\\\/i0.wp.com\\\/www.jazzzeitung.de\\\/cms\\\/wp-content\\\/uploads\\\/2015\\\/08\\\/JAZZZEITUNGDE_Logo_Neu.png?fit=499%2C200&ssl=1\",\"width\":499,\"height\":200,\"caption\":\"JazzZeitung online\"},\"image\":{\"@id\":\"https:\\\/\\\/www.jazzzeitung.de\\\/cms\\\/#\\\/schema\\\/logo\\\/image\\\/\"},\"sameAs\":[\"https:\\\/\\\/www.facebook.com\\\/JazzZeitung\\\/\"]},{\"@type\":\"Person\",\"@id\":\"https:\\\/\\\/www.jazzzeitung.de\\\/cms\\\/#\\\/schema\\\/person\\\/2245b36b9cd1d24cea10f01c031fb92b\",\"name\":\"Redaktion JazzZeitung\",\"image\":{\"@type\":\"ImageObject\",\"inLanguage\":\"de\",\"@id\":\"https:\\\/\\\/i0.wp.com\\\/www.jazzzeitung.de\\\/cms\\\/wp-content\\\/uploads\\\/2015\\\/08\\\/JAZZZEITUNGDE_Logo_Neu.png?resize=96%2C96&ssl=159975dcacb611b5700bd619b5daf0a7a\",\"url\":\"https:\\\/\\\/i0.wp.com\\\/www.jazzzeitung.de\\\/cms\\\/wp-content\\\/uploads\\\/2015\\\/08\\\/JAZZZEITUNGDE_Logo_Neu.png?resize=96%2C96&ssl=1\",\"contentUrl\":\"https:\\\/\\\/i0.wp.com\\\/www.jazzzeitung.de\\\/cms\\\/wp-content\\\/uploads\\\/2015\\\/08\\\/JAZZZEITUNGDE_Logo_Neu.png?resize=96%2C96&ssl=1\",\"caption\":\"Redaktion JazzZeitung\"},\"description\":\"Artikel der Redaktion der JazzZeitung.\",\"sameAs\":[\"http:\\\/\\\/www.jazzzeitung.de\\\/cms\\\/\"],\"url\":\"https:\\\/\\\/www.jazzzeitung.de\\\/cms\\\/author\\\/redaktion\\\/\"}]}<\/script>\n<!-- \/ Yoast SEO plugin. -->","yoast_head_json":{"title":"Dombert's Urban Jazz, unterwegs mit dem neuen Programm - JazzZeitung","robots":{"index":"index","follow":"follow","max-snippet":"max-snippet:-1","max-image-preview":"max-image-preview:large","max-video-preview":"max-video-preview:-1"},"canonical":"https:\/\/www.jazzzeitung.de\/cms\/2015\/10\/domberts-urban-jazz-unterwegs-mit-dem-neuen-programm\/","og_locale":"de_DE","og_type":"article","og_title":"Dombert's Urban Jazz, unterwegs mit dem neuen Programm - JazzZeitung","og_description":"Gitarrist Andreas Dombert tourte in den vergangenen Jahren mit Weltstars wie Larry Coryell, Philip Catherine, Ulf Wakenius oder Airto Moreira. Mit seiner Formation \u201eNight of Jazz Guitars\u201c trat er bei hochkar\u00e4tigen internationalen Festivals auf, als Kopf der Band\u00a0\u201eDombert\u00b4s Urban Jazz\u201c experimentierte er mit Elektronik-Einfl\u00fcssen und feilte an seiner ganz eigenen Klang\u00e4sthetik. Am kommenden Mittwoch (4. 11.) gastieren Dombert und sein Urban Jazz-Projekt in seiner Wahlheimatstadt Regensburg mit einem brandneuen Programm. Ein Jahr lang feilte er in der Stadtkunst, einem K\u00fcnstlerhaus am Stadtrand von Regensburg, zusammen mit dem Elektroniker Peter Sandner und dem Videok\u00fcnstler Ralf Oberleitner an den neuen St\u00fccken. Im Jazzclub Leerer Beutel in Regensburg erwartet die Besucher ein brandneues Programm, das gerade auf einer Tour durch S\u00fcddeutschland erprobt wird und gleichzeitig im M\u00fcnchener Studio von Manfred Mildenberg aufgenommen wird. Die Premiere in der M\u00fcnchner Unterfahrt ist gelungen, und mit jedem Konzert w\u00e4chst das Programm zusammen und gewinnt an Perfektion. Weitere Konzerttermine sind Amberg (29.10.), Neumarkt (30.10.) und Feldafing (31.10.). Die Tour gastiert nicht nur in klassischen Jazzclubs , sondern auch in Konzert- und Theaters\u00e4len wie dem Casinosaal in Amberg oder dem Reitstadel in Neumarkt. &hellip;","og_url":"https:\/\/www.jazzzeitung.de\/cms\/2015\/10\/domberts-urban-jazz-unterwegs-mit-dem-neuen-programm\/","og_site_name":"JazzZeitung","article_publisher":"https:\/\/www.facebook.com\/JazzZeitung\/","article_published_time":"2015-10-29T17:16:36+00:00","article_modified_time":"2015-10-29T17:24:46+00:00","og_image":[{"url":"http:\/\/www.jazzzeitung.de\/cms\/wp-content\/uploads\/2015\/10\/Dombertduj-150x150.jpg","type":"","width":"","height":""}],"author":"Redaktion JazzZeitung","schema":{"@context":"https:\/\/schema.org","@graph":[{"@type":"Article","@id":"https:\/\/www.jazzzeitung.de\/cms\/2015\/10\/domberts-urban-jazz-unterwegs-mit-dem-neuen-programm\/#article","isPartOf":{"@id":"https:\/\/www.jazzzeitung.de\/cms\/2015\/10\/domberts-urban-jazz-unterwegs-mit-dem-neuen-programm\/"},"author":{"name":"Redaktion JazzZeitung","@id":"https:\/\/www.jazzzeitung.de\/cms\/#\/schema\/person\/2245b36b9cd1d24cea10f01c031fb92b"},"headline":"Dombert&#8217;s Urban Jazz, unterwegs mit dem neuen Programm","datePublished":"2015-10-29T17:16:36+00:00","dateModified":"2015-10-29T17:24:46+00:00","mainEntityOfPage":{"@id":"https:\/\/www.jazzzeitung.de\/cms\/2015\/10\/domberts-urban-jazz-unterwegs-mit-dem-neuen-programm\/"},"wordCount":767,"commentCount":0,"publisher":{"@id":"https:\/\/www.jazzzeitung.de\/cms\/#organization"},"image":{"@id":"https:\/\/www.jazzzeitung.de\/cms\/2015\/10\/domberts-urban-jazz-unterwegs-mit-dem-neuen-programm\/#primaryimage"},"thumbnailUrl":"http:\/\/www.jazzzeitung.de\/cms\/wp-content\/uploads\/2015\/10\/Dombertduj-150x150.jpg","keywords":["act","Album","Andreas Dombert","Augsburg","Bonn","CD","Dombert's Urban Jazz","ECHO","Festivals","Henning Sieverts","Jazzclub","Jazzclubs","Jazzfest","Konzert","Konzerte","Leerer Beutel","Lutz H\u00e4fner","New York","N\u00fcrnberg","Panzerballett","Peter Herbolzheimer","Pop","Preistr\u00e4ger","Regensburg","Roland Spiegel","Sampler","Spiegel","S\u00fcddeutsche","Till Br\u00f6nner","Tom Gaebel","Tour","Unterfahrt"],"articleSection":["Portrait"],"inLanguage":"de","potentialAction":[{"@type":"CommentAction","name":"Comment","target":["https:\/\/www.jazzzeitung.de\/cms\/2015\/10\/domberts-urban-jazz-unterwegs-mit-dem-neuen-programm\/#respond"]}]},{"@type":"WebPage","@id":"https:\/\/www.jazzzeitung.de\/cms\/2015\/10\/domberts-urban-jazz-unterwegs-mit-dem-neuen-programm\/","url":"https:\/\/www.jazzzeitung.de\/cms\/2015\/10\/domberts-urban-jazz-unterwegs-mit-dem-neuen-programm\/","name":"Dombert's Urban Jazz, unterwegs mit dem neuen Programm - JazzZeitung","isPartOf":{"@id":"https:\/\/www.jazzzeitung.de\/cms\/#website"},"primaryImageOfPage":{"@id":"https:\/\/www.jazzzeitung.de\/cms\/2015\/10\/domberts-urban-jazz-unterwegs-mit-dem-neuen-programm\/#primaryimage"},"image":{"@id":"https:\/\/www.jazzzeitung.de\/cms\/2015\/10\/domberts-urban-jazz-unterwegs-mit-dem-neuen-programm\/#primaryimage"},"thumbnailUrl":"http:\/\/www.jazzzeitung.de\/cms\/wp-content\/uploads\/2015\/10\/Dombertduj-150x150.jpg","datePublished":"2015-10-29T17:16:36+00:00","dateModified":"2015-10-29T17:24:46+00:00","breadcrumb":{"@id":"https:\/\/www.jazzzeitung.de\/cms\/2015\/10\/domberts-urban-jazz-unterwegs-mit-dem-neuen-programm\/#breadcrumb"},"inLanguage":"de","potentialAction":[{"@type":"ReadAction","target":["https:\/\/www.jazzzeitung.de\/cms\/2015\/10\/domberts-urban-jazz-unterwegs-mit-dem-neuen-programm\/"]}]},{"@type":"ImageObject","inLanguage":"de","@id":"https:\/\/www.jazzzeitung.de\/cms\/2015\/10\/domberts-urban-jazz-unterwegs-mit-dem-neuen-programm\/#primaryimage","url":"http:\/\/www.jazzzeitung.de\/cms\/wp-content\/uploads\/2015\/10\/Dombertduj-150x150.jpg","contentUrl":"http:\/\/www.jazzzeitung.de\/cms\/wp-content\/uploads\/2015\/10\/Dombertduj-150x150.jpg"},{"@type":"BreadcrumbList","@id":"https:\/\/www.jazzzeitung.de\/cms\/2015\/10\/domberts-urban-jazz-unterwegs-mit-dem-neuen-programm\/#breadcrumb","itemListElement":[{"@type":"ListItem","position":1,"name":"Startseite","item":"https:\/\/www.jazzzeitung.de\/cms\/"},{"@type":"ListItem","position":2,"name":"Dombert&#8217;s Urban Jazz, unterwegs mit dem neuen Programm"}]},{"@type":"WebSite","@id":"https:\/\/www.jazzzeitung.de\/cms\/#website","url":"https:\/\/www.jazzzeitung.de\/cms\/","name":"JazzZeitung","description":"Jazz-News und Jazz-Kontroverses","publisher":{"@id":"https:\/\/www.jazzzeitung.de\/cms\/#organization"},"potentialAction":[{"@type":"SearchAction","target":{"@type":"EntryPoint","urlTemplate":"https:\/\/www.jazzzeitung.de\/cms\/?s={search_term_string}"},"query-input":{"@type":"PropertyValueSpecification","valueRequired":true,"valueName":"search_term_string"}}],"inLanguage":"de"},{"@type":"Organization","@id":"https:\/\/www.jazzzeitung.de\/cms\/#organization","name":"JazzZeitung online","url":"https:\/\/www.jazzzeitung.de\/cms\/","logo":{"@type":"ImageObject","inLanguage":"de","@id":"https:\/\/www.jazzzeitung.de\/cms\/#\/schema\/logo\/image\/","url":"https:\/\/i0.wp.com\/www.jazzzeitung.de\/cms\/wp-content\/uploads\/2015\/08\/JAZZZEITUNGDE_Logo_Neu.png?fit=499%2C200&ssl=1","contentUrl":"https:\/\/i0.wp.com\/www.jazzzeitung.de\/cms\/wp-content\/uploads\/2015\/08\/JAZZZEITUNGDE_Logo_Neu.png?fit=499%2C200&ssl=1","width":499,"height":200,"caption":"JazzZeitung online"},"image":{"@id":"https:\/\/www.jazzzeitung.de\/cms\/#\/schema\/logo\/image\/"},"sameAs":["https:\/\/www.facebook.com\/JazzZeitung\/"]},{"@type":"Person","@id":"https:\/\/www.jazzzeitung.de\/cms\/#\/schema\/person\/2245b36b9cd1d24cea10f01c031fb92b","name":"Redaktion JazzZeitung","image":{"@type":"ImageObject","inLanguage":"de","@id":"https:\/\/i0.wp.com\/www.jazzzeitung.de\/cms\/wp-content\/uploads\/2015\/08\/JAZZZEITUNGDE_Logo_Neu.png?resize=96%2C96&ssl=159975dcacb611b5700bd619b5daf0a7a","url":"https:\/\/i0.wp.com\/www.jazzzeitung.de\/cms\/wp-content\/uploads\/2015\/08\/JAZZZEITUNGDE_Logo_Neu.png?resize=96%2C96&ssl=1","contentUrl":"https:\/\/i0.wp.com\/www.jazzzeitung.de\/cms\/wp-content\/uploads\/2015\/08\/JAZZZEITUNGDE_Logo_Neu.png?resize=96%2C96&ssl=1","caption":"Redaktion JazzZeitung"},"description":"Artikel der Redaktion der JazzZeitung.","sameAs":["http:\/\/www.jazzzeitung.de\/cms\/"],"url":"https:\/\/www.jazzzeitung.de\/cms\/author\/redaktion\/"}]}},"wp-worthy-pixel":{"ignored":false,"public":null,"server":null,"url":null},"wp-worthy-type":"normal","jetpack_publicize_connections":[],"cc_featured_image_caption":{"caption_text":false,"source_text":false,"source_url":false},"jetpack_featured_media_url":"","jetpack_shortlink":"https:\/\/wp.me\/p3KEcT-1X2","jetpack-related-posts":[{"id":3634,"url":"https:\/\/www.jazzzeitung.de\/cms\/2014\/03\/5-fragen-an-domberts-urban-jazz-konzert-im-studio-2-des-br\/","url_meta":{"origin":7504,"position":0},"title":"5 Fragen an: Dombert&#8217;s Urban Jazz &#8211; Konzert im Studio 2 des BR","author":"Redaktion JazzZeitung","date":"19. M\u00e4rz 2014","format":false,"excerpt":"\"B\u00fchne frei im Studio 2\" hei\u00dft es wieder am 26. M\u00e4rz im Bayerischen Rundfunk. Dombert's Urban Jazz spielen in der Besetzung Andreas Dombert, Gitarre und Komposition; Peter Sandner, Electronics; Lutz H\u00e4fner, Saxophon; Henning Sieverts, Bass; Matthias Meusel, Schlagzeug und Ralf Oberleitner, Videok\u00fcnstler ab 20 Uhr. Anl\u00e4sslich dieses Events ver\u00f6ffentlichen wir\u2026","rel":"","context":"In &quot;Archiv&quot;","block_context":{"text":"Archiv","link":"https:\/\/www.jazzzeitung.de\/cms\/thema\/archiv\/"},"img":{"alt_text":"SONY DSC","src":"https:\/\/i0.wp.com\/www.jazzzeitung.de\/cms\/wp-content\/uploads\/2014\/03\/Dombert-150x150.jpg?resize=350%2C200","width":350,"height":200},"classes":[]},{"id":11882,"url":"https:\/\/www.jazzzeitung.de\/cms\/2017\/03\/andreas-dombert-mit-seinem-neuen-album-35\/","url_meta":{"origin":7504,"position":1},"title":"Andreas Dombert mit seinem neuen Album \u201e35\u201c","author":"Redaktion JazzZeitung","date":"9. M\u00e4rz 2017","format":false,"excerpt":"Die Vorbereitungen waren bis ins Detail ausget\u00fcftelt, das Ergebnis dennoch bis zu einem gewissen Grad offen. F\u00fcr die Aufnahmen zu seinem Album \u201e35\u201c hat sich Andreas Dombert extra zwei Tage fr\u00fcher in einem Hotel nahe beim Aufnahmestudio eingemietet. Er wollte den Klang des Studios kennenlernen, um sich darauf einstellen zu\u2026","rel":"","context":"In &quot;Rezension&quot;","block_context":{"text":"Rezension","link":"https:\/\/www.jazzzeitung.de\/cms\/thema\/rezension\/"},"img":{"alt_text":"","src":"https:\/\/i0.wp.com\/www.jazzzeitung.de\/cms\/wp-content\/uploads\/2017\/03\/Dombert35-cover-150x150.jpg?resize=350%2C200","width":350,"height":200},"classes":[]},{"id":14601,"url":"https:\/\/www.jazzzeitung.de\/cms\/2017\/12\/minimal-jazz-andreas-dombert-im-regensburger-kulturhaus-leerer-beutel\/","url_meta":{"origin":7504,"position":2},"title":"Minimal Jazz: Andreas Dombert im Regensburger Kulturhaus Leerer Beutel","author":"Michael Scheiner","date":"21. Dezember 2017","format":false,"excerpt":"Minimal Schritte in eine neue Richtung Der Regensburger Gitarrist Andreas Dombert stellte im Kulturhaus Leerer Beutel sein neues Programm mit Minimal-Kompositionen vor Er sei, schildert Gitarrist Andreas Dombert auf der schmalen B\u00fchne im dritten Stock des Leeren Beutels in Regensburg, \u201ein ein richtiges Loch gefallen\u201c. Nach der Produktion des Album\u2026","rel":"","context":"In &quot;Bericht&quot;","block_context":{"text":"Bericht","link":"https:\/\/www.jazzzeitung.de\/cms\/thema\/bericht\/"},"img":{"alt_text":"","src":"https:\/\/i0.wp.com\/www.jazzzeitung.de\/cms\/wp-content\/uploads\/2017\/12\/Dombert-Andreas_81.jpg?fit=1200%2C798&ssl=1&resize=350%2C200","width":350,"height":200,"srcset":"https:\/\/i0.wp.com\/www.jazzzeitung.de\/cms\/wp-content\/uploads\/2017\/12\/Dombert-Andreas_81.jpg?fit=1200%2C798&ssl=1&resize=350%2C200 1x, https:\/\/i0.wp.com\/www.jazzzeitung.de\/cms\/wp-content\/uploads\/2017\/12\/Dombert-Andreas_81.jpg?fit=1200%2C798&ssl=1&resize=525%2C300 1.5x, https:\/\/i0.wp.com\/www.jazzzeitung.de\/cms\/wp-content\/uploads\/2017\/12\/Dombert-Andreas_81.jpg?fit=1200%2C798&ssl=1&resize=700%2C400 2x, https:\/\/i0.wp.com\/www.jazzzeitung.de\/cms\/wp-content\/uploads\/2017\/12\/Dombert-Andreas_81.jpg?fit=1200%2C798&ssl=1&resize=1050%2C600 3x"},"classes":[]},{"id":3894,"url":"https:\/\/www.jazzzeitung.de\/cms\/2014\/05\/dombert-und-gall-mit-cd-release-konzert-regensburg\/","url_meta":{"origin":7504,"position":3},"title":"Dombert und Gall mit CD-Release-Konzert in Regensburg","author":"Andreas Kolb","date":"18. Mai 2014","format":false,"excerpt":"Am 22. Mai\u00a0 stellen\u00a0Andreas Dombert und Chris Gall\u00a0 ihre neue CD \"DUO\" im\u00a0\u00a0 Regensburger\u00a0Jazzclub Leerer Beutel\u00a0 vor. Andreas Dombert und Chris Gall sind ein \u00fcberaus frisch und locker klingendes Gespann, besonders wenn man bedenkt, dass die Kombination Archtop-Jazzgitarre und akustisches Klavier systembedingt problematisch ist, weil sich die beiden Instrumente gern\u2026","rel":"","context":"In &quot;Blog&quot;","block_context":{"text":"Blog","link":"https:\/\/www.jazzzeitung.de\/cms\/thema\/blog\/"},"img":{"alt_text":"Andreas Dombert und Chris Gall mit neuer CD","src":"https:\/\/i0.wp.com\/www.jazzzeitung.de\/cms\/wp-content\/uploads\/2014\/05\/1-Dombert_Gall1.jpg?fit=538%2C358&ssl=1&resize=350%2C200","width":350,"height":200,"srcset":"https:\/\/i0.wp.com\/www.jazzzeitung.de\/cms\/wp-content\/uploads\/2014\/05\/1-Dombert_Gall1.jpg?fit=538%2C358&ssl=1&resize=350%2C200 1x, https:\/\/i0.wp.com\/www.jazzzeitung.de\/cms\/wp-content\/uploads\/2014\/05\/1-Dombert_Gall1.jpg?fit=538%2C358&ssl=1&resize=525%2C300 1.5x"},"classes":[]},{"id":30380,"url":"https:\/\/www.jazzzeitung.de\/cms\/2023\/12\/delphine-und-bienen-cd-von-andreas-dombert-openthebox-trio-unperfect-buildings\/","url_meta":{"origin":7504,"position":4},"title":"Delphine und Bienen &#8211; CD von Andreas Dombert &#038; openthebox Trio: \u201eunperfect buildings\u201c","author":"Redaktion JazzZeitung","date":"9. Dezember 2023","format":false,"excerpt":"Von Michael Scheiner. Es liegt eine Z\u00e4rtlichkeit und Bewunderung in diesen paar Noten, die Andreas Dombert auf den Saiten seiner Gitarre anschl\u00e4gt, die ans Herz gehen. Den verspielten Meeresbewohnern, den \u201eDolphins near Venice\u201c, widmet der Regensburger Musiker ein langes Intro, bevor sich Bassist Axel K\u00fchn mit einem sch\u00f6n gerankten melodischen\u2026","rel":"","context":"In &quot;Rezension&quot;","block_context":{"text":"Rezension","link":"https:\/\/www.jazzzeitung.de\/cms\/thema\/rezension\/"},"img":{"alt_text":"","src":"https:\/\/i0.wp.com\/www.jazzzeitung.de\/cms\/wp-content\/uploads\/2023\/12\/openthebox_2.jpg?fit=1200%2C800&ssl=1&resize=350%2C200","width":350,"height":200,"srcset":"https:\/\/i0.wp.com\/www.jazzzeitung.de\/cms\/wp-content\/uploads\/2023\/12\/openthebox_2.jpg?fit=1200%2C800&ssl=1&resize=350%2C200 1x, https:\/\/i0.wp.com\/www.jazzzeitung.de\/cms\/wp-content\/uploads\/2023\/12\/openthebox_2.jpg?fit=1200%2C800&ssl=1&resize=525%2C300 1.5x, https:\/\/i0.wp.com\/www.jazzzeitung.de\/cms\/wp-content\/uploads\/2023\/12\/openthebox_2.jpg?fit=1200%2C800&ssl=1&resize=700%2C400 2x, https:\/\/i0.wp.com\/www.jazzzeitung.de\/cms\/wp-content\/uploads\/2023\/12\/openthebox_2.jpg?fit=1200%2C800&ssl=1&resize=1050%2C600 3x"},"classes":[]},{"id":4481,"url":"https:\/\/www.jazzzeitung.de\/cms\/2014\/08\/neue-jazzzeitung-201404-im-handel\/","url_meta":{"origin":7504,"position":5},"title":"Neue JazzZeitung 2014\/04 im Handel","author":"Redaktion JazzZeitung","date":"24. August 2014","format":false,"excerpt":"Gedruckt und zug\u00e4nglich: Die neue aktuelle JazzZeitung 2014\/04. Berichte: S\u00fcdtirol Festival, Jazz Sommer im Bayerischen Hof, Bayerisches Jazzweekend, Festival Bingen swingt, Andreas Dombert \/ Chris Gall im Leeren Beutel Regensburg, Ystad Sweden Jazz Festival 2014 Portrait: Ketil Bj\u00f8rnstad, Andrea Keller (Pianistin und Komponistin aus Australien), der Harfenist Edmar Casta\u00f1eda, das\u2026","rel":"","context":"In &quot;JazzZeitung (print)&quot;","block_context":{"text":"JazzZeitung (print)","link":"https:\/\/www.jazzzeitung.de\/cms\/thema\/archiv\/jazzzeitung-print\/"},"img":{"alt_text":"JazzZeitung 2014\/04 - Titelblatt","src":"https:\/\/i0.wp.com\/www.jazzzeitung.de\/cms\/wp-content\/uploads\/2014\/08\/2014-04-jazzzeitung.jpg?fit=804%2C1200&ssl=1&resize=350%2C200","width":350,"height":200,"srcset":"https:\/\/i0.wp.com\/www.jazzzeitung.de\/cms\/wp-content\/uploads\/2014\/08\/2014-04-jazzzeitung.jpg?fit=804%2C1200&ssl=1&resize=350%2C200 1x, https:\/\/i0.wp.com\/www.jazzzeitung.de\/cms\/wp-content\/uploads\/2014\/08\/2014-04-jazzzeitung.jpg?fit=804%2C1200&ssl=1&resize=525%2C300 1.5x, https:\/\/i0.wp.com\/www.jazzzeitung.de\/cms\/wp-content\/uploads\/2014\/08\/2014-04-jazzzeitung.jpg?fit=804%2C1200&ssl=1&resize=700%2C400 2x"},"classes":[]}],"jetpack_sharing_enabled":true,"_links":{"self":[{"href":"https:\/\/www.jazzzeitung.de\/cms\/wp-json\/wp\/v2\/posts\/7504","targetHints":{"allow":["GET"]}}],"collection":[{"href":"https:\/\/www.jazzzeitung.de\/cms\/wp-json\/wp\/v2\/posts"}],"about":[{"href":"https:\/\/www.jazzzeitung.de\/cms\/wp-json\/wp\/v2\/types\/post"}],"author":[{"embeddable":true,"href":"https:\/\/www.jazzzeitung.de\/cms\/wp-json\/wp\/v2\/users\/18"}],"replies":[{"embeddable":true,"href":"https:\/\/www.jazzzeitung.de\/cms\/wp-json\/wp\/v2\/comments?post=7504"}],"version-history":[{"count":4,"href":"https:\/\/www.jazzzeitung.de\/cms\/wp-json\/wp\/v2\/posts\/7504\/revisions"}],"predecessor-version":[{"id":7508,"href":"https:\/\/www.jazzzeitung.de\/cms\/wp-json\/wp\/v2\/posts\/7504\/revisions\/7508"}],"wp:attachment":[{"href":"https:\/\/www.jazzzeitung.de\/cms\/wp-json\/wp\/v2\/media?parent=7504"}],"wp:term":[{"taxonomy":"category","embeddable":true,"href":"https:\/\/www.jazzzeitung.de\/cms\/wp-json\/wp\/v2\/categories?post=7504"},{"taxonomy":"post_tag","embeddable":true,"href":"https:\/\/www.jazzzeitung.de\/cms\/wp-json\/wp\/v2\/tags?post=7504"},{"taxonomy":"author","embeddable":true,"href":"https:\/\/www.jazzzeitung.de\/cms\/wp-json\/wp\/v2\/coauthors?post=7504"}],"curies":[{"name":"wp","href":"https:\/\/api.w.org\/{rel}","templated":true}]}}