{"id":7459,"date":"2015-10-26T15:48:22","date_gmt":"2015-10-26T14:48:22","guid":{"rendered":"http:\/\/www.jazzzeitung.de\/cms\/?p=7459"},"modified":"2015-10-27T09:24:40","modified_gmt":"2015-10-27T08:24:40","slug":"ebe-jazz-15","status":"publish","type":"post","link":"https:\/\/www.jazzzeitung.de\/cms\/2015\/10\/ebe-jazz-15\/","title":{"rendered":"Bildergalerie: das Festival Ebe-Jazz 2015"},"content":{"rendered":"<div class=\"tiled-gallery type-rectangular tiled-gallery-unresized\" data-original-width=\"840\" data-carousel-extra='{&quot;blog_id&quot;:1,&quot;permalink&quot;:&quot;https:\\\/\\\/www.jazzzeitung.de\\\/cms\\\/2015\\\/10\\\/ebe-jazz-15\\\/&quot;,&quot;likes_blog_id&quot;:55446655}' itemscope itemtype=\"http:\/\/schema.org\/ImageGallery\" > <div class=\"gallery-row\" style=\"width: 840px; height: 373px;\" data-original-width=\"840\" data-original-height=\"373\" > <div class=\"gallery-group images-1\" style=\"width: 561px; height: 373px;\" data-original-width=\"561\" data-original-height=\"373\" > <div class=\"tiled-gallery-item tiled-gallery-item-large\" itemprop=\"associatedMedia\" itemscope itemtype=\"http:\/\/schema.org\/ImageObject\"> <a href=\"https:\/\/www.jazzzeitung.de\/cms\/2015\/10\/ebe-jazz-15\/0k3a0734-potter-trio-dombr-2\/\" border=\"0\" itemprop=\"url\"> <meta itemprop=\"width\" content=\"557\"> <meta itemprop=\"height\" content=\"369\"> <img decoding=\"async\" class=\"\" data-attachment-id=\"7463\" data-orig-file=\"https:\/\/www.jazzzeitung.de\/cms\/wp-content\/uploads\/2015\/10\/0K3A0734-Potter-Trio-dombr1.jpg\" data-orig-size=\"1280,849\" data-comments-opened=\"1\" data-image-meta=\"{&quot;aperture&quot;:&quot;5.6&quot;,&quot;credit&quot;:&quot;&quot;,&quot;camera&quot;:&quot;Canon EOS 5D Mark III&quot;,&quot;caption&quot;:&quot;&quot;,&quot;created_timestamp&quot;:&quot;1444942636&quot;,&quot;copyright&quot;:&quot;&quot;,&quot;focal_length&quot;:&quot;70&quot;,&quot;iso&quot;:&quot;8000&quot;,&quot;shutter_speed&quot;:&quot;0.00625&quot;,&quot;title&quot;:&quot;&quot;,&quot;orientation&quot;:&quot;1&quot;}\" data-image-title=\"0K3A0734, Potter Trio (dombr)\" data-image-description=\"\" data-medium-file=\"https:\/\/i0.wp.com\/www.jazzzeitung.de\/cms\/wp-content\/uploads\/2015\/10\/0K3A0734-Potter-Trio-dombr1.jpg?fit=300%2C199&#038;ssl=1\" data-large-file=\"https:\/\/i0.wp.com\/www.jazzzeitung.de\/cms\/wp-content\/uploads\/2015\/10\/0K3A0734-Potter-Trio-dombr1.jpg?fit=840%2C557&#038;ssl=1\" src=\"https:\/\/i0.wp.com\/www.jazzzeitung.de\/cms\/wp-content\/uploads\/2015\/10\/0K3A0734-Potter-Trio-dombr1.jpg?w=557&#038;h=369&#038;ssl=1\" srcset=\"https:\/\/i0.wp.com\/www.jazzzeitung.de\/cms\/wp-content\/uploads\/2015\/10\/0K3A0734-Potter-Trio-dombr1.jpg?w=1280&amp;ssl=1 1280w, https:\/\/i0.wp.com\/www.jazzzeitung.de\/cms\/wp-content\/uploads\/2015\/10\/0K3A0734-Potter-Trio-dombr1.jpg?resize=300%2C199&amp;ssl=1 300w, https:\/\/i0.wp.com\/www.jazzzeitung.de\/cms\/wp-content\/uploads\/2015\/10\/0K3A0734-Potter-Trio-dombr1.jpg?resize=900%2C597&amp;ssl=1 900w\" width=\"557\" height=\"369\" loading=\"lazy\" data-original-width=\"557\" data-original-height=\"369\" itemprop=\"http:\/\/schema.org\/image\" title=\"0K3A0734, Potter Trio (dombr)\" alt=\"Chris Potter Trio. Alle Fotos: Ralf Dombrowskki\" style=\"width: 557px; height: 369px;\" \/> <\/a> <div class=\"tiled-gallery-caption\" itemprop=\"caption description\"> Chris Potter Trio. Alle Fotos: Ralf Dombrowskki <\/div> <\/div> <\/div> <!-- close group --> <div class=\"gallery-group images-2\" style=\"width: 279px; height: 373px;\" data-original-width=\"279\" data-original-height=\"373\" > <div class=\"tiled-gallery-item tiled-gallery-item-large\" itemprop=\"associatedMedia\" itemscope itemtype=\"http:\/\/schema.org\/ImageObject\"> <a href=\"https:\/\/www.jazzzeitung.de\/cms\/2015\/10\/ebe-jazz-15\/0k3a1107-rosnes-carter-dombr\/\" border=\"0\" itemprop=\"url\"> <meta itemprop=\"width\" content=\"275\"> <meta itemprop=\"height\" content=\"183\"> <img decoding=\"async\" class=\"\" data-attachment-id=\"7464\" data-orig-file=\"https:\/\/www.jazzzeitung.de\/cms\/wp-content\/uploads\/2015\/10\/0K3A1107-Rosnes-Carter-dombr.jpg\" data-orig-size=\"1280,853\" data-comments-opened=\"1\" data-image-meta=\"{&quot;aperture&quot;:&quot;7.1&quot;,&quot;credit&quot;:&quot;&quot;,&quot;camera&quot;:&quot;Canon EOS 5D Mark III&quot;,&quot;caption&quot;:&quot;&quot;,&quot;created_timestamp&quot;:&quot;1445029492&quot;,&quot;copyright&quot;:&quot;&quot;,&quot;focal_length&quot;:&quot;45&quot;,&quot;iso&quot;:&quot;8000&quot;,&quot;shutter_speed&quot;:&quot;0.00625&quot;,&quot;title&quot;:&quot;&quot;,&quot;orientation&quot;:&quot;1&quot;}\" data-image-title=\"0K3A1107, Rosnes, Carter (dombr)\" data-image-description=\"\" data-medium-file=\"https:\/\/i0.wp.com\/www.jazzzeitung.de\/cms\/wp-content\/uploads\/2015\/10\/0K3A1107-Rosnes-Carter-dombr.jpg?fit=300%2C200&#038;ssl=1\" data-large-file=\"https:\/\/i0.wp.com\/www.jazzzeitung.de\/cms\/wp-content\/uploads\/2015\/10\/0K3A1107-Rosnes-Carter-dombr.jpg?fit=840%2C560&#038;ssl=1\" src=\"https:\/\/i0.wp.com\/www.jazzzeitung.de\/cms\/wp-content\/uploads\/2015\/10\/0K3A1107-Rosnes-Carter-dombr.jpg?w=275&#038;h=183&#038;ssl=1\" srcset=\"https:\/\/i0.wp.com\/www.jazzzeitung.de\/cms\/wp-content\/uploads\/2015\/10\/0K3A1107-Rosnes-Carter-dombr.jpg?w=1280&amp;ssl=1 1280w, https:\/\/i0.wp.com\/www.jazzzeitung.de\/cms\/wp-content\/uploads\/2015\/10\/0K3A1107-Rosnes-Carter-dombr.jpg?resize=300%2C200&amp;ssl=1 300w, https:\/\/i0.wp.com\/www.jazzzeitung.de\/cms\/wp-content\/uploads\/2015\/10\/0K3A1107-Rosnes-Carter-dombr.jpg?resize=900%2C600&amp;ssl=1 900w\" width=\"275\" height=\"183\" loading=\"lazy\" data-original-width=\"275\" data-original-height=\"183\" itemprop=\"http:\/\/schema.org\/image\" title=\"0K3A1107, Rosnes, Carter (dombr)\" alt=\"Ron Carter und Renee Rosnes\" style=\"width: 275px; height: 183px;\" \/> <\/a> <div class=\"tiled-gallery-caption\" itemprop=\"caption description\"> Ron Carter und Renee Rosnes <\/div> <\/div> <div class=\"tiled-gallery-item tiled-gallery-item-large\" itemprop=\"associatedMedia\" itemscope itemtype=\"http:\/\/schema.org\/ImageObject\"> <a href=\"https:\/\/www.jazzzeitung.de\/cms\/2015\/10\/ebe-jazz-15\/0k3a1211-ratzer-dombr\/\" border=\"0\" itemprop=\"url\"> <meta itemprop=\"width\" content=\"275\"> <meta itemprop=\"height\" content=\"182\"> <img decoding=\"async\" class=\"\" data-attachment-id=\"7465\" data-orig-file=\"https:\/\/www.jazzzeitung.de\/cms\/wp-content\/uploads\/2015\/10\/0K3A1211-Ratzer-dombr.jpg\" data-orig-size=\"1280,848\" data-comments-opened=\"1\" data-image-meta=\"{&quot;aperture&quot;:&quot;5.6&quot;,&quot;credit&quot;:&quot;&quot;,&quot;camera&quot;:&quot;Canon EOS 5D Mark III&quot;,&quot;caption&quot;:&quot;&quot;,&quot;created_timestamp&quot;:&quot;1445115905&quot;,&quot;copyright&quot;:&quot;&quot;,&quot;focal_length&quot;:&quot;109&quot;,&quot;iso&quot;:&quot;8000&quot;,&quot;shutter_speed&quot;:&quot;0.005&quot;,&quot;title&quot;:&quot;&quot;,&quot;orientation&quot;:&quot;1&quot;}\" data-image-title=\"0K3A1211, Ratzer (dombr)\" data-image-description=\"\" data-medium-file=\"https:\/\/i0.wp.com\/www.jazzzeitung.de\/cms\/wp-content\/uploads\/2015\/10\/0K3A1211-Ratzer-dombr.jpg?fit=300%2C199&#038;ssl=1\" data-large-file=\"https:\/\/i0.wp.com\/www.jazzzeitung.de\/cms\/wp-content\/uploads\/2015\/10\/0K3A1211-Ratzer-dombr.jpg?fit=840%2C556&#038;ssl=1\" src=\"https:\/\/i0.wp.com\/www.jazzzeitung.de\/cms\/wp-content\/uploads\/2015\/10\/0K3A1211-Ratzer-dombr.jpg?w=275&#038;h=182&#038;ssl=1\" srcset=\"https:\/\/i0.wp.com\/www.jazzzeitung.de\/cms\/wp-content\/uploads\/2015\/10\/0K3A1211-Ratzer-dombr.jpg?w=1280&amp;ssl=1 1280w, https:\/\/i0.wp.com\/www.jazzzeitung.de\/cms\/wp-content\/uploads\/2015\/10\/0K3A1211-Ratzer-dombr.jpg?resize=300%2C199&amp;ssl=1 300w, https:\/\/i0.wp.com\/www.jazzzeitung.de\/cms\/wp-content\/uploads\/2015\/10\/0K3A1211-Ratzer-dombr.jpg?resize=900%2C596&amp;ssl=1 900w\" width=\"275\" height=\"182\" loading=\"lazy\" data-original-width=\"275\" data-original-height=\"182\" itemprop=\"http:\/\/schema.org\/image\" title=\"0K3A1211, Ratzer (dombr)\" alt=\"Karl Ratzer\" style=\"width: 275px; height: 182px;\" \/> <\/a> <div class=\"tiled-gallery-caption\" itemprop=\"caption description\"> Karl Ratzer <\/div> <\/div> <\/div> <!-- close group --> <\/div> <!-- close row --> <div class=\"gallery-row\" style=\"width: 840px; height: 392px;\" data-original-width=\"840\" data-original-height=\"392\" > <div class=\"gallery-group images-1\" style=\"width: 574px; height: 392px;\" data-original-width=\"574\" data-original-height=\"392\" > <div class=\"tiled-gallery-item tiled-gallery-item-large\" itemprop=\"associatedMedia\" itemscope itemtype=\"http:\/\/schema.org\/ImageObject\"> <a href=\"https:\/\/www.jazzzeitung.de\/cms\/2015\/10\/ebe-jazz-15\/0k3a1256-herbert-dombr\/\" border=\"0\" itemprop=\"url\"> <meta itemprop=\"width\" content=\"570\"> <meta itemprop=\"height\" content=\"388\"> <img decoding=\"async\" class=\"\" data-attachment-id=\"7466\" data-orig-file=\"https:\/\/www.jazzzeitung.de\/cms\/wp-content\/uploads\/2015\/10\/0K3A1256-Herbert-dombr.jpg\" data-orig-size=\"1280,871\" data-comments-opened=\"1\" data-image-meta=\"{&quot;aperture&quot;:&quot;2.2&quot;,&quot;credit&quot;:&quot;&quot;,&quot;camera&quot;:&quot;Canon EOS 5D Mark III&quot;,&quot;caption&quot;:&quot;&quot;,&quot;created_timestamp&quot;:&quot;1445117548&quot;,&quot;copyright&quot;:&quot;&quot;,&quot;focal_length&quot;:&quot;85&quot;,&quot;iso&quot;:&quot;12800&quot;,&quot;shutter_speed&quot;:&quot;0.008&quot;,&quot;title&quot;:&quot;&quot;,&quot;orientation&quot;:&quot;1&quot;}\" data-image-title=\"0K3A1256, Herbert (dombr)\" data-image-description=\"\" data-medium-file=\"https:\/\/i0.wp.com\/www.jazzzeitung.de\/cms\/wp-content\/uploads\/2015\/10\/0K3A1256-Herbert-dombr.jpg?fit=300%2C204&#038;ssl=1\" data-large-file=\"https:\/\/i0.wp.com\/www.jazzzeitung.de\/cms\/wp-content\/uploads\/2015\/10\/0K3A1256-Herbert-dombr.jpg?fit=840%2C571&#038;ssl=1\" src=\"https:\/\/i0.wp.com\/www.jazzzeitung.de\/cms\/wp-content\/uploads\/2015\/10\/0K3A1256-Herbert-dombr.jpg?w=570&#038;h=388&#038;ssl=1\" srcset=\"https:\/\/i0.wp.com\/www.jazzzeitung.de\/cms\/wp-content\/uploads\/2015\/10\/0K3A1256-Herbert-dombr.jpg?w=1280&amp;ssl=1 1280w, https:\/\/i0.wp.com\/www.jazzzeitung.de\/cms\/wp-content\/uploads\/2015\/10\/0K3A1256-Herbert-dombr.jpg?resize=300%2C204&amp;ssl=1 300w, https:\/\/i0.wp.com\/www.jazzzeitung.de\/cms\/wp-content\/uploads\/2015\/10\/0K3A1256-Herbert-dombr.jpg?resize=882%2C600&amp;ssl=1 882w, https:\/\/i0.wp.com\/www.jazzzeitung.de\/cms\/wp-content\/uploads\/2015\/10\/0K3A1256-Herbert-dombr.jpg?resize=900%2C612&amp;ssl=1 900w\" width=\"570\" height=\"388\" loading=\"lazy\" data-original-width=\"570\" data-original-height=\"388\" itemprop=\"http:\/\/schema.org\/image\" title=\"0K3A1256, Herbert (dombr)\" alt=\"Peter Herbert\" style=\"width: 570px; height: 388px;\" \/> <\/a> <div class=\"tiled-gallery-caption\" itemprop=\"caption description\"> Peter Herbert <\/div> <\/div> <\/div> <!-- close group --> <div class=\"gallery-group images-1\" style=\"width: 266px; height: 392px;\" data-original-width=\"266\" data-original-height=\"392\" > <div class=\"tiled-gallery-item tiled-gallery-item-large\" itemprop=\"associatedMedia\" itemscope itemtype=\"http:\/\/schema.org\/ImageObject\"> <a href=\"https:\/\/www.jazzzeitung.de\/cms\/2015\/10\/ebe-jazz-15\/0k3a1274-herbert-enders-dombr\/\" border=\"0\" itemprop=\"url\"> <meta itemprop=\"width\" content=\"262\"> <meta itemprop=\"height\" content=\"388\"> <img decoding=\"async\" class=\"\" data-attachment-id=\"7467\" data-orig-file=\"https:\/\/www.jazzzeitung.de\/cms\/wp-content\/uploads\/2015\/10\/0K3A1274-Herbert-Enders-dombr.jpg\" data-orig-size=\"867,1280\" data-comments-opened=\"1\" data-image-meta=\"{&quot;aperture&quot;:&quot;2.2&quot;,&quot;credit&quot;:&quot;&quot;,&quot;camera&quot;:&quot;Canon EOS 5D Mark III&quot;,&quot;caption&quot;:&quot;&quot;,&quot;created_timestamp&quot;:&quot;1445118566&quot;,&quot;copyright&quot;:&quot;&quot;,&quot;focal_length&quot;:&quot;85&quot;,&quot;iso&quot;:&quot;12800&quot;,&quot;shutter_speed&quot;:&quot;0.005&quot;,&quot;title&quot;:&quot;&quot;,&quot;orientation&quot;:&quot;1&quot;}\" data-image-title=\"0K3A1274, Herbert, Enders (dombr)\" data-image-description=\"\" data-medium-file=\"https:\/\/i0.wp.com\/www.jazzzeitung.de\/cms\/wp-content\/uploads\/2015\/10\/0K3A1274-Herbert-Enders-dombr.jpg?fit=203%2C300&#038;ssl=1\" data-large-file=\"https:\/\/i0.wp.com\/www.jazzzeitung.de\/cms\/wp-content\/uploads\/2015\/10\/0K3A1274-Herbert-Enders-dombr.jpg?fit=406%2C600&#038;ssl=1\" src=\"https:\/\/i0.wp.com\/www.jazzzeitung.de\/cms\/wp-content\/uploads\/2015\/10\/0K3A1274-Herbert-Enders-dombr.jpg?w=262&#038;h=388&#038;ssl=1\" srcset=\"https:\/\/i0.wp.com\/www.jazzzeitung.de\/cms\/wp-content\/uploads\/2015\/10\/0K3A1274-Herbert-Enders-dombr.jpg?w=867&amp;ssl=1 867w, https:\/\/i0.wp.com\/www.jazzzeitung.de\/cms\/wp-content\/uploads\/2015\/10\/0K3A1274-Herbert-Enders-dombr.jpg?resize=203%2C300&amp;ssl=1 203w, https:\/\/i0.wp.com\/www.jazzzeitung.de\/cms\/wp-content\/uploads\/2015\/10\/0K3A1274-Herbert-Enders-dombr.jpg?resize=406%2C600&amp;ssl=1 406w\" width=\"262\" height=\"388\" loading=\"lazy\" data-original-width=\"262\" data-original-height=\"388\" itemprop=\"http:\/\/schema.org\/image\" title=\"0K3A1274, Herbert, Enders (dombr)\" alt=\"Johannes Enders und Peter Herbert\" style=\"width: 262px; height: 388px;\" \/> <\/a> <div class=\"tiled-gallery-caption\" itemprop=\"caption description\"> Johannes Enders und Peter Herbert <\/div> <\/div> <\/div> <!-- close group --> <\/div> <!-- close row --> <\/div>\n<p>Am 22. Oktober ging das <a href=\"http:\/\/ebe-jazz15.de\/\">EBE-JAZZ<\/a> 15 zu Ende. Fotograf Ralf Dombrowski hat die Hauptacts des internationalen Jazzfestival mit Lokalkolorit in Ebersberg und Grafing bei M\u00fcnchen f\u00fcr uns dokumentiert. EBE-JAZZ bietet einmal im Jahr Jazz f\u00fcr alle mit Oldtime-Jazz, Swing, Bebop, Modern- und Electro-\/Ambient- und World-Jazz. Jam-Sessions, Vortr\u00e4gen, Jazz-Filmen oder Jazz-Photo-Ausstellungen.<\/p>\n<p>&nbsp;<\/p>\n","protected":false},"excerpt":{"rendered":"<p>Am 22. Oktober ging das EBE-JAZZ 15 zu Ende. Fotograf Ralf Dombrowski hat die Hauptacts des internationalen Jazzfestival mit Lokalkolorit in Ebersberg und Grafing bei M\u00fcnchen f\u00fcr uns dokumentiert. EBE-JAZZ bietet einmal im Jahr Jazz f\u00fcr alle mit Oldtime-Jazz, Swing, Bebop, Modern- und Electro-\/Ambient- und World-Jazz. Jam-Sessions, Vortr\u00e4gen, Jazz-Filmen oder Jazz-Photo-Ausstellungen. &nbsp;<\/p>\n","protected":false},"author":18,"featured_media":0,"comment_status":"open","ping_status":"closed","sticky":false,"template":"","format":"gallery","meta":{"_jetpack_memberships_contains_paid_content":false,"footnotes":"","jetpack_publicize_message":"","jetpack_publicize_feature_enabled":true,"jetpack_social_post_already_shared":false,"jetpack_social_options":{"image_generator_settings":{"template":"highway","default_image_id":0,"font":"","enabled":false},"version":2}},"categories":[652],"tags":[3,918,401,146,535],"coauthors":[695],"class_list":["post-7459","post","type-post","status-publish","format-gallery","hentry","category-galerie","tag-festival","tag-jazzfestival","tag-muenchen","tag-dombrowski","tag-swing","post_format-post-format-gallery"],"yoast_head":"<!-- This site is optimized with the Yoast SEO plugin v27.5 - https:\/\/yoast.com\/product\/yoast-seo-wordpress\/ -->\n<title>Bildergalerie: das Festival Ebe-Jazz 2015 - JazzZeitung<\/title>\n<meta name=\"robots\" content=\"index, follow, max-snippet:-1, max-image-preview:large, max-video-preview:-1\" \/>\n<link rel=\"canonical\" href=\"https:\/\/www.jazzzeitung.de\/cms\/2015\/10\/ebe-jazz-15\/\" \/>\n<meta property=\"og:locale\" content=\"de_DE\" \/>\n<meta property=\"og:type\" content=\"article\" \/>\n<meta property=\"og:title\" content=\"Bildergalerie: das Festival Ebe-Jazz 2015 - JazzZeitung\" \/>\n<meta property=\"og:description\" content=\"Am 22. Oktober ging das EBE-JAZZ 15 zu Ende. Fotograf Ralf Dombrowski hat die Hauptacts des internationalen Jazzfestival mit Lokalkolorit in Ebersberg und Grafing bei M\u00fcnchen f\u00fcr uns dokumentiert. EBE-JAZZ bietet einmal im Jahr Jazz f\u00fcr alle mit Oldtime-Jazz, Swing, Bebop, Modern- und Electro-\/Ambient- und World-Jazz. Jam-Sessions, Vortr\u00e4gen, Jazz-Filmen oder Jazz-Photo-Ausstellungen. &nbsp;\" \/>\n<meta property=\"og:url\" content=\"https:\/\/www.jazzzeitung.de\/cms\/2015\/10\/ebe-jazz-15\/\" \/>\n<meta property=\"og:site_name\" content=\"JazzZeitung\" \/>\n<meta property=\"article:publisher\" content=\"https:\/\/www.facebook.com\/JazzZeitung\/\" \/>\n<meta property=\"article:published_time\" content=\"2015-10-26T14:48:22+00:00\" \/>\n<meta property=\"article:modified_time\" content=\"2015-10-27T08:24:40+00:00\" \/>\n<meta property=\"og:image\" content=\"https:\/\/i0.wp.com\/www.jazzzeitung.de\/cms\/wp-content\/uploads\/2015\/10\/0K3A0734-Potter-Trio-dombr1.jpg?w=557&#038;h=369&#038;ssl=1\" \/>\n<meta name=\"author\" content=\"Redaktion JazzZeitung\" \/>\n<script type=\"application\/ld+json\" class=\"yoast-schema-graph\">{\"@context\":\"https:\\\/\\\/schema.org\",\"@graph\":[{\"@type\":\"Article\",\"@id\":\"https:\\\/\\\/www.jazzzeitung.de\\\/cms\\\/2015\\\/10\\\/ebe-jazz-15\\\/#article\",\"isPartOf\":{\"@id\":\"https:\\\/\\\/www.jazzzeitung.de\\\/cms\\\/2015\\\/10\\\/ebe-jazz-15\\\/\"},\"author\":{\"name\":\"Redaktion JazzZeitung\",\"@id\":\"https:\\\/\\\/www.jazzzeitung.de\\\/cms\\\/#\\\/schema\\\/person\\\/2245b36b9cd1d24cea10f01c031fb92b\"},\"headline\":\"Bildergalerie: das Festival Ebe-Jazz 2015\",\"datePublished\":\"2015-10-26T14:48:22+00:00\",\"dateModified\":\"2015-10-27T08:24:40+00:00\",\"mainEntityOfPage\":{\"@id\":\"https:\\\/\\\/www.jazzzeitung.de\\\/cms\\\/2015\\\/10\\\/ebe-jazz-15\\\/\"},\"wordCount\":63,\"commentCount\":0,\"publisher\":{\"@id\":\"https:\\\/\\\/www.jazzzeitung.de\\\/cms\\\/#organization\"},\"keywords\":[\"Festival\",\"Jazzfestival\",\"M\u00fcnchen\",\"Ralf Dombrowski\",\"Swing\"],\"articleSection\":[\"Galerie\"],\"inLanguage\":\"de\",\"potentialAction\":[{\"@type\":\"CommentAction\",\"name\":\"Comment\",\"target\":[\"https:\\\/\\\/www.jazzzeitung.de\\\/cms\\\/2015\\\/10\\\/ebe-jazz-15\\\/#respond\"]}]},{\"@type\":\"WebPage\",\"@id\":\"https:\\\/\\\/www.jazzzeitung.de\\\/cms\\\/2015\\\/10\\\/ebe-jazz-15\\\/\",\"url\":\"https:\\\/\\\/www.jazzzeitung.de\\\/cms\\\/2015\\\/10\\\/ebe-jazz-15\\\/\",\"name\":\"Bildergalerie: das Festival Ebe-Jazz 2015 - JazzZeitung\",\"isPartOf\":{\"@id\":\"https:\\\/\\\/www.jazzzeitung.de\\\/cms\\\/#website\"},\"datePublished\":\"2015-10-26T14:48:22+00:00\",\"dateModified\":\"2015-10-27T08:24:40+00:00\",\"breadcrumb\":{\"@id\":\"https:\\\/\\\/www.jazzzeitung.de\\\/cms\\\/2015\\\/10\\\/ebe-jazz-15\\\/#breadcrumb\"},\"inLanguage\":\"de\",\"potentialAction\":[{\"@type\":\"ReadAction\",\"target\":[\"https:\\\/\\\/www.jazzzeitung.de\\\/cms\\\/2015\\\/10\\\/ebe-jazz-15\\\/\"]}]},{\"@type\":\"BreadcrumbList\",\"@id\":\"https:\\\/\\\/www.jazzzeitung.de\\\/cms\\\/2015\\\/10\\\/ebe-jazz-15\\\/#breadcrumb\",\"itemListElement\":[{\"@type\":\"ListItem\",\"position\":1,\"name\":\"Startseite\",\"item\":\"https:\\\/\\\/www.jazzzeitung.de\\\/cms\\\/\"},{\"@type\":\"ListItem\",\"position\":2,\"name\":\"Bildergalerie: das Festival Ebe-Jazz 2015\"}]},{\"@type\":\"WebSite\",\"@id\":\"https:\\\/\\\/www.jazzzeitung.de\\\/cms\\\/#website\",\"url\":\"https:\\\/\\\/www.jazzzeitung.de\\\/cms\\\/\",\"name\":\"JazzZeitung\",\"description\":\"Jazz-News und Jazz-Kontroverses\",\"publisher\":{\"@id\":\"https:\\\/\\\/www.jazzzeitung.de\\\/cms\\\/#organization\"},\"potentialAction\":[{\"@type\":\"SearchAction\",\"target\":{\"@type\":\"EntryPoint\",\"urlTemplate\":\"https:\\\/\\\/www.jazzzeitung.de\\\/cms\\\/?s={search_term_string}\"},\"query-input\":{\"@type\":\"PropertyValueSpecification\",\"valueRequired\":true,\"valueName\":\"search_term_string\"}}],\"inLanguage\":\"de\"},{\"@type\":\"Organization\",\"@id\":\"https:\\\/\\\/www.jazzzeitung.de\\\/cms\\\/#organization\",\"name\":\"JazzZeitung online\",\"url\":\"https:\\\/\\\/www.jazzzeitung.de\\\/cms\\\/\",\"logo\":{\"@type\":\"ImageObject\",\"inLanguage\":\"de\",\"@id\":\"https:\\\/\\\/www.jazzzeitung.de\\\/cms\\\/#\\\/schema\\\/logo\\\/image\\\/\",\"url\":\"https:\\\/\\\/i0.wp.com\\\/www.jazzzeitung.de\\\/cms\\\/wp-content\\\/uploads\\\/2015\\\/08\\\/JAZZZEITUNGDE_Logo_Neu.png?fit=499%2C200&ssl=1\",\"contentUrl\":\"https:\\\/\\\/i0.wp.com\\\/www.jazzzeitung.de\\\/cms\\\/wp-content\\\/uploads\\\/2015\\\/08\\\/JAZZZEITUNGDE_Logo_Neu.png?fit=499%2C200&ssl=1\",\"width\":499,\"height\":200,\"caption\":\"JazzZeitung online\"},\"image\":{\"@id\":\"https:\\\/\\\/www.jazzzeitung.de\\\/cms\\\/#\\\/schema\\\/logo\\\/image\\\/\"},\"sameAs\":[\"https:\\\/\\\/www.facebook.com\\\/JazzZeitung\\\/\"]},{\"@type\":\"Person\",\"@id\":\"https:\\\/\\\/www.jazzzeitung.de\\\/cms\\\/#\\\/schema\\\/person\\\/2245b36b9cd1d24cea10f01c031fb92b\",\"name\":\"Redaktion JazzZeitung\",\"image\":{\"@type\":\"ImageObject\",\"inLanguage\":\"de\",\"@id\":\"https:\\\/\\\/i0.wp.com\\\/www.jazzzeitung.de\\\/cms\\\/wp-content\\\/uploads\\\/2015\\\/08\\\/JAZZZEITUNGDE_Logo_Neu.png?resize=96%2C96&ssl=159975dcacb611b5700bd619b5daf0a7a\",\"url\":\"https:\\\/\\\/i0.wp.com\\\/www.jazzzeitung.de\\\/cms\\\/wp-content\\\/uploads\\\/2015\\\/08\\\/JAZZZEITUNGDE_Logo_Neu.png?resize=96%2C96&ssl=1\",\"contentUrl\":\"https:\\\/\\\/i0.wp.com\\\/www.jazzzeitung.de\\\/cms\\\/wp-content\\\/uploads\\\/2015\\\/08\\\/JAZZZEITUNGDE_Logo_Neu.png?resize=96%2C96&ssl=1\",\"caption\":\"Redaktion JazzZeitung\"},\"description\":\"Artikel der Redaktion der JazzZeitung.\",\"sameAs\":[\"http:\\\/\\\/www.jazzzeitung.de\\\/cms\\\/\"],\"url\":\"https:\\\/\\\/www.jazzzeitung.de\\\/cms\\\/author\\\/redaktion\\\/\"}]}<\/script>\n<!-- \/ Yoast SEO plugin. -->","yoast_head_json":{"title":"Bildergalerie: das Festival Ebe-Jazz 2015 - JazzZeitung","robots":{"index":"index","follow":"follow","max-snippet":"max-snippet:-1","max-image-preview":"max-image-preview:large","max-video-preview":"max-video-preview:-1"},"canonical":"https:\/\/www.jazzzeitung.de\/cms\/2015\/10\/ebe-jazz-15\/","og_locale":"de_DE","og_type":"article","og_title":"Bildergalerie: das Festival Ebe-Jazz 2015 - JazzZeitung","og_description":"Am 22. Oktober ging das EBE-JAZZ 15 zu Ende. Fotograf Ralf Dombrowski hat die Hauptacts des internationalen Jazzfestival mit Lokalkolorit in Ebersberg und Grafing bei M\u00fcnchen f\u00fcr uns dokumentiert. EBE-JAZZ bietet einmal im Jahr Jazz f\u00fcr alle mit Oldtime-Jazz, Swing, Bebop, Modern- und Electro-\/Ambient- und World-Jazz. Jam-Sessions, Vortr\u00e4gen, Jazz-Filmen oder Jazz-Photo-Ausstellungen. &nbsp;","og_url":"https:\/\/www.jazzzeitung.de\/cms\/2015\/10\/ebe-jazz-15\/","og_site_name":"JazzZeitung","article_publisher":"https:\/\/www.facebook.com\/JazzZeitung\/","article_published_time":"2015-10-26T14:48:22+00:00","article_modified_time":"2015-10-27T08:24:40+00:00","og_image":[{"url":"https:\/\/i0.wp.com\/www.jazzzeitung.de\/cms\/wp-content\/uploads\/2015\/10\/0K3A0734-Potter-Trio-dombr1.jpg?w=557&#038;h=369&#038;ssl=1","type":"","width":"","height":""}],"author":"Redaktion JazzZeitung","schema":{"@context":"https:\/\/schema.org","@graph":[{"@type":"Article","@id":"https:\/\/www.jazzzeitung.de\/cms\/2015\/10\/ebe-jazz-15\/#article","isPartOf":{"@id":"https:\/\/www.jazzzeitung.de\/cms\/2015\/10\/ebe-jazz-15\/"},"author":{"name":"Redaktion JazzZeitung","@id":"https:\/\/www.jazzzeitung.de\/cms\/#\/schema\/person\/2245b36b9cd1d24cea10f01c031fb92b"},"headline":"Bildergalerie: das Festival Ebe-Jazz 2015","datePublished":"2015-10-26T14:48:22+00:00","dateModified":"2015-10-27T08:24:40+00:00","mainEntityOfPage":{"@id":"https:\/\/www.jazzzeitung.de\/cms\/2015\/10\/ebe-jazz-15\/"},"wordCount":63,"commentCount":0,"publisher":{"@id":"https:\/\/www.jazzzeitung.de\/cms\/#organization"},"keywords":["Festival","Jazzfestival","M\u00fcnchen","Ralf Dombrowski","Swing"],"articleSection":["Galerie"],"inLanguage":"de","potentialAction":[{"@type":"CommentAction","name":"Comment","target":["https:\/\/www.jazzzeitung.de\/cms\/2015\/10\/ebe-jazz-15\/#respond"]}]},{"@type":"WebPage","@id":"https:\/\/www.jazzzeitung.de\/cms\/2015\/10\/ebe-jazz-15\/","url":"https:\/\/www.jazzzeitung.de\/cms\/2015\/10\/ebe-jazz-15\/","name":"Bildergalerie: das Festival Ebe-Jazz 2015 - JazzZeitung","isPartOf":{"@id":"https:\/\/www.jazzzeitung.de\/cms\/#website"},"datePublished":"2015-10-26T14:48:22+00:00","dateModified":"2015-10-27T08:24:40+00:00","breadcrumb":{"@id":"https:\/\/www.jazzzeitung.de\/cms\/2015\/10\/ebe-jazz-15\/#breadcrumb"},"inLanguage":"de","potentialAction":[{"@type":"ReadAction","target":["https:\/\/www.jazzzeitung.de\/cms\/2015\/10\/ebe-jazz-15\/"]}]},{"@type":"BreadcrumbList","@id":"https:\/\/www.jazzzeitung.de\/cms\/2015\/10\/ebe-jazz-15\/#breadcrumb","itemListElement":[{"@type":"ListItem","position":1,"name":"Startseite","item":"https:\/\/www.jazzzeitung.de\/cms\/"},{"@type":"ListItem","position":2,"name":"Bildergalerie: das Festival Ebe-Jazz 2015"}]},{"@type":"WebSite","@id":"https:\/\/www.jazzzeitung.de\/cms\/#website","url":"https:\/\/www.jazzzeitung.de\/cms\/","name":"JazzZeitung","description":"Jazz-News und Jazz-Kontroverses","publisher":{"@id":"https:\/\/www.jazzzeitung.de\/cms\/#organization"},"potentialAction":[{"@type":"SearchAction","target":{"@type":"EntryPoint","urlTemplate":"https:\/\/www.jazzzeitung.de\/cms\/?s={search_term_string}"},"query-input":{"@type":"PropertyValueSpecification","valueRequired":true,"valueName":"search_term_string"}}],"inLanguage":"de"},{"@type":"Organization","@id":"https:\/\/www.jazzzeitung.de\/cms\/#organization","name":"JazzZeitung online","url":"https:\/\/www.jazzzeitung.de\/cms\/","logo":{"@type":"ImageObject","inLanguage":"de","@id":"https:\/\/www.jazzzeitung.de\/cms\/#\/schema\/logo\/image\/","url":"https:\/\/i0.wp.com\/www.jazzzeitung.de\/cms\/wp-content\/uploads\/2015\/08\/JAZZZEITUNGDE_Logo_Neu.png?fit=499%2C200&ssl=1","contentUrl":"https:\/\/i0.wp.com\/www.jazzzeitung.de\/cms\/wp-content\/uploads\/2015\/08\/JAZZZEITUNGDE_Logo_Neu.png?fit=499%2C200&ssl=1","width":499,"height":200,"caption":"JazzZeitung online"},"image":{"@id":"https:\/\/www.jazzzeitung.de\/cms\/#\/schema\/logo\/image\/"},"sameAs":["https:\/\/www.facebook.com\/JazzZeitung\/"]},{"@type":"Person","@id":"https:\/\/www.jazzzeitung.de\/cms\/#\/schema\/person\/2245b36b9cd1d24cea10f01c031fb92b","name":"Redaktion JazzZeitung","image":{"@type":"ImageObject","inLanguage":"de","@id":"https:\/\/i0.wp.com\/www.jazzzeitung.de\/cms\/wp-content\/uploads\/2015\/08\/JAZZZEITUNGDE_Logo_Neu.png?resize=96%2C96&ssl=159975dcacb611b5700bd619b5daf0a7a","url":"https:\/\/i0.wp.com\/www.jazzzeitung.de\/cms\/wp-content\/uploads\/2015\/08\/JAZZZEITUNGDE_Logo_Neu.png?resize=96%2C96&ssl=1","contentUrl":"https:\/\/i0.wp.com\/www.jazzzeitung.de\/cms\/wp-content\/uploads\/2015\/08\/JAZZZEITUNGDE_Logo_Neu.png?resize=96%2C96&ssl=1","caption":"Redaktion JazzZeitung"},"description":"Artikel der Redaktion der JazzZeitung.","sameAs":["http:\/\/www.jazzzeitung.de\/cms\/"],"url":"https:\/\/www.jazzzeitung.de\/cms\/author\/redaktion\/"}]}},"wp-worthy-pixel":{"ignored":false,"public":null,"server":null,"url":null},"wp-worthy-type":"normal","jetpack_publicize_connections":[],"cc_featured_image_caption":{"caption_text":false,"source_text":false,"source_url":false},"jetpack_featured_media_url":"","jetpack_shortlink":"https:\/\/wp.me\/p3KEcT-1Wj","jetpack-related-posts":[{"id":7221,"url":"https:\/\/www.jazzzeitung.de\/cms\/2015\/10\/news-cyminology-im-regensburger-jazzclub\/","url_meta":{"origin":7459,"position":0},"title":"+++ News +++ Cyminology im Regensburger Jazzclub +++ Internationales Jazzfestival EBE-JAZZ 15 +++ 25. Festival JAZZ GOES TO KUR 2015 +++","author":"Redaktion JazzZeitung","date":"5. Oktober 2015","format":false,"excerpt":"+++ Cyminology im Regensburger Jazzclub +++ Am 8. Oktober um 20 Uhr wird im \"Leeren Beutel\" in Regensburg das Berliner Quartett CYMINOLOGY zu h\u00f6ren sein. CYMINOLOGY verbindet persische Lyrik und kammermusikalische, zeitgen\u00f6ssische Musik: Ost und West, Alt und Neu in ber\u00fchrender Synthese. Die subtile, doch dynamische und sanft pulsierende Musik\u2026","rel":"","context":"In &quot;News&quot;","block_context":{"text":"News","link":"https:\/\/www.jazzzeitung.de\/cms\/thema\/nachrichten\/"},"img":{"alt_text":"Cyminology. Foto: www.cyminology.de","src":"https:\/\/i0.wp.com\/www.jazzzeitung.de\/cms\/wp-content\/uploads\/2015\/09\/Band-1-150x150.jpg?resize=350%2C200","width":350,"height":200},"classes":[]},{"id":19859,"url":"https:\/\/www.jazzzeitung.de\/cms\/2019\/06\/ritterschlag-fuer-ebe-jazz-ernennung-zum-diesjaehrigen-landes-jazzfestival-bayern\/","url_meta":{"origin":7459,"position":1},"title":"Ritterschlag f\u00fcr EBE-JAZZ \u2013 Ernennung zum diesj\u00e4hrigen \u201eLandes-Jazzfestival Bayern\u201c","author":"Redaktion JazzZeitung","date":"25. Juni 2019","format":false,"excerpt":"Das Internationale Jazzfestival EBE-JAZZ 19 wird zum offiziellen \u201eLandes-Jazzfestival Bayern\u201c ernannt. Seit vier Jahren ruft der Bayerische Jazzverband e.V. ein Landes-Jazzfestival aus. Bisher wurden Konzertreihen in Regensburg (2016), Murnau (2017) und W\u00fcrzburg (2018) realisiert. Das 4. Landes-Jazzfestival Bayern 2019 findet nun in Ebersberg und Grafing statt. Das Bayerische Staatsministerium f\u00fcr\u2026","rel":"","context":"In &quot;News&quot;","block_context":{"text":"News","link":"https:\/\/www.jazzzeitung.de\/cms\/thema\/nachrichten\/"},"img":{"alt_text":"","src":"https:\/\/i0.wp.com\/www.jazzzeitung.de\/cms\/wp-content\/uploads\/2019\/06\/Logo_Ljf_Bayern19.jpg?fit=1200%2C851&ssl=1&resize=350%2C200","width":350,"height":200,"srcset":"https:\/\/i0.wp.com\/www.jazzzeitung.de\/cms\/wp-content\/uploads\/2019\/06\/Logo_Ljf_Bayern19.jpg?fit=1200%2C851&ssl=1&resize=350%2C200 1x, https:\/\/i0.wp.com\/www.jazzzeitung.de\/cms\/wp-content\/uploads\/2019\/06\/Logo_Ljf_Bayern19.jpg?fit=1200%2C851&ssl=1&resize=525%2C300 1.5x, https:\/\/i0.wp.com\/www.jazzzeitung.de\/cms\/wp-content\/uploads\/2019\/06\/Logo_Ljf_Bayern19.jpg?fit=1200%2C851&ssl=1&resize=700%2C400 2x, https:\/\/i0.wp.com\/www.jazzzeitung.de\/cms\/wp-content\/uploads\/2019\/06\/Logo_Ljf_Bayern19.jpg?fit=1200%2C851&ssl=1&resize=1050%2C600 3x"},"classes":[]},{"id":25951,"url":"https:\/\/www.jazzzeitung.de\/cms\/2021\/10\/news-ebe-jazz-is-back-insight-out-digitale-akademie-der-deutschen-jazzunion-startet-gypsy-jazz-tage-muenchen-2021\/","url_meta":{"origin":7459,"position":2},"title":"+++ news +++ EBE-JAZZ is back! +++ \u201cInsight Out\u201d: Digitale Akademie der Deutschen Jazzunion startet +++ Gypsy Jazz Tage M\u00fcnchen 2021 +++","author":"Redaktion JazzZeitung","date":"6. Oktober 2021","format":false,"excerpt":"+++ EBE-JAZZ is back! +++ (Pressemitteilung) Nachdem Live-Kultur so lange nicht m\u00f6glich war, l\u00e4uft nun als Comeback der Kultursommer - und f\u00fcr eine Fortsetzung im Herbst ist bereits gesorgt: EBE-JAZZ is back! Vom 8. bis 17. Oktober 2021 geht das internationale Jazzfestival in Ebersberg und Grafing in seine vierte Runde!\u2026","rel":"","context":"In &quot;News&quot;","block_context":{"text":"News","link":"https:\/\/www.jazzzeitung.de\/cms\/thema\/nachrichten\/"},"img":{"alt_text":"","src":"https:\/\/i0.wp.com\/www.jazzzeitung.de\/cms\/wp-content\/uploads\/2021\/10\/EBE-JAZZ-Vorstaende-Foto-TJ-Krebs_kleine.jpg?fit=1134%2C756&ssl=1&resize=350%2C200","width":350,"height":200,"srcset":"https:\/\/i0.wp.com\/www.jazzzeitung.de\/cms\/wp-content\/uploads\/2021\/10\/EBE-JAZZ-Vorstaende-Foto-TJ-Krebs_kleine.jpg?fit=1134%2C756&ssl=1&resize=350%2C200 1x, https:\/\/i0.wp.com\/www.jazzzeitung.de\/cms\/wp-content\/uploads\/2021\/10\/EBE-JAZZ-Vorstaende-Foto-TJ-Krebs_kleine.jpg?fit=1134%2C756&ssl=1&resize=525%2C300 1.5x, https:\/\/i0.wp.com\/www.jazzzeitung.de\/cms\/wp-content\/uploads\/2021\/10\/EBE-JAZZ-Vorstaende-Foto-TJ-Krebs_kleine.jpg?fit=1134%2C756&ssl=1&resize=700%2C400 2x, https:\/\/i0.wp.com\/www.jazzzeitung.de\/cms\/wp-content\/uploads\/2021\/10\/EBE-JAZZ-Vorstaende-Foto-TJ-Krebs_kleine.jpg?fit=1134%2C756&ssl=1&resize=1050%2C600 3x"},"classes":[]},{"id":25989,"url":"https:\/\/www.jazzzeitung.de\/cms\/2021\/10\/internationale-jazzfestival-ebe-jazz-der-pandemie-getrotzt\/","url_meta":{"origin":7459,"position":3},"title":"Internationale Jazzfestival EBE-JAZZ &#8211; der Pandemie getrotzt","author":"Thomas J. Krebs","date":"19. Oktober 2021","format":false,"excerpt":"Alle (zwei) Jahre wieder das internationale Jazzfestival EBE-JAZZ, seit 2015! Gl\u00fccklicherweise ist dieser Plan, Pandemie hin und her, auch diesmal wieder aufgegangen. Auch wenn nach der ersten Terminplanung f\u00fcr EBE-JAZZ 21, im November 2019, dann im Fr\u00fchjahr 2021, als man begann das konkrete Festivalprogramm zu planen, noch nicht wusste wie\u2026","rel":"","context":"In &quot;Bericht&quot;","block_context":{"text":"Bericht","link":"https:\/\/www.jazzzeitung.de\/cms\/thema\/bericht\/"},"img":{"alt_text":"","src":"https:\/\/i0.wp.com\/www.jazzzeitung.de\/cms\/wp-content\/uploads\/2021\/10\/P1354428-Helfrich-Trio-Ambrosetti-Enders-Foto-TJ-Krebs.jpg?fit=1200%2C811&ssl=1&resize=350%2C200","width":350,"height":200,"srcset":"https:\/\/i0.wp.com\/www.jazzzeitung.de\/cms\/wp-content\/uploads\/2021\/10\/P1354428-Helfrich-Trio-Ambrosetti-Enders-Foto-TJ-Krebs.jpg?fit=1200%2C811&ssl=1&resize=350%2C200 1x, https:\/\/i0.wp.com\/www.jazzzeitung.de\/cms\/wp-content\/uploads\/2021\/10\/P1354428-Helfrich-Trio-Ambrosetti-Enders-Foto-TJ-Krebs.jpg?fit=1200%2C811&ssl=1&resize=525%2C300 1.5x, https:\/\/i0.wp.com\/www.jazzzeitung.de\/cms\/wp-content\/uploads\/2021\/10\/P1354428-Helfrich-Trio-Ambrosetti-Enders-Foto-TJ-Krebs.jpg?fit=1200%2C811&ssl=1&resize=700%2C400 2x, https:\/\/i0.wp.com\/www.jazzzeitung.de\/cms\/wp-content\/uploads\/2021\/10\/P1354428-Helfrich-Trio-Ambrosetti-Enders-Foto-TJ-Krebs.jpg?fit=1200%2C811&ssl=1&resize=1050%2C600 3x"},"classes":[]},{"id":13954,"url":"https:\/\/www.jazzzeitung.de\/cms\/2017\/10\/eberberger-jazz-festival\/","url_meta":{"origin":7459,"position":4},"title":"Ebersberger Jazz Festival EBE 17 mit K\u00fcnstlern von fern und nah","author":"Redaktion JazzZeitung","date":"24. Oktober 2017","format":false,"excerpt":"Mit Ebe Jazz 15 ging es vor zwei Jahren los. Jetzt folgte die zweite Auflage des kleinen aber feinen Ebersberger Jazzfestivals, das mit einer Mischung aus den abendlichen Konzerten, einer Jazz-Messe und einem Fr\u00fchschoppen am Sonntagvormittag, einem Jazzkonzert f\u00fcr Kinder am Sonntagnachmittag, einem Crossover-Konzert (Jazz-Klassik) und diversen After Hours- und\u2026","rel":"","context":"In &quot;Galerie&quot;","block_context":{"text":"Galerie","link":"https:\/\/www.jazzzeitung.de\/cms\/thema\/galerie\/"},"img":{"alt_text":"","src":"https:\/\/i0.wp.com\/www.jazzzeitung.de\/cms\/wp-content\/uploads\/2017\/10\/P1600756-Jacob-Collier-Foto-TJ-Krebs-jazzphotoagency%40web.de_.jpg?fit=1200%2C800&ssl=1&resize=350%2C200","width":350,"height":200,"srcset":"https:\/\/i0.wp.com\/www.jazzzeitung.de\/cms\/wp-content\/uploads\/2017\/10\/P1600756-Jacob-Collier-Foto-TJ-Krebs-jazzphotoagency%40web.de_.jpg?fit=1200%2C800&ssl=1&resize=350%2C200 1x, https:\/\/i0.wp.com\/www.jazzzeitung.de\/cms\/wp-content\/uploads\/2017\/10\/P1600756-Jacob-Collier-Foto-TJ-Krebs-jazzphotoagency%40web.de_.jpg?fit=1200%2C800&ssl=1&resize=525%2C300 1.5x, https:\/\/i0.wp.com\/www.jazzzeitung.de\/cms\/wp-content\/uploads\/2017\/10\/P1600756-Jacob-Collier-Foto-TJ-Krebs-jazzphotoagency%40web.de_.jpg?fit=1200%2C800&ssl=1&resize=700%2C400 2x, https:\/\/i0.wp.com\/www.jazzzeitung.de\/cms\/wp-content\/uploads\/2017\/10\/P1600756-Jacob-Collier-Foto-TJ-Krebs-jazzphotoagency%40web.de_.jpg?fit=1200%2C800&ssl=1&resize=1050%2C600 3x"},"classes":[]},{"id":6553,"url":"https:\/\/www.jazzzeitung.de\/cms\/2015\/07\/suedtirol-jazz-festival-alto-adige-2015-bildergalerie\/","url_meta":{"origin":7459,"position":5},"title":"S\u00fcdtirol Jazzfestival Alto Adige 2015: Bildergalerie","author":"Redaktion JazzZeitung","date":"13. Juli 2015","format":false,"excerpt":"Danke, Ralf Dombrowski, ein Bericht folgt in der Septemberausgabe der nmz!","rel":"","context":"In &quot;Galerie&quot;","block_context":{"text":"Galerie","link":"https:\/\/www.jazzzeitung.de\/cms\/thema\/galerie\/"},"img":{"alt_text":"","src":"https:\/\/i0.wp.com\/www.jazzzeitung.de\/cms\/wp-content\/uploads\/2015\/07\/0K3A0003-Bourne-dombr.jpg?resize=350%2C200","width":350,"height":200,"srcset":"https:\/\/i0.wp.com\/www.jazzzeitung.de\/cms\/wp-content\/uploads\/2015\/07\/0K3A0003-Bourne-dombr.jpg?resize=350%2C200 1x, https:\/\/i0.wp.com\/www.jazzzeitung.de\/cms\/wp-content\/uploads\/2015\/07\/0K3A0003-Bourne-dombr.jpg?resize=525%2C300 1.5x, https:\/\/i0.wp.com\/www.jazzzeitung.de\/cms\/wp-content\/uploads\/2015\/07\/0K3A0003-Bourne-dombr.jpg?resize=700%2C400 2x, https:\/\/i0.wp.com\/www.jazzzeitung.de\/cms\/wp-content\/uploads\/2015\/07\/0K3A0003-Bourne-dombr.jpg?resize=1050%2C600 3x"},"classes":[]}],"jetpack_sharing_enabled":true,"_links":{"self":[{"href":"https:\/\/www.jazzzeitung.de\/cms\/wp-json\/wp\/v2\/posts\/7459","targetHints":{"allow":["GET"]}}],"collection":[{"href":"https:\/\/www.jazzzeitung.de\/cms\/wp-json\/wp\/v2\/posts"}],"about":[{"href":"https:\/\/www.jazzzeitung.de\/cms\/wp-json\/wp\/v2\/types\/post"}],"author":[{"embeddable":true,"href":"https:\/\/www.jazzzeitung.de\/cms\/wp-json\/wp\/v2\/users\/18"}],"replies":[{"embeddable":true,"href":"https:\/\/www.jazzzeitung.de\/cms\/wp-json\/wp\/v2\/comments?post=7459"}],"version-history":[{"count":5,"href":"https:\/\/www.jazzzeitung.de\/cms\/wp-json\/wp\/v2\/posts\/7459\/revisions"}],"predecessor-version":[{"id":7478,"href":"https:\/\/www.jazzzeitung.de\/cms\/wp-json\/wp\/v2\/posts\/7459\/revisions\/7478"}],"wp:attachment":[{"href":"https:\/\/www.jazzzeitung.de\/cms\/wp-json\/wp\/v2\/media?parent=7459"}],"wp:term":[{"taxonomy":"category","embeddable":true,"href":"https:\/\/www.jazzzeitung.de\/cms\/wp-json\/wp\/v2\/categories?post=7459"},{"taxonomy":"post_tag","embeddable":true,"href":"https:\/\/www.jazzzeitung.de\/cms\/wp-json\/wp\/v2\/tags?post=7459"},{"taxonomy":"author","embeddable":true,"href":"https:\/\/www.jazzzeitung.de\/cms\/wp-json\/wp\/v2\/coauthors?post=7459"}],"curies":[{"name":"wp","href":"https:\/\/api.w.org\/{rel}","templated":true}]}}