{"id":7433,"date":"2015-10-20T09:46:44","date_gmt":"2015-10-20T07:46:44","guid":{"rendered":"http:\/\/www.jazzzeitung.de\/cms\/?p=7433"},"modified":"2015-10-20T09:47:31","modified_gmt":"2015-10-20T07:47:31","slug":"die-musikalischen-soehne-toechter-ingolstadts-wollen-raus-die-welt","status":"publish","type":"post","link":"https:\/\/www.jazzzeitung.de\/cms\/2015\/10\/die-musikalischen-soehne-toechter-ingolstadts-wollen-raus-die-welt\/","title":{"rendered":"Die musikalischen S\u00f6hne &#038; T\u00f6chter Ingolstadts wollen \u201eraus in die Welt\u201c"},"content":{"rendered":"<p><strong><a href=\"https:\/\/i0.wp.com\/www.jazzzeitung.de\/cms\/wp-content\/uploads\/2015\/10\/SoehneToechter.jpg\"><img data-recalc-dims=\"1\" loading=\"lazy\" decoding=\"async\" data-attachment-id=\"7434\" data-permalink=\"https:\/\/www.jazzzeitung.de\/cms\/2015\/10\/die-musikalischen-soehne-toechter-ingolstadts-wollen-raus-die-welt\/soehnetoechter\/\" data-orig-file=\"https:\/\/i0.wp.com\/www.jazzzeitung.de\/cms\/wp-content\/uploads\/2015\/10\/SoehneToechter.jpg?fit=1969%2C2954&amp;ssl=1\" data-orig-size=\"1969,2954\" data-comments-opened=\"1\" data-image-meta=\"{&quot;aperture&quot;:&quot;4.5&quot;,&quot;credit&quot;:&quot;Christian Holz    antischick&quot;,&quot;camera&quot;:&quot;NIKON D800&quot;,&quot;caption&quot;:&quot;&quot;,&quot;created_timestamp&quot;:&quot;1436364518&quot;,&quot;copyright&quot;:&quot;Christian Holz&quot;,&quot;focal_length&quot;:&quot;48&quot;,&quot;iso&quot;:&quot;100&quot;,&quot;shutter_speed&quot;:&quot;0.008&quot;,&quot;title&quot;:&quot;&quot;,&quot;orientation&quot;:&quot;1&quot;}\" data-image-title=\"Soehne&amp;#038;Toechter\" data-image-description=\"\" data-image-caption=\"\" data-large-file=\"https:\/\/i0.wp.com\/www.jazzzeitung.de\/cms\/wp-content\/uploads\/2015\/10\/SoehneToechter.jpg?fit=400%2C600&amp;ssl=1\" class=\"alignright size-thumbnail wp-image-7434\" src=\"https:\/\/i0.wp.com\/www.jazzzeitung.de\/cms\/wp-content\/uploads\/2015\/10\/SoehneToechter-150x150.jpg?resize=150%2C150\" alt=\"Soehne&amp;Toechter\" width=\"150\" height=\"150\" srcset=\"https:\/\/i0.wp.com\/www.jazzzeitung.de\/cms\/wp-content\/uploads\/2015\/10\/SoehneToechter.jpg?resize=150%2C150&amp;ssl=1 150w, https:\/\/i0.wp.com\/www.jazzzeitung.de\/cms\/wp-content\/uploads\/2015\/10\/SoehneToechter.jpg?resize=144%2C144&amp;ssl=1 144w, https:\/\/i0.wp.com\/www.jazzzeitung.de\/cms\/wp-content\/uploads\/2015\/10\/SoehneToechter.jpg?resize=96%2C96&amp;ssl=1 96w, https:\/\/i0.wp.com\/www.jazzzeitung.de\/cms\/wp-content\/uploads\/2015\/10\/SoehneToechter.jpg?resize=24%2C24&amp;ssl=1 24w, https:\/\/i0.wp.com\/www.jazzzeitung.de\/cms\/wp-content\/uploads\/2015\/10\/SoehneToechter.jpg?resize=36%2C36&amp;ssl=1 36w, https:\/\/i0.wp.com\/www.jazzzeitung.de\/cms\/wp-content\/uploads\/2015\/10\/SoehneToechter.jpg?resize=48%2C48&amp;ssl=1 48w, https:\/\/i0.wp.com\/www.jazzzeitung.de\/cms\/wp-content\/uploads\/2015\/10\/SoehneToechter.jpg?resize=64%2C64&amp;ssl=1 64w, https:\/\/i0.wp.com\/www.jazzzeitung.de\/cms\/wp-content\/uploads\/2015\/10\/SoehneToechter.jpg?resize=32%2C32&amp;ssl=1 32w, https:\/\/i0.wp.com\/www.jazzzeitung.de\/cms\/wp-content\/uploads\/2015\/10\/SoehneToechter.jpg?resize=128%2C128&amp;ssl=1 128w, https:\/\/i0.wp.com\/www.jazzzeitung.de\/cms\/wp-content\/uploads\/2015\/10\/SoehneToechter.jpg?zoom=2&amp;resize=150%2C150&amp;ssl=1 300w, https:\/\/i0.wp.com\/www.jazzzeitung.de\/cms\/wp-content\/uploads\/2015\/10\/SoehneToechter.jpg?zoom=3&amp;resize=150%2C150&amp;ssl=1 450w\" sizes=\"auto, (max-width: 150px) 100vw, 150px\" \/><\/a>Unter dem Namen \u201eS\u00f6hne &amp; T\u00f6chter Ingolstadts\u201c gastiert eine neue All-Star-Formation am 4. November im B\u00fcrgerhaus\/Diagonal. Das neunk\u00f6pfige Ensemble um S\u00e4ngerin Gabriella Martini, Bassist Bernhard Hollinger und Percussionist Charly B\u00f6ck pr\u00e4sentiert dabei Interpretationen von Miles Davis, Marvin Gaye und Bob Marley.<\/strong><\/p>\n<p>Obwohl man sich namentlich an die ber\u00fchmten \u201eS\u00f6hne Mannheims\u201c anlehnt, geht die neue Formation \u201eS\u00f6hne &amp; T\u00f6chter Ingolstadts\u201c einen ganz eigenen Weg. Charly B\u00f6ck, renommierter Percussionist und einer der Triebfedern des Projektes, sagt: \u201eEs geht uns darum, dass wir eine Community aufbauen. Einen Pool aus Musikern, mit denen wir einen eigenen Sound entwickeln wollen.\u201c Die Voraussetzungen daf\u00fcr sind gut. Denn das derzeit aus neun Mitgliedern bestehende Ensemble ist mit herausragenden Musikern best\u00fcckt \u2013 f\u00fcnf von ihnen sind \u201eJazzf\u00f6rderpreis-Tr\u00e4ger.\u201c Neben Charly B\u00f6ck sind das Bassist Bernhard Hollinger, Trompeter Joey Finger, Gitarrist Oliver Mochmann sowie der in diesem Jahr mit dem Award gek\u00fcrte Drummer Matthias Hetzer. Abgerundet wird das hochkar\u00e4tige Line-Up durch Keyboarder Martin Kasper und den drei S\u00e4ngern\/S\u00e4ngerinnen Gabriella Martini, Bernd Leibl (beide Ras Dashan) und Stephan Kraus.<\/p>\n<p>Da die Besetzung gerne um weitere junge Talente wachsen darf, sieht B\u00f6ck die \u201eS\u00f6hne &amp; T\u00f6chter Ingolstadts\u201c als ein Kollektiv. Bedingung: Die Musiker sollten einen Bezug zu Ingolstadt haben. Mit ihrem eigenen \u201egroovigen Stil\u201c machen sich B\u00f6ck &amp; Co. am 4. November im B\u00fcrgerhaus\/Diagonal an Klassikern der Jazz- und Soul-Literatur. Auf der Setlist stehen Titel von den Crusaders, Miles Davis, Bob Marley, Marvin Gaye aber auch eigene Kompositionen. Die Musiker-Elite der Region will dabei klar machen, dass man jederzeit mit Mannheim mithalten kann. Charly B\u00f6ck: \u201eWir m\u00f6chten unsere Musik von Ingolstadt aus raus in die Welt tragen.\u201c<\/p>\n<p>Karten f\u00fcr das Konzert der \u201eS\u00f6hne &amp; T\u00f6chter Ingolstadts\u201c am 4. November (20.30 Uhr) im B\u00fcrgerhaus\/Diagonal sind f\u00fcr 8 Euro (zzgl. Geb\u00fchren) erh\u00e4ltlich.<\/p>\n<p><strong>S\u00f6hne &amp; T\u00f6chter Ingolstadts \u2013\u00a0<\/strong>Soul meets Jazz, mit:<\/p>\n<p>Gabriella Martini -Vocal<\/p>\n<p>Bernd Leibl &#8211; Vocal<\/p>\n<p>Stephan Kraus &#8211; Vocal<\/p>\n<p>Joey Finger &#8211; Trumpet (JFP)<\/p>\n<p>Martin Kasper &#8211; Keyboards<\/p>\n<p>Bernhard Hollinger &#8211; Bass (JFP)<\/p>\n<p>Oliver Mochmann &#8211; Guitar (JFP)<\/p>\n<p>Charly B\u00f6ck &#8211; Percussion (JFP)<\/p>\n<p>Matthias Hetzer &#8211; Drums (JFP 2015)<\/p>\n<p>(JFP = Jazzf\u00f6rderpreistr\u00e4ger)<\/p>\n<p>&nbsp;<\/p>\n<p><strong>snapshot, gm, Oktober 2015<\/strong><\/p>\n<p><strong>\u00a0<\/strong><\/p>\n<p><strong>Alle Informationen \u00fcber die Ingolst\u00e4dter Jazztage 2015 finden sich unter <\/strong><a href=\"http:\/\/www.ingolstaedter-jazztage.de\/\"><strong>www.ingolstaedter-jazztage.de<\/strong><\/a><\/p>\n<p><strong>\u00a0<\/strong><\/p>\n<p><strong>Tickets erh\u00e4ltlich bei:<\/strong><\/p>\n<p><strong>Eventim<\/strong><\/p>\n<p>Ticket-Hotline: 01806 570070 (0,20 \u20ac\/Anruf inkl. MwSt aus den Festnetzen, max. 0,60 \u20ac\/Anruf inkl. MwSt aus den Mobilfunknetzen; Montag bis Sonntag, 8 bis 20 Uhr) oder unter www.eventim.de<\/p>\n<p><strong>Donaukurier-Ticketservice<\/strong><\/p>\n<p>Mauthstr. 9, 85049 Ingolstadt<\/p>\n<p>Telefon 0841 9666-800<\/p>\n<p>www.donaukurier.de\/ticketservice<\/p>\n<p><strong>Tourist-Information am Hauptbahnhof Ingolstadt<\/strong><\/p>\n<p>Elisabethstr. 3, 85051 Ingolstadt<\/p>\n<p>Tel. 0841 305-3005<\/p>\n<p><strong>Ticketservice im Westpark Ingolstadt<\/strong><\/p>\n<p>Am Westpark 6, 85057 Ingolstadt<\/p>\n<p>Tel. 0841 4932130<\/p>\n","protected":false},"excerpt":{"rendered":"<p>Unter dem Namen \u201eS\u00f6hne &amp; T\u00f6chter Ingolstadts\u201c gastiert eine neue All-Star-Formation am 4. November im B\u00fcrgerhaus\/Diagonal. Das neunk\u00f6pfige Ensemble um S\u00e4ngerin Gabriella Martini, Bassist Bernhard Hollinger und Percussionist Charly B\u00f6ck pr\u00e4sentiert dabei Interpretationen von Miles Davis, Marvin Gaye und Bob Marley. Obwohl man sich namentlich an die ber\u00fchmten \u201eS\u00f6hne Mannheims\u201c anlehnt, geht die neue Formation \u201eS\u00f6hne &amp; T\u00f6chter Ingolstadts\u201c einen ganz eigenen Weg. Charly B\u00f6ck, renommierter Percussionist und einer der Triebfedern des Projektes, sagt: \u201eEs geht uns darum, dass wir eine Community aufbauen. Einen Pool aus Musikern, mit denen wir einen eigenen Sound entwickeln wollen.\u201c Die Voraussetzungen daf\u00fcr sind gut. Denn das derzeit aus neun Mitgliedern bestehende Ensemble ist mit herausragenden Musikern best\u00fcckt \u2013 f\u00fcnf von ihnen sind \u201eJazzf\u00f6rderpreis-Tr\u00e4ger.\u201c Neben Charly B\u00f6ck sind das Bassist Bernhard Hollinger, Trompeter Joey Finger, Gitarrist Oliver Mochmann sowie der in diesem Jahr mit dem Award gek\u00fcrte Drummer Matthias Hetzer. Abgerundet wird das hochkar\u00e4tige Line-Up durch Keyboarder Martin Kasper und den drei S\u00e4ngern\/S\u00e4ngerinnen Gabriella Martini, Bernd Leibl (beide Ras Dashan) und Stephan Kraus. Da die Besetzung gerne um weitere junge Talente wachsen darf, sieht B\u00f6ck die \u201eS\u00f6hne &amp; T\u00f6chter Ingolstadts\u201c &hellip;<\/p>\n","protected":false},"author":18,"featured_media":0,"comment_status":"open","ping_status":"closed","sticky":false,"template":"","format":"standard","meta":{"_jetpack_memberships_contains_paid_content":false,"footnotes":"","jetpack_publicize_message":"","jetpack_publicize_feature_enabled":true,"jetpack_social_post_already_shared":false,"jetpack_social_options":{"image_generator_settings":{"template":"highway","default_image_id":0,"font":"","enabled":false},"version":2}},"categories":[633],"tags":[322,374,390,548],"coauthors":[695],"class_list":["post-7433","post","type-post","status-publish","format-standard","hentry","category-nachrichten","tag-konzert-2","tag-mannheim","tag-miles-davis","tag-tickets"],"yoast_head":"<!-- This site is optimized with the Yoast SEO plugin v27.5 - https:\/\/yoast.com\/product\/yoast-seo-wordpress\/ -->\n<title>Die musikalischen S\u00f6hne &amp; T\u00f6chter Ingolstadts wollen \u201eraus in die Welt\u201c - JazzZeitung<\/title>\n<meta name=\"robots\" content=\"index, follow, max-snippet:-1, max-image-preview:large, max-video-preview:-1\" \/>\n<link rel=\"canonical\" href=\"https:\/\/www.jazzzeitung.de\/cms\/2015\/10\/die-musikalischen-soehne-toechter-ingolstadts-wollen-raus-die-welt\/\" \/>\n<meta property=\"og:locale\" content=\"de_DE\" \/>\n<meta property=\"og:type\" content=\"article\" \/>\n<meta property=\"og:title\" content=\"Die musikalischen S\u00f6hne &amp; T\u00f6chter Ingolstadts wollen \u201eraus in die Welt\u201c - JazzZeitung\" \/>\n<meta property=\"og:description\" content=\"Unter dem Namen \u201eS\u00f6hne &amp; T\u00f6chter Ingolstadts\u201c gastiert eine neue All-Star-Formation am 4. November im B\u00fcrgerhaus\/Diagonal. Das neunk\u00f6pfige Ensemble um S\u00e4ngerin Gabriella Martini, Bassist Bernhard Hollinger und Percussionist Charly B\u00f6ck pr\u00e4sentiert dabei Interpretationen von Miles Davis, Marvin Gaye und Bob Marley. Obwohl man sich namentlich an die ber\u00fchmten \u201eS\u00f6hne Mannheims\u201c anlehnt, geht die neue Formation \u201eS\u00f6hne &amp; T\u00f6chter Ingolstadts\u201c einen ganz eigenen Weg. Charly B\u00f6ck, renommierter Percussionist und einer der Triebfedern des Projektes, sagt: \u201eEs geht uns darum, dass wir eine Community aufbauen. Einen Pool aus Musikern, mit denen wir einen eigenen Sound entwickeln wollen.\u201c Die Voraussetzungen daf\u00fcr sind gut. Denn das derzeit aus neun Mitgliedern bestehende Ensemble ist mit herausragenden Musikern best\u00fcckt \u2013 f\u00fcnf von ihnen sind \u201eJazzf\u00f6rderpreis-Tr\u00e4ger.\u201c Neben Charly B\u00f6ck sind das Bassist Bernhard Hollinger, Trompeter Joey Finger, Gitarrist Oliver Mochmann sowie der in diesem Jahr mit dem Award gek\u00fcrte Drummer Matthias Hetzer. Abgerundet wird das hochkar\u00e4tige Line-Up durch Keyboarder Martin Kasper und den drei S\u00e4ngern\/S\u00e4ngerinnen Gabriella Martini, Bernd Leibl (beide Ras Dashan) und Stephan Kraus. Da die Besetzung gerne um weitere junge Talente wachsen darf, sieht B\u00f6ck die \u201eS\u00f6hne &amp; T\u00f6chter Ingolstadts\u201c &hellip;\" \/>\n<meta property=\"og:url\" content=\"https:\/\/www.jazzzeitung.de\/cms\/2015\/10\/die-musikalischen-soehne-toechter-ingolstadts-wollen-raus-die-welt\/\" \/>\n<meta property=\"og:site_name\" content=\"JazzZeitung\" \/>\n<meta property=\"article:publisher\" content=\"https:\/\/www.facebook.com\/JazzZeitung\/\" \/>\n<meta property=\"article:published_time\" content=\"2015-10-20T07:46:44+00:00\" \/>\n<meta property=\"article:modified_time\" content=\"2015-10-20T07:47:31+00:00\" \/>\n<meta property=\"og:image\" content=\"http:\/\/www.jazzzeitung.de\/cms\/wp-content\/uploads\/2015\/10\/SoehneToechter-150x150.jpg\" \/>\n<meta name=\"author\" content=\"Redaktion JazzZeitung\" \/>\n<script type=\"application\/ld+json\" class=\"yoast-schema-graph\">{\"@context\":\"https:\\\/\\\/schema.org\",\"@graph\":[{\"@type\":\"Article\",\"@id\":\"https:\\\/\\\/www.jazzzeitung.de\\\/cms\\\/2015\\\/10\\\/die-musikalischen-soehne-toechter-ingolstadts-wollen-raus-die-welt\\\/#article\",\"isPartOf\":{\"@id\":\"https:\\\/\\\/www.jazzzeitung.de\\\/cms\\\/2015\\\/10\\\/die-musikalischen-soehne-toechter-ingolstadts-wollen-raus-die-welt\\\/\"},\"author\":{\"name\":\"Redaktion JazzZeitung\",\"@id\":\"https:\\\/\\\/www.jazzzeitung.de\\\/cms\\\/#\\\/schema\\\/person\\\/2245b36b9cd1d24cea10f01c031fb92b\"},\"headline\":\"Die musikalischen S\u00f6hne &#038; T\u00f6chter Ingolstadts wollen \u201eraus in die Welt\u201c\",\"datePublished\":\"2015-10-20T07:46:44+00:00\",\"dateModified\":\"2015-10-20T07:47:31+00:00\",\"mainEntityOfPage\":{\"@id\":\"https:\\\/\\\/www.jazzzeitung.de\\\/cms\\\/2015\\\/10\\\/die-musikalischen-soehne-toechter-ingolstadts-wollen-raus-die-welt\\\/\"},\"wordCount\":460,\"commentCount\":0,\"publisher\":{\"@id\":\"https:\\\/\\\/www.jazzzeitung.de\\\/cms\\\/#organization\"},\"image\":{\"@id\":\"https:\\\/\\\/www.jazzzeitung.de\\\/cms\\\/2015\\\/10\\\/die-musikalischen-soehne-toechter-ingolstadts-wollen-raus-die-welt\\\/#primaryimage\"},\"thumbnailUrl\":\"http:\\\/\\\/www.jazzzeitung.de\\\/cms\\\/wp-content\\\/uploads\\\/2015\\\/10\\\/SoehneToechter-150x150.jpg\",\"keywords\":[\"Konzert\",\"Mannheim\",\"Miles Davis\",\"Tickets\"],\"articleSection\":[\"News\"],\"inLanguage\":\"de\",\"potentialAction\":[{\"@type\":\"CommentAction\",\"name\":\"Comment\",\"target\":[\"https:\\\/\\\/www.jazzzeitung.de\\\/cms\\\/2015\\\/10\\\/die-musikalischen-soehne-toechter-ingolstadts-wollen-raus-die-welt\\\/#respond\"]}]},{\"@type\":\"WebPage\",\"@id\":\"https:\\\/\\\/www.jazzzeitung.de\\\/cms\\\/2015\\\/10\\\/die-musikalischen-soehne-toechter-ingolstadts-wollen-raus-die-welt\\\/\",\"url\":\"https:\\\/\\\/www.jazzzeitung.de\\\/cms\\\/2015\\\/10\\\/die-musikalischen-soehne-toechter-ingolstadts-wollen-raus-die-welt\\\/\",\"name\":\"Die musikalischen S\u00f6hne & T\u00f6chter Ingolstadts wollen \u201eraus in die Welt\u201c - JazzZeitung\",\"isPartOf\":{\"@id\":\"https:\\\/\\\/www.jazzzeitung.de\\\/cms\\\/#website\"},\"primaryImageOfPage\":{\"@id\":\"https:\\\/\\\/www.jazzzeitung.de\\\/cms\\\/2015\\\/10\\\/die-musikalischen-soehne-toechter-ingolstadts-wollen-raus-die-welt\\\/#primaryimage\"},\"image\":{\"@id\":\"https:\\\/\\\/www.jazzzeitung.de\\\/cms\\\/2015\\\/10\\\/die-musikalischen-soehne-toechter-ingolstadts-wollen-raus-die-welt\\\/#primaryimage\"},\"thumbnailUrl\":\"http:\\\/\\\/www.jazzzeitung.de\\\/cms\\\/wp-content\\\/uploads\\\/2015\\\/10\\\/SoehneToechter-150x150.jpg\",\"datePublished\":\"2015-10-20T07:46:44+00:00\",\"dateModified\":\"2015-10-20T07:47:31+00:00\",\"breadcrumb\":{\"@id\":\"https:\\\/\\\/www.jazzzeitung.de\\\/cms\\\/2015\\\/10\\\/die-musikalischen-soehne-toechter-ingolstadts-wollen-raus-die-welt\\\/#breadcrumb\"},\"inLanguage\":\"de\",\"potentialAction\":[{\"@type\":\"ReadAction\",\"target\":[\"https:\\\/\\\/www.jazzzeitung.de\\\/cms\\\/2015\\\/10\\\/die-musikalischen-soehne-toechter-ingolstadts-wollen-raus-die-welt\\\/\"]}]},{\"@type\":\"ImageObject\",\"inLanguage\":\"de\",\"@id\":\"https:\\\/\\\/www.jazzzeitung.de\\\/cms\\\/2015\\\/10\\\/die-musikalischen-soehne-toechter-ingolstadts-wollen-raus-die-welt\\\/#primaryimage\",\"url\":\"http:\\\/\\\/www.jazzzeitung.de\\\/cms\\\/wp-content\\\/uploads\\\/2015\\\/10\\\/SoehneToechter-150x150.jpg\",\"contentUrl\":\"http:\\\/\\\/www.jazzzeitung.de\\\/cms\\\/wp-content\\\/uploads\\\/2015\\\/10\\\/SoehneToechter-150x150.jpg\"},{\"@type\":\"BreadcrumbList\",\"@id\":\"https:\\\/\\\/www.jazzzeitung.de\\\/cms\\\/2015\\\/10\\\/die-musikalischen-soehne-toechter-ingolstadts-wollen-raus-die-welt\\\/#breadcrumb\",\"itemListElement\":[{\"@type\":\"ListItem\",\"position\":1,\"name\":\"Startseite\",\"item\":\"https:\\\/\\\/www.jazzzeitung.de\\\/cms\\\/\"},{\"@type\":\"ListItem\",\"position\":2,\"name\":\"Die musikalischen S\u00f6hne &#038; T\u00f6chter Ingolstadts wollen \u201eraus in die Welt\u201c\"}]},{\"@type\":\"WebSite\",\"@id\":\"https:\\\/\\\/www.jazzzeitung.de\\\/cms\\\/#website\",\"url\":\"https:\\\/\\\/www.jazzzeitung.de\\\/cms\\\/\",\"name\":\"JazzZeitung\",\"description\":\"Jazz-News und Jazz-Kontroverses\",\"publisher\":{\"@id\":\"https:\\\/\\\/www.jazzzeitung.de\\\/cms\\\/#organization\"},\"potentialAction\":[{\"@type\":\"SearchAction\",\"target\":{\"@type\":\"EntryPoint\",\"urlTemplate\":\"https:\\\/\\\/www.jazzzeitung.de\\\/cms\\\/?s={search_term_string}\"},\"query-input\":{\"@type\":\"PropertyValueSpecification\",\"valueRequired\":true,\"valueName\":\"search_term_string\"}}],\"inLanguage\":\"de\"},{\"@type\":\"Organization\",\"@id\":\"https:\\\/\\\/www.jazzzeitung.de\\\/cms\\\/#organization\",\"name\":\"JazzZeitung online\",\"url\":\"https:\\\/\\\/www.jazzzeitung.de\\\/cms\\\/\",\"logo\":{\"@type\":\"ImageObject\",\"inLanguage\":\"de\",\"@id\":\"https:\\\/\\\/www.jazzzeitung.de\\\/cms\\\/#\\\/schema\\\/logo\\\/image\\\/\",\"url\":\"https:\\\/\\\/i0.wp.com\\\/www.jazzzeitung.de\\\/cms\\\/wp-content\\\/uploads\\\/2015\\\/08\\\/JAZZZEITUNGDE_Logo_Neu.png?fit=499%2C200&ssl=1\",\"contentUrl\":\"https:\\\/\\\/i0.wp.com\\\/www.jazzzeitung.de\\\/cms\\\/wp-content\\\/uploads\\\/2015\\\/08\\\/JAZZZEITUNGDE_Logo_Neu.png?fit=499%2C200&ssl=1\",\"width\":499,\"height\":200,\"caption\":\"JazzZeitung online\"},\"image\":{\"@id\":\"https:\\\/\\\/www.jazzzeitung.de\\\/cms\\\/#\\\/schema\\\/logo\\\/image\\\/\"},\"sameAs\":[\"https:\\\/\\\/www.facebook.com\\\/JazzZeitung\\\/\"]},{\"@type\":\"Person\",\"@id\":\"https:\\\/\\\/www.jazzzeitung.de\\\/cms\\\/#\\\/schema\\\/person\\\/2245b36b9cd1d24cea10f01c031fb92b\",\"name\":\"Redaktion JazzZeitung\",\"image\":{\"@type\":\"ImageObject\",\"inLanguage\":\"de\",\"@id\":\"https:\\\/\\\/i0.wp.com\\\/www.jazzzeitung.de\\\/cms\\\/wp-content\\\/uploads\\\/2015\\\/08\\\/JAZZZEITUNGDE_Logo_Neu.png?resize=96%2C96&ssl=159975dcacb611b5700bd619b5daf0a7a\",\"url\":\"https:\\\/\\\/i0.wp.com\\\/www.jazzzeitung.de\\\/cms\\\/wp-content\\\/uploads\\\/2015\\\/08\\\/JAZZZEITUNGDE_Logo_Neu.png?resize=96%2C96&ssl=1\",\"contentUrl\":\"https:\\\/\\\/i0.wp.com\\\/www.jazzzeitung.de\\\/cms\\\/wp-content\\\/uploads\\\/2015\\\/08\\\/JAZZZEITUNGDE_Logo_Neu.png?resize=96%2C96&ssl=1\",\"caption\":\"Redaktion JazzZeitung\"},\"description\":\"Artikel der Redaktion der JazzZeitung.\",\"sameAs\":[\"http:\\\/\\\/www.jazzzeitung.de\\\/cms\\\/\"],\"url\":\"https:\\\/\\\/www.jazzzeitung.de\\\/cms\\\/author\\\/redaktion\\\/\"}]}<\/script>\n<!-- \/ Yoast SEO plugin. -->","yoast_head_json":{"title":"Die musikalischen S\u00f6hne & T\u00f6chter Ingolstadts wollen \u201eraus in die Welt\u201c - JazzZeitung","robots":{"index":"index","follow":"follow","max-snippet":"max-snippet:-1","max-image-preview":"max-image-preview:large","max-video-preview":"max-video-preview:-1"},"canonical":"https:\/\/www.jazzzeitung.de\/cms\/2015\/10\/die-musikalischen-soehne-toechter-ingolstadts-wollen-raus-die-welt\/","og_locale":"de_DE","og_type":"article","og_title":"Die musikalischen S\u00f6hne & T\u00f6chter Ingolstadts wollen \u201eraus in die Welt\u201c - JazzZeitung","og_description":"Unter dem Namen \u201eS\u00f6hne &amp; T\u00f6chter Ingolstadts\u201c gastiert eine neue All-Star-Formation am 4. November im B\u00fcrgerhaus\/Diagonal. Das neunk\u00f6pfige Ensemble um S\u00e4ngerin Gabriella Martini, Bassist Bernhard Hollinger und Percussionist Charly B\u00f6ck pr\u00e4sentiert dabei Interpretationen von Miles Davis, Marvin Gaye und Bob Marley. Obwohl man sich namentlich an die ber\u00fchmten \u201eS\u00f6hne Mannheims\u201c anlehnt, geht die neue Formation \u201eS\u00f6hne &amp; T\u00f6chter Ingolstadts\u201c einen ganz eigenen Weg. Charly B\u00f6ck, renommierter Percussionist und einer der Triebfedern des Projektes, sagt: \u201eEs geht uns darum, dass wir eine Community aufbauen. Einen Pool aus Musikern, mit denen wir einen eigenen Sound entwickeln wollen.\u201c Die Voraussetzungen daf\u00fcr sind gut. Denn das derzeit aus neun Mitgliedern bestehende Ensemble ist mit herausragenden Musikern best\u00fcckt \u2013 f\u00fcnf von ihnen sind \u201eJazzf\u00f6rderpreis-Tr\u00e4ger.\u201c Neben Charly B\u00f6ck sind das Bassist Bernhard Hollinger, Trompeter Joey Finger, Gitarrist Oliver Mochmann sowie der in diesem Jahr mit dem Award gek\u00fcrte Drummer Matthias Hetzer. Abgerundet wird das hochkar\u00e4tige Line-Up durch Keyboarder Martin Kasper und den drei S\u00e4ngern\/S\u00e4ngerinnen Gabriella Martini, Bernd Leibl (beide Ras Dashan) und Stephan Kraus. Da die Besetzung gerne um weitere junge Talente wachsen darf, sieht B\u00f6ck die \u201eS\u00f6hne &amp; T\u00f6chter Ingolstadts\u201c &hellip;","og_url":"https:\/\/www.jazzzeitung.de\/cms\/2015\/10\/die-musikalischen-soehne-toechter-ingolstadts-wollen-raus-die-welt\/","og_site_name":"JazzZeitung","article_publisher":"https:\/\/www.facebook.com\/JazzZeitung\/","article_published_time":"2015-10-20T07:46:44+00:00","article_modified_time":"2015-10-20T07:47:31+00:00","og_image":[{"url":"http:\/\/www.jazzzeitung.de\/cms\/wp-content\/uploads\/2015\/10\/SoehneToechter-150x150.jpg","type":"","width":"","height":""}],"author":"Redaktion JazzZeitung","schema":{"@context":"https:\/\/schema.org","@graph":[{"@type":"Article","@id":"https:\/\/www.jazzzeitung.de\/cms\/2015\/10\/die-musikalischen-soehne-toechter-ingolstadts-wollen-raus-die-welt\/#article","isPartOf":{"@id":"https:\/\/www.jazzzeitung.de\/cms\/2015\/10\/die-musikalischen-soehne-toechter-ingolstadts-wollen-raus-die-welt\/"},"author":{"name":"Redaktion JazzZeitung","@id":"https:\/\/www.jazzzeitung.de\/cms\/#\/schema\/person\/2245b36b9cd1d24cea10f01c031fb92b"},"headline":"Die musikalischen S\u00f6hne &#038; T\u00f6chter Ingolstadts wollen \u201eraus in die Welt\u201c","datePublished":"2015-10-20T07:46:44+00:00","dateModified":"2015-10-20T07:47:31+00:00","mainEntityOfPage":{"@id":"https:\/\/www.jazzzeitung.de\/cms\/2015\/10\/die-musikalischen-soehne-toechter-ingolstadts-wollen-raus-die-welt\/"},"wordCount":460,"commentCount":0,"publisher":{"@id":"https:\/\/www.jazzzeitung.de\/cms\/#organization"},"image":{"@id":"https:\/\/www.jazzzeitung.de\/cms\/2015\/10\/die-musikalischen-soehne-toechter-ingolstadts-wollen-raus-die-welt\/#primaryimage"},"thumbnailUrl":"http:\/\/www.jazzzeitung.de\/cms\/wp-content\/uploads\/2015\/10\/SoehneToechter-150x150.jpg","keywords":["Konzert","Mannheim","Miles Davis","Tickets"],"articleSection":["News"],"inLanguage":"de","potentialAction":[{"@type":"CommentAction","name":"Comment","target":["https:\/\/www.jazzzeitung.de\/cms\/2015\/10\/die-musikalischen-soehne-toechter-ingolstadts-wollen-raus-die-welt\/#respond"]}]},{"@type":"WebPage","@id":"https:\/\/www.jazzzeitung.de\/cms\/2015\/10\/die-musikalischen-soehne-toechter-ingolstadts-wollen-raus-die-welt\/","url":"https:\/\/www.jazzzeitung.de\/cms\/2015\/10\/die-musikalischen-soehne-toechter-ingolstadts-wollen-raus-die-welt\/","name":"Die musikalischen S\u00f6hne & T\u00f6chter Ingolstadts wollen \u201eraus in die Welt\u201c - JazzZeitung","isPartOf":{"@id":"https:\/\/www.jazzzeitung.de\/cms\/#website"},"primaryImageOfPage":{"@id":"https:\/\/www.jazzzeitung.de\/cms\/2015\/10\/die-musikalischen-soehne-toechter-ingolstadts-wollen-raus-die-welt\/#primaryimage"},"image":{"@id":"https:\/\/www.jazzzeitung.de\/cms\/2015\/10\/die-musikalischen-soehne-toechter-ingolstadts-wollen-raus-die-welt\/#primaryimage"},"thumbnailUrl":"http:\/\/www.jazzzeitung.de\/cms\/wp-content\/uploads\/2015\/10\/SoehneToechter-150x150.jpg","datePublished":"2015-10-20T07:46:44+00:00","dateModified":"2015-10-20T07:47:31+00:00","breadcrumb":{"@id":"https:\/\/www.jazzzeitung.de\/cms\/2015\/10\/die-musikalischen-soehne-toechter-ingolstadts-wollen-raus-die-welt\/#breadcrumb"},"inLanguage":"de","potentialAction":[{"@type":"ReadAction","target":["https:\/\/www.jazzzeitung.de\/cms\/2015\/10\/die-musikalischen-soehne-toechter-ingolstadts-wollen-raus-die-welt\/"]}]},{"@type":"ImageObject","inLanguage":"de","@id":"https:\/\/www.jazzzeitung.de\/cms\/2015\/10\/die-musikalischen-soehne-toechter-ingolstadts-wollen-raus-die-welt\/#primaryimage","url":"http:\/\/www.jazzzeitung.de\/cms\/wp-content\/uploads\/2015\/10\/SoehneToechter-150x150.jpg","contentUrl":"http:\/\/www.jazzzeitung.de\/cms\/wp-content\/uploads\/2015\/10\/SoehneToechter-150x150.jpg"},{"@type":"BreadcrumbList","@id":"https:\/\/www.jazzzeitung.de\/cms\/2015\/10\/die-musikalischen-soehne-toechter-ingolstadts-wollen-raus-die-welt\/#breadcrumb","itemListElement":[{"@type":"ListItem","position":1,"name":"Startseite","item":"https:\/\/www.jazzzeitung.de\/cms\/"},{"@type":"ListItem","position":2,"name":"Die musikalischen S\u00f6hne &#038; T\u00f6chter Ingolstadts wollen \u201eraus in die Welt\u201c"}]},{"@type":"WebSite","@id":"https:\/\/www.jazzzeitung.de\/cms\/#website","url":"https:\/\/www.jazzzeitung.de\/cms\/","name":"JazzZeitung","description":"Jazz-News und Jazz-Kontroverses","publisher":{"@id":"https:\/\/www.jazzzeitung.de\/cms\/#organization"},"potentialAction":[{"@type":"SearchAction","target":{"@type":"EntryPoint","urlTemplate":"https:\/\/www.jazzzeitung.de\/cms\/?s={search_term_string}"},"query-input":{"@type":"PropertyValueSpecification","valueRequired":true,"valueName":"search_term_string"}}],"inLanguage":"de"},{"@type":"Organization","@id":"https:\/\/www.jazzzeitung.de\/cms\/#organization","name":"JazzZeitung online","url":"https:\/\/www.jazzzeitung.de\/cms\/","logo":{"@type":"ImageObject","inLanguage":"de","@id":"https:\/\/www.jazzzeitung.de\/cms\/#\/schema\/logo\/image\/","url":"https:\/\/i0.wp.com\/www.jazzzeitung.de\/cms\/wp-content\/uploads\/2015\/08\/JAZZZEITUNGDE_Logo_Neu.png?fit=499%2C200&ssl=1","contentUrl":"https:\/\/i0.wp.com\/www.jazzzeitung.de\/cms\/wp-content\/uploads\/2015\/08\/JAZZZEITUNGDE_Logo_Neu.png?fit=499%2C200&ssl=1","width":499,"height":200,"caption":"JazzZeitung online"},"image":{"@id":"https:\/\/www.jazzzeitung.de\/cms\/#\/schema\/logo\/image\/"},"sameAs":["https:\/\/www.facebook.com\/JazzZeitung\/"]},{"@type":"Person","@id":"https:\/\/www.jazzzeitung.de\/cms\/#\/schema\/person\/2245b36b9cd1d24cea10f01c031fb92b","name":"Redaktion JazzZeitung","image":{"@type":"ImageObject","inLanguage":"de","@id":"https:\/\/i0.wp.com\/www.jazzzeitung.de\/cms\/wp-content\/uploads\/2015\/08\/JAZZZEITUNGDE_Logo_Neu.png?resize=96%2C96&ssl=159975dcacb611b5700bd619b5daf0a7a","url":"https:\/\/i0.wp.com\/www.jazzzeitung.de\/cms\/wp-content\/uploads\/2015\/08\/JAZZZEITUNGDE_Logo_Neu.png?resize=96%2C96&ssl=1","contentUrl":"https:\/\/i0.wp.com\/www.jazzzeitung.de\/cms\/wp-content\/uploads\/2015\/08\/JAZZZEITUNGDE_Logo_Neu.png?resize=96%2C96&ssl=1","caption":"Redaktion JazzZeitung"},"description":"Artikel der Redaktion der JazzZeitung.","sameAs":["http:\/\/www.jazzzeitung.de\/cms\/"],"url":"https:\/\/www.jazzzeitung.de\/cms\/author\/redaktion\/"}]}},"wp-worthy-pixel":{"ignored":false,"public":null,"server":null,"url":null},"wp-worthy-type":"normal","jetpack_publicize_connections":[],"cc_featured_image_caption":{"caption_text":false,"source_text":false,"source_url":false},"jetpack_featured_media_url":"","jetpack_shortlink":"https:\/\/wp.me\/p3KEcT-1VT","jetpack-related-posts":[{"id":32866,"url":"https:\/\/www.jazzzeitung.de\/cms\/2025\/07\/jazz-sommer-im-bayerischen-hof-jazz-rules\/","url_meta":{"origin":7433,"position":0},"title":"Jazz-Sommer im Bayerischen Hof \u2013 Jazz rules!","author":"Thomas J. Krebs","date":"31. Juli 2025","format":false,"excerpt":"\u201eWe Insist 2025!\u201c \u2013 \u201eWe Exist\u201c. Der Jazz-Sommer im Hotel Bayerischer Hof hat mittlerweile eine jahrzehntelange Tradition und ist zugleich \u00fcber die Tore M\u00fcnchens hinaus ein Garant f\u00fcr hochkar\u00e4tige Konzerte in einer einzigartigen Atmosph\u00e4re. Auch in diesem Jahr hat der k\u00fcnstlerische Leiter Oliver Hochkeppel unter dem Motto \u201eVoices\u201c ein vielversprechendes,\u2026","rel":"","context":"In &quot;News&quot;","block_context":{"text":"News","link":"https:\/\/www.jazzzeitung.de\/cms\/thema\/nachrichten\/"},"img":{"alt_text":"","src":"https:\/\/i0.wp.com\/www.jazzzeitung.de\/cms\/wp-content\/uploads\/2025\/07\/P1733466-Bridgewater-4-Foto-TJ-Krebs.jpg?fit=1200%2C799&ssl=1&resize=350%2C200","width":350,"height":200,"srcset":"https:\/\/i0.wp.com\/www.jazzzeitung.de\/cms\/wp-content\/uploads\/2025\/07\/P1733466-Bridgewater-4-Foto-TJ-Krebs.jpg?fit=1200%2C799&ssl=1&resize=350%2C200 1x, https:\/\/i0.wp.com\/www.jazzzeitung.de\/cms\/wp-content\/uploads\/2025\/07\/P1733466-Bridgewater-4-Foto-TJ-Krebs.jpg?fit=1200%2C799&ssl=1&resize=525%2C300 1.5x, https:\/\/i0.wp.com\/www.jazzzeitung.de\/cms\/wp-content\/uploads\/2025\/07\/P1733466-Bridgewater-4-Foto-TJ-Krebs.jpg?fit=1200%2C799&ssl=1&resize=700%2C400 2x, https:\/\/i0.wp.com\/www.jazzzeitung.de\/cms\/wp-content\/uploads\/2025\/07\/P1733466-Bridgewater-4-Foto-TJ-Krebs.jpg?fit=1200%2C799&ssl=1&resize=1050%2C600 3x"},"classes":[]},{"id":30129,"url":"https:\/\/www.jazzzeitung.de\/cms\/2023\/10\/news40-jahre-ingolstaedter-jazztage-das-jubilaeumsprogramm\/","url_meta":{"origin":7433,"position":1},"title":"+++News:+++40 Jahre Ingolst\u00e4dter Jazztage &#8211; das Jubil\u00e4umsprogramm+++","author":"Redaktion JazzZeitung","date":"11. Oktober 2023","format":false,"excerpt":"Die Ingolst\u00e4dter Jazztage feiern dieses Jahr ihr 40-j\u00e4hriges Jubil\u00e4um. Unabh\u00e4ngig von dieser Kontinuit\u00e4t, sind die Jazztage mittlerweile das musikalische Aush\u00e4ngeschild der Stadt. Die ganze Stadt swingt in den Wochen w\u00e4hrend des Festivals. In mehr als f\u00fcnfundzwanzig Locations wird Ingolstadt ab dem 21. Oktober, jazzen, rocken, es wird gedanced und schwei\u00dftreibender\u2026","rel":"","context":"In &quot;News&quot;","block_context":{"text":"News","link":"https:\/\/www.jazzzeitung.de\/cms\/thema\/nachrichten\/"},"img":{"alt_text":"","src":"https:\/\/i0.wp.com\/www.jazzzeitung.de\/cms\/wp-content\/uploads\/2023\/10\/Jazztage_Josef-Heinl_02-%C2%A9-Alexander-Schuktuew-scaled-1.jpg?fit=1200%2C800&ssl=1&resize=350%2C200","width":350,"height":200,"srcset":"https:\/\/i0.wp.com\/www.jazzzeitung.de\/cms\/wp-content\/uploads\/2023\/10\/Jazztage_Josef-Heinl_02-%C2%A9-Alexander-Schuktuew-scaled-1.jpg?fit=1200%2C800&ssl=1&resize=350%2C200 1x, https:\/\/i0.wp.com\/www.jazzzeitung.de\/cms\/wp-content\/uploads\/2023\/10\/Jazztage_Josef-Heinl_02-%C2%A9-Alexander-Schuktuew-scaled-1.jpg?fit=1200%2C800&ssl=1&resize=525%2C300 1.5x, https:\/\/i0.wp.com\/www.jazzzeitung.de\/cms\/wp-content\/uploads\/2023\/10\/Jazztage_Josef-Heinl_02-%C2%A9-Alexander-Schuktuew-scaled-1.jpg?fit=1200%2C800&ssl=1&resize=700%2C400 2x, https:\/\/i0.wp.com\/www.jazzzeitung.de\/cms\/wp-content\/uploads\/2023\/10\/Jazztage_Josef-Heinl_02-%C2%A9-Alexander-Schuktuew-scaled-1.jpg?fit=1200%2C800&ssl=1&resize=1050%2C600 3x"},"classes":[]},{"id":33155,"url":"https:\/\/www.jazzzeitung.de\/cms\/2025\/10\/tradition-innovation-vorbericht-zu-den-ingolstaedter-jazztagen-2025\/","url_meta":{"origin":7433,"position":2},"title":"Tradition &#038; Innovation: Vorbericht zu den Ingolst\u00e4dter Jazztagen 2025","author":"Thomas J. Krebs","date":"9. Oktober 2025","format":false,"excerpt":"Alle Jahre wieder wenn es Herbst wird, k\u00fchl und grau, stehen die Ingolst\u00e4dter Jazztage ins Haus. So auch dieses Jahr zum 42. mal vom 04. bis 15. November, unter der k\u00fcnstlerischen Leitung von Wolfgang Haffner, mit einem abwechslungsreichen Programm das spannenden Jazz, die Grenzbereiche Soul,\u00a0 Latin, Pop oder Weltmusik auslotet\u2026","rel":"","context":"In &quot;News&quot;","block_context":{"text":"News","link":"https:\/\/www.jazzzeitung.de\/cms\/thema\/nachrichten\/"},"img":{"alt_text":"","src":"https:\/\/i0.wp.com\/www.jazzzeitung.de\/cms\/wp-content\/uploads\/2025\/10\/P2536832-Wright-Foto-TJ-Krebs.jpg?fit=1200%2C800&ssl=1&resize=350%2C200","width":350,"height":200,"srcset":"https:\/\/i0.wp.com\/www.jazzzeitung.de\/cms\/wp-content\/uploads\/2025\/10\/P2536832-Wright-Foto-TJ-Krebs.jpg?fit=1200%2C800&ssl=1&resize=350%2C200 1x, https:\/\/i0.wp.com\/www.jazzzeitung.de\/cms\/wp-content\/uploads\/2025\/10\/P2536832-Wright-Foto-TJ-Krebs.jpg?fit=1200%2C800&ssl=1&resize=525%2C300 1.5x, https:\/\/i0.wp.com\/www.jazzzeitung.de\/cms\/wp-content\/uploads\/2025\/10\/P2536832-Wright-Foto-TJ-Krebs.jpg?fit=1200%2C800&ssl=1&resize=700%2C400 2x, https:\/\/i0.wp.com\/www.jazzzeitung.de\/cms\/wp-content\/uploads\/2025\/10\/P2536832-Wright-Foto-TJ-Krebs.jpg?fit=1200%2C800&ssl=1&resize=1050%2C600 3x"},"classes":[]},{"id":15605,"url":"https:\/\/www.jazzzeitung.de\/cms\/2018\/04\/alexandra-lehmler-mit-sans-mots-im-ndr-bei-br-klassik\/","url_meta":{"origin":7433,"position":3},"title":"Alexandra Lehmler mit \u201esans mots\u201c im NDR &#038; bei BR-Klassik","author":"Redaktion JazzZeitung","date":"10. April 2018","format":false,"excerpt":"Aktuell ist die Ausnahmesaxophonistin Alexandra Lehmler und ihr deutsch-franz\u00f6sisches Quartett \u201esans mots\u201c auf Tour. Mit Drummer Patrice H\u00e9ral, Franck Tortiller am Vibraphon sowie ihrem Ehemann dem Bassisten Matthias Debus wird zwar \u201ewortlos\u201c, aber mit Verve musiziert. Wie war das noch gleich : \u201e Wenn Matthias (ihr Ehemann) und ich zuhause\u2026","rel":"","context":"In &quot;Galerie&quot;","block_context":{"text":"Galerie","link":"https:\/\/www.jazzzeitung.de\/cms\/thema\/galerie\/"},"img":{"alt_text":"","src":"https:\/\/i0.wp.com\/www.jazzzeitung.de\/cms\/wp-content\/uploads\/2018\/04\/Alexandra-Lehmler-sans-mots-Foto-TJ-Krebs-jazzphotoagency%40web.de_.jpg?fit=1200%2C800&ssl=1&resize=350%2C200","width":350,"height":200,"srcset":"https:\/\/i0.wp.com\/www.jazzzeitung.de\/cms\/wp-content\/uploads\/2018\/04\/Alexandra-Lehmler-sans-mots-Foto-TJ-Krebs-jazzphotoagency%40web.de_.jpg?fit=1200%2C800&ssl=1&resize=350%2C200 1x, https:\/\/i0.wp.com\/www.jazzzeitung.de\/cms\/wp-content\/uploads\/2018\/04\/Alexandra-Lehmler-sans-mots-Foto-TJ-Krebs-jazzphotoagency%40web.de_.jpg?fit=1200%2C800&ssl=1&resize=525%2C300 1.5x, https:\/\/i0.wp.com\/www.jazzzeitung.de\/cms\/wp-content\/uploads\/2018\/04\/Alexandra-Lehmler-sans-mots-Foto-TJ-Krebs-jazzphotoagency%40web.de_.jpg?fit=1200%2C800&ssl=1&resize=700%2C400 2x, https:\/\/i0.wp.com\/www.jazzzeitung.de\/cms\/wp-content\/uploads\/2018\/04\/Alexandra-Lehmler-sans-mots-Foto-TJ-Krebs-jazzphotoagency%40web.de_.jpg?fit=1200%2C800&ssl=1&resize=1050%2C600 3x"},"classes":[]},{"id":8643,"url":"https:\/\/www.jazzzeitung.de\/cms\/2016\/03\/news-zum-9-mal-jazzfestival-steyr-freiberger-jazztage-gehen-die-42-runde-konzert-im-zeichen-des-jazzmusikers-miles-davis-konzert-zum-internationalen-tag-des-jazz\/","url_meta":{"origin":7433,"position":4},"title":"+++ News +++ Jazzfestival Steyr startet zum 9. Mal +++ Freiberger Jazztage gehen in die 42. Runde +++ Konzert im Zeichen von Miles Davis +++ Konzert zum Internationalen Tag des Jazz +++","author":"Redaktion JazzZeitung","date":"8. M\u00e4rz 2016","format":false,"excerpt":"Jazz in \u00d6sterreich \u2013 zum 9. Mal startet das Jazzfestival Steyr Zum neunten Mal pr\u00e4sentieren sich zahlreiche internationale K\u00fcnstler auf den Festivalb\u00fchnen im \u00f6sterreichischen Steyr: Vom 17. bis zum 20. M\u00e4rz 2016 bietet das viert\u00e4gige Jazzfestival Steyr seinem Publikum jeden Tag drei unterschiedliche, spannende Acts, so unter anderem das John\u2026","rel":"","context":"In &quot;News&quot;","block_context":{"text":"News","link":"https:\/\/www.jazzzeitung.de\/cms\/thema\/nachrichten\/"},"img":{"alt_text":"","src":"https:\/\/i0.wp.com\/www.jazzzeitung.de\/cms\/wp-content\/uploads\/2016\/03\/image003.jpg?resize=350%2C200","width":350,"height":200,"srcset":"https:\/\/i0.wp.com\/www.jazzzeitung.de\/cms\/wp-content\/uploads\/2016\/03\/image003.jpg?resize=350%2C200 1x, https:\/\/i0.wp.com\/www.jazzzeitung.de\/cms\/wp-content\/uploads\/2016\/03\/image003.jpg?resize=525%2C300 1.5x, https:\/\/i0.wp.com\/www.jazzzeitung.de\/cms\/wp-content\/uploads\/2016\/03\/image003.jpg?resize=700%2C400 2x, https:\/\/i0.wp.com\/www.jazzzeitung.de\/cms\/wp-content\/uploads\/2016\/03\/image003.jpg?resize=1050%2C600 3x"},"classes":[]},{"id":25309,"url":"https:\/\/www.jazzzeitung.de\/cms\/2021\/08\/nicht-nur-fuer-bauch-beine-po-muenchner-band-jazzrausch-waehrend-deutschlandtour-zu-gast-in-regensburg\/","url_meta":{"origin":7433,"position":5},"title":"Nicht nur f\u00fcr Bauch, Beine, Po &#8211; M\u00fcnchner Band Jazzrausch w\u00e4hrend Deutschlandtour zu Gast in Regensburg","author":"Andreas Kolb","date":"6. August 2021","format":false,"excerpt":"Es gibt Musik im 4\/4-Takt, im 3\/4-Takt und im Jazz auch gerne balkanesk-angehauchte 5\/4- oder 7\/8-Takte. Die Jazzrausch Bigband l\u00e4sst alle diese M\u00f6glichkeiten links liegen und hat sich von Beginn an spezialisiert auf den 1\/1-Takt, sprich auf Techno-Grooves. Auf stupide Beats per minutes l\u00e4sst sich diese Formation aber nicht herunterrechnen.\u2026","rel":"","context":"In &quot;Bericht&quot;","block_context":{"text":"Bericht","link":"https:\/\/www.jazzzeitung.de\/cms\/thema\/bericht\/"},"img":{"alt_text":"","src":"https:\/\/i0.wp.com\/www.jazzzeitung.de\/cms\/wp-content\/uploads\/2021\/08\/Jazzrausch-Bigband-Foto-van-Loon07.jpg?fit=1134%2C757&ssl=1&resize=350%2C200","width":350,"height":200,"srcset":"https:\/\/i0.wp.com\/www.jazzzeitung.de\/cms\/wp-content\/uploads\/2021\/08\/Jazzrausch-Bigband-Foto-van-Loon07.jpg?fit=1134%2C757&ssl=1&resize=350%2C200 1x, https:\/\/i0.wp.com\/www.jazzzeitung.de\/cms\/wp-content\/uploads\/2021\/08\/Jazzrausch-Bigband-Foto-van-Loon07.jpg?fit=1134%2C757&ssl=1&resize=525%2C300 1.5x, https:\/\/i0.wp.com\/www.jazzzeitung.de\/cms\/wp-content\/uploads\/2021\/08\/Jazzrausch-Bigband-Foto-van-Loon07.jpg?fit=1134%2C757&ssl=1&resize=700%2C400 2x, https:\/\/i0.wp.com\/www.jazzzeitung.de\/cms\/wp-content\/uploads\/2021\/08\/Jazzrausch-Bigband-Foto-van-Loon07.jpg?fit=1134%2C757&ssl=1&resize=1050%2C600 3x"},"classes":[]}],"jetpack_sharing_enabled":true,"_links":{"self":[{"href":"https:\/\/www.jazzzeitung.de\/cms\/wp-json\/wp\/v2\/posts\/7433","targetHints":{"allow":["GET"]}}],"collection":[{"href":"https:\/\/www.jazzzeitung.de\/cms\/wp-json\/wp\/v2\/posts"}],"about":[{"href":"https:\/\/www.jazzzeitung.de\/cms\/wp-json\/wp\/v2\/types\/post"}],"author":[{"embeddable":true,"href":"https:\/\/www.jazzzeitung.de\/cms\/wp-json\/wp\/v2\/users\/18"}],"replies":[{"embeddable":true,"href":"https:\/\/www.jazzzeitung.de\/cms\/wp-json\/wp\/v2\/comments?post=7433"}],"version-history":[{"count":3,"href":"https:\/\/www.jazzzeitung.de\/cms\/wp-json\/wp\/v2\/posts\/7433\/revisions"}],"predecessor-version":[{"id":7436,"href":"https:\/\/www.jazzzeitung.de\/cms\/wp-json\/wp\/v2\/posts\/7433\/revisions\/7436"}],"wp:attachment":[{"href":"https:\/\/www.jazzzeitung.de\/cms\/wp-json\/wp\/v2\/media?parent=7433"}],"wp:term":[{"taxonomy":"category","embeddable":true,"href":"https:\/\/www.jazzzeitung.de\/cms\/wp-json\/wp\/v2\/categories?post=7433"},{"taxonomy":"post_tag","embeddable":true,"href":"https:\/\/www.jazzzeitung.de\/cms\/wp-json\/wp\/v2\/tags?post=7433"},{"taxonomy":"author","embeddable":true,"href":"https:\/\/www.jazzzeitung.de\/cms\/wp-json\/wp\/v2\/coauthors?post=7433"}],"curies":[{"name":"wp","href":"https:\/\/api.w.org\/{rel}","templated":true}]}}