{"id":7361,"date":"2015-10-16T11:52:00","date_gmt":"2015-10-16T09:52:00","guid":{"rendered":"http:\/\/www.jazzzeitung.de\/cms\/?p=7361"},"modified":"2015-10-18T17:50:35","modified_gmt":"2015-10-18T15:50:35","slug":"der-saxophist-kenny-garrett-ottobrunn-konzert-workshop","status":"publish","type":"post","link":"https:\/\/www.jazzzeitung.de\/cms\/2015\/10\/der-saxophist-kenny-garrett-ottobrunn-konzert-workshop\/","title":{"rendered":"Der Saxophist Kenny Garrett in Ottobrunn \u2013 Konzert &#038; Workshop"},"content":{"rendered":"<figure id=\"attachment_7362\" aria-describedby=\"caption-attachment-7362\" style=\"width: 150px\" class=\"wp-caption alignright\"><a href=\"https:\/\/i0.wp.com\/www.jazzzeitung.de\/cms\/wp-content\/uploads\/2015\/10\/P1060948-Garrett-TJ-Krebs-Jazzphotoagency.jpg\"><img data-recalc-dims=\"1\" loading=\"lazy\" decoding=\"async\" data-attachment-id=\"7362\" data-permalink=\"https:\/\/www.jazzzeitung.de\/cms\/2015\/10\/der-saxophist-kenny-garrett-ottobrunn-konzert-workshop\/p1060948-garrett-tj-krebs-jazzphotoagency\/\" data-orig-file=\"https:\/\/i0.wp.com\/www.jazzzeitung.de\/cms\/wp-content\/uploads\/2015\/10\/P1060948-Garrett-TJ-Krebs-Jazzphotoagency.jpg?fit=3072%2C4608&amp;ssl=1\" data-orig-size=\"3072,4608\" data-comments-opened=\"1\" data-image-meta=\"{&quot;aperture&quot;:&quot;0&quot;,&quot;credit&quot;:&quot;&quot;,&quot;camera&quot;:&quot;&quot;,&quot;caption&quot;:&quot;&quot;,&quot;created_timestamp&quot;:&quot;0&quot;,&quot;copyright&quot;:&quot;&quot;,&quot;focal_length&quot;:&quot;0&quot;,&quot;iso&quot;:&quot;0&quot;,&quot;shutter_speed&quot;:&quot;0&quot;,&quot;title&quot;:&quot;&quot;,&quot;orientation&quot;:&quot;0&quot;}\" data-image-title=\"P1060948 Garrett &amp;#8211; TJ Krebs Jazzphotoagency\" data-image-description=\"\" data-image-caption=\"&lt;p&gt;Kenny Garrett. Thomas J. Krebs&lt;\/p&gt;\n\" data-large-file=\"https:\/\/i0.wp.com\/www.jazzzeitung.de\/cms\/wp-content\/uploads\/2015\/10\/P1060948-Garrett-TJ-Krebs-Jazzphotoagency.jpg?fit=400%2C600&amp;ssl=1\" class=\"size-thumbnail wp-image-7362\" src=\"https:\/\/i0.wp.com\/www.jazzzeitung.de\/cms\/wp-content\/uploads\/2015\/10\/P1060948-Garrett-TJ-Krebs-Jazzphotoagency-150x150.jpg?resize=150%2C150\" alt=\"Kenny Garrett. Thomas J. Krebs\" width=\"150\" height=\"150\" srcset=\"https:\/\/i0.wp.com\/www.jazzzeitung.de\/cms\/wp-content\/uploads\/2015\/10\/P1060948-Garrett-TJ-Krebs-Jazzphotoagency.jpg?resize=150%2C150&amp;ssl=1 150w, https:\/\/i0.wp.com\/www.jazzzeitung.de\/cms\/wp-content\/uploads\/2015\/10\/P1060948-Garrett-TJ-Krebs-Jazzphotoagency.jpg?resize=144%2C144&amp;ssl=1 144w, https:\/\/i0.wp.com\/www.jazzzeitung.de\/cms\/wp-content\/uploads\/2015\/10\/P1060948-Garrett-TJ-Krebs-Jazzphotoagency.jpg?resize=96%2C96&amp;ssl=1 96w, https:\/\/i0.wp.com\/www.jazzzeitung.de\/cms\/wp-content\/uploads\/2015\/10\/P1060948-Garrett-TJ-Krebs-Jazzphotoagency.jpg?resize=24%2C24&amp;ssl=1 24w, https:\/\/i0.wp.com\/www.jazzzeitung.de\/cms\/wp-content\/uploads\/2015\/10\/P1060948-Garrett-TJ-Krebs-Jazzphotoagency.jpg?resize=36%2C36&amp;ssl=1 36w, https:\/\/i0.wp.com\/www.jazzzeitung.de\/cms\/wp-content\/uploads\/2015\/10\/P1060948-Garrett-TJ-Krebs-Jazzphotoagency.jpg?resize=48%2C48&amp;ssl=1 48w, https:\/\/i0.wp.com\/www.jazzzeitung.de\/cms\/wp-content\/uploads\/2015\/10\/P1060948-Garrett-TJ-Krebs-Jazzphotoagency.jpg?resize=64%2C64&amp;ssl=1 64w, https:\/\/i0.wp.com\/www.jazzzeitung.de\/cms\/wp-content\/uploads\/2015\/10\/P1060948-Garrett-TJ-Krebs-Jazzphotoagency.jpg?resize=32%2C32&amp;ssl=1 32w, https:\/\/i0.wp.com\/www.jazzzeitung.de\/cms\/wp-content\/uploads\/2015\/10\/P1060948-Garrett-TJ-Krebs-Jazzphotoagency.jpg?resize=128%2C128&amp;ssl=1 128w, https:\/\/i0.wp.com\/www.jazzzeitung.de\/cms\/wp-content\/uploads\/2015\/10\/P1060948-Garrett-TJ-Krebs-Jazzphotoagency.jpg?zoom=2&amp;resize=150%2C150&amp;ssl=1 300w, https:\/\/i0.wp.com\/www.jazzzeitung.de\/cms\/wp-content\/uploads\/2015\/10\/P1060948-Garrett-TJ-Krebs-Jazzphotoagency.jpg?zoom=3&amp;resize=150%2C150&amp;ssl=1 450w\" sizes=\"auto, (max-width: 150px) 100vw, 150px\" \/><\/a><figcaption id=\"caption-attachment-7362\" class=\"wp-caption-text\">Kenny Garrett. Foto: Thomas J. Krebs<\/figcaption><\/figure>\n<p>Das Kenny Garrett Quintett am 30.10.2015 im Konzertsaal des Wolf-Ferrari-Haus &#8211; ungew\u00f6hnliche Musikprojekte haben in Ottobrunn seit Jahren Tradition. Veranstalter und Masterminds der erfolgreichen und in der Regel ausverkauften Konzertreihe Ottobrunner-Konzerte sind die beiden Musiker Johannes Tonio Kreusch und Cornelius Claudio Kreusch. Selbst seit Jahrzehnten in der internationalen Musikszene verhaftet schaffen sie es kontinuierlich, Weltstars ins Wolf-Ferrari-Haus nach Ottobrunn zu holen und dort hochkar\u00e4tige Konzerte zu veranstalten. John Scofield, Joachim K\u00fchn, Ralph Towner, Anthony Cox, Will Calhoun, das Hilliard Ensemble, Klaus Doldinger, Badi Assad, Jamey Haddad, Al Di Meola oder z.B. Los Romeros haben sich hier bereits die Klinke in die Hand gegeben. Damit aber nicht genug: Am Folgetag finden dann in der Regel Workshops mit den Musikern statt \u2013 ein geniales Konzept und ungemein reizvoller Aspekt.<\/p>\n<p>Am <strong>30. Oktober<\/strong> wird also der renommierte Miles Davis Saxophonist <strong>Kenny Garrett<\/strong>, begleitet von Vernell Brown am Piano, dem Bassisten Corcoran Holt, dem Perkussionisten und ebenfalls Miles Davis Weggef\u00e4hrten Rudy Bird sowie Marcus Baylor am Schlagzeug dort auftreten. Am Tag darauf, dem 31.10., wie sollte es anders sein, findet dann ein exklusiver Saxophon-Workshop mit Kenny Garrett statt. Allein das ist, neben dem Konzert, eine echte Sensation. Wann bekommt man sonst die M\u00f6glichkeit von einem Meister seines Ranges unterrichtet zu werden! Gedankt werden die Konzerte von einem aufmerksamen Publikum, das diese besondere Konzertreihe wahrlich zu sch\u00e4tzen wei\u00df! Also auf nach Ottobrunn.<\/p>\n<p>Und einen weiteren Termin sollte man sich f\u00fcr dieses Jahr ebenfalls noch vormerken: am <strong>04. Dezember<\/strong> findet der zweite <strong>JAZZ PIANO MARATHON<\/strong> statt (mit von der Partie diesmal Christoph Spendel, Aydin Esen, Simon Nabatov, Jeff Gardner, Laszlo Gardony und last not least Cornelius Claudius Kreusch himself). Der Workshop mit allen Pianisten folgt dann standesgem\u00e4\u00df am 05.Dezember.<\/p>\n<p>Thomas J. Krebs<\/p>\n<p>Karten f\u00fcr die Konzerte gibt es unter 089-60808301 zu 29,&#8211;\u20ac (erm\u00e4\u00dfigt 20,&#8211;\u20ac)<br \/>\nInfos zum Workshop mit Kenny Garrett unter 089-60808302<\/p>\n<p>&nbsp;<\/p>\n","protected":false},"excerpt":{"rendered":"<p>Das Kenny Garrett Quintett am 30.10.2015 im Konzertsaal des Wolf-Ferrari-Haus &#8211; ungew\u00f6hnliche Musikprojekte haben in Ottobrunn seit Jahren Tradition. Veranstalter und Masterminds der erfolgreichen und in der Regel ausverkauften Konzertreihe Ottobrunner-Konzerte sind die beiden Musiker Johannes Tonio Kreusch und Cornelius Claudio Kreusch. Selbst seit Jahrzehnten in der internationalen Musikszene verhaftet schaffen sie es kontinuierlich, Weltstars ins Wolf-Ferrari-Haus nach Ottobrunn zu holen und dort hochkar\u00e4tige Konzerte zu veranstalten. John Scofield, Joachim K\u00fchn, Ralph Towner, Anthony Cox, Will Calhoun, das Hilliard Ensemble, Klaus Doldinger, Badi Assad, Jamey Haddad, Al Di Meola oder z.B. Los Romeros haben sich hier bereits die Klinke in die Hand gegeben. Damit aber nicht genug: Am Folgetag finden dann in der Regel Workshops mit den Musikern statt \u2013 ein geniales Konzept und ungemein reizvoller Aspekt. Am 30. Oktober wird also der renommierte Miles Davis Saxophonist Kenny Garrett, begleitet von Vernell Brown am Piano, dem Bassisten Corcoran Holt, dem Perkussionisten und ebenfalls Miles Davis Weggef\u00e4hrten Rudy Bird sowie Marcus Baylor am Schlagzeug dort auftreten. Am Tag darauf, dem 31.10., wie sollte es anders sein, findet dann ein exklusiver Saxophon-Workshop mit Kenny Garrett statt. Allein &hellip;<\/p>\n","protected":false},"author":18,"featured_media":0,"comment_status":"open","ping_status":"closed","sticky":false,"template":"","format":"standard","meta":{"_jetpack_memberships_contains_paid_content":false,"footnotes":"","jetpack_publicize_message":"","jetpack_publicize_feature_enabled":true,"jetpack_social_post_already_shared":false,"jetpack_social_options":{"image_generator_settings":{"template":"highway","default_image_id":0,"font":"","enabled":false},"version":2}},"categories":[633],"tags":[1043,826,753,758,317,322,323,390,860,442,1133,20],"coauthors":[695],"class_list":["post-7361","post","type-post","status-publish","format-standard","hentry","category-nachrichten","tag-al-di-meola","tag-cornelius-claudio-kreusch","tag-joachim-kuehn","tag-john-scofield","tag-klaus-doldinger","tag-konzert-2","tag-konzerte","tag-miles-davis","tag-ottobrunn","tag-piano","tag-scofield","tag-workshop"],"yoast_head":"<!-- This site is optimized with the Yoast SEO plugin v27.5 - https:\/\/yoast.com\/product\/yoast-seo-wordpress\/ -->\n<title>Der Saxophist Kenny Garrett in Ottobrunn \u2013 Konzert &amp; Workshop - JazzZeitung<\/title>\n<meta name=\"robots\" content=\"index, follow, max-snippet:-1, max-image-preview:large, max-video-preview:-1\" \/>\n<link rel=\"canonical\" href=\"https:\/\/www.jazzzeitung.de\/cms\/2015\/10\/der-saxophist-kenny-garrett-ottobrunn-konzert-workshop\/\" \/>\n<meta property=\"og:locale\" content=\"de_DE\" \/>\n<meta property=\"og:type\" content=\"article\" \/>\n<meta property=\"og:title\" content=\"Der Saxophist Kenny Garrett in Ottobrunn \u2013 Konzert &amp; Workshop - JazzZeitung\" \/>\n<meta property=\"og:description\" content=\"Das Kenny Garrett Quintett am 30.10.2015 im Konzertsaal des Wolf-Ferrari-Haus &#8211; ungew\u00f6hnliche Musikprojekte haben in Ottobrunn seit Jahren Tradition. Veranstalter und Masterminds der erfolgreichen und in der Regel ausverkauften Konzertreihe Ottobrunner-Konzerte sind die beiden Musiker Johannes Tonio Kreusch und Cornelius Claudio Kreusch. Selbst seit Jahrzehnten in der internationalen Musikszene verhaftet schaffen sie es kontinuierlich, Weltstars ins Wolf-Ferrari-Haus nach Ottobrunn zu holen und dort hochkar\u00e4tige Konzerte zu veranstalten. John Scofield, Joachim K\u00fchn, Ralph Towner, Anthony Cox, Will Calhoun, das Hilliard Ensemble, Klaus Doldinger, Badi Assad, Jamey Haddad, Al Di Meola oder z.B. Los Romeros haben sich hier bereits die Klinke in die Hand gegeben. Damit aber nicht genug: Am Folgetag finden dann in der Regel Workshops mit den Musikern statt \u2013 ein geniales Konzept und ungemein reizvoller Aspekt. Am 30. Oktober wird also der renommierte Miles Davis Saxophonist Kenny Garrett, begleitet von Vernell Brown am Piano, dem Bassisten Corcoran Holt, dem Perkussionisten und ebenfalls Miles Davis Weggef\u00e4hrten Rudy Bird sowie Marcus Baylor am Schlagzeug dort auftreten. Am Tag darauf, dem 31.10., wie sollte es anders sein, findet dann ein exklusiver Saxophon-Workshop mit Kenny Garrett statt. Allein &hellip;\" \/>\n<meta property=\"og:url\" content=\"https:\/\/www.jazzzeitung.de\/cms\/2015\/10\/der-saxophist-kenny-garrett-ottobrunn-konzert-workshop\/\" \/>\n<meta property=\"og:site_name\" content=\"JazzZeitung\" \/>\n<meta property=\"article:publisher\" content=\"https:\/\/www.facebook.com\/JazzZeitung\/\" \/>\n<meta property=\"article:published_time\" content=\"2015-10-16T09:52:00+00:00\" \/>\n<meta property=\"article:modified_time\" content=\"2015-10-18T15:50:35+00:00\" \/>\n<meta property=\"og:image\" content=\"http:\/\/www.jazzzeitung.de\/cms\/wp-content\/uploads\/2015\/10\/P1060948-Garrett-TJ-Krebs-Jazzphotoagency-150x150.jpg\" \/>\n<meta name=\"author\" content=\"Redaktion JazzZeitung\" \/>\n<script type=\"application\/ld+json\" class=\"yoast-schema-graph\">{\"@context\":\"https:\\\/\\\/schema.org\",\"@graph\":[{\"@type\":\"Article\",\"@id\":\"https:\\\/\\\/www.jazzzeitung.de\\\/cms\\\/2015\\\/10\\\/der-saxophist-kenny-garrett-ottobrunn-konzert-workshop\\\/#article\",\"isPartOf\":{\"@id\":\"https:\\\/\\\/www.jazzzeitung.de\\\/cms\\\/2015\\\/10\\\/der-saxophist-kenny-garrett-ottobrunn-konzert-workshop\\\/\"},\"author\":{\"name\":\"Redaktion JazzZeitung\",\"@id\":\"https:\\\/\\\/www.jazzzeitung.de\\\/cms\\\/#\\\/schema\\\/person\\\/2245b36b9cd1d24cea10f01c031fb92b\"},\"headline\":\"Der Saxophist Kenny Garrett in Ottobrunn \u2013 Konzert &#038; Workshop\",\"datePublished\":\"2015-10-16T09:52:00+00:00\",\"dateModified\":\"2015-10-18T15:50:35+00:00\",\"mainEntityOfPage\":{\"@id\":\"https:\\\/\\\/www.jazzzeitung.de\\\/cms\\\/2015\\\/10\\\/der-saxophist-kenny-garrett-ottobrunn-konzert-workshop\\\/\"},\"wordCount\":333,\"commentCount\":0,\"publisher\":{\"@id\":\"https:\\\/\\\/www.jazzzeitung.de\\\/cms\\\/#organization\"},\"image\":{\"@id\":\"https:\\\/\\\/www.jazzzeitung.de\\\/cms\\\/2015\\\/10\\\/der-saxophist-kenny-garrett-ottobrunn-konzert-workshop\\\/#primaryimage\"},\"thumbnailUrl\":\"http:\\\/\\\/www.jazzzeitung.de\\\/cms\\\/wp-content\\\/uploads\\\/2015\\\/10\\\/P1060948-Garrett-TJ-Krebs-Jazzphotoagency-150x150.jpg\",\"keywords\":[\"Al Di Meola\",\"Cornelius Claudio Kreusch\",\"Joachim K\u00fchn\",\"John Scofield\",\"Klaus Doldinger\",\"Konzert\",\"Konzerte\",\"Miles Davis\",\"Ottobrunn\",\"Piano\",\"Scofield\",\"Workshop\"],\"articleSection\":[\"News\"],\"inLanguage\":\"de\",\"potentialAction\":[{\"@type\":\"CommentAction\",\"name\":\"Comment\",\"target\":[\"https:\\\/\\\/www.jazzzeitung.de\\\/cms\\\/2015\\\/10\\\/der-saxophist-kenny-garrett-ottobrunn-konzert-workshop\\\/#respond\"]}]},{\"@type\":\"WebPage\",\"@id\":\"https:\\\/\\\/www.jazzzeitung.de\\\/cms\\\/2015\\\/10\\\/der-saxophist-kenny-garrett-ottobrunn-konzert-workshop\\\/\",\"url\":\"https:\\\/\\\/www.jazzzeitung.de\\\/cms\\\/2015\\\/10\\\/der-saxophist-kenny-garrett-ottobrunn-konzert-workshop\\\/\",\"name\":\"Der Saxophist Kenny Garrett in Ottobrunn \u2013 Konzert & Workshop - JazzZeitung\",\"isPartOf\":{\"@id\":\"https:\\\/\\\/www.jazzzeitung.de\\\/cms\\\/#website\"},\"primaryImageOfPage\":{\"@id\":\"https:\\\/\\\/www.jazzzeitung.de\\\/cms\\\/2015\\\/10\\\/der-saxophist-kenny-garrett-ottobrunn-konzert-workshop\\\/#primaryimage\"},\"image\":{\"@id\":\"https:\\\/\\\/www.jazzzeitung.de\\\/cms\\\/2015\\\/10\\\/der-saxophist-kenny-garrett-ottobrunn-konzert-workshop\\\/#primaryimage\"},\"thumbnailUrl\":\"http:\\\/\\\/www.jazzzeitung.de\\\/cms\\\/wp-content\\\/uploads\\\/2015\\\/10\\\/P1060948-Garrett-TJ-Krebs-Jazzphotoagency-150x150.jpg\",\"datePublished\":\"2015-10-16T09:52:00+00:00\",\"dateModified\":\"2015-10-18T15:50:35+00:00\",\"breadcrumb\":{\"@id\":\"https:\\\/\\\/www.jazzzeitung.de\\\/cms\\\/2015\\\/10\\\/der-saxophist-kenny-garrett-ottobrunn-konzert-workshop\\\/#breadcrumb\"},\"inLanguage\":\"de\",\"potentialAction\":[{\"@type\":\"ReadAction\",\"target\":[\"https:\\\/\\\/www.jazzzeitung.de\\\/cms\\\/2015\\\/10\\\/der-saxophist-kenny-garrett-ottobrunn-konzert-workshop\\\/\"]}]},{\"@type\":\"ImageObject\",\"inLanguage\":\"de\",\"@id\":\"https:\\\/\\\/www.jazzzeitung.de\\\/cms\\\/2015\\\/10\\\/der-saxophist-kenny-garrett-ottobrunn-konzert-workshop\\\/#primaryimage\",\"url\":\"http:\\\/\\\/www.jazzzeitung.de\\\/cms\\\/wp-content\\\/uploads\\\/2015\\\/10\\\/P1060948-Garrett-TJ-Krebs-Jazzphotoagency-150x150.jpg\",\"contentUrl\":\"http:\\\/\\\/www.jazzzeitung.de\\\/cms\\\/wp-content\\\/uploads\\\/2015\\\/10\\\/P1060948-Garrett-TJ-Krebs-Jazzphotoagency-150x150.jpg\"},{\"@type\":\"BreadcrumbList\",\"@id\":\"https:\\\/\\\/www.jazzzeitung.de\\\/cms\\\/2015\\\/10\\\/der-saxophist-kenny-garrett-ottobrunn-konzert-workshop\\\/#breadcrumb\",\"itemListElement\":[{\"@type\":\"ListItem\",\"position\":1,\"name\":\"Startseite\",\"item\":\"https:\\\/\\\/www.jazzzeitung.de\\\/cms\\\/\"},{\"@type\":\"ListItem\",\"position\":2,\"name\":\"Der Saxophist Kenny Garrett in Ottobrunn \u2013 Konzert &#038; Workshop\"}]},{\"@type\":\"WebSite\",\"@id\":\"https:\\\/\\\/www.jazzzeitung.de\\\/cms\\\/#website\",\"url\":\"https:\\\/\\\/www.jazzzeitung.de\\\/cms\\\/\",\"name\":\"JazzZeitung\",\"description\":\"Jazz-News und Jazz-Kontroverses\",\"publisher\":{\"@id\":\"https:\\\/\\\/www.jazzzeitung.de\\\/cms\\\/#organization\"},\"potentialAction\":[{\"@type\":\"SearchAction\",\"target\":{\"@type\":\"EntryPoint\",\"urlTemplate\":\"https:\\\/\\\/www.jazzzeitung.de\\\/cms\\\/?s={search_term_string}\"},\"query-input\":{\"@type\":\"PropertyValueSpecification\",\"valueRequired\":true,\"valueName\":\"search_term_string\"}}],\"inLanguage\":\"de\"},{\"@type\":\"Organization\",\"@id\":\"https:\\\/\\\/www.jazzzeitung.de\\\/cms\\\/#organization\",\"name\":\"JazzZeitung online\",\"url\":\"https:\\\/\\\/www.jazzzeitung.de\\\/cms\\\/\",\"logo\":{\"@type\":\"ImageObject\",\"inLanguage\":\"de\",\"@id\":\"https:\\\/\\\/www.jazzzeitung.de\\\/cms\\\/#\\\/schema\\\/logo\\\/image\\\/\",\"url\":\"https:\\\/\\\/i0.wp.com\\\/www.jazzzeitung.de\\\/cms\\\/wp-content\\\/uploads\\\/2015\\\/08\\\/JAZZZEITUNGDE_Logo_Neu.png?fit=499%2C200&ssl=1\",\"contentUrl\":\"https:\\\/\\\/i0.wp.com\\\/www.jazzzeitung.de\\\/cms\\\/wp-content\\\/uploads\\\/2015\\\/08\\\/JAZZZEITUNGDE_Logo_Neu.png?fit=499%2C200&ssl=1\",\"width\":499,\"height\":200,\"caption\":\"JazzZeitung online\"},\"image\":{\"@id\":\"https:\\\/\\\/www.jazzzeitung.de\\\/cms\\\/#\\\/schema\\\/logo\\\/image\\\/\"},\"sameAs\":[\"https:\\\/\\\/www.facebook.com\\\/JazzZeitung\\\/\"]},{\"@type\":\"Person\",\"@id\":\"https:\\\/\\\/www.jazzzeitung.de\\\/cms\\\/#\\\/schema\\\/person\\\/2245b36b9cd1d24cea10f01c031fb92b\",\"name\":\"Redaktion JazzZeitung\",\"image\":{\"@type\":\"ImageObject\",\"inLanguage\":\"de\",\"@id\":\"https:\\\/\\\/i0.wp.com\\\/www.jazzzeitung.de\\\/cms\\\/wp-content\\\/uploads\\\/2015\\\/08\\\/JAZZZEITUNGDE_Logo_Neu.png?resize=96%2C96&ssl=159975dcacb611b5700bd619b5daf0a7a\",\"url\":\"https:\\\/\\\/i0.wp.com\\\/www.jazzzeitung.de\\\/cms\\\/wp-content\\\/uploads\\\/2015\\\/08\\\/JAZZZEITUNGDE_Logo_Neu.png?resize=96%2C96&ssl=1\",\"contentUrl\":\"https:\\\/\\\/i0.wp.com\\\/www.jazzzeitung.de\\\/cms\\\/wp-content\\\/uploads\\\/2015\\\/08\\\/JAZZZEITUNGDE_Logo_Neu.png?resize=96%2C96&ssl=1\",\"caption\":\"Redaktion JazzZeitung\"},\"description\":\"Artikel der Redaktion der JazzZeitung.\",\"sameAs\":[\"http:\\\/\\\/www.jazzzeitung.de\\\/cms\\\/\"],\"url\":\"https:\\\/\\\/www.jazzzeitung.de\\\/cms\\\/author\\\/redaktion\\\/\"}]}<\/script>\n<!-- \/ Yoast SEO plugin. -->","yoast_head_json":{"title":"Der Saxophist Kenny Garrett in Ottobrunn \u2013 Konzert & Workshop - JazzZeitung","robots":{"index":"index","follow":"follow","max-snippet":"max-snippet:-1","max-image-preview":"max-image-preview:large","max-video-preview":"max-video-preview:-1"},"canonical":"https:\/\/www.jazzzeitung.de\/cms\/2015\/10\/der-saxophist-kenny-garrett-ottobrunn-konzert-workshop\/","og_locale":"de_DE","og_type":"article","og_title":"Der Saxophist Kenny Garrett in Ottobrunn \u2013 Konzert & Workshop - JazzZeitung","og_description":"Das Kenny Garrett Quintett am 30.10.2015 im Konzertsaal des Wolf-Ferrari-Haus &#8211; ungew\u00f6hnliche Musikprojekte haben in Ottobrunn seit Jahren Tradition. Veranstalter und Masterminds der erfolgreichen und in der Regel ausverkauften Konzertreihe Ottobrunner-Konzerte sind die beiden Musiker Johannes Tonio Kreusch und Cornelius Claudio Kreusch. Selbst seit Jahrzehnten in der internationalen Musikszene verhaftet schaffen sie es kontinuierlich, Weltstars ins Wolf-Ferrari-Haus nach Ottobrunn zu holen und dort hochkar\u00e4tige Konzerte zu veranstalten. John Scofield, Joachim K\u00fchn, Ralph Towner, Anthony Cox, Will Calhoun, das Hilliard Ensemble, Klaus Doldinger, Badi Assad, Jamey Haddad, Al Di Meola oder z.B. Los Romeros haben sich hier bereits die Klinke in die Hand gegeben. Damit aber nicht genug: Am Folgetag finden dann in der Regel Workshops mit den Musikern statt \u2013 ein geniales Konzept und ungemein reizvoller Aspekt. Am 30. Oktober wird also der renommierte Miles Davis Saxophonist Kenny Garrett, begleitet von Vernell Brown am Piano, dem Bassisten Corcoran Holt, dem Perkussionisten und ebenfalls Miles Davis Weggef\u00e4hrten Rudy Bird sowie Marcus Baylor am Schlagzeug dort auftreten. Am Tag darauf, dem 31.10., wie sollte es anders sein, findet dann ein exklusiver Saxophon-Workshop mit Kenny Garrett statt. Allein &hellip;","og_url":"https:\/\/www.jazzzeitung.de\/cms\/2015\/10\/der-saxophist-kenny-garrett-ottobrunn-konzert-workshop\/","og_site_name":"JazzZeitung","article_publisher":"https:\/\/www.facebook.com\/JazzZeitung\/","article_published_time":"2015-10-16T09:52:00+00:00","article_modified_time":"2015-10-18T15:50:35+00:00","og_image":[{"url":"http:\/\/www.jazzzeitung.de\/cms\/wp-content\/uploads\/2015\/10\/P1060948-Garrett-TJ-Krebs-Jazzphotoagency-150x150.jpg","type":"","width":"","height":""}],"author":"Redaktion JazzZeitung","schema":{"@context":"https:\/\/schema.org","@graph":[{"@type":"Article","@id":"https:\/\/www.jazzzeitung.de\/cms\/2015\/10\/der-saxophist-kenny-garrett-ottobrunn-konzert-workshop\/#article","isPartOf":{"@id":"https:\/\/www.jazzzeitung.de\/cms\/2015\/10\/der-saxophist-kenny-garrett-ottobrunn-konzert-workshop\/"},"author":{"name":"Redaktion JazzZeitung","@id":"https:\/\/www.jazzzeitung.de\/cms\/#\/schema\/person\/2245b36b9cd1d24cea10f01c031fb92b"},"headline":"Der Saxophist Kenny Garrett in Ottobrunn \u2013 Konzert &#038; Workshop","datePublished":"2015-10-16T09:52:00+00:00","dateModified":"2015-10-18T15:50:35+00:00","mainEntityOfPage":{"@id":"https:\/\/www.jazzzeitung.de\/cms\/2015\/10\/der-saxophist-kenny-garrett-ottobrunn-konzert-workshop\/"},"wordCount":333,"commentCount":0,"publisher":{"@id":"https:\/\/www.jazzzeitung.de\/cms\/#organization"},"image":{"@id":"https:\/\/www.jazzzeitung.de\/cms\/2015\/10\/der-saxophist-kenny-garrett-ottobrunn-konzert-workshop\/#primaryimage"},"thumbnailUrl":"http:\/\/www.jazzzeitung.de\/cms\/wp-content\/uploads\/2015\/10\/P1060948-Garrett-TJ-Krebs-Jazzphotoagency-150x150.jpg","keywords":["Al Di Meola","Cornelius Claudio Kreusch","Joachim K\u00fchn","John Scofield","Klaus Doldinger","Konzert","Konzerte","Miles Davis","Ottobrunn","Piano","Scofield","Workshop"],"articleSection":["News"],"inLanguage":"de","potentialAction":[{"@type":"CommentAction","name":"Comment","target":["https:\/\/www.jazzzeitung.de\/cms\/2015\/10\/der-saxophist-kenny-garrett-ottobrunn-konzert-workshop\/#respond"]}]},{"@type":"WebPage","@id":"https:\/\/www.jazzzeitung.de\/cms\/2015\/10\/der-saxophist-kenny-garrett-ottobrunn-konzert-workshop\/","url":"https:\/\/www.jazzzeitung.de\/cms\/2015\/10\/der-saxophist-kenny-garrett-ottobrunn-konzert-workshop\/","name":"Der Saxophist Kenny Garrett in Ottobrunn \u2013 Konzert & Workshop - JazzZeitung","isPartOf":{"@id":"https:\/\/www.jazzzeitung.de\/cms\/#website"},"primaryImageOfPage":{"@id":"https:\/\/www.jazzzeitung.de\/cms\/2015\/10\/der-saxophist-kenny-garrett-ottobrunn-konzert-workshop\/#primaryimage"},"image":{"@id":"https:\/\/www.jazzzeitung.de\/cms\/2015\/10\/der-saxophist-kenny-garrett-ottobrunn-konzert-workshop\/#primaryimage"},"thumbnailUrl":"http:\/\/www.jazzzeitung.de\/cms\/wp-content\/uploads\/2015\/10\/P1060948-Garrett-TJ-Krebs-Jazzphotoagency-150x150.jpg","datePublished":"2015-10-16T09:52:00+00:00","dateModified":"2015-10-18T15:50:35+00:00","breadcrumb":{"@id":"https:\/\/www.jazzzeitung.de\/cms\/2015\/10\/der-saxophist-kenny-garrett-ottobrunn-konzert-workshop\/#breadcrumb"},"inLanguage":"de","potentialAction":[{"@type":"ReadAction","target":["https:\/\/www.jazzzeitung.de\/cms\/2015\/10\/der-saxophist-kenny-garrett-ottobrunn-konzert-workshop\/"]}]},{"@type":"ImageObject","inLanguage":"de","@id":"https:\/\/www.jazzzeitung.de\/cms\/2015\/10\/der-saxophist-kenny-garrett-ottobrunn-konzert-workshop\/#primaryimage","url":"http:\/\/www.jazzzeitung.de\/cms\/wp-content\/uploads\/2015\/10\/P1060948-Garrett-TJ-Krebs-Jazzphotoagency-150x150.jpg","contentUrl":"http:\/\/www.jazzzeitung.de\/cms\/wp-content\/uploads\/2015\/10\/P1060948-Garrett-TJ-Krebs-Jazzphotoagency-150x150.jpg"},{"@type":"BreadcrumbList","@id":"https:\/\/www.jazzzeitung.de\/cms\/2015\/10\/der-saxophist-kenny-garrett-ottobrunn-konzert-workshop\/#breadcrumb","itemListElement":[{"@type":"ListItem","position":1,"name":"Startseite","item":"https:\/\/www.jazzzeitung.de\/cms\/"},{"@type":"ListItem","position":2,"name":"Der Saxophist Kenny Garrett in Ottobrunn \u2013 Konzert &#038; Workshop"}]},{"@type":"WebSite","@id":"https:\/\/www.jazzzeitung.de\/cms\/#website","url":"https:\/\/www.jazzzeitung.de\/cms\/","name":"JazzZeitung","description":"Jazz-News und Jazz-Kontroverses","publisher":{"@id":"https:\/\/www.jazzzeitung.de\/cms\/#organization"},"potentialAction":[{"@type":"SearchAction","target":{"@type":"EntryPoint","urlTemplate":"https:\/\/www.jazzzeitung.de\/cms\/?s={search_term_string}"},"query-input":{"@type":"PropertyValueSpecification","valueRequired":true,"valueName":"search_term_string"}}],"inLanguage":"de"},{"@type":"Organization","@id":"https:\/\/www.jazzzeitung.de\/cms\/#organization","name":"JazzZeitung online","url":"https:\/\/www.jazzzeitung.de\/cms\/","logo":{"@type":"ImageObject","inLanguage":"de","@id":"https:\/\/www.jazzzeitung.de\/cms\/#\/schema\/logo\/image\/","url":"https:\/\/i0.wp.com\/www.jazzzeitung.de\/cms\/wp-content\/uploads\/2015\/08\/JAZZZEITUNGDE_Logo_Neu.png?fit=499%2C200&ssl=1","contentUrl":"https:\/\/i0.wp.com\/www.jazzzeitung.de\/cms\/wp-content\/uploads\/2015\/08\/JAZZZEITUNGDE_Logo_Neu.png?fit=499%2C200&ssl=1","width":499,"height":200,"caption":"JazzZeitung online"},"image":{"@id":"https:\/\/www.jazzzeitung.de\/cms\/#\/schema\/logo\/image\/"},"sameAs":["https:\/\/www.facebook.com\/JazzZeitung\/"]},{"@type":"Person","@id":"https:\/\/www.jazzzeitung.de\/cms\/#\/schema\/person\/2245b36b9cd1d24cea10f01c031fb92b","name":"Redaktion JazzZeitung","image":{"@type":"ImageObject","inLanguage":"de","@id":"https:\/\/i0.wp.com\/www.jazzzeitung.de\/cms\/wp-content\/uploads\/2015\/08\/JAZZZEITUNGDE_Logo_Neu.png?resize=96%2C96&ssl=159975dcacb611b5700bd619b5daf0a7a","url":"https:\/\/i0.wp.com\/www.jazzzeitung.de\/cms\/wp-content\/uploads\/2015\/08\/JAZZZEITUNGDE_Logo_Neu.png?resize=96%2C96&ssl=1","contentUrl":"https:\/\/i0.wp.com\/www.jazzzeitung.de\/cms\/wp-content\/uploads\/2015\/08\/JAZZZEITUNGDE_Logo_Neu.png?resize=96%2C96&ssl=1","caption":"Redaktion JazzZeitung"},"description":"Artikel der Redaktion der JazzZeitung.","sameAs":["http:\/\/www.jazzzeitung.de\/cms\/"],"url":"https:\/\/www.jazzzeitung.de\/cms\/author\/redaktion\/"}]}},"wp-worthy-pixel":{"ignored":false,"public":null,"server":null,"url":null},"wp-worthy-type":"normal","jetpack_publicize_connections":[],"cc_featured_image_caption":{"caption_text":false,"source_text":false,"source_url":false},"jetpack_featured_media_url":"","jetpack_shortlink":"https:\/\/wp.me\/p3KEcT-1UJ","jetpack-related-posts":[{"id":17904,"url":"https:\/\/www.jazzzeitung.de\/cms\/2018\/11\/2nd-classical-beyond-festival-in-ottobrunn-kreuschbrothers-feat-giora-feidman-bobby-watson\/","url_meta":{"origin":7361,"position":0},"title":"2nd Classical &#038; Beyond Festival in Ottobrunn: Kreuschbrothers feat. Giora Feidman &#038; Bobby Watson","author":"Redaktion JazzZeitung","date":"21. November 2018","format":false,"excerpt":"In den vergangenen zehn Jahren sind im Ottobrunner Wolf-Ferrari Haus im Rahmen der Ottobrunner Konzertreihe u.a. Stars und Legenden wie Joachim K\u00fchn, Ralph Towner, John Scofield, Kenny Garrett, Aki Takase, Klaus Doldinger, Alfredo Perl, Pepe Romero, das Hilliard Ensemble, Tulio Peramo, Badi Assad, Eliot Fisk, Al di Meola, Joe Lovano,\u2026","rel":"","context":"In &quot;Bericht&quot;","block_context":{"text":"Bericht","link":"https:\/\/www.jazzzeitung.de\/cms\/thema\/bericht\/"},"img":{"alt_text":"","src":"https:\/\/i0.wp.com\/www.jazzzeitung.de\/cms\/wp-content\/uploads\/2018\/11\/P1087363-Cornelius-Kreusch-Foto-TJ-Krebs-jazzphotoagency%40web.de_.jpg?fit=1200%2C800&ssl=1&resize=350%2C200","width":350,"height":200,"srcset":"https:\/\/i0.wp.com\/www.jazzzeitung.de\/cms\/wp-content\/uploads\/2018\/11\/P1087363-Cornelius-Kreusch-Foto-TJ-Krebs-jazzphotoagency%40web.de_.jpg?fit=1200%2C800&ssl=1&resize=350%2C200 1x, https:\/\/i0.wp.com\/www.jazzzeitung.de\/cms\/wp-content\/uploads\/2018\/11\/P1087363-Cornelius-Kreusch-Foto-TJ-Krebs-jazzphotoagency%40web.de_.jpg?fit=1200%2C800&ssl=1&resize=525%2C300 1.5x, https:\/\/i0.wp.com\/www.jazzzeitung.de\/cms\/wp-content\/uploads\/2018\/11\/P1087363-Cornelius-Kreusch-Foto-TJ-Krebs-jazzphotoagency%40web.de_.jpg?fit=1200%2C800&ssl=1&resize=700%2C400 2x, https:\/\/i0.wp.com\/www.jazzzeitung.de\/cms\/wp-content\/uploads\/2018\/11\/P1087363-Cornelius-Kreusch-Foto-TJ-Krebs-jazzphotoagency%40web.de_.jpg?fit=1200%2C800&ssl=1&resize=1050%2C600 3x"},"classes":[]},{"id":7801,"url":"https:\/\/www.jazzzeitung.de\/cms\/2015\/11\/zweiter-jazz-piano-marathon-ottobrunn\/","url_meta":{"origin":7361,"position":1},"title":"Zweiter Jazz Piano Marathon in Ottobrunn","author":"Redaktion JazzZeitung","date":"23. November 2015","format":false,"excerpt":"Von Thomas J. Krebs - Unter dem Motto \u201ePr\u00e4gende Generation\u201d geht der Jazz Piano Marathon in Ottobrunn am 04. Dezember 2015, diesmal mit 12 H\u00e4nden an 88 Tasten, in die zweite Runde. Nach dem grandiosen Erfolg der ersten Veranstaltung letzten Jahres scheint sich diese Reihe zu etablieren (das w\u00e4re zumindest\u2026","rel":"","context":"In &quot;Redaktionelle Nachrichten&quot;","block_context":{"text":"Redaktionelle Nachrichten","link":"https:\/\/www.jazzzeitung.de\/cms\/thema\/redaktion\/"},"img":{"alt_text":"P1410182_Kreusch Foto TJ Krebs jazzphotoagency","src":"https:\/\/i0.wp.com\/www.jazzzeitung.de\/cms\/wp-content\/uploads\/2015\/11\/P1410182_Kreusch-Foto-TJ-Krebs-jazzphotoagency-150x150.jpg?resize=350%2C200","width":350,"height":200},"classes":[]},{"id":30406,"url":"https:\/\/www.jazzzeitung.de\/cms\/2023\/12\/drei-glorreiche-pianisten-beim-8-jazz-piano-marathon-in-ottobrunn\/","url_meta":{"origin":7361,"position":2},"title":"Drei glorreiche Pianisten beim 8. Jazz Piano Marathon in Ottobrunn","author":"Redaktion JazzZeitung","date":"20. Dezember 2023","format":false,"excerpt":"Wieder einmal beschloss das Wolf-Ferrari-Haus in Ottobrunn bei M\u00fcnchen seine von den Br\u00fcdern Cornelius Claudio & Johannes Tonio Kreusch geleitete Reihe \u201eOttobrunner Konzerte\u201c in der Vorweihnachtszeit mit einem Jazz Piano Marathon. Bei der 8. Ausgabe teilten sich die Strecke der Mail\u00e4nder Antonio Fara\u00f2, der Z\u00fcricher Nik B\u00e4rtsch und der Lokalmatador\u2026","rel":"","context":"In &quot;Bericht&quot;","block_context":{"text":"Bericht","link":"https:\/\/www.jazzzeitung.de\/cms\/thema\/bericht\/"},"img":{"alt_text":"","src":"https:\/\/i0.wp.com\/www.jazzzeitung.de\/cms\/wp-content\/uploads\/2023\/12\/KREUSCHCC%C2%A9Godehard.Lutz%40bayern-mail.de_IMGP4707-scaled.jpg?fit=1200%2C795&ssl=1&resize=350%2C200","width":350,"height":200,"srcset":"https:\/\/i0.wp.com\/www.jazzzeitung.de\/cms\/wp-content\/uploads\/2023\/12\/KREUSCHCC%C2%A9Godehard.Lutz%40bayern-mail.de_IMGP4707-scaled.jpg?fit=1200%2C795&ssl=1&resize=350%2C200 1x, https:\/\/i0.wp.com\/www.jazzzeitung.de\/cms\/wp-content\/uploads\/2023\/12\/KREUSCHCC%C2%A9Godehard.Lutz%40bayern-mail.de_IMGP4707-scaled.jpg?fit=1200%2C795&ssl=1&resize=525%2C300 1.5x, https:\/\/i0.wp.com\/www.jazzzeitung.de\/cms\/wp-content\/uploads\/2023\/12\/KREUSCHCC%C2%A9Godehard.Lutz%40bayern-mail.de_IMGP4707-scaled.jpg?fit=1200%2C795&ssl=1&resize=700%2C400 2x, https:\/\/i0.wp.com\/www.jazzzeitung.de\/cms\/wp-content\/uploads\/2023\/12\/KREUSCHCC%C2%A9Godehard.Lutz%40bayern-mail.de_IMGP4707-scaled.jpg?fit=1200%2C795&ssl=1&resize=1050%2C600 3x"},"classes":[]},{"id":18010,"url":"https:\/\/www.jazzzeitung.de\/cms\/2018\/12\/5-klavier-festival-in-ottobrunn-mit-bobo-stenson-ketil-bjornstad-martial-solal-am-13-14-dezember\/","url_meta":{"origin":7361,"position":3},"title":"5. Klavier Festival in Ottobrunn mit Bobo Stenson, Ketil Bj\u00f8rnstad &#038; Martial Solal am 13. &#038; 14. Dezember","author":"Redaktion JazzZeitung","date":"4. Dezember 2018","format":false,"excerpt":"Im Dezember finden in Ottobrunn seit nunmehr 5 Jahren Piano Abende der besonderen Art statt. Im Rahmen des Jubil\u00e4ums \u201e10 Jahre Ottobrunner Konzerte\u201c wird das diesj\u00e4hrige Klavier Festival im Wolf-Ferrari-Haus am Donnerstag, den 13. Dezember von zwei ganz besonderen ECM-Pianisten er\u00f6ffnet: dem Schweden Bobo Stenson, der u.a. in Formationen mit\u2026","rel":"","context":"In &quot;News&quot;","block_context":{"text":"News","link":"https:\/\/www.jazzzeitung.de\/cms\/thema\/nachrichten\/"},"img":{"alt_text":"","src":"https:\/\/i0.wp.com\/www.jazzzeitung.de\/cms\/wp-content\/uploads\/2018\/12\/2Martial-Solal-Foto-TJ-Krebs-jazzphotoagency%40web.de_-e1543850441340.jpg?fit=500%2C688&ssl=1&resize=350%2C200","width":350,"height":200},"classes":[]},{"id":6174,"url":"https:\/\/www.jazzzeitung.de\/cms\/2015\/05\/news-badi-assad-und-jamey-haddad-ottobrunn-gregory-porter-moderiert-den-echo-jazz-hamburg-isle-swing-bigband-straubing\/","url_meta":{"origin":7361,"position":4},"title":"News +++ Badi Assad und Jamey Haddad in Ottobrunn +++ Gregory Porter moderiert den ECHO Jazz in Hamburg +++ Isle Of Swing Bigband in Straubing +++","author":"Redaktion JazzZeitung","date":"19. Mai 2015","format":false,"excerpt":"\u201eTWO WOLRDS ONE\u201c \u2013 World meets Jazz Ganz im Zeichen der Weltmusik steht ein Konzert das am 21. Mai (20 Uhr) im Wolf-Ferrari-Haus in Ottobrunn stattfinden wird. Pr\u00e4sentiert wird es von den beiden k\u00fcnstlerischen Leiter der Ottobrunner Konzerte, Cornelius Claudio Kreusch und Johannes Tonio\u00a0Kreusch. Die beiden Br\u00fcder haben f\u00fcr diesen\u2026","rel":"","context":"In &quot;News&quot;","block_context":{"text":"News","link":"https:\/\/www.jazzzeitung.de\/cms\/thema\/nachrichten\/"},"img":{"alt_text":"Isle of Swing Bigband Fotos: Markus Fritsch","src":"https:\/\/i0.wp.com\/www.jazzzeitung.de\/cms\/wp-content\/uploads\/2015\/05\/Isle-of-Swing-Bigband-Pressefoto-3-2015-850-KB-150x150.jpg?resize=350%2C200","width":350,"height":200},"classes":[]},{"id":11247,"url":"https:\/\/www.jazzzeitung.de\/cms\/2016\/12\/3-piano-marathon-in-ottobrunn-vom-16-18-12-2016\/","url_meta":{"origin":7361,"position":5},"title":"3. Piano Marathon in Ottobrunn vom 16. &#8211; 18.12.2016","author":"Redaktion JazzZeitung","date":"8. Dezember 2016","format":false,"excerpt":"Eine Tradition wird fortgesetzt: Dieses Jahr findet vom 16.-18. Dezember der mittlerweile 3. Piano Marathon im Wolf-Ferrari-Haus in Ottobrunn statt - diesmal an 2 (!) Tagen mit Konzerten am 16.12. und 17.12. sowie begleitenden Workshops am 17.12. und 18.12.. Die Auswahl der Tastenvirtuosen kann sich auch dieses Jahr wieder sehen\u2026","rel":"","context":"In &quot;News&quot;","block_context":{"text":"News","link":"https:\/\/www.jazzzeitung.de\/cms\/thema\/nachrichten\/"},"img":{"alt_text":"Kreusch. Foto: TJ Krebs","src":"https:\/\/i0.wp.com\/www.jazzzeitung.de\/cms\/wp-content\/uploads\/2016\/12\/P1410182_Kreusch-Foto-TJ-Krebs-150x150.jpg?resize=350%2C200","width":350,"height":200},"classes":[]}],"jetpack_sharing_enabled":true,"_links":{"self":[{"href":"https:\/\/www.jazzzeitung.de\/cms\/wp-json\/wp\/v2\/posts\/7361","targetHints":{"allow":["GET"]}}],"collection":[{"href":"https:\/\/www.jazzzeitung.de\/cms\/wp-json\/wp\/v2\/posts"}],"about":[{"href":"https:\/\/www.jazzzeitung.de\/cms\/wp-json\/wp\/v2\/types\/post"}],"author":[{"embeddable":true,"href":"https:\/\/www.jazzzeitung.de\/cms\/wp-json\/wp\/v2\/users\/18"}],"replies":[{"embeddable":true,"href":"https:\/\/www.jazzzeitung.de\/cms\/wp-json\/wp\/v2\/comments?post=7361"}],"version-history":[{"count":6,"href":"https:\/\/www.jazzzeitung.de\/cms\/wp-json\/wp\/v2\/posts\/7361\/revisions"}],"predecessor-version":[{"id":7364,"href":"https:\/\/www.jazzzeitung.de\/cms\/wp-json\/wp\/v2\/posts\/7361\/revisions\/7364"}],"wp:attachment":[{"href":"https:\/\/www.jazzzeitung.de\/cms\/wp-json\/wp\/v2\/media?parent=7361"}],"wp:term":[{"taxonomy":"category","embeddable":true,"href":"https:\/\/www.jazzzeitung.de\/cms\/wp-json\/wp\/v2\/categories?post=7361"},{"taxonomy":"post_tag","embeddable":true,"href":"https:\/\/www.jazzzeitung.de\/cms\/wp-json\/wp\/v2\/tags?post=7361"},{"taxonomy":"author","embeddable":true,"href":"https:\/\/www.jazzzeitung.de\/cms\/wp-json\/wp\/v2\/coauthors?post=7361"}],"curies":[{"name":"wp","href":"https:\/\/api.w.org\/{rel}","templated":true}]}}