{"id":734,"date":"2011-02-03T16:20:13","date_gmt":"2011-02-03T15:20:13","guid":{"rendered":"http:\/\/blogs.nmz.de\/jazz\/?p=734"},"modified":"2011-02-03T16:20:13","modified_gmt":"2011-02-03T15:20:13","slug":"pass-the-peas-one-shot-not-mit-fred-wesley","status":"publish","type":"post","link":"https:\/\/www.jazzzeitung.de\/cms\/2011\/02\/pass-the-peas-one-shot-not-mit-fred-wesley\/","title":{"rendered":"Pass the Peas! One Shot Not mit Fred Wesley"},"content":{"rendered":"<figure id=\"attachment_742\" aria-describedby=\"caption-attachment-742\" style=\"width: 300px\" class=\"wp-caption aligncenter\"><a href=\"https:\/\/i0.wp.com\/www.jazzzeitung.de\/cms\/wp-content\/uploads\/2011\/02\/wesley_screenshot_arte.tv_1.jpg\"><img data-recalc-dims=\"1\" loading=\"lazy\" decoding=\"async\" data-attachment-id=\"742\" data-permalink=\"https:\/\/www.jazzzeitung.de\/cms\/2011\/02\/pass-the-peas-one-shot-not-mit-fred-wesley\/wesley_screenshot_arte-tv-2\/\" data-orig-file=\"https:\/\/i0.wp.com\/www.jazzzeitung.de\/cms\/wp-content\/uploads\/2011\/02\/wesley_screenshot_arte.tv_1.jpg?fit=565%2C318&amp;ssl=1\" data-orig-size=\"565,318\" data-comments-opened=\"1\" data-image-meta=\"{&quot;aperture&quot;:&quot;0&quot;,&quot;credit&quot;:&quot;&quot;,&quot;camera&quot;:&quot;&quot;,&quot;caption&quot;:&quot;&quot;,&quot;created_timestamp&quot;:&quot;0&quot;,&quot;copyright&quot;:&quot;&quot;,&quot;focal_length&quot;:&quot;0&quot;,&quot;iso&quot;:&quot;0&quot;,&quot;shutter_speed&quot;:&quot;0&quot;,&quot;title&quot;:&quot;&quot;}\" data-image-title=\"wesley_screenshot_arte.tv\" data-image-description=\"\" data-image-caption=\"&lt;p&gt;Funkiest Trombone Player: Fred Wesley. Foto: Screenshot arte.tv&lt;\/p&gt;\n\" data-large-file=\"https:\/\/i0.wp.com\/www.jazzzeitung.de\/cms\/wp-content\/uploads\/2011\/02\/wesley_screenshot_arte.tv_1.jpg?fit=565%2C318&amp;ssl=1\" class=\"size-medium wp-image-742\" title=\"wesley_screenshot_arte.tv\" src=\"https:\/\/i0.wp.com\/www.jazzzeitung.de\/cms\/wp-content\/uploads\/2011\/02\/wesley_screenshot_arte.tv_1-300x168.jpg?resize=300%2C168\" alt=\"Funkiest Trombone Player: Fred Wesley. Foto: Screenshot arte.tv\" width=\"300\" height=\"168\" srcset=\"https:\/\/i0.wp.com\/www.jazzzeitung.de\/cms\/wp-content\/uploads\/2011\/02\/wesley_screenshot_arte.tv_1.jpg?resize=300%2C168&amp;ssl=1 300w, https:\/\/i0.wp.com\/www.jazzzeitung.de\/cms\/wp-content\/uploads\/2011\/02\/wesley_screenshot_arte.tv_1.jpg?w=565&amp;ssl=1 565w\" sizes=\"auto, (max-width: 300px) 100vw, 300px\" \/><\/a><figcaption id=\"caption-attachment-742\" class=\"wp-caption-text\">The funkiest Trombone-Player ever: Fred Wesley. Foto: Screenshot arte.tv<\/figcaption><\/figure>\n<p>Wieder einmal ein kleiner TV-Tipp:<\/p>\n<p>Die Arte-Sendung <a href=\"http:\/\/www.arte.tv\/de\/Kultur-entdecken\/one-shot-not\/1494366.html\" target=\"_blank\"><em>One Shot Not<\/em><\/a> mit Manu Katch\u00e9 und Alice Tumler (Sonntags 23.30 Uhr; Wiederholung: Samstags 13.00 Uhr) dreht sich um Live-Performances von K\u00fcnstlern aus Rock\/Pop\/Jazz und anderen Genres in Verbindung mit kurzen K\u00fcnstler-Interviews. Dabei greift Host Manu Katch\u00e9 immer auch selbst zu den Sticks und steigt bei den Bands ein.<\/p>\n<p>Das Zuschauen lohnt sich eigentlich immer. Diesmal hat das Line-Up mit Fred Wesley und Sly Johnson allerdings zwei Namen zusammengef\u00fchrt, deren funkyness besonders viel Spa\u00df macht. Au\u00dferdem mit dabei Seu Jorge, Midlake.<\/p>\n<p>Link zur Arte-Mediathek:<\/p>\n<p><a href=\"http:\/\/videos.arte.tv\/de\/videos\/one_shot_not_mit_alice_tumler_und_manu_katche-3666862.html\" target=\"_blank\">http:\/\/videos.arte.tv\/de\/videos\/one_shot_not_mit_alice_tumler_und_manu_katche-3666862.html<\/a><\/p>\n<figure id=\"attachment_736\" aria-describedby=\"caption-attachment-736\" style=\"width: 300px\" class=\"wp-caption alignleft\"><a href=\"https:\/\/i0.wp.com\/www.jazzzeitung.de\/cms\/wp-content\/uploads\/2011\/02\/sly_screenshot_arte.tv_.jpg\"><img data-recalc-dims=\"1\" loading=\"lazy\" decoding=\"async\" data-attachment-id=\"736\" data-permalink=\"https:\/\/www.jazzzeitung.de\/cms\/2011\/02\/pass-the-peas-one-shot-not-mit-fred-wesley\/sly_screenshot_arte-tv\/\" data-orig-file=\"https:\/\/i0.wp.com\/www.jazzzeitung.de\/cms\/wp-content\/uploads\/2011\/02\/sly_screenshot_arte.tv_.jpg?fit=568%2C316&amp;ssl=1\" data-orig-size=\"568,316\" data-comments-opened=\"1\" data-image-meta=\"{&quot;aperture&quot;:&quot;0&quot;,&quot;credit&quot;:&quot;&quot;,&quot;camera&quot;:&quot;&quot;,&quot;caption&quot;:&quot;&quot;,&quot;created_timestamp&quot;:&quot;0&quot;,&quot;copyright&quot;:&quot;&quot;,&quot;focal_length&quot;:&quot;0&quot;,&quot;iso&quot;:&quot;0&quot;,&quot;shutter_speed&quot;:&quot;0&quot;,&quot;title&quot;:&quot;&quot;}\" data-image-title=\"sly_screenshot_arte.tv\" data-image-description=\"\" data-image-caption=\"&lt;p&gt;Sly Johnson. Foto: Screenshot arte.tv&lt;\/p&gt;\n\" data-large-file=\"https:\/\/i0.wp.com\/www.jazzzeitung.de\/cms\/wp-content\/uploads\/2011\/02\/sly_screenshot_arte.tv_.jpg?fit=568%2C316&amp;ssl=1\" class=\"size-medium wp-image-736\" title=\"sly_screenshot_arte.tv\" src=\"https:\/\/i0.wp.com\/www.jazzzeitung.de\/cms\/wp-content\/uploads\/2011\/02\/sly_screenshot_arte.tv_-300x166.jpg?resize=300%2C166\" alt=\"Sly Johnson. Foto: Screenshot arte.tv\" width=\"300\" height=\"166\" srcset=\"https:\/\/i0.wp.com\/www.jazzzeitung.de\/cms\/wp-content\/uploads\/2011\/02\/sly_screenshot_arte.tv_.jpg?resize=300%2C166&amp;ssl=1 300w, https:\/\/i0.wp.com\/www.jazzzeitung.de\/cms\/wp-content\/uploads\/2011\/02\/sly_screenshot_arte.tv_.jpg?w=568&amp;ssl=1 568w\" sizes=\"auto, (max-width: 300px) 100vw, 300px\" \/><\/a><figcaption id=\"caption-attachment-736\" class=\"wp-caption-text\">Sly Johnson. Foto: Screenshot arte.tv<\/figcaption><\/figure>\n<figure id=\"attachment_737\" aria-describedby=\"caption-attachment-737\" style=\"width: 300px\" class=\"wp-caption alignright\"><a href=\"https:\/\/i0.wp.com\/www.jazzzeitung.de\/cms\/wp-content\/uploads\/2011\/02\/wesley_screenshot_arte.tv_2.jpg\"><img data-recalc-dims=\"1\" loading=\"lazy\" decoding=\"async\" data-attachment-id=\"737\" data-permalink=\"https:\/\/www.jazzzeitung.de\/cms\/2011\/02\/pass-the-peas-one-shot-not-mit-fred-wesley\/wesley_screenshot_arte-tv_2\/\" data-orig-file=\"https:\/\/i0.wp.com\/www.jazzzeitung.de\/cms\/wp-content\/uploads\/2011\/02\/wesley_screenshot_arte.tv_2.jpg?fit=571%2C317&amp;ssl=1\" data-orig-size=\"571,317\" data-comments-opened=\"1\" data-image-meta=\"{&quot;aperture&quot;:&quot;0&quot;,&quot;credit&quot;:&quot;&quot;,&quot;camera&quot;:&quot;&quot;,&quot;caption&quot;:&quot;&quot;,&quot;created_timestamp&quot;:&quot;0&quot;,&quot;copyright&quot;:&quot;&quot;,&quot;focal_length&quot;:&quot;0&quot;,&quot;iso&quot;:&quot;0&quot;,&quot;shutter_speed&quot;:&quot;0&quot;,&quot;title&quot;:&quot;&quot;}\" data-image-title=\"wesley_screenshot_arte.tv_2\" data-image-description=\"\" data-image-caption=\"&lt;p&gt;Fred Wesley. Foto: Screenshot arte.tv&lt;\/p&gt;\n\" data-large-file=\"https:\/\/i0.wp.com\/www.jazzzeitung.de\/cms\/wp-content\/uploads\/2011\/02\/wesley_screenshot_arte.tv_2.jpg?fit=571%2C317&amp;ssl=1\" class=\"size-medium wp-image-737\" title=\"wesley_screenshot_arte.tv_2\" src=\"https:\/\/i0.wp.com\/www.jazzzeitung.de\/cms\/wp-content\/uploads\/2011\/02\/wesley_screenshot_arte.tv_2-300x166.jpg?resize=300%2C166\" alt=\"Fred Wesley. Foto: Screenshot arte.tv\" width=\"300\" height=\"166\" srcset=\"https:\/\/i0.wp.com\/www.jazzzeitung.de\/cms\/wp-content\/uploads\/2011\/02\/wesley_screenshot_arte.tv_2.jpg?resize=300%2C166&amp;ssl=1 300w, https:\/\/i0.wp.com\/www.jazzzeitung.de\/cms\/wp-content\/uploads\/2011\/02\/wesley_screenshot_arte.tv_2.jpg?w=571&amp;ssl=1 571w\" sizes=\"auto, (max-width: 300px) 100vw, 300px\" \/><\/a><figcaption id=\"caption-attachment-737\" class=\"wp-caption-text\">Fred Wesley. Foto: Screenshot arte.tv<\/figcaption><\/figure>\n<p>Weitere Infos:<\/p>\n<p style=\"text-align: left\"><a href=\"http:\/\/www.arte.tv\/de\/Kultur-entdecken\/one-shot-not\/1494366.html\" target=\"_blank\">One Shot Not bei arte.tv<\/a><\/p>\n<p style=\"text-align: left\">\n","protected":false},"excerpt":{"rendered":"<p>Wieder einmal ein kleiner TV-Tipp: Die Arte-Sendung One Shot Not mit Manu Katch\u00e9 und Alice Tumler (Sonntags 23.30 Uhr; Wiederholung: Samstags 13.00 Uhr) dreht sich um Live-Performances von K\u00fcnstlern aus Rock\/Pop\/Jazz und anderen Genres in Verbindung mit kurzen K\u00fcnstler-Interviews. Dabei greift Host Manu Katch\u00e9 immer auch selbst zu den Sticks und steigt bei den Bands ein. Das Zuschauen lohnt sich eigentlich immer. Diesmal hat das Line-Up mit Fred Wesley und Sly Johnson allerdings zwei Namen zusammengef\u00fchrt, deren funkyness besonders viel Spa\u00df macht. Au\u00dferdem mit dabei Seu Jorge, Midlake. Link zur Arte-Mediathek: http:\/\/videos.arte.tv\/de\/videos\/one_shot_not_mit_alice_tumler_und_manu_katche-3666862.html Weitere Infos: One Shot Not bei arte.tv<\/p>\n","protected":false},"author":4,"featured_media":0,"comment_status":"open","ping_status":"open","sticky":false,"template":"","format":"standard","meta":{"_jetpack_memberships_contains_paid_content":false,"footnotes":"","jetpack_publicize_message":"","jetpack_publicize_feature_enabled":true,"jetpack_social_post_already_shared":false,"jetpack_social_options":{"image_generator_settings":{"template":"highway","default_image_id":0,"font":"","enabled":false},"version":2}},"categories":[82],"tags":[35,48,187,375,389,426,498,504,524],"coauthors":[],"class_list":["post-734","post","type-post","status-publish","format-standard","hentry","category-blog","tag-alice-tumler","tag-arte","tag-fred-wesley","tag-manu-katche","tag-midlake","tag-one-shot-not","tag-seu-jorge","tag-sly-johnson","tag-stream"],"yoast_head":"<!-- This site is optimized with the Yoast SEO plugin v27.5 - https:\/\/yoast.com\/product\/yoast-seo-wordpress\/ -->\n<title>Pass the Peas! One Shot Not mit Fred Wesley - JazzZeitung<\/title>\n<meta name=\"robots\" content=\"index, follow, max-snippet:-1, max-image-preview:large, max-video-preview:-1\" \/>\n<link rel=\"canonical\" href=\"https:\/\/www.jazzzeitung.de\/cms\/2011\/02\/pass-the-peas-one-shot-not-mit-fred-wesley\/\" \/>\n<meta property=\"og:locale\" content=\"de_DE\" \/>\n<meta property=\"og:type\" content=\"article\" \/>\n<meta property=\"og:title\" content=\"Pass the Peas! One Shot Not mit Fred Wesley - JazzZeitung\" \/>\n<meta property=\"og:description\" content=\"Wieder einmal ein kleiner TV-Tipp: Die Arte-Sendung One Shot Not mit Manu Katch\u00e9 und Alice Tumler (Sonntags 23.30 Uhr; Wiederholung: Samstags 13.00 Uhr) dreht sich um Live-Performances von K\u00fcnstlern aus Rock\/Pop\/Jazz und anderen Genres in Verbindung mit kurzen K\u00fcnstler-Interviews. Dabei greift Host Manu Katch\u00e9 immer auch selbst zu den Sticks und steigt bei den Bands ein. Das Zuschauen lohnt sich eigentlich immer. Diesmal hat das Line-Up mit Fred Wesley und Sly Johnson allerdings zwei Namen zusammengef\u00fchrt, deren funkyness besonders viel Spa\u00df macht. Au\u00dferdem mit dabei Seu Jorge, Midlake. Link zur Arte-Mediathek: http:\/\/videos.arte.tv\/de\/videos\/one_shot_not_mit_alice_tumler_und_manu_katche-3666862.html Weitere Infos: One Shot Not bei arte.tv\" \/>\n<meta property=\"og:url\" content=\"https:\/\/www.jazzzeitung.de\/cms\/2011\/02\/pass-the-peas-one-shot-not-mit-fred-wesley\/\" \/>\n<meta property=\"og:site_name\" content=\"JazzZeitung\" \/>\n<meta property=\"article:publisher\" content=\"https:\/\/www.facebook.com\/JazzZeitung\/\" \/>\n<meta property=\"article:published_time\" content=\"2011-02-03T15:20:13+00:00\" \/>\n<meta property=\"og:image\" content=\"http:\/\/www.jazzzeitung.de\/cms\/wp-content\/uploads\/2011\/02\/wesley_screenshot_arte.tv_1-300x168.jpg\" \/>\n<meta name=\"author\" content=\"J\u00f6rg Lichtinger\" \/>\n<script type=\"application\/ld+json\" class=\"yoast-schema-graph\">{\"@context\":\"https:\\\/\\\/schema.org\",\"@graph\":[{\"@type\":\"Article\",\"@id\":\"https:\\\/\\\/www.jazzzeitung.de\\\/cms\\\/2011\\\/02\\\/pass-the-peas-one-shot-not-mit-fred-wesley\\\/#article\",\"isPartOf\":{\"@id\":\"https:\\\/\\\/www.jazzzeitung.de\\\/cms\\\/2011\\\/02\\\/pass-the-peas-one-shot-not-mit-fred-wesley\\\/\"},\"author\":{\"name\":\"J\u00f6rg Lichtinger\",\"@id\":\"https:\\\/\\\/www.jazzzeitung.de\\\/cms\\\/#\\\/schema\\\/person\\\/4c5aaf486bdcd85db94b9a8b9e026bad\"},\"headline\":\"Pass the Peas! One Shot Not mit Fred Wesley\",\"datePublished\":\"2011-02-03T15:20:13+00:00\",\"mainEntityOfPage\":{\"@id\":\"https:\\\/\\\/www.jazzzeitung.de\\\/cms\\\/2011\\\/02\\\/pass-the-peas-one-shot-not-mit-fred-wesley\\\/\"},\"wordCount\":174,\"commentCount\":0,\"publisher\":{\"@id\":\"https:\\\/\\\/www.jazzzeitung.de\\\/cms\\\/#organization\"},\"image\":{\"@id\":\"https:\\\/\\\/www.jazzzeitung.de\\\/cms\\\/2011\\\/02\\\/pass-the-peas-one-shot-not-mit-fred-wesley\\\/#primaryimage\"},\"thumbnailUrl\":\"http:\\\/\\\/www.jazzzeitung.de\\\/cms\\\/wp-content\\\/uploads\\\/2011\\\/02\\\/wesley_screenshot_arte.tv_1-300x168.jpg\",\"keywords\":[\"Alice Tumler\",\"Arte\",\"Fred Wesley\",\"manu katch\u00e9\",\"Midlake\",\"one shot not\",\"Seu Jorge\",\"Sly Johnson\",\"Stream\"],\"articleSection\":[\"Blog\"],\"inLanguage\":\"de\",\"potentialAction\":[{\"@type\":\"CommentAction\",\"name\":\"Comment\",\"target\":[\"https:\\\/\\\/www.jazzzeitung.de\\\/cms\\\/2011\\\/02\\\/pass-the-peas-one-shot-not-mit-fred-wesley\\\/#respond\"]}]},{\"@type\":\"WebPage\",\"@id\":\"https:\\\/\\\/www.jazzzeitung.de\\\/cms\\\/2011\\\/02\\\/pass-the-peas-one-shot-not-mit-fred-wesley\\\/\",\"url\":\"https:\\\/\\\/www.jazzzeitung.de\\\/cms\\\/2011\\\/02\\\/pass-the-peas-one-shot-not-mit-fred-wesley\\\/\",\"name\":\"Pass the Peas! One Shot Not mit Fred Wesley - JazzZeitung\",\"isPartOf\":{\"@id\":\"https:\\\/\\\/www.jazzzeitung.de\\\/cms\\\/#website\"},\"primaryImageOfPage\":{\"@id\":\"https:\\\/\\\/www.jazzzeitung.de\\\/cms\\\/2011\\\/02\\\/pass-the-peas-one-shot-not-mit-fred-wesley\\\/#primaryimage\"},\"image\":{\"@id\":\"https:\\\/\\\/www.jazzzeitung.de\\\/cms\\\/2011\\\/02\\\/pass-the-peas-one-shot-not-mit-fred-wesley\\\/#primaryimage\"},\"thumbnailUrl\":\"http:\\\/\\\/www.jazzzeitung.de\\\/cms\\\/wp-content\\\/uploads\\\/2011\\\/02\\\/wesley_screenshot_arte.tv_1-300x168.jpg\",\"datePublished\":\"2011-02-03T15:20:13+00:00\",\"breadcrumb\":{\"@id\":\"https:\\\/\\\/www.jazzzeitung.de\\\/cms\\\/2011\\\/02\\\/pass-the-peas-one-shot-not-mit-fred-wesley\\\/#breadcrumb\"},\"inLanguage\":\"de\",\"potentialAction\":[{\"@type\":\"ReadAction\",\"target\":[\"https:\\\/\\\/www.jazzzeitung.de\\\/cms\\\/2011\\\/02\\\/pass-the-peas-one-shot-not-mit-fred-wesley\\\/\"]}]},{\"@type\":\"ImageObject\",\"inLanguage\":\"de\",\"@id\":\"https:\\\/\\\/www.jazzzeitung.de\\\/cms\\\/2011\\\/02\\\/pass-the-peas-one-shot-not-mit-fred-wesley\\\/#primaryimage\",\"url\":\"http:\\\/\\\/www.jazzzeitung.de\\\/cms\\\/wp-content\\\/uploads\\\/2011\\\/02\\\/wesley_screenshot_arte.tv_1-300x168.jpg\",\"contentUrl\":\"http:\\\/\\\/www.jazzzeitung.de\\\/cms\\\/wp-content\\\/uploads\\\/2011\\\/02\\\/wesley_screenshot_arte.tv_1-300x168.jpg\"},{\"@type\":\"BreadcrumbList\",\"@id\":\"https:\\\/\\\/www.jazzzeitung.de\\\/cms\\\/2011\\\/02\\\/pass-the-peas-one-shot-not-mit-fred-wesley\\\/#breadcrumb\",\"itemListElement\":[{\"@type\":\"ListItem\",\"position\":1,\"name\":\"Startseite\",\"item\":\"https:\\\/\\\/www.jazzzeitung.de\\\/cms\\\/\"},{\"@type\":\"ListItem\",\"position\":2,\"name\":\"Pass the Peas! One Shot Not mit Fred Wesley\"}]},{\"@type\":\"WebSite\",\"@id\":\"https:\\\/\\\/www.jazzzeitung.de\\\/cms\\\/#website\",\"url\":\"https:\\\/\\\/www.jazzzeitung.de\\\/cms\\\/\",\"name\":\"JazzZeitung\",\"description\":\"Jazz-News und Jazz-Kontroverses\",\"publisher\":{\"@id\":\"https:\\\/\\\/www.jazzzeitung.de\\\/cms\\\/#organization\"},\"potentialAction\":[{\"@type\":\"SearchAction\",\"target\":{\"@type\":\"EntryPoint\",\"urlTemplate\":\"https:\\\/\\\/www.jazzzeitung.de\\\/cms\\\/?s={search_term_string}\"},\"query-input\":{\"@type\":\"PropertyValueSpecification\",\"valueRequired\":true,\"valueName\":\"search_term_string\"}}],\"inLanguage\":\"de\"},{\"@type\":\"Organization\",\"@id\":\"https:\\\/\\\/www.jazzzeitung.de\\\/cms\\\/#organization\",\"name\":\"JazzZeitung online\",\"url\":\"https:\\\/\\\/www.jazzzeitung.de\\\/cms\\\/\",\"logo\":{\"@type\":\"ImageObject\",\"inLanguage\":\"de\",\"@id\":\"https:\\\/\\\/www.jazzzeitung.de\\\/cms\\\/#\\\/schema\\\/logo\\\/image\\\/\",\"url\":\"https:\\\/\\\/i0.wp.com\\\/www.jazzzeitung.de\\\/cms\\\/wp-content\\\/uploads\\\/2015\\\/08\\\/JAZZZEITUNGDE_Logo_Neu.png?fit=499%2C200&ssl=1\",\"contentUrl\":\"https:\\\/\\\/i0.wp.com\\\/www.jazzzeitung.de\\\/cms\\\/wp-content\\\/uploads\\\/2015\\\/08\\\/JAZZZEITUNGDE_Logo_Neu.png?fit=499%2C200&ssl=1\",\"width\":499,\"height\":200,\"caption\":\"JazzZeitung online\"},\"image\":{\"@id\":\"https:\\\/\\\/www.jazzzeitung.de\\\/cms\\\/#\\\/schema\\\/logo\\\/image\\\/\"},\"sameAs\":[\"https:\\\/\\\/www.facebook.com\\\/JazzZeitung\\\/\"]},{\"@type\":\"Person\",\"@id\":\"https:\\\/\\\/www.jazzzeitung.de\\\/cms\\\/#\\\/schema\\\/person\\\/4c5aaf486bdcd85db94b9a8b9e026bad\",\"name\":\"J\u00f6rg Lichtinger\",\"image\":{\"@type\":\"ImageObject\",\"inLanguage\":\"de\",\"@id\":\"https:\\\/\\\/secure.gravatar.com\\\/avatar\\\/8d1d484eb77cf370a1620f9866681cdba540c9b8439ce96ea0c830dd3b59936c?s=96&d=wp_user_avatar&r=ge66dff7680db2349fb79ae0cb2d734e3\",\"url\":\"https:\\\/\\\/secure.gravatar.com\\\/avatar\\\/8d1d484eb77cf370a1620f9866681cdba540c9b8439ce96ea0c830dd3b59936c?s=96&d=wp_user_avatar&r=g\",\"contentUrl\":\"https:\\\/\\\/secure.gravatar.com\\\/avatar\\\/8d1d484eb77cf370a1620f9866681cdba540c9b8439ce96ea0c830dd3b59936c?s=96&d=wp_user_avatar&r=g\",\"caption\":\"J\u00f6rg Lichtinger\"},\"url\":\"https:\\\/\\\/www.jazzzeitung.de\\\/cms\\\/author\\\/lichtinger\\\/\"}]}<\/script>\n<!-- \/ Yoast SEO plugin. -->","yoast_head_json":{"title":"Pass the Peas! One Shot Not mit Fred Wesley - JazzZeitung","robots":{"index":"index","follow":"follow","max-snippet":"max-snippet:-1","max-image-preview":"max-image-preview:large","max-video-preview":"max-video-preview:-1"},"canonical":"https:\/\/www.jazzzeitung.de\/cms\/2011\/02\/pass-the-peas-one-shot-not-mit-fred-wesley\/","og_locale":"de_DE","og_type":"article","og_title":"Pass the Peas! One Shot Not mit Fred Wesley - JazzZeitung","og_description":"Wieder einmal ein kleiner TV-Tipp: Die Arte-Sendung One Shot Not mit Manu Katch\u00e9 und Alice Tumler (Sonntags 23.30 Uhr; Wiederholung: Samstags 13.00 Uhr) dreht sich um Live-Performances von K\u00fcnstlern aus Rock\/Pop\/Jazz und anderen Genres in Verbindung mit kurzen K\u00fcnstler-Interviews. Dabei greift Host Manu Katch\u00e9 immer auch selbst zu den Sticks und steigt bei den Bands ein. Das Zuschauen lohnt sich eigentlich immer. Diesmal hat das Line-Up mit Fred Wesley und Sly Johnson allerdings zwei Namen zusammengef\u00fchrt, deren funkyness besonders viel Spa\u00df macht. Au\u00dferdem mit dabei Seu Jorge, Midlake. Link zur Arte-Mediathek: http:\/\/videos.arte.tv\/de\/videos\/one_shot_not_mit_alice_tumler_und_manu_katche-3666862.html Weitere Infos: One Shot Not bei arte.tv","og_url":"https:\/\/www.jazzzeitung.de\/cms\/2011\/02\/pass-the-peas-one-shot-not-mit-fred-wesley\/","og_site_name":"JazzZeitung","article_publisher":"https:\/\/www.facebook.com\/JazzZeitung\/","article_published_time":"2011-02-03T15:20:13+00:00","og_image":[{"url":"http:\/\/www.jazzzeitung.de\/cms\/wp-content\/uploads\/2011\/02\/wesley_screenshot_arte.tv_1-300x168.jpg","type":"","width":"","height":""}],"author":"J\u00f6rg Lichtinger","schema":{"@context":"https:\/\/schema.org","@graph":[{"@type":"Article","@id":"https:\/\/www.jazzzeitung.de\/cms\/2011\/02\/pass-the-peas-one-shot-not-mit-fred-wesley\/#article","isPartOf":{"@id":"https:\/\/www.jazzzeitung.de\/cms\/2011\/02\/pass-the-peas-one-shot-not-mit-fred-wesley\/"},"author":{"name":"J\u00f6rg Lichtinger","@id":"https:\/\/www.jazzzeitung.de\/cms\/#\/schema\/person\/4c5aaf486bdcd85db94b9a8b9e026bad"},"headline":"Pass the Peas! One Shot Not mit Fred Wesley","datePublished":"2011-02-03T15:20:13+00:00","mainEntityOfPage":{"@id":"https:\/\/www.jazzzeitung.de\/cms\/2011\/02\/pass-the-peas-one-shot-not-mit-fred-wesley\/"},"wordCount":174,"commentCount":0,"publisher":{"@id":"https:\/\/www.jazzzeitung.de\/cms\/#organization"},"image":{"@id":"https:\/\/www.jazzzeitung.de\/cms\/2011\/02\/pass-the-peas-one-shot-not-mit-fred-wesley\/#primaryimage"},"thumbnailUrl":"http:\/\/www.jazzzeitung.de\/cms\/wp-content\/uploads\/2011\/02\/wesley_screenshot_arte.tv_1-300x168.jpg","keywords":["Alice Tumler","Arte","Fred Wesley","manu katch\u00e9","Midlake","one shot not","Seu Jorge","Sly Johnson","Stream"],"articleSection":["Blog"],"inLanguage":"de","potentialAction":[{"@type":"CommentAction","name":"Comment","target":["https:\/\/www.jazzzeitung.de\/cms\/2011\/02\/pass-the-peas-one-shot-not-mit-fred-wesley\/#respond"]}]},{"@type":"WebPage","@id":"https:\/\/www.jazzzeitung.de\/cms\/2011\/02\/pass-the-peas-one-shot-not-mit-fred-wesley\/","url":"https:\/\/www.jazzzeitung.de\/cms\/2011\/02\/pass-the-peas-one-shot-not-mit-fred-wesley\/","name":"Pass the Peas! One Shot Not mit Fred Wesley - JazzZeitung","isPartOf":{"@id":"https:\/\/www.jazzzeitung.de\/cms\/#website"},"primaryImageOfPage":{"@id":"https:\/\/www.jazzzeitung.de\/cms\/2011\/02\/pass-the-peas-one-shot-not-mit-fred-wesley\/#primaryimage"},"image":{"@id":"https:\/\/www.jazzzeitung.de\/cms\/2011\/02\/pass-the-peas-one-shot-not-mit-fred-wesley\/#primaryimage"},"thumbnailUrl":"http:\/\/www.jazzzeitung.de\/cms\/wp-content\/uploads\/2011\/02\/wesley_screenshot_arte.tv_1-300x168.jpg","datePublished":"2011-02-03T15:20:13+00:00","breadcrumb":{"@id":"https:\/\/www.jazzzeitung.de\/cms\/2011\/02\/pass-the-peas-one-shot-not-mit-fred-wesley\/#breadcrumb"},"inLanguage":"de","potentialAction":[{"@type":"ReadAction","target":["https:\/\/www.jazzzeitung.de\/cms\/2011\/02\/pass-the-peas-one-shot-not-mit-fred-wesley\/"]}]},{"@type":"ImageObject","inLanguage":"de","@id":"https:\/\/www.jazzzeitung.de\/cms\/2011\/02\/pass-the-peas-one-shot-not-mit-fred-wesley\/#primaryimage","url":"http:\/\/www.jazzzeitung.de\/cms\/wp-content\/uploads\/2011\/02\/wesley_screenshot_arte.tv_1-300x168.jpg","contentUrl":"http:\/\/www.jazzzeitung.de\/cms\/wp-content\/uploads\/2011\/02\/wesley_screenshot_arte.tv_1-300x168.jpg"},{"@type":"BreadcrumbList","@id":"https:\/\/www.jazzzeitung.de\/cms\/2011\/02\/pass-the-peas-one-shot-not-mit-fred-wesley\/#breadcrumb","itemListElement":[{"@type":"ListItem","position":1,"name":"Startseite","item":"https:\/\/www.jazzzeitung.de\/cms\/"},{"@type":"ListItem","position":2,"name":"Pass the Peas! One Shot Not mit Fred Wesley"}]},{"@type":"WebSite","@id":"https:\/\/www.jazzzeitung.de\/cms\/#website","url":"https:\/\/www.jazzzeitung.de\/cms\/","name":"JazzZeitung","description":"Jazz-News und Jazz-Kontroverses","publisher":{"@id":"https:\/\/www.jazzzeitung.de\/cms\/#organization"},"potentialAction":[{"@type":"SearchAction","target":{"@type":"EntryPoint","urlTemplate":"https:\/\/www.jazzzeitung.de\/cms\/?s={search_term_string}"},"query-input":{"@type":"PropertyValueSpecification","valueRequired":true,"valueName":"search_term_string"}}],"inLanguage":"de"},{"@type":"Organization","@id":"https:\/\/www.jazzzeitung.de\/cms\/#organization","name":"JazzZeitung online","url":"https:\/\/www.jazzzeitung.de\/cms\/","logo":{"@type":"ImageObject","inLanguage":"de","@id":"https:\/\/www.jazzzeitung.de\/cms\/#\/schema\/logo\/image\/","url":"https:\/\/i0.wp.com\/www.jazzzeitung.de\/cms\/wp-content\/uploads\/2015\/08\/JAZZZEITUNGDE_Logo_Neu.png?fit=499%2C200&ssl=1","contentUrl":"https:\/\/i0.wp.com\/www.jazzzeitung.de\/cms\/wp-content\/uploads\/2015\/08\/JAZZZEITUNGDE_Logo_Neu.png?fit=499%2C200&ssl=1","width":499,"height":200,"caption":"JazzZeitung online"},"image":{"@id":"https:\/\/www.jazzzeitung.de\/cms\/#\/schema\/logo\/image\/"},"sameAs":["https:\/\/www.facebook.com\/JazzZeitung\/"]},{"@type":"Person","@id":"https:\/\/www.jazzzeitung.de\/cms\/#\/schema\/person\/4c5aaf486bdcd85db94b9a8b9e026bad","name":"J\u00f6rg Lichtinger","image":{"@type":"ImageObject","inLanguage":"de","@id":"https:\/\/secure.gravatar.com\/avatar\/8d1d484eb77cf370a1620f9866681cdba540c9b8439ce96ea0c830dd3b59936c?s=96&d=wp_user_avatar&r=ge66dff7680db2349fb79ae0cb2d734e3","url":"https:\/\/secure.gravatar.com\/avatar\/8d1d484eb77cf370a1620f9866681cdba540c9b8439ce96ea0c830dd3b59936c?s=96&d=wp_user_avatar&r=g","contentUrl":"https:\/\/secure.gravatar.com\/avatar\/8d1d484eb77cf370a1620f9866681cdba540c9b8439ce96ea0c830dd3b59936c?s=96&d=wp_user_avatar&r=g","caption":"J\u00f6rg Lichtinger"},"url":"https:\/\/www.jazzzeitung.de\/cms\/author\/lichtinger\/"}]}},"wp-worthy-pixel":{"ignored":false,"public":null,"server":null,"url":null},"wp-worthy-type":"normal","jetpack_publicize_connections":[],"cc_featured_image_caption":{"caption_text":false,"source_text":false,"source_url":false},"jetpack_featured_media_url":"","jetpack_shortlink":"https:\/\/wp.me\/p3KEcT-bQ","jetpack-related-posts":[{"id":19670,"url":"https:\/\/www.jazzzeitung.de\/cms\/2019\/06\/eine-riesensause-elbjazz-2019\/","url_meta":{"origin":734,"position":0},"title":"Eine Riesensause \u2013 Elbjazz 2019","author":"Thomas J. Krebs","date":"5. Juni 2019","format":false,"excerpt":"Anders als letztes Jahr war Petrus dem Jazzpublikum diesmal wohl gesonnen und verw\u00f6hnte mit Sonnenschein und moderaten Temperaturen. Das Elbjazz-Programm auch dieses Jahr wieder tadellos: von Jason Moran \u00fcber Jamie Cullum, die NDR Big Band, Sophie Hunger und Newcomer wie KID BE KID, Kokoroko, Jungle by Night oder dem Piano\u2026","rel":"","context":"In &quot;Bericht&quot;","block_context":{"text":"Bericht","link":"https:\/\/www.jazzzeitung.de\/cms\/thema\/bericht\/"},"img":{"alt_text":"","src":"https:\/\/i0.wp.com\/www.jazzzeitung.de\/cms\/wp-content\/uploads\/2019\/06\/P1370209-Tower-of-Power-Foto-TJ-Krebs.jpg?fit=1200%2C800&ssl=1&resize=350%2C200","width":350,"height":200,"srcset":"https:\/\/i0.wp.com\/www.jazzzeitung.de\/cms\/wp-content\/uploads\/2019\/06\/P1370209-Tower-of-Power-Foto-TJ-Krebs.jpg?fit=1200%2C800&ssl=1&resize=350%2C200 1x, https:\/\/i0.wp.com\/www.jazzzeitung.de\/cms\/wp-content\/uploads\/2019\/06\/P1370209-Tower-of-Power-Foto-TJ-Krebs.jpg?fit=1200%2C800&ssl=1&resize=525%2C300 1.5x, https:\/\/i0.wp.com\/www.jazzzeitung.de\/cms\/wp-content\/uploads\/2019\/06\/P1370209-Tower-of-Power-Foto-TJ-Krebs.jpg?fit=1200%2C800&ssl=1&resize=700%2C400 2x, https:\/\/i0.wp.com\/www.jazzzeitung.de\/cms\/wp-content\/uploads\/2019\/06\/P1370209-Tower-of-Power-Foto-TJ-Krebs.jpg?fit=1200%2C800&ssl=1&resize=1050%2C600 3x"},"classes":[]},{"id":29037,"url":"https:\/\/www.jazzzeitung.de\/cms\/2023\/01\/ein-festival-das-lange-nachglitzert\/","url_meta":{"origin":734,"position":1},"title":"Ein Festival, das lange nachglitzert","author":"Andreas Kolb","date":"31. Januar 2023","format":false,"excerpt":"Egal ob Archie Shepp im Teatro del Giglio in Lucca in den 80ern, Johannes Faber und Freunde im M\u00fcnchner Theater am G\u00e4rtnerplatz in den 90ern oder das neue Jazzfestival \u201eSparks & Visions\u201c im Regensburger Stadttheater heute: Jazzmusik im Ambiente eines klassizistischen Theaters ist und bleibt etwas Besonderes. Das beginnt damit,\u2026","rel":"","context":"In &quot;Bericht&quot;","block_context":{"text":"Bericht","link":"https:\/\/www.jazzzeitung.de\/cms\/thema\/bericht\/"},"img":{"alt_text":"","src":"https:\/\/i0.wp.com\/www.jazzzeitung.de\/cms\/wp-content\/uploads\/2023\/01\/DSC_2434-min.jpg?fit=1200%2C800&ssl=1&resize=350%2C200","width":350,"height":200,"srcset":"https:\/\/i0.wp.com\/www.jazzzeitung.de\/cms\/wp-content\/uploads\/2023\/01\/DSC_2434-min.jpg?fit=1200%2C800&ssl=1&resize=350%2C200 1x, https:\/\/i0.wp.com\/www.jazzzeitung.de\/cms\/wp-content\/uploads\/2023\/01\/DSC_2434-min.jpg?fit=1200%2C800&ssl=1&resize=525%2C300 1.5x, https:\/\/i0.wp.com\/www.jazzzeitung.de\/cms\/wp-content\/uploads\/2023\/01\/DSC_2434-min.jpg?fit=1200%2C800&ssl=1&resize=700%2C400 2x, https:\/\/i0.wp.com\/www.jazzzeitung.de\/cms\/wp-content\/uploads\/2023\/01\/DSC_2434-min.jpg?fit=1200%2C800&ssl=1&resize=1050%2C600 3x"},"classes":[]},{"id":4472,"url":"https:\/\/www.jazzzeitung.de\/cms\/2014\/08\/jazz-ist-zeigen-aeh-zeichen-schweigen\/","url_meta":{"origin":734,"position":2},"title":"Jazzkritik ist k\u00e4uflich","author":"Huflaikhan","date":"22. August 2014","format":false,"excerpt":"Die Dinge sind kompliziert. Neulich \u00fcbersandte mir Redakteur Andreas Kolb einen Einladung zu einem JazzFestival, das in wenigen Tagen im September auf der Krim stattfinden soll. Rossiya Segodnya International Information News Agency invites Jazz Zeitung to take part in a press trip to the International Jazz Festival Koktebel Jazz Party.\u2026","rel":"","context":"In &quot;Blog&quot;","block_context":{"text":"Blog","link":"https:\/\/www.jazzzeitung.de\/cms\/thema\/blog\/"},"img":{"alt_text":"Trio de clarinettes 1992. Foto: Hufner","src":"https:\/\/i0.wp.com\/www.jazzzeitung.de\/cms\/wp-content\/uploads\/2014\/08\/trio-de-clarinettes2_c_hufner-150x150.jpg?resize=350%2C200","width":350,"height":200},"classes":[]},{"id":29469,"url":"https:\/\/www.jazzzeitung.de\/cms\/2023\/05\/news-auftakt-des-festivalsommers-mit-der-jazz-rally-duesseldorf-hildener-jazztage-laden-ein-jazz-am-strand-bei-jazzbaltica\/","url_meta":{"origin":734,"position":3},"title":"News: +++ Auftakt des Festivalsommers mit der Jazz Rally D\u00fcsseldorf +++ Hildener Jazztage laden ein +++ Jazz am Strand bei JazzBaltica +++","author":"Redaktion JazzZeitung","date":"26. Mai 2023","format":false,"excerpt":"+++ Auftakt des Festivalsommers mit der Jazz Rally D\u00fcsseldorf +++ \u00dcber 60 Konzerte beleben vom 26. bis 28. Mai im Rahmen der 29. schauinsland-reisen Jazz Rally die D\u00fcsseldorfer Innenstadt. Dreh- und Angelpunkt ist in diesem Jahr erstmalig die Rheinterrasse, wo insgesamt zehn Konzerte stattfinden. Dieser Standort \u00fcberzeugt mit zwei B\u00fchnen,\u2026","rel":"","context":"In &quot;News&quot;","block_context":{"text":"News","link":"https:\/\/www.jazzzeitung.de\/cms\/thema\/nachrichten\/"},"img":{"alt_text":"","src":"https:\/\/i0.wp.com\/www.jazzzeitung.de\/cms\/wp-content\/uploads\/2023\/05\/Culcha-Candela-1-Kopie-scaled.jpg?fit=1200%2C800&ssl=1&resize=350%2C200","width":350,"height":200,"srcset":"https:\/\/i0.wp.com\/www.jazzzeitung.de\/cms\/wp-content\/uploads\/2023\/05\/Culcha-Candela-1-Kopie-scaled.jpg?fit=1200%2C800&ssl=1&resize=350%2C200 1x, https:\/\/i0.wp.com\/www.jazzzeitung.de\/cms\/wp-content\/uploads\/2023\/05\/Culcha-Candela-1-Kopie-scaled.jpg?fit=1200%2C800&ssl=1&resize=525%2C300 1.5x, https:\/\/i0.wp.com\/www.jazzzeitung.de\/cms\/wp-content\/uploads\/2023\/05\/Culcha-Candela-1-Kopie-scaled.jpg?fit=1200%2C800&ssl=1&resize=700%2C400 2x, https:\/\/i0.wp.com\/www.jazzzeitung.de\/cms\/wp-content\/uploads\/2023\/05\/Culcha-Candela-1-Kopie-scaled.jpg?fit=1200%2C800&ssl=1&resize=1050%2C600 3x"},"classes":[]},{"id":20912,"url":"https:\/\/www.jazzzeitung.de\/cms\/2019\/10\/ein-werwolf-tanzt-den-rap\/","url_meta":{"origin":734,"position":4},"title":"Ein Werwolf tanzt den Rap","author":"Redaktion JazzZeitung","date":"17. Oktober 2019","format":false,"excerpt":"Im Jazzclub Leerer Beutel in Regensburg bekommt die portugiesische S\u00e4ngerin Maria Jo\u00e3o im Duo mit Jo\u00e3o Farinha frenetischen Applaus. \u00a0\u00a0\u00a0\u00a0\u00a0\u00a0\u00a0\u00a0\u00a0 Singen? Klar, singen kann sie auch, die Portugiesin mit der Mehroktavenstimme \u2013 und wie! Was sie aber sonst noch alles mit ihrer Stimme, der Zunge, den Lippen und mit dem\u2026","rel":"","context":"In &quot;Bericht&quot;","block_context":{"text":"Bericht","link":"https:\/\/www.jazzzeitung.de\/cms\/thema\/bericht\/"},"img":{"alt_text":"","src":"https:\/\/i0.wp.com\/www.jazzzeitung.de\/cms\/wp-content\/uploads\/2019\/10\/Joao-maria_10.jpeg?fit=567%2C386&ssl=1&resize=350%2C200","width":350,"height":200,"srcset":"https:\/\/i0.wp.com\/www.jazzzeitung.de\/cms\/wp-content\/uploads\/2019\/10\/Joao-maria_10.jpeg?fit=567%2C386&ssl=1&resize=350%2C200 1x, https:\/\/i0.wp.com\/www.jazzzeitung.de\/cms\/wp-content\/uploads\/2019\/10\/Joao-maria_10.jpeg?fit=567%2C386&ssl=1&resize=525%2C300 1.5x"},"classes":[]},{"id":519,"url":"https:\/\/www.jazzzeitung.de\/cms\/2010\/10\/jazzfestivals-bei-wdr-und-hr\/","url_meta":{"origin":734,"position":5},"title":"Jazzfestivals bei WDR und hr \u2013 live on air und im Netz!","author":"J\u00f6rg Lichtinger","date":"28. Oktober 2010","format":false,"excerpt":"Zeitgleich starten heute in Frankfurt und K\u00f6ln die Jazz-Festivals der Sender HR (Deutsches Jazzfestival Frankfurt) und WDR (WDR3 jazz.cologne). Wer es nicht in die Funkh\u00e4user oder die entsprechenden Locations schafft, dem kann geholfen werden: 41. Deutsches Jazzfestival Frankfurt live im Netz und im H\u00f6rfunk In Frankfurt mit dabei: Tony Lakatos,\u2026","rel":"","context":"In &quot;Blog&quot;","block_context":{"text":"Blog","link":"https:\/\/www.jazzzeitung.de\/cms\/thema\/blog\/"},"img":{"alt_text":"hr-Bigband_by_Dirk_Ostermeier_quer_mit_Diri","src":"https:\/\/i0.wp.com\/www.jazzzeitung.de\/cms\/wp-content\/uploads\/2010\/10\/hr-Bigband_by_Dirk_Ostermeier_quer_mit_Diri-300x199.jpg?resize=350%2C200","width":350,"height":200},"classes":[]}],"jetpack_sharing_enabled":true,"_links":{"self":[{"href":"https:\/\/www.jazzzeitung.de\/cms\/wp-json\/wp\/v2\/posts\/734","targetHints":{"allow":["GET"]}}],"collection":[{"href":"https:\/\/www.jazzzeitung.de\/cms\/wp-json\/wp\/v2\/posts"}],"about":[{"href":"https:\/\/www.jazzzeitung.de\/cms\/wp-json\/wp\/v2\/types\/post"}],"author":[{"embeddable":true,"href":"https:\/\/www.jazzzeitung.de\/cms\/wp-json\/wp\/v2\/users\/4"}],"replies":[{"embeddable":true,"href":"https:\/\/www.jazzzeitung.de\/cms\/wp-json\/wp\/v2\/comments?post=734"}],"version-history":[{"count":0,"href":"https:\/\/www.jazzzeitung.de\/cms\/wp-json\/wp\/v2\/posts\/734\/revisions"}],"wp:attachment":[{"href":"https:\/\/www.jazzzeitung.de\/cms\/wp-json\/wp\/v2\/media?parent=734"}],"wp:term":[{"taxonomy":"category","embeddable":true,"href":"https:\/\/www.jazzzeitung.de\/cms\/wp-json\/wp\/v2\/categories?post=734"},{"taxonomy":"post_tag","embeddable":true,"href":"https:\/\/www.jazzzeitung.de\/cms\/wp-json\/wp\/v2\/tags?post=734"},{"taxonomy":"author","embeddable":true,"href":"https:\/\/www.jazzzeitung.de\/cms\/wp-json\/wp\/v2\/coauthors?post=734"}],"curies":[{"name":"wp","href":"https:\/\/api.w.org\/{rel}","templated":true}]}}