{"id":7307,"date":"2015-10-07T14:53:39","date_gmt":"2015-10-07T12:53:39","guid":{"rendered":"http:\/\/www.jazzzeitung.de\/cms\/?p=7307"},"modified":"2015-10-07T14:53:39","modified_gmt":"2015-10-07T12:53:39","slug":"jazzpreis-des-landes-rheinland-pfalz-und-des-swr-geht-georg-graewe","status":"publish","type":"post","link":"https:\/\/www.jazzzeitung.de\/cms\/2015\/10\/jazzpreis-des-landes-rheinland-pfalz-und-des-swr-geht-georg-graewe\/","title":{"rendered":"Jazzpreis des Landes Rheinland-Pfalz und des SWR geht an Georg Graewe"},"content":{"rendered":"<p>Fotos von Ralf Dombrowski &#8211; Am Montagabend bekam der Pianist und Komponist Georg Graewe in Ludwigshafen im Rahmen des Enjoy Jazz Festivals den Jazzpreis des Landes Rheinland-Pfalz und des SWR \u00fcberreicht. Er wurde dabei f\u00fcr sein umfassendes musikalisches Schaffen im Allgemeinen und die Entwicklung eines markanten Personalstiles im Speziellen ausgezeichnet, der l\u00e4ngst n\u00e4chste Generationen junger Musiker\/Innen an der Grenze von Jazz, Improvisation und zeitgen\u00f6ssischer Avantgarde beeinflusst. Er bedankte sich in einem kurzen Statement, als er meinte, dass er sich besonders \u00fcber die Auszeichnung durch eienn Radiosender freue, wo er doch zu einer Generation geh\u00f6re, die vieles selbst noch durch den Rundfunk und mutige Redakteure wie Joachim-Ernst Berendt habe entdecken k\u00f6nnen, die Ungew\u00f6hnliches gesendet h\u00e4tten. Au\u00dferdem pr\u00e4sentierte er in zwei Konzerth\u00e4lften Facetten seiner Musikwelt, zum einen solistisch mit einem improvisierten Rezital der Texturen, Fragmente, Rhapsodien, die er im weiten Sinne \u00fcber tonale und strukturelle Zentren klammerte. In Teil zwei gesellten sich der Cellist Ernst Reijseger und der Schlagwerker Gerry Hemingway zu Graewe, ein Trio, das in dieser Form bereits seit 26 Jahren existiert und ein kompaktes, energiegeladenes Set des spontanen kommunikativen Miteinanders pr\u00e4sentierte. Eindrucksvolle Musik ohne Zuordnung und gerade deshalb auf mitrei\u00dfende Art frei.<\/p>\n<div class=\"tiled-gallery type-rectangular tiled-gallery-unresized\" data-original-width=\"840\" data-carousel-extra='{&quot;blog_id&quot;:1,&quot;permalink&quot;:&quot;https:\\\/\\\/www.jazzzeitung.de\\\/cms\\\/2015\\\/10\\\/jazzpreis-des-landes-rheinland-pfalz-und-des-swr-geht-georg-graewe\\\/&quot;,&quot;likes_blog_id&quot;:55446655}' itemscope itemtype=\"http:\/\/schema.org\/ImageGallery\" > <div class=\"gallery-row\" style=\"width: 840px; height: 375px;\" data-original-width=\"840\" data-original-height=\"375\" > <div class=\"gallery-group images-1\" style=\"width: 561px; height: 375px;\" data-original-width=\"561\" data-original-height=\"375\" > <div class=\"tiled-gallery-item tiled-gallery-item-large\" itemprop=\"associatedMedia\" itemscope itemtype=\"http:\/\/schema.org\/ImageObject\"> <a href=\"https:\/\/www.jazzzeitung.de\/cms\/2015\/10\/jazzpreis-des-landes-rheinland-pfalz-und-des-swr-geht-georg-graewe\/0k3a8035-weis-graewe-dombr\/\" border=\"0\" itemprop=\"url\"> <meta itemprop=\"width\" content=\"557\"> <meta itemprop=\"height\" content=\"371\"> <img decoding=\"async\" class=\"\" data-attachment-id=\"7308\" data-orig-file=\"https:\/\/www.jazzzeitung.de\/cms\/wp-content\/uploads\/2015\/10\/0K3A8035-Weis-Graewe-dombr.jpg\" data-orig-size=\"1280,853\" data-comments-opened=\"1\" data-image-meta=\"{&quot;aperture&quot;:&quot;6.3&quot;,&quot;credit&quot;:&quot;&quot;,&quot;camera&quot;:&quot;Canon EOS 5D Mark III&quot;,&quot;caption&quot;:&quot;&quot;,&quot;created_timestamp&quot;:&quot;1444080213&quot;,&quot;copyright&quot;:&quot;&quot;,&quot;focal_length&quot;:&quot;47&quot;,&quot;iso&quot;:&quot;6400&quot;,&quot;shutter_speed&quot;:&quot;0.00625&quot;,&quot;title&quot;:&quot;&quot;,&quot;orientation&quot;:&quot;1&quot;}\" data-image-title=\"0K3A8035, Weis, Graewe (dombr)\" data-image-description=\"\" data-medium-file=\"https:\/\/i0.wp.com\/www.jazzzeitung.de\/cms\/wp-content\/uploads\/2015\/10\/0K3A8035-Weis-Graewe-dombr.jpg?fit=300%2C200&#038;ssl=1\" data-large-file=\"https:\/\/i0.wp.com\/www.jazzzeitung.de\/cms\/wp-content\/uploads\/2015\/10\/0K3A8035-Weis-Graewe-dombr.jpg?fit=840%2C560&#038;ssl=1\" src=\"https:\/\/i0.wp.com\/www.jazzzeitung.de\/cms\/wp-content\/uploads\/2015\/10\/0K3A8035-Weis-Graewe-dombr.jpg?w=557&#038;h=371&#038;ssl=1\" srcset=\"https:\/\/i0.wp.com\/www.jazzzeitung.de\/cms\/wp-content\/uploads\/2015\/10\/0K3A8035-Weis-Graewe-dombr.jpg?w=1280&amp;ssl=1 1280w, https:\/\/i0.wp.com\/www.jazzzeitung.de\/cms\/wp-content\/uploads\/2015\/10\/0K3A8035-Weis-Graewe-dombr.jpg?resize=300%2C200&amp;ssl=1 300w, https:\/\/i0.wp.com\/www.jazzzeitung.de\/cms\/wp-content\/uploads\/2015\/10\/0K3A8035-Weis-Graewe-dombr.jpg?resize=900%2C600&amp;ssl=1 900w\" width=\"557\" height=\"371\" loading=\"lazy\" data-original-width=\"557\" data-original-height=\"371\" itemprop=\"http:\/\/schema.org\/image\" title=\"0K3A8035, Weis, Graewe (dombr)\" alt=\"0K3A8035, Weis, Graewe (dombr)\" style=\"width: 557px; height: 371px;\" \/> <\/a> <\/div> <\/div> <!-- close group --> <div class=\"gallery-group images-2\" style=\"width: 279px; height: 375px;\" data-original-width=\"279\" data-original-height=\"375\" > <div class=\"tiled-gallery-item tiled-gallery-item-large\" itemprop=\"associatedMedia\" itemscope itemtype=\"http:\/\/schema.org\/ImageObject\"> <a href=\"https:\/\/www.jazzzeitung.de\/cms\/2015\/10\/jazzpreis-des-landes-rheinland-pfalz-und-des-swr-geht-georg-graewe\/0k3a8078-graewe-dombr\/\" border=\"0\" itemprop=\"url\"> <meta itemprop=\"width\" content=\"275\"> <meta itemprop=\"height\" content=\"184\"> <img decoding=\"async\" class=\"\" data-attachment-id=\"7309\" data-orig-file=\"https:\/\/www.jazzzeitung.de\/cms\/wp-content\/uploads\/2015\/10\/0K3A8078-Graewe-dombr.jpg\" data-orig-size=\"1280,853\" data-comments-opened=\"1\" data-image-meta=\"{&quot;aperture&quot;:&quot;6.3&quot;,&quot;credit&quot;:&quot;&quot;,&quot;camera&quot;:&quot;Canon EOS 5D Mark III&quot;,&quot;caption&quot;:&quot;&quot;,&quot;created_timestamp&quot;:&quot;1444080312&quot;,&quot;copyright&quot;:&quot;&quot;,&quot;focal_length&quot;:&quot;50&quot;,&quot;iso&quot;:&quot;6400&quot;,&quot;shutter_speed&quot;:&quot;0.00625&quot;,&quot;title&quot;:&quot;&quot;,&quot;orientation&quot;:&quot;1&quot;}\" data-image-title=\"0K3A8078, Graewe (dombr)\" data-image-description=\"\" data-medium-file=\"https:\/\/i0.wp.com\/www.jazzzeitung.de\/cms\/wp-content\/uploads\/2015\/10\/0K3A8078-Graewe-dombr.jpg?fit=300%2C200&#038;ssl=1\" data-large-file=\"https:\/\/i0.wp.com\/www.jazzzeitung.de\/cms\/wp-content\/uploads\/2015\/10\/0K3A8078-Graewe-dombr.jpg?fit=840%2C560&#038;ssl=1\" src=\"https:\/\/i0.wp.com\/www.jazzzeitung.de\/cms\/wp-content\/uploads\/2015\/10\/0K3A8078-Graewe-dombr.jpg?w=275&#038;h=184&#038;ssl=1\" srcset=\"https:\/\/i0.wp.com\/www.jazzzeitung.de\/cms\/wp-content\/uploads\/2015\/10\/0K3A8078-Graewe-dombr.jpg?w=1280&amp;ssl=1 1280w, https:\/\/i0.wp.com\/www.jazzzeitung.de\/cms\/wp-content\/uploads\/2015\/10\/0K3A8078-Graewe-dombr.jpg?resize=300%2C200&amp;ssl=1 300w, https:\/\/i0.wp.com\/www.jazzzeitung.de\/cms\/wp-content\/uploads\/2015\/10\/0K3A8078-Graewe-dombr.jpg?resize=900%2C600&amp;ssl=1 900w\" width=\"275\" height=\"184\" loading=\"lazy\" data-original-width=\"275\" data-original-height=\"184\" itemprop=\"http:\/\/schema.org\/image\" title=\"0K3A8078, Graewe (dombr)\" alt=\"0K3A8078, Graewe (dombr)\" style=\"width: 275px; height: 184px;\" \/> <\/a> <\/div> <div class=\"tiled-gallery-item tiled-gallery-item-large\" itemprop=\"associatedMedia\" itemscope itemtype=\"http:\/\/schema.org\/ImageObject\"> <a href=\"https:\/\/www.jazzzeitung.de\/cms\/2015\/10\/jazzpreis-des-landes-rheinland-pfalz-und-des-swr-geht-georg-graewe\/0k3a8114-reijseger-dombr\/\" border=\"0\" itemprop=\"url\"> <meta itemprop=\"width\" content=\"275\"> <meta itemprop=\"height\" content=\"183\"> <img decoding=\"async\" class=\"\" data-attachment-id=\"7310\" data-orig-file=\"https:\/\/www.jazzzeitung.de\/cms\/wp-content\/uploads\/2015\/10\/0K3A8114-Reijseger-dombr.jpg\" data-orig-size=\"1280,853\" data-comments-opened=\"1\" data-image-meta=\"{&quot;aperture&quot;:&quot;6.3&quot;,&quot;credit&quot;:&quot;&quot;,&quot;camera&quot;:&quot;Canon EOS 5D Mark III&quot;,&quot;caption&quot;:&quot;&quot;,&quot;created_timestamp&quot;:&quot;1444080881&quot;,&quot;copyright&quot;:&quot;&quot;,&quot;focal_length&quot;:&quot;58&quot;,&quot;iso&quot;:&quot;12800&quot;,&quot;shutter_speed&quot;:&quot;0.004&quot;,&quot;title&quot;:&quot;&quot;,&quot;orientation&quot;:&quot;1&quot;}\" data-image-title=\"0K3A8114, Reijseger (dombr)\" data-image-description=\"\" data-medium-file=\"https:\/\/i0.wp.com\/www.jazzzeitung.de\/cms\/wp-content\/uploads\/2015\/10\/0K3A8114-Reijseger-dombr.jpg?fit=300%2C200&#038;ssl=1\" data-large-file=\"https:\/\/i0.wp.com\/www.jazzzeitung.de\/cms\/wp-content\/uploads\/2015\/10\/0K3A8114-Reijseger-dombr.jpg?fit=840%2C560&#038;ssl=1\" src=\"https:\/\/i0.wp.com\/www.jazzzeitung.de\/cms\/wp-content\/uploads\/2015\/10\/0K3A8114-Reijseger-dombr.jpg?w=275&#038;h=183&#038;ssl=1\" srcset=\"https:\/\/i0.wp.com\/www.jazzzeitung.de\/cms\/wp-content\/uploads\/2015\/10\/0K3A8114-Reijseger-dombr.jpg?w=1280&amp;ssl=1 1280w, https:\/\/i0.wp.com\/www.jazzzeitung.de\/cms\/wp-content\/uploads\/2015\/10\/0K3A8114-Reijseger-dombr.jpg?resize=300%2C200&amp;ssl=1 300w, https:\/\/i0.wp.com\/www.jazzzeitung.de\/cms\/wp-content\/uploads\/2015\/10\/0K3A8114-Reijseger-dombr.jpg?resize=900%2C600&amp;ssl=1 900w\" width=\"275\" height=\"183\" loading=\"lazy\" data-original-width=\"275\" data-original-height=\"183\" itemprop=\"http:\/\/schema.org\/image\" title=\"0K3A8114, Reijseger (dombr)\" alt=\"0K3A8114, Reijseger (dombr)\" style=\"width: 275px; height: 183px;\" \/> <\/a> <\/div> <\/div> <!-- close group --> <\/div> <!-- close row --> <div class=\"gallery-row\" style=\"width: 840px; height: 188px;\" data-original-width=\"840\" data-original-height=\"188\" > <div class=\"gallery-group images-1\" style=\"width: 280px; height: 188px;\" data-original-width=\"280\" data-original-height=\"188\" > <div class=\"tiled-gallery-item tiled-gallery-item-large\" itemprop=\"associatedMedia\" itemscope itemtype=\"http:\/\/schema.org\/ImageObject\"> <a href=\"https:\/\/www.jazzzeitung.de\/cms\/2015\/10\/jazzpreis-des-landes-rheinland-pfalz-und-des-swr-geht-georg-graewe\/0k3a8131-graewe-dombr\/\" border=\"0\" itemprop=\"url\"> <meta itemprop=\"width\" content=\"276\"> <meta itemprop=\"height\" content=\"184\"> <img decoding=\"async\" class=\"\" data-attachment-id=\"7311\" data-orig-file=\"https:\/\/www.jazzzeitung.de\/cms\/wp-content\/uploads\/2015\/10\/0K3A8131-Graewe-dombr.jpg\" data-orig-size=\"1280,853\" data-comments-opened=\"1\" data-image-meta=\"{&quot;aperture&quot;:&quot;6.3&quot;,&quot;credit&quot;:&quot;&quot;,&quot;camera&quot;:&quot;Canon EOS 5D Mark III&quot;,&quot;caption&quot;:&quot;&quot;,&quot;created_timestamp&quot;:&quot;1444081113&quot;,&quot;copyright&quot;:&quot;&quot;,&quot;focal_length&quot;:&quot;113&quot;,&quot;iso&quot;:&quot;12800&quot;,&quot;shutter_speed&quot;:&quot;0.005&quot;,&quot;title&quot;:&quot;&quot;,&quot;orientation&quot;:&quot;1&quot;}\" data-image-title=\"0K3A8131, Graewe (dombr)\" data-image-description=\"\" data-medium-file=\"https:\/\/i0.wp.com\/www.jazzzeitung.de\/cms\/wp-content\/uploads\/2015\/10\/0K3A8131-Graewe-dombr.jpg?fit=300%2C200&#038;ssl=1\" data-large-file=\"https:\/\/i0.wp.com\/www.jazzzeitung.de\/cms\/wp-content\/uploads\/2015\/10\/0K3A8131-Graewe-dombr.jpg?fit=840%2C560&#038;ssl=1\" src=\"https:\/\/i0.wp.com\/www.jazzzeitung.de\/cms\/wp-content\/uploads\/2015\/10\/0K3A8131-Graewe-dombr.jpg?w=276&#038;h=184&#038;ssl=1\" srcset=\"https:\/\/i0.wp.com\/www.jazzzeitung.de\/cms\/wp-content\/uploads\/2015\/10\/0K3A8131-Graewe-dombr.jpg?w=1280&amp;ssl=1 1280w, https:\/\/i0.wp.com\/www.jazzzeitung.de\/cms\/wp-content\/uploads\/2015\/10\/0K3A8131-Graewe-dombr.jpg?resize=300%2C200&amp;ssl=1 300w, https:\/\/i0.wp.com\/www.jazzzeitung.de\/cms\/wp-content\/uploads\/2015\/10\/0K3A8131-Graewe-dombr.jpg?resize=900%2C600&amp;ssl=1 900w\" width=\"276\" height=\"184\" loading=\"lazy\" data-original-width=\"276\" data-original-height=\"184\" itemprop=\"http:\/\/schema.org\/image\" title=\"0K3A8131, Graewe (dombr)\" alt=\"0K3A8131, Graewe (dombr)\" style=\"width: 276px; height: 184px;\" \/> <\/a> <\/div> <\/div> <!-- close group --> <div class=\"gallery-group images-1\" style=\"width: 280px; height: 188px;\" data-original-width=\"280\" data-original-height=\"188\" > <div class=\"tiled-gallery-item tiled-gallery-item-large\" itemprop=\"associatedMedia\" itemscope itemtype=\"http:\/\/schema.org\/ImageObject\"> <a href=\"https:\/\/www.jazzzeitung.de\/cms\/2015\/10\/jazzpreis-des-landes-rheinland-pfalz-und-des-swr-geht-georg-graewe\/0k3a8184-graewe-reijseger-hemingway-dombr\/\" border=\"0\" itemprop=\"url\"> <meta itemprop=\"width\" content=\"276\"> <meta itemprop=\"height\" content=\"184\"> <img decoding=\"async\" class=\"\" data-attachment-id=\"7312\" data-orig-file=\"https:\/\/www.jazzzeitung.de\/cms\/wp-content\/uploads\/2015\/10\/0K3A8184-Graewe-Reijseger-Hemingway-dombr.jpg\" data-orig-size=\"1280,853\" data-comments-opened=\"1\" data-image-meta=\"{&quot;aperture&quot;:&quot;7.1&quot;,&quot;credit&quot;:&quot;&quot;,&quot;camera&quot;:&quot;Canon EOS 5D Mark III&quot;,&quot;caption&quot;:&quot;&quot;,&quot;created_timestamp&quot;:&quot;1444081693&quot;,&quot;copyright&quot;:&quot;&quot;,&quot;focal_length&quot;:&quot;24&quot;,&quot;iso&quot;:&quot;12800&quot;,&quot;shutter_speed&quot;:&quot;0.005&quot;,&quot;title&quot;:&quot;&quot;,&quot;orientation&quot;:&quot;1&quot;}\" data-image-title=\"0K3A8184, Graewe, Reijseger, Hemingway (dombr)\" data-image-description=\"\" data-medium-file=\"https:\/\/i0.wp.com\/www.jazzzeitung.de\/cms\/wp-content\/uploads\/2015\/10\/0K3A8184-Graewe-Reijseger-Hemingway-dombr.jpg?fit=300%2C200&#038;ssl=1\" data-large-file=\"https:\/\/i0.wp.com\/www.jazzzeitung.de\/cms\/wp-content\/uploads\/2015\/10\/0K3A8184-Graewe-Reijseger-Hemingway-dombr.jpg?fit=840%2C560&#038;ssl=1\" src=\"https:\/\/i0.wp.com\/www.jazzzeitung.de\/cms\/wp-content\/uploads\/2015\/10\/0K3A8184-Graewe-Reijseger-Hemingway-dombr.jpg?w=276&#038;h=184&#038;ssl=1\" srcset=\"https:\/\/i0.wp.com\/www.jazzzeitung.de\/cms\/wp-content\/uploads\/2015\/10\/0K3A8184-Graewe-Reijseger-Hemingway-dombr.jpg?w=1280&amp;ssl=1 1280w, https:\/\/i0.wp.com\/www.jazzzeitung.de\/cms\/wp-content\/uploads\/2015\/10\/0K3A8184-Graewe-Reijseger-Hemingway-dombr.jpg?resize=300%2C200&amp;ssl=1 300w, https:\/\/i0.wp.com\/www.jazzzeitung.de\/cms\/wp-content\/uploads\/2015\/10\/0K3A8184-Graewe-Reijseger-Hemingway-dombr.jpg?resize=900%2C600&amp;ssl=1 900w\" width=\"276\" height=\"184\" loading=\"lazy\" data-original-width=\"276\" data-original-height=\"184\" itemprop=\"http:\/\/schema.org\/image\" title=\"0K3A8184, Graewe, Reijseger, Hemingway (dombr)\" alt=\"0K3A8184, Graewe, Reijseger, Hemingway (dombr)\" style=\"width: 276px; height: 184px;\" \/> <\/a> <\/div> <\/div> <!-- close group --> <div class=\"gallery-group images-1\" style=\"width: 280px; height: 188px;\" data-original-width=\"280\" data-original-height=\"188\" > <div class=\"tiled-gallery-item tiled-gallery-item-large\" itemprop=\"associatedMedia\" itemscope itemtype=\"http:\/\/schema.org\/ImageObject\"> <a href=\"https:\/\/www.jazzzeitung.de\/cms\/2015\/10\/jazzpreis-des-landes-rheinland-pfalz-und-des-swr-geht-georg-graewe\/0k3a8213-reijseger-dombr\/\" border=\"0\" itemprop=\"url\"> <meta itemprop=\"width\" content=\"276\"> <meta itemprop=\"height\" content=\"184\"> <img decoding=\"async\" class=\"\" data-attachment-id=\"7313\" data-orig-file=\"https:\/\/www.jazzzeitung.de\/cms\/wp-content\/uploads\/2015\/10\/0K3A8213-Reijseger-dombr.jpg\" data-orig-size=\"1280,853\" data-comments-opened=\"1\" data-image-meta=\"{&quot;aperture&quot;:&quot;7.1&quot;,&quot;credit&quot;:&quot;&quot;,&quot;camera&quot;:&quot;Canon EOS 5D Mark III&quot;,&quot;caption&quot;:&quot;&quot;,&quot;created_timestamp&quot;:&quot;1444082016&quot;,&quot;copyright&quot;:&quot;&quot;,&quot;focal_length&quot;:&quot;65&quot;,&quot;iso&quot;:&quot;12800&quot;,&quot;shutter_speed&quot;:&quot;0.005&quot;,&quot;title&quot;:&quot;&quot;,&quot;orientation&quot;:&quot;1&quot;}\" data-image-title=\"0K3A8213, Reijseger (dombr)\" data-image-description=\"\" data-medium-file=\"https:\/\/i0.wp.com\/www.jazzzeitung.de\/cms\/wp-content\/uploads\/2015\/10\/0K3A8213-Reijseger-dombr.jpg?fit=300%2C200&#038;ssl=1\" data-large-file=\"https:\/\/i0.wp.com\/www.jazzzeitung.de\/cms\/wp-content\/uploads\/2015\/10\/0K3A8213-Reijseger-dombr.jpg?fit=840%2C560&#038;ssl=1\" src=\"https:\/\/i0.wp.com\/www.jazzzeitung.de\/cms\/wp-content\/uploads\/2015\/10\/0K3A8213-Reijseger-dombr.jpg?w=276&#038;h=184&#038;ssl=1\" srcset=\"https:\/\/i0.wp.com\/www.jazzzeitung.de\/cms\/wp-content\/uploads\/2015\/10\/0K3A8213-Reijseger-dombr.jpg?w=1280&amp;ssl=1 1280w, https:\/\/i0.wp.com\/www.jazzzeitung.de\/cms\/wp-content\/uploads\/2015\/10\/0K3A8213-Reijseger-dombr.jpg?resize=300%2C200&amp;ssl=1 300w, https:\/\/i0.wp.com\/www.jazzzeitung.de\/cms\/wp-content\/uploads\/2015\/10\/0K3A8213-Reijseger-dombr.jpg?resize=900%2C600&amp;ssl=1 900w\" width=\"276\" height=\"184\" loading=\"lazy\" data-original-width=\"276\" data-original-height=\"184\" itemprop=\"http:\/\/schema.org\/image\" title=\"0K3A8213, Reijseger (dombr)\" alt=\"0K3A8213, Reijseger (dombr)\" style=\"width: 276px; height: 184px;\" \/> <\/a> <\/div> <\/div> <!-- close group --> <\/div> <!-- close row --> <div class=\"gallery-row\" style=\"width: 840px; height: 145px;\" data-original-width=\"840\" data-original-height=\"145\" > <div class=\"gallery-group images-1\" style=\"width: 216px; height: 145px;\" data-original-width=\"216\" data-original-height=\"145\" > <div class=\"tiled-gallery-item tiled-gallery-item-small\" itemprop=\"associatedMedia\" itemscope itemtype=\"http:\/\/schema.org\/ImageObject\"> <a href=\"https:\/\/www.jazzzeitung.de\/cms\/2015\/10\/jazzpreis-des-landes-rheinland-pfalz-und-des-swr-geht-georg-graewe\/0k3a8218-reijseger-dombr\/\" border=\"0\" itemprop=\"url\"> <meta itemprop=\"width\" content=\"212\"> <meta itemprop=\"height\" content=\"141\"> <img decoding=\"async\" class=\"\" data-attachment-id=\"7314\" data-orig-file=\"https:\/\/www.jazzzeitung.de\/cms\/wp-content\/uploads\/2015\/10\/0K3A8218-Reijseger-dombr.jpg\" data-orig-size=\"1280,853\" data-comments-opened=\"1\" data-image-meta=\"{&quot;aperture&quot;:&quot;7.1&quot;,&quot;credit&quot;:&quot;&quot;,&quot;camera&quot;:&quot;Canon EOS 5D Mark III&quot;,&quot;caption&quot;:&quot;&quot;,&quot;created_timestamp&quot;:&quot;1444082233&quot;,&quot;copyright&quot;:&quot;&quot;,&quot;focal_length&quot;:&quot;99&quot;,&quot;iso&quot;:&quot;12800&quot;,&quot;shutter_speed&quot;:&quot;0.005&quot;,&quot;title&quot;:&quot;&quot;,&quot;orientation&quot;:&quot;1&quot;}\" data-image-title=\"0K3A8218, Reijseger (dombr)\" data-image-description=\"\" data-medium-file=\"https:\/\/i0.wp.com\/www.jazzzeitung.de\/cms\/wp-content\/uploads\/2015\/10\/0K3A8218-Reijseger-dombr.jpg?fit=300%2C200&#038;ssl=1\" data-large-file=\"https:\/\/i0.wp.com\/www.jazzzeitung.de\/cms\/wp-content\/uploads\/2015\/10\/0K3A8218-Reijseger-dombr.jpg?fit=840%2C560&#038;ssl=1\" src=\"https:\/\/i0.wp.com\/www.jazzzeitung.de\/cms\/wp-content\/uploads\/2015\/10\/0K3A8218-Reijseger-dombr.jpg?w=212&#038;h=141&#038;ssl=1\" srcset=\"https:\/\/i0.wp.com\/www.jazzzeitung.de\/cms\/wp-content\/uploads\/2015\/10\/0K3A8218-Reijseger-dombr.jpg?w=1280&amp;ssl=1 1280w, https:\/\/i0.wp.com\/www.jazzzeitung.de\/cms\/wp-content\/uploads\/2015\/10\/0K3A8218-Reijseger-dombr.jpg?resize=300%2C200&amp;ssl=1 300w, https:\/\/i0.wp.com\/www.jazzzeitung.de\/cms\/wp-content\/uploads\/2015\/10\/0K3A8218-Reijseger-dombr.jpg?resize=900%2C600&amp;ssl=1 900w\" width=\"212\" height=\"141\" loading=\"lazy\" data-original-width=\"212\" data-original-height=\"141\" itemprop=\"http:\/\/schema.org\/image\" title=\"0K3A8218, Reijseger (dombr)\" alt=\"0K3A8218, Reijseger (dombr)\" style=\"width: 212px; height: 141px;\" \/> <\/a> <\/div> <\/div> <!-- close group --> <div class=\"gallery-group images-1\" style=\"width: 215px; height: 145px;\" data-original-width=\"215\" data-original-height=\"145\" > <div class=\"tiled-gallery-item tiled-gallery-item-small\" itemprop=\"associatedMedia\" itemscope itemtype=\"http:\/\/schema.org\/ImageObject\"> <a href=\"https:\/\/www.jazzzeitung.de\/cms\/2015\/10\/jazzpreis-des-landes-rheinland-pfalz-und-des-swr-geht-georg-graewe\/0k3a8238-hemingway-dombr\/\" border=\"0\" itemprop=\"url\"> <meta itemprop=\"width\" content=\"211\"> <meta itemprop=\"height\" content=\"141\"> <img decoding=\"async\" class=\"\" data-attachment-id=\"7315\" data-orig-file=\"https:\/\/www.jazzzeitung.de\/cms\/wp-content\/uploads\/2015\/10\/0K3A8238-Hemingway-dombr.jpg\" data-orig-size=\"1280,853\" data-comments-opened=\"1\" data-image-meta=\"{&quot;aperture&quot;:&quot;7.1&quot;,&quot;credit&quot;:&quot;&quot;,&quot;camera&quot;:&quot;Canon EOS 5D Mark III&quot;,&quot;caption&quot;:&quot;&quot;,&quot;created_timestamp&quot;:&quot;1444082434&quot;,&quot;copyright&quot;:&quot;&quot;,&quot;focal_length&quot;:&quot;105&quot;,&quot;iso&quot;:&quot;12800&quot;,&quot;shutter_speed&quot;:&quot;0.005&quot;,&quot;title&quot;:&quot;&quot;,&quot;orientation&quot;:&quot;1&quot;}\" data-image-title=\"0K3A8238, Hemingway (dombr)\" data-image-description=\"\" data-medium-file=\"https:\/\/i0.wp.com\/www.jazzzeitung.de\/cms\/wp-content\/uploads\/2015\/10\/0K3A8238-Hemingway-dombr.jpg?fit=300%2C200&#038;ssl=1\" data-large-file=\"https:\/\/i0.wp.com\/www.jazzzeitung.de\/cms\/wp-content\/uploads\/2015\/10\/0K3A8238-Hemingway-dombr.jpg?fit=840%2C560&#038;ssl=1\" src=\"https:\/\/i0.wp.com\/www.jazzzeitung.de\/cms\/wp-content\/uploads\/2015\/10\/0K3A8238-Hemingway-dombr.jpg?w=211&#038;h=141&#038;ssl=1\" srcset=\"https:\/\/i0.wp.com\/www.jazzzeitung.de\/cms\/wp-content\/uploads\/2015\/10\/0K3A8238-Hemingway-dombr.jpg?w=1280&amp;ssl=1 1280w, https:\/\/i0.wp.com\/www.jazzzeitung.de\/cms\/wp-content\/uploads\/2015\/10\/0K3A8238-Hemingway-dombr.jpg?resize=300%2C200&amp;ssl=1 300w, https:\/\/i0.wp.com\/www.jazzzeitung.de\/cms\/wp-content\/uploads\/2015\/10\/0K3A8238-Hemingway-dombr.jpg?resize=900%2C600&amp;ssl=1 900w\" width=\"211\" height=\"141\" loading=\"lazy\" data-original-width=\"211\" data-original-height=\"141\" itemprop=\"http:\/\/schema.org\/image\" title=\"0K3A8238, Hemingway (dombr)\" alt=\"0K3A8238, Hemingway (dombr)\" style=\"width: 211px; height: 141px;\" \/> <\/a> <\/div> <\/div> <!-- close group --> <div class=\"gallery-group images-1\" style=\"width: 207px; height: 145px;\" data-original-width=\"207\" data-original-height=\"145\" > <div class=\"tiled-gallery-item tiled-gallery-item-small\" itemprop=\"associatedMedia\" itemscope itemtype=\"http:\/\/schema.org\/ImageObject\"> <a href=\"https:\/\/www.jazzzeitung.de\/cms\/2015\/10\/jazzpreis-des-landes-rheinland-pfalz-und-des-swr-geht-georg-graewe\/0k3a8251-graewe-dombr\/\" border=\"0\" itemprop=\"url\"> <meta itemprop=\"width\" content=\"203\"> <meta itemprop=\"height\" content=\"141\"> <img decoding=\"async\" class=\"\" data-attachment-id=\"7316\" data-orig-file=\"https:\/\/www.jazzzeitung.de\/cms\/wp-content\/uploads\/2015\/10\/0K3A8251-Graewe-dombr.jpg\" data-orig-size=\"1280,888\" data-comments-opened=\"1\" data-image-meta=\"{&quot;aperture&quot;:&quot;7.1&quot;,&quot;credit&quot;:&quot;&quot;,&quot;camera&quot;:&quot;Canon EOS 5D Mark III&quot;,&quot;caption&quot;:&quot;&quot;,&quot;created_timestamp&quot;:&quot;1444082500&quot;,&quot;copyright&quot;:&quot;&quot;,&quot;focal_length&quot;:&quot;105&quot;,&quot;iso&quot;:&quot;12800&quot;,&quot;shutter_speed&quot;:&quot;0.005&quot;,&quot;title&quot;:&quot;&quot;,&quot;orientation&quot;:&quot;1&quot;}\" data-image-title=\"0K3A8251, Graewe (dombr)\" data-image-description=\"\" data-medium-file=\"https:\/\/i0.wp.com\/www.jazzzeitung.de\/cms\/wp-content\/uploads\/2015\/10\/0K3A8251-Graewe-dombr.jpg?fit=300%2C208&#038;ssl=1\" data-large-file=\"https:\/\/i0.wp.com\/www.jazzzeitung.de\/cms\/wp-content\/uploads\/2015\/10\/0K3A8251-Graewe-dombr.jpg?fit=840%2C583&#038;ssl=1\" src=\"https:\/\/i0.wp.com\/www.jazzzeitung.de\/cms\/wp-content\/uploads\/2015\/10\/0K3A8251-Graewe-dombr.jpg?w=203&#038;h=141&#038;ssl=1\" srcset=\"https:\/\/i0.wp.com\/www.jazzzeitung.de\/cms\/wp-content\/uploads\/2015\/10\/0K3A8251-Graewe-dombr.jpg?w=1280&amp;ssl=1 1280w, https:\/\/i0.wp.com\/www.jazzzeitung.de\/cms\/wp-content\/uploads\/2015\/10\/0K3A8251-Graewe-dombr.jpg?resize=300%2C208&amp;ssl=1 300w, https:\/\/i0.wp.com\/www.jazzzeitung.de\/cms\/wp-content\/uploads\/2015\/10\/0K3A8251-Graewe-dombr.jpg?resize=865%2C600&amp;ssl=1 865w, https:\/\/i0.wp.com\/www.jazzzeitung.de\/cms\/wp-content\/uploads\/2015\/10\/0K3A8251-Graewe-dombr.jpg?resize=900%2C624&amp;ssl=1 900w\" width=\"203\" height=\"141\" loading=\"lazy\" data-original-width=\"203\" data-original-height=\"141\" itemprop=\"http:\/\/schema.org\/image\" title=\"0K3A8251, Graewe (dombr)\" alt=\"0K3A8251, Graewe (dombr)\" style=\"width: 203px; height: 141px;\" \/> <\/a> <\/div> <\/div> <!-- close group --> <div class=\"gallery-group images-1\" style=\"width: 202px; height: 145px;\" data-original-width=\"202\" data-original-height=\"145\" > <div class=\"tiled-gallery-item tiled-gallery-item-small\" itemprop=\"associatedMedia\" itemscope itemtype=\"http:\/\/schema.org\/ImageObject\"> <a href=\"https:\/\/www.jazzzeitung.de\/cms\/2015\/10\/jazzpreis-des-landes-rheinland-pfalz-und-des-swr-geht-georg-graewe\/0k3a8285-graewe-dombr\/\" border=\"0\" itemprop=\"url\"> <meta itemprop=\"width\" content=\"198\"> <meta itemprop=\"height\" content=\"141\"> <img decoding=\"async\" class=\"\" data-attachment-id=\"7317\" data-orig-file=\"https:\/\/www.jazzzeitung.de\/cms\/wp-content\/uploads\/2015\/10\/0K3A8285-Graewe-dombr.jpg\" data-orig-size=\"1280,911\" data-comments-opened=\"1\" data-image-meta=\"{&quot;aperture&quot;:&quot;7.1&quot;,&quot;credit&quot;:&quot;&quot;,&quot;camera&quot;:&quot;Canon EOS 5D Mark III&quot;,&quot;caption&quot;:&quot;&quot;,&quot;created_timestamp&quot;:&quot;1444083201&quot;,&quot;copyright&quot;:&quot;&quot;,&quot;focal_length&quot;:&quot;60&quot;,&quot;iso&quot;:&quot;12800&quot;,&quot;shutter_speed&quot;:&quot;0.005&quot;,&quot;title&quot;:&quot;&quot;,&quot;orientation&quot;:&quot;1&quot;}\" data-image-title=\"0K3A8285, Graewe (dombr)\" data-image-description=\"\" data-medium-file=\"https:\/\/i0.wp.com\/www.jazzzeitung.de\/cms\/wp-content\/uploads\/2015\/10\/0K3A8285-Graewe-dombr.jpg?fit=300%2C214&#038;ssl=1\" data-large-file=\"https:\/\/i0.wp.com\/www.jazzzeitung.de\/cms\/wp-content\/uploads\/2015\/10\/0K3A8285-Graewe-dombr.jpg?fit=840%2C598&#038;ssl=1\" src=\"https:\/\/i0.wp.com\/www.jazzzeitung.de\/cms\/wp-content\/uploads\/2015\/10\/0K3A8285-Graewe-dombr.jpg?w=198&#038;h=141&#038;ssl=1\" srcset=\"https:\/\/i0.wp.com\/www.jazzzeitung.de\/cms\/wp-content\/uploads\/2015\/10\/0K3A8285-Graewe-dombr.jpg?w=1280&amp;ssl=1 1280w, https:\/\/i0.wp.com\/www.jazzzeitung.de\/cms\/wp-content\/uploads\/2015\/10\/0K3A8285-Graewe-dombr.jpg?resize=300%2C214&amp;ssl=1 300w, https:\/\/i0.wp.com\/www.jazzzeitung.de\/cms\/wp-content\/uploads\/2015\/10\/0K3A8285-Graewe-dombr.jpg?resize=843%2C600&amp;ssl=1 843w, https:\/\/i0.wp.com\/www.jazzzeitung.de\/cms\/wp-content\/uploads\/2015\/10\/0K3A8285-Graewe-dombr.jpg?resize=900%2C641&amp;ssl=1 900w\" width=\"198\" height=\"141\" loading=\"lazy\" data-original-width=\"198\" data-original-height=\"141\" itemprop=\"http:\/\/schema.org\/image\" title=\"0K3A8285, Graewe (dombr)\" alt=\"0K3A8285, Graewe (dombr)\" style=\"width: 198px; height: 141px;\" \/> <\/a> <\/div> <\/div> <!-- close group --> <\/div> <!-- close row --> <\/div>\n","protected":false},"excerpt":{"rendered":"<p>Fotos von Ralf Dombrowski &#8211; Am Montagabend bekam der Pianist und Komponist Georg Graewe in Ludwigshafen im Rahmen des Enjoy Jazz Festivals den Jazzpreis des Landes Rheinland-Pfalz und des SWR \u00fcberreicht. Er wurde dabei f\u00fcr sein umfassendes musikalisches Schaffen im Allgemeinen und die Entwicklung eines markanten Personalstiles im Speziellen ausgezeichnet, der l\u00e4ngst n\u00e4chste Generationen junger Musiker\/Innen an der Grenze von Jazz, Improvisation und zeitgen\u00f6ssischer Avantgarde beeinflusst. Er bedankte sich in einem kurzen Statement, als er meinte, dass er sich besonders \u00fcber die Auszeichnung durch eienn Radiosender freue, wo er doch zu einer Generation geh\u00f6re, die vieles selbst noch durch den Rundfunk und mutige Redakteure wie Joachim-Ernst Berendt habe entdecken k\u00f6nnen, die Ungew\u00f6hnliches gesendet h\u00e4tten. Au\u00dferdem pr\u00e4sentierte er in zwei Konzerth\u00e4lften Facetten seiner Musikwelt, zum einen solistisch mit einem improvisierten Rezital der Texturen, Fragmente, Rhapsodien, die er im weiten Sinne \u00fcber tonale und strukturelle Zentren klammerte. In Teil zwei gesellten sich der Cellist Ernst Reijseger und der Schlagwerker Gerry Hemingway zu Graewe, ein Trio, das in dieser Form bereits seit 26 Jahren existiert und ein kompaktes, energiegeladenes Set des spontanen kommunikativen Miteinanders pr\u00e4sentierte. Eindrucksvolle Musik ohne &hellip;<\/p>\n","protected":false},"author":18,"featured_media":0,"comment_status":"open","ping_status":"closed","sticky":false,"template":"","format":"standard","meta":{"_jetpack_memberships_contains_paid_content":false,"footnotes":"","jetpack_publicize_message":"","jetpack_publicize_feature_enabled":true,"jetpack_social_post_already_shared":false,"jetpack_social_options":{"image_generator_settings":{"template":"highway","default_image_id":0,"font":"","enabled":false},"version":2}},"categories":[634],"tags":[682,1007,146,15],"coauthors":[695],"class_list":["post-7307","post","type-post","status-publish","format-standard","hentry","category-redaktion","tag-festivals","tag-improvisation","tag-dombrowski","tag-rundfunk"],"yoast_head":"<!-- This site is optimized with the Yoast SEO plugin v27.5 - https:\/\/yoast.com\/product\/yoast-seo-wordpress\/ -->\n<title>Jazzpreis des Landes Rheinland-Pfalz und des SWR geht an Georg Graewe - JazzZeitung<\/title>\n<meta name=\"robots\" content=\"index, follow, max-snippet:-1, max-image-preview:large, max-video-preview:-1\" \/>\n<link rel=\"canonical\" href=\"https:\/\/www.jazzzeitung.de\/cms\/2015\/10\/jazzpreis-des-landes-rheinland-pfalz-und-des-swr-geht-georg-graewe\/\" \/>\n<meta property=\"og:locale\" content=\"de_DE\" \/>\n<meta property=\"og:type\" content=\"article\" \/>\n<meta property=\"og:title\" content=\"Jazzpreis des Landes Rheinland-Pfalz und des SWR geht an Georg Graewe - JazzZeitung\" \/>\n<meta property=\"og:description\" content=\"Fotos von Ralf Dombrowski &#8211; Am Montagabend bekam der Pianist und Komponist Georg Graewe in Ludwigshafen im Rahmen des Enjoy Jazz Festivals den Jazzpreis des Landes Rheinland-Pfalz und des SWR \u00fcberreicht. Er wurde dabei f\u00fcr sein umfassendes musikalisches Schaffen im Allgemeinen und die Entwicklung eines markanten Personalstiles im Speziellen ausgezeichnet, der l\u00e4ngst n\u00e4chste Generationen junger Musiker\/Innen an der Grenze von Jazz, Improvisation und zeitgen\u00f6ssischer Avantgarde beeinflusst. Er bedankte sich in einem kurzen Statement, als er meinte, dass er sich besonders \u00fcber die Auszeichnung durch eienn Radiosender freue, wo er doch zu einer Generation geh\u00f6re, die vieles selbst noch durch den Rundfunk und mutige Redakteure wie Joachim-Ernst Berendt habe entdecken k\u00f6nnen, die Ungew\u00f6hnliches gesendet h\u00e4tten. Au\u00dferdem pr\u00e4sentierte er in zwei Konzerth\u00e4lften Facetten seiner Musikwelt, zum einen solistisch mit einem improvisierten Rezital der Texturen, Fragmente, Rhapsodien, die er im weiten Sinne \u00fcber tonale und strukturelle Zentren klammerte. In Teil zwei gesellten sich der Cellist Ernst Reijseger und der Schlagwerker Gerry Hemingway zu Graewe, ein Trio, das in dieser Form bereits seit 26 Jahren existiert und ein kompaktes, energiegeladenes Set des spontanen kommunikativen Miteinanders pr\u00e4sentierte. Eindrucksvolle Musik ohne &hellip;\" \/>\n<meta property=\"og:url\" content=\"https:\/\/www.jazzzeitung.de\/cms\/2015\/10\/jazzpreis-des-landes-rheinland-pfalz-und-des-swr-geht-georg-graewe\/\" \/>\n<meta property=\"og:site_name\" content=\"JazzZeitung\" \/>\n<meta property=\"article:publisher\" content=\"https:\/\/www.facebook.com\/JazzZeitung\/\" \/>\n<meta property=\"article:published_time\" content=\"2015-10-07T12:53:39+00:00\" \/>\n<meta property=\"og:image\" content=\"https:\/\/i0.wp.com\/www.jazzzeitung.de\/cms\/wp-content\/uploads\/2015\/10\/0K3A8035-Weis-Graewe-dombr.jpg?w=557&#038;h=371&#038;ssl=1\" \/>\n<meta name=\"author\" content=\"Redaktion JazzZeitung\" \/>\n<script type=\"application\/ld+json\" class=\"yoast-schema-graph\">{\"@context\":\"https:\\\/\\\/schema.org\",\"@graph\":[{\"@type\":\"Article\",\"@id\":\"https:\\\/\\\/www.jazzzeitung.de\\\/cms\\\/2015\\\/10\\\/jazzpreis-des-landes-rheinland-pfalz-und-des-swr-geht-georg-graewe\\\/#article\",\"isPartOf\":{\"@id\":\"https:\\\/\\\/www.jazzzeitung.de\\\/cms\\\/2015\\\/10\\\/jazzpreis-des-landes-rheinland-pfalz-und-des-swr-geht-georg-graewe\\\/\"},\"author\":{\"name\":\"Redaktion JazzZeitung\",\"@id\":\"https:\\\/\\\/www.jazzzeitung.de\\\/cms\\\/#\\\/schema\\\/person\\\/2245b36b9cd1d24cea10f01c031fb92b\"},\"headline\":\"Jazzpreis des Landes Rheinland-Pfalz und des SWR geht an Georg Graewe\",\"datePublished\":\"2015-10-07T12:53:39+00:00\",\"mainEntityOfPage\":{\"@id\":\"https:\\\/\\\/www.jazzzeitung.de\\\/cms\\\/2015\\\/10\\\/jazzpreis-des-landes-rheinland-pfalz-und-des-swr-geht-georg-graewe\\\/\"},\"wordCount\":221,\"commentCount\":0,\"publisher\":{\"@id\":\"https:\\\/\\\/www.jazzzeitung.de\\\/cms\\\/#organization\"},\"keywords\":[\"Festivals\",\"Improvisation\",\"Ralf Dombrowski\",\"Rundfunk\"],\"articleSection\":[\"Redaktionelle Nachrichten\"],\"inLanguage\":\"de\",\"potentialAction\":[{\"@type\":\"CommentAction\",\"name\":\"Comment\",\"target\":[\"https:\\\/\\\/www.jazzzeitung.de\\\/cms\\\/2015\\\/10\\\/jazzpreis-des-landes-rheinland-pfalz-und-des-swr-geht-georg-graewe\\\/#respond\"]}]},{\"@type\":\"WebPage\",\"@id\":\"https:\\\/\\\/www.jazzzeitung.de\\\/cms\\\/2015\\\/10\\\/jazzpreis-des-landes-rheinland-pfalz-und-des-swr-geht-georg-graewe\\\/\",\"url\":\"https:\\\/\\\/www.jazzzeitung.de\\\/cms\\\/2015\\\/10\\\/jazzpreis-des-landes-rheinland-pfalz-und-des-swr-geht-georg-graewe\\\/\",\"name\":\"Jazzpreis des Landes Rheinland-Pfalz und des SWR geht an Georg Graewe - JazzZeitung\",\"isPartOf\":{\"@id\":\"https:\\\/\\\/www.jazzzeitung.de\\\/cms\\\/#website\"},\"datePublished\":\"2015-10-07T12:53:39+00:00\",\"breadcrumb\":{\"@id\":\"https:\\\/\\\/www.jazzzeitung.de\\\/cms\\\/2015\\\/10\\\/jazzpreis-des-landes-rheinland-pfalz-und-des-swr-geht-georg-graewe\\\/#breadcrumb\"},\"inLanguage\":\"de\",\"potentialAction\":[{\"@type\":\"ReadAction\",\"target\":[\"https:\\\/\\\/www.jazzzeitung.de\\\/cms\\\/2015\\\/10\\\/jazzpreis-des-landes-rheinland-pfalz-und-des-swr-geht-georg-graewe\\\/\"]}]},{\"@type\":\"BreadcrumbList\",\"@id\":\"https:\\\/\\\/www.jazzzeitung.de\\\/cms\\\/2015\\\/10\\\/jazzpreis-des-landes-rheinland-pfalz-und-des-swr-geht-georg-graewe\\\/#breadcrumb\",\"itemListElement\":[{\"@type\":\"ListItem\",\"position\":1,\"name\":\"Startseite\",\"item\":\"https:\\\/\\\/www.jazzzeitung.de\\\/cms\\\/\"},{\"@type\":\"ListItem\",\"position\":2,\"name\":\"Jazzpreis des Landes Rheinland-Pfalz und des SWR geht an Georg Graewe\"}]},{\"@type\":\"WebSite\",\"@id\":\"https:\\\/\\\/www.jazzzeitung.de\\\/cms\\\/#website\",\"url\":\"https:\\\/\\\/www.jazzzeitung.de\\\/cms\\\/\",\"name\":\"JazzZeitung\",\"description\":\"Jazz-News und Jazz-Kontroverses\",\"publisher\":{\"@id\":\"https:\\\/\\\/www.jazzzeitung.de\\\/cms\\\/#organization\"},\"potentialAction\":[{\"@type\":\"SearchAction\",\"target\":{\"@type\":\"EntryPoint\",\"urlTemplate\":\"https:\\\/\\\/www.jazzzeitung.de\\\/cms\\\/?s={search_term_string}\"},\"query-input\":{\"@type\":\"PropertyValueSpecification\",\"valueRequired\":true,\"valueName\":\"search_term_string\"}}],\"inLanguage\":\"de\"},{\"@type\":\"Organization\",\"@id\":\"https:\\\/\\\/www.jazzzeitung.de\\\/cms\\\/#organization\",\"name\":\"JazzZeitung online\",\"url\":\"https:\\\/\\\/www.jazzzeitung.de\\\/cms\\\/\",\"logo\":{\"@type\":\"ImageObject\",\"inLanguage\":\"de\",\"@id\":\"https:\\\/\\\/www.jazzzeitung.de\\\/cms\\\/#\\\/schema\\\/logo\\\/image\\\/\",\"url\":\"https:\\\/\\\/i0.wp.com\\\/www.jazzzeitung.de\\\/cms\\\/wp-content\\\/uploads\\\/2015\\\/08\\\/JAZZZEITUNGDE_Logo_Neu.png?fit=499%2C200&ssl=1\",\"contentUrl\":\"https:\\\/\\\/i0.wp.com\\\/www.jazzzeitung.de\\\/cms\\\/wp-content\\\/uploads\\\/2015\\\/08\\\/JAZZZEITUNGDE_Logo_Neu.png?fit=499%2C200&ssl=1\",\"width\":499,\"height\":200,\"caption\":\"JazzZeitung online\"},\"image\":{\"@id\":\"https:\\\/\\\/www.jazzzeitung.de\\\/cms\\\/#\\\/schema\\\/logo\\\/image\\\/\"},\"sameAs\":[\"https:\\\/\\\/www.facebook.com\\\/JazzZeitung\\\/\"]},{\"@type\":\"Person\",\"@id\":\"https:\\\/\\\/www.jazzzeitung.de\\\/cms\\\/#\\\/schema\\\/person\\\/2245b36b9cd1d24cea10f01c031fb92b\",\"name\":\"Redaktion JazzZeitung\",\"image\":{\"@type\":\"ImageObject\",\"inLanguage\":\"de\",\"@id\":\"https:\\\/\\\/i0.wp.com\\\/www.jazzzeitung.de\\\/cms\\\/wp-content\\\/uploads\\\/2015\\\/08\\\/JAZZZEITUNGDE_Logo_Neu.png?resize=96%2C96&ssl=159975dcacb611b5700bd619b5daf0a7a\",\"url\":\"https:\\\/\\\/i0.wp.com\\\/www.jazzzeitung.de\\\/cms\\\/wp-content\\\/uploads\\\/2015\\\/08\\\/JAZZZEITUNGDE_Logo_Neu.png?resize=96%2C96&ssl=1\",\"contentUrl\":\"https:\\\/\\\/i0.wp.com\\\/www.jazzzeitung.de\\\/cms\\\/wp-content\\\/uploads\\\/2015\\\/08\\\/JAZZZEITUNGDE_Logo_Neu.png?resize=96%2C96&ssl=1\",\"caption\":\"Redaktion JazzZeitung\"},\"description\":\"Artikel der Redaktion der JazzZeitung.\",\"sameAs\":[\"http:\\\/\\\/www.jazzzeitung.de\\\/cms\\\/\"],\"url\":\"https:\\\/\\\/www.jazzzeitung.de\\\/cms\\\/author\\\/redaktion\\\/\"}]}<\/script>\n<!-- \/ Yoast SEO plugin. -->","yoast_head_json":{"title":"Jazzpreis des Landes Rheinland-Pfalz und des SWR geht an Georg Graewe - JazzZeitung","robots":{"index":"index","follow":"follow","max-snippet":"max-snippet:-1","max-image-preview":"max-image-preview:large","max-video-preview":"max-video-preview:-1"},"canonical":"https:\/\/www.jazzzeitung.de\/cms\/2015\/10\/jazzpreis-des-landes-rheinland-pfalz-und-des-swr-geht-georg-graewe\/","og_locale":"de_DE","og_type":"article","og_title":"Jazzpreis des Landes Rheinland-Pfalz und des SWR geht an Georg Graewe - JazzZeitung","og_description":"Fotos von Ralf Dombrowski &#8211; Am Montagabend bekam der Pianist und Komponist Georg Graewe in Ludwigshafen im Rahmen des Enjoy Jazz Festivals den Jazzpreis des Landes Rheinland-Pfalz und des SWR \u00fcberreicht. Er wurde dabei f\u00fcr sein umfassendes musikalisches Schaffen im Allgemeinen und die Entwicklung eines markanten Personalstiles im Speziellen ausgezeichnet, der l\u00e4ngst n\u00e4chste Generationen junger Musiker\/Innen an der Grenze von Jazz, Improvisation und zeitgen\u00f6ssischer Avantgarde beeinflusst. Er bedankte sich in einem kurzen Statement, als er meinte, dass er sich besonders \u00fcber die Auszeichnung durch eienn Radiosender freue, wo er doch zu einer Generation geh\u00f6re, die vieles selbst noch durch den Rundfunk und mutige Redakteure wie Joachim-Ernst Berendt habe entdecken k\u00f6nnen, die Ungew\u00f6hnliches gesendet h\u00e4tten. Au\u00dferdem pr\u00e4sentierte er in zwei Konzerth\u00e4lften Facetten seiner Musikwelt, zum einen solistisch mit einem improvisierten Rezital der Texturen, Fragmente, Rhapsodien, die er im weiten Sinne \u00fcber tonale und strukturelle Zentren klammerte. In Teil zwei gesellten sich der Cellist Ernst Reijseger und der Schlagwerker Gerry Hemingway zu Graewe, ein Trio, das in dieser Form bereits seit 26 Jahren existiert und ein kompaktes, energiegeladenes Set des spontanen kommunikativen Miteinanders pr\u00e4sentierte. Eindrucksvolle Musik ohne &hellip;","og_url":"https:\/\/www.jazzzeitung.de\/cms\/2015\/10\/jazzpreis-des-landes-rheinland-pfalz-und-des-swr-geht-georg-graewe\/","og_site_name":"JazzZeitung","article_publisher":"https:\/\/www.facebook.com\/JazzZeitung\/","article_published_time":"2015-10-07T12:53:39+00:00","og_image":[{"url":"https:\/\/i0.wp.com\/www.jazzzeitung.de\/cms\/wp-content\/uploads\/2015\/10\/0K3A8035-Weis-Graewe-dombr.jpg?w=557&#038;h=371&#038;ssl=1","type":"","width":"","height":""}],"author":"Redaktion JazzZeitung","schema":{"@context":"https:\/\/schema.org","@graph":[{"@type":"Article","@id":"https:\/\/www.jazzzeitung.de\/cms\/2015\/10\/jazzpreis-des-landes-rheinland-pfalz-und-des-swr-geht-georg-graewe\/#article","isPartOf":{"@id":"https:\/\/www.jazzzeitung.de\/cms\/2015\/10\/jazzpreis-des-landes-rheinland-pfalz-und-des-swr-geht-georg-graewe\/"},"author":{"name":"Redaktion JazzZeitung","@id":"https:\/\/www.jazzzeitung.de\/cms\/#\/schema\/person\/2245b36b9cd1d24cea10f01c031fb92b"},"headline":"Jazzpreis des Landes Rheinland-Pfalz und des SWR geht an Georg Graewe","datePublished":"2015-10-07T12:53:39+00:00","mainEntityOfPage":{"@id":"https:\/\/www.jazzzeitung.de\/cms\/2015\/10\/jazzpreis-des-landes-rheinland-pfalz-und-des-swr-geht-georg-graewe\/"},"wordCount":221,"commentCount":0,"publisher":{"@id":"https:\/\/www.jazzzeitung.de\/cms\/#organization"},"keywords":["Festivals","Improvisation","Ralf Dombrowski","Rundfunk"],"articleSection":["Redaktionelle Nachrichten"],"inLanguage":"de","potentialAction":[{"@type":"CommentAction","name":"Comment","target":["https:\/\/www.jazzzeitung.de\/cms\/2015\/10\/jazzpreis-des-landes-rheinland-pfalz-und-des-swr-geht-georg-graewe\/#respond"]}]},{"@type":"WebPage","@id":"https:\/\/www.jazzzeitung.de\/cms\/2015\/10\/jazzpreis-des-landes-rheinland-pfalz-und-des-swr-geht-georg-graewe\/","url":"https:\/\/www.jazzzeitung.de\/cms\/2015\/10\/jazzpreis-des-landes-rheinland-pfalz-und-des-swr-geht-georg-graewe\/","name":"Jazzpreis des Landes Rheinland-Pfalz und des SWR geht an Georg Graewe - JazzZeitung","isPartOf":{"@id":"https:\/\/www.jazzzeitung.de\/cms\/#website"},"datePublished":"2015-10-07T12:53:39+00:00","breadcrumb":{"@id":"https:\/\/www.jazzzeitung.de\/cms\/2015\/10\/jazzpreis-des-landes-rheinland-pfalz-und-des-swr-geht-georg-graewe\/#breadcrumb"},"inLanguage":"de","potentialAction":[{"@type":"ReadAction","target":["https:\/\/www.jazzzeitung.de\/cms\/2015\/10\/jazzpreis-des-landes-rheinland-pfalz-und-des-swr-geht-georg-graewe\/"]}]},{"@type":"BreadcrumbList","@id":"https:\/\/www.jazzzeitung.de\/cms\/2015\/10\/jazzpreis-des-landes-rheinland-pfalz-und-des-swr-geht-georg-graewe\/#breadcrumb","itemListElement":[{"@type":"ListItem","position":1,"name":"Startseite","item":"https:\/\/www.jazzzeitung.de\/cms\/"},{"@type":"ListItem","position":2,"name":"Jazzpreis des Landes Rheinland-Pfalz und des SWR geht an Georg Graewe"}]},{"@type":"WebSite","@id":"https:\/\/www.jazzzeitung.de\/cms\/#website","url":"https:\/\/www.jazzzeitung.de\/cms\/","name":"JazzZeitung","description":"Jazz-News und Jazz-Kontroverses","publisher":{"@id":"https:\/\/www.jazzzeitung.de\/cms\/#organization"},"potentialAction":[{"@type":"SearchAction","target":{"@type":"EntryPoint","urlTemplate":"https:\/\/www.jazzzeitung.de\/cms\/?s={search_term_string}"},"query-input":{"@type":"PropertyValueSpecification","valueRequired":true,"valueName":"search_term_string"}}],"inLanguage":"de"},{"@type":"Organization","@id":"https:\/\/www.jazzzeitung.de\/cms\/#organization","name":"JazzZeitung online","url":"https:\/\/www.jazzzeitung.de\/cms\/","logo":{"@type":"ImageObject","inLanguage":"de","@id":"https:\/\/www.jazzzeitung.de\/cms\/#\/schema\/logo\/image\/","url":"https:\/\/i0.wp.com\/www.jazzzeitung.de\/cms\/wp-content\/uploads\/2015\/08\/JAZZZEITUNGDE_Logo_Neu.png?fit=499%2C200&ssl=1","contentUrl":"https:\/\/i0.wp.com\/www.jazzzeitung.de\/cms\/wp-content\/uploads\/2015\/08\/JAZZZEITUNGDE_Logo_Neu.png?fit=499%2C200&ssl=1","width":499,"height":200,"caption":"JazzZeitung online"},"image":{"@id":"https:\/\/www.jazzzeitung.de\/cms\/#\/schema\/logo\/image\/"},"sameAs":["https:\/\/www.facebook.com\/JazzZeitung\/"]},{"@type":"Person","@id":"https:\/\/www.jazzzeitung.de\/cms\/#\/schema\/person\/2245b36b9cd1d24cea10f01c031fb92b","name":"Redaktion JazzZeitung","image":{"@type":"ImageObject","inLanguage":"de","@id":"https:\/\/i0.wp.com\/www.jazzzeitung.de\/cms\/wp-content\/uploads\/2015\/08\/JAZZZEITUNGDE_Logo_Neu.png?resize=96%2C96&ssl=159975dcacb611b5700bd619b5daf0a7a","url":"https:\/\/i0.wp.com\/www.jazzzeitung.de\/cms\/wp-content\/uploads\/2015\/08\/JAZZZEITUNGDE_Logo_Neu.png?resize=96%2C96&ssl=1","contentUrl":"https:\/\/i0.wp.com\/www.jazzzeitung.de\/cms\/wp-content\/uploads\/2015\/08\/JAZZZEITUNGDE_Logo_Neu.png?resize=96%2C96&ssl=1","caption":"Redaktion JazzZeitung"},"description":"Artikel der Redaktion der JazzZeitung.","sameAs":["http:\/\/www.jazzzeitung.de\/cms\/"],"url":"https:\/\/www.jazzzeitung.de\/cms\/author\/redaktion\/"}]}},"wp-worthy-pixel":{"ignored":false,"public":null,"server":null,"url":null},"wp-worthy-type":"normal","jetpack_publicize_connections":[],"cc_featured_image_caption":{"caption_text":false,"source_text":false,"source_url":false},"jetpack_featured_media_url":"","jetpack_shortlink":"https:\/\/wp.me\/p3KEcT-1TR","jetpack-related-posts":[{"id":19439,"url":"https:\/\/www.jazzzeitung.de\/cms\/2019\/05\/swr-jazzpreis-2019-geht-an-liz-kosack\/","url_meta":{"origin":7307,"position":0},"title":"SWR Jazzpreis 2019 geht an Liz Kosack","author":"Redaktion JazzZeitung","date":"10. Mai 2019","format":false,"excerpt":"Mainz\/Baden-Baden. Liz Kosack erh\u00e4lt den mit 15.000 Euro dotierten SWR Jazzpreis 2019 des S\u00fcdwestrundfunks und des Landes Rheinland-Pfalz. Die Keyboarderin aus Maine (USA) lebt seit 2013 in Berlin. Zu den Markenzeichen der Musikerin geh\u00f6ren individuell gestaltete Masken, ohne die sie nie auf die B\u00fchne geht. Die Auszeichnung wird am 7.\u2026","rel":"","context":"In &quot;News&quot;","block_context":{"text":"News","link":"https:\/\/www.jazzzeitung.de\/cms\/thema\/nachrichten\/"},"img":{"alt_text":"","src":"https:\/\/i0.wp.com\/www.jazzzeitung.de\/cms\/wp-content\/uploads\/2019\/05\/190509_Bild_SWR_Jazzpreis_2019_Liz_Kosack_c_SWR_KH_Krauskopf.jpg?fit=1200%2C792&ssl=1&resize=350%2C200","width":350,"height":200,"srcset":"https:\/\/i0.wp.com\/www.jazzzeitung.de\/cms\/wp-content\/uploads\/2019\/05\/190509_Bild_SWR_Jazzpreis_2019_Liz_Kosack_c_SWR_KH_Krauskopf.jpg?fit=1200%2C792&ssl=1&resize=350%2C200 1x, https:\/\/i0.wp.com\/www.jazzzeitung.de\/cms\/wp-content\/uploads\/2019\/05\/190509_Bild_SWR_Jazzpreis_2019_Liz_Kosack_c_SWR_KH_Krauskopf.jpg?fit=1200%2C792&ssl=1&resize=525%2C300 1.5x, https:\/\/i0.wp.com\/www.jazzzeitung.de\/cms\/wp-content\/uploads\/2019\/05\/190509_Bild_SWR_Jazzpreis_2019_Liz_Kosack_c_SWR_KH_Krauskopf.jpg?fit=1200%2C792&ssl=1&resize=700%2C400 2x, https:\/\/i0.wp.com\/www.jazzzeitung.de\/cms\/wp-content\/uploads\/2019\/05\/190509_Bild_SWR_Jazzpreis_2019_Liz_Kosack_c_SWR_KH_Krauskopf.jpg?fit=1200%2C792&ssl=1&resize=1050%2C600 3x"},"classes":[]},{"id":11694,"url":"https:\/\/www.jazzzeitung.de\/cms\/2017\/02\/swr-jazzpreis-2017-fuer-christian-lillinger\/","url_meta":{"origin":7307,"position":1},"title":"SWR Jazzpreis 2017 f\u00fcr Christian Lillinger","author":"Redaktion JazzZeitung","date":"15. Februar 2017","format":false,"excerpt":"Christian Lillinger erh\u00e4lt den je zur H\u00e4lfte vom Land Rheinland-Pfalz und vom S\u00fcdwestrundfunk gestifteten SWR Jazzpreis 2017. Dem 1984 in L\u00fcbben geborenen Schlagzeuger wird die Auszeichnung im kommenden Herbst beim Internationalen Festival \u201eEnjoy Jazz\u201c in Ludwigshafen \u00fcberreicht. Ebenfalls nominiert f\u00fcr den SWR Jazzpreis waren der Pianist Simon Nabatov, die Cellistin\u2026","rel":"","context":"In &quot;News&quot;","block_context":{"text":"News","link":"https:\/\/www.jazzzeitung.de\/cms\/thema\/nachrichten\/"},"img":{"alt_text":"","src":"https:\/\/i0.wp.com\/www.jazzzeitung.de\/cms\/wp-content\/uploads\/2017\/02\/1_SWR_Jazzpreis_2017-Christian-Lillinger.jpg?resize=350%2C200","width":350,"height":200,"srcset":"https:\/\/i0.wp.com\/www.jazzzeitung.de\/cms\/wp-content\/uploads\/2017\/02\/1_SWR_Jazzpreis_2017-Christian-Lillinger.jpg?resize=350%2C200 1x, https:\/\/i0.wp.com\/www.jazzzeitung.de\/cms\/wp-content\/uploads\/2017\/02\/1_SWR_Jazzpreis_2017-Christian-Lillinger.jpg?resize=525%2C300 1.5x, https:\/\/i0.wp.com\/www.jazzzeitung.de\/cms\/wp-content\/uploads\/2017\/02\/1_SWR_Jazzpreis_2017-Christian-Lillinger.jpg?resize=700%2C400 2x, https:\/\/i0.wp.com\/www.jazzzeitung.de\/cms\/wp-content\/uploads\/2017\/02\/1_SWR_Jazzpreis_2017-Christian-Lillinger.jpg?resize=1050%2C600 3x, https:\/\/i0.wp.com\/www.jazzzeitung.de\/cms\/wp-content\/uploads\/2017\/02\/1_SWR_Jazzpreis_2017-Christian-Lillinger.jpg?resize=1400%2C800 4x"},"classes":[]},{"id":19182,"url":"https:\/\/www.jazzzeitung.de\/cms\/2019\/04\/neuer-jazzverband-fuer-rheinland-pfalz-gegruendet\/","url_meta":{"origin":7307,"position":2},"title":"Neuer Jazzverband f\u00fcr Rheinland-Pfalz gegr\u00fcndet","author":"Redaktion JazzZeitung","date":"11. April 2019","format":false,"excerpt":"In Mainz haben sich Jazz-Akteure aus ganz Rheinland-Pfalz im neuen Jazzverband \u201eJAZZ RLP \u2013 Landesverband f\u00fcr Jazz in Rheinland-Pfalz\u201c zusammengeschlossen. Schwerpunkte der Verbandsarbeit sollen Nachwuchsf\u00f6rderung und Regionalarbeit werden. Ein Neuanfang f\u00fcr die Jazz-Szene in Rheinland-Pfalz \u2013mit diesem Anspruch wurde am vergangenen Sonntag mit der \u00fcberw\u00e4ltigenden Teilnahme von rund 75 Jazzmusikern,\u2026","rel":"","context":"In &quot;Bericht&quot;","block_context":{"text":"Bericht","link":"https:\/\/www.jazzzeitung.de\/cms\/thema\/bericht\/"},"img":{"alt_text":"","src":"https:\/\/i0.wp.com\/www.jazzzeitung.de\/cms\/wp-content\/uploads\/2019\/04\/P1170275-Kopie.jpg?fit=1200%2C801&ssl=1&resize=350%2C200","width":350,"height":200,"srcset":"https:\/\/i0.wp.com\/www.jazzzeitung.de\/cms\/wp-content\/uploads\/2019\/04\/P1170275-Kopie.jpg?fit=1200%2C801&ssl=1&resize=350%2C200 1x, https:\/\/i0.wp.com\/www.jazzzeitung.de\/cms\/wp-content\/uploads\/2019\/04\/P1170275-Kopie.jpg?fit=1200%2C801&ssl=1&resize=525%2C300 1.5x, https:\/\/i0.wp.com\/www.jazzzeitung.de\/cms\/wp-content\/uploads\/2019\/04\/P1170275-Kopie.jpg?fit=1200%2C801&ssl=1&resize=700%2C400 2x, https:\/\/i0.wp.com\/www.jazzzeitung.de\/cms\/wp-content\/uploads\/2019\/04\/P1170275-Kopie.jpg?fit=1200%2C801&ssl=1&resize=1050%2C600 3x"},"classes":[]},{"id":15685,"url":"https:\/\/www.jazzzeitung.de\/cms\/2018\/04\/wr-jazzpreis-2018-fuer-saxofonist-sebastian-gille-in-koeln-lebender-musiker-erhaelt-den-aeltesten-jazzpreis-deutschlands\/","url_meta":{"origin":7307,"position":3},"title":"SWR Jazzpreis 2018 f\u00fcr Saxofonist Sebastian Gille","author":"Redaktion JazzZeitung","date":"19. April 2018","format":false,"excerpt":"Der Saxofonist Sebastian Gille erh\u00e4lt den je zur H\u00e4lfte vom Land Rheinland-Pfalz und vom S\u00fcdwestrundfunk gestifteten SWR Jazzpreis 2018. Die Auszeichnung wird ihm am 15. Oktober 2018 beim Internationalen Festival \"Enjoy Jazz\" in Ludwigshafen \u00fcberreicht. Im Preistr\u00e4gerkonzert wird Sebastian Gille mit seinem Quartett (Elias Stemeseder, Klavier; Robert Landfermann, Kontrabass und\u2026","rel":"","context":"In &quot;Bericht&quot;","block_context":{"text":"Bericht","link":"https:\/\/www.jazzzeitung.de\/cms\/thema\/bericht\/"},"img":{"alt_text":"","src":"https:\/\/i0.wp.com\/www.jazzzeitung.de\/cms\/wp-content\/uploads\/2018\/04\/Gille_SWR_Jazzpreis_2018.jpg?fit=1200%2C792&ssl=1&resize=350%2C200","width":350,"height":200,"srcset":"https:\/\/i0.wp.com\/www.jazzzeitung.de\/cms\/wp-content\/uploads\/2018\/04\/Gille_SWR_Jazzpreis_2018.jpg?fit=1200%2C792&ssl=1&resize=350%2C200 1x, https:\/\/i0.wp.com\/www.jazzzeitung.de\/cms\/wp-content\/uploads\/2018\/04\/Gille_SWR_Jazzpreis_2018.jpg?fit=1200%2C792&ssl=1&resize=525%2C300 1.5x, https:\/\/i0.wp.com\/www.jazzzeitung.de\/cms\/wp-content\/uploads\/2018\/04\/Gille_SWR_Jazzpreis_2018.jpg?fit=1200%2C792&ssl=1&resize=700%2C400 2x, https:\/\/i0.wp.com\/www.jazzzeitung.de\/cms\/wp-content\/uploads\/2018\/04\/Gille_SWR_Jazzpreis_2018.jpg?fit=1200%2C792&ssl=1&resize=1050%2C600 3x"},"classes":[]},{"id":10391,"url":"https:\/\/www.jazzzeitung.de\/cms\/2016\/10\/julia-huelsmann-bekommt-swr-jazzpreis-25-10\/","url_meta":{"origin":7307,"position":4},"title":"Julia H\u00fclsmann bekommt SWR Jazzpreis am 25.10.","author":"Redaktion JazzZeitung","date":"17. Oktober 2016","format":false,"excerpt":"Der gemeinsam vom SWR und dem Land Rheinland-Pfalz gestiftete SWR Jazzpreis 2016, dotiert mit 15.000\u20ac, wird am 25. Oktober, im Rahmen des Internationalen Festivals \u201eEnjoy Jazz\u201c an die Pianistin Julia H\u00fclsmann verliehen. Der Minister f\u00fcr Wissenschaft, Weiterbildung und Kultur des Landes Rheinland-Pfalz, Prof. Dr. Konrad Wolf, \u00fcbergibt den \u00e4ltesten Jazzpreis\u2026","rel":"","context":"In &quot;News&quot;","block_context":{"text":"News","link":"https:\/\/www.jazzzeitung.de\/cms\/thema\/nachrichten\/"},"img":{"alt_text":"Julia H\u00fclsmann. Bild: SWR\/Volker Beushausen\/ECM Record\" (S2), SWR-Pressestelle\/Fotoredaktion, Baden-Baden.","src":"https:\/\/i0.wp.com\/www.jazzzeitung.de\/cms\/wp-content\/uploads\/2016\/10\/2_SWR_Jazzpreis_2016-e1476363591685.jpg?fit=863%2C1200&ssl=1&resize=350%2C200","width":350,"height":200,"srcset":"https:\/\/i0.wp.com\/www.jazzzeitung.de\/cms\/wp-content\/uploads\/2016\/10\/2_SWR_Jazzpreis_2016-e1476363591685.jpg?fit=863%2C1200&ssl=1&resize=350%2C200 1x, https:\/\/i0.wp.com\/www.jazzzeitung.de\/cms\/wp-content\/uploads\/2016\/10\/2_SWR_Jazzpreis_2016-e1476363591685.jpg?fit=863%2C1200&ssl=1&resize=525%2C300 1.5x, https:\/\/i0.wp.com\/www.jazzzeitung.de\/cms\/wp-content\/uploads\/2016\/10\/2_SWR_Jazzpreis_2016-e1476363591685.jpg?fit=863%2C1200&ssl=1&resize=700%2C400 2x"},"classes":[]},{"id":33799,"url":"https:\/\/www.jazzzeitung.de\/cms\/2026\/04\/olga-reznichenko-erhaelt-den-swr-jazzpreis-2026\/","url_meta":{"origin":7307,"position":5},"title":"Olga Reznichenko erh\u00e4lt den SWR Jazzpreis 2026","author":"Redaktion JazzZeitung","date":"10. April 2026","format":false,"excerpt":"Die in Leipzig und Berlin lebende Pianistin gestaltet extrem aktiv und extrem vielseitig den Sound des aktuellen Jazz in Deutschland mit, ob vom Fl\u00fcgel aus oder an den Tasten elektronischer Instrumente. Ihre Kompositionen sind aus feinen Ideen zu einem festen Netz gewoben, in das sich auch ihre Mitmusikerinnen und Mitmusiker\u2026","rel":"","context":"In &quot;News&quot;","block_context":{"text":"News","link":"https:\/\/www.jazzzeitung.de\/cms\/thema\/nachrichten\/"},"img":{"alt_text":"jazz_news. Motiv. Foto: Hufner","src":"https:\/\/i0.wp.com\/www.jazzzeitung.de\/cms\/wp-content\/uploads\/2017\/10\/jazz_news.jpg?fit=1200%2C873&ssl=1&resize=350%2C200","width":350,"height":200,"srcset":"https:\/\/i0.wp.com\/www.jazzzeitung.de\/cms\/wp-content\/uploads\/2017\/10\/jazz_news.jpg?fit=1200%2C873&ssl=1&resize=350%2C200 1x, https:\/\/i0.wp.com\/www.jazzzeitung.de\/cms\/wp-content\/uploads\/2017\/10\/jazz_news.jpg?fit=1200%2C873&ssl=1&resize=525%2C300 1.5x, https:\/\/i0.wp.com\/www.jazzzeitung.de\/cms\/wp-content\/uploads\/2017\/10\/jazz_news.jpg?fit=1200%2C873&ssl=1&resize=700%2C400 2x, https:\/\/i0.wp.com\/www.jazzzeitung.de\/cms\/wp-content\/uploads\/2017\/10\/jazz_news.jpg?fit=1200%2C873&ssl=1&resize=1050%2C600 3x"},"classes":[]}],"jetpack_sharing_enabled":true,"_links":{"self":[{"href":"https:\/\/www.jazzzeitung.de\/cms\/wp-json\/wp\/v2\/posts\/7307","targetHints":{"allow":["GET"]}}],"collection":[{"href":"https:\/\/www.jazzzeitung.de\/cms\/wp-json\/wp\/v2\/posts"}],"about":[{"href":"https:\/\/www.jazzzeitung.de\/cms\/wp-json\/wp\/v2\/types\/post"}],"author":[{"embeddable":true,"href":"https:\/\/www.jazzzeitung.de\/cms\/wp-json\/wp\/v2\/users\/18"}],"replies":[{"embeddable":true,"href":"https:\/\/www.jazzzeitung.de\/cms\/wp-json\/wp\/v2\/comments?post=7307"}],"version-history":[{"count":2,"href":"https:\/\/www.jazzzeitung.de\/cms\/wp-json\/wp\/v2\/posts\/7307\/revisions"}],"predecessor-version":[{"id":7319,"href":"https:\/\/www.jazzzeitung.de\/cms\/wp-json\/wp\/v2\/posts\/7307\/revisions\/7319"}],"wp:attachment":[{"href":"https:\/\/www.jazzzeitung.de\/cms\/wp-json\/wp\/v2\/media?parent=7307"}],"wp:term":[{"taxonomy":"category","embeddable":true,"href":"https:\/\/www.jazzzeitung.de\/cms\/wp-json\/wp\/v2\/categories?post=7307"},{"taxonomy":"post_tag","embeddable":true,"href":"https:\/\/www.jazzzeitung.de\/cms\/wp-json\/wp\/v2\/tags?post=7307"},{"taxonomy":"author","embeddable":true,"href":"https:\/\/www.jazzzeitung.de\/cms\/wp-json\/wp\/v2\/coauthors?post=7307"}],"curies":[{"name":"wp","href":"https:\/\/api.w.org\/{rel}","templated":true}]}}