{"id":7272,"date":"2015-10-07T09:15:45","date_gmt":"2015-10-07T07:15:45","guid":{"rendered":"http:\/\/www.jazzzeitung.de\/cms\/?p=7272"},"modified":"2015-10-07T13:30:04","modified_gmt":"2015-10-07T11:30:04","slug":"blue-sheets-welturauffuehrung-einer-jazzoper-trier","status":"publish","type":"post","link":"https:\/\/www.jazzzeitung.de\/cms\/2015\/10\/blue-sheets-welturauffuehrung-einer-jazzoper-trier\/","title":{"rendered":"BLUE SHEETS &#8211; Welturauff\u00fchrung einer Jazzoper in Trier"},"content":{"rendered":"<p style=\"text-align: justify;\">Die TUFA feiert ihr 30-j\u00e4hriges Jubil\u00e4um am 7. November mit der Urauff\u00fchrung der Jazzoper \u201eBLUE SHEETS\u201c. Mit diesem innovativen Projekt wird ein ganz neues Genre ge\u00adschaffen, das zudem an einem spektakul\u00e4ren Ort, dem ehemaligen Trierer Walzwerk im Stadtteil K\u00fcrenz, zur Auff\u00fchrung kommt. Die TUFA wird mit dieser Produktion ihrem soziokulturellen Anliegen in besonderem Ma\u00dfe gerecht. Sie vereint in dieser sehr aufw\u00e4ndigen Produktion \u00fcber hundert Mitwir\u00adkende, vom Profi bis zum Laien. Die Mehrzahl der Mitwirkenden kommt aus den Verei\u00adnen der TUFA. F\u00fcr zentrale Rollen konnten freischaffende S\u00e4nger, Schauspieler und T\u00e4nzer gewonnen werden. Tatkr\u00e4ftig wird das Projekt vom Theater Trier mit seiner Technik, seiner Werkstatt, seinem Fundus und nicht zuletzt zwei S\u00e4ngern unterst\u00fctzt.<\/p>\n<figure id=\"attachment_7275\" aria-describedby=\"caption-attachment-7275\" style=\"width: 640px\" class=\"wp-caption aligncenter\"><a href=\"https:\/\/i0.wp.com\/www.jazzzeitung.de\/cms\/wp-content\/uploads\/2015\/10\/E_1567.jpg\"><img data-recalc-dims=\"1\" loading=\"lazy\" decoding=\"async\" data-attachment-id=\"7275\" data-permalink=\"https:\/\/www.jazzzeitung.de\/cms\/2015\/10\/blue-sheets-welturauffuehrung-einer-jazzoper-trier\/e_1567\/\" data-orig-file=\"https:\/\/i0.wp.com\/www.jazzzeitung.de\/cms\/wp-content\/uploads\/2015\/10\/E_1567.jpg?fit=640%2C376&amp;ssl=1\" data-orig-size=\"640,376\" data-comments-opened=\"1\" data-image-meta=\"{&quot;aperture&quot;:&quot;0&quot;,&quot;credit&quot;:&quot;&quot;,&quot;camera&quot;:&quot;&quot;,&quot;caption&quot;:&quot;&quot;,&quot;created_timestamp&quot;:&quot;0&quot;,&quot;copyright&quot;:&quot;&quot;,&quot;focal_length&quot;:&quot;0&quot;,&quot;iso&quot;:&quot;0&quot;,&quot;shutter_speed&quot;:&quot;0&quot;,&quot;title&quot;:&quot;&quot;,&quot;orientation&quot;:&quot;1&quot;}\" data-image-title=\"\" data-image-description=\"\" data-image-caption=\"\" data-large-file=\"https:\/\/i0.wp.com\/www.jazzzeitung.de\/cms\/wp-content\/uploads\/2015\/10\/E_1567.jpg?fit=640%2C376&amp;ssl=1\" class=\"wp-image-7275 size-full\" src=\"https:\/\/i0.wp.com\/www.jazzzeitung.de\/cms\/wp-content\/uploads\/2015\/10\/E_1567.jpg?resize=640%2C376\" alt=\"Fotos und Collage: Claudia Stephen\" width=\"640\" height=\"376\" srcset=\"https:\/\/i0.wp.com\/www.jazzzeitung.de\/cms\/wp-content\/uploads\/2015\/10\/E_1567.jpg?w=640&amp;ssl=1 640w, https:\/\/i0.wp.com\/www.jazzzeitung.de\/cms\/wp-content\/uploads\/2015\/10\/E_1567.jpg?resize=300%2C176&amp;ssl=1 300w\" sizes=\"auto, (max-width: 640px) 100vw, 640px\" \/><\/a><figcaption id=\"caption-attachment-7275\" class=\"wp-caption-text\">Fotos und Collage: Claudia Stephen<\/figcaption><\/figure>\n<p style=\"text-align: justify;\">Die Idee, Jazz und Oper zusammenzubringen, stammt von Nils Thoma, dem langj\u00e4hrigen Vor\u00adsitzenden des Jazz-Club Trier. Die von ihm komponierte Musik f\u00fchrt durch die Geschichte des Jazz mit seinen vielen Ausdrucksformen und \u00fcbernimmt dabei Stile von Worksongs \u00fcber Bebop bis Cool Jazz, von den ersten Spuren \u00fcber Neotraditionalismus bis zu den modernsten Formen des Jazz-Raps und des Hip-Hop.<\/p>\n<p style=\"text-align: justify;\">Der Plot und das Libretto stammen von Stefan Bastians, einem erfahrenen, international t\u00e4tigen Theatermacher. Er greift die mit Blauf\u00e4rberei und Textilindustrie eng verbundene Geschichte des Weberbachs, dem Standort der TUFA, auf. Zudem ist er f\u00fcr die Regie verantwortlich, gestaltet die soziokulturelle Projektbegleitung und leitet die in\u00adzwischen auf Hochtouren laufenden Proben mit 90 Musikern, 50 Choristen, 10 T\u00e4nzern und 5 Solisten. F\u00fcr das B\u00fchnenbild und die B\u00fchnentechnik sowie die Beleuchtung ist Ulrich Schneider ver\u00adantwortlich. Von ihm wird die Halle im Walzwerk in K\u00fcrenz zusammen mit dem Theater Trier und der TRIWO AG als Spielst\u00e4tte hergerichtet.<\/p>\n<p style=\"text-align: justify;\">Dieses Gesamtkunstwerk von Musik, Handlung, Tanz und B\u00fchnenbild in Vereinigung vieler unterschiedlicher Talente und Stile ist aufgrund seiner Vielf\u00e4ltigkeit durchaus f\u00fcr \u201eJEDERMANN\u201c bestimmt. Um es einem noch breiteren Publikum zug\u00e4nglich zu machen, sind im Anschluss an die Auff\u00fchrungen in Trier weitere Gastspiele in der Gro\u00dfregion vorgesehen. Die Medienkampagne wurde in Kooperation mit Studenten des Fachbereichs Gestaltung der Hochschule Trier entwickelt. F\u00fcr die \u00d6ffentlichkeit zug\u00e4ngliche Proben am Spielort Walzwerk K\u00fcrenz sind ab September der Tagespresse zu entnehmen.<\/p>\n<p style=\"text-align: justify;\">Ein solches Projekt wie die Jazzoper BLUESHEETS ist nur m\u00f6glich durch die vielf\u00e4ltige Unterst\u00fctzung prominenter Geldgeber. Es wird ma\u00dfgeblich gef\u00f6rdert vom Fonds Soziokultur (Bundeskulturmittel), dem Land Rheinland-Pfalz, der Kulturstiftung Trier, der Kulturstiftung der Sparkasse und der Stadt Trier. Hauptsponsor ist das Trierer Familienunternehmen \u201eZur Blauen Hand\u201c, dessen Firmengeschichte eng mit der Tuchfabrik am Weberbach verbunden ist.<\/p>\n<p style=\"text-align: justify;\">Premiere: <strong>7. November 2015<\/strong> um 19.30 Uhr im Walzwerk in Trier K\u00fcrenz.<br \/>\nWeitere Spieltermine: <strong>8., 10., 27. <\/strong>und<strong> 28. November 2015<\/strong>, Beginn jeweils 19.30 Uhr. Die Halle ist vor den Vorstellungen jeweils ab 18 Uhr ge\u00f6ffnet.<\/p>\n<p style=\"text-align: justify;\">Tickets zum Preis von 25,-\/20,-\/15,- (erm\u00e4\u00dfigt 20,-\/15,-\/10,-) Euro sind ab sofort bei allen Ticket-Regional Vorverkaufsstellen und im Internet unter <a href=\"http:\/\/www.ticket-regional.de\/bluesheets\">www.ticket-regional.de\/bluesheets <\/a>erh\u00e4ltlich, au\u00dferdem an der Kasse des Trierer Theaters.<\/p>\n<p>&nbsp;<\/p>\n","protected":false},"excerpt":{"rendered":"<p>Die TUFA feiert ihr 30-j\u00e4hriges Jubil\u00e4um am 7. November mit der Urauff\u00fchrung der Jazzoper \u201eBLUE SHEETS\u201c. Mit diesem innovativen Projekt wird ein ganz neues Genre ge\u00adschaffen, das zudem an einem spektakul\u00e4ren Ort, dem ehemaligen Trierer Walzwerk im Stadtteil K\u00fcrenz, zur Auff\u00fchrung kommt. Die TUFA wird mit dieser Produktion ihrem soziokulturellen Anliegen in besonderem Ma\u00dfe gerecht. Sie vereint in dieser sehr aufw\u00e4ndigen Produktion \u00fcber hundert Mitwir\u00adkende, vom Profi bis zum Laien. Die Mehrzahl der Mitwirkenden kommt aus den Verei\u00adnen der TUFA. F\u00fcr zentrale Rollen konnten freischaffende S\u00e4nger, Schauspieler und T\u00e4nzer gewonnen werden. Tatkr\u00e4ftig wird das Projekt vom Theater Trier mit seiner Technik, seiner Werkstatt, seinem Fundus und nicht zuletzt zwei S\u00e4ngern unterst\u00fctzt. Die Idee, Jazz und Oper zusammenzubringen, stammt von Nils Thoma, dem langj\u00e4hrigen Vor\u00adsitzenden des Jazz-Club Trier. Die von ihm komponierte Musik f\u00fchrt durch die Geschichte des Jazz mit seinen vielen Ausdrucksformen und \u00fcbernimmt dabei Stile von Worksongs \u00fcber Bebop bis Cool Jazz, von den ersten Spuren \u00fcber Neotraditionalismus bis zu den modernsten Formen des Jazz-Raps und des Hip-Hop. Der Plot und das Libretto stammen von Stefan Bastians, einem erfahrenen, international t\u00e4tigen Theatermacher. Er greift &hellip;<\/p>\n","protected":false},"author":18,"featured_media":0,"comment_status":"open","ping_status":"closed","sticky":false,"template":"","format":"standard","meta":{"_jetpack_memberships_contains_paid_content":false,"footnotes":"","jetpack_publicize_message":"","jetpack_publicize_feature_enabled":true,"jetpack_social_post_already_shared":false,"jetpack_social_options":{"image_generator_settings":{"template":"highway","default_image_id":0,"font":"","enabled":false},"version":2}},"categories":[633],"tags":[120,198,214,10,548],"coauthors":[695],"class_list":["post-7272","post","type-post","status-publish","format-standard","hentry","category-nachrichten","tag-club","tag-geschichte","tag-halle","tag-jubilaeum","tag-tickets"],"yoast_head":"<!-- This site is optimized with the Yoast SEO plugin v27.5 - https:\/\/yoast.com\/product\/yoast-seo-wordpress\/ -->\n<title>BLUE SHEETS - Welturauff\u00fchrung einer Jazzoper in Trier - JazzZeitung<\/title>\n<meta name=\"robots\" content=\"index, follow, max-snippet:-1, max-image-preview:large, max-video-preview:-1\" \/>\n<link rel=\"canonical\" href=\"https:\/\/www.jazzzeitung.de\/cms\/2015\/10\/blue-sheets-welturauffuehrung-einer-jazzoper-trier\/\" \/>\n<meta property=\"og:locale\" content=\"de_DE\" \/>\n<meta property=\"og:type\" content=\"article\" \/>\n<meta property=\"og:title\" content=\"BLUE SHEETS - Welturauff\u00fchrung einer Jazzoper in Trier - JazzZeitung\" \/>\n<meta property=\"og:description\" content=\"Die TUFA feiert ihr 30-j\u00e4hriges Jubil\u00e4um am 7. November mit der Urauff\u00fchrung der Jazzoper \u201eBLUE SHEETS\u201c. Mit diesem innovativen Projekt wird ein ganz neues Genre ge\u00adschaffen, das zudem an einem spektakul\u00e4ren Ort, dem ehemaligen Trierer Walzwerk im Stadtteil K\u00fcrenz, zur Auff\u00fchrung kommt. Die TUFA wird mit dieser Produktion ihrem soziokulturellen Anliegen in besonderem Ma\u00dfe gerecht. Sie vereint in dieser sehr aufw\u00e4ndigen Produktion \u00fcber hundert Mitwir\u00adkende, vom Profi bis zum Laien. Die Mehrzahl der Mitwirkenden kommt aus den Verei\u00adnen der TUFA. F\u00fcr zentrale Rollen konnten freischaffende S\u00e4nger, Schauspieler und T\u00e4nzer gewonnen werden. Tatkr\u00e4ftig wird das Projekt vom Theater Trier mit seiner Technik, seiner Werkstatt, seinem Fundus und nicht zuletzt zwei S\u00e4ngern unterst\u00fctzt. Die Idee, Jazz und Oper zusammenzubringen, stammt von Nils Thoma, dem langj\u00e4hrigen Vor\u00adsitzenden des Jazz-Club Trier. Die von ihm komponierte Musik f\u00fchrt durch die Geschichte des Jazz mit seinen vielen Ausdrucksformen und \u00fcbernimmt dabei Stile von Worksongs \u00fcber Bebop bis Cool Jazz, von den ersten Spuren \u00fcber Neotraditionalismus bis zu den modernsten Formen des Jazz-Raps und des Hip-Hop. Der Plot und das Libretto stammen von Stefan Bastians, einem erfahrenen, international t\u00e4tigen Theatermacher. Er greift &hellip;\" \/>\n<meta property=\"og:url\" content=\"https:\/\/www.jazzzeitung.de\/cms\/2015\/10\/blue-sheets-welturauffuehrung-einer-jazzoper-trier\/\" \/>\n<meta property=\"og:site_name\" content=\"JazzZeitung\" \/>\n<meta property=\"article:publisher\" content=\"https:\/\/www.facebook.com\/JazzZeitung\/\" \/>\n<meta property=\"article:published_time\" content=\"2015-10-07T07:15:45+00:00\" \/>\n<meta property=\"article:modified_time\" content=\"2015-10-07T11:30:04+00:00\" \/>\n<meta property=\"og:image\" content=\"http:\/\/www.jazzzeitung.de\/cms\/wp-content\/uploads\/2015\/10\/E_1567.jpg\" \/>\n<meta name=\"author\" content=\"Redaktion JazzZeitung\" \/>\n<script type=\"application\/ld+json\" class=\"yoast-schema-graph\">{\"@context\":\"https:\\\/\\\/schema.org\",\"@graph\":[{\"@type\":\"Article\",\"@id\":\"https:\\\/\\\/www.jazzzeitung.de\\\/cms\\\/2015\\\/10\\\/blue-sheets-welturauffuehrung-einer-jazzoper-trier\\\/#article\",\"isPartOf\":{\"@id\":\"https:\\\/\\\/www.jazzzeitung.de\\\/cms\\\/2015\\\/10\\\/blue-sheets-welturauffuehrung-einer-jazzoper-trier\\\/\"},\"author\":{\"name\":\"Redaktion JazzZeitung\",\"@id\":\"https:\\\/\\\/www.jazzzeitung.de\\\/cms\\\/#\\\/schema\\\/person\\\/2245b36b9cd1d24cea10f01c031fb92b\"},\"headline\":\"BLUE SHEETS &#8211; Welturauff\u00fchrung einer Jazzoper in Trier\",\"datePublished\":\"2015-10-07T07:15:45+00:00\",\"dateModified\":\"2015-10-07T11:30:04+00:00\",\"mainEntityOfPage\":{\"@id\":\"https:\\\/\\\/www.jazzzeitung.de\\\/cms\\\/2015\\\/10\\\/blue-sheets-welturauffuehrung-einer-jazzoper-trier\\\/\"},\"wordCount\":523,\"commentCount\":0,\"publisher\":{\"@id\":\"https:\\\/\\\/www.jazzzeitung.de\\\/cms\\\/#organization\"},\"image\":{\"@id\":\"https:\\\/\\\/www.jazzzeitung.de\\\/cms\\\/2015\\\/10\\\/blue-sheets-welturauffuehrung-einer-jazzoper-trier\\\/#primaryimage\"},\"thumbnailUrl\":\"http:\\\/\\\/www.jazzzeitung.de\\\/cms\\\/wp-content\\\/uploads\\\/2015\\\/10\\\/E_1567.jpg\",\"keywords\":[\"Club\",\"Geschichte\",\"Halle\",\"Jubil\u00e4um\",\"Tickets\"],\"articleSection\":[\"News\"],\"inLanguage\":\"de\",\"potentialAction\":[{\"@type\":\"CommentAction\",\"name\":\"Comment\",\"target\":[\"https:\\\/\\\/www.jazzzeitung.de\\\/cms\\\/2015\\\/10\\\/blue-sheets-welturauffuehrung-einer-jazzoper-trier\\\/#respond\"]}]},{\"@type\":\"WebPage\",\"@id\":\"https:\\\/\\\/www.jazzzeitung.de\\\/cms\\\/2015\\\/10\\\/blue-sheets-welturauffuehrung-einer-jazzoper-trier\\\/\",\"url\":\"https:\\\/\\\/www.jazzzeitung.de\\\/cms\\\/2015\\\/10\\\/blue-sheets-welturauffuehrung-einer-jazzoper-trier\\\/\",\"name\":\"BLUE SHEETS - Welturauff\u00fchrung einer Jazzoper in Trier - JazzZeitung\",\"isPartOf\":{\"@id\":\"https:\\\/\\\/www.jazzzeitung.de\\\/cms\\\/#website\"},\"primaryImageOfPage\":{\"@id\":\"https:\\\/\\\/www.jazzzeitung.de\\\/cms\\\/2015\\\/10\\\/blue-sheets-welturauffuehrung-einer-jazzoper-trier\\\/#primaryimage\"},\"image\":{\"@id\":\"https:\\\/\\\/www.jazzzeitung.de\\\/cms\\\/2015\\\/10\\\/blue-sheets-welturauffuehrung-einer-jazzoper-trier\\\/#primaryimage\"},\"thumbnailUrl\":\"http:\\\/\\\/www.jazzzeitung.de\\\/cms\\\/wp-content\\\/uploads\\\/2015\\\/10\\\/E_1567.jpg\",\"datePublished\":\"2015-10-07T07:15:45+00:00\",\"dateModified\":\"2015-10-07T11:30:04+00:00\",\"breadcrumb\":{\"@id\":\"https:\\\/\\\/www.jazzzeitung.de\\\/cms\\\/2015\\\/10\\\/blue-sheets-welturauffuehrung-einer-jazzoper-trier\\\/#breadcrumb\"},\"inLanguage\":\"de\",\"potentialAction\":[{\"@type\":\"ReadAction\",\"target\":[\"https:\\\/\\\/www.jazzzeitung.de\\\/cms\\\/2015\\\/10\\\/blue-sheets-welturauffuehrung-einer-jazzoper-trier\\\/\"]}]},{\"@type\":\"ImageObject\",\"inLanguage\":\"de\",\"@id\":\"https:\\\/\\\/www.jazzzeitung.de\\\/cms\\\/2015\\\/10\\\/blue-sheets-welturauffuehrung-einer-jazzoper-trier\\\/#primaryimage\",\"url\":\"http:\\\/\\\/www.jazzzeitung.de\\\/cms\\\/wp-content\\\/uploads\\\/2015\\\/10\\\/E_1567.jpg\",\"contentUrl\":\"http:\\\/\\\/www.jazzzeitung.de\\\/cms\\\/wp-content\\\/uploads\\\/2015\\\/10\\\/E_1567.jpg\"},{\"@type\":\"BreadcrumbList\",\"@id\":\"https:\\\/\\\/www.jazzzeitung.de\\\/cms\\\/2015\\\/10\\\/blue-sheets-welturauffuehrung-einer-jazzoper-trier\\\/#breadcrumb\",\"itemListElement\":[{\"@type\":\"ListItem\",\"position\":1,\"name\":\"Startseite\",\"item\":\"https:\\\/\\\/www.jazzzeitung.de\\\/cms\\\/\"},{\"@type\":\"ListItem\",\"position\":2,\"name\":\"BLUE SHEETS &#8211; Welturauff\u00fchrung einer Jazzoper in Trier\"}]},{\"@type\":\"WebSite\",\"@id\":\"https:\\\/\\\/www.jazzzeitung.de\\\/cms\\\/#website\",\"url\":\"https:\\\/\\\/www.jazzzeitung.de\\\/cms\\\/\",\"name\":\"JazzZeitung\",\"description\":\"Jazz-News und Jazz-Kontroverses\",\"publisher\":{\"@id\":\"https:\\\/\\\/www.jazzzeitung.de\\\/cms\\\/#organization\"},\"potentialAction\":[{\"@type\":\"SearchAction\",\"target\":{\"@type\":\"EntryPoint\",\"urlTemplate\":\"https:\\\/\\\/www.jazzzeitung.de\\\/cms\\\/?s={search_term_string}\"},\"query-input\":{\"@type\":\"PropertyValueSpecification\",\"valueRequired\":true,\"valueName\":\"search_term_string\"}}],\"inLanguage\":\"de\"},{\"@type\":\"Organization\",\"@id\":\"https:\\\/\\\/www.jazzzeitung.de\\\/cms\\\/#organization\",\"name\":\"JazzZeitung online\",\"url\":\"https:\\\/\\\/www.jazzzeitung.de\\\/cms\\\/\",\"logo\":{\"@type\":\"ImageObject\",\"inLanguage\":\"de\",\"@id\":\"https:\\\/\\\/www.jazzzeitung.de\\\/cms\\\/#\\\/schema\\\/logo\\\/image\\\/\",\"url\":\"https:\\\/\\\/i0.wp.com\\\/www.jazzzeitung.de\\\/cms\\\/wp-content\\\/uploads\\\/2015\\\/08\\\/JAZZZEITUNGDE_Logo_Neu.png?fit=499%2C200&ssl=1\",\"contentUrl\":\"https:\\\/\\\/i0.wp.com\\\/www.jazzzeitung.de\\\/cms\\\/wp-content\\\/uploads\\\/2015\\\/08\\\/JAZZZEITUNGDE_Logo_Neu.png?fit=499%2C200&ssl=1\",\"width\":499,\"height\":200,\"caption\":\"JazzZeitung online\"},\"image\":{\"@id\":\"https:\\\/\\\/www.jazzzeitung.de\\\/cms\\\/#\\\/schema\\\/logo\\\/image\\\/\"},\"sameAs\":[\"https:\\\/\\\/www.facebook.com\\\/JazzZeitung\\\/\"]},{\"@type\":\"Person\",\"@id\":\"https:\\\/\\\/www.jazzzeitung.de\\\/cms\\\/#\\\/schema\\\/person\\\/2245b36b9cd1d24cea10f01c031fb92b\",\"name\":\"Redaktion JazzZeitung\",\"image\":{\"@type\":\"ImageObject\",\"inLanguage\":\"de\",\"@id\":\"https:\\\/\\\/i0.wp.com\\\/www.jazzzeitung.de\\\/cms\\\/wp-content\\\/uploads\\\/2015\\\/08\\\/JAZZZEITUNGDE_Logo_Neu.png?resize=96%2C96&ssl=159975dcacb611b5700bd619b5daf0a7a\",\"url\":\"https:\\\/\\\/i0.wp.com\\\/www.jazzzeitung.de\\\/cms\\\/wp-content\\\/uploads\\\/2015\\\/08\\\/JAZZZEITUNGDE_Logo_Neu.png?resize=96%2C96&ssl=1\",\"contentUrl\":\"https:\\\/\\\/i0.wp.com\\\/www.jazzzeitung.de\\\/cms\\\/wp-content\\\/uploads\\\/2015\\\/08\\\/JAZZZEITUNGDE_Logo_Neu.png?resize=96%2C96&ssl=1\",\"caption\":\"Redaktion JazzZeitung\"},\"description\":\"Artikel der Redaktion der JazzZeitung.\",\"sameAs\":[\"http:\\\/\\\/www.jazzzeitung.de\\\/cms\\\/\"],\"url\":\"https:\\\/\\\/www.jazzzeitung.de\\\/cms\\\/author\\\/redaktion\\\/\"}]}<\/script>\n<!-- \/ Yoast SEO plugin. -->","yoast_head_json":{"title":"BLUE SHEETS - Welturauff\u00fchrung einer Jazzoper in Trier - JazzZeitung","robots":{"index":"index","follow":"follow","max-snippet":"max-snippet:-1","max-image-preview":"max-image-preview:large","max-video-preview":"max-video-preview:-1"},"canonical":"https:\/\/www.jazzzeitung.de\/cms\/2015\/10\/blue-sheets-welturauffuehrung-einer-jazzoper-trier\/","og_locale":"de_DE","og_type":"article","og_title":"BLUE SHEETS - Welturauff\u00fchrung einer Jazzoper in Trier - JazzZeitung","og_description":"Die TUFA feiert ihr 30-j\u00e4hriges Jubil\u00e4um am 7. November mit der Urauff\u00fchrung der Jazzoper \u201eBLUE SHEETS\u201c. Mit diesem innovativen Projekt wird ein ganz neues Genre ge\u00adschaffen, das zudem an einem spektakul\u00e4ren Ort, dem ehemaligen Trierer Walzwerk im Stadtteil K\u00fcrenz, zur Auff\u00fchrung kommt. Die TUFA wird mit dieser Produktion ihrem soziokulturellen Anliegen in besonderem Ma\u00dfe gerecht. Sie vereint in dieser sehr aufw\u00e4ndigen Produktion \u00fcber hundert Mitwir\u00adkende, vom Profi bis zum Laien. Die Mehrzahl der Mitwirkenden kommt aus den Verei\u00adnen der TUFA. F\u00fcr zentrale Rollen konnten freischaffende S\u00e4nger, Schauspieler und T\u00e4nzer gewonnen werden. Tatkr\u00e4ftig wird das Projekt vom Theater Trier mit seiner Technik, seiner Werkstatt, seinem Fundus und nicht zuletzt zwei S\u00e4ngern unterst\u00fctzt. Die Idee, Jazz und Oper zusammenzubringen, stammt von Nils Thoma, dem langj\u00e4hrigen Vor\u00adsitzenden des Jazz-Club Trier. Die von ihm komponierte Musik f\u00fchrt durch die Geschichte des Jazz mit seinen vielen Ausdrucksformen und \u00fcbernimmt dabei Stile von Worksongs \u00fcber Bebop bis Cool Jazz, von den ersten Spuren \u00fcber Neotraditionalismus bis zu den modernsten Formen des Jazz-Raps und des Hip-Hop. Der Plot und das Libretto stammen von Stefan Bastians, einem erfahrenen, international t\u00e4tigen Theatermacher. Er greift &hellip;","og_url":"https:\/\/www.jazzzeitung.de\/cms\/2015\/10\/blue-sheets-welturauffuehrung-einer-jazzoper-trier\/","og_site_name":"JazzZeitung","article_publisher":"https:\/\/www.facebook.com\/JazzZeitung\/","article_published_time":"2015-10-07T07:15:45+00:00","article_modified_time":"2015-10-07T11:30:04+00:00","og_image":[{"url":"http:\/\/www.jazzzeitung.de\/cms\/wp-content\/uploads\/2015\/10\/E_1567.jpg","type":"","width":"","height":""}],"author":"Redaktion JazzZeitung","schema":{"@context":"https:\/\/schema.org","@graph":[{"@type":"Article","@id":"https:\/\/www.jazzzeitung.de\/cms\/2015\/10\/blue-sheets-welturauffuehrung-einer-jazzoper-trier\/#article","isPartOf":{"@id":"https:\/\/www.jazzzeitung.de\/cms\/2015\/10\/blue-sheets-welturauffuehrung-einer-jazzoper-trier\/"},"author":{"name":"Redaktion JazzZeitung","@id":"https:\/\/www.jazzzeitung.de\/cms\/#\/schema\/person\/2245b36b9cd1d24cea10f01c031fb92b"},"headline":"BLUE SHEETS &#8211; Welturauff\u00fchrung einer Jazzoper in Trier","datePublished":"2015-10-07T07:15:45+00:00","dateModified":"2015-10-07T11:30:04+00:00","mainEntityOfPage":{"@id":"https:\/\/www.jazzzeitung.de\/cms\/2015\/10\/blue-sheets-welturauffuehrung-einer-jazzoper-trier\/"},"wordCount":523,"commentCount":0,"publisher":{"@id":"https:\/\/www.jazzzeitung.de\/cms\/#organization"},"image":{"@id":"https:\/\/www.jazzzeitung.de\/cms\/2015\/10\/blue-sheets-welturauffuehrung-einer-jazzoper-trier\/#primaryimage"},"thumbnailUrl":"http:\/\/www.jazzzeitung.de\/cms\/wp-content\/uploads\/2015\/10\/E_1567.jpg","keywords":["Club","Geschichte","Halle","Jubil\u00e4um","Tickets"],"articleSection":["News"],"inLanguage":"de","potentialAction":[{"@type":"CommentAction","name":"Comment","target":["https:\/\/www.jazzzeitung.de\/cms\/2015\/10\/blue-sheets-welturauffuehrung-einer-jazzoper-trier\/#respond"]}]},{"@type":"WebPage","@id":"https:\/\/www.jazzzeitung.de\/cms\/2015\/10\/blue-sheets-welturauffuehrung-einer-jazzoper-trier\/","url":"https:\/\/www.jazzzeitung.de\/cms\/2015\/10\/blue-sheets-welturauffuehrung-einer-jazzoper-trier\/","name":"BLUE SHEETS - Welturauff\u00fchrung einer Jazzoper in Trier - JazzZeitung","isPartOf":{"@id":"https:\/\/www.jazzzeitung.de\/cms\/#website"},"primaryImageOfPage":{"@id":"https:\/\/www.jazzzeitung.de\/cms\/2015\/10\/blue-sheets-welturauffuehrung-einer-jazzoper-trier\/#primaryimage"},"image":{"@id":"https:\/\/www.jazzzeitung.de\/cms\/2015\/10\/blue-sheets-welturauffuehrung-einer-jazzoper-trier\/#primaryimage"},"thumbnailUrl":"http:\/\/www.jazzzeitung.de\/cms\/wp-content\/uploads\/2015\/10\/E_1567.jpg","datePublished":"2015-10-07T07:15:45+00:00","dateModified":"2015-10-07T11:30:04+00:00","breadcrumb":{"@id":"https:\/\/www.jazzzeitung.de\/cms\/2015\/10\/blue-sheets-welturauffuehrung-einer-jazzoper-trier\/#breadcrumb"},"inLanguage":"de","potentialAction":[{"@type":"ReadAction","target":["https:\/\/www.jazzzeitung.de\/cms\/2015\/10\/blue-sheets-welturauffuehrung-einer-jazzoper-trier\/"]}]},{"@type":"ImageObject","inLanguage":"de","@id":"https:\/\/www.jazzzeitung.de\/cms\/2015\/10\/blue-sheets-welturauffuehrung-einer-jazzoper-trier\/#primaryimage","url":"http:\/\/www.jazzzeitung.de\/cms\/wp-content\/uploads\/2015\/10\/E_1567.jpg","contentUrl":"http:\/\/www.jazzzeitung.de\/cms\/wp-content\/uploads\/2015\/10\/E_1567.jpg"},{"@type":"BreadcrumbList","@id":"https:\/\/www.jazzzeitung.de\/cms\/2015\/10\/blue-sheets-welturauffuehrung-einer-jazzoper-trier\/#breadcrumb","itemListElement":[{"@type":"ListItem","position":1,"name":"Startseite","item":"https:\/\/www.jazzzeitung.de\/cms\/"},{"@type":"ListItem","position":2,"name":"BLUE SHEETS &#8211; Welturauff\u00fchrung einer Jazzoper in Trier"}]},{"@type":"WebSite","@id":"https:\/\/www.jazzzeitung.de\/cms\/#website","url":"https:\/\/www.jazzzeitung.de\/cms\/","name":"JazzZeitung","description":"Jazz-News und Jazz-Kontroverses","publisher":{"@id":"https:\/\/www.jazzzeitung.de\/cms\/#organization"},"potentialAction":[{"@type":"SearchAction","target":{"@type":"EntryPoint","urlTemplate":"https:\/\/www.jazzzeitung.de\/cms\/?s={search_term_string}"},"query-input":{"@type":"PropertyValueSpecification","valueRequired":true,"valueName":"search_term_string"}}],"inLanguage":"de"},{"@type":"Organization","@id":"https:\/\/www.jazzzeitung.de\/cms\/#organization","name":"JazzZeitung online","url":"https:\/\/www.jazzzeitung.de\/cms\/","logo":{"@type":"ImageObject","inLanguage":"de","@id":"https:\/\/www.jazzzeitung.de\/cms\/#\/schema\/logo\/image\/","url":"https:\/\/i0.wp.com\/www.jazzzeitung.de\/cms\/wp-content\/uploads\/2015\/08\/JAZZZEITUNGDE_Logo_Neu.png?fit=499%2C200&ssl=1","contentUrl":"https:\/\/i0.wp.com\/www.jazzzeitung.de\/cms\/wp-content\/uploads\/2015\/08\/JAZZZEITUNGDE_Logo_Neu.png?fit=499%2C200&ssl=1","width":499,"height":200,"caption":"JazzZeitung online"},"image":{"@id":"https:\/\/www.jazzzeitung.de\/cms\/#\/schema\/logo\/image\/"},"sameAs":["https:\/\/www.facebook.com\/JazzZeitung\/"]},{"@type":"Person","@id":"https:\/\/www.jazzzeitung.de\/cms\/#\/schema\/person\/2245b36b9cd1d24cea10f01c031fb92b","name":"Redaktion JazzZeitung","image":{"@type":"ImageObject","inLanguage":"de","@id":"https:\/\/i0.wp.com\/www.jazzzeitung.de\/cms\/wp-content\/uploads\/2015\/08\/JAZZZEITUNGDE_Logo_Neu.png?resize=96%2C96&ssl=159975dcacb611b5700bd619b5daf0a7a","url":"https:\/\/i0.wp.com\/www.jazzzeitung.de\/cms\/wp-content\/uploads\/2015\/08\/JAZZZEITUNGDE_Logo_Neu.png?resize=96%2C96&ssl=1","contentUrl":"https:\/\/i0.wp.com\/www.jazzzeitung.de\/cms\/wp-content\/uploads\/2015\/08\/JAZZZEITUNGDE_Logo_Neu.png?resize=96%2C96&ssl=1","caption":"Redaktion JazzZeitung"},"description":"Artikel der Redaktion der JazzZeitung.","sameAs":["http:\/\/www.jazzzeitung.de\/cms\/"],"url":"https:\/\/www.jazzzeitung.de\/cms\/author\/redaktion\/"}]}},"wp-worthy-pixel":{"ignored":false,"public":null,"server":null,"url":null},"wp-worthy-type":"normal","jetpack_publicize_connections":[],"cc_featured_image_caption":{"caption_text":false,"source_text":false,"source_url":false},"jetpack_featured_media_url":"","jetpack_shortlink":"https:\/\/wp.me\/p3KEcT-1Ti","jetpack-related-posts":[{"id":8673,"url":"https:\/\/www.jazzzeitung.de\/cms\/2016\/03\/crowdfunding-kampagne-zum-buch-10-jahre-women-jazz-gestartet\/","url_meta":{"origin":7272,"position":0},"title":"Crowdfunding-Kampagne zum Buch \u201e10 Jahre WOMEN IN JAZZ\u201c gestartet","author":"Redaktion JazzZeitung","date":"10. M\u00e4rz 2016","format":false,"excerpt":"2015 feierte das Internationale Jazzfestival WOMEN IN JAZZ Halle\/Saale sein 10. Jubil\u00e4um. Diesen Anlass nutzte Festivalfotograf R\u00fcdiger Schestag, der das Festival WOMEN IN JAZZ schon seit der ersten Ausgabe fotografisch begleitet, um einen hochwertigen Bildband \u00fcber die internationale weibliche Jazzszene zu konzipieren. Im Fokus stehen die K\u00fcnstlerinnen, die in den\u2026","rel":"","context":"In &quot;Redaktionelle Nachrichten&quot;","block_context":{"text":"Redaktionelle Nachrichten","link":"https:\/\/www.jazzzeitung.de\/cms\/thema\/redaktion\/"},"img":{"alt_text":"RuedigerSchestag","src":"https:\/\/i0.wp.com\/www.jazzzeitung.de\/cms\/wp-content\/uploads\/2016\/03\/RuedigerSchestag-150x150.jpg?resize=350%2C200","width":350,"height":200},"classes":[]},{"id":20019,"url":"https:\/\/www.jazzzeitung.de\/cms\/2019\/07\/einhaldenfestival-vom-25-bis-28-juli-2019-auf-dem-kaseshof-in-geratsreute\/","url_meta":{"origin":7272,"position":1},"title":"Gro\u00dfe Kleinkunst, viel Jazz &#038; Soul und feine Salonmusik: das Einhaldenfestival vom 25. bis 28. Juli 2019 auf dem Kaseshof in Geratsreute","author":"Redaktion JazzZeitung","date":"10. Juli 2019","format":false,"excerpt":"Ravensburg. Das Einhaldenfestival ist ein Musik-und Kabarett-Festival unter dem freien Himmel Oberschwabens. Seit 2004 lockt das Kultur-Projekt jeden Sommer erstklassige Virtuosen und Charakterk\u00f6pfe ins l\u00e4ndliche Gr\u00fcn. Sie kommen aus allen Ecken des Landes und der Welt. F\u00fcr viele von ihnen wird das famili\u00e4re Festival ein St\u00fcck zuhause. In diesem Sommer\u2026","rel":"","context":"In &quot;Galerie&quot;","block_context":{"text":"Galerie","link":"https:\/\/www.jazzzeitung.de\/cms\/thema\/galerie\/"},"img":{"alt_text":"","src":"https:\/\/i0.wp.com\/www.jazzzeitung.de\/cms\/wp-content\/uploads\/2019\/07\/Einhalden-7583-c-Beate-Armbruster-300dpi-30x20cm.jpg?fit=1200%2C800&ssl=1&resize=350%2C200","width":350,"height":200,"srcset":"https:\/\/i0.wp.com\/www.jazzzeitung.de\/cms\/wp-content\/uploads\/2019\/07\/Einhalden-7583-c-Beate-Armbruster-300dpi-30x20cm.jpg?fit=1200%2C800&ssl=1&resize=350%2C200 1x, https:\/\/i0.wp.com\/www.jazzzeitung.de\/cms\/wp-content\/uploads\/2019\/07\/Einhalden-7583-c-Beate-Armbruster-300dpi-30x20cm.jpg?fit=1200%2C800&ssl=1&resize=525%2C300 1.5x, https:\/\/i0.wp.com\/www.jazzzeitung.de\/cms\/wp-content\/uploads\/2019\/07\/Einhalden-7583-c-Beate-Armbruster-300dpi-30x20cm.jpg?fit=1200%2C800&ssl=1&resize=700%2C400 2x, https:\/\/i0.wp.com\/www.jazzzeitung.de\/cms\/wp-content\/uploads\/2019\/07\/Einhalden-7583-c-Beate-Armbruster-300dpi-30x20cm.jpg?fit=1200%2C800&ssl=1&resize=1050%2C600 3x"},"classes":[]},{"id":9625,"url":"https:\/\/www.jazzzeitung.de\/cms\/2016\/07\/schoene-kuenste-zum-40-jubilaeum-der-leipziger-jazztage\/","url_meta":{"origin":7272,"position":2},"title":"\u201eSch\u00f6ne K\u00fcnste\u201c zum 40. Jubil\u00e4um der Leipziger Jazztage","author":"Redaktion JazzZeitung","date":"5. Juli 2016","format":false,"excerpt":"Jazz und Tanz \u2013 Jazz und Poesie \u2013 Jazz und Malerei: Die Leipziger Jazztage stehen in ihrer 40. Ausgabe vom 29. September bis 8. Oktober 2016 im Zeichen der \u201eSch\u00f6nen K\u00fcnste\u201c. Unter der Schirmherrschaft von Leipzigs Oberb\u00fcrgermeister Burkhard Jung pr\u00e4sentiert der Jazzclub Leipzig zahlreiche Eigenproduktionen und Auftragsarbeiten mit internationalen Stars,\u2026","rel":"","context":"In &quot;News&quot;","block_context":{"text":"News","link":"https:\/\/www.jazzzeitung.de\/cms\/thema\/nachrichten\/"},"img":{"alt_text":"leipzig","src":"https:\/\/i0.wp.com\/www.jazzzeitung.de\/cms\/wp-content\/uploads\/2016\/07\/leipzig-150x150.jpg?resize=350%2C200","width":350,"height":200},"classes":[]},{"id":22079,"url":"https:\/\/www.jazzzeitung.de\/cms\/2020\/03\/news-internationales-jazzfestival-saalfelden-2020\/","url_meta":{"origin":7272,"position":3},"title":"news +++ Internationales Jazzfestival Saalfelden 2020 +++ Bingen swingt im 25. Jahr +++","author":"Redaktion JazzZeitung","date":"6. M\u00e4rz 2020","format":false,"excerpt":"+++Das \u00f6sterreichische Element beim Internationalen Jazzfestival Saalfelden 2020+++ Das Jazzfestival Saalfelden findet dieses Jahr vom 20.- 23. August statt. Das Festival ist bekannt daf\u00fcr, nicht nur internationalen Acts, sondern insbesondere auch der heimischen Musikszene eine B\u00fchne zu bieten. Auch 2020 zeigt Saalfelden einen Ausschnitt aus der Vielfalt der \u00f6sterreichischen Jazzszene\u2026","rel":"","context":"In &quot;News&quot;","block_context":{"text":"News","link":"https:\/\/www.jazzzeitung.de\/cms\/thema\/nachrichten\/"},"img":{"alt_text":"","src":"https:\/\/i0.wp.com\/www.jazzzeitung.de\/cms\/wp-content\/uploads\/2020\/03\/beitragsbildFabian-Rucker-Press2020_5-%C2%A9Severin-Koller.jpg?fit=1200%2C939&ssl=1&resize=350%2C200","width":350,"height":200,"srcset":"https:\/\/i0.wp.com\/www.jazzzeitung.de\/cms\/wp-content\/uploads\/2020\/03\/beitragsbildFabian-Rucker-Press2020_5-%C2%A9Severin-Koller.jpg?fit=1200%2C939&ssl=1&resize=350%2C200 1x, https:\/\/i0.wp.com\/www.jazzzeitung.de\/cms\/wp-content\/uploads\/2020\/03\/beitragsbildFabian-Rucker-Press2020_5-%C2%A9Severin-Koller.jpg?fit=1200%2C939&ssl=1&resize=525%2C300 1.5x, https:\/\/i0.wp.com\/www.jazzzeitung.de\/cms\/wp-content\/uploads\/2020\/03\/beitragsbildFabian-Rucker-Press2020_5-%C2%A9Severin-Koller.jpg?fit=1200%2C939&ssl=1&resize=700%2C400 2x, https:\/\/i0.wp.com\/www.jazzzeitung.de\/cms\/wp-content\/uploads\/2020\/03\/beitragsbildFabian-Rucker-Press2020_5-%C2%A9Severin-Koller.jpg?fit=1200%2C939&ssl=1&resize=1050%2C600 3x"},"classes":[]},{"id":18933,"url":"https:\/\/www.jazzzeitung.de\/cms\/2019\/03\/news-joy-life-love-in-graz-sheila-jordan-mit-studierenden-der-kunstuniversitaet-10-jubilaeum-fuer-zettbe-das-magazin-nun-neu-40-internationales-jazzfestival-saalfelden\/","url_meta":{"origin":7272,"position":4},"title":"+++ News: +++ \u201eJoy \u2013 Life \u2013 Love\u201c in Graz: Sheila Jordan mit Studierenden der Kunstuniversit\u00e4t +++ 10. Jubil\u00e4um f\u00fcr Zettbe, das Magazin nun: \u201eNeu\u201c +++ 40. Internationales Jazzfestival Saalfelden +++","author":"Redaktion JazzZeitung","date":"14. M\u00e4rz 2019","format":false,"excerpt":"Artist in Residence: Joy \u2013 Life \u2013 Love an der KUG mit Sheila Jordan in Graz Erneut begr\u00fc\u00dft das Institut f\u00fcr Jazz der Kunstuniversit\u00e4t das KUG-Ehrenmitglied Sheila Jordan als Artist in Residence in Graz. Neben ihren Workshops mit den KUG-Studentinnen und Studenten ist die amerikanische Jazzgr\u00f6\u00dfe am 25. M\u00e4rz Sheila\u2026","rel":"","context":"In &quot;News&quot;","block_context":{"text":"News","link":"https:\/\/www.jazzzeitung.de\/cms\/thema\/nachrichten\/"},"img":{"alt_text":"","src":"https:\/\/i0.wp.com\/www.jazzzeitung.de\/cms\/wp-content\/uploads\/2019\/03\/BeitragsbildKUGJazz_SheilaJordan_JohannesGellner.jpg?fit=1200%2C800&ssl=1&resize=350%2C200","width":350,"height":200,"srcset":"https:\/\/i0.wp.com\/www.jazzzeitung.de\/cms\/wp-content\/uploads\/2019\/03\/BeitragsbildKUGJazz_SheilaJordan_JohannesGellner.jpg?fit=1200%2C800&ssl=1&resize=350%2C200 1x, https:\/\/i0.wp.com\/www.jazzzeitung.de\/cms\/wp-content\/uploads\/2019\/03\/BeitragsbildKUGJazz_SheilaJordan_JohannesGellner.jpg?fit=1200%2C800&ssl=1&resize=525%2C300 1.5x, https:\/\/i0.wp.com\/www.jazzzeitung.de\/cms\/wp-content\/uploads\/2019\/03\/BeitragsbildKUGJazz_SheilaJordan_JohannesGellner.jpg?fit=1200%2C800&ssl=1&resize=700%2C400 2x, https:\/\/i0.wp.com\/www.jazzzeitung.de\/cms\/wp-content\/uploads\/2019\/03\/BeitragsbildKUGJazz_SheilaJordan_JohannesGellner.jpg?fit=1200%2C800&ssl=1&resize=1050%2C600 3x"},"classes":[]},{"id":13013,"url":"https:\/\/www.jazzzeitung.de\/cms\/2017\/07\/reinier-baas\/","url_meta":{"origin":7272,"position":5},"title":"Reinier Baas und seine Prinzessinnen","author":"Redaktion JazzZeitung","date":"12. Juli 2017","format":false,"excerpt":"Der diesj\u00e4hrige Composer in Residence des S\u00fcdtriol Jazzfestival Alto Adige hie\u00df Reinier Baas.\u00a0 Der holl\u00e4ndische Gitarristen gestaltete den Er\u00f6ffnungsabend im Messezentrum von Bozen mit einer unterhaltsam-skurrilen Mischung aus Konzeptmusik, medien\u00fcbergreifender Gestaltungsidee und subversivem Witz. Im Mittelpunkt stehen die Zeichnungen von Cartoon-K\u00fcnstler Raymond Koot (Typex), die eine etwas holprige Liebes- und\u2026","rel":"","context":"In &quot;Portrait&quot;","block_context":{"text":"Portrait","link":"https:\/\/www.jazzzeitung.de\/cms\/thema\/portrait\/"},"img":{"alt_text":"Renier Baas (g), Princess Discombobulatix, S\u00fcdtirol Jazzfestival Alto Adige, Bozen, Messe, Foto Ralf Dombrowski","src":"https:\/\/i0.wp.com\/www.jazzzeitung.de\/cms\/wp-content\/uploads\/2017\/07\/0K3A1088-Reinier-Baas-dombr.jpg?fit=1200%2C857&ssl=1&resize=350%2C200","width":350,"height":200,"srcset":"https:\/\/i0.wp.com\/www.jazzzeitung.de\/cms\/wp-content\/uploads\/2017\/07\/0K3A1088-Reinier-Baas-dombr.jpg?fit=1200%2C857&ssl=1&resize=350%2C200 1x, https:\/\/i0.wp.com\/www.jazzzeitung.de\/cms\/wp-content\/uploads\/2017\/07\/0K3A1088-Reinier-Baas-dombr.jpg?fit=1200%2C857&ssl=1&resize=525%2C300 1.5x, https:\/\/i0.wp.com\/www.jazzzeitung.de\/cms\/wp-content\/uploads\/2017\/07\/0K3A1088-Reinier-Baas-dombr.jpg?fit=1200%2C857&ssl=1&resize=700%2C400 2x, https:\/\/i0.wp.com\/www.jazzzeitung.de\/cms\/wp-content\/uploads\/2017\/07\/0K3A1088-Reinier-Baas-dombr.jpg?fit=1200%2C857&ssl=1&resize=1050%2C600 3x"},"classes":[]}],"jetpack_sharing_enabled":true,"_links":{"self":[{"href":"https:\/\/www.jazzzeitung.de\/cms\/wp-json\/wp\/v2\/posts\/7272","targetHints":{"allow":["GET"]}}],"collection":[{"href":"https:\/\/www.jazzzeitung.de\/cms\/wp-json\/wp\/v2\/posts"}],"about":[{"href":"https:\/\/www.jazzzeitung.de\/cms\/wp-json\/wp\/v2\/types\/post"}],"author":[{"embeddable":true,"href":"https:\/\/www.jazzzeitung.de\/cms\/wp-json\/wp\/v2\/users\/18"}],"replies":[{"embeddable":true,"href":"https:\/\/www.jazzzeitung.de\/cms\/wp-json\/wp\/v2\/comments?post=7272"}],"version-history":[{"count":5,"href":"https:\/\/www.jazzzeitung.de\/cms\/wp-json\/wp\/v2\/posts\/7272\/revisions"}],"predecessor-version":[{"id":7305,"href":"https:\/\/www.jazzzeitung.de\/cms\/wp-json\/wp\/v2\/posts\/7272\/revisions\/7305"}],"wp:attachment":[{"href":"https:\/\/www.jazzzeitung.de\/cms\/wp-json\/wp\/v2\/media?parent=7272"}],"wp:term":[{"taxonomy":"category","embeddable":true,"href":"https:\/\/www.jazzzeitung.de\/cms\/wp-json\/wp\/v2\/categories?post=7272"},{"taxonomy":"post_tag","embeddable":true,"href":"https:\/\/www.jazzzeitung.de\/cms\/wp-json\/wp\/v2\/tags?post=7272"},{"taxonomy":"author","embeddable":true,"href":"https:\/\/www.jazzzeitung.de\/cms\/wp-json\/wp\/v2\/coauthors?post=7272"}],"curies":[{"name":"wp","href":"https:\/\/api.w.org\/{rel}","templated":true}]}}