{"id":724,"date":"2011-02-03T13:53:30","date_gmt":"2011-02-03T12:53:30","guid":{"rendered":"http:\/\/blogs.nmz.de\/jazz\/?p=724"},"modified":"2011-02-03T13:53:30","modified_gmt":"2011-02-03T12:53:30","slug":"wo-sind-die-schweden","status":"publish","type":"post","link":"https:\/\/www.jazzzeitung.de\/cms\/2011\/02\/wo-sind-die-schweden\/","title":{"rendered":"Wo sind die Schweden?"},"content":{"rendered":"<p>Dieser Tage startet wieder Halles \u00d6stro-Jazz-Festival <em>Women in Jazz<\/em>. Beim durchforsten des Programms f\u00e4llt auf, dass nicht alle K\u00fcnstlerinnen aus Skandinavien kommen oder bei ACT unter Vertrag stehen. Skandal!<\/p>\n<p>Gut, die D\u00e4nin Sidsel Storm ist wenigstens f\u00fcr ein schwedisches Wiegenlied gut und als ACT der Vers\u00f6hnung ist wohl die Ladung von Lars Danielsson als Special Guest zu werten: Der ist Skandinavier, bei ACT und wird wahrscheinlich bei der Zugabe verk\u00fcnden, dass er sein weiteres Leben als Cellistin verbringen m\u00f6chte.<\/p>\n<p>Wie es zu diesem Fehlverhalten kommen konnte und wer daf\u00fcr verantwortlich ist, kann wohl nur der Videobeweis aufkl\u00e4ren. Da dieser von der Jazz-Polizei nach wie vor abgelehnt wird, hilft nur pers\u00f6nliche Anwesenheit im Stadion. Wir rufen jedoch alle Ultras zur M\u00e4\u00dfigung auf und bitten, das Z\u00fcnden von Feuerwerksk\u00f6rpern zu unterlassen!<\/p>\n<figure id=\"attachment_725\" aria-describedby=\"caption-attachment-725\" style=\"width: 300px\" class=\"wp-caption aligncenter\"><a href=\"https:\/\/i0.wp.com\/www.jazzzeitung.de\/cms\/wp-content\/uploads\/2011\/02\/wij_logo.jpg\"><img data-recalc-dims=\"1\" loading=\"lazy\" decoding=\"async\" data-attachment-id=\"725\" data-permalink=\"https:\/\/www.jazzzeitung.de\/cms\/2011\/02\/wo-sind-die-schweden\/wij_logo\/\" data-orig-file=\"https:\/\/i0.wp.com\/www.jazzzeitung.de\/cms\/wp-content\/uploads\/2011\/02\/wij_logo.jpg?fit=2036%2C1062&amp;ssl=1\" data-orig-size=\"2036,1062\" data-comments-opened=\"1\" data-image-meta=\"{&quot;aperture&quot;:&quot;0&quot;,&quot;credit&quot;:&quot;&quot;,&quot;camera&quot;:&quot;&quot;,&quot;caption&quot;:&quot;&quot;,&quot;created_timestamp&quot;:&quot;0&quot;,&quot;copyright&quot;:&quot;&quot;,&quot;focal_length&quot;:&quot;0&quot;,&quot;iso&quot;:&quot;0&quot;,&quot;shutter_speed&quot;:&quot;0&quot;,&quot;title&quot;:&quot;&quot;}\" data-image-title=\"wij_logo\" data-image-description=\"\" data-image-caption=\"&lt;p&gt;Women in Jazz \u2013 Jazzfrauen in Halle&lt;\/p&gt;\n\" data-large-file=\"https:\/\/i0.wp.com\/www.jazzzeitung.de\/cms\/wp-content\/uploads\/2011\/02\/wij_logo.jpg?fit=840%2C438&amp;ssl=1\" class=\"size-medium wp-image-725\" title=\"wij_logo\" src=\"https:\/\/i0.wp.com\/www.jazzzeitung.de\/cms\/wp-content\/uploads\/2011\/02\/wij_logo-300x156.jpg?resize=300%2C156\" alt=\"Women in Jazz \u2013 Jazzfrauen in Halle\" width=\"300\" height=\"156\" srcset=\"https:\/\/i0.wp.com\/www.jazzzeitung.de\/cms\/wp-content\/uploads\/2011\/02\/wij_logo.jpg?resize=300%2C156&amp;ssl=1 300w, https:\/\/i0.wp.com\/www.jazzzeitung.de\/cms\/wp-content\/uploads\/2011\/02\/wij_logo.jpg?resize=1024%2C534&amp;ssl=1 1024w, https:\/\/i0.wp.com\/www.jazzzeitung.de\/cms\/wp-content\/uploads\/2011\/02\/wij_logo.jpg?w=2036&amp;ssl=1 2036w, https:\/\/i0.wp.com\/www.jazzzeitung.de\/cms\/wp-content\/uploads\/2011\/02\/wij_logo.jpg?w=1680&amp;ssl=1 1680w\" sizes=\"auto, (max-width: 300px) 100vw, 300px\" \/><\/a><figcaption id=\"caption-attachment-725\" class=\"wp-caption-text\">Women in Jazz \u2013 Jazzfrauen in Halle<\/figcaption><\/figure>\n<p style=\"text-align: left\">Links:<\/p>\n<p style=\"text-align: left\"><a href=\"http:\/\/www.womeninjazz.de\/\" target=\"_blank\">Women in Jazz<\/a><\/p>\n<p style=\"text-align: left\"><a href=\"http:\/\/www.nmz.de\/online\/jazz-aus-europa-im-focus-das-6-internationale-jazzfestival-women-in-jazz\" target=\"_blank\">Das WIJ-Programm in der nmz<\/a><\/p>\n","protected":false},"excerpt":{"rendered":"<p>Dieser Tage startet wieder Halles \u00d6stro-Jazz-Festival Women in Jazz. Beim durchforsten des Programms f\u00e4llt auf, dass nicht alle K\u00fcnstlerinnen aus Skandinavien kommen oder bei ACT unter Vertrag stehen. Skandal! Gut, die D\u00e4nin Sidsel Storm ist wenigstens f\u00fcr ein schwedisches Wiegenlied gut und als ACT der Vers\u00f6hnung ist wohl die Ladung von Lars Danielsson als Special Guest zu werten: Der ist Skandinavier, bei ACT und wird wahrscheinlich bei der Zugabe verk\u00fcnden, dass er sein weiteres Leben als Cellistin verbringen m\u00f6chte. Wie es zu diesem Fehlverhalten kommen konnte und wer daf\u00fcr verantwortlich ist, kann wohl nur der Videobeweis aufkl\u00e4ren. Da dieser von der Jazz-Polizei nach wie vor abgelehnt wird, hilft nur pers\u00f6nliche Anwesenheit im Stadion. Wir rufen jedoch alle Ultras zur M\u00e4\u00dfigung auf und bitten, das Z\u00fcnden von Feuerwerksk\u00f6rpern zu unterlassen! Links: Women in Jazz Das WIJ-Programm in der nmz<\/p>\n","protected":false},"author":4,"featured_media":0,"comment_status":"open","ping_status":"open","sticky":false,"template":"","format":"standard","meta":{"_jetpack_memberships_contains_paid_content":false,"footnotes":"","jetpack_publicize_message":"","jetpack_publicize_feature_enabled":true,"jetpack_social_post_already_shared":false,"jetpack_social_options":{"image_generator_settings":{"template":"highway","default_image_id":0,"font":"","enabled":false},"version":2}},"categories":[82],"tags":[29,185,214,344,421,494,502,602],"coauthors":[],"class_list":["post-724","post","type-post","status-publish","format-standard","hentry","category-blog","tag-act","tag-frauen-im-jazz","tag-halle","tag-lars-danielsson","tag-nmz","tag-schweden","tag-skandinavier","tag-women-in-jazz"],"yoast_head":"<!-- This site is optimized with the Yoast SEO plugin v27.5 - https:\/\/yoast.com\/product\/yoast-seo-wordpress\/ -->\n<title>Wo sind die Schweden? - JazzZeitung<\/title>\n<meta name=\"robots\" content=\"index, follow, max-snippet:-1, max-image-preview:large, max-video-preview:-1\" \/>\n<link rel=\"canonical\" href=\"https:\/\/www.jazzzeitung.de\/cms\/2011\/02\/wo-sind-die-schweden\/\" \/>\n<meta property=\"og:locale\" content=\"de_DE\" \/>\n<meta property=\"og:type\" content=\"article\" \/>\n<meta property=\"og:title\" content=\"Wo sind die Schweden? - JazzZeitung\" \/>\n<meta property=\"og:description\" content=\"Dieser Tage startet wieder Halles \u00d6stro-Jazz-Festival Women in Jazz. Beim durchforsten des Programms f\u00e4llt auf, dass nicht alle K\u00fcnstlerinnen aus Skandinavien kommen oder bei ACT unter Vertrag stehen. Skandal! Gut, die D\u00e4nin Sidsel Storm ist wenigstens f\u00fcr ein schwedisches Wiegenlied gut und als ACT der Vers\u00f6hnung ist wohl die Ladung von Lars Danielsson als Special Guest zu werten: Der ist Skandinavier, bei ACT und wird wahrscheinlich bei der Zugabe verk\u00fcnden, dass er sein weiteres Leben als Cellistin verbringen m\u00f6chte. Wie es zu diesem Fehlverhalten kommen konnte und wer daf\u00fcr verantwortlich ist, kann wohl nur der Videobeweis aufkl\u00e4ren. Da dieser von der Jazz-Polizei nach wie vor abgelehnt wird, hilft nur pers\u00f6nliche Anwesenheit im Stadion. Wir rufen jedoch alle Ultras zur M\u00e4\u00dfigung auf und bitten, das Z\u00fcnden von Feuerwerksk\u00f6rpern zu unterlassen! Links: Women in Jazz Das WIJ-Programm in der nmz\" \/>\n<meta property=\"og:url\" content=\"https:\/\/www.jazzzeitung.de\/cms\/2011\/02\/wo-sind-die-schweden\/\" \/>\n<meta property=\"og:site_name\" content=\"JazzZeitung\" \/>\n<meta property=\"article:publisher\" content=\"https:\/\/www.facebook.com\/JazzZeitung\/\" \/>\n<meta property=\"article:published_time\" content=\"2011-02-03T12:53:30+00:00\" \/>\n<meta property=\"og:image\" content=\"http:\/\/www.jazzzeitung.de\/cms\/wp-content\/uploads\/2011\/02\/wij_logo-300x156.jpg\" \/>\n<meta name=\"author\" content=\"J\u00f6rg Lichtinger\" \/>\n<script type=\"application\/ld+json\" class=\"yoast-schema-graph\">{\"@context\":\"https:\\\/\\\/schema.org\",\"@graph\":[{\"@type\":\"Article\",\"@id\":\"https:\\\/\\\/www.jazzzeitung.de\\\/cms\\\/2011\\\/02\\\/wo-sind-die-schweden\\\/#article\",\"isPartOf\":{\"@id\":\"https:\\\/\\\/www.jazzzeitung.de\\\/cms\\\/2011\\\/02\\\/wo-sind-die-schweden\\\/\"},\"author\":{\"name\":\"J\u00f6rg Lichtinger\",\"@id\":\"https:\\\/\\\/www.jazzzeitung.de\\\/cms\\\/#\\\/schema\\\/person\\\/4c5aaf486bdcd85db94b9a8b9e026bad\"},\"headline\":\"Wo sind die Schweden?\",\"datePublished\":\"2011-02-03T12:53:30+00:00\",\"mainEntityOfPage\":{\"@id\":\"https:\\\/\\\/www.jazzzeitung.de\\\/cms\\\/2011\\\/02\\\/wo-sind-die-schweden\\\/\"},\"wordCount\":169,\"commentCount\":0,\"publisher\":{\"@id\":\"https:\\\/\\\/www.jazzzeitung.de\\\/cms\\\/#organization\"},\"image\":{\"@id\":\"https:\\\/\\\/www.jazzzeitung.de\\\/cms\\\/2011\\\/02\\\/wo-sind-die-schweden\\\/#primaryimage\"},\"thumbnailUrl\":\"http:\\\/\\\/www.jazzzeitung.de\\\/cms\\\/wp-content\\\/uploads\\\/2011\\\/02\\\/wij_logo-300x156.jpg\",\"keywords\":[\"act\",\"Frauen im Jazz\",\"Halle\",\"Lars Danielsson\",\"nmz\",\"Schweden\",\"Skandinavier\",\"Women in Jazz\"],\"articleSection\":[\"Blog\"],\"inLanguage\":\"de\",\"potentialAction\":[{\"@type\":\"CommentAction\",\"name\":\"Comment\",\"target\":[\"https:\\\/\\\/www.jazzzeitung.de\\\/cms\\\/2011\\\/02\\\/wo-sind-die-schweden\\\/#respond\"]}]},{\"@type\":\"WebPage\",\"@id\":\"https:\\\/\\\/www.jazzzeitung.de\\\/cms\\\/2011\\\/02\\\/wo-sind-die-schweden\\\/\",\"url\":\"https:\\\/\\\/www.jazzzeitung.de\\\/cms\\\/2011\\\/02\\\/wo-sind-die-schweden\\\/\",\"name\":\"Wo sind die Schweden? - JazzZeitung\",\"isPartOf\":{\"@id\":\"https:\\\/\\\/www.jazzzeitung.de\\\/cms\\\/#website\"},\"primaryImageOfPage\":{\"@id\":\"https:\\\/\\\/www.jazzzeitung.de\\\/cms\\\/2011\\\/02\\\/wo-sind-die-schweden\\\/#primaryimage\"},\"image\":{\"@id\":\"https:\\\/\\\/www.jazzzeitung.de\\\/cms\\\/2011\\\/02\\\/wo-sind-die-schweden\\\/#primaryimage\"},\"thumbnailUrl\":\"http:\\\/\\\/www.jazzzeitung.de\\\/cms\\\/wp-content\\\/uploads\\\/2011\\\/02\\\/wij_logo-300x156.jpg\",\"datePublished\":\"2011-02-03T12:53:30+00:00\",\"breadcrumb\":{\"@id\":\"https:\\\/\\\/www.jazzzeitung.de\\\/cms\\\/2011\\\/02\\\/wo-sind-die-schweden\\\/#breadcrumb\"},\"inLanguage\":\"de\",\"potentialAction\":[{\"@type\":\"ReadAction\",\"target\":[\"https:\\\/\\\/www.jazzzeitung.de\\\/cms\\\/2011\\\/02\\\/wo-sind-die-schweden\\\/\"]}]},{\"@type\":\"ImageObject\",\"inLanguage\":\"de\",\"@id\":\"https:\\\/\\\/www.jazzzeitung.de\\\/cms\\\/2011\\\/02\\\/wo-sind-die-schweden\\\/#primaryimage\",\"url\":\"http:\\\/\\\/www.jazzzeitung.de\\\/cms\\\/wp-content\\\/uploads\\\/2011\\\/02\\\/wij_logo-300x156.jpg\",\"contentUrl\":\"http:\\\/\\\/www.jazzzeitung.de\\\/cms\\\/wp-content\\\/uploads\\\/2011\\\/02\\\/wij_logo-300x156.jpg\"},{\"@type\":\"BreadcrumbList\",\"@id\":\"https:\\\/\\\/www.jazzzeitung.de\\\/cms\\\/2011\\\/02\\\/wo-sind-die-schweden\\\/#breadcrumb\",\"itemListElement\":[{\"@type\":\"ListItem\",\"position\":1,\"name\":\"Startseite\",\"item\":\"https:\\\/\\\/www.jazzzeitung.de\\\/cms\\\/\"},{\"@type\":\"ListItem\",\"position\":2,\"name\":\"Wo sind die Schweden?\"}]},{\"@type\":\"WebSite\",\"@id\":\"https:\\\/\\\/www.jazzzeitung.de\\\/cms\\\/#website\",\"url\":\"https:\\\/\\\/www.jazzzeitung.de\\\/cms\\\/\",\"name\":\"JazzZeitung\",\"description\":\"Jazz-News und Jazz-Kontroverses\",\"publisher\":{\"@id\":\"https:\\\/\\\/www.jazzzeitung.de\\\/cms\\\/#organization\"},\"potentialAction\":[{\"@type\":\"SearchAction\",\"target\":{\"@type\":\"EntryPoint\",\"urlTemplate\":\"https:\\\/\\\/www.jazzzeitung.de\\\/cms\\\/?s={search_term_string}\"},\"query-input\":{\"@type\":\"PropertyValueSpecification\",\"valueRequired\":true,\"valueName\":\"search_term_string\"}}],\"inLanguage\":\"de\"},{\"@type\":\"Organization\",\"@id\":\"https:\\\/\\\/www.jazzzeitung.de\\\/cms\\\/#organization\",\"name\":\"JazzZeitung online\",\"url\":\"https:\\\/\\\/www.jazzzeitung.de\\\/cms\\\/\",\"logo\":{\"@type\":\"ImageObject\",\"inLanguage\":\"de\",\"@id\":\"https:\\\/\\\/www.jazzzeitung.de\\\/cms\\\/#\\\/schema\\\/logo\\\/image\\\/\",\"url\":\"https:\\\/\\\/i0.wp.com\\\/www.jazzzeitung.de\\\/cms\\\/wp-content\\\/uploads\\\/2015\\\/08\\\/JAZZZEITUNGDE_Logo_Neu.png?fit=499%2C200&ssl=1\",\"contentUrl\":\"https:\\\/\\\/i0.wp.com\\\/www.jazzzeitung.de\\\/cms\\\/wp-content\\\/uploads\\\/2015\\\/08\\\/JAZZZEITUNGDE_Logo_Neu.png?fit=499%2C200&ssl=1\",\"width\":499,\"height\":200,\"caption\":\"JazzZeitung online\"},\"image\":{\"@id\":\"https:\\\/\\\/www.jazzzeitung.de\\\/cms\\\/#\\\/schema\\\/logo\\\/image\\\/\"},\"sameAs\":[\"https:\\\/\\\/www.facebook.com\\\/JazzZeitung\\\/\"]},{\"@type\":\"Person\",\"@id\":\"https:\\\/\\\/www.jazzzeitung.de\\\/cms\\\/#\\\/schema\\\/person\\\/4c5aaf486bdcd85db94b9a8b9e026bad\",\"name\":\"J\u00f6rg Lichtinger\",\"image\":{\"@type\":\"ImageObject\",\"inLanguage\":\"de\",\"@id\":\"https:\\\/\\\/secure.gravatar.com\\\/avatar\\\/8d1d484eb77cf370a1620f9866681cdba540c9b8439ce96ea0c830dd3b59936c?s=96&d=wp_user_avatar&r=ge66dff7680db2349fb79ae0cb2d734e3\",\"url\":\"https:\\\/\\\/secure.gravatar.com\\\/avatar\\\/8d1d484eb77cf370a1620f9866681cdba540c9b8439ce96ea0c830dd3b59936c?s=96&d=wp_user_avatar&r=g\",\"contentUrl\":\"https:\\\/\\\/secure.gravatar.com\\\/avatar\\\/8d1d484eb77cf370a1620f9866681cdba540c9b8439ce96ea0c830dd3b59936c?s=96&d=wp_user_avatar&r=g\",\"caption\":\"J\u00f6rg Lichtinger\"},\"url\":\"https:\\\/\\\/www.jazzzeitung.de\\\/cms\\\/author\\\/lichtinger\\\/\"}]}<\/script>\n<!-- \/ Yoast SEO plugin. -->","yoast_head_json":{"title":"Wo sind die Schweden? - JazzZeitung","robots":{"index":"index","follow":"follow","max-snippet":"max-snippet:-1","max-image-preview":"max-image-preview:large","max-video-preview":"max-video-preview:-1"},"canonical":"https:\/\/www.jazzzeitung.de\/cms\/2011\/02\/wo-sind-die-schweden\/","og_locale":"de_DE","og_type":"article","og_title":"Wo sind die Schweden? - JazzZeitung","og_description":"Dieser Tage startet wieder Halles \u00d6stro-Jazz-Festival Women in Jazz. Beim durchforsten des Programms f\u00e4llt auf, dass nicht alle K\u00fcnstlerinnen aus Skandinavien kommen oder bei ACT unter Vertrag stehen. Skandal! Gut, die D\u00e4nin Sidsel Storm ist wenigstens f\u00fcr ein schwedisches Wiegenlied gut und als ACT der Vers\u00f6hnung ist wohl die Ladung von Lars Danielsson als Special Guest zu werten: Der ist Skandinavier, bei ACT und wird wahrscheinlich bei der Zugabe verk\u00fcnden, dass er sein weiteres Leben als Cellistin verbringen m\u00f6chte. Wie es zu diesem Fehlverhalten kommen konnte und wer daf\u00fcr verantwortlich ist, kann wohl nur der Videobeweis aufkl\u00e4ren. Da dieser von der Jazz-Polizei nach wie vor abgelehnt wird, hilft nur pers\u00f6nliche Anwesenheit im Stadion. Wir rufen jedoch alle Ultras zur M\u00e4\u00dfigung auf und bitten, das Z\u00fcnden von Feuerwerksk\u00f6rpern zu unterlassen! Links: Women in Jazz Das WIJ-Programm in der nmz","og_url":"https:\/\/www.jazzzeitung.de\/cms\/2011\/02\/wo-sind-die-schweden\/","og_site_name":"JazzZeitung","article_publisher":"https:\/\/www.facebook.com\/JazzZeitung\/","article_published_time":"2011-02-03T12:53:30+00:00","og_image":[{"url":"http:\/\/www.jazzzeitung.de\/cms\/wp-content\/uploads\/2011\/02\/wij_logo-300x156.jpg","type":"","width":"","height":""}],"author":"J\u00f6rg Lichtinger","schema":{"@context":"https:\/\/schema.org","@graph":[{"@type":"Article","@id":"https:\/\/www.jazzzeitung.de\/cms\/2011\/02\/wo-sind-die-schweden\/#article","isPartOf":{"@id":"https:\/\/www.jazzzeitung.de\/cms\/2011\/02\/wo-sind-die-schweden\/"},"author":{"name":"J\u00f6rg Lichtinger","@id":"https:\/\/www.jazzzeitung.de\/cms\/#\/schema\/person\/4c5aaf486bdcd85db94b9a8b9e026bad"},"headline":"Wo sind die Schweden?","datePublished":"2011-02-03T12:53:30+00:00","mainEntityOfPage":{"@id":"https:\/\/www.jazzzeitung.de\/cms\/2011\/02\/wo-sind-die-schweden\/"},"wordCount":169,"commentCount":0,"publisher":{"@id":"https:\/\/www.jazzzeitung.de\/cms\/#organization"},"image":{"@id":"https:\/\/www.jazzzeitung.de\/cms\/2011\/02\/wo-sind-die-schweden\/#primaryimage"},"thumbnailUrl":"http:\/\/www.jazzzeitung.de\/cms\/wp-content\/uploads\/2011\/02\/wij_logo-300x156.jpg","keywords":["act","Frauen im Jazz","Halle","Lars Danielsson","nmz","Schweden","Skandinavier","Women in Jazz"],"articleSection":["Blog"],"inLanguage":"de","potentialAction":[{"@type":"CommentAction","name":"Comment","target":["https:\/\/www.jazzzeitung.de\/cms\/2011\/02\/wo-sind-die-schweden\/#respond"]}]},{"@type":"WebPage","@id":"https:\/\/www.jazzzeitung.de\/cms\/2011\/02\/wo-sind-die-schweden\/","url":"https:\/\/www.jazzzeitung.de\/cms\/2011\/02\/wo-sind-die-schweden\/","name":"Wo sind die Schweden? - JazzZeitung","isPartOf":{"@id":"https:\/\/www.jazzzeitung.de\/cms\/#website"},"primaryImageOfPage":{"@id":"https:\/\/www.jazzzeitung.de\/cms\/2011\/02\/wo-sind-die-schweden\/#primaryimage"},"image":{"@id":"https:\/\/www.jazzzeitung.de\/cms\/2011\/02\/wo-sind-die-schweden\/#primaryimage"},"thumbnailUrl":"http:\/\/www.jazzzeitung.de\/cms\/wp-content\/uploads\/2011\/02\/wij_logo-300x156.jpg","datePublished":"2011-02-03T12:53:30+00:00","breadcrumb":{"@id":"https:\/\/www.jazzzeitung.de\/cms\/2011\/02\/wo-sind-die-schweden\/#breadcrumb"},"inLanguage":"de","potentialAction":[{"@type":"ReadAction","target":["https:\/\/www.jazzzeitung.de\/cms\/2011\/02\/wo-sind-die-schweden\/"]}]},{"@type":"ImageObject","inLanguage":"de","@id":"https:\/\/www.jazzzeitung.de\/cms\/2011\/02\/wo-sind-die-schweden\/#primaryimage","url":"http:\/\/www.jazzzeitung.de\/cms\/wp-content\/uploads\/2011\/02\/wij_logo-300x156.jpg","contentUrl":"http:\/\/www.jazzzeitung.de\/cms\/wp-content\/uploads\/2011\/02\/wij_logo-300x156.jpg"},{"@type":"BreadcrumbList","@id":"https:\/\/www.jazzzeitung.de\/cms\/2011\/02\/wo-sind-die-schweden\/#breadcrumb","itemListElement":[{"@type":"ListItem","position":1,"name":"Startseite","item":"https:\/\/www.jazzzeitung.de\/cms\/"},{"@type":"ListItem","position":2,"name":"Wo sind die Schweden?"}]},{"@type":"WebSite","@id":"https:\/\/www.jazzzeitung.de\/cms\/#website","url":"https:\/\/www.jazzzeitung.de\/cms\/","name":"JazzZeitung","description":"Jazz-News und Jazz-Kontroverses","publisher":{"@id":"https:\/\/www.jazzzeitung.de\/cms\/#organization"},"potentialAction":[{"@type":"SearchAction","target":{"@type":"EntryPoint","urlTemplate":"https:\/\/www.jazzzeitung.de\/cms\/?s={search_term_string}"},"query-input":{"@type":"PropertyValueSpecification","valueRequired":true,"valueName":"search_term_string"}}],"inLanguage":"de"},{"@type":"Organization","@id":"https:\/\/www.jazzzeitung.de\/cms\/#organization","name":"JazzZeitung online","url":"https:\/\/www.jazzzeitung.de\/cms\/","logo":{"@type":"ImageObject","inLanguage":"de","@id":"https:\/\/www.jazzzeitung.de\/cms\/#\/schema\/logo\/image\/","url":"https:\/\/i0.wp.com\/www.jazzzeitung.de\/cms\/wp-content\/uploads\/2015\/08\/JAZZZEITUNGDE_Logo_Neu.png?fit=499%2C200&ssl=1","contentUrl":"https:\/\/i0.wp.com\/www.jazzzeitung.de\/cms\/wp-content\/uploads\/2015\/08\/JAZZZEITUNGDE_Logo_Neu.png?fit=499%2C200&ssl=1","width":499,"height":200,"caption":"JazzZeitung online"},"image":{"@id":"https:\/\/www.jazzzeitung.de\/cms\/#\/schema\/logo\/image\/"},"sameAs":["https:\/\/www.facebook.com\/JazzZeitung\/"]},{"@type":"Person","@id":"https:\/\/www.jazzzeitung.de\/cms\/#\/schema\/person\/4c5aaf486bdcd85db94b9a8b9e026bad","name":"J\u00f6rg Lichtinger","image":{"@type":"ImageObject","inLanguage":"de","@id":"https:\/\/secure.gravatar.com\/avatar\/8d1d484eb77cf370a1620f9866681cdba540c9b8439ce96ea0c830dd3b59936c?s=96&d=wp_user_avatar&r=ge66dff7680db2349fb79ae0cb2d734e3","url":"https:\/\/secure.gravatar.com\/avatar\/8d1d484eb77cf370a1620f9866681cdba540c9b8439ce96ea0c830dd3b59936c?s=96&d=wp_user_avatar&r=g","contentUrl":"https:\/\/secure.gravatar.com\/avatar\/8d1d484eb77cf370a1620f9866681cdba540c9b8439ce96ea0c830dd3b59936c?s=96&d=wp_user_avatar&r=g","caption":"J\u00f6rg Lichtinger"},"url":"https:\/\/www.jazzzeitung.de\/cms\/author\/lichtinger\/"}]}},"wp-worthy-pixel":{"ignored":false,"public":null,"server":null,"url":null},"wp-worthy-type":"normal","jetpack_publicize_connections":[],"cc_featured_image_caption":{"caption_text":false,"source_text":false,"source_url":false},"jetpack_featured_media_url":"","jetpack_shortlink":"https:\/\/wp.me\/p3KEcT-bG","jetpack-related-posts":[{"id":12794,"url":"https:\/\/www.jazzzeitung.de\/cms\/2017\/06\/midsummer-jazz-caecilie-norby-und-lars-danielsson-im-hertener-glashaus\/","url_meta":{"origin":724,"position":0},"title":"Midsummer Jazz: C\u00e6cilie Norby und Lars Danielsson im Hertener Glashaus","author":"Redaktion JazzZeitung","date":"26. Juni 2017","format":false,"excerpt":"Wer heutzutage neue Konzertreihen etablieren will, braucht Durchhaltewillen und Mut. Beides zeichnet Bernd Zimmermann und Susanne Pohlen, die Macher der \u201eFine Art Jazz\u201c-Konzertreihe aus, die seit f\u00fcnf Jahren im n\u00f6rdlichen Ruhrgebiet neue Spielst\u00e4tten erschlie\u00dfen \u2013 etwa ehemalige Industriebauten, intime Wasserburgen oder, als j\u00fcngster Wurf, das sogenannte \u201eGlashaus\u201c in der kleinen\u2026","rel":"","context":"In &quot;Bericht&quot;","block_context":{"text":"Bericht","link":"https:\/\/www.jazzzeitung.de\/cms\/thema\/bericht\/"},"img":{"alt_text":"","src":"https:\/\/i0.wp.com\/www.jazzzeitung.de\/cms\/wp-content\/uploads\/2017\/06\/DSC08030.jpgaaaa.jpg?resize=350%2C200","width":350,"height":200,"srcset":"https:\/\/i0.wp.com\/www.jazzzeitung.de\/cms\/wp-content\/uploads\/2017\/06\/DSC08030.jpgaaaa.jpg?resize=350%2C200 1x, https:\/\/i0.wp.com\/www.jazzzeitung.de\/cms\/wp-content\/uploads\/2017\/06\/DSC08030.jpgaaaa.jpg?resize=525%2C300 1.5x, https:\/\/i0.wp.com\/www.jazzzeitung.de\/cms\/wp-content\/uploads\/2017\/06\/DSC08030.jpgaaaa.jpg?resize=700%2C400 2x, https:\/\/i0.wp.com\/www.jazzzeitung.de\/cms\/wp-content\/uploads\/2017\/06\/DSC08030.jpgaaaa.jpg?resize=1050%2C600 3x, https:\/\/i0.wp.com\/www.jazzzeitung.de\/cms\/wp-content\/uploads\/2017\/06\/DSC08030.jpgaaaa.jpg?resize=1400%2C800 4x"},"classes":[]},{"id":11518,"url":"https:\/\/www.jazzzeitung.de\/cms\/2017\/01\/start-des-bmw-welt-jazz-award-2017-bass-erstaunt\/","url_meta":{"origin":724,"position":1},"title":"Start des BMW Welt Jazz Award 2017 &#8211; \u201eBass erstaunt\u201c","author":"Redaktion JazzZeitung","date":"16. Januar 2017","format":false,"excerpt":"Mit zwei skandinavischen G\u00e4sten startet der BMW Welt Jazz Award 2017 in seine neunte Saison. Chris Minh Doky & New Nordic Jazz werden am 22. Januar im BMW Welt Doppelkegel zeigen, warum im d\u00e4nischen Jazz Kontrabassisten die wahren Bandleader sind. Der Schwede Lars Danielsson wird am 5. Februar erstmalig mit\u2026","rel":"","context":"In &quot;News&quot;","block_context":{"text":"News","link":"https:\/\/www.jazzzeitung.de\/cms\/thema\/nachrichten\/"},"img":{"alt_text":"","src":"https:\/\/i0.wp.com\/www.jazzzeitung.de\/cms\/wp-content\/uploads\/2017\/01\/BMW-Welt_Jazz-Award-2017-c-BMW-AG-150x150.jpg?resize=350%2C200","width":350,"height":200},"classes":[]},{"id":768,"url":"https:\/\/www.jazzzeitung.de\/cms\/2011\/02\/leserbrief-haendels-groll\/","url_meta":{"origin":724,"position":2},"title":"Leserbrief: H\u00e4ndels Groll&#8230;","author":"J\u00f6rg Lichtinger","date":"8. Februar 2011","format":false,"excerpt":"Auf unseren Post zum Festival Women in Jazz hat es eine ver\u00e4rgerte Wortmeldung gegeben, deren Absender nicht das Blog zur \u00c4u\u00dferung w\u00e4hlen wollte, da er bef\u00fcrchtet, wir w\u00fcrden seine E-Mailadresse \u00f6ffentlich machen. Ich darf ihm\/ihr und allen anderen potentiellen Kommentatoren versichern, die Mailadressen bei der Anmeldung im Jazzblog werden niemals\u2026","rel":"","context":"In &quot;Blog&quot;","block_context":{"text":"Blog","link":"https:\/\/www.jazzzeitung.de\/cms\/thema\/blog\/"},"img":{"alt_text":"H\u00e4ndel gibt sich dieser Tage satirisch und leicht verstimmt... Foto: H\u00e4ndel selbstpers\u00f6nlich","src":"https:\/\/i0.wp.com\/www.jazzzeitung.de\/cms\/wp-content\/uploads\/2011\/02\/H%C3%A4ndel-191x300.jpg?resize=350%2C200","width":350,"height":200},"classes":[]},{"id":15511,"url":"https:\/\/www.jazzzeitung.de\/cms\/2018\/03\/newsprogramm-des-elbjazz-2018-ist-nun-vollstaendig\/","url_meta":{"origin":724,"position":3},"title":"+++News+++Programm des ELBJAZZ 2018 ist nun vollst\u00e4ndig+++JazzBaltica 2018+++","author":"Redaktion JazzZeitung","date":"31. M\u00e4rz 2018","format":false,"excerpt":"+++Programm des ELBJAZZ 2018 ist nun vollst\u00e4ndig+++ Das musikalische Programm des ELBJAZZ 2018 ist vollst\u00e4ndig: Mehr als 50 Konzerte am 1. und 2. Juni 2018 \u2013 plus drei weitere, die es bereits einen Tag zuvor, am 31. Mai., im Gro\u00dfen Saal der Elbphilharmonie in Hamburg zu erleben gibt \u2013 pr\u00e4gen\u2026","rel":"","context":"In &quot;News&quot;","block_context":{"text":"News","link":"https:\/\/www.jazzzeitung.de\/cms\/thema\/nachrichten\/"},"img":{"alt_text":"","src":"https:\/\/i0.wp.com\/www.jazzzeitung.de\/cms\/wp-content\/uploads\/2018\/03\/2_ELBJAZZ_Elbphilharmonie_Logo_Poller-%C2%A9-Claudia_H%C3%B6hne.jpg?fit=1200%2C800&ssl=1&resize=350%2C200","width":350,"height":200,"srcset":"https:\/\/i0.wp.com\/www.jazzzeitung.de\/cms\/wp-content\/uploads\/2018\/03\/2_ELBJAZZ_Elbphilharmonie_Logo_Poller-%C2%A9-Claudia_H%C3%B6hne.jpg?fit=1200%2C800&ssl=1&resize=350%2C200 1x, https:\/\/i0.wp.com\/www.jazzzeitung.de\/cms\/wp-content\/uploads\/2018\/03\/2_ELBJAZZ_Elbphilharmonie_Logo_Poller-%C2%A9-Claudia_H%C3%B6hne.jpg?fit=1200%2C800&ssl=1&resize=525%2C300 1.5x, https:\/\/i0.wp.com\/www.jazzzeitung.de\/cms\/wp-content\/uploads\/2018\/03\/2_ELBJAZZ_Elbphilharmonie_Logo_Poller-%C2%A9-Claudia_H%C3%B6hne.jpg?fit=1200%2C800&ssl=1&resize=700%2C400 2x, https:\/\/i0.wp.com\/www.jazzzeitung.de\/cms\/wp-content\/uploads\/2018\/03\/2_ELBJAZZ_Elbphilharmonie_Logo_Poller-%C2%A9-Claudia_H%C3%B6hne.jpg?fit=1200%2C800&ssl=1&resize=1050%2C600 3x"},"classes":[]},{"id":11016,"url":"https:\/\/www.jazzzeitung.de\/cms\/2016\/11\/bmw-welt-jazz-award-2017\/","url_meta":{"origin":724,"position":4},"title":"BMW Welt Jazz Award 2017","author":"Redaktion JazzZeitung","date":"16. November 2016","format":false,"excerpt":"Der BMW Welt Jazz Award geht im Jahr 2017 in seine neunte Saison. In insgesamt sechs kostenfreien Sonntagsmatineen von Januar bis M\u00e4rz pr\u00e4sentieren sich herausragende Ensembles im Doppelkegel der BMW Welt unter dem Motto \u201eBass erstaunt\u201c. Die Musiker stammen aus D\u00e4nemark, Schweden, der Schweiz, Frankreich, den USA und Deutschland. Das\u2026","rel":"","context":"In &quot;News&quot;","block_context":{"text":"News","link":"https:\/\/www.jazzzeitung.de\/cms\/thema\/nachrichten\/"},"img":{"alt_text":"Bass erstaunt: Der BMW Welt Jazz Award 2017 Bild: BMW AG","src":"https:\/\/i0.wp.com\/www.jazzzeitung.de\/cms\/wp-content\/uploads\/2016\/11\/BMW-Welt_Jazz-Award-2017-c-BMW-AG-150x150.jpg?resize=350%2C200","width":350,"height":200},"classes":[]},{"id":9078,"url":"https:\/\/www.jazzzeitung.de\/cms\/2016\/04\/da-stuermt-die-sonne-atemberaubender-jazz-vom-neuen-trio-danielsson-neset-und-lund\/","url_meta":{"origin":724,"position":5},"title":"Da st\u00fcrmt die Sonne! Brandhei\u00dfer Jazz vom Trio: Danielsson, Neset und Lund!","author":"Redaktion JazzZeitung","date":"28. April 2016","format":false,"excerpt":"\u201cSun Blowing\u201d, das neue Trio-Album\u00a0\u2013 mit Lars Danielsson am Bass, dem Drummer Morten Lund sowie dem Ausnahmesaxophonisten Marius Neset \u2013 pr\u00e4sentiert nicht nur eine Sternstunde des Jazz, dar\u00fcber hinaus gibt es auch noch eine wirklich gute Entstehungsgeschichte: Auf der R\u00fcckreise von der JazzBaltica im Zug nach Kopenhagen trafen sich die\u2026","rel":"","context":"In &quot;Rezension&quot;","block_context":{"text":"Rezension","link":"https:\/\/www.jazzzeitung.de\/cms\/thema\/rezension\/"},"img":{"alt_text":"NL","src":"https:\/\/i0.wp.com\/www.jazzzeitung.de\/cms\/wp-content\/uploads\/2016\/04\/Cover-Sun-Blowing.jpg?resize=350%2C200","width":350,"height":200},"classes":[]}],"jetpack_sharing_enabled":true,"_links":{"self":[{"href":"https:\/\/www.jazzzeitung.de\/cms\/wp-json\/wp\/v2\/posts\/724","targetHints":{"allow":["GET"]}}],"collection":[{"href":"https:\/\/www.jazzzeitung.de\/cms\/wp-json\/wp\/v2\/posts"}],"about":[{"href":"https:\/\/www.jazzzeitung.de\/cms\/wp-json\/wp\/v2\/types\/post"}],"author":[{"embeddable":true,"href":"https:\/\/www.jazzzeitung.de\/cms\/wp-json\/wp\/v2\/users\/4"}],"replies":[{"embeddable":true,"href":"https:\/\/www.jazzzeitung.de\/cms\/wp-json\/wp\/v2\/comments?post=724"}],"version-history":[{"count":0,"href":"https:\/\/www.jazzzeitung.de\/cms\/wp-json\/wp\/v2\/posts\/724\/revisions"}],"wp:attachment":[{"href":"https:\/\/www.jazzzeitung.de\/cms\/wp-json\/wp\/v2\/media?parent=724"}],"wp:term":[{"taxonomy":"category","embeddable":true,"href":"https:\/\/www.jazzzeitung.de\/cms\/wp-json\/wp\/v2\/categories?post=724"},{"taxonomy":"post_tag","embeddable":true,"href":"https:\/\/www.jazzzeitung.de\/cms\/wp-json\/wp\/v2\/tags?post=724"},{"taxonomy":"author","embeddable":true,"href":"https:\/\/www.jazzzeitung.de\/cms\/wp-json\/wp\/v2\/coauthors?post=724"}],"curies":[{"name":"wp","href":"https:\/\/api.w.org\/{rel}","templated":true}]}}