{"id":7221,"date":"2015-10-05T12:15:51","date_gmt":"2015-10-05T10:15:51","guid":{"rendered":"http:\/\/www.jazzzeitung.de\/cms\/?p=7221"},"modified":"2015-10-05T12:15:13","modified_gmt":"2015-10-05T10:15:13","slug":"news-cyminology-im-regensburger-jazzclub","status":"publish","type":"post","link":"https:\/\/www.jazzzeitung.de\/cms\/2015\/10\/news-cyminology-im-regensburger-jazzclub\/","title":{"rendered":"+++ News +++ Cyminology im Regensburger Jazzclub +++ Internationales Jazzfestival EBE-JAZZ 15 +++ 25. Festival JAZZ GOES TO KUR 2015 +++"},"content":{"rendered":"<p><strong>+++ Cyminology im Regensburger Jazzclub +++<\/strong><\/p>\n<figure id=\"attachment_7222\" aria-describedby=\"caption-attachment-7222\" style=\"width: 150px\" class=\"wp-caption alignright\"><a href=\"https:\/\/i0.wp.com\/www.jazzzeitung.de\/cms\/wp-content\/uploads\/2015\/09\/Band-1.jpg\"><img data-recalc-dims=\"1\" loading=\"lazy\" decoding=\"async\" data-attachment-id=\"7222\" data-permalink=\"https:\/\/www.jazzzeitung.de\/cms\/2015\/10\/news-cyminology-im-regensburger-jazzclub\/band-1\/\" data-orig-file=\"https:\/\/i0.wp.com\/www.jazzzeitung.de\/cms\/wp-content\/uploads\/2015\/09\/Band-1.jpg?fit=3252%2C2832&amp;ssl=1\" data-orig-size=\"3252,2832\" data-comments-opened=\"1\" data-image-meta=\"{&quot;aperture&quot;:&quot;5&quot;,&quot;credit&quot;:&quot;Heike Steiweg&quot;,&quot;camera&quot;:&quot;NIKON D700&quot;,&quot;caption&quot;:&quot;&quot;,&quot;created_timestamp&quot;:&quot;1388935475&quot;,&quot;copyright&quot;:&quot;Heike Steinweg mail@heikesteinweg.de&quot;,&quot;focal_length&quot;:&quot;50&quot;,&quot;iso&quot;:&quot;1600&quot;,&quot;shutter_speed&quot;:&quot;0.02&quot;,&quot;title&quot;:&quot;&quot;,&quot;orientation&quot;:&quot;1&quot;}\" data-image-title=\"Cyminology. Foto: www.cyminology.de\" data-image-description=\"\" data-image-caption=\"&lt;p&gt;Cyminology. Foto: www.cyminology.de&lt;\/p&gt;\n\" data-large-file=\"https:\/\/i0.wp.com\/www.jazzzeitung.de\/cms\/wp-content\/uploads\/2015\/09\/Band-1.jpg?fit=689%2C600&amp;ssl=1\" class=\"size-thumbnail wp-image-7222\" src=\"https:\/\/i0.wp.com\/www.jazzzeitung.de\/cms\/wp-content\/uploads\/2015\/09\/Band-1-150x150.jpg?resize=150%2C150\" alt=\"Cyminology. Foto: www.cyminology.de\" width=\"150\" height=\"150\" srcset=\"https:\/\/i0.wp.com\/www.jazzzeitung.de\/cms\/wp-content\/uploads\/2015\/09\/Band-1.jpg?resize=150%2C150&amp;ssl=1 150w, https:\/\/i0.wp.com\/www.jazzzeitung.de\/cms\/wp-content\/uploads\/2015\/09\/Band-1.jpg?resize=144%2C144&amp;ssl=1 144w, https:\/\/i0.wp.com\/www.jazzzeitung.de\/cms\/wp-content\/uploads\/2015\/09\/Band-1.jpg?resize=96%2C96&amp;ssl=1 96w, https:\/\/i0.wp.com\/www.jazzzeitung.de\/cms\/wp-content\/uploads\/2015\/09\/Band-1.jpg?resize=24%2C24&amp;ssl=1 24w, https:\/\/i0.wp.com\/www.jazzzeitung.de\/cms\/wp-content\/uploads\/2015\/09\/Band-1.jpg?resize=36%2C36&amp;ssl=1 36w, https:\/\/i0.wp.com\/www.jazzzeitung.de\/cms\/wp-content\/uploads\/2015\/09\/Band-1.jpg?resize=48%2C48&amp;ssl=1 48w, https:\/\/i0.wp.com\/www.jazzzeitung.de\/cms\/wp-content\/uploads\/2015\/09\/Band-1.jpg?resize=64%2C64&amp;ssl=1 64w, https:\/\/i0.wp.com\/www.jazzzeitung.de\/cms\/wp-content\/uploads\/2015\/09\/Band-1.jpg?resize=32%2C32&amp;ssl=1 32w, https:\/\/i0.wp.com\/www.jazzzeitung.de\/cms\/wp-content\/uploads\/2015\/09\/Band-1.jpg?resize=128%2C128&amp;ssl=1 128w, https:\/\/i0.wp.com\/www.jazzzeitung.de\/cms\/wp-content\/uploads\/2015\/09\/Band-1.jpg?zoom=2&amp;resize=150%2C150&amp;ssl=1 300w, https:\/\/i0.wp.com\/www.jazzzeitung.de\/cms\/wp-content\/uploads\/2015\/09\/Band-1.jpg?zoom=3&amp;resize=150%2C150&amp;ssl=1 450w\" sizes=\"auto, (max-width: 150px) 100vw, 150px\" \/><\/a><figcaption id=\"caption-attachment-7222\" class=\"wp-caption-text\">Cyminology. Foto: www.cyminology.de<\/figcaption><\/figure>\n<p style=\"text-align: justify;\">Am 8. Oktober um 20 Uhr wird im &#8222;Leeren Beutel&#8220; in Regensburg das Berliner Quartett CYMINOLOGY zu h\u00f6ren sein. CYMINOLOGY verbindet persische Lyrik und kammermusikalische, zeitgen\u00f6ssische Musik: Ost und West, Alt und Neu in ber\u00fchrender Synthese. Die subtile, doch dynamische und sanft pulsierende Musik des Quartetts (gegr\u00fcndet 2002) entsteht aus dem Klang der persischen Sprache heraus. Sie verarbeitet Dichtung von Rumi, Hafis, Khayyam und Forough Farrokhzad. Cymin Samawatie f\u00fchrt in ihren Kompositionen unterschiedliche Richtungen zusammen, darunter die Kammermusik, freie Improvisation, moderne Kompositionsstrukturen, der Impressionismus, der Minimalismus und ein entfernter Anklang an Bossa Nova.<br \/>\nTickets und weitere Informationen unter <a href=\"http:\/\/www.jazzclub-regensburg.de\">www.jazzclub-regensburg.de<\/a><\/p>\n<p><strong>+++ Internationales Jazzfestival EBE-JAZZ 15 +++<br \/>\n<\/strong><\/p>\n<p style=\"text-align: justify;\">Einem Autokennzeichen nachempfunden pr\u00e4sentiert sich die IG EBE-JAZZ mit dem internationalen Jazzfestival <strong>EBE-JAZZ 15.<\/strong><\/p>\n<p style=\"text-align: justify;\">Im Landkreis Ebersberg, \u00f6stlich von M\u00fcnchen, findet erstmals ein internationales Jazzfestival statt. Dabei sind sowohl K\u00fcnstler aus Deutschland und \u00d6sterreich wie auch aus Amerika, Brasilien, Afrika, dem United Kingdom und Korea vertreten. Ins Leben gerufen wurde das Festival von einer kleinen Initiative, die sich vor 7 Jahren unter dem Namen \u201ejazz.grafing\u201c zusammentat. Unterst\u00fctzt wird EBE-JAZZ 15 unter anderem vom Landrat, den B\u00fcrgermeistern und den umliegenden Kulturvereinen und Kunstb\u00fchnen, au\u00dferdem von renommierten Musikern wie dem weltweit t\u00e4tigen Kontrabassisten Martin Zenker. Das Spektrum reicht vom \u201eJazz-Krimi\u201c f\u00fcr die Kleinsten bis hin zum Meister des Kontrabasses, Ron Carter, der in diesem Jahr gerade einmal zwei Konzerte in Deutschland geben wird und dabei seine Musik und Lebenserfahrung auch nach Ebersberg bringen wird. Zudem erwartet das Publikum ein vielf\u00e4ltiges Programm aus Bebop, Big-Band-Swing, Afro-Dance, Funk, Ambient-Electro und Oldtime-Jazz wie auch Jam-Sessions, Jazz-Kino, eine Ausstellung \u00fcber Jazz-Fotografie und vieles mehr.<\/p>\n<p>Weitere Informationen unter <a href=\"http:\/\/www.ebe-jazz15.de\">www.ebe-jazz15.de<\/a>, sowie auf Facebook.<\/p>\n<p>&nbsp;<\/p>\n<p><strong>+++ 25. Festival JAZZ GOES TO KUR 2015 +++<\/strong><\/p>\n<p style=\"text-align: justify;\">\u00a0Zum 25. Mal findet das Blues- und Jazzfestival \u201eJazz goes to Kur\u201c in diesem Jahr in Bad W\u00f6rishofen statt. Viele renommierte Musikerinnen und Musiker der Szene hat das Festival in den vergangenen 24 Jahren in die Kneippstadt gebracht. Von Donnerstag, 15. Oktober 2015 bis Sonntag, 25. Oktober 2015 d\u00fcrfen sich Fans und Liebhaber von Blues und Swing, aber auch Liebhaber der klassischen Jazzmusik auf ein abwechslungsreiches Programm freuen. \u201eMusik ist Vielfalt und vor allem im Jazz gibt es unendlich viele gute Gruppen. Uns ist mit dem diesj\u00e4hrigen Programm wieder ein hochkar\u00e4tiger Querschnitt durch die aktuelle Szene gelungen\u201c, so Veranstaltungsleiterin des Kur- und Tourismusbetriebes Bad W\u00f6rishofen, Anna-Marie Schluifelder.<\/p>\n<p style=\"text-align: justify;\">Als Headliner des Festivals konnte der Arbeitskreis \u201eJazz goes to Kur\u201c keinen Geringeren als den deutschen Jazz-Superstar <strong>TILL BR\u00d6NNER<\/strong> gewinnen. Er gestaltet im <strong>Quintett<\/strong> das Jazz goes to Kur-Jubil\u00e4umskonzert <strong>am Donnerstag, 15. Oktober 2015<\/strong> im Kursaal des Kurhauses und wird das Festival damit offiziell er\u00f6ffnen. Till Br\u00f6nner studierte Jazztrompete bei dem bekannten Posaunisten Prof. Jiggs Whigham, der \u201eJazz goes to Kur\u201c mit gegr\u00fcndet und aus der Taufe gehoben hat. So schlie\u00dft sich der Kreis f\u00fcr die Festival-Veranstalter am Jubil\u00e4umsabend des 25. Festivals auf ganz besondere Art und Weise.<\/p>\n<figure id=\"attachment_7225\" aria-describedby=\"caption-attachment-7225\" style=\"width: 300px\" class=\"wp-caption aligncenter\"><a href=\"https:\/\/i0.wp.com\/www.jazzzeitung.de\/cms\/wp-content\/uploads\/2015\/10\/Till-Broenner_Foto-Andreas-Bitesnich-3.jpg\"><img data-recalc-dims=\"1\" loading=\"lazy\" decoding=\"async\" data-attachment-id=\"7225\" data-permalink=\"https:\/\/www.jazzzeitung.de\/cms\/2015\/10\/news-cyminology-im-regensburger-jazzclub\/till-broenner_foto-andreas-bitesnich-3\/\" data-orig-file=\"https:\/\/i0.wp.com\/www.jazzzeitung.de\/cms\/wp-content\/uploads\/2015\/10\/Till-Broenner_Foto-Andreas-Bitesnich-3.jpg?fit=4000%2C2670&amp;ssl=1\" data-orig-size=\"4000,2670\" data-comments-opened=\"1\" data-image-meta=\"{&quot;aperture&quot;:&quot;5.6&quot;,&quot;credit&quot;:&quot;ANDREAS H. BITESNICH&quot;,&quot;camera&quot;:&quot;NIKON D800E&quot;,&quot;caption&quot;:&quot;&quot;,&quot;created_timestamp&quot;:&quot;1346237493&quot;,&quot;copyright&quot;:&quot;ANDREAS H. BITESNICH&quot;,&quot;focal_length&quot;:&quot;90&quot;,&quot;iso&quot;:&quot;800&quot;,&quot;shutter_speed&quot;:&quot;0.005&quot;,&quot;title&quot;:&quot;&quot;,&quot;orientation&quot;:&quot;1&quot;}\" data-image-title=\"Toll Br\u00f6nner. Foto: Andreas Bitesnich\" data-image-description=\"&lt;p&gt;Toll Br\u00f6nner. Foto: Andreas Bitesnich&lt;\/p&gt;\n\" data-image-caption=\"&lt;p&gt;Toll Br\u00f6nner. Foto: Andreas Bitesnich&lt;\/p&gt;\n\" data-large-file=\"https:\/\/i0.wp.com\/www.jazzzeitung.de\/cms\/wp-content\/uploads\/2015\/10\/Till-Broenner_Foto-Andreas-Bitesnich-3.jpg?fit=840%2C560&amp;ssl=1\" class=\"size-medium wp-image-7225\" src=\"https:\/\/i0.wp.com\/www.jazzzeitung.de\/cms\/wp-content\/uploads\/2015\/10\/Till-Broenner_Foto-Andreas-Bitesnich-3-300x200.jpg?resize=300%2C200\" alt=\"Toll Br\u00f6nner. Foto: Andreas Bitesnich\" width=\"300\" height=\"200\" srcset=\"https:\/\/i0.wp.com\/www.jazzzeitung.de\/cms\/wp-content\/uploads\/2015\/10\/Till-Broenner_Foto-Andreas-Bitesnich-3.jpg?resize=300%2C200&amp;ssl=1 300w, https:\/\/i0.wp.com\/www.jazzzeitung.de\/cms\/wp-content\/uploads\/2015\/10\/Till-Broenner_Foto-Andreas-Bitesnich-3.jpg?resize=900%2C601&amp;ssl=1 900w, https:\/\/i0.wp.com\/www.jazzzeitung.de\/cms\/wp-content\/uploads\/2015\/10\/Till-Broenner_Foto-Andreas-Bitesnich-3.jpg?w=1680&amp;ssl=1 1680w, https:\/\/i0.wp.com\/www.jazzzeitung.de\/cms\/wp-content\/uploads\/2015\/10\/Till-Broenner_Foto-Andreas-Bitesnich-3.jpg?w=2520&amp;ssl=1 2520w\" sizes=\"auto, (max-width: 300px) 100vw, 300px\" \/><\/a><figcaption id=\"caption-attachment-7225\" class=\"wp-caption-text\">Toll Br\u00f6nner. Foto: Andreas Bitesnich<\/figcaption><\/figure>\n<p style=\"text-align: justify;\">Till Br\u00f6nners erstklassige Band begeistert Jazzliebhaber auf dem ganzen Globus. Vier gestandene Jazzer, alle auch als Solisten erfolgreich im Gesch\u00e4ft, scharen sich um Deutschlands Jazz-Ikone Till Br\u00f6nner und werden ihn nat\u00fcrlich auch in Bad W\u00f6rishofen begleiten: Magnus Lindgren, schwedischer Saxophonist und Fl\u00f6tist, Drummer David \u201eFingers\u201c Haynes, der Niederl\u00e4nder Jasper Soffers am Piano und Christian von Kaphengst am Bass. Jam-Feeling der sechziger und siebziger Jahre macht sich breit, der Groove packt den Zuh\u00f6rer und l\u00e4sst ihn erstaunen, mit welcher Leidenschaft und zugleich virtuoser Routine ein jeder sein Instrument beherrscht und die magischsten T\u00f6ne produziert. Das alles ohne Worte, ein reines Klangerlebnis!<\/p>\n<p style=\"text-align: justify;\">Das detaillierte Programm von \u201eJAZZ GOES TO KUR 2015\u201c und weitere Informationen zum Festival sind der Homepage <a href=\"http:\/\/www.jazzgoestokur.de\">www.jazzgoestokur.de<\/a> zu entnehmen sowie dem separaten Programmheft, das kostenlos im Kurhaus Bad W\u00f6rishofen (Tel. 08247 9933-55) erh\u00e4ltlich ist und dort auch telefonisch angefordert werden kann.<\/p>\n<p>&nbsp;<\/p>\n<p>&nbsp;<\/p>\n","protected":false},"excerpt":{"rendered":"<p>+++ Cyminology im Regensburger Jazzclub +++ Am 8. Oktober um 20 Uhr wird im &#8222;Leeren Beutel&#8220; in Regensburg das Berliner Quartett CYMINOLOGY zu h\u00f6ren sein. CYMINOLOGY verbindet persische Lyrik und kammermusikalische, zeitgen\u00f6ssische Musik: Ost und West, Alt und Neu in ber\u00fchrender Synthese. Die subtile, doch dynamische und sanft pulsierende Musik des Quartetts (gegr\u00fcndet 2002) entsteht aus dem Klang der persischen Sprache heraus. Sie verarbeitet Dichtung von Rumi, Hafis, Khayyam und Forough Farrokhzad. Cymin Samawatie f\u00fchrt in ihren Kompositionen unterschiedliche Richtungen zusammen, darunter die Kammermusik, freie Improvisation, moderne Kompositionsstrukturen, der Impressionismus, der Minimalismus und ein entfernter Anklang an Bossa Nova. Tickets und weitere Informationen unter www.jazzclub-regensburg.de +++ Internationales Jazzfestival EBE-JAZZ 15 +++ Einem Autokennzeichen nachempfunden pr\u00e4sentiert sich die IG EBE-JAZZ mit dem internationalen Jazzfestival EBE-JAZZ 15. Im Landkreis Ebersberg, \u00f6stlich von M\u00fcnchen, findet erstmals ein internationales Jazzfestival statt. Dabei sind sowohl K\u00fcnstler aus Deutschland und \u00d6sterreich wie auch aus Amerika, Brasilien, Afrika, dem United Kingdom und Korea vertreten. Ins Leben gerufen wurde das Festival von einer kleinen Initiative, die sich vor 7 Jahren unter dem Namen \u201ejazz.grafing\u201c zusammentat. Unterst\u00fctzt wird EBE-JAZZ 15 unter anderem vom Landrat, &hellip;<\/p>\n","protected":false},"author":18,"featured_media":0,"comment_status":"open","ping_status":"closed","sticky":false,"template":"","format":"standard","meta":{"_jetpack_memberships_contains_paid_content":false,"footnotes":"","jetpack_publicize_message":"","jetpack_publicize_feature_enabled":true,"jetpack_social_post_already_shared":false,"jetpack_social_options":{"image_generator_settings":{"template":"highway","default_image_id":0,"font":"","enabled":false},"version":2}},"categories":[633],"tags":[83,137,171,3,682,1007,271,918,716,1169,323,401,442,1797,535,548,549],"coauthors":[695],"class_list":["post-7221","post","type-post","status-publish","format-standard","hentry","category-nachrichten","tag-blues","tag-deutschland","tag-facebook","tag-festival","tag-festivals","tag-improvisation","tag-jazzclub","tag-jazzfestival","tag-jazzzirkel-weiden","tag-jiggs-whigham","tag-konzerte","tag-muenchen","tag-piano","tag-regensburg","tag-swing","tag-tickets","tag-till-broenner"],"yoast_head":"<!-- This site is optimized with the Yoast SEO plugin v27.5 - https:\/\/yoast.com\/product\/yoast-seo-wordpress\/ -->\n<title>+++ News +++ Cyminology im Regensburger Jazzclub +++ Internationales Jazzfestival EBE-JAZZ 15 +++ 25. Festival JAZZ GOES TO KUR 2015 +++ - JazzZeitung<\/title>\n<meta name=\"robots\" content=\"index, follow, max-snippet:-1, max-image-preview:large, max-video-preview:-1\" \/>\n<link rel=\"canonical\" href=\"https:\/\/www.jazzzeitung.de\/cms\/2015\/10\/news-cyminology-im-regensburger-jazzclub\/\" \/>\n<meta property=\"og:locale\" content=\"de_DE\" \/>\n<meta property=\"og:type\" content=\"article\" \/>\n<meta property=\"og:title\" content=\"+++ News +++ Cyminology im Regensburger Jazzclub +++ Internationales Jazzfestival EBE-JAZZ 15 +++ 25. Festival JAZZ GOES TO KUR 2015 +++ - JazzZeitung\" \/>\n<meta property=\"og:description\" content=\"+++ Cyminology im Regensburger Jazzclub +++ Am 8. Oktober um 20 Uhr wird im &#8222;Leeren Beutel&#8220; in Regensburg das Berliner Quartett CYMINOLOGY zu h\u00f6ren sein. CYMINOLOGY verbindet persische Lyrik und kammermusikalische, zeitgen\u00f6ssische Musik: Ost und West, Alt und Neu in ber\u00fchrender Synthese. Die subtile, doch dynamische und sanft pulsierende Musik des Quartetts (gegr\u00fcndet 2002) entsteht aus dem Klang der persischen Sprache heraus. Sie verarbeitet Dichtung von Rumi, Hafis, Khayyam und Forough Farrokhzad. Cymin Samawatie f\u00fchrt in ihren Kompositionen unterschiedliche Richtungen zusammen, darunter die Kammermusik, freie Improvisation, moderne Kompositionsstrukturen, der Impressionismus, der Minimalismus und ein entfernter Anklang an Bossa Nova. Tickets und weitere Informationen unter www.jazzclub-regensburg.de +++ Internationales Jazzfestival EBE-JAZZ 15 +++ Einem Autokennzeichen nachempfunden pr\u00e4sentiert sich die IG EBE-JAZZ mit dem internationalen Jazzfestival EBE-JAZZ 15. Im Landkreis Ebersberg, \u00f6stlich von M\u00fcnchen, findet erstmals ein internationales Jazzfestival statt. Dabei sind sowohl K\u00fcnstler aus Deutschland und \u00d6sterreich wie auch aus Amerika, Brasilien, Afrika, dem United Kingdom und Korea vertreten. Ins Leben gerufen wurde das Festival von einer kleinen Initiative, die sich vor 7 Jahren unter dem Namen \u201ejazz.grafing\u201c zusammentat. Unterst\u00fctzt wird EBE-JAZZ 15 unter anderem vom Landrat, &hellip;\" \/>\n<meta property=\"og:url\" content=\"https:\/\/www.jazzzeitung.de\/cms\/2015\/10\/news-cyminology-im-regensburger-jazzclub\/\" \/>\n<meta property=\"og:site_name\" content=\"JazzZeitung\" \/>\n<meta property=\"article:publisher\" content=\"https:\/\/www.facebook.com\/JazzZeitung\/\" \/>\n<meta property=\"article:published_time\" content=\"2015-10-05T10:15:51+00:00\" \/>\n<meta property=\"og:image\" content=\"http:\/\/www.jazzzeitung.de\/cms\/wp-content\/uploads\/2015\/09\/Band-1-150x150.jpg\" \/>\n<meta name=\"author\" content=\"Redaktion JazzZeitung\" \/>\n<script type=\"application\/ld+json\" class=\"yoast-schema-graph\">{\"@context\":\"https:\\\/\\\/schema.org\",\"@graph\":[{\"@type\":\"Article\",\"@id\":\"https:\\\/\\\/www.jazzzeitung.de\\\/cms\\\/2015\\\/10\\\/news-cyminology-im-regensburger-jazzclub\\\/#article\",\"isPartOf\":{\"@id\":\"https:\\\/\\\/www.jazzzeitung.de\\\/cms\\\/2015\\\/10\\\/news-cyminology-im-regensburger-jazzclub\\\/\"},\"author\":{\"name\":\"Redaktion JazzZeitung\",\"@id\":\"https:\\\/\\\/www.jazzzeitung.de\\\/cms\\\/#\\\/schema\\\/person\\\/2245b36b9cd1d24cea10f01c031fb92b\"},\"headline\":\"+++ News +++ Cyminology im Regensburger Jazzclub +++ Internationales Jazzfestival EBE-JAZZ 15 +++ 25. Festival JAZZ GOES TO KUR 2015 +++\",\"datePublished\":\"2015-10-05T10:15:51+00:00\",\"mainEntityOfPage\":{\"@id\":\"https:\\\/\\\/www.jazzzeitung.de\\\/cms\\\/2015\\\/10\\\/news-cyminology-im-regensburger-jazzclub\\\/\"},\"wordCount\":684,\"commentCount\":0,\"publisher\":{\"@id\":\"https:\\\/\\\/www.jazzzeitung.de\\\/cms\\\/#organization\"},\"image\":{\"@id\":\"https:\\\/\\\/www.jazzzeitung.de\\\/cms\\\/2015\\\/10\\\/news-cyminology-im-regensburger-jazzclub\\\/#primaryimage\"},\"thumbnailUrl\":\"http:\\\/\\\/www.jazzzeitung.de\\\/cms\\\/wp-content\\\/uploads\\\/2015\\\/09\\\/Band-1-150x150.jpg\",\"keywords\":[\"Blues\",\"Deutschland\",\"facebook\",\"Festival\",\"Festivals\",\"Improvisation\",\"Jazzclub\",\"Jazzfestival\",\"Jazzzirkel Weiden\",\"Jiggs Whigham\",\"Konzerte\",\"M\u00fcnchen\",\"Piano\",\"Regensburg\",\"Swing\",\"Tickets\",\"Till Br\u00f6nner\"],\"articleSection\":[\"News\"],\"inLanguage\":\"de\",\"potentialAction\":[{\"@type\":\"CommentAction\",\"name\":\"Comment\",\"target\":[\"https:\\\/\\\/www.jazzzeitung.de\\\/cms\\\/2015\\\/10\\\/news-cyminology-im-regensburger-jazzclub\\\/#respond\"]}]},{\"@type\":\"WebPage\",\"@id\":\"https:\\\/\\\/www.jazzzeitung.de\\\/cms\\\/2015\\\/10\\\/news-cyminology-im-regensburger-jazzclub\\\/\",\"url\":\"https:\\\/\\\/www.jazzzeitung.de\\\/cms\\\/2015\\\/10\\\/news-cyminology-im-regensburger-jazzclub\\\/\",\"name\":\"+++ News +++ Cyminology im Regensburger Jazzclub +++ Internationales Jazzfestival EBE-JAZZ 15 +++ 25. Festival JAZZ GOES TO KUR 2015 +++ - JazzZeitung\",\"isPartOf\":{\"@id\":\"https:\\\/\\\/www.jazzzeitung.de\\\/cms\\\/#website\"},\"primaryImageOfPage\":{\"@id\":\"https:\\\/\\\/www.jazzzeitung.de\\\/cms\\\/2015\\\/10\\\/news-cyminology-im-regensburger-jazzclub\\\/#primaryimage\"},\"image\":{\"@id\":\"https:\\\/\\\/www.jazzzeitung.de\\\/cms\\\/2015\\\/10\\\/news-cyminology-im-regensburger-jazzclub\\\/#primaryimage\"},\"thumbnailUrl\":\"http:\\\/\\\/www.jazzzeitung.de\\\/cms\\\/wp-content\\\/uploads\\\/2015\\\/09\\\/Band-1-150x150.jpg\",\"datePublished\":\"2015-10-05T10:15:51+00:00\",\"breadcrumb\":{\"@id\":\"https:\\\/\\\/www.jazzzeitung.de\\\/cms\\\/2015\\\/10\\\/news-cyminology-im-regensburger-jazzclub\\\/#breadcrumb\"},\"inLanguage\":\"de\",\"potentialAction\":[{\"@type\":\"ReadAction\",\"target\":[\"https:\\\/\\\/www.jazzzeitung.de\\\/cms\\\/2015\\\/10\\\/news-cyminology-im-regensburger-jazzclub\\\/\"]}]},{\"@type\":\"ImageObject\",\"inLanguage\":\"de\",\"@id\":\"https:\\\/\\\/www.jazzzeitung.de\\\/cms\\\/2015\\\/10\\\/news-cyminology-im-regensburger-jazzclub\\\/#primaryimage\",\"url\":\"http:\\\/\\\/www.jazzzeitung.de\\\/cms\\\/wp-content\\\/uploads\\\/2015\\\/09\\\/Band-1-150x150.jpg\",\"contentUrl\":\"http:\\\/\\\/www.jazzzeitung.de\\\/cms\\\/wp-content\\\/uploads\\\/2015\\\/09\\\/Band-1-150x150.jpg\"},{\"@type\":\"BreadcrumbList\",\"@id\":\"https:\\\/\\\/www.jazzzeitung.de\\\/cms\\\/2015\\\/10\\\/news-cyminology-im-regensburger-jazzclub\\\/#breadcrumb\",\"itemListElement\":[{\"@type\":\"ListItem\",\"position\":1,\"name\":\"Startseite\",\"item\":\"https:\\\/\\\/www.jazzzeitung.de\\\/cms\\\/\"},{\"@type\":\"ListItem\",\"position\":2,\"name\":\"+++ News +++ Cyminology im Regensburger Jazzclub +++ Internationales Jazzfestival EBE-JAZZ 15 +++ 25. Festival JAZZ GOES TO KUR 2015 +++\"}]},{\"@type\":\"WebSite\",\"@id\":\"https:\\\/\\\/www.jazzzeitung.de\\\/cms\\\/#website\",\"url\":\"https:\\\/\\\/www.jazzzeitung.de\\\/cms\\\/\",\"name\":\"JazzZeitung\",\"description\":\"Jazz-News und Jazz-Kontroverses\",\"publisher\":{\"@id\":\"https:\\\/\\\/www.jazzzeitung.de\\\/cms\\\/#organization\"},\"potentialAction\":[{\"@type\":\"SearchAction\",\"target\":{\"@type\":\"EntryPoint\",\"urlTemplate\":\"https:\\\/\\\/www.jazzzeitung.de\\\/cms\\\/?s={search_term_string}\"},\"query-input\":{\"@type\":\"PropertyValueSpecification\",\"valueRequired\":true,\"valueName\":\"search_term_string\"}}],\"inLanguage\":\"de\"},{\"@type\":\"Organization\",\"@id\":\"https:\\\/\\\/www.jazzzeitung.de\\\/cms\\\/#organization\",\"name\":\"JazzZeitung online\",\"url\":\"https:\\\/\\\/www.jazzzeitung.de\\\/cms\\\/\",\"logo\":{\"@type\":\"ImageObject\",\"inLanguage\":\"de\",\"@id\":\"https:\\\/\\\/www.jazzzeitung.de\\\/cms\\\/#\\\/schema\\\/logo\\\/image\\\/\",\"url\":\"https:\\\/\\\/i0.wp.com\\\/www.jazzzeitung.de\\\/cms\\\/wp-content\\\/uploads\\\/2015\\\/08\\\/JAZZZEITUNGDE_Logo_Neu.png?fit=499%2C200&ssl=1\",\"contentUrl\":\"https:\\\/\\\/i0.wp.com\\\/www.jazzzeitung.de\\\/cms\\\/wp-content\\\/uploads\\\/2015\\\/08\\\/JAZZZEITUNGDE_Logo_Neu.png?fit=499%2C200&ssl=1\",\"width\":499,\"height\":200,\"caption\":\"JazzZeitung online\"},\"image\":{\"@id\":\"https:\\\/\\\/www.jazzzeitung.de\\\/cms\\\/#\\\/schema\\\/logo\\\/image\\\/\"},\"sameAs\":[\"https:\\\/\\\/www.facebook.com\\\/JazzZeitung\\\/\"]},{\"@type\":\"Person\",\"@id\":\"https:\\\/\\\/www.jazzzeitung.de\\\/cms\\\/#\\\/schema\\\/person\\\/2245b36b9cd1d24cea10f01c031fb92b\",\"name\":\"Redaktion JazzZeitung\",\"image\":{\"@type\":\"ImageObject\",\"inLanguage\":\"de\",\"@id\":\"https:\\\/\\\/i0.wp.com\\\/www.jazzzeitung.de\\\/cms\\\/wp-content\\\/uploads\\\/2015\\\/08\\\/JAZZZEITUNGDE_Logo_Neu.png?resize=96%2C96&ssl=159975dcacb611b5700bd619b5daf0a7a\",\"url\":\"https:\\\/\\\/i0.wp.com\\\/www.jazzzeitung.de\\\/cms\\\/wp-content\\\/uploads\\\/2015\\\/08\\\/JAZZZEITUNGDE_Logo_Neu.png?resize=96%2C96&ssl=1\",\"contentUrl\":\"https:\\\/\\\/i0.wp.com\\\/www.jazzzeitung.de\\\/cms\\\/wp-content\\\/uploads\\\/2015\\\/08\\\/JAZZZEITUNGDE_Logo_Neu.png?resize=96%2C96&ssl=1\",\"caption\":\"Redaktion JazzZeitung\"},\"description\":\"Artikel der Redaktion der JazzZeitung.\",\"sameAs\":[\"http:\\\/\\\/www.jazzzeitung.de\\\/cms\\\/\"],\"url\":\"https:\\\/\\\/www.jazzzeitung.de\\\/cms\\\/author\\\/redaktion\\\/\"}]}<\/script>\n<!-- \/ Yoast SEO plugin. -->","yoast_head_json":{"title":"+++ News +++ Cyminology im Regensburger Jazzclub +++ Internationales Jazzfestival EBE-JAZZ 15 +++ 25. Festival JAZZ GOES TO KUR 2015 +++ - JazzZeitung","robots":{"index":"index","follow":"follow","max-snippet":"max-snippet:-1","max-image-preview":"max-image-preview:large","max-video-preview":"max-video-preview:-1"},"canonical":"https:\/\/www.jazzzeitung.de\/cms\/2015\/10\/news-cyminology-im-regensburger-jazzclub\/","og_locale":"de_DE","og_type":"article","og_title":"+++ News +++ Cyminology im Regensburger Jazzclub +++ Internationales Jazzfestival EBE-JAZZ 15 +++ 25. Festival JAZZ GOES TO KUR 2015 +++ - JazzZeitung","og_description":"+++ Cyminology im Regensburger Jazzclub +++ Am 8. Oktober um 20 Uhr wird im &#8222;Leeren Beutel&#8220; in Regensburg das Berliner Quartett CYMINOLOGY zu h\u00f6ren sein. CYMINOLOGY verbindet persische Lyrik und kammermusikalische, zeitgen\u00f6ssische Musik: Ost und West, Alt und Neu in ber\u00fchrender Synthese. Die subtile, doch dynamische und sanft pulsierende Musik des Quartetts (gegr\u00fcndet 2002) entsteht aus dem Klang der persischen Sprache heraus. Sie verarbeitet Dichtung von Rumi, Hafis, Khayyam und Forough Farrokhzad. Cymin Samawatie f\u00fchrt in ihren Kompositionen unterschiedliche Richtungen zusammen, darunter die Kammermusik, freie Improvisation, moderne Kompositionsstrukturen, der Impressionismus, der Minimalismus und ein entfernter Anklang an Bossa Nova. Tickets und weitere Informationen unter www.jazzclub-regensburg.de +++ Internationales Jazzfestival EBE-JAZZ 15 +++ Einem Autokennzeichen nachempfunden pr\u00e4sentiert sich die IG EBE-JAZZ mit dem internationalen Jazzfestival EBE-JAZZ 15. Im Landkreis Ebersberg, \u00f6stlich von M\u00fcnchen, findet erstmals ein internationales Jazzfestival statt. Dabei sind sowohl K\u00fcnstler aus Deutschland und \u00d6sterreich wie auch aus Amerika, Brasilien, Afrika, dem United Kingdom und Korea vertreten. Ins Leben gerufen wurde das Festival von einer kleinen Initiative, die sich vor 7 Jahren unter dem Namen \u201ejazz.grafing\u201c zusammentat. Unterst\u00fctzt wird EBE-JAZZ 15 unter anderem vom Landrat, &hellip;","og_url":"https:\/\/www.jazzzeitung.de\/cms\/2015\/10\/news-cyminology-im-regensburger-jazzclub\/","og_site_name":"JazzZeitung","article_publisher":"https:\/\/www.facebook.com\/JazzZeitung\/","article_published_time":"2015-10-05T10:15:51+00:00","og_image":[{"url":"http:\/\/www.jazzzeitung.de\/cms\/wp-content\/uploads\/2015\/09\/Band-1-150x150.jpg","type":"","width":"","height":""}],"author":"Redaktion JazzZeitung","schema":{"@context":"https:\/\/schema.org","@graph":[{"@type":"Article","@id":"https:\/\/www.jazzzeitung.de\/cms\/2015\/10\/news-cyminology-im-regensburger-jazzclub\/#article","isPartOf":{"@id":"https:\/\/www.jazzzeitung.de\/cms\/2015\/10\/news-cyminology-im-regensburger-jazzclub\/"},"author":{"name":"Redaktion JazzZeitung","@id":"https:\/\/www.jazzzeitung.de\/cms\/#\/schema\/person\/2245b36b9cd1d24cea10f01c031fb92b"},"headline":"+++ News +++ Cyminology im Regensburger Jazzclub +++ Internationales Jazzfestival EBE-JAZZ 15 +++ 25. Festival JAZZ GOES TO KUR 2015 +++","datePublished":"2015-10-05T10:15:51+00:00","mainEntityOfPage":{"@id":"https:\/\/www.jazzzeitung.de\/cms\/2015\/10\/news-cyminology-im-regensburger-jazzclub\/"},"wordCount":684,"commentCount":0,"publisher":{"@id":"https:\/\/www.jazzzeitung.de\/cms\/#organization"},"image":{"@id":"https:\/\/www.jazzzeitung.de\/cms\/2015\/10\/news-cyminology-im-regensburger-jazzclub\/#primaryimage"},"thumbnailUrl":"http:\/\/www.jazzzeitung.de\/cms\/wp-content\/uploads\/2015\/09\/Band-1-150x150.jpg","keywords":["Blues","Deutschland","facebook","Festival","Festivals","Improvisation","Jazzclub","Jazzfestival","Jazzzirkel Weiden","Jiggs Whigham","Konzerte","M\u00fcnchen","Piano","Regensburg","Swing","Tickets","Till Br\u00f6nner"],"articleSection":["News"],"inLanguage":"de","potentialAction":[{"@type":"CommentAction","name":"Comment","target":["https:\/\/www.jazzzeitung.de\/cms\/2015\/10\/news-cyminology-im-regensburger-jazzclub\/#respond"]}]},{"@type":"WebPage","@id":"https:\/\/www.jazzzeitung.de\/cms\/2015\/10\/news-cyminology-im-regensburger-jazzclub\/","url":"https:\/\/www.jazzzeitung.de\/cms\/2015\/10\/news-cyminology-im-regensburger-jazzclub\/","name":"+++ News +++ Cyminology im Regensburger Jazzclub +++ Internationales Jazzfestival EBE-JAZZ 15 +++ 25. Festival JAZZ GOES TO KUR 2015 +++ - JazzZeitung","isPartOf":{"@id":"https:\/\/www.jazzzeitung.de\/cms\/#website"},"primaryImageOfPage":{"@id":"https:\/\/www.jazzzeitung.de\/cms\/2015\/10\/news-cyminology-im-regensburger-jazzclub\/#primaryimage"},"image":{"@id":"https:\/\/www.jazzzeitung.de\/cms\/2015\/10\/news-cyminology-im-regensburger-jazzclub\/#primaryimage"},"thumbnailUrl":"http:\/\/www.jazzzeitung.de\/cms\/wp-content\/uploads\/2015\/09\/Band-1-150x150.jpg","datePublished":"2015-10-05T10:15:51+00:00","breadcrumb":{"@id":"https:\/\/www.jazzzeitung.de\/cms\/2015\/10\/news-cyminology-im-regensburger-jazzclub\/#breadcrumb"},"inLanguage":"de","potentialAction":[{"@type":"ReadAction","target":["https:\/\/www.jazzzeitung.de\/cms\/2015\/10\/news-cyminology-im-regensburger-jazzclub\/"]}]},{"@type":"ImageObject","inLanguage":"de","@id":"https:\/\/www.jazzzeitung.de\/cms\/2015\/10\/news-cyminology-im-regensburger-jazzclub\/#primaryimage","url":"http:\/\/www.jazzzeitung.de\/cms\/wp-content\/uploads\/2015\/09\/Band-1-150x150.jpg","contentUrl":"http:\/\/www.jazzzeitung.de\/cms\/wp-content\/uploads\/2015\/09\/Band-1-150x150.jpg"},{"@type":"BreadcrumbList","@id":"https:\/\/www.jazzzeitung.de\/cms\/2015\/10\/news-cyminology-im-regensburger-jazzclub\/#breadcrumb","itemListElement":[{"@type":"ListItem","position":1,"name":"Startseite","item":"https:\/\/www.jazzzeitung.de\/cms\/"},{"@type":"ListItem","position":2,"name":"+++ News +++ Cyminology im Regensburger Jazzclub +++ Internationales Jazzfestival EBE-JAZZ 15 +++ 25. Festival JAZZ GOES TO KUR 2015 +++"}]},{"@type":"WebSite","@id":"https:\/\/www.jazzzeitung.de\/cms\/#website","url":"https:\/\/www.jazzzeitung.de\/cms\/","name":"JazzZeitung","description":"Jazz-News und Jazz-Kontroverses","publisher":{"@id":"https:\/\/www.jazzzeitung.de\/cms\/#organization"},"potentialAction":[{"@type":"SearchAction","target":{"@type":"EntryPoint","urlTemplate":"https:\/\/www.jazzzeitung.de\/cms\/?s={search_term_string}"},"query-input":{"@type":"PropertyValueSpecification","valueRequired":true,"valueName":"search_term_string"}}],"inLanguage":"de"},{"@type":"Organization","@id":"https:\/\/www.jazzzeitung.de\/cms\/#organization","name":"JazzZeitung online","url":"https:\/\/www.jazzzeitung.de\/cms\/","logo":{"@type":"ImageObject","inLanguage":"de","@id":"https:\/\/www.jazzzeitung.de\/cms\/#\/schema\/logo\/image\/","url":"https:\/\/i0.wp.com\/www.jazzzeitung.de\/cms\/wp-content\/uploads\/2015\/08\/JAZZZEITUNGDE_Logo_Neu.png?fit=499%2C200&ssl=1","contentUrl":"https:\/\/i0.wp.com\/www.jazzzeitung.de\/cms\/wp-content\/uploads\/2015\/08\/JAZZZEITUNGDE_Logo_Neu.png?fit=499%2C200&ssl=1","width":499,"height":200,"caption":"JazzZeitung online"},"image":{"@id":"https:\/\/www.jazzzeitung.de\/cms\/#\/schema\/logo\/image\/"},"sameAs":["https:\/\/www.facebook.com\/JazzZeitung\/"]},{"@type":"Person","@id":"https:\/\/www.jazzzeitung.de\/cms\/#\/schema\/person\/2245b36b9cd1d24cea10f01c031fb92b","name":"Redaktion JazzZeitung","image":{"@type":"ImageObject","inLanguage":"de","@id":"https:\/\/i0.wp.com\/www.jazzzeitung.de\/cms\/wp-content\/uploads\/2015\/08\/JAZZZEITUNGDE_Logo_Neu.png?resize=96%2C96&ssl=159975dcacb611b5700bd619b5daf0a7a","url":"https:\/\/i0.wp.com\/www.jazzzeitung.de\/cms\/wp-content\/uploads\/2015\/08\/JAZZZEITUNGDE_Logo_Neu.png?resize=96%2C96&ssl=1","contentUrl":"https:\/\/i0.wp.com\/www.jazzzeitung.de\/cms\/wp-content\/uploads\/2015\/08\/JAZZZEITUNGDE_Logo_Neu.png?resize=96%2C96&ssl=1","caption":"Redaktion JazzZeitung"},"description":"Artikel der Redaktion der JazzZeitung.","sameAs":["http:\/\/www.jazzzeitung.de\/cms\/"],"url":"https:\/\/www.jazzzeitung.de\/cms\/author\/redaktion\/"}]}},"wp-worthy-pixel":{"ignored":false,"public":null,"server":null,"url":null},"wp-worthy-type":"normal","jetpack_publicize_connections":[],"cc_featured_image_caption":{"caption_text":false,"source_text":false,"source_url":false},"jetpack_featured_media_url":"","jetpack_shortlink":"https:\/\/wp.me\/p3KEcT-1St","jetpack-related-posts":[{"id":5590,"url":"https:\/\/www.jazzzeitung.de\/cms\/2015\/02\/die-band-cyminology-unterfahrt\/","url_meta":{"origin":7221,"position":0},"title":"Die Band Cyminology @ Unterfahrt","author":"Redaktion JazzZeitung","date":"27. Februar 2015","format":false,"excerpt":"Von Thomas J. Krebs - Vollbesetztes Haus am Samstagabend in der M\u00fcnchner Unterfahrt: \u201eOrient trifft Okzident\u201c! Cymin Samawatie pr\u00e4sentierte dort mit ihrer Gruppe Cyminolgoy die gerade auf ECM erschiene CD \u201ePhoenix\u201c. Eine kontinuierliche Weiterentwicklung der Kombination persischer Lyrik mit kammermusikalischen, zeitgen\u00f6ssischen, jazzigen Kl\u00e4ngen, diesmal erweitert um eine wunderbare Klangfarbe mit\u2026","rel":"","context":"In &quot;Galerie&quot;","block_context":{"text":"Galerie","link":"https:\/\/www.jazzzeitung.de\/cms\/thema\/galerie\/"},"img":{"alt_text":"","src":"https:\/\/i0.wp.com\/www.jazzzeitung.de\/cms\/wp-content\/uploads\/2015\/02\/P1440582-Samawatie-Copyright-TJ-Krebs-jazzphotoagency%40web.de_.jpg?fit=800%2C1200&ssl=1&resize=350%2C200","width":350,"height":200,"srcset":"https:\/\/i0.wp.com\/www.jazzzeitung.de\/cms\/wp-content\/uploads\/2015\/02\/P1440582-Samawatie-Copyright-TJ-Krebs-jazzphotoagency%40web.de_.jpg?fit=800%2C1200&ssl=1&resize=350%2C200 1x, https:\/\/i0.wp.com\/www.jazzzeitung.de\/cms\/wp-content\/uploads\/2015\/02\/P1440582-Samawatie-Copyright-TJ-Krebs-jazzphotoagency%40web.de_.jpg?fit=800%2C1200&ssl=1&resize=525%2C300 1.5x, https:\/\/i0.wp.com\/www.jazzzeitung.de\/cms\/wp-content\/uploads\/2015\/02\/P1440582-Samawatie-Copyright-TJ-Krebs-jazzphotoagency%40web.de_.jpg?fit=800%2C1200&ssl=1&resize=700%2C400 2x"},"classes":[]},{"id":29211,"url":"https:\/\/www.jazzzeitung.de\/cms\/2023\/03\/news-regensburg-huerth-ljjo-baden-wuerttemberg\/","url_meta":{"origin":7221,"position":1},"title":"News: +++ Regensburg +++ H\u00fcrth +++ LJJO Baden-W\u00fcrttemberg +++","author":"Redaktion JazzZeitung","date":"14. M\u00e4rz 2023","format":false,"excerpt":"+++ Highlight-April im Regensburger Jazzclub +++ Neben dem allmonatlichen Jazz-Brunch im Degginger (diesen Monat Yankee Meier Organ Trio, Sonntag 23. April 2023) und der Session im Leeren Beutel (Sessionleiter: Danube in Blue, 3. April 2023), veranstaltet der Regensburger Jazzclub wiederholt hochkar\u00e4tige Konzerte im Leeren Beutel und im Caf\u00e9 Degginger. Das\u2026","rel":"","context":"In &quot;News&quot;","block_context":{"text":"News","link":"https:\/\/www.jazzzeitung.de\/cms\/thema\/nachrichten\/"},"img":{"alt_text":"","src":"https:\/\/i0.wp.com\/www.jazzzeitung.de\/cms\/wp-content\/uploads\/2023\/03\/jc-20230404-Tobias-Meinhart-The-Painter%C2%A9-Mariana-Meraz_Jazzclub-Regensburg.jpg?fit=1200%2C801&ssl=1&resize=350%2C200","width":350,"height":200,"srcset":"https:\/\/i0.wp.com\/www.jazzzeitung.de\/cms\/wp-content\/uploads\/2023\/03\/jc-20230404-Tobias-Meinhart-The-Painter%C2%A9-Mariana-Meraz_Jazzclub-Regensburg.jpg?fit=1200%2C801&ssl=1&resize=350%2C200 1x, https:\/\/i0.wp.com\/www.jazzzeitung.de\/cms\/wp-content\/uploads\/2023\/03\/jc-20230404-Tobias-Meinhart-The-Painter%C2%A9-Mariana-Meraz_Jazzclub-Regensburg.jpg?fit=1200%2C801&ssl=1&resize=525%2C300 1.5x, https:\/\/i0.wp.com\/www.jazzzeitung.de\/cms\/wp-content\/uploads\/2023\/03\/jc-20230404-Tobias-Meinhart-The-Painter%C2%A9-Mariana-Meraz_Jazzclub-Regensburg.jpg?fit=1200%2C801&ssl=1&resize=700%2C400 2x, https:\/\/i0.wp.com\/www.jazzzeitung.de\/cms\/wp-content\/uploads\/2023\/03\/jc-20230404-Tobias-Meinhart-The-Painter%C2%A9-Mariana-Meraz_Jazzclub-Regensburg.jpg?fit=1200%2C801&ssl=1&resize=1050%2C600 3x"},"classes":[]},{"id":13670,"url":"https:\/\/www.jazzzeitung.de\/cms\/2017\/10\/save-the-date-der-jazzclub-regensburg-wird-30\/","url_meta":{"origin":7221,"position":2},"title":"Save the date: der Jazzclub Regensburg wird 30","author":"Redaktion JazzZeitung","date":"5. Oktober 2017","format":false,"excerpt":"Seit 30 Jahren steht der Jazzclub Regensburg f\u00fcr ein genauso hochkar\u00e4tiges, wie abwechslungsreiches Live-Programm. In diesem Herbst wird die bayerische Musikinstitution 30 Jahre alt \u2013 gefeiert wird im November. Seit 1987 hat der Jazz in Regensburg ein Zuhause \u2013im Jazzclub Regensburg, angesiedelt im historischen Gem\u00e4uer des Kulturzentrums \u201eLeerer Beutel\u201c (Bertoldstra\u00dfe\u2026","rel":"","context":"In &quot;News&quot;","block_context":{"text":"News","link":"https:\/\/www.jazzzeitung.de\/cms\/thema\/nachrichten\/"},"img":{"alt_text":"","src":"https:\/\/i0.wp.com\/www.jazzzeitung.de\/cms\/wp-content\/uploads\/2017\/10\/Pablo-Held-Trio-Wald-73423.jpg?fit=1200%2C800&ssl=1&resize=350%2C200","width":350,"height":200,"srcset":"https:\/\/i0.wp.com\/www.jazzzeitung.de\/cms\/wp-content\/uploads\/2017\/10\/Pablo-Held-Trio-Wald-73423.jpg?fit=1200%2C800&ssl=1&resize=350%2C200 1x, https:\/\/i0.wp.com\/www.jazzzeitung.de\/cms\/wp-content\/uploads\/2017\/10\/Pablo-Held-Trio-Wald-73423.jpg?fit=1200%2C800&ssl=1&resize=525%2C300 1.5x, https:\/\/i0.wp.com\/www.jazzzeitung.de\/cms\/wp-content\/uploads\/2017\/10\/Pablo-Held-Trio-Wald-73423.jpg?fit=1200%2C800&ssl=1&resize=700%2C400 2x, https:\/\/i0.wp.com\/www.jazzzeitung.de\/cms\/wp-content\/uploads\/2017\/10\/Pablo-Held-Trio-Wald-73423.jpg?fit=1200%2C800&ssl=1&resize=1050%2C600 3x"},"classes":[]},{"id":5809,"url":"https:\/\/www.jazzzeitung.de\/cms\/2015\/03\/news-lana-meets-jazz-2015-landsberger-auf-tour-karlzon-regensburg\/","url_meta":{"origin":7221,"position":3},"title":"News: Lana meets Jazz 2015 +++ Landsberger auf Tour +++ Karlzon in Regensburg","author":"Redaktion JazzZeitung","date":"26. M\u00e4rz 2015","format":false,"excerpt":"Lana meets Jazz 2015 ganz im Dienste des musikalischen Nachwuchses Auch im Jahr 2015 steht das Festival Lana meets Jazz ganz im\u00a0Zeichen der musizierenden Jugend S\u00fcdtirols. Das Festival vom 04.-10. Mai zeichnet\u00a0sich durch die gemeinsamen Auftritte gro\u00dfer und kleiner K\u00fcnstler\u00a0aus und ist in S\u00fcdtirol in seiner Art wohl einzigartig. Es\u2026","rel":"","context":"In &quot;News&quot;","block_context":{"text":"News","link":"https:\/\/www.jazzzeitung.de\/cms\/thema\/nachrichten\/"},"img":{"alt_text":"Lana","src":"https:\/\/i0.wp.com\/www.jazzzeitung.de\/cms\/wp-content\/uploads\/2015\/03\/Lana-150x150.jpg?resize=350%2C200","width":350,"height":200},"classes":[]},{"id":8537,"url":"https:\/\/www.jazzzeitung.de\/cms\/2016\/02\/malia-gastiert-im-jazzclub-regensburg\/","url_meta":{"origin":7221,"position":4},"title":"Ganz in Gold \u2013 Malia gastiert im Jazzclub Regensburg","author":"Redaktion JazzZeitung","date":"27. Februar 2016","format":false,"excerpt":"Malia im Jazzclub Regensburg \u2013 das hie\u00df ein ausverkaufter Saal mit vielen Fans und Bewunderern. Die Luft knisterte - auff\u00e4llig, dass die Stimmung nie wirklich hochkochte. St\u00e4rker als in fr\u00fcheren, wilden Zeiten, als sie, nur mit Purple Shoes bekleidet, singend durch die Stra\u00dfen Londons ging, kehrte die\u00a0 glamour\u00f6se S\u00e4ngerin aus\u2026","rel":"","context":"In &quot;Bericht&quot;","block_context":{"text":"Bericht","link":"https:\/\/www.jazzzeitung.de\/cms\/thema\/bericht\/"},"img":{"alt_text":"","src":"https:\/\/i0.wp.com\/www.jazzzeitung.de\/cms\/wp-content\/uploads\/2016\/02\/Jazz-Club_Malia_Foto-van-Loon_9.jpg?fit=800%2C1200&ssl=1&resize=350%2C200","width":350,"height":200,"srcset":"https:\/\/i0.wp.com\/www.jazzzeitung.de\/cms\/wp-content\/uploads\/2016\/02\/Jazz-Club_Malia_Foto-van-Loon_9.jpg?fit=800%2C1200&ssl=1&resize=350%2C200 1x, https:\/\/i0.wp.com\/www.jazzzeitung.de\/cms\/wp-content\/uploads\/2016\/02\/Jazz-Club_Malia_Foto-van-Loon_9.jpg?fit=800%2C1200&ssl=1&resize=525%2C300 1.5x, https:\/\/i0.wp.com\/www.jazzzeitung.de\/cms\/wp-content\/uploads\/2016\/02\/Jazz-Club_Malia_Foto-van-Loon_9.jpg?fit=800%2C1200&ssl=1&resize=700%2C400 2x"},"classes":[]},{"id":2516,"url":"https:\/\/www.jazzzeitung.de\/cms\/2013\/10\/drei-hammond-eggs-und-ein-amerikaner-im-regensburger-jazzclub-leerer-beutel\/","url_meta":{"origin":7221,"position":5},"title":"Drei Hammond Eggs und ein Amerikaner im Regensburger Jazzclub \u201eLeerer Beutel\u201c","author":"Redaktion JazzZeitung","date":"24. Oktober 2013","format":false,"excerpt":"Hammond Eggs, das sind Jermaine Landsberger an einer unaufh\u00f6rlich\u00a0 brodelnden Hammond-Orgel, Paulo Morello, der seine Gitarre cool und\u00a0 kultiviert grooven l\u00e4sst, sowie Christoph Huber hinger seinem pr\u00e4zise, knackig arbeitenden Schlagwerk. Gestern besuchte das Trio den Regensburger Jazzclub \u201eLeerer Beutel\u201c gemeinsam mit dem amerikanischen Trompeter Randy Brecker. Das Quartett produzierte \u00fcber\u2026","rel":"","context":"In &quot;News&quot;","block_context":{"text":"News","link":"https:\/\/www.jazzzeitung.de\/cms\/thema\/nachrichten\/"},"img":{"alt_text":"","src":"https:\/\/i0.wp.com\/www.jazzzeitung.de\/cms\/wp-content\/uploads\/2013\/10\/DSC_0221.jpg?fit=1200%2C797&ssl=1&resize=350%2C200","width":350,"height":200,"srcset":"https:\/\/i0.wp.com\/www.jazzzeitung.de\/cms\/wp-content\/uploads\/2013\/10\/DSC_0221.jpg?fit=1200%2C797&ssl=1&resize=350%2C200 1x, https:\/\/i0.wp.com\/www.jazzzeitung.de\/cms\/wp-content\/uploads\/2013\/10\/DSC_0221.jpg?fit=1200%2C797&ssl=1&resize=525%2C300 1.5x, https:\/\/i0.wp.com\/www.jazzzeitung.de\/cms\/wp-content\/uploads\/2013\/10\/DSC_0221.jpg?fit=1200%2C797&ssl=1&resize=700%2C400 2x, https:\/\/i0.wp.com\/www.jazzzeitung.de\/cms\/wp-content\/uploads\/2013\/10\/DSC_0221.jpg?fit=1200%2C797&ssl=1&resize=1050%2C600 3x"},"classes":[]}],"jetpack_sharing_enabled":true,"_links":{"self":[{"href":"https:\/\/www.jazzzeitung.de\/cms\/wp-json\/wp\/v2\/posts\/7221","targetHints":{"allow":["GET"]}}],"collection":[{"href":"https:\/\/www.jazzzeitung.de\/cms\/wp-json\/wp\/v2\/posts"}],"about":[{"href":"https:\/\/www.jazzzeitung.de\/cms\/wp-json\/wp\/v2\/types\/post"}],"author":[{"embeddable":true,"href":"https:\/\/www.jazzzeitung.de\/cms\/wp-json\/wp\/v2\/users\/18"}],"replies":[{"embeddable":true,"href":"https:\/\/www.jazzzeitung.de\/cms\/wp-json\/wp\/v2\/comments?post=7221"}],"version-history":[{"count":7,"href":"https:\/\/www.jazzzeitung.de\/cms\/wp-json\/wp\/v2\/posts\/7221\/revisions"}],"predecessor-version":[{"id":7249,"href":"https:\/\/www.jazzzeitung.de\/cms\/wp-json\/wp\/v2\/posts\/7221\/revisions\/7249"}],"wp:attachment":[{"href":"https:\/\/www.jazzzeitung.de\/cms\/wp-json\/wp\/v2\/media?parent=7221"}],"wp:term":[{"taxonomy":"category","embeddable":true,"href":"https:\/\/www.jazzzeitung.de\/cms\/wp-json\/wp\/v2\/categories?post=7221"},{"taxonomy":"post_tag","embeddable":true,"href":"https:\/\/www.jazzzeitung.de\/cms\/wp-json\/wp\/v2\/tags?post=7221"},{"taxonomy":"author","embeddable":true,"href":"https:\/\/www.jazzzeitung.de\/cms\/wp-json\/wp\/v2\/coauthors?post=7221"}],"curies":[{"name":"wp","href":"https:\/\/api.w.org\/{rel}","templated":true}]}}