{"id":7204,"date":"2015-09-30T09:50:07","date_gmt":"2015-09-30T07:50:07","guid":{"rendered":"http:\/\/www.jazzzeitung.de\/cms\/?p=7204"},"modified":"2015-09-30T09:50:07","modified_gmt":"2015-09-30T07:50:07","slug":"leichtes-mit-internationalem-format-ulita-knaus","status":"publish","type":"post","link":"https:\/\/www.jazzzeitung.de\/cms\/2015\/09\/leichtes-mit-internationalem-format-ulita-knaus\/","title":{"rendered":"Leichtes mit internationalem Format: Ulita Knaus"},"content":{"rendered":"<p><a href=\"https:\/\/i0.wp.com\/www.jazzzeitung.de\/cms\/wp-content\/uploads\/2015\/09\/Knaus-Ulita_44.jpg\"><img data-recalc-dims=\"1\" loading=\"lazy\" decoding=\"async\" data-attachment-id=\"7208\" data-permalink=\"https:\/\/www.jazzzeitung.de\/cms\/2015\/09\/leichtes-mit-internationalem-format-ulita-knaus\/knaus-ulita_44\/\" data-orig-file=\"https:\/\/i0.wp.com\/www.jazzzeitung.de\/cms\/wp-content\/uploads\/2015\/09\/Knaus-Ulita_44.jpg?fit=1916%2C1255&amp;ssl=1\" data-orig-size=\"1916,1255\" data-comments-opened=\"1\" data-image-meta=\"{&quot;aperture&quot;:&quot;5.3&quot;,&quot;credit&quot;:&quot;Michael Scheiner&quot;,&quot;camera&quot;:&quot;NIKON D7000&quot;,&quot;caption&quot;:&quot;&quot;,&quot;created_timestamp&quot;:&quot;1443219416&quot;,&quot;copyright&quot;:&quot;Michael Scheiner&quot;,&quot;focal_length&quot;:&quot;80&quot;,&quot;iso&quot;:&quot;1600&quot;,&quot;shutter_speed&quot;:&quot;0.0125&quot;,&quot;title&quot;:&quot;&quot;,&quot;orientation&quot;:&quot;1&quot;}\" data-image-title=\"Knaus-Ulita_44\" data-image-description=\"\" data-image-caption=\"\" data-large-file=\"https:\/\/i0.wp.com\/www.jazzzeitung.de\/cms\/wp-content\/uploads\/2015\/09\/Knaus-Ulita_44.jpg?fit=840%2C551&amp;ssl=1\" class=\"alignright size-thumbnail wp-image-7208\" src=\"https:\/\/i0.wp.com\/www.jazzzeitung.de\/cms\/wp-content\/uploads\/2015\/09\/Knaus-Ulita_44-150x150.jpg?resize=150%2C150\" alt=\"Knaus-Ulita_44\" width=\"150\" height=\"150\" srcset=\"https:\/\/i0.wp.com\/www.jazzzeitung.de\/cms\/wp-content\/uploads\/2015\/09\/Knaus-Ulita_44.jpg?resize=150%2C150&amp;ssl=1 150w, https:\/\/i0.wp.com\/www.jazzzeitung.de\/cms\/wp-content\/uploads\/2015\/09\/Knaus-Ulita_44.jpg?resize=144%2C144&amp;ssl=1 144w, https:\/\/i0.wp.com\/www.jazzzeitung.de\/cms\/wp-content\/uploads\/2015\/09\/Knaus-Ulita_44.jpg?resize=96%2C96&amp;ssl=1 96w, https:\/\/i0.wp.com\/www.jazzzeitung.de\/cms\/wp-content\/uploads\/2015\/09\/Knaus-Ulita_44.jpg?resize=24%2C24&amp;ssl=1 24w, https:\/\/i0.wp.com\/www.jazzzeitung.de\/cms\/wp-content\/uploads\/2015\/09\/Knaus-Ulita_44.jpg?resize=36%2C36&amp;ssl=1 36w, https:\/\/i0.wp.com\/www.jazzzeitung.de\/cms\/wp-content\/uploads\/2015\/09\/Knaus-Ulita_44.jpg?resize=48%2C48&amp;ssl=1 48w, https:\/\/i0.wp.com\/www.jazzzeitung.de\/cms\/wp-content\/uploads\/2015\/09\/Knaus-Ulita_44.jpg?resize=64%2C64&amp;ssl=1 64w, https:\/\/i0.wp.com\/www.jazzzeitung.de\/cms\/wp-content\/uploads\/2015\/09\/Knaus-Ulita_44.jpg?resize=32%2C32&amp;ssl=1 32w, https:\/\/i0.wp.com\/www.jazzzeitung.de\/cms\/wp-content\/uploads\/2015\/09\/Knaus-Ulita_44.jpg?resize=128%2C128&amp;ssl=1 128w, https:\/\/i0.wp.com\/www.jazzzeitung.de\/cms\/wp-content\/uploads\/2015\/09\/Knaus-Ulita_44.jpg?zoom=2&amp;resize=150%2C150&amp;ssl=1 300w, https:\/\/i0.wp.com\/www.jazzzeitung.de\/cms\/wp-content\/uploads\/2015\/09\/Knaus-Ulita_44.jpg?zoom=3&amp;resize=150%2C150&amp;ssl=1 450w\" sizes=\"auto, (max-width: 150px) 100vw, 150px\" \/><\/a>Text und Fotos: Michael Scheiner &#8211; Bei ihrem ersten Gastspiel im Jazzclub Regensburg stellte Ulita Knaus vornehmlich Songs aus ihrem Album \u201eThe Moon On My Doorstep\u201c vor. Mit dem Berliner Pianisten Tino Derado \u2013 ein geb\u00fcrtiger M\u00fcnchner \u2013 und Schlagzeuger T\u00fapac Mantilla aus Kolumbien hatte sie zwei exzellente Begleiter dabei. Den Eindruck, dass bei einer solchen Minimalbesetzung etwas fehlen w\u00fcrde, lie\u00dfen die trefflich harmonierenden Musiker gar nicht erst aufkommen. Zwar stand der Gesang von Knaus deutlich im Mittelpunkt, dennoch hatten die beiden gen\u00fcgend Spielraum f\u00fcr eigene Akzente. Sein leichtes, manchmal fast zartes Schlagzeugspiel gestaltete Mantilla mit verschiedenen Schlegeln, Metallst\u00e4ben und Besen, bis hin zum gemeinen Hofbesen. Vergn\u00fcgt trommelte er mit diesem auf die Snaredrum ein. Den Vogel schoss der schm\u00e4chtige S\u00fcdamerikaner mit einer umwerfend groovenden Bodypercussion ab, mit welcher er Knaus in einem chinesisch anmutenden Song t\u00e4nzelnd begleitete. Danach brach sich die bis dato etwas zur\u00fcckhaltende Stimmung des Publikums in einem Beifallsturm Bahn.<\/p>\n<p><a href=\"https:\/\/i0.wp.com\/www.jazzzeitung.de\/cms\/wp-content\/uploads\/2015\/09\/Mantilla-T%C3%BApac_42.jpg\"><img data-recalc-dims=\"1\" loading=\"lazy\" decoding=\"async\" data-attachment-id=\"7212\" data-permalink=\"https:\/\/www.jazzzeitung.de\/cms\/2015\/09\/leichtes-mit-internationalem-format-ulita-knaus\/mantilla-tupac_42\/\" data-orig-file=\"https:\/\/i0.wp.com\/www.jazzzeitung.de\/cms\/wp-content\/uploads\/2015\/09\/Mantilla-T%C3%BApac_42.jpg?fit=1890%2C1252&amp;ssl=1\" data-orig-size=\"1890,1252\" data-comments-opened=\"1\" data-image-meta=\"{&quot;aperture&quot;:&quot;5&quot;,&quot;credit&quot;:&quot;Michael Scheiner&quot;,&quot;camera&quot;:&quot;NIKON D7000&quot;,&quot;caption&quot;:&quot;&quot;,&quot;created_timestamp&quot;:&quot;1443219375&quot;,&quot;copyright&quot;:&quot;Michael Scheiner&quot;,&quot;focal_length&quot;:&quot;52&quot;,&quot;iso&quot;:&quot;1600&quot;,&quot;shutter_speed&quot;:&quot;0.0125&quot;,&quot;title&quot;:&quot;&quot;,&quot;orientation&quot;:&quot;1&quot;}\" data-image-title=\"Mantilla-T\u00fapac_42\" data-image-description=\"\" data-image-caption=\"\" data-large-file=\"https:\/\/i0.wp.com\/www.jazzzeitung.de\/cms\/wp-content\/uploads\/2015\/09\/Mantilla-T%C3%BApac_42.jpg?fit=840%2C556&amp;ssl=1\" class=\"aligncenter size-medium wp-image-7212\" src=\"https:\/\/i0.wp.com\/www.jazzzeitung.de\/cms\/wp-content\/uploads\/2015\/09\/Mantilla-T%C3%BApac_42-300x199.jpg?resize=300%2C199\" alt=\"Mantilla-T\u00fapac_42\" width=\"300\" height=\"199\" srcset=\"https:\/\/i0.wp.com\/www.jazzzeitung.de\/cms\/wp-content\/uploads\/2015\/09\/Mantilla-T%C3%BApac_42.jpg?resize=300%2C199&amp;ssl=1 300w, https:\/\/i0.wp.com\/www.jazzzeitung.de\/cms\/wp-content\/uploads\/2015\/09\/Mantilla-T%C3%BApac_42.jpg?resize=900%2C596&amp;ssl=1 900w, https:\/\/i0.wp.com\/www.jazzzeitung.de\/cms\/wp-content\/uploads\/2015\/09\/Mantilla-T%C3%BApac_42.jpg?w=1890&amp;ssl=1 1890w, https:\/\/i0.wp.com\/www.jazzzeitung.de\/cms\/wp-content\/uploads\/2015\/09\/Mantilla-T%C3%BApac_42.jpg?w=1680&amp;ssl=1 1680w\" sizes=\"auto, (max-width: 300px) 100vw, 300px\" \/><\/a> <a href=\"https:\/\/i0.wp.com\/www.jazzzeitung.de\/cms\/wp-content\/uploads\/2015\/09\/Derado-Tino_30.jpg\"><img data-recalc-dims=\"1\" loading=\"lazy\" decoding=\"async\" data-attachment-id=\"7205\" data-permalink=\"https:\/\/www.jazzzeitung.de\/cms\/2015\/09\/leichtes-mit-internationalem-format-ulita-knaus\/derado-tino_30\/\" data-orig-file=\"https:\/\/i0.wp.com\/www.jazzzeitung.de\/cms\/wp-content\/uploads\/2015\/09\/Derado-Tino_30.jpg?fit=1890%2C1252&amp;ssl=1\" data-orig-size=\"1890,1252\" data-comments-opened=\"1\" data-image-meta=\"{&quot;aperture&quot;:&quot;5.3&quot;,&quot;credit&quot;:&quot;Michael Scheiner&quot;,&quot;camera&quot;:&quot;NIKON D7000&quot;,&quot;caption&quot;:&quot;&quot;,&quot;created_timestamp&quot;:&quot;1443218665&quot;,&quot;copyright&quot;:&quot;Michael Scheiner&quot;,&quot;focal_length&quot;:&quot;80&quot;,&quot;iso&quot;:&quot;1600&quot;,&quot;shutter_speed&quot;:&quot;0.02&quot;,&quot;title&quot;:&quot;&quot;,&quot;orientation&quot;:&quot;1&quot;}\" data-image-title=\"Derado-Tino_30\" data-image-description=\"\" data-image-caption=\"\" data-large-file=\"https:\/\/i0.wp.com\/www.jazzzeitung.de\/cms\/wp-content\/uploads\/2015\/09\/Derado-Tino_30.jpg?fit=840%2C556&amp;ssl=1\" class=\"aligncenter size-medium wp-image-7205\" src=\"https:\/\/i0.wp.com\/www.jazzzeitung.de\/cms\/wp-content\/uploads\/2015\/09\/Derado-Tino_30-300x199.jpg?resize=300%2C199\" alt=\"Derado-Tino_30\" width=\"300\" height=\"199\" srcset=\"https:\/\/i0.wp.com\/www.jazzzeitung.de\/cms\/wp-content\/uploads\/2015\/09\/Derado-Tino_30.jpg?resize=300%2C199&amp;ssl=1 300w, https:\/\/i0.wp.com\/www.jazzzeitung.de\/cms\/wp-content\/uploads\/2015\/09\/Derado-Tino_30.jpg?resize=900%2C596&amp;ssl=1 900w, https:\/\/i0.wp.com\/www.jazzzeitung.de\/cms\/wp-content\/uploads\/2015\/09\/Derado-Tino_30.jpg?w=1890&amp;ssl=1 1890w, https:\/\/i0.wp.com\/www.jazzzeitung.de\/cms\/wp-content\/uploads\/2015\/09\/Derado-Tino_30.jpg?w=1680&amp;ssl=1 1680w\" sizes=\"auto, (max-width: 300px) 100vw, 300px\" \/><\/a><\/p>\n<p>Schon zuvor hatte Derado die konzentrierten Zuh\u00f6rer mit einer Instrumentalkomposition f\u00fcr sich eingenommen. Mit dem herb-wehm\u00fctigen \u201eI never said I would believe in\u201c kroch er ihnen geradezu unter die Haut und lie\u00df sie an den musikalischen Ersch\u00fctterungen teilnehmen. Als feinf\u00fchliger Begleiter passte er sich den melodischen Bewegungen der Songs an. In diesen erz\u00e4hlt Knaus mit ebenso ausdrucksstarker, wie wandlungsf\u00e4higer Stimme von Sehnsucht und Liebe, von allt\u00e4glichen Erlebnissen und ganz menschlichen Eindr\u00fccken. Pers\u00f6nliche und gleichzeitig kraftvolle Songs, die bei allem Blues und Melancholie, die in ihnen stecken leichtf\u00fc\u00dfig und vers\u00f6hnlich daher kommen. Intime Jazz-Lieder aus eigener Feder, aufgef\u00fcllt mit beeindruckenden, auf ihre Essenz reduzierten Interpretationen von Pink Floyd, Tom Waits und dem Berliner Songschreiber Peter Fox. Die mitgebrachten CDs waren schnell ausverkauft&#8230;<\/p>\n<p>&nbsp;<\/p>\n<p><em>Info: http:\/\/ulita-knaus.com\/<\/em><\/p>\n","protected":false},"excerpt":{"rendered":"<p>Text und Fotos: Michael Scheiner &#8211; Bei ihrem ersten Gastspiel im Jazzclub Regensburg stellte Ulita Knaus vornehmlich Songs aus ihrem Album \u201eThe Moon On My Doorstep\u201c vor. Mit dem Berliner Pianisten Tino Derado \u2013 ein geb\u00fcrtiger M\u00fcnchner \u2013 und Schlagzeuger T\u00fapac Mantilla aus Kolumbien hatte sie zwei exzellente Begleiter dabei. Den Eindruck, dass bei einer solchen Minimalbesetzung etwas fehlen w\u00fcrde, lie\u00dfen die trefflich harmonierenden Musiker gar nicht erst aufkommen. Zwar stand der Gesang von Knaus deutlich im Mittelpunkt, dennoch hatten die beiden gen\u00fcgend Spielraum f\u00fcr eigene Akzente. Sein leichtes, manchmal fast zartes Schlagzeugspiel gestaltete Mantilla mit verschiedenen Schlegeln, Metallst\u00e4ben und Besen, bis hin zum gemeinen Hofbesen. Vergn\u00fcgt trommelte er mit diesem auf die Snaredrum ein. Den Vogel schoss der schm\u00e4chtige S\u00fcdamerikaner mit einer umwerfend groovenden Bodypercussion ab, mit welcher er Knaus in einem chinesisch anmutenden Song t\u00e4nzelnd begleitete. Danach brach sich die bis dato etwas zur\u00fcckhaltende Stimmung des Publikums in einem Beifallsturm Bahn. Schon zuvor hatte Derado die konzentrierten Zuh\u00f6rer mit einer Instrumentalkomposition f\u00fcr sich eingenommen. Mit dem herb-wehm\u00fctigen \u201eI never said I would believe in\u201c kroch er ihnen geradezu unter die Haut und lie\u00df &hellip;<\/p>\n","protected":false},"author":18,"featured_media":0,"comment_status":"open","ping_status":"closed","sticky":false,"template":"","format":"standard","meta":{"_jetpack_memberships_contains_paid_content":false,"footnotes":"","jetpack_publicize_message":"","jetpack_publicize_feature_enabled":true,"jetpack_social_post_already_shared":false,"jetpack_social_options":{"image_generator_settings":{"template":"highway","default_image_id":0,"font":"","enabled":false},"version":2}},"categories":[1053],"tags":[34,83,271,737,387,443,1797,1024],"coauthors":[695],"class_list":["post-7204","post","type-post","status-publish","format-standard","hentry","category-bericht","tag-album","tag-blues","tag-jazzclub","tag-jazzclub-regensburg","tag-michael-scheiner","tag-pink","tag-regensburg","tag-tom-waits"],"yoast_head":"<!-- This site is optimized with the Yoast SEO plugin v27.5 - https:\/\/yoast.com\/product\/yoast-seo-wordpress\/ -->\n<title>Leichtes mit internationalem Format: Ulita Knaus - JazzZeitung<\/title>\n<meta name=\"robots\" content=\"index, follow, max-snippet:-1, max-image-preview:large, max-video-preview:-1\" \/>\n<link rel=\"canonical\" href=\"https:\/\/www.jazzzeitung.de\/cms\/2015\/09\/leichtes-mit-internationalem-format-ulita-knaus\/\" \/>\n<meta property=\"og:locale\" content=\"de_DE\" \/>\n<meta property=\"og:type\" content=\"article\" \/>\n<meta property=\"og:title\" content=\"Leichtes mit internationalem Format: Ulita Knaus - JazzZeitung\" \/>\n<meta property=\"og:description\" content=\"Text und Fotos: Michael Scheiner &#8211; Bei ihrem ersten Gastspiel im Jazzclub Regensburg stellte Ulita Knaus vornehmlich Songs aus ihrem Album \u201eThe Moon On My Doorstep\u201c vor. Mit dem Berliner Pianisten Tino Derado \u2013 ein geb\u00fcrtiger M\u00fcnchner \u2013 und Schlagzeuger T\u00fapac Mantilla aus Kolumbien hatte sie zwei exzellente Begleiter dabei. Den Eindruck, dass bei einer solchen Minimalbesetzung etwas fehlen w\u00fcrde, lie\u00dfen die trefflich harmonierenden Musiker gar nicht erst aufkommen. Zwar stand der Gesang von Knaus deutlich im Mittelpunkt, dennoch hatten die beiden gen\u00fcgend Spielraum f\u00fcr eigene Akzente. Sein leichtes, manchmal fast zartes Schlagzeugspiel gestaltete Mantilla mit verschiedenen Schlegeln, Metallst\u00e4ben und Besen, bis hin zum gemeinen Hofbesen. Vergn\u00fcgt trommelte er mit diesem auf die Snaredrum ein. Den Vogel schoss der schm\u00e4chtige S\u00fcdamerikaner mit einer umwerfend groovenden Bodypercussion ab, mit welcher er Knaus in einem chinesisch anmutenden Song t\u00e4nzelnd begleitete. Danach brach sich die bis dato etwas zur\u00fcckhaltende Stimmung des Publikums in einem Beifallsturm Bahn. Schon zuvor hatte Derado die konzentrierten Zuh\u00f6rer mit einer Instrumentalkomposition f\u00fcr sich eingenommen. Mit dem herb-wehm\u00fctigen \u201eI never said I would believe in\u201c kroch er ihnen geradezu unter die Haut und lie\u00df &hellip;\" \/>\n<meta property=\"og:url\" content=\"https:\/\/www.jazzzeitung.de\/cms\/2015\/09\/leichtes-mit-internationalem-format-ulita-knaus\/\" \/>\n<meta property=\"og:site_name\" content=\"JazzZeitung\" \/>\n<meta property=\"article:publisher\" content=\"https:\/\/www.facebook.com\/JazzZeitung\/\" \/>\n<meta property=\"article:published_time\" content=\"2015-09-30T07:50:07+00:00\" \/>\n<meta property=\"og:image\" content=\"http:\/\/www.jazzzeitung.de\/cms\/wp-content\/uploads\/2015\/09\/Knaus-Ulita_44-150x150.jpg\" \/>\n<meta name=\"author\" content=\"Redaktion JazzZeitung\" \/>\n<script type=\"application\/ld+json\" class=\"yoast-schema-graph\">{\"@context\":\"https:\\\/\\\/schema.org\",\"@graph\":[{\"@type\":\"Article\",\"@id\":\"https:\\\/\\\/www.jazzzeitung.de\\\/cms\\\/2015\\\/09\\\/leichtes-mit-internationalem-format-ulita-knaus\\\/#article\",\"isPartOf\":{\"@id\":\"https:\\\/\\\/www.jazzzeitung.de\\\/cms\\\/2015\\\/09\\\/leichtes-mit-internationalem-format-ulita-knaus\\\/\"},\"author\":{\"name\":\"Redaktion JazzZeitung\",\"@id\":\"https:\\\/\\\/www.jazzzeitung.de\\\/cms\\\/#\\\/schema\\\/person\\\/2245b36b9cd1d24cea10f01c031fb92b\"},\"headline\":\"Leichtes mit internationalem Format: Ulita Knaus\",\"datePublished\":\"2015-09-30T07:50:07+00:00\",\"mainEntityOfPage\":{\"@id\":\"https:\\\/\\\/www.jazzzeitung.de\\\/cms\\\/2015\\\/09\\\/leichtes-mit-internationalem-format-ulita-knaus\\\/\"},\"wordCount\":309,\"commentCount\":0,\"publisher\":{\"@id\":\"https:\\\/\\\/www.jazzzeitung.de\\\/cms\\\/#organization\"},\"image\":{\"@id\":\"https:\\\/\\\/www.jazzzeitung.de\\\/cms\\\/2015\\\/09\\\/leichtes-mit-internationalem-format-ulita-knaus\\\/#primaryimage\"},\"thumbnailUrl\":\"http:\\\/\\\/www.jazzzeitung.de\\\/cms\\\/wp-content\\\/uploads\\\/2015\\\/09\\\/Knaus-Ulita_44-150x150.jpg\",\"keywords\":[\"Album\",\"Blues\",\"Jazzclub\",\"Jazzclub Regensburg\",\"Michael Scheiner\",\"Pink\",\"Regensburg\",\"Tom Waits\"],\"articleSection\":[\"Bericht\"],\"inLanguage\":\"de\",\"potentialAction\":[{\"@type\":\"CommentAction\",\"name\":\"Comment\",\"target\":[\"https:\\\/\\\/www.jazzzeitung.de\\\/cms\\\/2015\\\/09\\\/leichtes-mit-internationalem-format-ulita-knaus\\\/#respond\"]}]},{\"@type\":\"WebPage\",\"@id\":\"https:\\\/\\\/www.jazzzeitung.de\\\/cms\\\/2015\\\/09\\\/leichtes-mit-internationalem-format-ulita-knaus\\\/\",\"url\":\"https:\\\/\\\/www.jazzzeitung.de\\\/cms\\\/2015\\\/09\\\/leichtes-mit-internationalem-format-ulita-knaus\\\/\",\"name\":\"Leichtes mit internationalem Format: Ulita Knaus - JazzZeitung\",\"isPartOf\":{\"@id\":\"https:\\\/\\\/www.jazzzeitung.de\\\/cms\\\/#website\"},\"primaryImageOfPage\":{\"@id\":\"https:\\\/\\\/www.jazzzeitung.de\\\/cms\\\/2015\\\/09\\\/leichtes-mit-internationalem-format-ulita-knaus\\\/#primaryimage\"},\"image\":{\"@id\":\"https:\\\/\\\/www.jazzzeitung.de\\\/cms\\\/2015\\\/09\\\/leichtes-mit-internationalem-format-ulita-knaus\\\/#primaryimage\"},\"thumbnailUrl\":\"http:\\\/\\\/www.jazzzeitung.de\\\/cms\\\/wp-content\\\/uploads\\\/2015\\\/09\\\/Knaus-Ulita_44-150x150.jpg\",\"datePublished\":\"2015-09-30T07:50:07+00:00\",\"breadcrumb\":{\"@id\":\"https:\\\/\\\/www.jazzzeitung.de\\\/cms\\\/2015\\\/09\\\/leichtes-mit-internationalem-format-ulita-knaus\\\/#breadcrumb\"},\"inLanguage\":\"de\",\"potentialAction\":[{\"@type\":\"ReadAction\",\"target\":[\"https:\\\/\\\/www.jazzzeitung.de\\\/cms\\\/2015\\\/09\\\/leichtes-mit-internationalem-format-ulita-knaus\\\/\"]}]},{\"@type\":\"ImageObject\",\"inLanguage\":\"de\",\"@id\":\"https:\\\/\\\/www.jazzzeitung.de\\\/cms\\\/2015\\\/09\\\/leichtes-mit-internationalem-format-ulita-knaus\\\/#primaryimage\",\"url\":\"http:\\\/\\\/www.jazzzeitung.de\\\/cms\\\/wp-content\\\/uploads\\\/2015\\\/09\\\/Knaus-Ulita_44-150x150.jpg\",\"contentUrl\":\"http:\\\/\\\/www.jazzzeitung.de\\\/cms\\\/wp-content\\\/uploads\\\/2015\\\/09\\\/Knaus-Ulita_44-150x150.jpg\"},{\"@type\":\"BreadcrumbList\",\"@id\":\"https:\\\/\\\/www.jazzzeitung.de\\\/cms\\\/2015\\\/09\\\/leichtes-mit-internationalem-format-ulita-knaus\\\/#breadcrumb\",\"itemListElement\":[{\"@type\":\"ListItem\",\"position\":1,\"name\":\"Startseite\",\"item\":\"https:\\\/\\\/www.jazzzeitung.de\\\/cms\\\/\"},{\"@type\":\"ListItem\",\"position\":2,\"name\":\"Leichtes mit internationalem Format: Ulita Knaus\"}]},{\"@type\":\"WebSite\",\"@id\":\"https:\\\/\\\/www.jazzzeitung.de\\\/cms\\\/#website\",\"url\":\"https:\\\/\\\/www.jazzzeitung.de\\\/cms\\\/\",\"name\":\"JazzZeitung\",\"description\":\"Jazz-News und Jazz-Kontroverses\",\"publisher\":{\"@id\":\"https:\\\/\\\/www.jazzzeitung.de\\\/cms\\\/#organization\"},\"potentialAction\":[{\"@type\":\"SearchAction\",\"target\":{\"@type\":\"EntryPoint\",\"urlTemplate\":\"https:\\\/\\\/www.jazzzeitung.de\\\/cms\\\/?s={search_term_string}\"},\"query-input\":{\"@type\":\"PropertyValueSpecification\",\"valueRequired\":true,\"valueName\":\"search_term_string\"}}],\"inLanguage\":\"de\"},{\"@type\":\"Organization\",\"@id\":\"https:\\\/\\\/www.jazzzeitung.de\\\/cms\\\/#organization\",\"name\":\"JazzZeitung online\",\"url\":\"https:\\\/\\\/www.jazzzeitung.de\\\/cms\\\/\",\"logo\":{\"@type\":\"ImageObject\",\"inLanguage\":\"de\",\"@id\":\"https:\\\/\\\/www.jazzzeitung.de\\\/cms\\\/#\\\/schema\\\/logo\\\/image\\\/\",\"url\":\"https:\\\/\\\/i0.wp.com\\\/www.jazzzeitung.de\\\/cms\\\/wp-content\\\/uploads\\\/2015\\\/08\\\/JAZZZEITUNGDE_Logo_Neu.png?fit=499%2C200&ssl=1\",\"contentUrl\":\"https:\\\/\\\/i0.wp.com\\\/www.jazzzeitung.de\\\/cms\\\/wp-content\\\/uploads\\\/2015\\\/08\\\/JAZZZEITUNGDE_Logo_Neu.png?fit=499%2C200&ssl=1\",\"width\":499,\"height\":200,\"caption\":\"JazzZeitung online\"},\"image\":{\"@id\":\"https:\\\/\\\/www.jazzzeitung.de\\\/cms\\\/#\\\/schema\\\/logo\\\/image\\\/\"},\"sameAs\":[\"https:\\\/\\\/www.facebook.com\\\/JazzZeitung\\\/\"]},{\"@type\":\"Person\",\"@id\":\"https:\\\/\\\/www.jazzzeitung.de\\\/cms\\\/#\\\/schema\\\/person\\\/2245b36b9cd1d24cea10f01c031fb92b\",\"name\":\"Redaktion JazzZeitung\",\"image\":{\"@type\":\"ImageObject\",\"inLanguage\":\"de\",\"@id\":\"https:\\\/\\\/i0.wp.com\\\/www.jazzzeitung.de\\\/cms\\\/wp-content\\\/uploads\\\/2015\\\/08\\\/JAZZZEITUNGDE_Logo_Neu.png?resize=96%2C96&ssl=159975dcacb611b5700bd619b5daf0a7a\",\"url\":\"https:\\\/\\\/i0.wp.com\\\/www.jazzzeitung.de\\\/cms\\\/wp-content\\\/uploads\\\/2015\\\/08\\\/JAZZZEITUNGDE_Logo_Neu.png?resize=96%2C96&ssl=1\",\"contentUrl\":\"https:\\\/\\\/i0.wp.com\\\/www.jazzzeitung.de\\\/cms\\\/wp-content\\\/uploads\\\/2015\\\/08\\\/JAZZZEITUNGDE_Logo_Neu.png?resize=96%2C96&ssl=1\",\"caption\":\"Redaktion JazzZeitung\"},\"description\":\"Artikel der Redaktion der JazzZeitung.\",\"sameAs\":[\"http:\\\/\\\/www.jazzzeitung.de\\\/cms\\\/\"],\"url\":\"https:\\\/\\\/www.jazzzeitung.de\\\/cms\\\/author\\\/redaktion\\\/\"}]}<\/script>\n<!-- \/ Yoast SEO plugin. -->","yoast_head_json":{"title":"Leichtes mit internationalem Format: Ulita Knaus - JazzZeitung","robots":{"index":"index","follow":"follow","max-snippet":"max-snippet:-1","max-image-preview":"max-image-preview:large","max-video-preview":"max-video-preview:-1"},"canonical":"https:\/\/www.jazzzeitung.de\/cms\/2015\/09\/leichtes-mit-internationalem-format-ulita-knaus\/","og_locale":"de_DE","og_type":"article","og_title":"Leichtes mit internationalem Format: Ulita Knaus - JazzZeitung","og_description":"Text und Fotos: Michael Scheiner &#8211; Bei ihrem ersten Gastspiel im Jazzclub Regensburg stellte Ulita Knaus vornehmlich Songs aus ihrem Album \u201eThe Moon On My Doorstep\u201c vor. Mit dem Berliner Pianisten Tino Derado \u2013 ein geb\u00fcrtiger M\u00fcnchner \u2013 und Schlagzeuger T\u00fapac Mantilla aus Kolumbien hatte sie zwei exzellente Begleiter dabei. Den Eindruck, dass bei einer solchen Minimalbesetzung etwas fehlen w\u00fcrde, lie\u00dfen die trefflich harmonierenden Musiker gar nicht erst aufkommen. Zwar stand der Gesang von Knaus deutlich im Mittelpunkt, dennoch hatten die beiden gen\u00fcgend Spielraum f\u00fcr eigene Akzente. Sein leichtes, manchmal fast zartes Schlagzeugspiel gestaltete Mantilla mit verschiedenen Schlegeln, Metallst\u00e4ben und Besen, bis hin zum gemeinen Hofbesen. Vergn\u00fcgt trommelte er mit diesem auf die Snaredrum ein. Den Vogel schoss der schm\u00e4chtige S\u00fcdamerikaner mit einer umwerfend groovenden Bodypercussion ab, mit welcher er Knaus in einem chinesisch anmutenden Song t\u00e4nzelnd begleitete. Danach brach sich die bis dato etwas zur\u00fcckhaltende Stimmung des Publikums in einem Beifallsturm Bahn. Schon zuvor hatte Derado die konzentrierten Zuh\u00f6rer mit einer Instrumentalkomposition f\u00fcr sich eingenommen. Mit dem herb-wehm\u00fctigen \u201eI never said I would believe in\u201c kroch er ihnen geradezu unter die Haut und lie\u00df &hellip;","og_url":"https:\/\/www.jazzzeitung.de\/cms\/2015\/09\/leichtes-mit-internationalem-format-ulita-knaus\/","og_site_name":"JazzZeitung","article_publisher":"https:\/\/www.facebook.com\/JazzZeitung\/","article_published_time":"2015-09-30T07:50:07+00:00","og_image":[{"url":"http:\/\/www.jazzzeitung.de\/cms\/wp-content\/uploads\/2015\/09\/Knaus-Ulita_44-150x150.jpg","type":"","width":"","height":""}],"author":"Redaktion JazzZeitung","schema":{"@context":"https:\/\/schema.org","@graph":[{"@type":"Article","@id":"https:\/\/www.jazzzeitung.de\/cms\/2015\/09\/leichtes-mit-internationalem-format-ulita-knaus\/#article","isPartOf":{"@id":"https:\/\/www.jazzzeitung.de\/cms\/2015\/09\/leichtes-mit-internationalem-format-ulita-knaus\/"},"author":{"name":"Redaktion JazzZeitung","@id":"https:\/\/www.jazzzeitung.de\/cms\/#\/schema\/person\/2245b36b9cd1d24cea10f01c031fb92b"},"headline":"Leichtes mit internationalem Format: Ulita Knaus","datePublished":"2015-09-30T07:50:07+00:00","mainEntityOfPage":{"@id":"https:\/\/www.jazzzeitung.de\/cms\/2015\/09\/leichtes-mit-internationalem-format-ulita-knaus\/"},"wordCount":309,"commentCount":0,"publisher":{"@id":"https:\/\/www.jazzzeitung.de\/cms\/#organization"},"image":{"@id":"https:\/\/www.jazzzeitung.de\/cms\/2015\/09\/leichtes-mit-internationalem-format-ulita-knaus\/#primaryimage"},"thumbnailUrl":"http:\/\/www.jazzzeitung.de\/cms\/wp-content\/uploads\/2015\/09\/Knaus-Ulita_44-150x150.jpg","keywords":["Album","Blues","Jazzclub","Jazzclub Regensburg","Michael Scheiner","Pink","Regensburg","Tom Waits"],"articleSection":["Bericht"],"inLanguage":"de","potentialAction":[{"@type":"CommentAction","name":"Comment","target":["https:\/\/www.jazzzeitung.de\/cms\/2015\/09\/leichtes-mit-internationalem-format-ulita-knaus\/#respond"]}]},{"@type":"WebPage","@id":"https:\/\/www.jazzzeitung.de\/cms\/2015\/09\/leichtes-mit-internationalem-format-ulita-knaus\/","url":"https:\/\/www.jazzzeitung.de\/cms\/2015\/09\/leichtes-mit-internationalem-format-ulita-knaus\/","name":"Leichtes mit internationalem Format: Ulita Knaus - JazzZeitung","isPartOf":{"@id":"https:\/\/www.jazzzeitung.de\/cms\/#website"},"primaryImageOfPage":{"@id":"https:\/\/www.jazzzeitung.de\/cms\/2015\/09\/leichtes-mit-internationalem-format-ulita-knaus\/#primaryimage"},"image":{"@id":"https:\/\/www.jazzzeitung.de\/cms\/2015\/09\/leichtes-mit-internationalem-format-ulita-knaus\/#primaryimage"},"thumbnailUrl":"http:\/\/www.jazzzeitung.de\/cms\/wp-content\/uploads\/2015\/09\/Knaus-Ulita_44-150x150.jpg","datePublished":"2015-09-30T07:50:07+00:00","breadcrumb":{"@id":"https:\/\/www.jazzzeitung.de\/cms\/2015\/09\/leichtes-mit-internationalem-format-ulita-knaus\/#breadcrumb"},"inLanguage":"de","potentialAction":[{"@type":"ReadAction","target":["https:\/\/www.jazzzeitung.de\/cms\/2015\/09\/leichtes-mit-internationalem-format-ulita-knaus\/"]}]},{"@type":"ImageObject","inLanguage":"de","@id":"https:\/\/www.jazzzeitung.de\/cms\/2015\/09\/leichtes-mit-internationalem-format-ulita-knaus\/#primaryimage","url":"http:\/\/www.jazzzeitung.de\/cms\/wp-content\/uploads\/2015\/09\/Knaus-Ulita_44-150x150.jpg","contentUrl":"http:\/\/www.jazzzeitung.de\/cms\/wp-content\/uploads\/2015\/09\/Knaus-Ulita_44-150x150.jpg"},{"@type":"BreadcrumbList","@id":"https:\/\/www.jazzzeitung.de\/cms\/2015\/09\/leichtes-mit-internationalem-format-ulita-knaus\/#breadcrumb","itemListElement":[{"@type":"ListItem","position":1,"name":"Startseite","item":"https:\/\/www.jazzzeitung.de\/cms\/"},{"@type":"ListItem","position":2,"name":"Leichtes mit internationalem Format: Ulita Knaus"}]},{"@type":"WebSite","@id":"https:\/\/www.jazzzeitung.de\/cms\/#website","url":"https:\/\/www.jazzzeitung.de\/cms\/","name":"JazzZeitung","description":"Jazz-News und Jazz-Kontroverses","publisher":{"@id":"https:\/\/www.jazzzeitung.de\/cms\/#organization"},"potentialAction":[{"@type":"SearchAction","target":{"@type":"EntryPoint","urlTemplate":"https:\/\/www.jazzzeitung.de\/cms\/?s={search_term_string}"},"query-input":{"@type":"PropertyValueSpecification","valueRequired":true,"valueName":"search_term_string"}}],"inLanguage":"de"},{"@type":"Organization","@id":"https:\/\/www.jazzzeitung.de\/cms\/#organization","name":"JazzZeitung online","url":"https:\/\/www.jazzzeitung.de\/cms\/","logo":{"@type":"ImageObject","inLanguage":"de","@id":"https:\/\/www.jazzzeitung.de\/cms\/#\/schema\/logo\/image\/","url":"https:\/\/i0.wp.com\/www.jazzzeitung.de\/cms\/wp-content\/uploads\/2015\/08\/JAZZZEITUNGDE_Logo_Neu.png?fit=499%2C200&ssl=1","contentUrl":"https:\/\/i0.wp.com\/www.jazzzeitung.de\/cms\/wp-content\/uploads\/2015\/08\/JAZZZEITUNGDE_Logo_Neu.png?fit=499%2C200&ssl=1","width":499,"height":200,"caption":"JazzZeitung online"},"image":{"@id":"https:\/\/www.jazzzeitung.de\/cms\/#\/schema\/logo\/image\/"},"sameAs":["https:\/\/www.facebook.com\/JazzZeitung\/"]},{"@type":"Person","@id":"https:\/\/www.jazzzeitung.de\/cms\/#\/schema\/person\/2245b36b9cd1d24cea10f01c031fb92b","name":"Redaktion JazzZeitung","image":{"@type":"ImageObject","inLanguage":"de","@id":"https:\/\/i0.wp.com\/www.jazzzeitung.de\/cms\/wp-content\/uploads\/2015\/08\/JAZZZEITUNGDE_Logo_Neu.png?resize=96%2C96&ssl=159975dcacb611b5700bd619b5daf0a7a","url":"https:\/\/i0.wp.com\/www.jazzzeitung.de\/cms\/wp-content\/uploads\/2015\/08\/JAZZZEITUNGDE_Logo_Neu.png?resize=96%2C96&ssl=1","contentUrl":"https:\/\/i0.wp.com\/www.jazzzeitung.de\/cms\/wp-content\/uploads\/2015\/08\/JAZZZEITUNGDE_Logo_Neu.png?resize=96%2C96&ssl=1","caption":"Redaktion JazzZeitung"},"description":"Artikel der Redaktion der JazzZeitung.","sameAs":["http:\/\/www.jazzzeitung.de\/cms\/"],"url":"https:\/\/www.jazzzeitung.de\/cms\/author\/redaktion\/"}]}},"wp-worthy-pixel":{"ignored":false,"public":"147f3514e3624bf2b45503a4c920ac98","server":"vg06.met.vgwort.de\/na","url":"https:\/\/vg06.met.vgwort.de\/na\/147f3514e3624bf2b45503a4c920ac98"},"wp-worthy-type":"normal","jetpack_publicize_connections":[],"cc_featured_image_caption":{"caption_text":false,"source_text":false,"source_url":false},"jetpack_featured_media_url":"","jetpack_shortlink":"https:\/\/wp.me\/p3KEcT-1Sc","jetpack-related-posts":[{"id":14054,"url":"https:\/\/www.jazzzeitung.de\/cms\/2017\/11\/lyambiko-im-jazzclub-regensburg-relaxte-swingsongs-ueber-die-liebe\/","url_meta":{"origin":7204,"position":0},"title":"Lyambiko im Jazzclub Regensburg: Relaxte Swingsongs \u00fcber die Liebe","author":"Michael Scheiner","date":"2. November 2017","format":false,"excerpt":"An den Fl\u00fcgel gelehnt, sang sie als Zugabe \u201eM\u00fctterlein\u201c. Ohne Mikro, nur mit der Kraft ihrer wandlungsf\u00e4higen Stimme. Freilich nicht in der deutschen Originalversion von Fred Rauch und Gerhard Winkler, sondern in der englischen Interpretation \u201eAnswer Me (My Love)\u201c von Carl Sigman. Damit landete der gro\u00dfe Nat King Cole 1954\u2026","rel":"","context":"In &quot;Bericht&quot;","block_context":{"text":"Bericht","link":"https:\/\/www.jazzzeitung.de\/cms\/thema\/bericht\/"},"img":{"alt_text":"Lyambiko mit Band im Jazzclub Leerer beutel. Foto: Michael Scheiner","src":"https:\/\/i0.wp.com\/www.jazzzeitung.de\/cms\/wp-content\/uploads\/2017\/11\/Lyambiko-Band_86.jpg?fit=1200%2C795&ssl=1&resize=350%2C200","width":350,"height":200,"srcset":"https:\/\/i0.wp.com\/www.jazzzeitung.de\/cms\/wp-content\/uploads\/2017\/11\/Lyambiko-Band_86.jpg?fit=1200%2C795&ssl=1&resize=350%2C200 1x, https:\/\/i0.wp.com\/www.jazzzeitung.de\/cms\/wp-content\/uploads\/2017\/11\/Lyambiko-Band_86.jpg?fit=1200%2C795&ssl=1&resize=525%2C300 1.5x, https:\/\/i0.wp.com\/www.jazzzeitung.de\/cms\/wp-content\/uploads\/2017\/11\/Lyambiko-Band_86.jpg?fit=1200%2C795&ssl=1&resize=700%2C400 2x, https:\/\/i0.wp.com\/www.jazzzeitung.de\/cms\/wp-content\/uploads\/2017\/11\/Lyambiko-Band_86.jpg?fit=1200%2C795&ssl=1&resize=1050%2C600 3x"},"classes":[]},{"id":28719,"url":"https:\/\/www.jazzzeitung.de\/cms\/2022\/11\/wuchtige-grooves-stille-momente-kultband-om-im-jazzclub-leerer-beutel\/","url_meta":{"origin":7204,"position":1},"title":"Wuchtige Grooves, stille Momente: Kultband OM im Jazzclub Leerer Beutel","author":"Michael Scheiner","date":"30. November 2022","format":false,"excerpt":"P-M-F\/B, der Titel ist so r\u00e4tselhaft, wie vieldeutig. Mit diesem m\u00e4chtig groovenden St\u00fcck aus ihrem neuen Album \u201eOM 50\u201c fallen die vier Musiker der schweizerischen Kultband beim Jazzclub in Regensburg mit der T\u00fcr ins Haus. Unnachgiebig jagt Bobby Burri mit dem Plektron \u00fcber die Saiten des Kontrabasses, nicht weniger straff\u2026","rel":"","context":"In &quot;Rezension&quot;","block_context":{"text":"Rezension","link":"https:\/\/www.jazzzeitung.de\/cms\/thema\/rezension\/"},"img":{"alt_text":"","src":"https:\/\/i0.wp.com\/www.jazzzeitung.de\/cms\/wp-content\/uploads\/2022\/11\/om-studer_97.jpg?fit=1200%2C769&ssl=1&resize=350%2C200","width":350,"height":200,"srcset":"https:\/\/i0.wp.com\/www.jazzzeitung.de\/cms\/wp-content\/uploads\/2022\/11\/om-studer_97.jpg?fit=1200%2C769&ssl=1&resize=350%2C200 1x, https:\/\/i0.wp.com\/www.jazzzeitung.de\/cms\/wp-content\/uploads\/2022\/11\/om-studer_97.jpg?fit=1200%2C769&ssl=1&resize=525%2C300 1.5x, https:\/\/i0.wp.com\/www.jazzzeitung.de\/cms\/wp-content\/uploads\/2022\/11\/om-studer_97.jpg?fit=1200%2C769&ssl=1&resize=700%2C400 2x, https:\/\/i0.wp.com\/www.jazzzeitung.de\/cms\/wp-content\/uploads\/2022\/11\/om-studer_97.jpg?fit=1200%2C769&ssl=1&resize=1050%2C600 3x"},"classes":[]},{"id":4042,"url":"https:\/\/www.jazzzeitung.de\/cms\/2014\/06\/fulminanter-auftritt-des-sun-ra-arkestra-beim-jazzclub-regensburg\/","url_meta":{"origin":7204,"position":2},"title":"Fulminanter Auftritt des Sun Ra Arkestra beim Jazzclub Regensburg","author":"Andreas Kolb","date":"13. Juni 2014","format":false,"excerpt":"Das legend\u00e4re Sun Ra Arkestra gastierte 2014 im Rahmen einer weltweiten Jubilee-Tour anl\u00e4sslich des 100. Geburtstags seines Gr\u00fcnders Sun Ra neben Wien, Salzburg, Amsterdam, und Paris auch in Regensburg. Das Orchester begl\u00fcckte mit einem fulminanten Auftritt beim Jazzclub im Leeren Beutel alle Zuh\u00f6rer und brachte viele zum Tanzen. Michael Scheiner\u2026","rel":"","context":"In &quot;News&quot;","block_context":{"text":"News","link":"https:\/\/www.jazzzeitung.de\/cms\/thema\/nachrichten\/"},"img":{"alt_text":"Foto: Michael Scheiner","src":"https:\/\/i0.wp.com\/www.jazzzeitung.de\/cms\/wp-content\/uploads\/2014\/06\/Allen-Marshall_23.jpg?resize=350%2C200","width":350,"height":200,"srcset":"https:\/\/i0.wp.com\/www.jazzzeitung.de\/cms\/wp-content\/uploads\/2014\/06\/Allen-Marshall_23.jpg?resize=350%2C200 1x, https:\/\/i0.wp.com\/www.jazzzeitung.de\/cms\/wp-content\/uploads\/2014\/06\/Allen-Marshall_23.jpg?resize=525%2C300 1.5x, https:\/\/i0.wp.com\/www.jazzzeitung.de\/cms\/wp-content\/uploads\/2014\/06\/Allen-Marshall_23.jpg?resize=700%2C400 2x, https:\/\/i0.wp.com\/www.jazzzeitung.de\/cms\/wp-content\/uploads\/2014\/06\/Allen-Marshall_23.jpg?resize=1050%2C600 3x, https:\/\/i0.wp.com\/www.jazzzeitung.de\/cms\/wp-content\/uploads\/2014\/06\/Allen-Marshall_23.jpg?resize=1400%2C800 4x"},"classes":[]},{"id":19556,"url":"https:\/\/www.jazzzeitung.de\/cms\/2019\/05\/mischung-aus-magie-und-poesie-lisa-bassenge-mit-borrowed-and-blue-beim-jazzclub-im-leeren-beutel\/","url_meta":{"origin":7204,"position":3},"title":"Mischung aus Magie und Poesie \u2013 Lisa Bassenge mit \u201eBorrowed and Blue\u201c beim Jazzclub im Leeren Beutel","author":"Michael Scheiner","date":"30. Mai 2019","format":false,"excerpt":"Regensburg. Bei einem eindrucksvollen Konzert stellte die Berliner S\u00e4ngerin Lisa Bassenge k\u00fcrzlich ihr aktuelles Album \u201eBorrowed and Blue\u201c beim Jazzclub Regensburg im Leeren Beutel vor. In einer ruhigen und intimen Atmosph\u00e4re lie\u00dfen der schwedische Pianist Jacob Karlzon und der d\u00e4nische Bassist Andreas Lang zusammen mit Bassenge grazile Welten zwischen Blues,\u2026","rel":"","context":"In &quot;Bericht&quot;","block_context":{"text":"Bericht","link":"https:\/\/www.jazzzeitung.de\/cms\/thema\/bericht\/"},"img":{"alt_text":"","src":"https:\/\/i0.wp.com\/www.jazzzeitung.de\/cms\/wp-content\/uploads\/2019\/05\/image013.jpg?fit=574%2C378&ssl=1&resize=350%2C200","width":350,"height":200,"srcset":"https:\/\/i0.wp.com\/www.jazzzeitung.de\/cms\/wp-content\/uploads\/2019\/05\/image013.jpg?fit=574%2C378&ssl=1&resize=350%2C200 1x, https:\/\/i0.wp.com\/www.jazzzeitung.de\/cms\/wp-content\/uploads\/2019\/05\/image013.jpg?fit=574%2C378&ssl=1&resize=525%2C300 1.5x"},"classes":[]},{"id":29366,"url":"https:\/\/www.jazzzeitung.de\/cms\/2023\/04\/poetische-jazzsongs-mit-humor-und-tiefe\/","url_meta":{"origin":7204,"position":4},"title":"Poetische Jazzsongs mit Humor und Tiefe","author":"Michael Scheiner","date":"25. April 2023","format":false,"excerpt":"Konzert. Um ein Haar w\u00e4re der gro\u00dfartige Auftritt von S\u00e4ngerin Efrat Alony Covid zum Opfer gefallen. \u00a0 Regensburg. Nach au\u00dfen schrill, nach innen poetisch, tr\u00e4umerisch und oft alles andere als geradlinig. Efrat Alonys Songs besch\u00e4ftigen sich auf vielf\u00e4ltige Weise mit Eindr\u00fccken und ihrer Sicht auf die Welt um sie herum\u2026","rel":"","context":"In &quot;Bericht&quot;","block_context":{"text":"Bericht","link":"https:\/\/www.jazzzeitung.de\/cms\/thema\/bericht\/"},"img":{"alt_text":"","src":"https:\/\/i0.wp.com\/www.jazzzeitung.de\/cms\/wp-content\/uploads\/2023\/04\/alony-band_12.jpg?fit=1200%2C769&ssl=1&resize=350%2C200","width":350,"height":200,"srcset":"https:\/\/i0.wp.com\/www.jazzzeitung.de\/cms\/wp-content\/uploads\/2023\/04\/alony-band_12.jpg?fit=1200%2C769&ssl=1&resize=350%2C200 1x, https:\/\/i0.wp.com\/www.jazzzeitung.de\/cms\/wp-content\/uploads\/2023\/04\/alony-band_12.jpg?fit=1200%2C769&ssl=1&resize=525%2C300 1.5x, https:\/\/i0.wp.com\/www.jazzzeitung.de\/cms\/wp-content\/uploads\/2023\/04\/alony-band_12.jpg?fit=1200%2C769&ssl=1&resize=700%2C400 2x, https:\/\/i0.wp.com\/www.jazzzeitung.de\/cms\/wp-content\/uploads\/2023\/04\/alony-band_12.jpg?fit=1200%2C769&ssl=1&resize=1050%2C600 3x"},"classes":[]},{"id":30079,"url":"https:\/\/www.jazzzeitung.de\/cms\/2023\/09\/die-pianistin-und-saengerin-johanna-borchert-begeistert-bei-ihrem-auftritt-im-regensburger-jazzclub\/","url_meta":{"origin":7204,"position":5},"title":"Die Pianistin und S\u00e4ngerin Johanna Borchert begeistert bei ihrem Auftritt im Regensburger Jazzclub","author":"Michael Scheiner","date":"28. September 2023","format":false,"excerpt":"Existentielle Songs \u00fcbers Leben\u00a0 Regensburg. \u201eDie Erschaffung von neuem Leben\u201c ist das Thema, um welches sich die Musik von Johanna Borcherts aktuellem Album dreht. Bei ihrem ersten Auftritt in Regensburg beim Jazzclub im Leeren Beutel stellte sie daraus Songs vor, die sie mit unglaublich eindringlichen Improvisationen und St\u00fccken auf dem\u2026","rel":"","context":"In &quot;Bericht&quot;","block_context":{"text":"Bericht","link":"https:\/\/www.jazzzeitung.de\/cms\/thema\/bericht\/"},"img":{"alt_text":"","src":"https:\/\/i0.wp.com\/www.jazzzeitung.de\/cms\/wp-content\/uploads\/2023\/09\/borchert-johanna_35.jpg?fit=1200%2C826&ssl=1&resize=350%2C200","width":350,"height":200,"srcset":"https:\/\/i0.wp.com\/www.jazzzeitung.de\/cms\/wp-content\/uploads\/2023\/09\/borchert-johanna_35.jpg?fit=1200%2C826&ssl=1&resize=350%2C200 1x, https:\/\/i0.wp.com\/www.jazzzeitung.de\/cms\/wp-content\/uploads\/2023\/09\/borchert-johanna_35.jpg?fit=1200%2C826&ssl=1&resize=525%2C300 1.5x, https:\/\/i0.wp.com\/www.jazzzeitung.de\/cms\/wp-content\/uploads\/2023\/09\/borchert-johanna_35.jpg?fit=1200%2C826&ssl=1&resize=700%2C400 2x, https:\/\/i0.wp.com\/www.jazzzeitung.de\/cms\/wp-content\/uploads\/2023\/09\/borchert-johanna_35.jpg?fit=1200%2C826&ssl=1&resize=1050%2C600 3x"},"classes":[]}],"jetpack_sharing_enabled":true,"_links":{"self":[{"href":"https:\/\/www.jazzzeitung.de\/cms\/wp-json\/wp\/v2\/posts\/7204","targetHints":{"allow":["GET"]}}],"collection":[{"href":"https:\/\/www.jazzzeitung.de\/cms\/wp-json\/wp\/v2\/posts"}],"about":[{"href":"https:\/\/www.jazzzeitung.de\/cms\/wp-json\/wp\/v2\/types\/post"}],"author":[{"embeddable":true,"href":"https:\/\/www.jazzzeitung.de\/cms\/wp-json\/wp\/v2\/users\/18"}],"replies":[{"embeddable":true,"href":"https:\/\/www.jazzzeitung.de\/cms\/wp-json\/wp\/v2\/comments?post=7204"}],"version-history":[{"count":2,"href":"https:\/\/www.jazzzeitung.de\/cms\/wp-json\/wp\/v2\/posts\/7204\/revisions"}],"predecessor-version":[{"id":7214,"href":"https:\/\/www.jazzzeitung.de\/cms\/wp-json\/wp\/v2\/posts\/7204\/revisions\/7214"}],"wp:attachment":[{"href":"https:\/\/www.jazzzeitung.de\/cms\/wp-json\/wp\/v2\/media?parent=7204"}],"wp:term":[{"taxonomy":"category","embeddable":true,"href":"https:\/\/www.jazzzeitung.de\/cms\/wp-json\/wp\/v2\/categories?post=7204"},{"taxonomy":"post_tag","embeddable":true,"href":"https:\/\/www.jazzzeitung.de\/cms\/wp-json\/wp\/v2\/tags?post=7204"},{"taxonomy":"author","embeddable":true,"href":"https:\/\/www.jazzzeitung.de\/cms\/wp-json\/wp\/v2\/coauthors?post=7204"}],"curies":[{"name":"wp","href":"https:\/\/api.w.org\/{rel}","templated":true}]}}