{"id":7117,"date":"2015-09-20T11:00:59","date_gmt":"2015-09-20T09:00:59","guid":{"rendered":"http:\/\/www.jazzzeitung.de\/cms\/?p=7117"},"modified":"2015-09-18T13:55:17","modified_gmt":"2015-09-18T11:55:17","slug":"peter-herborn-erhaelt-jazz-pott-2015","status":"publish","type":"post","link":"https:\/\/www.jazzzeitung.de\/cms\/2015\/09\/peter-herborn-erhaelt-jazz-pott-2015\/","title":{"rendered":"Peter Herborn erh\u00e4lt \u201eJazz Pott\u201c 2015"},"content":{"rendered":"<figure id=\"attachment_7119\" aria-describedby=\"caption-attachment-7119\" style=\"width: 400px\" class=\"wp-caption aligncenter\"><a href=\"https:\/\/i0.wp.com\/www.jazzzeitung.de\/cms\/wp-content\/uploads\/2015\/09\/Peter-Herborn_Foto_Volker-Beushausen.jpg\"><img data-recalc-dims=\"1\" loading=\"lazy\" decoding=\"async\" data-attachment-id=\"7119\" data-permalink=\"https:\/\/www.jazzzeitung.de\/cms\/2015\/09\/peter-herborn-erhaelt-jazz-pott-2015\/peter-herborn_foto_volker-beushausen\/\" data-orig-file=\"https:\/\/i0.wp.com\/www.jazzzeitung.de\/cms\/wp-content\/uploads\/2015\/09\/Peter-Herborn_Foto_Volker-Beushausen.jpg?fit=1575%2C2362&amp;ssl=1\" data-orig-size=\"1575,2362\" data-comments-opened=\"1\" data-image-meta=\"{&quot;aperture&quot;:&quot;5&quot;,&quot;credit&quot;:&quot;&quot;,&quot;camera&quot;:&quot;NIKON D700&quot;,&quot;caption&quot;:&quot;&quot;,&quot;created_timestamp&quot;:&quot;1251278038&quot;,&quot;copyright&quot;:&quot;&quot;,&quot;focal_length&quot;:&quot;38&quot;,&quot;iso&quot;:&quot;200&quot;,&quot;shutter_speed&quot;:&quot;0.00125&quot;,&quot;title&quot;:&quot;&quot;,&quot;orientation&quot;:&quot;1&quot;}\" data-image-title=\"Peter Herborn. Foto: Volker Beushausen\" data-image-description=\"\" data-image-caption=\"&lt;p&gt;Peter Herborn. Foto: Volker Beushausen&lt;\/p&gt;\n\" data-large-file=\"https:\/\/i0.wp.com\/www.jazzzeitung.de\/cms\/wp-content\/uploads\/2015\/09\/Peter-Herborn_Foto_Volker-Beushausen.jpg?fit=400%2C600&amp;ssl=1\" class=\"size-large wp-image-7119\" src=\"https:\/\/i0.wp.com\/www.jazzzeitung.de\/cms\/wp-content\/uploads\/2015\/09\/Peter-Herborn_Foto_Volker-Beushausen-400x600.jpg?resize=400%2C600\" alt=\"Peter Herborn. Foto: Volker Beushausen\" width=\"400\" height=\"600\" srcset=\"https:\/\/i0.wp.com\/www.jazzzeitung.de\/cms\/wp-content\/uploads\/2015\/09\/Peter-Herborn_Foto_Volker-Beushausen.jpg?resize=400%2C600&amp;ssl=1 400w, https:\/\/i0.wp.com\/www.jazzzeitung.de\/cms\/wp-content\/uploads\/2015\/09\/Peter-Herborn_Foto_Volker-Beushausen.jpg?resize=200%2C300&amp;ssl=1 200w, https:\/\/i0.wp.com\/www.jazzzeitung.de\/cms\/wp-content\/uploads\/2015\/09\/Peter-Herborn_Foto_Volker-Beushausen.jpg?resize=900%2C1350&amp;ssl=1 900w, https:\/\/i0.wp.com\/www.jazzzeitung.de\/cms\/wp-content\/uploads\/2015\/09\/Peter-Herborn_Foto_Volker-Beushausen.jpg?w=1575&amp;ssl=1 1575w\" sizes=\"auto, (max-width: 400px) 100vw, 400px\" \/><\/a><figcaption id=\"caption-attachment-7119\" class=\"wp-caption-text\">Peter Herborn. Foto: Volker Beushausen<\/figcaption><\/figure>\n<p style=\"text-align: justify;\">Wenn der Komponist Peter Herborn am Samstag, dem 26. September, um 20 Uhr im Essener Grillo-Theater die B\u00fchne betritt, dann aus doppeltem Anlass: Zum einen erh\u00e4lt er eine der renommiertesten Jazz-Auszeichnungen des Ruhrgebiets, den \u201eJazz Pott\u201c 2015. Zum anderen gestaltet er einmal mehr ein Konzert der Reihe \u201eJazz in Essen\u201c, die er 1984 selbst aus der Taufe gehoben und dann sieben Jahre lang geleitet hat.<\/p>\n<p style=\"text-align: justify;\">Beim Preistr\u00e4ger-Konzert unter dem Titel \u201eNights, Wild Nights\u201c bringt Herborn f\u00fchrende Jazzsolisten mit einem Vokalensemble der Extraklasse zusammen: Die Jazzmusiker Bobo Stenson (Klavier), Anders Jormin (Bass), Pernell Saturnino (Percussion) und Bodek Janke (Percussion) spielen gemeinsam mit dem WDR Rundfunkchor K\u00f6ln. Eigens f\u00fcr diese ungew\u00f6hnliche Besetzung schrieb er Vertonungen von Texten unter anderem von Emily Dickinson, William Shakespeare, Walt Whitman und Francis William Bourdillon zum Thema \u201eNacht\u201c, die an diesem Abend zur Urauff\u00fchrung kommen werden. Der WDR zeichnet das Konzert auf und wird es am Mittwoch, dem 21. Oktober ab 20.05 Uhr auf WDR 3 senden.<\/p>\n<figure id=\"attachment_7118\" aria-describedby=\"caption-attachment-7118\" style=\"width: 695px\" class=\"wp-caption aligncenter\"><a href=\"https:\/\/i0.wp.com\/www.jazzzeitung.de\/cms\/wp-content\/uploads\/2015\/09\/WDR-Rundfunkchor-Dreieck-WDR.Thomas-Kost_1_klein.jpg\"><img data-recalc-dims=\"1\" loading=\"lazy\" decoding=\"async\" data-attachment-id=\"7118\" data-permalink=\"https:\/\/www.jazzzeitung.de\/cms\/2015\/09\/peter-herborn-erhaelt-jazz-pott-2015\/wdr-rundfunkchor\/\" data-orig-file=\"https:\/\/i0.wp.com\/www.jazzzeitung.de\/cms\/wp-content\/uploads\/2015\/09\/WDR-Rundfunkchor-Dreieck-WDR.Thomas-Kost_1_klein.jpg?fit=5616%2C3744&amp;ssl=1\" data-orig-size=\"5616,3744\" data-comments-opened=\"1\" data-image-meta=\"{&quot;aperture&quot;:&quot;8&quot;,&quot;credit&quot;:&quot;Thomas Kost&quot;,&quot;camera&quot;:&quot;Canon EOS-1Ds Mark III&quot;,&quot;caption&quot;:&quot;WDR Rundfunkchor&quot;,&quot;created_timestamp&quot;:&quot;1334583576&quot;,&quot;copyright&quot;:&quot;WDR\/Thomas Kost&quot;,&quot;focal_length&quot;:&quot;28&quot;,&quot;iso&quot;:&quot;250&quot;,&quot;shutter_speed&quot;:&quot;0.0125&quot;,&quot;title&quot;:&quot;WDR Rundfunkchor&quot;,&quot;orientation&quot;:&quot;1&quot;}\" data-image-title=\"WDR Rundfunkchor. Foto: Thomas Kost\" data-image-description=\"\" data-image-caption=\"&lt;p&gt;WDR Rundfunkchor. Foto: Thomas Kost&lt;\/p&gt;\n\" data-large-file=\"https:\/\/i0.wp.com\/www.jazzzeitung.de\/cms\/wp-content\/uploads\/2015\/09\/WDR-Rundfunkchor-Dreieck-WDR.Thomas-Kost_1_klein.jpg?fit=840%2C560&amp;ssl=1\" class=\"size-large wp-image-7118\" src=\"https:\/\/i0.wp.com\/www.jazzzeitung.de\/cms\/wp-content\/uploads\/2015\/09\/WDR-Rundfunkchor-Dreieck-WDR.Thomas-Kost_1_klein-900x600.jpg?resize=695%2C463\" alt=\"WDR Rundfunkchor. Foto: Thomas Kost\" width=\"695\" height=\"463\" srcset=\"https:\/\/i0.wp.com\/www.jazzzeitung.de\/cms\/wp-content\/uploads\/2015\/09\/WDR-Rundfunkchor-Dreieck-WDR.Thomas-Kost_1_klein.jpg?resize=900%2C600&amp;ssl=1 900w, https:\/\/i0.wp.com\/www.jazzzeitung.de\/cms\/wp-content\/uploads\/2015\/09\/WDR-Rundfunkchor-Dreieck-WDR.Thomas-Kost_1_klein.jpg?resize=300%2C200&amp;ssl=1 300w, https:\/\/i0.wp.com\/www.jazzzeitung.de\/cms\/wp-content\/uploads\/2015\/09\/WDR-Rundfunkchor-Dreieck-WDR.Thomas-Kost_1_klein.jpg?w=1680&amp;ssl=1 1680w, https:\/\/i0.wp.com\/www.jazzzeitung.de\/cms\/wp-content\/uploads\/2015\/09\/WDR-Rundfunkchor-Dreieck-WDR.Thomas-Kost_1_klein.jpg?w=2520&amp;ssl=1 2520w\" sizes=\"auto, (max-width: 695px) 100vw, 695px\" \/><\/a><figcaption id=\"caption-attachment-7118\" class=\"wp-caption-text\">WDR Rundfunkchor. Foto: Thomas Kost<\/figcaption><\/figure>\n<p style=\"text-align: justify;\">Herborns Kompositionen f\u00fchren Chor und Instrumentalisten in einer Weise zusammen, die es so bisher noch nicht gegeben hat: Die Musik ist modern, ohne schroff zu sein und gesanglich, ohne nett zu sein. Auch der WDR Rundfunkchor, der nicht von ungef\u00e4hr als Spezialist f\u00fcr neue Chormusik bekannt ist, betritt hier Neuland: Mit dieser Auftragskomposition geht der Chor erstmals eine spannende und eigenwillige Kombination mit Top-Musikern der europ\u00e4ischen Jazzszene ein.<\/p>\n<p style=\"text-align: justify;\">Mit Beginn der neuen Saison f\u00f6rdert die Alfried Krupp von Bohlen und Halbach-Stiftung die Reihe \u201eJazz in Essen\u201c f\u00fcr die Dauer von f\u00fcnf Jahren. \u201eDieses Engagement ist ganz im Sinne unseres ehemaligen Vorsitzenden Berthold Beitz, der selbst ein begeisterter Jazzliebhaber war\u201c, sagt Kuratoriumsvorsitzende Prof. Ursula Gather. \u201eUnd dass dieses fantastische Konzert zudem am 26. September stattfindet, freut uns ganz besonders, da an diesem Tag Herr Beitz 102 Jahre alt geworden w\u00e4re.\u201c Die Reihe \u201eJazz in Essen\u201c wird realisiert in Kooperation mit dem Kulturb\u00fcro der Stadt Essen und ab der Spielzeit 2015\/2016 f\u00fcr die Dauer von f\u00fcnf Jahren gef\u00f6rdert von der Alfried Krupp von Bohlen und Halbach-Stiftung.<\/p>\n<p style=\"text-align: justify;\"><strong>Eintritt: 22,-\u20ac<br \/>\nKartenvorverkauf: TicketCenter, Tel.: 0201\/81 22-200, oder <a href=\"http:\/\/tickets@theater-essen.de\">tickets@theater-essen.de<\/a> sowie online \u00fcber <a href=\"http:\/\/www.schauspiel-essen.de\">www.schauspiel-essen.de<\/a> <\/strong><\/p>\n<p style=\"text-align: justify;\"><em>\u00a0<\/em><\/p>\n","protected":false},"excerpt":{"rendered":"<p>Wenn der Komponist Peter Herborn am Samstag, dem 26. September, um 20 Uhr im Essener Grillo-Theater die B\u00fchne betritt, dann aus doppeltem Anlass: Zum einen erh\u00e4lt er eine der renommiertesten Jazz-Auszeichnungen des Ruhrgebiets, den \u201eJazz Pott\u201c 2015. Zum anderen gestaltet er einmal mehr ein Konzert der Reihe \u201eJazz in Essen\u201c, die er 1984 selbst aus der Taufe gehoben und dann sieben Jahre lang geleitet hat. Beim Preistr\u00e4ger-Konzert unter dem Titel \u201eNights, Wild Nights\u201c bringt Herborn f\u00fchrende Jazzsolisten mit einem Vokalensemble der Extraklasse zusammen: Die Jazzmusiker Bobo Stenson (Klavier), Anders Jormin (Bass), Pernell Saturnino (Percussion) und Bodek Janke (Percussion) spielen gemeinsam mit dem WDR Rundfunkchor K\u00f6ln. Eigens f\u00fcr diese ungew\u00f6hnliche Besetzung schrieb er Vertonungen von Texten unter anderem von Emily Dickinson, William Shakespeare, Walt Whitman und Francis William Bourdillon zum Thema \u201eNacht\u201c, die an diesem Abend zur Urauff\u00fchrung kommen werden. Der WDR zeichnet das Konzert auf und wird es am Mittwoch, dem 21. Oktober ab 20.05 Uhr auf WDR 3 senden. Herborns Kompositionen f\u00fchren Chor und Instrumentalisten in einer Weise zusammen, die es so bisher noch nicht gegeben hat: Die Musik ist modern, ohne schroff zu &hellip;<\/p>\n","protected":false},"author":18,"featured_media":0,"comment_status":"open","ping_status":"closed","sticky":false,"template":"","format":"standard","meta":{"_jetpack_memberships_contains_paid_content":false,"footnotes":"","jetpack_publicize_message":"","jetpack_publicize_feature_enabled":true,"jetpack_social_post_already_shared":false,"jetpack_social_options":{"image_generator_settings":{"template":"highway","default_image_id":0,"font":"","enabled":false},"version":2}},"categories":[633],"tags":[691,690,281,852,322,1170,548,589,590],"coauthors":[695],"class_list":["post-7117","post","type-post","status-publish","format-standard","hentry","category-nachrichten","tag-essen","tag-jazz-pott","tag-jazzmusiker","tag-koeln","tag-konzert-2","tag-preistraeger","tag-tickets","tag-wdr","tag-wdr-3"],"yoast_head":"<!-- This site is optimized with the Yoast SEO plugin v27.5 - https:\/\/yoast.com\/product\/yoast-seo-wordpress\/ -->\n<title>Peter Herborn erh\u00e4lt \u201eJazz Pott\u201c 2015 - JazzZeitung<\/title>\n<meta name=\"robots\" content=\"index, follow, max-snippet:-1, max-image-preview:large, max-video-preview:-1\" \/>\n<link rel=\"canonical\" href=\"https:\/\/www.jazzzeitung.de\/cms\/2015\/09\/peter-herborn-erhaelt-jazz-pott-2015\/\" \/>\n<meta property=\"og:locale\" content=\"de_DE\" \/>\n<meta property=\"og:type\" content=\"article\" \/>\n<meta property=\"og:title\" content=\"Peter Herborn erh\u00e4lt \u201eJazz Pott\u201c 2015 - JazzZeitung\" \/>\n<meta property=\"og:description\" content=\"Wenn der Komponist Peter Herborn am Samstag, dem 26. September, um 20 Uhr im Essener Grillo-Theater die B\u00fchne betritt, dann aus doppeltem Anlass: Zum einen erh\u00e4lt er eine der renommiertesten Jazz-Auszeichnungen des Ruhrgebiets, den \u201eJazz Pott\u201c 2015. Zum anderen gestaltet er einmal mehr ein Konzert der Reihe \u201eJazz in Essen\u201c, die er 1984 selbst aus der Taufe gehoben und dann sieben Jahre lang geleitet hat. Beim Preistr\u00e4ger-Konzert unter dem Titel \u201eNights, Wild Nights\u201c bringt Herborn f\u00fchrende Jazzsolisten mit einem Vokalensemble der Extraklasse zusammen: Die Jazzmusiker Bobo Stenson (Klavier), Anders Jormin (Bass), Pernell Saturnino (Percussion) und Bodek Janke (Percussion) spielen gemeinsam mit dem WDR Rundfunkchor K\u00f6ln. Eigens f\u00fcr diese ungew\u00f6hnliche Besetzung schrieb er Vertonungen von Texten unter anderem von Emily Dickinson, William Shakespeare, Walt Whitman und Francis William Bourdillon zum Thema \u201eNacht\u201c, die an diesem Abend zur Urauff\u00fchrung kommen werden. Der WDR zeichnet das Konzert auf und wird es am Mittwoch, dem 21. Oktober ab 20.05 Uhr auf WDR 3 senden. Herborns Kompositionen f\u00fchren Chor und Instrumentalisten in einer Weise zusammen, die es so bisher noch nicht gegeben hat: Die Musik ist modern, ohne schroff zu &hellip;\" \/>\n<meta property=\"og:url\" content=\"https:\/\/www.jazzzeitung.de\/cms\/2015\/09\/peter-herborn-erhaelt-jazz-pott-2015\/\" \/>\n<meta property=\"og:site_name\" content=\"JazzZeitung\" \/>\n<meta property=\"article:publisher\" content=\"https:\/\/www.facebook.com\/JazzZeitung\/\" \/>\n<meta property=\"article:published_time\" content=\"2015-09-20T09:00:59+00:00\" \/>\n<meta property=\"og:image\" content=\"http:\/\/www.jazzzeitung.de\/cms\/wp-content\/uploads\/2015\/09\/Peter-Herborn_Foto_Volker-Beushausen-400x600.jpg\" \/>\n<meta name=\"author\" content=\"Redaktion JazzZeitung\" \/>\n<script type=\"application\/ld+json\" class=\"yoast-schema-graph\">{\"@context\":\"https:\\\/\\\/schema.org\",\"@graph\":[{\"@type\":\"Article\",\"@id\":\"https:\\\/\\\/www.jazzzeitung.de\\\/cms\\\/2015\\\/09\\\/peter-herborn-erhaelt-jazz-pott-2015\\\/#article\",\"isPartOf\":{\"@id\":\"https:\\\/\\\/www.jazzzeitung.de\\\/cms\\\/2015\\\/09\\\/peter-herborn-erhaelt-jazz-pott-2015\\\/\"},\"author\":{\"name\":\"Redaktion JazzZeitung\",\"@id\":\"https:\\\/\\\/www.jazzzeitung.de\\\/cms\\\/#\\\/schema\\\/person\\\/2245b36b9cd1d24cea10f01c031fb92b\"},\"headline\":\"Peter Herborn erh\u00e4lt \u201eJazz Pott\u201c 2015\",\"datePublished\":\"2015-09-20T09:00:59+00:00\",\"mainEntityOfPage\":{\"@id\":\"https:\\\/\\\/www.jazzzeitung.de\\\/cms\\\/2015\\\/09\\\/peter-herborn-erhaelt-jazz-pott-2015\\\/\"},\"wordCount\":390,\"commentCount\":0,\"publisher\":{\"@id\":\"https:\\\/\\\/www.jazzzeitung.de\\\/cms\\\/#organization\"},\"image\":{\"@id\":\"https:\\\/\\\/www.jazzzeitung.de\\\/cms\\\/2015\\\/09\\\/peter-herborn-erhaelt-jazz-pott-2015\\\/#primaryimage\"},\"thumbnailUrl\":\"http:\\\/\\\/www.jazzzeitung.de\\\/cms\\\/wp-content\\\/uploads\\\/2015\\\/09\\\/Peter-Herborn_Foto_Volker-Beushausen-400x600.jpg\",\"keywords\":[\"Essen\",\"Jazz Pott\",\"Jazzmusiker\",\"K\u00f6ln\",\"Konzert\",\"Preistr\u00e4ger\",\"Tickets\",\"WDR\",\"WDR 3\"],\"articleSection\":[\"News\"],\"inLanguage\":\"de\",\"potentialAction\":[{\"@type\":\"CommentAction\",\"name\":\"Comment\",\"target\":[\"https:\\\/\\\/www.jazzzeitung.de\\\/cms\\\/2015\\\/09\\\/peter-herborn-erhaelt-jazz-pott-2015\\\/#respond\"]}]},{\"@type\":\"WebPage\",\"@id\":\"https:\\\/\\\/www.jazzzeitung.de\\\/cms\\\/2015\\\/09\\\/peter-herborn-erhaelt-jazz-pott-2015\\\/\",\"url\":\"https:\\\/\\\/www.jazzzeitung.de\\\/cms\\\/2015\\\/09\\\/peter-herborn-erhaelt-jazz-pott-2015\\\/\",\"name\":\"Peter Herborn erh\u00e4lt \u201eJazz Pott\u201c 2015 - JazzZeitung\",\"isPartOf\":{\"@id\":\"https:\\\/\\\/www.jazzzeitung.de\\\/cms\\\/#website\"},\"primaryImageOfPage\":{\"@id\":\"https:\\\/\\\/www.jazzzeitung.de\\\/cms\\\/2015\\\/09\\\/peter-herborn-erhaelt-jazz-pott-2015\\\/#primaryimage\"},\"image\":{\"@id\":\"https:\\\/\\\/www.jazzzeitung.de\\\/cms\\\/2015\\\/09\\\/peter-herborn-erhaelt-jazz-pott-2015\\\/#primaryimage\"},\"thumbnailUrl\":\"http:\\\/\\\/www.jazzzeitung.de\\\/cms\\\/wp-content\\\/uploads\\\/2015\\\/09\\\/Peter-Herborn_Foto_Volker-Beushausen-400x600.jpg\",\"datePublished\":\"2015-09-20T09:00:59+00:00\",\"breadcrumb\":{\"@id\":\"https:\\\/\\\/www.jazzzeitung.de\\\/cms\\\/2015\\\/09\\\/peter-herborn-erhaelt-jazz-pott-2015\\\/#breadcrumb\"},\"inLanguage\":\"de\",\"potentialAction\":[{\"@type\":\"ReadAction\",\"target\":[\"https:\\\/\\\/www.jazzzeitung.de\\\/cms\\\/2015\\\/09\\\/peter-herborn-erhaelt-jazz-pott-2015\\\/\"]}]},{\"@type\":\"ImageObject\",\"inLanguage\":\"de\",\"@id\":\"https:\\\/\\\/www.jazzzeitung.de\\\/cms\\\/2015\\\/09\\\/peter-herborn-erhaelt-jazz-pott-2015\\\/#primaryimage\",\"url\":\"http:\\\/\\\/www.jazzzeitung.de\\\/cms\\\/wp-content\\\/uploads\\\/2015\\\/09\\\/Peter-Herborn_Foto_Volker-Beushausen-400x600.jpg\",\"contentUrl\":\"http:\\\/\\\/www.jazzzeitung.de\\\/cms\\\/wp-content\\\/uploads\\\/2015\\\/09\\\/Peter-Herborn_Foto_Volker-Beushausen-400x600.jpg\"},{\"@type\":\"BreadcrumbList\",\"@id\":\"https:\\\/\\\/www.jazzzeitung.de\\\/cms\\\/2015\\\/09\\\/peter-herborn-erhaelt-jazz-pott-2015\\\/#breadcrumb\",\"itemListElement\":[{\"@type\":\"ListItem\",\"position\":1,\"name\":\"Startseite\",\"item\":\"https:\\\/\\\/www.jazzzeitung.de\\\/cms\\\/\"},{\"@type\":\"ListItem\",\"position\":2,\"name\":\"Peter Herborn erh\u00e4lt \u201eJazz Pott\u201c 2015\"}]},{\"@type\":\"WebSite\",\"@id\":\"https:\\\/\\\/www.jazzzeitung.de\\\/cms\\\/#website\",\"url\":\"https:\\\/\\\/www.jazzzeitung.de\\\/cms\\\/\",\"name\":\"JazzZeitung\",\"description\":\"Jazz-News und Jazz-Kontroverses\",\"publisher\":{\"@id\":\"https:\\\/\\\/www.jazzzeitung.de\\\/cms\\\/#organization\"},\"potentialAction\":[{\"@type\":\"SearchAction\",\"target\":{\"@type\":\"EntryPoint\",\"urlTemplate\":\"https:\\\/\\\/www.jazzzeitung.de\\\/cms\\\/?s={search_term_string}\"},\"query-input\":{\"@type\":\"PropertyValueSpecification\",\"valueRequired\":true,\"valueName\":\"search_term_string\"}}],\"inLanguage\":\"de\"},{\"@type\":\"Organization\",\"@id\":\"https:\\\/\\\/www.jazzzeitung.de\\\/cms\\\/#organization\",\"name\":\"JazzZeitung online\",\"url\":\"https:\\\/\\\/www.jazzzeitung.de\\\/cms\\\/\",\"logo\":{\"@type\":\"ImageObject\",\"inLanguage\":\"de\",\"@id\":\"https:\\\/\\\/www.jazzzeitung.de\\\/cms\\\/#\\\/schema\\\/logo\\\/image\\\/\",\"url\":\"https:\\\/\\\/i0.wp.com\\\/www.jazzzeitung.de\\\/cms\\\/wp-content\\\/uploads\\\/2015\\\/08\\\/JAZZZEITUNGDE_Logo_Neu.png?fit=499%2C200&ssl=1\",\"contentUrl\":\"https:\\\/\\\/i0.wp.com\\\/www.jazzzeitung.de\\\/cms\\\/wp-content\\\/uploads\\\/2015\\\/08\\\/JAZZZEITUNGDE_Logo_Neu.png?fit=499%2C200&ssl=1\",\"width\":499,\"height\":200,\"caption\":\"JazzZeitung online\"},\"image\":{\"@id\":\"https:\\\/\\\/www.jazzzeitung.de\\\/cms\\\/#\\\/schema\\\/logo\\\/image\\\/\"},\"sameAs\":[\"https:\\\/\\\/www.facebook.com\\\/JazzZeitung\\\/\"]},{\"@type\":\"Person\",\"@id\":\"https:\\\/\\\/www.jazzzeitung.de\\\/cms\\\/#\\\/schema\\\/person\\\/2245b36b9cd1d24cea10f01c031fb92b\",\"name\":\"Redaktion JazzZeitung\",\"image\":{\"@type\":\"ImageObject\",\"inLanguage\":\"de\",\"@id\":\"https:\\\/\\\/i0.wp.com\\\/www.jazzzeitung.de\\\/cms\\\/wp-content\\\/uploads\\\/2015\\\/08\\\/JAZZZEITUNGDE_Logo_Neu.png?resize=96%2C96&ssl=159975dcacb611b5700bd619b5daf0a7a\",\"url\":\"https:\\\/\\\/i0.wp.com\\\/www.jazzzeitung.de\\\/cms\\\/wp-content\\\/uploads\\\/2015\\\/08\\\/JAZZZEITUNGDE_Logo_Neu.png?resize=96%2C96&ssl=1\",\"contentUrl\":\"https:\\\/\\\/i0.wp.com\\\/www.jazzzeitung.de\\\/cms\\\/wp-content\\\/uploads\\\/2015\\\/08\\\/JAZZZEITUNGDE_Logo_Neu.png?resize=96%2C96&ssl=1\",\"caption\":\"Redaktion JazzZeitung\"},\"description\":\"Artikel der Redaktion der JazzZeitung.\",\"sameAs\":[\"http:\\\/\\\/www.jazzzeitung.de\\\/cms\\\/\"],\"url\":\"https:\\\/\\\/www.jazzzeitung.de\\\/cms\\\/author\\\/redaktion\\\/\"}]}<\/script>\n<!-- \/ Yoast SEO plugin. -->","yoast_head_json":{"title":"Peter Herborn erh\u00e4lt \u201eJazz Pott\u201c 2015 - JazzZeitung","robots":{"index":"index","follow":"follow","max-snippet":"max-snippet:-1","max-image-preview":"max-image-preview:large","max-video-preview":"max-video-preview:-1"},"canonical":"https:\/\/www.jazzzeitung.de\/cms\/2015\/09\/peter-herborn-erhaelt-jazz-pott-2015\/","og_locale":"de_DE","og_type":"article","og_title":"Peter Herborn erh\u00e4lt \u201eJazz Pott\u201c 2015 - JazzZeitung","og_description":"Wenn der Komponist Peter Herborn am Samstag, dem 26. September, um 20 Uhr im Essener Grillo-Theater die B\u00fchne betritt, dann aus doppeltem Anlass: Zum einen erh\u00e4lt er eine der renommiertesten Jazz-Auszeichnungen des Ruhrgebiets, den \u201eJazz Pott\u201c 2015. Zum anderen gestaltet er einmal mehr ein Konzert der Reihe \u201eJazz in Essen\u201c, die er 1984 selbst aus der Taufe gehoben und dann sieben Jahre lang geleitet hat. Beim Preistr\u00e4ger-Konzert unter dem Titel \u201eNights, Wild Nights\u201c bringt Herborn f\u00fchrende Jazzsolisten mit einem Vokalensemble der Extraklasse zusammen: Die Jazzmusiker Bobo Stenson (Klavier), Anders Jormin (Bass), Pernell Saturnino (Percussion) und Bodek Janke (Percussion) spielen gemeinsam mit dem WDR Rundfunkchor K\u00f6ln. Eigens f\u00fcr diese ungew\u00f6hnliche Besetzung schrieb er Vertonungen von Texten unter anderem von Emily Dickinson, William Shakespeare, Walt Whitman und Francis William Bourdillon zum Thema \u201eNacht\u201c, die an diesem Abend zur Urauff\u00fchrung kommen werden. Der WDR zeichnet das Konzert auf und wird es am Mittwoch, dem 21. Oktober ab 20.05 Uhr auf WDR 3 senden. Herborns Kompositionen f\u00fchren Chor und Instrumentalisten in einer Weise zusammen, die es so bisher noch nicht gegeben hat: Die Musik ist modern, ohne schroff zu &hellip;","og_url":"https:\/\/www.jazzzeitung.de\/cms\/2015\/09\/peter-herborn-erhaelt-jazz-pott-2015\/","og_site_name":"JazzZeitung","article_publisher":"https:\/\/www.facebook.com\/JazzZeitung\/","article_published_time":"2015-09-20T09:00:59+00:00","og_image":[{"url":"http:\/\/www.jazzzeitung.de\/cms\/wp-content\/uploads\/2015\/09\/Peter-Herborn_Foto_Volker-Beushausen-400x600.jpg","type":"","width":"","height":""}],"author":"Redaktion JazzZeitung","schema":{"@context":"https:\/\/schema.org","@graph":[{"@type":"Article","@id":"https:\/\/www.jazzzeitung.de\/cms\/2015\/09\/peter-herborn-erhaelt-jazz-pott-2015\/#article","isPartOf":{"@id":"https:\/\/www.jazzzeitung.de\/cms\/2015\/09\/peter-herborn-erhaelt-jazz-pott-2015\/"},"author":{"name":"Redaktion JazzZeitung","@id":"https:\/\/www.jazzzeitung.de\/cms\/#\/schema\/person\/2245b36b9cd1d24cea10f01c031fb92b"},"headline":"Peter Herborn erh\u00e4lt \u201eJazz Pott\u201c 2015","datePublished":"2015-09-20T09:00:59+00:00","mainEntityOfPage":{"@id":"https:\/\/www.jazzzeitung.de\/cms\/2015\/09\/peter-herborn-erhaelt-jazz-pott-2015\/"},"wordCount":390,"commentCount":0,"publisher":{"@id":"https:\/\/www.jazzzeitung.de\/cms\/#organization"},"image":{"@id":"https:\/\/www.jazzzeitung.de\/cms\/2015\/09\/peter-herborn-erhaelt-jazz-pott-2015\/#primaryimage"},"thumbnailUrl":"http:\/\/www.jazzzeitung.de\/cms\/wp-content\/uploads\/2015\/09\/Peter-Herborn_Foto_Volker-Beushausen-400x600.jpg","keywords":["Essen","Jazz Pott","Jazzmusiker","K\u00f6ln","Konzert","Preistr\u00e4ger","Tickets","WDR","WDR 3"],"articleSection":["News"],"inLanguage":"de","potentialAction":[{"@type":"CommentAction","name":"Comment","target":["https:\/\/www.jazzzeitung.de\/cms\/2015\/09\/peter-herborn-erhaelt-jazz-pott-2015\/#respond"]}]},{"@type":"WebPage","@id":"https:\/\/www.jazzzeitung.de\/cms\/2015\/09\/peter-herborn-erhaelt-jazz-pott-2015\/","url":"https:\/\/www.jazzzeitung.de\/cms\/2015\/09\/peter-herborn-erhaelt-jazz-pott-2015\/","name":"Peter Herborn erh\u00e4lt \u201eJazz Pott\u201c 2015 - JazzZeitung","isPartOf":{"@id":"https:\/\/www.jazzzeitung.de\/cms\/#website"},"primaryImageOfPage":{"@id":"https:\/\/www.jazzzeitung.de\/cms\/2015\/09\/peter-herborn-erhaelt-jazz-pott-2015\/#primaryimage"},"image":{"@id":"https:\/\/www.jazzzeitung.de\/cms\/2015\/09\/peter-herborn-erhaelt-jazz-pott-2015\/#primaryimage"},"thumbnailUrl":"http:\/\/www.jazzzeitung.de\/cms\/wp-content\/uploads\/2015\/09\/Peter-Herborn_Foto_Volker-Beushausen-400x600.jpg","datePublished":"2015-09-20T09:00:59+00:00","breadcrumb":{"@id":"https:\/\/www.jazzzeitung.de\/cms\/2015\/09\/peter-herborn-erhaelt-jazz-pott-2015\/#breadcrumb"},"inLanguage":"de","potentialAction":[{"@type":"ReadAction","target":["https:\/\/www.jazzzeitung.de\/cms\/2015\/09\/peter-herborn-erhaelt-jazz-pott-2015\/"]}]},{"@type":"ImageObject","inLanguage":"de","@id":"https:\/\/www.jazzzeitung.de\/cms\/2015\/09\/peter-herborn-erhaelt-jazz-pott-2015\/#primaryimage","url":"http:\/\/www.jazzzeitung.de\/cms\/wp-content\/uploads\/2015\/09\/Peter-Herborn_Foto_Volker-Beushausen-400x600.jpg","contentUrl":"http:\/\/www.jazzzeitung.de\/cms\/wp-content\/uploads\/2015\/09\/Peter-Herborn_Foto_Volker-Beushausen-400x600.jpg"},{"@type":"BreadcrumbList","@id":"https:\/\/www.jazzzeitung.de\/cms\/2015\/09\/peter-herborn-erhaelt-jazz-pott-2015\/#breadcrumb","itemListElement":[{"@type":"ListItem","position":1,"name":"Startseite","item":"https:\/\/www.jazzzeitung.de\/cms\/"},{"@type":"ListItem","position":2,"name":"Peter Herborn erh\u00e4lt \u201eJazz Pott\u201c 2015"}]},{"@type":"WebSite","@id":"https:\/\/www.jazzzeitung.de\/cms\/#website","url":"https:\/\/www.jazzzeitung.de\/cms\/","name":"JazzZeitung","description":"Jazz-News und Jazz-Kontroverses","publisher":{"@id":"https:\/\/www.jazzzeitung.de\/cms\/#organization"},"potentialAction":[{"@type":"SearchAction","target":{"@type":"EntryPoint","urlTemplate":"https:\/\/www.jazzzeitung.de\/cms\/?s={search_term_string}"},"query-input":{"@type":"PropertyValueSpecification","valueRequired":true,"valueName":"search_term_string"}}],"inLanguage":"de"},{"@type":"Organization","@id":"https:\/\/www.jazzzeitung.de\/cms\/#organization","name":"JazzZeitung online","url":"https:\/\/www.jazzzeitung.de\/cms\/","logo":{"@type":"ImageObject","inLanguage":"de","@id":"https:\/\/www.jazzzeitung.de\/cms\/#\/schema\/logo\/image\/","url":"https:\/\/i0.wp.com\/www.jazzzeitung.de\/cms\/wp-content\/uploads\/2015\/08\/JAZZZEITUNGDE_Logo_Neu.png?fit=499%2C200&ssl=1","contentUrl":"https:\/\/i0.wp.com\/www.jazzzeitung.de\/cms\/wp-content\/uploads\/2015\/08\/JAZZZEITUNGDE_Logo_Neu.png?fit=499%2C200&ssl=1","width":499,"height":200,"caption":"JazzZeitung online"},"image":{"@id":"https:\/\/www.jazzzeitung.de\/cms\/#\/schema\/logo\/image\/"},"sameAs":["https:\/\/www.facebook.com\/JazzZeitung\/"]},{"@type":"Person","@id":"https:\/\/www.jazzzeitung.de\/cms\/#\/schema\/person\/2245b36b9cd1d24cea10f01c031fb92b","name":"Redaktion JazzZeitung","image":{"@type":"ImageObject","inLanguage":"de","@id":"https:\/\/i0.wp.com\/www.jazzzeitung.de\/cms\/wp-content\/uploads\/2015\/08\/JAZZZEITUNGDE_Logo_Neu.png?resize=96%2C96&ssl=159975dcacb611b5700bd619b5daf0a7a","url":"https:\/\/i0.wp.com\/www.jazzzeitung.de\/cms\/wp-content\/uploads\/2015\/08\/JAZZZEITUNGDE_Logo_Neu.png?resize=96%2C96&ssl=1","contentUrl":"https:\/\/i0.wp.com\/www.jazzzeitung.de\/cms\/wp-content\/uploads\/2015\/08\/JAZZZEITUNGDE_Logo_Neu.png?resize=96%2C96&ssl=1","caption":"Redaktion JazzZeitung"},"description":"Artikel der Redaktion der JazzZeitung.","sameAs":["http:\/\/www.jazzzeitung.de\/cms\/"],"url":"https:\/\/www.jazzzeitung.de\/cms\/author\/redaktion\/"}]}},"wp-worthy-pixel":{"ignored":false,"public":null,"server":null,"url":null},"wp-worthy-type":"normal","jetpack_publicize_connections":[],"cc_featured_image_caption":{"caption_text":false,"source_text":false,"source_url":false},"jetpack_featured_media_url":"","jetpack_shortlink":"https:\/\/wp.me\/p3KEcT-1QN","jetpack-related-posts":[{"id":9638,"url":"https:\/\/www.jazzzeitung.de\/cms\/2016\/07\/der-jazz-pott-2016-geht-jochen-rueckert\/","url_meta":{"origin":7117,"position":0},"title":"Der \u201eJazz Pott\u201c 2016 geht an Jochen R\u00fcckert","author":"Redaktion JazzZeitung","date":"11. Juli 2016","format":false,"excerpt":"Auch in diesem Herbst beginnt die \u201eJazz in Essen\u201c-Saison mit der traditionellen \u201eJazz Pott\u201c-Verleihung. Der diesj\u00e4hrige Preistr\u00e4ger ist einer der wenigen deutschen Musiker, die auch in der Jazzmetropole New York Fu\u00df fassen konnten: der Schlagzeuger Jochen R\u00fcckert. 1975 in D\u00fcren bei K\u00f6ln geboren, begann R\u00fcckert im Alter von sechs Jahren\u2026","rel":"","context":"In &quot;News&quot;","block_context":{"text":"News","link":"https:\/\/www.jazzzeitung.de\/cms\/thema\/nachrichten\/"},"img":{"alt_text":"Jochen Rueckert","src":"https:\/\/i0.wp.com\/www.jazzzeitung.de\/cms\/wp-content\/uploads\/2016\/07\/Jochen_Rueckert_by_Konstantin_Kern_klein-150x150.jpg?resize=350%2C200","width":350,"height":200},"classes":[]},{"id":2239,"url":"https:\/\/www.jazzzeitung.de\/cms\/2013\/09\/angelika-niescier-erhaelt-den-16-essener-jazz-pott\/","url_meta":{"origin":7117,"position":1},"title":"Angelika Niescier erh\u00e4lt den 16. Essener \u201eJazz Pott\u201c","author":"Ursula Gaisa","date":"17. September 2013","format":false,"excerpt":"Preisverleihung und Konzert am 1. Oktober im Grillo-Theater Essen. Der 16. Essener \u201eJazz Pott\u201c geht an die Saxophonistin Angelika Niescier. Die Folkwang-Absolventin z\u00e4hlt zu den r\u00fchrigsten Musikerinnen der Szene. 2000 gr\u00fcndete die in Polen (Stettin) geborenen Ausnahme-Jazzerin ihr famoses Quartett \u201eSublim\u201c, mit dem sie beim Preisverleihungskonzert am Dienstag, dem 1.\u2026","rel":"","context":"In &quot;News&quot;","block_context":{"text":"News","link":"https:\/\/www.jazzzeitung.de\/cms\/thema\/nachrichten\/"},"img":{"alt_text":"Foto: Helmut Berns","src":"https:\/\/i0.wp.com\/www.jazzzeitung.de\/cms\/wp-content\/uploads\/2013\/09\/Niescier-Angelika_Foto_Helmut-Berns-300x183.jpg?resize=350%2C200","width":350,"height":200},"classes":[]},{"id":20685,"url":"https:\/\/www.jazzzeitung.de\/cms\/2019\/09\/news-13-bayreuther-jazz-november-2019-das-essen-jazz-orchestra-erhaelt-den-jazz-pott-2019\/","url_meta":{"origin":7117,"position":2},"title":"+++ News +++ 13. Bayreuther Jazz-November 2019 +++ Das Essen Jazz Orchestra erh\u00e4lt den \u201eJazz Pott\u201c 2019 +++","author":"Redaktion JazzZeitung","date":"16. September 2019","format":false,"excerpt":"+++ 13. Bayreuther Jazz-November 2019 +++ Der 13. Bayreuther Jazznovember zeigt vom 7. bis zum 10. November viele Facetten: Die Spannweite reicht vom Pianoabend im gro\u00dfen Konzertsaal \u00fcber die Tanzparty im Frisco bis zum experimentellen Crossover auf der Kellerb\u00fchne. Die auftretenden K\u00fcnstler sehen aus ganz unterschiedlichen Blickwinkeln aufs Leben, und\u2026","rel":"","context":"In &quot;News&quot;","block_context":{"text":"News","link":"https:\/\/www.jazzzeitung.de\/cms\/thema\/nachrichten\/"},"img":{"alt_text":"","src":"https:\/\/i0.wp.com\/www.jazzzeitung.de\/cms\/wp-content\/uploads\/2019\/09\/Wallace-Roney-by-H-J-Maquet.jpg?fit=1200%2C866&ssl=1&resize=350%2C200","width":350,"height":200,"srcset":"https:\/\/i0.wp.com\/www.jazzzeitung.de\/cms\/wp-content\/uploads\/2019\/09\/Wallace-Roney-by-H-J-Maquet.jpg?fit=1200%2C866&ssl=1&resize=350%2C200 1x, https:\/\/i0.wp.com\/www.jazzzeitung.de\/cms\/wp-content\/uploads\/2019\/09\/Wallace-Roney-by-H-J-Maquet.jpg?fit=1200%2C866&ssl=1&resize=525%2C300 1.5x, https:\/\/i0.wp.com\/www.jazzzeitung.de\/cms\/wp-content\/uploads\/2019\/09\/Wallace-Roney-by-H-J-Maquet.jpg?fit=1200%2C866&ssl=1&resize=700%2C400 2x, https:\/\/i0.wp.com\/www.jazzzeitung.de\/cms\/wp-content\/uploads\/2019\/09\/Wallace-Roney-by-H-J-Maquet.jpg?fit=1200%2C866&ssl=1&resize=1050%2C600 3x"},"classes":[]},{"id":12898,"url":"https:\/\/www.jazzzeitung.de\/cms\/2017\/07\/addison-frei-gewinnt-die-parmigiani-montreux-jazz-piano-solo-competition\/","url_meta":{"origin":7117,"position":3},"title":"News +++ Chris Hopkins erh\u00e4lt den \u201eJazz Pott\u201c+++ Addison Frei gewinnt die Parmigiani Montreux Jazz Piano Solo Competition +++","author":"Redaktion JazzZeitung","date":"6. Juli 2017","format":false,"excerpt":"+++ Chris Hopkins erh\u00e4lt in diesem Jahr den Essener \u201eJazz Pott\u201c +++ Nach der Sommerpause darf im Essener Grillo-Theater ausgiebig gefeiert werden: Nicht nur dass das imposante Geb\u00e4ude im Herzen der Stadt 125 Jahre alt wird, auch der \u201eJazzPott\u201c hat einen runden Geburtstag: Die Auszeichnung, die 1998 vom inzwischen verstorbenen\u2026","rel":"","context":"In &quot;News&quot;","block_context":{"text":"News","link":"https:\/\/www.jazzzeitung.de\/cms\/thema\/nachrichten\/"},"img":{"alt_text":"","src":"https:\/\/i0.wp.com\/www.jazzzeitung.de\/cms\/wp-content\/uploads\/2017\/07\/ChrisHopkinsFarbPortraitFotoSaschaKletzsch-150x150.jpg?resize=350%2C200&ssl=1","width":350,"height":200},"classes":[]},{"id":20779,"url":"https:\/\/www.jazzzeitung.de\/cms\/2019\/10\/news-brazooka-im-raven-in-straubing-jazz-pott-preistraeger-mit-heimspiel\/","url_meta":{"origin":7117,"position":4},"title":"+++ News +++ Brazooka im Raven in Straubing +++ \u201eJazz Pott\u201c-Preistr\u00e4ger mit Heimspiel +++","author":"Redaktion JazzZeitung","date":"2. Oktober 2019","format":false,"excerpt":"+++ Brazooka im Raven in Straubing +++ BRAZZOOKA \u2013 das sind kraftvolle Rhythmen und raffinierte Harmonien mit Elementen aus Funk, Jazz und Soul, die zu einem elektrisierenden Klangerlebnis verschmelzen. Die neunk\u00f6pfige Combo aus dem Raum Regensburg bewegt sich stilsicher durch mehr als f\u00fcnf Jahrzehnte einschl\u00e4giger Musikgeschichte: Im Repertoire finden sich\u2026","rel":"","context":"In &quot;News&quot;","block_context":{"text":"News","link":"https:\/\/www.jazzzeitung.de\/cms\/thema\/nachrichten\/"},"img":{"alt_text":"","src":"https:\/\/i0.wp.com\/www.jazzzeitung.de\/cms\/wp-content\/uploads\/2019\/10\/P1180005.jpg?fit=1200%2C800&ssl=1&resize=350%2C200","width":350,"height":200,"srcset":"https:\/\/i0.wp.com\/www.jazzzeitung.de\/cms\/wp-content\/uploads\/2019\/10\/P1180005.jpg?fit=1200%2C800&ssl=1&resize=350%2C200 1x, https:\/\/i0.wp.com\/www.jazzzeitung.de\/cms\/wp-content\/uploads\/2019\/10\/P1180005.jpg?fit=1200%2C800&ssl=1&resize=525%2C300 1.5x, https:\/\/i0.wp.com\/www.jazzzeitung.de\/cms\/wp-content\/uploads\/2019\/10\/P1180005.jpg?fit=1200%2C800&ssl=1&resize=700%2C400 2x, https:\/\/i0.wp.com\/www.jazzzeitung.de\/cms\/wp-content\/uploads\/2019\/10\/P1180005.jpg?fit=1200%2C800&ssl=1&resize=1050%2C600 3x"},"classes":[]},{"id":9816,"url":"https:\/\/www.jazzzeitung.de\/cms\/2016\/08\/roscoe-mitchelljazz-pott-2016-preistraeger-jochen-rueckertjazzfruehstueck-mit-alexander-buehlensemblejazzjoy-festival\/","url_meta":{"origin":7117,"position":5},"title":"News +++ Roscoe Mitchell +++ Jazz&#038;Joy-Festival +++ Jazz-Pott 2016 Preistr\u00e4ger Jochen R\u00fcckert +++","author":"Redaktion JazzZeitung","date":"9. August 2016","format":false,"excerpt":"+++ Roscoe Mitchell im Konzert +++ Am Freitag den 30.9.16 um 20.30 gibt der amerikanische Saxophonist Roscoe Mitchell ein Konzert in der Manufaktur Schorndorf. 1966 schuf Roscoe Mitchell mit seinem ersten Solo-Album \u201eSound\u201c ein Manifest der AACM-(Association fort he Advancement of Creative Musicians) \u00c4sthetik. Stille und Pausen wurden pl\u00f6tzlich ebenso\u2026","rel":"","context":"In &quot;News&quot;","block_context":{"text":"News","link":"https:\/\/www.jazzzeitung.de\/cms\/thema\/nachrichten\/"},"img":{"alt_text":"Roscoe_Mitchell","src":"https:\/\/i0.wp.com\/www.jazzzeitung.de\/cms\/wp-content\/uploads\/2016\/08\/Roscoe_Mitchell-150x150.jpeg?resize=350%2C200","width":350,"height":200},"classes":[]}],"jetpack_sharing_enabled":true,"_links":{"self":[{"href":"https:\/\/www.jazzzeitung.de\/cms\/wp-json\/wp\/v2\/posts\/7117","targetHints":{"allow":["GET"]}}],"collection":[{"href":"https:\/\/www.jazzzeitung.de\/cms\/wp-json\/wp\/v2\/posts"}],"about":[{"href":"https:\/\/www.jazzzeitung.de\/cms\/wp-json\/wp\/v2\/types\/post"}],"author":[{"embeddable":true,"href":"https:\/\/www.jazzzeitung.de\/cms\/wp-json\/wp\/v2\/users\/18"}],"replies":[{"embeddable":true,"href":"https:\/\/www.jazzzeitung.de\/cms\/wp-json\/wp\/v2\/comments?post=7117"}],"version-history":[{"count":2,"href":"https:\/\/www.jazzzeitung.de\/cms\/wp-json\/wp\/v2\/posts\/7117\/revisions"}],"predecessor-version":[{"id":7123,"href":"https:\/\/www.jazzzeitung.de\/cms\/wp-json\/wp\/v2\/posts\/7117\/revisions\/7123"}],"wp:attachment":[{"href":"https:\/\/www.jazzzeitung.de\/cms\/wp-json\/wp\/v2\/media?parent=7117"}],"wp:term":[{"taxonomy":"category","embeddable":true,"href":"https:\/\/www.jazzzeitung.de\/cms\/wp-json\/wp\/v2\/categories?post=7117"},{"taxonomy":"post_tag","embeddable":true,"href":"https:\/\/www.jazzzeitung.de\/cms\/wp-json\/wp\/v2\/tags?post=7117"},{"taxonomy":"author","embeddable":true,"href":"https:\/\/www.jazzzeitung.de\/cms\/wp-json\/wp\/v2\/coauthors?post=7117"}],"curies":[{"name":"wp","href":"https:\/\/api.w.org\/{rel}","templated":true}]}}