{"id":7101,"date":"2015-09-17T10:25:56","date_gmt":"2015-09-17T08:25:56","guid":{"rendered":"http:\/\/www.jazzzeitung.de\/cms\/?p=7101"},"modified":"2015-09-17T10:25:56","modified_gmt":"2015-09-17T08:25:56","slug":"helmut-eisel-und-das-sebastian-voltz-trio-spielen-talking-sinatra-huerth","status":"publish","type":"post","link":"https:\/\/www.jazzzeitung.de\/cms\/2015\/09\/helmut-eisel-und-das-sebastian-voltz-trio-spielen-talking-sinatra-huerth\/","title":{"rendered":"Helmut Eisel und das Sebastian Voltz Trio spielen \u201eTalking Sinatra\u201c in H\u00fcrth"},"content":{"rendered":"<p><a href=\"https:\/\/i0.wp.com\/www.jazzzeitung.de\/cms\/wp-content\/uploads\/2015\/09\/IMG_3027.jpg\"><img data-recalc-dims=\"1\" loading=\"lazy\" decoding=\"async\" data-attachment-id=\"7102\" data-permalink=\"https:\/\/www.jazzzeitung.de\/cms\/2015\/09\/helmut-eisel-und-das-sebastian-voltz-trio-spielen-talking-sinatra-huerth\/img_3027\/\" data-orig-file=\"https:\/\/i0.wp.com\/www.jazzzeitung.de\/cms\/wp-content\/uploads\/2015\/09\/IMG_3027.jpg?fit=5184%2C3456&amp;ssl=1\" data-orig-size=\"5184,3456\" data-comments-opened=\"1\" data-image-meta=\"{&quot;aperture&quot;:&quot;5&quot;,&quot;credit&quot;:&quot;&quot;,&quot;camera&quot;:&quot;Canon EOS 700D&quot;,&quot;caption&quot;:&quot;&quot;,&quot;created_timestamp&quot;:&quot;1441999033&quot;,&quot;copyright&quot;:&quot;&quot;,&quot;focal_length&quot;:&quot;28&quot;,&quot;iso&quot;:&quot;3200&quot;,&quot;shutter_speed&quot;:&quot;0.016666666666667&quot;,&quot;title&quot;:&quot;&quot;,&quot;orientation&quot;:&quot;1&quot;}\" data-image-title=\"IMG_3027\" data-image-description=\"\" data-image-caption=\"\" data-large-file=\"https:\/\/i0.wp.com\/www.jazzzeitung.de\/cms\/wp-content\/uploads\/2015\/09\/IMG_3027.jpg?fit=840%2C560&amp;ssl=1\" class=\"alignright size-thumbnail wp-image-7102\" src=\"https:\/\/i0.wp.com\/www.jazzzeitung.de\/cms\/wp-content\/uploads\/2015\/09\/IMG_3027-150x150.jpg?resize=150%2C150\" alt=\"IMG_3027\" width=\"150\" height=\"150\" srcset=\"https:\/\/i0.wp.com\/www.jazzzeitung.de\/cms\/wp-content\/uploads\/2015\/09\/IMG_3027.jpg?resize=150%2C150&amp;ssl=1 150w, https:\/\/i0.wp.com\/www.jazzzeitung.de\/cms\/wp-content\/uploads\/2015\/09\/IMG_3027.jpg?resize=144%2C144&amp;ssl=1 144w, https:\/\/i0.wp.com\/www.jazzzeitung.de\/cms\/wp-content\/uploads\/2015\/09\/IMG_3027.jpg?resize=96%2C96&amp;ssl=1 96w, https:\/\/i0.wp.com\/www.jazzzeitung.de\/cms\/wp-content\/uploads\/2015\/09\/IMG_3027.jpg?resize=24%2C24&amp;ssl=1 24w, https:\/\/i0.wp.com\/www.jazzzeitung.de\/cms\/wp-content\/uploads\/2015\/09\/IMG_3027.jpg?resize=36%2C36&amp;ssl=1 36w, https:\/\/i0.wp.com\/www.jazzzeitung.de\/cms\/wp-content\/uploads\/2015\/09\/IMG_3027.jpg?resize=48%2C48&amp;ssl=1 48w, https:\/\/i0.wp.com\/www.jazzzeitung.de\/cms\/wp-content\/uploads\/2015\/09\/IMG_3027.jpg?resize=64%2C64&amp;ssl=1 64w, https:\/\/i0.wp.com\/www.jazzzeitung.de\/cms\/wp-content\/uploads\/2015\/09\/IMG_3027.jpg?resize=32%2C32&amp;ssl=1 32w, https:\/\/i0.wp.com\/www.jazzzeitung.de\/cms\/wp-content\/uploads\/2015\/09\/IMG_3027.jpg?resize=128%2C128&amp;ssl=1 128w, https:\/\/i0.wp.com\/www.jazzzeitung.de\/cms\/wp-content\/uploads\/2015\/09\/IMG_3027.jpg?zoom=2&amp;resize=150%2C150&amp;ssl=1 300w, https:\/\/i0.wp.com\/www.jazzzeitung.de\/cms\/wp-content\/uploads\/2015\/09\/IMG_3027.jpg?zoom=3&amp;resize=150%2C150&amp;ssl=1 450w\" sizes=\"auto, (max-width: 150px) 100vw, 150px\" \/><\/a>Schon im M\u00e4rz hatte Klarinettist Helmut Eisel im H\u00fcrther B\u00fcrgerhaus zusammen mit Joscho Stephan durch eine fulminante Mischung aus Klezmer und Gypsy-Swing begeistert. Dass Klezmer auch hervorragend zum Repertoire eines der gr\u00f6\u00dften S\u00e4nger der gesamten Musikgeschichte passt, das bewies Eisel zusammen mit dem Sebastian Voltz Trio und seinem Programm \u201eTalking Sinatra\u201c.<\/p>\n<p>Selten war der H\u00fcrther Jazzkeller in der Herm\u00fclheimer Stra\u00dfe so voll wie anl\u00e4sslich dieser Hommage an den S\u00e4nger, der die Jazzgeschichte entscheidend beeinflusste. Das von Eisel und dem jungen Pianisten Sebastian Voltz zusammengestellte Programm enthielt viele Sinatra-Klassiker wie \u201eI\u2019ve Got You Under My Skin\u201c, \u201eMy Funny Valentine\u201c oder \u201eNew York, New York\u201c. Im exzellenten Zusammenspiel mit den Musikern des Trios b\u00fcrstete Eisel die bekannten Melodien gegen den Strich, lie\u00df sie in harmonischen Brechungen leuchten und bewies sich als wahrer Verwandlungsk\u00fcnstler. Immer wieder lie\u00df er sein Instrument rau und sexy wie ein Saxophon klingen, um kurz darauf schluchzend, lachend und jubelnd in die Welt des Klezmer einzutauchen. Damit warf er ein faszinierendes Licht auf den S\u00e4nger, der zwischen italienischst\u00e4mmigen und j\u00fcdischen Familien im Kneipen- und Gangstermilieu der Kleinstadt Hoboken aufwuchs.<\/p>\n<p>Im Vorfeld des Abends hatte Eisel Einblicke in die Quellen seines Musizierens gew\u00e4hrt. Die Musik des osteurop\u00e4ischen Judentums hat ihren Namen aus dem Aram\u00e4ischen und bedeutet w\u00f6rtlich \u201eGef\u00e4\u00df des Liedes\u201c oder \u201eGef\u00e4\u00df der Musik\u201c. Das sprachliche Bild des Gef\u00e4\u00dfes und die Tatsache, dass im Klezmer Instrumente als Erweiterung der Gesangsstimme verstanden werden, erm\u00f6glichen es Eisel, sich auch ohne Worte mit Sinatra auseinanderzusetzen. Das zeigte sich im Konzert gerade auch am Paradest\u00fcck \u201eMy Wa\u201c\u00bb, das urspr\u00fcnglich von Claude Fran\u00e7ois nach einer gescheiterten Liebe geschrieben wurde. Unter dem Titel \u201eComme d\u2019habitude\u201c erhielt die Melodie schon bald einen neuen Text, der die Ehe-Routine eines alten Paares beschreibt. In dieser Fassung lernte es Paul Anka in Paris kennen und schrieb schlie\u00dflich den Text, mit dem Sinatra weltweit Erfolg feierte. \u201eWenn wir das Lied ohne Text spielen, dann ist es dem Publikum \u00fcberlassen, ob es dabei mehr an \u201eMy Way\u201c, an \u201eComme d\u2019habitude\u201c oder an die Geschichte des verlassenen Liebhabers denkt. Das alles ist in der Musik drin und macht gerade die Faszination dieser Art zu erz\u00e4hlen aus\u201c, beschrieb Eisel seinen Ansatz, der im Jazzkeller voll aufging. Den Rahmen des Musikprogramms bildeten zwei Auftritte von Sch\u00fclerinnen und Sch\u00fclern des Albert-Schweitzer-Gymnasiums. Mit denen hatte Eisel schon am Morgen einen Workshop veranstaltet und Klezmer-Weisen einge\u00fcbt. Auf seiner Klarinette spielend schritt Eisel das Sch\u00fclerensemble ab, feuerte an und forderte die Jugendlichen zu solistischen Improvisationen heraus, die sie sich wenige Stunden zuvor wahrscheinlich noch nicht zugetraut h\u00e4tten.<\/p>\n<p>G\u00fcnter Reiners, Vorsitzender des Jazzclubs H\u00fcrth, zeigt sich im Anschluss an das Konzert begeistert: \u201eDieser Abend war musikalisch ein Glanzpunkt der Saison. Helmut Eisel hat seine gro\u00dfe Kunst unter Beweis gestellt und unser Anliegen aufgegriffen, den Nachwuchs zu f\u00f6rdern und f\u00fcr den Jazz zu begeistern. Daf\u00fcr sind wir ihm doppelt dankbar und freuen uns darauf, Helmut Eisel auch in der kommenden Spielzeit wieder in H\u00fcrth begr\u00fc\u00dfen zu d\u00fcrfen\u201c, versicherte Reiners freudestrahlend.<\/p>\n","protected":false},"excerpt":{"rendered":"<p>Schon im M\u00e4rz hatte Klarinettist Helmut Eisel im H\u00fcrther B\u00fcrgerhaus zusammen mit Joscho Stephan durch eine fulminante Mischung aus Klezmer und Gypsy-Swing begeistert. Dass Klezmer auch hervorragend zum Repertoire eines der gr\u00f6\u00dften S\u00e4nger der gesamten Musikgeschichte passt, das bewies Eisel zusammen mit dem Sebastian Voltz Trio und seinem Programm \u201eTalking Sinatra\u201c. Selten war der H\u00fcrther Jazzkeller in der Herm\u00fclheimer Stra\u00dfe so voll wie anl\u00e4sslich dieser Hommage an den S\u00e4nger, der die Jazzgeschichte entscheidend beeinflusste. Das von Eisel und dem jungen Pianisten Sebastian Voltz zusammengestellte Programm enthielt viele Sinatra-Klassiker wie \u201eI\u2019ve Got You Under My Skin\u201c, \u201eMy Funny Valentine\u201c oder \u201eNew York, New York\u201c. Im exzellenten Zusammenspiel mit den Musikern des Trios b\u00fcrstete Eisel die bekannten Melodien gegen den Strich, lie\u00df sie in harmonischen Brechungen leuchten und bewies sich als wahrer Verwandlungsk\u00fcnstler. Immer wieder lie\u00df er sein Instrument rau und sexy wie ein Saxophon klingen, um kurz darauf schluchzend, lachend und jubelnd in die Welt des Klezmer einzutauchen. Damit warf er ein faszinierendes Licht auf den S\u00e4nger, der zwischen italienischst\u00e4mmigen und j\u00fcdischen Familien im Kneipen- und Gangstermilieu der Kleinstadt Hoboken aufwuchs. Im Vorfeld des Abends hatte &hellip;<\/p>\n","protected":false},"author":18,"featured_media":0,"comment_status":"open","ping_status":"closed","sticky":false,"template":"","format":"standard","meta":{"_jetpack_memberships_contains_paid_content":false,"footnotes":"","jetpack_publicize_message":"","jetpack_publicize_feature_enabled":true,"jetpack_social_post_already_shared":false,"jetpack_social_options":{"image_generator_settings":{"template":"highway","default_image_id":0,"font":"","enabled":false},"version":2}},"categories":[1053],"tags":[198,928,1058,322,904,431,535,20],"coauthors":[695],"class_list":["post-7101","post","type-post","status-publish","format-standard","hentry","category-bericht","tag-geschichte","tag-jazzclubs","tag-jazzgeschichte","tag-konzert-2","tag-new-york","tag-paris","tag-swing","tag-workshop"],"yoast_head":"<!-- This site is optimized with the Yoast SEO plugin v27.5 - https:\/\/yoast.com\/product\/yoast-seo-wordpress\/ -->\n<title>Helmut Eisel und das Sebastian Voltz Trio spielen \u201eTalking Sinatra\u201c in H\u00fcrth - JazzZeitung<\/title>\n<meta name=\"robots\" content=\"index, follow, max-snippet:-1, max-image-preview:large, max-video-preview:-1\" \/>\n<link rel=\"canonical\" href=\"https:\/\/www.jazzzeitung.de\/cms\/2015\/09\/helmut-eisel-und-das-sebastian-voltz-trio-spielen-talking-sinatra-huerth\/\" \/>\n<meta property=\"og:locale\" content=\"de_DE\" \/>\n<meta property=\"og:type\" content=\"article\" \/>\n<meta property=\"og:title\" content=\"Helmut Eisel und das Sebastian Voltz Trio spielen \u201eTalking Sinatra\u201c in H\u00fcrth - JazzZeitung\" \/>\n<meta property=\"og:description\" content=\"Schon im M\u00e4rz hatte Klarinettist Helmut Eisel im H\u00fcrther B\u00fcrgerhaus zusammen mit Joscho Stephan durch eine fulminante Mischung aus Klezmer und Gypsy-Swing begeistert. Dass Klezmer auch hervorragend zum Repertoire eines der gr\u00f6\u00dften S\u00e4nger der gesamten Musikgeschichte passt, das bewies Eisel zusammen mit dem Sebastian Voltz Trio und seinem Programm \u201eTalking Sinatra\u201c. Selten war der H\u00fcrther Jazzkeller in der Herm\u00fclheimer Stra\u00dfe so voll wie anl\u00e4sslich dieser Hommage an den S\u00e4nger, der die Jazzgeschichte entscheidend beeinflusste. Das von Eisel und dem jungen Pianisten Sebastian Voltz zusammengestellte Programm enthielt viele Sinatra-Klassiker wie \u201eI\u2019ve Got You Under My Skin\u201c, \u201eMy Funny Valentine\u201c oder \u201eNew York, New York\u201c. Im exzellenten Zusammenspiel mit den Musikern des Trios b\u00fcrstete Eisel die bekannten Melodien gegen den Strich, lie\u00df sie in harmonischen Brechungen leuchten und bewies sich als wahrer Verwandlungsk\u00fcnstler. Immer wieder lie\u00df er sein Instrument rau und sexy wie ein Saxophon klingen, um kurz darauf schluchzend, lachend und jubelnd in die Welt des Klezmer einzutauchen. Damit warf er ein faszinierendes Licht auf den S\u00e4nger, der zwischen italienischst\u00e4mmigen und j\u00fcdischen Familien im Kneipen- und Gangstermilieu der Kleinstadt Hoboken aufwuchs. Im Vorfeld des Abends hatte &hellip;\" \/>\n<meta property=\"og:url\" content=\"https:\/\/www.jazzzeitung.de\/cms\/2015\/09\/helmut-eisel-und-das-sebastian-voltz-trio-spielen-talking-sinatra-huerth\/\" \/>\n<meta property=\"og:site_name\" content=\"JazzZeitung\" \/>\n<meta property=\"article:publisher\" content=\"https:\/\/www.facebook.com\/JazzZeitung\/\" \/>\n<meta property=\"article:published_time\" content=\"2015-09-17T08:25:56+00:00\" \/>\n<meta property=\"og:image\" content=\"http:\/\/www.jazzzeitung.de\/cms\/wp-content\/uploads\/2015\/09\/IMG_3027-150x150.jpg\" \/>\n<meta name=\"author\" content=\"Redaktion JazzZeitung\" \/>\n<script type=\"application\/ld+json\" class=\"yoast-schema-graph\">{\"@context\":\"https:\\\/\\\/schema.org\",\"@graph\":[{\"@type\":\"Article\",\"@id\":\"https:\\\/\\\/www.jazzzeitung.de\\\/cms\\\/2015\\\/09\\\/helmut-eisel-und-das-sebastian-voltz-trio-spielen-talking-sinatra-huerth\\\/#article\",\"isPartOf\":{\"@id\":\"https:\\\/\\\/www.jazzzeitung.de\\\/cms\\\/2015\\\/09\\\/helmut-eisel-und-das-sebastian-voltz-trio-spielen-talking-sinatra-huerth\\\/\"},\"author\":{\"name\":\"Redaktion JazzZeitung\",\"@id\":\"https:\\\/\\\/www.jazzzeitung.de\\\/cms\\\/#\\\/schema\\\/person\\\/2245b36b9cd1d24cea10f01c031fb92b\"},\"headline\":\"Helmut Eisel und das Sebastian Voltz Trio spielen \u201eTalking Sinatra\u201c in H\u00fcrth\",\"datePublished\":\"2015-09-17T08:25:56+00:00\",\"mainEntityOfPage\":{\"@id\":\"https:\\\/\\\/www.jazzzeitung.de\\\/cms\\\/2015\\\/09\\\/helmut-eisel-und-das-sebastian-voltz-trio-spielen-talking-sinatra-huerth\\\/\"},\"wordCount\":545,\"commentCount\":0,\"publisher\":{\"@id\":\"https:\\\/\\\/www.jazzzeitung.de\\\/cms\\\/#organization\"},\"image\":{\"@id\":\"https:\\\/\\\/www.jazzzeitung.de\\\/cms\\\/2015\\\/09\\\/helmut-eisel-und-das-sebastian-voltz-trio-spielen-talking-sinatra-huerth\\\/#primaryimage\"},\"thumbnailUrl\":\"http:\\\/\\\/www.jazzzeitung.de\\\/cms\\\/wp-content\\\/uploads\\\/2015\\\/09\\\/IMG_3027-150x150.jpg\",\"keywords\":[\"Geschichte\",\"Jazzclubs\",\"Jazzgeschichte\",\"Konzert\",\"New York\",\"Paris\",\"Swing\",\"Workshop\"],\"articleSection\":[\"Bericht\"],\"inLanguage\":\"de\",\"potentialAction\":[{\"@type\":\"CommentAction\",\"name\":\"Comment\",\"target\":[\"https:\\\/\\\/www.jazzzeitung.de\\\/cms\\\/2015\\\/09\\\/helmut-eisel-und-das-sebastian-voltz-trio-spielen-talking-sinatra-huerth\\\/#respond\"]}]},{\"@type\":\"WebPage\",\"@id\":\"https:\\\/\\\/www.jazzzeitung.de\\\/cms\\\/2015\\\/09\\\/helmut-eisel-und-das-sebastian-voltz-trio-spielen-talking-sinatra-huerth\\\/\",\"url\":\"https:\\\/\\\/www.jazzzeitung.de\\\/cms\\\/2015\\\/09\\\/helmut-eisel-und-das-sebastian-voltz-trio-spielen-talking-sinatra-huerth\\\/\",\"name\":\"Helmut Eisel und das Sebastian Voltz Trio spielen \u201eTalking Sinatra\u201c in H\u00fcrth - JazzZeitung\",\"isPartOf\":{\"@id\":\"https:\\\/\\\/www.jazzzeitung.de\\\/cms\\\/#website\"},\"primaryImageOfPage\":{\"@id\":\"https:\\\/\\\/www.jazzzeitung.de\\\/cms\\\/2015\\\/09\\\/helmut-eisel-und-das-sebastian-voltz-trio-spielen-talking-sinatra-huerth\\\/#primaryimage\"},\"image\":{\"@id\":\"https:\\\/\\\/www.jazzzeitung.de\\\/cms\\\/2015\\\/09\\\/helmut-eisel-und-das-sebastian-voltz-trio-spielen-talking-sinatra-huerth\\\/#primaryimage\"},\"thumbnailUrl\":\"http:\\\/\\\/www.jazzzeitung.de\\\/cms\\\/wp-content\\\/uploads\\\/2015\\\/09\\\/IMG_3027-150x150.jpg\",\"datePublished\":\"2015-09-17T08:25:56+00:00\",\"breadcrumb\":{\"@id\":\"https:\\\/\\\/www.jazzzeitung.de\\\/cms\\\/2015\\\/09\\\/helmut-eisel-und-das-sebastian-voltz-trio-spielen-talking-sinatra-huerth\\\/#breadcrumb\"},\"inLanguage\":\"de\",\"potentialAction\":[{\"@type\":\"ReadAction\",\"target\":[\"https:\\\/\\\/www.jazzzeitung.de\\\/cms\\\/2015\\\/09\\\/helmut-eisel-und-das-sebastian-voltz-trio-spielen-talking-sinatra-huerth\\\/\"]}]},{\"@type\":\"ImageObject\",\"inLanguage\":\"de\",\"@id\":\"https:\\\/\\\/www.jazzzeitung.de\\\/cms\\\/2015\\\/09\\\/helmut-eisel-und-das-sebastian-voltz-trio-spielen-talking-sinatra-huerth\\\/#primaryimage\",\"url\":\"http:\\\/\\\/www.jazzzeitung.de\\\/cms\\\/wp-content\\\/uploads\\\/2015\\\/09\\\/IMG_3027-150x150.jpg\",\"contentUrl\":\"http:\\\/\\\/www.jazzzeitung.de\\\/cms\\\/wp-content\\\/uploads\\\/2015\\\/09\\\/IMG_3027-150x150.jpg\"},{\"@type\":\"BreadcrumbList\",\"@id\":\"https:\\\/\\\/www.jazzzeitung.de\\\/cms\\\/2015\\\/09\\\/helmut-eisel-und-das-sebastian-voltz-trio-spielen-talking-sinatra-huerth\\\/#breadcrumb\",\"itemListElement\":[{\"@type\":\"ListItem\",\"position\":1,\"name\":\"Startseite\",\"item\":\"https:\\\/\\\/www.jazzzeitung.de\\\/cms\\\/\"},{\"@type\":\"ListItem\",\"position\":2,\"name\":\"Helmut Eisel und das Sebastian Voltz Trio spielen \u201eTalking Sinatra\u201c in H\u00fcrth\"}]},{\"@type\":\"WebSite\",\"@id\":\"https:\\\/\\\/www.jazzzeitung.de\\\/cms\\\/#website\",\"url\":\"https:\\\/\\\/www.jazzzeitung.de\\\/cms\\\/\",\"name\":\"JazzZeitung\",\"description\":\"Jazz-News und Jazz-Kontroverses\",\"publisher\":{\"@id\":\"https:\\\/\\\/www.jazzzeitung.de\\\/cms\\\/#organization\"},\"potentialAction\":[{\"@type\":\"SearchAction\",\"target\":{\"@type\":\"EntryPoint\",\"urlTemplate\":\"https:\\\/\\\/www.jazzzeitung.de\\\/cms\\\/?s={search_term_string}\"},\"query-input\":{\"@type\":\"PropertyValueSpecification\",\"valueRequired\":true,\"valueName\":\"search_term_string\"}}],\"inLanguage\":\"de\"},{\"@type\":\"Organization\",\"@id\":\"https:\\\/\\\/www.jazzzeitung.de\\\/cms\\\/#organization\",\"name\":\"JazzZeitung online\",\"url\":\"https:\\\/\\\/www.jazzzeitung.de\\\/cms\\\/\",\"logo\":{\"@type\":\"ImageObject\",\"inLanguage\":\"de\",\"@id\":\"https:\\\/\\\/www.jazzzeitung.de\\\/cms\\\/#\\\/schema\\\/logo\\\/image\\\/\",\"url\":\"https:\\\/\\\/i0.wp.com\\\/www.jazzzeitung.de\\\/cms\\\/wp-content\\\/uploads\\\/2015\\\/08\\\/JAZZZEITUNGDE_Logo_Neu.png?fit=499%2C200&ssl=1\",\"contentUrl\":\"https:\\\/\\\/i0.wp.com\\\/www.jazzzeitung.de\\\/cms\\\/wp-content\\\/uploads\\\/2015\\\/08\\\/JAZZZEITUNGDE_Logo_Neu.png?fit=499%2C200&ssl=1\",\"width\":499,\"height\":200,\"caption\":\"JazzZeitung online\"},\"image\":{\"@id\":\"https:\\\/\\\/www.jazzzeitung.de\\\/cms\\\/#\\\/schema\\\/logo\\\/image\\\/\"},\"sameAs\":[\"https:\\\/\\\/www.facebook.com\\\/JazzZeitung\\\/\"]},{\"@type\":\"Person\",\"@id\":\"https:\\\/\\\/www.jazzzeitung.de\\\/cms\\\/#\\\/schema\\\/person\\\/2245b36b9cd1d24cea10f01c031fb92b\",\"name\":\"Redaktion JazzZeitung\",\"image\":{\"@type\":\"ImageObject\",\"inLanguage\":\"de\",\"@id\":\"https:\\\/\\\/i0.wp.com\\\/www.jazzzeitung.de\\\/cms\\\/wp-content\\\/uploads\\\/2015\\\/08\\\/JAZZZEITUNGDE_Logo_Neu.png?resize=96%2C96&ssl=159975dcacb611b5700bd619b5daf0a7a\",\"url\":\"https:\\\/\\\/i0.wp.com\\\/www.jazzzeitung.de\\\/cms\\\/wp-content\\\/uploads\\\/2015\\\/08\\\/JAZZZEITUNGDE_Logo_Neu.png?resize=96%2C96&ssl=1\",\"contentUrl\":\"https:\\\/\\\/i0.wp.com\\\/www.jazzzeitung.de\\\/cms\\\/wp-content\\\/uploads\\\/2015\\\/08\\\/JAZZZEITUNGDE_Logo_Neu.png?resize=96%2C96&ssl=1\",\"caption\":\"Redaktion JazzZeitung\"},\"description\":\"Artikel der Redaktion der JazzZeitung.\",\"sameAs\":[\"http:\\\/\\\/www.jazzzeitung.de\\\/cms\\\/\"],\"url\":\"https:\\\/\\\/www.jazzzeitung.de\\\/cms\\\/author\\\/redaktion\\\/\"}]}<\/script>\n<!-- \/ Yoast SEO plugin. -->","yoast_head_json":{"title":"Helmut Eisel und das Sebastian Voltz Trio spielen \u201eTalking Sinatra\u201c in H\u00fcrth - JazzZeitung","robots":{"index":"index","follow":"follow","max-snippet":"max-snippet:-1","max-image-preview":"max-image-preview:large","max-video-preview":"max-video-preview:-1"},"canonical":"https:\/\/www.jazzzeitung.de\/cms\/2015\/09\/helmut-eisel-und-das-sebastian-voltz-trio-spielen-talking-sinatra-huerth\/","og_locale":"de_DE","og_type":"article","og_title":"Helmut Eisel und das Sebastian Voltz Trio spielen \u201eTalking Sinatra\u201c in H\u00fcrth - JazzZeitung","og_description":"Schon im M\u00e4rz hatte Klarinettist Helmut Eisel im H\u00fcrther B\u00fcrgerhaus zusammen mit Joscho Stephan durch eine fulminante Mischung aus Klezmer und Gypsy-Swing begeistert. Dass Klezmer auch hervorragend zum Repertoire eines der gr\u00f6\u00dften S\u00e4nger der gesamten Musikgeschichte passt, das bewies Eisel zusammen mit dem Sebastian Voltz Trio und seinem Programm \u201eTalking Sinatra\u201c. Selten war der H\u00fcrther Jazzkeller in der Herm\u00fclheimer Stra\u00dfe so voll wie anl\u00e4sslich dieser Hommage an den S\u00e4nger, der die Jazzgeschichte entscheidend beeinflusste. Das von Eisel und dem jungen Pianisten Sebastian Voltz zusammengestellte Programm enthielt viele Sinatra-Klassiker wie \u201eI\u2019ve Got You Under My Skin\u201c, \u201eMy Funny Valentine\u201c oder \u201eNew York, New York\u201c. Im exzellenten Zusammenspiel mit den Musikern des Trios b\u00fcrstete Eisel die bekannten Melodien gegen den Strich, lie\u00df sie in harmonischen Brechungen leuchten und bewies sich als wahrer Verwandlungsk\u00fcnstler. Immer wieder lie\u00df er sein Instrument rau und sexy wie ein Saxophon klingen, um kurz darauf schluchzend, lachend und jubelnd in die Welt des Klezmer einzutauchen. Damit warf er ein faszinierendes Licht auf den S\u00e4nger, der zwischen italienischst\u00e4mmigen und j\u00fcdischen Familien im Kneipen- und Gangstermilieu der Kleinstadt Hoboken aufwuchs. Im Vorfeld des Abends hatte &hellip;","og_url":"https:\/\/www.jazzzeitung.de\/cms\/2015\/09\/helmut-eisel-und-das-sebastian-voltz-trio-spielen-talking-sinatra-huerth\/","og_site_name":"JazzZeitung","article_publisher":"https:\/\/www.facebook.com\/JazzZeitung\/","article_published_time":"2015-09-17T08:25:56+00:00","og_image":[{"url":"http:\/\/www.jazzzeitung.de\/cms\/wp-content\/uploads\/2015\/09\/IMG_3027-150x150.jpg","type":"","width":"","height":""}],"author":"Redaktion JazzZeitung","schema":{"@context":"https:\/\/schema.org","@graph":[{"@type":"Article","@id":"https:\/\/www.jazzzeitung.de\/cms\/2015\/09\/helmut-eisel-und-das-sebastian-voltz-trio-spielen-talking-sinatra-huerth\/#article","isPartOf":{"@id":"https:\/\/www.jazzzeitung.de\/cms\/2015\/09\/helmut-eisel-und-das-sebastian-voltz-trio-spielen-talking-sinatra-huerth\/"},"author":{"name":"Redaktion JazzZeitung","@id":"https:\/\/www.jazzzeitung.de\/cms\/#\/schema\/person\/2245b36b9cd1d24cea10f01c031fb92b"},"headline":"Helmut Eisel und das Sebastian Voltz Trio spielen \u201eTalking Sinatra\u201c in H\u00fcrth","datePublished":"2015-09-17T08:25:56+00:00","mainEntityOfPage":{"@id":"https:\/\/www.jazzzeitung.de\/cms\/2015\/09\/helmut-eisel-und-das-sebastian-voltz-trio-spielen-talking-sinatra-huerth\/"},"wordCount":545,"commentCount":0,"publisher":{"@id":"https:\/\/www.jazzzeitung.de\/cms\/#organization"},"image":{"@id":"https:\/\/www.jazzzeitung.de\/cms\/2015\/09\/helmut-eisel-und-das-sebastian-voltz-trio-spielen-talking-sinatra-huerth\/#primaryimage"},"thumbnailUrl":"http:\/\/www.jazzzeitung.de\/cms\/wp-content\/uploads\/2015\/09\/IMG_3027-150x150.jpg","keywords":["Geschichte","Jazzclubs","Jazzgeschichte","Konzert","New York","Paris","Swing","Workshop"],"articleSection":["Bericht"],"inLanguage":"de","potentialAction":[{"@type":"CommentAction","name":"Comment","target":["https:\/\/www.jazzzeitung.de\/cms\/2015\/09\/helmut-eisel-und-das-sebastian-voltz-trio-spielen-talking-sinatra-huerth\/#respond"]}]},{"@type":"WebPage","@id":"https:\/\/www.jazzzeitung.de\/cms\/2015\/09\/helmut-eisel-und-das-sebastian-voltz-trio-spielen-talking-sinatra-huerth\/","url":"https:\/\/www.jazzzeitung.de\/cms\/2015\/09\/helmut-eisel-und-das-sebastian-voltz-trio-spielen-talking-sinatra-huerth\/","name":"Helmut Eisel und das Sebastian Voltz Trio spielen \u201eTalking Sinatra\u201c in H\u00fcrth - JazzZeitung","isPartOf":{"@id":"https:\/\/www.jazzzeitung.de\/cms\/#website"},"primaryImageOfPage":{"@id":"https:\/\/www.jazzzeitung.de\/cms\/2015\/09\/helmut-eisel-und-das-sebastian-voltz-trio-spielen-talking-sinatra-huerth\/#primaryimage"},"image":{"@id":"https:\/\/www.jazzzeitung.de\/cms\/2015\/09\/helmut-eisel-und-das-sebastian-voltz-trio-spielen-talking-sinatra-huerth\/#primaryimage"},"thumbnailUrl":"http:\/\/www.jazzzeitung.de\/cms\/wp-content\/uploads\/2015\/09\/IMG_3027-150x150.jpg","datePublished":"2015-09-17T08:25:56+00:00","breadcrumb":{"@id":"https:\/\/www.jazzzeitung.de\/cms\/2015\/09\/helmut-eisel-und-das-sebastian-voltz-trio-spielen-talking-sinatra-huerth\/#breadcrumb"},"inLanguage":"de","potentialAction":[{"@type":"ReadAction","target":["https:\/\/www.jazzzeitung.de\/cms\/2015\/09\/helmut-eisel-und-das-sebastian-voltz-trio-spielen-talking-sinatra-huerth\/"]}]},{"@type":"ImageObject","inLanguage":"de","@id":"https:\/\/www.jazzzeitung.de\/cms\/2015\/09\/helmut-eisel-und-das-sebastian-voltz-trio-spielen-talking-sinatra-huerth\/#primaryimage","url":"http:\/\/www.jazzzeitung.de\/cms\/wp-content\/uploads\/2015\/09\/IMG_3027-150x150.jpg","contentUrl":"http:\/\/www.jazzzeitung.de\/cms\/wp-content\/uploads\/2015\/09\/IMG_3027-150x150.jpg"},{"@type":"BreadcrumbList","@id":"https:\/\/www.jazzzeitung.de\/cms\/2015\/09\/helmut-eisel-und-das-sebastian-voltz-trio-spielen-talking-sinatra-huerth\/#breadcrumb","itemListElement":[{"@type":"ListItem","position":1,"name":"Startseite","item":"https:\/\/www.jazzzeitung.de\/cms\/"},{"@type":"ListItem","position":2,"name":"Helmut Eisel und das Sebastian Voltz Trio spielen \u201eTalking Sinatra\u201c in H\u00fcrth"}]},{"@type":"WebSite","@id":"https:\/\/www.jazzzeitung.de\/cms\/#website","url":"https:\/\/www.jazzzeitung.de\/cms\/","name":"JazzZeitung","description":"Jazz-News und Jazz-Kontroverses","publisher":{"@id":"https:\/\/www.jazzzeitung.de\/cms\/#organization"},"potentialAction":[{"@type":"SearchAction","target":{"@type":"EntryPoint","urlTemplate":"https:\/\/www.jazzzeitung.de\/cms\/?s={search_term_string}"},"query-input":{"@type":"PropertyValueSpecification","valueRequired":true,"valueName":"search_term_string"}}],"inLanguage":"de"},{"@type":"Organization","@id":"https:\/\/www.jazzzeitung.de\/cms\/#organization","name":"JazzZeitung online","url":"https:\/\/www.jazzzeitung.de\/cms\/","logo":{"@type":"ImageObject","inLanguage":"de","@id":"https:\/\/www.jazzzeitung.de\/cms\/#\/schema\/logo\/image\/","url":"https:\/\/i0.wp.com\/www.jazzzeitung.de\/cms\/wp-content\/uploads\/2015\/08\/JAZZZEITUNGDE_Logo_Neu.png?fit=499%2C200&ssl=1","contentUrl":"https:\/\/i0.wp.com\/www.jazzzeitung.de\/cms\/wp-content\/uploads\/2015\/08\/JAZZZEITUNGDE_Logo_Neu.png?fit=499%2C200&ssl=1","width":499,"height":200,"caption":"JazzZeitung online"},"image":{"@id":"https:\/\/www.jazzzeitung.de\/cms\/#\/schema\/logo\/image\/"},"sameAs":["https:\/\/www.facebook.com\/JazzZeitung\/"]},{"@type":"Person","@id":"https:\/\/www.jazzzeitung.de\/cms\/#\/schema\/person\/2245b36b9cd1d24cea10f01c031fb92b","name":"Redaktion JazzZeitung","image":{"@type":"ImageObject","inLanguage":"de","@id":"https:\/\/i0.wp.com\/www.jazzzeitung.de\/cms\/wp-content\/uploads\/2015\/08\/JAZZZEITUNGDE_Logo_Neu.png?resize=96%2C96&ssl=159975dcacb611b5700bd619b5daf0a7a","url":"https:\/\/i0.wp.com\/www.jazzzeitung.de\/cms\/wp-content\/uploads\/2015\/08\/JAZZZEITUNGDE_Logo_Neu.png?resize=96%2C96&ssl=1","contentUrl":"https:\/\/i0.wp.com\/www.jazzzeitung.de\/cms\/wp-content\/uploads\/2015\/08\/JAZZZEITUNGDE_Logo_Neu.png?resize=96%2C96&ssl=1","caption":"Redaktion JazzZeitung"},"description":"Artikel der Redaktion der JazzZeitung.","sameAs":["http:\/\/www.jazzzeitung.de\/cms\/"],"url":"https:\/\/www.jazzzeitung.de\/cms\/author\/redaktion\/"}]}},"wp-worthy-pixel":{"ignored":false,"public":null,"server":null,"url":null},"wp-worthy-type":"normal","jetpack_publicize_connections":[],"cc_featured_image_caption":{"caption_text":false,"source_text":false,"source_url":false},"jetpack_featured_media_url":"","jetpack_shortlink":"https:\/\/wp.me\/p3KEcT-1Qx","jetpack-related-posts":[{"id":17390,"url":"https:\/\/www.jazzzeitung.de\/cms\/2018\/10\/wir-tragen-die-musik-zu-den-menschen-jazz-workshop-mit-helmut-eisel-in-huerth\/","url_meta":{"origin":7101,"position":0},"title":"&#8222;Wir tragen die Musik zu den Menschen!&#8220; &#8211; Jazz-Workshop mit Helmut Eisel in H\u00fcrth","author":"Redaktion JazzZeitung","date":"9. Oktober 2018","format":false,"excerpt":"Am Vortag der 24. H\u00fcrther Jazznacht 2018 fand morgens in der Aula des Albert-Schweitzer-Gymnasiums ein Workshop statt. Auf Initiative des Jazzclubs H\u00fcrth e. V. durften Sch\u00fclerinnen und Sch\u00fcler des Gymnasiums drei Stunden lang intensiv mit Helmut Eisel zusammenarbeiten. Der gefeierte Klezmer-Klarinettist und musikalische Grenzg\u00e4nger probte mit neun Heranwachsenden unter anderem\u2026","rel":"","context":"In &quot;News&quot;","block_context":{"text":"News","link":"https:\/\/www.jazzzeitung.de\/cms\/thema\/nachrichten\/"},"img":{"alt_text":"","src":"https:\/\/i0.wp.com\/www.jazzzeitung.de\/cms\/wp-content\/uploads\/2018\/10\/Jazz-Workshop-20-klein.jpg?fit=1200%2C801&ssl=1&resize=350%2C200","width":350,"height":200,"srcset":"https:\/\/i0.wp.com\/www.jazzzeitung.de\/cms\/wp-content\/uploads\/2018\/10\/Jazz-Workshop-20-klein.jpg?fit=1200%2C801&ssl=1&resize=350%2C200 1x, https:\/\/i0.wp.com\/www.jazzzeitung.de\/cms\/wp-content\/uploads\/2018\/10\/Jazz-Workshop-20-klein.jpg?fit=1200%2C801&ssl=1&resize=525%2C300 1.5x, https:\/\/i0.wp.com\/www.jazzzeitung.de\/cms\/wp-content\/uploads\/2018\/10\/Jazz-Workshop-20-klein.jpg?fit=1200%2C801&ssl=1&resize=700%2C400 2x, https:\/\/i0.wp.com\/www.jazzzeitung.de\/cms\/wp-content\/uploads\/2018\/10\/Jazz-Workshop-20-klein.jpg?fit=1200%2C801&ssl=1&resize=1050%2C600 3x"},"classes":[]},{"id":5779,"url":"https:\/\/www.jazzzeitung.de\/cms\/2015\/03\/zweite-joscho-stephan-nacht-fuellt-das-buergerhaus-huerth\/","url_meta":{"origin":7101,"position":1},"title":"Zweite Joscho Stephan Nacht f\u00fcllt das B\u00fcrgerhaus H\u00fcrth","author":"Redaktion JazzZeitung","date":"25. M\u00e4rz 2015","format":false,"excerpt":"Von G\u00fcnter Reiners - Am Wochenende sorgte der Jazzclub H\u00fcrth im B\u00fcrgerhaus der Stadt erneut f\u00fcr einen H\u00f6hepunkt im Kalender der Kulturstadt H\u00fcrth. Nach dem gro\u00dfen Erfolg der ersten \u201eJoscho Stephan Nacht\u201c im Oktober 2013 luden die Macher des Jazzclubs zur Fortsetzung des erfolgreichen Konzepts. Damit setzte das Team um\u2026","rel":"","context":"In &quot;Bericht&quot;","block_context":{"text":"Bericht","link":"https:\/\/www.jazzzeitung.de\/cms\/thema\/bericht\/"},"img":{"alt_text":"Die zweite Joscho Stephan Nacht war ein gro\u00dfer Erfolg. Foto: G\u00fcnther Reiners","src":"https:\/\/i0.wp.com\/www.jazzzeitung.de\/cms\/wp-content\/uploads\/2015\/03\/IMG_0620-900x600.jpg?resize=350%2C200","width":350,"height":200,"srcset":"https:\/\/i0.wp.com\/www.jazzzeitung.de\/cms\/wp-content\/uploads\/2015\/03\/IMG_0620-900x600.jpg?resize=350%2C200 1x, https:\/\/i0.wp.com\/www.jazzzeitung.de\/cms\/wp-content\/uploads\/2015\/03\/IMG_0620-900x600.jpg?resize=525%2C300 1.5x"},"classes":[]},{"id":16966,"url":"https:\/\/www.jazzzeitung.de\/cms\/2018\/08\/fette-hupe-hannover-spielt-aufnahme-live-ein\/","url_meta":{"origin":7101,"position":2},"title":"+++ News +++ Morgen: Tropical Turn Quartett +++ G\u00f6tz Alsmann auf der H\u00fcrther Jazznacht 2018 +++ Fette Hupe Hannover spielt Aufnahme live ein +++","author":"Redaktion JazzZeitung","date":"16. August 2018","format":false,"excerpt":"+++ Morgen: Tropical Turn Quartett +++ F\u00fcr Kurzentschlossene: Eine Bandbreite von Buena Vista Social Club bis Brazil Jazz bietet das Tropical Turn Quartett am 17. August 2018 im Jazzkeller in H\u00fcrth-Gleuel. Im Zentrum ihres abwechslungsreichen Sets stehen die Kompositionen von Gitarrist und Bandleader Burkhard \u201eBuck\u201c Wolters, die bereits internationales Geh\u00f6r\u2026","rel":"","context":"In &quot;News&quot;","block_context":{"text":"News","link":"https:\/\/www.jazzzeitung.de\/cms\/thema\/nachrichten\/"},"img":{"alt_text":"","src":"https:\/\/i0.wp.com\/www.jazzzeitung.de\/cms\/wp-content\/uploads\/2018\/08\/Pressefoto-Alsmann_in_rom-2-Foto-Fabio-Lovino-e1534414386552.jpg?fit=1200%2C897&ssl=1&resize=350%2C200","width":350,"height":200,"srcset":"https:\/\/i0.wp.com\/www.jazzzeitung.de\/cms\/wp-content\/uploads\/2018\/08\/Pressefoto-Alsmann_in_rom-2-Foto-Fabio-Lovino-e1534414386552.jpg?fit=1200%2C897&ssl=1&resize=350%2C200 1x, https:\/\/i0.wp.com\/www.jazzzeitung.de\/cms\/wp-content\/uploads\/2018\/08\/Pressefoto-Alsmann_in_rom-2-Foto-Fabio-Lovino-e1534414386552.jpg?fit=1200%2C897&ssl=1&resize=525%2C300 1.5x, https:\/\/i0.wp.com\/www.jazzzeitung.de\/cms\/wp-content\/uploads\/2018\/08\/Pressefoto-Alsmann_in_rom-2-Foto-Fabio-Lovino-e1534414386552.jpg?fit=1200%2C897&ssl=1&resize=700%2C400 2x, https:\/\/i0.wp.com\/www.jazzzeitung.de\/cms\/wp-content\/uploads\/2018\/08\/Pressefoto-Alsmann_in_rom-2-Foto-Fabio-Lovino-e1534414386552.jpg?fit=1200%2C897&ssl=1&resize=1050%2C600 3x"},"classes":[]},{"id":5935,"url":"https:\/\/www.jazzzeitung.de\/cms\/2015\/04\/news-giora-feidman-leipzig-jeffrey-mills-friends-mit-special-guest-roger-pabst-halle\/","url_meta":{"origin":7101,"position":3},"title":"News: Giora Feidman in Leipzig +++ Jeffrey Mills &#038; Friends mit Special guest Roger Pabst in Halle","author":"Redaktion JazzZeitung","date":"15. April 2015","format":false,"excerpt":"The Giora Feidman Jazz Experience - \u201eKlezmer meets Jazz\u201c Giora Feidmann kommt mit einem neuen Programm \u2013 einer spannungsreichen Mischung aus Jazz und Klezmer, gespielt von virtuosen Instrumentalisten \u2013 am 10. Mai (17 Uhr) in die Ev.-Luth. Kirchgemeinde St. Petri. in Leipzig. Was kommt dabei heraus, wenn ein erfahrener Orchestermusiker,\u2026","rel":"","context":"In &quot;News&quot;","block_context":{"text":"News","link":"https:\/\/www.jazzzeitung.de\/cms\/thema\/nachrichten\/"},"img":{"alt_text":"","src":"","width":0,"height":0},"classes":[]},{"id":17256,"url":"https:\/\/www.jazzzeitung.de\/cms\/2018\/09\/news-burghausen-groovt-sich-auf-jubilaeumswoche-ein-jazz-bei-den-thueringer-achava-festspielen\/","url_meta":{"origin":7101,"position":4},"title":"+++ News +++ Burghausen groovt sich auf Jubil\u00e4umswoche ein +++ Jazz bei den Th\u00fcringer ACHAVA-Festspielen +++","author":"Redaktion JazzZeitung","date":"18. September 2018","format":false,"excerpt":"+++ Burghausen groovt sich auf Jubil\u00e4umswoche ein +++ Der Countdown zur 50. Jazzwoche in Burghausen Ende M\u00e4rz 2019 l\u00e4uft - zur Einstimmung l\u00e4dt die Interessensgemeinschaft Jazz e.V. bereits an den Wochenenden vom 6. Oktober 2018 bis zum 13. Januar 2019 zu zahlreichen Konzerten in die oberbayerische Gemeinde. Dabei setzen die\u2026","rel":"","context":"In &quot;News&quot;","block_context":{"text":"News","link":"https:\/\/www.jazzzeitung.de\/cms\/thema\/nachrichten\/"},"img":{"alt_text":"","src":"https:\/\/i0.wp.com\/www.jazzzeitung.de\/cms\/wp-content\/uploads\/2018\/09\/Hugh-Coltman-11-copie_kl.jpg?fit=1200%2C800&ssl=1&resize=350%2C200","width":350,"height":200,"srcset":"https:\/\/i0.wp.com\/www.jazzzeitung.de\/cms\/wp-content\/uploads\/2018\/09\/Hugh-Coltman-11-copie_kl.jpg?fit=1200%2C800&ssl=1&resize=350%2C200 1x, https:\/\/i0.wp.com\/www.jazzzeitung.de\/cms\/wp-content\/uploads\/2018\/09\/Hugh-Coltman-11-copie_kl.jpg?fit=1200%2C800&ssl=1&resize=525%2C300 1.5x, https:\/\/i0.wp.com\/www.jazzzeitung.de\/cms\/wp-content\/uploads\/2018\/09\/Hugh-Coltman-11-copie_kl.jpg?fit=1200%2C800&ssl=1&resize=700%2C400 2x, https:\/\/i0.wp.com\/www.jazzzeitung.de\/cms\/wp-content\/uploads\/2018\/09\/Hugh-Coltman-11-copie_kl.jpg?fit=1200%2C800&ssl=1&resize=1050%2C600 3x"},"classes":[]},{"id":29211,"url":"https:\/\/www.jazzzeitung.de\/cms\/2023\/03\/news-regensburg-huerth-ljjo-baden-wuerttemberg\/","url_meta":{"origin":7101,"position":5},"title":"News: +++ Regensburg +++ H\u00fcrth +++ LJJO Baden-W\u00fcrttemberg +++","author":"Redaktion JazzZeitung","date":"14. M\u00e4rz 2023","format":false,"excerpt":"+++ Highlight-April im Regensburger Jazzclub +++ Neben dem allmonatlichen Jazz-Brunch im Degginger (diesen Monat Yankee Meier Organ Trio, Sonntag 23. April 2023) und der Session im Leeren Beutel (Sessionleiter: Danube in Blue, 3. April 2023), veranstaltet der Regensburger Jazzclub wiederholt hochkar\u00e4tige Konzerte im Leeren Beutel und im Caf\u00e9 Degginger. Das\u2026","rel":"","context":"In &quot;News&quot;","block_context":{"text":"News","link":"https:\/\/www.jazzzeitung.de\/cms\/thema\/nachrichten\/"},"img":{"alt_text":"","src":"https:\/\/i0.wp.com\/www.jazzzeitung.de\/cms\/wp-content\/uploads\/2023\/03\/jc-20230404-Tobias-Meinhart-The-Painter%C2%A9-Mariana-Meraz_Jazzclub-Regensburg.jpg?fit=1200%2C801&ssl=1&resize=350%2C200","width":350,"height":200,"srcset":"https:\/\/i0.wp.com\/www.jazzzeitung.de\/cms\/wp-content\/uploads\/2023\/03\/jc-20230404-Tobias-Meinhart-The-Painter%C2%A9-Mariana-Meraz_Jazzclub-Regensburg.jpg?fit=1200%2C801&ssl=1&resize=350%2C200 1x, https:\/\/i0.wp.com\/www.jazzzeitung.de\/cms\/wp-content\/uploads\/2023\/03\/jc-20230404-Tobias-Meinhart-The-Painter%C2%A9-Mariana-Meraz_Jazzclub-Regensburg.jpg?fit=1200%2C801&ssl=1&resize=525%2C300 1.5x, https:\/\/i0.wp.com\/www.jazzzeitung.de\/cms\/wp-content\/uploads\/2023\/03\/jc-20230404-Tobias-Meinhart-The-Painter%C2%A9-Mariana-Meraz_Jazzclub-Regensburg.jpg?fit=1200%2C801&ssl=1&resize=700%2C400 2x, https:\/\/i0.wp.com\/www.jazzzeitung.de\/cms\/wp-content\/uploads\/2023\/03\/jc-20230404-Tobias-Meinhart-The-Painter%C2%A9-Mariana-Meraz_Jazzclub-Regensburg.jpg?fit=1200%2C801&ssl=1&resize=1050%2C600 3x"},"classes":[]}],"jetpack_sharing_enabled":true,"_links":{"self":[{"href":"https:\/\/www.jazzzeitung.de\/cms\/wp-json\/wp\/v2\/posts\/7101","targetHints":{"allow":["GET"]}}],"collection":[{"href":"https:\/\/www.jazzzeitung.de\/cms\/wp-json\/wp\/v2\/posts"}],"about":[{"href":"https:\/\/www.jazzzeitung.de\/cms\/wp-json\/wp\/v2\/types\/post"}],"author":[{"embeddable":true,"href":"https:\/\/www.jazzzeitung.de\/cms\/wp-json\/wp\/v2\/users\/18"}],"replies":[{"embeddable":true,"href":"https:\/\/www.jazzzeitung.de\/cms\/wp-json\/wp\/v2\/comments?post=7101"}],"version-history":[{"count":2,"href":"https:\/\/www.jazzzeitung.de\/cms\/wp-json\/wp\/v2\/posts\/7101\/revisions"}],"predecessor-version":[{"id":7104,"href":"https:\/\/www.jazzzeitung.de\/cms\/wp-json\/wp\/v2\/posts\/7101\/revisions\/7104"}],"wp:attachment":[{"href":"https:\/\/www.jazzzeitung.de\/cms\/wp-json\/wp\/v2\/media?parent=7101"}],"wp:term":[{"taxonomy":"category","embeddable":true,"href":"https:\/\/www.jazzzeitung.de\/cms\/wp-json\/wp\/v2\/categories?post=7101"},{"taxonomy":"post_tag","embeddable":true,"href":"https:\/\/www.jazzzeitung.de\/cms\/wp-json\/wp\/v2\/tags?post=7101"},{"taxonomy":"author","embeddable":true,"href":"https:\/\/www.jazzzeitung.de\/cms\/wp-json\/wp\/v2\/coauthors?post=7101"}],"curies":[{"name":"wp","href":"https:\/\/api.w.org\/{rel}","templated":true}]}}