{"id":702,"date":"2011-01-23T19:27:10","date_gmt":"2011-01-23T18:27:10","guid":{"rendered":"http:\/\/blogs.nmz.de\/jazz\/?p=702"},"modified":"2013-07-23T11:32:19","modified_gmt":"2013-07-23T09:32:19","slug":"eintritt-frei-in-runde-drei-bmw-welt-jazz-award","status":"publish","type":"post","link":"https:\/\/www.jazzzeitung.de\/cms\/2011\/01\/eintritt-frei-in-runde-drei-bmw-welt-jazz-award\/","title":{"rendered":"Eintritt frei in runde drei: BMW Welt Jazz Award 2011"},"content":{"rendered":"<p style=\"text-align: justify\">Am 23. Januar 2011 haben mit der Performance von Wanja Slavin Lotus Eaters die Konzerte des BMW Welt Jazz Award 2011 begonnen.<\/p>\n<p style=\"text-align: justify\">An zwei Sonntagen im Monat finden bis zum 13. M\u00e4rz noch f\u00fcnf weitere Jazz Matineen im Doppelkegel der BMW Welt statt. Nach dem Gesangsschwerpunkt im letzten Jahr, stellen sich unter dem diesj\u00e4hrigen Motto &#8222;Two horns and more&#8220; Solostimmen mit kleinem Ensemble dem Wettbewerb um den BMW Welt Jazz Award \u2013 und um die 10.000 Euro Preisgeld. Die Jury nominiert nach dem sechsten Konzert die beiden Finalisten, die am 9. April 2011 um 20 Uhr im Auditorium der BMW Welt auftreten.<\/p>\n<p style=\"text-align: justify\">Die Matineen beginnen jeweils um 11 Uhr. Der Eintritt ist frei, ein nettes Feature, das die BMW Welt bei den Matineen im Doppelkegel seit dem Start des Kulturprogramms 2007 beibehalten hat.<\/p>\n<p style=\"text-align: justify\">Das Finale gibt&#8217;s leider nicht umsonst zu sehen.<\/p>\n<p style=\"text-align: justify\">Der Ticketverkauf beginnt heute (23.1.11) in der <a href=\"http:\/\/www.bmw-welt.com\/web\/portal\/de\/index.html\" target=\"_blank\">BMW Welt<\/a> und bei <a href=\"http:\/\/www.muenchenticket.de\/\" target=\"_blank\">M\u00fcnchen Ticket<\/a>.<\/p>\n<h6 style=\"text-align: justify\">\n<p><figure id=\"attachment_704\" aria-describedby=\"caption-attachment-704\" style=\"width: 300px\" class=\"wp-caption aligncenter\"><a href=\"https:\/\/i0.wp.com\/www.jazzzeitung.de\/cms\/wp-content\/uploads\/2011\/01\/Lichtinger_BMW_Masters-of-Jazz.jpg\"><img data-recalc-dims=\"1\" loading=\"lazy\" decoding=\"async\" data-attachment-id=\"704\" data-permalink=\"https:\/\/www.jazzzeitung.de\/cms\/2011\/01\/eintritt-frei-in-runde-drei-bmw-welt-jazz-award\/lichtinger_bmw_masters-of-jazz\/\" data-orig-file=\"https:\/\/i0.wp.com\/www.jazzzeitung.de\/cms\/wp-content\/uploads\/2011\/01\/Lichtinger_BMW_Masters-of-Jazz.jpg?fit=2272%2C1704&amp;ssl=1\" data-orig-size=\"2272,1704\" data-comments-opened=\"1\" data-image-meta=\"{&quot;aperture&quot;:&quot;3.1&quot;,&quot;credit&quot;:&quot;&quot;,&quot;camera&quot;:&quot;u30D,S410D,u410D&quot;,&quot;caption&quot;:&quot;&quot;,&quot;created_timestamp&quot;:&quot;&quot;,&quot;copyright&quot;:&quot;&quot;,&quot;focal_length&quot;:&quot;5.8&quot;,&quot;iso&quot;:&quot;80&quot;,&quot;shutter_speed&quot;:&quot;0.033333333333333&quot;,&quot;title&quot;:&quot;OLYMPUS DIGITAL CAMERA&quot;}\" data-image-title=\"BMW_Jazzmasters_2007\" data-image-description=\"\" data-image-caption=\"&lt;p&gt;Konzert im Doppelkegel bei den Jazzwochen 2007&lt;\/p&gt;\n\" data-large-file=\"https:\/\/i0.wp.com\/www.jazzzeitung.de\/cms\/wp-content\/uploads\/2011\/01\/Lichtinger_BMW_Masters-of-Jazz.jpg?fit=800%2C600&amp;ssl=1\" class=\"size-medium wp-image-704 \" title=\"BMW_Jazzmasters_2007\" src=\"https:\/\/i0.wp.com\/www.jazzzeitung.de\/cms\/wp-content\/uploads\/2011\/01\/Lichtinger_BMW_Masters-of-Jazz-300x224.jpg?resize=300%2C224\" alt=\"Konzert im Doppelkegel bei den Jazzwochen 2007\" width=\"300\" height=\"224\" srcset=\"https:\/\/i0.wp.com\/www.jazzzeitung.de\/cms\/wp-content\/uploads\/2011\/01\/Lichtinger_BMW_Masters-of-Jazz.jpg?resize=300%2C224&amp;ssl=1 300w, https:\/\/i0.wp.com\/www.jazzzeitung.de\/cms\/wp-content\/uploads\/2011\/01\/Lichtinger_BMW_Masters-of-Jazz.jpg?resize=1024%2C768&amp;ssl=1 1024w, https:\/\/i0.wp.com\/www.jazzzeitung.de\/cms\/wp-content\/uploads\/2011\/01\/Lichtinger_BMW_Masters-of-Jazz.jpg?w=1680&amp;ssl=1 1680w\" sizes=\"auto, (max-width: 300px) 100vw, 300px\" \/><\/a><figcaption id=\"caption-attachment-704\" class=\"wp-caption-text\">Konzert im Doppelkegel bei den Jazzwochen 2007. Foto: J\u00f6rg Lichtinger<\/figcaption><\/figure><\/h6>\n<h6 style=\"text-align: justify\">BMW Welt Jazz Award 2011. Die Termine:<\/h6>\n<p style=\"text-align: justify\">23. Januar 2011: <a href=\"http:\/\/www.myspace.com\/lotuseatersquartet\" target=\"_blank\">Wanja Slavin Lotus Eaters<\/a><br \/>\n30. Januar 2011: <a href=\"http:\/\/www.rosariogiuliani.com\/\" target=\"_blank\">Rosario Giuliani<\/a> 5et featuring Flavio Boltro<br \/>\n13. Februar 2011: <a href=\"http:\/\/www.matsup.ch\/\" target=\"_blank\">Matthias Spillmann\u00b4s mats-up<\/a><br \/>\n27. Februar 2011: <a href=\"http:\/\/www.nilswogram.com\/\" target=\"_blank\">Nils Wogram\u00b4s Root 70<\/a><br \/>\n06. M\u00e4rz 2011: <a href=\"http:\/\/www.subtone-jazz.de\/\" target=\"_blank\">SUBTONE<\/a><br \/>\n13. M\u00e4rz 2011: <a href=\"http:\/\/www.christoflauer.com\/\" target=\"_blank\">Christof Lauer Trio<\/a>\n<\/p>\n<p style=\"text-align: left\">\n<figure id=\"attachment_708\" aria-describedby=\"caption-attachment-708\" style=\"width: 300px\" class=\"wp-caption aligncenter\"><a href=\"https:\/\/i0.wp.com\/www.jazzzeitung.de\/cms\/wp-content\/uploads\/2011\/01\/P1010102.jpg\"><img data-recalc-dims=\"1\" loading=\"lazy\" decoding=\"async\" data-attachment-id=\"708\" data-permalink=\"https:\/\/www.jazzzeitung.de\/cms\/2011\/01\/eintritt-frei-in-runde-drei-bmw-welt-jazz-award\/p1010102\/\" data-orig-file=\"https:\/\/i0.wp.com\/www.jazzzeitung.de\/cms\/wp-content\/uploads\/2011\/01\/P1010102.jpg?fit=2272%2C1704&amp;ssl=1\" data-orig-size=\"2272,1704\" data-comments-opened=\"1\" data-image-meta=\"{&quot;aperture&quot;:&quot;3.1&quot;,&quot;credit&quot;:&quot;&quot;,&quot;camera&quot;:&quot;u30D,S410D,u410D&quot;,&quot;caption&quot;:&quot;&quot;,&quot;created_timestamp&quot;:&quot;&quot;,&quot;copyright&quot;:&quot;&quot;,&quot;focal_length&quot;:&quot;5.8&quot;,&quot;iso&quot;:&quot;64&quot;,&quot;shutter_speed&quot;:&quot;0.00625&quot;,&quot;title&quot;:&quot;OLYMPUS DIGITAL CAMERA&quot;}\" data-image-title=\"Doppelkegel\" data-image-description=\"\" data-image-caption=\"&lt;p&gt;Doppelkegel BMW Welt&lt;\/p&gt;\n\" data-large-file=\"https:\/\/i0.wp.com\/www.jazzzeitung.de\/cms\/wp-content\/uploads\/2011\/01\/P1010102.jpg?fit=800%2C600&amp;ssl=1\" class=\"size-medium wp-image-708 \" title=\"Doppelkegel\" src=\"https:\/\/i0.wp.com\/www.jazzzeitung.de\/cms\/wp-content\/uploads\/2011\/01\/P1010102-300x224.jpg?resize=300%2C224\" alt=\"Doppelkegel BMW Welt\" width=\"300\" height=\"224\" srcset=\"https:\/\/i0.wp.com\/www.jazzzeitung.de\/cms\/wp-content\/uploads\/2011\/01\/P1010102.jpg?resize=300%2C224&amp;ssl=1 300w, https:\/\/i0.wp.com\/www.jazzzeitung.de\/cms\/wp-content\/uploads\/2011\/01\/P1010102.jpg?resize=1024%2C768&amp;ssl=1 1024w, https:\/\/i0.wp.com\/www.jazzzeitung.de\/cms\/wp-content\/uploads\/2011\/01\/P1010102.jpg?w=1680&amp;ssl=1 1680w\" sizes=\"auto, (max-width: 300px) 100vw, 300px\" \/><\/a><figcaption id=\"caption-attachment-708\" class=\"wp-caption-text\">Doppelkegel BMW Welt. Foto: J\u00f6rg Lichtinger<\/figcaption><\/figure>\n<p style=\"text-align: left\">Weitere Infos:<\/p>\n<p style=\"text-align: left\"><a href=\"http:\/\/www.bmw-welt.com\/web\/bmw-welt\/de\/program\/events\/jazz_awards_2011\/jazz_awards_2011.html\" target=\"_blank\">BMW Welt Jazz Award<\/a><\/p>\n","protected":false},"excerpt":{"rendered":"<p>Am 23. Januar 2011 haben mit der Performance von Wanja Slavin Lotus Eaters die Konzerte des BMW Welt Jazz Award 2011 begonnen. An zwei Sonntagen im Monat finden bis zum 13. M\u00e4rz noch f\u00fcnf weitere Jazz Matineen im Doppelkegel der BMW Welt statt. Nach dem Gesangsschwerpunkt im letzten Jahr, stellen sich unter dem diesj\u00e4hrigen Motto &#8222;Two horns and more&#8220; Solostimmen mit kleinem Ensemble dem Wettbewerb um den BMW Welt Jazz Award \u2013 und um die 10.000 Euro Preisgeld. Die Jury nominiert nach dem sechsten Konzert die beiden Finalisten, die am 9. April 2011 um 20 Uhr im Auditorium der BMW Welt auftreten. Die Matineen beginnen jeweils um 11 Uhr. Der Eintritt ist frei, ein nettes Feature, das die BMW Welt bei den Matineen im Doppelkegel seit dem Start des Kulturprogramms 2007 beibehalten hat. Das Finale gibt&#8217;s leider nicht umsonst zu sehen. Der Ticketverkauf beginnt heute (23.1.11) in der BMW Welt und bei M\u00fcnchen Ticket. BMW Welt Jazz Award 2011. Die Termine: 23. Januar 2011: Wanja Slavin Lotus Eaters 30. Januar 2011: Rosario Giuliani 5et featuring Flavio Boltro 13. Februar 2011: Matthias Spillmann\u00b4s mats-up 27. Februar &hellip;<\/p>\n","protected":false},"author":4,"featured_media":0,"comment_status":"open","ping_status":"open","sticky":false,"template":"","format":"standard","meta":{"_jetpack_memberships_contains_paid_content":false,"footnotes":"","jetpack_publicize_message":"","jetpack_publicize_feature_enabled":true,"jetpack_social_post_already_shared":false,"jetpack_social_options":{"image_generator_settings":{"template":"highway","default_image_id":0,"font":"","enabled":false},"version":2}},"categories":[82],"tags":[85,86,114,149,178,254,322,323,360,379,381,401,420,475,477,528,587,19],"coauthors":[],"class_list":["post-702","post","type-post","status-publish","format-standard","hentry","category-blog","tag-bmw-welt","tag-bmw-welt-jazz-award","tag-christoph-lauer","tag-doppelkegel","tag-flavio-boltro","tag-jazz-award","tag-konzert-2","tag-konzerte","tag-lotus-eaters","tag-mats-up","tag-matthias-spillmann","tag-muenchen","tag-nils-wogram","tag-root-70","tag-rosario-giuliani","tag-subtone","tag-wanja-slavin","tag-wettbewerb"],"yoast_head":"<!-- This site is optimized with the Yoast SEO plugin v27.5 - https:\/\/yoast.com\/product\/yoast-seo-wordpress\/ -->\n<title>Eintritt frei in runde drei: BMW Welt Jazz Award 2011 - JazzZeitung<\/title>\n<meta name=\"robots\" content=\"index, follow, max-snippet:-1, max-image-preview:large, max-video-preview:-1\" \/>\n<link rel=\"canonical\" href=\"https:\/\/www.jazzzeitung.de\/cms\/2011\/01\/eintritt-frei-in-runde-drei-bmw-welt-jazz-award\/\" \/>\n<meta property=\"og:locale\" content=\"de_DE\" \/>\n<meta property=\"og:type\" content=\"article\" \/>\n<meta property=\"og:title\" content=\"Eintritt frei in runde drei: BMW Welt Jazz Award 2011 - JazzZeitung\" \/>\n<meta property=\"og:description\" content=\"Am 23. Januar 2011 haben mit der Performance von Wanja Slavin Lotus Eaters die Konzerte des BMW Welt Jazz Award 2011 begonnen. An zwei Sonntagen im Monat finden bis zum 13. M\u00e4rz noch f\u00fcnf weitere Jazz Matineen im Doppelkegel der BMW Welt statt. Nach dem Gesangsschwerpunkt im letzten Jahr, stellen sich unter dem diesj\u00e4hrigen Motto &#8222;Two horns and more&#8220; Solostimmen mit kleinem Ensemble dem Wettbewerb um den BMW Welt Jazz Award \u2013 und um die 10.000 Euro Preisgeld. Die Jury nominiert nach dem sechsten Konzert die beiden Finalisten, die am 9. April 2011 um 20 Uhr im Auditorium der BMW Welt auftreten. Die Matineen beginnen jeweils um 11 Uhr. Der Eintritt ist frei, ein nettes Feature, das die BMW Welt bei den Matineen im Doppelkegel seit dem Start des Kulturprogramms 2007 beibehalten hat. Das Finale gibt&#8217;s leider nicht umsonst zu sehen. Der Ticketverkauf beginnt heute (23.1.11) in der BMW Welt und bei M\u00fcnchen Ticket. BMW Welt Jazz Award 2011. Die Termine: 23. Januar 2011: Wanja Slavin Lotus Eaters 30. Januar 2011: Rosario Giuliani 5et featuring Flavio Boltro 13. Februar 2011: Matthias Spillmann\u00b4s mats-up 27. Februar &hellip;\" \/>\n<meta property=\"og:url\" content=\"https:\/\/www.jazzzeitung.de\/cms\/2011\/01\/eintritt-frei-in-runde-drei-bmw-welt-jazz-award\/\" \/>\n<meta property=\"og:site_name\" content=\"JazzZeitung\" \/>\n<meta property=\"article:publisher\" content=\"https:\/\/www.facebook.com\/JazzZeitung\/\" \/>\n<meta property=\"article:published_time\" content=\"2011-01-23T18:27:10+00:00\" \/>\n<meta property=\"article:modified_time\" content=\"2013-07-23T09:32:19+00:00\" \/>\n<meta property=\"og:image\" content=\"http:\/\/www.jazzzeitung.de\/cms\/wp-content\/uploads\/2011\/01\/Lichtinger_BMW_Masters-of-Jazz-300x224.jpg\" \/>\n<meta name=\"author\" content=\"J\u00f6rg Lichtinger\" \/>\n<script type=\"application\/ld+json\" class=\"yoast-schema-graph\">{\"@context\":\"https:\\\/\\\/schema.org\",\"@graph\":[{\"@type\":\"Article\",\"@id\":\"https:\\\/\\\/www.jazzzeitung.de\\\/cms\\\/2011\\\/01\\\/eintritt-frei-in-runde-drei-bmw-welt-jazz-award\\\/#article\",\"isPartOf\":{\"@id\":\"https:\\\/\\\/www.jazzzeitung.de\\\/cms\\\/2011\\\/01\\\/eintritt-frei-in-runde-drei-bmw-welt-jazz-award\\\/\"},\"author\":{\"name\":\"J\u00f6rg Lichtinger\",\"@id\":\"https:\\\/\\\/www.jazzzeitung.de\\\/cms\\\/#\\\/schema\\\/person\\\/4c5aaf486bdcd85db94b9a8b9e026bad\"},\"headline\":\"Eintritt frei in runde drei: BMW Welt Jazz Award 2011\",\"datePublished\":\"2011-01-23T18:27:10+00:00\",\"dateModified\":\"2013-07-23T09:32:19+00:00\",\"mainEntityOfPage\":{\"@id\":\"https:\\\/\\\/www.jazzzeitung.de\\\/cms\\\/2011\\\/01\\\/eintritt-frei-in-runde-drei-bmw-welt-jazz-award\\\/\"},\"wordCount\":231,\"commentCount\":6,\"publisher\":{\"@id\":\"https:\\\/\\\/www.jazzzeitung.de\\\/cms\\\/#organization\"},\"image\":{\"@id\":\"https:\\\/\\\/www.jazzzeitung.de\\\/cms\\\/2011\\\/01\\\/eintritt-frei-in-runde-drei-bmw-welt-jazz-award\\\/#primaryimage\"},\"thumbnailUrl\":\"http:\\\/\\\/www.jazzzeitung.de\\\/cms\\\/wp-content\\\/uploads\\\/2011\\\/01\\\/Lichtinger_BMW_Masters-of-Jazz-300x224.jpg\",\"keywords\":[\"bmw welt\",\"bmw welt jazz award\",\"Christoph Lauer\",\"Doppelkegel\",\"Flavio Boltro\",\"Jazz Award\",\"Konzert\",\"Konzerte\",\"Lotus Eaters\",\"mats-up\",\"Matthias Spillmann\",\"M\u00fcnchen\",\"Nils Wogram\",\"root 70\",\"Rosario Giuliani\",\"Subtone\",\"Wanja Slavin\",\"Wettbewerb\"],\"articleSection\":[\"Blog\"],\"inLanguage\":\"de\",\"potentialAction\":[{\"@type\":\"CommentAction\",\"name\":\"Comment\",\"target\":[\"https:\\\/\\\/www.jazzzeitung.de\\\/cms\\\/2011\\\/01\\\/eintritt-frei-in-runde-drei-bmw-welt-jazz-award\\\/#respond\"]}]},{\"@type\":\"WebPage\",\"@id\":\"https:\\\/\\\/www.jazzzeitung.de\\\/cms\\\/2011\\\/01\\\/eintritt-frei-in-runde-drei-bmw-welt-jazz-award\\\/\",\"url\":\"https:\\\/\\\/www.jazzzeitung.de\\\/cms\\\/2011\\\/01\\\/eintritt-frei-in-runde-drei-bmw-welt-jazz-award\\\/\",\"name\":\"Eintritt frei in runde drei: BMW Welt Jazz Award 2011 - JazzZeitung\",\"isPartOf\":{\"@id\":\"https:\\\/\\\/www.jazzzeitung.de\\\/cms\\\/#website\"},\"primaryImageOfPage\":{\"@id\":\"https:\\\/\\\/www.jazzzeitung.de\\\/cms\\\/2011\\\/01\\\/eintritt-frei-in-runde-drei-bmw-welt-jazz-award\\\/#primaryimage\"},\"image\":{\"@id\":\"https:\\\/\\\/www.jazzzeitung.de\\\/cms\\\/2011\\\/01\\\/eintritt-frei-in-runde-drei-bmw-welt-jazz-award\\\/#primaryimage\"},\"thumbnailUrl\":\"http:\\\/\\\/www.jazzzeitung.de\\\/cms\\\/wp-content\\\/uploads\\\/2011\\\/01\\\/Lichtinger_BMW_Masters-of-Jazz-300x224.jpg\",\"datePublished\":\"2011-01-23T18:27:10+00:00\",\"dateModified\":\"2013-07-23T09:32:19+00:00\",\"breadcrumb\":{\"@id\":\"https:\\\/\\\/www.jazzzeitung.de\\\/cms\\\/2011\\\/01\\\/eintritt-frei-in-runde-drei-bmw-welt-jazz-award\\\/#breadcrumb\"},\"inLanguage\":\"de\",\"potentialAction\":[{\"@type\":\"ReadAction\",\"target\":[\"https:\\\/\\\/www.jazzzeitung.de\\\/cms\\\/2011\\\/01\\\/eintritt-frei-in-runde-drei-bmw-welt-jazz-award\\\/\"]}]},{\"@type\":\"ImageObject\",\"inLanguage\":\"de\",\"@id\":\"https:\\\/\\\/www.jazzzeitung.de\\\/cms\\\/2011\\\/01\\\/eintritt-frei-in-runde-drei-bmw-welt-jazz-award\\\/#primaryimage\",\"url\":\"http:\\\/\\\/www.jazzzeitung.de\\\/cms\\\/wp-content\\\/uploads\\\/2011\\\/01\\\/Lichtinger_BMW_Masters-of-Jazz-300x224.jpg\",\"contentUrl\":\"http:\\\/\\\/www.jazzzeitung.de\\\/cms\\\/wp-content\\\/uploads\\\/2011\\\/01\\\/Lichtinger_BMW_Masters-of-Jazz-300x224.jpg\"},{\"@type\":\"BreadcrumbList\",\"@id\":\"https:\\\/\\\/www.jazzzeitung.de\\\/cms\\\/2011\\\/01\\\/eintritt-frei-in-runde-drei-bmw-welt-jazz-award\\\/#breadcrumb\",\"itemListElement\":[{\"@type\":\"ListItem\",\"position\":1,\"name\":\"Startseite\",\"item\":\"https:\\\/\\\/www.jazzzeitung.de\\\/cms\\\/\"},{\"@type\":\"ListItem\",\"position\":2,\"name\":\"Eintritt frei in runde drei: BMW Welt Jazz Award 2011\"}]},{\"@type\":\"WebSite\",\"@id\":\"https:\\\/\\\/www.jazzzeitung.de\\\/cms\\\/#website\",\"url\":\"https:\\\/\\\/www.jazzzeitung.de\\\/cms\\\/\",\"name\":\"JazzZeitung\",\"description\":\"Jazz-News und Jazz-Kontroverses\",\"publisher\":{\"@id\":\"https:\\\/\\\/www.jazzzeitung.de\\\/cms\\\/#organization\"},\"potentialAction\":[{\"@type\":\"SearchAction\",\"target\":{\"@type\":\"EntryPoint\",\"urlTemplate\":\"https:\\\/\\\/www.jazzzeitung.de\\\/cms\\\/?s={search_term_string}\"},\"query-input\":{\"@type\":\"PropertyValueSpecification\",\"valueRequired\":true,\"valueName\":\"search_term_string\"}}],\"inLanguage\":\"de\"},{\"@type\":\"Organization\",\"@id\":\"https:\\\/\\\/www.jazzzeitung.de\\\/cms\\\/#organization\",\"name\":\"JazzZeitung online\",\"url\":\"https:\\\/\\\/www.jazzzeitung.de\\\/cms\\\/\",\"logo\":{\"@type\":\"ImageObject\",\"inLanguage\":\"de\",\"@id\":\"https:\\\/\\\/www.jazzzeitung.de\\\/cms\\\/#\\\/schema\\\/logo\\\/image\\\/\",\"url\":\"https:\\\/\\\/i0.wp.com\\\/www.jazzzeitung.de\\\/cms\\\/wp-content\\\/uploads\\\/2015\\\/08\\\/JAZZZEITUNGDE_Logo_Neu.png?fit=499%2C200&ssl=1\",\"contentUrl\":\"https:\\\/\\\/i0.wp.com\\\/www.jazzzeitung.de\\\/cms\\\/wp-content\\\/uploads\\\/2015\\\/08\\\/JAZZZEITUNGDE_Logo_Neu.png?fit=499%2C200&ssl=1\",\"width\":499,\"height\":200,\"caption\":\"JazzZeitung online\"},\"image\":{\"@id\":\"https:\\\/\\\/www.jazzzeitung.de\\\/cms\\\/#\\\/schema\\\/logo\\\/image\\\/\"},\"sameAs\":[\"https:\\\/\\\/www.facebook.com\\\/JazzZeitung\\\/\"]},{\"@type\":\"Person\",\"@id\":\"https:\\\/\\\/www.jazzzeitung.de\\\/cms\\\/#\\\/schema\\\/person\\\/4c5aaf486bdcd85db94b9a8b9e026bad\",\"name\":\"J\u00f6rg Lichtinger\",\"image\":{\"@type\":\"ImageObject\",\"inLanguage\":\"de\",\"@id\":\"https:\\\/\\\/secure.gravatar.com\\\/avatar\\\/8d1d484eb77cf370a1620f9866681cdba540c9b8439ce96ea0c830dd3b59936c?s=96&d=wp_user_avatar&r=ge66dff7680db2349fb79ae0cb2d734e3\",\"url\":\"https:\\\/\\\/secure.gravatar.com\\\/avatar\\\/8d1d484eb77cf370a1620f9866681cdba540c9b8439ce96ea0c830dd3b59936c?s=96&d=wp_user_avatar&r=g\",\"contentUrl\":\"https:\\\/\\\/secure.gravatar.com\\\/avatar\\\/8d1d484eb77cf370a1620f9866681cdba540c9b8439ce96ea0c830dd3b59936c?s=96&d=wp_user_avatar&r=g\",\"caption\":\"J\u00f6rg Lichtinger\"},\"url\":\"https:\\\/\\\/www.jazzzeitung.de\\\/cms\\\/author\\\/lichtinger\\\/\"}]}<\/script>\n<!-- \/ Yoast SEO plugin. -->","yoast_head_json":{"title":"Eintritt frei in runde drei: BMW Welt Jazz Award 2011 - JazzZeitung","robots":{"index":"index","follow":"follow","max-snippet":"max-snippet:-1","max-image-preview":"max-image-preview:large","max-video-preview":"max-video-preview:-1"},"canonical":"https:\/\/www.jazzzeitung.de\/cms\/2011\/01\/eintritt-frei-in-runde-drei-bmw-welt-jazz-award\/","og_locale":"de_DE","og_type":"article","og_title":"Eintritt frei in runde drei: BMW Welt Jazz Award 2011 - JazzZeitung","og_description":"Am 23. Januar 2011 haben mit der Performance von Wanja Slavin Lotus Eaters die Konzerte des BMW Welt Jazz Award 2011 begonnen. An zwei Sonntagen im Monat finden bis zum 13. M\u00e4rz noch f\u00fcnf weitere Jazz Matineen im Doppelkegel der BMW Welt statt. Nach dem Gesangsschwerpunkt im letzten Jahr, stellen sich unter dem diesj\u00e4hrigen Motto &#8222;Two horns and more&#8220; Solostimmen mit kleinem Ensemble dem Wettbewerb um den BMW Welt Jazz Award \u2013 und um die 10.000 Euro Preisgeld. Die Jury nominiert nach dem sechsten Konzert die beiden Finalisten, die am 9. April 2011 um 20 Uhr im Auditorium der BMW Welt auftreten. Die Matineen beginnen jeweils um 11 Uhr. Der Eintritt ist frei, ein nettes Feature, das die BMW Welt bei den Matineen im Doppelkegel seit dem Start des Kulturprogramms 2007 beibehalten hat. Das Finale gibt&#8217;s leider nicht umsonst zu sehen. Der Ticketverkauf beginnt heute (23.1.11) in der BMW Welt und bei M\u00fcnchen Ticket. BMW Welt Jazz Award 2011. Die Termine: 23. Januar 2011: Wanja Slavin Lotus Eaters 30. Januar 2011: Rosario Giuliani 5et featuring Flavio Boltro 13. Februar 2011: Matthias Spillmann\u00b4s mats-up 27. Februar &hellip;","og_url":"https:\/\/www.jazzzeitung.de\/cms\/2011\/01\/eintritt-frei-in-runde-drei-bmw-welt-jazz-award\/","og_site_name":"JazzZeitung","article_publisher":"https:\/\/www.facebook.com\/JazzZeitung\/","article_published_time":"2011-01-23T18:27:10+00:00","article_modified_time":"2013-07-23T09:32:19+00:00","og_image":[{"url":"http:\/\/www.jazzzeitung.de\/cms\/wp-content\/uploads\/2011\/01\/Lichtinger_BMW_Masters-of-Jazz-300x224.jpg","type":"","width":"","height":""}],"author":"J\u00f6rg Lichtinger","schema":{"@context":"https:\/\/schema.org","@graph":[{"@type":"Article","@id":"https:\/\/www.jazzzeitung.de\/cms\/2011\/01\/eintritt-frei-in-runde-drei-bmw-welt-jazz-award\/#article","isPartOf":{"@id":"https:\/\/www.jazzzeitung.de\/cms\/2011\/01\/eintritt-frei-in-runde-drei-bmw-welt-jazz-award\/"},"author":{"name":"J\u00f6rg Lichtinger","@id":"https:\/\/www.jazzzeitung.de\/cms\/#\/schema\/person\/4c5aaf486bdcd85db94b9a8b9e026bad"},"headline":"Eintritt frei in runde drei: BMW Welt Jazz Award 2011","datePublished":"2011-01-23T18:27:10+00:00","dateModified":"2013-07-23T09:32:19+00:00","mainEntityOfPage":{"@id":"https:\/\/www.jazzzeitung.de\/cms\/2011\/01\/eintritt-frei-in-runde-drei-bmw-welt-jazz-award\/"},"wordCount":231,"commentCount":6,"publisher":{"@id":"https:\/\/www.jazzzeitung.de\/cms\/#organization"},"image":{"@id":"https:\/\/www.jazzzeitung.de\/cms\/2011\/01\/eintritt-frei-in-runde-drei-bmw-welt-jazz-award\/#primaryimage"},"thumbnailUrl":"http:\/\/www.jazzzeitung.de\/cms\/wp-content\/uploads\/2011\/01\/Lichtinger_BMW_Masters-of-Jazz-300x224.jpg","keywords":["bmw welt","bmw welt jazz award","Christoph Lauer","Doppelkegel","Flavio Boltro","Jazz Award","Konzert","Konzerte","Lotus Eaters","mats-up","Matthias Spillmann","M\u00fcnchen","Nils Wogram","root 70","Rosario Giuliani","Subtone","Wanja Slavin","Wettbewerb"],"articleSection":["Blog"],"inLanguage":"de","potentialAction":[{"@type":"CommentAction","name":"Comment","target":["https:\/\/www.jazzzeitung.de\/cms\/2011\/01\/eintritt-frei-in-runde-drei-bmw-welt-jazz-award\/#respond"]}]},{"@type":"WebPage","@id":"https:\/\/www.jazzzeitung.de\/cms\/2011\/01\/eintritt-frei-in-runde-drei-bmw-welt-jazz-award\/","url":"https:\/\/www.jazzzeitung.de\/cms\/2011\/01\/eintritt-frei-in-runde-drei-bmw-welt-jazz-award\/","name":"Eintritt frei in runde drei: BMW Welt Jazz Award 2011 - JazzZeitung","isPartOf":{"@id":"https:\/\/www.jazzzeitung.de\/cms\/#website"},"primaryImageOfPage":{"@id":"https:\/\/www.jazzzeitung.de\/cms\/2011\/01\/eintritt-frei-in-runde-drei-bmw-welt-jazz-award\/#primaryimage"},"image":{"@id":"https:\/\/www.jazzzeitung.de\/cms\/2011\/01\/eintritt-frei-in-runde-drei-bmw-welt-jazz-award\/#primaryimage"},"thumbnailUrl":"http:\/\/www.jazzzeitung.de\/cms\/wp-content\/uploads\/2011\/01\/Lichtinger_BMW_Masters-of-Jazz-300x224.jpg","datePublished":"2011-01-23T18:27:10+00:00","dateModified":"2013-07-23T09:32:19+00:00","breadcrumb":{"@id":"https:\/\/www.jazzzeitung.de\/cms\/2011\/01\/eintritt-frei-in-runde-drei-bmw-welt-jazz-award\/#breadcrumb"},"inLanguage":"de","potentialAction":[{"@type":"ReadAction","target":["https:\/\/www.jazzzeitung.de\/cms\/2011\/01\/eintritt-frei-in-runde-drei-bmw-welt-jazz-award\/"]}]},{"@type":"ImageObject","inLanguage":"de","@id":"https:\/\/www.jazzzeitung.de\/cms\/2011\/01\/eintritt-frei-in-runde-drei-bmw-welt-jazz-award\/#primaryimage","url":"http:\/\/www.jazzzeitung.de\/cms\/wp-content\/uploads\/2011\/01\/Lichtinger_BMW_Masters-of-Jazz-300x224.jpg","contentUrl":"http:\/\/www.jazzzeitung.de\/cms\/wp-content\/uploads\/2011\/01\/Lichtinger_BMW_Masters-of-Jazz-300x224.jpg"},{"@type":"BreadcrumbList","@id":"https:\/\/www.jazzzeitung.de\/cms\/2011\/01\/eintritt-frei-in-runde-drei-bmw-welt-jazz-award\/#breadcrumb","itemListElement":[{"@type":"ListItem","position":1,"name":"Startseite","item":"https:\/\/www.jazzzeitung.de\/cms\/"},{"@type":"ListItem","position":2,"name":"Eintritt frei in runde drei: BMW Welt Jazz Award 2011"}]},{"@type":"WebSite","@id":"https:\/\/www.jazzzeitung.de\/cms\/#website","url":"https:\/\/www.jazzzeitung.de\/cms\/","name":"JazzZeitung","description":"Jazz-News und Jazz-Kontroverses","publisher":{"@id":"https:\/\/www.jazzzeitung.de\/cms\/#organization"},"potentialAction":[{"@type":"SearchAction","target":{"@type":"EntryPoint","urlTemplate":"https:\/\/www.jazzzeitung.de\/cms\/?s={search_term_string}"},"query-input":{"@type":"PropertyValueSpecification","valueRequired":true,"valueName":"search_term_string"}}],"inLanguage":"de"},{"@type":"Organization","@id":"https:\/\/www.jazzzeitung.de\/cms\/#organization","name":"JazzZeitung online","url":"https:\/\/www.jazzzeitung.de\/cms\/","logo":{"@type":"ImageObject","inLanguage":"de","@id":"https:\/\/www.jazzzeitung.de\/cms\/#\/schema\/logo\/image\/","url":"https:\/\/i0.wp.com\/www.jazzzeitung.de\/cms\/wp-content\/uploads\/2015\/08\/JAZZZEITUNGDE_Logo_Neu.png?fit=499%2C200&ssl=1","contentUrl":"https:\/\/i0.wp.com\/www.jazzzeitung.de\/cms\/wp-content\/uploads\/2015\/08\/JAZZZEITUNGDE_Logo_Neu.png?fit=499%2C200&ssl=1","width":499,"height":200,"caption":"JazzZeitung online"},"image":{"@id":"https:\/\/www.jazzzeitung.de\/cms\/#\/schema\/logo\/image\/"},"sameAs":["https:\/\/www.facebook.com\/JazzZeitung\/"]},{"@type":"Person","@id":"https:\/\/www.jazzzeitung.de\/cms\/#\/schema\/person\/4c5aaf486bdcd85db94b9a8b9e026bad","name":"J\u00f6rg Lichtinger","image":{"@type":"ImageObject","inLanguage":"de","@id":"https:\/\/secure.gravatar.com\/avatar\/8d1d484eb77cf370a1620f9866681cdba540c9b8439ce96ea0c830dd3b59936c?s=96&d=wp_user_avatar&r=ge66dff7680db2349fb79ae0cb2d734e3","url":"https:\/\/secure.gravatar.com\/avatar\/8d1d484eb77cf370a1620f9866681cdba540c9b8439ce96ea0c830dd3b59936c?s=96&d=wp_user_avatar&r=g","contentUrl":"https:\/\/secure.gravatar.com\/avatar\/8d1d484eb77cf370a1620f9866681cdba540c9b8439ce96ea0c830dd3b59936c?s=96&d=wp_user_avatar&r=g","caption":"J\u00f6rg Lichtinger"},"url":"https:\/\/www.jazzzeitung.de\/cms\/author\/lichtinger\/"}]}},"wp-worthy-pixel":{"ignored":false,"public":null,"server":null,"url":null},"wp-worthy-type":"normal","jetpack_publicize_connections":[],"cc_featured_image_caption":{"caption_text":false,"source_text":false,"source_url":false},"jetpack_featured_media_url":"","jetpack_shortlink":"https:\/\/wp.me\/p3KEcT-bk","jetpack-related-posts":[{"id":898,"url":"https:\/\/www.jazzzeitung.de\/cms\/2011\/03\/die-finalisten-des-bmw-welt-jazz-award-2011\/","url_meta":{"origin":702,"position":0},"title":"Die Finalisten des BMW Welt Jazz Award 2011","author":"J\u00f6rg Lichtinger","date":"18. M\u00e4rz 2011","format":false,"excerpt":"Die Jury hat entschieden. Die Wahl f\u00fcr die Finalisten des BMW Welt Jazz Award 2011 ist auf Wanja Slavin Lotus Eaters und Nils Wogram's Root 70 gefallen. Sechs Bands haben zwischen Januar und M\u00e4rz 2011 mit jeweils einem Konzert im Doppelkegel der BMW Welt um den Finaleinzug gespielt. Dabei haben\u2026","rel":"","context":"In &quot;Blog&quot;","block_context":{"text":"Blog","link":"https:\/\/www.jazzzeitung.de\/cms\/thema\/blog\/"},"img":{"alt_text":"Finalist Wanja Slavin. Foto: BMW Welt","src":"https:\/\/i0.wp.com\/www.jazzzeitung.de\/cms\/wp-content\/uploads\/2011\/03\/Wanja_Slavin-300x300.jpg?resize=350%2C200","width":350,"height":200},"classes":[]},{"id":967,"url":"https:\/\/www.jazzzeitung.de\/cms\/2011\/04\/bmw-welt-jazz-award-root-70-triumphiert-ueber-die-lotus-eaters\/","url_meta":{"origin":702,"position":1},"title":"BMW Welt Jazz Award: Root 70 triumphiert \u00fcber die Lotus Eaters","author":"J\u00f6rg Lichtinger","date":"14. April 2011","format":false,"excerpt":"Der Gewinner des BMW Welt Jazz Award 2011 hei\u00dft Nils Wogram mit seiner Band Root 70. Beim Finale im Auditorium der M\u00fcnchner BMW Welt stach die Band des Posaunisten die Mitfinalisten Wanja Slavins Lotus Eaters aus. Beide waren nach einer Reihe von Live-Konzerten (Motto: \"Two Horns & more\") \u00fcbrig geblieben\u2026","rel":"","context":"In &quot;Blog&quot;","block_context":{"text":"Blog","link":"https:\/\/www.jazzzeitung.de\/cms\/thema\/blog\/"},"img":{"alt_text":"Sind um 10.000 \u20ac reicher: Nils Wogram's Root 70. Foto: BMW","src":"https:\/\/i0.wp.com\/www.jazzzeitung.de\/cms\/wp-content\/uploads\/2011\/04\/Gewinner_zuschnitt-300x199.jpg?resize=350%2C200","width":350,"height":200},"classes":[]},{"id":25219,"url":"https:\/\/www.jazzzeitung.de\/cms\/2021\/08\/peter-gall-quintet-gewinnt-bmw-welt-jazz-award-2020\/","url_meta":{"origin":702,"position":2},"title":"Sp\u00e4tes Finale: Das Peter Gall Quintet gewinnt den BMW Welt Jazz Award 2020","author":"Redaktion JazzZeitung","date":"4. August 2021","format":false,"excerpt":"M\u00fcnchen. Beim Finale des BMW Welt Jazz Award 2020 konnte das Peter Gall Quintet die Jury von sich \u00fcberzeugen. Zusammen mit Wanja Slavin am Saxophon, Reinier Baas an der Gitarre, Rainer B\u00f6hm am Piano sowie dem Bassisten Felix Henkelhausen setzte sich der Schlagzeuger Peter Gall gegen das Adam Baldych Quartet\u2026","rel":"","context":"In &quot;Bericht&quot;","block_context":{"text":"Bericht","link":"https:\/\/www.jazzzeitung.de\/cms\/thema\/bericht\/"},"img":{"alt_text":"","src":"https:\/\/i0.wp.com\/www.jazzzeitung.de\/cms\/wp-content\/uploads\/2021\/08\/P1166181-Peter-Gall-Quintett-Foto-TJ-Krebs-1.jpg?fit=907%2C605&ssl=1&resize=350%2C200","width":350,"height":200,"srcset":"https:\/\/i0.wp.com\/www.jazzzeitung.de\/cms\/wp-content\/uploads\/2021\/08\/P1166181-Peter-Gall-Quintett-Foto-TJ-Krebs-1.jpg?fit=907%2C605&ssl=1&resize=350%2C200 1x, https:\/\/i0.wp.com\/www.jazzzeitung.de\/cms\/wp-content\/uploads\/2021\/08\/P1166181-Peter-Gall-Quintett-Foto-TJ-Krebs-1.jpg?fit=907%2C605&ssl=1&resize=525%2C300 1.5x, https:\/\/i0.wp.com\/www.jazzzeitung.de\/cms\/wp-content\/uploads\/2021\/08\/P1166181-Peter-Gall-Quintett-Foto-TJ-Krebs-1.jpg?fit=907%2C605&ssl=1&resize=700%2C400 2x"},"classes":[]},{"id":11720,"url":"https:\/\/www.jazzzeitung.de\/cms\/2017\/02\/bmw-welt-jazz-award-3-konzert-mit-henning-sieverts-symmethree\/","url_meta":{"origin":702,"position":3},"title":"Konzert Nummer 3 des BMW Welt Jazz Award: Henning Sieverts mit Symmethree","author":"Redaktion JazzZeitung","date":"20. Februar 2017","format":false,"excerpt":"Der M\u00fcnchner Spitzenbassist und gefragte Sideman Henning Sievert kam mit seinem Trioprojekt \u201eSymmethree\u201c in die Kulisse des Doppelkegels der BMW Welt M\u00fcnchen. Mit dabei der Posaunist \u2013 und BMW Welt Jazz Award Gewinner 2011 \u2013 Nils Wogram sowie der Gitarrist Ronny Graupe.\u00a0 Thomas J. Krebs hielt das Event mit seiner\u2026","rel":"","context":"In &quot;Galerie&quot;","block_context":{"text":"Galerie","link":"https:\/\/www.jazzzeitung.de\/cms\/thema\/galerie\/"},"img":{"alt_text":"","src":"https:\/\/i0.wp.com\/www.jazzzeitung.de\/cms\/wp-content\/uploads\/2017\/02\/P1190896-Sieverts-Foto-TJ-Krebs.jpg?resize=350%2C200","width":350,"height":200,"srcset":"https:\/\/i0.wp.com\/www.jazzzeitung.de\/cms\/wp-content\/uploads\/2017\/02\/P1190896-Sieverts-Foto-TJ-Krebs.jpg?resize=350%2C200 1x, https:\/\/i0.wp.com\/www.jazzzeitung.de\/cms\/wp-content\/uploads\/2017\/02\/P1190896-Sieverts-Foto-TJ-Krebs.jpg?resize=525%2C300 1.5x"},"classes":[]},{"id":18374,"url":"https:\/\/www.jazzzeitung.de\/cms\/2019\/01\/news-auftakt-des-bmw-welt-jazz-award-2019-in-muenchen\/","url_meta":{"origin":702,"position":4},"title":"Auftakt des BMW Welt Jazz Award 2019 mit Jazzrausch-Techno","author":"Redaktion JazzZeitung","date":"18. Januar 2019","format":false,"excerpt":"M\u00fcnchen im Jazzrausch Mit einer ausgelassenen Tanzparty angefeuert von der Jazzrausch Bigband wurde am Donnerstag der Auftakt des BMW Welt Jazz Award 2019 gefeiert. Durch den Abend f\u00fchrten BR-Moderatorin Beate Sampson und Roman Sladek, Gewinner des BMW Welt Young Artist Jazz Award 2017. Jazzrausch begeisterte mit dem Programm \u201eDancing Wittgenstein\u201c,\u2026","rel":"","context":"In &quot;News&quot;","block_context":{"text":"News","link":"https:\/\/www.jazzzeitung.de\/cms\/thema\/nachrichten\/"},"img":{"alt_text":"","src":"https:\/\/i0.wp.com\/www.jazzzeitung.de\/cms\/wp-content\/uploads\/2019\/01\/JRBB-%40-BMW-Foto-TJ-Krebs-jazzphotoagency%40web.de_.jpg?fit=1200%2C800&ssl=1&resize=350%2C200","width":350,"height":200,"srcset":"https:\/\/i0.wp.com\/www.jazzzeitung.de\/cms\/wp-content\/uploads\/2019\/01\/JRBB-%40-BMW-Foto-TJ-Krebs-jazzphotoagency%40web.de_.jpg?fit=1200%2C800&ssl=1&resize=350%2C200 1x, https:\/\/i0.wp.com\/www.jazzzeitung.de\/cms\/wp-content\/uploads\/2019\/01\/JRBB-%40-BMW-Foto-TJ-Krebs-jazzphotoagency%40web.de_.jpg?fit=1200%2C800&ssl=1&resize=525%2C300 1.5x, https:\/\/i0.wp.com\/www.jazzzeitung.de\/cms\/wp-content\/uploads\/2019\/01\/JRBB-%40-BMW-Foto-TJ-Krebs-jazzphotoagency%40web.de_.jpg?fit=1200%2C800&ssl=1&resize=700%2C400 2x, https:\/\/i0.wp.com\/www.jazzzeitung.de\/cms\/wp-content\/uploads\/2019\/01\/JRBB-%40-BMW-Foto-TJ-Krebs-jazzphotoagency%40web.de_.jpg?fit=1200%2C800&ssl=1&resize=1050%2C600 3x"},"classes":[]},{"id":12292,"url":"https:\/\/www.jazzzeitung.de\/cms\/2017\/05\/mit-revoir-paris-gewinnt-renaud-garcia-fons-den-bmw-welt-jazz-award\/","url_meta":{"origin":702,"position":5},"title":"Mit &#8222;Revoir Paris&#8220; gewinnt Renaud Garcia-Fons den BMW Welt Jazz Award 2017","author":"Redaktion JazzZeitung","date":"8. Mai 2017","format":false,"excerpt":"Am Vorabend der franz\u00f6sischen Pr\u00e4sidentschaftswahl ging die Konzertserie BMW Welt Jazz Award 2017 unter dem Titel \"Bass erstaunt\" mit einem fulminanten Konzert zu Ende. Den mit 10.000 Euro dotierten BMW Welt Jazz Award erhielt der franz\u00f6sische Bassist Renaud Garcia-Fons f\u00fcr eine Hommage \"Revoir Paris\" an seine Heimatstadt. Den mit 5.000\u2026","rel":"","context":"In &quot;Galerie&quot;","block_context":{"text":"Galerie","link":"https:\/\/www.jazzzeitung.de\/cms\/thema\/galerie\/"},"img":{"alt_text":"","src":"https:\/\/i0.wp.com\/www.jazzzeitung.de\/cms\/wp-content\/uploads\/2017\/05\/P1360340-Renaud-Garcia-Fons-Foto-TJ-Krebs-jazzphotoagency%40web.de_.jpg?fit=800%2C1200&ssl=1&resize=350%2C200","width":350,"height":200,"srcset":"https:\/\/i0.wp.com\/www.jazzzeitung.de\/cms\/wp-content\/uploads\/2017\/05\/P1360340-Renaud-Garcia-Fons-Foto-TJ-Krebs-jazzphotoagency%40web.de_.jpg?fit=800%2C1200&ssl=1&resize=350%2C200 1x, https:\/\/i0.wp.com\/www.jazzzeitung.de\/cms\/wp-content\/uploads\/2017\/05\/P1360340-Renaud-Garcia-Fons-Foto-TJ-Krebs-jazzphotoagency%40web.de_.jpg?fit=800%2C1200&ssl=1&resize=525%2C300 1.5x, https:\/\/i0.wp.com\/www.jazzzeitung.de\/cms\/wp-content\/uploads\/2017\/05\/P1360340-Renaud-Garcia-Fons-Foto-TJ-Krebs-jazzphotoagency%40web.de_.jpg?fit=800%2C1200&ssl=1&resize=700%2C400 2x"},"classes":[]}],"jetpack_sharing_enabled":true,"_links":{"self":[{"href":"https:\/\/www.jazzzeitung.de\/cms\/wp-json\/wp\/v2\/posts\/702","targetHints":{"allow":["GET"]}}],"collection":[{"href":"https:\/\/www.jazzzeitung.de\/cms\/wp-json\/wp\/v2\/posts"}],"about":[{"href":"https:\/\/www.jazzzeitung.de\/cms\/wp-json\/wp\/v2\/types\/post"}],"author":[{"embeddable":true,"href":"https:\/\/www.jazzzeitung.de\/cms\/wp-json\/wp\/v2\/users\/4"}],"replies":[{"embeddable":true,"href":"https:\/\/www.jazzzeitung.de\/cms\/wp-json\/wp\/v2\/comments?post=702"}],"version-history":[{"count":1,"href":"https:\/\/www.jazzzeitung.de\/cms\/wp-json\/wp\/v2\/posts\/702\/revisions"}],"predecessor-version":[{"id":1942,"href":"https:\/\/www.jazzzeitung.de\/cms\/wp-json\/wp\/v2\/posts\/702\/revisions\/1942"}],"wp:attachment":[{"href":"https:\/\/www.jazzzeitung.de\/cms\/wp-json\/wp\/v2\/media?parent=702"}],"wp:term":[{"taxonomy":"category","embeddable":true,"href":"https:\/\/www.jazzzeitung.de\/cms\/wp-json\/wp\/v2\/categories?post=702"},{"taxonomy":"post_tag","embeddable":true,"href":"https:\/\/www.jazzzeitung.de\/cms\/wp-json\/wp\/v2\/tags?post=702"},{"taxonomy":"author","embeddable":true,"href":"https:\/\/www.jazzzeitung.de\/cms\/wp-json\/wp\/v2\/coauthors?post=702"}],"curies":[{"name":"wp","href":"https:\/\/api.w.org\/{rel}","templated":true}]}}