{"id":6982,"date":"2015-09-09T11:28:37","date_gmt":"2015-09-09T09:28:37","guid":{"rendered":"http:\/\/www.jazzzeitung.de\/cms\/?p=6982"},"modified":"2015-09-09T11:26:54","modified_gmt":"2015-09-09T09:26:54","slug":"albert-mangelsdorff-preis-2015-geht-achim-kaufmann","status":"publish","type":"post","link":"https:\/\/www.jazzzeitung.de\/cms\/2015\/09\/albert-mangelsdorff-preis-2015-geht-achim-kaufmann\/","title":{"rendered":"Albert-Mangelsdorff-Preis 2015 geht an Achim Kaufmann"},"content":{"rendered":"<figure id=\"attachment_6984\" aria-describedby=\"caption-attachment-6984\" style=\"width: 695px\" class=\"wp-caption alignnone\"><a href=\"https:\/\/i0.wp.com\/www.jazzzeitung.de\/cms\/wp-content\/uploads\/2015\/09\/AMP-SkulpturcUlla_C._Binder.jpg\"><img data-recalc-dims=\"1\" loading=\"lazy\" decoding=\"async\" data-attachment-id=\"6984\" data-permalink=\"https:\/\/www.jazzzeitung.de\/cms\/2015\/09\/albert-mangelsdorff-preis-2015-geht-achim-kaufmann\/albert-mangelsdorff-preis-2013\/\" data-orig-file=\"https:\/\/i0.wp.com\/www.jazzzeitung.de\/cms\/wp-content\/uploads\/2015\/09\/AMP-SkulpturcUlla_C._Binder.jpg?fit=4896%2C3264&amp;ssl=1\" data-orig-size=\"4896,3264\" data-comments-opened=\"1\" data-image-meta=\"{&quot;aperture&quot;:&quot;1.4&quot;,&quot;credit&quot;:&quot;\\u00a9 2013 Ulla C. Binder&quot;,&quot;camera&quot;:&quot;X-Pro1&quot;,&quot;caption&quot;:&quot;&quot;,&quot;created_timestamp&quot;:&quot;1383448837&quot;,&quot;copyright&quot;:&quot;\\u00a9 Ulla C. Binder&quot;,&quot;focal_length&quot;:&quot;35&quot;,&quot;iso&quot;:&quot;400&quot;,&quot;shutter_speed&quot;:&quot;0.008&quot;,&quot;title&quot;:&quot;Albert-Mangelsdorff-Preis 2013&quot;,&quot;orientation&quot;:&quot;1&quot;}\" data-image-title=\"Albert-Mangelsdorff-Preis: Skulptur. Foto: Ulla C. Binder 2013\" data-image-description=\"\" data-image-caption=\"&lt;p&gt;Albert-Mangelsdorff-Preis: Skulptur. Foto: Ulla C. Binder &lt;\/p&gt;\n\" data-large-file=\"https:\/\/i0.wp.com\/www.jazzzeitung.de\/cms\/wp-content\/uploads\/2015\/09\/AMP-SkulpturcUlla_C._Binder.jpg?fit=840%2C560&amp;ssl=1\" class=\"size-large wp-image-6984\" src=\"https:\/\/i0.wp.com\/www.jazzzeitung.de\/cms\/wp-content\/uploads\/2015\/09\/AMP-SkulpturcUlla_C._Binder-900x600.jpg?resize=695%2C463\" alt=\"Albert-Mangelsdorff-Preis: Skulptur. Foto: Ulla C. Binder \" width=\"695\" height=\"463\" srcset=\"https:\/\/i0.wp.com\/www.jazzzeitung.de\/cms\/wp-content\/uploads\/2015\/09\/AMP-SkulpturcUlla_C._Binder.jpg?resize=900%2C600&amp;ssl=1 900w, https:\/\/i0.wp.com\/www.jazzzeitung.de\/cms\/wp-content\/uploads\/2015\/09\/AMP-SkulpturcUlla_C._Binder.jpg?resize=300%2C200&amp;ssl=1 300w, https:\/\/i0.wp.com\/www.jazzzeitung.de\/cms\/wp-content\/uploads\/2015\/09\/AMP-SkulpturcUlla_C._Binder.jpg?w=1680&amp;ssl=1 1680w, https:\/\/i0.wp.com\/www.jazzzeitung.de\/cms\/wp-content\/uploads\/2015\/09\/AMP-SkulpturcUlla_C._Binder.jpg?w=2520&amp;ssl=1 2520w\" sizes=\"auto, (max-width: 695px) 100vw, 695px\" \/><\/a><figcaption id=\"caption-attachment-6984\" class=\"wp-caption-text\">Skulptur des Albert-Mangelsdorff-Preises. Foto: Ulla C. Binder<\/figcaption><\/figure>\n<p style=\"text-align: justify;\">Der Pianist Achim Kaufmann wird mit dem von der Union Deutscher Jazzmusiker vergebenen Albert-Mangelsdorff-Preis (Deutscher Jazzpreis) geehrt. Der von GEMA-Stiftung, GVL und F\u00f6rderungs- und Hilfsfonds des Deutschen Komponistenverbandes mit 15.000 Euro dotierte Preis wird alle zwei Jahre an eine herausragende Pers\u00f6nlichkeit der deutschen Jazzszene verliehen. Er ist einer der bedeutendsten Jazzpreise im deutschen Sprachraum.<\/p>\n<p style=\"text-align: justify;\">\n<p style=\"text-align: justify;\">\n<p style=\"text-align: justify;\">Aus der Begr\u00fcndung der Jury:<\/p>\n<p style=\"text-align: justify;\">&#8222;Achim Kaufmann geh\u00f6rt seit vielen Jahren zu den an- und aufregendsten Pers\u00f6nlichkeiten der europ\u00e4ischen Jazz- und Improvisationsszene. Seine Musik zeugt von harmonischer Feinsinnigkeit und strukturellem Tiefgang; als brillanter Pianist und Komponist hat er \u00fcber die reflektierte Auseinandersetzung mit der Tradition zu einer nuancierten, jetzt-zeitigen Klangsprache gefunden, in der Poesie, Energie und Abstraktion gleicherma\u00dfen pr\u00e4sent sind. Wie breit dabei auch sein stilistisches Spektrum ist, zeigen nicht nur Achim Kaufmanns j\u00fcngste Solo-Aufnahmen und die Duo-Ver\u00f6ffentlichungen mit dem Klarinettisten Michael Moore, sondern auch sein Mitwirken in so unterschiedlichen Ensembles wie &#8218;gr\u00fcnen&#8216; (mit Robert Landfermann und Christian Lillinger), &#8218;Skein&#8216; (u.a. mit Frank Gratkowski und Wilbert de Joode) oder Christian Lillingers &#8218;GRUND&#8216;.<\/p>\n<p style=\"text-align: justify;\">Der 1962 in Aachen geborene und in Berlin lebende Pianist und Komponist Achim Kaufmann verbindet in seiner Musik Einfl\u00fcsse des Jazz, der zeitgen\u00f6ssischen komponierten Musik und Musiktraditionen anderer Kulturen. Besonders in den letzten Jahren bildet Instant Composing \u2013 Improvisation ohne vorherige Absprachen \u2013 die Arbeitsweise mehrerer seiner Ensembles, zu denen einige der weltweit anerkanntesten Improvisatoren geh\u00f6ren. In anderen Gruppen wird das Spannungsfeld zwischen notierter, teilweise rhythmisch komplexer Musik und fortspinnender oder kontrastierender Improvisation ausgelotet. Einen wichtigen Bereich bildet die Besch\u00e4ftigung mit dem Klang: Am Klavier befasst sich Achim Kaufmann seit \u00fcber f\u00fcnfzehn Jahren mit instrumentalen Erweiterungen und Pr\u00e4parationstechniken, die den Klang seines Instrumentes transformieren und zu neuen Ensembletexturen beitragen. In seiner Soloarbeit nimmt die Besch\u00e4ftigung mit polyrhythmischen Strukturen und rhythmischer Unabh\u00e4ngigkeit eine zentrale Stellung ein.&#8220;<\/p>\n<p>Die Verleihung des Albert-Mangelsdorff-Preises 2015 findet im Rahmen von und in Zusammenarbeit mit dem Jazzfest Berlin am 6. November um 17:30 Uhr im Haus der Berliner Festspiele statt (Eintritt frei; Anmeldung unter: <a href=\"http:\/\/anmeldung.albert-mangelsdorff-preis.de\">anmeldung.albert-mangelsdorff-preis.de<\/a>). Im Preistr\u00e4gerkonzert zu h\u00f6ren ist &#8222;gr\u00fcnen&#8220; mit Achim Kaufmann, Robert Landfermann (Bass) und Christian Lillinger (Drums).<\/p>\n<figure id=\"attachment_6983\" aria-describedby=\"caption-attachment-6983\" style=\"width: 695px\" class=\"wp-caption aligncenter\"><a href=\"https:\/\/i0.wp.com\/www.jazzzeitung.de\/cms\/wp-content\/uploads\/2015\/09\/Achim_KaufmanncPeter_Gannushkin.jpg\"><img data-recalc-dims=\"1\" loading=\"lazy\" decoding=\"async\" data-attachment-id=\"6983\" data-permalink=\"https:\/\/www.jazzzeitung.de\/cms\/2015\/09\/albert-mangelsdorff-preis-2015-geht-achim-kaufmann\/achim_kaufmanncpeter_gannushkin\/\" data-orig-file=\"https:\/\/i0.wp.com\/www.jazzzeitung.de\/cms\/wp-content\/uploads\/2015\/09\/Achim_KaufmanncPeter_Gannushkin.jpg?fit=4608%2C3456&amp;ssl=1\" data-orig-size=\"4608,3456\" data-comments-opened=\"1\" data-image-meta=\"{&quot;aperture&quot;:&quot;0&quot;,&quot;credit&quot;:&quot;&quot;,&quot;camera&quot;:&quot;&quot;,&quot;caption&quot;:&quot;&quot;,&quot;created_timestamp&quot;:&quot;0&quot;,&quot;copyright&quot;:&quot;Peter Gannushkin&quot;,&quot;focal_length&quot;:&quot;0&quot;,&quot;iso&quot;:&quot;0&quot;,&quot;shutter_speed&quot;:&quot;0&quot;,&quot;title&quot;:&quot;&quot;,&quot;orientation&quot;:&quot;0&quot;}\" data-image-title=\"Der Gewinner Achim Kaufmann. Foto: Peter Gannushkinn\" data-image-description=\"\" data-image-caption=\"&lt;p&gt;Achim Kaufmann. Foto: Peter Gannushkin&lt;\/p&gt;\n\" data-large-file=\"https:\/\/i0.wp.com\/www.jazzzeitung.de\/cms\/wp-content\/uploads\/2015\/09\/Achim_KaufmanncPeter_Gannushkin.jpg?fit=800%2C600&amp;ssl=1\" class=\"size-large wp-image-6983\" src=\"https:\/\/i0.wp.com\/www.jazzzeitung.de\/cms\/wp-content\/uploads\/2015\/09\/Achim_KaufmanncPeter_Gannushkin-800x600.jpg?resize=695%2C521\" alt=\"Achim Kaufmann. Foto: Peter Gannushkin\" width=\"695\" height=\"521\" srcset=\"https:\/\/i0.wp.com\/www.jazzzeitung.de\/cms\/wp-content\/uploads\/2015\/09\/Achim_KaufmanncPeter_Gannushkin.jpg?resize=800%2C600&amp;ssl=1 800w, https:\/\/i0.wp.com\/www.jazzzeitung.de\/cms\/wp-content\/uploads\/2015\/09\/Achim_KaufmanncPeter_Gannushkin.jpg?resize=300%2C225&amp;ssl=1 300w, https:\/\/i0.wp.com\/www.jazzzeitung.de\/cms\/wp-content\/uploads\/2015\/09\/Achim_KaufmanncPeter_Gannushkin.jpg?resize=900%2C675&amp;ssl=1 900w, https:\/\/i0.wp.com\/www.jazzzeitung.de\/cms\/wp-content\/uploads\/2015\/09\/Achim_KaufmanncPeter_Gannushkin.jpg?w=1680&amp;ssl=1 1680w, https:\/\/i0.wp.com\/www.jazzzeitung.de\/cms\/wp-content\/uploads\/2015\/09\/Achim_KaufmanncPeter_Gannushkin.jpg?w=2520&amp;ssl=1 2520w\" sizes=\"auto, (max-width: 695px) 100vw, 695px\" \/><\/a><figcaption id=\"caption-attachment-6983\" class=\"wp-caption-text\">Achim Kaufmann. Foto: Peter Gannushkin<\/figcaption><\/figure>\n<p>&nbsp;<\/p>\n<p>&nbsp;<\/p>\n","protected":false},"excerpt":{"rendered":"<p>Der Pianist Achim Kaufmann wird mit dem von der Union Deutscher Jazzmusiker vergebenen Albert-Mangelsdorff-Preis (Deutscher Jazzpreis) geehrt. Der von GEMA-Stiftung, GVL und F\u00f6rderungs- und Hilfsfonds des Deutschen Komponistenverbandes mit 15.000 Euro dotierte Preis wird alle zwei Jahre an eine herausragende Pers\u00f6nlichkeit der deutschen Jazzszene verliehen. Er ist einer der bedeutendsten Jazzpreise im deutschen Sprachraum. Aus der Begr\u00fcndung der Jury: &#8222;Achim Kaufmann geh\u00f6rt seit vielen Jahren zu den an- und aufregendsten Pers\u00f6nlichkeiten der europ\u00e4ischen Jazz- und Improvisationsszene. Seine Musik zeugt von harmonischer Feinsinnigkeit und strukturellem Tiefgang; als brillanter Pianist und Komponist hat er \u00fcber die reflektierte Auseinandersetzung mit der Tradition zu einer nuancierten, jetzt-zeitigen Klangsprache gefunden, in der Poesie, Energie und Abstraktion gleicherma\u00dfen pr\u00e4sent sind. Wie breit dabei auch sein stilistisches Spektrum ist, zeigen nicht nur Achim Kaufmanns j\u00fcngste Solo-Aufnahmen und die Duo-Ver\u00f6ffentlichungen mit dem Klarinettisten Michael Moore, sondern auch sein Mitwirken in so unterschiedlichen Ensembles wie &#8218;gr\u00fcnen&#8216; (mit Robert Landfermann und Christian Lillinger), &#8218;Skein&#8216; (u.a. mit Frank Gratkowski und Wilbert de Joode) oder Christian Lillingers &#8218;GRUND&#8216;. Der 1962 in Aachen geborene und in Berlin lebende Pianist und Komponist Achim Kaufmann verbindet in seiner Musik Einfl\u00fcsse &hellip;<\/p>\n","protected":false},"author":18,"featured_media":0,"comment_status":"open","ping_status":"closed","sticky":false,"template":"","format":"standard","meta":{"_jetpack_memberships_contains_paid_content":false,"footnotes":"","jetpack_publicize_message":"","jetpack_publicize_feature_enabled":true,"jetpack_social_post_already_shared":false,"jetpack_social_options":{"image_generator_settings":{"template":"highway","default_image_id":0,"font":"","enabled":false},"version":2}},"categories":[633],"tags":[25,734,66,1050,735,194,1007,751,272,281,571],"coauthors":[695],"class_list":["post-6982","post","type-post","status-publish","format-standard","hentry","category-nachrichten","tag-aachen","tag-albert-mangelsdorff-preis","tag-berlin","tag-christian-lillinger","tag-deutscher-jazzpreis","tag-gema","tag-improvisation","tag-jazzfest","tag-jazzfest-berlin","tag-jazzmusiker","tag-union-deutscher-jazzmusiker"],"yoast_head":"<!-- This site is optimized with the Yoast SEO plugin v27.5 - https:\/\/yoast.com\/product\/yoast-seo-wordpress\/ -->\n<title>Albert-Mangelsdorff-Preis 2015 geht an Achim Kaufmann - JazzZeitung<\/title>\n<meta name=\"robots\" content=\"index, follow, max-snippet:-1, max-image-preview:large, max-video-preview:-1\" \/>\n<link rel=\"canonical\" href=\"https:\/\/www.jazzzeitung.de\/cms\/2015\/09\/albert-mangelsdorff-preis-2015-geht-achim-kaufmann\/\" \/>\n<meta property=\"og:locale\" content=\"de_DE\" \/>\n<meta property=\"og:type\" content=\"article\" \/>\n<meta property=\"og:title\" content=\"Albert-Mangelsdorff-Preis 2015 geht an Achim Kaufmann - JazzZeitung\" \/>\n<meta property=\"og:description\" content=\"Der Pianist Achim Kaufmann wird mit dem von der Union Deutscher Jazzmusiker vergebenen Albert-Mangelsdorff-Preis (Deutscher Jazzpreis) geehrt. Der von GEMA-Stiftung, GVL und F\u00f6rderungs- und Hilfsfonds des Deutschen Komponistenverbandes mit 15.000 Euro dotierte Preis wird alle zwei Jahre an eine herausragende Pers\u00f6nlichkeit der deutschen Jazzszene verliehen. Er ist einer der bedeutendsten Jazzpreise im deutschen Sprachraum. Aus der Begr\u00fcndung der Jury: &#8222;Achim Kaufmann geh\u00f6rt seit vielen Jahren zu den an- und aufregendsten Pers\u00f6nlichkeiten der europ\u00e4ischen Jazz- und Improvisationsszene. Seine Musik zeugt von harmonischer Feinsinnigkeit und strukturellem Tiefgang; als brillanter Pianist und Komponist hat er \u00fcber die reflektierte Auseinandersetzung mit der Tradition zu einer nuancierten, jetzt-zeitigen Klangsprache gefunden, in der Poesie, Energie und Abstraktion gleicherma\u00dfen pr\u00e4sent sind. Wie breit dabei auch sein stilistisches Spektrum ist, zeigen nicht nur Achim Kaufmanns j\u00fcngste Solo-Aufnahmen und die Duo-Ver\u00f6ffentlichungen mit dem Klarinettisten Michael Moore, sondern auch sein Mitwirken in so unterschiedlichen Ensembles wie &#8218;gr\u00fcnen&#8216; (mit Robert Landfermann und Christian Lillinger), &#8218;Skein&#8216; (u.a. mit Frank Gratkowski und Wilbert de Joode) oder Christian Lillingers &#8218;GRUND&#8216;. Der 1962 in Aachen geborene und in Berlin lebende Pianist und Komponist Achim Kaufmann verbindet in seiner Musik Einfl\u00fcsse &hellip;\" \/>\n<meta property=\"og:url\" content=\"https:\/\/www.jazzzeitung.de\/cms\/2015\/09\/albert-mangelsdorff-preis-2015-geht-achim-kaufmann\/\" \/>\n<meta property=\"og:site_name\" content=\"JazzZeitung\" \/>\n<meta property=\"article:publisher\" content=\"https:\/\/www.facebook.com\/JazzZeitung\/\" \/>\n<meta property=\"article:published_time\" content=\"2015-09-09T09:28:37+00:00\" \/>\n<meta property=\"og:image\" content=\"http:\/\/www.jazzzeitung.de\/cms\/wp-content\/uploads\/2015\/09\/AMP-SkulpturcUlla_C._Binder-900x600.jpg\" \/>\n<meta name=\"author\" content=\"Redaktion JazzZeitung\" \/>\n<script type=\"application\/ld+json\" class=\"yoast-schema-graph\">{\"@context\":\"https:\\\/\\\/schema.org\",\"@graph\":[{\"@type\":\"Article\",\"@id\":\"https:\\\/\\\/www.jazzzeitung.de\\\/cms\\\/2015\\\/09\\\/albert-mangelsdorff-preis-2015-geht-achim-kaufmann\\\/#article\",\"isPartOf\":{\"@id\":\"https:\\\/\\\/www.jazzzeitung.de\\\/cms\\\/2015\\\/09\\\/albert-mangelsdorff-preis-2015-geht-achim-kaufmann\\\/\"},\"author\":{\"name\":\"Redaktion JazzZeitung\",\"@id\":\"https:\\\/\\\/www.jazzzeitung.de\\\/cms\\\/#\\\/schema\\\/person\\\/2245b36b9cd1d24cea10f01c031fb92b\"},\"headline\":\"Albert-Mangelsdorff-Preis 2015 geht an Achim Kaufmann\",\"datePublished\":\"2015-09-09T09:28:37+00:00\",\"mainEntityOfPage\":{\"@id\":\"https:\\\/\\\/www.jazzzeitung.de\\\/cms\\\/2015\\\/09\\\/albert-mangelsdorff-preis-2015-geht-achim-kaufmann\\\/\"},\"wordCount\":391,\"commentCount\":0,\"publisher\":{\"@id\":\"https:\\\/\\\/www.jazzzeitung.de\\\/cms\\\/#organization\"},\"image\":{\"@id\":\"https:\\\/\\\/www.jazzzeitung.de\\\/cms\\\/2015\\\/09\\\/albert-mangelsdorff-preis-2015-geht-achim-kaufmann\\\/#primaryimage\"},\"thumbnailUrl\":\"http:\\\/\\\/www.jazzzeitung.de\\\/cms\\\/wp-content\\\/uploads\\\/2015\\\/09\\\/AMP-SkulpturcUlla_C._Binder-900x600.jpg\",\"keywords\":[\"Aachen\",\"Albert-Mangelsdorff-Preis\",\"Berlin\",\"Christian Lillinger\",\"Deutscher Jazzpreis\",\"GEMA\",\"Improvisation\",\"Jazzfest\",\"Jazzfest Berlin\",\"Jazzmusiker\",\"Union deutscher Jazzmusiker\"],\"articleSection\":[\"News\"],\"inLanguage\":\"de\",\"potentialAction\":[{\"@type\":\"CommentAction\",\"name\":\"Comment\",\"target\":[\"https:\\\/\\\/www.jazzzeitung.de\\\/cms\\\/2015\\\/09\\\/albert-mangelsdorff-preis-2015-geht-achim-kaufmann\\\/#respond\"]}]},{\"@type\":\"WebPage\",\"@id\":\"https:\\\/\\\/www.jazzzeitung.de\\\/cms\\\/2015\\\/09\\\/albert-mangelsdorff-preis-2015-geht-achim-kaufmann\\\/\",\"url\":\"https:\\\/\\\/www.jazzzeitung.de\\\/cms\\\/2015\\\/09\\\/albert-mangelsdorff-preis-2015-geht-achim-kaufmann\\\/\",\"name\":\"Albert-Mangelsdorff-Preis 2015 geht an Achim Kaufmann - JazzZeitung\",\"isPartOf\":{\"@id\":\"https:\\\/\\\/www.jazzzeitung.de\\\/cms\\\/#website\"},\"primaryImageOfPage\":{\"@id\":\"https:\\\/\\\/www.jazzzeitung.de\\\/cms\\\/2015\\\/09\\\/albert-mangelsdorff-preis-2015-geht-achim-kaufmann\\\/#primaryimage\"},\"image\":{\"@id\":\"https:\\\/\\\/www.jazzzeitung.de\\\/cms\\\/2015\\\/09\\\/albert-mangelsdorff-preis-2015-geht-achim-kaufmann\\\/#primaryimage\"},\"thumbnailUrl\":\"http:\\\/\\\/www.jazzzeitung.de\\\/cms\\\/wp-content\\\/uploads\\\/2015\\\/09\\\/AMP-SkulpturcUlla_C._Binder-900x600.jpg\",\"datePublished\":\"2015-09-09T09:28:37+00:00\",\"breadcrumb\":{\"@id\":\"https:\\\/\\\/www.jazzzeitung.de\\\/cms\\\/2015\\\/09\\\/albert-mangelsdorff-preis-2015-geht-achim-kaufmann\\\/#breadcrumb\"},\"inLanguage\":\"de\",\"potentialAction\":[{\"@type\":\"ReadAction\",\"target\":[\"https:\\\/\\\/www.jazzzeitung.de\\\/cms\\\/2015\\\/09\\\/albert-mangelsdorff-preis-2015-geht-achim-kaufmann\\\/\"]}]},{\"@type\":\"ImageObject\",\"inLanguage\":\"de\",\"@id\":\"https:\\\/\\\/www.jazzzeitung.de\\\/cms\\\/2015\\\/09\\\/albert-mangelsdorff-preis-2015-geht-achim-kaufmann\\\/#primaryimage\",\"url\":\"http:\\\/\\\/www.jazzzeitung.de\\\/cms\\\/wp-content\\\/uploads\\\/2015\\\/09\\\/AMP-SkulpturcUlla_C._Binder-900x600.jpg\",\"contentUrl\":\"http:\\\/\\\/www.jazzzeitung.de\\\/cms\\\/wp-content\\\/uploads\\\/2015\\\/09\\\/AMP-SkulpturcUlla_C._Binder-900x600.jpg\"},{\"@type\":\"BreadcrumbList\",\"@id\":\"https:\\\/\\\/www.jazzzeitung.de\\\/cms\\\/2015\\\/09\\\/albert-mangelsdorff-preis-2015-geht-achim-kaufmann\\\/#breadcrumb\",\"itemListElement\":[{\"@type\":\"ListItem\",\"position\":1,\"name\":\"Startseite\",\"item\":\"https:\\\/\\\/www.jazzzeitung.de\\\/cms\\\/\"},{\"@type\":\"ListItem\",\"position\":2,\"name\":\"Albert-Mangelsdorff-Preis 2015 geht an Achim Kaufmann\"}]},{\"@type\":\"WebSite\",\"@id\":\"https:\\\/\\\/www.jazzzeitung.de\\\/cms\\\/#website\",\"url\":\"https:\\\/\\\/www.jazzzeitung.de\\\/cms\\\/\",\"name\":\"JazzZeitung\",\"description\":\"Jazz-News und Jazz-Kontroverses\",\"publisher\":{\"@id\":\"https:\\\/\\\/www.jazzzeitung.de\\\/cms\\\/#organization\"},\"potentialAction\":[{\"@type\":\"SearchAction\",\"target\":{\"@type\":\"EntryPoint\",\"urlTemplate\":\"https:\\\/\\\/www.jazzzeitung.de\\\/cms\\\/?s={search_term_string}\"},\"query-input\":{\"@type\":\"PropertyValueSpecification\",\"valueRequired\":true,\"valueName\":\"search_term_string\"}}],\"inLanguage\":\"de\"},{\"@type\":\"Organization\",\"@id\":\"https:\\\/\\\/www.jazzzeitung.de\\\/cms\\\/#organization\",\"name\":\"JazzZeitung online\",\"url\":\"https:\\\/\\\/www.jazzzeitung.de\\\/cms\\\/\",\"logo\":{\"@type\":\"ImageObject\",\"inLanguage\":\"de\",\"@id\":\"https:\\\/\\\/www.jazzzeitung.de\\\/cms\\\/#\\\/schema\\\/logo\\\/image\\\/\",\"url\":\"https:\\\/\\\/i0.wp.com\\\/www.jazzzeitung.de\\\/cms\\\/wp-content\\\/uploads\\\/2015\\\/08\\\/JAZZZEITUNGDE_Logo_Neu.png?fit=499%2C200&ssl=1\",\"contentUrl\":\"https:\\\/\\\/i0.wp.com\\\/www.jazzzeitung.de\\\/cms\\\/wp-content\\\/uploads\\\/2015\\\/08\\\/JAZZZEITUNGDE_Logo_Neu.png?fit=499%2C200&ssl=1\",\"width\":499,\"height\":200,\"caption\":\"JazzZeitung online\"},\"image\":{\"@id\":\"https:\\\/\\\/www.jazzzeitung.de\\\/cms\\\/#\\\/schema\\\/logo\\\/image\\\/\"},\"sameAs\":[\"https:\\\/\\\/www.facebook.com\\\/JazzZeitung\\\/\"]},{\"@type\":\"Person\",\"@id\":\"https:\\\/\\\/www.jazzzeitung.de\\\/cms\\\/#\\\/schema\\\/person\\\/2245b36b9cd1d24cea10f01c031fb92b\",\"name\":\"Redaktion JazzZeitung\",\"image\":{\"@type\":\"ImageObject\",\"inLanguage\":\"de\",\"@id\":\"https:\\\/\\\/i0.wp.com\\\/www.jazzzeitung.de\\\/cms\\\/wp-content\\\/uploads\\\/2015\\\/08\\\/JAZZZEITUNGDE_Logo_Neu.png?resize=96%2C96&ssl=159975dcacb611b5700bd619b5daf0a7a\",\"url\":\"https:\\\/\\\/i0.wp.com\\\/www.jazzzeitung.de\\\/cms\\\/wp-content\\\/uploads\\\/2015\\\/08\\\/JAZZZEITUNGDE_Logo_Neu.png?resize=96%2C96&ssl=1\",\"contentUrl\":\"https:\\\/\\\/i0.wp.com\\\/www.jazzzeitung.de\\\/cms\\\/wp-content\\\/uploads\\\/2015\\\/08\\\/JAZZZEITUNGDE_Logo_Neu.png?resize=96%2C96&ssl=1\",\"caption\":\"Redaktion JazzZeitung\"},\"description\":\"Artikel der Redaktion der JazzZeitung.\",\"sameAs\":[\"http:\\\/\\\/www.jazzzeitung.de\\\/cms\\\/\"],\"url\":\"https:\\\/\\\/www.jazzzeitung.de\\\/cms\\\/author\\\/redaktion\\\/\"}]}<\/script>\n<!-- \/ Yoast SEO plugin. -->","yoast_head_json":{"title":"Albert-Mangelsdorff-Preis 2015 geht an Achim Kaufmann - JazzZeitung","robots":{"index":"index","follow":"follow","max-snippet":"max-snippet:-1","max-image-preview":"max-image-preview:large","max-video-preview":"max-video-preview:-1"},"canonical":"https:\/\/www.jazzzeitung.de\/cms\/2015\/09\/albert-mangelsdorff-preis-2015-geht-achim-kaufmann\/","og_locale":"de_DE","og_type":"article","og_title":"Albert-Mangelsdorff-Preis 2015 geht an Achim Kaufmann - JazzZeitung","og_description":"Der Pianist Achim Kaufmann wird mit dem von der Union Deutscher Jazzmusiker vergebenen Albert-Mangelsdorff-Preis (Deutscher Jazzpreis) geehrt. Der von GEMA-Stiftung, GVL und F\u00f6rderungs- und Hilfsfonds des Deutschen Komponistenverbandes mit 15.000 Euro dotierte Preis wird alle zwei Jahre an eine herausragende Pers\u00f6nlichkeit der deutschen Jazzszene verliehen. Er ist einer der bedeutendsten Jazzpreise im deutschen Sprachraum. Aus der Begr\u00fcndung der Jury: &#8222;Achim Kaufmann geh\u00f6rt seit vielen Jahren zu den an- und aufregendsten Pers\u00f6nlichkeiten der europ\u00e4ischen Jazz- und Improvisationsszene. Seine Musik zeugt von harmonischer Feinsinnigkeit und strukturellem Tiefgang; als brillanter Pianist und Komponist hat er \u00fcber die reflektierte Auseinandersetzung mit der Tradition zu einer nuancierten, jetzt-zeitigen Klangsprache gefunden, in der Poesie, Energie und Abstraktion gleicherma\u00dfen pr\u00e4sent sind. Wie breit dabei auch sein stilistisches Spektrum ist, zeigen nicht nur Achim Kaufmanns j\u00fcngste Solo-Aufnahmen und die Duo-Ver\u00f6ffentlichungen mit dem Klarinettisten Michael Moore, sondern auch sein Mitwirken in so unterschiedlichen Ensembles wie &#8218;gr\u00fcnen&#8216; (mit Robert Landfermann und Christian Lillinger), &#8218;Skein&#8216; (u.a. mit Frank Gratkowski und Wilbert de Joode) oder Christian Lillingers &#8218;GRUND&#8216;. Der 1962 in Aachen geborene und in Berlin lebende Pianist und Komponist Achim Kaufmann verbindet in seiner Musik Einfl\u00fcsse &hellip;","og_url":"https:\/\/www.jazzzeitung.de\/cms\/2015\/09\/albert-mangelsdorff-preis-2015-geht-achim-kaufmann\/","og_site_name":"JazzZeitung","article_publisher":"https:\/\/www.facebook.com\/JazzZeitung\/","article_published_time":"2015-09-09T09:28:37+00:00","og_image":[{"url":"http:\/\/www.jazzzeitung.de\/cms\/wp-content\/uploads\/2015\/09\/AMP-SkulpturcUlla_C._Binder-900x600.jpg","type":"","width":"","height":""}],"author":"Redaktion JazzZeitung","schema":{"@context":"https:\/\/schema.org","@graph":[{"@type":"Article","@id":"https:\/\/www.jazzzeitung.de\/cms\/2015\/09\/albert-mangelsdorff-preis-2015-geht-achim-kaufmann\/#article","isPartOf":{"@id":"https:\/\/www.jazzzeitung.de\/cms\/2015\/09\/albert-mangelsdorff-preis-2015-geht-achim-kaufmann\/"},"author":{"name":"Redaktion JazzZeitung","@id":"https:\/\/www.jazzzeitung.de\/cms\/#\/schema\/person\/2245b36b9cd1d24cea10f01c031fb92b"},"headline":"Albert-Mangelsdorff-Preis 2015 geht an Achim Kaufmann","datePublished":"2015-09-09T09:28:37+00:00","mainEntityOfPage":{"@id":"https:\/\/www.jazzzeitung.de\/cms\/2015\/09\/albert-mangelsdorff-preis-2015-geht-achim-kaufmann\/"},"wordCount":391,"commentCount":0,"publisher":{"@id":"https:\/\/www.jazzzeitung.de\/cms\/#organization"},"image":{"@id":"https:\/\/www.jazzzeitung.de\/cms\/2015\/09\/albert-mangelsdorff-preis-2015-geht-achim-kaufmann\/#primaryimage"},"thumbnailUrl":"http:\/\/www.jazzzeitung.de\/cms\/wp-content\/uploads\/2015\/09\/AMP-SkulpturcUlla_C._Binder-900x600.jpg","keywords":["Aachen","Albert-Mangelsdorff-Preis","Berlin","Christian Lillinger","Deutscher Jazzpreis","GEMA","Improvisation","Jazzfest","Jazzfest Berlin","Jazzmusiker","Union deutscher Jazzmusiker"],"articleSection":["News"],"inLanguage":"de","potentialAction":[{"@type":"CommentAction","name":"Comment","target":["https:\/\/www.jazzzeitung.de\/cms\/2015\/09\/albert-mangelsdorff-preis-2015-geht-achim-kaufmann\/#respond"]}]},{"@type":"WebPage","@id":"https:\/\/www.jazzzeitung.de\/cms\/2015\/09\/albert-mangelsdorff-preis-2015-geht-achim-kaufmann\/","url":"https:\/\/www.jazzzeitung.de\/cms\/2015\/09\/albert-mangelsdorff-preis-2015-geht-achim-kaufmann\/","name":"Albert-Mangelsdorff-Preis 2015 geht an Achim Kaufmann - JazzZeitung","isPartOf":{"@id":"https:\/\/www.jazzzeitung.de\/cms\/#website"},"primaryImageOfPage":{"@id":"https:\/\/www.jazzzeitung.de\/cms\/2015\/09\/albert-mangelsdorff-preis-2015-geht-achim-kaufmann\/#primaryimage"},"image":{"@id":"https:\/\/www.jazzzeitung.de\/cms\/2015\/09\/albert-mangelsdorff-preis-2015-geht-achim-kaufmann\/#primaryimage"},"thumbnailUrl":"http:\/\/www.jazzzeitung.de\/cms\/wp-content\/uploads\/2015\/09\/AMP-SkulpturcUlla_C._Binder-900x600.jpg","datePublished":"2015-09-09T09:28:37+00:00","breadcrumb":{"@id":"https:\/\/www.jazzzeitung.de\/cms\/2015\/09\/albert-mangelsdorff-preis-2015-geht-achim-kaufmann\/#breadcrumb"},"inLanguage":"de","potentialAction":[{"@type":"ReadAction","target":["https:\/\/www.jazzzeitung.de\/cms\/2015\/09\/albert-mangelsdorff-preis-2015-geht-achim-kaufmann\/"]}]},{"@type":"ImageObject","inLanguage":"de","@id":"https:\/\/www.jazzzeitung.de\/cms\/2015\/09\/albert-mangelsdorff-preis-2015-geht-achim-kaufmann\/#primaryimage","url":"http:\/\/www.jazzzeitung.de\/cms\/wp-content\/uploads\/2015\/09\/AMP-SkulpturcUlla_C._Binder-900x600.jpg","contentUrl":"http:\/\/www.jazzzeitung.de\/cms\/wp-content\/uploads\/2015\/09\/AMP-SkulpturcUlla_C._Binder-900x600.jpg"},{"@type":"BreadcrumbList","@id":"https:\/\/www.jazzzeitung.de\/cms\/2015\/09\/albert-mangelsdorff-preis-2015-geht-achim-kaufmann\/#breadcrumb","itemListElement":[{"@type":"ListItem","position":1,"name":"Startseite","item":"https:\/\/www.jazzzeitung.de\/cms\/"},{"@type":"ListItem","position":2,"name":"Albert-Mangelsdorff-Preis 2015 geht an Achim Kaufmann"}]},{"@type":"WebSite","@id":"https:\/\/www.jazzzeitung.de\/cms\/#website","url":"https:\/\/www.jazzzeitung.de\/cms\/","name":"JazzZeitung","description":"Jazz-News und Jazz-Kontroverses","publisher":{"@id":"https:\/\/www.jazzzeitung.de\/cms\/#organization"},"potentialAction":[{"@type":"SearchAction","target":{"@type":"EntryPoint","urlTemplate":"https:\/\/www.jazzzeitung.de\/cms\/?s={search_term_string}"},"query-input":{"@type":"PropertyValueSpecification","valueRequired":true,"valueName":"search_term_string"}}],"inLanguage":"de"},{"@type":"Organization","@id":"https:\/\/www.jazzzeitung.de\/cms\/#organization","name":"JazzZeitung online","url":"https:\/\/www.jazzzeitung.de\/cms\/","logo":{"@type":"ImageObject","inLanguage":"de","@id":"https:\/\/www.jazzzeitung.de\/cms\/#\/schema\/logo\/image\/","url":"https:\/\/i0.wp.com\/www.jazzzeitung.de\/cms\/wp-content\/uploads\/2015\/08\/JAZZZEITUNGDE_Logo_Neu.png?fit=499%2C200&ssl=1","contentUrl":"https:\/\/i0.wp.com\/www.jazzzeitung.de\/cms\/wp-content\/uploads\/2015\/08\/JAZZZEITUNGDE_Logo_Neu.png?fit=499%2C200&ssl=1","width":499,"height":200,"caption":"JazzZeitung online"},"image":{"@id":"https:\/\/www.jazzzeitung.de\/cms\/#\/schema\/logo\/image\/"},"sameAs":["https:\/\/www.facebook.com\/JazzZeitung\/"]},{"@type":"Person","@id":"https:\/\/www.jazzzeitung.de\/cms\/#\/schema\/person\/2245b36b9cd1d24cea10f01c031fb92b","name":"Redaktion JazzZeitung","image":{"@type":"ImageObject","inLanguage":"de","@id":"https:\/\/i0.wp.com\/www.jazzzeitung.de\/cms\/wp-content\/uploads\/2015\/08\/JAZZZEITUNGDE_Logo_Neu.png?resize=96%2C96&ssl=159975dcacb611b5700bd619b5daf0a7a","url":"https:\/\/i0.wp.com\/www.jazzzeitung.de\/cms\/wp-content\/uploads\/2015\/08\/JAZZZEITUNGDE_Logo_Neu.png?resize=96%2C96&ssl=1","contentUrl":"https:\/\/i0.wp.com\/www.jazzzeitung.de\/cms\/wp-content\/uploads\/2015\/08\/JAZZZEITUNGDE_Logo_Neu.png?resize=96%2C96&ssl=1","caption":"Redaktion JazzZeitung"},"description":"Artikel der Redaktion der JazzZeitung.","sameAs":["http:\/\/www.jazzzeitung.de\/cms\/"],"url":"https:\/\/www.jazzzeitung.de\/cms\/author\/redaktion\/"}]}},"wp-worthy-pixel":{"ignored":false,"public":null,"server":null,"url":null},"wp-worthy-type":"normal","jetpack_publicize_connections":[],"cc_featured_image_caption":{"caption_text":false,"source_text":false,"source_url":false},"jetpack_featured_media_url":"","jetpack_shortlink":"https:\/\/wp.me\/p3KEcT-1OC","jetpack-related-posts":[{"id":15775,"url":"https:\/\/www.jazzzeitung.de\/cms\/2018\/04\/radio-tipp-jazzfest-berlin-2017-albert-mangelsdorff-preis-fuer-angelika-niescier\/","url_meta":{"origin":6982,"position":0},"title":"Radio-Tipp: Jazzfest Berlin 2017 \u2013 Albert Mangelsdorff-Preis f\u00fcr Angelika Niescier","author":"Martin Hufner","date":"27. April 2018","format":false,"excerpt":"Im Zweijahres-Turnus vergibt die Union Deutscher Jazzmusiker (UDJ) seit 1994 den Deutschen Jazzpreis, benannt nach dem Posaunisten Albert Mangelsdorff. Gestiftet wird der mit 15.000 \u20ac dotierte Preis von der GEMA-Stiftung, der GVL, dem F\u00f6rderungs- und Hilfsfonds des Deutschen Komponistenverbands und dem F\u00f6rderkreis Jazz. Im Rahmen des Jazzfestes Berlin erhielt ihn\u2026","rel":"","context":"In &quot;Radio&quot;","block_context":{"text":"Radio","link":"https:\/\/www.jazzzeitung.de\/cms\/thema\/radio\/"},"img":{"alt_text":"Angelika Niescier im Trio und Albert Mangelsdorff Preis der UdJ. Foto: Petra Basche","src":"https:\/\/i0.wp.com\/www.jazzzeitung.de\/cms\/wp-content\/uploads\/2017\/11\/Jazzfest-Berlin-2017_Niescier_Mangelsdorff-Preis_0001-12.jpg?fit=1200%2C900&ssl=1&resize=350%2C200","width":350,"height":200,"srcset":"https:\/\/i0.wp.com\/www.jazzzeitung.de\/cms\/wp-content\/uploads\/2017\/11\/Jazzfest-Berlin-2017_Niescier_Mangelsdorff-Preis_0001-12.jpg?fit=1200%2C900&ssl=1&resize=350%2C200 1x, https:\/\/i0.wp.com\/www.jazzzeitung.de\/cms\/wp-content\/uploads\/2017\/11\/Jazzfest-Berlin-2017_Niescier_Mangelsdorff-Preis_0001-12.jpg?fit=1200%2C900&ssl=1&resize=525%2C300 1.5x, https:\/\/i0.wp.com\/www.jazzzeitung.de\/cms\/wp-content\/uploads\/2017\/11\/Jazzfest-Berlin-2017_Niescier_Mangelsdorff-Preis_0001-12.jpg?fit=1200%2C900&ssl=1&resize=700%2C400 2x, https:\/\/i0.wp.com\/www.jazzzeitung.de\/cms\/wp-content\/uploads\/2017\/11\/Jazzfest-Berlin-2017_Niescier_Mangelsdorff-Preis_0001-12.jpg?fit=1200%2C900&ssl=1&resize=1050%2C600 3x"},"classes":[]},{"id":2504,"url":"https:\/\/www.jazzzeitung.de\/cms\/2013\/10\/der-innovator-albert-mangelsdorff-preis-2013-geht-nils-wogram\/","url_meta":{"origin":6982,"position":1},"title":"Der Innovator &#8211; Albert-Mangelsdorff-Preis 2013 geht an Nils Wogram","author":"Redaktion JazzZeitung","date":"24. Oktober 2013","format":false,"excerpt":"Der Posaunist und Komponist Nils Wogram erh\u00e4lt den Albert-Mangelsdorff-Preis 2013 (Deutscher Jazzpreis). Der von GEMA-Stiftung, Deutschem Komponistenverbandes und GVL mit 15.000 Euro dotierte Preis wird von der Union Deutscher Jazzmusiker seit 1994 alle zwei Jahre an herausragende Pers\u00f6nlichkeiten der deutschen Jazzszene verliehen. Die Verleihung findet am 3. November 2013 im\u2026","rel":"","context":"In &quot;News&quot;","block_context":{"text":"News","link":"https:\/\/www.jazzzeitung.de\/cms\/thema\/nachrichten\/"},"img":{"alt_text":"nils_wogram_4548","src":"https:\/\/i0.wp.com\/www.jazzzeitung.de\/cms\/wp-content\/uploads\/2013\/10\/nils_wogram_4548-150x150.jpg?resize=350%2C200","width":350,"height":200},"classes":[]},{"id":2961,"url":"https:\/\/www.jazzzeitung.de\/cms\/2013\/11\/nils-wogram-erhaelt-albert-mangelsdorff-preis-2013\/","url_meta":{"origin":6982,"position":2},"title":"Nils Wogram erh\u00e4lt Albert Mangelsdorff-Preis 2013","author":"Redaktion JazzZeitung","date":"4. November 2013","format":false,"excerpt":"Bisher wurde der Albert-Mangelsdorff-Preis (Deutscher Jazzpreis) der Union Deutscher Jazzmusiker (UDJ) f\u00fcr das Lebenswerk verliehen. Die personell v\u00f6llig neu aufgestellte UDJ hat sich in diesem Jahr f\u00fcr eine \u00d6ffnung der Auswahlkriterien des Preises entschieden. Somit konnte die Jury den Posaunisten und Komponisten Nils Wogram gestern im Rahmen des Jazzfests Berlin\u2026","rel":"","context":"In &quot;News&quot;","block_context":{"text":"News","link":"https:\/\/www.jazzzeitung.de\/cms\/thema\/nachrichten\/"},"img":{"alt_text":"","src":"https:\/\/i0.wp.com\/www.jazzzeitung.de\/cms\/wp-content\/uploads\/2013\/11\/Gruppe_mit_Nils_Wogram_Albert_Mangelsdorff_Preis_2013_c_Ulla_C._Binder.jpg?fit=1200%2C800&ssl=1&resize=350%2C200","width":350,"height":200,"srcset":"https:\/\/i0.wp.com\/www.jazzzeitung.de\/cms\/wp-content\/uploads\/2013\/11\/Gruppe_mit_Nils_Wogram_Albert_Mangelsdorff_Preis_2013_c_Ulla_C._Binder.jpg?fit=1200%2C800&ssl=1&resize=350%2C200 1x, https:\/\/i0.wp.com\/www.jazzzeitung.de\/cms\/wp-content\/uploads\/2013\/11\/Gruppe_mit_Nils_Wogram_Albert_Mangelsdorff_Preis_2013_c_Ulla_C._Binder.jpg?fit=1200%2C800&ssl=1&resize=525%2C300 1.5x, https:\/\/i0.wp.com\/www.jazzzeitung.de\/cms\/wp-content\/uploads\/2013\/11\/Gruppe_mit_Nils_Wogram_Albert_Mangelsdorff_Preis_2013_c_Ulla_C._Binder.jpg?fit=1200%2C800&ssl=1&resize=700%2C400 2x, https:\/\/i0.wp.com\/www.jazzzeitung.de\/cms\/wp-content\/uploads\/2013\/11\/Gruppe_mit_Nils_Wogram_Albert_Mangelsdorff_Preis_2013_c_Ulla_C._Binder.jpg?fit=1200%2C800&ssl=1&resize=1050%2C600 3x"},"classes":[]},{"id":20561,"url":"https:\/\/www.jazzzeitung.de\/cms\/2019\/09\/paul-lovens-erhaelt-albert-mangelsdorff-preis-2019\/","url_meta":{"origin":6982,"position":3},"title":"Paul Lovens erh\u00e4lt Albert-Mangelsdorff-Preis 2019","author":"Redaktion JazzZeitung","date":"2. September 2019","format":false,"excerpt":"Der deutsche Schlagzeuger und Jazzmusiker Paul Lovens wird f\u00fcr sein musikalisches Schaffen und seine Verdienste in der deutschsprachigen Jazzszene mit dem Albert-Mangelsdorff-Preis 2019 geehrt. Die Preisverleihung findet am 3. November 2019 im Rahmen des Jazzfest Berlin im Haus der Berliner Festspiele statt. \u201ePaul Lovens ist der Prototyp eines Improvisationsmusikers mit\u2026","rel":"","context":"In &quot;News&quot;","block_context":{"text":"News","link":"https:\/\/www.jazzzeitung.de\/cms\/thema\/nachrichten\/"},"img":{"alt_text":"","src":"https:\/\/i0.wp.com\/www.jazzzeitung.de\/cms\/wp-content\/uploads\/2019\/08\/515dc346-9338-4a98-8581-7d3f92b57c26-e1567167107958.jpg?fit=1200%2C1170&ssl=1&resize=350%2C200","width":350,"height":200,"srcset":"https:\/\/i0.wp.com\/www.jazzzeitung.de\/cms\/wp-content\/uploads\/2019\/08\/515dc346-9338-4a98-8581-7d3f92b57c26-e1567167107958.jpg?fit=1200%2C1170&ssl=1&resize=350%2C200 1x, https:\/\/i0.wp.com\/www.jazzzeitung.de\/cms\/wp-content\/uploads\/2019\/08\/515dc346-9338-4a98-8581-7d3f92b57c26-e1567167107958.jpg?fit=1200%2C1170&ssl=1&resize=525%2C300 1.5x, https:\/\/i0.wp.com\/www.jazzzeitung.de\/cms\/wp-content\/uploads\/2019\/08\/515dc346-9338-4a98-8581-7d3f92b57c26-e1567167107958.jpg?fit=1200%2C1170&ssl=1&resize=700%2C400 2x, https:\/\/i0.wp.com\/www.jazzzeitung.de\/cms\/wp-content\/uploads\/2019\/08\/515dc346-9338-4a98-8581-7d3f92b57c26-e1567167107958.jpg?fit=1200%2C1170&ssl=1&resize=1050%2C600 3x"},"classes":[]},{"id":29995,"url":"https:\/\/www.jazzzeitung.de\/cms\/2023\/09\/albert-mangelsdorff-preis-2023-geht-an-conny-bauer\/","url_meta":{"origin":6982,"position":4},"title":"Albert-Mangelsdorff-Preis 2023 geht an Conny Bauer","author":"Redaktion JazzZeitung","date":"5. September 2023","format":false,"excerpt":"Der Posaunist Conny Bauer wird von der Deutschen Jazzunion mit dem Albert-Mangelsdorff-Preis 2023 f\u00fcr sein Lebenswerk und seine Verdienste f\u00fcr den Jazz in Deutschland ausgezeichnet. Die Preisverleihung mit Konzert des Preistr\u00e4gers findet am 5. November 2023 im Rahmen von und in Kooperation mit dem Jazzfest Berlin statt. Aus der Jurybegr\u00fcndung:\u2026","rel":"","context":"In &quot;News&quot;","block_context":{"text":"News","link":"https:\/\/www.jazzzeitung.de\/cms\/thema\/nachrichten\/"},"img":{"alt_text":"","src":"https:\/\/i0.wp.com\/www.jazzzeitung.de\/cms\/wp-content\/uploads\/2023\/09\/Bauer_Conny_Portraet-c-Lena-Panzer-Selz-scaled.jpg?fit=1200%2C798&ssl=1&resize=350%2C200","width":350,"height":200,"srcset":"https:\/\/i0.wp.com\/www.jazzzeitung.de\/cms\/wp-content\/uploads\/2023\/09\/Bauer_Conny_Portraet-c-Lena-Panzer-Selz-scaled.jpg?fit=1200%2C798&ssl=1&resize=350%2C200 1x, https:\/\/i0.wp.com\/www.jazzzeitung.de\/cms\/wp-content\/uploads\/2023\/09\/Bauer_Conny_Portraet-c-Lena-Panzer-Selz-scaled.jpg?fit=1200%2C798&ssl=1&resize=525%2C300 1.5x, https:\/\/i0.wp.com\/www.jazzzeitung.de\/cms\/wp-content\/uploads\/2023\/09\/Bauer_Conny_Portraet-c-Lena-Panzer-Selz-scaled.jpg?fit=1200%2C798&ssl=1&resize=700%2C400 2x, https:\/\/i0.wp.com\/www.jazzzeitung.de\/cms\/wp-content\/uploads\/2023\/09\/Bauer_Conny_Portraet-c-Lena-Panzer-Selz-scaled.jpg?fit=1200%2C798&ssl=1&resize=1050%2C600 3x"},"classes":[]},{"id":16031,"url":"https:\/\/www.jazzzeitung.de\/cms\/2018\/05\/news-musik-verbaende-kritisieren-reduzierung-des-etats-fuer-den-applaus-udj-sieht-echo-jazz-neuauflage-als-chance\/","url_meta":{"origin":6982,"position":5},"title":"+++News+++ Musik-Verb\u00e4nde kritisieren Reduzierung des Etats f\u00fcr den APPLAUS+++ UDJ sieht ECHO JAZZ-Neuauflage als Chance+++","author":"Redaktion JazzZeitung","date":"15. Mai 2018","format":false,"excerpt":"Musik-Verb\u00e4nde warnen vor Reduzierung des Etats f\u00fcr den Spielst\u00e4ttenprogrammpreis APPLAUS Anl\u00e4sslich des Starts der Antragsphase beim APPLAUS kritisieren die Bundeskonferenz Jazz und LiveKomm gemeinsam mit weiteren Partnern die drohende Halbierung des Budgets des Spielst\u00e4ttenprogrammpreises. Konnten im vergangenen Jahr noch 86 Clubs und Veranstaltungsreihen mit insgesamt 1,8 Millionen Euro werden, ist\u2026","rel":"","context":"In &quot;News&quot;","block_context":{"text":"News","link":"https:\/\/www.jazzzeitung.de\/cms\/thema\/nachrichten\/"},"img":{"alt_text":"","src":"https:\/\/i0.wp.com\/www.jazzzeitung.de\/cms\/wp-content\/uploads\/2018\/05\/Wuestenhagen_echojazz2013_56201_12718_5a09ab00b0.jpg?fit=1200%2C779&ssl=1&resize=350%2C200","width":350,"height":200,"srcset":"https:\/\/i0.wp.com\/www.jazzzeitung.de\/cms\/wp-content\/uploads\/2018\/05\/Wuestenhagen_echojazz2013_56201_12718_5a09ab00b0.jpg?fit=1200%2C779&ssl=1&resize=350%2C200 1x, https:\/\/i0.wp.com\/www.jazzzeitung.de\/cms\/wp-content\/uploads\/2018\/05\/Wuestenhagen_echojazz2013_56201_12718_5a09ab00b0.jpg?fit=1200%2C779&ssl=1&resize=525%2C300 1.5x, https:\/\/i0.wp.com\/www.jazzzeitung.de\/cms\/wp-content\/uploads\/2018\/05\/Wuestenhagen_echojazz2013_56201_12718_5a09ab00b0.jpg?fit=1200%2C779&ssl=1&resize=700%2C400 2x, https:\/\/i0.wp.com\/www.jazzzeitung.de\/cms\/wp-content\/uploads\/2018\/05\/Wuestenhagen_echojazz2013_56201_12718_5a09ab00b0.jpg?fit=1200%2C779&ssl=1&resize=1050%2C600 3x"},"classes":[]}],"jetpack_sharing_enabled":true,"_links":{"self":[{"href":"https:\/\/www.jazzzeitung.de\/cms\/wp-json\/wp\/v2\/posts\/6982","targetHints":{"allow":["GET"]}}],"collection":[{"href":"https:\/\/www.jazzzeitung.de\/cms\/wp-json\/wp\/v2\/posts"}],"about":[{"href":"https:\/\/www.jazzzeitung.de\/cms\/wp-json\/wp\/v2\/types\/post"}],"author":[{"embeddable":true,"href":"https:\/\/www.jazzzeitung.de\/cms\/wp-json\/wp\/v2\/users\/18"}],"replies":[{"embeddable":true,"href":"https:\/\/www.jazzzeitung.de\/cms\/wp-json\/wp\/v2\/comments?post=6982"}],"version-history":[{"count":7,"href":"https:\/\/www.jazzzeitung.de\/cms\/wp-json\/wp\/v2\/posts\/6982\/revisions"}],"predecessor-version":[{"id":6992,"href":"https:\/\/www.jazzzeitung.de\/cms\/wp-json\/wp\/v2\/posts\/6982\/revisions\/6992"}],"wp:attachment":[{"href":"https:\/\/www.jazzzeitung.de\/cms\/wp-json\/wp\/v2\/media?parent=6982"}],"wp:term":[{"taxonomy":"category","embeddable":true,"href":"https:\/\/www.jazzzeitung.de\/cms\/wp-json\/wp\/v2\/categories?post=6982"},{"taxonomy":"post_tag","embeddable":true,"href":"https:\/\/www.jazzzeitung.de\/cms\/wp-json\/wp\/v2\/tags?post=6982"},{"taxonomy":"author","embeddable":true,"href":"https:\/\/www.jazzzeitung.de\/cms\/wp-json\/wp\/v2\/coauthors?post=6982"}],"curies":[{"name":"wp","href":"https:\/\/api.w.org\/{rel}","templated":true}]}}