{"id":6963,"date":"2015-10-10T10:00:57","date_gmt":"2015-10-10T08:00:57","guid":{"rendered":"http:\/\/www.jazzzeitung.de\/cms\/?p=6963"},"modified":"2015-10-09T11:57:52","modified_gmt":"2015-10-09T09:57:52","slug":"jazz-im-radio","status":"publish","type":"post","link":"https:\/\/www.jazzzeitung.de\/cms\/2015\/10\/jazz-im-radio\/","title":{"rendered":"Jazz im Radio"},"content":{"rendered":"<p>Die Herbstmonate sind Hochsaison, was Live-Acts angeht. Wer dennoch nicht sein Zuhause verlassen will \u2013 denn mit dem Verlassen der eigenen vier W\u00e4nde beginnt ja bekanntlich das gesamte Ungl\u00fcck der Menschheit, f\u00fcr den hat die Jazzzeitung.de -Redaktion ein paar Radio-Empfehlungen ausgesucht.<\/p>\n<p>&nbsp;<\/p>\n<p><strong>hr2 Live-Jazz<\/strong><\/p>\n<p>SA. 24.1 OKT\/19.05-20.00h<\/p>\n<p>HENRY THREADGILL SEXTET<br \/>\nHenry Threadgill,, sax, fl | Frank Lacy, tb | Rasul Sidik, tb | Deidre Murray, cello | Fred Hopkins, b | Newman Baker. dr | Yaron Israel, dr<em> |<br \/>\n<\/em>Ein Mitschnitt vom 21. Deutschen Jazzfestival Frankfurt 1988,<br \/>\nVON CLAUS GNICHWITZ<\/p>\n<figure id=\"attachment_7330\" aria-describedby=\"caption-attachment-7330\" style=\"width: 150px\" class=\"wp-caption alignleft\"><a href=\"https:\/\/i0.wp.com\/www.jazzzeitung.de\/cms\/wp-content\/uploads\/2015\/10\/hr-Bigband.-Foto.jpg\"><img data-recalc-dims=\"1\" loading=\"lazy\" decoding=\"async\" data-attachment-id=\"7330\" data-permalink=\"https:\/\/www.jazzzeitung.de\/cms\/2015\/10\/jazz-im-radio\/hr-bigband-foto\/\" data-orig-file=\"https:\/\/i0.wp.com\/www.jazzzeitung.de\/cms\/wp-content\/uploads\/2015\/10\/hr-Bigband.-Foto.jpg?fit=720%2C266&amp;ssl=1\" data-orig-size=\"720,266\" data-comments-opened=\"1\" data-image-meta=\"{&quot;aperture&quot;:&quot;0&quot;,&quot;credit&quot;:&quot;&quot;,&quot;camera&quot;:&quot;&quot;,&quot;caption&quot;:&quot;&quot;,&quot;created_timestamp&quot;:&quot;0&quot;,&quot;copyright&quot;:&quot;&quot;,&quot;focal_length&quot;:&quot;0&quot;,&quot;iso&quot;:&quot;0&quot;,&quot;shutter_speed&quot;:&quot;0&quot;,&quot;title&quot;:&quot;&quot;,&quot;orientation&quot;:&quot;0&quot;}\" data-image-title=\"hr-Bigband. Foto: Band\" data-image-description=\"\" data-image-caption=\"&lt;p&gt;hr-Bigband. Foto: Band&lt;\/p&gt;\n\" data-large-file=\"https:\/\/i0.wp.com\/www.jazzzeitung.de\/cms\/wp-content\/uploads\/2015\/10\/hr-Bigband.-Foto.jpg?fit=720%2C266&amp;ssl=1\" class=\"size-thumbnail wp-image-7330\" src=\"https:\/\/i0.wp.com\/www.jazzzeitung.de\/cms\/wp-content\/uploads\/2015\/10\/hr-Bigband.-Foto-150x150.jpg?resize=150%2C150\" alt=\"hr-Bigband. Foto: Band\" width=\"150\" height=\"150\" srcset=\"https:\/\/i0.wp.com\/www.jazzzeitung.de\/cms\/wp-content\/uploads\/2015\/10\/hr-Bigband.-Foto.jpg?resize=150%2C150&amp;ssl=1 150w, https:\/\/i0.wp.com\/www.jazzzeitung.de\/cms\/wp-content\/uploads\/2015\/10\/hr-Bigband.-Foto.jpg?resize=144%2C144&amp;ssl=1 144w, https:\/\/i0.wp.com\/www.jazzzeitung.de\/cms\/wp-content\/uploads\/2015\/10\/hr-Bigband.-Foto.jpg?resize=96%2C96&amp;ssl=1 96w, https:\/\/i0.wp.com\/www.jazzzeitung.de\/cms\/wp-content\/uploads\/2015\/10\/hr-Bigband.-Foto.jpg?resize=24%2C24&amp;ssl=1 24w, https:\/\/i0.wp.com\/www.jazzzeitung.de\/cms\/wp-content\/uploads\/2015\/10\/hr-Bigband.-Foto.jpg?resize=36%2C36&amp;ssl=1 36w, https:\/\/i0.wp.com\/www.jazzzeitung.de\/cms\/wp-content\/uploads\/2015\/10\/hr-Bigband.-Foto.jpg?resize=48%2C48&amp;ssl=1 48w, https:\/\/i0.wp.com\/www.jazzzeitung.de\/cms\/wp-content\/uploads\/2015\/10\/hr-Bigband.-Foto.jpg?resize=64%2C64&amp;ssl=1 64w, https:\/\/i0.wp.com\/www.jazzzeitung.de\/cms\/wp-content\/uploads\/2015\/10\/hr-Bigband.-Foto.jpg?resize=32%2C32&amp;ssl=1 32w, https:\/\/i0.wp.com\/www.jazzzeitung.de\/cms\/wp-content\/uploads\/2015\/10\/hr-Bigband.-Foto.jpg?resize=128%2C128&amp;ssl=1 128w, https:\/\/i0.wp.com\/www.jazzzeitung.de\/cms\/wp-content\/uploads\/2015\/10\/hr-Bigband.-Foto.jpg?zoom=2&amp;resize=150%2C150&amp;ssl=1 300w, https:\/\/i0.wp.com\/www.jazzzeitung.de\/cms\/wp-content\/uploads\/2015\/10\/hr-Bigband.-Foto.jpg?zoom=3&amp;resize=150%2C150&amp;ssl=1 450w\" sizes=\"auto, (max-width: 150px) 100vw, 150px\" \/><\/a><figcaption id=\"caption-attachment-7330\" class=\"wp-caption-text\">hr-Bigband. Foto: Band<\/figcaption><\/figure>\n<p>SO 25. OKT\/19.05-20.00h<\/p>\n<p>DIE HR-BIGBAND: Konzerte und Produktionen u.a. mit:<br \/>\n\u201cIncomprendido\u201d \u2013 hr-Bigband feat. Miguel Zen\u00f3n,<br \/>\ncond. by Mike Holober, Frankfurt am Main,<br \/>\nInstituto Cervantes, September 2012, Teil 1<br \/>\nVON DANIELLA BAUMEISTER<\/p>\n<h3><\/h3>\n<h3><\/h3>\n<p>&nbsp;<\/p>\n<p><strong>SWR2<\/strong><\/p>\n<figure id=\"attachment_7331\" aria-describedby=\"caption-attachment-7331\" style=\"width: 150px\" class=\"wp-caption alignleft\"><a href=\"https:\/\/i0.wp.com\/www.jazzzeitung.de\/cms\/wp-content\/uploads\/2015\/10\/Lotte-Anker_Pressphoto4.jpg\"><img data-recalc-dims=\"1\" loading=\"lazy\" decoding=\"async\" data-attachment-id=\"7331\" data-permalink=\"https:\/\/www.jazzzeitung.de\/cms\/2015\/10\/jazz-im-radio\/lotteanker_pressphoto4\/\" data-orig-file=\"https:\/\/i0.wp.com\/www.jazzzeitung.de\/cms\/wp-content\/uploads\/2015\/10\/Lotte-Anker_Pressphoto4.jpg?fit=1500%2C2250&amp;ssl=1\" data-orig-size=\"1500,2250\" data-comments-opened=\"1\" data-image-meta=\"{&quot;aperture&quot;:&quot;2.8&quot;,&quot;credit&quot;:&quot;&quot;,&quot;camera&quot;:&quot;Canon EOS 20D&quot;,&quot;caption&quot;:&quot;&quot;,&quot;created_timestamp&quot;:&quot;1163631421&quot;,&quot;copyright&quot;:&quot;&quot;,&quot;focal_length&quot;:&quot;155&quot;,&quot;iso&quot;:&quot;3200&quot;,&quot;shutter_speed&quot;:&quot;0.004&quot;,&quot;title&quot;:&quot;&quot;,&quot;orientation&quot;:&quot;1&quot;}\" data-image-title=\"Lotte Anker. Foto: Hans Reitzema\" data-image-description=\"\" data-image-caption=\"&lt;p&gt;Lotte Anker. Foto: Hans Reitzema&lt;\/p&gt;\n\" data-large-file=\"https:\/\/i0.wp.com\/www.jazzzeitung.de\/cms\/wp-content\/uploads\/2015\/10\/Lotte-Anker_Pressphoto4.jpg?fit=400%2C600&amp;ssl=1\" class=\"size-thumbnail wp-image-7331\" src=\"https:\/\/i0.wp.com\/www.jazzzeitung.de\/cms\/wp-content\/uploads\/2015\/10\/Lotte-Anker_Pressphoto4-150x150.jpg?resize=150%2C150\" alt=\"Lotte Anker. Foto: Hans Reitzema\" width=\"150\" height=\"150\" srcset=\"https:\/\/i0.wp.com\/www.jazzzeitung.de\/cms\/wp-content\/uploads\/2015\/10\/Lotte-Anker_Pressphoto4.jpg?resize=150%2C150&amp;ssl=1 150w, https:\/\/i0.wp.com\/www.jazzzeitung.de\/cms\/wp-content\/uploads\/2015\/10\/Lotte-Anker_Pressphoto4.jpg?resize=144%2C144&amp;ssl=1 144w, https:\/\/i0.wp.com\/www.jazzzeitung.de\/cms\/wp-content\/uploads\/2015\/10\/Lotte-Anker_Pressphoto4.jpg?resize=96%2C96&amp;ssl=1 96w, https:\/\/i0.wp.com\/www.jazzzeitung.de\/cms\/wp-content\/uploads\/2015\/10\/Lotte-Anker_Pressphoto4.jpg?resize=24%2C24&amp;ssl=1 24w, https:\/\/i0.wp.com\/www.jazzzeitung.de\/cms\/wp-content\/uploads\/2015\/10\/Lotte-Anker_Pressphoto4.jpg?resize=36%2C36&amp;ssl=1 36w, https:\/\/i0.wp.com\/www.jazzzeitung.de\/cms\/wp-content\/uploads\/2015\/10\/Lotte-Anker_Pressphoto4.jpg?resize=48%2C48&amp;ssl=1 48w, https:\/\/i0.wp.com\/www.jazzzeitung.de\/cms\/wp-content\/uploads\/2015\/10\/Lotte-Anker_Pressphoto4.jpg?resize=64%2C64&amp;ssl=1 64w, https:\/\/i0.wp.com\/www.jazzzeitung.de\/cms\/wp-content\/uploads\/2015\/10\/Lotte-Anker_Pressphoto4.jpg?resize=32%2C32&amp;ssl=1 32w, https:\/\/i0.wp.com\/www.jazzzeitung.de\/cms\/wp-content\/uploads\/2015\/10\/Lotte-Anker_Pressphoto4.jpg?resize=128%2C128&amp;ssl=1 128w, https:\/\/i0.wp.com\/www.jazzzeitung.de\/cms\/wp-content\/uploads\/2015\/10\/Lotte-Anker_Pressphoto4.jpg?zoom=2&amp;resize=150%2C150&amp;ssl=1 300w, https:\/\/i0.wp.com\/www.jazzzeitung.de\/cms\/wp-content\/uploads\/2015\/10\/Lotte-Anker_Pressphoto4.jpg?zoom=3&amp;resize=150%2C150&amp;ssl=1 450w\" sizes=\"auto, (max-width: 150px) 100vw, 150px\" \/><\/a><figcaption id=\"caption-attachment-7331\" class=\"wp-caption-text\">Lotte Anker. Foto: Hans Reitzema<\/figcaption><\/figure>\n<p>SA 17. OKT \u2044 20:30 \u2013 22:45 UHR<\/p>\n<p>DONAUESCHINGER MUSIKTAGE \u2013 LIVE<br \/>\nNOWJAZZ SESSION<br \/>\nACOUSTIC &amp; ELECTRIC HABITAT<br \/>\nDie d\u00e4nische Saxofonistin Lotte Anker<br \/>\nim Trio und Sextett mit Sofia Jernberg<br \/>\nThomas Lehn \u2044 Ikue Mori \u2044 Sten Sandell<br \/>\nund Michael Vorfeld<br \/>\nAM MIKROFON: JULIA NEUPERT<\/p>\n<p>SAMSTAG \u2044 17. OKTOBER \u2044 22:45 \u2013 24:00 UHR<\/p>\n<p>DONAUESCHINGER MUSIKTAGE<br \/>\nNOWJAZZ<br \/>\nDONAU.PHON<br \/>\nVON HARRY LACHNER<\/p>\n<p>DI 20. OKT \u2044 21:03 \u2013 22:00 UHR<\/p>\n<p>SWR2 JAZZ SESSION<br \/>\nFENSTER ZUR<br \/>\nINTERNATIONALIT\u00c4T<br \/>\nDas Deutsche Jazzfestival in Frankfurt<br \/>\nin den 1950er Jahren<br \/>\nVON THOMAS LOEWNER<\/p>\n<figure id=\"attachment_7332\" aria-describedby=\"caption-attachment-7332\" style=\"width: 200px\" class=\"wp-caption alignleft\"><a href=\"https:\/\/i0.wp.com\/www.jazzzeitung.de\/cms\/wp-content\/uploads\/2015\/10\/Bollani_concerto_07%40StefanoPoggialini.jpg\"><img data-recalc-dims=\"1\" loading=\"lazy\" decoding=\"async\" data-attachment-id=\"7332\" data-permalink=\"https:\/\/www.jazzzeitung.de\/cms\/2015\/10\/jazz-im-radio\/bollani_concerto_07stefanopoggialini\/\" data-orig-file=\"https:\/\/i0.wp.com\/www.jazzzeitung.de\/cms\/wp-content\/uploads\/2015\/10\/Bollani_concerto_07%40StefanoPoggialini.jpg?fit=1335%2C2000&amp;ssl=1\" data-orig-size=\"1335,2000\" data-comments-opened=\"1\" data-image-meta=\"{&quot;aperture&quot;:&quot;3.2&quot;,&quot;credit&quot;:&quot;POGGIALINISTEFANO&quot;,&quot;camera&quot;:&quot;NIKON D800&quot;,&quot;caption&quot;:&quot;&quot;,&quot;created_timestamp&quot;:&quot;1422403590&quot;,&quot;copyright&quot;:&quot;POGGIALINISTEFANO&quot;,&quot;focal_length&quot;:&quot;140&quot;,&quot;iso&quot;:&quot;3200&quot;,&quot;shutter_speed&quot;:&quot;0.004&quot;,&quot;title&quot;:&quot;&quot;,&quot;orientation&quot;:&quot;1&quot;}\" data-image-title=\"Stefano Bollani. Foto: Stefano Poaggialino\" data-image-description=\"\" data-image-caption=\"&lt;p&gt;Stefano Bollani. Foto: Stefano Poaggialino &lt;\/p&gt;\n\" data-large-file=\"https:\/\/i0.wp.com\/www.jazzzeitung.de\/cms\/wp-content\/uploads\/2015\/10\/Bollani_concerto_07%40StefanoPoggialini.jpg?fit=401%2C600&amp;ssl=1\" class=\"size-medium wp-image-7332\" src=\"https:\/\/i0.wp.com\/www.jazzzeitung.de\/cms\/wp-content\/uploads\/2015\/10\/Bollani_concerto_07%40StefanoPoggialini-200x300.jpg?resize=200%2C300\" alt=\"Stefano Bollani. Foto: Stefano Poaggialino \" width=\"200\" height=\"300\" srcset=\"https:\/\/i0.wp.com\/www.jazzzeitung.de\/cms\/wp-content\/uploads\/2015\/10\/Bollani_concerto_07%40StefanoPoggialini.jpg?resize=200%2C300&amp;ssl=1 200w, https:\/\/i0.wp.com\/www.jazzzeitung.de\/cms\/wp-content\/uploads\/2015\/10\/Bollani_concerto_07%40StefanoPoggialini.jpg?resize=401%2C600&amp;ssl=1 401w, https:\/\/i0.wp.com\/www.jazzzeitung.de\/cms\/wp-content\/uploads\/2015\/10\/Bollani_concerto_07%40StefanoPoggialini.jpg?resize=900%2C1348&amp;ssl=1 900w, https:\/\/i0.wp.com\/www.jazzzeitung.de\/cms\/wp-content\/uploads\/2015\/10\/Bollani_concerto_07%40StefanoPoggialini.jpg?w=1335&amp;ssl=1 1335w\" sizes=\"auto, (max-width: 200px) 100vw, 200px\" \/><\/a><figcaption id=\"caption-attachment-7332\" class=\"wp-caption-text\">Stefano Bollani. Foto: Stefano Poaggialino<\/figcaption><\/figure>\n<p>DI 13. OKT \u2044 21:03 \u2013 22:00 UHR<\/p>\n<p>SWR2 JAZZ SESSION<br \/>\nSPIELWITZ<br \/>\nStefano Bollani solo beim Festival<br \/>\nEnjoy Jazz 2014 im Ludwigshafener<br \/>\nKulturzentrun dasHaus<br \/>\nAM MIKROFON: G\u00dcNTHER HUESMANN<\/p>\n<p>&nbsp;<\/p>\n<p>&nbsp;<\/p>\n<p>&nbsp;<\/p>\n<p>&nbsp;<\/p>\n<p>&nbsp;<\/p>\n<p>SA 24. OKT \u2044 22:03 \u2013 23:00 UHR<\/p>\n<p>JAZZTIME<br \/>\nDAS PHANTOM<br \/>\nDie Geschichte des Jazz-Hornisten<br \/>\nJulius Watkins<br \/>\nVON ODILO CLAUSNITZER<\/p>\n<p>DI 27. OKT \u2044 21:03 \u2013 22:00 UHR<\/p>\n<p>SWR2 JAZZ SESSION<br \/>\nJAZZ AM HAMBURGER<br \/>\nROTHENBAUM<br \/>\nAnna Webbers\u2018 Percussive Mechanics und das Quartett Bonacina-Simcock-<br \/>\nJennings-Sirkis im Rolf-Liebermann-Studio des NDR<br \/>\nAM MIKROFON: TOBIAS RICHTSTEIG<\/p>\n<p>DO 29. OKT \u2044 23:03 \u2013 24:00 UHR<\/p>\n<p>NOWJAZZ<br \/>\nBEAUTY IS A RARE THING<br \/>\nDas Sp\u00e4twerk des Altsaxofonisten<br \/>\nOrnette Coleman<br \/>\nVON BERT NOGLIK<\/p>\n<p>FR 30. OKT \u2044 23:30 \u2013 24:00 UHR<\/p>\n<p>NOWJAZZ UPDATE<br \/>\nADVENTUROUS READING (6)<br \/>\nfreistil<br \/>\nVON NINA POLASCHEGG<\/p>\n<figure id=\"attachment_7334\" aria-describedby=\"caption-attachment-7334\" style=\"width: 300px\" class=\"wp-caption alignleft\"><a href=\"https:\/\/i0.wp.com\/www.jazzzeitung.de\/cms\/wp-content\/uploads\/2015\/10\/20130522_01.jpg\"><img data-recalc-dims=\"1\" loading=\"lazy\" decoding=\"async\" data-attachment-id=\"7334\" data-permalink=\"https:\/\/www.jazzzeitung.de\/cms\/2015\/10\/jazz-im-radio\/20130522_01\/\" data-orig-file=\"https:\/\/i0.wp.com\/www.jazzzeitung.de\/cms\/wp-content\/uploads\/2015\/10\/20130522_01.jpg?fit=720%2C521&amp;ssl=1\" data-orig-size=\"720,521\" data-comments-opened=\"1\" data-image-meta=\"{&quot;aperture&quot;:&quot;0&quot;,&quot;credit&quot;:&quot;&quot;,&quot;camera&quot;:&quot;&quot;,&quot;caption&quot;:&quot;&quot;,&quot;created_timestamp&quot;:&quot;0&quot;,&quot;copyright&quot;:&quot;&quot;,&quot;focal_length&quot;:&quot;0&quot;,&quot;iso&quot;:&quot;0&quot;,&quot;shutter_speed&quot;:&quot;0&quot;,&quot;title&quot;:&quot;&quot;,&quot;orientation&quot;:&quot;0&quot;}\" data-image-title=\"Stephane Belmondo. Foto: www.reigen.at\" data-image-description=\"\" data-image-caption=\"&lt;p&gt;Stephane Belmondo. Foto: www.reigen.at&lt;\/p&gt;\n\" data-large-file=\"https:\/\/i0.wp.com\/www.jazzzeitung.de\/cms\/wp-content\/uploads\/2015\/10\/20130522_01.jpg?fit=720%2C521&amp;ssl=1\" class=\"size-medium wp-image-7334\" src=\"https:\/\/i0.wp.com\/www.jazzzeitung.de\/cms\/wp-content\/uploads\/2015\/10\/20130522_01-300x217.jpg?resize=300%2C217\" alt=\"Stephane Belmondo. Foto: www.reigen.at\" width=\"300\" height=\"217\" srcset=\"https:\/\/i0.wp.com\/www.jazzzeitung.de\/cms\/wp-content\/uploads\/2015\/10\/20130522_01.jpg?resize=300%2C217&amp;ssl=1 300w, https:\/\/i0.wp.com\/www.jazzzeitung.de\/cms\/wp-content\/uploads\/2015\/10\/20130522_01.jpg?w=720&amp;ssl=1 720w\" sizes=\"auto, (max-width: 300px) 100vw, 300px\" \/><\/a><figcaption id=\"caption-attachment-7334\" class=\"wp-caption-text\">Stephane Belmondo. Foto: www.reigen.at<\/figcaption><\/figure>\n<p>SA 31. OKT \u2044 22:03 \u2013 23:00 UHR<\/p>\n<p>JAZZTIME<br \/>\nWELTOFFENER<br \/>\nTRADITIONALIST<br \/>\nDer franz\u00f6sische Trompeter<br \/>\nSt\u00e9phane Belmondo<br \/>\nVON SSIRUS W. PAKZAD<\/p>\n<p>&nbsp;<\/p>\n<p>&nbsp;<\/p>\n<p><strong><br \/>\nBR-Klassik<\/strong><\/p>\n<p>MO 2. NOV\/23.05-24.00 Uhr<\/p>\n<p>JAZZTIME &#8211; Jazztoday<br \/>\nVON HENNING SIEVERTS<\/p>\n<p>DI 3. NOV\/23.05-24.00 Uhr<\/p>\n<p>JAZZTIME &#8211; Strictly Jazz<br \/>\nVON HENNING SIEVERTS<\/p>\n<figure id=\"attachment_7335\" aria-describedby=\"caption-attachment-7335\" style=\"width: 150px\" class=\"wp-caption alignleft\"><a href=\"https:\/\/i0.wp.com\/www.jazzzeitung.de\/cms\/wp-content\/uploads\/2015\/10\/eva-kruse-bild-12.jpg\"><img data-recalc-dims=\"1\" loading=\"lazy\" decoding=\"async\" data-attachment-id=\"7335\" data-permalink=\"https:\/\/www.jazzzeitung.de\/cms\/2015\/10\/jazz-im-radio\/eva-kruse-bild-12\/\" data-orig-file=\"https:\/\/i0.wp.com\/www.jazzzeitung.de\/cms\/wp-content\/uploads\/2015\/10\/eva-kruse-bild-12.jpg?fit=672%2C372&amp;ssl=1\" data-orig-size=\"672,372\" data-comments-opened=\"1\" data-image-meta=\"{&quot;aperture&quot;:&quot;2.8&quot;,&quot;credit&quot;:&quot;&quot;,&quot;camera&quot;:&quot;Canon EOS 5D Mark II&quot;,&quot;caption&quot;:&quot;&quot;,&quot;created_timestamp&quot;:&quot;1402482471&quot;,&quot;copyright&quot;:&quot;&quot;,&quot;focal_length&quot;:&quot;50&quot;,&quot;iso&quot;:&quot;400&quot;,&quot;shutter_speed&quot;:&quot;0.0003125&quot;,&quot;title&quot;:&quot;&quot;,&quot;orientation&quot;:&quot;1&quot;}\" data-image-title=\"Eva Kruse. Foto: www.evakruse.com\" data-image-description=\"\" data-image-caption=\"&lt;p&gt;Eva Kruse. Foto: www.evakruse.com&lt;\/p&gt;\n\" data-large-file=\"https:\/\/i0.wp.com\/www.jazzzeitung.de\/cms\/wp-content\/uploads\/2015\/10\/eva-kruse-bild-12.jpg?fit=672%2C372&amp;ssl=1\" class=\"size-thumbnail wp-image-7335\" src=\"https:\/\/i0.wp.com\/www.jazzzeitung.de\/cms\/wp-content\/uploads\/2015\/10\/eva-kruse-bild-12-150x150.jpg?resize=150%2C150\" alt=\"Eva Kruse. Foto: www.evakruse.com\" width=\"150\" height=\"150\" srcset=\"https:\/\/i0.wp.com\/www.jazzzeitung.de\/cms\/wp-content\/uploads\/2015\/10\/eva-kruse-bild-12.jpg?resize=150%2C150&amp;ssl=1 150w, https:\/\/i0.wp.com\/www.jazzzeitung.de\/cms\/wp-content\/uploads\/2015\/10\/eva-kruse-bild-12.jpg?resize=144%2C144&amp;ssl=1 144w, https:\/\/i0.wp.com\/www.jazzzeitung.de\/cms\/wp-content\/uploads\/2015\/10\/eva-kruse-bild-12.jpg?resize=96%2C96&amp;ssl=1 96w, https:\/\/i0.wp.com\/www.jazzzeitung.de\/cms\/wp-content\/uploads\/2015\/10\/eva-kruse-bild-12.jpg?resize=24%2C24&amp;ssl=1 24w, https:\/\/i0.wp.com\/www.jazzzeitung.de\/cms\/wp-content\/uploads\/2015\/10\/eva-kruse-bild-12.jpg?resize=36%2C36&amp;ssl=1 36w, https:\/\/i0.wp.com\/www.jazzzeitung.de\/cms\/wp-content\/uploads\/2015\/10\/eva-kruse-bild-12.jpg?resize=48%2C48&amp;ssl=1 48w, https:\/\/i0.wp.com\/www.jazzzeitung.de\/cms\/wp-content\/uploads\/2015\/10\/eva-kruse-bild-12.jpg?resize=64%2C64&amp;ssl=1 64w, https:\/\/i0.wp.com\/www.jazzzeitung.de\/cms\/wp-content\/uploads\/2015\/10\/eva-kruse-bild-12.jpg?resize=32%2C32&amp;ssl=1 32w, https:\/\/i0.wp.com\/www.jazzzeitung.de\/cms\/wp-content\/uploads\/2015\/10\/eva-kruse-bild-12.jpg?resize=128%2C128&amp;ssl=1 128w, https:\/\/i0.wp.com\/www.jazzzeitung.de\/cms\/wp-content\/uploads\/2015\/10\/eva-kruse-bild-12.jpg?zoom=2&amp;resize=150%2C150&amp;ssl=1 300w, https:\/\/i0.wp.com\/www.jazzzeitung.de\/cms\/wp-content\/uploads\/2015\/10\/eva-kruse-bild-12.jpg?zoom=3&amp;resize=150%2C150&amp;ssl=1 450w\" sizes=\"auto, (max-width: 150px) 100vw, 150px\" \/><\/a><figcaption id=\"caption-attachment-7335\" class=\"wp-caption-text\">Eva Kruse. Foto: www.evakruse.com<\/figcaption><\/figure>\n<p>MI 4. NOV\/23.05-24.00 Uhr<\/p>\n<p>JAZZTIME &#8211; \u201cJazz aus N\u00fcrnberg\u201d \u2013 &#8222;Around small fairy tales&#8220;<br \/>\nMit Aufnahmen von Stefano Bollani, \u00b4 und anderen.<br \/>\nVON BEATRIX GILLMANN<\/p>\n<p>&nbsp;<\/p>\n<p>&nbsp;<\/p>\n<p><strong><\/p>\n<p>NDR INFO<\/strong> JAZZ NACHT<\/p>\n<p>SA 7. NOV\/20.15 Uhr \u2013 8. NOV 2015, 6 Uhr<br \/>\nLIVE VOM JAZZFEST BERLIN<br \/>\nAM MIKROFON: HENRY ALTMANN<\/p>\n<p style=\"text-align: justify;\">Wenn Richard Williams heuer sein Deb\u00fct als Leiter des Jazzfests Berlin gibt, ist das auch eine Entdeckungsfahrt durch des Briten Vorstellung von Jazz. Und da bleibt es ganz gewohnt beim Ungewohnten:<br \/>\n&#8211; Alte Bekannte mit neuen Musikern: US-Saxofonist Charles Lloyd bereichert sein Quartett um eine griechisch-ungarische Komponente und Louis Moholo, s\u00fcdafrikanischer Jazz-Urvater, seinen Horizont mit einer musikalischen Enkelgeneration.<br \/>\n&#8211; Junge Musiker mit alten Sounds neu gemixt: Der franz\u00f6sische Akkordeonist Vincent Peirani oder Trompeter Ambrose Akinmusire und S\u00e4ngerin C\u00e9cile McLorin Salvant, zwei Shooting-Stars der US-Szene, sind die neuen Glanzlichter der Szene.<br \/>\n&#8211; H\u00f6fliche Zur\u00fcckhaltung beim Brit-, Kontinuit\u00e4t beim World-Jazz: Mit dem arrivierten Pianisten Keith Tippett und Newcomer Dylan Howe\u2019s Subterraneans gibt\u2019s gerade mal zwei Bands aus Williams\u2019 heimischer Szene zu h\u00f6ren. Der armenische Pianist Tigran, der puerto-ricanische Saxofonist Miguel Zen\u00f3n oder die Multi-Ethno-Bigband Diwan der Kontinente spinnen hingegen den globalen Jazzfaden weiter, den Williams als Journalist beim Jazzfest 1969 kennen lernte.<br \/>\n&#8211; In alter Tradition f\u00fcrs Experiment: Das Berliner Splitter Orchester und das seit 30 Jahren bestehende australische Improvisationstrio The Necks sorgen f\u00fcr Echtzeitmusik.<br \/>\nVom 7. auf 8. November streift Henry Altmann mit Ihnen von 20 Uhr abends bis sechs Uhr morgens \u00fcbers Jazzfest Berlin, durch Live-Konzerte und H\u00f6hepunkte der vorangegangenen Festivaltage.<\/p>\n<p><u><br \/>\n<\/u><strong>DEUTSCHLANDFUNK: JAZZ LIVE\u00a0\u00a0\u00a0\u00a0\u00a0\u00a0\u00a0\u00a0\u00a0\u00a0\u00a0\u00a0 \u00a0\u00a0\u00a0\u00a0\u00a0\u00a0\u00a0\u00a0\u00a0\u00a0\u00a0 <\/strong><\/p>\n<figure id=\"attachment_7336\" aria-describedby=\"caption-attachment-7336\" style=\"width: 150px\" class=\"wp-caption alignleft\"><a href=\"https:\/\/i0.wp.com\/www.jazzzeitung.de\/cms\/wp-content\/uploads\/2015\/10\/Klesse.jpg\"><img data-recalc-dims=\"1\" loading=\"lazy\" decoding=\"async\" data-attachment-id=\"7336\" data-permalink=\"https:\/\/www.jazzzeitung.de\/cms\/2015\/10\/jazz-im-radio\/klesse\/\" data-orig-file=\"https:\/\/i0.wp.com\/www.jazzzeitung.de\/cms\/wp-content\/uploads\/2015\/10\/Klesse.jpg?fit=940%2C632&amp;ssl=1\" data-orig-size=\"940,632\" data-comments-opened=\"1\" data-image-meta=\"{&quot;aperture&quot;:&quot;0&quot;,&quot;credit&quot;:&quot;&quot;,&quot;camera&quot;:&quot;&quot;,&quot;caption&quot;:&quot;&quot;,&quot;created_timestamp&quot;:&quot;0&quot;,&quot;copyright&quot;:&quot;&quot;,&quot;focal_length&quot;:&quot;0&quot;,&quot;iso&quot;:&quot;0&quot;,&quot;shutter_speed&quot;:&quot;0&quot;,&quot;title&quot;:&quot;&quot;,&quot;orientation&quot;:&quot;0&quot;}\" data-image-title=\"Eva Klesse. Foto: Julian Schlie\u00dfmeier\" data-image-description=\"\" data-image-caption=\"&lt;p&gt;Eva Klesse. Foto: Julian Schlie\u00dfmeier&lt;\/p&gt;\n\" data-large-file=\"https:\/\/i0.wp.com\/www.jazzzeitung.de\/cms\/wp-content\/uploads\/2015\/10\/Klesse.jpg?fit=840%2C565&amp;ssl=1\" class=\"size-thumbnail wp-image-7336\" src=\"https:\/\/i0.wp.com\/www.jazzzeitung.de\/cms\/wp-content\/uploads\/2015\/10\/Klesse-150x150.jpg?resize=150%2C150\" alt=\"Eva Klesse. Foto: Julian Schlie\u00dfmeier\" width=\"150\" height=\"150\" srcset=\"https:\/\/i0.wp.com\/www.jazzzeitung.de\/cms\/wp-content\/uploads\/2015\/10\/Klesse.jpg?resize=150%2C150&amp;ssl=1 150w, https:\/\/i0.wp.com\/www.jazzzeitung.de\/cms\/wp-content\/uploads\/2015\/10\/Klesse.jpg?resize=144%2C144&amp;ssl=1 144w, https:\/\/i0.wp.com\/www.jazzzeitung.de\/cms\/wp-content\/uploads\/2015\/10\/Klesse.jpg?resize=96%2C96&amp;ssl=1 96w, https:\/\/i0.wp.com\/www.jazzzeitung.de\/cms\/wp-content\/uploads\/2015\/10\/Klesse.jpg?resize=24%2C24&amp;ssl=1 24w, https:\/\/i0.wp.com\/www.jazzzeitung.de\/cms\/wp-content\/uploads\/2015\/10\/Klesse.jpg?resize=36%2C36&amp;ssl=1 36w, https:\/\/i0.wp.com\/www.jazzzeitung.de\/cms\/wp-content\/uploads\/2015\/10\/Klesse.jpg?resize=48%2C48&amp;ssl=1 48w, https:\/\/i0.wp.com\/www.jazzzeitung.de\/cms\/wp-content\/uploads\/2015\/10\/Klesse.jpg?resize=64%2C64&amp;ssl=1 64w, https:\/\/i0.wp.com\/www.jazzzeitung.de\/cms\/wp-content\/uploads\/2015\/10\/Klesse.jpg?resize=32%2C32&amp;ssl=1 32w, https:\/\/i0.wp.com\/www.jazzzeitung.de\/cms\/wp-content\/uploads\/2015\/10\/Klesse.jpg?resize=128%2C128&amp;ssl=1 128w, https:\/\/i0.wp.com\/www.jazzzeitung.de\/cms\/wp-content\/uploads\/2015\/10\/Klesse.jpg?zoom=2&amp;resize=150%2C150&amp;ssl=1 300w, https:\/\/i0.wp.com\/www.jazzzeitung.de\/cms\/wp-content\/uploads\/2015\/10\/Klesse.jpg?zoom=3&amp;resize=150%2C150&amp;ssl=1 450w\" sizes=\"auto, (max-width: 150px) 100vw, 150px\" \/><\/a><figcaption id=\"caption-attachment-7336\" class=\"wp-caption-text\">Eva Klesse. Foto: Julian Schlie\u00dfmeier<\/figcaption><\/figure>\n<p>DI 3.NOV\/21.05-22.00h<\/p>\n<p>EVA KLESSE QUARTETT<br \/>\nEva Klesse \u2013 Schlagzeug<br \/>\nEvgeny Ring \u2013 Altsaxophon<br \/>\nPhilip Frischkorn \u2013 Piano<br \/>\nRobert Lucaciu \u2013 Kontrabass<br \/>\nMitschnitt vom Jazzfest Berlin, 30. Oktober 2014<br \/>\nVON JAN TENGELER<\/p>\n<p>&nbsp;<\/p>\n<p>DI 10. NOV\/21.05-22.00h <strong>\u00a0\u00a0\u00a0 <\/strong><\/p>\n<p>WOLFGANG HAFFNER QUINTETT &#8222;Kind Of Cool&#8220;<br \/>\nMitschnitt von\u00a0 Jazzbaltica Niendorf\/Ostsee, 5. Juli 2015<br \/>\nVON KARSTEN M\u00dcTZELFELDT<\/p>\n","protected":false},"excerpt":{"rendered":"<p>Die Herbstmonate sind Hochsaison, was Live-Acts angeht. Wer dennoch nicht sein Zuhause verlassen will \u2013 denn mit dem Verlassen der eigenen vier W\u00e4nde beginnt ja bekanntlich das gesamte Ungl\u00fcck der Menschheit, f\u00fcr den hat die Jazzzeitung.de -Redaktion ein paar Radio-Empfehlungen ausgesucht. &nbsp; hr2 Live-Jazz SA. 24.1 OKT\/19.05-20.00h HENRY THREADGILL SEXTET Henry Threadgill,, sax, fl | Frank Lacy, tb | Rasul Sidik, tb | Deidre Murray, cello | Fred Hopkins, b | Newman Baker. dr | Yaron Israel, dr | Ein Mitschnitt vom 21. Deutschen Jazzfestival Frankfurt 1988, VON CLAUS GNICHWITZ SO 25. OKT\/19.05-20.00h DIE HR-BIGBAND: Konzerte und Produktionen u.a. mit: \u201cIncomprendido\u201d \u2013 hr-Bigband feat. Miguel Zen\u00f3n, cond. by Mike Holober, Frankfurt am Main, Instituto Cervantes, September 2012, Teil 1 VON DANIELLA BAUMEISTER &nbsp; SWR2 SA 17. OKT \u2044 20:30 \u2013 22:45 UHR DONAUESCHINGER MUSIKTAGE \u2013 LIVE NOWJAZZ SESSION ACOUSTIC &amp; ELECTRIC HABITAT Die d\u00e4nische Saxofonistin Lotte Anker im Trio und Sextett mit Sofia Jernberg Thomas Lehn \u2044 Ikue Mori \u2044 Sten Sandell und Michael Vorfeld AM MIKROFON: JULIA NEUPERT SAMSTAG \u2044 17. OKTOBER \u2044 22:45 \u2013 24:00 UHR DONAUESCHINGER MUSIKTAGE NOWJAZZ DONAU.PHON VON HARRY LACHNER &hellip;<\/p>\n","protected":false},"author":18,"featured_media":0,"comment_status":"open","ping_status":"closed","sticky":false,"template":"","format":"standard","meta":{"_jetpack_memberships_contains_paid_content":false,"footnotes":"","jetpack_publicize_message":"","jetpack_publicize_feature_enabled":true,"jetpack_social_post_already_shared":false,"jetpack_social_options":{"image_generator_settings":{"template":"highway","default_image_id":0,"font":"","enabled":false},"version":2}},"categories":[633],"tags":[46,61,802,66,1108,73,808,94,98,109,953,112,681,170,3,184,197,198,214,221,230,1025,270,271,809,751,272,918,283,857,290,294,753,316,322,323,326,327,376,827,390,410,732,423,442,447,1193,146,1797,1183,473,15,795,510,1089,573,1010,599],"coauthors":[695],"class_list":["post-6963","post","type-post","status-publish","format-standard","hentry","category-nachrichten","tag-ard","tag-beate-sampson","tag-benjamin-schaefer","tag-berlin","tag-bert-noglik","tag-bigband","tag-bill-ramsey","tag-br-klassik","tag-buehne-frei-im-studio-2","tag-cd","tag-chet-baker","tag-chicago","tag-deutsches-jazzfestival-frankfurt","tag-eva-kruse","tag-festival","tag-frankfurt","tag-gerry-mulligan","tag-geschichte","tag-halle","tag-henning-sieverts","tag-hr","tag-hr-bigband","tag-jazzbaltica","tag-jazzclub","tag-jazzclub-unterfahrt","tag-jazzfest","tag-jazzfest-berlin","tag-jazzfestival","tag-jazzpiano","tag-jazzstudio-nuernberg","tag-jazztime","tag-jazzzeitung","tag-joachim-kuehn","tag-klassik","tag-konzert-2","tag-konzerte","tag-kruse","tag-kultur","tag-marcus-woelfle","tag-matthias-schriefl","tag-miles-davis","tag-ndr","tag-newcomer-2","tag-nuernberg","tag-piano","tag-pop","tag-radio","tag-dombrowski","tag-regensburg","tag-richard-williams","tag-roland-spiegel","tag-rundfunk","tag-sofia","tag-spiegel","tag-ssirus-w-pakzad","tag-unterfahrt","tag-vincent-peirani","tag-wolfgang-haffner"],"yoast_head":"<!-- This site is optimized with the Yoast SEO plugin v27.5 - https:\/\/yoast.com\/product\/yoast-seo-wordpress\/ -->\n<title>Jazz im Radio - JazzZeitung<\/title>\n<meta name=\"robots\" content=\"index, follow, max-snippet:-1, max-image-preview:large, max-video-preview:-1\" \/>\n<link rel=\"canonical\" href=\"https:\/\/www.jazzzeitung.de\/cms\/2015\/10\/jazz-im-radio\/\" \/>\n<meta property=\"og:locale\" content=\"de_DE\" \/>\n<meta property=\"og:type\" content=\"article\" \/>\n<meta property=\"og:title\" content=\"Jazz im Radio - JazzZeitung\" \/>\n<meta property=\"og:description\" content=\"Die Herbstmonate sind Hochsaison, was Live-Acts angeht. Wer dennoch nicht sein Zuhause verlassen will \u2013 denn mit dem Verlassen der eigenen vier W\u00e4nde beginnt ja bekanntlich das gesamte Ungl\u00fcck der Menschheit, f\u00fcr den hat die Jazzzeitung.de -Redaktion ein paar Radio-Empfehlungen ausgesucht. &nbsp; hr2 Live-Jazz SA. 24.1 OKT\/19.05-20.00h HENRY THREADGILL SEXTET Henry Threadgill,, sax, fl | Frank Lacy, tb | Rasul Sidik, tb | Deidre Murray, cello | Fred Hopkins, b | Newman Baker. dr | Yaron Israel, dr | Ein Mitschnitt vom 21. Deutschen Jazzfestival Frankfurt 1988, VON CLAUS GNICHWITZ SO 25. OKT\/19.05-20.00h DIE HR-BIGBAND: Konzerte und Produktionen u.a. mit: \u201cIncomprendido\u201d \u2013 hr-Bigband feat. Miguel Zen\u00f3n, cond. by Mike Holober, Frankfurt am Main, Instituto Cervantes, September 2012, Teil 1 VON DANIELLA BAUMEISTER &nbsp; SWR2 SA 17. OKT \u2044 20:30 \u2013 22:45 UHR DONAUESCHINGER MUSIKTAGE \u2013 LIVE NOWJAZZ SESSION ACOUSTIC &amp; ELECTRIC HABITAT Die d\u00e4nische Saxofonistin Lotte Anker im Trio und Sextett mit Sofia Jernberg Thomas Lehn \u2044 Ikue Mori \u2044 Sten Sandell und Michael Vorfeld AM MIKROFON: JULIA NEUPERT SAMSTAG \u2044 17. OKTOBER \u2044 22:45 \u2013 24:00 UHR DONAUESCHINGER MUSIKTAGE NOWJAZZ DONAU.PHON VON HARRY LACHNER &hellip;\" \/>\n<meta property=\"og:url\" content=\"https:\/\/www.jazzzeitung.de\/cms\/2015\/10\/jazz-im-radio\/\" \/>\n<meta property=\"og:site_name\" content=\"JazzZeitung\" \/>\n<meta property=\"article:publisher\" content=\"https:\/\/www.facebook.com\/JazzZeitung\/\" \/>\n<meta property=\"article:published_time\" content=\"2015-10-10T08:00:57+00:00\" \/>\n<meta property=\"og:image\" content=\"http:\/\/www.jazzzeitung.de\/cms\/wp-content\/uploads\/2015\/10\/hr-Bigband.-Foto-150x150.jpg\" \/>\n<meta name=\"author\" content=\"Redaktion JazzZeitung\" \/>\n<script type=\"application\/ld+json\" class=\"yoast-schema-graph\">{\"@context\":\"https:\\\/\\\/schema.org\",\"@graph\":[{\"@type\":\"Article\",\"@id\":\"https:\\\/\\\/www.jazzzeitung.de\\\/cms\\\/2015\\\/10\\\/jazz-im-radio\\\/#article\",\"isPartOf\":{\"@id\":\"https:\\\/\\\/www.jazzzeitung.de\\\/cms\\\/2015\\\/10\\\/jazz-im-radio\\\/\"},\"author\":{\"name\":\"Redaktion JazzZeitung\",\"@id\":\"https:\\\/\\\/www.jazzzeitung.de\\\/cms\\\/#\\\/schema\\\/person\\\/2245b36b9cd1d24cea10f01c031fb92b\"},\"headline\":\"Jazz im Radio\",\"datePublished\":\"2015-10-10T08:00:57+00:00\",\"mainEntityOfPage\":{\"@id\":\"https:\\\/\\\/www.jazzzeitung.de\\\/cms\\\/2015\\\/10\\\/jazz-im-radio\\\/\"},\"wordCount\":712,\"commentCount\":0,\"publisher\":{\"@id\":\"https:\\\/\\\/www.jazzzeitung.de\\\/cms\\\/#organization\"},\"image\":{\"@id\":\"https:\\\/\\\/www.jazzzeitung.de\\\/cms\\\/2015\\\/10\\\/jazz-im-radio\\\/#primaryimage\"},\"thumbnailUrl\":\"http:\\\/\\\/www.jazzzeitung.de\\\/cms\\\/wp-content\\\/uploads\\\/2015\\\/10\\\/hr-Bigband.-Foto-150x150.jpg\",\"keywords\":[\"ARD\",\"Beate Sampson\",\"Benjamin Schaefer\",\"Berlin\",\"Bert Noglik\",\"Bigband\",\"Bill Ramsey\",\"Br-Klassik\",\"B\u00fchne frei im Studio 2\",\"CD\",\"Chet Baker\",\"Chicago\",\"Deutsches Jazzfestival Frankfurt\",\"Eva Kruse\",\"Festival\",\"Frankfurt\",\"Gerry Mulligan\",\"Geschichte\",\"Halle\",\"Henning Sieverts\",\"Hessischer Rundfunk\",\"hr-Bigband\",\"JazzBaltica\",\"Jazzclub\",\"Jazzclub Unterfahrt\",\"Jazzfest\",\"Jazzfest Berlin\",\"Jazzfestival\",\"Jazzpiano\",\"Jazzstudio N\u00fcrnberg\",\"jazztime\",\"Jazzzeitung\",\"Joachim K\u00fchn\",\"Klassik\",\"Konzert\",\"Konzerte\",\"Kruse\",\"Kultur\",\"marcus woelfle\",\"Matthias Schriefl\",\"Miles Davis\",\"NDR\",\"Newcomer\",\"N\u00fcrnberg\",\"Piano\",\"Pop\",\"Radio\",\"Ralf Dombrowski\",\"Regensburg\",\"Richard Williams\",\"Roland Spiegel\",\"Rundfunk\",\"SOFIA\",\"Spiegel\",\"Ssirus W. Pakzad\",\"Unterfahrt\",\"Vincent Peirani\",\"Wolfgang Haffner\"],\"articleSection\":[\"News\"],\"inLanguage\":\"de\",\"potentialAction\":[{\"@type\":\"CommentAction\",\"name\":\"Comment\",\"target\":[\"https:\\\/\\\/www.jazzzeitung.de\\\/cms\\\/2015\\\/10\\\/jazz-im-radio\\\/#respond\"]}]},{\"@type\":\"WebPage\",\"@id\":\"https:\\\/\\\/www.jazzzeitung.de\\\/cms\\\/2015\\\/10\\\/jazz-im-radio\\\/\",\"url\":\"https:\\\/\\\/www.jazzzeitung.de\\\/cms\\\/2015\\\/10\\\/jazz-im-radio\\\/\",\"name\":\"Jazz im Radio - JazzZeitung\",\"isPartOf\":{\"@id\":\"https:\\\/\\\/www.jazzzeitung.de\\\/cms\\\/#website\"},\"primaryImageOfPage\":{\"@id\":\"https:\\\/\\\/www.jazzzeitung.de\\\/cms\\\/2015\\\/10\\\/jazz-im-radio\\\/#primaryimage\"},\"image\":{\"@id\":\"https:\\\/\\\/www.jazzzeitung.de\\\/cms\\\/2015\\\/10\\\/jazz-im-radio\\\/#primaryimage\"},\"thumbnailUrl\":\"http:\\\/\\\/www.jazzzeitung.de\\\/cms\\\/wp-content\\\/uploads\\\/2015\\\/10\\\/hr-Bigband.-Foto-150x150.jpg\",\"datePublished\":\"2015-10-10T08:00:57+00:00\",\"breadcrumb\":{\"@id\":\"https:\\\/\\\/www.jazzzeitung.de\\\/cms\\\/2015\\\/10\\\/jazz-im-radio\\\/#breadcrumb\"},\"inLanguage\":\"de\",\"potentialAction\":[{\"@type\":\"ReadAction\",\"target\":[\"https:\\\/\\\/www.jazzzeitung.de\\\/cms\\\/2015\\\/10\\\/jazz-im-radio\\\/\"]}]},{\"@type\":\"ImageObject\",\"inLanguage\":\"de\",\"@id\":\"https:\\\/\\\/www.jazzzeitung.de\\\/cms\\\/2015\\\/10\\\/jazz-im-radio\\\/#primaryimage\",\"url\":\"http:\\\/\\\/www.jazzzeitung.de\\\/cms\\\/wp-content\\\/uploads\\\/2015\\\/10\\\/hr-Bigband.-Foto-150x150.jpg\",\"contentUrl\":\"http:\\\/\\\/www.jazzzeitung.de\\\/cms\\\/wp-content\\\/uploads\\\/2015\\\/10\\\/hr-Bigband.-Foto-150x150.jpg\"},{\"@type\":\"BreadcrumbList\",\"@id\":\"https:\\\/\\\/www.jazzzeitung.de\\\/cms\\\/2015\\\/10\\\/jazz-im-radio\\\/#breadcrumb\",\"itemListElement\":[{\"@type\":\"ListItem\",\"position\":1,\"name\":\"Startseite\",\"item\":\"https:\\\/\\\/www.jazzzeitung.de\\\/cms\\\/\"},{\"@type\":\"ListItem\",\"position\":2,\"name\":\"Jazz im Radio\"}]},{\"@type\":\"WebSite\",\"@id\":\"https:\\\/\\\/www.jazzzeitung.de\\\/cms\\\/#website\",\"url\":\"https:\\\/\\\/www.jazzzeitung.de\\\/cms\\\/\",\"name\":\"JazzZeitung\",\"description\":\"Jazz-News und Jazz-Kontroverses\",\"publisher\":{\"@id\":\"https:\\\/\\\/www.jazzzeitung.de\\\/cms\\\/#organization\"},\"potentialAction\":[{\"@type\":\"SearchAction\",\"target\":{\"@type\":\"EntryPoint\",\"urlTemplate\":\"https:\\\/\\\/www.jazzzeitung.de\\\/cms\\\/?s={search_term_string}\"},\"query-input\":{\"@type\":\"PropertyValueSpecification\",\"valueRequired\":true,\"valueName\":\"search_term_string\"}}],\"inLanguage\":\"de\"},{\"@type\":\"Organization\",\"@id\":\"https:\\\/\\\/www.jazzzeitung.de\\\/cms\\\/#organization\",\"name\":\"JazzZeitung online\",\"url\":\"https:\\\/\\\/www.jazzzeitung.de\\\/cms\\\/\",\"logo\":{\"@type\":\"ImageObject\",\"inLanguage\":\"de\",\"@id\":\"https:\\\/\\\/www.jazzzeitung.de\\\/cms\\\/#\\\/schema\\\/logo\\\/image\\\/\",\"url\":\"https:\\\/\\\/i0.wp.com\\\/www.jazzzeitung.de\\\/cms\\\/wp-content\\\/uploads\\\/2015\\\/08\\\/JAZZZEITUNGDE_Logo_Neu.png?fit=499%2C200&ssl=1\",\"contentUrl\":\"https:\\\/\\\/i0.wp.com\\\/www.jazzzeitung.de\\\/cms\\\/wp-content\\\/uploads\\\/2015\\\/08\\\/JAZZZEITUNGDE_Logo_Neu.png?fit=499%2C200&ssl=1\",\"width\":499,\"height\":200,\"caption\":\"JazzZeitung online\"},\"image\":{\"@id\":\"https:\\\/\\\/www.jazzzeitung.de\\\/cms\\\/#\\\/schema\\\/logo\\\/image\\\/\"},\"sameAs\":[\"https:\\\/\\\/www.facebook.com\\\/JazzZeitung\\\/\"]},{\"@type\":\"Person\",\"@id\":\"https:\\\/\\\/www.jazzzeitung.de\\\/cms\\\/#\\\/schema\\\/person\\\/2245b36b9cd1d24cea10f01c031fb92b\",\"name\":\"Redaktion JazzZeitung\",\"image\":{\"@type\":\"ImageObject\",\"inLanguage\":\"de\",\"@id\":\"https:\\\/\\\/i0.wp.com\\\/www.jazzzeitung.de\\\/cms\\\/wp-content\\\/uploads\\\/2015\\\/08\\\/JAZZZEITUNGDE_Logo_Neu.png?resize=96%2C96&ssl=159975dcacb611b5700bd619b5daf0a7a\",\"url\":\"https:\\\/\\\/i0.wp.com\\\/www.jazzzeitung.de\\\/cms\\\/wp-content\\\/uploads\\\/2015\\\/08\\\/JAZZZEITUNGDE_Logo_Neu.png?resize=96%2C96&ssl=1\",\"contentUrl\":\"https:\\\/\\\/i0.wp.com\\\/www.jazzzeitung.de\\\/cms\\\/wp-content\\\/uploads\\\/2015\\\/08\\\/JAZZZEITUNGDE_Logo_Neu.png?resize=96%2C96&ssl=1\",\"caption\":\"Redaktion JazzZeitung\"},\"description\":\"Artikel der Redaktion der JazzZeitung.\",\"sameAs\":[\"http:\\\/\\\/www.jazzzeitung.de\\\/cms\\\/\"],\"url\":\"https:\\\/\\\/www.jazzzeitung.de\\\/cms\\\/author\\\/redaktion\\\/\"}]}<\/script>\n<!-- \/ Yoast SEO plugin. -->","yoast_head_json":{"title":"Jazz im Radio - JazzZeitung","robots":{"index":"index","follow":"follow","max-snippet":"max-snippet:-1","max-image-preview":"max-image-preview:large","max-video-preview":"max-video-preview:-1"},"canonical":"https:\/\/www.jazzzeitung.de\/cms\/2015\/10\/jazz-im-radio\/","og_locale":"de_DE","og_type":"article","og_title":"Jazz im Radio - JazzZeitung","og_description":"Die Herbstmonate sind Hochsaison, was Live-Acts angeht. Wer dennoch nicht sein Zuhause verlassen will \u2013 denn mit dem Verlassen der eigenen vier W\u00e4nde beginnt ja bekanntlich das gesamte Ungl\u00fcck der Menschheit, f\u00fcr den hat die Jazzzeitung.de -Redaktion ein paar Radio-Empfehlungen ausgesucht. &nbsp; hr2 Live-Jazz SA. 24.1 OKT\/19.05-20.00h HENRY THREADGILL SEXTET Henry Threadgill,, sax, fl | Frank Lacy, tb | Rasul Sidik, tb | Deidre Murray, cello | Fred Hopkins, b | Newman Baker. dr | Yaron Israel, dr | Ein Mitschnitt vom 21. Deutschen Jazzfestival Frankfurt 1988, VON CLAUS GNICHWITZ SO 25. OKT\/19.05-20.00h DIE HR-BIGBAND: Konzerte und Produktionen u.a. mit: \u201cIncomprendido\u201d \u2013 hr-Bigband feat. Miguel Zen\u00f3n, cond. by Mike Holober, Frankfurt am Main, Instituto Cervantes, September 2012, Teil 1 VON DANIELLA BAUMEISTER &nbsp; SWR2 SA 17. OKT \u2044 20:30 \u2013 22:45 UHR DONAUESCHINGER MUSIKTAGE \u2013 LIVE NOWJAZZ SESSION ACOUSTIC &amp; ELECTRIC HABITAT Die d\u00e4nische Saxofonistin Lotte Anker im Trio und Sextett mit Sofia Jernberg Thomas Lehn \u2044 Ikue Mori \u2044 Sten Sandell und Michael Vorfeld AM MIKROFON: JULIA NEUPERT SAMSTAG \u2044 17. OKTOBER \u2044 22:45 \u2013 24:00 UHR DONAUESCHINGER MUSIKTAGE NOWJAZZ DONAU.PHON VON HARRY LACHNER &hellip;","og_url":"https:\/\/www.jazzzeitung.de\/cms\/2015\/10\/jazz-im-radio\/","og_site_name":"JazzZeitung","article_publisher":"https:\/\/www.facebook.com\/JazzZeitung\/","article_published_time":"2015-10-10T08:00:57+00:00","og_image":[{"url":"http:\/\/www.jazzzeitung.de\/cms\/wp-content\/uploads\/2015\/10\/hr-Bigband.-Foto-150x150.jpg","type":"","width":"","height":""}],"author":"Redaktion JazzZeitung","schema":{"@context":"https:\/\/schema.org","@graph":[{"@type":"Article","@id":"https:\/\/www.jazzzeitung.de\/cms\/2015\/10\/jazz-im-radio\/#article","isPartOf":{"@id":"https:\/\/www.jazzzeitung.de\/cms\/2015\/10\/jazz-im-radio\/"},"author":{"name":"Redaktion JazzZeitung","@id":"https:\/\/www.jazzzeitung.de\/cms\/#\/schema\/person\/2245b36b9cd1d24cea10f01c031fb92b"},"headline":"Jazz im Radio","datePublished":"2015-10-10T08:00:57+00:00","mainEntityOfPage":{"@id":"https:\/\/www.jazzzeitung.de\/cms\/2015\/10\/jazz-im-radio\/"},"wordCount":712,"commentCount":0,"publisher":{"@id":"https:\/\/www.jazzzeitung.de\/cms\/#organization"},"image":{"@id":"https:\/\/www.jazzzeitung.de\/cms\/2015\/10\/jazz-im-radio\/#primaryimage"},"thumbnailUrl":"http:\/\/www.jazzzeitung.de\/cms\/wp-content\/uploads\/2015\/10\/hr-Bigband.-Foto-150x150.jpg","keywords":["ARD","Beate Sampson","Benjamin Schaefer","Berlin","Bert Noglik","Bigband","Bill Ramsey","Br-Klassik","B\u00fchne frei im Studio 2","CD","Chet Baker","Chicago","Deutsches Jazzfestival Frankfurt","Eva Kruse","Festival","Frankfurt","Gerry Mulligan","Geschichte","Halle","Henning Sieverts","Hessischer Rundfunk","hr-Bigband","JazzBaltica","Jazzclub","Jazzclub Unterfahrt","Jazzfest","Jazzfest Berlin","Jazzfestival","Jazzpiano","Jazzstudio N\u00fcrnberg","jazztime","Jazzzeitung","Joachim K\u00fchn","Klassik","Konzert","Konzerte","Kruse","Kultur","marcus woelfle","Matthias Schriefl","Miles Davis","NDR","Newcomer","N\u00fcrnberg","Piano","Pop","Radio","Ralf Dombrowski","Regensburg","Richard Williams","Roland Spiegel","Rundfunk","SOFIA","Spiegel","Ssirus W. Pakzad","Unterfahrt","Vincent Peirani","Wolfgang Haffner"],"articleSection":["News"],"inLanguage":"de","potentialAction":[{"@type":"CommentAction","name":"Comment","target":["https:\/\/www.jazzzeitung.de\/cms\/2015\/10\/jazz-im-radio\/#respond"]}]},{"@type":"WebPage","@id":"https:\/\/www.jazzzeitung.de\/cms\/2015\/10\/jazz-im-radio\/","url":"https:\/\/www.jazzzeitung.de\/cms\/2015\/10\/jazz-im-radio\/","name":"Jazz im Radio - JazzZeitung","isPartOf":{"@id":"https:\/\/www.jazzzeitung.de\/cms\/#website"},"primaryImageOfPage":{"@id":"https:\/\/www.jazzzeitung.de\/cms\/2015\/10\/jazz-im-radio\/#primaryimage"},"image":{"@id":"https:\/\/www.jazzzeitung.de\/cms\/2015\/10\/jazz-im-radio\/#primaryimage"},"thumbnailUrl":"http:\/\/www.jazzzeitung.de\/cms\/wp-content\/uploads\/2015\/10\/hr-Bigband.-Foto-150x150.jpg","datePublished":"2015-10-10T08:00:57+00:00","breadcrumb":{"@id":"https:\/\/www.jazzzeitung.de\/cms\/2015\/10\/jazz-im-radio\/#breadcrumb"},"inLanguage":"de","potentialAction":[{"@type":"ReadAction","target":["https:\/\/www.jazzzeitung.de\/cms\/2015\/10\/jazz-im-radio\/"]}]},{"@type":"ImageObject","inLanguage":"de","@id":"https:\/\/www.jazzzeitung.de\/cms\/2015\/10\/jazz-im-radio\/#primaryimage","url":"http:\/\/www.jazzzeitung.de\/cms\/wp-content\/uploads\/2015\/10\/hr-Bigband.-Foto-150x150.jpg","contentUrl":"http:\/\/www.jazzzeitung.de\/cms\/wp-content\/uploads\/2015\/10\/hr-Bigband.-Foto-150x150.jpg"},{"@type":"BreadcrumbList","@id":"https:\/\/www.jazzzeitung.de\/cms\/2015\/10\/jazz-im-radio\/#breadcrumb","itemListElement":[{"@type":"ListItem","position":1,"name":"Startseite","item":"https:\/\/www.jazzzeitung.de\/cms\/"},{"@type":"ListItem","position":2,"name":"Jazz im Radio"}]},{"@type":"WebSite","@id":"https:\/\/www.jazzzeitung.de\/cms\/#website","url":"https:\/\/www.jazzzeitung.de\/cms\/","name":"JazzZeitung","description":"Jazz-News und Jazz-Kontroverses","publisher":{"@id":"https:\/\/www.jazzzeitung.de\/cms\/#organization"},"potentialAction":[{"@type":"SearchAction","target":{"@type":"EntryPoint","urlTemplate":"https:\/\/www.jazzzeitung.de\/cms\/?s={search_term_string}"},"query-input":{"@type":"PropertyValueSpecification","valueRequired":true,"valueName":"search_term_string"}}],"inLanguage":"de"},{"@type":"Organization","@id":"https:\/\/www.jazzzeitung.de\/cms\/#organization","name":"JazzZeitung online","url":"https:\/\/www.jazzzeitung.de\/cms\/","logo":{"@type":"ImageObject","inLanguage":"de","@id":"https:\/\/www.jazzzeitung.de\/cms\/#\/schema\/logo\/image\/","url":"https:\/\/i0.wp.com\/www.jazzzeitung.de\/cms\/wp-content\/uploads\/2015\/08\/JAZZZEITUNGDE_Logo_Neu.png?fit=499%2C200&ssl=1","contentUrl":"https:\/\/i0.wp.com\/www.jazzzeitung.de\/cms\/wp-content\/uploads\/2015\/08\/JAZZZEITUNGDE_Logo_Neu.png?fit=499%2C200&ssl=1","width":499,"height":200,"caption":"JazzZeitung online"},"image":{"@id":"https:\/\/www.jazzzeitung.de\/cms\/#\/schema\/logo\/image\/"},"sameAs":["https:\/\/www.facebook.com\/JazzZeitung\/"]},{"@type":"Person","@id":"https:\/\/www.jazzzeitung.de\/cms\/#\/schema\/person\/2245b36b9cd1d24cea10f01c031fb92b","name":"Redaktion JazzZeitung","image":{"@type":"ImageObject","inLanguage":"de","@id":"https:\/\/i0.wp.com\/www.jazzzeitung.de\/cms\/wp-content\/uploads\/2015\/08\/JAZZZEITUNGDE_Logo_Neu.png?resize=96%2C96&ssl=159975dcacb611b5700bd619b5daf0a7a","url":"https:\/\/i0.wp.com\/www.jazzzeitung.de\/cms\/wp-content\/uploads\/2015\/08\/JAZZZEITUNGDE_Logo_Neu.png?resize=96%2C96&ssl=1","contentUrl":"https:\/\/i0.wp.com\/www.jazzzeitung.de\/cms\/wp-content\/uploads\/2015\/08\/JAZZZEITUNGDE_Logo_Neu.png?resize=96%2C96&ssl=1","caption":"Redaktion JazzZeitung"},"description":"Artikel der Redaktion der JazzZeitung.","sameAs":["http:\/\/www.jazzzeitung.de\/cms\/"],"url":"https:\/\/www.jazzzeitung.de\/cms\/author\/redaktion\/"}]}},"wp-worthy-pixel":{"ignored":false,"public":null,"server":null,"url":null},"wp-worthy-type":"normal","jetpack_publicize_connections":[],"cc_featured_image_caption":{"caption_text":false,"source_text":false,"source_url":false},"jetpack_featured_media_url":"","jetpack_shortlink":"https:\/\/wp.me\/p3KEcT-1Oj","jetpack-related-posts":[{"id":13658,"url":"https:\/\/www.jazzzeitung.de\/cms\/2017\/10\/die-jazz-radio-woche-vom-10-10-bis-15-10-2017\/","url_meta":{"origin":6963,"position":0},"title":"Die Jazz-Radio-Woche vom 10.10. bis 15.10.2017","author":"Huflaikhan","date":"8. Oktober 2017","format":false,"excerpt":"Ein subjektiver Blick in die Jazzwoche im Radio. Schwerpunkt ist selbstverst\u00e4ndlich Thelonious Monks 100. Geburtstag. Weiters gibt es zum Beispiel: Michel Camilo & Tomatito, Babette Michel, Portr\u00e4t der Saxofonistin und Komponistin Angelika Niescier, Emile Parisien Quartet und das Trio Idioma, John Patitucci, Pianoduo Iana mit Christine Wodrascka und Betty Hovette,\u2026","rel":"","context":"In &quot;Radio&quot;","block_context":{"text":"Radio","link":"https:\/\/www.jazzzeitung.de\/cms\/thema\/radio\/"},"img":{"alt_text":"Jazz im Radio","src":"https:\/\/i0.wp.com\/www.jazzzeitung.de\/cms\/wp-content\/uploads\/2017\/10\/radio-jazz-neu.jpg?fit=1200%2C900&ssl=1&resize=350%2C200","width":350,"height":200,"srcset":"https:\/\/i0.wp.com\/www.jazzzeitung.de\/cms\/wp-content\/uploads\/2017\/10\/radio-jazz-neu.jpg?fit=1200%2C900&ssl=1&resize=350%2C200 1x, https:\/\/i0.wp.com\/www.jazzzeitung.de\/cms\/wp-content\/uploads\/2017\/10\/radio-jazz-neu.jpg?fit=1200%2C900&ssl=1&resize=525%2C300 1.5x, https:\/\/i0.wp.com\/www.jazzzeitung.de\/cms\/wp-content\/uploads\/2017\/10\/radio-jazz-neu.jpg?fit=1200%2C900&ssl=1&resize=700%2C400 2x, https:\/\/i0.wp.com\/www.jazzzeitung.de\/cms\/wp-content\/uploads\/2017\/10\/radio-jazz-neu.jpg?fit=1200%2C900&ssl=1&resize=1050%2C600 3x"},"classes":[]},{"id":17841,"url":"https:\/\/www.jazzzeitung.de\/cms\/2018\/11\/news-jazzclub-bruchsal-praesentiertbarbara-dennerlein-konzertfinale-des-jungen-muenchner-jazzpreises-2018-bund-foerdert-moers-festival-bis-2023-mit-14-millionen\/","url_meta":{"origin":6963,"position":1},"title":"+++ news +++ Jazzclub Bruchsal pr\u00e4sentiert\u00a0Barbara Dennerlein +++ Konzertfinale des Jungen M\u00fcnchner Jazzpreises 2018 +++ Bund f\u00f6rdert moers festival bis 2023 mit 1,4 Millionen","author":"Redaktion JazzZeitung","date":"9. November 2018","format":false,"excerpt":"+++ Jazzclub Bruchsal pr\u00e4sentiert\u00a0Barbara Dennerlein \u2013 Solo Adventskonzert +++ Ihre CDs wurden mit Auszeichnungen, mehrfach mit Jazz Awards und dem Preis der deutschen Schallplattenkritik bedacht, ihre CD \u201eTake Off\u201c (Verve\/Universal) erreichte sogar Platz 1 der Jazz-Charts und wurde als meistverkauftes Jazz-Album gefeiert. Barbara Dennerlein geh\u00f6rt zum Kreis der wenigen deutschen\u2026","rel":"","context":"In &quot;News&quot;","block_context":{"text":"News","link":"https:\/\/www.jazzzeitung.de\/cms\/thema\/nachrichten\/"},"img":{"alt_text":"","src":"https:\/\/i0.wp.com\/www.jazzzeitung.de\/cms\/wp-content\/uploads\/2018\/11\/DennerleinPresse.jpg?fit=1040%2C1200&ssl=1&resize=350%2C200","width":350,"height":200,"srcset":"https:\/\/i0.wp.com\/www.jazzzeitung.de\/cms\/wp-content\/uploads\/2018\/11\/DennerleinPresse.jpg?fit=1040%2C1200&ssl=1&resize=350%2C200 1x, https:\/\/i0.wp.com\/www.jazzzeitung.de\/cms\/wp-content\/uploads\/2018\/11\/DennerleinPresse.jpg?fit=1040%2C1200&ssl=1&resize=525%2C300 1.5x, https:\/\/i0.wp.com\/www.jazzzeitung.de\/cms\/wp-content\/uploads\/2018\/11\/DennerleinPresse.jpg?fit=1040%2C1200&ssl=1&resize=700%2C400 2x"},"classes":[]},{"id":20852,"url":"https:\/\/www.jazzzeitung.de\/cms\/2019\/10\/die-hr-bigband-im-november-2019-mit-donny-mccaslin\/","url_meta":{"origin":6963,"position":2},"title":"Die hr-Bigband im November 2019 &#8211; mit Donny McCaslin","author":"Redaktion JazzZeitung","date":"8. Oktober 2019","format":false,"excerpt":"Nach einem Ausflug zum Berliner Jazzfest l\u00e4dt sich die hr-Bigband den ber\u00fchmten Saxofonisten Donny McCaslin ein. HR-BIGBAND im November Donnerstag, 7., und Freitag, 8. November, 20 Uhr: Jazzclub im Studio II Oliver Leicht (Acht.);\u00a0Paul H\u00f6chst\u00e4dter Energy Quintet Zwei Abende f\u00fcr die pers\u00f6nlichen Projekte einzelner hr-Bigband-Mitglieder. Schlagzeuger Jean Paul H\u00f6chst\u00e4dter pr\u00e4sentiert\u2026","rel":"","context":"In &quot;News&quot;","block_context":{"text":"News","link":"https:\/\/www.jazzzeitung.de\/cms\/thema\/nachrichten\/"},"img":{"alt_text":"","src":"https:\/\/i0.wp.com\/www.jazzzeitung.de\/cms\/wp-content\/uploads\/2019\/10\/hr-bigband-122.jpg?fit=1200%2C800&ssl=1&resize=350%2C200","width":350,"height":200,"srcset":"https:\/\/i0.wp.com\/www.jazzzeitung.de\/cms\/wp-content\/uploads\/2019\/10\/hr-bigband-122.jpg?fit=1200%2C800&ssl=1&resize=350%2C200 1x, https:\/\/i0.wp.com\/www.jazzzeitung.de\/cms\/wp-content\/uploads\/2019\/10\/hr-bigband-122.jpg?fit=1200%2C800&ssl=1&resize=525%2C300 1.5x, https:\/\/i0.wp.com\/www.jazzzeitung.de\/cms\/wp-content\/uploads\/2019\/10\/hr-bigband-122.jpg?fit=1200%2C800&ssl=1&resize=700%2C400 2x, https:\/\/i0.wp.com\/www.jazzzeitung.de\/cms\/wp-content\/uploads\/2019\/10\/hr-bigband-122.jpg?fit=1200%2C800&ssl=1&resize=1050%2C600 3x"},"classes":[]},{"id":6071,"url":"https:\/\/www.jazzzeitung.de\/cms\/2015\/05\/lag-jazzpreis-2015-das-konstantin-herleinsberger-4tet-im-herbst-auf-bayerntour\/","url_meta":{"origin":6963,"position":3},"title":"LAG-Jazzpreis 2015: Das \u201eKonstantin Herleinsberger 4tet\u201c im Herbst auf Bayerntour","author":"Redaktion JazzZeitung","date":"6. Mai 2015","format":false,"excerpt":"Mit einer Fotogalerie von Ralf Dombrowski - Im Herbst wird das Quartett des jungen N\u00fcrnberger Saxophonisten Konstantin Herleinsberger den LAG-Jazzpreis einl\u00f6sen, den es am 28.4. beim Hansj\u00fcrg Hensler Wettbewerb im Rahmen des Kemptener Jazz-Fr\u00fchlings gewonnen hat. Der Preis ist eine Tournee durch bayerische Jazzclubs, die von der Landesarbeitsgemeinschaft (LAG) Jazz\u2026","rel":"","context":"In &quot;Bericht&quot;","block_context":{"text":"Bericht","link":"https:\/\/www.jazzzeitung.de\/cms\/thema\/bericht\/"},"img":{"alt_text":"","src":"https:\/\/i0.wp.com\/www.jazzzeitung.de\/cms\/wp-content\/uploads\/2015\/05\/0K3A3551-Jury-dombr.jpg?resize=350%2C200","width":350,"height":200,"srcset":"https:\/\/i0.wp.com\/www.jazzzeitung.de\/cms\/wp-content\/uploads\/2015\/05\/0K3A3551-Jury-dombr.jpg?resize=350%2C200 1x, https:\/\/i0.wp.com\/www.jazzzeitung.de\/cms\/wp-content\/uploads\/2015\/05\/0K3A3551-Jury-dombr.jpg?resize=525%2C300 1.5x, https:\/\/i0.wp.com\/www.jazzzeitung.de\/cms\/wp-content\/uploads\/2015\/05\/0K3A3551-Jury-dombr.jpg?resize=700%2C400 2x, https:\/\/i0.wp.com\/www.jazzzeitung.de\/cms\/wp-content\/uploads\/2015\/05\/0K3A3551-Jury-dombr.jpg?resize=1050%2C600 3x"},"classes":[]},{"id":11991,"url":"https:\/\/www.jazzzeitung.de\/cms\/2017\/03\/die-finalisten-des-bmw-welt-jazz-award-2017-renaud-garcia-fons-und-eva-kruse\/","url_meta":{"origin":6963,"position":4},"title":"Die Finalisten des BMW Welt Jazz Award 2017: Renaud Garcia-Fons und Eva Kruse","author":"Redaktion JazzZeitung","date":"16. M\u00e4rz 2017","format":false,"excerpt":"Die renommierte Jury des BMW Welt Jazz Award hat sich f\u00fcr folgende Kontrahenten im Finale 2017 entschieden: der Franzose Renaud Garcia-Fons und die aus Deutschland stammende Eva Kruse treten am 6. Mai gegeneinander im Auditorium der BMW Welt an. Das Sieger-Ensemble wird mit einem Preisgeld von 10.000 Euro und einer\u2026","rel":"","context":"In &quot;News&quot;","block_context":{"text":"News","link":"https:\/\/www.jazzzeitung.de\/cms\/thema\/nachrichten\/"},"img":{"alt_text":"","src":"https:\/\/i0.wp.com\/www.jazzzeitung.de\/cms\/wp-content\/uploads\/2017\/02\/Garcia-Fons-P1210550-Foto-TJ-Krebs.jpg?resize=350%2C200","width":350,"height":200,"srcset":"https:\/\/i0.wp.com\/www.jazzzeitung.de\/cms\/wp-content\/uploads\/2017\/02\/Garcia-Fons-P1210550-Foto-TJ-Krebs.jpg?resize=350%2C200 1x, https:\/\/i0.wp.com\/www.jazzzeitung.de\/cms\/wp-content\/uploads\/2017\/02\/Garcia-Fons-P1210550-Foto-TJ-Krebs.jpg?resize=525%2C300 1.5x, https:\/\/i0.wp.com\/www.jazzzeitung.de\/cms\/wp-content\/uploads\/2017\/02\/Garcia-Fons-P1210550-Foto-TJ-Krebs.jpg?resize=700%2C400 2x, https:\/\/i0.wp.com\/www.jazzzeitung.de\/cms\/wp-content\/uploads\/2017\/02\/Garcia-Fons-P1210550-Foto-TJ-Krebs.jpg?resize=1050%2C600 3x"},"classes":[]},{"id":13488,"url":"https:\/\/www.jazzzeitung.de\/cms\/2017\/09\/maria-baptist-stellt-ihr-neues-album-poems-without-words-im-kulturkaufhaus-dussmann-in-berlin\/","url_meta":{"origin":6963,"position":5},"title":"Maria Baptist stellt ihr neues Album \u201ePoems without Words\u201c im Kulturkaufhaus Dussmann in Berlin","author":"Redaktion JazzZeitung","date":"10. September 2017","format":false,"excerpt":"Maria Baptist \u201eTrio plus One\u201c modifiziert zum Trio minus One. Einfacher gesagt: die Pianistin spielte im Duo mit Jan von Klewitz und stellt ihr neues Album \u201ePoems without Words\u201c im Kulturkaufhaus Dussmann vor. Das Konzert wurde als Kurzkonzert angek\u00fcndigt. Gute 50 Minuten erstklassische Musik verrinnen wie im Flug. Ein nicht\u2026","rel":"","context":"In &quot;Bericht&quot;","block_context":{"text":"Bericht","link":"https:\/\/www.jazzzeitung.de\/cms\/thema\/bericht\/"},"img":{"alt_text":"","src":"https:\/\/i0.wp.com\/www.jazzzeitung.de\/cms\/wp-content\/uploads\/2017\/09\/BAPTIST_Maria_IMGP3411-e1504705031301-150x150.jpg?resize=350%2C200&ssl=1","width":350,"height":200},"classes":[]}],"jetpack_sharing_enabled":true,"_links":{"self":[{"href":"https:\/\/www.jazzzeitung.de\/cms\/wp-json\/wp\/v2\/posts\/6963","targetHints":{"allow":["GET"]}}],"collection":[{"href":"https:\/\/www.jazzzeitung.de\/cms\/wp-json\/wp\/v2\/posts"}],"about":[{"href":"https:\/\/www.jazzzeitung.de\/cms\/wp-json\/wp\/v2\/types\/post"}],"author":[{"embeddable":true,"href":"https:\/\/www.jazzzeitung.de\/cms\/wp-json\/wp\/v2\/users\/18"}],"replies":[{"embeddable":true,"href":"https:\/\/www.jazzzeitung.de\/cms\/wp-json\/wp\/v2\/comments?post=6963"}],"version-history":[{"count":15,"href":"https:\/\/www.jazzzeitung.de\/cms\/wp-json\/wp\/v2\/posts\/6963\/revisions"}],"predecessor-version":[{"id":7329,"href":"https:\/\/www.jazzzeitung.de\/cms\/wp-json\/wp\/v2\/posts\/6963\/revisions\/7329"}],"wp:attachment":[{"href":"https:\/\/www.jazzzeitung.de\/cms\/wp-json\/wp\/v2\/media?parent=6963"}],"wp:term":[{"taxonomy":"category","embeddable":true,"href":"https:\/\/www.jazzzeitung.de\/cms\/wp-json\/wp\/v2\/categories?post=6963"},{"taxonomy":"post_tag","embeddable":true,"href":"https:\/\/www.jazzzeitung.de\/cms\/wp-json\/wp\/v2\/tags?post=6963"},{"taxonomy":"author","embeddable":true,"href":"https:\/\/www.jazzzeitung.de\/cms\/wp-json\/wp\/v2\/coauthors?post=6963"}],"curies":[{"name":"wp","href":"https:\/\/api.w.org\/{rel}","templated":true}]}}