{"id":6930,"date":"2015-09-01T09:10:20","date_gmt":"2015-09-01T07:10:20","guid":{"rendered":"http:\/\/www.jazzzeitung.de\/cms\/?p=6930"},"modified":"2015-09-01T09:39:14","modified_gmt":"2015-09-01T07:39:14","slug":"ausstellung-des-jazz-zirkel-weiden-e-v-jazz-zirkel-plakate-aus-40-jahren-2","status":"publish","type":"post","link":"https:\/\/www.jazzzeitung.de\/cms\/2015\/09\/ausstellung-des-jazz-zirkel-weiden-e-v-jazz-zirkel-plakate-aus-40-jahren-2\/","title":{"rendered":"Ausstellung des Jazz-Zirkel Weiden e.V.: Jazz-Zirkel Plakate aus 40 Jahren"},"content":{"rendered":"<p style=\"text-align: justify;\">Am Dienstag, den 15. September 2015 um 18.30 Uhr, wird im Neuen Rathaus in Weiden, die Ausstellung des Jazz-Zirkel Weiden e.V. von Jazz-Zirkel Plakaten aus 40 Jahren er\u00f6ffnet. Musikalisch begleitet wird der Er\u00f6ffnungsabend von <strong>The Sax Brothers<\/strong> mit Marshall Kean (Baritonsax), Dr. Reinhard Roth (Tenorsax), Alois Tr\u00e4ger (Altsax) und G\u00fcnter Geiss (Sopransax).<br \/>\nBis Sonntag, den 11. Oktober 2015, haben Interessierte die M\u00f6glichkeit die Ausstellung zu besuchen.<\/p>\n<p style=\"text-align: justify;\"><a href=\"https:\/\/i0.wp.com\/www.jazzzeitung.de\/cms\/wp-content\/uploads\/2015\/08\/Plakat.jpg\"><img data-recalc-dims=\"1\" loading=\"lazy\" decoding=\"async\" data-attachment-id=\"6931\" data-permalink=\"https:\/\/www.jazzzeitung.de\/cms\/2015\/09\/ausstellung-des-jazz-zirkel-weiden-e-v-jazz-zirkel-plakate-aus-40-jahren-2\/plakat\/\" data-orig-file=\"https:\/\/i0.wp.com\/www.jazzzeitung.de\/cms\/wp-content\/uploads\/2015\/08\/Plakat.jpg?fit=216%2C269&amp;ssl=1\" data-orig-size=\"216,269\" data-comments-opened=\"1\" data-image-meta=\"{&quot;aperture&quot;:&quot;0&quot;,&quot;credit&quot;:&quot;&quot;,&quot;camera&quot;:&quot;&quot;,&quot;caption&quot;:&quot;&quot;,&quot;created_timestamp&quot;:&quot;0&quot;,&quot;copyright&quot;:&quot;&quot;,&quot;focal_length&quot;:&quot;0&quot;,&quot;iso&quot;:&quot;0&quot;,&quot;shutter_speed&quot;:&quot;0&quot;,&quot;title&quot;:&quot;&quot;,&quot;orientation&quot;:&quot;0&quot;}\" data-image-title=\"Plakat\" data-image-description=\"\" data-image-caption=\"\" data-large-file=\"https:\/\/i0.wp.com\/www.jazzzeitung.de\/cms\/wp-content\/uploads\/2015\/08\/Plakat.jpg?fit=216%2C269&amp;ssl=1\" class=\"size-full wp-image-6931 alignleft\" src=\"https:\/\/i0.wp.com\/www.jazzzeitung.de\/cms\/wp-content\/uploads\/2015\/08\/Plakat.jpg?resize=216%2C269\" alt=\"Plakat\" width=\"216\" height=\"269\" \/><\/a><a href=\"https:\/\/i0.wp.com\/www.jazzzeitung.de\/cms\/wp-content\/uploads\/2015\/08\/Plakat2.jpg\"><img data-recalc-dims=\"1\" loading=\"lazy\" decoding=\"async\" data-attachment-id=\"6932\" data-permalink=\"https:\/\/www.jazzzeitung.de\/cms\/2015\/09\/ausstellung-des-jazz-zirkel-weiden-e-v-jazz-zirkel-plakate-aus-40-jahren-2\/plakat2\/\" data-orig-file=\"https:\/\/i0.wp.com\/www.jazzzeitung.de\/cms\/wp-content\/uploads\/2015\/08\/Plakat2.jpg?fit=209%2C266&amp;ssl=1\" data-orig-size=\"209,266\" data-comments-opened=\"1\" data-image-meta=\"{&quot;aperture&quot;:&quot;0&quot;,&quot;credit&quot;:&quot;&quot;,&quot;camera&quot;:&quot;&quot;,&quot;caption&quot;:&quot;&quot;,&quot;created_timestamp&quot;:&quot;0&quot;,&quot;copyright&quot;:&quot;&quot;,&quot;focal_length&quot;:&quot;0&quot;,&quot;iso&quot;:&quot;0&quot;,&quot;shutter_speed&quot;:&quot;0&quot;,&quot;title&quot;:&quot;&quot;,&quot;orientation&quot;:&quot;0&quot;}\" data-image-title=\"Plakat2\" data-image-description=\"\" data-image-caption=\"\" data-large-file=\"https:\/\/i0.wp.com\/www.jazzzeitung.de\/cms\/wp-content\/uploads\/2015\/08\/Plakat2.jpg?fit=209%2C266&amp;ssl=1\" class=\"aligncenter size-full wp-image-6932\" src=\"https:\/\/i0.wp.com\/www.jazzzeitung.de\/cms\/wp-content\/uploads\/2015\/08\/Plakat2.jpg?resize=209%2C266\" alt=\"Plakat2\" width=\"209\" height=\"266\" \/><\/a><\/p>\n<p style=\"text-align: justify;\">Zwischen diesen beiden Plakaten, die auf das allererste und das j\u00fcngste Konzert hinweisen, liegen 40 Jahre. 40 Jahre in denen der Jazz-Zirkel Weiden ein gutes St\u00fcck Weidener Kulturgeschichte und auch ein kleines St\u00fcck Jazzgeschichte geschrieben hat, denn viele der Musiker, die dort auftraten, leben nicht mehr.<br \/>\nNachdem Vereinsgr\u00fcnder Alfred Hertrich gleich mit zwei besonderen Talenten gesegnet ist, n\u00e4mlich Musik und Graphik, ist es fast schon eine Selbstverst\u00e4ndlichkeit, dass er seit 40 Jahren mit Leidenschaft und Perfektionismus die Plakate auf hohem k\u00fcnstlerischen Niveau mit unverwechselbarem Stil gestaltet.<br \/>\nUnd Louis Reitz, der zum Urgestein des Jazz-Zirkels geh\u00f6rt, hat \u00fcber 600 Plakate gesammelt, archiviert und obendrein Besetzungslisten von vielen Hunderten Musikern der jeweiligen Konzerte erstellt. Das Resultat dieser akribischen Kleinarbeit wird in der Ausstellung des Jazz-Zirkel Weiden e.V. zu sehen sein.<\/p>\n<p style=\"text-align: justify;\">Neues Rathaus, Dr. Pflegerstr., 92637 Weiden<br \/>\nDer Eintritt ist frei.<\/p>\n<p style=\"text-align: justify;\">Weitere Informationen unter <a href=\"http:\/\/jazz-zirkel-weiden.de\/#Plakate\">http:\/\/jazz-zirkel-weiden.de\/#Plakate<\/a><\/p>\n<p>&nbsp;<\/p>\n<p>&nbsp;<\/p>\n<p>&nbsp;<\/p>\n<p>&nbsp;<\/p>\n","protected":false},"excerpt":{"rendered":"<p>Am Dienstag, den 15. September 2015 um 18.30 Uhr, wird im Neuen Rathaus in Weiden, die Ausstellung des Jazz-Zirkel Weiden e.V. von Jazz-Zirkel Plakaten aus 40 Jahren er\u00f6ffnet. Musikalisch begleitet wird der Er\u00f6ffnungsabend von The Sax Brothers mit Marshall Kean (Baritonsax), Dr. Reinhard Roth (Tenorsax), Alois Tr\u00e4ger (Altsax) und G\u00fcnter Geiss (Sopransax). Bis Sonntag, den 11. Oktober 2015, haben Interessierte die M\u00f6glichkeit die Ausstellung zu besuchen. Zwischen diesen beiden Plakaten, die auf das allererste und das j\u00fcngste Konzert hinweisen, liegen 40 Jahre. 40 Jahre in denen der Jazz-Zirkel Weiden ein gutes St\u00fcck Weidener Kulturgeschichte und auch ein kleines St\u00fcck Jazzgeschichte geschrieben hat, denn viele der Musiker, die dort auftraten, leben nicht mehr. Nachdem Vereinsgr\u00fcnder Alfred Hertrich gleich mit zwei besonderen Talenten gesegnet ist, n\u00e4mlich Musik und Graphik, ist es fast schon eine Selbstverst\u00e4ndlichkeit, dass er seit 40 Jahren mit Leidenschaft und Perfektionismus die Plakate auf hohem k\u00fcnstlerischen Niveau mit unverwechselbarem Stil gestaltet. Und Louis Reitz, der zum Urgestein des Jazz-Zirkels geh\u00f6rt, hat \u00fcber 600 Plakate gesammelt, archiviert und obendrein Besetzungslisten von vielen Hunderten Musikern der jeweiligen Konzerte erstellt. Das Resultat dieser akribischen Kleinarbeit wird in &hellip;<\/p>\n","protected":false},"author":18,"featured_media":0,"comment_status":"open","ping_status":"closed","sticky":false,"template":"","format":"standard","meta":{"_jetpack_memberships_contains_paid_content":false,"footnotes":"","jetpack_publicize_message":"","jetpack_publicize_feature_enabled":true,"jetpack_social_post_already_shared":false,"jetpack_social_options":{"image_generator_settings":{"template":"highway","default_image_id":0,"font":"","enabled":false},"version":2}},"categories":[633],"tags":[1058,322,323],"coauthors":[695],"class_list":["post-6930","post","type-post","status-publish","format-standard","hentry","category-nachrichten","tag-jazzgeschichte","tag-konzert-2","tag-konzerte"],"yoast_head":"<!-- This site is optimized with the Yoast SEO plugin v27.5 - https:\/\/yoast.com\/product\/yoast-seo-wordpress\/ -->\n<title>Ausstellung des Jazz-Zirkel Weiden e.V.: Jazz-Zirkel Plakate aus 40 Jahren - JazzZeitung<\/title>\n<meta name=\"robots\" content=\"index, follow, max-snippet:-1, max-image-preview:large, max-video-preview:-1\" \/>\n<link rel=\"canonical\" href=\"https:\/\/www.jazzzeitung.de\/cms\/2015\/09\/ausstellung-des-jazz-zirkel-weiden-e-v-jazz-zirkel-plakate-aus-40-jahren-2\/\" \/>\n<meta property=\"og:locale\" content=\"de_DE\" \/>\n<meta property=\"og:type\" content=\"article\" \/>\n<meta property=\"og:title\" content=\"Ausstellung des Jazz-Zirkel Weiden e.V.: Jazz-Zirkel Plakate aus 40 Jahren - JazzZeitung\" \/>\n<meta property=\"og:description\" content=\"Am Dienstag, den 15. September 2015 um 18.30 Uhr, wird im Neuen Rathaus in Weiden, die Ausstellung des Jazz-Zirkel Weiden e.V. von Jazz-Zirkel Plakaten aus 40 Jahren er\u00f6ffnet. Musikalisch begleitet wird der Er\u00f6ffnungsabend von The Sax Brothers mit Marshall Kean (Baritonsax), Dr. Reinhard Roth (Tenorsax), Alois Tr\u00e4ger (Altsax) und G\u00fcnter Geiss (Sopransax). Bis Sonntag, den 11. Oktober 2015, haben Interessierte die M\u00f6glichkeit die Ausstellung zu besuchen. Zwischen diesen beiden Plakaten, die auf das allererste und das j\u00fcngste Konzert hinweisen, liegen 40 Jahre. 40 Jahre in denen der Jazz-Zirkel Weiden ein gutes St\u00fcck Weidener Kulturgeschichte und auch ein kleines St\u00fcck Jazzgeschichte geschrieben hat, denn viele der Musiker, die dort auftraten, leben nicht mehr. Nachdem Vereinsgr\u00fcnder Alfred Hertrich gleich mit zwei besonderen Talenten gesegnet ist, n\u00e4mlich Musik und Graphik, ist es fast schon eine Selbstverst\u00e4ndlichkeit, dass er seit 40 Jahren mit Leidenschaft und Perfektionismus die Plakate auf hohem k\u00fcnstlerischen Niveau mit unverwechselbarem Stil gestaltet. Und Louis Reitz, der zum Urgestein des Jazz-Zirkels geh\u00f6rt, hat \u00fcber 600 Plakate gesammelt, archiviert und obendrein Besetzungslisten von vielen Hunderten Musikern der jeweiligen Konzerte erstellt. Das Resultat dieser akribischen Kleinarbeit wird in &hellip;\" \/>\n<meta property=\"og:url\" content=\"https:\/\/www.jazzzeitung.de\/cms\/2015\/09\/ausstellung-des-jazz-zirkel-weiden-e-v-jazz-zirkel-plakate-aus-40-jahren-2\/\" \/>\n<meta property=\"og:site_name\" content=\"JazzZeitung\" \/>\n<meta property=\"article:publisher\" content=\"https:\/\/www.facebook.com\/JazzZeitung\/\" \/>\n<meta property=\"article:published_time\" content=\"2015-09-01T07:10:20+00:00\" \/>\n<meta property=\"article:modified_time\" content=\"2015-09-01T07:39:14+00:00\" \/>\n<meta property=\"og:image\" content=\"http:\/\/www.jazzzeitung.de\/cms\/wp-content\/uploads\/2015\/08\/Plakat.jpg\" \/>\n<meta name=\"author\" content=\"Redaktion JazzZeitung\" \/>\n<script type=\"application\/ld+json\" class=\"yoast-schema-graph\">{\"@context\":\"https:\\\/\\\/schema.org\",\"@graph\":[{\"@type\":\"Article\",\"@id\":\"https:\\\/\\\/www.jazzzeitung.de\\\/cms\\\/2015\\\/09\\\/ausstellung-des-jazz-zirkel-weiden-e-v-jazz-zirkel-plakate-aus-40-jahren-2\\\/#article\",\"isPartOf\":{\"@id\":\"https:\\\/\\\/www.jazzzeitung.de\\\/cms\\\/2015\\\/09\\\/ausstellung-des-jazz-zirkel-weiden-e-v-jazz-zirkel-plakate-aus-40-jahren-2\\\/\"},\"author\":{\"name\":\"Redaktion JazzZeitung\",\"@id\":\"https:\\\/\\\/www.jazzzeitung.de\\\/cms\\\/#\\\/schema\\\/person\\\/2245b36b9cd1d24cea10f01c031fb92b\"},\"headline\":\"Ausstellung des Jazz-Zirkel Weiden e.V.: Jazz-Zirkel Plakate aus 40 Jahren\",\"datePublished\":\"2015-09-01T07:10:20+00:00\",\"dateModified\":\"2015-09-01T07:39:14+00:00\",\"mainEntityOfPage\":{\"@id\":\"https:\\\/\\\/www.jazzzeitung.de\\\/cms\\\/2015\\\/09\\\/ausstellung-des-jazz-zirkel-weiden-e-v-jazz-zirkel-plakate-aus-40-jahren-2\\\/\"},\"wordCount\":229,\"commentCount\":0,\"publisher\":{\"@id\":\"https:\\\/\\\/www.jazzzeitung.de\\\/cms\\\/#organization\"},\"image\":{\"@id\":\"https:\\\/\\\/www.jazzzeitung.de\\\/cms\\\/2015\\\/09\\\/ausstellung-des-jazz-zirkel-weiden-e-v-jazz-zirkel-plakate-aus-40-jahren-2\\\/#primaryimage\"},\"thumbnailUrl\":\"http:\\\/\\\/www.jazzzeitung.de\\\/cms\\\/wp-content\\\/uploads\\\/2015\\\/08\\\/Plakat.jpg\",\"keywords\":[\"Jazzgeschichte\",\"Konzert\",\"Konzerte\"],\"articleSection\":[\"News\"],\"inLanguage\":\"de\",\"potentialAction\":[{\"@type\":\"CommentAction\",\"name\":\"Comment\",\"target\":[\"https:\\\/\\\/www.jazzzeitung.de\\\/cms\\\/2015\\\/09\\\/ausstellung-des-jazz-zirkel-weiden-e-v-jazz-zirkel-plakate-aus-40-jahren-2\\\/#respond\"]}]},{\"@type\":\"WebPage\",\"@id\":\"https:\\\/\\\/www.jazzzeitung.de\\\/cms\\\/2015\\\/09\\\/ausstellung-des-jazz-zirkel-weiden-e-v-jazz-zirkel-plakate-aus-40-jahren-2\\\/\",\"url\":\"https:\\\/\\\/www.jazzzeitung.de\\\/cms\\\/2015\\\/09\\\/ausstellung-des-jazz-zirkel-weiden-e-v-jazz-zirkel-plakate-aus-40-jahren-2\\\/\",\"name\":\"Ausstellung des Jazz-Zirkel Weiden e.V.: Jazz-Zirkel Plakate aus 40 Jahren - JazzZeitung\",\"isPartOf\":{\"@id\":\"https:\\\/\\\/www.jazzzeitung.de\\\/cms\\\/#website\"},\"primaryImageOfPage\":{\"@id\":\"https:\\\/\\\/www.jazzzeitung.de\\\/cms\\\/2015\\\/09\\\/ausstellung-des-jazz-zirkel-weiden-e-v-jazz-zirkel-plakate-aus-40-jahren-2\\\/#primaryimage\"},\"image\":{\"@id\":\"https:\\\/\\\/www.jazzzeitung.de\\\/cms\\\/2015\\\/09\\\/ausstellung-des-jazz-zirkel-weiden-e-v-jazz-zirkel-plakate-aus-40-jahren-2\\\/#primaryimage\"},\"thumbnailUrl\":\"http:\\\/\\\/www.jazzzeitung.de\\\/cms\\\/wp-content\\\/uploads\\\/2015\\\/08\\\/Plakat.jpg\",\"datePublished\":\"2015-09-01T07:10:20+00:00\",\"dateModified\":\"2015-09-01T07:39:14+00:00\",\"breadcrumb\":{\"@id\":\"https:\\\/\\\/www.jazzzeitung.de\\\/cms\\\/2015\\\/09\\\/ausstellung-des-jazz-zirkel-weiden-e-v-jazz-zirkel-plakate-aus-40-jahren-2\\\/#breadcrumb\"},\"inLanguage\":\"de\",\"potentialAction\":[{\"@type\":\"ReadAction\",\"target\":[\"https:\\\/\\\/www.jazzzeitung.de\\\/cms\\\/2015\\\/09\\\/ausstellung-des-jazz-zirkel-weiden-e-v-jazz-zirkel-plakate-aus-40-jahren-2\\\/\"]}]},{\"@type\":\"ImageObject\",\"inLanguage\":\"de\",\"@id\":\"https:\\\/\\\/www.jazzzeitung.de\\\/cms\\\/2015\\\/09\\\/ausstellung-des-jazz-zirkel-weiden-e-v-jazz-zirkel-plakate-aus-40-jahren-2\\\/#primaryimage\",\"url\":\"http:\\\/\\\/www.jazzzeitung.de\\\/cms\\\/wp-content\\\/uploads\\\/2015\\\/08\\\/Plakat.jpg\",\"contentUrl\":\"http:\\\/\\\/www.jazzzeitung.de\\\/cms\\\/wp-content\\\/uploads\\\/2015\\\/08\\\/Plakat.jpg\"},{\"@type\":\"BreadcrumbList\",\"@id\":\"https:\\\/\\\/www.jazzzeitung.de\\\/cms\\\/2015\\\/09\\\/ausstellung-des-jazz-zirkel-weiden-e-v-jazz-zirkel-plakate-aus-40-jahren-2\\\/#breadcrumb\",\"itemListElement\":[{\"@type\":\"ListItem\",\"position\":1,\"name\":\"Startseite\",\"item\":\"https:\\\/\\\/www.jazzzeitung.de\\\/cms\\\/\"},{\"@type\":\"ListItem\",\"position\":2,\"name\":\"Ausstellung des Jazz-Zirkel Weiden e.V.: Jazz-Zirkel Plakate aus 40 Jahren\"}]},{\"@type\":\"WebSite\",\"@id\":\"https:\\\/\\\/www.jazzzeitung.de\\\/cms\\\/#website\",\"url\":\"https:\\\/\\\/www.jazzzeitung.de\\\/cms\\\/\",\"name\":\"JazzZeitung\",\"description\":\"Jazz-News und Jazz-Kontroverses\",\"publisher\":{\"@id\":\"https:\\\/\\\/www.jazzzeitung.de\\\/cms\\\/#organization\"},\"potentialAction\":[{\"@type\":\"SearchAction\",\"target\":{\"@type\":\"EntryPoint\",\"urlTemplate\":\"https:\\\/\\\/www.jazzzeitung.de\\\/cms\\\/?s={search_term_string}\"},\"query-input\":{\"@type\":\"PropertyValueSpecification\",\"valueRequired\":true,\"valueName\":\"search_term_string\"}}],\"inLanguage\":\"de\"},{\"@type\":\"Organization\",\"@id\":\"https:\\\/\\\/www.jazzzeitung.de\\\/cms\\\/#organization\",\"name\":\"JazzZeitung online\",\"url\":\"https:\\\/\\\/www.jazzzeitung.de\\\/cms\\\/\",\"logo\":{\"@type\":\"ImageObject\",\"inLanguage\":\"de\",\"@id\":\"https:\\\/\\\/www.jazzzeitung.de\\\/cms\\\/#\\\/schema\\\/logo\\\/image\\\/\",\"url\":\"https:\\\/\\\/i0.wp.com\\\/www.jazzzeitung.de\\\/cms\\\/wp-content\\\/uploads\\\/2015\\\/08\\\/JAZZZEITUNGDE_Logo_Neu.png?fit=499%2C200&ssl=1\",\"contentUrl\":\"https:\\\/\\\/i0.wp.com\\\/www.jazzzeitung.de\\\/cms\\\/wp-content\\\/uploads\\\/2015\\\/08\\\/JAZZZEITUNGDE_Logo_Neu.png?fit=499%2C200&ssl=1\",\"width\":499,\"height\":200,\"caption\":\"JazzZeitung online\"},\"image\":{\"@id\":\"https:\\\/\\\/www.jazzzeitung.de\\\/cms\\\/#\\\/schema\\\/logo\\\/image\\\/\"},\"sameAs\":[\"https:\\\/\\\/www.facebook.com\\\/JazzZeitung\\\/\"]},{\"@type\":\"Person\",\"@id\":\"https:\\\/\\\/www.jazzzeitung.de\\\/cms\\\/#\\\/schema\\\/person\\\/2245b36b9cd1d24cea10f01c031fb92b\",\"name\":\"Redaktion JazzZeitung\",\"image\":{\"@type\":\"ImageObject\",\"inLanguage\":\"de\",\"@id\":\"https:\\\/\\\/i0.wp.com\\\/www.jazzzeitung.de\\\/cms\\\/wp-content\\\/uploads\\\/2015\\\/08\\\/JAZZZEITUNGDE_Logo_Neu.png?resize=96%2C96&ssl=159975dcacb611b5700bd619b5daf0a7a\",\"url\":\"https:\\\/\\\/i0.wp.com\\\/www.jazzzeitung.de\\\/cms\\\/wp-content\\\/uploads\\\/2015\\\/08\\\/JAZZZEITUNGDE_Logo_Neu.png?resize=96%2C96&ssl=1\",\"contentUrl\":\"https:\\\/\\\/i0.wp.com\\\/www.jazzzeitung.de\\\/cms\\\/wp-content\\\/uploads\\\/2015\\\/08\\\/JAZZZEITUNGDE_Logo_Neu.png?resize=96%2C96&ssl=1\",\"caption\":\"Redaktion JazzZeitung\"},\"description\":\"Artikel der Redaktion der JazzZeitung.\",\"sameAs\":[\"http:\\\/\\\/www.jazzzeitung.de\\\/cms\\\/\"],\"url\":\"https:\\\/\\\/www.jazzzeitung.de\\\/cms\\\/author\\\/redaktion\\\/\"}]}<\/script>\n<!-- \/ Yoast SEO plugin. -->","yoast_head_json":{"title":"Ausstellung des Jazz-Zirkel Weiden e.V.: Jazz-Zirkel Plakate aus 40 Jahren - JazzZeitung","robots":{"index":"index","follow":"follow","max-snippet":"max-snippet:-1","max-image-preview":"max-image-preview:large","max-video-preview":"max-video-preview:-1"},"canonical":"https:\/\/www.jazzzeitung.de\/cms\/2015\/09\/ausstellung-des-jazz-zirkel-weiden-e-v-jazz-zirkel-plakate-aus-40-jahren-2\/","og_locale":"de_DE","og_type":"article","og_title":"Ausstellung des Jazz-Zirkel Weiden e.V.: Jazz-Zirkel Plakate aus 40 Jahren - JazzZeitung","og_description":"Am Dienstag, den 15. September 2015 um 18.30 Uhr, wird im Neuen Rathaus in Weiden, die Ausstellung des Jazz-Zirkel Weiden e.V. von Jazz-Zirkel Plakaten aus 40 Jahren er\u00f6ffnet. Musikalisch begleitet wird der Er\u00f6ffnungsabend von The Sax Brothers mit Marshall Kean (Baritonsax), Dr. Reinhard Roth (Tenorsax), Alois Tr\u00e4ger (Altsax) und G\u00fcnter Geiss (Sopransax). Bis Sonntag, den 11. Oktober 2015, haben Interessierte die M\u00f6glichkeit die Ausstellung zu besuchen. Zwischen diesen beiden Plakaten, die auf das allererste und das j\u00fcngste Konzert hinweisen, liegen 40 Jahre. 40 Jahre in denen der Jazz-Zirkel Weiden ein gutes St\u00fcck Weidener Kulturgeschichte und auch ein kleines St\u00fcck Jazzgeschichte geschrieben hat, denn viele der Musiker, die dort auftraten, leben nicht mehr. Nachdem Vereinsgr\u00fcnder Alfred Hertrich gleich mit zwei besonderen Talenten gesegnet ist, n\u00e4mlich Musik und Graphik, ist es fast schon eine Selbstverst\u00e4ndlichkeit, dass er seit 40 Jahren mit Leidenschaft und Perfektionismus die Plakate auf hohem k\u00fcnstlerischen Niveau mit unverwechselbarem Stil gestaltet. Und Louis Reitz, der zum Urgestein des Jazz-Zirkels geh\u00f6rt, hat \u00fcber 600 Plakate gesammelt, archiviert und obendrein Besetzungslisten von vielen Hunderten Musikern der jeweiligen Konzerte erstellt. Das Resultat dieser akribischen Kleinarbeit wird in &hellip;","og_url":"https:\/\/www.jazzzeitung.de\/cms\/2015\/09\/ausstellung-des-jazz-zirkel-weiden-e-v-jazz-zirkel-plakate-aus-40-jahren-2\/","og_site_name":"JazzZeitung","article_publisher":"https:\/\/www.facebook.com\/JazzZeitung\/","article_published_time":"2015-09-01T07:10:20+00:00","article_modified_time":"2015-09-01T07:39:14+00:00","og_image":[{"url":"http:\/\/www.jazzzeitung.de\/cms\/wp-content\/uploads\/2015\/08\/Plakat.jpg","type":"","width":"","height":""}],"author":"Redaktion JazzZeitung","schema":{"@context":"https:\/\/schema.org","@graph":[{"@type":"Article","@id":"https:\/\/www.jazzzeitung.de\/cms\/2015\/09\/ausstellung-des-jazz-zirkel-weiden-e-v-jazz-zirkel-plakate-aus-40-jahren-2\/#article","isPartOf":{"@id":"https:\/\/www.jazzzeitung.de\/cms\/2015\/09\/ausstellung-des-jazz-zirkel-weiden-e-v-jazz-zirkel-plakate-aus-40-jahren-2\/"},"author":{"name":"Redaktion JazzZeitung","@id":"https:\/\/www.jazzzeitung.de\/cms\/#\/schema\/person\/2245b36b9cd1d24cea10f01c031fb92b"},"headline":"Ausstellung des Jazz-Zirkel Weiden e.V.: Jazz-Zirkel Plakate aus 40 Jahren","datePublished":"2015-09-01T07:10:20+00:00","dateModified":"2015-09-01T07:39:14+00:00","mainEntityOfPage":{"@id":"https:\/\/www.jazzzeitung.de\/cms\/2015\/09\/ausstellung-des-jazz-zirkel-weiden-e-v-jazz-zirkel-plakate-aus-40-jahren-2\/"},"wordCount":229,"commentCount":0,"publisher":{"@id":"https:\/\/www.jazzzeitung.de\/cms\/#organization"},"image":{"@id":"https:\/\/www.jazzzeitung.de\/cms\/2015\/09\/ausstellung-des-jazz-zirkel-weiden-e-v-jazz-zirkel-plakate-aus-40-jahren-2\/#primaryimage"},"thumbnailUrl":"http:\/\/www.jazzzeitung.de\/cms\/wp-content\/uploads\/2015\/08\/Plakat.jpg","keywords":["Jazzgeschichte","Konzert","Konzerte"],"articleSection":["News"],"inLanguage":"de","potentialAction":[{"@type":"CommentAction","name":"Comment","target":["https:\/\/www.jazzzeitung.de\/cms\/2015\/09\/ausstellung-des-jazz-zirkel-weiden-e-v-jazz-zirkel-plakate-aus-40-jahren-2\/#respond"]}]},{"@type":"WebPage","@id":"https:\/\/www.jazzzeitung.de\/cms\/2015\/09\/ausstellung-des-jazz-zirkel-weiden-e-v-jazz-zirkel-plakate-aus-40-jahren-2\/","url":"https:\/\/www.jazzzeitung.de\/cms\/2015\/09\/ausstellung-des-jazz-zirkel-weiden-e-v-jazz-zirkel-plakate-aus-40-jahren-2\/","name":"Ausstellung des Jazz-Zirkel Weiden e.V.: Jazz-Zirkel Plakate aus 40 Jahren - JazzZeitung","isPartOf":{"@id":"https:\/\/www.jazzzeitung.de\/cms\/#website"},"primaryImageOfPage":{"@id":"https:\/\/www.jazzzeitung.de\/cms\/2015\/09\/ausstellung-des-jazz-zirkel-weiden-e-v-jazz-zirkel-plakate-aus-40-jahren-2\/#primaryimage"},"image":{"@id":"https:\/\/www.jazzzeitung.de\/cms\/2015\/09\/ausstellung-des-jazz-zirkel-weiden-e-v-jazz-zirkel-plakate-aus-40-jahren-2\/#primaryimage"},"thumbnailUrl":"http:\/\/www.jazzzeitung.de\/cms\/wp-content\/uploads\/2015\/08\/Plakat.jpg","datePublished":"2015-09-01T07:10:20+00:00","dateModified":"2015-09-01T07:39:14+00:00","breadcrumb":{"@id":"https:\/\/www.jazzzeitung.de\/cms\/2015\/09\/ausstellung-des-jazz-zirkel-weiden-e-v-jazz-zirkel-plakate-aus-40-jahren-2\/#breadcrumb"},"inLanguage":"de","potentialAction":[{"@type":"ReadAction","target":["https:\/\/www.jazzzeitung.de\/cms\/2015\/09\/ausstellung-des-jazz-zirkel-weiden-e-v-jazz-zirkel-plakate-aus-40-jahren-2\/"]}]},{"@type":"ImageObject","inLanguage":"de","@id":"https:\/\/www.jazzzeitung.de\/cms\/2015\/09\/ausstellung-des-jazz-zirkel-weiden-e-v-jazz-zirkel-plakate-aus-40-jahren-2\/#primaryimage","url":"http:\/\/www.jazzzeitung.de\/cms\/wp-content\/uploads\/2015\/08\/Plakat.jpg","contentUrl":"http:\/\/www.jazzzeitung.de\/cms\/wp-content\/uploads\/2015\/08\/Plakat.jpg"},{"@type":"BreadcrumbList","@id":"https:\/\/www.jazzzeitung.de\/cms\/2015\/09\/ausstellung-des-jazz-zirkel-weiden-e-v-jazz-zirkel-plakate-aus-40-jahren-2\/#breadcrumb","itemListElement":[{"@type":"ListItem","position":1,"name":"Startseite","item":"https:\/\/www.jazzzeitung.de\/cms\/"},{"@type":"ListItem","position":2,"name":"Ausstellung des Jazz-Zirkel Weiden e.V.: Jazz-Zirkel Plakate aus 40 Jahren"}]},{"@type":"WebSite","@id":"https:\/\/www.jazzzeitung.de\/cms\/#website","url":"https:\/\/www.jazzzeitung.de\/cms\/","name":"JazzZeitung","description":"Jazz-News und Jazz-Kontroverses","publisher":{"@id":"https:\/\/www.jazzzeitung.de\/cms\/#organization"},"potentialAction":[{"@type":"SearchAction","target":{"@type":"EntryPoint","urlTemplate":"https:\/\/www.jazzzeitung.de\/cms\/?s={search_term_string}"},"query-input":{"@type":"PropertyValueSpecification","valueRequired":true,"valueName":"search_term_string"}}],"inLanguage":"de"},{"@type":"Organization","@id":"https:\/\/www.jazzzeitung.de\/cms\/#organization","name":"JazzZeitung online","url":"https:\/\/www.jazzzeitung.de\/cms\/","logo":{"@type":"ImageObject","inLanguage":"de","@id":"https:\/\/www.jazzzeitung.de\/cms\/#\/schema\/logo\/image\/","url":"https:\/\/i0.wp.com\/www.jazzzeitung.de\/cms\/wp-content\/uploads\/2015\/08\/JAZZZEITUNGDE_Logo_Neu.png?fit=499%2C200&ssl=1","contentUrl":"https:\/\/i0.wp.com\/www.jazzzeitung.de\/cms\/wp-content\/uploads\/2015\/08\/JAZZZEITUNGDE_Logo_Neu.png?fit=499%2C200&ssl=1","width":499,"height":200,"caption":"JazzZeitung online"},"image":{"@id":"https:\/\/www.jazzzeitung.de\/cms\/#\/schema\/logo\/image\/"},"sameAs":["https:\/\/www.facebook.com\/JazzZeitung\/"]},{"@type":"Person","@id":"https:\/\/www.jazzzeitung.de\/cms\/#\/schema\/person\/2245b36b9cd1d24cea10f01c031fb92b","name":"Redaktion JazzZeitung","image":{"@type":"ImageObject","inLanguage":"de","@id":"https:\/\/i0.wp.com\/www.jazzzeitung.de\/cms\/wp-content\/uploads\/2015\/08\/JAZZZEITUNGDE_Logo_Neu.png?resize=96%2C96&ssl=159975dcacb611b5700bd619b5daf0a7a","url":"https:\/\/i0.wp.com\/www.jazzzeitung.de\/cms\/wp-content\/uploads\/2015\/08\/JAZZZEITUNGDE_Logo_Neu.png?resize=96%2C96&ssl=1","contentUrl":"https:\/\/i0.wp.com\/www.jazzzeitung.de\/cms\/wp-content\/uploads\/2015\/08\/JAZZZEITUNGDE_Logo_Neu.png?resize=96%2C96&ssl=1","caption":"Redaktion JazzZeitung"},"description":"Artikel der Redaktion der JazzZeitung.","sameAs":["http:\/\/www.jazzzeitung.de\/cms\/"],"url":"https:\/\/www.jazzzeitung.de\/cms\/author\/redaktion\/"}]}},"wp-worthy-pixel":{"ignored":false,"public":null,"server":null,"url":null},"wp-worthy-type":"normal","jetpack_publicize_connections":[],"cc_featured_image_caption":{"caption_text":false,"source_text":false,"source_url":false},"jetpack_featured_media_url":"","jetpack_shortlink":"https:\/\/wp.me\/p3KEcT-1NM","jetpack-related-posts":[{"id":5391,"url":"https:\/\/www.jazzzeitung.de\/cms\/2015\/02\/news-cd-release-von-esther-kaiser-nominierungen-fuer-den-swizz-jazz-award-2015-39-leipziger-jazztage-eroeffnungskonzert-40-jahre-jazz-zirkel-weiden-hfm-nuernberg-programmh\/","url_meta":{"origin":6930,"position":0},"title":"CD von Esther Kaiser +++ Swiss Jazz Award +++ Leipziger Jazztage +++ Jazz Zirkel Weiden +++ HfM N\u00fcrnberg aktuell","author":"Redaktion JazzZeitung","date":"3. Februar 2015","format":false,"excerpt":"CD-Release von Esther Kaiser Mit einer erlesenen Band um den Pianisten Tino Derado und den Kontrabassisten Marc Muellbauer stellt Esther Kaiser ihr neues Herzensprojekt vor: \u201eLearning How to Listen \u2013 The Music of Abbey Lincoln\u201c (GLM\/Soulfood). Damit gibt sich eine der aufregendsten Stimmen im deutschen Vokaljazz am 6. Februar (21\u2026","rel":"","context":"In &quot;News&quot;","block_context":{"text":"News","link":"https:\/\/www.jazzzeitung.de\/cms\/thema\/nachrichten\/"},"img":{"alt_text":"Esther Kaiser stellt in Hamburg ihre neue CD vor","src":"https:\/\/i0.wp.com\/www.jazzzeitung.de\/cms\/wp-content\/uploads\/2015\/02\/esther_kaiser_-150x150.jpg?resize=350%2C200","width":350,"height":200},"classes":[]},{"id":17984,"url":"https:\/\/www.jazzzeitung.de\/cms\/2018\/12\/michael-keul-in-weidenmartin-auer-in-freising\/","url_meta":{"origin":6930,"position":1},"title":"+++Michael Keul in Weiden+++Martin Auer in Freising+++","author":"Redaktion JazzZeitung","date":"8. Dezember 2018","format":false,"excerpt":"Jazzzirkel Weiden pr\u00e4sentiert: Klavier und Vibraphon mit JPEK Mainstream JPEK Mainstream, das sind Tizian Jost (Vibraphon),\u00a0Bernhard Pichl (Piano), Rudi Engel (Bass) und Michael Keul\u00a0 am Drumset. Die Besetzung dieses Ensembles wird Jazzkenner an das legend\u00e4re MODERN JAZZ QUARTET erinnern, das seit den 50er Jahren Jahrzehnte hinweg zum Ma\u00dfstab f\u00fcr hoch\u00e4sthetischen,\u2026","rel":"","context":"In &quot;News&quot;","block_context":{"text":"News","link":"https:\/\/www.jazzzeitung.de\/cms\/thema\/nachrichten\/"},"img":{"alt_text":"","src":"https:\/\/i0.wp.com\/www.jazzzeitung.de\/cms\/wp-content\/uploads\/2018\/11\/auer-martinPB.jpg?fit=1200%2C654&ssl=1&resize=350%2C200","width":350,"height":200,"srcset":"https:\/\/i0.wp.com\/www.jazzzeitung.de\/cms\/wp-content\/uploads\/2018\/11\/auer-martinPB.jpg?fit=1200%2C654&ssl=1&resize=350%2C200 1x, https:\/\/i0.wp.com\/www.jazzzeitung.de\/cms\/wp-content\/uploads\/2018\/11\/auer-martinPB.jpg?fit=1200%2C654&ssl=1&resize=525%2C300 1.5x, https:\/\/i0.wp.com\/www.jazzzeitung.de\/cms\/wp-content\/uploads\/2018\/11\/auer-martinPB.jpg?fit=1200%2C654&ssl=1&resize=700%2C400 2x, https:\/\/i0.wp.com\/www.jazzzeitung.de\/cms\/wp-content\/uploads\/2018\/11\/auer-martinPB.jpg?fit=1200%2C654&ssl=1&resize=1050%2C600 3x"},"classes":[]},{"id":8333,"url":"https:\/\/www.jazzzeitung.de\/cms\/2016\/02\/news-das-21-festival-leipjazzig-philipp-stauber-im-jazzzirkel-weiden-mojo-six-augsburg\/","url_meta":{"origin":6930,"position":2},"title":"+++ News +++ Das 21. Festival LeipJAZZig +++ Philipp Stauber im JazzZirkel Weiden +++ \u201eMojo Six\u201c in Augsburg +++","author":"Redaktion JazzZeitung","date":"5. Februar 2016","format":false,"excerpt":"Das Festival LeipJAZZig geht in die 21. Runde Vom 03. bis zum 07. M\u00e4rz findet zum 21. Mal das Festival LeipJazzig statt und auch dieses Jahr hat die Veranstaltung wieder einiges zu bieten: Am 03.03. er\u00f6ffnet das \u00a0LeipJAZZig-Orkester unter der Leitung von Stephan K\u00f6nig das Festival. Neben Eigenkompositionen und -arrangements\u2026","rel":"","context":"In &quot;News&quot;","block_context":{"text":"News","link":"https:\/\/www.jazzzeitung.de\/cms\/thema\/nachrichten\/"},"img":{"alt_text":"Das LeipJAZZig-Orkester wird das Festival er\u00f6ffnen. Foto: Chr. Enger","src":"https:\/\/i0.wp.com\/www.jazzzeitung.de\/cms\/wp-content\/uploads\/2016\/02\/03.06.2016-LeipJAZZig-Orkester-c-Chr.-Enger-150x150.jpg?resize=350%2C200","width":350,"height":200},"classes":[]},{"id":10977,"url":"https:\/\/www.jazzzeitung.de\/cms\/2016\/11\/news-jazzdate-2016-leipzig-sven-fallers-night-music-konzerttermine-des-jazzclub-leipzig\/","url_meta":{"origin":6930,"position":3},"title":"NEWS +++ Sven Fallers &#8222;Night Music&#8220; in Weiden +++ JazzDate 2016 Leipzig +++ Konzerttermine des Jazzclub Leipzig +++","author":"Redaktion JazzZeitung","date":"15. November 2016","format":false,"excerpt":"+++ Von einem, der auszog, die Magie der Nacht zu ergr\u00fcnden +++ Mit dem Projekt \"NIGHT MUSIC\"\u00a0 zelebriert Sven Faller mit haupts\u00e4chlichen Eigenkompositionen Musik f\u00fcr den Moment, der die Nacht nicht zum Tage macht, sondern ihre geheimnisvolle Energie erleben l\u00e4sst. Stimmungsvolle Jazzballaden wie \u201eThe Shining Sea\" oder \u201eYou And The\u2026","rel":"","context":"In &quot;News&quot;","block_context":{"text":"News","link":"https:\/\/www.jazzzeitung.de\/cms\/thema\/nachrichten\/"},"img":{"alt_text":"Foto: Uli Zrenner-Wolkenstein","src":"https:\/\/i0.wp.com\/www.jazzzeitung.de\/cms\/wp-content\/uploads\/2016\/11\/Night-Music-03-2-150x150.jpg?resize=350%2C200","width":350,"height":200},"classes":[]},{"id":7080,"url":"https:\/\/www.jazzzeitung.de\/cms\/2015\/09\/news-konzertvorschau-oberthulba-weidener-jazzherbst\/","url_meta":{"origin":6930,"position":4},"title":"+++ News +++ Konzertvorschau +++ Oberthulba +++ Weidener Jazzherbst +++","author":"Redaktion JazzZeitung","date":"15. September 2015","format":false,"excerpt":"PIANO B\u00dcHNE KLEINHENZ +++ Freitag 23. Oktober 2015,\u00a0 um 20 Uhr: Harry Ahamer & Band aus Wien - \"Ko ma scho was song?\" -Mundart Funk , Blues, Soul , Jazz! Als Integrationsfigur, Szenemittelpunkt oder Katalysator bezeichnet man Vollblutmusiker wie Harry Ahamer gerne, die nicht nur vom Publikum, sondern ganz besonders\u2026","rel":"","context":"In &quot;News&quot;","block_context":{"text":"News","link":"https:\/\/www.jazzzeitung.de\/cms\/thema\/nachrichten\/"},"img":{"alt_text":"Harry Ahamer. Foto: Pianob\u00fchne","src":"https:\/\/i0.wp.com\/www.jazzzeitung.de\/cms\/wp-content\/uploads\/2015\/09\/Harry-Ahamer-2-150x150.jpg?resize=350%2C200","width":350,"height":200},"classes":[]},{"id":28673,"url":"https:\/\/www.jazzzeitung.de\/cms\/2022\/11\/explosiv-und-reflektiert-jermaine-landsberger-ist-mit-neuem-album-auf-tour\/","url_meta":{"origin":6930,"position":5},"title":"Explosiv und reflektiert  \u2013 Jermaine Landsberger ist mit neuem Album auf Tour","author":"Juan Martin Koch","date":"15. November 2022","format":false,"excerpt":"Dass man einen renommierten Kollegen bittet, \u201eLiner Notes\u201c, also einen Begleittext zu einem neuen Album beizusteuern, ist im Jazz nicht ungew\u00f6hnlich. Wenn kein Geringerer als Randy Brecker dies von sich aus anbietet, schon eher. Pianist Jermaine Landsberger staunte also nicht schlecht, als der Weltklasse-Trompeter ihn nach seinen neuen Aufnahmen f\u00fcr\u2026","rel":"","context":"In &quot;News&quot;","block_context":{"text":"News","link":"https:\/\/www.jazzzeitung.de\/cms\/thema\/nachrichten\/"},"img":{"alt_text":"","src":"https:\/\/i0.wp.com\/www.jazzzeitung.de\/cms\/wp-content\/uploads\/2022\/11\/Landsberger-With-Heart-and-Soul-Cover-c-Giovanni-Weiss-e1668506131948.jpg?fit=1200%2C960&ssl=1&resize=350%2C200","width":350,"height":200,"srcset":"https:\/\/i0.wp.com\/www.jazzzeitung.de\/cms\/wp-content\/uploads\/2022\/11\/Landsberger-With-Heart-and-Soul-Cover-c-Giovanni-Weiss-e1668506131948.jpg?fit=1200%2C960&ssl=1&resize=350%2C200 1x, https:\/\/i0.wp.com\/www.jazzzeitung.de\/cms\/wp-content\/uploads\/2022\/11\/Landsberger-With-Heart-and-Soul-Cover-c-Giovanni-Weiss-e1668506131948.jpg?fit=1200%2C960&ssl=1&resize=525%2C300 1.5x, https:\/\/i0.wp.com\/www.jazzzeitung.de\/cms\/wp-content\/uploads\/2022\/11\/Landsberger-With-Heart-and-Soul-Cover-c-Giovanni-Weiss-e1668506131948.jpg?fit=1200%2C960&ssl=1&resize=700%2C400 2x, https:\/\/i0.wp.com\/www.jazzzeitung.de\/cms\/wp-content\/uploads\/2022\/11\/Landsberger-With-Heart-and-Soul-Cover-c-Giovanni-Weiss-e1668506131948.jpg?fit=1200%2C960&ssl=1&resize=1050%2C600 3x"},"classes":[]}],"jetpack_sharing_enabled":true,"_links":{"self":[{"href":"https:\/\/www.jazzzeitung.de\/cms\/wp-json\/wp\/v2\/posts\/6930","targetHints":{"allow":["GET"]}}],"collection":[{"href":"https:\/\/www.jazzzeitung.de\/cms\/wp-json\/wp\/v2\/posts"}],"about":[{"href":"https:\/\/www.jazzzeitung.de\/cms\/wp-json\/wp\/v2\/types\/post"}],"author":[{"embeddable":true,"href":"https:\/\/www.jazzzeitung.de\/cms\/wp-json\/wp\/v2\/users\/18"}],"replies":[{"embeddable":true,"href":"https:\/\/www.jazzzeitung.de\/cms\/wp-json\/wp\/v2\/comments?post=6930"}],"version-history":[{"count":3,"href":"https:\/\/www.jazzzeitung.de\/cms\/wp-json\/wp\/v2\/posts\/6930\/revisions"}],"predecessor-version":[{"id":6941,"href":"https:\/\/www.jazzzeitung.de\/cms\/wp-json\/wp\/v2\/posts\/6930\/revisions\/6941"}],"wp:attachment":[{"href":"https:\/\/www.jazzzeitung.de\/cms\/wp-json\/wp\/v2\/media?parent=6930"}],"wp:term":[{"taxonomy":"category","embeddable":true,"href":"https:\/\/www.jazzzeitung.de\/cms\/wp-json\/wp\/v2\/categories?post=6930"},{"taxonomy":"post_tag","embeddable":true,"href":"https:\/\/www.jazzzeitung.de\/cms\/wp-json\/wp\/v2\/tags?post=6930"},{"taxonomy":"author","embeddable":true,"href":"https:\/\/www.jazzzeitung.de\/cms\/wp-json\/wp\/v2\/coauthors?post=6930"}],"curies":[{"name":"wp","href":"https:\/\/api.w.org\/{rel}","templated":true}]}}