{"id":6917,"date":"2015-08-27T11:20:22","date_gmt":"2015-08-27T09:20:22","guid":{"rendered":"http:\/\/www.jazzzeitung.de\/cms\/?p=6917"},"modified":"2015-08-27T11:21:01","modified_gmt":"2015-08-27T09:21:01","slug":"jazzclub-tonne-gerettet-die-zukunft-findet-ursprungsort-statt","status":"publish","type":"post","link":"https:\/\/www.jazzzeitung.de\/cms\/2015\/08\/jazzclub-tonne-gerettet-die-zukunft-findet-ursprungsort-statt\/","title":{"rendered":"Jazzclub Tonne gerettet: Die Zukunft findet am Ursprungsort statt"},"content":{"rendered":"<p>Dresdens Jazzszene kann aufatmen, schon bald findet sie in der namensgebenden Tonne unterm Kurl\u00e4nder Palais ein neues \u2013 ihr altes \u2013 Zuhause!<\/p>\n<figure id=\"attachment_6532\" aria-describedby=\"caption-attachment-6532\" style=\"width: 695px\" class=\"wp-caption aligncenter\"><a href=\"https:\/\/i0.wp.com\/www.jazzzeitung.de\/cms\/wp-content\/uploads\/2015\/07\/fuer_die_tonne_c_hufner.jpg\"><img data-recalc-dims=\"1\" loading=\"lazy\" decoding=\"async\" data-attachment-id=\"6532\" data-permalink=\"https:\/\/www.jazzzeitung.de\/cms\/2015\/07\/dresden-kuendigt-jazzclub-tonne\/fuer_die_tonne_c_hufner\/\" data-orig-file=\"https:\/\/i0.wp.com\/www.jazzzeitung.de\/cms\/wp-content\/uploads\/2015\/07\/fuer_die_tonne_c_hufner.jpg?fit=1461%2C1096&amp;ssl=1\" data-orig-size=\"1461,1096\" data-comments-opened=\"1\" data-image-meta=\"{&quot;aperture&quot;:&quot;2&quot;,&quot;credit&quot;:&quot;&quot;,&quot;camera&quot;:&quot;QV-3000EX&quot;,&quot;caption&quot;:&quot;&quot;,&quot;created_timestamp&quot;:&quot;946867116&quot;,&quot;copyright&quot;:&quot;&quot;,&quot;focal_length&quot;:&quot;7.13&quot;,&quot;iso&quot;:&quot;0&quot;,&quot;shutter_speed&quot;:&quot;0.016666666666667&quot;,&quot;title&quot;:&quot;&quot;,&quot;orientation&quot;:&quot;0&quot;}\" data-image-title=\"Alles in die Tonne. Foto: Hufner\" data-image-description=\"&lt;p&gt;Alles in die Tonne. Foto: Hufner&lt;\/p&gt;\n\" data-image-caption=\"&lt;p&gt;Alles in die Tonne. Foto: Hufner&lt;\/p&gt;\n\" data-large-file=\"https:\/\/i0.wp.com\/www.jazzzeitung.de\/cms\/wp-content\/uploads\/2015\/07\/fuer_die_tonne_c_hufner.jpg?fit=800%2C600&amp;ssl=1\" class=\"size-large wp-image-6532\" src=\"https:\/\/i0.wp.com\/www.jazzzeitung.de\/cms\/wp-content\/uploads\/2015\/07\/fuer_die_tonne_c_hufner-800x600.jpg?resize=695%2C521\" alt=\"Alles in die Tonne. Foto: Hufner\" width=\"695\" height=\"521\" srcset=\"https:\/\/i0.wp.com\/www.jazzzeitung.de\/cms\/wp-content\/uploads\/2015\/07\/fuer_die_tonne_c_hufner.jpg?resize=800%2C600&amp;ssl=1 800w, https:\/\/i0.wp.com\/www.jazzzeitung.de\/cms\/wp-content\/uploads\/2015\/07\/fuer_die_tonne_c_hufner.jpg?resize=300%2C225&amp;ssl=1 300w, https:\/\/i0.wp.com\/www.jazzzeitung.de\/cms\/wp-content\/uploads\/2015\/07\/fuer_die_tonne_c_hufner.jpg?resize=900%2C675&amp;ssl=1 900w, https:\/\/i0.wp.com\/www.jazzzeitung.de\/cms\/wp-content\/uploads\/2015\/07\/fuer_die_tonne_c_hufner.jpg?w=1461&amp;ssl=1 1461w\" sizes=\"auto, (max-width: 695px) 100vw, 695px\" \/><\/a><figcaption id=\"caption-attachment-6532\" class=\"wp-caption-text\">Jazzclub Tonne hat einen neuen Platz in Dresden gefunden. Foto: Hufner<\/figcaption><\/figure>\n<p>Kann es ein sch\u00f6neres Geburtstagsgeschenk geben? Just zum 72. Geburtstag des Jazz-Schlagzeugers G\u00fcnter Baby Sommer durfte er am Dienstag die Zukunft des Dresdner Jazzclubs Tonne einl\u00e4uten. Und zwar an genau jenem namensgebenden Ort, an dem vor knapp vierzig Jahren die Geburtsstunde dieses Clubs schlug. An diese St\u00e4tte n\u00e4mlich kehrt der Jazzclub jetzt zur\u00fcck und wird wieder da heimisch, wo sein Dasein begann. In den Kellerr\u00e4umen des im Zweiten Weltkrieg zerst\u00f6rten Kurl\u00e4nder Palais\u2018 wurden zwischen 1979 und 1981 zahllose freiwillige Aufbaustunden geleistet, um die erhalten gebliebenen Gew\u00f6lbe wieder freizulegen und spielf\u00e4hig zu machen. Unter der schon damals denkmalgesch\u00fctzten Ruine begann eine beispiellose Jazz-Geschichte, die abrupt endete, als 1997 das Bleiberecht des Tonne-Vereins beendet wurde.<\/p>\n<p>\u00dcber eine teure Zwischenstation zogen die Veranstalter 2001 in den inzwischen ebenfalls legend\u00e4ren Tonne-Keller unter dem Kulturrathaus der s\u00e4chsischen Landeshauptstadt \u2013 um dort Anfang Sommer \u00e4hnlich pl\u00f6tzlich vor dem Nichts zu stehen. Nachdem es nach heftigen Regenf\u00e4llen wiederholt Wassersch\u00e4den wegen undichter Bausubstanz gab, wurden die R\u00e4ume dem Jazzclub Tonne e.V. vom st\u00e4dtischen Liegenschaftsamt vorsorglich gek\u00fcndigt. Das hat den Keller lieber dichtgemacht, als dass es die sandsteinernen Mauern abgedichtet h\u00e4tte.<\/p>\n<p>Hilfsangebote anderer Konzertst\u00e4tten gab es sehr rasch und zuhauf, berichtete Gesch\u00e4ftsf\u00fchrer Steffen Wilde nun bei der Bekanntgabe von Dresdens jazziger Zukunft, praktikabel waren davon aber nur wenige. Dass es just diese einstmals angestammten R\u00e4ume in der historischen Altstadt sind, hat den Verein komplett \u00fcberrascht. Entsprechend begl\u00fcckt wurde verk\u00fcndet, dass zu Wochenbeginn ein langfristiger Mietvertrag mit der Betreibergesellschaft dieser pr\u00e4chtigen Immobilie unterzeichnet werden konnte, dem der Tonne-Verein einstimmig zugestimmt hatte.<\/p>\n<p>[codepeople-post-map]<\/p>\n<p>Damit k\u00f6nnen die wiederholt pr\u00e4miierten Veranstalter um ihren K\u00fcnstlerischen Leiter Steffen Wilde k\u00fcnftig in ganz anderen Dimensionen denken und arbeiten. Schlie\u00dflich fasst die neue R\u00e4umlichkeit etwa dreimal so viel Publikum wie der bisherige Keller. \u201eWir wollten uns zwar ohnehin vergr\u00f6\u00dfern\u201c, erl\u00e4uterte Steffen Wilde im Hinblick auf den urspr\u00fcnglich geplanten Umzug ins derzeit im Bau befindliche Kulturkraftwerk. Der aber ist nun vom Tisch: \u201eDass wir uns nun schon jetzt und ausgerechnet hier vergr\u00f6\u00dfern k\u00f6nnen, ist eine optimale L\u00f6sung, von der wir nicht mal getr\u00e4umt h\u00e4tten.\u201c<\/p>\n<p>Die zu Spielzeitbeginn f\u00fcr September geplanten Konzerte m\u00fcssen zwar dennoch ausfallen, da im neu-alten Kellergew\u00f6lbe unterm Kurl\u00e4nder Palais noch eine Menge Arbeit zu leisten ist, sollen jedoch m\u00f6glichst nachgeholt werden. Zun\u00e4chst muss eine neue B\u00fchne eingebaut, m\u00fcssen Licht- und Tontechnik installiert werden, auch f\u00fcr die Gastronomie ist noch zu sorgen. Um all das k\u00fcmmern sich die Mitglieder des Vereins, der nach dem letzten Wassereinbruch an der bisherigen Spielst\u00e4tte zudem auf der Suche nach einem neuen Fl\u00fcgel ist. Die stets kreativ denkenden Jazz-Leute, denen voraussichtlich schon bald recht heftige Entsch\u00e4digungsdebatten mit der Stadt Dresden bevorstehen d\u00fcrften, hoffen auf Unterst\u00fctzung von Sponsoren und Helfern. Vielleicht hat ja wer einen Fl\u00fcgel und wei\u00df nicht, wohin damit \u2013 hier d\u00fcrfte er freudige Abnehmer finden.<\/p>\n<p>G\u00fcnter Baby Sommer, Ehrenmitglied des Tonne-Vereins, hat sich nat\u00fcrlich nicht nur wegen seines Geburtstags gefreut, dass er die neuen alten Gew\u00f6lbe mit einem Solo einweihen konnte. Er ist eng mit der Geschichte des einstigen Kellers verbunden: \u201eHier habe ich so viele Erinnerungen an tolle Konzerte \u2013 mit Peter Kowald, mit dem Zentralquartett \u2026 \u2013, das ist fantastisch, dass der Jazzclub nun wieder hier ist!\u201c Auf seinen internationalen Gastspielen werde Sommer noch heute immer wieder zur Tonne-Geschichte angesprochen: \u201eNeben Semperoper, Zwinger und Meissner Porzellan ist die eben auch ein Aush\u00e4ngeschild dieser Stadt!\u201c; er erinnert sich freilich auch an die beschwerliche Treppe zum Keller. Der Schlagzeuger musste sein ganzes Instrumentarium runter- und nach dem Konzert wieder rauftragen. Und j\u00fcnger geworden sei er auch nicht, schmunzelt die Jazzlegende. Abhilfe schafft da inzwischen ein Lastenaufzug. Zudem gibt es bequeme Aufenthaltsr\u00e4ume und Garderoben f\u00fcr die K\u00fcnstler, wie Steffen Wilde bei einem Blick hinter die Kulissen gezeigt hat.<\/p>\n<p>Wesentlich mehr Platz gibt es k\u00fcnftig f\u00fcrs Publikum, dem eine teils neue Ausrichtung des Konzertangebots geboten werden soll. All das sorgt allerdings auch f\u00fcr gestaffelte Eintrittspreise, verr\u00e4t der Gesch\u00e4ftsf\u00fchrer. \u00dcber die konkrete Gestaltung werde derzeit beraten: \u201eWir wollen unser bisheriges Publikum nat\u00fcrlich behalten und an diesen tollen Ort mitnehmen, obendrein aber auch m\u00f6glichst viel neues Publikum hinzugewinnen!\u201c<\/p>\n<p>In der Vergangenheit mussten Besucher mitunter abgewiesen werden, insbesondere bei den Neujahrskonzerten des legend\u00e4ren Zentralquartetts fanden viele Interessenten oft keinen Platz. Doch diese Konzerte sollten \u2013 schlicht und einfach aus Altersgr\u00fcnden der Quartettbesetzung \u2013 ja ohnehin nicht mehr fortgesetzt werden. Aber was ist schon sicher beim Jazz?<\/p>\n<p>Denn nat\u00fcrlich z\u00e4hlten zur Gratulantenschar bei Baby Sommer auch seine Mitstreiter vom Zentralquartett. \u201eDa habe ich nat\u00fcrlich sofort gefragt, wenn wir schon diese sch\u00f6ne Tonne wiederhaben, ob wir da nicht nochmal ein Neujahrskonzert geben wollen. Alle haben sofort zugestimmt!\u201c<\/p>\n<p>Also gibt es eine Fortsetzung dieser weit \u00fcber Dresdens Grenzen hinausstrahlenden Reihe der Neujahrskonzerte. Am 1. Januar 2016 wird das Zentralquartett tats\u00e4chlich wieder im Jazzclub Tonne unterm Kurl\u00e4nder Palais auftreten.<\/p>\n<p>Der Spielbetrieb beginnt jedoch bereits Mitte Oktober, sp\u00e4testens dann d\u00fcrfte das so schick wieder aufgebaute Kurl\u00e4nder Palais zu einem wahren Kulturl\u00e4nder-Palais werden.<\/p>\n<ul>\n<li><a href=\"http:\/\/www.jazzclubtonne.de\/\">www.jazzclubtonne.de<\/a><\/li>\n<\/ul>\n","protected":false},"excerpt":{"rendered":"<p>Dresdens Jazzszene kann aufatmen, schon bald findet sie in der namensgebenden Tonne unterm Kurl\u00e4nder Palais ein neues \u2013 ihr altes \u2013 Zuhause! Kann es ein sch\u00f6neres Geburtstagsgeschenk geben? Just zum 72. Geburtstag des Jazz-Schlagzeugers G\u00fcnter Baby Sommer durfte er am Dienstag die Zukunft des Dresdner Jazzclubs Tonne einl\u00e4uten. Und zwar an genau jenem namensgebenden Ort, an dem vor knapp vierzig Jahren die Geburtsstunde dieses Clubs schlug. An diese St\u00e4tte n\u00e4mlich kehrt der Jazzclub jetzt zur\u00fcck und wird wieder da heimisch, wo sein Dasein begann. In den Kellerr\u00e4umen des im Zweiten Weltkrieg zerst\u00f6rten Kurl\u00e4nder Palais\u2018 wurden zwischen 1979 und 1981 zahllose freiwillige Aufbaustunden geleistet, um die erhalten gebliebenen Gew\u00f6lbe wieder freizulegen und spielf\u00e4hig zu machen. Unter der schon damals denkmalgesch\u00fctzten Ruine begann eine beispiellose Jazz-Geschichte, die abrupt endete, als 1997 das Bleiberecht des Tonne-Vereins beendet wurde. \u00dcber eine teure Zwischenstation zogen die Veranstalter 2001 in den inzwischen ebenfalls legend\u00e4ren Tonne-Keller unter dem Kulturrathaus der s\u00e4chsischen Landeshauptstadt \u2013 um dort Anfang Sommer \u00e4hnlich pl\u00f6tzlich vor dem Nichts zu stehen. Nachdem es nach heftigen Regenf\u00e4llen wiederholt Wassersch\u00e4den wegen undichter Bausubstanz gab, wurden die R\u00e4ume dem Jazzclub Tonne e.V. &hellip;<\/p>\n","protected":false},"author":34,"featured_media":0,"comment_status":"open","ping_status":"closed","sticky":false,"template":"","format":"standard","meta":{"_jetpack_memberships_contains_paid_content":false,"footnotes":"","jetpack_publicize_message":"","jetpack_publicize_feature_enabled":true,"jetpack_social_post_already_shared":false,"jetpack_social_options":{"image_generator_settings":{"template":"highway","default_image_id":0,"font":"","enabled":false},"version":2}},"categories":[82,634],"tags":[154,1200,1199,928,1058,1201,1202],"coauthors":[1181],"class_list":["post-6917","post","type-post","status-publish","format-standard","hentry","category-blog","category-redaktion","tag-dresden","tag-guenter-baby-sommer","tag-jazzclub-tonne","tag-jazzclubs","tag-jazzgeschichte","tag-kurlaender-palais","tag-steffen-wilde"],"yoast_head":"<!-- This site is optimized with the Yoast SEO plugin v27.5 - https:\/\/yoast.com\/product\/yoast-seo-wordpress\/ -->\n<title>Jazzclub Tonne gerettet: Die Zukunft findet am Ursprungsort statt - JazzZeitung<\/title>\n<meta name=\"robots\" content=\"index, follow, max-snippet:-1, max-image-preview:large, max-video-preview:-1\" \/>\n<link rel=\"canonical\" href=\"https:\/\/www.jazzzeitung.de\/cms\/2015\/08\/jazzclub-tonne-gerettet-die-zukunft-findet-ursprungsort-statt\/\" \/>\n<meta property=\"og:locale\" content=\"de_DE\" \/>\n<meta property=\"og:type\" content=\"article\" \/>\n<meta property=\"og:title\" content=\"Jazzclub Tonne gerettet: Die Zukunft findet am Ursprungsort statt - JazzZeitung\" \/>\n<meta property=\"og:description\" content=\"Dresdens Jazzszene kann aufatmen, schon bald findet sie in der namensgebenden Tonne unterm Kurl\u00e4nder Palais ein neues \u2013 ihr altes \u2013 Zuhause! Kann es ein sch\u00f6neres Geburtstagsgeschenk geben? Just zum 72. Geburtstag des Jazz-Schlagzeugers G\u00fcnter Baby Sommer durfte er am Dienstag die Zukunft des Dresdner Jazzclubs Tonne einl\u00e4uten. Und zwar an genau jenem namensgebenden Ort, an dem vor knapp vierzig Jahren die Geburtsstunde dieses Clubs schlug. An diese St\u00e4tte n\u00e4mlich kehrt der Jazzclub jetzt zur\u00fcck und wird wieder da heimisch, wo sein Dasein begann. In den Kellerr\u00e4umen des im Zweiten Weltkrieg zerst\u00f6rten Kurl\u00e4nder Palais\u2018 wurden zwischen 1979 und 1981 zahllose freiwillige Aufbaustunden geleistet, um die erhalten gebliebenen Gew\u00f6lbe wieder freizulegen und spielf\u00e4hig zu machen. Unter der schon damals denkmalgesch\u00fctzten Ruine begann eine beispiellose Jazz-Geschichte, die abrupt endete, als 1997 das Bleiberecht des Tonne-Vereins beendet wurde. \u00dcber eine teure Zwischenstation zogen die Veranstalter 2001 in den inzwischen ebenfalls legend\u00e4ren Tonne-Keller unter dem Kulturrathaus der s\u00e4chsischen Landeshauptstadt \u2013 um dort Anfang Sommer \u00e4hnlich pl\u00f6tzlich vor dem Nichts zu stehen. Nachdem es nach heftigen Regenf\u00e4llen wiederholt Wassersch\u00e4den wegen undichter Bausubstanz gab, wurden die R\u00e4ume dem Jazzclub Tonne e.V. &hellip;\" \/>\n<meta property=\"og:url\" content=\"https:\/\/www.jazzzeitung.de\/cms\/2015\/08\/jazzclub-tonne-gerettet-die-zukunft-findet-ursprungsort-statt\/\" \/>\n<meta property=\"og:site_name\" content=\"JazzZeitung\" \/>\n<meta property=\"article:publisher\" content=\"https:\/\/www.facebook.com\/JazzZeitung\/\" \/>\n<meta property=\"article:published_time\" content=\"2015-08-27T09:20:22+00:00\" \/>\n<meta property=\"article:modified_time\" content=\"2015-08-27T09:21:01+00:00\" \/>\n<meta property=\"og:image\" content=\"http:\/\/www.jazzzeitung.de\/cms\/wp-content\/uploads\/2015\/07\/fuer_die_tonne_c_hufner-800x600.jpg\" \/>\n<meta name=\"author\" content=\"Michael Ernst\" \/>\n<script type=\"application\/ld+json\" class=\"yoast-schema-graph\">{\"@context\":\"https:\\\/\\\/schema.org\",\"@graph\":[{\"@type\":\"Article\",\"@id\":\"https:\\\/\\\/www.jazzzeitung.de\\\/cms\\\/2015\\\/08\\\/jazzclub-tonne-gerettet-die-zukunft-findet-ursprungsort-statt\\\/#article\",\"isPartOf\":{\"@id\":\"https:\\\/\\\/www.jazzzeitung.de\\\/cms\\\/2015\\\/08\\\/jazzclub-tonne-gerettet-die-zukunft-findet-ursprungsort-statt\\\/\"},\"author\":{\"name\":\"Michael Ernst\",\"@id\":\"https:\\\/\\\/www.jazzzeitung.de\\\/cms\\\/#\\\/schema\\\/person\\\/8304b2aa3421664e25ea90413d8b0856\"},\"headline\":\"Jazzclub Tonne gerettet: Die Zukunft findet am Ursprungsort statt\",\"datePublished\":\"2015-08-27T09:20:22+00:00\",\"dateModified\":\"2015-08-27T09:21:01+00:00\",\"mainEntityOfPage\":{\"@id\":\"https:\\\/\\\/www.jazzzeitung.de\\\/cms\\\/2015\\\/08\\\/jazzclub-tonne-gerettet-die-zukunft-findet-ursprungsort-statt\\\/\"},\"wordCount\":928,\"commentCount\":0,\"publisher\":{\"@id\":\"https:\\\/\\\/www.jazzzeitung.de\\\/cms\\\/#organization\"},\"image\":{\"@id\":\"https:\\\/\\\/www.jazzzeitung.de\\\/cms\\\/2015\\\/08\\\/jazzclub-tonne-gerettet-die-zukunft-findet-ursprungsort-statt\\\/#primaryimage\"},\"thumbnailUrl\":\"http:\\\/\\\/www.jazzzeitung.de\\\/cms\\\/wp-content\\\/uploads\\\/2015\\\/07\\\/fuer_die_tonne_c_hufner-800x600.jpg\",\"keywords\":[\"Dresden\",\"G\u00fcnter Baby Sommer\",\"Jazzclub Tonne\",\"Jazzclubs\",\"Jazzgeschichte\",\"Kurl\u00e4nder Palais\",\"Steffen Wilde\"],\"articleSection\":[\"Blog\",\"Redaktionelle Nachrichten\"],\"inLanguage\":\"de\",\"potentialAction\":[{\"@type\":\"CommentAction\",\"name\":\"Comment\",\"target\":[\"https:\\\/\\\/www.jazzzeitung.de\\\/cms\\\/2015\\\/08\\\/jazzclub-tonne-gerettet-die-zukunft-findet-ursprungsort-statt\\\/#respond\"]}]},{\"@type\":\"WebPage\",\"@id\":\"https:\\\/\\\/www.jazzzeitung.de\\\/cms\\\/2015\\\/08\\\/jazzclub-tonne-gerettet-die-zukunft-findet-ursprungsort-statt\\\/\",\"url\":\"https:\\\/\\\/www.jazzzeitung.de\\\/cms\\\/2015\\\/08\\\/jazzclub-tonne-gerettet-die-zukunft-findet-ursprungsort-statt\\\/\",\"name\":\"Jazzclub Tonne gerettet: Die Zukunft findet am Ursprungsort statt - JazzZeitung\",\"isPartOf\":{\"@id\":\"https:\\\/\\\/www.jazzzeitung.de\\\/cms\\\/#website\"},\"primaryImageOfPage\":{\"@id\":\"https:\\\/\\\/www.jazzzeitung.de\\\/cms\\\/2015\\\/08\\\/jazzclub-tonne-gerettet-die-zukunft-findet-ursprungsort-statt\\\/#primaryimage\"},\"image\":{\"@id\":\"https:\\\/\\\/www.jazzzeitung.de\\\/cms\\\/2015\\\/08\\\/jazzclub-tonne-gerettet-die-zukunft-findet-ursprungsort-statt\\\/#primaryimage\"},\"thumbnailUrl\":\"http:\\\/\\\/www.jazzzeitung.de\\\/cms\\\/wp-content\\\/uploads\\\/2015\\\/07\\\/fuer_die_tonne_c_hufner-800x600.jpg\",\"datePublished\":\"2015-08-27T09:20:22+00:00\",\"dateModified\":\"2015-08-27T09:21:01+00:00\",\"breadcrumb\":{\"@id\":\"https:\\\/\\\/www.jazzzeitung.de\\\/cms\\\/2015\\\/08\\\/jazzclub-tonne-gerettet-die-zukunft-findet-ursprungsort-statt\\\/#breadcrumb\"},\"inLanguage\":\"de\",\"potentialAction\":[{\"@type\":\"ReadAction\",\"target\":[\"https:\\\/\\\/www.jazzzeitung.de\\\/cms\\\/2015\\\/08\\\/jazzclub-tonne-gerettet-die-zukunft-findet-ursprungsort-statt\\\/\"]}]},{\"@type\":\"ImageObject\",\"inLanguage\":\"de\",\"@id\":\"https:\\\/\\\/www.jazzzeitung.de\\\/cms\\\/2015\\\/08\\\/jazzclub-tonne-gerettet-die-zukunft-findet-ursprungsort-statt\\\/#primaryimage\",\"url\":\"http:\\\/\\\/www.jazzzeitung.de\\\/cms\\\/wp-content\\\/uploads\\\/2015\\\/07\\\/fuer_die_tonne_c_hufner-800x600.jpg\",\"contentUrl\":\"http:\\\/\\\/www.jazzzeitung.de\\\/cms\\\/wp-content\\\/uploads\\\/2015\\\/07\\\/fuer_die_tonne_c_hufner-800x600.jpg\"},{\"@type\":\"BreadcrumbList\",\"@id\":\"https:\\\/\\\/www.jazzzeitung.de\\\/cms\\\/2015\\\/08\\\/jazzclub-tonne-gerettet-die-zukunft-findet-ursprungsort-statt\\\/#breadcrumb\",\"itemListElement\":[{\"@type\":\"ListItem\",\"position\":1,\"name\":\"Startseite\",\"item\":\"https:\\\/\\\/www.jazzzeitung.de\\\/cms\\\/\"},{\"@type\":\"ListItem\",\"position\":2,\"name\":\"Jazzclub Tonne gerettet: Die Zukunft findet am Ursprungsort statt\"}]},{\"@type\":\"WebSite\",\"@id\":\"https:\\\/\\\/www.jazzzeitung.de\\\/cms\\\/#website\",\"url\":\"https:\\\/\\\/www.jazzzeitung.de\\\/cms\\\/\",\"name\":\"JazzZeitung\",\"description\":\"Jazz-News und Jazz-Kontroverses\",\"publisher\":{\"@id\":\"https:\\\/\\\/www.jazzzeitung.de\\\/cms\\\/#organization\"},\"potentialAction\":[{\"@type\":\"SearchAction\",\"target\":{\"@type\":\"EntryPoint\",\"urlTemplate\":\"https:\\\/\\\/www.jazzzeitung.de\\\/cms\\\/?s={search_term_string}\"},\"query-input\":{\"@type\":\"PropertyValueSpecification\",\"valueRequired\":true,\"valueName\":\"search_term_string\"}}],\"inLanguage\":\"de\"},{\"@type\":\"Organization\",\"@id\":\"https:\\\/\\\/www.jazzzeitung.de\\\/cms\\\/#organization\",\"name\":\"JazzZeitung online\",\"url\":\"https:\\\/\\\/www.jazzzeitung.de\\\/cms\\\/\",\"logo\":{\"@type\":\"ImageObject\",\"inLanguage\":\"de\",\"@id\":\"https:\\\/\\\/www.jazzzeitung.de\\\/cms\\\/#\\\/schema\\\/logo\\\/image\\\/\",\"url\":\"https:\\\/\\\/i0.wp.com\\\/www.jazzzeitung.de\\\/cms\\\/wp-content\\\/uploads\\\/2015\\\/08\\\/JAZZZEITUNGDE_Logo_Neu.png?fit=499%2C200&ssl=1\",\"contentUrl\":\"https:\\\/\\\/i0.wp.com\\\/www.jazzzeitung.de\\\/cms\\\/wp-content\\\/uploads\\\/2015\\\/08\\\/JAZZZEITUNGDE_Logo_Neu.png?fit=499%2C200&ssl=1\",\"width\":499,\"height\":200,\"caption\":\"JazzZeitung online\"},\"image\":{\"@id\":\"https:\\\/\\\/www.jazzzeitung.de\\\/cms\\\/#\\\/schema\\\/logo\\\/image\\\/\"},\"sameAs\":[\"https:\\\/\\\/www.facebook.com\\\/JazzZeitung\\\/\"]},{\"@type\":\"Person\",\"@id\":\"https:\\\/\\\/www.jazzzeitung.de\\\/cms\\\/#\\\/schema\\\/person\\\/8304b2aa3421664e25ea90413d8b0856\",\"name\":\"Michael Ernst\",\"image\":{\"@type\":\"ImageObject\",\"inLanguage\":\"de\",\"@id\":\"https:\\\/\\\/secure.gravatar.com\\\/avatar\\\/e2b09fb21b90d404b8261369424172e3aa9e4d55c84465bac51be5f5fa5f67b3?s=96&d=wp_user_avatar&r=g644d14f0787257f26230835156e05717\",\"url\":\"https:\\\/\\\/secure.gravatar.com\\\/avatar\\\/e2b09fb21b90d404b8261369424172e3aa9e4d55c84465bac51be5f5fa5f67b3?s=96&d=wp_user_avatar&r=g\",\"contentUrl\":\"https:\\\/\\\/secure.gravatar.com\\\/avatar\\\/e2b09fb21b90d404b8261369424172e3aa9e4d55c84465bac51be5f5fa5f67b3?s=96&d=wp_user_avatar&r=g\",\"caption\":\"Michael Ernst\"},\"url\":\"https:\\\/\\\/www.jazzzeitung.de\\\/cms\\\/author\\\/m-ernst\\\/\"}]}<\/script>\n<!-- \/ Yoast SEO plugin. -->","yoast_head_json":{"title":"Jazzclub Tonne gerettet: Die Zukunft findet am Ursprungsort statt - JazzZeitung","robots":{"index":"index","follow":"follow","max-snippet":"max-snippet:-1","max-image-preview":"max-image-preview:large","max-video-preview":"max-video-preview:-1"},"canonical":"https:\/\/www.jazzzeitung.de\/cms\/2015\/08\/jazzclub-tonne-gerettet-die-zukunft-findet-ursprungsort-statt\/","og_locale":"de_DE","og_type":"article","og_title":"Jazzclub Tonne gerettet: Die Zukunft findet am Ursprungsort statt - JazzZeitung","og_description":"Dresdens Jazzszene kann aufatmen, schon bald findet sie in der namensgebenden Tonne unterm Kurl\u00e4nder Palais ein neues \u2013 ihr altes \u2013 Zuhause! Kann es ein sch\u00f6neres Geburtstagsgeschenk geben? Just zum 72. Geburtstag des Jazz-Schlagzeugers G\u00fcnter Baby Sommer durfte er am Dienstag die Zukunft des Dresdner Jazzclubs Tonne einl\u00e4uten. Und zwar an genau jenem namensgebenden Ort, an dem vor knapp vierzig Jahren die Geburtsstunde dieses Clubs schlug. An diese St\u00e4tte n\u00e4mlich kehrt der Jazzclub jetzt zur\u00fcck und wird wieder da heimisch, wo sein Dasein begann. In den Kellerr\u00e4umen des im Zweiten Weltkrieg zerst\u00f6rten Kurl\u00e4nder Palais\u2018 wurden zwischen 1979 und 1981 zahllose freiwillige Aufbaustunden geleistet, um die erhalten gebliebenen Gew\u00f6lbe wieder freizulegen und spielf\u00e4hig zu machen. Unter der schon damals denkmalgesch\u00fctzten Ruine begann eine beispiellose Jazz-Geschichte, die abrupt endete, als 1997 das Bleiberecht des Tonne-Vereins beendet wurde. \u00dcber eine teure Zwischenstation zogen die Veranstalter 2001 in den inzwischen ebenfalls legend\u00e4ren Tonne-Keller unter dem Kulturrathaus der s\u00e4chsischen Landeshauptstadt \u2013 um dort Anfang Sommer \u00e4hnlich pl\u00f6tzlich vor dem Nichts zu stehen. Nachdem es nach heftigen Regenf\u00e4llen wiederholt Wassersch\u00e4den wegen undichter Bausubstanz gab, wurden die R\u00e4ume dem Jazzclub Tonne e.V. &hellip;","og_url":"https:\/\/www.jazzzeitung.de\/cms\/2015\/08\/jazzclub-tonne-gerettet-die-zukunft-findet-ursprungsort-statt\/","og_site_name":"JazzZeitung","article_publisher":"https:\/\/www.facebook.com\/JazzZeitung\/","article_published_time":"2015-08-27T09:20:22+00:00","article_modified_time":"2015-08-27T09:21:01+00:00","og_image":[{"url":"http:\/\/www.jazzzeitung.de\/cms\/wp-content\/uploads\/2015\/07\/fuer_die_tonne_c_hufner-800x600.jpg","type":"","width":"","height":""}],"author":"Michael Ernst","schema":{"@context":"https:\/\/schema.org","@graph":[{"@type":"Article","@id":"https:\/\/www.jazzzeitung.de\/cms\/2015\/08\/jazzclub-tonne-gerettet-die-zukunft-findet-ursprungsort-statt\/#article","isPartOf":{"@id":"https:\/\/www.jazzzeitung.de\/cms\/2015\/08\/jazzclub-tonne-gerettet-die-zukunft-findet-ursprungsort-statt\/"},"author":{"name":"Michael Ernst","@id":"https:\/\/www.jazzzeitung.de\/cms\/#\/schema\/person\/8304b2aa3421664e25ea90413d8b0856"},"headline":"Jazzclub Tonne gerettet: Die Zukunft findet am Ursprungsort statt","datePublished":"2015-08-27T09:20:22+00:00","dateModified":"2015-08-27T09:21:01+00:00","mainEntityOfPage":{"@id":"https:\/\/www.jazzzeitung.de\/cms\/2015\/08\/jazzclub-tonne-gerettet-die-zukunft-findet-ursprungsort-statt\/"},"wordCount":928,"commentCount":0,"publisher":{"@id":"https:\/\/www.jazzzeitung.de\/cms\/#organization"},"image":{"@id":"https:\/\/www.jazzzeitung.de\/cms\/2015\/08\/jazzclub-tonne-gerettet-die-zukunft-findet-ursprungsort-statt\/#primaryimage"},"thumbnailUrl":"http:\/\/www.jazzzeitung.de\/cms\/wp-content\/uploads\/2015\/07\/fuer_die_tonne_c_hufner-800x600.jpg","keywords":["Dresden","G\u00fcnter Baby Sommer","Jazzclub Tonne","Jazzclubs","Jazzgeschichte","Kurl\u00e4nder Palais","Steffen Wilde"],"articleSection":["Blog","Redaktionelle Nachrichten"],"inLanguage":"de","potentialAction":[{"@type":"CommentAction","name":"Comment","target":["https:\/\/www.jazzzeitung.de\/cms\/2015\/08\/jazzclub-tonne-gerettet-die-zukunft-findet-ursprungsort-statt\/#respond"]}]},{"@type":"WebPage","@id":"https:\/\/www.jazzzeitung.de\/cms\/2015\/08\/jazzclub-tonne-gerettet-die-zukunft-findet-ursprungsort-statt\/","url":"https:\/\/www.jazzzeitung.de\/cms\/2015\/08\/jazzclub-tonne-gerettet-die-zukunft-findet-ursprungsort-statt\/","name":"Jazzclub Tonne gerettet: Die Zukunft findet am Ursprungsort statt - JazzZeitung","isPartOf":{"@id":"https:\/\/www.jazzzeitung.de\/cms\/#website"},"primaryImageOfPage":{"@id":"https:\/\/www.jazzzeitung.de\/cms\/2015\/08\/jazzclub-tonne-gerettet-die-zukunft-findet-ursprungsort-statt\/#primaryimage"},"image":{"@id":"https:\/\/www.jazzzeitung.de\/cms\/2015\/08\/jazzclub-tonne-gerettet-die-zukunft-findet-ursprungsort-statt\/#primaryimage"},"thumbnailUrl":"http:\/\/www.jazzzeitung.de\/cms\/wp-content\/uploads\/2015\/07\/fuer_die_tonne_c_hufner-800x600.jpg","datePublished":"2015-08-27T09:20:22+00:00","dateModified":"2015-08-27T09:21:01+00:00","breadcrumb":{"@id":"https:\/\/www.jazzzeitung.de\/cms\/2015\/08\/jazzclub-tonne-gerettet-die-zukunft-findet-ursprungsort-statt\/#breadcrumb"},"inLanguage":"de","potentialAction":[{"@type":"ReadAction","target":["https:\/\/www.jazzzeitung.de\/cms\/2015\/08\/jazzclub-tonne-gerettet-die-zukunft-findet-ursprungsort-statt\/"]}]},{"@type":"ImageObject","inLanguage":"de","@id":"https:\/\/www.jazzzeitung.de\/cms\/2015\/08\/jazzclub-tonne-gerettet-die-zukunft-findet-ursprungsort-statt\/#primaryimage","url":"http:\/\/www.jazzzeitung.de\/cms\/wp-content\/uploads\/2015\/07\/fuer_die_tonne_c_hufner-800x600.jpg","contentUrl":"http:\/\/www.jazzzeitung.de\/cms\/wp-content\/uploads\/2015\/07\/fuer_die_tonne_c_hufner-800x600.jpg"},{"@type":"BreadcrumbList","@id":"https:\/\/www.jazzzeitung.de\/cms\/2015\/08\/jazzclub-tonne-gerettet-die-zukunft-findet-ursprungsort-statt\/#breadcrumb","itemListElement":[{"@type":"ListItem","position":1,"name":"Startseite","item":"https:\/\/www.jazzzeitung.de\/cms\/"},{"@type":"ListItem","position":2,"name":"Jazzclub Tonne gerettet: Die Zukunft findet am Ursprungsort statt"}]},{"@type":"WebSite","@id":"https:\/\/www.jazzzeitung.de\/cms\/#website","url":"https:\/\/www.jazzzeitung.de\/cms\/","name":"JazzZeitung","description":"Jazz-News und Jazz-Kontroverses","publisher":{"@id":"https:\/\/www.jazzzeitung.de\/cms\/#organization"},"potentialAction":[{"@type":"SearchAction","target":{"@type":"EntryPoint","urlTemplate":"https:\/\/www.jazzzeitung.de\/cms\/?s={search_term_string}"},"query-input":{"@type":"PropertyValueSpecification","valueRequired":true,"valueName":"search_term_string"}}],"inLanguage":"de"},{"@type":"Organization","@id":"https:\/\/www.jazzzeitung.de\/cms\/#organization","name":"JazzZeitung online","url":"https:\/\/www.jazzzeitung.de\/cms\/","logo":{"@type":"ImageObject","inLanguage":"de","@id":"https:\/\/www.jazzzeitung.de\/cms\/#\/schema\/logo\/image\/","url":"https:\/\/i0.wp.com\/www.jazzzeitung.de\/cms\/wp-content\/uploads\/2015\/08\/JAZZZEITUNGDE_Logo_Neu.png?fit=499%2C200&ssl=1","contentUrl":"https:\/\/i0.wp.com\/www.jazzzeitung.de\/cms\/wp-content\/uploads\/2015\/08\/JAZZZEITUNGDE_Logo_Neu.png?fit=499%2C200&ssl=1","width":499,"height":200,"caption":"JazzZeitung online"},"image":{"@id":"https:\/\/www.jazzzeitung.de\/cms\/#\/schema\/logo\/image\/"},"sameAs":["https:\/\/www.facebook.com\/JazzZeitung\/"]},{"@type":"Person","@id":"https:\/\/www.jazzzeitung.de\/cms\/#\/schema\/person\/8304b2aa3421664e25ea90413d8b0856","name":"Michael Ernst","image":{"@type":"ImageObject","inLanguage":"de","@id":"https:\/\/secure.gravatar.com\/avatar\/e2b09fb21b90d404b8261369424172e3aa9e4d55c84465bac51be5f5fa5f67b3?s=96&d=wp_user_avatar&r=g644d14f0787257f26230835156e05717","url":"https:\/\/secure.gravatar.com\/avatar\/e2b09fb21b90d404b8261369424172e3aa9e4d55c84465bac51be5f5fa5f67b3?s=96&d=wp_user_avatar&r=g","contentUrl":"https:\/\/secure.gravatar.com\/avatar\/e2b09fb21b90d404b8261369424172e3aa9e4d55c84465bac51be5f5fa5f67b3?s=96&d=wp_user_avatar&r=g","caption":"Michael Ernst"},"url":"https:\/\/www.jazzzeitung.de\/cms\/author\/m-ernst\/"}]}},"wp-worthy-pixel":{"ignored":false,"public":null,"server":null,"url":null},"wp-worthy-type":"normal","jetpack_publicize_connections":[],"cc_featured_image_caption":{"caption_text":false,"source_text":false,"source_url":false},"jetpack_featured_media_url":"","jetpack_shortlink":"https:\/\/wp.me\/p3KEcT-1Nz","jetpack-related-posts":[{"id":24512,"url":"https:\/\/www.jazzzeitung.de\/cms\/2021\/03\/happy-birthday-jazzclub-tonne-dresden\/","url_meta":{"origin":6917,"position":0},"title":"Happy birthday Jazzclub Tonne Dresden","author":"Redaktion JazzZeitung","date":"13. M\u00e4rz 2021","format":false,"excerpt":"Von Mathias B\u00e4umel. Das eigentliche Gr\u00fcndungsjubil\u00e4um des Jazzclubs Tonne \u2013 im M\u00e4rz 2017 h\u00e4tte der Dresdner Jazzclub seinen 40. Geburtstag feiern k\u00f6nnen \u2013 ging fast unbemerkt vorbei; die gesamte Dresdner Jazzszene stand wohl noch unter dem Eindruck der umjubelten Jazzparty anl\u00e4sslich des Wiedereinzugs des Clubs in die tonnenf\u00f6rmige Gew\u00f6lber\u00e4ume des\u2026","rel":"","context":"In &quot;Clubs&quot;","block_context":{"text":"Clubs","link":"https:\/\/www.jazzzeitung.de\/cms\/thema\/clubs\/"},"img":{"alt_text":"","src":"https:\/\/i0.wp.com\/www.jazzzeitung.de\/cms\/wp-content\/uploads\/2021\/03\/Bundesarchiv_Bild_183-Z1126-301_Dresden_Kurlaender_Palais_Kellergewoelbe_Buehne.jpg?fit=800%2C568&ssl=1&resize=350%2C200","width":350,"height":200,"srcset":"https:\/\/i0.wp.com\/www.jazzzeitung.de\/cms\/wp-content\/uploads\/2021\/03\/Bundesarchiv_Bild_183-Z1126-301_Dresden_Kurlaender_Palais_Kellergewoelbe_Buehne.jpg?fit=800%2C568&ssl=1&resize=350%2C200 1x, https:\/\/i0.wp.com\/www.jazzzeitung.de\/cms\/wp-content\/uploads\/2021\/03\/Bundesarchiv_Bild_183-Z1126-301_Dresden_Kurlaender_Palais_Kellergewoelbe_Buehne.jpg?fit=800%2C568&ssl=1&resize=525%2C300 1.5x, https:\/\/i0.wp.com\/www.jazzzeitung.de\/cms\/wp-content\/uploads\/2021\/03\/Bundesarchiv_Bild_183-Z1126-301_Dresden_Kurlaender_Palais_Kellergewoelbe_Buehne.jpg?fit=800%2C568&ssl=1&resize=700%2C400 2x"},"classes":[]},{"id":11913,"url":"https:\/\/www.jazzzeitung.de\/cms\/2017\/03\/unikat-auf-der-ostdeutschen-jazzlandschaft-40-jahre-jazzclub-tonne-dresden\/","url_meta":{"origin":6917,"position":1},"title":"Unikat auf der ostdeutschen Jazzlandschaft &#8211; 40 Jahre Jazzclub Tonne Dresden","author":"Redaktion JazzZeitung","date":"18. M\u00e4rz 2017","format":false,"excerpt":"Er geh\u00f6rt zu den angesehensten Jazzclubs in Deutschland, ist auf der internationalen Szene bestens bekannt, hatte im Oktober 2015 zum dritten Mal in Folge den renommierten Spielst\u00e4ttenprogrammpreis der Initiative Musik \u2013 der F\u00f6rdereinrichtung f\u00fcr aktuelle Musik der Bundesregierung \u2013 erhalten: der Dresdner Jazzclub Tonne. Vor 40 Jahren, am 18. M\u00e4rz\u2026","rel":"","context":"In &quot;Bericht&quot;","block_context":{"text":"Bericht","link":"https:\/\/www.jazzzeitung.de\/cms\/thema\/bericht\/"},"img":{"alt_text":"","src":"https:\/\/i0.wp.com\/www.jazzzeitung.de\/cms\/wp-content\/uploads\/2017\/03\/Tonne_Bierdeckel_einzeln-150x150.jpg?resize=350%2C200","width":350,"height":200},"classes":[]},{"id":6425,"url":"https:\/\/www.jazzzeitung.de\/cms\/2015\/06\/dresdens-jazzclub-macht-dicht-weil-er-undicht-ist-und-die-stadt-ihn-nicht-dicht-bekommt\/","url_meta":{"origin":6917,"position":2},"title":"Dresdens Jazzclub macht dicht, weil er undicht ist und die Stadt ihn nicht dicht bekommt","author":"Michael Ernst","date":"17. Juni 2015","format":false,"excerpt":"Mit dem Klimawandel ist schlecht zu improvisieren: Wenn es regnet in Dresden, f\u00e4llt der Jazz buchst\u00e4blich ins Wasser. Jazz und B\u00fcrokratie sprechen grunds\u00e4tzlich verschiedene Sprachen. Wenn die freie Improvisation auf starre Strukturen trifft, ist Stillstand angesagt. Im Jazzclub Tonne, Dresdens wichtigstem Aush\u00e4ngeschild in Sachen Jazz, ist nun das Gegenteil eingetreten.\u2026","rel":"","context":"In &quot;Bericht&quot;","block_context":{"text":"Bericht","link":"https:\/\/www.jazzzeitung.de\/cms\/thema\/bericht\/"},"img":{"alt_text":"Der Dresdner Jazzclub Tonne ist nicht dicht zu kriegen. Foto: Jazzclub Tonne","src":"https:\/\/i0.wp.com\/www.jazzzeitung.de\/cms\/wp-content\/uploads\/2015\/06\/jazzclub-tonne-747x600.png?resize=350%2C200","width":350,"height":200,"srcset":"https:\/\/i0.wp.com\/www.jazzzeitung.de\/cms\/wp-content\/uploads\/2015\/06\/jazzclub-tonne-747x600.png?resize=350%2C200 1x, https:\/\/i0.wp.com\/www.jazzzeitung.de\/cms\/wp-content\/uploads\/2015\/06\/jazzclub-tonne-747x600.png?resize=525%2C300 1.5x"},"classes":[]},{"id":6531,"url":"https:\/\/www.jazzzeitung.de\/cms\/2015\/07\/dresden-kuendigt-jazzclub-tonne\/","url_meta":{"origin":6917,"position":3},"title":"Dresden k\u00fcndigt Jazzclub Tonne","author":"Michael Ernst","date":"8. Juli 2015","format":false,"excerpt":"Wie die s\u00e4chsische Landeshauptstadt Dresden mit einem Kleinod des Jazz umgeht: Bei Problemen wird dicht gemacht! Erst steht der Dresdner Jazzclub Tonne im Regen, weil das Geb\u00e4ude undicht ist. Daraufhin wird die Spielst\u00e4tte dicht gemacht (und nicht etwa abgedichtet). Weil das alles nix hilft, werden die Veranstalter auf die Stra\u00dfe\u2026","rel":"","context":"In &quot;Bericht&quot;","block_context":{"text":"Bericht","link":"https:\/\/www.jazzzeitung.de\/cms\/thema\/bericht\/"},"img":{"alt_text":"Alles in die Tonne. Foto: Hufner","src":"https:\/\/i0.wp.com\/www.jazzzeitung.de\/cms\/wp-content\/uploads\/2015\/07\/fuer_die_tonne_c_hufner-800x600.jpg?resize=350%2C200","width":350,"height":200,"srcset":"https:\/\/i0.wp.com\/www.jazzzeitung.de\/cms\/wp-content\/uploads\/2015\/07\/fuer_die_tonne_c_hufner-800x600.jpg?resize=350%2C200 1x, https:\/\/i0.wp.com\/www.jazzzeitung.de\/cms\/wp-content\/uploads\/2015\/07\/fuer_die_tonne_c_hufner-800x600.jpg?resize=525%2C300 1.5x"},"classes":[]},{"id":13275,"url":"https:\/\/www.jazzzeitung.de\/cms\/2017\/08\/das-martin-auer-quintett-mit-dem-jjo-im-dresdner-jazzclub-tonne\/","url_meta":{"origin":6917,"position":4},"title":"Das Martin Auer Quintett mit dem JJO im Dresdner Jazzclub Tonne","author":"Redaktion JazzZeitung","date":"11. August 2017","format":false,"excerpt":"Martin Auer im Quintett mit Florian Tr\u00fcbsbach an den Reeds, dem Bassisten Andreas Kurz, Bastian J\u00fctte am Schlagzeug und dem Pianisten Rolf Langhals unter Leitung des Trompeters im \u201eSommercamp\u201c mit dem Jugend-Jazzorchester Sachsen. Ein Woche lang probte und musizierte das JJO zusammen gemeinsam mit dem Quintett, um dann durch die\u2026","rel":"","context":"In &quot;Bericht&quot;","block_context":{"text":"Bericht","link":"https:\/\/www.jazzzeitung.de\/cms\/thema\/bericht\/"},"img":{"alt_text":"","src":"https:\/\/i0.wp.com\/www.jazzzeitung.de\/cms\/wp-content\/uploads\/2017\/08\/P1500335-Kellner-Foto-TJ-Krebs-jazzphotoagency%40web.de_.jpg?resize=350%2C200","width":350,"height":200,"srcset":"https:\/\/i0.wp.com\/www.jazzzeitung.de\/cms\/wp-content\/uploads\/2017\/08\/P1500335-Kellner-Foto-TJ-Krebs-jazzphotoagency%40web.de_.jpg?resize=350%2C200 1x, https:\/\/i0.wp.com\/www.jazzzeitung.de\/cms\/wp-content\/uploads\/2017\/08\/P1500335-Kellner-Foto-TJ-Krebs-jazzphotoagency%40web.de_.jpg?resize=525%2C300 1.5x, https:\/\/i0.wp.com\/www.jazzzeitung.de\/cms\/wp-content\/uploads\/2017\/08\/P1500335-Kellner-Foto-TJ-Krebs-jazzphotoagency%40web.de_.jpg?resize=700%2C400 2x, https:\/\/i0.wp.com\/www.jazzzeitung.de\/cms\/wp-content\/uploads\/2017\/08\/P1500335-Kellner-Foto-TJ-Krebs-jazzphotoagency%40web.de_.jpg?resize=1050%2C600 3x"},"classes":[]},{"id":24378,"url":"https:\/\/www.jazzzeitung.de\/cms\/2021\/02\/das-karoline-weidt-quartett-veroeffentlicht-am-13-februar-2021-online-ihre-erste-ep\/","url_meta":{"origin":6917,"position":5},"title":"Das Karoline Weidt Quartett ver\u00f6ffentlicht am 13. Februar 2021 online ihre erste EP","author":"Redaktion JazzZeitung","date":"8. Februar 2021","format":false,"excerpt":"Oha! Die Melodien erinnern mich an etwas: An die melodischen B\u00f6gen einer Cassandra Wilson. Nicht vom Timbre der Stimme her, aber im Hinblick auf die Art, komplex Jazziges mit liedhafter Popmusik zu verbinden. Die Musik, die die Dresdner S\u00e4ngerin Karoline Weidt im Quartett mit Mikolaj Suchanek (Piano), Loreen Sima (Bass)\u2026","rel":"","context":"In &quot;News&quot;","block_context":{"text":"News","link":"https:\/\/www.jazzzeitung.de\/cms\/thema\/nachrichten\/"},"img":{"alt_text":"","src":"https:\/\/i0.wp.com\/www.jazzzeitung.de\/cms\/wp-content\/uploads\/2021\/02\/Karoline-Emanuel-Uch03.2020-6400259-1-scaled-1.jpg?fit=1200%2C800&ssl=1&resize=350%2C200","width":350,"height":200,"srcset":"https:\/\/i0.wp.com\/www.jazzzeitung.de\/cms\/wp-content\/uploads\/2021\/02\/Karoline-Emanuel-Uch03.2020-6400259-1-scaled-1.jpg?fit=1200%2C800&ssl=1&resize=350%2C200 1x, https:\/\/i0.wp.com\/www.jazzzeitung.de\/cms\/wp-content\/uploads\/2021\/02\/Karoline-Emanuel-Uch03.2020-6400259-1-scaled-1.jpg?fit=1200%2C800&ssl=1&resize=525%2C300 1.5x, https:\/\/i0.wp.com\/www.jazzzeitung.de\/cms\/wp-content\/uploads\/2021\/02\/Karoline-Emanuel-Uch03.2020-6400259-1-scaled-1.jpg?fit=1200%2C800&ssl=1&resize=700%2C400 2x, https:\/\/i0.wp.com\/www.jazzzeitung.de\/cms\/wp-content\/uploads\/2021\/02\/Karoline-Emanuel-Uch03.2020-6400259-1-scaled-1.jpg?fit=1200%2C800&ssl=1&resize=1050%2C600 3x"},"classes":[]}],"jetpack_sharing_enabled":true,"_links":{"self":[{"href":"https:\/\/www.jazzzeitung.de\/cms\/wp-json\/wp\/v2\/posts\/6917","targetHints":{"allow":["GET"]}}],"collection":[{"href":"https:\/\/www.jazzzeitung.de\/cms\/wp-json\/wp\/v2\/posts"}],"about":[{"href":"https:\/\/www.jazzzeitung.de\/cms\/wp-json\/wp\/v2\/types\/post"}],"author":[{"embeddable":true,"href":"https:\/\/www.jazzzeitung.de\/cms\/wp-json\/wp\/v2\/users\/34"}],"replies":[{"embeddable":true,"href":"https:\/\/www.jazzzeitung.de\/cms\/wp-json\/wp\/v2\/comments?post=6917"}],"version-history":[{"count":3,"href":"https:\/\/www.jazzzeitung.de\/cms\/wp-json\/wp\/v2\/posts\/6917\/revisions"}],"predecessor-version":[{"id":6920,"href":"https:\/\/www.jazzzeitung.de\/cms\/wp-json\/wp\/v2\/posts\/6917\/revisions\/6920"}],"wp:attachment":[{"href":"https:\/\/www.jazzzeitung.de\/cms\/wp-json\/wp\/v2\/media?parent=6917"}],"wp:term":[{"taxonomy":"category","embeddable":true,"href":"https:\/\/www.jazzzeitung.de\/cms\/wp-json\/wp\/v2\/categories?post=6917"},{"taxonomy":"post_tag","embeddable":true,"href":"https:\/\/www.jazzzeitung.de\/cms\/wp-json\/wp\/v2\/tags?post=6917"},{"taxonomy":"author","embeddable":true,"href":"https:\/\/www.jazzzeitung.de\/cms\/wp-json\/wp\/v2\/coauthors?post=6917"}],"curies":[{"name":"wp","href":"https:\/\/api.w.org\/{rel}","templated":true}]}}