{"id":688,"date":"2011-01-25T11:41:56","date_gmt":"2011-01-25T10:41:56","guid":{"rendered":"http:\/\/blogs.nmz.de\/jazz\/?p=688"},"modified":"2011-01-25T11:41:56","modified_gmt":"2011-01-25T10:41:56","slug":"beitrag-von-dietrich-schlegel","status":"publish","type":"post","link":"https:\/\/www.jazzzeitung.de\/cms\/2011\/01\/beitrag-von-dietrich-schlegel\/","title":{"rendered":"Beitrag von Dietrich Schlegel"},"content":{"rendered":"<p>Ein kleines \u00c4rgernis aus der Vorweihnachtszeit habe ich mir bis nach den Festtagen aufgespart. Wie es der Zeitungsbrauch gebietet, hatte Ende November auch die Frankfurter Allgemeine Sonntagszeitung ihre festen und freien Feuilleton-Mitarbeiter \u2013 sechzehn an der Zahl &#8211; gebeten, \u201eunsere B\u00fccher, CDs und DVDs des Jahres\u201c ihren Lesern als Geschenkideen oder zu eigenem Nutz und Frommen zu empfehlen. Und was findet dort der Jazz-Freund? Bei der \u201eCD des Jahres\u201c? Fehlanzeige. Unter \u201eDie CD des Moments\u201c immerhin \u201eBud Powell 1960 Grugahalle\u201c (Delta Music Jazzline). Das hei\u00dft: von 32 CD-Nennungen nur eine Jazz-Platte, und das auch noch eine, wenn auch ausgezeichnete Wiederaufnahme. Das entspricht einem Prozentsatz von 3,125. Zum Vergleich: Auch die Klassik bekam nur vier Empfehlungen. Dagegen wurden aus dem gro\u00dfen Gemischtwarenladen Pop\/Rock\/Soul\/Folk\/Punk 20 Exemplare ausgew\u00e4hlt, nat\u00fcrlich \u00fcberwiegend, dem Anspruch des Intelligenz-Blattes entsprechend, sehr elit\u00e4re \u201ein\u201c-Produktionen \u2013 wenn man von Johnny Cash, den Stones, Shakira einmal absieht, Ja, und nat\u00fcrlich auch von Lenas \u201eCassette Player\u201c. Oder sehe <em>ich <\/em>das zu elit\u00e4r?<\/p>\n<p>Dietrich Schlegel<\/p>\n","protected":false},"excerpt":{"rendered":"<p>Ein kleines \u00c4rgernis aus der Vorweihnachtszeit habe ich mir bis nach den Festtagen aufgespart. Wie es der Zeitungsbrauch gebietet, hatte Ende November auch die Frankfurter Allgemeine Sonntagszeitung ihre festen und freien Feuilleton-Mitarbeiter \u2013 sechzehn an der Zahl &#8211; gebeten, \u201eunsere B\u00fccher, CDs und DVDs des Jahres\u201c ihren Lesern als Geschenkideen oder zu eigenem Nutz und Frommen zu empfehlen. Und was findet dort der Jazz-Freund? Bei der \u201eCD des Jahres\u201c? Fehlanzeige. Unter \u201eDie CD des Moments\u201c immerhin \u201eBud Powell 1960 Grugahalle\u201c (Delta Music Jazzline). Das hei\u00dft: von 32 CD-Nennungen nur eine Jazz-Platte, und das auch noch eine, wenn auch ausgezeichnete Wiederaufnahme. Das entspricht einem Prozentsatz von 3,125. Zum Vergleich: Auch die Klassik bekam nur vier Empfehlungen. Dagegen wurden aus dem gro\u00dfen Gemischtwarenladen Pop\/Rock\/Soul\/Folk\/Punk 20 Exemplare ausgew\u00e4hlt, nat\u00fcrlich \u00fcberwiegend, dem Anspruch des Intelligenz-Blattes entsprechend, sehr elit\u00e4re \u201ein\u201c-Produktionen \u2013 wenn man von Johnny Cash, den Stones, Shakira einmal absieht, Ja, und nat\u00fcrlich auch von Lenas \u201eCassette Player\u201c. Oder sehe ich das zu elit\u00e4r? Dietrich Schlegel<\/p>\n","protected":false},"author":6,"featured_media":0,"comment_status":"open","ping_status":"open","sticky":false,"template":"","format":"standard","meta":{"_jetpack_memberships_contains_paid_content":false,"footnotes":"","jetpack_publicize_message":"","jetpack_publicize_feature_enabled":true,"jetpack_social_post_already_shared":false,"jetpack_social_options":{"image_generator_settings":{"template":"highway","default_image_id":0,"font":"","enabled":false},"version":2}},"categories":[82],"tags":[109,316],"coauthors":[],"class_list":["post-688","post","type-post","status-publish","format-standard","hentry","category-blog","tag-cd","tag-klassik"],"yoast_head":"<!-- This site is optimized with the Yoast SEO plugin v27.5 - https:\/\/yoast.com\/product\/yoast-seo-wordpress\/ -->\n<title>Beitrag von Dietrich Schlegel - JazzZeitung<\/title>\n<meta name=\"robots\" content=\"index, follow, max-snippet:-1, max-image-preview:large, max-video-preview:-1\" \/>\n<link rel=\"canonical\" href=\"https:\/\/www.jazzzeitung.de\/cms\/2011\/01\/beitrag-von-dietrich-schlegel\/\" \/>\n<meta property=\"og:locale\" content=\"de_DE\" \/>\n<meta property=\"og:type\" content=\"article\" \/>\n<meta property=\"og:title\" content=\"Beitrag von Dietrich Schlegel - JazzZeitung\" \/>\n<meta property=\"og:description\" content=\"Ein kleines \u00c4rgernis aus der Vorweihnachtszeit habe ich mir bis nach den Festtagen aufgespart. Wie es der Zeitungsbrauch gebietet, hatte Ende November auch die Frankfurter Allgemeine Sonntagszeitung ihre festen und freien Feuilleton-Mitarbeiter \u2013 sechzehn an der Zahl &#8211; gebeten, \u201eunsere B\u00fccher, CDs und DVDs des Jahres\u201c ihren Lesern als Geschenkideen oder zu eigenem Nutz und Frommen zu empfehlen. Und was findet dort der Jazz-Freund? Bei der \u201eCD des Jahres\u201c? Fehlanzeige. Unter \u201eDie CD des Moments\u201c immerhin \u201eBud Powell 1960 Grugahalle\u201c (Delta Music Jazzline). Das hei\u00dft: von 32 CD-Nennungen nur eine Jazz-Platte, und das auch noch eine, wenn auch ausgezeichnete Wiederaufnahme. Das entspricht einem Prozentsatz von 3,125. Zum Vergleich: Auch die Klassik bekam nur vier Empfehlungen. Dagegen wurden aus dem gro\u00dfen Gemischtwarenladen Pop\/Rock\/Soul\/Folk\/Punk 20 Exemplare ausgew\u00e4hlt, nat\u00fcrlich \u00fcberwiegend, dem Anspruch des Intelligenz-Blattes entsprechend, sehr elit\u00e4re \u201ein\u201c-Produktionen \u2013 wenn man von Johnny Cash, den Stones, Shakira einmal absieht, Ja, und nat\u00fcrlich auch von Lenas \u201eCassette Player\u201c. Oder sehe ich das zu elit\u00e4r? Dietrich Schlegel\" \/>\n<meta property=\"og:url\" content=\"https:\/\/www.jazzzeitung.de\/cms\/2011\/01\/beitrag-von-dietrich-schlegel\/\" \/>\n<meta property=\"og:site_name\" content=\"JazzZeitung\" \/>\n<meta property=\"article:publisher\" content=\"https:\/\/www.facebook.com\/JazzZeitung\/\" \/>\n<meta property=\"article:published_time\" content=\"2011-01-25T10:41:56+00:00\" \/>\n<meta property=\"og:image\" content=\"https:\/\/i0.wp.com\/www.jazzzeitung.de\/cms\/wp-content\/uploads\/2012\/01\/ipad-logo-200.png?fit=200%2C200&ssl=1\" \/>\n\t<meta property=\"og:image:width\" content=\"200\" \/>\n\t<meta property=\"og:image:height\" content=\"200\" \/>\n\t<meta property=\"og:image:type\" content=\"image\/png\" \/>\n<meta name=\"author\" content=\"Ursula Gaisa\" \/>\n<script type=\"application\/ld+json\" class=\"yoast-schema-graph\">{\"@context\":\"https:\\\/\\\/schema.org\",\"@graph\":[{\"@type\":\"Article\",\"@id\":\"https:\\\/\\\/www.jazzzeitung.de\\\/cms\\\/2011\\\/01\\\/beitrag-von-dietrich-schlegel\\\/#article\",\"isPartOf\":{\"@id\":\"https:\\\/\\\/www.jazzzeitung.de\\\/cms\\\/2011\\\/01\\\/beitrag-von-dietrich-schlegel\\\/\"},\"author\":{\"name\":\"Ursula Gaisa\",\"@id\":\"https:\\\/\\\/www.jazzzeitung.de\\\/cms\\\/#\\\/schema\\\/person\\\/1d7707f8668f083601157be48b16fe1b\"},\"headline\":\"Beitrag von Dietrich Schlegel\",\"datePublished\":\"2011-01-25T10:41:56+00:00\",\"mainEntityOfPage\":{\"@id\":\"https:\\\/\\\/www.jazzzeitung.de\\\/cms\\\/2011\\\/01\\\/beitrag-von-dietrich-schlegel\\\/\"},\"wordCount\":173,\"commentCount\":1,\"publisher\":{\"@id\":\"https:\\\/\\\/www.jazzzeitung.de\\\/cms\\\/#organization\"},\"keywords\":[\"CD\",\"Klassik\"],\"articleSection\":[\"Blog\"],\"inLanguage\":\"de\",\"potentialAction\":[{\"@type\":\"CommentAction\",\"name\":\"Comment\",\"target\":[\"https:\\\/\\\/www.jazzzeitung.de\\\/cms\\\/2011\\\/01\\\/beitrag-von-dietrich-schlegel\\\/#respond\"]}]},{\"@type\":\"WebPage\",\"@id\":\"https:\\\/\\\/www.jazzzeitung.de\\\/cms\\\/2011\\\/01\\\/beitrag-von-dietrich-schlegel\\\/\",\"url\":\"https:\\\/\\\/www.jazzzeitung.de\\\/cms\\\/2011\\\/01\\\/beitrag-von-dietrich-schlegel\\\/\",\"name\":\"Beitrag von Dietrich Schlegel - JazzZeitung\",\"isPartOf\":{\"@id\":\"https:\\\/\\\/www.jazzzeitung.de\\\/cms\\\/#website\"},\"datePublished\":\"2011-01-25T10:41:56+00:00\",\"breadcrumb\":{\"@id\":\"https:\\\/\\\/www.jazzzeitung.de\\\/cms\\\/2011\\\/01\\\/beitrag-von-dietrich-schlegel\\\/#breadcrumb\"},\"inLanguage\":\"de\",\"potentialAction\":[{\"@type\":\"ReadAction\",\"target\":[\"https:\\\/\\\/www.jazzzeitung.de\\\/cms\\\/2011\\\/01\\\/beitrag-von-dietrich-schlegel\\\/\"]}]},{\"@type\":\"BreadcrumbList\",\"@id\":\"https:\\\/\\\/www.jazzzeitung.de\\\/cms\\\/2011\\\/01\\\/beitrag-von-dietrich-schlegel\\\/#breadcrumb\",\"itemListElement\":[{\"@type\":\"ListItem\",\"position\":1,\"name\":\"Startseite\",\"item\":\"https:\\\/\\\/www.jazzzeitung.de\\\/cms\\\/\"},{\"@type\":\"ListItem\",\"position\":2,\"name\":\"Beitrag von Dietrich Schlegel\"}]},{\"@type\":\"WebSite\",\"@id\":\"https:\\\/\\\/www.jazzzeitung.de\\\/cms\\\/#website\",\"url\":\"https:\\\/\\\/www.jazzzeitung.de\\\/cms\\\/\",\"name\":\"JazzZeitung\",\"description\":\"Jazz-News und Jazz-Kontroverses\",\"publisher\":{\"@id\":\"https:\\\/\\\/www.jazzzeitung.de\\\/cms\\\/#organization\"},\"potentialAction\":[{\"@type\":\"SearchAction\",\"target\":{\"@type\":\"EntryPoint\",\"urlTemplate\":\"https:\\\/\\\/www.jazzzeitung.de\\\/cms\\\/?s={search_term_string}\"},\"query-input\":{\"@type\":\"PropertyValueSpecification\",\"valueRequired\":true,\"valueName\":\"search_term_string\"}}],\"inLanguage\":\"de\"},{\"@type\":\"Organization\",\"@id\":\"https:\\\/\\\/www.jazzzeitung.de\\\/cms\\\/#organization\",\"name\":\"JazzZeitung online\",\"url\":\"https:\\\/\\\/www.jazzzeitung.de\\\/cms\\\/\",\"logo\":{\"@type\":\"ImageObject\",\"inLanguage\":\"de\",\"@id\":\"https:\\\/\\\/www.jazzzeitung.de\\\/cms\\\/#\\\/schema\\\/logo\\\/image\\\/\",\"url\":\"https:\\\/\\\/i0.wp.com\\\/www.jazzzeitung.de\\\/cms\\\/wp-content\\\/uploads\\\/2015\\\/08\\\/JAZZZEITUNGDE_Logo_Neu.png?fit=499%2C200&ssl=1\",\"contentUrl\":\"https:\\\/\\\/i0.wp.com\\\/www.jazzzeitung.de\\\/cms\\\/wp-content\\\/uploads\\\/2015\\\/08\\\/JAZZZEITUNGDE_Logo_Neu.png?fit=499%2C200&ssl=1\",\"width\":499,\"height\":200,\"caption\":\"JazzZeitung online\"},\"image\":{\"@id\":\"https:\\\/\\\/www.jazzzeitung.de\\\/cms\\\/#\\\/schema\\\/logo\\\/image\\\/\"},\"sameAs\":[\"https:\\\/\\\/www.facebook.com\\\/JazzZeitung\\\/\"]},{\"@type\":\"Person\",\"@id\":\"https:\\\/\\\/www.jazzzeitung.de\\\/cms\\\/#\\\/schema\\\/person\\\/1d7707f8668f083601157be48b16fe1b\",\"name\":\"Ursula Gaisa\",\"image\":{\"@type\":\"ImageObject\",\"inLanguage\":\"de\",\"@id\":\"https:\\\/\\\/secure.gravatar.com\\\/avatar\\\/b9c23f3e1855277dfcc4682042bfb89dce806656872e44d5f2f2670a602ecfde?s=96&d=wp_user_avatar&r=g2a222bd83deef568a70b811610d29664\",\"url\":\"https:\\\/\\\/secure.gravatar.com\\\/avatar\\\/b9c23f3e1855277dfcc4682042bfb89dce806656872e44d5f2f2670a602ecfde?s=96&d=wp_user_avatar&r=g\",\"contentUrl\":\"https:\\\/\\\/secure.gravatar.com\\\/avatar\\\/b9c23f3e1855277dfcc4682042bfb89dce806656872e44d5f2f2670a602ecfde?s=96&d=wp_user_avatar&r=g\",\"caption\":\"Ursula Gaisa\"},\"url\":\"https:\\\/\\\/www.jazzzeitung.de\\\/cms\\\/author\\\/gaisa\\\/\"}]}<\/script>\n<!-- \/ Yoast SEO plugin. -->","yoast_head_json":{"title":"Beitrag von Dietrich Schlegel - JazzZeitung","robots":{"index":"index","follow":"follow","max-snippet":"max-snippet:-1","max-image-preview":"max-image-preview:large","max-video-preview":"max-video-preview:-1"},"canonical":"https:\/\/www.jazzzeitung.de\/cms\/2011\/01\/beitrag-von-dietrich-schlegel\/","og_locale":"de_DE","og_type":"article","og_title":"Beitrag von Dietrich Schlegel - JazzZeitung","og_description":"Ein kleines \u00c4rgernis aus der Vorweihnachtszeit habe ich mir bis nach den Festtagen aufgespart. Wie es der Zeitungsbrauch gebietet, hatte Ende November auch die Frankfurter Allgemeine Sonntagszeitung ihre festen und freien Feuilleton-Mitarbeiter \u2013 sechzehn an der Zahl &#8211; gebeten, \u201eunsere B\u00fccher, CDs und DVDs des Jahres\u201c ihren Lesern als Geschenkideen oder zu eigenem Nutz und Frommen zu empfehlen. Und was findet dort der Jazz-Freund? Bei der \u201eCD des Jahres\u201c? Fehlanzeige. Unter \u201eDie CD des Moments\u201c immerhin \u201eBud Powell 1960 Grugahalle\u201c (Delta Music Jazzline). Das hei\u00dft: von 32 CD-Nennungen nur eine Jazz-Platte, und das auch noch eine, wenn auch ausgezeichnete Wiederaufnahme. Das entspricht einem Prozentsatz von 3,125. Zum Vergleich: Auch die Klassik bekam nur vier Empfehlungen. Dagegen wurden aus dem gro\u00dfen Gemischtwarenladen Pop\/Rock\/Soul\/Folk\/Punk 20 Exemplare ausgew\u00e4hlt, nat\u00fcrlich \u00fcberwiegend, dem Anspruch des Intelligenz-Blattes entsprechend, sehr elit\u00e4re \u201ein\u201c-Produktionen \u2013 wenn man von Johnny Cash, den Stones, Shakira einmal absieht, Ja, und nat\u00fcrlich auch von Lenas \u201eCassette Player\u201c. Oder sehe ich das zu elit\u00e4r? Dietrich Schlegel","og_url":"https:\/\/www.jazzzeitung.de\/cms\/2011\/01\/beitrag-von-dietrich-schlegel\/","og_site_name":"JazzZeitung","article_publisher":"https:\/\/www.facebook.com\/JazzZeitung\/","article_published_time":"2011-01-25T10:41:56+00:00","og_image":[{"width":200,"height":200,"url":"https:\/\/i0.wp.com\/www.jazzzeitung.de\/cms\/wp-content\/uploads\/2012\/01\/ipad-logo-200.png?fit=200%2C200&ssl=1","type":"image\/png"}],"author":"Ursula Gaisa","schema":{"@context":"https:\/\/schema.org","@graph":[{"@type":"Article","@id":"https:\/\/www.jazzzeitung.de\/cms\/2011\/01\/beitrag-von-dietrich-schlegel\/#article","isPartOf":{"@id":"https:\/\/www.jazzzeitung.de\/cms\/2011\/01\/beitrag-von-dietrich-schlegel\/"},"author":{"name":"Ursula Gaisa","@id":"https:\/\/www.jazzzeitung.de\/cms\/#\/schema\/person\/1d7707f8668f083601157be48b16fe1b"},"headline":"Beitrag von Dietrich Schlegel","datePublished":"2011-01-25T10:41:56+00:00","mainEntityOfPage":{"@id":"https:\/\/www.jazzzeitung.de\/cms\/2011\/01\/beitrag-von-dietrich-schlegel\/"},"wordCount":173,"commentCount":1,"publisher":{"@id":"https:\/\/www.jazzzeitung.de\/cms\/#organization"},"keywords":["CD","Klassik"],"articleSection":["Blog"],"inLanguage":"de","potentialAction":[{"@type":"CommentAction","name":"Comment","target":["https:\/\/www.jazzzeitung.de\/cms\/2011\/01\/beitrag-von-dietrich-schlegel\/#respond"]}]},{"@type":"WebPage","@id":"https:\/\/www.jazzzeitung.de\/cms\/2011\/01\/beitrag-von-dietrich-schlegel\/","url":"https:\/\/www.jazzzeitung.de\/cms\/2011\/01\/beitrag-von-dietrich-schlegel\/","name":"Beitrag von Dietrich Schlegel - JazzZeitung","isPartOf":{"@id":"https:\/\/www.jazzzeitung.de\/cms\/#website"},"datePublished":"2011-01-25T10:41:56+00:00","breadcrumb":{"@id":"https:\/\/www.jazzzeitung.de\/cms\/2011\/01\/beitrag-von-dietrich-schlegel\/#breadcrumb"},"inLanguage":"de","potentialAction":[{"@type":"ReadAction","target":["https:\/\/www.jazzzeitung.de\/cms\/2011\/01\/beitrag-von-dietrich-schlegel\/"]}]},{"@type":"BreadcrumbList","@id":"https:\/\/www.jazzzeitung.de\/cms\/2011\/01\/beitrag-von-dietrich-schlegel\/#breadcrumb","itemListElement":[{"@type":"ListItem","position":1,"name":"Startseite","item":"https:\/\/www.jazzzeitung.de\/cms\/"},{"@type":"ListItem","position":2,"name":"Beitrag von Dietrich Schlegel"}]},{"@type":"WebSite","@id":"https:\/\/www.jazzzeitung.de\/cms\/#website","url":"https:\/\/www.jazzzeitung.de\/cms\/","name":"JazzZeitung","description":"Jazz-News und Jazz-Kontroverses","publisher":{"@id":"https:\/\/www.jazzzeitung.de\/cms\/#organization"},"potentialAction":[{"@type":"SearchAction","target":{"@type":"EntryPoint","urlTemplate":"https:\/\/www.jazzzeitung.de\/cms\/?s={search_term_string}"},"query-input":{"@type":"PropertyValueSpecification","valueRequired":true,"valueName":"search_term_string"}}],"inLanguage":"de"},{"@type":"Organization","@id":"https:\/\/www.jazzzeitung.de\/cms\/#organization","name":"JazzZeitung online","url":"https:\/\/www.jazzzeitung.de\/cms\/","logo":{"@type":"ImageObject","inLanguage":"de","@id":"https:\/\/www.jazzzeitung.de\/cms\/#\/schema\/logo\/image\/","url":"https:\/\/i0.wp.com\/www.jazzzeitung.de\/cms\/wp-content\/uploads\/2015\/08\/JAZZZEITUNGDE_Logo_Neu.png?fit=499%2C200&ssl=1","contentUrl":"https:\/\/i0.wp.com\/www.jazzzeitung.de\/cms\/wp-content\/uploads\/2015\/08\/JAZZZEITUNGDE_Logo_Neu.png?fit=499%2C200&ssl=1","width":499,"height":200,"caption":"JazzZeitung online"},"image":{"@id":"https:\/\/www.jazzzeitung.de\/cms\/#\/schema\/logo\/image\/"},"sameAs":["https:\/\/www.facebook.com\/JazzZeitung\/"]},{"@type":"Person","@id":"https:\/\/www.jazzzeitung.de\/cms\/#\/schema\/person\/1d7707f8668f083601157be48b16fe1b","name":"Ursula Gaisa","image":{"@type":"ImageObject","inLanguage":"de","@id":"https:\/\/secure.gravatar.com\/avatar\/b9c23f3e1855277dfcc4682042bfb89dce806656872e44d5f2f2670a602ecfde?s=96&d=wp_user_avatar&r=g2a222bd83deef568a70b811610d29664","url":"https:\/\/secure.gravatar.com\/avatar\/b9c23f3e1855277dfcc4682042bfb89dce806656872e44d5f2f2670a602ecfde?s=96&d=wp_user_avatar&r=g","contentUrl":"https:\/\/secure.gravatar.com\/avatar\/b9c23f3e1855277dfcc4682042bfb89dce806656872e44d5f2f2670a602ecfde?s=96&d=wp_user_avatar&r=g","caption":"Ursula Gaisa"},"url":"https:\/\/www.jazzzeitung.de\/cms\/author\/gaisa\/"}]}},"wp-worthy-pixel":{"ignored":false,"public":null,"server":null,"url":null},"wp-worthy-type":"normal","jetpack_publicize_connections":[],"cc_featured_image_caption":{"caption_text":false,"source_text":false,"source_url":false},"jetpack_featured_media_url":"","jetpack_shortlink":"https:\/\/wp.me\/p3KEcT-b6","jetpack-related-posts":[{"id":25843,"url":"https:\/\/www.jazzzeitung.de\/cms\/2021\/09\/jazz-trifft-oper-michel-portal-mit-mp-85-im-muenchener-nationaltheater\/","url_meta":{"origin":688,"position":0},"title":"JAZZ TRIFFT OPER &#8211; Michel Portal mit MP 85 im M\u00fcnchener Nationaltheater","author":"Redaktion JazzZeitung","date":"29. September 2021","format":false,"excerpt":"\u201eJazz trifft Oper\u201c hie\u00df es zum Auftakt der Saison im Nationaltheater in M\u00fcnchen. Die Bayerische Staatsoper lud bis zum 26. 9. zum \u201eSeptemberfest\u201c ein, mit dem sie erstmalig die neue Spielzeit mit dem Publikum feiern wollte. H\u00f6chste k\u00fcnstlerische Qualit\u00e4t sollte f\u00fcr die gesamte Breite der Bev\u00f6lkerung zug\u00e4nglich und erlebbar sein.\u2026","rel":"","context":"In &quot;Bericht&quot;","block_context":{"text":"Bericht","link":"https:\/\/www.jazzzeitung.de\/cms\/thema\/bericht\/"},"img":{"alt_text":"","src":"https:\/\/i0.wp.com\/www.jazzzeitung.de\/cms\/wp-content\/uploads\/2021\/09\/2021_JazzTrifftOper_M.Portal_c_W.Hoesl_-scaled.jpg?fit=1200%2C800&ssl=1&resize=350%2C200","width":350,"height":200,"srcset":"https:\/\/i0.wp.com\/www.jazzzeitung.de\/cms\/wp-content\/uploads\/2021\/09\/2021_JazzTrifftOper_M.Portal_c_W.Hoesl_-scaled.jpg?fit=1200%2C800&ssl=1&resize=350%2C200 1x, https:\/\/i0.wp.com\/www.jazzzeitung.de\/cms\/wp-content\/uploads\/2021\/09\/2021_JazzTrifftOper_M.Portal_c_W.Hoesl_-scaled.jpg?fit=1200%2C800&ssl=1&resize=525%2C300 1.5x, https:\/\/i0.wp.com\/www.jazzzeitung.de\/cms\/wp-content\/uploads\/2021\/09\/2021_JazzTrifftOper_M.Portal_c_W.Hoesl_-scaled.jpg?fit=1200%2C800&ssl=1&resize=700%2C400 2x, https:\/\/i0.wp.com\/www.jazzzeitung.de\/cms\/wp-content\/uploads\/2021\/09\/2021_JazzTrifftOper_M.Portal_c_W.Hoesl_-scaled.jpg?fit=1200%2C800&ssl=1&resize=1050%2C600 3x"},"classes":[]},{"id":8396,"url":"https:\/\/www.jazzzeitung.de\/cms\/2016\/02\/jazz-war-seine-zweite-leidenschaft-zum-tode-von-roger-willemsen\/","url_meta":{"origin":688,"position":1},"title":"Jazz war seine zweite Leidenschaft \u2013 Zum Tode von Roger Willemsen","author":"Redaktion JazzZeitung","date":"12. Februar 2016","format":false,"excerpt":"Von Dietrich Schlegel. Die Literatur war die eine Leidenschaft des am vergangenen Sonntag am Krebs gestorbenen Autors, Fernseh-\/Radio-Moderators und Filmemachers Roger Willemsen. Seine zweite war der Jazz. Sie kam aber in den vielen Nachrufen in den Medien eher zu kurz, wurde oft gar nicht einmal erw\u00e4hnt. Zu vielf\u00e4ltig, fast un\u00fcbersehbar\u2026","rel":"","context":"In &quot;Portrait&quot;","block_context":{"text":"Portrait","link":"https:\/\/www.jazzzeitung.de\/cms\/thema\/portrait\/"},"img":{"alt_text":"Roger Willemsen \u00a9 S. Fischer Verlage","src":"https:\/\/i0.wp.com\/www.jazzzeitung.de\/cms\/wp-content\/uploads\/2016\/02\/Roger_Willemsen_2-150x150.jpg?resize=350%2C200","width":350,"height":200},"classes":[]},{"id":14816,"url":"https:\/\/www.jazzzeitung.de\/cms\/2018\/01\/de_groote-faes\/","url_meta":{"origin":688,"position":2},"title":"CD-Rezension: De Groote-Faes Duo &#8211; Symphony for 2 Little Boys","author":"Redaktion JazzZeitung","date":"22. Januar 2018","format":false,"excerpt":"Mal fein und zart, mal festlich, dann wieder rau und dunkel: Bruno de Groote und Ben Faes zeigen auf \u201eSymphony for 2 Little Boys\u201c eindr\u00fccklich, wie wandelbar der Mix aus E-Gitarre und Kontrabass sein kann. Trotz begrenztem Instrumentarium erschaffen die beiden Musiker auf ihrem neuen Album einen mitunter \u00fcberraschenden Sound,\u2026","rel":"","context":"In &quot;Rezension&quot;","block_context":{"text":"Rezension","link":"https:\/\/www.jazzzeitung.de\/cms\/thema\/rezension\/"},"img":{"alt_text":"","src":"https:\/\/i0.wp.com\/www.jazzzeitung.de\/cms\/wp-content\/uploads\/2018\/01\/00000001.jpg?fit=1200%2C1074&ssl=1&resize=350%2C200","width":350,"height":200,"srcset":"https:\/\/i0.wp.com\/www.jazzzeitung.de\/cms\/wp-content\/uploads\/2018\/01\/00000001.jpg?fit=1200%2C1074&ssl=1&resize=350%2C200 1x, https:\/\/i0.wp.com\/www.jazzzeitung.de\/cms\/wp-content\/uploads\/2018\/01\/00000001.jpg?fit=1200%2C1074&ssl=1&resize=525%2C300 1.5x, https:\/\/i0.wp.com\/www.jazzzeitung.de\/cms\/wp-content\/uploads\/2018\/01\/00000001.jpg?fit=1200%2C1074&ssl=1&resize=700%2C400 2x, https:\/\/i0.wp.com\/www.jazzzeitung.de\/cms\/wp-content\/uploads\/2018\/01\/00000001.jpg?fit=1200%2C1074&ssl=1&resize=1050%2C600 3x"},"classes":[]},{"id":26386,"url":"https:\/\/www.jazzzeitung.de\/cms\/2021\/12\/die-jazz-radiowoche-vom-27-12-2102-01-2022\/","url_meta":{"origin":688,"position":3},"title":"Die Jazz-Radiowoche vom 27.12.21\u201302.01.2022","author":"Martin Hufner","date":"26. Dezember 2021","format":false,"excerpt":"Ein kleiner Blick in die Radiowoche 52. Die \u00dcbersicht zum Download als PDF. Alle Angaben ohne Gew\u00e4hr. Andere tolle Sendungen im Radio finden Sie in der Radiowoche im Bad Blog Of Musick. Wenn Sie sich eine t\u00e4gliche Radio-Info\u00fcbersicht in Ihr Postfach w\u00fcnschen, tragen Sie sich hier in den kostenlosen Newsletter\u2026","rel":"","context":"In &quot;News&quot;","block_context":{"text":"News","link":"https:\/\/www.jazzzeitung.de\/cms\/thema\/nachrichten\/"},"img":{"alt_text":"Jazz im Radio. Foto\/Montage: Hufner","src":"https:\/\/i0.wp.com\/www.jazzzeitung.de\/cms\/wp-content\/uploads\/2018\/05\/radio-jazz_journalisten.jpg?fit=1200%2C900&ssl=1&resize=350%2C200","width":350,"height":200,"srcset":"https:\/\/i0.wp.com\/www.jazzzeitung.de\/cms\/wp-content\/uploads\/2018\/05\/radio-jazz_journalisten.jpg?fit=1200%2C900&ssl=1&resize=350%2C200 1x, https:\/\/i0.wp.com\/www.jazzzeitung.de\/cms\/wp-content\/uploads\/2018\/05\/radio-jazz_journalisten.jpg?fit=1200%2C900&ssl=1&resize=525%2C300 1.5x, https:\/\/i0.wp.com\/www.jazzzeitung.de\/cms\/wp-content\/uploads\/2018\/05\/radio-jazz_journalisten.jpg?fit=1200%2C900&ssl=1&resize=700%2C400 2x, https:\/\/i0.wp.com\/www.jazzzeitung.de\/cms\/wp-content\/uploads\/2018\/05\/radio-jazz_journalisten.jpg?fit=1200%2C900&ssl=1&resize=1050%2C600 3x"},"classes":[]},{"id":14503,"url":"https:\/\/www.jazzzeitung.de\/cms\/2017\/12\/die-jazz-radiowoche-vom-18-12-bis-24-12-2017\/","url_meta":{"origin":688,"position":4},"title":"Die Jazz-Radiowoche vom 18.12. bis 24.12.2017","author":"Martin Hufner","date":"17. Dezember 2017","format":false,"excerpt":"Ein subjektiver Blick in die Jazzwoche 51 im Radio. Unter anderem mit: George Benson, Eddie \u201eCleanhead\u201c Vinson, Tigran Hamasyan, Charlie Haden, Chris Botti, Mats Eilertsen, Lars Danielsson, Paco de Luc\u00eda, Rainer Tempel, Aaron Goldberg, Christoph Schiller, Norma Winstone, Kirsten Reese, Al Foster Quintett +++ Sommerton-Festival, Jazz im Nachkriegsdeutschland \u2013 Das\u2026","rel":"","context":"In &quot;News&quot;","block_context":{"text":"News","link":"https:\/\/www.jazzzeitung.de\/cms\/thema\/nachrichten\/"},"img":{"alt_text":"Jazz im Radio","src":"https:\/\/i0.wp.com\/www.jazzzeitung.de\/cms\/wp-content\/uploads\/2017\/10\/radio-jazz-neu.jpg?fit=1200%2C900&ssl=1&resize=350%2C200","width":350,"height":200,"srcset":"https:\/\/i0.wp.com\/www.jazzzeitung.de\/cms\/wp-content\/uploads\/2017\/10\/radio-jazz-neu.jpg?fit=1200%2C900&ssl=1&resize=350%2C200 1x, https:\/\/i0.wp.com\/www.jazzzeitung.de\/cms\/wp-content\/uploads\/2017\/10\/radio-jazz-neu.jpg?fit=1200%2C900&ssl=1&resize=525%2C300 1.5x, https:\/\/i0.wp.com\/www.jazzzeitung.de\/cms\/wp-content\/uploads\/2017\/10\/radio-jazz-neu.jpg?fit=1200%2C900&ssl=1&resize=700%2C400 2x, https:\/\/i0.wp.com\/www.jazzzeitung.de\/cms\/wp-content\/uploads\/2017\/10\/radio-jazz-neu.jpg?fit=1200%2C900&ssl=1&resize=1050%2C600 3x"},"classes":[]},{"id":13586,"url":"https:\/\/www.jazzzeitung.de\/cms\/2017\/09\/helmut-nieberle-und-milorad-romic-gitarren-duo-mit-anarchischer-note\/","url_meta":{"origin":688,"position":5},"title":"Helmut Nieberle und Milorad Romic: Gitarren-Duo mit anarchischer Note","author":"Redaktion JazzZeitung","date":"22. September 2017","format":false,"excerpt":"F\u00fcr viele Regensburger geh\u00f6ren die Serenadenkonzerte von Milorad Romic seit Jahren fest zum sommerlichen Ritual. Heuer gestaltete er das Programm zusammen mit Helmut Nieberle, einem langj\u00e4hrigen Partner, mit dem er aktuell ein Doppelalbum ver\u00f6ffentlicht hat. Im lauschigen Herzogspark bekam die Musik der beiden seelenverwandten und dabei ungleichen Gitarristen eine ganz\u2026","rel":"","context":"In &quot;Rezension&quot;","block_context":{"text":"Rezension","link":"https:\/\/www.jazzzeitung.de\/cms\/thema\/rezension\/"},"img":{"alt_text":"","src":"https:\/\/i0.wp.com\/www.jazzzeitung.de\/cms\/wp-content\/uploads\/2017\/09\/Romic-Nieberle.jpg?fit=1200%2C1098&ssl=1&resize=350%2C200","width":350,"height":200,"srcset":"https:\/\/i0.wp.com\/www.jazzzeitung.de\/cms\/wp-content\/uploads\/2017\/09\/Romic-Nieberle.jpg?fit=1200%2C1098&ssl=1&resize=350%2C200 1x, https:\/\/i0.wp.com\/www.jazzzeitung.de\/cms\/wp-content\/uploads\/2017\/09\/Romic-Nieberle.jpg?fit=1200%2C1098&ssl=1&resize=525%2C300 1.5x, https:\/\/i0.wp.com\/www.jazzzeitung.de\/cms\/wp-content\/uploads\/2017\/09\/Romic-Nieberle.jpg?fit=1200%2C1098&ssl=1&resize=700%2C400 2x, https:\/\/i0.wp.com\/www.jazzzeitung.de\/cms\/wp-content\/uploads\/2017\/09\/Romic-Nieberle.jpg?fit=1200%2C1098&ssl=1&resize=1050%2C600 3x"},"classes":[]}],"jetpack_sharing_enabled":true,"_links":{"self":[{"href":"https:\/\/www.jazzzeitung.de\/cms\/wp-json\/wp\/v2\/posts\/688","targetHints":{"allow":["GET"]}}],"collection":[{"href":"https:\/\/www.jazzzeitung.de\/cms\/wp-json\/wp\/v2\/posts"}],"about":[{"href":"https:\/\/www.jazzzeitung.de\/cms\/wp-json\/wp\/v2\/types\/post"}],"author":[{"embeddable":true,"href":"https:\/\/www.jazzzeitung.de\/cms\/wp-json\/wp\/v2\/users\/6"}],"replies":[{"embeddable":true,"href":"https:\/\/www.jazzzeitung.de\/cms\/wp-json\/wp\/v2\/comments?post=688"}],"version-history":[{"count":0,"href":"https:\/\/www.jazzzeitung.de\/cms\/wp-json\/wp\/v2\/posts\/688\/revisions"}],"wp:attachment":[{"href":"https:\/\/www.jazzzeitung.de\/cms\/wp-json\/wp\/v2\/media?parent=688"}],"wp:term":[{"taxonomy":"category","embeddable":true,"href":"https:\/\/www.jazzzeitung.de\/cms\/wp-json\/wp\/v2\/categories?post=688"},{"taxonomy":"post_tag","embeddable":true,"href":"https:\/\/www.jazzzeitung.de\/cms\/wp-json\/wp\/v2\/tags?post=688"},{"taxonomy":"author","embeddable":true,"href":"https:\/\/www.jazzzeitung.de\/cms\/wp-json\/wp\/v2\/coauthors?post=688"}],"curies":[{"name":"wp","href":"https:\/\/api.w.org\/{rel}","templated":true}]}}