{"id":6829,"date":"2015-08-12T16:05:19","date_gmt":"2015-08-12T14:05:19","guid":{"rendered":"http:\/\/www.jazzzeitung.de\/cms\/?p=6829"},"modified":"2015-08-12T15:14:29","modified_gmt":"2015-08-12T13:14:29","slug":"musica-argentina-para-big-band-gabriel-perez-leitet-das-jugend-jazz-orchester-sachsen","status":"publish","type":"post","link":"https:\/\/www.jazzzeitung.de\/cms\/2015\/08\/musica-argentina-para-big-band-gabriel-perez-leitet-das-jugend-jazz-orchester-sachsen\/","title":{"rendered":"Musica Argentina para Big Band: Gabriel P\u00e9rez leitet das Jugend Jazz Orchester Sachsen"},"content":{"rendered":"<figure id=\"attachment_6830\" aria-describedby=\"caption-attachment-6830\" style=\"width: 150px\" class=\"wp-caption alignright\"><a href=\"https:\/\/i0.wp.com\/www.jazzzeitung.de\/cms\/wp-content\/uploads\/2015\/08\/IMG_7874-Fin-2.jpg\"><img data-recalc-dims=\"1\" loading=\"lazy\" decoding=\"async\" data-attachment-id=\"6830\" data-permalink=\"https:\/\/www.jazzzeitung.de\/cms\/2015\/08\/musica-argentina-para-big-band-gabriel-perez-leitet-das-jugend-jazz-orchester-sachsen\/img_7874-fin-2\/\" data-orig-file=\"https:\/\/i0.wp.com\/www.jazzzeitung.de\/cms\/wp-content\/uploads\/2015\/08\/IMG_7874-Fin-2.jpg?fit=2592%2C3888&amp;ssl=1\" data-orig-size=\"2592,3888\" data-comments-opened=\"1\" data-image-meta=\"{&quot;aperture&quot;:&quot;5&quot;,&quot;credit&quot;:&quot;Levent canseven&quot;,&quot;camera&quot;:&quot;Canon EOS 400D DIGITAL&quot;,&quot;caption&quot;:&quot;&quot;,&quot;created_timestamp&quot;:&quot;1190413666&quot;,&quot;copyright&quot;:&quot;&quot;,&quot;focal_length&quot;:&quot;56&quot;,&quot;iso&quot;:&quot;400&quot;,&quot;shutter_speed&quot;:&quot;0.02&quot;,&quot;title&quot;:&quot;&quot;,&quot;orientation&quot;:&quot;1&quot;}\" data-image-title=\"IMG_7874 Fin 2\" data-image-description=\"\" data-image-caption=\"&lt;p&gt;Gabriel P\u00e9rez: Foto: privat&lt;\/p&gt;\n\" data-large-file=\"https:\/\/i0.wp.com\/www.jazzzeitung.de\/cms\/wp-content\/uploads\/2015\/08\/IMG_7874-Fin-2.jpg?fit=400%2C600&amp;ssl=1\" class=\"size-thumbnail wp-image-6830\" src=\"https:\/\/i0.wp.com\/www.jazzzeitung.de\/cms\/wp-content\/uploads\/2015\/08\/IMG_7874-Fin-2-150x150.jpg?resize=150%2C150\" alt=\"Gabriel P\u00e9rez: Foto: privat\" width=\"150\" height=\"150\" srcset=\"https:\/\/i0.wp.com\/www.jazzzeitung.de\/cms\/wp-content\/uploads\/2015\/08\/IMG_7874-Fin-2.jpg?resize=150%2C150&amp;ssl=1 150w, https:\/\/i0.wp.com\/www.jazzzeitung.de\/cms\/wp-content\/uploads\/2015\/08\/IMG_7874-Fin-2.jpg?resize=144%2C144&amp;ssl=1 144w, https:\/\/i0.wp.com\/www.jazzzeitung.de\/cms\/wp-content\/uploads\/2015\/08\/IMG_7874-Fin-2.jpg?resize=96%2C96&amp;ssl=1 96w, https:\/\/i0.wp.com\/www.jazzzeitung.de\/cms\/wp-content\/uploads\/2015\/08\/IMG_7874-Fin-2.jpg?resize=24%2C24&amp;ssl=1 24w, https:\/\/i0.wp.com\/www.jazzzeitung.de\/cms\/wp-content\/uploads\/2015\/08\/IMG_7874-Fin-2.jpg?resize=36%2C36&amp;ssl=1 36w, https:\/\/i0.wp.com\/www.jazzzeitung.de\/cms\/wp-content\/uploads\/2015\/08\/IMG_7874-Fin-2.jpg?resize=48%2C48&amp;ssl=1 48w, https:\/\/i0.wp.com\/www.jazzzeitung.de\/cms\/wp-content\/uploads\/2015\/08\/IMG_7874-Fin-2.jpg?resize=64%2C64&amp;ssl=1 64w, https:\/\/i0.wp.com\/www.jazzzeitung.de\/cms\/wp-content\/uploads\/2015\/08\/IMG_7874-Fin-2.jpg?resize=32%2C32&amp;ssl=1 32w, https:\/\/i0.wp.com\/www.jazzzeitung.de\/cms\/wp-content\/uploads\/2015\/08\/IMG_7874-Fin-2.jpg?resize=128%2C128&amp;ssl=1 128w, https:\/\/i0.wp.com\/www.jazzzeitung.de\/cms\/wp-content\/uploads\/2015\/08\/IMG_7874-Fin-2.jpg?zoom=2&amp;resize=150%2C150&amp;ssl=1 300w, https:\/\/i0.wp.com\/www.jazzzeitung.de\/cms\/wp-content\/uploads\/2015\/08\/IMG_7874-Fin-2.jpg?zoom=3&amp;resize=150%2C150&amp;ssl=1 450w\" sizes=\"auto, (max-width: 150px) 100vw, 150px\" \/><\/a><figcaption id=\"caption-attachment-6830\" class=\"wp-caption-text\">Gabriel P\u00e9rez: Foto: privat<\/figcaption><\/figure>\n<p>S\u00fcdamerika trifft Big Band: F\u00fcr den Sommer\u00a0 konnte das <a href=\"http:\/\/www.saechsischer-musikrat.de\/index.php?id=64\">Jugendjazzorchester Sachsen <\/a>in diesem Jahr mit dem Argentinier Gabriel P\u00e9rez einen wahren Star der Jazzszene f\u00fcr sich gewinnen. Der Saxophonist, Komponist und Arrangeur leitet die Arbeitsphase der s\u00e4chsischen Nachwuchstalente vom 14. August bis 23. August unter dem Motto \u201eMusica Argentina para Big Band\u201c. Hinter diesem klangvollen Titel steht Jazz, der auf feinsinnige und virtuose Weise die Folklore der Heimat des Komponisten in sich aufnimmt. Nach einer Probephase in der Landesmusikakademie Sachsen (Colditz) werden vier Konzerte zelebriert.<\/p>\n<p>Gabriel P\u00e9rez, geb\u00fcrtig in Cordoba, genoss seine musikalische Ausbildung in Argentinien, bevor er in K\u00f6ln sein Diplom in Saxophon und sp\u00e4ter auch Komposition\/Arrangement mit summa cum laude abschloss. Musikalisch bezieht sich P\u00e9rez dabei oft auf seine Heimat wie bei seinen CD-Publikationen \u201eMusica Argentina\u201c und auch bei seiner neuesten Erscheinung \u201eGuavani, Musica Argentina para Big Band y Orchesta de Camara\u201c, bei der sich unter anderem Saxophonist Chris Potter unter die Gastsolisten gesellt. Neben seinen eigenen Projekten arbeitet der Gewinner des WDR Jazz Awards von 2008 f\u00fcr eine Reihe international renommierter Ensembles wie der WDR-, NDR- und HR- Big Band, sowie zahlreicher gro\u00dfer Bands in Frankreich, Italien, Japan, Niederlanden und der Schweiz.<\/p>\n<figure id=\"attachment_6831\" aria-describedby=\"caption-attachment-6831\" style=\"width: 150px\" class=\"wp-caption alignright\"><a href=\"https:\/\/i0.wp.com\/www.jazzzeitung.de\/cms\/wp-content\/uploads\/2015\/08\/Israel-0509.jpg\"><img data-recalc-dims=\"1\" loading=\"lazy\" decoding=\"async\" data-attachment-id=\"6831\" data-permalink=\"https:\/\/www.jazzzeitung.de\/cms\/2015\/08\/musica-argentina-para-big-band-gabriel-perez-leitet-das-jugend-jazz-orchester-sachsen\/israel-0509\/\" data-orig-file=\"https:\/\/i0.wp.com\/www.jazzzeitung.de\/cms\/wp-content\/uploads\/2015\/08\/Israel-0509.jpg?fit=4288%2C2848&amp;ssl=1\" data-orig-size=\"4288,2848\" data-comments-opened=\"1\" data-image-meta=\"{&quot;aperture&quot;:&quot;10&quot;,&quot;credit&quot;:&quot;&quot;,&quot;camera&quot;:&quot;NIKON D90&quot;,&quot;caption&quot;:&quot;&quot;,&quot;created_timestamp&quot;:&quot;1424176061&quot;,&quot;copyright&quot;:&quot;&quot;,&quot;focal_length&quot;:&quot;34&quot;,&quot;iso&quot;:&quot;400&quot;,&quot;shutter_speed&quot;:&quot;0.0025&quot;,&quot;title&quot;:&quot;&quot;,&quot;orientation&quot;:&quot;1&quot;}\" data-image-title=\"Israel &amp;#8211; 0509\" data-image-description=\"\" data-image-caption=\"&lt;p&gt;\u00dcber den D\u00e4chern von Jerusalem: Das Jugen Jazzorchester Sachsen w\u00e4hrend einer Konzertreise im Februar in Israel.&lt;br \/&gt;\nFoto: U. Kirchberg&lt;\/p&gt;\n\" data-large-file=\"https:\/\/i0.wp.com\/www.jazzzeitung.de\/cms\/wp-content\/uploads\/2015\/08\/Israel-0509.jpg?fit=840%2C558&amp;ssl=1\" class=\"size-thumbnail wp-image-6831\" src=\"https:\/\/i0.wp.com\/www.jazzzeitung.de\/cms\/wp-content\/uploads\/2015\/08\/Israel-0509-150x150.jpg?resize=150%2C150\" alt=\"\u00dcber den D\u00e4chern von Jerusalem: Das Jugen Jazzorchester Sachsen w\u00e4hrend einer Konzertreise im Februar in Israel.  Foto: U. Kirchberg \" width=\"150\" height=\"150\" srcset=\"https:\/\/i0.wp.com\/www.jazzzeitung.de\/cms\/wp-content\/uploads\/2015\/08\/Israel-0509.jpg?resize=150%2C150&amp;ssl=1 150w, https:\/\/i0.wp.com\/www.jazzzeitung.de\/cms\/wp-content\/uploads\/2015\/08\/Israel-0509.jpg?resize=144%2C144&amp;ssl=1 144w, https:\/\/i0.wp.com\/www.jazzzeitung.de\/cms\/wp-content\/uploads\/2015\/08\/Israel-0509.jpg?resize=96%2C96&amp;ssl=1 96w, https:\/\/i0.wp.com\/www.jazzzeitung.de\/cms\/wp-content\/uploads\/2015\/08\/Israel-0509.jpg?resize=24%2C24&amp;ssl=1 24w, https:\/\/i0.wp.com\/www.jazzzeitung.de\/cms\/wp-content\/uploads\/2015\/08\/Israel-0509.jpg?resize=36%2C36&amp;ssl=1 36w, https:\/\/i0.wp.com\/www.jazzzeitung.de\/cms\/wp-content\/uploads\/2015\/08\/Israel-0509.jpg?resize=48%2C48&amp;ssl=1 48w, https:\/\/i0.wp.com\/www.jazzzeitung.de\/cms\/wp-content\/uploads\/2015\/08\/Israel-0509.jpg?resize=64%2C64&amp;ssl=1 64w, https:\/\/i0.wp.com\/www.jazzzeitung.de\/cms\/wp-content\/uploads\/2015\/08\/Israel-0509.jpg?resize=32%2C32&amp;ssl=1 32w, https:\/\/i0.wp.com\/www.jazzzeitung.de\/cms\/wp-content\/uploads\/2015\/08\/Israel-0509.jpg?resize=128%2C128&amp;ssl=1 128w, https:\/\/i0.wp.com\/www.jazzzeitung.de\/cms\/wp-content\/uploads\/2015\/08\/Israel-0509.jpg?zoom=2&amp;resize=150%2C150&amp;ssl=1 300w, https:\/\/i0.wp.com\/www.jazzzeitung.de\/cms\/wp-content\/uploads\/2015\/08\/Israel-0509.jpg?zoom=3&amp;resize=150%2C150&amp;ssl=1 450w\" sizes=\"auto, (max-width: 150px) 100vw, 150px\" \/><\/a><figcaption id=\"caption-attachment-6831\" class=\"wp-caption-text\">\u00dcber den D\u00e4chern von Jerusalem: Das Jugendjazzorchester Sachsen w\u00e4hrend einer Konzertreise im Februar in Israel.<br \/>Foto: U. Kirchberg<\/figcaption><\/figure>\n<p>Mit dem Jugend Jazzorchester Sachsen f\u00fchrt P\u00e9rez sein Engagement f\u00fcr den musikalischen Nachwuchs weiter. Das Ensemble mit seinen 23 Musikern besteht in immer wechselnden Besetzungen seit 1993 und begeisterte seit seiner Entstehung sowohl regionales Publikum wie auch Jazzliebhaber in Kanada, Griechenland, Indien, Ungarn, Israel und wo die zahlreichen Konzertreisen noch hinf\u00fchrten.\u00a0 Dabei befindet sich auch die k\u00fcnstlerische Leitung im st\u00e4ndigen Wechsel, um den jungen Musikern im Alter zwischen 16 und 26 Jahren m\u00f6glichst vielf\u00e4ltige Impulse zu geben. So dirigierten schon Jazzgr\u00f6\u00dfen wie J\u00fcrgen Friedrich, Carla Bley (USA), Joe Sullivan (Kanada), Rolf von Nordenskj\u00f6ld, Milan Svoboda (Tschechien), Al Porcino, Thomas Zoller und Ansgar Striepens die Band.<\/p>\n<p><strong>Konzerte:<\/strong><\/p>\n<p>Do 20.08.15 19:30 Colditz Kammermusiksaal der Landesmusikakademie<\/p>\n<p>Fr. 21.08.15 19:30 Bischofswerda Gro\u00dfer Saal im Rathaus<\/p>\n<p>Sa 22.08.15 15:00 Oelsnitz\/Erzg. Landesgartenschau<\/p>\n<p>So 23.08.15 15:00 Bad Elster Internationale Jazztage, Musikpavillon am Kgl. Kurhaus<\/p>\n","protected":false},"excerpt":{"rendered":"<p>S\u00fcdamerika trifft Big Band: F\u00fcr den Sommer\u00a0 konnte das Jugendjazzorchester Sachsen in diesem Jahr mit dem Argentinier Gabriel P\u00e9rez einen wahren Star der Jazzszene f\u00fcr sich gewinnen. Der Saxophonist, Komponist und Arrangeur leitet die Arbeitsphase der s\u00e4chsischen Nachwuchstalente vom 14. August bis 23. August unter dem Motto \u201eMusica Argentina para Big Band\u201c. Hinter diesem klangvollen Titel steht Jazz, der auf feinsinnige und virtuose Weise die Folklore der Heimat des Komponisten in sich aufnimmt. Nach einer Probephase in der Landesmusikakademie Sachsen (Colditz) werden vier Konzerte zelebriert. Gabriel P\u00e9rez, geb\u00fcrtig in Cordoba, genoss seine musikalische Ausbildung in Argentinien, bevor er in K\u00f6ln sein Diplom in Saxophon und sp\u00e4ter auch Komposition\/Arrangement mit summa cum laude abschloss. Musikalisch bezieht sich P\u00e9rez dabei oft auf seine Heimat wie bei seinen CD-Publikationen \u201eMusica Argentina\u201c und auch bei seiner neuesten Erscheinung \u201eGuavani, Musica Argentina para Big Band y Orchesta de Camara\u201c, bei der sich unter anderem Saxophonist Chris Potter unter die Gastsolisten gesellt. Neben seinen eigenen Projekten arbeitet der Gewinner des WDR Jazz Awards von 2008 f\u00fcr eine Reihe international renommierter Ensembles wie der WDR-, NDR- und HR- Big Band, sowie zahlreicher &hellip;<\/p>\n","protected":false},"author":18,"featured_media":0,"comment_status":"open","ping_status":"closed","sticky":false,"template":"","format":"standard","meta":{"_jetpack_memberships_contains_paid_content":false,"footnotes":"","jetpack_publicize_message":"","jetpack_publicize_feature_enabled":true,"jetpack_social_post_already_shared":false,"jetpack_social_options":{"image_generator_settings":{"template":"highway","default_image_id":0,"font":"","enabled":false},"version":2}},"categories":[1053],"tags":[861,47,71,109,251,282,852,323,410,482,589],"coauthors":[695],"class_list":["post-6829","post","type-post","status-publish","format-standard","hentry","category-bericht","tag-al-porcino","tag-argentinien","tag-big-band","tag-cd","tag-japan","tag-jazzorchester","tag-koeln","tag-konzerte","tag-ndr","tag-sachsen","tag-wdr"],"yoast_head":"<!-- This site is optimized with the Yoast SEO plugin v27.5 - https:\/\/yoast.com\/product\/yoast-seo-wordpress\/ -->\n<title>Musica Argentina para Big Band: Gabriel P\u00e9rez leitet das Jugend Jazz Orchester Sachsen - JazzZeitung<\/title>\n<meta name=\"robots\" content=\"index, follow, max-snippet:-1, max-image-preview:large, max-video-preview:-1\" \/>\n<link rel=\"canonical\" href=\"https:\/\/www.jazzzeitung.de\/cms\/2015\/08\/musica-argentina-para-big-band-gabriel-perez-leitet-das-jugend-jazz-orchester-sachsen\/\" \/>\n<meta property=\"og:locale\" content=\"de_DE\" \/>\n<meta property=\"og:type\" content=\"article\" \/>\n<meta property=\"og:title\" content=\"Musica Argentina para Big Band: Gabriel P\u00e9rez leitet das Jugend Jazz Orchester Sachsen - JazzZeitung\" \/>\n<meta property=\"og:description\" content=\"S\u00fcdamerika trifft Big Band: F\u00fcr den Sommer\u00a0 konnte das Jugendjazzorchester Sachsen in diesem Jahr mit dem Argentinier Gabriel P\u00e9rez einen wahren Star der Jazzszene f\u00fcr sich gewinnen. Der Saxophonist, Komponist und Arrangeur leitet die Arbeitsphase der s\u00e4chsischen Nachwuchstalente vom 14. August bis 23. August unter dem Motto \u201eMusica Argentina para Big Band\u201c. Hinter diesem klangvollen Titel steht Jazz, der auf feinsinnige und virtuose Weise die Folklore der Heimat des Komponisten in sich aufnimmt. Nach einer Probephase in der Landesmusikakademie Sachsen (Colditz) werden vier Konzerte zelebriert. Gabriel P\u00e9rez, geb\u00fcrtig in Cordoba, genoss seine musikalische Ausbildung in Argentinien, bevor er in K\u00f6ln sein Diplom in Saxophon und sp\u00e4ter auch Komposition\/Arrangement mit summa cum laude abschloss. Musikalisch bezieht sich P\u00e9rez dabei oft auf seine Heimat wie bei seinen CD-Publikationen \u201eMusica Argentina\u201c und auch bei seiner neuesten Erscheinung \u201eGuavani, Musica Argentina para Big Band y Orchesta de Camara\u201c, bei der sich unter anderem Saxophonist Chris Potter unter die Gastsolisten gesellt. Neben seinen eigenen Projekten arbeitet der Gewinner des WDR Jazz Awards von 2008 f\u00fcr eine Reihe international renommierter Ensembles wie der WDR-, NDR- und HR- Big Band, sowie zahlreicher &hellip;\" \/>\n<meta property=\"og:url\" content=\"https:\/\/www.jazzzeitung.de\/cms\/2015\/08\/musica-argentina-para-big-band-gabriel-perez-leitet-das-jugend-jazz-orchester-sachsen\/\" \/>\n<meta property=\"og:site_name\" content=\"JazzZeitung\" \/>\n<meta property=\"article:publisher\" content=\"https:\/\/www.facebook.com\/JazzZeitung\/\" \/>\n<meta property=\"article:published_time\" content=\"2015-08-12T14:05:19+00:00\" \/>\n<meta property=\"og:image\" content=\"http:\/\/www.jazzzeitung.de\/cms\/wp-content\/uploads\/2015\/08\/IMG_7874-Fin-2-150x150.jpg\" \/>\n<meta name=\"author\" content=\"Redaktion JazzZeitung\" \/>\n<script type=\"application\/ld+json\" class=\"yoast-schema-graph\">{\"@context\":\"https:\\\/\\\/schema.org\",\"@graph\":[{\"@type\":\"Article\",\"@id\":\"https:\\\/\\\/www.jazzzeitung.de\\\/cms\\\/2015\\\/08\\\/musica-argentina-para-big-band-gabriel-perez-leitet-das-jugend-jazz-orchester-sachsen\\\/#article\",\"isPartOf\":{\"@id\":\"https:\\\/\\\/www.jazzzeitung.de\\\/cms\\\/2015\\\/08\\\/musica-argentina-para-big-band-gabriel-perez-leitet-das-jugend-jazz-orchester-sachsen\\\/\"},\"author\":{\"name\":\"Redaktion JazzZeitung\",\"@id\":\"https:\\\/\\\/www.jazzzeitung.de\\\/cms\\\/#\\\/schema\\\/person\\\/2245b36b9cd1d24cea10f01c031fb92b\"},\"headline\":\"Musica Argentina para Big Band: Gabriel P\u00e9rez leitet das Jugend Jazz Orchester Sachsen\",\"datePublished\":\"2015-08-12T14:05:19+00:00\",\"mainEntityOfPage\":{\"@id\":\"https:\\\/\\\/www.jazzzeitung.de\\\/cms\\\/2015\\\/08\\\/musica-argentina-para-big-band-gabriel-perez-leitet-das-jugend-jazz-orchester-sachsen\\\/\"},\"wordCount\":396,\"commentCount\":0,\"publisher\":{\"@id\":\"https:\\\/\\\/www.jazzzeitung.de\\\/cms\\\/#organization\"},\"image\":{\"@id\":\"https:\\\/\\\/www.jazzzeitung.de\\\/cms\\\/2015\\\/08\\\/musica-argentina-para-big-band-gabriel-perez-leitet-das-jugend-jazz-orchester-sachsen\\\/#primaryimage\"},\"thumbnailUrl\":\"http:\\\/\\\/www.jazzzeitung.de\\\/cms\\\/wp-content\\\/uploads\\\/2015\\\/08\\\/IMG_7874-Fin-2-150x150.jpg\",\"keywords\":[\"Al Porcino\",\"Argentinien\",\"Big Band\",\"CD\",\"Japan\",\"Jazzorchester\",\"K\u00f6ln\",\"Konzerte\",\"NDR\",\"Sachsen\",\"WDR\"],\"articleSection\":[\"Bericht\"],\"inLanguage\":\"de\",\"potentialAction\":[{\"@type\":\"CommentAction\",\"name\":\"Comment\",\"target\":[\"https:\\\/\\\/www.jazzzeitung.de\\\/cms\\\/2015\\\/08\\\/musica-argentina-para-big-band-gabriel-perez-leitet-das-jugend-jazz-orchester-sachsen\\\/#respond\"]}]},{\"@type\":\"WebPage\",\"@id\":\"https:\\\/\\\/www.jazzzeitung.de\\\/cms\\\/2015\\\/08\\\/musica-argentina-para-big-band-gabriel-perez-leitet-das-jugend-jazz-orchester-sachsen\\\/\",\"url\":\"https:\\\/\\\/www.jazzzeitung.de\\\/cms\\\/2015\\\/08\\\/musica-argentina-para-big-band-gabriel-perez-leitet-das-jugend-jazz-orchester-sachsen\\\/\",\"name\":\"Musica Argentina para Big Band: Gabriel P\u00e9rez leitet das Jugend Jazz Orchester Sachsen - JazzZeitung\",\"isPartOf\":{\"@id\":\"https:\\\/\\\/www.jazzzeitung.de\\\/cms\\\/#website\"},\"primaryImageOfPage\":{\"@id\":\"https:\\\/\\\/www.jazzzeitung.de\\\/cms\\\/2015\\\/08\\\/musica-argentina-para-big-band-gabriel-perez-leitet-das-jugend-jazz-orchester-sachsen\\\/#primaryimage\"},\"image\":{\"@id\":\"https:\\\/\\\/www.jazzzeitung.de\\\/cms\\\/2015\\\/08\\\/musica-argentina-para-big-band-gabriel-perez-leitet-das-jugend-jazz-orchester-sachsen\\\/#primaryimage\"},\"thumbnailUrl\":\"http:\\\/\\\/www.jazzzeitung.de\\\/cms\\\/wp-content\\\/uploads\\\/2015\\\/08\\\/IMG_7874-Fin-2-150x150.jpg\",\"datePublished\":\"2015-08-12T14:05:19+00:00\",\"breadcrumb\":{\"@id\":\"https:\\\/\\\/www.jazzzeitung.de\\\/cms\\\/2015\\\/08\\\/musica-argentina-para-big-band-gabriel-perez-leitet-das-jugend-jazz-orchester-sachsen\\\/#breadcrumb\"},\"inLanguage\":\"de\",\"potentialAction\":[{\"@type\":\"ReadAction\",\"target\":[\"https:\\\/\\\/www.jazzzeitung.de\\\/cms\\\/2015\\\/08\\\/musica-argentina-para-big-band-gabriel-perez-leitet-das-jugend-jazz-orchester-sachsen\\\/\"]}]},{\"@type\":\"ImageObject\",\"inLanguage\":\"de\",\"@id\":\"https:\\\/\\\/www.jazzzeitung.de\\\/cms\\\/2015\\\/08\\\/musica-argentina-para-big-band-gabriel-perez-leitet-das-jugend-jazz-orchester-sachsen\\\/#primaryimage\",\"url\":\"http:\\\/\\\/www.jazzzeitung.de\\\/cms\\\/wp-content\\\/uploads\\\/2015\\\/08\\\/IMG_7874-Fin-2-150x150.jpg\",\"contentUrl\":\"http:\\\/\\\/www.jazzzeitung.de\\\/cms\\\/wp-content\\\/uploads\\\/2015\\\/08\\\/IMG_7874-Fin-2-150x150.jpg\"},{\"@type\":\"BreadcrumbList\",\"@id\":\"https:\\\/\\\/www.jazzzeitung.de\\\/cms\\\/2015\\\/08\\\/musica-argentina-para-big-band-gabriel-perez-leitet-das-jugend-jazz-orchester-sachsen\\\/#breadcrumb\",\"itemListElement\":[{\"@type\":\"ListItem\",\"position\":1,\"name\":\"Startseite\",\"item\":\"https:\\\/\\\/www.jazzzeitung.de\\\/cms\\\/\"},{\"@type\":\"ListItem\",\"position\":2,\"name\":\"Musica Argentina para Big Band: Gabriel P\u00e9rez leitet das Jugend Jazz Orchester Sachsen\"}]},{\"@type\":\"WebSite\",\"@id\":\"https:\\\/\\\/www.jazzzeitung.de\\\/cms\\\/#website\",\"url\":\"https:\\\/\\\/www.jazzzeitung.de\\\/cms\\\/\",\"name\":\"JazzZeitung\",\"description\":\"Jazz-News und Jazz-Kontroverses\",\"publisher\":{\"@id\":\"https:\\\/\\\/www.jazzzeitung.de\\\/cms\\\/#organization\"},\"potentialAction\":[{\"@type\":\"SearchAction\",\"target\":{\"@type\":\"EntryPoint\",\"urlTemplate\":\"https:\\\/\\\/www.jazzzeitung.de\\\/cms\\\/?s={search_term_string}\"},\"query-input\":{\"@type\":\"PropertyValueSpecification\",\"valueRequired\":true,\"valueName\":\"search_term_string\"}}],\"inLanguage\":\"de\"},{\"@type\":\"Organization\",\"@id\":\"https:\\\/\\\/www.jazzzeitung.de\\\/cms\\\/#organization\",\"name\":\"JazzZeitung online\",\"url\":\"https:\\\/\\\/www.jazzzeitung.de\\\/cms\\\/\",\"logo\":{\"@type\":\"ImageObject\",\"inLanguage\":\"de\",\"@id\":\"https:\\\/\\\/www.jazzzeitung.de\\\/cms\\\/#\\\/schema\\\/logo\\\/image\\\/\",\"url\":\"https:\\\/\\\/i0.wp.com\\\/www.jazzzeitung.de\\\/cms\\\/wp-content\\\/uploads\\\/2015\\\/08\\\/JAZZZEITUNGDE_Logo_Neu.png?fit=499%2C200&ssl=1\",\"contentUrl\":\"https:\\\/\\\/i0.wp.com\\\/www.jazzzeitung.de\\\/cms\\\/wp-content\\\/uploads\\\/2015\\\/08\\\/JAZZZEITUNGDE_Logo_Neu.png?fit=499%2C200&ssl=1\",\"width\":499,\"height\":200,\"caption\":\"JazzZeitung online\"},\"image\":{\"@id\":\"https:\\\/\\\/www.jazzzeitung.de\\\/cms\\\/#\\\/schema\\\/logo\\\/image\\\/\"},\"sameAs\":[\"https:\\\/\\\/www.facebook.com\\\/JazzZeitung\\\/\"]},{\"@type\":\"Person\",\"@id\":\"https:\\\/\\\/www.jazzzeitung.de\\\/cms\\\/#\\\/schema\\\/person\\\/2245b36b9cd1d24cea10f01c031fb92b\",\"name\":\"Redaktion JazzZeitung\",\"image\":{\"@type\":\"ImageObject\",\"inLanguage\":\"de\",\"@id\":\"https:\\\/\\\/i0.wp.com\\\/www.jazzzeitung.de\\\/cms\\\/wp-content\\\/uploads\\\/2015\\\/08\\\/JAZZZEITUNGDE_Logo_Neu.png?resize=96%2C96&ssl=159975dcacb611b5700bd619b5daf0a7a\",\"url\":\"https:\\\/\\\/i0.wp.com\\\/www.jazzzeitung.de\\\/cms\\\/wp-content\\\/uploads\\\/2015\\\/08\\\/JAZZZEITUNGDE_Logo_Neu.png?resize=96%2C96&ssl=1\",\"contentUrl\":\"https:\\\/\\\/i0.wp.com\\\/www.jazzzeitung.de\\\/cms\\\/wp-content\\\/uploads\\\/2015\\\/08\\\/JAZZZEITUNGDE_Logo_Neu.png?resize=96%2C96&ssl=1\",\"caption\":\"Redaktion JazzZeitung\"},\"description\":\"Artikel der Redaktion der JazzZeitung.\",\"sameAs\":[\"http:\\\/\\\/www.jazzzeitung.de\\\/cms\\\/\"],\"url\":\"https:\\\/\\\/www.jazzzeitung.de\\\/cms\\\/author\\\/redaktion\\\/\"}]}<\/script>\n<!-- \/ Yoast SEO plugin. -->","yoast_head_json":{"title":"Musica Argentina para Big Band: Gabriel P\u00e9rez leitet das Jugend Jazz Orchester Sachsen - JazzZeitung","robots":{"index":"index","follow":"follow","max-snippet":"max-snippet:-1","max-image-preview":"max-image-preview:large","max-video-preview":"max-video-preview:-1"},"canonical":"https:\/\/www.jazzzeitung.de\/cms\/2015\/08\/musica-argentina-para-big-band-gabriel-perez-leitet-das-jugend-jazz-orchester-sachsen\/","og_locale":"de_DE","og_type":"article","og_title":"Musica Argentina para Big Band: Gabriel P\u00e9rez leitet das Jugend Jazz Orchester Sachsen - JazzZeitung","og_description":"S\u00fcdamerika trifft Big Band: F\u00fcr den Sommer\u00a0 konnte das Jugendjazzorchester Sachsen in diesem Jahr mit dem Argentinier Gabriel P\u00e9rez einen wahren Star der Jazzszene f\u00fcr sich gewinnen. Der Saxophonist, Komponist und Arrangeur leitet die Arbeitsphase der s\u00e4chsischen Nachwuchstalente vom 14. August bis 23. August unter dem Motto \u201eMusica Argentina para Big Band\u201c. Hinter diesem klangvollen Titel steht Jazz, der auf feinsinnige und virtuose Weise die Folklore der Heimat des Komponisten in sich aufnimmt. Nach einer Probephase in der Landesmusikakademie Sachsen (Colditz) werden vier Konzerte zelebriert. Gabriel P\u00e9rez, geb\u00fcrtig in Cordoba, genoss seine musikalische Ausbildung in Argentinien, bevor er in K\u00f6ln sein Diplom in Saxophon und sp\u00e4ter auch Komposition\/Arrangement mit summa cum laude abschloss. Musikalisch bezieht sich P\u00e9rez dabei oft auf seine Heimat wie bei seinen CD-Publikationen \u201eMusica Argentina\u201c und auch bei seiner neuesten Erscheinung \u201eGuavani, Musica Argentina para Big Band y Orchesta de Camara\u201c, bei der sich unter anderem Saxophonist Chris Potter unter die Gastsolisten gesellt. Neben seinen eigenen Projekten arbeitet der Gewinner des WDR Jazz Awards von 2008 f\u00fcr eine Reihe international renommierter Ensembles wie der WDR-, NDR- und HR- Big Band, sowie zahlreicher &hellip;","og_url":"https:\/\/www.jazzzeitung.de\/cms\/2015\/08\/musica-argentina-para-big-band-gabriel-perez-leitet-das-jugend-jazz-orchester-sachsen\/","og_site_name":"JazzZeitung","article_publisher":"https:\/\/www.facebook.com\/JazzZeitung\/","article_published_time":"2015-08-12T14:05:19+00:00","og_image":[{"url":"http:\/\/www.jazzzeitung.de\/cms\/wp-content\/uploads\/2015\/08\/IMG_7874-Fin-2-150x150.jpg","type":"","width":"","height":""}],"author":"Redaktion JazzZeitung","schema":{"@context":"https:\/\/schema.org","@graph":[{"@type":"Article","@id":"https:\/\/www.jazzzeitung.de\/cms\/2015\/08\/musica-argentina-para-big-band-gabriel-perez-leitet-das-jugend-jazz-orchester-sachsen\/#article","isPartOf":{"@id":"https:\/\/www.jazzzeitung.de\/cms\/2015\/08\/musica-argentina-para-big-band-gabriel-perez-leitet-das-jugend-jazz-orchester-sachsen\/"},"author":{"name":"Redaktion JazzZeitung","@id":"https:\/\/www.jazzzeitung.de\/cms\/#\/schema\/person\/2245b36b9cd1d24cea10f01c031fb92b"},"headline":"Musica Argentina para Big Band: Gabriel P\u00e9rez leitet das Jugend Jazz Orchester Sachsen","datePublished":"2015-08-12T14:05:19+00:00","mainEntityOfPage":{"@id":"https:\/\/www.jazzzeitung.de\/cms\/2015\/08\/musica-argentina-para-big-band-gabriel-perez-leitet-das-jugend-jazz-orchester-sachsen\/"},"wordCount":396,"commentCount":0,"publisher":{"@id":"https:\/\/www.jazzzeitung.de\/cms\/#organization"},"image":{"@id":"https:\/\/www.jazzzeitung.de\/cms\/2015\/08\/musica-argentina-para-big-band-gabriel-perez-leitet-das-jugend-jazz-orchester-sachsen\/#primaryimage"},"thumbnailUrl":"http:\/\/www.jazzzeitung.de\/cms\/wp-content\/uploads\/2015\/08\/IMG_7874-Fin-2-150x150.jpg","keywords":["Al Porcino","Argentinien","Big Band","CD","Japan","Jazzorchester","K\u00f6ln","Konzerte","NDR","Sachsen","WDR"],"articleSection":["Bericht"],"inLanguage":"de","potentialAction":[{"@type":"CommentAction","name":"Comment","target":["https:\/\/www.jazzzeitung.de\/cms\/2015\/08\/musica-argentina-para-big-band-gabriel-perez-leitet-das-jugend-jazz-orchester-sachsen\/#respond"]}]},{"@type":"WebPage","@id":"https:\/\/www.jazzzeitung.de\/cms\/2015\/08\/musica-argentina-para-big-band-gabriel-perez-leitet-das-jugend-jazz-orchester-sachsen\/","url":"https:\/\/www.jazzzeitung.de\/cms\/2015\/08\/musica-argentina-para-big-band-gabriel-perez-leitet-das-jugend-jazz-orchester-sachsen\/","name":"Musica Argentina para Big Band: Gabriel P\u00e9rez leitet das Jugend Jazz Orchester Sachsen - JazzZeitung","isPartOf":{"@id":"https:\/\/www.jazzzeitung.de\/cms\/#website"},"primaryImageOfPage":{"@id":"https:\/\/www.jazzzeitung.de\/cms\/2015\/08\/musica-argentina-para-big-band-gabriel-perez-leitet-das-jugend-jazz-orchester-sachsen\/#primaryimage"},"image":{"@id":"https:\/\/www.jazzzeitung.de\/cms\/2015\/08\/musica-argentina-para-big-band-gabriel-perez-leitet-das-jugend-jazz-orchester-sachsen\/#primaryimage"},"thumbnailUrl":"http:\/\/www.jazzzeitung.de\/cms\/wp-content\/uploads\/2015\/08\/IMG_7874-Fin-2-150x150.jpg","datePublished":"2015-08-12T14:05:19+00:00","breadcrumb":{"@id":"https:\/\/www.jazzzeitung.de\/cms\/2015\/08\/musica-argentina-para-big-band-gabriel-perez-leitet-das-jugend-jazz-orchester-sachsen\/#breadcrumb"},"inLanguage":"de","potentialAction":[{"@type":"ReadAction","target":["https:\/\/www.jazzzeitung.de\/cms\/2015\/08\/musica-argentina-para-big-band-gabriel-perez-leitet-das-jugend-jazz-orchester-sachsen\/"]}]},{"@type":"ImageObject","inLanguage":"de","@id":"https:\/\/www.jazzzeitung.de\/cms\/2015\/08\/musica-argentina-para-big-band-gabriel-perez-leitet-das-jugend-jazz-orchester-sachsen\/#primaryimage","url":"http:\/\/www.jazzzeitung.de\/cms\/wp-content\/uploads\/2015\/08\/IMG_7874-Fin-2-150x150.jpg","contentUrl":"http:\/\/www.jazzzeitung.de\/cms\/wp-content\/uploads\/2015\/08\/IMG_7874-Fin-2-150x150.jpg"},{"@type":"BreadcrumbList","@id":"https:\/\/www.jazzzeitung.de\/cms\/2015\/08\/musica-argentina-para-big-band-gabriel-perez-leitet-das-jugend-jazz-orchester-sachsen\/#breadcrumb","itemListElement":[{"@type":"ListItem","position":1,"name":"Startseite","item":"https:\/\/www.jazzzeitung.de\/cms\/"},{"@type":"ListItem","position":2,"name":"Musica Argentina para Big Band: Gabriel P\u00e9rez leitet das Jugend Jazz Orchester Sachsen"}]},{"@type":"WebSite","@id":"https:\/\/www.jazzzeitung.de\/cms\/#website","url":"https:\/\/www.jazzzeitung.de\/cms\/","name":"JazzZeitung","description":"Jazz-News und Jazz-Kontroverses","publisher":{"@id":"https:\/\/www.jazzzeitung.de\/cms\/#organization"},"potentialAction":[{"@type":"SearchAction","target":{"@type":"EntryPoint","urlTemplate":"https:\/\/www.jazzzeitung.de\/cms\/?s={search_term_string}"},"query-input":{"@type":"PropertyValueSpecification","valueRequired":true,"valueName":"search_term_string"}}],"inLanguage":"de"},{"@type":"Organization","@id":"https:\/\/www.jazzzeitung.de\/cms\/#organization","name":"JazzZeitung online","url":"https:\/\/www.jazzzeitung.de\/cms\/","logo":{"@type":"ImageObject","inLanguage":"de","@id":"https:\/\/www.jazzzeitung.de\/cms\/#\/schema\/logo\/image\/","url":"https:\/\/i0.wp.com\/www.jazzzeitung.de\/cms\/wp-content\/uploads\/2015\/08\/JAZZZEITUNGDE_Logo_Neu.png?fit=499%2C200&ssl=1","contentUrl":"https:\/\/i0.wp.com\/www.jazzzeitung.de\/cms\/wp-content\/uploads\/2015\/08\/JAZZZEITUNGDE_Logo_Neu.png?fit=499%2C200&ssl=1","width":499,"height":200,"caption":"JazzZeitung online"},"image":{"@id":"https:\/\/www.jazzzeitung.de\/cms\/#\/schema\/logo\/image\/"},"sameAs":["https:\/\/www.facebook.com\/JazzZeitung\/"]},{"@type":"Person","@id":"https:\/\/www.jazzzeitung.de\/cms\/#\/schema\/person\/2245b36b9cd1d24cea10f01c031fb92b","name":"Redaktion JazzZeitung","image":{"@type":"ImageObject","inLanguage":"de","@id":"https:\/\/i0.wp.com\/www.jazzzeitung.de\/cms\/wp-content\/uploads\/2015\/08\/JAZZZEITUNGDE_Logo_Neu.png?resize=96%2C96&ssl=159975dcacb611b5700bd619b5daf0a7a","url":"https:\/\/i0.wp.com\/www.jazzzeitung.de\/cms\/wp-content\/uploads\/2015\/08\/JAZZZEITUNGDE_Logo_Neu.png?resize=96%2C96&ssl=1","contentUrl":"https:\/\/i0.wp.com\/www.jazzzeitung.de\/cms\/wp-content\/uploads\/2015\/08\/JAZZZEITUNGDE_Logo_Neu.png?resize=96%2C96&ssl=1","caption":"Redaktion JazzZeitung"},"description":"Artikel der Redaktion der JazzZeitung.","sameAs":["http:\/\/www.jazzzeitung.de\/cms\/"],"url":"https:\/\/www.jazzzeitung.de\/cms\/author\/redaktion\/"}]}},"wp-worthy-pixel":{"ignored":false,"public":null,"server":null,"url":null},"wp-worthy-type":"normal","jetpack_publicize_connections":[],"cc_featured_image_caption":{"caption_text":false,"source_text":false,"source_url":false},"jetpack_featured_media_url":"","jetpack_shortlink":"https:\/\/wp.me\/p3KEcT-1M9","jetpack-related-posts":[{"id":23086,"url":"https:\/\/www.jazzzeitung.de\/cms\/2020\/08\/news-jazz-am-schiessberg-im-hirsauer-klosterleiningerland-band-open-air-jazz-im-westhofenjugend-jazzorchester-sachsen-mit-drei-konzerten-in-leipzig-dresden-und-bad-elster\/","url_meta":{"origin":6829,"position":0},"title":"+++News: +++Jazz am Schie\u00dfberg im Hirsauer Kloster+++Leiningerland Band Open Air Jazz in Westhofen+++Jugend-Jazzorchester Sachsen mit drei Konzerten in Leipzig, Dresden und Bad Elster+++","author":"Redaktion JazzZeitung","date":"6. August 2020","format":false,"excerpt":"+++Jazz am Schie\u00dfberg zu Gast beim Hirsauer \u201eRaus ins Kloster\u201c+++ Vier Konzerte der Konzertreihe \u201eJazz am Schie\u00dfberg\u201c mussten durch die Pandemie bedingt ausfallen. Zwei dieser ausgefallenen Konzerte k\u00f6nnen nun jedoch im neuen Rahmen nachgeholt werden: Jazz am Schie\u00dfberg wird in diesem Jahr mit zwei Konzertabenden beim Open-Air-Sommerfestival \u201eRaus ins Kloster\"\u2026","rel":"","context":"In &quot;News&quot;","block_context":{"text":"News","link":"https:\/\/www.jazzzeitung.de\/cms\/thema\/nachrichten\/"},"img":{"alt_text":"","src":"https:\/\/i0.wp.com\/www.jazzzeitung.de\/cms\/wp-content\/uploads\/2020\/08\/LackerschmidSchlesingerChristian-Hartmann.jpeg?fit=1200%2C790&ssl=1&resize=350%2C200","width":350,"height":200,"srcset":"https:\/\/i0.wp.com\/www.jazzzeitung.de\/cms\/wp-content\/uploads\/2020\/08\/LackerschmidSchlesingerChristian-Hartmann.jpeg?fit=1200%2C790&ssl=1&resize=350%2C200 1x, https:\/\/i0.wp.com\/www.jazzzeitung.de\/cms\/wp-content\/uploads\/2020\/08\/LackerschmidSchlesingerChristian-Hartmann.jpeg?fit=1200%2C790&ssl=1&resize=525%2C300 1.5x, https:\/\/i0.wp.com\/www.jazzzeitung.de\/cms\/wp-content\/uploads\/2020\/08\/LackerschmidSchlesingerChristian-Hartmann.jpeg?fit=1200%2C790&ssl=1&resize=700%2C400 2x, https:\/\/i0.wp.com\/www.jazzzeitung.de\/cms\/wp-content\/uploads\/2020\/08\/LackerschmidSchlesingerChristian-Hartmann.jpeg?fit=1200%2C790&ssl=1&resize=1050%2C600 3x"},"classes":[]},{"id":5431,"url":"https:\/\/www.jazzzeitung.de\/cms\/2015\/02\/big-band-burghausen-deutscher-jazzpreis-2015-lma-sachsen-feiert-ndr-info-jazz-maerz\/","url_meta":{"origin":6829,"position":1},"title":"Big Band Burghausen +++ Deutscher Jazzpreis 2015 +++ LMA Sachsen feiert +++ NDR Info Jazz M\u00e4rz","author":"Redaktion JazzZeitung","date":"5. Februar 2015","format":false,"excerpt":"Big Band Burghausen: \u201eBest of Twelve\u201c beim Jahreskonzert 2015 Unter dem Titel \u201eBest of Twelve\u201c pr\u00e4sentiert die Big Band Burghausen am Sonntag, den 22. Februar 2015, um 17 Uhr im Stadtsaal Burghausen ihr Jahreskonzert. Die Band spielt dabei eine \u201eBest of\u201c- Auswahl aus den Programmen der letzten zw\u00f6lf Jahre. Ber\u00fchmte\u2026","rel":"","context":"In &quot;News&quot;","block_context":{"text":"News","link":"https:\/\/www.jazzzeitung.de\/cms\/thema\/nachrichten\/"},"img":{"alt_text":"Die Big Band Burghausen pr\u00e4sentiert ihr Jahreskonzert","src":"https:\/\/i0.wp.com\/www.jazzzeitung.de\/cms\/wp-content\/uploads\/2015\/02\/Big-Band-Burghausen-150x150.jpg?resize=350%2C200","width":350,"height":200},"classes":[]},{"id":16809,"url":"https:\/\/www.jazzzeitung.de\/cms\/2018\/08\/25-jahre-jugend-jazzorchester-sachsen-three-atmospheres-a-suite-for-large-ensemble\/","url_meta":{"origin":6829,"position":2},"title":"25 Jahre Jugend-Jazzorchester Sachsen: Three Atmospheres &#8211; A Suite for Large Ensemble","author":"Redaktion JazzZeitung","date":"1. August 2018","format":false,"excerpt":"Seit 25 Jahren vereint das Jugendjazzorchester Sachsen (JJO) die talentiertesten Nachwuchsjazzer des Landes in einer Bigband. Egal ob traditionellen Swing, funkige Beats oder moderne Grooves \u2013 wenn diese 20-30 jungen Leute auf der B\u00fchne stehen, bleibt kein Fu\u00df und kein Kopf ruhig. Anl\u00e4sslich des 25j\u00e4hrigen Jubil\u00e4ums dieses Auswahlensembles entsteht eine\u2026","rel":"","context":"In &quot;News&quot;","block_context":{"text":"News","link":"https:\/\/www.jazzzeitung.de\/cms\/thema\/nachrichten\/"},"img":{"alt_text":"","src":"https:\/\/i0.wp.com\/www.jazzzeitung.de\/cms\/wp-content\/uploads\/2018\/08\/JJO-Sachsen_Foto_AngelikaLuft.jpg?fit=1200%2C800&ssl=1&resize=350%2C200","width":350,"height":200,"srcset":"https:\/\/i0.wp.com\/www.jazzzeitung.de\/cms\/wp-content\/uploads\/2018\/08\/JJO-Sachsen_Foto_AngelikaLuft.jpg?fit=1200%2C800&ssl=1&resize=350%2C200 1x, https:\/\/i0.wp.com\/www.jazzzeitung.de\/cms\/wp-content\/uploads\/2018\/08\/JJO-Sachsen_Foto_AngelikaLuft.jpg?fit=1200%2C800&ssl=1&resize=525%2C300 1.5x, https:\/\/i0.wp.com\/www.jazzzeitung.de\/cms\/wp-content\/uploads\/2018\/08\/JJO-Sachsen_Foto_AngelikaLuft.jpg?fit=1200%2C800&ssl=1&resize=700%2C400 2x, https:\/\/i0.wp.com\/www.jazzzeitung.de\/cms\/wp-content\/uploads\/2018\/08\/JJO-Sachsen_Foto_AngelikaLuft.jpg?fit=1200%2C800&ssl=1&resize=1050%2C600 3x"},"classes":[]},{"id":6332,"url":"https:\/\/www.jazzzeitung.de\/cms\/2015\/06\/preistraeger-der-13-bundesbegegnung-jugend-jazzt-mit-dem-skoda-jazzpreis-2015-stehen-fest\/","url_meta":{"origin":6829,"position":3},"title":"Preistr\u00e4ger der 13. Bundesbegegnung Jugend jazzt mit dem \u0160KODA Jazzpreis 2015 stehen fest","author":"Redaktion JazzZeitung","date":"6. Juni 2015","format":false,"excerpt":"Soeben hat der Deutsche Musikrat, Veranstalter der \u201eBundesbegegnung Jugend jazzt mit dem \u0160KODA Jazzpreis\u201c, die Ergebnisse des bundesweiten Nachwuchswettbewerbs bekanntgegeben. Das Trio First Circle aus Hessen erh\u00e4lt den begehrten Studiopreis des Deutschlandfunks. Die Band, bestehend aus Saxophonist Victor Fox (14), Bassist Roger Kintopf (16) und Schlagzeuger Felix Ambach (16), wird\u2026","rel":"","context":"In &quot;News&quot;","block_context":{"text":"News","link":"https:\/\/www.jazzzeitung.de\/cms\/thema\/nachrichten\/"},"img":{"alt_text":"First Circle (Hessen)","src":"https:\/\/i0.wp.com\/www.jazzzeitung.de\/cms\/wp-content\/uploads\/2015\/06\/jugend_jazzt_2015-6050237-800x600.jpg?resize=350%2C200","width":350,"height":200,"srcset":"https:\/\/i0.wp.com\/www.jazzzeitung.de\/cms\/wp-content\/uploads\/2015\/06\/jugend_jazzt_2015-6050237-800x600.jpg?resize=350%2C200 1x, https:\/\/i0.wp.com\/www.jazzzeitung.de\/cms\/wp-content\/uploads\/2015\/06\/jugend_jazzt_2015-6050237-800x600.jpg?resize=525%2C300 1.5x"},"classes":[]},{"id":28962,"url":"https:\/\/www.jazzzeitung.de\/cms\/2023\/01\/news-jazz-preis-in-sachsen-2-konzert-von-joo-jazz-next-generation\/","url_meta":{"origin":6829,"position":4},"title":"News: Jazz-Preis in Sachsen +++ 2. Konzert von &#8222;Joo Jazz \u2013 Next Generation&#8220;","author":"Redaktion JazzZeitung","date":"25. Januar 2023","format":false,"excerpt":"+++ Neuer Preis f\u00fcr Jazz-Sachsen +++ Der Jazzverband Sachsen schreibt zum ersten Mal den Jutta Hipp Preis f\u00fcr in dem Bundesland wirkende Jazzmusikerinnen aus. Es werden insgesamt drei Preise vergeben: In den Kategorien \u201cKomposition\u201d und \u201cImprovisation\u201d erwarten die Siegerinnen je 3.500 Euro Preisgeld, ein Ehrenpreis ist undotiert. Die Preisverleihung und\u2026","rel":"","context":"In &quot;News&quot;","block_context":{"text":"News","link":"https:\/\/www.jazzzeitung.de\/cms\/thema\/nachrichten\/"},"img":{"alt_text":"","src":"https:\/\/i0.wp.com\/www.jazzzeitung.de\/cms\/wp-content\/uploads\/2023\/01\/Ausschnitt-Hipp.png?fit=1058%2C790&ssl=1&resize=350%2C200","width":350,"height":200,"srcset":"https:\/\/i0.wp.com\/www.jazzzeitung.de\/cms\/wp-content\/uploads\/2023\/01\/Ausschnitt-Hipp.png?fit=1058%2C790&ssl=1&resize=350%2C200 1x, https:\/\/i0.wp.com\/www.jazzzeitung.de\/cms\/wp-content\/uploads\/2023\/01\/Ausschnitt-Hipp.png?fit=1058%2C790&ssl=1&resize=525%2C300 1.5x, https:\/\/i0.wp.com\/www.jazzzeitung.de\/cms\/wp-content\/uploads\/2023\/01\/Ausschnitt-Hipp.png?fit=1058%2C790&ssl=1&resize=700%2C400 2x, https:\/\/i0.wp.com\/www.jazzzeitung.de\/cms\/wp-content\/uploads\/2023\/01\/Ausschnitt-Hipp.png?fit=1058%2C790&ssl=1&resize=1050%2C600 3x"},"classes":[]},{"id":29544,"url":"https:\/\/www.jazzzeitung.de\/cms\/2023\/06\/news-jutta-hipp-preis-fuer-olga-reznichenko-und-matti-oehl-deutsche-jazzunion-feiert-50-jahre-mit-forum-und-marburger-jazzsommer-vorbereitung-auf-aufnahmepruefungen-mit-andre-nendza\/","url_meta":{"origin":6829,"position":5},"title":"News: +++ Jutta Hipp Preis f\u00fcr Olga Reznichenko und Matti Oehl +++ Deutsche Jazzunion feiert 50 Jahre mit Forum und Marburger Jazzsommer +++ Vorbereitung auf Aufnahmepr\u00fcfungen mit Andr\u00e9 Nendza +++","author":"Redaktion JazzZeitung","date":"7. Juni 2023","format":false,"excerpt":"+++ Jutta Hipp Preis f\u00fcr Olga Reznichenko und Matti Oehl +++ Hipp hipp, hurra: Am 15. Juni 2023 wird der erste Jutta Hipp Preis an Olga Reznichenko und Matti Oehl vergeben. Der Jazzverband Sachsen e.\u00a0V. zeichnet damit etablierte Jazzmusiker*innen aus, die im Leben und Wirken mit dem Freistaat verbunden sind.\u2026","rel":"","context":"In &quot;News&quot;","block_context":{"text":"News","link":"https:\/\/www.jazzzeitung.de\/cms\/thema\/nachrichten\/"},"img":{"alt_text":"","src":"https:\/\/i0.wp.com\/www.jazzzeitung.de\/cms\/wp-content\/uploads\/2023\/01\/Ausschnitt-Hipp.png?fit=1058%2C790&ssl=1&resize=350%2C200","width":350,"height":200,"srcset":"https:\/\/i0.wp.com\/www.jazzzeitung.de\/cms\/wp-content\/uploads\/2023\/01\/Ausschnitt-Hipp.png?fit=1058%2C790&ssl=1&resize=350%2C200 1x, https:\/\/i0.wp.com\/www.jazzzeitung.de\/cms\/wp-content\/uploads\/2023\/01\/Ausschnitt-Hipp.png?fit=1058%2C790&ssl=1&resize=525%2C300 1.5x, https:\/\/i0.wp.com\/www.jazzzeitung.de\/cms\/wp-content\/uploads\/2023\/01\/Ausschnitt-Hipp.png?fit=1058%2C790&ssl=1&resize=700%2C400 2x, https:\/\/i0.wp.com\/www.jazzzeitung.de\/cms\/wp-content\/uploads\/2023\/01\/Ausschnitt-Hipp.png?fit=1058%2C790&ssl=1&resize=1050%2C600 3x"},"classes":[]}],"jetpack_sharing_enabled":true,"_links":{"self":[{"href":"https:\/\/www.jazzzeitung.de\/cms\/wp-json\/wp\/v2\/posts\/6829","targetHints":{"allow":["GET"]}}],"collection":[{"href":"https:\/\/www.jazzzeitung.de\/cms\/wp-json\/wp\/v2\/posts"}],"about":[{"href":"https:\/\/www.jazzzeitung.de\/cms\/wp-json\/wp\/v2\/types\/post"}],"author":[{"embeddable":true,"href":"https:\/\/www.jazzzeitung.de\/cms\/wp-json\/wp\/v2\/users\/18"}],"replies":[{"embeddable":true,"href":"https:\/\/www.jazzzeitung.de\/cms\/wp-json\/wp\/v2\/comments?post=6829"}],"version-history":[{"count":2,"href":"https:\/\/www.jazzzeitung.de\/cms\/wp-json\/wp\/v2\/posts\/6829\/revisions"}],"predecessor-version":[{"id":6833,"href":"https:\/\/www.jazzzeitung.de\/cms\/wp-json\/wp\/v2\/posts\/6829\/revisions\/6833"}],"wp:attachment":[{"href":"https:\/\/www.jazzzeitung.de\/cms\/wp-json\/wp\/v2\/media?parent=6829"}],"wp:term":[{"taxonomy":"category","embeddable":true,"href":"https:\/\/www.jazzzeitung.de\/cms\/wp-json\/wp\/v2\/categories?post=6829"},{"taxonomy":"post_tag","embeddable":true,"href":"https:\/\/www.jazzzeitung.de\/cms\/wp-json\/wp\/v2\/tags?post=6829"},{"taxonomy":"author","embeddable":true,"href":"https:\/\/www.jazzzeitung.de\/cms\/wp-json\/wp\/v2\/coauthors?post=6829"}],"curies":[{"name":"wp","href":"https:\/\/api.w.org\/{rel}","templated":true}]}}