{"id":6820,"date":"2015-08-11T16:45:19","date_gmt":"2015-08-11T14:45:19","guid":{"rendered":"http:\/\/www.jazzzeitung.de\/cms\/?p=6820"},"modified":"2015-08-11T15:56:27","modified_gmt":"2015-08-11T13:56:27","slug":"michael-wollnys-herbstliche-jazznaechte","status":"publish","type":"post","link":"https:\/\/www.jazzzeitung.de\/cms\/2015\/08\/michael-wollnys-herbstliche-jazznaechte\/","title":{"rendered":"Mit Michael Wollny durch herbstliche Jazzn\u00e4chte"},"content":{"rendered":"<figure id=\"attachment_6822\" aria-describedby=\"caption-attachment-6822\" style=\"width: 150px\" class=\"wp-caption alignright\"><a href=\"https:\/\/i0.wp.com\/www.jazzzeitung.de\/cms\/wp-content\/uploads\/2015\/08\/Wollny.jpg\"><img data-recalc-dims=\"1\" loading=\"lazy\" decoding=\"async\" data-attachment-id=\"6822\" data-permalink=\"https:\/\/www.jazzzeitung.de\/cms\/2015\/08\/michael-wollnys-herbstliche-jazznaechte\/wollny-2\/\" data-orig-file=\"https:\/\/i0.wp.com\/www.jazzzeitung.de\/cms\/wp-content\/uploads\/2015\/08\/Wollny.jpg?fit=370%2C257&amp;ssl=1\" data-orig-size=\"370,257\" data-comments-opened=\"1\" data-image-meta=\"{&quot;aperture&quot;:&quot;0&quot;,&quot;credit&quot;:&quot;&quot;,&quot;camera&quot;:&quot;&quot;,&quot;caption&quot;:&quot;&quot;,&quot;created_timestamp&quot;:&quot;0&quot;,&quot;copyright&quot;:&quot;&quot;,&quot;focal_length&quot;:&quot;0&quot;,&quot;iso&quot;:&quot;0&quot;,&quot;shutter_speed&quot;:&quot;0&quot;,&quot;title&quot;:&quot;&quot;,&quot;orientation&quot;:&quot;1&quot;}\" data-image-title=\"Wollny\" data-image-description=\"\" data-image-caption=\"&lt;p&gt;Michael Wollny geht auf Herbsttour&lt;\/p&gt;\n\" data-large-file=\"https:\/\/i0.wp.com\/www.jazzzeitung.de\/cms\/wp-content\/uploads\/2015\/08\/Wollny.jpg?fit=370%2C257&amp;ssl=1\" class=\"size-thumbnail wp-image-6822\" src=\"https:\/\/i0.wp.com\/www.jazzzeitung.de\/cms\/wp-content\/uploads\/2015\/08\/Wollny-150x150.jpg?resize=150%2C150\" alt=\"Michael Wollny geht auf Herbsttour\" width=\"150\" height=\"150\" srcset=\"https:\/\/i0.wp.com\/www.jazzzeitung.de\/cms\/wp-content\/uploads\/2015\/08\/Wollny.jpg?resize=150%2C150&amp;ssl=1 150w, https:\/\/i0.wp.com\/www.jazzzeitung.de\/cms\/wp-content\/uploads\/2015\/08\/Wollny.jpg?resize=144%2C144&amp;ssl=1 144w, https:\/\/i0.wp.com\/www.jazzzeitung.de\/cms\/wp-content\/uploads\/2015\/08\/Wollny.jpg?resize=96%2C96&amp;ssl=1 96w, https:\/\/i0.wp.com\/www.jazzzeitung.de\/cms\/wp-content\/uploads\/2015\/08\/Wollny.jpg?resize=24%2C24&amp;ssl=1 24w, https:\/\/i0.wp.com\/www.jazzzeitung.de\/cms\/wp-content\/uploads\/2015\/08\/Wollny.jpg?resize=36%2C36&amp;ssl=1 36w, https:\/\/i0.wp.com\/www.jazzzeitung.de\/cms\/wp-content\/uploads\/2015\/08\/Wollny.jpg?resize=48%2C48&amp;ssl=1 48w, https:\/\/i0.wp.com\/www.jazzzeitung.de\/cms\/wp-content\/uploads\/2015\/08\/Wollny.jpg?resize=64%2C64&amp;ssl=1 64w, https:\/\/i0.wp.com\/www.jazzzeitung.de\/cms\/wp-content\/uploads\/2015\/08\/Wollny.jpg?resize=32%2C32&amp;ssl=1 32w, https:\/\/i0.wp.com\/www.jazzzeitung.de\/cms\/wp-content\/uploads\/2015\/08\/Wollny.jpg?resize=128%2C128&amp;ssl=1 128w, https:\/\/i0.wp.com\/www.jazzzeitung.de\/cms\/wp-content\/uploads\/2015\/08\/Wollny.jpg?zoom=2&amp;resize=150%2C150&amp;ssl=1 300w\" sizes=\"auto, (max-width: 150px) 100vw, 150px\" \/><\/a><figcaption id=\"caption-attachment-6822\" class=\"wp-caption-text\">Michael Wollny geht auf Herbsttournee durch Deutschland und stellt dabei auch sein neues Soloalbum vor<\/figcaption><\/figure>\n<p>Mit 36 Jahren ist Michael Wollny bereits gelungen, wof\u00fcr andere Jazzmusiker erst zu biblischem Alter gelangen mussten. Der Pianist z\u00e4hlt zu den meist geh\u00f6rten, am lautesten bewunderten und, in seinem Genre mittlerweile selten gewordenes Attribut, auffallend hei\u00df diskutierten K\u00fcnstlern. Seine Alben &#8222;Hexentanz&#8220;, <a href=\"http:\/\/www.jazzzeitung.de\/cms\/2013\/11\/jazzfest-2013-michael-wollny-und-abraham-strenge-extase-und-kraftsuppe\/\">&#8222;Wunderkammer&#8220;<\/a> und &#8222;Weltentraum&#8220; gelten als zukunftsweisend vor allem deshalb, weil Expeditionsleiter Wollny sich und seinen musikalischen Partnern v\u00f6llig ergebnisoffen neue R\u00e4ume erschlie\u00dft.<\/p>\n<p>Nachdem er in den letzten Jahren in stetig wechseln den Formaten, vom Solo bis zur Versuchsanordnung mit Orchester, nach neuen Sounds gesucht hatte, reicht sein Spektrum momentan vom Solo bis zum Trio. Mit Eric Schaefer, Weggef\u00e4hrte schon seit legend\u00e4ren Tagen mit <a href=\"http:\/\/www.jazzzeitung.de\/cms\/stichwort\/eva-kruse\/\">[em]<\/a>, am Schlagzeug und Christian Weber am Bass , der den US-Amerikaner Tim Lefebvre ersetzt, wird Wollny im Herbst auf Tour durch \u00fcber zehn deutsche St\u00e4dte\u00a0 gehen.<\/p>\n<p>Wie konkurrenzlos Wollny momentan im deutschen wie auch internationalen Jazz dasteht, bewies schon sein Trio [em] 2009, als es sich den BMW Welt Jazz Award gegen starke Konkurrenz erspielte, aber auch 2012 mit dem zweiten gewonnenen ECHO f\u00fcr das Al- bum &#8222;Wasted &amp; Wanted&#8220;. Modern, emotional, intelligent, virtuos und offen nach allen Richtungen. Aber vor allem: Nichts klang wie zuvor. Dieses leider selten gewordene Schauspiel d\u00fcrfte sich wiederholen, wenn &#8222;der derzeit aufregendste, deutsche Jazzpianist&#8220; (Die Welt), &#8222;die st\u00e4rkste Musiker-Pers\u00f6nlichkeit, die Deutschland seit Albert Mangelsdorff hervorgebracht hat&#8220; (Hamburger Abendblatt) und <a href=\"http:\/\/www.nmz.de\/artikel\/ein-ungewoehnlicher-ort-und-jazz-auf-hoechstem-niveau\">BMW Welt Jazz Award-Gewinner 2009<\/a> sich neugierig seiner n\u00e4chsten Sch\u00f6pfung n\u00e4hert. Michael Wollny wird im Trio, als Partner im Duo mit Eric Schaefer und vor allem auch mit neuem Material allein an den Tasten zu erleben sein. Garantiert sind aufregende Nachtfahrten durch einen gerade erst entdeckten Kosmos.<\/p>\n<p>Aktuelle Tourdaten unter <a href=\"http:\/\/www.michaelwollny.com\/\">www.michaelwollny.com<\/a><\/p>\n","protected":false},"excerpt":{"rendered":"<p>Mit 36 Jahren ist Michael Wollny bereits gelungen, wof\u00fcr andere Jazzmusiker erst zu biblischem Alter gelangen mussten. Der Pianist z\u00e4hlt zu den meist geh\u00f6rten, am lautesten bewunderten und, in seinem Genre mittlerweile selten gewordenes Attribut, auffallend hei\u00df diskutierten K\u00fcnstlern. Seine Alben &#8222;Hexentanz&#8220;, &#8222;Wunderkammer&#8220; und &#8222;Weltentraum&#8220; gelten als zukunftsweisend vor allem deshalb, weil Expeditionsleiter Wollny sich und seinen musikalischen Partnern v\u00f6llig ergebnisoffen neue R\u00e4ume erschlie\u00dft. Nachdem er in den letzten Jahren in stetig wechseln den Formaten, vom Solo bis zur Versuchsanordnung mit Orchester, nach neuen Sounds gesucht hatte, reicht sein Spektrum momentan vom Solo bis zum Trio. Mit Eric Schaefer, Weggef\u00e4hrte schon seit legend\u00e4ren Tagen mit [em], am Schlagzeug und Christian Weber am Bass , der den US-Amerikaner Tim Lefebvre ersetzt, wird Wollny im Herbst auf Tour durch \u00fcber zehn deutsche St\u00e4dte\u00a0 gehen. Wie konkurrenzlos Wollny momentan im deutschen wie auch internationalen Jazz dasteht, bewies schon sein Trio [em] 2009, als es sich den BMW Welt Jazz Award gegen starke Konkurrenz erspielte, aber auch 2012 mit dem zweiten gewonnenen ECHO f\u00fcr das Al- bum &#8222;Wasted &amp; Wanted&#8220;. Modern, emotional, intelligent, virtuos und offen nach allen Richtungen. &hellip;<\/p>\n","protected":false},"author":18,"featured_media":0,"comment_status":"open","ping_status":"closed","sticky":false,"template":"","format":"standard","meta":{"_jetpack_memberships_contains_paid_content":false,"footnotes":"","jetpack_publicize_message":"","jetpack_publicize_feature_enabled":true,"jetpack_social_post_already_shared":false,"jetpack_social_options":{"image_generator_settings":{"template":"highway","default_image_id":0,"font":"","enabled":false},"version":2}},"categories":[82],"tags":[29,34,85,86,137,980,166,254,281,388,558],"coauthors":[695],"class_list":["post-6820","post","type-post","status-publish","format-standard","hentry","category-blog","tag-act","tag-album","tag-bmw-welt","tag-bmw-welt-jazz-award","tag-deutschland","tag-echo","tag-eric-schaefer","tag-jazz-award","tag-jazzmusiker","tag-michael-wollny","tag-tour"],"yoast_head":"<!-- This site is optimized with the Yoast SEO plugin v27.5 - https:\/\/yoast.com\/product\/yoast-seo-wordpress\/ -->\n<title>Mit Michael Wollny durch herbstliche Jazzn\u00e4chte - JazzZeitung<\/title>\n<meta name=\"robots\" content=\"index, follow, max-snippet:-1, max-image-preview:large, max-video-preview:-1\" \/>\n<link rel=\"canonical\" href=\"https:\/\/www.jazzzeitung.de\/cms\/2015\/08\/michael-wollnys-herbstliche-jazznaechte\/\" \/>\n<meta property=\"og:locale\" content=\"de_DE\" \/>\n<meta property=\"og:type\" content=\"article\" \/>\n<meta property=\"og:title\" content=\"Mit Michael Wollny durch herbstliche Jazzn\u00e4chte - JazzZeitung\" \/>\n<meta property=\"og:description\" content=\"Mit 36 Jahren ist Michael Wollny bereits gelungen, wof\u00fcr andere Jazzmusiker erst zu biblischem Alter gelangen mussten. Der Pianist z\u00e4hlt zu den meist geh\u00f6rten, am lautesten bewunderten und, in seinem Genre mittlerweile selten gewordenes Attribut, auffallend hei\u00df diskutierten K\u00fcnstlern. Seine Alben &#8222;Hexentanz&#8220;, &#8222;Wunderkammer&#8220; und &#8222;Weltentraum&#8220; gelten als zukunftsweisend vor allem deshalb, weil Expeditionsleiter Wollny sich und seinen musikalischen Partnern v\u00f6llig ergebnisoffen neue R\u00e4ume erschlie\u00dft. Nachdem er in den letzten Jahren in stetig wechseln den Formaten, vom Solo bis zur Versuchsanordnung mit Orchester, nach neuen Sounds gesucht hatte, reicht sein Spektrum momentan vom Solo bis zum Trio. Mit Eric Schaefer, Weggef\u00e4hrte schon seit legend\u00e4ren Tagen mit [em], am Schlagzeug und Christian Weber am Bass , der den US-Amerikaner Tim Lefebvre ersetzt, wird Wollny im Herbst auf Tour durch \u00fcber zehn deutsche St\u00e4dte\u00a0 gehen. Wie konkurrenzlos Wollny momentan im deutschen wie auch internationalen Jazz dasteht, bewies schon sein Trio [em] 2009, als es sich den BMW Welt Jazz Award gegen starke Konkurrenz erspielte, aber auch 2012 mit dem zweiten gewonnenen ECHO f\u00fcr das Al- bum &#8222;Wasted &amp; Wanted&#8220;. Modern, emotional, intelligent, virtuos und offen nach allen Richtungen. &hellip;\" \/>\n<meta property=\"og:url\" content=\"https:\/\/www.jazzzeitung.de\/cms\/2015\/08\/michael-wollnys-herbstliche-jazznaechte\/\" \/>\n<meta property=\"og:site_name\" content=\"JazzZeitung\" \/>\n<meta property=\"article:publisher\" content=\"https:\/\/www.facebook.com\/JazzZeitung\/\" \/>\n<meta property=\"article:published_time\" content=\"2015-08-11T14:45:19+00:00\" \/>\n<meta property=\"og:image\" content=\"http:\/\/www.jazzzeitung.de\/cms\/wp-content\/uploads\/2015\/08\/Wollny-150x150.jpg\" \/>\n<meta name=\"author\" content=\"Redaktion JazzZeitung\" \/>\n<script type=\"application\/ld+json\" class=\"yoast-schema-graph\">{\"@context\":\"https:\\\/\\\/schema.org\",\"@graph\":[{\"@type\":\"Article\",\"@id\":\"https:\\\/\\\/www.jazzzeitung.de\\\/cms\\\/2015\\\/08\\\/michael-wollnys-herbstliche-jazznaechte\\\/#article\",\"isPartOf\":{\"@id\":\"https:\\\/\\\/www.jazzzeitung.de\\\/cms\\\/2015\\\/08\\\/michael-wollnys-herbstliche-jazznaechte\\\/\"},\"author\":{\"name\":\"Redaktion JazzZeitung\",\"@id\":\"https:\\\/\\\/www.jazzzeitung.de\\\/cms\\\/#\\\/schema\\\/person\\\/2245b36b9cd1d24cea10f01c031fb92b\"},\"headline\":\"Mit Michael Wollny durch herbstliche Jazzn\u00e4chte\",\"datePublished\":\"2015-08-11T14:45:19+00:00\",\"mainEntityOfPage\":{\"@id\":\"https:\\\/\\\/www.jazzzeitung.de\\\/cms\\\/2015\\\/08\\\/michael-wollnys-herbstliche-jazznaechte\\\/\"},\"wordCount\":315,\"commentCount\":0,\"publisher\":{\"@id\":\"https:\\\/\\\/www.jazzzeitung.de\\\/cms\\\/#organization\"},\"image\":{\"@id\":\"https:\\\/\\\/www.jazzzeitung.de\\\/cms\\\/2015\\\/08\\\/michael-wollnys-herbstliche-jazznaechte\\\/#primaryimage\"},\"thumbnailUrl\":\"http:\\\/\\\/www.jazzzeitung.de\\\/cms\\\/wp-content\\\/uploads\\\/2015\\\/08\\\/Wollny-150x150.jpg\",\"keywords\":[\"act\",\"Album\",\"bmw welt\",\"bmw welt jazz award\",\"Deutschland\",\"ECHO\",\"Eric Schaefer\",\"Jazz Award\",\"Jazzmusiker\",\"Michael Wollny\",\"Tour\"],\"articleSection\":[\"Blog\"],\"inLanguage\":\"de\",\"potentialAction\":[{\"@type\":\"CommentAction\",\"name\":\"Comment\",\"target\":[\"https:\\\/\\\/www.jazzzeitung.de\\\/cms\\\/2015\\\/08\\\/michael-wollnys-herbstliche-jazznaechte\\\/#respond\"]}]},{\"@type\":\"WebPage\",\"@id\":\"https:\\\/\\\/www.jazzzeitung.de\\\/cms\\\/2015\\\/08\\\/michael-wollnys-herbstliche-jazznaechte\\\/\",\"url\":\"https:\\\/\\\/www.jazzzeitung.de\\\/cms\\\/2015\\\/08\\\/michael-wollnys-herbstliche-jazznaechte\\\/\",\"name\":\"Mit Michael Wollny durch herbstliche Jazzn\u00e4chte - JazzZeitung\",\"isPartOf\":{\"@id\":\"https:\\\/\\\/www.jazzzeitung.de\\\/cms\\\/#website\"},\"primaryImageOfPage\":{\"@id\":\"https:\\\/\\\/www.jazzzeitung.de\\\/cms\\\/2015\\\/08\\\/michael-wollnys-herbstliche-jazznaechte\\\/#primaryimage\"},\"image\":{\"@id\":\"https:\\\/\\\/www.jazzzeitung.de\\\/cms\\\/2015\\\/08\\\/michael-wollnys-herbstliche-jazznaechte\\\/#primaryimage\"},\"thumbnailUrl\":\"http:\\\/\\\/www.jazzzeitung.de\\\/cms\\\/wp-content\\\/uploads\\\/2015\\\/08\\\/Wollny-150x150.jpg\",\"datePublished\":\"2015-08-11T14:45:19+00:00\",\"breadcrumb\":{\"@id\":\"https:\\\/\\\/www.jazzzeitung.de\\\/cms\\\/2015\\\/08\\\/michael-wollnys-herbstliche-jazznaechte\\\/#breadcrumb\"},\"inLanguage\":\"de\",\"potentialAction\":[{\"@type\":\"ReadAction\",\"target\":[\"https:\\\/\\\/www.jazzzeitung.de\\\/cms\\\/2015\\\/08\\\/michael-wollnys-herbstliche-jazznaechte\\\/\"]}]},{\"@type\":\"ImageObject\",\"inLanguage\":\"de\",\"@id\":\"https:\\\/\\\/www.jazzzeitung.de\\\/cms\\\/2015\\\/08\\\/michael-wollnys-herbstliche-jazznaechte\\\/#primaryimage\",\"url\":\"http:\\\/\\\/www.jazzzeitung.de\\\/cms\\\/wp-content\\\/uploads\\\/2015\\\/08\\\/Wollny-150x150.jpg\",\"contentUrl\":\"http:\\\/\\\/www.jazzzeitung.de\\\/cms\\\/wp-content\\\/uploads\\\/2015\\\/08\\\/Wollny-150x150.jpg\"},{\"@type\":\"BreadcrumbList\",\"@id\":\"https:\\\/\\\/www.jazzzeitung.de\\\/cms\\\/2015\\\/08\\\/michael-wollnys-herbstliche-jazznaechte\\\/#breadcrumb\",\"itemListElement\":[{\"@type\":\"ListItem\",\"position\":1,\"name\":\"Startseite\",\"item\":\"https:\\\/\\\/www.jazzzeitung.de\\\/cms\\\/\"},{\"@type\":\"ListItem\",\"position\":2,\"name\":\"Mit Michael Wollny durch herbstliche Jazzn\u00e4chte\"}]},{\"@type\":\"WebSite\",\"@id\":\"https:\\\/\\\/www.jazzzeitung.de\\\/cms\\\/#website\",\"url\":\"https:\\\/\\\/www.jazzzeitung.de\\\/cms\\\/\",\"name\":\"JazzZeitung\",\"description\":\"Jazz-News und Jazz-Kontroverses\",\"publisher\":{\"@id\":\"https:\\\/\\\/www.jazzzeitung.de\\\/cms\\\/#organization\"},\"potentialAction\":[{\"@type\":\"SearchAction\",\"target\":{\"@type\":\"EntryPoint\",\"urlTemplate\":\"https:\\\/\\\/www.jazzzeitung.de\\\/cms\\\/?s={search_term_string}\"},\"query-input\":{\"@type\":\"PropertyValueSpecification\",\"valueRequired\":true,\"valueName\":\"search_term_string\"}}],\"inLanguage\":\"de\"},{\"@type\":\"Organization\",\"@id\":\"https:\\\/\\\/www.jazzzeitung.de\\\/cms\\\/#organization\",\"name\":\"JazzZeitung online\",\"url\":\"https:\\\/\\\/www.jazzzeitung.de\\\/cms\\\/\",\"logo\":{\"@type\":\"ImageObject\",\"inLanguage\":\"de\",\"@id\":\"https:\\\/\\\/www.jazzzeitung.de\\\/cms\\\/#\\\/schema\\\/logo\\\/image\\\/\",\"url\":\"https:\\\/\\\/i0.wp.com\\\/www.jazzzeitung.de\\\/cms\\\/wp-content\\\/uploads\\\/2015\\\/08\\\/JAZZZEITUNGDE_Logo_Neu.png?fit=499%2C200&ssl=1\",\"contentUrl\":\"https:\\\/\\\/i0.wp.com\\\/www.jazzzeitung.de\\\/cms\\\/wp-content\\\/uploads\\\/2015\\\/08\\\/JAZZZEITUNGDE_Logo_Neu.png?fit=499%2C200&ssl=1\",\"width\":499,\"height\":200,\"caption\":\"JazzZeitung online\"},\"image\":{\"@id\":\"https:\\\/\\\/www.jazzzeitung.de\\\/cms\\\/#\\\/schema\\\/logo\\\/image\\\/\"},\"sameAs\":[\"https:\\\/\\\/www.facebook.com\\\/JazzZeitung\\\/\"]},{\"@type\":\"Person\",\"@id\":\"https:\\\/\\\/www.jazzzeitung.de\\\/cms\\\/#\\\/schema\\\/person\\\/2245b36b9cd1d24cea10f01c031fb92b\",\"name\":\"Redaktion JazzZeitung\",\"image\":{\"@type\":\"ImageObject\",\"inLanguage\":\"de\",\"@id\":\"https:\\\/\\\/i0.wp.com\\\/www.jazzzeitung.de\\\/cms\\\/wp-content\\\/uploads\\\/2015\\\/08\\\/JAZZZEITUNGDE_Logo_Neu.png?resize=96%2C96&ssl=159975dcacb611b5700bd619b5daf0a7a\",\"url\":\"https:\\\/\\\/i0.wp.com\\\/www.jazzzeitung.de\\\/cms\\\/wp-content\\\/uploads\\\/2015\\\/08\\\/JAZZZEITUNGDE_Logo_Neu.png?resize=96%2C96&ssl=1\",\"contentUrl\":\"https:\\\/\\\/i0.wp.com\\\/www.jazzzeitung.de\\\/cms\\\/wp-content\\\/uploads\\\/2015\\\/08\\\/JAZZZEITUNGDE_Logo_Neu.png?resize=96%2C96&ssl=1\",\"caption\":\"Redaktion JazzZeitung\"},\"description\":\"Artikel der Redaktion der JazzZeitung.\",\"sameAs\":[\"http:\\\/\\\/www.jazzzeitung.de\\\/cms\\\/\"],\"url\":\"https:\\\/\\\/www.jazzzeitung.de\\\/cms\\\/author\\\/redaktion\\\/\"}]}<\/script>\n<!-- \/ Yoast SEO plugin. -->","yoast_head_json":{"title":"Mit Michael Wollny durch herbstliche Jazzn\u00e4chte - JazzZeitung","robots":{"index":"index","follow":"follow","max-snippet":"max-snippet:-1","max-image-preview":"max-image-preview:large","max-video-preview":"max-video-preview:-1"},"canonical":"https:\/\/www.jazzzeitung.de\/cms\/2015\/08\/michael-wollnys-herbstliche-jazznaechte\/","og_locale":"de_DE","og_type":"article","og_title":"Mit Michael Wollny durch herbstliche Jazzn\u00e4chte - JazzZeitung","og_description":"Mit 36 Jahren ist Michael Wollny bereits gelungen, wof\u00fcr andere Jazzmusiker erst zu biblischem Alter gelangen mussten. Der Pianist z\u00e4hlt zu den meist geh\u00f6rten, am lautesten bewunderten und, in seinem Genre mittlerweile selten gewordenes Attribut, auffallend hei\u00df diskutierten K\u00fcnstlern. Seine Alben &#8222;Hexentanz&#8220;, &#8222;Wunderkammer&#8220; und &#8222;Weltentraum&#8220; gelten als zukunftsweisend vor allem deshalb, weil Expeditionsleiter Wollny sich und seinen musikalischen Partnern v\u00f6llig ergebnisoffen neue R\u00e4ume erschlie\u00dft. Nachdem er in den letzten Jahren in stetig wechseln den Formaten, vom Solo bis zur Versuchsanordnung mit Orchester, nach neuen Sounds gesucht hatte, reicht sein Spektrum momentan vom Solo bis zum Trio. Mit Eric Schaefer, Weggef\u00e4hrte schon seit legend\u00e4ren Tagen mit [em], am Schlagzeug und Christian Weber am Bass , der den US-Amerikaner Tim Lefebvre ersetzt, wird Wollny im Herbst auf Tour durch \u00fcber zehn deutsche St\u00e4dte\u00a0 gehen. Wie konkurrenzlos Wollny momentan im deutschen wie auch internationalen Jazz dasteht, bewies schon sein Trio [em] 2009, als es sich den BMW Welt Jazz Award gegen starke Konkurrenz erspielte, aber auch 2012 mit dem zweiten gewonnenen ECHO f\u00fcr das Al- bum &#8222;Wasted &amp; Wanted&#8220;. Modern, emotional, intelligent, virtuos und offen nach allen Richtungen. &hellip;","og_url":"https:\/\/www.jazzzeitung.de\/cms\/2015\/08\/michael-wollnys-herbstliche-jazznaechte\/","og_site_name":"JazzZeitung","article_publisher":"https:\/\/www.facebook.com\/JazzZeitung\/","article_published_time":"2015-08-11T14:45:19+00:00","og_image":[{"url":"http:\/\/www.jazzzeitung.de\/cms\/wp-content\/uploads\/2015\/08\/Wollny-150x150.jpg","type":"","width":"","height":""}],"author":"Redaktion JazzZeitung","schema":{"@context":"https:\/\/schema.org","@graph":[{"@type":"Article","@id":"https:\/\/www.jazzzeitung.de\/cms\/2015\/08\/michael-wollnys-herbstliche-jazznaechte\/#article","isPartOf":{"@id":"https:\/\/www.jazzzeitung.de\/cms\/2015\/08\/michael-wollnys-herbstliche-jazznaechte\/"},"author":{"name":"Redaktion JazzZeitung","@id":"https:\/\/www.jazzzeitung.de\/cms\/#\/schema\/person\/2245b36b9cd1d24cea10f01c031fb92b"},"headline":"Mit Michael Wollny durch herbstliche Jazzn\u00e4chte","datePublished":"2015-08-11T14:45:19+00:00","mainEntityOfPage":{"@id":"https:\/\/www.jazzzeitung.de\/cms\/2015\/08\/michael-wollnys-herbstliche-jazznaechte\/"},"wordCount":315,"commentCount":0,"publisher":{"@id":"https:\/\/www.jazzzeitung.de\/cms\/#organization"},"image":{"@id":"https:\/\/www.jazzzeitung.de\/cms\/2015\/08\/michael-wollnys-herbstliche-jazznaechte\/#primaryimage"},"thumbnailUrl":"http:\/\/www.jazzzeitung.de\/cms\/wp-content\/uploads\/2015\/08\/Wollny-150x150.jpg","keywords":["act","Album","bmw welt","bmw welt jazz award","Deutschland","ECHO","Eric Schaefer","Jazz Award","Jazzmusiker","Michael Wollny","Tour"],"articleSection":["Blog"],"inLanguage":"de","potentialAction":[{"@type":"CommentAction","name":"Comment","target":["https:\/\/www.jazzzeitung.de\/cms\/2015\/08\/michael-wollnys-herbstliche-jazznaechte\/#respond"]}]},{"@type":"WebPage","@id":"https:\/\/www.jazzzeitung.de\/cms\/2015\/08\/michael-wollnys-herbstliche-jazznaechte\/","url":"https:\/\/www.jazzzeitung.de\/cms\/2015\/08\/michael-wollnys-herbstliche-jazznaechte\/","name":"Mit Michael Wollny durch herbstliche Jazzn\u00e4chte - JazzZeitung","isPartOf":{"@id":"https:\/\/www.jazzzeitung.de\/cms\/#website"},"primaryImageOfPage":{"@id":"https:\/\/www.jazzzeitung.de\/cms\/2015\/08\/michael-wollnys-herbstliche-jazznaechte\/#primaryimage"},"image":{"@id":"https:\/\/www.jazzzeitung.de\/cms\/2015\/08\/michael-wollnys-herbstliche-jazznaechte\/#primaryimage"},"thumbnailUrl":"http:\/\/www.jazzzeitung.de\/cms\/wp-content\/uploads\/2015\/08\/Wollny-150x150.jpg","datePublished":"2015-08-11T14:45:19+00:00","breadcrumb":{"@id":"https:\/\/www.jazzzeitung.de\/cms\/2015\/08\/michael-wollnys-herbstliche-jazznaechte\/#breadcrumb"},"inLanguage":"de","potentialAction":[{"@type":"ReadAction","target":["https:\/\/www.jazzzeitung.de\/cms\/2015\/08\/michael-wollnys-herbstliche-jazznaechte\/"]}]},{"@type":"ImageObject","inLanguage":"de","@id":"https:\/\/www.jazzzeitung.de\/cms\/2015\/08\/michael-wollnys-herbstliche-jazznaechte\/#primaryimage","url":"http:\/\/www.jazzzeitung.de\/cms\/wp-content\/uploads\/2015\/08\/Wollny-150x150.jpg","contentUrl":"http:\/\/www.jazzzeitung.de\/cms\/wp-content\/uploads\/2015\/08\/Wollny-150x150.jpg"},{"@type":"BreadcrumbList","@id":"https:\/\/www.jazzzeitung.de\/cms\/2015\/08\/michael-wollnys-herbstliche-jazznaechte\/#breadcrumb","itemListElement":[{"@type":"ListItem","position":1,"name":"Startseite","item":"https:\/\/www.jazzzeitung.de\/cms\/"},{"@type":"ListItem","position":2,"name":"Mit Michael Wollny durch herbstliche Jazzn\u00e4chte"}]},{"@type":"WebSite","@id":"https:\/\/www.jazzzeitung.de\/cms\/#website","url":"https:\/\/www.jazzzeitung.de\/cms\/","name":"JazzZeitung","description":"Jazz-News und Jazz-Kontroverses","publisher":{"@id":"https:\/\/www.jazzzeitung.de\/cms\/#organization"},"potentialAction":[{"@type":"SearchAction","target":{"@type":"EntryPoint","urlTemplate":"https:\/\/www.jazzzeitung.de\/cms\/?s={search_term_string}"},"query-input":{"@type":"PropertyValueSpecification","valueRequired":true,"valueName":"search_term_string"}}],"inLanguage":"de"},{"@type":"Organization","@id":"https:\/\/www.jazzzeitung.de\/cms\/#organization","name":"JazzZeitung online","url":"https:\/\/www.jazzzeitung.de\/cms\/","logo":{"@type":"ImageObject","inLanguage":"de","@id":"https:\/\/www.jazzzeitung.de\/cms\/#\/schema\/logo\/image\/","url":"https:\/\/i0.wp.com\/www.jazzzeitung.de\/cms\/wp-content\/uploads\/2015\/08\/JAZZZEITUNGDE_Logo_Neu.png?fit=499%2C200&ssl=1","contentUrl":"https:\/\/i0.wp.com\/www.jazzzeitung.de\/cms\/wp-content\/uploads\/2015\/08\/JAZZZEITUNGDE_Logo_Neu.png?fit=499%2C200&ssl=1","width":499,"height":200,"caption":"JazzZeitung online"},"image":{"@id":"https:\/\/www.jazzzeitung.de\/cms\/#\/schema\/logo\/image\/"},"sameAs":["https:\/\/www.facebook.com\/JazzZeitung\/"]},{"@type":"Person","@id":"https:\/\/www.jazzzeitung.de\/cms\/#\/schema\/person\/2245b36b9cd1d24cea10f01c031fb92b","name":"Redaktion JazzZeitung","image":{"@type":"ImageObject","inLanguage":"de","@id":"https:\/\/i0.wp.com\/www.jazzzeitung.de\/cms\/wp-content\/uploads\/2015\/08\/JAZZZEITUNGDE_Logo_Neu.png?resize=96%2C96&ssl=159975dcacb611b5700bd619b5daf0a7a","url":"https:\/\/i0.wp.com\/www.jazzzeitung.de\/cms\/wp-content\/uploads\/2015\/08\/JAZZZEITUNGDE_Logo_Neu.png?resize=96%2C96&ssl=1","contentUrl":"https:\/\/i0.wp.com\/www.jazzzeitung.de\/cms\/wp-content\/uploads\/2015\/08\/JAZZZEITUNGDE_Logo_Neu.png?resize=96%2C96&ssl=1","caption":"Redaktion JazzZeitung"},"description":"Artikel der Redaktion der JazzZeitung.","sameAs":["http:\/\/www.jazzzeitung.de\/cms\/"],"url":"https:\/\/www.jazzzeitung.de\/cms\/author\/redaktion\/"}]}},"wp-worthy-pixel":{"ignored":false,"public":null,"server":null,"url":null},"wp-worthy-type":"normal","jetpack_publicize_connections":[],"cc_featured_image_caption":{"caption_text":false,"source_text":false,"source_url":false},"jetpack_featured_media_url":"","jetpack_shortlink":"https:\/\/wp.me\/p3KEcT-1M0","jetpack-related-posts":[{"id":3033,"url":"https:\/\/www.jazzzeitung.de\/cms\/2013\/11\/preis-der-deutschen-schallplattenkritik-fuer-kurt-edelhagen-und-michael-wollny\/","url_meta":{"origin":6820,"position":0},"title":"Preis der deutschen Schallplattenkritik f\u00fcr Kurt Edelhagen und Michael Wollny","author":"Redaktion JazzZeitung","date":"18. November 2013","format":false,"excerpt":"Der Preis der deutschen Schallplattenkritik wird viertelj\u00e4hrlich verliehen und ehrt herausragende CD- und DVD-Produktionen der vergangenen drei Monate. Eine unabh\u00e4ngige Jury aus f\u00fchrenden deutschen Musikjournalisten w\u00e4hlt f\u00fcr die aktuelle Bestenliste die Gewinner in den Bereichen Klassik, Jazz und Rock\/Pop aus. Gleich zwei CDs aus dem Jazzbereich wurden jetzt ausgezeichnet: Die\u2026","rel":"","context":"In &quot;News&quot;","block_context":{"text":"News","link":"https:\/\/www.jazzzeitung.de\/cms\/thema\/nachrichten\/"},"img":{"alt_text":"edelhagen","src":"https:\/\/i0.wp.com\/www.jazzzeitung.de\/cms\/wp-content\/uploads\/2013\/11\/edelhagen-150x150.jpg?resize=350%2C200","width":350,"height":200},"classes":[]},{"id":12481,"url":"https:\/\/www.jazzzeitung.de\/cms\/2017\/05\/jazz-gipfeltreffen-beim-mozartfest-augsburg-mit-michael-wollny-vincent-peirani\/","url_meta":{"origin":6820,"position":1},"title":"Jazz-Gipfeltreffen beim Mozartfest Augsburg mit  Michael Wollny &#038; Vincent Peirani","author":"Redaktion JazzZeitung","date":"24. Mai 2017","format":"gallery","excerpt":"Im Rahmen des diesj\u00e4hrigen Augsburger Mozartfestes fand im H2 - Zentrum f\u00fcr Gegenwartskunst ein Jazz-Gipfeltreffen mit dem \u201eTandem\u201c Duo Michael Wollny und Vincent Peirani statt. Zu sp\u00e4ter Stunde, gegen 22:30h, betraten die Musiker die B\u00fchne des Museumssaals und zogen das Publikum mit ihrem Spiel von Anfang an in ihren Bann.\u2026","rel":"","context":"In &quot;Bericht&quot;","block_context":{"text":"Bericht","link":"https:\/\/www.jazzzeitung.de\/cms\/thema\/bericht\/"},"img":{"alt_text":"","src":"https:\/\/i0.wp.com\/www.jazzzeitung.de\/cms\/wp-content\/uploads\/2017\/05\/P1380427-Wollny-Foto-TJ-Krebs-jazzphotoagency%40web.de_.jpg?resize=350%2C200","width":350,"height":200,"srcset":"https:\/\/i0.wp.com\/www.jazzzeitung.de\/cms\/wp-content\/uploads\/2017\/05\/P1380427-Wollny-Foto-TJ-Krebs-jazzphotoagency%40web.de_.jpg?resize=350%2C200 1x, https:\/\/i0.wp.com\/www.jazzzeitung.de\/cms\/wp-content\/uploads\/2017\/05\/P1380427-Wollny-Foto-TJ-Krebs-jazzphotoagency%40web.de_.jpg?resize=525%2C300 1.5x, https:\/\/i0.wp.com\/www.jazzzeitung.de\/cms\/wp-content\/uploads\/2017\/05\/P1380427-Wollny-Foto-TJ-Krebs-jazzphotoagency%40web.de_.jpg?resize=700%2C400 2x, https:\/\/i0.wp.com\/www.jazzzeitung.de\/cms\/wp-content\/uploads\/2017\/05\/P1380427-Wollny-Foto-TJ-Krebs-jazzphotoagency%40web.de_.jpg?resize=1050%2C600 3x"},"classes":[]},{"id":30048,"url":"https:\/\/www.jazzzeitung.de\/cms\/2023\/09\/news-konzerte-ingrid-arthur-in-oberthulba-michael-wollny-in-bonn\/","url_meta":{"origin":6820,"position":2},"title":"+++ news +++ Konzerte +++ Ingrid Arthur in Oberthulba +++ Michael Wollny in Bonn +++","author":"Redaktion JazzZeitung","date":"20. September 2023","format":false,"excerpt":"+++ Ingrid Arthur auf der Piano-B\u00fchne in Oberthulba +++ Die in Gainesville, Georgia (USA) geborene Ingrid Arthur ist eine der m\u00e4chtigsten Stimmen in der Geschichte der Musik. Sie ist nicht nur eine wunderbare S\u00e4ngerin, sie ist die G\u00f6ttin des Souls mit ihrem reichhaltigen und traditionellem Gospel Hintergrund mit dem Einfluss\u2026","rel":"","context":"In &quot;News&quot;","block_context":{"text":"News","link":"https:\/\/www.jazzzeitung.de\/cms\/thema\/nachrichten\/"},"img":{"alt_text":"","src":"https:\/\/i0.wp.com\/www.jazzzeitung.de\/cms\/wp-content\/uploads\/2023\/09\/IMG_8997-scaled.jpg?fit=1200%2C800&ssl=1&resize=350%2C200","width":350,"height":200,"srcset":"https:\/\/i0.wp.com\/www.jazzzeitung.de\/cms\/wp-content\/uploads\/2023\/09\/IMG_8997-scaled.jpg?fit=1200%2C800&ssl=1&resize=350%2C200 1x, https:\/\/i0.wp.com\/www.jazzzeitung.de\/cms\/wp-content\/uploads\/2023\/09\/IMG_8997-scaled.jpg?fit=1200%2C800&ssl=1&resize=525%2C300 1.5x, https:\/\/i0.wp.com\/www.jazzzeitung.de\/cms\/wp-content\/uploads\/2023\/09\/IMG_8997-scaled.jpg?fit=1200%2C800&ssl=1&resize=700%2C400 2x, https:\/\/i0.wp.com\/www.jazzzeitung.de\/cms\/wp-content\/uploads\/2023\/09\/IMG_8997-scaled.jpg?fit=1200%2C800&ssl=1&resize=1050%2C600 3x"},"classes":[]},{"id":9787,"url":"https:\/\/www.jazzzeitung.de\/cms\/2016\/08\/jazz-und-tanz-jazz-und-poesie-jazz-und-malerei-bei-den-leipziger-jazztagen\/","url_meta":{"origin":6820,"position":3},"title":"Jazz und Tanz \u2013 Jazz und Poesie \u2013 Jazz und Malerei bei den Leipziger Jazztagen","author":"Redaktion JazzZeitung","date":"8. August 2016","format":false,"excerpt":"Die 40. Ausgabe der Leipziger Jazztage steht im Zeichen der \u201eSch\u00f6nen K\u00fcnste\u201c und findet vom 29.9.16 bis zum 8.10.16 an verschiedenen Spielorten in Leipzig statt. Unter der Schirmherrschaft von Leipzigs Oberb\u00fcrgermeister Burkhard Jung pr\u00e4sentiert der Jazzclub Leipzig zahlreiche Eigenproduktionen und Auftragsarbeiten mit internationalen Stars, die verschiedene K\u00fcnste miteinander verbinden. \u00a0Neben\u2026","rel":"","context":"In &quot;News&quot;","block_context":{"text":"News","link":"https:\/\/www.jazzzeitung.de\/cms\/thema\/nachrichten\/"},"img":{"alt_text":"leipzig_logo_neu","src":"https:\/\/i0.wp.com\/www.jazzzeitung.de\/cms\/wp-content\/uploads\/2016\/08\/leipzig_logo_neu-150x150.jpg?resize=350%2C200","width":350,"height":200},"classes":[]},{"id":16342,"url":"https:\/\/www.jazzzeitung.de\/cms\/2018\/06\/standing-ovations-im-muenchner-prinzregentheater-fuer-das-michael-wollny-trio\/","url_meta":{"origin":6820,"position":4},"title":"Standing Ovations im M\u00fcnchner Prinzregentheater f\u00fcr das Michael Wollny Trio","author":"Redaktion JazzZeitung","date":"12. Juni 2018","format":false,"excerpt":"Michael Wollny ist aktuell unglaublich umtriebig und mischt die Szene richtig auf.\u00a0 Zeitgleich mit zwei neuen CDs am Start \u201eOslo\u201c und Wartburg\u201c, ist er begleitend dazu mit seinem Trio auf Tour. Nach Bonn, London, Berlin, dem Elbjazz-Festival, auf dem er als Artist in Residence mehrere Konzerte in unterschiedlichen Besetzungen spielte,\u2026","rel":"","context":"In &quot;Galerie&quot;","block_context":{"text":"Galerie","link":"https:\/\/www.jazzzeitung.de\/cms\/thema\/galerie\/"},"img":{"alt_text":"","src":"https:\/\/i0.wp.com\/www.jazzzeitung.de\/cms\/wp-content\/uploads\/2018\/06\/Das-Michael-Wollny-Trio-Foto-TJ-Krebs-jazzphotoagency%40web.de_.jpg?fit=1200%2C800&ssl=1&resize=350%2C200","width":350,"height":200,"srcset":"https:\/\/i0.wp.com\/www.jazzzeitung.de\/cms\/wp-content\/uploads\/2018\/06\/Das-Michael-Wollny-Trio-Foto-TJ-Krebs-jazzphotoagency%40web.de_.jpg?fit=1200%2C800&ssl=1&resize=350%2C200 1x, https:\/\/i0.wp.com\/www.jazzzeitung.de\/cms\/wp-content\/uploads\/2018\/06\/Das-Michael-Wollny-Trio-Foto-TJ-Krebs-jazzphotoagency%40web.de_.jpg?fit=1200%2C800&ssl=1&resize=525%2C300 1.5x, https:\/\/i0.wp.com\/www.jazzzeitung.de\/cms\/wp-content\/uploads\/2018\/06\/Das-Michael-Wollny-Trio-Foto-TJ-Krebs-jazzphotoagency%40web.de_.jpg?fit=1200%2C800&ssl=1&resize=700%2C400 2x, https:\/\/i0.wp.com\/www.jazzzeitung.de\/cms\/wp-content\/uploads\/2018\/06\/Das-Michael-Wollny-Trio-Foto-TJ-Krebs-jazzphotoagency%40web.de_.jpg?fit=1200%2C800&ssl=1&resize=1050%2C600 3x"},"classes":[]},{"id":14101,"url":"https:\/\/www.jazzzeitung.de\/cms\/2017\/11\/nebensonnen-sonnenschein-jazzfest-berlin-2017-freitag\/","url_meta":{"origin":6820,"position":5},"title":"Nebensonnen, Sonnenschein \u2013 Jazzfest Berlin 2017 (Freitag)","author":"Huflaikhan","date":"4. November 2017","format":false,"excerpt":"\u2026 und es gibt Tage, da ist man gerne als Kritiker unterwegs. Denn es gibt viel Sch\u00f6nes zu berichten. Von einer Preistr\u00e4gerin und von einem grandiosen Klaviersolo. Angelika Niescier auf der einen Seite im Trio mit Tyshawn Sorey (dm) und Chris Tordini (b). Ja, den beiden aus dem gestrigen Trio.\u2026","rel":"","context":"In &quot;Blog&quot;","block_context":{"text":"Blog","link":"https:\/\/www.jazzzeitung.de\/cms\/thema\/blog\/"},"img":{"alt_text":"Angelika Niescier im Trio und Albert Mangelsdorff Preis der UdJ. Foto: Petra Basche","src":"https:\/\/i0.wp.com\/www.jazzzeitung.de\/cms\/wp-content\/uploads\/2017\/11\/Jazzfest-Berlin-2017_Niescier_Mangelsdorff-Preis_0001-12.jpg?fit=1200%2C900&ssl=1&resize=350%2C200","width":350,"height":200,"srcset":"https:\/\/i0.wp.com\/www.jazzzeitung.de\/cms\/wp-content\/uploads\/2017\/11\/Jazzfest-Berlin-2017_Niescier_Mangelsdorff-Preis_0001-12.jpg?fit=1200%2C900&ssl=1&resize=350%2C200 1x, https:\/\/i0.wp.com\/www.jazzzeitung.de\/cms\/wp-content\/uploads\/2017\/11\/Jazzfest-Berlin-2017_Niescier_Mangelsdorff-Preis_0001-12.jpg?fit=1200%2C900&ssl=1&resize=525%2C300 1.5x, https:\/\/i0.wp.com\/www.jazzzeitung.de\/cms\/wp-content\/uploads\/2017\/11\/Jazzfest-Berlin-2017_Niescier_Mangelsdorff-Preis_0001-12.jpg?fit=1200%2C900&ssl=1&resize=700%2C400 2x, https:\/\/i0.wp.com\/www.jazzzeitung.de\/cms\/wp-content\/uploads\/2017\/11\/Jazzfest-Berlin-2017_Niescier_Mangelsdorff-Preis_0001-12.jpg?fit=1200%2C900&ssl=1&resize=1050%2C600 3x"},"classes":[]}],"jetpack_sharing_enabled":true,"_links":{"self":[{"href":"https:\/\/www.jazzzeitung.de\/cms\/wp-json\/wp\/v2\/posts\/6820","targetHints":{"allow":["GET"]}}],"collection":[{"href":"https:\/\/www.jazzzeitung.de\/cms\/wp-json\/wp\/v2\/posts"}],"about":[{"href":"https:\/\/www.jazzzeitung.de\/cms\/wp-json\/wp\/v2\/types\/post"}],"author":[{"embeddable":true,"href":"https:\/\/www.jazzzeitung.de\/cms\/wp-json\/wp\/v2\/users\/18"}],"replies":[{"embeddable":true,"href":"https:\/\/www.jazzzeitung.de\/cms\/wp-json\/wp\/v2\/comments?post=6820"}],"version-history":[{"count":6,"href":"https:\/\/www.jazzzeitung.de\/cms\/wp-json\/wp\/v2\/posts\/6820\/revisions"}],"predecessor-version":[{"id":6828,"href":"https:\/\/www.jazzzeitung.de\/cms\/wp-json\/wp\/v2\/posts\/6820\/revisions\/6828"}],"wp:attachment":[{"href":"https:\/\/www.jazzzeitung.de\/cms\/wp-json\/wp\/v2\/media?parent=6820"}],"wp:term":[{"taxonomy":"category","embeddable":true,"href":"https:\/\/www.jazzzeitung.de\/cms\/wp-json\/wp\/v2\/categories?post=6820"},{"taxonomy":"post_tag","embeddable":true,"href":"https:\/\/www.jazzzeitung.de\/cms\/wp-json\/wp\/v2\/tags?post=6820"},{"taxonomy":"author","embeddable":true,"href":"https:\/\/www.jazzzeitung.de\/cms\/wp-json\/wp\/v2\/coauthors?post=6820"}],"curies":[{"name":"wp","href":"https:\/\/api.w.org\/{rel}","templated":true}]}}