{"id":6809,"date":"2015-08-10T15:55:02","date_gmt":"2015-08-10T13:55:02","guid":{"rendered":"http:\/\/www.jazzzeitung.de\/cms\/?p=6809"},"modified":"2015-08-11T08:46:05","modified_gmt":"2015-08-11T06:46:05","slug":"news-38-goettinger-jazzfestival-24-jazzwoche-hannover-duo-manciu-schmauch-spielt-bei-kirchenkonzert-isny","status":"publish","type":"post","link":"https:\/\/www.jazzzeitung.de\/cms\/2015\/08\/news-38-goettinger-jazzfestival-24-jazzwoche-hannover-duo-manciu-schmauch-spielt-bei-kirchenkonzert-isny\/","title":{"rendered":"+++ News  +++ 24. Jazzwoche in Hannover +++ Duo Manciu-Schmauch spielt bei Kirchenkonzert in Isny +++ 38. G\u00f6ttinger Jazzfestival +++"},"content":{"rendered":"<p><strong>+++ 24. Jazzwoche in Hannover +++<\/strong><\/p>\n<figure id=\"attachment_6810\" aria-describedby=\"caption-attachment-6810\" style=\"width: 150px\" class=\"wp-caption alignright\"><a href=\"https:\/\/i0.wp.com\/www.jazzzeitung.de\/cms\/wp-content\/uploads\/2015\/08\/KlausHeidenreichQuartet_FotoNataschaProtze.jpeg\"><img data-recalc-dims=\"1\" loading=\"lazy\" decoding=\"async\" data-attachment-id=\"6810\" data-permalink=\"https:\/\/www.jazzzeitung.de\/cms\/2015\/08\/news-38-goettinger-jazzfestival-24-jazzwoche-hannover-duo-manciu-schmauch-spielt-bei-kirchenkonzert-isny\/klausheidenreichquartet_fotonataschaprotze\/\" data-orig-file=\"https:\/\/i0.wp.com\/www.jazzzeitung.de\/cms\/wp-content\/uploads\/2015\/08\/KlausHeidenreichQuartet_FotoNataschaProtze.jpeg?fit=1280%2C851&amp;ssl=1\" data-orig-size=\"1280,851\" data-comments-opened=\"1\" data-image-meta=\"{&quot;aperture&quot;:&quot;0&quot;,&quot;credit&quot;:&quot;&quot;,&quot;camera&quot;:&quot;&quot;,&quot;caption&quot;:&quot;&quot;,&quot;created_timestamp&quot;:&quot;0&quot;,&quot;copyright&quot;:&quot;&quot;,&quot;focal_length&quot;:&quot;0&quot;,&quot;iso&quot;:&quot;0&quot;,&quot;shutter_speed&quot;:&quot;0&quot;,&quot;title&quot;:&quot;&quot;,&quot;orientation&quot;:&quot;0&quot;}\" data-image-title=\"KlausHeidenreichQuartet_FotoNataschaProtze\" data-image-description=\"\" data-image-caption=\"&lt;p&gt;Klaus Heidenreich Quartett&lt;\/p&gt;\n\" data-large-file=\"https:\/\/i0.wp.com\/www.jazzzeitung.de\/cms\/wp-content\/uploads\/2015\/08\/KlausHeidenreichQuartet_FotoNataschaProtze.jpeg?fit=840%2C558&amp;ssl=1\" class=\"size-thumbnail wp-image-6810\" src=\"https:\/\/i0.wp.com\/www.jazzzeitung.de\/cms\/wp-content\/uploads\/2015\/08\/KlausHeidenreichQuartet_FotoNataschaProtze-150x150.jpeg?resize=150%2C150\" alt=\"Klaus Heidenreich Quartett\" width=\"150\" height=\"150\" srcset=\"https:\/\/i0.wp.com\/www.jazzzeitung.de\/cms\/wp-content\/uploads\/2015\/08\/KlausHeidenreichQuartet_FotoNataschaProtze.jpeg?resize=150%2C150&amp;ssl=1 150w, https:\/\/i0.wp.com\/www.jazzzeitung.de\/cms\/wp-content\/uploads\/2015\/08\/KlausHeidenreichQuartet_FotoNataschaProtze.jpeg?resize=144%2C144&amp;ssl=1 144w, https:\/\/i0.wp.com\/www.jazzzeitung.de\/cms\/wp-content\/uploads\/2015\/08\/KlausHeidenreichQuartet_FotoNataschaProtze.jpeg?resize=96%2C96&amp;ssl=1 96w, https:\/\/i0.wp.com\/www.jazzzeitung.de\/cms\/wp-content\/uploads\/2015\/08\/KlausHeidenreichQuartet_FotoNataschaProtze.jpeg?resize=24%2C24&amp;ssl=1 24w, https:\/\/i0.wp.com\/www.jazzzeitung.de\/cms\/wp-content\/uploads\/2015\/08\/KlausHeidenreichQuartet_FotoNataschaProtze.jpeg?resize=36%2C36&amp;ssl=1 36w, https:\/\/i0.wp.com\/www.jazzzeitung.de\/cms\/wp-content\/uploads\/2015\/08\/KlausHeidenreichQuartet_FotoNataschaProtze.jpeg?resize=48%2C48&amp;ssl=1 48w, https:\/\/i0.wp.com\/www.jazzzeitung.de\/cms\/wp-content\/uploads\/2015\/08\/KlausHeidenreichQuartet_FotoNataschaProtze.jpeg?resize=64%2C64&amp;ssl=1 64w, https:\/\/i0.wp.com\/www.jazzzeitung.de\/cms\/wp-content\/uploads\/2015\/08\/KlausHeidenreichQuartet_FotoNataschaProtze.jpeg?resize=32%2C32&amp;ssl=1 32w, https:\/\/i0.wp.com\/www.jazzzeitung.de\/cms\/wp-content\/uploads\/2015\/08\/KlausHeidenreichQuartet_FotoNataschaProtze.jpeg?resize=128%2C128&amp;ssl=1 128w, https:\/\/i0.wp.com\/www.jazzzeitung.de\/cms\/wp-content\/uploads\/2015\/08\/KlausHeidenreichQuartet_FotoNataschaProtze.jpeg?zoom=2&amp;resize=150%2C150&amp;ssl=1 300w, https:\/\/i0.wp.com\/www.jazzzeitung.de\/cms\/wp-content\/uploads\/2015\/08\/KlausHeidenreichQuartet_FotoNataschaProtze.jpeg?zoom=3&amp;resize=150%2C150&amp;ssl=1 450w\" sizes=\"auto, (max-width: 150px) 100vw, 150px\" \/><\/a><figcaption id=\"caption-attachment-6810\" class=\"wp-caption-text\">Klaus Heidenreich Quartett<\/figcaption><\/figure>\n<p>Die Jazzwoche Hannover 2015 \u2013 Das Festival f\u00fcr zeitgen\u00f6ssischen Jazz in Niedersachsen bringt vom 2. bis 10.10.2015 in einem neunt\u00e4gigen Programm aus Konzerten, Sessions und Workshops die aktuellsten und neuesten Entwicklungen im Jazz in die Landeshauptstadt Hannover.<br \/>\nEinen fulminanten Auftakt, sowie Abschluss der diesj\u00e4hrigen Jazzwoche bilden zwei gro\u00dfe Ensembles. So wird man zu Beginn die lokale Big Band \u201eFette Hupe\u201c mit dem in Hannover geborenen Komponistinnen\/S\u00e4ngerinnen Projekt \u201eSung Sound\u201c (Faust Warenannahme, 2.10.) h\u00f6ren und zum Abschluss die NDR Big Band und das Klaus Heidenreich Quartett (unser Bild) im Doppelkonzert mit der Studiobigband der Hochschule f\u00fcr Musik, Theater und Medien Hannover (HMTMH, 10.10.) auftreten.<\/p>\n<p>Der Fokus des Festivals liegt in diesem Jahr auf deutschen Musikern, wie Matthias Schriefl, der mit \u201eShreefpunk\u201c im Jazzclub auftritt (5.10.), sowie dem Gebhard Ullmann&#8217;s Clarinet Trio (Kubus, 7.10.) oder Achim Kaufmann (Bechsteincentrum 9.10.).<br \/>\nBei Jazz Gut Unterwegs trifft sich die internationale und regionale Szene mit Carlos Bica&#8217;s \u201eAzul\u201c und Klaus Spenckers \u201eElements\u201c (3.10.), sowie auch im Kulturpalast (8.10.) eine Junge Band aus der Unesco City of Music &#8211; Partnerstadt Glasgow auf eine Hannoveraner Band trifft. Bei den mittlerweile traditionellen, fast t\u00e4glichen, Late Night Sessions pr\u00e4sentieren sich Ensembles des Instituts f\u00fcr Jazz,Rock,Pop der Hochschule f\u00fcr Musik, Theater und Medien Hannover unter dem Titel &#8222;Neues vom Emmichplatz&#8220;.<br \/>\nDas Programm wird vielf\u00e4ltig abgerundet durch inhaltliche Veranstaltungen, wie einem Filmvortrag (6.10.) im Kino im Sprengel, Diskussionsrunden oder Gespr\u00e4chskonzerten.<br \/>\nErm\u00f6glicht wird das diesj\u00e4hrige Festival durch die Unterst\u00fctzung des Kulturb\u00fcros der Stadt Hannover und der Gilde-Brauerei, sowie die Stiftung Niedersachsen, die das Er\u00f6ffnungskonzert mit Sung Sound und der Fetten Hupe zus\u00e4tzlich f\u00f6rdert. Medienpartner ist zum dritten Mal NDR Info.<\/p>\n<p><strong>+++\u00a0Duo Manciu-Schmauch spielt bei Kirchenkonzert in Isny +++<\/strong><\/p>\n<p>Am Freitag, den 25.9.2015 spielt das Duo Manciu-Schmauch unter dem Motto Poesie der Wellen: Melodische Saitenweisen zwischen &#8222;ethno jazz&#8220; und &#8222;world music&#8220; in der Katholischen Kirche in Isny-Neutrauchburg im Allg\u00e4u.<\/p>\n<p>Das Wasser ist f\u00fcr den Gitarristen Liviu Jean Manciu das inspirierende Element zu seinen Kompositionen. So finden sich im Programm des Duos die Wellen des Meeres, das Prasseln des Regens, das Pl\u00e4tschern des Baches und auch das stetige Str\u00f6men eines Flusses wieder.<br \/>\nAuf der knorrig erdigen Basis von Tiny Schmauchs Kontrabass entfaltet sich die Musik von Manciu in luftigen, t\u00e4nzelnden Gitarrenmelodien und feurigen Grooves und Rhythmen. Das Programm des Duos besteht aus Eigenkompositionen seines Gitarristen. Sie lassen Kl\u00e4nge seiner rum\u00e4nischen Heimat erkennen, sind aber auch gepr\u00e4gt von Jazz und Lateinamerikanischer Musik. Gespielt wird akustische Musik \u2013 swingend, lebendig, mitunter sinnlich. Durchdacht arrangierte Passagen wechseln mit melancholischen Kl\u00e4ngen und s\u00fcdl\u00e4ndischen Rhythmen \u2013 mal gezupft, gestrichen oder geschlagen. Die Improvisationen der beiden Musiker sind virtuos, manchmal vertr\u00e4umt und immer fesselnd.<br \/>\nVon melancholischen Kl\u00e4ngen bis hin zu s\u00fcdl\u00e4ndischen Rhythmen auf akustischer Gitarre und Kontrabass das &#8222;Duo Manciu &#8211; Schmauch&#8220; ein vielseitiges und spannendes Konzert-Programm.<\/p>\n<p><strong>+++ 38. G\u00f6ttinger Jazzfestival +++<\/strong><\/p>\n<p>In seinem 38. Jahr pr\u00e4sentiert das G\u00f6ttinger Jazzfestival wieder jede Menge spielfreudige Musikerinnen und Musiker. Auch in diesem Jahr treten Bands und K\u00fcnstler auf, die auf ganz eigenen Wegen zu ihrer Musik finden. Die einen sch\u00f6pfen tief und gr\u00fcndlich aus der afroamerikanischen Jazztradition, andere holen sich ihre Inspiration auch aus der Rockmusik, aus Soul und Welt- musik oder der Klassik. Aber damit sind nur gleichsam die Grundzutaten benannt, aus denen die unterschiedlichsten Gerichte zubereitet werden. Eingeladen wurden Musikerinnen und Musiker aus den USA und Deutschland, Frankreich, Finnland und Italien, Israel, Kuba und der Schweiz. Das genaue Programm wird Anfang September bekannt gegeben.<br \/>\nVorverkaufsstart ist der 1. September 2015. Weitere Informationen auf <a href=\"http:\/\/www.jazzfestival-goettingen.de\">www.jazzfestival-goettingen.de<\/a><\/p>\n","protected":false},"excerpt":{"rendered":"<p>+++ 24. Jazzwoche in Hannover +++ Die Jazzwoche Hannover 2015 \u2013 Das Festival f\u00fcr zeitgen\u00f6ssischen Jazz in Niedersachsen bringt vom 2. bis 10.10.2015 in einem neunt\u00e4gigen Programm aus Konzerten, Sessions und Workshops die aktuellsten und neuesten Entwicklungen im Jazz in die Landeshauptstadt Hannover. Einen fulminanten Auftakt, sowie Abschluss der diesj\u00e4hrigen Jazzwoche bilden zwei gro\u00dfe Ensembles. So wird man zu Beginn die lokale Big Band \u201eFette Hupe\u201c mit dem in Hannover geborenen Komponistinnen\/S\u00e4ngerinnen Projekt \u201eSung Sound\u201c (Faust Warenannahme, 2.10.) h\u00f6ren und zum Abschluss die NDR Big Band und das Klaus Heidenreich Quartett (unser Bild) im Doppelkonzert mit der Studiobigband der Hochschule f\u00fcr Musik, Theater und Medien Hannover (HMTMH, 10.10.) auftreten. Der Fokus des Festivals liegt in diesem Jahr auf deutschen Musikern, wie Matthias Schriefl, der mit \u201eShreefpunk\u201c im Jazzclub auftritt (5.10.), sowie dem Gebhard Ullmann&#8217;s Clarinet Trio (Kubus, 7.10.) oder Achim Kaufmann (Bechsteincentrum 9.10.). Bei Jazz Gut Unterwegs trifft sich die internationale und regionale Szene mit Carlos Bica&#8217;s \u201eAzul\u201c und Klaus Spenckers \u201eElements\u201c (3.10.), sowie auch im Kulturpalast (8.10.) eine Junge Band aus der Unesco City of Music &#8211; Partnerstadt Glasgow auf eine Hannoveraner Band trifft. &hellip;<\/p>\n","protected":false},"author":18,"featured_media":0,"comment_status":"open","ping_status":"closed","sticky":false,"template":"","format":"standard","meta":{"_jetpack_memberships_contains_paid_content":false,"footnotes":"","jetpack_publicize_message":"","jetpack_publicize_feature_enabled":true,"jetpack_social_post_already_shared":false,"jetpack_social_options":{"image_generator_settings":{"template":"highway","default_image_id":0,"font":"","enabled":false},"version":2}},"categories":[633],"tags":[71,137,3,682,801,271,918,316,322,827,410,447],"coauthors":[695],"class_list":["post-6809","post","type-post","status-publish","format-standard","hentry","category-nachrichten","tag-big-band","tag-deutschland","tag-festival","tag-festivals","tag-gebhard-ullmann","tag-jazzclub","tag-jazzfestival","tag-klassik","tag-konzert-2","tag-matthias-schriefl","tag-ndr","tag-pop"],"yoast_head":"<!-- This site is optimized with the Yoast SEO plugin v27.5 - https:\/\/yoast.com\/product\/yoast-seo-wordpress\/ -->\n<title>+++ News +++ 24. Jazzwoche in Hannover +++ Duo Manciu-Schmauch spielt bei Kirchenkonzert in Isny +++ 38. G\u00f6ttinger Jazzfestival +++ - JazzZeitung<\/title>\n<meta name=\"robots\" content=\"index, follow, max-snippet:-1, max-image-preview:large, max-video-preview:-1\" \/>\n<link rel=\"canonical\" href=\"https:\/\/www.jazzzeitung.de\/cms\/2015\/08\/news-38-goettinger-jazzfestival-24-jazzwoche-hannover-duo-manciu-schmauch-spielt-bei-kirchenkonzert-isny\/\" \/>\n<meta property=\"og:locale\" content=\"de_DE\" \/>\n<meta property=\"og:type\" content=\"article\" \/>\n<meta property=\"og:title\" content=\"+++ News +++ 24. Jazzwoche in Hannover +++ Duo Manciu-Schmauch spielt bei Kirchenkonzert in Isny +++ 38. G\u00f6ttinger Jazzfestival +++ - JazzZeitung\" \/>\n<meta property=\"og:description\" content=\"+++ 24. Jazzwoche in Hannover +++ Die Jazzwoche Hannover 2015 \u2013 Das Festival f\u00fcr zeitgen\u00f6ssischen Jazz in Niedersachsen bringt vom 2. bis 10.10.2015 in einem neunt\u00e4gigen Programm aus Konzerten, Sessions und Workshops die aktuellsten und neuesten Entwicklungen im Jazz in die Landeshauptstadt Hannover. Einen fulminanten Auftakt, sowie Abschluss der diesj\u00e4hrigen Jazzwoche bilden zwei gro\u00dfe Ensembles. So wird man zu Beginn die lokale Big Band \u201eFette Hupe\u201c mit dem in Hannover geborenen Komponistinnen\/S\u00e4ngerinnen Projekt \u201eSung Sound\u201c (Faust Warenannahme, 2.10.) h\u00f6ren und zum Abschluss die NDR Big Band und das Klaus Heidenreich Quartett (unser Bild) im Doppelkonzert mit der Studiobigband der Hochschule f\u00fcr Musik, Theater und Medien Hannover (HMTMH, 10.10.) auftreten. Der Fokus des Festivals liegt in diesem Jahr auf deutschen Musikern, wie Matthias Schriefl, der mit \u201eShreefpunk\u201c im Jazzclub auftritt (5.10.), sowie dem Gebhard Ullmann&#8217;s Clarinet Trio (Kubus, 7.10.) oder Achim Kaufmann (Bechsteincentrum 9.10.). Bei Jazz Gut Unterwegs trifft sich die internationale und regionale Szene mit Carlos Bica&#8217;s \u201eAzul\u201c und Klaus Spenckers \u201eElements\u201c (3.10.), sowie auch im Kulturpalast (8.10.) eine Junge Band aus der Unesco City of Music &#8211; Partnerstadt Glasgow auf eine Hannoveraner Band trifft. &hellip;\" \/>\n<meta property=\"og:url\" content=\"https:\/\/www.jazzzeitung.de\/cms\/2015\/08\/news-38-goettinger-jazzfestival-24-jazzwoche-hannover-duo-manciu-schmauch-spielt-bei-kirchenkonzert-isny\/\" \/>\n<meta property=\"og:site_name\" content=\"JazzZeitung\" \/>\n<meta property=\"article:publisher\" content=\"https:\/\/www.facebook.com\/JazzZeitung\/\" \/>\n<meta property=\"article:published_time\" content=\"2015-08-10T13:55:02+00:00\" \/>\n<meta property=\"article:modified_time\" content=\"2015-08-11T06:46:05+00:00\" \/>\n<meta property=\"og:image\" content=\"http:\/\/www.jazzzeitung.de\/cms\/wp-content\/uploads\/2015\/08\/KlausHeidenreichQuartet_FotoNataschaProtze-150x150.jpeg\" \/>\n<meta name=\"author\" content=\"Redaktion JazzZeitung\" \/>\n<script type=\"application\/ld+json\" class=\"yoast-schema-graph\">{\"@context\":\"https:\\\/\\\/schema.org\",\"@graph\":[{\"@type\":\"Article\",\"@id\":\"https:\\\/\\\/www.jazzzeitung.de\\\/cms\\\/2015\\\/08\\\/news-38-goettinger-jazzfestival-24-jazzwoche-hannover-duo-manciu-schmauch-spielt-bei-kirchenkonzert-isny\\\/#article\",\"isPartOf\":{\"@id\":\"https:\\\/\\\/www.jazzzeitung.de\\\/cms\\\/2015\\\/08\\\/news-38-goettinger-jazzfestival-24-jazzwoche-hannover-duo-manciu-schmauch-spielt-bei-kirchenkonzert-isny\\\/\"},\"author\":{\"name\":\"Redaktion JazzZeitung\",\"@id\":\"https:\\\/\\\/www.jazzzeitung.de\\\/cms\\\/#\\\/schema\\\/person\\\/2245b36b9cd1d24cea10f01c031fb92b\"},\"headline\":\"+++ News +++ 24. Jazzwoche in Hannover +++ Duo Manciu-Schmauch spielt bei Kirchenkonzert in Isny +++ 38. G\u00f6ttinger Jazzfestival +++\",\"datePublished\":\"2015-08-10T13:55:02+00:00\",\"dateModified\":\"2015-08-11T06:46:05+00:00\",\"mainEntityOfPage\":{\"@id\":\"https:\\\/\\\/www.jazzzeitung.de\\\/cms\\\/2015\\\/08\\\/news-38-goettinger-jazzfestival-24-jazzwoche-hannover-duo-manciu-schmauch-spielt-bei-kirchenkonzert-isny\\\/\"},\"wordCount\":627,\"commentCount\":0,\"publisher\":{\"@id\":\"https:\\\/\\\/www.jazzzeitung.de\\\/cms\\\/#organization\"},\"image\":{\"@id\":\"https:\\\/\\\/www.jazzzeitung.de\\\/cms\\\/2015\\\/08\\\/news-38-goettinger-jazzfestival-24-jazzwoche-hannover-duo-manciu-schmauch-spielt-bei-kirchenkonzert-isny\\\/#primaryimage\"},\"thumbnailUrl\":\"http:\\\/\\\/www.jazzzeitung.de\\\/cms\\\/wp-content\\\/uploads\\\/2015\\\/08\\\/KlausHeidenreichQuartet_FotoNataschaProtze-150x150.jpeg\",\"keywords\":[\"Big Band\",\"Deutschland\",\"Festival\",\"Festivals\",\"Gebhard Ullmann\",\"Jazzclub\",\"Jazzfestival\",\"Klassik\",\"Konzert\",\"Matthias Schriefl\",\"NDR\",\"Pop\"],\"articleSection\":[\"News\"],\"inLanguage\":\"de\",\"potentialAction\":[{\"@type\":\"CommentAction\",\"name\":\"Comment\",\"target\":[\"https:\\\/\\\/www.jazzzeitung.de\\\/cms\\\/2015\\\/08\\\/news-38-goettinger-jazzfestival-24-jazzwoche-hannover-duo-manciu-schmauch-spielt-bei-kirchenkonzert-isny\\\/#respond\"]}]},{\"@type\":\"WebPage\",\"@id\":\"https:\\\/\\\/www.jazzzeitung.de\\\/cms\\\/2015\\\/08\\\/news-38-goettinger-jazzfestival-24-jazzwoche-hannover-duo-manciu-schmauch-spielt-bei-kirchenkonzert-isny\\\/\",\"url\":\"https:\\\/\\\/www.jazzzeitung.de\\\/cms\\\/2015\\\/08\\\/news-38-goettinger-jazzfestival-24-jazzwoche-hannover-duo-manciu-schmauch-spielt-bei-kirchenkonzert-isny\\\/\",\"name\":\"+++ News +++ 24. Jazzwoche in Hannover +++ Duo Manciu-Schmauch spielt bei Kirchenkonzert in Isny +++ 38. G\u00f6ttinger Jazzfestival +++ - JazzZeitung\",\"isPartOf\":{\"@id\":\"https:\\\/\\\/www.jazzzeitung.de\\\/cms\\\/#website\"},\"primaryImageOfPage\":{\"@id\":\"https:\\\/\\\/www.jazzzeitung.de\\\/cms\\\/2015\\\/08\\\/news-38-goettinger-jazzfestival-24-jazzwoche-hannover-duo-manciu-schmauch-spielt-bei-kirchenkonzert-isny\\\/#primaryimage\"},\"image\":{\"@id\":\"https:\\\/\\\/www.jazzzeitung.de\\\/cms\\\/2015\\\/08\\\/news-38-goettinger-jazzfestival-24-jazzwoche-hannover-duo-manciu-schmauch-spielt-bei-kirchenkonzert-isny\\\/#primaryimage\"},\"thumbnailUrl\":\"http:\\\/\\\/www.jazzzeitung.de\\\/cms\\\/wp-content\\\/uploads\\\/2015\\\/08\\\/KlausHeidenreichQuartet_FotoNataschaProtze-150x150.jpeg\",\"datePublished\":\"2015-08-10T13:55:02+00:00\",\"dateModified\":\"2015-08-11T06:46:05+00:00\",\"breadcrumb\":{\"@id\":\"https:\\\/\\\/www.jazzzeitung.de\\\/cms\\\/2015\\\/08\\\/news-38-goettinger-jazzfestival-24-jazzwoche-hannover-duo-manciu-schmauch-spielt-bei-kirchenkonzert-isny\\\/#breadcrumb\"},\"inLanguage\":\"de\",\"potentialAction\":[{\"@type\":\"ReadAction\",\"target\":[\"https:\\\/\\\/www.jazzzeitung.de\\\/cms\\\/2015\\\/08\\\/news-38-goettinger-jazzfestival-24-jazzwoche-hannover-duo-manciu-schmauch-spielt-bei-kirchenkonzert-isny\\\/\"]}]},{\"@type\":\"ImageObject\",\"inLanguage\":\"de\",\"@id\":\"https:\\\/\\\/www.jazzzeitung.de\\\/cms\\\/2015\\\/08\\\/news-38-goettinger-jazzfestival-24-jazzwoche-hannover-duo-manciu-schmauch-spielt-bei-kirchenkonzert-isny\\\/#primaryimage\",\"url\":\"http:\\\/\\\/www.jazzzeitung.de\\\/cms\\\/wp-content\\\/uploads\\\/2015\\\/08\\\/KlausHeidenreichQuartet_FotoNataschaProtze-150x150.jpeg\",\"contentUrl\":\"http:\\\/\\\/www.jazzzeitung.de\\\/cms\\\/wp-content\\\/uploads\\\/2015\\\/08\\\/KlausHeidenreichQuartet_FotoNataschaProtze-150x150.jpeg\"},{\"@type\":\"BreadcrumbList\",\"@id\":\"https:\\\/\\\/www.jazzzeitung.de\\\/cms\\\/2015\\\/08\\\/news-38-goettinger-jazzfestival-24-jazzwoche-hannover-duo-manciu-schmauch-spielt-bei-kirchenkonzert-isny\\\/#breadcrumb\",\"itemListElement\":[{\"@type\":\"ListItem\",\"position\":1,\"name\":\"Startseite\",\"item\":\"https:\\\/\\\/www.jazzzeitung.de\\\/cms\\\/\"},{\"@type\":\"ListItem\",\"position\":2,\"name\":\"+++ News +++ 24. Jazzwoche in Hannover +++ Duo Manciu-Schmauch spielt bei Kirchenkonzert in Isny +++ 38. G\u00f6ttinger Jazzfestival +++\"}]},{\"@type\":\"WebSite\",\"@id\":\"https:\\\/\\\/www.jazzzeitung.de\\\/cms\\\/#website\",\"url\":\"https:\\\/\\\/www.jazzzeitung.de\\\/cms\\\/\",\"name\":\"JazzZeitung\",\"description\":\"Jazz-News und Jazz-Kontroverses\",\"publisher\":{\"@id\":\"https:\\\/\\\/www.jazzzeitung.de\\\/cms\\\/#organization\"},\"potentialAction\":[{\"@type\":\"SearchAction\",\"target\":{\"@type\":\"EntryPoint\",\"urlTemplate\":\"https:\\\/\\\/www.jazzzeitung.de\\\/cms\\\/?s={search_term_string}\"},\"query-input\":{\"@type\":\"PropertyValueSpecification\",\"valueRequired\":true,\"valueName\":\"search_term_string\"}}],\"inLanguage\":\"de\"},{\"@type\":\"Organization\",\"@id\":\"https:\\\/\\\/www.jazzzeitung.de\\\/cms\\\/#organization\",\"name\":\"JazzZeitung online\",\"url\":\"https:\\\/\\\/www.jazzzeitung.de\\\/cms\\\/\",\"logo\":{\"@type\":\"ImageObject\",\"inLanguage\":\"de\",\"@id\":\"https:\\\/\\\/www.jazzzeitung.de\\\/cms\\\/#\\\/schema\\\/logo\\\/image\\\/\",\"url\":\"https:\\\/\\\/i0.wp.com\\\/www.jazzzeitung.de\\\/cms\\\/wp-content\\\/uploads\\\/2015\\\/08\\\/JAZZZEITUNGDE_Logo_Neu.png?fit=499%2C200&ssl=1\",\"contentUrl\":\"https:\\\/\\\/i0.wp.com\\\/www.jazzzeitung.de\\\/cms\\\/wp-content\\\/uploads\\\/2015\\\/08\\\/JAZZZEITUNGDE_Logo_Neu.png?fit=499%2C200&ssl=1\",\"width\":499,\"height\":200,\"caption\":\"JazzZeitung online\"},\"image\":{\"@id\":\"https:\\\/\\\/www.jazzzeitung.de\\\/cms\\\/#\\\/schema\\\/logo\\\/image\\\/\"},\"sameAs\":[\"https:\\\/\\\/www.facebook.com\\\/JazzZeitung\\\/\"]},{\"@type\":\"Person\",\"@id\":\"https:\\\/\\\/www.jazzzeitung.de\\\/cms\\\/#\\\/schema\\\/person\\\/2245b36b9cd1d24cea10f01c031fb92b\",\"name\":\"Redaktion JazzZeitung\",\"image\":{\"@type\":\"ImageObject\",\"inLanguage\":\"de\",\"@id\":\"https:\\\/\\\/i0.wp.com\\\/www.jazzzeitung.de\\\/cms\\\/wp-content\\\/uploads\\\/2015\\\/08\\\/JAZZZEITUNGDE_Logo_Neu.png?resize=96%2C96&ssl=159975dcacb611b5700bd619b5daf0a7a\",\"url\":\"https:\\\/\\\/i0.wp.com\\\/www.jazzzeitung.de\\\/cms\\\/wp-content\\\/uploads\\\/2015\\\/08\\\/JAZZZEITUNGDE_Logo_Neu.png?resize=96%2C96&ssl=1\",\"contentUrl\":\"https:\\\/\\\/i0.wp.com\\\/www.jazzzeitung.de\\\/cms\\\/wp-content\\\/uploads\\\/2015\\\/08\\\/JAZZZEITUNGDE_Logo_Neu.png?resize=96%2C96&ssl=1\",\"caption\":\"Redaktion JazzZeitung\"},\"description\":\"Artikel der Redaktion der JazzZeitung.\",\"sameAs\":[\"http:\\\/\\\/www.jazzzeitung.de\\\/cms\\\/\"],\"url\":\"https:\\\/\\\/www.jazzzeitung.de\\\/cms\\\/author\\\/redaktion\\\/\"}]}<\/script>\n<!-- \/ Yoast SEO plugin. -->","yoast_head_json":{"title":"+++ News +++ 24. Jazzwoche in Hannover +++ Duo Manciu-Schmauch spielt bei Kirchenkonzert in Isny +++ 38. G\u00f6ttinger Jazzfestival +++ - JazzZeitung","robots":{"index":"index","follow":"follow","max-snippet":"max-snippet:-1","max-image-preview":"max-image-preview:large","max-video-preview":"max-video-preview:-1"},"canonical":"https:\/\/www.jazzzeitung.de\/cms\/2015\/08\/news-38-goettinger-jazzfestival-24-jazzwoche-hannover-duo-manciu-schmauch-spielt-bei-kirchenkonzert-isny\/","og_locale":"de_DE","og_type":"article","og_title":"+++ News +++ 24. Jazzwoche in Hannover +++ Duo Manciu-Schmauch spielt bei Kirchenkonzert in Isny +++ 38. G\u00f6ttinger Jazzfestival +++ - JazzZeitung","og_description":"+++ 24. Jazzwoche in Hannover +++ Die Jazzwoche Hannover 2015 \u2013 Das Festival f\u00fcr zeitgen\u00f6ssischen Jazz in Niedersachsen bringt vom 2. bis 10.10.2015 in einem neunt\u00e4gigen Programm aus Konzerten, Sessions und Workshops die aktuellsten und neuesten Entwicklungen im Jazz in die Landeshauptstadt Hannover. Einen fulminanten Auftakt, sowie Abschluss der diesj\u00e4hrigen Jazzwoche bilden zwei gro\u00dfe Ensembles. So wird man zu Beginn die lokale Big Band \u201eFette Hupe\u201c mit dem in Hannover geborenen Komponistinnen\/S\u00e4ngerinnen Projekt \u201eSung Sound\u201c (Faust Warenannahme, 2.10.) h\u00f6ren und zum Abschluss die NDR Big Band und das Klaus Heidenreich Quartett (unser Bild) im Doppelkonzert mit der Studiobigband der Hochschule f\u00fcr Musik, Theater und Medien Hannover (HMTMH, 10.10.) auftreten. Der Fokus des Festivals liegt in diesem Jahr auf deutschen Musikern, wie Matthias Schriefl, der mit \u201eShreefpunk\u201c im Jazzclub auftritt (5.10.), sowie dem Gebhard Ullmann&#8217;s Clarinet Trio (Kubus, 7.10.) oder Achim Kaufmann (Bechsteincentrum 9.10.). Bei Jazz Gut Unterwegs trifft sich die internationale und regionale Szene mit Carlos Bica&#8217;s \u201eAzul\u201c und Klaus Spenckers \u201eElements\u201c (3.10.), sowie auch im Kulturpalast (8.10.) eine Junge Band aus der Unesco City of Music &#8211; Partnerstadt Glasgow auf eine Hannoveraner Band trifft. &hellip;","og_url":"https:\/\/www.jazzzeitung.de\/cms\/2015\/08\/news-38-goettinger-jazzfestival-24-jazzwoche-hannover-duo-manciu-schmauch-spielt-bei-kirchenkonzert-isny\/","og_site_name":"JazzZeitung","article_publisher":"https:\/\/www.facebook.com\/JazzZeitung\/","article_published_time":"2015-08-10T13:55:02+00:00","article_modified_time":"2015-08-11T06:46:05+00:00","og_image":[{"url":"http:\/\/www.jazzzeitung.de\/cms\/wp-content\/uploads\/2015\/08\/KlausHeidenreichQuartet_FotoNataschaProtze-150x150.jpeg","type":"","width":"","height":""}],"author":"Redaktion JazzZeitung","schema":{"@context":"https:\/\/schema.org","@graph":[{"@type":"Article","@id":"https:\/\/www.jazzzeitung.de\/cms\/2015\/08\/news-38-goettinger-jazzfestival-24-jazzwoche-hannover-duo-manciu-schmauch-spielt-bei-kirchenkonzert-isny\/#article","isPartOf":{"@id":"https:\/\/www.jazzzeitung.de\/cms\/2015\/08\/news-38-goettinger-jazzfestival-24-jazzwoche-hannover-duo-manciu-schmauch-spielt-bei-kirchenkonzert-isny\/"},"author":{"name":"Redaktion JazzZeitung","@id":"https:\/\/www.jazzzeitung.de\/cms\/#\/schema\/person\/2245b36b9cd1d24cea10f01c031fb92b"},"headline":"+++ News +++ 24. Jazzwoche in Hannover +++ Duo Manciu-Schmauch spielt bei Kirchenkonzert in Isny +++ 38. G\u00f6ttinger Jazzfestival +++","datePublished":"2015-08-10T13:55:02+00:00","dateModified":"2015-08-11T06:46:05+00:00","mainEntityOfPage":{"@id":"https:\/\/www.jazzzeitung.de\/cms\/2015\/08\/news-38-goettinger-jazzfestival-24-jazzwoche-hannover-duo-manciu-schmauch-spielt-bei-kirchenkonzert-isny\/"},"wordCount":627,"commentCount":0,"publisher":{"@id":"https:\/\/www.jazzzeitung.de\/cms\/#organization"},"image":{"@id":"https:\/\/www.jazzzeitung.de\/cms\/2015\/08\/news-38-goettinger-jazzfestival-24-jazzwoche-hannover-duo-manciu-schmauch-spielt-bei-kirchenkonzert-isny\/#primaryimage"},"thumbnailUrl":"http:\/\/www.jazzzeitung.de\/cms\/wp-content\/uploads\/2015\/08\/KlausHeidenreichQuartet_FotoNataschaProtze-150x150.jpeg","keywords":["Big Band","Deutschland","Festival","Festivals","Gebhard Ullmann","Jazzclub","Jazzfestival","Klassik","Konzert","Matthias Schriefl","NDR","Pop"],"articleSection":["News"],"inLanguage":"de","potentialAction":[{"@type":"CommentAction","name":"Comment","target":["https:\/\/www.jazzzeitung.de\/cms\/2015\/08\/news-38-goettinger-jazzfestival-24-jazzwoche-hannover-duo-manciu-schmauch-spielt-bei-kirchenkonzert-isny\/#respond"]}]},{"@type":"WebPage","@id":"https:\/\/www.jazzzeitung.de\/cms\/2015\/08\/news-38-goettinger-jazzfestival-24-jazzwoche-hannover-duo-manciu-schmauch-spielt-bei-kirchenkonzert-isny\/","url":"https:\/\/www.jazzzeitung.de\/cms\/2015\/08\/news-38-goettinger-jazzfestival-24-jazzwoche-hannover-duo-manciu-schmauch-spielt-bei-kirchenkonzert-isny\/","name":"+++ News +++ 24. Jazzwoche in Hannover +++ Duo Manciu-Schmauch spielt bei Kirchenkonzert in Isny +++ 38. G\u00f6ttinger Jazzfestival +++ - JazzZeitung","isPartOf":{"@id":"https:\/\/www.jazzzeitung.de\/cms\/#website"},"primaryImageOfPage":{"@id":"https:\/\/www.jazzzeitung.de\/cms\/2015\/08\/news-38-goettinger-jazzfestival-24-jazzwoche-hannover-duo-manciu-schmauch-spielt-bei-kirchenkonzert-isny\/#primaryimage"},"image":{"@id":"https:\/\/www.jazzzeitung.de\/cms\/2015\/08\/news-38-goettinger-jazzfestival-24-jazzwoche-hannover-duo-manciu-schmauch-spielt-bei-kirchenkonzert-isny\/#primaryimage"},"thumbnailUrl":"http:\/\/www.jazzzeitung.de\/cms\/wp-content\/uploads\/2015\/08\/KlausHeidenreichQuartet_FotoNataschaProtze-150x150.jpeg","datePublished":"2015-08-10T13:55:02+00:00","dateModified":"2015-08-11T06:46:05+00:00","breadcrumb":{"@id":"https:\/\/www.jazzzeitung.de\/cms\/2015\/08\/news-38-goettinger-jazzfestival-24-jazzwoche-hannover-duo-manciu-schmauch-spielt-bei-kirchenkonzert-isny\/#breadcrumb"},"inLanguage":"de","potentialAction":[{"@type":"ReadAction","target":["https:\/\/www.jazzzeitung.de\/cms\/2015\/08\/news-38-goettinger-jazzfestival-24-jazzwoche-hannover-duo-manciu-schmauch-spielt-bei-kirchenkonzert-isny\/"]}]},{"@type":"ImageObject","inLanguage":"de","@id":"https:\/\/www.jazzzeitung.de\/cms\/2015\/08\/news-38-goettinger-jazzfestival-24-jazzwoche-hannover-duo-manciu-schmauch-spielt-bei-kirchenkonzert-isny\/#primaryimage","url":"http:\/\/www.jazzzeitung.de\/cms\/wp-content\/uploads\/2015\/08\/KlausHeidenreichQuartet_FotoNataschaProtze-150x150.jpeg","contentUrl":"http:\/\/www.jazzzeitung.de\/cms\/wp-content\/uploads\/2015\/08\/KlausHeidenreichQuartet_FotoNataschaProtze-150x150.jpeg"},{"@type":"BreadcrumbList","@id":"https:\/\/www.jazzzeitung.de\/cms\/2015\/08\/news-38-goettinger-jazzfestival-24-jazzwoche-hannover-duo-manciu-schmauch-spielt-bei-kirchenkonzert-isny\/#breadcrumb","itemListElement":[{"@type":"ListItem","position":1,"name":"Startseite","item":"https:\/\/www.jazzzeitung.de\/cms\/"},{"@type":"ListItem","position":2,"name":"+++ News +++ 24. Jazzwoche in Hannover +++ Duo Manciu-Schmauch spielt bei Kirchenkonzert in Isny +++ 38. G\u00f6ttinger Jazzfestival +++"}]},{"@type":"WebSite","@id":"https:\/\/www.jazzzeitung.de\/cms\/#website","url":"https:\/\/www.jazzzeitung.de\/cms\/","name":"JazzZeitung","description":"Jazz-News und Jazz-Kontroverses","publisher":{"@id":"https:\/\/www.jazzzeitung.de\/cms\/#organization"},"potentialAction":[{"@type":"SearchAction","target":{"@type":"EntryPoint","urlTemplate":"https:\/\/www.jazzzeitung.de\/cms\/?s={search_term_string}"},"query-input":{"@type":"PropertyValueSpecification","valueRequired":true,"valueName":"search_term_string"}}],"inLanguage":"de"},{"@type":"Organization","@id":"https:\/\/www.jazzzeitung.de\/cms\/#organization","name":"JazzZeitung online","url":"https:\/\/www.jazzzeitung.de\/cms\/","logo":{"@type":"ImageObject","inLanguage":"de","@id":"https:\/\/www.jazzzeitung.de\/cms\/#\/schema\/logo\/image\/","url":"https:\/\/i0.wp.com\/www.jazzzeitung.de\/cms\/wp-content\/uploads\/2015\/08\/JAZZZEITUNGDE_Logo_Neu.png?fit=499%2C200&ssl=1","contentUrl":"https:\/\/i0.wp.com\/www.jazzzeitung.de\/cms\/wp-content\/uploads\/2015\/08\/JAZZZEITUNGDE_Logo_Neu.png?fit=499%2C200&ssl=1","width":499,"height":200,"caption":"JazzZeitung online"},"image":{"@id":"https:\/\/www.jazzzeitung.de\/cms\/#\/schema\/logo\/image\/"},"sameAs":["https:\/\/www.facebook.com\/JazzZeitung\/"]},{"@type":"Person","@id":"https:\/\/www.jazzzeitung.de\/cms\/#\/schema\/person\/2245b36b9cd1d24cea10f01c031fb92b","name":"Redaktion JazzZeitung","image":{"@type":"ImageObject","inLanguage":"de","@id":"https:\/\/i0.wp.com\/www.jazzzeitung.de\/cms\/wp-content\/uploads\/2015\/08\/JAZZZEITUNGDE_Logo_Neu.png?resize=96%2C96&ssl=159975dcacb611b5700bd619b5daf0a7a","url":"https:\/\/i0.wp.com\/www.jazzzeitung.de\/cms\/wp-content\/uploads\/2015\/08\/JAZZZEITUNGDE_Logo_Neu.png?resize=96%2C96&ssl=1","contentUrl":"https:\/\/i0.wp.com\/www.jazzzeitung.de\/cms\/wp-content\/uploads\/2015\/08\/JAZZZEITUNGDE_Logo_Neu.png?resize=96%2C96&ssl=1","caption":"Redaktion JazzZeitung"},"description":"Artikel der Redaktion der JazzZeitung.","sameAs":["http:\/\/www.jazzzeitung.de\/cms\/"],"url":"https:\/\/www.jazzzeitung.de\/cms\/author\/redaktion\/"}]}},"wp-worthy-pixel":{"ignored":false,"public":null,"server":null,"url":null},"wp-worthy-type":"normal","jetpack_publicize_connections":[],"cc_featured_image_caption":{"caption_text":false,"source_text":false,"source_url":false},"jetpack_featured_media_url":"","jetpack_shortlink":"https:\/\/wp.me\/p3KEcT-1LP","jetpack-related-posts":[{"id":10096,"url":"https:\/\/www.jazzzeitung.de\/cms\/2016\/09\/newsbass-nightjazzwoche-hannover24-jazzfest-kassel\/","url_meta":{"origin":6809,"position":0},"title":"+++News+++Bass Night+++Jazzwoche Hannover+++24. Jazzfest Kassel","author":"Redaktion JazzZeitung","date":"21. September 2016","format":false,"excerpt":"\u201eBass Night\u201c: Vier Bassisten gastieren bei Jazzparty II am 5. November in Ingolstadt Mit den Gastspielen der Stanley Clarke Band, der Richard Bona Group, dem Renaud Garc\u00eda-Fons und dem Dieter Ilg Trio ist die Jazzparty II im Rahmen der Ingolst\u00e4dter Jazztage in diesem Jahr als \u201eBass Night\u201c \u00fcberschrieben und findet\u2026","rel":"","context":"In &quot;News&quot;","block_context":{"text":"News","link":"https:\/\/www.jazzzeitung.de\/cms\/thema\/nachrichten\/"},"img":{"alt_text":"","src":"","width":0,"height":0},"classes":[]},{"id":13532,"url":"https:\/\/www.jazzzeitung.de\/cms\/2017\/09\/news-bayreuther-jazz-november-jazzwoche-hannover-goettinger-jazzfestival\/","url_meta":{"origin":6809,"position":1},"title":"+++ news +++ Bayreuther Jazz-November +++ Jazzwoche Hannover +++ G\u00f6ttinger Jazzfestival +++","author":"Redaktion JazzZeitung","date":"14. September 2017","format":false,"excerpt":"+++ Bayreuther Jazz-November +++ Der Bayreuther Jazz-November pr\u00e4sentiert sich in seinem elften Jahr vom 9. bis 12. November musikalisch noch breiter aufgestellt. Das mehrfach ausgezeichnete Jazzforum (Kulturpreis 2017 der Stadt Bayreuth, Spielst\u00e4ttenprogrammpreis bzw. APPLAUS 2013, 2014 und 2016) z\u00fcndet als Veranstalter die n\u00e4chste Stufe f\u00fcr das Herzensprojekt Bayreuther Jazz-November. Beinahe\u2026","rel":"","context":"In &quot;News&quot;","block_context":{"text":"News","link":"https:\/\/www.jazzzeitung.de\/cms\/thema\/nachrichten\/"},"img":{"alt_text":"","src":"https:\/\/i0.wp.com\/www.jazzzeitung.de\/cms\/wp-content\/uploads\/2017\/09\/Jazzrausch-Bigband-150x150.jpg?resize=350%2C200&ssl=1","width":350,"height":200},"classes":[]},{"id":17353,"url":"https:\/\/www.jazzzeitung.de\/cms\/2018\/10\/24-udj-jazzforum-am-11-12-oktober-2018-im-kulturzentrum-pavillon-in-hannover\/","url_meta":{"origin":6809,"position":2},"title":"24. UDJ-Jazzforum am 11.\/12. Oktober 2018 im Kulturzentrum Pavillon in Hannover","author":"Redaktion JazzZeitung","date":"2. Oktober 2018","format":false,"excerpt":"Am 11. und 12. Oktober 2018 findet das 24. UDJ-Jazzforum im Kulturzentrum Pavillon in Hannover statt. Unter anderem stehen in diesem Jahr spannende Panels mit viel Prominenz aus Szene und Politik auf dem Programm der zweit\u00e4gigen Tagung, zu der die Union Deutscher Jazzmusiker (UDJ) alle Interessierten bei kostenloser Anmeldung einl\u00e4dt.\u2026","rel":"","context":"In &quot;News&quot;","block_context":{"text":"News","link":"https:\/\/www.jazzzeitung.de\/cms\/thema\/nachrichten\/"},"img":{"alt_text":"","src":"https:\/\/i0.wp.com\/www.jazzzeitung.de\/cms\/wp-content\/uploads\/2018\/10\/240dpi_AMEO_Bandphoto%40Sibylle-Fendt.jpg?fit=1200%2C951&ssl=1&resize=350%2C200","width":350,"height":200,"srcset":"https:\/\/i0.wp.com\/www.jazzzeitung.de\/cms\/wp-content\/uploads\/2018\/10\/240dpi_AMEO_Bandphoto%40Sibylle-Fendt.jpg?fit=1200%2C951&ssl=1&resize=350%2C200 1x, https:\/\/i0.wp.com\/www.jazzzeitung.de\/cms\/wp-content\/uploads\/2018\/10\/240dpi_AMEO_Bandphoto%40Sibylle-Fendt.jpg?fit=1200%2C951&ssl=1&resize=525%2C300 1.5x, https:\/\/i0.wp.com\/www.jazzzeitung.de\/cms\/wp-content\/uploads\/2018\/10\/240dpi_AMEO_Bandphoto%40Sibylle-Fendt.jpg?fit=1200%2C951&ssl=1&resize=700%2C400 2x, https:\/\/i0.wp.com\/www.jazzzeitung.de\/cms\/wp-content\/uploads\/2018\/10\/240dpi_AMEO_Bandphoto%40Sibylle-Fendt.jpg?fit=1200%2C951&ssl=1&resize=1050%2C600 3x"},"classes":[]},{"id":23950,"url":"https:\/\/www.jazzzeitung.de\/cms\/2020\/12\/internationale-jazzwoche-burghausen-2021-auf-sommer-verschoben\/","url_meta":{"origin":6809,"position":3},"title":"Internationale Jazzwoche Burghausen 2021 auf Sommer verschoben","author":"Redaktion JazzZeitung","date":"9. Dezember 2020","format":false,"excerpt":"Nachdem das Festival in diesem Jahr bereits komplett abgesagt werden musste und die geplanten Programmpunkte zun\u00e4chst auf den M\u00e4rz 2021 umgebucht wurden, scheint eine Durchf\u00fchrung im Fr\u00fchjahr aufgrund der versch\u00e4rften Corona-Situation derzeit nicht realistisch. Die Entwicklungen lassen bef\u00fcrchten, dass auch bis weit \u00fcber den M\u00e4rz hinaus noch eine so unsichere\u2026","rel":"","context":"In &quot;News&quot;","block_context":{"text":"News","link":"https:\/\/www.jazzzeitung.de\/cms\/thema\/nachrichten\/"},"img":{"alt_text":"","src":"https:\/\/i0.wp.com\/www.jazzzeitung.de\/cms\/wp-content\/uploads\/2020\/12\/burghausen.jpg?fit=1200%2C600&ssl=1&resize=350%2C200","width":350,"height":200,"srcset":"https:\/\/i0.wp.com\/www.jazzzeitung.de\/cms\/wp-content\/uploads\/2020\/12\/burghausen.jpg?fit=1200%2C600&ssl=1&resize=350%2C200 1x, https:\/\/i0.wp.com\/www.jazzzeitung.de\/cms\/wp-content\/uploads\/2020\/12\/burghausen.jpg?fit=1200%2C600&ssl=1&resize=525%2C300 1.5x, https:\/\/i0.wp.com\/www.jazzzeitung.de\/cms\/wp-content\/uploads\/2020\/12\/burghausen.jpg?fit=1200%2C600&ssl=1&resize=700%2C400 2x, https:\/\/i0.wp.com\/www.jazzzeitung.de\/cms\/wp-content\/uploads\/2020\/12\/burghausen.jpg?fit=1200%2C600&ssl=1&resize=1050%2C600 3x"},"classes":[]},{"id":884,"url":"https:\/\/www.jazzzeitung.de\/cms\/2011\/03\/jazzfestivals-im-maerz\/","url_meta":{"origin":6809,"position":4},"title":"Jazzfestivals im M\u00e4rz","author":"J\u00f6rg Lichtinger","date":"15. M\u00e4rz 2011","format":false,"excerpt":"Der M\u00e4rz sieht wieder einige Jazzfestivals in Deutschland: Im S\u00fcden der Klassiker, die Internationale Jazzwoche Burghausen und in M\u00fcnchen die interdisziplin\u00e4ren Festivals Jazzlines (27. M\u00e4rz \u2013 7. April) und ffAT (17.\u201319. M\u00e4rz) im S\u00fcdwesten das Jazzfestival St. Ingbert (18.\u201327. M\u00e4rz), im Norden und Nordosten die Jazztage Emsdetten (17.\u201319. M\u00e4rz) und\u2026","rel":"","context":"In &quot;Blog&quot;","block_context":{"text":"Blog","link":"https:\/\/www.jazzzeitung.de\/cms\/thema\/blog\/"},"img":{"alt_text":"Get The Blessing bei der Brit Jazz Week. Foto: John Minton","src":"https:\/\/i0.wp.com\/www.jazzzeitung.de\/cms\/wp-content\/uploads\/2011\/03\/Get-The-Blessing_foto_john_minton.jpg?resize=350%2C200","width":350,"height":200},"classes":[]},{"id":26908,"url":"https:\/\/www.jazzzeitung.de\/cms\/2022\/03\/news-kari-ikonen-titelfoto-beim-enjoy-jazz-festival-heidelberg-persischer-jazzfruehling-in-muenchen-51-jazzwoche-burghausen-br-uebertraegt-konzerte\/","url_meta":{"origin":6809,"position":5},"title":"+++ news +++ Kari Ikonen (Titelfoto) beim Enjoy Jazz Festival Heidelberg +++ Persischer Jazzfr\u00fchling in M\u00fcnchen +++ 51. Jazzwoche Burghausen: BR \u00fcbertr\u00e4gt Konzerte +++","author":"Redaktion JazzZeitung","date":"22. M\u00e4rz 2022","format":false,"excerpt":"Burghausen Jazzwoche startet Nachdem die Jazzwoche Burghausen in den letzten zwei Jahren ausfallen musste, kann sie vom 22. bis 27. M\u00e4rz zum 51. Mal stattfinden. Das Programm ist bunt gemischt und reicht Soul-S\u00e4ngerin Joy Denalane bis zur Jazzharfenistin Juli Campiche. Der Bayerische Rundfunk \u00fcbertr\u00e4gt als Partner des Festivals ausgew\u00e4hlte Highlights\u2026","rel":"","context":"In &quot;News&quot;","block_context":{"text":"News","link":"https:\/\/www.jazzzeitung.de\/cms\/thema\/nachrichten\/"},"img":{"alt_text":"","src":"https:\/\/i0.wp.com\/www.jazzzeitung.de\/cms\/wp-content\/uploads\/2022\/03\/20220515_Kari-Ikonen_c_Tanja-Ahola.jpg?fit=909%2C1200&ssl=1&resize=350%2C200","width":350,"height":200,"srcset":"https:\/\/i0.wp.com\/www.jazzzeitung.de\/cms\/wp-content\/uploads\/2022\/03\/20220515_Kari-Ikonen_c_Tanja-Ahola.jpg?fit=909%2C1200&ssl=1&resize=350%2C200 1x, https:\/\/i0.wp.com\/www.jazzzeitung.de\/cms\/wp-content\/uploads\/2022\/03\/20220515_Kari-Ikonen_c_Tanja-Ahola.jpg?fit=909%2C1200&ssl=1&resize=525%2C300 1.5x, https:\/\/i0.wp.com\/www.jazzzeitung.de\/cms\/wp-content\/uploads\/2022\/03\/20220515_Kari-Ikonen_c_Tanja-Ahola.jpg?fit=909%2C1200&ssl=1&resize=700%2C400 2x"},"classes":[]}],"jetpack_sharing_enabled":true,"_links":{"self":[{"href":"https:\/\/www.jazzzeitung.de\/cms\/wp-json\/wp\/v2\/posts\/6809","targetHints":{"allow":["GET"]}}],"collection":[{"href":"https:\/\/www.jazzzeitung.de\/cms\/wp-json\/wp\/v2\/posts"}],"about":[{"href":"https:\/\/www.jazzzeitung.de\/cms\/wp-json\/wp\/v2\/types\/post"}],"author":[{"embeddable":true,"href":"https:\/\/www.jazzzeitung.de\/cms\/wp-json\/wp\/v2\/users\/18"}],"replies":[{"embeddable":true,"href":"https:\/\/www.jazzzeitung.de\/cms\/wp-json\/wp\/v2\/comments?post=6809"}],"version-history":[{"count":8,"href":"https:\/\/www.jazzzeitung.de\/cms\/wp-json\/wp\/v2\/posts\/6809\/revisions"}],"predecessor-version":[{"id":6819,"href":"https:\/\/www.jazzzeitung.de\/cms\/wp-json\/wp\/v2\/posts\/6809\/revisions\/6819"}],"wp:attachment":[{"href":"https:\/\/www.jazzzeitung.de\/cms\/wp-json\/wp\/v2\/media?parent=6809"}],"wp:term":[{"taxonomy":"category","embeddable":true,"href":"https:\/\/www.jazzzeitung.de\/cms\/wp-json\/wp\/v2\/categories?post=6809"},{"taxonomy":"post_tag","embeddable":true,"href":"https:\/\/www.jazzzeitung.de\/cms\/wp-json\/wp\/v2\/tags?post=6809"},{"taxonomy":"author","embeddable":true,"href":"https:\/\/www.jazzzeitung.de\/cms\/wp-json\/wp\/v2\/coauthors?post=6809"}],"curies":[{"name":"wp","href":"https:\/\/api.w.org\/{rel}","templated":true}]}}