{"id":6707,"date":"2015-08-04T09:15:48","date_gmt":"2015-08-04T07:15:48","guid":{"rendered":"http:\/\/www.jazzzeitung.de\/cms\/?p=6707"},"modified":"2015-08-05T10:19:20","modified_gmt":"2015-08-05T08:19:20","slug":"arte-zeigt-mr-dynamite-rise-james-brown-32-ingolstaedter-jazztage-2015-sara-decker-group-gewinnt-european-jazz-awards-italien","status":"publish","type":"post","link":"https:\/\/www.jazzzeitung.de\/cms\/2015\/08\/arte-zeigt-mr-dynamite-rise-james-brown-32-ingolstaedter-jazztage-2015-sara-decker-group-gewinnt-european-jazz-awards-italien\/","title":{"rendered":"+++ News +++ ARTE zeigt \u201eMr. Dynamite: The rise of James Brown\u201c +++ 32. Ingolst\u00e4dter Jazztage 2015 +++ &#8222;Sara Decker Group&#8220; gewinnt European Jazz Awards in Italien +++"},"content":{"rendered":"<p><strong>+++ ARTE zeigt \u201eMr. Dynamite: The rise of James Brown\u201c am Samstag, den 12. September 2015, um 21.50 Uhr<br \/>\n<\/strong><\/p>\n<figure id=\"attachment_6785\" aria-describedby=\"caption-attachment-6785\" style=\"width: 174px\" class=\"wp-caption alignleft\"><a href=\"https:\/\/i0.wp.com\/www.jazzzeitung.de\/cms\/wp-content\/uploads\/2015\/08\/the-rise-of-james-brown.pdf-Adobe-Acrobat-Pro.jpg\"><img data-recalc-dims=\"1\" loading=\"lazy\" decoding=\"async\" data-attachment-id=\"6785\" data-permalink=\"https:\/\/www.jazzzeitung.de\/cms\/2015\/08\/arte-zeigt-mr-dynamite-rise-james-brown-32-ingolstaedter-jazztage-2015-sara-decker-group-gewinnt-european-jazz-awards-italien\/the-rise-of-james-brown-pdf-adobe-acrobat-pro\/\" data-orig-file=\"https:\/\/i0.wp.com\/www.jazzzeitung.de\/cms\/wp-content\/uploads\/2015\/08\/the-rise-of-james-brown.pdf-Adobe-Acrobat-Pro.jpg?fit=1191%2C807&amp;ssl=1\" data-orig-size=\"1191,807\" data-comments-opened=\"1\" data-image-meta=\"{&quot;aperture&quot;:&quot;0&quot;,&quot;credit&quot;:&quot;&quot;,&quot;camera&quot;:&quot;&quot;,&quot;caption&quot;:&quot;&quot;,&quot;created_timestamp&quot;:&quot;0&quot;,&quot;copyright&quot;:&quot;&quot;,&quot;focal_length&quot;:&quot;0&quot;,&quot;iso&quot;:&quot;0&quot;,&quot;shutter_speed&quot;:&quot;0&quot;,&quot;title&quot;:&quot;&quot;,&quot;orientation&quot;:&quot;0&quot;}\" data-image-title=\"The rise of James Brown\" data-image-description=\"\" data-image-caption=\"&lt;p&gt;Bildrechte: \u00a9 Emilio Gross i\/Courtesy of HBO&lt;\/p&gt;\n\" data-large-file=\"https:\/\/i0.wp.com\/www.jazzzeitung.de\/cms\/wp-content\/uploads\/2015\/08\/the-rise-of-james-brown.pdf-Adobe-Acrobat-Pro.jpg?fit=840%2C569&amp;ssl=1\" class=\"wp-image-6785 \" src=\"https:\/\/i0.wp.com\/www.jazzzeitung.de\/cms\/wp-content\/uploads\/2015\/08\/the-rise-of-james-brown.pdf-Adobe-Acrobat-Pro-150x150.jpg?resize=174%2C174\" alt=\"Bildrechte: \u00a9 Emilio Gross i\/Courtesy of HBO\" width=\"174\" height=\"174\" srcset=\"https:\/\/i0.wp.com\/www.jazzzeitung.de\/cms\/wp-content\/uploads\/2015\/08\/the-rise-of-james-brown.pdf-Adobe-Acrobat-Pro.jpg?resize=150%2C150&amp;ssl=1 150w, https:\/\/i0.wp.com\/www.jazzzeitung.de\/cms\/wp-content\/uploads\/2015\/08\/the-rise-of-james-brown.pdf-Adobe-Acrobat-Pro.jpg?resize=144%2C144&amp;ssl=1 144w, https:\/\/i0.wp.com\/www.jazzzeitung.de\/cms\/wp-content\/uploads\/2015\/08\/the-rise-of-james-brown.pdf-Adobe-Acrobat-Pro.jpg?resize=96%2C96&amp;ssl=1 96w, https:\/\/i0.wp.com\/www.jazzzeitung.de\/cms\/wp-content\/uploads\/2015\/08\/the-rise-of-james-brown.pdf-Adobe-Acrobat-Pro.jpg?resize=24%2C24&amp;ssl=1 24w, https:\/\/i0.wp.com\/www.jazzzeitung.de\/cms\/wp-content\/uploads\/2015\/08\/the-rise-of-james-brown.pdf-Adobe-Acrobat-Pro.jpg?resize=36%2C36&amp;ssl=1 36w, https:\/\/i0.wp.com\/www.jazzzeitung.de\/cms\/wp-content\/uploads\/2015\/08\/the-rise-of-james-brown.pdf-Adobe-Acrobat-Pro.jpg?resize=48%2C48&amp;ssl=1 48w, https:\/\/i0.wp.com\/www.jazzzeitung.de\/cms\/wp-content\/uploads\/2015\/08\/the-rise-of-james-brown.pdf-Adobe-Acrobat-Pro.jpg?resize=64%2C64&amp;ssl=1 64w, https:\/\/i0.wp.com\/www.jazzzeitung.de\/cms\/wp-content\/uploads\/2015\/08\/the-rise-of-james-brown.pdf-Adobe-Acrobat-Pro.jpg?resize=32%2C32&amp;ssl=1 32w, https:\/\/i0.wp.com\/www.jazzzeitung.de\/cms\/wp-content\/uploads\/2015\/08\/the-rise-of-james-brown.pdf-Adobe-Acrobat-Pro.jpg?resize=128%2C128&amp;ssl=1 128w, https:\/\/i0.wp.com\/www.jazzzeitung.de\/cms\/wp-content\/uploads\/2015\/08\/the-rise-of-james-brown.pdf-Adobe-Acrobat-Pro.jpg?zoom=2&amp;resize=174%2C174&amp;ssl=1 348w, https:\/\/i0.wp.com\/www.jazzzeitung.de\/cms\/wp-content\/uploads\/2015\/08\/the-rise-of-james-brown.pdf-Adobe-Acrobat-Pro.jpg?zoom=3&amp;resize=174%2C174&amp;ssl=1 522w\" sizes=\"auto, (max-width: 174px) 100vw, 174px\" \/><\/a><figcaption id=\"caption-attachment-6785\" class=\"wp-caption-text\">Bildrechte: \u00a9 Emilio Gross i\/Courtesy of HBO<\/figcaption><\/figure>\n<p style=\"text-align: justify;\">Selfmademan, energievoller Performer und perfektionistischer Tyrann \u2013 das alles ist James Brown. Der von Mick Jagger produzierte Dokumentarfilm zeigt Browns Weg aus \u00e4rmlichen Verh\u00e4ltnissen zum Godfather of Soul. Es kommen ehemalige Bandmitglieder der Soul-Legende und andere Pers\u00f6nlichkeiten, die James Brown nahe standen, zu Wort. Erstmals wurden f\u00fcr diesen Film auch Dokumente und Aufnahmen aus Browns Nachlass ver\u00f6ffentlicht.<br \/>\nDokumentation von Alex Gibney, USA 2014, 115 Minuten, Erstausstrahlung<\/p>\n<p style=\"text-align: justify;\"><strong>+++ 32. Ingolst\u00e4dter Jazztage 2015 +++<br \/>\n<\/strong><\/p>\n<p style=\"text-align: justify;\">Vom 17. Oktober bis 19. November finden die 32. Ingolst\u00e4dter Jazztage statt. Ein hochkar\u00e4tiges, dazu enorm abwechslungsreiches Programm bietet in diesem Jahr auch der Programmpunkt &#8222;Jazz in den Kneipen&#8220; am Donnerstag, den 5. November.<a href=\"https:\/\/i0.wp.com\/www.jazzzeitung.de\/cms\/wp-content\/uploads\/2015\/08\/Ingolstaedter-Jazztage.jpg\"><img data-recalc-dims=\"1\" loading=\"lazy\" decoding=\"async\" data-attachment-id=\"6796\" data-permalink=\"https:\/\/www.jazzzeitung.de\/cms\/2015\/08\/arte-zeigt-mr-dynamite-rise-james-brown-32-ingolstaedter-jazztage-2015-sara-decker-group-gewinnt-european-jazz-awards-italien\/ingolstaedter-jazztage\/\" data-orig-file=\"https:\/\/i0.wp.com\/www.jazzzeitung.de\/cms\/wp-content\/uploads\/2015\/08\/Ingolstaedter-Jazztage.jpg?fit=222%2C184&amp;ssl=1\" data-orig-size=\"222,184\" data-comments-opened=\"1\" data-image-meta=\"{&quot;aperture&quot;:&quot;0&quot;,&quot;credit&quot;:&quot;&quot;,&quot;camera&quot;:&quot;&quot;,&quot;caption&quot;:&quot;&quot;,&quot;created_timestamp&quot;:&quot;0&quot;,&quot;copyright&quot;:&quot;&quot;,&quot;focal_length&quot;:&quot;0&quot;,&quot;iso&quot;:&quot;0&quot;,&quot;shutter_speed&quot;:&quot;0&quot;,&quot;title&quot;:&quot;&quot;,&quot;orientation&quot;:&quot;0&quot;}\" data-image-title=\"Ingolstaedter-Jazztage\" data-image-description=\"\" data-image-caption=\"\" data-large-file=\"https:\/\/i0.wp.com\/www.jazzzeitung.de\/cms\/wp-content\/uploads\/2015\/08\/Ingolstaedter-Jazztage.jpg?fit=222%2C184&amp;ssl=1\" class=\" size-thumbnail wp-image-6796 alignleft\" src=\"https:\/\/i0.wp.com\/www.jazzzeitung.de\/cms\/wp-content\/uploads\/2015\/08\/Ingolstaedter-Jazztage-150x150.jpg?resize=150%2C150\" alt=\"Ingolstaedter-Jazztage\" width=\"150\" height=\"150\" srcset=\"https:\/\/i0.wp.com\/www.jazzzeitung.de\/cms\/wp-content\/uploads\/2015\/08\/Ingolstaedter-Jazztage.jpg?resize=150%2C150&amp;ssl=1 150w, https:\/\/i0.wp.com\/www.jazzzeitung.de\/cms\/wp-content\/uploads\/2015\/08\/Ingolstaedter-Jazztage.jpg?resize=144%2C144&amp;ssl=1 144w, https:\/\/i0.wp.com\/www.jazzzeitung.de\/cms\/wp-content\/uploads\/2015\/08\/Ingolstaedter-Jazztage.jpg?resize=96%2C96&amp;ssl=1 96w, https:\/\/i0.wp.com\/www.jazzzeitung.de\/cms\/wp-content\/uploads\/2015\/08\/Ingolstaedter-Jazztage.jpg?resize=24%2C24&amp;ssl=1 24w, https:\/\/i0.wp.com\/www.jazzzeitung.de\/cms\/wp-content\/uploads\/2015\/08\/Ingolstaedter-Jazztage.jpg?resize=36%2C36&amp;ssl=1 36w, https:\/\/i0.wp.com\/www.jazzzeitung.de\/cms\/wp-content\/uploads\/2015\/08\/Ingolstaedter-Jazztage.jpg?resize=48%2C48&amp;ssl=1 48w, https:\/\/i0.wp.com\/www.jazzzeitung.de\/cms\/wp-content\/uploads\/2015\/08\/Ingolstaedter-Jazztage.jpg?resize=64%2C64&amp;ssl=1 64w, https:\/\/i0.wp.com\/www.jazzzeitung.de\/cms\/wp-content\/uploads\/2015\/08\/Ingolstaedter-Jazztage.jpg?resize=32%2C32&amp;ssl=1 32w, https:\/\/i0.wp.com\/www.jazzzeitung.de\/cms\/wp-content\/uploads\/2015\/08\/Ingolstaedter-Jazztage.jpg?resize=128%2C128&amp;ssl=1 128w\" sizes=\"auto, (max-width: 150px) 100vw, 150px\" \/><\/a> Zu den prominenten Aush\u00e4ngeschildern geh\u00f6ren die legend\u00e4re, exzellent besetzte Jazz-Fusion-Formation Jeff Lorber Fusion feat. Eric Marienthal, Jimmy Haslip &amp; Gary Novak sowie The Bahama Soul Club. Als Geheimtipp wird die aus Ungarn stammende Jazz-Folk-Formation Vera Jonas Experiment gehandelt. Nach dem Kneipen-Tag steuern die Ingolst\u00e4dter Jazztage traditionell auf das grandiose Finale zu. Das hat es in diesem Jahr besonders in sich: Die Stadt Ingolstadt pr\u00e4sentiert die Highlight-Konzerte von Jan Delay &amp; Disko No.1 (6.11.), Melody Gardot (8.11.) und Zaz (9.11.).<\/p>\n<p style=\"text-align: justify;\">Alle Informationen \u00fcber die Ingolst\u00e4dter Jazztage 2015 finden sich unter www.ingolstaedter-jazztage.de<\/p>\n<p style=\"text-align: justify;\"><strong>+++ &#8222;Sara Decker Group&#8220; gewinnt European Jazz Awards in Italien +++<br \/>\n<\/strong><\/p>\n<p style=\"text-align: justify;\">Die Jazz S\u00e4ngerin Sara Decker aus Aachen hat mit ihrem Quintett \u201cSara Decker Group\u201d am 27.08.15 den European Jazz Award in Tuscia, Italien gewonnen. Nachdem sie ein Jahr mit dem renommierten Fulbright Stipendium an der Manhattan School of Music in New York studierte, ist sie zur\u00fcck in Aachen, um ihren Master am Konservatorium in Maastricht abzuschlie\u00dfen.<br \/>\nDer European Jazz Award ist ein international anerkannter Preis bei dem internationale Jazz Gr\u00f6\u00dfen wie Kurt Rosenwinkel, Aaron Goldberg, Rueben Rogers, Peter Bernstein und Rosario Giuliani in der Jury sitzen.<\/p>\n","protected":false},"excerpt":{"rendered":"<p>+++ ARTE zeigt \u201eMr. Dynamite: The rise of James Brown\u201c am Samstag, den 12. September 2015, um 21.50 Uhr Selfmademan, energievoller Performer und perfektionistischer Tyrann \u2013 das alles ist James Brown. Der von Mick Jagger produzierte Dokumentarfilm zeigt Browns Weg aus \u00e4rmlichen Verh\u00e4ltnissen zum Godfather of Soul. Es kommen ehemalige Bandmitglieder der Soul-Legende und andere Pers\u00f6nlichkeiten, die James Brown nahe standen, zu Wort. Erstmals wurden f\u00fcr diesen Film auch Dokumente und Aufnahmen aus Browns Nachlass ver\u00f6ffentlicht. Dokumentation von Alex Gibney, USA 2014, 115 Minuten, Erstausstrahlung +++ 32. Ingolst\u00e4dter Jazztage 2015 +++ Vom 17. Oktober bis 19. November finden die 32. Ingolst\u00e4dter Jazztage statt. Ein hochkar\u00e4tiges, dazu enorm abwechslungsreiches Programm bietet in diesem Jahr auch der Programmpunkt &#8222;Jazz in den Kneipen&#8220; am Donnerstag, den 5. November. Zu den prominenten Aush\u00e4ngeschildern geh\u00f6ren die legend\u00e4re, exzellent besetzte Jazz-Fusion-Formation Jeff Lorber Fusion feat. Eric Marienthal, Jimmy Haslip &amp; Gary Novak sowie The Bahama Soul Club. Als Geheimtipp wird die aus Ungarn stammende Jazz-Folk-Formation Vera Jonas Experiment gehandelt. Nach dem Kneipen-Tag steuern die Ingolst\u00e4dter Jazztage traditionell auf das grandiose Finale zu. Das hat es in diesem Jahr besonders in sich: &hellip;<\/p>\n","protected":false},"author":18,"featured_media":0,"comment_status":"open","ping_status":"closed","sticky":false,"template":"","format":"standard","meta":{"_jetpack_memberships_contains_paid_content":false,"footnotes":"","jetpack_publicize_message":"","jetpack_publicize_feature_enabled":true,"jetpack_social_post_already_shared":false,"jetpack_social_options":{"image_generator_settings":{"template":"highway","default_image_id":0,"font":"","enabled":false},"version":2}},"categories":[633],"tags":[25,48,120,254,323,706,904,477],"coauthors":[695],"class_list":["post-6707","post","type-post","status-publish","format-standard","hentry","category-nachrichten","tag-aachen","tag-arte","tag-club","tag-jazz-award","tag-konzerte","tag-kurt-rosenwinkel","tag-new-york","tag-rosario-giuliani"],"yoast_head":"<!-- This site is optimized with the Yoast SEO plugin v27.5 - https:\/\/yoast.com\/product\/yoast-seo-wordpress\/ -->\n<title>+++ News +++ ARTE zeigt \u201eMr. Dynamite: The rise of James Brown\u201c +++ 32. Ingolst\u00e4dter Jazztage 2015 +++ &quot;Sara Decker Group&quot; gewinnt European Jazz Awards in Italien +++ - JazzZeitung<\/title>\n<meta name=\"robots\" content=\"index, follow, max-snippet:-1, max-image-preview:large, max-video-preview:-1\" \/>\n<link rel=\"canonical\" href=\"https:\/\/www.jazzzeitung.de\/cms\/2015\/08\/arte-zeigt-mr-dynamite-rise-james-brown-32-ingolstaedter-jazztage-2015-sara-decker-group-gewinnt-european-jazz-awards-italien\/\" \/>\n<meta property=\"og:locale\" content=\"de_DE\" \/>\n<meta property=\"og:type\" content=\"article\" \/>\n<meta property=\"og:title\" content=\"+++ News +++ ARTE zeigt \u201eMr. Dynamite: The rise of James Brown\u201c +++ 32. Ingolst\u00e4dter Jazztage 2015 +++ &quot;Sara Decker Group&quot; gewinnt European Jazz Awards in Italien +++ - JazzZeitung\" \/>\n<meta property=\"og:description\" content=\"+++ ARTE zeigt \u201eMr. Dynamite: The rise of James Brown\u201c am Samstag, den 12. September 2015, um 21.50 Uhr Selfmademan, energievoller Performer und perfektionistischer Tyrann \u2013 das alles ist James Brown. Der von Mick Jagger produzierte Dokumentarfilm zeigt Browns Weg aus \u00e4rmlichen Verh\u00e4ltnissen zum Godfather of Soul. Es kommen ehemalige Bandmitglieder der Soul-Legende und andere Pers\u00f6nlichkeiten, die James Brown nahe standen, zu Wort. Erstmals wurden f\u00fcr diesen Film auch Dokumente und Aufnahmen aus Browns Nachlass ver\u00f6ffentlicht. Dokumentation von Alex Gibney, USA 2014, 115 Minuten, Erstausstrahlung +++ 32. Ingolst\u00e4dter Jazztage 2015 +++ Vom 17. Oktober bis 19. November finden die 32. Ingolst\u00e4dter Jazztage statt. Ein hochkar\u00e4tiges, dazu enorm abwechslungsreiches Programm bietet in diesem Jahr auch der Programmpunkt &#8222;Jazz in den Kneipen&#8220; am Donnerstag, den 5. November. Zu den prominenten Aush\u00e4ngeschildern geh\u00f6ren die legend\u00e4re, exzellent besetzte Jazz-Fusion-Formation Jeff Lorber Fusion feat. Eric Marienthal, Jimmy Haslip &amp; Gary Novak sowie The Bahama Soul Club. Als Geheimtipp wird die aus Ungarn stammende Jazz-Folk-Formation Vera Jonas Experiment gehandelt. Nach dem Kneipen-Tag steuern die Ingolst\u00e4dter Jazztage traditionell auf das grandiose Finale zu. Das hat es in diesem Jahr besonders in sich: &hellip;\" \/>\n<meta property=\"og:url\" content=\"https:\/\/www.jazzzeitung.de\/cms\/2015\/08\/arte-zeigt-mr-dynamite-rise-james-brown-32-ingolstaedter-jazztage-2015-sara-decker-group-gewinnt-european-jazz-awards-italien\/\" \/>\n<meta property=\"og:site_name\" content=\"JazzZeitung\" \/>\n<meta property=\"article:publisher\" content=\"https:\/\/www.facebook.com\/JazzZeitung\/\" \/>\n<meta property=\"article:published_time\" content=\"2015-08-04T07:15:48+00:00\" \/>\n<meta property=\"article:modified_time\" content=\"2015-08-05T08:19:20+00:00\" \/>\n<meta property=\"og:image\" content=\"http:\/\/www.jazzzeitung.de\/cms\/wp-content\/uploads\/2015\/08\/the-rise-of-james-brown.pdf-Adobe-Acrobat-Pro-150x150.jpg\" \/>\n<meta name=\"author\" content=\"Redaktion JazzZeitung\" \/>\n<script type=\"application\/ld+json\" class=\"yoast-schema-graph\">{\"@context\":\"https:\\\/\\\/schema.org\",\"@graph\":[{\"@type\":\"Article\",\"@id\":\"https:\\\/\\\/www.jazzzeitung.de\\\/cms\\\/2015\\\/08\\\/arte-zeigt-mr-dynamite-rise-james-brown-32-ingolstaedter-jazztage-2015-sara-decker-group-gewinnt-european-jazz-awards-italien\\\/#article\",\"isPartOf\":{\"@id\":\"https:\\\/\\\/www.jazzzeitung.de\\\/cms\\\/2015\\\/08\\\/arte-zeigt-mr-dynamite-rise-james-brown-32-ingolstaedter-jazztage-2015-sara-decker-group-gewinnt-european-jazz-awards-italien\\\/\"},\"author\":{\"name\":\"Redaktion JazzZeitung\",\"@id\":\"https:\\\/\\\/www.jazzzeitung.de\\\/cms\\\/#\\\/schema\\\/person\\\/2245b36b9cd1d24cea10f01c031fb92b\"},\"headline\":\"+++ News +++ ARTE zeigt \u201eMr. Dynamite: The rise of James Brown\u201c +++ 32. Ingolst\u00e4dter Jazztage 2015 +++ &#8222;Sara Decker Group&#8220; gewinnt European Jazz Awards in Italien +++\",\"datePublished\":\"2015-08-04T07:15:48+00:00\",\"dateModified\":\"2015-08-05T08:19:20+00:00\",\"mainEntityOfPage\":{\"@id\":\"https:\\\/\\\/www.jazzzeitung.de\\\/cms\\\/2015\\\/08\\\/arte-zeigt-mr-dynamite-rise-james-brown-32-ingolstaedter-jazztage-2015-sara-decker-group-gewinnt-european-jazz-awards-italien\\\/\"},\"wordCount\":345,\"commentCount\":0,\"publisher\":{\"@id\":\"https:\\\/\\\/www.jazzzeitung.de\\\/cms\\\/#organization\"},\"image\":{\"@id\":\"https:\\\/\\\/www.jazzzeitung.de\\\/cms\\\/2015\\\/08\\\/arte-zeigt-mr-dynamite-rise-james-brown-32-ingolstaedter-jazztage-2015-sara-decker-group-gewinnt-european-jazz-awards-italien\\\/#primaryimage\"},\"thumbnailUrl\":\"http:\\\/\\\/www.jazzzeitung.de\\\/cms\\\/wp-content\\\/uploads\\\/2015\\\/08\\\/the-rise-of-james-brown.pdf-Adobe-Acrobat-Pro-150x150.jpg\",\"keywords\":[\"Aachen\",\"Arte\",\"Club\",\"Jazz Award\",\"Konzerte\",\"Kurt Rosenwinkel\",\"New York\",\"Rosario Giuliani\"],\"articleSection\":[\"News\"],\"inLanguage\":\"de\",\"potentialAction\":[{\"@type\":\"CommentAction\",\"name\":\"Comment\",\"target\":[\"https:\\\/\\\/www.jazzzeitung.de\\\/cms\\\/2015\\\/08\\\/arte-zeigt-mr-dynamite-rise-james-brown-32-ingolstaedter-jazztage-2015-sara-decker-group-gewinnt-european-jazz-awards-italien\\\/#respond\"]}]},{\"@type\":\"WebPage\",\"@id\":\"https:\\\/\\\/www.jazzzeitung.de\\\/cms\\\/2015\\\/08\\\/arte-zeigt-mr-dynamite-rise-james-brown-32-ingolstaedter-jazztage-2015-sara-decker-group-gewinnt-european-jazz-awards-italien\\\/\",\"url\":\"https:\\\/\\\/www.jazzzeitung.de\\\/cms\\\/2015\\\/08\\\/arte-zeigt-mr-dynamite-rise-james-brown-32-ingolstaedter-jazztage-2015-sara-decker-group-gewinnt-european-jazz-awards-italien\\\/\",\"name\":\"+++ News +++ ARTE zeigt \u201eMr. Dynamite: The rise of James Brown\u201c +++ 32. Ingolst\u00e4dter Jazztage 2015 +++ \\\"Sara Decker Group\\\" gewinnt European Jazz Awards in Italien +++ - JazzZeitung\",\"isPartOf\":{\"@id\":\"https:\\\/\\\/www.jazzzeitung.de\\\/cms\\\/#website\"},\"primaryImageOfPage\":{\"@id\":\"https:\\\/\\\/www.jazzzeitung.de\\\/cms\\\/2015\\\/08\\\/arte-zeigt-mr-dynamite-rise-james-brown-32-ingolstaedter-jazztage-2015-sara-decker-group-gewinnt-european-jazz-awards-italien\\\/#primaryimage\"},\"image\":{\"@id\":\"https:\\\/\\\/www.jazzzeitung.de\\\/cms\\\/2015\\\/08\\\/arte-zeigt-mr-dynamite-rise-james-brown-32-ingolstaedter-jazztage-2015-sara-decker-group-gewinnt-european-jazz-awards-italien\\\/#primaryimage\"},\"thumbnailUrl\":\"http:\\\/\\\/www.jazzzeitung.de\\\/cms\\\/wp-content\\\/uploads\\\/2015\\\/08\\\/the-rise-of-james-brown.pdf-Adobe-Acrobat-Pro-150x150.jpg\",\"datePublished\":\"2015-08-04T07:15:48+00:00\",\"dateModified\":\"2015-08-05T08:19:20+00:00\",\"breadcrumb\":{\"@id\":\"https:\\\/\\\/www.jazzzeitung.de\\\/cms\\\/2015\\\/08\\\/arte-zeigt-mr-dynamite-rise-james-brown-32-ingolstaedter-jazztage-2015-sara-decker-group-gewinnt-european-jazz-awards-italien\\\/#breadcrumb\"},\"inLanguage\":\"de\",\"potentialAction\":[{\"@type\":\"ReadAction\",\"target\":[\"https:\\\/\\\/www.jazzzeitung.de\\\/cms\\\/2015\\\/08\\\/arte-zeigt-mr-dynamite-rise-james-brown-32-ingolstaedter-jazztage-2015-sara-decker-group-gewinnt-european-jazz-awards-italien\\\/\"]}]},{\"@type\":\"ImageObject\",\"inLanguage\":\"de\",\"@id\":\"https:\\\/\\\/www.jazzzeitung.de\\\/cms\\\/2015\\\/08\\\/arte-zeigt-mr-dynamite-rise-james-brown-32-ingolstaedter-jazztage-2015-sara-decker-group-gewinnt-european-jazz-awards-italien\\\/#primaryimage\",\"url\":\"http:\\\/\\\/www.jazzzeitung.de\\\/cms\\\/wp-content\\\/uploads\\\/2015\\\/08\\\/the-rise-of-james-brown.pdf-Adobe-Acrobat-Pro-150x150.jpg\",\"contentUrl\":\"http:\\\/\\\/www.jazzzeitung.de\\\/cms\\\/wp-content\\\/uploads\\\/2015\\\/08\\\/the-rise-of-james-brown.pdf-Adobe-Acrobat-Pro-150x150.jpg\"},{\"@type\":\"BreadcrumbList\",\"@id\":\"https:\\\/\\\/www.jazzzeitung.de\\\/cms\\\/2015\\\/08\\\/arte-zeigt-mr-dynamite-rise-james-brown-32-ingolstaedter-jazztage-2015-sara-decker-group-gewinnt-european-jazz-awards-italien\\\/#breadcrumb\",\"itemListElement\":[{\"@type\":\"ListItem\",\"position\":1,\"name\":\"Startseite\",\"item\":\"https:\\\/\\\/www.jazzzeitung.de\\\/cms\\\/\"},{\"@type\":\"ListItem\",\"position\":2,\"name\":\"+++ News +++ ARTE zeigt \u201eMr. Dynamite: The rise of James Brown\u201c +++ 32. Ingolst\u00e4dter Jazztage 2015 +++ &#8222;Sara Decker Group&#8220; gewinnt European Jazz Awards in Italien +++\"}]},{\"@type\":\"WebSite\",\"@id\":\"https:\\\/\\\/www.jazzzeitung.de\\\/cms\\\/#website\",\"url\":\"https:\\\/\\\/www.jazzzeitung.de\\\/cms\\\/\",\"name\":\"JazzZeitung\",\"description\":\"Jazz-News und Jazz-Kontroverses\",\"publisher\":{\"@id\":\"https:\\\/\\\/www.jazzzeitung.de\\\/cms\\\/#organization\"},\"potentialAction\":[{\"@type\":\"SearchAction\",\"target\":{\"@type\":\"EntryPoint\",\"urlTemplate\":\"https:\\\/\\\/www.jazzzeitung.de\\\/cms\\\/?s={search_term_string}\"},\"query-input\":{\"@type\":\"PropertyValueSpecification\",\"valueRequired\":true,\"valueName\":\"search_term_string\"}}],\"inLanguage\":\"de\"},{\"@type\":\"Organization\",\"@id\":\"https:\\\/\\\/www.jazzzeitung.de\\\/cms\\\/#organization\",\"name\":\"JazzZeitung online\",\"url\":\"https:\\\/\\\/www.jazzzeitung.de\\\/cms\\\/\",\"logo\":{\"@type\":\"ImageObject\",\"inLanguage\":\"de\",\"@id\":\"https:\\\/\\\/www.jazzzeitung.de\\\/cms\\\/#\\\/schema\\\/logo\\\/image\\\/\",\"url\":\"https:\\\/\\\/i0.wp.com\\\/www.jazzzeitung.de\\\/cms\\\/wp-content\\\/uploads\\\/2015\\\/08\\\/JAZZZEITUNGDE_Logo_Neu.png?fit=499%2C200&ssl=1\",\"contentUrl\":\"https:\\\/\\\/i0.wp.com\\\/www.jazzzeitung.de\\\/cms\\\/wp-content\\\/uploads\\\/2015\\\/08\\\/JAZZZEITUNGDE_Logo_Neu.png?fit=499%2C200&ssl=1\",\"width\":499,\"height\":200,\"caption\":\"JazzZeitung online\"},\"image\":{\"@id\":\"https:\\\/\\\/www.jazzzeitung.de\\\/cms\\\/#\\\/schema\\\/logo\\\/image\\\/\"},\"sameAs\":[\"https:\\\/\\\/www.facebook.com\\\/JazzZeitung\\\/\"]},{\"@type\":\"Person\",\"@id\":\"https:\\\/\\\/www.jazzzeitung.de\\\/cms\\\/#\\\/schema\\\/person\\\/2245b36b9cd1d24cea10f01c031fb92b\",\"name\":\"Redaktion JazzZeitung\",\"image\":{\"@type\":\"ImageObject\",\"inLanguage\":\"de\",\"@id\":\"https:\\\/\\\/i0.wp.com\\\/www.jazzzeitung.de\\\/cms\\\/wp-content\\\/uploads\\\/2015\\\/08\\\/JAZZZEITUNGDE_Logo_Neu.png?resize=96%2C96&ssl=159975dcacb611b5700bd619b5daf0a7a\",\"url\":\"https:\\\/\\\/i0.wp.com\\\/www.jazzzeitung.de\\\/cms\\\/wp-content\\\/uploads\\\/2015\\\/08\\\/JAZZZEITUNGDE_Logo_Neu.png?resize=96%2C96&ssl=1\",\"contentUrl\":\"https:\\\/\\\/i0.wp.com\\\/www.jazzzeitung.de\\\/cms\\\/wp-content\\\/uploads\\\/2015\\\/08\\\/JAZZZEITUNGDE_Logo_Neu.png?resize=96%2C96&ssl=1\",\"caption\":\"Redaktion JazzZeitung\"},\"description\":\"Artikel der Redaktion der JazzZeitung.\",\"sameAs\":[\"http:\\\/\\\/www.jazzzeitung.de\\\/cms\\\/\"],\"url\":\"https:\\\/\\\/www.jazzzeitung.de\\\/cms\\\/author\\\/redaktion\\\/\"}]}<\/script>\n<!-- \/ Yoast SEO plugin. -->","yoast_head_json":{"title":"+++ News +++ ARTE zeigt \u201eMr. Dynamite: The rise of James Brown\u201c +++ 32. Ingolst\u00e4dter Jazztage 2015 +++ \"Sara Decker Group\" gewinnt European Jazz Awards in Italien +++ - JazzZeitung","robots":{"index":"index","follow":"follow","max-snippet":"max-snippet:-1","max-image-preview":"max-image-preview:large","max-video-preview":"max-video-preview:-1"},"canonical":"https:\/\/www.jazzzeitung.de\/cms\/2015\/08\/arte-zeigt-mr-dynamite-rise-james-brown-32-ingolstaedter-jazztage-2015-sara-decker-group-gewinnt-european-jazz-awards-italien\/","og_locale":"de_DE","og_type":"article","og_title":"+++ News +++ ARTE zeigt \u201eMr. Dynamite: The rise of James Brown\u201c +++ 32. Ingolst\u00e4dter Jazztage 2015 +++ \"Sara Decker Group\" gewinnt European Jazz Awards in Italien +++ - JazzZeitung","og_description":"+++ ARTE zeigt \u201eMr. Dynamite: The rise of James Brown\u201c am Samstag, den 12. September 2015, um 21.50 Uhr Selfmademan, energievoller Performer und perfektionistischer Tyrann \u2013 das alles ist James Brown. Der von Mick Jagger produzierte Dokumentarfilm zeigt Browns Weg aus \u00e4rmlichen Verh\u00e4ltnissen zum Godfather of Soul. Es kommen ehemalige Bandmitglieder der Soul-Legende und andere Pers\u00f6nlichkeiten, die James Brown nahe standen, zu Wort. Erstmals wurden f\u00fcr diesen Film auch Dokumente und Aufnahmen aus Browns Nachlass ver\u00f6ffentlicht. Dokumentation von Alex Gibney, USA 2014, 115 Minuten, Erstausstrahlung +++ 32. Ingolst\u00e4dter Jazztage 2015 +++ Vom 17. Oktober bis 19. November finden die 32. Ingolst\u00e4dter Jazztage statt. Ein hochkar\u00e4tiges, dazu enorm abwechslungsreiches Programm bietet in diesem Jahr auch der Programmpunkt &#8222;Jazz in den Kneipen&#8220; am Donnerstag, den 5. November. Zu den prominenten Aush\u00e4ngeschildern geh\u00f6ren die legend\u00e4re, exzellent besetzte Jazz-Fusion-Formation Jeff Lorber Fusion feat. Eric Marienthal, Jimmy Haslip &amp; Gary Novak sowie The Bahama Soul Club. Als Geheimtipp wird die aus Ungarn stammende Jazz-Folk-Formation Vera Jonas Experiment gehandelt. Nach dem Kneipen-Tag steuern die Ingolst\u00e4dter Jazztage traditionell auf das grandiose Finale zu. Das hat es in diesem Jahr besonders in sich: &hellip;","og_url":"https:\/\/www.jazzzeitung.de\/cms\/2015\/08\/arte-zeigt-mr-dynamite-rise-james-brown-32-ingolstaedter-jazztage-2015-sara-decker-group-gewinnt-european-jazz-awards-italien\/","og_site_name":"JazzZeitung","article_publisher":"https:\/\/www.facebook.com\/JazzZeitung\/","article_published_time":"2015-08-04T07:15:48+00:00","article_modified_time":"2015-08-05T08:19:20+00:00","og_image":[{"url":"http:\/\/www.jazzzeitung.de\/cms\/wp-content\/uploads\/2015\/08\/the-rise-of-james-brown.pdf-Adobe-Acrobat-Pro-150x150.jpg","type":"","width":"","height":""}],"author":"Redaktion JazzZeitung","schema":{"@context":"https:\/\/schema.org","@graph":[{"@type":"Article","@id":"https:\/\/www.jazzzeitung.de\/cms\/2015\/08\/arte-zeigt-mr-dynamite-rise-james-brown-32-ingolstaedter-jazztage-2015-sara-decker-group-gewinnt-european-jazz-awards-italien\/#article","isPartOf":{"@id":"https:\/\/www.jazzzeitung.de\/cms\/2015\/08\/arte-zeigt-mr-dynamite-rise-james-brown-32-ingolstaedter-jazztage-2015-sara-decker-group-gewinnt-european-jazz-awards-italien\/"},"author":{"name":"Redaktion JazzZeitung","@id":"https:\/\/www.jazzzeitung.de\/cms\/#\/schema\/person\/2245b36b9cd1d24cea10f01c031fb92b"},"headline":"+++ News +++ ARTE zeigt \u201eMr. Dynamite: The rise of James Brown\u201c +++ 32. Ingolst\u00e4dter Jazztage 2015 +++ &#8222;Sara Decker Group&#8220; gewinnt European Jazz Awards in Italien +++","datePublished":"2015-08-04T07:15:48+00:00","dateModified":"2015-08-05T08:19:20+00:00","mainEntityOfPage":{"@id":"https:\/\/www.jazzzeitung.de\/cms\/2015\/08\/arte-zeigt-mr-dynamite-rise-james-brown-32-ingolstaedter-jazztage-2015-sara-decker-group-gewinnt-european-jazz-awards-italien\/"},"wordCount":345,"commentCount":0,"publisher":{"@id":"https:\/\/www.jazzzeitung.de\/cms\/#organization"},"image":{"@id":"https:\/\/www.jazzzeitung.de\/cms\/2015\/08\/arte-zeigt-mr-dynamite-rise-james-brown-32-ingolstaedter-jazztage-2015-sara-decker-group-gewinnt-european-jazz-awards-italien\/#primaryimage"},"thumbnailUrl":"http:\/\/www.jazzzeitung.de\/cms\/wp-content\/uploads\/2015\/08\/the-rise-of-james-brown.pdf-Adobe-Acrobat-Pro-150x150.jpg","keywords":["Aachen","Arte","Club","Jazz Award","Konzerte","Kurt Rosenwinkel","New York","Rosario Giuliani"],"articleSection":["News"],"inLanguage":"de","potentialAction":[{"@type":"CommentAction","name":"Comment","target":["https:\/\/www.jazzzeitung.de\/cms\/2015\/08\/arte-zeigt-mr-dynamite-rise-james-brown-32-ingolstaedter-jazztage-2015-sara-decker-group-gewinnt-european-jazz-awards-italien\/#respond"]}]},{"@type":"WebPage","@id":"https:\/\/www.jazzzeitung.de\/cms\/2015\/08\/arte-zeigt-mr-dynamite-rise-james-brown-32-ingolstaedter-jazztage-2015-sara-decker-group-gewinnt-european-jazz-awards-italien\/","url":"https:\/\/www.jazzzeitung.de\/cms\/2015\/08\/arte-zeigt-mr-dynamite-rise-james-brown-32-ingolstaedter-jazztage-2015-sara-decker-group-gewinnt-european-jazz-awards-italien\/","name":"+++ News +++ ARTE zeigt \u201eMr. Dynamite: The rise of James Brown\u201c +++ 32. Ingolst\u00e4dter Jazztage 2015 +++ \"Sara Decker Group\" gewinnt European Jazz Awards in Italien +++ - JazzZeitung","isPartOf":{"@id":"https:\/\/www.jazzzeitung.de\/cms\/#website"},"primaryImageOfPage":{"@id":"https:\/\/www.jazzzeitung.de\/cms\/2015\/08\/arte-zeigt-mr-dynamite-rise-james-brown-32-ingolstaedter-jazztage-2015-sara-decker-group-gewinnt-european-jazz-awards-italien\/#primaryimage"},"image":{"@id":"https:\/\/www.jazzzeitung.de\/cms\/2015\/08\/arte-zeigt-mr-dynamite-rise-james-brown-32-ingolstaedter-jazztage-2015-sara-decker-group-gewinnt-european-jazz-awards-italien\/#primaryimage"},"thumbnailUrl":"http:\/\/www.jazzzeitung.de\/cms\/wp-content\/uploads\/2015\/08\/the-rise-of-james-brown.pdf-Adobe-Acrobat-Pro-150x150.jpg","datePublished":"2015-08-04T07:15:48+00:00","dateModified":"2015-08-05T08:19:20+00:00","breadcrumb":{"@id":"https:\/\/www.jazzzeitung.de\/cms\/2015\/08\/arte-zeigt-mr-dynamite-rise-james-brown-32-ingolstaedter-jazztage-2015-sara-decker-group-gewinnt-european-jazz-awards-italien\/#breadcrumb"},"inLanguage":"de","potentialAction":[{"@type":"ReadAction","target":["https:\/\/www.jazzzeitung.de\/cms\/2015\/08\/arte-zeigt-mr-dynamite-rise-james-brown-32-ingolstaedter-jazztage-2015-sara-decker-group-gewinnt-european-jazz-awards-italien\/"]}]},{"@type":"ImageObject","inLanguage":"de","@id":"https:\/\/www.jazzzeitung.de\/cms\/2015\/08\/arte-zeigt-mr-dynamite-rise-james-brown-32-ingolstaedter-jazztage-2015-sara-decker-group-gewinnt-european-jazz-awards-italien\/#primaryimage","url":"http:\/\/www.jazzzeitung.de\/cms\/wp-content\/uploads\/2015\/08\/the-rise-of-james-brown.pdf-Adobe-Acrobat-Pro-150x150.jpg","contentUrl":"http:\/\/www.jazzzeitung.de\/cms\/wp-content\/uploads\/2015\/08\/the-rise-of-james-brown.pdf-Adobe-Acrobat-Pro-150x150.jpg"},{"@type":"BreadcrumbList","@id":"https:\/\/www.jazzzeitung.de\/cms\/2015\/08\/arte-zeigt-mr-dynamite-rise-james-brown-32-ingolstaedter-jazztage-2015-sara-decker-group-gewinnt-european-jazz-awards-italien\/#breadcrumb","itemListElement":[{"@type":"ListItem","position":1,"name":"Startseite","item":"https:\/\/www.jazzzeitung.de\/cms\/"},{"@type":"ListItem","position":2,"name":"+++ News +++ ARTE zeigt \u201eMr. Dynamite: The rise of James Brown\u201c +++ 32. Ingolst\u00e4dter Jazztage 2015 +++ &#8222;Sara Decker Group&#8220; gewinnt European Jazz Awards in Italien +++"}]},{"@type":"WebSite","@id":"https:\/\/www.jazzzeitung.de\/cms\/#website","url":"https:\/\/www.jazzzeitung.de\/cms\/","name":"JazzZeitung","description":"Jazz-News und Jazz-Kontroverses","publisher":{"@id":"https:\/\/www.jazzzeitung.de\/cms\/#organization"},"potentialAction":[{"@type":"SearchAction","target":{"@type":"EntryPoint","urlTemplate":"https:\/\/www.jazzzeitung.de\/cms\/?s={search_term_string}"},"query-input":{"@type":"PropertyValueSpecification","valueRequired":true,"valueName":"search_term_string"}}],"inLanguage":"de"},{"@type":"Organization","@id":"https:\/\/www.jazzzeitung.de\/cms\/#organization","name":"JazzZeitung online","url":"https:\/\/www.jazzzeitung.de\/cms\/","logo":{"@type":"ImageObject","inLanguage":"de","@id":"https:\/\/www.jazzzeitung.de\/cms\/#\/schema\/logo\/image\/","url":"https:\/\/i0.wp.com\/www.jazzzeitung.de\/cms\/wp-content\/uploads\/2015\/08\/JAZZZEITUNGDE_Logo_Neu.png?fit=499%2C200&ssl=1","contentUrl":"https:\/\/i0.wp.com\/www.jazzzeitung.de\/cms\/wp-content\/uploads\/2015\/08\/JAZZZEITUNGDE_Logo_Neu.png?fit=499%2C200&ssl=1","width":499,"height":200,"caption":"JazzZeitung online"},"image":{"@id":"https:\/\/www.jazzzeitung.de\/cms\/#\/schema\/logo\/image\/"},"sameAs":["https:\/\/www.facebook.com\/JazzZeitung\/"]},{"@type":"Person","@id":"https:\/\/www.jazzzeitung.de\/cms\/#\/schema\/person\/2245b36b9cd1d24cea10f01c031fb92b","name":"Redaktion JazzZeitung","image":{"@type":"ImageObject","inLanguage":"de","@id":"https:\/\/i0.wp.com\/www.jazzzeitung.de\/cms\/wp-content\/uploads\/2015\/08\/JAZZZEITUNGDE_Logo_Neu.png?resize=96%2C96&ssl=159975dcacb611b5700bd619b5daf0a7a","url":"https:\/\/i0.wp.com\/www.jazzzeitung.de\/cms\/wp-content\/uploads\/2015\/08\/JAZZZEITUNGDE_Logo_Neu.png?resize=96%2C96&ssl=1","contentUrl":"https:\/\/i0.wp.com\/www.jazzzeitung.de\/cms\/wp-content\/uploads\/2015\/08\/JAZZZEITUNGDE_Logo_Neu.png?resize=96%2C96&ssl=1","caption":"Redaktion JazzZeitung"},"description":"Artikel der Redaktion der JazzZeitung.","sameAs":["http:\/\/www.jazzzeitung.de\/cms\/"],"url":"https:\/\/www.jazzzeitung.de\/cms\/author\/redaktion\/"}]}},"wp-worthy-pixel":{"ignored":false,"public":null,"server":null,"url":null},"wp-worthy-type":"normal","jetpack_publicize_connections":[],"cc_featured_image_caption":{"caption_text":false,"source_text":false,"source_url":false},"jetpack_featured_media_url":"","jetpack_shortlink":"https:\/\/wp.me\/p3KEcT-1Kb","jetpack-related-posts":[{"id":439,"url":"https:\/\/www.jazzzeitung.de\/cms\/2010\/09\/tv-tipp-arte-sendet-harlem-in-montmartre\/","url_meta":{"origin":6707,"position":0},"title":"TV-Tipp: Arte sendet Harlem in Montmartre","author":"Ursula Gaisa","date":"15. September 2010","format":false,"excerpt":"Diesen Tipp m\u00f6chte ich euch nicht vorenthalten: Am Montag, 20. September 2010, 22.05 Uhr sendet Arte-TV den Dokumentarfilm \u201eHarlem in Montmartre. Eine Geschichte des Jazz in Paris\" (ARTE France, Frankreich 2009, 82 Min. Regie: Dante J. James) als Erstausstrahlung in HD. Im Pressetext hei\u00dft es: \u201eHarlem in Montmartre\" zeichnet ein\u2026","rel":"","context":"In &quot;Blog&quot;","block_context":{"text":"Blog","link":"https:\/\/www.jazzzeitung.de\/cms\/thema\/blog\/"},"img":{"alt_text":"","src":"","width":0,"height":0},"classes":[]},{"id":17179,"url":"https:\/\/www.jazzzeitung.de\/cms\/2018\/09\/jazziger-soul-in-sanften-registern-das-debuetalbum-von-leona-berlin\/","url_meta":{"origin":6707,"position":1},"title":"Jazziger Soul in sanften Registern: Das Deb\u00fctalbum von Leona Berlin","author":"Redaktion JazzZeitung","date":"10. September 2018","format":false,"excerpt":"Nicht immer braucht es K\u00fcnstlernamen. Leona Berlin, die \u201eirrt\u00fcmlich\u201c aus Karlsruhe stammt, bleibt auch mit b\u00fcrgerlichem Namen im Ged\u00e4chtnis. Die 27-J\u00e4hrige lernte schon als Kind von ihrer Mutter die ganz Gro\u00dfen ihres Fachs wie Aretha Franklin und James Brown kennen; sp\u00e4ter formte insbesondere Alicia Keys ihre musikalische Pr\u00e4gung \u2013 Einfl\u00fcsse,\u2026","rel":"","context":"In &quot;Abgeh\u00f6rt&quot;","block_context":{"text":"Abgeh\u00f6rt","link":"https:\/\/www.jazzzeitung.de\/cms\/thema\/abgehoert\/"},"img":{"alt_text":"","src":"https:\/\/i0.wp.com\/www.jazzzeitung.de\/cms\/wp-content\/uploads\/2018\/09\/FB-image-leonaberlin.jpg?fit=1200%2C630&ssl=1&resize=350%2C200","width":350,"height":200,"srcset":"https:\/\/i0.wp.com\/www.jazzzeitung.de\/cms\/wp-content\/uploads\/2018\/09\/FB-image-leonaberlin.jpg?fit=1200%2C630&ssl=1&resize=350%2C200 1x, https:\/\/i0.wp.com\/www.jazzzeitung.de\/cms\/wp-content\/uploads\/2018\/09\/FB-image-leonaberlin.jpg?fit=1200%2C630&ssl=1&resize=525%2C300 1.5x, https:\/\/i0.wp.com\/www.jazzzeitung.de\/cms\/wp-content\/uploads\/2018\/09\/FB-image-leonaberlin.jpg?fit=1200%2C630&ssl=1&resize=700%2C400 2x, https:\/\/i0.wp.com\/www.jazzzeitung.de\/cms\/wp-content\/uploads\/2018\/09\/FB-image-leonaberlin.jpg?fit=1200%2C630&ssl=1&resize=1050%2C600 3x"},"classes":[]},{"id":33665,"url":"https:\/\/www.jazzzeitung.de\/cms\/2026\/02\/mit-shuffle-und-schmelz-die-james-hunter-six-im-muenchner-ampere\/","url_meta":{"origin":6707,"position":2},"title":"Mit Shuffle und Schmelz: Die James Hunter Six im M\u00fcnchner Ampere","author":"Redaktion JazzZeitung","date":"17. Februar 2026","format":false,"excerpt":"(Von Claus Lochbihler)\u00a0Im Ampere wird 2026 pl\u00f6tzlich zu 1961 \u2013 nur mit besserer PA und weniger Zigarettenrauch. James Hunter beschw\u00f6rt einen fr\u00fchen Soul, den niemand im Raum zu seiner Entstehungszeit live erlebt hat. Soul-Vergangenheit im Pr\u00e4sens eines Live-Auftritts. Retro ist, wenn man sich in eine musikalische Vergangenheit zur\u00fcck h\u00f6rt und\u2026","rel":"","context":"In &quot;Bericht&quot;","block_context":{"text":"Bericht","link":"https:\/\/www.jazzzeitung.de\/cms\/thema\/bericht\/"},"img":{"alt_text":"","src":"https:\/\/i0.wp.com\/www.jazzzeitung.de\/cms\/wp-content\/uploads\/2026\/02\/260213_008_hunter.jpg?fit=567%2C378&ssl=1&resize=350%2C200","width":350,"height":200,"srcset":"https:\/\/i0.wp.com\/www.jazzzeitung.de\/cms\/wp-content\/uploads\/2026\/02\/260213_008_hunter.jpg?fit=567%2C378&ssl=1&resize=350%2C200 1x, https:\/\/i0.wp.com\/www.jazzzeitung.de\/cms\/wp-content\/uploads\/2026\/02\/260213_008_hunter.jpg?fit=567%2C378&ssl=1&resize=525%2C300 1.5x"},"classes":[]},{"id":18796,"url":"https:\/\/www.jazzzeitung.de\/cms\/2019\/02\/news-kanadische-saengerin-adi-braun-auf-tour-das-jazzfestival-in-baden-baden-und-sein-soul-schwerpunkt\/","url_meta":{"origin":6707,"position":3},"title":"+++ News: +++ Kanadische S\u00e4ngerin Adi Braun auf Tour +++ Das Jazzfestival in Baden-Baden und sein Soul-Schwerpunkt +++","author":"Redaktion JazzZeitung","date":"28. Februar 2019","format":false,"excerpt":"Eine \u201eModerne Frau\u201c auf Tour und zum Pressegespr\u00e4ch in Berlin Adi Braun, eine popul\u00e4re Musikerin der kanadischen Jazz-Szene gastiert mit ihrem Jazz-Kabarett-Programm \u201eModerne Frau\u201c, die in der Weimarer Republik das musikalische Berlin der 1920er-Jahre pr\u00e4gten, erstmals in Europa. Dabei pr\u00e4sentiert sie Songs von Kurt Weill, Mischa Spoliansky\u00a0 und anderen, die\u2026","rel":"","context":"In &quot;News&quot;","block_context":{"text":"News","link":"https:\/\/www.jazzzeitung.de\/cms\/thema\/nachrichten\/"},"img":{"alt_text":"","src":"https:\/\/i0.wp.com\/www.jazzzeitung.de\/cms\/wp-content\/uploads\/2019\/02\/CosmosKlein_2_FotoPR.jpg?fit=1200%2C800&ssl=1&resize=350%2C200","width":350,"height":200,"srcset":"https:\/\/i0.wp.com\/www.jazzzeitung.de\/cms\/wp-content\/uploads\/2019\/02\/CosmosKlein_2_FotoPR.jpg?fit=1200%2C800&ssl=1&resize=350%2C200 1x, https:\/\/i0.wp.com\/www.jazzzeitung.de\/cms\/wp-content\/uploads\/2019\/02\/CosmosKlein_2_FotoPR.jpg?fit=1200%2C800&ssl=1&resize=525%2C300 1.5x, https:\/\/i0.wp.com\/www.jazzzeitung.de\/cms\/wp-content\/uploads\/2019\/02\/CosmosKlein_2_FotoPR.jpg?fit=1200%2C800&ssl=1&resize=700%2C400 2x, https:\/\/i0.wp.com\/www.jazzzeitung.de\/cms\/wp-content\/uploads\/2019\/02\/CosmosKlein_2_FotoPR.jpg?fit=1200%2C800&ssl=1&resize=1050%2C600 3x"},"classes":[]},{"id":12064,"url":"https:\/\/www.jazzzeitung.de\/cms\/2017\/04\/news-sebastian-schuster-ist-jazz-preistraeger-des-landes-baden-wuerttemberg-fernsehtipp-arte-und-ella-fitzgerald-jazzopen-playground-anmeldefrist-verlaengert\/","url_meta":{"origin":6707,"position":4},"title":"+++ News +++ Sebastian Schuster ist Jazz-Preistr\u00e4ger des Landes Baden-W\u00fcrttemberg +++ Fernsehtipp: arte und Ella Fitzgerald +++ jazzopen playground: Anmeldefrist verl\u00e4ngert +++","author":"Redaktion JazzZeitung","date":"3. April 2017","format":false,"excerpt":"+++ Sebastian Schuster ist Jazz-Preistr\u00e4ger des Landes Baden-W\u00fcrttemberg +++ Der Kontrabassist und Komponist Sebastian Schuster aus Stuttgart ist diesj\u00e4hriger Jazz-Preistr\u00e4ger des Landes Baden-W\u00fcrttemberg. Das gab Kunststaatssekret\u00e4rin Petra Olschowski heute am 3. April 2017 in Stuttgart bekannt. Die mit 15.000 Euro dotierte Auszeichnung wird am 18. Juli beim Preistr\u00e4gerkonzert Sebastian Schusters\u2026","rel":"","context":"In &quot;News&quot;","block_context":{"text":"News","link":"https:\/\/www.jazzzeitung.de\/cms\/thema\/nachrichten\/"},"img":{"alt_text":"","src":"https:\/\/i0.wp.com\/www.jazzzeitung.de\/cms\/wp-content\/uploads\/2017\/04\/Kaapstad-006-150x150.jpg?resize=350%2C200","width":350,"height":200},"classes":[]},{"id":513,"url":"https:\/\/www.jazzzeitung.de\/cms\/2010\/10\/jazz-in-der-nacht-auf-ein-neues-bei-arte\/","url_meta":{"origin":6707,"position":5},"title":"Jazz in der Nacht: auf ein Neues bei Arte","author":"Ursula Gaisa","date":"14. Oktober 2010","format":false,"excerpt":"....und wieder ein Nacht-Tipp zum Thema Jazz im \u00f6ffentlichen Fernsehen. La Nuit\/ Die Nacht # 103 Dienstag, 26. Oktober 2010 um 00.45 auf ARTE Der franz\u00f6sische Jazzpianist Laurent de Wilde hat viele musikalische Vorbilder, aber er kennt und sch\u00e4tzt einen Pianisten ganz besonders : Thelonious Monk. F\u00fcr die Septembersendung, hat\u2026","rel":"","context":"In &quot;Blog&quot;","block_context":{"text":"Blog","link":"https:\/\/www.jazzzeitung.de\/cms\/thema\/blog\/"},"img":{"alt_text":"","src":"","width":0,"height":0},"classes":[]}],"jetpack_sharing_enabled":true,"_links":{"self":[{"href":"https:\/\/www.jazzzeitung.de\/cms\/wp-json\/wp\/v2\/posts\/6707","targetHints":{"allow":["GET"]}}],"collection":[{"href":"https:\/\/www.jazzzeitung.de\/cms\/wp-json\/wp\/v2\/posts"}],"about":[{"href":"https:\/\/www.jazzzeitung.de\/cms\/wp-json\/wp\/v2\/types\/post"}],"author":[{"embeddable":true,"href":"https:\/\/www.jazzzeitung.de\/cms\/wp-json\/wp\/v2\/users\/18"}],"replies":[{"embeddable":true,"href":"https:\/\/www.jazzzeitung.de\/cms\/wp-json\/wp\/v2\/comments?post=6707"}],"version-history":[{"count":15,"href":"https:\/\/www.jazzzeitung.de\/cms\/wp-json\/wp\/v2\/posts\/6707\/revisions"}],"predecessor-version":[{"id":6802,"href":"https:\/\/www.jazzzeitung.de\/cms\/wp-json\/wp\/v2\/posts\/6707\/revisions\/6802"}],"wp:attachment":[{"href":"https:\/\/www.jazzzeitung.de\/cms\/wp-json\/wp\/v2\/media?parent=6707"}],"wp:term":[{"taxonomy":"category","embeddable":true,"href":"https:\/\/www.jazzzeitung.de\/cms\/wp-json\/wp\/v2\/categories?post=6707"},{"taxonomy":"post_tag","embeddable":true,"href":"https:\/\/www.jazzzeitung.de\/cms\/wp-json\/wp\/v2\/tags?post=6707"},{"taxonomy":"author","embeddable":true,"href":"https:\/\/www.jazzzeitung.de\/cms\/wp-json\/wp\/v2\/coauthors?post=6707"}],"curies":[{"name":"wp","href":"https:\/\/api.w.org\/{rel}","templated":true}]}}