{"id":6587,"date":"2015-07-14T10:46:05","date_gmt":"2015-07-14T08:46:05","guid":{"rendered":"http:\/\/www.jazzzeitung.de\/cms\/?p=6587"},"modified":"2015-07-20T11:19:50","modified_gmt":"2015-07-20T09:19:50","slug":"news-dresdner-drum-bass-festival-2015-fotograf-christian-wurm-verstorben-stingray-rising-star-award-fuer-florian-hoefner","status":"publish","type":"post","link":"https:\/\/www.jazzzeitung.de\/cms\/2015\/07\/news-dresdner-drum-bass-festival-2015-fotograf-christian-wurm-verstorben-stingray-rising-star-award-fuer-florian-hoefner\/","title":{"rendered":"+++ News +++ Dresdner Drum &#038; Bass Festival 2015 +++ Fotograf Christian Wurm verstorben +++ Stingray Rising Star Award f\u00fcr Florian Hoefner"},"content":{"rendered":"<p>+++ Dresdner Drum &amp; Bass Festival 2015 +++<\/p>\n<p><a href=\"https:\/\/i0.wp.com\/www.jazzzeitung.de\/cms\/wp-content\/uploads\/2015\/07\/Amir_Bresler.jpg\"><img data-recalc-dims=\"1\" loading=\"lazy\" decoding=\"async\" data-attachment-id=\"6588\" data-permalink=\"https:\/\/www.jazzzeitung.de\/cms\/2015\/07\/news-dresdner-drum-bass-festival-2015-fotograf-christian-wurm-verstorben-stingray-rising-star-award-fuer-florian-hoefner\/amir_bresler\/\" data-orig-file=\"https:\/\/i0.wp.com\/www.jazzzeitung.de\/cms\/wp-content\/uploads\/2015\/07\/Amir_Bresler.jpg?fit=1000%2C662&amp;ssl=1\" data-orig-size=\"1000,662\" data-comments-opened=\"1\" data-image-meta=\"{&quot;aperture&quot;:&quot;0&quot;,&quot;credit&quot;:&quot;&quot;,&quot;camera&quot;:&quot;&quot;,&quot;caption&quot;:&quot;&quot;,&quot;created_timestamp&quot;:&quot;0&quot;,&quot;copyright&quot;:&quot;&quot;,&quot;focal_length&quot;:&quot;0&quot;,&quot;iso&quot;:&quot;0&quot;,&quot;shutter_speed&quot;:&quot;0&quot;,&quot;title&quot;:&quot;&quot;,&quot;orientation&quot;:&quot;0&quot;}\" data-image-title=\"Amir_Bresler\" data-image-description=\"\" data-image-caption=\"\" data-large-file=\"https:\/\/i0.wp.com\/www.jazzzeitung.de\/cms\/wp-content\/uploads\/2015\/07\/Amir_Bresler.jpg?fit=840%2C556&amp;ssl=1\" class=\"alignright size-thumbnail wp-image-6588\" src=\"https:\/\/i0.wp.com\/www.jazzzeitung.de\/cms\/wp-content\/uploads\/2015\/07\/Amir_Bresler-150x150.jpg?resize=150%2C150\" alt=\"Amir_Bresler\" width=\"150\" height=\"150\" srcset=\"https:\/\/i0.wp.com\/www.jazzzeitung.de\/cms\/wp-content\/uploads\/2015\/07\/Amir_Bresler.jpg?resize=150%2C150&amp;ssl=1 150w, https:\/\/i0.wp.com\/www.jazzzeitung.de\/cms\/wp-content\/uploads\/2015\/07\/Amir_Bresler.jpg?resize=144%2C144&amp;ssl=1 144w, https:\/\/i0.wp.com\/www.jazzzeitung.de\/cms\/wp-content\/uploads\/2015\/07\/Amir_Bresler.jpg?resize=96%2C96&amp;ssl=1 96w, https:\/\/i0.wp.com\/www.jazzzeitung.de\/cms\/wp-content\/uploads\/2015\/07\/Amir_Bresler.jpg?resize=24%2C24&amp;ssl=1 24w, https:\/\/i0.wp.com\/www.jazzzeitung.de\/cms\/wp-content\/uploads\/2015\/07\/Amir_Bresler.jpg?resize=36%2C36&amp;ssl=1 36w, https:\/\/i0.wp.com\/www.jazzzeitung.de\/cms\/wp-content\/uploads\/2015\/07\/Amir_Bresler.jpg?resize=48%2C48&amp;ssl=1 48w, https:\/\/i0.wp.com\/www.jazzzeitung.de\/cms\/wp-content\/uploads\/2015\/07\/Amir_Bresler.jpg?resize=64%2C64&amp;ssl=1 64w, https:\/\/i0.wp.com\/www.jazzzeitung.de\/cms\/wp-content\/uploads\/2015\/07\/Amir_Bresler.jpg?resize=32%2C32&amp;ssl=1 32w, https:\/\/i0.wp.com\/www.jazzzeitung.de\/cms\/wp-content\/uploads\/2015\/07\/Amir_Bresler.jpg?resize=128%2C128&amp;ssl=1 128w, https:\/\/i0.wp.com\/www.jazzzeitung.de\/cms\/wp-content\/uploads\/2015\/07\/Amir_Bresler.jpg?zoom=2&amp;resize=150%2C150&amp;ssl=1 300w, https:\/\/i0.wp.com\/www.jazzzeitung.de\/cms\/wp-content\/uploads\/2015\/07\/Amir_Bresler.jpg?zoom=3&amp;resize=150%2C150&amp;ssl=1 450w\" sizes=\"auto, (max-width: 150px) 100vw, 150px\" \/><\/a>Auch nach neun Jahren wird das Dresdner Drum &amp; Bass Festival seinem fr\u00fch entstandenen Ruf, zu den innovativsten und coolsten Festivals seiner Art in Europa zu geh\u00f6ren, gerecht. Mehr als 30 K\u00fcnstler aus acht Nationen, darunter fast ausschlie\u00dflich Festival-Erstlinge, gestalten am 19. September 2015 diesen besonderen Tag in Sachsens sch\u00f6ner Elbmetropole.<br \/>\nDass es nach acht Festivals mit mehr als 200 K\u00fcnstlern so wenig Wiederholungen gibt, liegt neben der Gr\u00f6\u00dfe der Szene und ihrem schnellen Wachstum eben vor allem am Anspruch der Veranstalter, stets neue Impulse zu setzen. Zwar ist das Programm dieses Jahr mit deutlich weniger \u201eBig Names\u201c best\u00fcckt als bisher. Doch zwischen den Headlinern Russ Miller, Rhani Krija, Chuck Rainey und Stuart Hamm entdeckt man wahre Perlen der Rhythmus-Zunft. Richard Spaven beispielsweise gilt noch als Geheimtipp, obwohl er aus der Neosoul und HipHop Szene nicht mehr wegzudenken ist. Der 26-j\u00e4hrige Amir Bresler aus Tel Aviv ist Vollblut-Jazzer und seit Jahren schon an der Seite von Starbassist Avishai Cohen aktiv. Zum Festival pendeln Workshop und Konzert (mit Bemet) eher zwischen Breakbeat und Dubstep \u2013 spektakul\u00e4r! Die Schweizer Thomy Jordi (Bass) und Kaspar Rast (Drums) versetzen als Rhythmusgruppe von Nik B\u00e4rtsch\u2019s Ronin die Musikwelt in Aufruhr. Ihr Zen-Funk groovt auf so geheimnisvolle Weise, dass ihr Workshop dazu mit gr\u00f6\u00dfter Neugierde erwartet wird. Als konzeptionelles Standbein werden weitere Kombi-Workshops mit Drummer und Bassisten zu sehen sein. Das Groove-Gespann Frank Itt und Zacky Tsoukas von Errorhead zum Beispiel oder unser Festival-Resident Daniel Schild und die zauberhafte Yolanda Charles am Bass.<br \/>\nStilistisch geht die Reise quer durch alle Beete. Ob Metal (Fredrik Andersson, Ex-Amon Amarth), Soul (Chuck Rainey), Pop (Russ Miller), World (Rhani Krija) oder Hip Hop (Joe Styppa), ob mit St\u00f6cken, Besen (Andy Gillmann), H\u00e4nden, gezupft, geslapt (Markus Setzer) oder einfach nur in perfekter Stimmung (Udo Masshoff) \u2013 wer in 15 Workshops, f\u00fcnf Konzerten, einem Rahmenprogramm mit Wettbewerben, Tombola, Werkstatt \u2026 und einer z\u00fcnftigen After Show Party mit Live-Techno, alles verteilt auf f\u00fcnf B\u00fchnen in drei Clubs, nicht auf seine Kosten kommt, dem ist nicht mehr zu helfen!<\/p>\n<p><a href=\"http:\/\/www.dresdner-drum-bass-festival.de\">www.dresdner-drum-bass-festival.de<\/a><\/p>\n<p>&nbsp;<\/p>\n<p>+++ Nachruf auf Christian Wurm +++<\/p>\n<p>\u201eEs gibt immer das bessere Foto\u201c war seine Devise. Der Jazz-Fotograf Christian Wurm ist im Alter von 63 Jahren \u00fcberraschend verstorben. Geboren 1952 im \u00f6sterreichischen Bad Aussee wohnte pers\u00f6nlich stets bescheidene, liebensw\u00fcrdige Christian Wurm seit 1962 in Ingolstadt, wo er seit 1990 als freiberuflicher Fotograf mit Schwerpunkt Musik stets auf der Suche blieb nach dem immer besseren Bild. Zahlreiche Ausstellungen in Ingolstadt, M\u00fcnchen, Regensburg, Coburg, Salzburg, Bad Aussee, J\u00e1vea (Spanien), Norfolk (GB) und Murska Sobota (Slo) belegen die Wertsch\u00e4tzung, die seiner Fotografie zu Teil wurde. 2006 erhielt er den 1. Preis Plakatfoto f\u00fcr das Bayerische Jazzweekend. \u00dcber viele Jahre begleitete er mit der Kamera, in den letzten Jahren auch mit Berichten u.a. die Ingolst\u00e4dter Jazztage, das Jazzfestival Saalfelden und den Birdland Jazzclub Neuburg. Tb<\/p>\n<p>&nbsp;<\/p>\n<p>+++ Florian Hoefner gewinnt Stingray Rising Star Award +++<\/p>\n<p>Der deutsche Jazzpianist und Komponist, Florian Hoefner, erh\u00e4lt beim Internationalen Jazz Festival Montreal in Kanada den Stingray Rising Star Award f\u00fcr sein St\u00fcck, <em>Newfound Jig<\/em>, das von der Jury als beste Komposition im diesj\u00e4hrigen Wettbewerb ausgew\u00e4hlt wurde, sowie f\u00fcr sein Gesamtwerk. Zus\u00e4tzlich zum Preisgeld von $5000 wird die Musik des Preistr\u00e4gers in Zukunft auf den Kan\u00e4len von Stingray Music zu h\u00f6ren sein. Das ausgezeichnete St\u00fcck wird zusammen mit sieben anderen neuen Kompositionen im Januar 2016 auf dem neuen Album der Florian Hoefner Group erscheinen.<\/p>\n<p>Die Jury bestand aus: Michael\u00a0Bourne (WBGO New York), Pierre-Jean\u00a0Lavigne (Stingray Musikprogrammdirektor), Steeve St-Pierre (Festi Jazz International de Rimouski Programmdirektor), Alexandre Bellegarde (Musiker) und Gino Ste-Marie (Festival de Jazz de Qu\u00e9bec).<\/p>\n<p>&nbsp;<\/p>\n<p>&nbsp;<\/p>\n<p>&nbsp;<\/p>\n<p>&nbsp;<\/p>\n","protected":false},"excerpt":{"rendered":"<p>+++ Dresdner Drum &amp; Bass Festival 2015 +++ Auch nach neun Jahren wird das Dresdner Drum &amp; Bass Festival seinem fr\u00fch entstandenen Ruf, zu den innovativsten und coolsten Festivals seiner Art in Europa zu geh\u00f6ren, gerecht. Mehr als 30 K\u00fcnstler aus acht Nationen, darunter fast ausschlie\u00dflich Festival-Erstlinge, gestalten am 19. September 2015 diesen besonderen Tag in Sachsens sch\u00f6ner Elbmetropole. Dass es nach acht Festivals mit mehr als 200 K\u00fcnstlern so wenig Wiederholungen gibt, liegt neben der Gr\u00f6\u00dfe der Szene und ihrem schnellen Wachstum eben vor allem am Anspruch der Veranstalter, stets neue Impulse zu setzen. Zwar ist das Programm dieses Jahr mit deutlich weniger \u201eBig Names\u201c best\u00fcckt als bisher. Doch zwischen den Headlinern Russ Miller, Rhani Krija, Chuck Rainey und Stuart Hamm entdeckt man wahre Perlen der Rhythmus-Zunft. Richard Spaven beispielsweise gilt noch als Geheimtipp, obwohl er aus der Neosoul und HipHop Szene nicht mehr wegzudenken ist. Der 26-j\u00e4hrige Amir Bresler aus Tel Aviv ist Vollblut-Jazzer und seit Jahren schon an der Seite von Starbassist Avishai Cohen aktiv. Zum Festival pendeln Workshop und Konzert (mit Bemet) eher zwischen Breakbeat und Dubstep \u2013 spektakul\u00e4r! Die Schweizer &hellip;<\/p>\n","protected":false},"author":18,"featured_media":0,"comment_status":"open","ping_status":"closed","sticky":false,"template":"","format":"standard","meta":{"_jetpack_memberships_contains_paid_content":false,"footnotes":"","jetpack_publicize_message":"","jetpack_publicize_feature_enabled":true,"jetpack_social_post_already_shared":false,"jetpack_social_options":{"image_generator_settings":{"template":"highway","default_image_id":0,"font":"","enabled":false},"version":2}},"categories":[633],"tags":[34,667,1192,3,682,271,918,1124,291,322,401,408,666,904,447,1797,19,20],"coauthors":[695],"class_list":["post-6587","post","type-post","status-publish","format-standard","hentry","category-nachrichten","tag-album","tag-birdland","tag-clubs","tag-festival","tag-festivals","tag-jazzclub","tag-jazzfestival","tag-jazzfestival-saalfelden","tag-jazzweekend","tag-konzert-2","tag-muenchen","tag-nachruf","tag-neuburg","tag-new-york","tag-pop","tag-regensburg","tag-wettbewerb","tag-workshop"],"yoast_head":"<!-- This site is optimized with the Yoast SEO plugin v27.5 - https:\/\/yoast.com\/product\/yoast-seo-wordpress\/ -->\n<title>+++ News +++ Dresdner Drum &amp; Bass Festival 2015 +++ Fotograf Christian Wurm verstorben +++ Stingray Rising Star Award f\u00fcr Florian Hoefner - JazzZeitung<\/title>\n<meta name=\"robots\" content=\"index, follow, max-snippet:-1, max-image-preview:large, max-video-preview:-1\" \/>\n<link rel=\"canonical\" href=\"https:\/\/www.jazzzeitung.de\/cms\/2015\/07\/news-dresdner-drum-bass-festival-2015-fotograf-christian-wurm-verstorben-stingray-rising-star-award-fuer-florian-hoefner\/\" \/>\n<meta property=\"og:locale\" content=\"de_DE\" \/>\n<meta property=\"og:type\" content=\"article\" \/>\n<meta property=\"og:title\" content=\"+++ News +++ Dresdner Drum &amp; Bass Festival 2015 +++ Fotograf Christian Wurm verstorben +++ Stingray Rising Star Award f\u00fcr Florian Hoefner - JazzZeitung\" \/>\n<meta property=\"og:description\" content=\"+++ Dresdner Drum &amp; Bass Festival 2015 +++ Auch nach neun Jahren wird das Dresdner Drum &amp; Bass Festival seinem fr\u00fch entstandenen Ruf, zu den innovativsten und coolsten Festivals seiner Art in Europa zu geh\u00f6ren, gerecht. Mehr als 30 K\u00fcnstler aus acht Nationen, darunter fast ausschlie\u00dflich Festival-Erstlinge, gestalten am 19. September 2015 diesen besonderen Tag in Sachsens sch\u00f6ner Elbmetropole. Dass es nach acht Festivals mit mehr als 200 K\u00fcnstlern so wenig Wiederholungen gibt, liegt neben der Gr\u00f6\u00dfe der Szene und ihrem schnellen Wachstum eben vor allem am Anspruch der Veranstalter, stets neue Impulse zu setzen. Zwar ist das Programm dieses Jahr mit deutlich weniger \u201eBig Names\u201c best\u00fcckt als bisher. Doch zwischen den Headlinern Russ Miller, Rhani Krija, Chuck Rainey und Stuart Hamm entdeckt man wahre Perlen der Rhythmus-Zunft. Richard Spaven beispielsweise gilt noch als Geheimtipp, obwohl er aus der Neosoul und HipHop Szene nicht mehr wegzudenken ist. Der 26-j\u00e4hrige Amir Bresler aus Tel Aviv ist Vollblut-Jazzer und seit Jahren schon an der Seite von Starbassist Avishai Cohen aktiv. Zum Festival pendeln Workshop und Konzert (mit Bemet) eher zwischen Breakbeat und Dubstep \u2013 spektakul\u00e4r! Die Schweizer &hellip;\" \/>\n<meta property=\"og:url\" content=\"https:\/\/www.jazzzeitung.de\/cms\/2015\/07\/news-dresdner-drum-bass-festival-2015-fotograf-christian-wurm-verstorben-stingray-rising-star-award-fuer-florian-hoefner\/\" \/>\n<meta property=\"og:site_name\" content=\"JazzZeitung\" \/>\n<meta property=\"article:publisher\" content=\"https:\/\/www.facebook.com\/JazzZeitung\/\" \/>\n<meta property=\"article:published_time\" content=\"2015-07-14T08:46:05+00:00\" \/>\n<meta property=\"article:modified_time\" content=\"2015-07-20T09:19:50+00:00\" \/>\n<meta property=\"og:image\" content=\"http:\/\/www.jazzzeitung.de\/cms\/wp-content\/uploads\/2015\/07\/Amir_Bresler-150x150.jpg\" \/>\n<meta name=\"author\" content=\"Redaktion JazzZeitung\" \/>\n<script type=\"application\/ld+json\" class=\"yoast-schema-graph\">{\"@context\":\"https:\\\/\\\/schema.org\",\"@graph\":[{\"@type\":\"Article\",\"@id\":\"https:\\\/\\\/www.jazzzeitung.de\\\/cms\\\/2015\\\/07\\\/news-dresdner-drum-bass-festival-2015-fotograf-christian-wurm-verstorben-stingray-rising-star-award-fuer-florian-hoefner\\\/#article\",\"isPartOf\":{\"@id\":\"https:\\\/\\\/www.jazzzeitung.de\\\/cms\\\/2015\\\/07\\\/news-dresdner-drum-bass-festival-2015-fotograf-christian-wurm-verstorben-stingray-rising-star-award-fuer-florian-hoefner\\\/\"},\"author\":{\"name\":\"Redaktion JazzZeitung\",\"@id\":\"https:\\\/\\\/www.jazzzeitung.de\\\/cms\\\/#\\\/schema\\\/person\\\/2245b36b9cd1d24cea10f01c031fb92b\"},\"headline\":\"+++ News +++ Dresdner Drum &#038; Bass Festival 2015 +++ Fotograf Christian Wurm verstorben +++ Stingray Rising Star Award f\u00fcr Florian Hoefner\",\"datePublished\":\"2015-07-14T08:46:05+00:00\",\"dateModified\":\"2015-07-20T09:19:50+00:00\",\"mainEntityOfPage\":{\"@id\":\"https:\\\/\\\/www.jazzzeitung.de\\\/cms\\\/2015\\\/07\\\/news-dresdner-drum-bass-festival-2015-fotograf-christian-wurm-verstorben-stingray-rising-star-award-fuer-florian-hoefner\\\/\"},\"wordCount\":640,\"commentCount\":0,\"publisher\":{\"@id\":\"https:\\\/\\\/www.jazzzeitung.de\\\/cms\\\/#organization\"},\"image\":{\"@id\":\"https:\\\/\\\/www.jazzzeitung.de\\\/cms\\\/2015\\\/07\\\/news-dresdner-drum-bass-festival-2015-fotograf-christian-wurm-verstorben-stingray-rising-star-award-fuer-florian-hoefner\\\/#primaryimage\"},\"thumbnailUrl\":\"http:\\\/\\\/www.jazzzeitung.de\\\/cms\\\/wp-content\\\/uploads\\\/2015\\\/07\\\/Amir_Bresler-150x150.jpg\",\"keywords\":[\"Album\",\"Birdland\",\"Clubs\",\"Festival\",\"Festivals\",\"Jazzclub\",\"Jazzfestival\",\"Jazzfestival Saalfelden\",\"Jazzweekend\",\"Konzert\",\"M\u00fcnchen\",\"Nachruf\",\"Neuburg\",\"New York\",\"Pop\",\"Regensburg\",\"Wettbewerb\",\"Workshop\"],\"articleSection\":[\"News\"],\"inLanguage\":\"de\",\"potentialAction\":[{\"@type\":\"CommentAction\",\"name\":\"Comment\",\"target\":[\"https:\\\/\\\/www.jazzzeitung.de\\\/cms\\\/2015\\\/07\\\/news-dresdner-drum-bass-festival-2015-fotograf-christian-wurm-verstorben-stingray-rising-star-award-fuer-florian-hoefner\\\/#respond\"]}]},{\"@type\":\"WebPage\",\"@id\":\"https:\\\/\\\/www.jazzzeitung.de\\\/cms\\\/2015\\\/07\\\/news-dresdner-drum-bass-festival-2015-fotograf-christian-wurm-verstorben-stingray-rising-star-award-fuer-florian-hoefner\\\/\",\"url\":\"https:\\\/\\\/www.jazzzeitung.de\\\/cms\\\/2015\\\/07\\\/news-dresdner-drum-bass-festival-2015-fotograf-christian-wurm-verstorben-stingray-rising-star-award-fuer-florian-hoefner\\\/\",\"name\":\"+++ News +++ Dresdner Drum & Bass Festival 2015 +++ Fotograf Christian Wurm verstorben +++ Stingray Rising Star Award f\u00fcr Florian Hoefner - JazzZeitung\",\"isPartOf\":{\"@id\":\"https:\\\/\\\/www.jazzzeitung.de\\\/cms\\\/#website\"},\"primaryImageOfPage\":{\"@id\":\"https:\\\/\\\/www.jazzzeitung.de\\\/cms\\\/2015\\\/07\\\/news-dresdner-drum-bass-festival-2015-fotograf-christian-wurm-verstorben-stingray-rising-star-award-fuer-florian-hoefner\\\/#primaryimage\"},\"image\":{\"@id\":\"https:\\\/\\\/www.jazzzeitung.de\\\/cms\\\/2015\\\/07\\\/news-dresdner-drum-bass-festival-2015-fotograf-christian-wurm-verstorben-stingray-rising-star-award-fuer-florian-hoefner\\\/#primaryimage\"},\"thumbnailUrl\":\"http:\\\/\\\/www.jazzzeitung.de\\\/cms\\\/wp-content\\\/uploads\\\/2015\\\/07\\\/Amir_Bresler-150x150.jpg\",\"datePublished\":\"2015-07-14T08:46:05+00:00\",\"dateModified\":\"2015-07-20T09:19:50+00:00\",\"breadcrumb\":{\"@id\":\"https:\\\/\\\/www.jazzzeitung.de\\\/cms\\\/2015\\\/07\\\/news-dresdner-drum-bass-festival-2015-fotograf-christian-wurm-verstorben-stingray-rising-star-award-fuer-florian-hoefner\\\/#breadcrumb\"},\"inLanguage\":\"de\",\"potentialAction\":[{\"@type\":\"ReadAction\",\"target\":[\"https:\\\/\\\/www.jazzzeitung.de\\\/cms\\\/2015\\\/07\\\/news-dresdner-drum-bass-festival-2015-fotograf-christian-wurm-verstorben-stingray-rising-star-award-fuer-florian-hoefner\\\/\"]}]},{\"@type\":\"ImageObject\",\"inLanguage\":\"de\",\"@id\":\"https:\\\/\\\/www.jazzzeitung.de\\\/cms\\\/2015\\\/07\\\/news-dresdner-drum-bass-festival-2015-fotograf-christian-wurm-verstorben-stingray-rising-star-award-fuer-florian-hoefner\\\/#primaryimage\",\"url\":\"http:\\\/\\\/www.jazzzeitung.de\\\/cms\\\/wp-content\\\/uploads\\\/2015\\\/07\\\/Amir_Bresler-150x150.jpg\",\"contentUrl\":\"http:\\\/\\\/www.jazzzeitung.de\\\/cms\\\/wp-content\\\/uploads\\\/2015\\\/07\\\/Amir_Bresler-150x150.jpg\"},{\"@type\":\"BreadcrumbList\",\"@id\":\"https:\\\/\\\/www.jazzzeitung.de\\\/cms\\\/2015\\\/07\\\/news-dresdner-drum-bass-festival-2015-fotograf-christian-wurm-verstorben-stingray-rising-star-award-fuer-florian-hoefner\\\/#breadcrumb\",\"itemListElement\":[{\"@type\":\"ListItem\",\"position\":1,\"name\":\"Startseite\",\"item\":\"https:\\\/\\\/www.jazzzeitung.de\\\/cms\\\/\"},{\"@type\":\"ListItem\",\"position\":2,\"name\":\"+++ News +++ Dresdner Drum &#038; Bass Festival 2015 +++ Fotograf Christian Wurm verstorben +++ Stingray Rising Star Award f\u00fcr Florian Hoefner\"}]},{\"@type\":\"WebSite\",\"@id\":\"https:\\\/\\\/www.jazzzeitung.de\\\/cms\\\/#website\",\"url\":\"https:\\\/\\\/www.jazzzeitung.de\\\/cms\\\/\",\"name\":\"JazzZeitung\",\"description\":\"Jazz-News und Jazz-Kontroverses\",\"publisher\":{\"@id\":\"https:\\\/\\\/www.jazzzeitung.de\\\/cms\\\/#organization\"},\"potentialAction\":[{\"@type\":\"SearchAction\",\"target\":{\"@type\":\"EntryPoint\",\"urlTemplate\":\"https:\\\/\\\/www.jazzzeitung.de\\\/cms\\\/?s={search_term_string}\"},\"query-input\":{\"@type\":\"PropertyValueSpecification\",\"valueRequired\":true,\"valueName\":\"search_term_string\"}}],\"inLanguage\":\"de\"},{\"@type\":\"Organization\",\"@id\":\"https:\\\/\\\/www.jazzzeitung.de\\\/cms\\\/#organization\",\"name\":\"JazzZeitung online\",\"url\":\"https:\\\/\\\/www.jazzzeitung.de\\\/cms\\\/\",\"logo\":{\"@type\":\"ImageObject\",\"inLanguage\":\"de\",\"@id\":\"https:\\\/\\\/www.jazzzeitung.de\\\/cms\\\/#\\\/schema\\\/logo\\\/image\\\/\",\"url\":\"https:\\\/\\\/i0.wp.com\\\/www.jazzzeitung.de\\\/cms\\\/wp-content\\\/uploads\\\/2015\\\/08\\\/JAZZZEITUNGDE_Logo_Neu.png?fit=499%2C200&ssl=1\",\"contentUrl\":\"https:\\\/\\\/i0.wp.com\\\/www.jazzzeitung.de\\\/cms\\\/wp-content\\\/uploads\\\/2015\\\/08\\\/JAZZZEITUNGDE_Logo_Neu.png?fit=499%2C200&ssl=1\",\"width\":499,\"height\":200,\"caption\":\"JazzZeitung online\"},\"image\":{\"@id\":\"https:\\\/\\\/www.jazzzeitung.de\\\/cms\\\/#\\\/schema\\\/logo\\\/image\\\/\"},\"sameAs\":[\"https:\\\/\\\/www.facebook.com\\\/JazzZeitung\\\/\"]},{\"@type\":\"Person\",\"@id\":\"https:\\\/\\\/www.jazzzeitung.de\\\/cms\\\/#\\\/schema\\\/person\\\/2245b36b9cd1d24cea10f01c031fb92b\",\"name\":\"Redaktion JazzZeitung\",\"image\":{\"@type\":\"ImageObject\",\"inLanguage\":\"de\",\"@id\":\"https:\\\/\\\/i0.wp.com\\\/www.jazzzeitung.de\\\/cms\\\/wp-content\\\/uploads\\\/2015\\\/08\\\/JAZZZEITUNGDE_Logo_Neu.png?resize=96%2C96&ssl=159975dcacb611b5700bd619b5daf0a7a\",\"url\":\"https:\\\/\\\/i0.wp.com\\\/www.jazzzeitung.de\\\/cms\\\/wp-content\\\/uploads\\\/2015\\\/08\\\/JAZZZEITUNGDE_Logo_Neu.png?resize=96%2C96&ssl=1\",\"contentUrl\":\"https:\\\/\\\/i0.wp.com\\\/www.jazzzeitung.de\\\/cms\\\/wp-content\\\/uploads\\\/2015\\\/08\\\/JAZZZEITUNGDE_Logo_Neu.png?resize=96%2C96&ssl=1\",\"caption\":\"Redaktion JazzZeitung\"},\"description\":\"Artikel der Redaktion der JazzZeitung.\",\"sameAs\":[\"http:\\\/\\\/www.jazzzeitung.de\\\/cms\\\/\"],\"url\":\"https:\\\/\\\/www.jazzzeitung.de\\\/cms\\\/author\\\/redaktion\\\/\"}]}<\/script>\n<!-- \/ Yoast SEO plugin. -->","yoast_head_json":{"title":"+++ News +++ Dresdner Drum & Bass Festival 2015 +++ Fotograf Christian Wurm verstorben +++ Stingray Rising Star Award f\u00fcr Florian Hoefner - JazzZeitung","robots":{"index":"index","follow":"follow","max-snippet":"max-snippet:-1","max-image-preview":"max-image-preview:large","max-video-preview":"max-video-preview:-1"},"canonical":"https:\/\/www.jazzzeitung.de\/cms\/2015\/07\/news-dresdner-drum-bass-festival-2015-fotograf-christian-wurm-verstorben-stingray-rising-star-award-fuer-florian-hoefner\/","og_locale":"de_DE","og_type":"article","og_title":"+++ News +++ Dresdner Drum & Bass Festival 2015 +++ Fotograf Christian Wurm verstorben +++ Stingray Rising Star Award f\u00fcr Florian Hoefner - JazzZeitung","og_description":"+++ Dresdner Drum &amp; Bass Festival 2015 +++ Auch nach neun Jahren wird das Dresdner Drum &amp; Bass Festival seinem fr\u00fch entstandenen Ruf, zu den innovativsten und coolsten Festivals seiner Art in Europa zu geh\u00f6ren, gerecht. Mehr als 30 K\u00fcnstler aus acht Nationen, darunter fast ausschlie\u00dflich Festival-Erstlinge, gestalten am 19. September 2015 diesen besonderen Tag in Sachsens sch\u00f6ner Elbmetropole. Dass es nach acht Festivals mit mehr als 200 K\u00fcnstlern so wenig Wiederholungen gibt, liegt neben der Gr\u00f6\u00dfe der Szene und ihrem schnellen Wachstum eben vor allem am Anspruch der Veranstalter, stets neue Impulse zu setzen. Zwar ist das Programm dieses Jahr mit deutlich weniger \u201eBig Names\u201c best\u00fcckt als bisher. Doch zwischen den Headlinern Russ Miller, Rhani Krija, Chuck Rainey und Stuart Hamm entdeckt man wahre Perlen der Rhythmus-Zunft. Richard Spaven beispielsweise gilt noch als Geheimtipp, obwohl er aus der Neosoul und HipHop Szene nicht mehr wegzudenken ist. Der 26-j\u00e4hrige Amir Bresler aus Tel Aviv ist Vollblut-Jazzer und seit Jahren schon an der Seite von Starbassist Avishai Cohen aktiv. Zum Festival pendeln Workshop und Konzert (mit Bemet) eher zwischen Breakbeat und Dubstep \u2013 spektakul\u00e4r! Die Schweizer &hellip;","og_url":"https:\/\/www.jazzzeitung.de\/cms\/2015\/07\/news-dresdner-drum-bass-festival-2015-fotograf-christian-wurm-verstorben-stingray-rising-star-award-fuer-florian-hoefner\/","og_site_name":"JazzZeitung","article_publisher":"https:\/\/www.facebook.com\/JazzZeitung\/","article_published_time":"2015-07-14T08:46:05+00:00","article_modified_time":"2015-07-20T09:19:50+00:00","og_image":[{"url":"http:\/\/www.jazzzeitung.de\/cms\/wp-content\/uploads\/2015\/07\/Amir_Bresler-150x150.jpg","type":"","width":"","height":""}],"author":"Redaktion JazzZeitung","schema":{"@context":"https:\/\/schema.org","@graph":[{"@type":"Article","@id":"https:\/\/www.jazzzeitung.de\/cms\/2015\/07\/news-dresdner-drum-bass-festival-2015-fotograf-christian-wurm-verstorben-stingray-rising-star-award-fuer-florian-hoefner\/#article","isPartOf":{"@id":"https:\/\/www.jazzzeitung.de\/cms\/2015\/07\/news-dresdner-drum-bass-festival-2015-fotograf-christian-wurm-verstorben-stingray-rising-star-award-fuer-florian-hoefner\/"},"author":{"name":"Redaktion JazzZeitung","@id":"https:\/\/www.jazzzeitung.de\/cms\/#\/schema\/person\/2245b36b9cd1d24cea10f01c031fb92b"},"headline":"+++ News +++ Dresdner Drum &#038; Bass Festival 2015 +++ Fotograf Christian Wurm verstorben +++ Stingray Rising Star Award f\u00fcr Florian Hoefner","datePublished":"2015-07-14T08:46:05+00:00","dateModified":"2015-07-20T09:19:50+00:00","mainEntityOfPage":{"@id":"https:\/\/www.jazzzeitung.de\/cms\/2015\/07\/news-dresdner-drum-bass-festival-2015-fotograf-christian-wurm-verstorben-stingray-rising-star-award-fuer-florian-hoefner\/"},"wordCount":640,"commentCount":0,"publisher":{"@id":"https:\/\/www.jazzzeitung.de\/cms\/#organization"},"image":{"@id":"https:\/\/www.jazzzeitung.de\/cms\/2015\/07\/news-dresdner-drum-bass-festival-2015-fotograf-christian-wurm-verstorben-stingray-rising-star-award-fuer-florian-hoefner\/#primaryimage"},"thumbnailUrl":"http:\/\/www.jazzzeitung.de\/cms\/wp-content\/uploads\/2015\/07\/Amir_Bresler-150x150.jpg","keywords":["Album","Birdland","Clubs","Festival","Festivals","Jazzclub","Jazzfestival","Jazzfestival Saalfelden","Jazzweekend","Konzert","M\u00fcnchen","Nachruf","Neuburg","New York","Pop","Regensburg","Wettbewerb","Workshop"],"articleSection":["News"],"inLanguage":"de","potentialAction":[{"@type":"CommentAction","name":"Comment","target":["https:\/\/www.jazzzeitung.de\/cms\/2015\/07\/news-dresdner-drum-bass-festival-2015-fotograf-christian-wurm-verstorben-stingray-rising-star-award-fuer-florian-hoefner\/#respond"]}]},{"@type":"WebPage","@id":"https:\/\/www.jazzzeitung.de\/cms\/2015\/07\/news-dresdner-drum-bass-festival-2015-fotograf-christian-wurm-verstorben-stingray-rising-star-award-fuer-florian-hoefner\/","url":"https:\/\/www.jazzzeitung.de\/cms\/2015\/07\/news-dresdner-drum-bass-festival-2015-fotograf-christian-wurm-verstorben-stingray-rising-star-award-fuer-florian-hoefner\/","name":"+++ News +++ Dresdner Drum & Bass Festival 2015 +++ Fotograf Christian Wurm verstorben +++ Stingray Rising Star Award f\u00fcr Florian Hoefner - JazzZeitung","isPartOf":{"@id":"https:\/\/www.jazzzeitung.de\/cms\/#website"},"primaryImageOfPage":{"@id":"https:\/\/www.jazzzeitung.de\/cms\/2015\/07\/news-dresdner-drum-bass-festival-2015-fotograf-christian-wurm-verstorben-stingray-rising-star-award-fuer-florian-hoefner\/#primaryimage"},"image":{"@id":"https:\/\/www.jazzzeitung.de\/cms\/2015\/07\/news-dresdner-drum-bass-festival-2015-fotograf-christian-wurm-verstorben-stingray-rising-star-award-fuer-florian-hoefner\/#primaryimage"},"thumbnailUrl":"http:\/\/www.jazzzeitung.de\/cms\/wp-content\/uploads\/2015\/07\/Amir_Bresler-150x150.jpg","datePublished":"2015-07-14T08:46:05+00:00","dateModified":"2015-07-20T09:19:50+00:00","breadcrumb":{"@id":"https:\/\/www.jazzzeitung.de\/cms\/2015\/07\/news-dresdner-drum-bass-festival-2015-fotograf-christian-wurm-verstorben-stingray-rising-star-award-fuer-florian-hoefner\/#breadcrumb"},"inLanguage":"de","potentialAction":[{"@type":"ReadAction","target":["https:\/\/www.jazzzeitung.de\/cms\/2015\/07\/news-dresdner-drum-bass-festival-2015-fotograf-christian-wurm-verstorben-stingray-rising-star-award-fuer-florian-hoefner\/"]}]},{"@type":"ImageObject","inLanguage":"de","@id":"https:\/\/www.jazzzeitung.de\/cms\/2015\/07\/news-dresdner-drum-bass-festival-2015-fotograf-christian-wurm-verstorben-stingray-rising-star-award-fuer-florian-hoefner\/#primaryimage","url":"http:\/\/www.jazzzeitung.de\/cms\/wp-content\/uploads\/2015\/07\/Amir_Bresler-150x150.jpg","contentUrl":"http:\/\/www.jazzzeitung.de\/cms\/wp-content\/uploads\/2015\/07\/Amir_Bresler-150x150.jpg"},{"@type":"BreadcrumbList","@id":"https:\/\/www.jazzzeitung.de\/cms\/2015\/07\/news-dresdner-drum-bass-festival-2015-fotograf-christian-wurm-verstorben-stingray-rising-star-award-fuer-florian-hoefner\/#breadcrumb","itemListElement":[{"@type":"ListItem","position":1,"name":"Startseite","item":"https:\/\/www.jazzzeitung.de\/cms\/"},{"@type":"ListItem","position":2,"name":"+++ News +++ Dresdner Drum &#038; Bass Festival 2015 +++ Fotograf Christian Wurm verstorben +++ Stingray Rising Star Award f\u00fcr Florian Hoefner"}]},{"@type":"WebSite","@id":"https:\/\/www.jazzzeitung.de\/cms\/#website","url":"https:\/\/www.jazzzeitung.de\/cms\/","name":"JazzZeitung","description":"Jazz-News und Jazz-Kontroverses","publisher":{"@id":"https:\/\/www.jazzzeitung.de\/cms\/#organization"},"potentialAction":[{"@type":"SearchAction","target":{"@type":"EntryPoint","urlTemplate":"https:\/\/www.jazzzeitung.de\/cms\/?s={search_term_string}"},"query-input":{"@type":"PropertyValueSpecification","valueRequired":true,"valueName":"search_term_string"}}],"inLanguage":"de"},{"@type":"Organization","@id":"https:\/\/www.jazzzeitung.de\/cms\/#organization","name":"JazzZeitung online","url":"https:\/\/www.jazzzeitung.de\/cms\/","logo":{"@type":"ImageObject","inLanguage":"de","@id":"https:\/\/www.jazzzeitung.de\/cms\/#\/schema\/logo\/image\/","url":"https:\/\/i0.wp.com\/www.jazzzeitung.de\/cms\/wp-content\/uploads\/2015\/08\/JAZZZEITUNGDE_Logo_Neu.png?fit=499%2C200&ssl=1","contentUrl":"https:\/\/i0.wp.com\/www.jazzzeitung.de\/cms\/wp-content\/uploads\/2015\/08\/JAZZZEITUNGDE_Logo_Neu.png?fit=499%2C200&ssl=1","width":499,"height":200,"caption":"JazzZeitung online"},"image":{"@id":"https:\/\/www.jazzzeitung.de\/cms\/#\/schema\/logo\/image\/"},"sameAs":["https:\/\/www.facebook.com\/JazzZeitung\/"]},{"@type":"Person","@id":"https:\/\/www.jazzzeitung.de\/cms\/#\/schema\/person\/2245b36b9cd1d24cea10f01c031fb92b","name":"Redaktion JazzZeitung","image":{"@type":"ImageObject","inLanguage":"de","@id":"https:\/\/i0.wp.com\/www.jazzzeitung.de\/cms\/wp-content\/uploads\/2015\/08\/JAZZZEITUNGDE_Logo_Neu.png?resize=96%2C96&ssl=159975dcacb611b5700bd619b5daf0a7a","url":"https:\/\/i0.wp.com\/www.jazzzeitung.de\/cms\/wp-content\/uploads\/2015\/08\/JAZZZEITUNGDE_Logo_Neu.png?resize=96%2C96&ssl=1","contentUrl":"https:\/\/i0.wp.com\/www.jazzzeitung.de\/cms\/wp-content\/uploads\/2015\/08\/JAZZZEITUNGDE_Logo_Neu.png?resize=96%2C96&ssl=1","caption":"Redaktion JazzZeitung"},"description":"Artikel der Redaktion der JazzZeitung.","sameAs":["http:\/\/www.jazzzeitung.de\/cms\/"],"url":"https:\/\/www.jazzzeitung.de\/cms\/author\/redaktion\/"}]}},"wp-worthy-pixel":{"ignored":false,"public":null,"server":null,"url":null},"wp-worthy-type":"normal","jetpack_publicize_connections":[],"cc_featured_image_caption":{"caption_text":false,"source_text":false,"source_url":false},"jetpack_featured_media_url":"","jetpack_shortlink":"https:\/\/wp.me\/p3KEcT-1If","jetpack-related-posts":[{"id":9499,"url":"https:\/\/www.jazzzeitung.de\/cms\/2016\/06\/dresdner-drum-bass-festival-2016-10th-anniversary\/","url_meta":{"origin":6587,"position":0},"title":"Dresdner Drum &#038; Bass Festival 2016 &#8211; 10th Anniversary","author":"Redaktion JazzZeitung","date":"14. Juni 2016","format":false,"excerpt":"Was haben Planet X, Fanta 4, Sarah Connor und die Heavytones gemeinsam? Sie alle k\u00f6nnen am 17. und 18. September leider nicht live spielen, jedenfalls nicht in Bestbesetzung. Denn an diesem Wochenende befinden sich ihre Drummer oder Bassisten beim 10. Dresdner Drum & Bass Festival! Neben dem Who's who der\u2026","rel":"","context":"In &quot;News&quot;","block_context":{"text":"News","link":"https:\/\/www.jazzzeitung.de\/cms\/thema\/nachrichten\/"},"img":{"alt_text":"","src":"https:\/\/i0.wp.com\/www.jazzzeitung.de\/cms\/wp-content\/uploads\/2016\/06\/virgil_DC2-150x150.jpg?resize=350%2C200","width":350,"height":200},"classes":[]},{"id":13292,"url":"https:\/\/www.jazzzeitung.de\/cms\/2017\/08\/news-trio-kitsch-dresdner-drum-bass-festival\/","url_meta":{"origin":6587,"position":1},"title":"+++ news +++ Trio Kitsch in Kaufbeuren+++ Dresdner Drum &#038; Bass Festival +++","author":"Redaktion JazzZeitung","date":"14. August 2017","format":false,"excerpt":"+++ Trio Kitsch in Kaufbeuren +++ Westerngitarre und Texte auf Deutsch? Wo die meisten Zuh\u00f6rer schon die Singer\/Songwriter-Schublade \u00f6ffnen, groovt das Kaufbeurer Trio Kitsch gegen die Klischees. Mal funky, mal bequem \u201epushen\u201c Simon Kerler an den Drums und Niklas Rehle am Bass die Songs von S\u00e4nger und Gitarristen Martin Schenk\u2026","rel":"","context":"In &quot;News&quot;","block_context":{"text":"News","link":"https:\/\/www.jazzzeitung.de\/cms\/thema\/nachrichten\/"},"img":{"alt_text":"","src":"https:\/\/i0.wp.com\/www.jazzzeitung.de\/cms\/wp-content\/uploads\/2017\/08\/kitsch-by-Jana-Gautier-3-150x150.jpg?resize=350%2C200&ssl=1","width":350,"height":200},"classes":[]},{"id":17003,"url":"https:\/\/www.jazzzeitung.de\/cms\/2018\/08\/dresdner-drum-bass-festival-stellt-programm-vor\/","url_meta":{"origin":6587,"position":2},"title":"Dresdner Drum &#038; Bass Festival stellt Programm vor","author":"Redaktion JazzZeitung","date":"23. August 2018","format":false,"excerpt":"Am 15. September 2018 geht das Dresdner Drum & Bass Festival in seine zw\u00f6lfte Runde und r\u00fcckt traditionsgem\u00e4\u00df wieder Taktgeber und Tieft\u00f6ner in seinen Fokus. Von 12 Uhr mittags bis in den sp\u00e4ten Abend bieten die Spielfreunde der Rhythmusgruppe auf f\u00fcnf B\u00fchnen - darunter Spielst\u00e4tten wie \"Scheune Saal\" und \"Katy's\u2026","rel":"","context":"In &quot;News&quot;","block_context":{"text":"News","link":"https:\/\/www.jazzzeitung.de\/cms\/thema\/nachrichten\/"},"img":{"alt_text":"","src":"https:\/\/i0.wp.com\/www.jazzzeitung.de\/cms\/wp-content\/uploads\/2018\/08\/poogie-bell.jpg?fit=1140%2C797&ssl=1&resize=350%2C200","width":350,"height":200,"srcset":"https:\/\/i0.wp.com\/www.jazzzeitung.de\/cms\/wp-content\/uploads\/2018\/08\/poogie-bell.jpg?fit=1140%2C797&ssl=1&resize=350%2C200 1x, https:\/\/i0.wp.com\/www.jazzzeitung.de\/cms\/wp-content\/uploads\/2018\/08\/poogie-bell.jpg?fit=1140%2C797&ssl=1&resize=525%2C300 1.5x, https:\/\/i0.wp.com\/www.jazzzeitung.de\/cms\/wp-content\/uploads\/2018\/08\/poogie-bell.jpg?fit=1140%2C797&ssl=1&resize=700%2C400 2x, https:\/\/i0.wp.com\/www.jazzzeitung.de\/cms\/wp-content\/uploads\/2018\/08\/poogie-bell.jpg?fit=1140%2C797&ssl=1&resize=1050%2C600 3x"},"classes":[]},{"id":22336,"url":"https:\/\/www.jazzzeitung.de\/cms\/2020\/04\/newssuedtirol-jazzfestival-alto-adige-2020-abgesagtmoers-jazzfestival-soll-stattfinden\/","url_meta":{"origin":6587,"position":3},"title":"news+++S\u00fcdtirol Jazzfestival Alto Adige 2020 abgesagt+++Moers Jazzfestival soll stattfinden+++","author":"Redaktion JazzZeitung","date":"11. April 2020","format":false,"excerpt":"Eine weitere Festival-Absage Das S\u00fcdtirol Jazzfestival Alto Adige findet dieses Jahr zum ersten Mal in 38 Jahren nicht statt. Die Pandemie hat auch die Veranstalter in S\u00fcdtirol gezwungen, Festivals, Konzerte usw. abzusagen. Das Programm des Festivals sollte eigentlich eine Reise in den osteurop\u00e4ischen Jazz sein, Name des Themas: \u201eGegen den\u2026","rel":"","context":"In &quot;News&quot;","block_context":{"text":"News","link":"https:\/\/www.jazzzeitung.de\/cms\/thema\/nachrichten\/"},"img":{"alt_text":"","src":"https:\/\/www.jazzzeitung.de\/cms\/wp-content\/uploads\/2020\/03\/Beitragsbild-beschnitten-e1583498329553.bmp","width":350,"height":200,"srcset":"https:\/\/www.jazzzeitung.de\/cms\/wp-content\/uploads\/2020\/03\/Beitragsbild-beschnitten-e1583498329553.bmp 1x, https:\/\/www.jazzzeitung.de\/cms\/wp-content\/uploads\/2020\/03\/Beitragsbild-beschnitten-e1583498329553.bmp 1.5x, https:\/\/www.jazzzeitung.de\/cms\/wp-content\/uploads\/2020\/03\/Beitragsbild-beschnitten-e1583498329553.bmp 2x, https:\/\/www.jazzzeitung.de\/cms\/wp-content\/uploads\/2020\/03\/Beitragsbild-beschnitten-e1583498329553.bmp 3x"},"classes":[]},{"id":5327,"url":"https:\/\/www.jazzzeitung.de\/cms\/2015\/02\/noch-ein-jazz-event-trave-jazz-festival-luebeck\/","url_meta":{"origin":6587,"position":4},"title":"Noch ein Jazz-Event: Trave-Jazz-Festival L\u00fcbeck","author":"Peter Ortmann","date":"12. Februar 2015","format":false,"excerpt":"Von Peter Ortmann - Heute gen\u00fcgt es nicht mehr, mit einem Jazzkonzert oder Festival in eine quadratische Konzert- oder Mehrzweckhalle zu gehen. Das Ambiente muss stimmen! M\u00f6glichst mit Wasserfl\u00e4chen (Meer oder See), Hafen, Schiffen, Wind und Wetter, Promenaden mit einladender Infrastruktur zum Verweilen. Daher finden Festivals wie Elbjazz (Hamburger Hafen)\u2026","rel":"","context":"In &quot;Blog&quot;","block_context":{"text":"Blog","link":"https:\/\/www.jazzzeitung.de\/cms\/thema\/blog\/"},"img":{"alt_text":"","src":"","width":0,"height":0},"classes":[]},{"id":11913,"url":"https:\/\/www.jazzzeitung.de\/cms\/2017\/03\/unikat-auf-der-ostdeutschen-jazzlandschaft-40-jahre-jazzclub-tonne-dresden\/","url_meta":{"origin":6587,"position":5},"title":"Unikat auf der ostdeutschen Jazzlandschaft &#8211; 40 Jahre Jazzclub Tonne Dresden","author":"Redaktion JazzZeitung","date":"18. M\u00e4rz 2017","format":false,"excerpt":"Er geh\u00f6rt zu den angesehensten Jazzclubs in Deutschland, ist auf der internationalen Szene bestens bekannt, hatte im Oktober 2015 zum dritten Mal in Folge den renommierten Spielst\u00e4ttenprogrammpreis der Initiative Musik \u2013 der F\u00f6rdereinrichtung f\u00fcr aktuelle Musik der Bundesregierung \u2013 erhalten: der Dresdner Jazzclub Tonne. Vor 40 Jahren, am 18. M\u00e4rz\u2026","rel":"","context":"In &quot;Bericht&quot;","block_context":{"text":"Bericht","link":"https:\/\/www.jazzzeitung.de\/cms\/thema\/bericht\/"},"img":{"alt_text":"","src":"https:\/\/i0.wp.com\/www.jazzzeitung.de\/cms\/wp-content\/uploads\/2017\/03\/Tonne_Bierdeckel_einzeln-150x150.jpg?resize=350%2C200","width":350,"height":200},"classes":[]}],"jetpack_sharing_enabled":true,"_links":{"self":[{"href":"https:\/\/www.jazzzeitung.de\/cms\/wp-json\/wp\/v2\/posts\/6587","targetHints":{"allow":["GET"]}}],"collection":[{"href":"https:\/\/www.jazzzeitung.de\/cms\/wp-json\/wp\/v2\/posts"}],"about":[{"href":"https:\/\/www.jazzzeitung.de\/cms\/wp-json\/wp\/v2\/types\/post"}],"author":[{"embeddable":true,"href":"https:\/\/www.jazzzeitung.de\/cms\/wp-json\/wp\/v2\/users\/18"}],"replies":[{"embeddable":true,"href":"https:\/\/www.jazzzeitung.de\/cms\/wp-json\/wp\/v2\/comments?post=6587"}],"version-history":[{"count":2,"href":"https:\/\/www.jazzzeitung.de\/cms\/wp-json\/wp\/v2\/posts\/6587\/revisions"}],"predecessor-version":[{"id":6642,"href":"https:\/\/www.jazzzeitung.de\/cms\/wp-json\/wp\/v2\/posts\/6587\/revisions\/6642"}],"wp:attachment":[{"href":"https:\/\/www.jazzzeitung.de\/cms\/wp-json\/wp\/v2\/media?parent=6587"}],"wp:term":[{"taxonomy":"category","embeddable":true,"href":"https:\/\/www.jazzzeitung.de\/cms\/wp-json\/wp\/v2\/categories?post=6587"},{"taxonomy":"post_tag","embeddable":true,"href":"https:\/\/www.jazzzeitung.de\/cms\/wp-json\/wp\/v2\/tags?post=6587"},{"taxonomy":"author","embeddable":true,"href":"https:\/\/www.jazzzeitung.de\/cms\/wp-json\/wp\/v2\/coauthors?post=6587"}],"curies":[{"name":"wp","href":"https:\/\/api.w.org\/{rel}","templated":true}]}}