{"id":658,"date":"2010-12-22T02:14:34","date_gmt":"2010-12-22T01:14:34","guid":{"rendered":"http:\/\/blogs.nmz.de\/jazz\/?p=658"},"modified":"2010-12-22T02:14:34","modified_gmt":"2010-12-22T01:14:34","slug":"education-sucks","status":"publish","type":"post","link":"https:\/\/www.jazzzeitung.de\/cms\/2010\/12\/education-sucks\/","title":{"rendered":"Education sucks!"},"content":{"rendered":"<p>Im Jazz ist die musikalische Bildung so weit fortgeschritten wie nie. \u00dcberall gibt es Landesjugendjazzorchester, in denen die Kids ihre F\u00e4higkeiten schon im Teenageralter ausbilden k\u00f6nnen. Jazzmusiker an Musikschulen sorgen als Lehrkr\u00e4fte daf\u00fcr, dass der Nachwuchs weiterhin sprie\u00dft und die b\u00f6sen Hip-Hopper mit den schweinischen Texten nicht die Oberhand gewinnen. An den Musikhochschulen gehen genug Studienbewerbungen im Jazzbereich ein, um den Bedarf mehrfach zu decken. Gro\u00dfes Interesse offenbar am universit\u00e4ren Jazz&#8230;<\/p>\n<p>Wie kommt es dann, dass <a href=\"http:\/\/blogs.nmz.de\/jazz\/2010\/11\/08\/jamm-jazzworkshop-in-muenchen-18-12-20-12-2010\/\" target=\"_blank\">ein an der HMT M\u00fcnchen veranstalteter 3-Tages-Workshop<\/a> mit solidem Dozenten-Lineup (Randy, Brecker, Billy Cobham, Nathan Davis, Abraham Laboriel, Patrice Rushen) so geringen Zulauf von au\u00dfen bekommt? Der Workshop war ausdr\u00fccklich nicht an Studenten, sondern an ambitionierte Laien gerichtet, denen man eine Gelegenheit bieten wollte, mit Profis neues Terrain zu erkunden. Eine beschr\u00e4nkte \u00d6ffnung der Hochschule f\u00fcr Interessierte. Am vergangenen Wochenende sa\u00dfen den Dozenten dann doch \u00fcberwiegend Studenten der Hochschule gegen\u00fcber \u2013 der erhoffte Ansturm der Amateure blieb aus.<\/p>\n<p>Gut, einige waren es doch und die konnten beim Workshop-Konzert zeigen, was im Laienbereich m\u00f6glich ist, wenn man konzentriert arbeitet und die richtige Unterst\u00fctzung hat. Kompliment! Wo aber waren die so zahlreichen jungen Studienanw\u00e4rter, die sich auf die Hochschule vorbereiten wollen, die Hungernden aus der zweiten Reihe, die zum engen Kreis vorsto\u00dfen wollen? Wo waren diejenigen, die sich zwar f\u00fcr einen anderen Beruf entschieden haben, aber die Musik als Leidenschaft pflegen und so weit wie m\u00f6glich treiben wollen?<\/p>\n<div class=\"tiled-gallery type-rectangular tiled-gallery-unresized\" data-original-width=\"840\" data-carousel-extra='{&quot;blog_id&quot;:1,&quot;permalink&quot;:&quot;https:\\\/\\\/www.jazzzeitung.de\\\/cms\\\/2010\\\/12\\\/education-sucks\\\/&quot;,&quot;likes_blog_id&quot;:55446655}' itemscope itemtype=\"http:\/\/schema.org\/ImageGallery\" > <div class=\"gallery-row\" style=\"width: 840px; height: 246px;\" data-original-width=\"840\" data-original-height=\"246\" > <div class=\"gallery-group images-1\" style=\"width: 327px; height: 246px;\" data-original-width=\"327\" data-original-height=\"246\" > <div class=\"tiled-gallery-item tiled-gallery-item-large\" itemprop=\"associatedMedia\" itemscope itemtype=\"http:\/\/schema.org\/ImageObject\"> <a href=\"https:\/\/i0.wp.com\/www.jazzzeitung.de\/cms\/wp-content\/uploads\/2010\/12\/P1010176.jpg?ssl=1\" border=\"0\" itemprop=\"url\"> <meta itemprop=\"width\" content=\"323\"> <meta itemprop=\"height\" content=\"242\"> <img decoding=\"async\" class=\"\" data-attachment-id=\"669\" data-orig-file=\"https:\/\/www.jazzzeitung.de\/cms\/wp-content\/uploads\/2010\/12\/P1010176.jpg\" data-orig-size=\"1280,960\" data-comments-opened=\"1\" data-image-meta=\"{&quot;aperture&quot;:&quot;3.1&quot;,&quot;credit&quot;:&quot;&quot;,&quot;camera&quot;:&quot;u30D,S410D,u410D&quot;,&quot;caption&quot;:&quot;&quot;,&quot;created_timestamp&quot;:&quot;&quot;,&quot;copyright&quot;:&quot;&quot;,&quot;focal_length&quot;:&quot;5.8&quot;,&quot;iso&quot;:&quot;250&quot;,&quot;shutter_speed&quot;:&quot;0.125&quot;,&quot;title&quot;:&quot;OLYMPUS DIGITAL CAMERA&quot;}\" data-image-title=\"JAM:M_1: Amateur-Saxophonisten. Foto: J. Lichtinger\" data-image-description=\"\" data-medium-file=\"https:\/\/i0.wp.com\/www.jazzzeitung.de\/cms\/wp-content\/uploads\/2010\/12\/P1010176.jpg?fit=300%2C225&#038;ssl=1\" data-large-file=\"https:\/\/i0.wp.com\/www.jazzzeitung.de\/cms\/wp-content\/uploads\/2010\/12\/P1010176.jpg?fit=800%2C600&#038;ssl=1\" src=\"https:\/\/i0.wp.com\/www.jazzzeitung.de\/cms\/wp-content\/uploads\/2010\/12\/P1010176.jpg?w=323&#038;h=242&#038;ssl=1\" srcset=\"https:\/\/i0.wp.com\/www.jazzzeitung.de\/cms\/wp-content\/uploads\/2010\/12\/P1010176.jpg?w=1280&amp;ssl=1 1280w, https:\/\/i0.wp.com\/www.jazzzeitung.de\/cms\/wp-content\/uploads\/2010\/12\/P1010176.jpg?resize=300%2C225&amp;ssl=1 300w, https:\/\/i0.wp.com\/www.jazzzeitung.de\/cms\/wp-content\/uploads\/2010\/12\/P1010176.jpg?resize=1024%2C768&amp;ssl=1 1024w\" width=\"323\" height=\"242\" loading=\"lazy\" data-original-width=\"323\" data-original-height=\"242\" itemprop=\"http:\/\/schema.org\/image\" title=\"JAM:M_1: Amateur-Saxophonisten. Foto: J. Lichtinger\" alt=\"JAM:M_1: Amateur-Saxophonisten. Foto: J. Lichtinger\" style=\"width: 323px; height: 242px;\" \/> <\/a> <\/div> <\/div> <!-- close group --> <div class=\"gallery-group images-1\" style=\"width: 186px; height: 246px;\" data-original-width=\"186\" data-original-height=\"246\" > <div class=\"tiled-gallery-item tiled-gallery-item-small\" itemprop=\"associatedMedia\" itemscope itemtype=\"http:\/\/schema.org\/ImageObject\"> <a href=\"https:\/\/i0.wp.com\/www.jazzzeitung.de\/cms\/wp-content\/uploads\/2010\/12\/P1010169.jpg?ssl=1\" border=\"0\" itemprop=\"url\"> <meta itemprop=\"width\" content=\"182\"> <meta itemprop=\"height\" content=\"242\"> <img decoding=\"async\" class=\"\" data-attachment-id=\"668\" data-orig-file=\"https:\/\/www.jazzzeitung.de\/cms\/wp-content\/uploads\/2010\/12\/P1010169.jpg\" data-orig-size=\"960,1280\" data-comments-opened=\"1\" data-image-meta=\"{&quot;aperture&quot;:&quot;3.1&quot;,&quot;credit&quot;:&quot;&quot;,&quot;camera&quot;:&quot;u30D,S410D,u410D&quot;,&quot;caption&quot;:&quot;&quot;,&quot;created_timestamp&quot;:&quot;&quot;,&quot;copyright&quot;:&quot;&quot;,&quot;focal_length&quot;:&quot;6.5&quot;,&quot;iso&quot;:&quot;250&quot;,&quot;shutter_speed&quot;:&quot;0.125&quot;,&quot;title&quot;:&quot;OLYMPUS DIGITAL CAMERA&quot;}\" data-image-title=\"JAM:M_2: &amp;#8222;Play it from the Head!&amp;#8220;. Foto: J\u00f6rg Lichtinger\" data-image-description=\"\" data-medium-file=\"https:\/\/i0.wp.com\/www.jazzzeitung.de\/cms\/wp-content\/uploads\/2010\/12\/P1010169.jpg?fit=225%2C300&#038;ssl=1\" data-large-file=\"https:\/\/i0.wp.com\/www.jazzzeitung.de\/cms\/wp-content\/uploads\/2010\/12\/P1010169.jpg?fit=450%2C600&#038;ssl=1\" src=\"https:\/\/i0.wp.com\/www.jazzzeitung.de\/cms\/wp-content\/uploads\/2010\/12\/P1010169.jpg?w=182&#038;h=242&#038;ssl=1\" srcset=\"https:\/\/i0.wp.com\/www.jazzzeitung.de\/cms\/wp-content\/uploads\/2010\/12\/P1010169.jpg?w=960&amp;ssl=1 960w, https:\/\/i0.wp.com\/www.jazzzeitung.de\/cms\/wp-content\/uploads\/2010\/12\/P1010169.jpg?resize=225%2C300&amp;ssl=1 225w, https:\/\/i0.wp.com\/www.jazzzeitung.de\/cms\/wp-content\/uploads\/2010\/12\/P1010169.jpg?resize=768%2C1024&amp;ssl=1 768w\" width=\"182\" height=\"242\" loading=\"lazy\" data-original-width=\"182\" data-original-height=\"242\" itemprop=\"http:\/\/schema.org\/image\" title=\"JAM:M_2: &quot;Play it from the Head!&quot;. Foto: J\u00f6rg Lichtinger\" alt=\"JAM:M_2: &quot;Play it from the Head!&quot;. Foto: J\u00f6rg Lichtinger\" style=\"width: 182px; height: 242px;\" \/> <\/a> <\/div> <\/div> <!-- close group --> <div class=\"gallery-group images-1\" style=\"width: 327px; height: 246px;\" data-original-width=\"327\" data-original-height=\"246\" > <div class=\"tiled-gallery-item tiled-gallery-item-large\" itemprop=\"associatedMedia\" itemscope itemtype=\"http:\/\/schema.org\/ImageObject\"> <a href=\"https:\/\/i0.wp.com\/www.jazzzeitung.de\/cms\/wp-content\/uploads\/2010\/12\/P1010165.jpg?ssl=1\" border=\"0\" itemprop=\"url\"> <meta itemprop=\"width\" content=\"323\"> <meta itemprop=\"height\" content=\"242\"> <img decoding=\"async\" class=\"\" data-attachment-id=\"667\" data-orig-file=\"https:\/\/www.jazzzeitung.de\/cms\/wp-content\/uploads\/2010\/12\/P1010165.jpg\" data-orig-size=\"1280,960\" data-comments-opened=\"1\" data-image-meta=\"{&quot;aperture&quot;:&quot;4.5&quot;,&quot;credit&quot;:&quot;&quot;,&quot;camera&quot;:&quot;u30D,S410D,u410D&quot;,&quot;caption&quot;:&quot;&quot;,&quot;created_timestamp&quot;:&quot;&quot;,&quot;copyright&quot;:&quot;&quot;,&quot;focal_length&quot;:&quot;11.38&quot;,&quot;iso&quot;:&quot;500&quot;,&quot;shutter_speed&quot;:&quot;0.016666666666667&quot;,&quot;title&quot;:&quot;OLYMPUS DIGITAL CAMERA&quot;}\" data-image-title=\"JAM:M_3: Patrice Rushen. Foto: J\u00f6rg Lichtinger \" data-image-description=\"\" data-medium-file=\"https:\/\/i0.wp.com\/www.jazzzeitung.de\/cms\/wp-content\/uploads\/2010\/12\/P1010165.jpg?fit=300%2C225&#038;ssl=1\" data-large-file=\"https:\/\/i0.wp.com\/www.jazzzeitung.de\/cms\/wp-content\/uploads\/2010\/12\/P1010165.jpg?fit=800%2C600&#038;ssl=1\" src=\"https:\/\/i0.wp.com\/www.jazzzeitung.de\/cms\/wp-content\/uploads\/2010\/12\/P1010165.jpg?w=323&#038;h=242&#038;ssl=1\" srcset=\"https:\/\/i0.wp.com\/www.jazzzeitung.de\/cms\/wp-content\/uploads\/2010\/12\/P1010165.jpg?w=1280&amp;ssl=1 1280w, https:\/\/i0.wp.com\/www.jazzzeitung.de\/cms\/wp-content\/uploads\/2010\/12\/P1010165.jpg?resize=300%2C225&amp;ssl=1 300w, https:\/\/i0.wp.com\/www.jazzzeitung.de\/cms\/wp-content\/uploads\/2010\/12\/P1010165.jpg?resize=1024%2C768&amp;ssl=1 1024w\" width=\"323\" height=\"242\" loading=\"lazy\" data-original-width=\"323\" data-original-height=\"242\" itemprop=\"http:\/\/schema.org\/image\" title=\"JAM:M_3: Patrice Rushen. Foto: J\u00f6rg Lichtinger \" alt=\"JAM:M_3: Patrice Rushen. Foto: J\u00f6rg Lichtinger\" style=\"width: 323px; height: 242px;\" \/> <\/a> <\/div> <\/div> <!-- close group --> <\/div> <!-- close row --> <div class=\"gallery-row\" style=\"width: 840px; height: 316px;\" data-original-width=\"840\" data-original-height=\"316\" > <div class=\"gallery-group images-1\" style=\"width: 420px; height: 316px;\" data-original-width=\"420\" data-original-height=\"316\" > <div class=\"tiled-gallery-item tiled-gallery-item-large\" itemprop=\"associatedMedia\" itemscope itemtype=\"http:\/\/schema.org\/ImageObject\"> <a href=\"https:\/\/i0.wp.com\/www.jazzzeitung.de\/cms\/wp-content\/uploads\/2010\/12\/P1010158.jpg?ssl=1\" border=\"0\" itemprop=\"url\"> <meta itemprop=\"width\" content=\"416\"> <meta itemprop=\"height\" content=\"312\"> <img decoding=\"async\" class=\"\" data-attachment-id=\"666\" data-orig-file=\"https:\/\/www.jazzzeitung.de\/cms\/wp-content\/uploads\/2010\/12\/P1010158.jpg\" data-orig-size=\"1280,960\" data-comments-opened=\"1\" data-image-meta=\"{&quot;aperture&quot;:&quot;3.6&quot;,&quot;credit&quot;:&quot;&quot;,&quot;camera&quot;:&quot;u30D,S410D,u410D&quot;,&quot;caption&quot;:&quot;&quot;,&quot;created_timestamp&quot;:&quot;&quot;,&quot;copyright&quot;:&quot;&quot;,&quot;focal_length&quot;:&quot;8.76&quot;,&quot;iso&quot;:&quot;500&quot;,&quot;shutter_speed&quot;:&quot;0.02&quot;,&quot;title&quot;:&quot;OLYMPUS DIGITAL CAMERA&quot;}\" data-image-title=\"JAM:M_4: Billy Cobham als Fotograf. Foto: J. Lichtinger\" data-image-description=\"\" data-medium-file=\"https:\/\/i0.wp.com\/www.jazzzeitung.de\/cms\/wp-content\/uploads\/2010\/12\/P1010158.jpg?fit=300%2C225&#038;ssl=1\" data-large-file=\"https:\/\/i0.wp.com\/www.jazzzeitung.de\/cms\/wp-content\/uploads\/2010\/12\/P1010158.jpg?fit=800%2C600&#038;ssl=1\" src=\"https:\/\/i0.wp.com\/www.jazzzeitung.de\/cms\/wp-content\/uploads\/2010\/12\/P1010158.jpg?w=416&#038;h=312&#038;ssl=1\" srcset=\"https:\/\/i0.wp.com\/www.jazzzeitung.de\/cms\/wp-content\/uploads\/2010\/12\/P1010158.jpg?w=1280&amp;ssl=1 1280w, https:\/\/i0.wp.com\/www.jazzzeitung.de\/cms\/wp-content\/uploads\/2010\/12\/P1010158.jpg?resize=300%2C225&amp;ssl=1 300w, https:\/\/i0.wp.com\/www.jazzzeitung.de\/cms\/wp-content\/uploads\/2010\/12\/P1010158.jpg?resize=1024%2C768&amp;ssl=1 1024w\" width=\"416\" height=\"312\" loading=\"lazy\" data-original-width=\"416\" data-original-height=\"312\" itemprop=\"http:\/\/schema.org\/image\" title=\"JAM:M_4: Billy Cobham als Fotograf. Foto: J. Lichtinger\" alt=\"JAM:M_4: Billy Cobham als Fotograf. Foto: J. Lichtinger\" style=\"width: 416px; height: 312px;\" \/> <\/a> <\/div> <\/div> <!-- close group --> <div class=\"gallery-group images-1\" style=\"width: 420px; height: 316px;\" data-original-width=\"420\" data-original-height=\"316\" > <div class=\"tiled-gallery-item tiled-gallery-item-large\" itemprop=\"associatedMedia\" itemscope itemtype=\"http:\/\/schema.org\/ImageObject\"> <a href=\"https:\/\/i0.wp.com\/www.jazzzeitung.de\/cms\/wp-content\/uploads\/2010\/12\/P1010153.jpg?ssl=1\" border=\"0\" itemprop=\"url\"> <meta itemprop=\"width\" content=\"416\"> <meta itemprop=\"height\" content=\"312\"> <img decoding=\"async\" class=\"\" data-attachment-id=\"665\" data-orig-file=\"https:\/\/www.jazzzeitung.de\/cms\/wp-content\/uploads\/2010\/12\/P1010153.jpg\" data-orig-size=\"1280,960\" data-comments-opened=\"1\" data-image-meta=\"{&quot;aperture&quot;:&quot;3.6&quot;,&quot;credit&quot;:&quot;&quot;,&quot;camera&quot;:&quot;u30D,S410D,u410D&quot;,&quot;caption&quot;:&quot;&quot;,&quot;created_timestamp&quot;:&quot;&quot;,&quot;copyright&quot;:&quot;&quot;,&quot;focal_length&quot;:&quot;8.76&quot;,&quot;iso&quot;:&quot;500&quot;,&quot;shutter_speed&quot;:&quot;0.02&quot;,&quot;title&quot;:&quot;OLYMPUS DIGITAL CAMERA&quot;}\" data-image-title=\"JAM:M_5: B\u00fchnen-Rumpelstilzchen Abraham Laboriel. Foto: J\u00f6rg Lichtinger\" data-image-description=\"\" data-medium-file=\"https:\/\/i0.wp.com\/www.jazzzeitung.de\/cms\/wp-content\/uploads\/2010\/12\/P1010153.jpg?fit=300%2C225&#038;ssl=1\" data-large-file=\"https:\/\/i0.wp.com\/www.jazzzeitung.de\/cms\/wp-content\/uploads\/2010\/12\/P1010153.jpg?fit=800%2C600&#038;ssl=1\" src=\"https:\/\/i0.wp.com\/www.jazzzeitung.de\/cms\/wp-content\/uploads\/2010\/12\/P1010153.jpg?w=416&#038;h=312&#038;ssl=1\" srcset=\"https:\/\/i0.wp.com\/www.jazzzeitung.de\/cms\/wp-content\/uploads\/2010\/12\/P1010153.jpg?w=1280&amp;ssl=1 1280w, https:\/\/i0.wp.com\/www.jazzzeitung.de\/cms\/wp-content\/uploads\/2010\/12\/P1010153.jpg?resize=300%2C225&amp;ssl=1 300w, https:\/\/i0.wp.com\/www.jazzzeitung.de\/cms\/wp-content\/uploads\/2010\/12\/P1010153.jpg?resize=1024%2C768&amp;ssl=1 1024w\" width=\"416\" height=\"312\" loading=\"lazy\" data-original-width=\"416\" data-original-height=\"312\" itemprop=\"http:\/\/schema.org\/image\" title=\"JAM:M_5: B\u00fchnen-Rumpelstilzchen Abraham Laboriel. Foto: J\u00f6rg Lichtinger\" alt=\"JAM:M_5: B\u00fchnen-Rumpelstilzchen Abraham Laboriel. Foto: J\u00f6rg Lichtinger\" style=\"width: 416px; height: 312px;\" \/> <\/a> <\/div> <\/div> <!-- close group --> <\/div> <!-- close row --> <\/div>\n<p><!--more--><\/p>\n<p>Wer schon einmal bei einer Aufnahmepr\u00fcfung an einer Musikhochschule in einem beliebigen Jazz-Hauptfach dabei war, wei\u00df, dass von mindestens 20 Bewerbern im Idealfall drei aufgenommen werden, bei popul\u00e4ren Instrumenten ist die Konkurrenz oft gr\u00f6\u00dfer, oder die freien Pl\u00e4tze noch sp\u00e4rlicher. Wo also sind die 17 Pianisten, 17 Gitarristen, 17 Bassisten, 17 Drummer, 17 Saxophonisten geblieben, die man beim letzten Mal nach Hause geschickt hat? Woran hat&#8217;s gelegen, dass die Studenten trotz der tempor\u00e4ren \u00d6ffnung weitgehend unter sich blieben?<\/p>\n<p>Hat man zu wenig Werbung gemacht? Waren die Dozenten nicht interessant genug? Bietet YouTube oder die \u00f6rtliche Musikschule doch alles, was man zum Fortkommen am Instrument braucht? Ist der Preis von 250 Euro f\u00fcr drei Tage Workshop zu hoch gewesen?<\/p>\n<p>Sind die Jugendlichen allm\u00e4hlich satt von ihren vielen M\u00f6glichkeiten oder den immerw\u00e4hrenden Anstrengungen der Erwachsenen, etwas Sinnvolles in sie hineinzustopfen? Vielleicht war Playstation-spielen doch interessanter. Vielleicht hat das Jazzinstitut der Hochschule f\u00fcr Musik und Theater M\u00fcnchen aber einfach auch nur zu wenig Facebook-Freunde&#8230;<\/p>\n","protected":false},"excerpt":{"rendered":"<p>Im Jazz ist die musikalische Bildung so weit fortgeschritten wie nie. \u00dcberall gibt es Landesjugendjazzorchester, in denen die Kids ihre F\u00e4higkeiten schon im Teenageralter ausbilden k\u00f6nnen. Jazzmusiker an Musikschulen sorgen als Lehrkr\u00e4fte daf\u00fcr, dass der Nachwuchs weiterhin sprie\u00dft und die b\u00f6sen Hip-Hopper mit den schweinischen Texten nicht die Oberhand gewinnen. An den Musikhochschulen gehen genug Studienbewerbungen im Jazzbereich ein, um den Bedarf mehrfach zu decken. Gro\u00dfes Interesse offenbar am universit\u00e4ren Jazz&#8230; Wie kommt es dann, dass ein an der HMT M\u00fcnchen veranstalteter 3-Tages-Workshop mit solidem Dozenten-Lineup (Randy, Brecker, Billy Cobham, Nathan Davis, Abraham Laboriel, Patrice Rushen) so geringen Zulauf von au\u00dfen bekommt? Der Workshop war ausdr\u00fccklich nicht an Studenten, sondern an ambitionierte Laien gerichtet, denen man eine Gelegenheit bieten wollte, mit Profis neues Terrain zu erkunden. Eine beschr\u00e4nkte \u00d6ffnung der Hochschule f\u00fcr Interessierte. Am vergangenen Wochenende sa\u00dfen den Dozenten dann doch \u00fcberwiegend Studenten der Hochschule gegen\u00fcber \u2013 der erhoffte Ansturm der Amateure blieb aus. Gut, einige waren es doch und die konnten beim Workshop-Konzert zeigen, was im Laienbereich m\u00f6glich ist, wenn man konzentriert arbeitet und die richtige Unterst\u00fctzung hat. Kompliment! Wo aber waren die so &hellip;<\/p>\n","protected":false},"author":4,"featured_media":0,"comment_status":"open","ping_status":"open","sticky":false,"template":"","format":"standard","meta":{"_jetpack_memberships_contains_paid_content":false,"footnotes":"","jetpack_publicize_message":"","jetpack_publicize_feature_enabled":true,"jetpack_social_post_already_shared":false,"jetpack_social_options":{"image_generator_settings":{"template":"highway","default_image_id":0,"font":"","enabled":false},"version":2}},"categories":[82],"tags":[27,76,171,226,277,281,343,401,409,437,456,20,608],"coauthors":[],"class_list":["post-658","post","type-post","status-publish","format-standard","hentry","category-blog","tag-abraham-laboriel","tag-billy-cobham","tag-facebook","tag-hochschule-fuer-musik-und-theater","tag-jazzinstitut","tag-jazzmusiker","tag-landesjugendjazzorchester","tag-muenchen","tag-nathan-davis","tag-patrice-rushen","tag-randy-brecker","tag-workshop","tag-youtube"],"yoast_head":"<!-- This site is optimized with the Yoast SEO plugin v27.5 - https:\/\/yoast.com\/product\/yoast-seo-wordpress\/ -->\n<title>Education sucks! - JazzZeitung<\/title>\n<meta name=\"robots\" content=\"index, follow, max-snippet:-1, max-image-preview:large, max-video-preview:-1\" \/>\n<link rel=\"canonical\" href=\"https:\/\/www.jazzzeitung.de\/cms\/2010\/12\/education-sucks\/\" \/>\n<meta property=\"og:locale\" content=\"de_DE\" \/>\n<meta property=\"og:type\" content=\"article\" \/>\n<meta property=\"og:title\" content=\"Education sucks! - JazzZeitung\" \/>\n<meta property=\"og:description\" content=\"Im Jazz ist die musikalische Bildung so weit fortgeschritten wie nie. \u00dcberall gibt es Landesjugendjazzorchester, in denen die Kids ihre F\u00e4higkeiten schon im Teenageralter ausbilden k\u00f6nnen. Jazzmusiker an Musikschulen sorgen als Lehrkr\u00e4fte daf\u00fcr, dass der Nachwuchs weiterhin sprie\u00dft und die b\u00f6sen Hip-Hopper mit den schweinischen Texten nicht die Oberhand gewinnen. An den Musikhochschulen gehen genug Studienbewerbungen im Jazzbereich ein, um den Bedarf mehrfach zu decken. Gro\u00dfes Interesse offenbar am universit\u00e4ren Jazz&#8230; Wie kommt es dann, dass ein an der HMT M\u00fcnchen veranstalteter 3-Tages-Workshop mit solidem Dozenten-Lineup (Randy, Brecker, Billy Cobham, Nathan Davis, Abraham Laboriel, Patrice Rushen) so geringen Zulauf von au\u00dfen bekommt? Der Workshop war ausdr\u00fccklich nicht an Studenten, sondern an ambitionierte Laien gerichtet, denen man eine Gelegenheit bieten wollte, mit Profis neues Terrain zu erkunden. Eine beschr\u00e4nkte \u00d6ffnung der Hochschule f\u00fcr Interessierte. Am vergangenen Wochenende sa\u00dfen den Dozenten dann doch \u00fcberwiegend Studenten der Hochschule gegen\u00fcber \u2013 der erhoffte Ansturm der Amateure blieb aus. Gut, einige waren es doch und die konnten beim Workshop-Konzert zeigen, was im Laienbereich m\u00f6glich ist, wenn man konzentriert arbeitet und die richtige Unterst\u00fctzung hat. Kompliment! Wo aber waren die so &hellip;\" \/>\n<meta property=\"og:url\" content=\"https:\/\/www.jazzzeitung.de\/cms\/2010\/12\/education-sucks\/\" \/>\n<meta property=\"og:site_name\" content=\"JazzZeitung\" \/>\n<meta property=\"article:publisher\" content=\"https:\/\/www.facebook.com\/JazzZeitung\/\" \/>\n<meta property=\"article:published_time\" content=\"2010-12-22T01:14:34+00:00\" \/>\n<meta property=\"og:image\" content=\"https:\/\/i0.wp.com\/www.jazzzeitung.de\/cms\/wp-content\/uploads\/2010\/12\/P1010176.jpg?w=323&#038;h=242&#038;ssl=1\" \/>\n<meta name=\"author\" content=\"J\u00f6rg Lichtinger\" \/>\n<script type=\"application\/ld+json\" class=\"yoast-schema-graph\">{\"@context\":\"https:\\\/\\\/schema.org\",\"@graph\":[{\"@type\":\"Article\",\"@id\":\"https:\\\/\\\/www.jazzzeitung.de\\\/cms\\\/2010\\\/12\\\/education-sucks\\\/#article\",\"isPartOf\":{\"@id\":\"https:\\\/\\\/www.jazzzeitung.de\\\/cms\\\/2010\\\/12\\\/education-sucks\\\/\"},\"author\":{\"name\":\"J\u00f6rg Lichtinger\",\"@id\":\"https:\\\/\\\/www.jazzzeitung.de\\\/cms\\\/#\\\/schema\\\/person\\\/4c5aaf486bdcd85db94b9a8b9e026bad\"},\"headline\":\"Education sucks!\",\"datePublished\":\"2010-12-22T01:14:34+00:00\",\"mainEntityOfPage\":{\"@id\":\"https:\\\/\\\/www.jazzzeitung.de\\\/cms\\\/2010\\\/12\\\/education-sucks\\\/\"},\"wordCount\":427,\"commentCount\":2,\"publisher\":{\"@id\":\"https:\\\/\\\/www.jazzzeitung.de\\\/cms\\\/#organization\"},\"keywords\":[\"Abraham Laboriel\",\"Billy Cobham\",\"facebook\",\"Hochschule f\u00fcr Musik und Theater\",\"Jazzinstitut\",\"Jazzmusiker\",\"Landesjugendjazzorchester\",\"M\u00fcnchen\",\"Nathan Davis\",\"Patrice Rushen\",\"Randy Brecker\",\"Workshop\",\"Youtube\"],\"articleSection\":[\"Blog\"],\"inLanguage\":\"de\",\"potentialAction\":[{\"@type\":\"CommentAction\",\"name\":\"Comment\",\"target\":[\"https:\\\/\\\/www.jazzzeitung.de\\\/cms\\\/2010\\\/12\\\/education-sucks\\\/#respond\"]}]},{\"@type\":\"WebPage\",\"@id\":\"https:\\\/\\\/www.jazzzeitung.de\\\/cms\\\/2010\\\/12\\\/education-sucks\\\/\",\"url\":\"https:\\\/\\\/www.jazzzeitung.de\\\/cms\\\/2010\\\/12\\\/education-sucks\\\/\",\"name\":\"Education sucks! - JazzZeitung\",\"isPartOf\":{\"@id\":\"https:\\\/\\\/www.jazzzeitung.de\\\/cms\\\/#website\"},\"datePublished\":\"2010-12-22T01:14:34+00:00\",\"breadcrumb\":{\"@id\":\"https:\\\/\\\/www.jazzzeitung.de\\\/cms\\\/2010\\\/12\\\/education-sucks\\\/#breadcrumb\"},\"inLanguage\":\"de\",\"potentialAction\":[{\"@type\":\"ReadAction\",\"target\":[\"https:\\\/\\\/www.jazzzeitung.de\\\/cms\\\/2010\\\/12\\\/education-sucks\\\/\"]}]},{\"@type\":\"BreadcrumbList\",\"@id\":\"https:\\\/\\\/www.jazzzeitung.de\\\/cms\\\/2010\\\/12\\\/education-sucks\\\/#breadcrumb\",\"itemListElement\":[{\"@type\":\"ListItem\",\"position\":1,\"name\":\"Startseite\",\"item\":\"https:\\\/\\\/www.jazzzeitung.de\\\/cms\\\/\"},{\"@type\":\"ListItem\",\"position\":2,\"name\":\"Education sucks!\"}]},{\"@type\":\"WebSite\",\"@id\":\"https:\\\/\\\/www.jazzzeitung.de\\\/cms\\\/#website\",\"url\":\"https:\\\/\\\/www.jazzzeitung.de\\\/cms\\\/\",\"name\":\"JazzZeitung\",\"description\":\"Jazz-News und Jazz-Kontroverses\",\"publisher\":{\"@id\":\"https:\\\/\\\/www.jazzzeitung.de\\\/cms\\\/#organization\"},\"potentialAction\":[{\"@type\":\"SearchAction\",\"target\":{\"@type\":\"EntryPoint\",\"urlTemplate\":\"https:\\\/\\\/www.jazzzeitung.de\\\/cms\\\/?s={search_term_string}\"},\"query-input\":{\"@type\":\"PropertyValueSpecification\",\"valueRequired\":true,\"valueName\":\"search_term_string\"}}],\"inLanguage\":\"de\"},{\"@type\":\"Organization\",\"@id\":\"https:\\\/\\\/www.jazzzeitung.de\\\/cms\\\/#organization\",\"name\":\"JazzZeitung online\",\"url\":\"https:\\\/\\\/www.jazzzeitung.de\\\/cms\\\/\",\"logo\":{\"@type\":\"ImageObject\",\"inLanguage\":\"de\",\"@id\":\"https:\\\/\\\/www.jazzzeitung.de\\\/cms\\\/#\\\/schema\\\/logo\\\/image\\\/\",\"url\":\"https:\\\/\\\/i0.wp.com\\\/www.jazzzeitung.de\\\/cms\\\/wp-content\\\/uploads\\\/2015\\\/08\\\/JAZZZEITUNGDE_Logo_Neu.png?fit=499%2C200&ssl=1\",\"contentUrl\":\"https:\\\/\\\/i0.wp.com\\\/www.jazzzeitung.de\\\/cms\\\/wp-content\\\/uploads\\\/2015\\\/08\\\/JAZZZEITUNGDE_Logo_Neu.png?fit=499%2C200&ssl=1\",\"width\":499,\"height\":200,\"caption\":\"JazzZeitung online\"},\"image\":{\"@id\":\"https:\\\/\\\/www.jazzzeitung.de\\\/cms\\\/#\\\/schema\\\/logo\\\/image\\\/\"},\"sameAs\":[\"https:\\\/\\\/www.facebook.com\\\/JazzZeitung\\\/\"]},{\"@type\":\"Person\",\"@id\":\"https:\\\/\\\/www.jazzzeitung.de\\\/cms\\\/#\\\/schema\\\/person\\\/4c5aaf486bdcd85db94b9a8b9e026bad\",\"name\":\"J\u00f6rg Lichtinger\",\"image\":{\"@type\":\"ImageObject\",\"inLanguage\":\"de\",\"@id\":\"https:\\\/\\\/secure.gravatar.com\\\/avatar\\\/8d1d484eb77cf370a1620f9866681cdba540c9b8439ce96ea0c830dd3b59936c?s=96&d=wp_user_avatar&r=ge66dff7680db2349fb79ae0cb2d734e3\",\"url\":\"https:\\\/\\\/secure.gravatar.com\\\/avatar\\\/8d1d484eb77cf370a1620f9866681cdba540c9b8439ce96ea0c830dd3b59936c?s=96&d=wp_user_avatar&r=g\",\"contentUrl\":\"https:\\\/\\\/secure.gravatar.com\\\/avatar\\\/8d1d484eb77cf370a1620f9866681cdba540c9b8439ce96ea0c830dd3b59936c?s=96&d=wp_user_avatar&r=g\",\"caption\":\"J\u00f6rg Lichtinger\"},\"url\":\"https:\\\/\\\/www.jazzzeitung.de\\\/cms\\\/author\\\/lichtinger\\\/\"}]}<\/script>\n<!-- \/ Yoast SEO plugin. -->","yoast_head_json":{"title":"Education sucks! - JazzZeitung","robots":{"index":"index","follow":"follow","max-snippet":"max-snippet:-1","max-image-preview":"max-image-preview:large","max-video-preview":"max-video-preview:-1"},"canonical":"https:\/\/www.jazzzeitung.de\/cms\/2010\/12\/education-sucks\/","og_locale":"de_DE","og_type":"article","og_title":"Education sucks! - JazzZeitung","og_description":"Im Jazz ist die musikalische Bildung so weit fortgeschritten wie nie. \u00dcberall gibt es Landesjugendjazzorchester, in denen die Kids ihre F\u00e4higkeiten schon im Teenageralter ausbilden k\u00f6nnen. Jazzmusiker an Musikschulen sorgen als Lehrkr\u00e4fte daf\u00fcr, dass der Nachwuchs weiterhin sprie\u00dft und die b\u00f6sen Hip-Hopper mit den schweinischen Texten nicht die Oberhand gewinnen. An den Musikhochschulen gehen genug Studienbewerbungen im Jazzbereich ein, um den Bedarf mehrfach zu decken. Gro\u00dfes Interesse offenbar am universit\u00e4ren Jazz&#8230; Wie kommt es dann, dass ein an der HMT M\u00fcnchen veranstalteter 3-Tages-Workshop mit solidem Dozenten-Lineup (Randy, Brecker, Billy Cobham, Nathan Davis, Abraham Laboriel, Patrice Rushen) so geringen Zulauf von au\u00dfen bekommt? Der Workshop war ausdr\u00fccklich nicht an Studenten, sondern an ambitionierte Laien gerichtet, denen man eine Gelegenheit bieten wollte, mit Profis neues Terrain zu erkunden. Eine beschr\u00e4nkte \u00d6ffnung der Hochschule f\u00fcr Interessierte. Am vergangenen Wochenende sa\u00dfen den Dozenten dann doch \u00fcberwiegend Studenten der Hochschule gegen\u00fcber \u2013 der erhoffte Ansturm der Amateure blieb aus. Gut, einige waren es doch und die konnten beim Workshop-Konzert zeigen, was im Laienbereich m\u00f6glich ist, wenn man konzentriert arbeitet und die richtige Unterst\u00fctzung hat. Kompliment! Wo aber waren die so &hellip;","og_url":"https:\/\/www.jazzzeitung.de\/cms\/2010\/12\/education-sucks\/","og_site_name":"JazzZeitung","article_publisher":"https:\/\/www.facebook.com\/JazzZeitung\/","article_published_time":"2010-12-22T01:14:34+00:00","og_image":[{"url":"https:\/\/i0.wp.com\/www.jazzzeitung.de\/cms\/wp-content\/uploads\/2010\/12\/P1010176.jpg?w=323&#038;h=242&#038;ssl=1","type":"","width":"","height":""}],"author":"J\u00f6rg Lichtinger","schema":{"@context":"https:\/\/schema.org","@graph":[{"@type":"Article","@id":"https:\/\/www.jazzzeitung.de\/cms\/2010\/12\/education-sucks\/#article","isPartOf":{"@id":"https:\/\/www.jazzzeitung.de\/cms\/2010\/12\/education-sucks\/"},"author":{"name":"J\u00f6rg Lichtinger","@id":"https:\/\/www.jazzzeitung.de\/cms\/#\/schema\/person\/4c5aaf486bdcd85db94b9a8b9e026bad"},"headline":"Education sucks!","datePublished":"2010-12-22T01:14:34+00:00","mainEntityOfPage":{"@id":"https:\/\/www.jazzzeitung.de\/cms\/2010\/12\/education-sucks\/"},"wordCount":427,"commentCount":2,"publisher":{"@id":"https:\/\/www.jazzzeitung.de\/cms\/#organization"},"keywords":["Abraham Laboriel","Billy Cobham","facebook","Hochschule f\u00fcr Musik und Theater","Jazzinstitut","Jazzmusiker","Landesjugendjazzorchester","M\u00fcnchen","Nathan Davis","Patrice Rushen","Randy Brecker","Workshop","Youtube"],"articleSection":["Blog"],"inLanguage":"de","potentialAction":[{"@type":"CommentAction","name":"Comment","target":["https:\/\/www.jazzzeitung.de\/cms\/2010\/12\/education-sucks\/#respond"]}]},{"@type":"WebPage","@id":"https:\/\/www.jazzzeitung.de\/cms\/2010\/12\/education-sucks\/","url":"https:\/\/www.jazzzeitung.de\/cms\/2010\/12\/education-sucks\/","name":"Education sucks! - JazzZeitung","isPartOf":{"@id":"https:\/\/www.jazzzeitung.de\/cms\/#website"},"datePublished":"2010-12-22T01:14:34+00:00","breadcrumb":{"@id":"https:\/\/www.jazzzeitung.de\/cms\/2010\/12\/education-sucks\/#breadcrumb"},"inLanguage":"de","potentialAction":[{"@type":"ReadAction","target":["https:\/\/www.jazzzeitung.de\/cms\/2010\/12\/education-sucks\/"]}]},{"@type":"BreadcrumbList","@id":"https:\/\/www.jazzzeitung.de\/cms\/2010\/12\/education-sucks\/#breadcrumb","itemListElement":[{"@type":"ListItem","position":1,"name":"Startseite","item":"https:\/\/www.jazzzeitung.de\/cms\/"},{"@type":"ListItem","position":2,"name":"Education sucks!"}]},{"@type":"WebSite","@id":"https:\/\/www.jazzzeitung.de\/cms\/#website","url":"https:\/\/www.jazzzeitung.de\/cms\/","name":"JazzZeitung","description":"Jazz-News und Jazz-Kontroverses","publisher":{"@id":"https:\/\/www.jazzzeitung.de\/cms\/#organization"},"potentialAction":[{"@type":"SearchAction","target":{"@type":"EntryPoint","urlTemplate":"https:\/\/www.jazzzeitung.de\/cms\/?s={search_term_string}"},"query-input":{"@type":"PropertyValueSpecification","valueRequired":true,"valueName":"search_term_string"}}],"inLanguage":"de"},{"@type":"Organization","@id":"https:\/\/www.jazzzeitung.de\/cms\/#organization","name":"JazzZeitung online","url":"https:\/\/www.jazzzeitung.de\/cms\/","logo":{"@type":"ImageObject","inLanguage":"de","@id":"https:\/\/www.jazzzeitung.de\/cms\/#\/schema\/logo\/image\/","url":"https:\/\/i0.wp.com\/www.jazzzeitung.de\/cms\/wp-content\/uploads\/2015\/08\/JAZZZEITUNGDE_Logo_Neu.png?fit=499%2C200&ssl=1","contentUrl":"https:\/\/i0.wp.com\/www.jazzzeitung.de\/cms\/wp-content\/uploads\/2015\/08\/JAZZZEITUNGDE_Logo_Neu.png?fit=499%2C200&ssl=1","width":499,"height":200,"caption":"JazzZeitung online"},"image":{"@id":"https:\/\/www.jazzzeitung.de\/cms\/#\/schema\/logo\/image\/"},"sameAs":["https:\/\/www.facebook.com\/JazzZeitung\/"]},{"@type":"Person","@id":"https:\/\/www.jazzzeitung.de\/cms\/#\/schema\/person\/4c5aaf486bdcd85db94b9a8b9e026bad","name":"J\u00f6rg Lichtinger","image":{"@type":"ImageObject","inLanguage":"de","@id":"https:\/\/secure.gravatar.com\/avatar\/8d1d484eb77cf370a1620f9866681cdba540c9b8439ce96ea0c830dd3b59936c?s=96&d=wp_user_avatar&r=ge66dff7680db2349fb79ae0cb2d734e3","url":"https:\/\/secure.gravatar.com\/avatar\/8d1d484eb77cf370a1620f9866681cdba540c9b8439ce96ea0c830dd3b59936c?s=96&d=wp_user_avatar&r=g","contentUrl":"https:\/\/secure.gravatar.com\/avatar\/8d1d484eb77cf370a1620f9866681cdba540c9b8439ce96ea0c830dd3b59936c?s=96&d=wp_user_avatar&r=g","caption":"J\u00f6rg Lichtinger"},"url":"https:\/\/www.jazzzeitung.de\/cms\/author\/lichtinger\/"}]}},"wp-worthy-pixel":{"ignored":false,"public":null,"server":null,"url":null},"wp-worthy-type":"normal","jetpack_publicize_connections":[],"cc_featured_image_caption":{"caption_text":false,"source_text":false,"source_url":false},"jetpack_featured_media_url":"","jetpack_shortlink":"https:\/\/wp.me\/p3KEcT-aC","jetpack-related-posts":[{"id":551,"url":"https:\/\/www.jazzzeitung.de\/cms\/2010\/11\/jamm-jazzworkshop-in-muenchen-18-12-20-12-2010\/","url_meta":{"origin":658,"position":0},"title":"JAM:M \u2013 Jazzworkshop in M\u00fcnchen (18.12.\u201320.12.2010)","author":"J\u00f6rg Lichtinger","date":"8. November 2010","format":false,"excerpt":"Zum 25. Jubil\u00e4um des M\u00fcnchner Kulturzentrums Gasteig finden verteilt \u00fcber die Saison besondere Veranstaltungen in den R\u00e4umlichkeiten statt. In Sachen Jazz hat die Betreibergesellschaft Gasteig M\u00fcnchen GmbH in Kooperation mit dem Jazzinstitut der Hochschule f\u00fcr Musik und Theater M\u00fcnchen ein Workshop- und Konzertevent entwickelt, die Jazz Masters M\u00fcnchen, JAM:M. Au\u00dferdem\u2026","rel":"","context":"In &quot;Blog&quot;","block_context":{"text":"Blog","link":"https:\/\/www.jazzzeitung.de\/cms\/thema\/blog\/"},"img":{"alt_text":"Der Gasteig M\u00fcnchen. Foto: Gasteig M\u00fcnchen GmbH\/ Barbara Stenzel","src":"https:\/\/i0.wp.com\/www.jazzzeitung.de\/cms\/wp-content\/uploads\/2010\/11\/Gasteig_Aussenaufnahme_2-300x238.jpg?resize=350%2C200","width":350,"height":200},"classes":[]},{"id":17199,"url":"https:\/\/www.jazzzeitung.de\/cms\/2018\/09\/news-goettinger-jazzfestival-stellt-programm-vor-dusko-gojkovic-im-musiksalon-diessen-zweimal-30-jaehriges-jublium-das-bujazzo-und-ljjo-hamburg-in-der-elbphilharmonie-kunsthaus-mi\/","url_meta":{"origin":658,"position":1},"title":"+++ News +++ G\u00f6ttinger Jazzfestival stellt Programm vor +++ Dusko Gojkovic im Musiksalon Die\u00dfen +++ Zweimal 30-j\u00e4hriges Jublium: Das BujazzO und LJJO Hamburg in der Elbphilharmonie +++ Kunsthaus Michel empf\u00e4ngt Fl\u00f6tist Fernando Fracassi +++","author":"Redaktion JazzZeitung","date":"11. September 2018","format":false,"excerpt":"+++ G\u00f6ttinger Jazzfestival stellt Programm vor +++ Auch in seiner 41. Auflage pr\u00e4sentiert das G\u00f6ttinger Jazzfestival vom 10. bis 18. November 2018 internationale K\u00fcnstler sowie zahlreiche Bands der lokalen Szene, die das Publikum \u00fcber eine Woche an diversen Spielst\u00e4tten wie Deutsches Theater, Altes Rathaus und Literarisches Zentrum unterhalten. Unter anderem\u2026","rel":"","context":"In &quot;News&quot;","block_context":{"text":"News","link":"https:\/\/www.jazzzeitung.de\/cms\/thema\/nachrichten\/"},"img":{"alt_text":"","src":"https:\/\/i0.wp.com\/www.jazzzeitung.de\/cms\/wp-content\/uploads\/2018\/09\/MAC1116-Stanley-Clarke-by-Raj-Naik_-PR587.jpg?fit=1200%2C800&ssl=1&resize=350%2C200","width":350,"height":200,"srcset":"https:\/\/i0.wp.com\/www.jazzzeitung.de\/cms\/wp-content\/uploads\/2018\/09\/MAC1116-Stanley-Clarke-by-Raj-Naik_-PR587.jpg?fit=1200%2C800&ssl=1&resize=350%2C200 1x, https:\/\/i0.wp.com\/www.jazzzeitung.de\/cms\/wp-content\/uploads\/2018\/09\/MAC1116-Stanley-Clarke-by-Raj-Naik_-PR587.jpg?fit=1200%2C800&ssl=1&resize=525%2C300 1.5x, https:\/\/i0.wp.com\/www.jazzzeitung.de\/cms\/wp-content\/uploads\/2018\/09\/MAC1116-Stanley-Clarke-by-Raj-Naik_-PR587.jpg?fit=1200%2C800&ssl=1&resize=700%2C400 2x, https:\/\/i0.wp.com\/www.jazzzeitung.de\/cms\/wp-content\/uploads\/2018\/09\/MAC1116-Stanley-Clarke-by-Raj-Naik_-PR587.jpg?fit=1200%2C800&ssl=1&resize=1050%2C600 3x"},"classes":[]},{"id":5172,"url":"https:\/\/www.jazzzeitung.de\/cms\/2015\/01\/lernen-vom-trend-master-herbolzheimer\/","url_meta":{"origin":658,"position":2},"title":"Lernen vom Trend-Master Herbolzheimer","author":"Peter Ortmann","date":"8. Januar 2015","format":false,"excerpt":"Peter Herbolzheimer hat die Rockmusik in die Bigbandmusik geholt. Jazzrock war Anfang der 70er-Jahre des letzten Jahrhunderts der neue Trend des Jazz. Historiker sprechen sogar vom Jazzrock als neuem Jazzstil. Es war zu\u00e4chst nichts weiter als die Adaption der musikalischen Grundlagenelemente der Beatles, der Rolling Stones, der Soulmusiker und anderer\u2026","rel":"","context":"In &quot;Blog&quot;","block_context":{"text":"Blog","link":"https:\/\/www.jazzzeitung.de\/cms\/thema\/blog\/"},"img":{"alt_text":"2010-05-herbolzheimer","src":"https:\/\/i0.wp.com\/www.jazzzeitung.de\/cms\/wp-content\/uploads\/2015\/01\/2010-05-herbolzheimer-150x150.jpg?resize=350%2C200","width":350,"height":200},"classes":[]},{"id":4682,"url":"https:\/\/www.jazzzeitung.de\/cms\/2014\/10\/bildergalerie-glm-stars-und\/","url_meta":{"origin":658,"position":3},"title":"Bildergalerie: GLM All Stars und Hammond Eggs","author":"Redaktion JazzZeitung","date":"13. Oktober 2014","format":false,"excerpt":"Vergangene Woche war wieder mal richtig viel los in M\u00fcnchen und Ralf Dombrowski war dabei. Los geht's mit den GLM All Stars im\u00a0K\u00fcnstlerhaus in M\u00fcnchen: ein sch\u00f6nes und geschmackvolles Konzert zum Labeljubil\u00e4um, in der ersten H\u00e4lfte mit den Kreuschs, in der zweiten mit\u00a0Caf\u00e9 del\u00a0Mundo, Le Bang Bang und Kombinationen der\u2026","rel":"","context":"In &quot;Galerie&quot;","block_context":{"text":"Galerie","link":"https:\/\/www.jazzzeitung.de\/cms\/thema\/galerie\/"},"img":{"alt_text":"","src":"https:\/\/i0.wp.com\/www.jazzzeitung.de\/cms\/wp-content\/uploads\/2014\/10\/0K3A4127-Le-Bang-Bang-1-dombr.jpg?resize=350%2C200","width":350,"height":200,"srcset":"https:\/\/i0.wp.com\/www.jazzzeitung.de\/cms\/wp-content\/uploads\/2014\/10\/0K3A4127-Le-Bang-Bang-1-dombr.jpg?resize=350%2C200 1x, https:\/\/i0.wp.com\/www.jazzzeitung.de\/cms\/wp-content\/uploads\/2014\/10\/0K3A4127-Le-Bang-Bang-1-dombr.jpg?resize=525%2C300 1.5x, https:\/\/i0.wp.com\/www.jazzzeitung.de\/cms\/wp-content\/uploads\/2014\/10\/0K3A4127-Le-Bang-Bang-1-dombr.jpg?resize=700%2C400 2x, https:\/\/i0.wp.com\/www.jazzzeitung.de\/cms\/wp-content\/uploads\/2014\/10\/0K3A4127-Le-Bang-Bang-1-dombr.jpg?resize=1050%2C600 3x"},"classes":[]},{"id":5809,"url":"https:\/\/www.jazzzeitung.de\/cms\/2015\/03\/news-lana-meets-jazz-2015-landsberger-auf-tour-karlzon-regensburg\/","url_meta":{"origin":658,"position":4},"title":"News: Lana meets Jazz 2015 +++ Landsberger auf Tour +++ Karlzon in Regensburg","author":"Redaktion JazzZeitung","date":"26. M\u00e4rz 2015","format":false,"excerpt":"Lana meets Jazz 2015 ganz im Dienste des musikalischen Nachwuchses Auch im Jahr 2015 steht das Festival Lana meets Jazz ganz im\u00a0Zeichen der musizierenden Jugend S\u00fcdtirols. Das Festival vom 04.-10. Mai zeichnet\u00a0sich durch die gemeinsamen Auftritte gro\u00dfer und kleiner K\u00fcnstler\u00a0aus und ist in S\u00fcdtirol in seiner Art wohl einzigartig. Es\u2026","rel":"","context":"In &quot;News&quot;","block_context":{"text":"News","link":"https:\/\/www.jazzzeitung.de\/cms\/thema\/nachrichten\/"},"img":{"alt_text":"Lana","src":"https:\/\/i0.wp.com\/www.jazzzeitung.de\/cms\/wp-content\/uploads\/2015\/03\/Lana-150x150.jpg?resize=350%2C200","width":350,"height":200},"classes":[]},{"id":30971,"url":"https:\/\/www.jazzzeitung.de\/cms\/2024\/04\/30971\/","url_meta":{"origin":658,"position":5},"title":"Verleihung des German Jazz Trophy 2024 an Billy Cobham","author":"Redaktion JazzZeitung","date":"25. April 2024","format":false,"excerpt":"Die\u00a0German Jazz Trophy 2024\u00a0wird wieder im Rahmen der\u00a0jazzopen stuttgart 2024\u00a0verliehen. Dieses Jahr geht die Auszeichnung an den\u00a0Drummer\u00a0Billy Cobham.\u00a0Die Preisverleihung findet am\u00a018. Juli 2024\u00a0in der\u00a0SpardaWelt\u00a0statt. Billy Cobham, geboren am 16. Mai 1944 in Panama und aufgewachsen in Brooklyn, New York, begann seine Musikkarriere bereits mit acht Jahren in einer Drum- und\u2026","rel":"","context":"In &quot;News&quot;","block_context":{"text":"News","link":"https:\/\/www.jazzzeitung.de\/cms\/thema\/nachrichten\/"},"img":{"alt_text":"","src":"https:\/\/i0.wp.com\/www.jazzzeitung.de\/cms\/wp-content\/uploads\/2024\/04\/Cobham-Billy-sw-Kumpf.jpg?fit=1200%2C819&ssl=1&resize=350%2C200","width":350,"height":200,"srcset":"https:\/\/i0.wp.com\/www.jazzzeitung.de\/cms\/wp-content\/uploads\/2024\/04\/Cobham-Billy-sw-Kumpf.jpg?fit=1200%2C819&ssl=1&resize=350%2C200 1x, https:\/\/i0.wp.com\/www.jazzzeitung.de\/cms\/wp-content\/uploads\/2024\/04\/Cobham-Billy-sw-Kumpf.jpg?fit=1200%2C819&ssl=1&resize=525%2C300 1.5x, https:\/\/i0.wp.com\/www.jazzzeitung.de\/cms\/wp-content\/uploads\/2024\/04\/Cobham-Billy-sw-Kumpf.jpg?fit=1200%2C819&ssl=1&resize=700%2C400 2x, https:\/\/i0.wp.com\/www.jazzzeitung.de\/cms\/wp-content\/uploads\/2024\/04\/Cobham-Billy-sw-Kumpf.jpg?fit=1200%2C819&ssl=1&resize=1050%2C600 3x"},"classes":[]}],"jetpack_sharing_enabled":true,"_links":{"self":[{"href":"https:\/\/www.jazzzeitung.de\/cms\/wp-json\/wp\/v2\/posts\/658","targetHints":{"allow":["GET"]}}],"collection":[{"href":"https:\/\/www.jazzzeitung.de\/cms\/wp-json\/wp\/v2\/posts"}],"about":[{"href":"https:\/\/www.jazzzeitung.de\/cms\/wp-json\/wp\/v2\/types\/post"}],"author":[{"embeddable":true,"href":"https:\/\/www.jazzzeitung.de\/cms\/wp-json\/wp\/v2\/users\/4"}],"replies":[{"embeddable":true,"href":"https:\/\/www.jazzzeitung.de\/cms\/wp-json\/wp\/v2\/comments?post=658"}],"version-history":[{"count":0,"href":"https:\/\/www.jazzzeitung.de\/cms\/wp-json\/wp\/v2\/posts\/658\/revisions"}],"wp:attachment":[{"href":"https:\/\/www.jazzzeitung.de\/cms\/wp-json\/wp\/v2\/media?parent=658"}],"wp:term":[{"taxonomy":"category","embeddable":true,"href":"https:\/\/www.jazzzeitung.de\/cms\/wp-json\/wp\/v2\/categories?post=658"},{"taxonomy":"post_tag","embeddable":true,"href":"https:\/\/www.jazzzeitung.de\/cms\/wp-json\/wp\/v2\/tags?post=658"},{"taxonomy":"author","embeddable":true,"href":"https:\/\/www.jazzzeitung.de\/cms\/wp-json\/wp\/v2\/coauthors?post=658"}],"curies":[{"name":"wp","href":"https:\/\/api.w.org\/{rel}","templated":true}]}}