{"id":6531,"date":"2015-07-08T16:13:42","date_gmt":"2015-07-08T14:13:42","guid":{"rendered":"http:\/\/www.jazzzeitung.de\/cms\/?p=6531"},"modified":"2015-07-08T16:13:42","modified_gmt":"2015-07-08T14:13:42","slug":"dresden-kuendigt-jazzclub-tonne","status":"publish","type":"post","link":"https:\/\/www.jazzzeitung.de\/cms\/2015\/07\/dresden-kuendigt-jazzclub-tonne\/","title":{"rendered":"Dresden k\u00fcndigt Jazzclub Tonne"},"content":{"rendered":"<p>Wie die s\u00e4chsische Landeshauptstadt Dresden mit einem Kleinod des Jazz umgeht: Bei Problemen wird dicht gemacht! <a href=\"http:\/\/www.jazzzeitung.de\/cms\/2015\/06\/dresdens-jazzclub-macht-dicht-weil-er-undicht-ist-und-die-stadt-ihn-nicht-dicht-bekommt\/\">Erst steht der Dresdner Jazzclub Tonne im Regen, weil das Geb\u00e4ude undicht ist.<\/a> Daraufhin wird die Spielst\u00e4tte dicht gemacht (und nicht etwa abgedichtet). Weil das alles nix hilft, werden die Veranstalter auf die Stra\u00dfe gesetzt. Merke: Dresden will Kulturhauptstadt werden.<\/p>\n<figure id=\"attachment_6532\" aria-describedby=\"caption-attachment-6532\" style=\"width: 695px\" class=\"wp-caption aligncenter\"><a href=\"https:\/\/i0.wp.com\/www.jazzzeitung.de\/cms\/wp-content\/uploads\/2015\/07\/fuer_die_tonne_c_hufner.jpg\"><img data-recalc-dims=\"1\" loading=\"lazy\" decoding=\"async\" data-attachment-id=\"6532\" data-permalink=\"https:\/\/www.jazzzeitung.de\/cms\/2015\/07\/dresden-kuendigt-jazzclub-tonne\/fuer_die_tonne_c_hufner\/\" data-orig-file=\"https:\/\/i0.wp.com\/www.jazzzeitung.de\/cms\/wp-content\/uploads\/2015\/07\/fuer_die_tonne_c_hufner.jpg?fit=1461%2C1096&amp;ssl=1\" data-orig-size=\"1461,1096\" data-comments-opened=\"1\" data-image-meta=\"{&quot;aperture&quot;:&quot;2&quot;,&quot;credit&quot;:&quot;&quot;,&quot;camera&quot;:&quot;QV-3000EX&quot;,&quot;caption&quot;:&quot;&quot;,&quot;created_timestamp&quot;:&quot;946867116&quot;,&quot;copyright&quot;:&quot;&quot;,&quot;focal_length&quot;:&quot;7.13&quot;,&quot;iso&quot;:&quot;0&quot;,&quot;shutter_speed&quot;:&quot;0.016666666666667&quot;,&quot;title&quot;:&quot;&quot;,&quot;orientation&quot;:&quot;0&quot;}\" data-image-title=\"Alles in die Tonne. Foto: Hufner\" data-image-description=\"&lt;p&gt;Alles in die Tonne. Foto: Hufner&lt;\/p&gt;\n\" data-image-caption=\"&lt;p&gt;Alles in die Tonne. Foto: Hufner&lt;\/p&gt;\n\" data-large-file=\"https:\/\/i0.wp.com\/www.jazzzeitung.de\/cms\/wp-content\/uploads\/2015\/07\/fuer_die_tonne_c_hufner.jpg?fit=800%2C600&amp;ssl=1\" class=\"size-large wp-image-6532\" src=\"https:\/\/i0.wp.com\/www.jazzzeitung.de\/cms\/wp-content\/uploads\/2015\/07\/fuer_die_tonne_c_hufner-800x600.jpg?resize=695%2C521\" alt=\"Alles in die Tonne. Foto: Hufner\" width=\"695\" height=\"521\" srcset=\"https:\/\/i0.wp.com\/www.jazzzeitung.de\/cms\/wp-content\/uploads\/2015\/07\/fuer_die_tonne_c_hufner.jpg?resize=800%2C600&amp;ssl=1 800w, https:\/\/i0.wp.com\/www.jazzzeitung.de\/cms\/wp-content\/uploads\/2015\/07\/fuer_die_tonne_c_hufner.jpg?resize=300%2C225&amp;ssl=1 300w, https:\/\/i0.wp.com\/www.jazzzeitung.de\/cms\/wp-content\/uploads\/2015\/07\/fuer_die_tonne_c_hufner.jpg?resize=900%2C675&amp;ssl=1 900w, https:\/\/i0.wp.com\/www.jazzzeitung.de\/cms\/wp-content\/uploads\/2015\/07\/fuer_die_tonne_c_hufner.jpg?w=1461&amp;ssl=1 1461w\" sizes=\"auto, (max-width: 695px) 100vw, 695px\" \/><\/a><figcaption id=\"caption-attachment-6532\" class=\"wp-caption-text\">Alles in die Tonne. Foto: Hufner<\/figcaption><\/figure>\n<p>Gut, im Jazz kann Ironie ein wirksames Mittel sein, um musischen Gemeinsinn von Interpreten und Publikum kr\u00e4ftig zu sch\u00e4rfen. Beim Dresdner Jazzclub Tonne e.V. d\u00fcrften Ironie und Sarkasmus jetzt erst einmal vom Tisch sein. Da sind Trauerarbeit angesagt und das Hoffen auf Rettung in letzter Not. Und im Rathaus der Landeshauptstadt gab es bislang ohnehin keine Anzeichen f\u00fcr feineren Hintersinn. Da wurden Probleme, wenn \u00fcberhaupt, dann eher ausgesessen. Das haben sie vom Kohl gelernt!<\/p>\n<p>Wenn die Probleme aber ins Geld gehen, dann wird urpl\u00f6tzlich gehandelt. Schluss mit der Improvisationskunst! So auch im ansonsten so unbeweglichen Dresden. Zum 31. August ist dem mehrfach mit dem Spielst\u00e4ttenprogrammpreis der Bundesregierung ausgezeichneten Jazzclub gek\u00fcndigt worden. \u201eOrdentlich\u201c und \u201efristgem\u00e4\u00df\u201c, wie es in einem Schreiben des Liegenschaftsamtes hei\u00dft. Unmittelbar danach sollte die Herbstsaison starten, f\u00fcr die schon zahlreiche Konzerte gebucht worden sind.<\/p>\n<h4>B\u00fcrokratie in Aktion<\/h4>\n<p>Die Stadt als Vermieter will mit diesem Schritt weitere Schadensersatzforderungen vermeiden, nachdem es schon wegen eines Wassereinbruchs infolge von Starkregen Mitte Juni zu heftigen Sch\u00e4den gekommen war. Ein Fl\u00fcgel ist hin, auch die Elektrotechnik ist in Mitleidenschaft gezogen worden. So etwas soll nicht wieder vorkommen \u2013 also wurde den von eindringendem Regenwasser gebeutelten Jazz-Veranstaltern der Tonne nun mit b\u00fcrokratischer Trockenheit der sprichw\u00f6rtliche Stuhl vor die T\u00fcre gestellt. Um sie aufs Trockene zu setzen?<\/p>\n<p>Dresdens Jazzclub Tonne befindet sich just im Kellergew\u00f6lbe unter dem Kulturrathaus der Stadt. Von dort ans\u00e4ssigen Kulturamt habe es Unterst\u00fctzung gegeben, nicht aber vom Vermieter, dem st\u00e4dtischen Liegenschaftsamt. Dem sind die Probleme seit Jahren bekannt. Bereits 2012 hatte es ein Provisorium \u00fcber der Tonne aufgebracht, das laut Hersteller zwei Jahre lang Schutz bieten sollte. Es hat immerhin drei Jahre gehalten.<\/p>\n<p>Nun hoffen die Tonne-Leute um Gesch\u00e4ftsf\u00fchrer Steffen Wilde und Vereinsvorsitzenden Helmut Gebauer erneut auf ein solches Provisorium, doch damit will oder kann die Stadt angeblich nicht dienen. Sie lie\u00df zu den Ursachen f\u00fcr den Wassereintritt verlautbaren, \u201egem\u00e4\u00df der aktuellen gutachterlichen Stellungnahme vom Februar 2015 sind diese darin begr\u00fcndet, dass aufgrund der vorhandenen Deckenrandverformungen kein wasserdichter Wandanschluss hergestellt werden kann\u201c \u2013 ein Wortlaut wie aus dem Bilderbuch Jazz! Will das nicht mal jemand vertonen?<\/p>\n<p>Die Leute im Tonne-Verein haben derweil anderes zu tun. Als vorletzten Ausweg wandte man sich inzwischen mit der Bitte um \u00e4mter\u00fcbergreifende Hilfe an dem amtierenden Oberb\u00fcrgermeister. Der wolle sich nach seinem Sommerurlaub im August darum k\u00fcmmern, habe aber die in Frage kommenden Gesch\u00e4ftsbereiche der Stadt bereits angewiesen, nach einer neuen Spielst\u00e4tte oder einer Interimsl\u00f6sung f\u00fcr den Jazzclub zu suchen.<\/p>\n<p>Solidarit\u00e4t erfuhren die Jazzer von verschiedenen Dresdner Kultureinrichtungen, die ihre R\u00e4umlichkeiten zur Verf\u00fcgung stellen wollten. Allerdings kommt f\u00fcr einen etablierten Jazzclub solch ein Tingeln an unterschiedlichen B\u00fchnen nur bedingt in Frage. F\u00fcr die rund 120 Konzerte pro Jahr braucht der Verein eine feste Adresse. Voraussichtlich im Jahr 2017 bekommt er sie im sogenannten Kulturkraftwerk Mitte, einer Gro\u00dfbaustelle, auf der gegenw\u00e4rtig neue Spielst\u00e4tten f\u00fcr die Staatsoperette und das Theater der Jungen Generation errichtet werden. Wie der Jazzclub Tonne e.V. bis dahin \u201e\u00fcberwintern\u201c soll, ist derzeit v\u00f6llig offen.<\/p>\n<p>Dass die dauerhaft feuchten Grundmauern freilich auch f\u00fcr das Kulturrathaus nicht zutr\u00e4glich sind, wurde in diesem Zusammenhang noch gar nicht thematisiert. Wird das in Dresden erst dann relevant, wenn das Wasser wirklich bis zum Hals steht?<\/p>\n<p><a href=\"http:\/\/www.jazzclubtonne.de\/\">www.jazzclubtonne.de<\/a><\/p>\n","protected":false},"excerpt":{"rendered":"<p>Wie die s\u00e4chsische Landeshauptstadt Dresden mit einem Kleinod des Jazz umgeht: Bei Problemen wird dicht gemacht! Erst steht der Dresdner Jazzclub Tonne im Regen, weil das Geb\u00e4ude undicht ist. Daraufhin wird die Spielst\u00e4tte dicht gemacht (und nicht etwa abgedichtet). Weil das alles nix hilft, werden die Veranstalter auf die Stra\u00dfe gesetzt. Merke: Dresden will Kulturhauptstadt werden. Gut, im Jazz kann Ironie ein wirksames Mittel sein, um musischen Gemeinsinn von Interpreten und Publikum kr\u00e4ftig zu sch\u00e4rfen. Beim Dresdner Jazzclub Tonne e.V. d\u00fcrften Ironie und Sarkasmus jetzt erst einmal vom Tisch sein. Da sind Trauerarbeit angesagt und das Hoffen auf Rettung in letzter Not. Und im Rathaus der Landeshauptstadt gab es bislang ohnehin keine Anzeichen f\u00fcr feineren Hintersinn. Da wurden Probleme, wenn \u00fcberhaupt, dann eher ausgesessen. Das haben sie vom Kohl gelernt! Wenn die Probleme aber ins Geld gehen, dann wird urpl\u00f6tzlich gehandelt. Schluss mit der Improvisationskunst! So auch im ansonsten so unbeweglichen Dresden. Zum 31. August ist dem mehrfach mit dem Spielst\u00e4ttenprogrammpreis der Bundesregierung ausgezeichneten Jazzclub gek\u00fcndigt worden. \u201eOrdentlich\u201c und \u201efristgem\u00e4\u00df\u201c, wie es in einem Schreiben des Liegenschaftsamtes hei\u00dft. Unmittelbar danach sollte die Herbstsaison starten, f\u00fcr &hellip;<\/p>\n","protected":false},"author":34,"featured_media":0,"comment_status":"open","ping_status":"closed","sticky":false,"template":"","format":"standard","meta":{"_jetpack_memberships_contains_paid_content":false,"footnotes":"","jetpack_publicize_message":"","jetpack_publicize_feature_enabled":true,"jetpack_social_post_already_shared":false,"jetpack_social_options":{"image_generator_settings":{"template":"highway","default_image_id":0,"font":"","enabled":false},"version":2}},"categories":[1053,82,634],"tags":[103,154,271,323,708,1182],"coauthors":[1181],"class_list":["post-6531","post","type-post","status-publish","format-standard","hentry","category-bericht","category-blog","category-redaktion","tag-bundesregierung","tag-dresden","tag-jazzclub","tag-konzerte","tag-spielstaettenprogrammpreis","tag-tonne"],"yoast_head":"<!-- This site is optimized with the Yoast SEO plugin v27.5 - https:\/\/yoast.com\/product\/yoast-seo-wordpress\/ -->\n<title>Dresden k\u00fcndigt Jazzclub Tonne - JazzZeitung<\/title>\n<meta name=\"robots\" content=\"index, follow, max-snippet:-1, max-image-preview:large, max-video-preview:-1\" \/>\n<link rel=\"canonical\" href=\"https:\/\/www.jazzzeitung.de\/cms\/2015\/07\/dresden-kuendigt-jazzclub-tonne\/\" \/>\n<meta property=\"og:locale\" content=\"de_DE\" \/>\n<meta property=\"og:type\" content=\"article\" \/>\n<meta property=\"og:title\" content=\"Dresden k\u00fcndigt Jazzclub Tonne - JazzZeitung\" \/>\n<meta property=\"og:description\" content=\"Wie die s\u00e4chsische Landeshauptstadt Dresden mit einem Kleinod des Jazz umgeht: Bei Problemen wird dicht gemacht! Erst steht der Dresdner Jazzclub Tonne im Regen, weil das Geb\u00e4ude undicht ist. Daraufhin wird die Spielst\u00e4tte dicht gemacht (und nicht etwa abgedichtet). Weil das alles nix hilft, werden die Veranstalter auf die Stra\u00dfe gesetzt. Merke: Dresden will Kulturhauptstadt werden. Gut, im Jazz kann Ironie ein wirksames Mittel sein, um musischen Gemeinsinn von Interpreten und Publikum kr\u00e4ftig zu sch\u00e4rfen. Beim Dresdner Jazzclub Tonne e.V. d\u00fcrften Ironie und Sarkasmus jetzt erst einmal vom Tisch sein. Da sind Trauerarbeit angesagt und das Hoffen auf Rettung in letzter Not. Und im Rathaus der Landeshauptstadt gab es bislang ohnehin keine Anzeichen f\u00fcr feineren Hintersinn. Da wurden Probleme, wenn \u00fcberhaupt, dann eher ausgesessen. Das haben sie vom Kohl gelernt! Wenn die Probleme aber ins Geld gehen, dann wird urpl\u00f6tzlich gehandelt. Schluss mit der Improvisationskunst! So auch im ansonsten so unbeweglichen Dresden. Zum 31. August ist dem mehrfach mit dem Spielst\u00e4ttenprogrammpreis der Bundesregierung ausgezeichneten Jazzclub gek\u00fcndigt worden. \u201eOrdentlich\u201c und \u201efristgem\u00e4\u00df\u201c, wie es in einem Schreiben des Liegenschaftsamtes hei\u00dft. Unmittelbar danach sollte die Herbstsaison starten, f\u00fcr &hellip;\" \/>\n<meta property=\"og:url\" content=\"https:\/\/www.jazzzeitung.de\/cms\/2015\/07\/dresden-kuendigt-jazzclub-tonne\/\" \/>\n<meta property=\"og:site_name\" content=\"JazzZeitung\" \/>\n<meta property=\"article:publisher\" content=\"https:\/\/www.facebook.com\/JazzZeitung\/\" \/>\n<meta property=\"article:published_time\" content=\"2015-07-08T14:13:42+00:00\" \/>\n<meta property=\"og:image\" content=\"http:\/\/www.jazzzeitung.de\/cms\/wp-content\/uploads\/2015\/07\/fuer_die_tonne_c_hufner-800x600.jpg\" \/>\n<meta name=\"author\" content=\"Michael Ernst\" \/>\n<script type=\"application\/ld+json\" class=\"yoast-schema-graph\">{\"@context\":\"https:\\\/\\\/schema.org\",\"@graph\":[{\"@type\":\"Article\",\"@id\":\"https:\\\/\\\/www.jazzzeitung.de\\\/cms\\\/2015\\\/07\\\/dresden-kuendigt-jazzclub-tonne\\\/#article\",\"isPartOf\":{\"@id\":\"https:\\\/\\\/www.jazzzeitung.de\\\/cms\\\/2015\\\/07\\\/dresden-kuendigt-jazzclub-tonne\\\/\"},\"author\":{\"name\":\"Michael Ernst\",\"@id\":\"https:\\\/\\\/www.jazzzeitung.de\\\/cms\\\/#\\\/schema\\\/person\\\/8304b2aa3421664e25ea90413d8b0856\"},\"headline\":\"Dresden k\u00fcndigt Jazzclub Tonne\",\"datePublished\":\"2015-07-08T14:13:42+00:00\",\"mainEntityOfPage\":{\"@id\":\"https:\\\/\\\/www.jazzzeitung.de\\\/cms\\\/2015\\\/07\\\/dresden-kuendigt-jazzclub-tonne\\\/\"},\"wordCount\":645,\"commentCount\":0,\"publisher\":{\"@id\":\"https:\\\/\\\/www.jazzzeitung.de\\\/cms\\\/#organization\"},\"image\":{\"@id\":\"https:\\\/\\\/www.jazzzeitung.de\\\/cms\\\/2015\\\/07\\\/dresden-kuendigt-jazzclub-tonne\\\/#primaryimage\"},\"thumbnailUrl\":\"http:\\\/\\\/www.jazzzeitung.de\\\/cms\\\/wp-content\\\/uploads\\\/2015\\\/07\\\/fuer_die_tonne_c_hufner-800x600.jpg\",\"keywords\":[\"Bundesregierung\",\"Dresden\",\"Jazzclub\",\"Konzerte\",\"Spielst\u00e4ttenprogrammpreis\",\"Tonne\"],\"articleSection\":[\"Bericht\",\"Blog\",\"Redaktionelle Nachrichten\"],\"inLanguage\":\"de\",\"potentialAction\":[{\"@type\":\"CommentAction\",\"name\":\"Comment\",\"target\":[\"https:\\\/\\\/www.jazzzeitung.de\\\/cms\\\/2015\\\/07\\\/dresden-kuendigt-jazzclub-tonne\\\/#respond\"]}]},{\"@type\":\"WebPage\",\"@id\":\"https:\\\/\\\/www.jazzzeitung.de\\\/cms\\\/2015\\\/07\\\/dresden-kuendigt-jazzclub-tonne\\\/\",\"url\":\"https:\\\/\\\/www.jazzzeitung.de\\\/cms\\\/2015\\\/07\\\/dresden-kuendigt-jazzclub-tonne\\\/\",\"name\":\"Dresden k\u00fcndigt Jazzclub Tonne - JazzZeitung\",\"isPartOf\":{\"@id\":\"https:\\\/\\\/www.jazzzeitung.de\\\/cms\\\/#website\"},\"primaryImageOfPage\":{\"@id\":\"https:\\\/\\\/www.jazzzeitung.de\\\/cms\\\/2015\\\/07\\\/dresden-kuendigt-jazzclub-tonne\\\/#primaryimage\"},\"image\":{\"@id\":\"https:\\\/\\\/www.jazzzeitung.de\\\/cms\\\/2015\\\/07\\\/dresden-kuendigt-jazzclub-tonne\\\/#primaryimage\"},\"thumbnailUrl\":\"http:\\\/\\\/www.jazzzeitung.de\\\/cms\\\/wp-content\\\/uploads\\\/2015\\\/07\\\/fuer_die_tonne_c_hufner-800x600.jpg\",\"datePublished\":\"2015-07-08T14:13:42+00:00\",\"breadcrumb\":{\"@id\":\"https:\\\/\\\/www.jazzzeitung.de\\\/cms\\\/2015\\\/07\\\/dresden-kuendigt-jazzclub-tonne\\\/#breadcrumb\"},\"inLanguage\":\"de\",\"potentialAction\":[{\"@type\":\"ReadAction\",\"target\":[\"https:\\\/\\\/www.jazzzeitung.de\\\/cms\\\/2015\\\/07\\\/dresden-kuendigt-jazzclub-tonne\\\/\"]}]},{\"@type\":\"ImageObject\",\"inLanguage\":\"de\",\"@id\":\"https:\\\/\\\/www.jazzzeitung.de\\\/cms\\\/2015\\\/07\\\/dresden-kuendigt-jazzclub-tonne\\\/#primaryimage\",\"url\":\"http:\\\/\\\/www.jazzzeitung.de\\\/cms\\\/wp-content\\\/uploads\\\/2015\\\/07\\\/fuer_die_tonne_c_hufner-800x600.jpg\",\"contentUrl\":\"http:\\\/\\\/www.jazzzeitung.de\\\/cms\\\/wp-content\\\/uploads\\\/2015\\\/07\\\/fuer_die_tonne_c_hufner-800x600.jpg\"},{\"@type\":\"BreadcrumbList\",\"@id\":\"https:\\\/\\\/www.jazzzeitung.de\\\/cms\\\/2015\\\/07\\\/dresden-kuendigt-jazzclub-tonne\\\/#breadcrumb\",\"itemListElement\":[{\"@type\":\"ListItem\",\"position\":1,\"name\":\"Startseite\",\"item\":\"https:\\\/\\\/www.jazzzeitung.de\\\/cms\\\/\"},{\"@type\":\"ListItem\",\"position\":2,\"name\":\"Dresden k\u00fcndigt Jazzclub Tonne\"}]},{\"@type\":\"WebSite\",\"@id\":\"https:\\\/\\\/www.jazzzeitung.de\\\/cms\\\/#website\",\"url\":\"https:\\\/\\\/www.jazzzeitung.de\\\/cms\\\/\",\"name\":\"JazzZeitung\",\"description\":\"Jazz-News und Jazz-Kontroverses\",\"publisher\":{\"@id\":\"https:\\\/\\\/www.jazzzeitung.de\\\/cms\\\/#organization\"},\"potentialAction\":[{\"@type\":\"SearchAction\",\"target\":{\"@type\":\"EntryPoint\",\"urlTemplate\":\"https:\\\/\\\/www.jazzzeitung.de\\\/cms\\\/?s={search_term_string}\"},\"query-input\":{\"@type\":\"PropertyValueSpecification\",\"valueRequired\":true,\"valueName\":\"search_term_string\"}}],\"inLanguage\":\"de\"},{\"@type\":\"Organization\",\"@id\":\"https:\\\/\\\/www.jazzzeitung.de\\\/cms\\\/#organization\",\"name\":\"JazzZeitung online\",\"url\":\"https:\\\/\\\/www.jazzzeitung.de\\\/cms\\\/\",\"logo\":{\"@type\":\"ImageObject\",\"inLanguage\":\"de\",\"@id\":\"https:\\\/\\\/www.jazzzeitung.de\\\/cms\\\/#\\\/schema\\\/logo\\\/image\\\/\",\"url\":\"https:\\\/\\\/i0.wp.com\\\/www.jazzzeitung.de\\\/cms\\\/wp-content\\\/uploads\\\/2015\\\/08\\\/JAZZZEITUNGDE_Logo_Neu.png?fit=499%2C200&ssl=1\",\"contentUrl\":\"https:\\\/\\\/i0.wp.com\\\/www.jazzzeitung.de\\\/cms\\\/wp-content\\\/uploads\\\/2015\\\/08\\\/JAZZZEITUNGDE_Logo_Neu.png?fit=499%2C200&ssl=1\",\"width\":499,\"height\":200,\"caption\":\"JazzZeitung online\"},\"image\":{\"@id\":\"https:\\\/\\\/www.jazzzeitung.de\\\/cms\\\/#\\\/schema\\\/logo\\\/image\\\/\"},\"sameAs\":[\"https:\\\/\\\/www.facebook.com\\\/JazzZeitung\\\/\"]},{\"@type\":\"Person\",\"@id\":\"https:\\\/\\\/www.jazzzeitung.de\\\/cms\\\/#\\\/schema\\\/person\\\/8304b2aa3421664e25ea90413d8b0856\",\"name\":\"Michael Ernst\",\"image\":{\"@type\":\"ImageObject\",\"inLanguage\":\"de\",\"@id\":\"https:\\\/\\\/secure.gravatar.com\\\/avatar\\\/e2b09fb21b90d404b8261369424172e3aa9e4d55c84465bac51be5f5fa5f67b3?s=96&d=wp_user_avatar&r=g644d14f0787257f26230835156e05717\",\"url\":\"https:\\\/\\\/secure.gravatar.com\\\/avatar\\\/e2b09fb21b90d404b8261369424172e3aa9e4d55c84465bac51be5f5fa5f67b3?s=96&d=wp_user_avatar&r=g\",\"contentUrl\":\"https:\\\/\\\/secure.gravatar.com\\\/avatar\\\/e2b09fb21b90d404b8261369424172e3aa9e4d55c84465bac51be5f5fa5f67b3?s=96&d=wp_user_avatar&r=g\",\"caption\":\"Michael Ernst\"},\"url\":\"https:\\\/\\\/www.jazzzeitung.de\\\/cms\\\/author\\\/m-ernst\\\/\"}]}<\/script>\n<!-- \/ Yoast SEO plugin. -->","yoast_head_json":{"title":"Dresden k\u00fcndigt Jazzclub Tonne - JazzZeitung","robots":{"index":"index","follow":"follow","max-snippet":"max-snippet:-1","max-image-preview":"max-image-preview:large","max-video-preview":"max-video-preview:-1"},"canonical":"https:\/\/www.jazzzeitung.de\/cms\/2015\/07\/dresden-kuendigt-jazzclub-tonne\/","og_locale":"de_DE","og_type":"article","og_title":"Dresden k\u00fcndigt Jazzclub Tonne - JazzZeitung","og_description":"Wie die s\u00e4chsische Landeshauptstadt Dresden mit einem Kleinod des Jazz umgeht: Bei Problemen wird dicht gemacht! Erst steht der Dresdner Jazzclub Tonne im Regen, weil das Geb\u00e4ude undicht ist. Daraufhin wird die Spielst\u00e4tte dicht gemacht (und nicht etwa abgedichtet). Weil das alles nix hilft, werden die Veranstalter auf die Stra\u00dfe gesetzt. Merke: Dresden will Kulturhauptstadt werden. Gut, im Jazz kann Ironie ein wirksames Mittel sein, um musischen Gemeinsinn von Interpreten und Publikum kr\u00e4ftig zu sch\u00e4rfen. Beim Dresdner Jazzclub Tonne e.V. d\u00fcrften Ironie und Sarkasmus jetzt erst einmal vom Tisch sein. Da sind Trauerarbeit angesagt und das Hoffen auf Rettung in letzter Not. Und im Rathaus der Landeshauptstadt gab es bislang ohnehin keine Anzeichen f\u00fcr feineren Hintersinn. Da wurden Probleme, wenn \u00fcberhaupt, dann eher ausgesessen. Das haben sie vom Kohl gelernt! Wenn die Probleme aber ins Geld gehen, dann wird urpl\u00f6tzlich gehandelt. Schluss mit der Improvisationskunst! So auch im ansonsten so unbeweglichen Dresden. Zum 31. August ist dem mehrfach mit dem Spielst\u00e4ttenprogrammpreis der Bundesregierung ausgezeichneten Jazzclub gek\u00fcndigt worden. \u201eOrdentlich\u201c und \u201efristgem\u00e4\u00df\u201c, wie es in einem Schreiben des Liegenschaftsamtes hei\u00dft. Unmittelbar danach sollte die Herbstsaison starten, f\u00fcr &hellip;","og_url":"https:\/\/www.jazzzeitung.de\/cms\/2015\/07\/dresden-kuendigt-jazzclub-tonne\/","og_site_name":"JazzZeitung","article_publisher":"https:\/\/www.facebook.com\/JazzZeitung\/","article_published_time":"2015-07-08T14:13:42+00:00","og_image":[{"url":"http:\/\/www.jazzzeitung.de\/cms\/wp-content\/uploads\/2015\/07\/fuer_die_tonne_c_hufner-800x600.jpg","type":"","width":"","height":""}],"author":"Michael Ernst","schema":{"@context":"https:\/\/schema.org","@graph":[{"@type":"Article","@id":"https:\/\/www.jazzzeitung.de\/cms\/2015\/07\/dresden-kuendigt-jazzclub-tonne\/#article","isPartOf":{"@id":"https:\/\/www.jazzzeitung.de\/cms\/2015\/07\/dresden-kuendigt-jazzclub-tonne\/"},"author":{"name":"Michael Ernst","@id":"https:\/\/www.jazzzeitung.de\/cms\/#\/schema\/person\/8304b2aa3421664e25ea90413d8b0856"},"headline":"Dresden k\u00fcndigt Jazzclub Tonne","datePublished":"2015-07-08T14:13:42+00:00","mainEntityOfPage":{"@id":"https:\/\/www.jazzzeitung.de\/cms\/2015\/07\/dresden-kuendigt-jazzclub-tonne\/"},"wordCount":645,"commentCount":0,"publisher":{"@id":"https:\/\/www.jazzzeitung.de\/cms\/#organization"},"image":{"@id":"https:\/\/www.jazzzeitung.de\/cms\/2015\/07\/dresden-kuendigt-jazzclub-tonne\/#primaryimage"},"thumbnailUrl":"http:\/\/www.jazzzeitung.de\/cms\/wp-content\/uploads\/2015\/07\/fuer_die_tonne_c_hufner-800x600.jpg","keywords":["Bundesregierung","Dresden","Jazzclub","Konzerte","Spielst\u00e4ttenprogrammpreis","Tonne"],"articleSection":["Bericht","Blog","Redaktionelle Nachrichten"],"inLanguage":"de","potentialAction":[{"@type":"CommentAction","name":"Comment","target":["https:\/\/www.jazzzeitung.de\/cms\/2015\/07\/dresden-kuendigt-jazzclub-tonne\/#respond"]}]},{"@type":"WebPage","@id":"https:\/\/www.jazzzeitung.de\/cms\/2015\/07\/dresden-kuendigt-jazzclub-tonne\/","url":"https:\/\/www.jazzzeitung.de\/cms\/2015\/07\/dresden-kuendigt-jazzclub-tonne\/","name":"Dresden k\u00fcndigt Jazzclub Tonne - JazzZeitung","isPartOf":{"@id":"https:\/\/www.jazzzeitung.de\/cms\/#website"},"primaryImageOfPage":{"@id":"https:\/\/www.jazzzeitung.de\/cms\/2015\/07\/dresden-kuendigt-jazzclub-tonne\/#primaryimage"},"image":{"@id":"https:\/\/www.jazzzeitung.de\/cms\/2015\/07\/dresden-kuendigt-jazzclub-tonne\/#primaryimage"},"thumbnailUrl":"http:\/\/www.jazzzeitung.de\/cms\/wp-content\/uploads\/2015\/07\/fuer_die_tonne_c_hufner-800x600.jpg","datePublished":"2015-07-08T14:13:42+00:00","breadcrumb":{"@id":"https:\/\/www.jazzzeitung.de\/cms\/2015\/07\/dresden-kuendigt-jazzclub-tonne\/#breadcrumb"},"inLanguage":"de","potentialAction":[{"@type":"ReadAction","target":["https:\/\/www.jazzzeitung.de\/cms\/2015\/07\/dresden-kuendigt-jazzclub-tonne\/"]}]},{"@type":"ImageObject","inLanguage":"de","@id":"https:\/\/www.jazzzeitung.de\/cms\/2015\/07\/dresden-kuendigt-jazzclub-tonne\/#primaryimage","url":"http:\/\/www.jazzzeitung.de\/cms\/wp-content\/uploads\/2015\/07\/fuer_die_tonne_c_hufner-800x600.jpg","contentUrl":"http:\/\/www.jazzzeitung.de\/cms\/wp-content\/uploads\/2015\/07\/fuer_die_tonne_c_hufner-800x600.jpg"},{"@type":"BreadcrumbList","@id":"https:\/\/www.jazzzeitung.de\/cms\/2015\/07\/dresden-kuendigt-jazzclub-tonne\/#breadcrumb","itemListElement":[{"@type":"ListItem","position":1,"name":"Startseite","item":"https:\/\/www.jazzzeitung.de\/cms\/"},{"@type":"ListItem","position":2,"name":"Dresden k\u00fcndigt Jazzclub Tonne"}]},{"@type":"WebSite","@id":"https:\/\/www.jazzzeitung.de\/cms\/#website","url":"https:\/\/www.jazzzeitung.de\/cms\/","name":"JazzZeitung","description":"Jazz-News und Jazz-Kontroverses","publisher":{"@id":"https:\/\/www.jazzzeitung.de\/cms\/#organization"},"potentialAction":[{"@type":"SearchAction","target":{"@type":"EntryPoint","urlTemplate":"https:\/\/www.jazzzeitung.de\/cms\/?s={search_term_string}"},"query-input":{"@type":"PropertyValueSpecification","valueRequired":true,"valueName":"search_term_string"}}],"inLanguage":"de"},{"@type":"Organization","@id":"https:\/\/www.jazzzeitung.de\/cms\/#organization","name":"JazzZeitung online","url":"https:\/\/www.jazzzeitung.de\/cms\/","logo":{"@type":"ImageObject","inLanguage":"de","@id":"https:\/\/www.jazzzeitung.de\/cms\/#\/schema\/logo\/image\/","url":"https:\/\/i0.wp.com\/www.jazzzeitung.de\/cms\/wp-content\/uploads\/2015\/08\/JAZZZEITUNGDE_Logo_Neu.png?fit=499%2C200&ssl=1","contentUrl":"https:\/\/i0.wp.com\/www.jazzzeitung.de\/cms\/wp-content\/uploads\/2015\/08\/JAZZZEITUNGDE_Logo_Neu.png?fit=499%2C200&ssl=1","width":499,"height":200,"caption":"JazzZeitung online"},"image":{"@id":"https:\/\/www.jazzzeitung.de\/cms\/#\/schema\/logo\/image\/"},"sameAs":["https:\/\/www.facebook.com\/JazzZeitung\/"]},{"@type":"Person","@id":"https:\/\/www.jazzzeitung.de\/cms\/#\/schema\/person\/8304b2aa3421664e25ea90413d8b0856","name":"Michael Ernst","image":{"@type":"ImageObject","inLanguage":"de","@id":"https:\/\/secure.gravatar.com\/avatar\/e2b09fb21b90d404b8261369424172e3aa9e4d55c84465bac51be5f5fa5f67b3?s=96&d=wp_user_avatar&r=g644d14f0787257f26230835156e05717","url":"https:\/\/secure.gravatar.com\/avatar\/e2b09fb21b90d404b8261369424172e3aa9e4d55c84465bac51be5f5fa5f67b3?s=96&d=wp_user_avatar&r=g","contentUrl":"https:\/\/secure.gravatar.com\/avatar\/e2b09fb21b90d404b8261369424172e3aa9e4d55c84465bac51be5f5fa5f67b3?s=96&d=wp_user_avatar&r=g","caption":"Michael Ernst"},"url":"https:\/\/www.jazzzeitung.de\/cms\/author\/m-ernst\/"}]}},"wp-worthy-pixel":{"ignored":false,"public":null,"server":null,"url":null},"wp-worthy-type":"normal","jetpack_publicize_connections":[],"cc_featured_image_caption":{"caption_text":false,"source_text":false,"source_url":false},"jetpack_featured_media_url":"","jetpack_shortlink":"https:\/\/wp.me\/p3KEcT-1Hl","jetpack-related-posts":[{"id":6425,"url":"https:\/\/www.jazzzeitung.de\/cms\/2015\/06\/dresdens-jazzclub-macht-dicht-weil-er-undicht-ist-und-die-stadt-ihn-nicht-dicht-bekommt\/","url_meta":{"origin":6531,"position":0},"title":"Dresdens Jazzclub macht dicht, weil er undicht ist und die Stadt ihn nicht dicht bekommt","author":"Michael Ernst","date":"17. Juni 2015","format":false,"excerpt":"Mit dem Klimawandel ist schlecht zu improvisieren: Wenn es regnet in Dresden, f\u00e4llt der Jazz buchst\u00e4blich ins Wasser. Jazz und B\u00fcrokratie sprechen grunds\u00e4tzlich verschiedene Sprachen. Wenn die freie Improvisation auf starre Strukturen trifft, ist Stillstand angesagt. Im Jazzclub Tonne, Dresdens wichtigstem Aush\u00e4ngeschild in Sachen Jazz, ist nun das Gegenteil eingetreten.\u2026","rel":"","context":"In &quot;Bericht&quot;","block_context":{"text":"Bericht","link":"https:\/\/www.jazzzeitung.de\/cms\/thema\/bericht\/"},"img":{"alt_text":"Der Dresdner Jazzclub Tonne ist nicht dicht zu kriegen. Foto: Jazzclub Tonne","src":"https:\/\/i0.wp.com\/www.jazzzeitung.de\/cms\/wp-content\/uploads\/2015\/06\/jazzclub-tonne-747x600.png?resize=350%2C200","width":350,"height":200,"srcset":"https:\/\/i0.wp.com\/www.jazzzeitung.de\/cms\/wp-content\/uploads\/2015\/06\/jazzclub-tonne-747x600.png?resize=350%2C200 1x, https:\/\/i0.wp.com\/www.jazzzeitung.de\/cms\/wp-content\/uploads\/2015\/06\/jazzclub-tonne-747x600.png?resize=525%2C300 1.5x"},"classes":[]},{"id":24512,"url":"https:\/\/www.jazzzeitung.de\/cms\/2021\/03\/happy-birthday-jazzclub-tonne-dresden\/","url_meta":{"origin":6531,"position":1},"title":"Happy birthday Jazzclub Tonne Dresden","author":"Redaktion JazzZeitung","date":"13. M\u00e4rz 2021","format":false,"excerpt":"Von Mathias B\u00e4umel. Das eigentliche Gr\u00fcndungsjubil\u00e4um des Jazzclubs Tonne \u2013 im M\u00e4rz 2017 h\u00e4tte der Dresdner Jazzclub seinen 40. Geburtstag feiern k\u00f6nnen \u2013 ging fast unbemerkt vorbei; die gesamte Dresdner Jazzszene stand wohl noch unter dem Eindruck der umjubelten Jazzparty anl\u00e4sslich des Wiedereinzugs des Clubs in die tonnenf\u00f6rmige Gew\u00f6lber\u00e4ume des\u2026","rel":"","context":"In &quot;Clubs&quot;","block_context":{"text":"Clubs","link":"https:\/\/www.jazzzeitung.de\/cms\/thema\/clubs\/"},"img":{"alt_text":"","src":"https:\/\/i0.wp.com\/www.jazzzeitung.de\/cms\/wp-content\/uploads\/2021\/03\/Bundesarchiv_Bild_183-Z1126-301_Dresden_Kurlaender_Palais_Kellergewoelbe_Buehne.jpg?fit=800%2C568&ssl=1&resize=350%2C200","width":350,"height":200,"srcset":"https:\/\/i0.wp.com\/www.jazzzeitung.de\/cms\/wp-content\/uploads\/2021\/03\/Bundesarchiv_Bild_183-Z1126-301_Dresden_Kurlaender_Palais_Kellergewoelbe_Buehne.jpg?fit=800%2C568&ssl=1&resize=350%2C200 1x, https:\/\/i0.wp.com\/www.jazzzeitung.de\/cms\/wp-content\/uploads\/2021\/03\/Bundesarchiv_Bild_183-Z1126-301_Dresden_Kurlaender_Palais_Kellergewoelbe_Buehne.jpg?fit=800%2C568&ssl=1&resize=525%2C300 1.5x, https:\/\/i0.wp.com\/www.jazzzeitung.de\/cms\/wp-content\/uploads\/2021\/03\/Bundesarchiv_Bild_183-Z1126-301_Dresden_Kurlaender_Palais_Kellergewoelbe_Buehne.jpg?fit=800%2C568&ssl=1&resize=700%2C400 2x"},"classes":[]},{"id":11913,"url":"https:\/\/www.jazzzeitung.de\/cms\/2017\/03\/unikat-auf-der-ostdeutschen-jazzlandschaft-40-jahre-jazzclub-tonne-dresden\/","url_meta":{"origin":6531,"position":2},"title":"Unikat auf der ostdeutschen Jazzlandschaft &#8211; 40 Jahre Jazzclub Tonne Dresden","author":"Redaktion JazzZeitung","date":"18. M\u00e4rz 2017","format":false,"excerpt":"Er geh\u00f6rt zu den angesehensten Jazzclubs in Deutschland, ist auf der internationalen Szene bestens bekannt, hatte im Oktober 2015 zum dritten Mal in Folge den renommierten Spielst\u00e4ttenprogrammpreis der Initiative Musik \u2013 der F\u00f6rdereinrichtung f\u00fcr aktuelle Musik der Bundesregierung \u2013 erhalten: der Dresdner Jazzclub Tonne. Vor 40 Jahren, am 18. M\u00e4rz\u2026","rel":"","context":"In &quot;Bericht&quot;","block_context":{"text":"Bericht","link":"https:\/\/www.jazzzeitung.de\/cms\/thema\/bericht\/"},"img":{"alt_text":"","src":"https:\/\/i0.wp.com\/www.jazzzeitung.de\/cms\/wp-content\/uploads\/2017\/03\/Tonne_Bierdeckel_einzeln-150x150.jpg?resize=350%2C200","width":350,"height":200},"classes":[]},{"id":13275,"url":"https:\/\/www.jazzzeitung.de\/cms\/2017\/08\/das-martin-auer-quintett-mit-dem-jjo-im-dresdner-jazzclub-tonne\/","url_meta":{"origin":6531,"position":3},"title":"Das Martin Auer Quintett mit dem JJO im Dresdner Jazzclub Tonne","author":"Redaktion JazzZeitung","date":"11. August 2017","format":false,"excerpt":"Martin Auer im Quintett mit Florian Tr\u00fcbsbach an den Reeds, dem Bassisten Andreas Kurz, Bastian J\u00fctte am Schlagzeug und dem Pianisten Rolf Langhals unter Leitung des Trompeters im \u201eSommercamp\u201c mit dem Jugend-Jazzorchester Sachsen. Ein Woche lang probte und musizierte das JJO zusammen gemeinsam mit dem Quintett, um dann durch die\u2026","rel":"","context":"In &quot;Bericht&quot;","block_context":{"text":"Bericht","link":"https:\/\/www.jazzzeitung.de\/cms\/thema\/bericht\/"},"img":{"alt_text":"","src":"https:\/\/i0.wp.com\/www.jazzzeitung.de\/cms\/wp-content\/uploads\/2017\/08\/P1500335-Kellner-Foto-TJ-Krebs-jazzphotoagency%40web.de_.jpg?resize=350%2C200","width":350,"height":200,"srcset":"https:\/\/i0.wp.com\/www.jazzzeitung.de\/cms\/wp-content\/uploads\/2017\/08\/P1500335-Kellner-Foto-TJ-Krebs-jazzphotoagency%40web.de_.jpg?resize=350%2C200 1x, https:\/\/i0.wp.com\/www.jazzzeitung.de\/cms\/wp-content\/uploads\/2017\/08\/P1500335-Kellner-Foto-TJ-Krebs-jazzphotoagency%40web.de_.jpg?resize=525%2C300 1.5x, https:\/\/i0.wp.com\/www.jazzzeitung.de\/cms\/wp-content\/uploads\/2017\/08\/P1500335-Kellner-Foto-TJ-Krebs-jazzphotoagency%40web.de_.jpg?resize=700%2C400 2x, https:\/\/i0.wp.com\/www.jazzzeitung.de\/cms\/wp-content\/uploads\/2017\/08\/P1500335-Kellner-Foto-TJ-Krebs-jazzphotoagency%40web.de_.jpg?resize=1050%2C600 3x"},"classes":[]},{"id":24378,"url":"https:\/\/www.jazzzeitung.de\/cms\/2021\/02\/das-karoline-weidt-quartett-veroeffentlicht-am-13-februar-2021-online-ihre-erste-ep\/","url_meta":{"origin":6531,"position":4},"title":"Das Karoline Weidt Quartett ver\u00f6ffentlicht am 13. Februar 2021 online ihre erste EP","author":"Redaktion JazzZeitung","date":"8. Februar 2021","format":false,"excerpt":"Oha! Die Melodien erinnern mich an etwas: An die melodischen B\u00f6gen einer Cassandra Wilson. Nicht vom Timbre der Stimme her, aber im Hinblick auf die Art, komplex Jazziges mit liedhafter Popmusik zu verbinden. Die Musik, die die Dresdner S\u00e4ngerin Karoline Weidt im Quartett mit Mikolaj Suchanek (Piano), Loreen Sima (Bass)\u2026","rel":"","context":"In &quot;News&quot;","block_context":{"text":"News","link":"https:\/\/www.jazzzeitung.de\/cms\/thema\/nachrichten\/"},"img":{"alt_text":"","src":"https:\/\/i0.wp.com\/www.jazzzeitung.de\/cms\/wp-content\/uploads\/2021\/02\/Karoline-Emanuel-Uch03.2020-6400259-1-scaled-1.jpg?fit=1200%2C800&ssl=1&resize=350%2C200","width":350,"height":200,"srcset":"https:\/\/i0.wp.com\/www.jazzzeitung.de\/cms\/wp-content\/uploads\/2021\/02\/Karoline-Emanuel-Uch03.2020-6400259-1-scaled-1.jpg?fit=1200%2C800&ssl=1&resize=350%2C200 1x, https:\/\/i0.wp.com\/www.jazzzeitung.de\/cms\/wp-content\/uploads\/2021\/02\/Karoline-Emanuel-Uch03.2020-6400259-1-scaled-1.jpg?fit=1200%2C800&ssl=1&resize=525%2C300 1.5x, https:\/\/i0.wp.com\/www.jazzzeitung.de\/cms\/wp-content\/uploads\/2021\/02\/Karoline-Emanuel-Uch03.2020-6400259-1-scaled-1.jpg?fit=1200%2C800&ssl=1&resize=700%2C400 2x, https:\/\/i0.wp.com\/www.jazzzeitung.de\/cms\/wp-content\/uploads\/2021\/02\/Karoline-Emanuel-Uch03.2020-6400259-1-scaled-1.jpg?fit=1200%2C800&ssl=1&resize=1050%2C600 3x"},"classes":[]},{"id":6917,"url":"https:\/\/www.jazzzeitung.de\/cms\/2015\/08\/jazzclub-tonne-gerettet-die-zukunft-findet-ursprungsort-statt\/","url_meta":{"origin":6531,"position":5},"title":"Jazzclub Tonne gerettet: Die Zukunft findet am Ursprungsort statt","author":"Michael Ernst","date":"27. August 2015","format":false,"excerpt":"Dresdens Jazzszene kann aufatmen, schon bald findet sie in der namensgebenden Tonne unterm Kurl\u00e4nder Palais ein neues \u2013 ihr altes \u2013 Zuhause! Kann es ein sch\u00f6neres Geburtstagsgeschenk geben? Just zum 72. Geburtstag des Jazz-Schlagzeugers G\u00fcnter Baby Sommer durfte er am Dienstag die Zukunft des Dresdner Jazzclubs Tonne einl\u00e4uten. Und zwar\u2026","rel":"","context":"In &quot;Blog&quot;","block_context":{"text":"Blog","link":"https:\/\/www.jazzzeitung.de\/cms\/thema\/blog\/"},"img":{"alt_text":"Alles in die Tonne. Foto: Hufner","src":"https:\/\/i0.wp.com\/www.jazzzeitung.de\/cms\/wp-content\/uploads\/2015\/07\/fuer_die_tonne_c_hufner-800x600.jpg?resize=350%2C200","width":350,"height":200,"srcset":"https:\/\/i0.wp.com\/www.jazzzeitung.de\/cms\/wp-content\/uploads\/2015\/07\/fuer_die_tonne_c_hufner-800x600.jpg?resize=350%2C200 1x, https:\/\/i0.wp.com\/www.jazzzeitung.de\/cms\/wp-content\/uploads\/2015\/07\/fuer_die_tonne_c_hufner-800x600.jpg?resize=525%2C300 1.5x"},"classes":[]}],"jetpack_sharing_enabled":true,"_links":{"self":[{"href":"https:\/\/www.jazzzeitung.de\/cms\/wp-json\/wp\/v2\/posts\/6531","targetHints":{"allow":["GET"]}}],"collection":[{"href":"https:\/\/www.jazzzeitung.de\/cms\/wp-json\/wp\/v2\/posts"}],"about":[{"href":"https:\/\/www.jazzzeitung.de\/cms\/wp-json\/wp\/v2\/types\/post"}],"author":[{"embeddable":true,"href":"https:\/\/www.jazzzeitung.de\/cms\/wp-json\/wp\/v2\/users\/34"}],"replies":[{"embeddable":true,"href":"https:\/\/www.jazzzeitung.de\/cms\/wp-json\/wp\/v2\/comments?post=6531"}],"version-history":[{"count":3,"href":"https:\/\/www.jazzzeitung.de\/cms\/wp-json\/wp\/v2\/posts\/6531\/revisions"}],"predecessor-version":[{"id":6535,"href":"https:\/\/www.jazzzeitung.de\/cms\/wp-json\/wp\/v2\/posts\/6531\/revisions\/6535"}],"wp:attachment":[{"href":"https:\/\/www.jazzzeitung.de\/cms\/wp-json\/wp\/v2\/media?parent=6531"}],"wp:term":[{"taxonomy":"category","embeddable":true,"href":"https:\/\/www.jazzzeitung.de\/cms\/wp-json\/wp\/v2\/categories?post=6531"},{"taxonomy":"post_tag","embeddable":true,"href":"https:\/\/www.jazzzeitung.de\/cms\/wp-json\/wp\/v2\/tags?post=6531"},{"taxonomy":"author","embeddable":true,"href":"https:\/\/www.jazzzeitung.de\/cms\/wp-json\/wp\/v2\/coauthors?post=6531"}],"curies":[{"name":"wp","href":"https:\/\/api.w.org\/{rel}","templated":true}]}}