{"id":6507,"date":"2015-06-30T13:50:00","date_gmt":"2015-06-30T11:50:00","guid":{"rendered":"http:\/\/www.jazzzeitung.de\/cms\/?p=6507"},"modified":"2015-06-30T13:50:00","modified_gmt":"2015-06-30T11:50:00","slug":"familienfest-das-34-bayerische-jazzweekend-im-juli","status":"publish","type":"post","link":"https:\/\/www.jazzzeitung.de\/cms\/2015\/06\/familienfest-das-34-bayerische-jazzweekend-im-juli\/","title":{"rendered":"Familienfest: das 34. Bayerische Jazzweekend im Juli"},"content":{"rendered":"<p><a href=\"https:\/\/i0.wp.com\/www.jazzzeitung.de\/cms\/wp-content\/uploads\/2015\/06\/Sax4quattro_2.jpg\"><img data-recalc-dims=\"1\" loading=\"lazy\" decoding=\"async\" data-attachment-id=\"6509\" data-permalink=\"https:\/\/www.jazzzeitung.de\/cms\/2015\/06\/familienfest-das-34-bayerische-jazzweekend-im-juli\/sax4quattro_2\/\" data-orig-file=\"https:\/\/i0.wp.com\/www.jazzzeitung.de\/cms\/wp-content\/uploads\/2015\/06\/Sax4quattro_2.jpg?fit=638%2C631&amp;ssl=1\" data-orig-size=\"638,631\" data-comments-opened=\"1\" data-image-meta=\"{&quot;aperture&quot;:&quot;0&quot;,&quot;credit&quot;:&quot;Gianluca Lastoria&quot;,&quot;camera&quot;:&quot;&quot;,&quot;caption&quot;:&quot;&quot;,&quot;created_timestamp&quot;:&quot;0&quot;,&quot;copyright&quot;:&quot;2013&quot;,&quot;focal_length&quot;:&quot;0&quot;,&quot;iso&quot;:&quot;0&quot;,&quot;shutter_speed&quot;:&quot;0&quot;,&quot;title&quot;:&quot;&quot;,&quot;orientation&quot;:&quot;1&quot;}\" data-image-title=\"Sax4quattro_2\" data-image-description=\"\" data-image-caption=\"\" data-large-file=\"https:\/\/i0.wp.com\/www.jazzzeitung.de\/cms\/wp-content\/uploads\/2015\/06\/Sax4quattro_2.jpg?fit=607%2C600&amp;ssl=1\" class=\"alignright size-thumbnail wp-image-6509\" src=\"https:\/\/i0.wp.com\/www.jazzzeitung.de\/cms\/wp-content\/uploads\/2015\/06\/Sax4quattro_2-150x150.jpg?resize=150%2C150\" alt=\"Sax4quattro_2\" width=\"150\" height=\"150\" srcset=\"https:\/\/i0.wp.com\/www.jazzzeitung.de\/cms\/wp-content\/uploads\/2015\/06\/Sax4quattro_2.jpg?resize=150%2C150&amp;ssl=1 150w, https:\/\/i0.wp.com\/www.jazzzeitung.de\/cms\/wp-content\/uploads\/2015\/06\/Sax4quattro_2.jpg?resize=300%2C297&amp;ssl=1 300w, https:\/\/i0.wp.com\/www.jazzzeitung.de\/cms\/wp-content\/uploads\/2015\/06\/Sax4quattro_2.jpg?resize=144%2C144&amp;ssl=1 144w, https:\/\/i0.wp.com\/www.jazzzeitung.de\/cms\/wp-content\/uploads\/2015\/06\/Sax4quattro_2.jpg?resize=96%2C96&amp;ssl=1 96w, https:\/\/i0.wp.com\/www.jazzzeitung.de\/cms\/wp-content\/uploads\/2015\/06\/Sax4quattro_2.jpg?resize=24%2C24&amp;ssl=1 24w, https:\/\/i0.wp.com\/www.jazzzeitung.de\/cms\/wp-content\/uploads\/2015\/06\/Sax4quattro_2.jpg?resize=36%2C36&amp;ssl=1 36w, https:\/\/i0.wp.com\/www.jazzzeitung.de\/cms\/wp-content\/uploads\/2015\/06\/Sax4quattro_2.jpg?resize=48%2C48&amp;ssl=1 48w, https:\/\/i0.wp.com\/www.jazzzeitung.de\/cms\/wp-content\/uploads\/2015\/06\/Sax4quattro_2.jpg?resize=64%2C64&amp;ssl=1 64w, https:\/\/i0.wp.com\/www.jazzzeitung.de\/cms\/wp-content\/uploads\/2015\/06\/Sax4quattro_2.jpg?resize=32%2C32&amp;ssl=1 32w, https:\/\/i0.wp.com\/www.jazzzeitung.de\/cms\/wp-content\/uploads\/2015\/06\/Sax4quattro_2.jpg?resize=128%2C128&amp;ssl=1 128w, https:\/\/i0.wp.com\/www.jazzzeitung.de\/cms\/wp-content\/uploads\/2015\/06\/Sax4quattro_2.jpg?zoom=3&amp;resize=150%2C150&amp;ssl=1 450w\" sizes=\"auto, (max-width: 150px) 100vw, 150px\" \/><\/a>Von Ursula Gaisa \u2013 Von Donnerstag, den 9. bis 12. Juli 2015 findet im Gewerbepark Regensburg und auf elf B\u00fchnen in der historischen Altstadt des Welterbe zum 34. Mal das Bayerische Jazzweekend statt. Heute, am 30. Juni, lud das Kulturamt der Stadt Regensburg zu einem Pressegespr\u00e4ch ein. Rund 95 Veranstaltungen \u2013 90 Konzerten und 5 Sessions \u2013 k\u00f6nnen die Besucher des &#8222;Familienfestes des Jazz&#8220; kostenlos genie\u00dfen. Die stilistische Bandbreite reicht von Blues, Swing, Fusionjazz oder Popjazz bis hin zu so ausgefallenen Events wie \u201eLivelooping mit Didgeridoo\u201c (Analogue Birds), \u201eImprovisationstanz um die Drehorgel (<a href=\"http:\/\/music-in-motion.at\/\">De Strawanza<\/a>) und \u201eSaitenstarkem Kaffeehausjazz\u201c (Barcarole), so Weekend-Intendantin Sylke Merbold vom Bayerischen Jazzinstitut, das inzwischen nicht mehr unter der Tr\u00e4gerschaft der LAG Jazz in Bayern, sondern der Bayerischen Sing- und Musikschulen (VBSM) steht (die <a href=\"http:\/\/www.nmz.de\/artikel\/kuenden-zarte-pflaenzchen-einen-jazz-sommer-an\">neue musikzeitung<\/a> berichtete).<\/p>\n<p>22-mal musste die ehrenamtliche Jury \u2013 bestehend aus \u201eStudenten, Rentnern, Musikern und Jazzenthusiasten\u201c, so Merbold, in diesem Jahr tagen, um die diesj\u00e4hrigen Teilnehmer auszuw\u00e4hlen, 100 Bands gingen dabei leer aus. Der Startschuss f\u00e4llt wie schon seit vielen Jahren auf der Piazza des Gewerbeparks Regensburg: mit De Strawanza aus \u00d6sterreich, die rund um eine Drehorgel improvisieren. Au\u00dferdem dabei ist das ukrainische Ensemble Mozaika, das, verst\u00e4rkt durch zwei Saxophone, einen Grenzgang zur Weltmusik zelebriert. Die sieben Musiker werden anl\u00e4sslich des 25. Jubil\u00e4ums der St\u00e4dtepartnerschaft zwischen Odessa und Regensburg extra vom Gewerbepark Regensburg zum Bayerischen Jazzweekend eingeflogen. Den Abschluss des Abends gestalten die <a href=\"http:\/\/www.analogue-birds.com\/\">Analogue Birds<\/a> aus Nordrhein-Westfalen &#8211; mit elektronisch transformiertem Sound des Didgeridoos sollen sie zum Tanzen animieren. Die beiden Saxophonisten des Ensembles Mozaika stehen exemplarisch f\u00fcr den instrumentalen Schwerpunkt \u2013 das Saxophon. 60 der 87 Bands treten mit mindestens einem Saxophonisten an. Mit den Ensembles Sax 4Quattro und Fishes Brew sind sogar zwei reine Saxophonquartette am Start.<\/p>\n<figure id=\"attachment_6510\" aria-describedby=\"caption-attachment-6510\" style=\"width: 2780px\" class=\"wp-caption aligncenter\"><a href=\"https:\/\/i0.wp.com\/www.jazzzeitung.de\/cms\/wp-content\/uploads\/2015\/06\/P1000198.jpg\"><img data-recalc-dims=\"1\" loading=\"lazy\" decoding=\"async\" data-attachment-id=\"6510\" data-permalink=\"https:\/\/www.jazzzeitung.de\/cms\/2015\/06\/familienfest-das-34-bayerische-jazzweekend-im-juli\/p1000198\/\" data-orig-file=\"https:\/\/i0.wp.com\/www.jazzzeitung.de\/cms\/wp-content\/uploads\/2015\/06\/P1000198.jpg?fit=2780%2C1824&amp;ssl=1\" data-orig-size=\"2780,1824\" data-comments-opened=\"1\" data-image-meta=\"{&quot;aperture&quot;:&quot;2.8&quot;,&quot;credit&quot;:&quot;&quot;,&quot;camera&quot;:&quot;DMC-FZ200&quot;,&quot;caption&quot;:&quot;&quot;,&quot;created_timestamp&quot;:&quot;1435653682&quot;,&quot;copyright&quot;:&quot;&quot;,&quot;focal_length&quot;:&quot;4.5&quot;,&quot;iso&quot;:&quot;400&quot;,&quot;shutter_speed&quot;:&quot;0.016666666666667&quot;,&quot;title&quot;:&quot;&quot;,&quot;orientation&quot;:&quot;1&quot;}\" data-image-title=\"P1000198\" data-image-description=\"\" data-image-caption=\"&lt;p&gt;v.l.n.r.: Kulturreferent Klemens Unger, Kulturamtsleiterin Christiana Schmidbauer, Oberb\u00fcrgermeister Joachim Wolbergs, Sylke Merbold (Bayerisches Jazzinstitut) und Olaf Hermes (REWAG)-Foto: Gaisa&lt;\/p&gt;\n\" data-large-file=\"https:\/\/i0.wp.com\/www.jazzzeitung.de\/cms\/wp-content\/uploads\/2015\/06\/P1000198.jpg?fit=840%2C552&amp;ssl=1\" class=\"size-full wp-image-6510\" src=\"https:\/\/i0.wp.com\/www.jazzzeitung.de\/cms\/wp-content\/uploads\/2015\/06\/P1000198.jpg?resize=840%2C551\" alt=\"v.l.n.r.: Kulturreferent Klemens Unger, Kulturamtsleiterin Christiana Schmidbauer, Oberb\u00fcrgermeister Joachim Wolbergs, Sylke Merbold (Bayerisches Jazzinstitut) und Olaf Hermes (REWAG)-Foto: Gaisa\" width=\"840\" height=\"551\" srcset=\"https:\/\/i0.wp.com\/www.jazzzeitung.de\/cms\/wp-content\/uploads\/2015\/06\/P1000198.jpg?w=2780&amp;ssl=1 2780w, https:\/\/i0.wp.com\/www.jazzzeitung.de\/cms\/wp-content\/uploads\/2015\/06\/P1000198.jpg?resize=300%2C197&amp;ssl=1 300w, https:\/\/i0.wp.com\/www.jazzzeitung.de\/cms\/wp-content\/uploads\/2015\/06\/P1000198.jpg?resize=900%2C591&amp;ssl=1 900w, https:\/\/i0.wp.com\/www.jazzzeitung.de\/cms\/wp-content\/uploads\/2015\/06\/P1000198.jpg?w=1680&amp;ssl=1 1680w, https:\/\/i0.wp.com\/www.jazzzeitung.de\/cms\/wp-content\/uploads\/2015\/06\/P1000198.jpg?w=2520&amp;ssl=1 2520w\" sizes=\"auto, (max-width: 840px) 100vw, 840px\" \/><\/a><figcaption id=\"caption-attachment-6510\" class=\"wp-caption-text\">v.l.n.r.: Kulturreferent Klemens Unger, Kulturamtsleiterin Christiana Schmidbauer, Oberb\u00fcrgermeister Joachim Wolbergs. Sylke Merbold (Bayerisches Jazzinstitut) und Olaf Hermes (REWAG)-Foto: Gaisa<\/figcaption><\/figure>\n<p>Der Freitagabend auf der REWAG-B\u00fchne Bismarckplatz geh\u00f6rt wieder dem Nachwuchs: Das Landes-Jugendjazzorchester Bayern tritt mit drei vollen Orchestern und drei Combos an, die im Umfeld des Landeswettbewerbs \u201eJugend jazzt\u201c Bayern auf sich aufmerksam machten. Die Ansprache von Oberb\u00fcrgermeister Joachim Wolbergs zum Auftakt in der Altstadt wird umrahmt von der Big Band des Landes-Jugendjazzorchesters Bayern mit Gast-S\u00e4ngerin Tamara Lukasheva, die in der Regensburger Partnerstadt Odessa geboren ist. Der frisch gek\u00fcrte Kulturf\u00f6rderpreistr\u00e4ger 2015 der Stadt Regensburg, Lorenz Kellhuber, wird am Samstag auf der REWAG-B\u00fchne am Bismarckplatz zu h\u00f6ren sein. (Hier zur aktuellen <a href=\"http:\/\/www.jazzzeitung.de\/cms\/2015\/05\/cd-kritik-lorenz-kellhuber-state-mind\/\">CD-Rezension<\/a> und <a href=\"http:\/\/www.silberhorn-magazin.de\/lauschangriff\/\">Silberhorns Lauschgriff<\/a> klicken!)<\/p>\n<p>Sponsor und Vorstandsvorsitzender der REWAG, Olaf Hermes, wurde vom anwesenden Oberb\u00fcrgermeister der Stadt Regensburg, Joachim Wolbergs, f\u00fcr sein gesellschaftliches Engagement gelobt. Er selber freue sich jedes Jahr auf dieses besondere Fest, das \u201eintimer\u201c und famili\u00e4rer als andere Events sei \u2013 und trotzdem internationales Musik-Flair in die Donaustadt hole. Wolbergs Einsatz ist es auch zu verdanken, dass die Gagen, beziehungsweise die Aufwandsentsch\u00e4digung, f\u00fcr die Musikerinnen und Musiker dieses Jahr von 80 auf 100 Euro angehoben w\u00fcrden.<\/p>\n<p>Eine neue B\u00fchne ist 2015 auch zu verzeichnen: im Keller des Irish Pubs \u201eMurphy\u2019s Law\u201c kann im Anschluss an die Au\u00dfenkonzerte ab 23 Uhr noch gespielt werden, ohne die Anwohner zu bel\u00e4stigen.<\/p>\n<p>Alle Auftrittsorte und Bands mit Beschreibungen sind ab sofort unter <a href=\"http:\/\/www.bayerisches-jazzweekend.de\">www.bayerisches-jazzweekend.de<\/a> abrufbar.<\/p>\n<table>\n<tbody>\n<tr>\n<td width=\"288\"><\/td>\n<td width=\"288\"><\/td>\n<\/tr>\n<\/tbody>\n<\/table>\n<p>&nbsp;<\/p>\n","protected":false},"excerpt":{"rendered":"<p>Von Ursula Gaisa \u2013 Von Donnerstag, den 9. bis 12. Juli 2015 findet im Gewerbepark Regensburg und auf elf B\u00fchnen in der historischen Altstadt des Welterbe zum 34. Mal das Bayerische Jazzweekend statt. Heute, am 30. Juni, lud das Kulturamt der Stadt Regensburg zu einem Pressegespr\u00e4ch ein. Rund 95 Veranstaltungen \u2013 90 Konzerten und 5 Sessions \u2013 k\u00f6nnen die Besucher des &#8222;Familienfestes des Jazz&#8220; kostenlos genie\u00dfen. Die stilistische Bandbreite reicht von Blues, Swing, Fusionjazz oder Popjazz bis hin zu so ausgefallenen Events wie \u201eLivelooping mit Didgeridoo\u201c (Analogue Birds), \u201eImprovisationstanz um die Drehorgel (De Strawanza) und \u201eSaitenstarkem Kaffeehausjazz\u201c (Barcarole), so Weekend-Intendantin Sylke Merbold vom Bayerischen Jazzinstitut, das inzwischen nicht mehr unter der Tr\u00e4gerschaft der LAG Jazz in Bayern, sondern der Bayerischen Sing- und Musikschulen (VBSM) steht (die neue musikzeitung berichtete). 22-mal musste die ehrenamtliche Jury \u2013 bestehend aus \u201eStudenten, Rentnern, Musikern und Jazzenthusiasten\u201c, so Merbold, in diesem Jahr tagen, um die diesj\u00e4hrigen Teilnehmer auszuw\u00e4hlen, 100 Bands gingen dabei leer aus. Der Startschuss f\u00e4llt wie schon seit vielen Jahren auf der Piazza des Gewerbeparks Regensburg: mit De Strawanza aus \u00d6sterreich, die rund um eine Drehorgel improvisieren. Au\u00dferdem &hellip;<\/p>\n","protected":false},"author":18,"featured_media":0,"comment_status":"open","ping_status":"closed","sticky":false,"template":"","format":"standard","meta":{"_jetpack_memberships_contains_paid_content":false,"footnotes":"","jetpack_publicize_message":"","jetpack_publicize_feature_enabled":true,"jetpack_social_post_already_shared":false,"jetpack_social_options":{"image_generator_settings":{"template":"highway","default_image_id":0,"font":"","enabled":false},"version":2}},"categories":[1053],"tags":[58,71,83,109,258,277,291,305,340,341,1036,413,818,1797,535,536,982],"coauthors":[695],"class_list":["post-6507","post","type-post","status-publish","format-standard","hentry","category-bericht","tag-bayerisches-jazzinstitut","tag-big-band","tag-blues","tag-cd","tag-jazz-in-bayern","tag-jazzinstitut","tag-jazzweekend","tag-jugend-jazzt","tag-lag-jazz-in-bayern","tag-landes-jugendjazzorchester","tag-lorenz-kellhuber","tag-neue-musikzeitung","tag-nordrhein-westfalen","tag-regensburg","tag-swing","tag-sylke-merbold","tag-ursula-gaisa"],"yoast_head":"<!-- This site is optimized with the Yoast SEO plugin v27.5 - https:\/\/yoast.com\/product\/yoast-seo-wordpress\/ -->\n<title>Familienfest: das 34. Bayerische Jazzweekend im Juli - JazzZeitung<\/title>\n<meta name=\"robots\" content=\"index, follow, max-snippet:-1, max-image-preview:large, max-video-preview:-1\" \/>\n<link rel=\"canonical\" href=\"https:\/\/www.jazzzeitung.de\/cms\/2015\/06\/familienfest-das-34-bayerische-jazzweekend-im-juli\/\" \/>\n<meta property=\"og:locale\" content=\"de_DE\" \/>\n<meta property=\"og:type\" content=\"article\" \/>\n<meta property=\"og:title\" content=\"Familienfest: das 34. Bayerische Jazzweekend im Juli - JazzZeitung\" \/>\n<meta property=\"og:description\" content=\"Von Ursula Gaisa \u2013 Von Donnerstag, den 9. bis 12. Juli 2015 findet im Gewerbepark Regensburg und auf elf B\u00fchnen in der historischen Altstadt des Welterbe zum 34. Mal das Bayerische Jazzweekend statt. Heute, am 30. Juni, lud das Kulturamt der Stadt Regensburg zu einem Pressegespr\u00e4ch ein. Rund 95 Veranstaltungen \u2013 90 Konzerten und 5 Sessions \u2013 k\u00f6nnen die Besucher des &#8222;Familienfestes des Jazz&#8220; kostenlos genie\u00dfen. Die stilistische Bandbreite reicht von Blues, Swing, Fusionjazz oder Popjazz bis hin zu so ausgefallenen Events wie \u201eLivelooping mit Didgeridoo\u201c (Analogue Birds), \u201eImprovisationstanz um die Drehorgel (De Strawanza) und \u201eSaitenstarkem Kaffeehausjazz\u201c (Barcarole), so Weekend-Intendantin Sylke Merbold vom Bayerischen Jazzinstitut, das inzwischen nicht mehr unter der Tr\u00e4gerschaft der LAG Jazz in Bayern, sondern der Bayerischen Sing- und Musikschulen (VBSM) steht (die neue musikzeitung berichtete). 22-mal musste die ehrenamtliche Jury \u2013 bestehend aus \u201eStudenten, Rentnern, Musikern und Jazzenthusiasten\u201c, so Merbold, in diesem Jahr tagen, um die diesj\u00e4hrigen Teilnehmer auszuw\u00e4hlen, 100 Bands gingen dabei leer aus. Der Startschuss f\u00e4llt wie schon seit vielen Jahren auf der Piazza des Gewerbeparks Regensburg: mit De Strawanza aus \u00d6sterreich, die rund um eine Drehorgel improvisieren. Au\u00dferdem &hellip;\" \/>\n<meta property=\"og:url\" content=\"https:\/\/www.jazzzeitung.de\/cms\/2015\/06\/familienfest-das-34-bayerische-jazzweekend-im-juli\/\" \/>\n<meta property=\"og:site_name\" content=\"JazzZeitung\" \/>\n<meta property=\"article:publisher\" content=\"https:\/\/www.facebook.com\/JazzZeitung\/\" \/>\n<meta property=\"article:published_time\" content=\"2015-06-30T11:50:00+00:00\" \/>\n<meta property=\"og:image\" content=\"http:\/\/www.jazzzeitung.de\/cms\/wp-content\/uploads\/2015\/06\/Sax4quattro_2-150x150.jpg\" \/>\n<meta name=\"author\" content=\"Redaktion JazzZeitung\" \/>\n<script type=\"application\/ld+json\" class=\"yoast-schema-graph\">{\"@context\":\"https:\\\/\\\/schema.org\",\"@graph\":[{\"@type\":\"Article\",\"@id\":\"https:\\\/\\\/www.jazzzeitung.de\\\/cms\\\/2015\\\/06\\\/familienfest-das-34-bayerische-jazzweekend-im-juli\\\/#article\",\"isPartOf\":{\"@id\":\"https:\\\/\\\/www.jazzzeitung.de\\\/cms\\\/2015\\\/06\\\/familienfest-das-34-bayerische-jazzweekend-im-juli\\\/\"},\"author\":{\"name\":\"Redaktion JazzZeitung\",\"@id\":\"https:\\\/\\\/www.jazzzeitung.de\\\/cms\\\/#\\\/schema\\\/person\\\/2245b36b9cd1d24cea10f01c031fb92b\"},\"headline\":\"Familienfest: das 34. Bayerische Jazzweekend im Juli\",\"datePublished\":\"2015-06-30T11:50:00+00:00\",\"mainEntityOfPage\":{\"@id\":\"https:\\\/\\\/www.jazzzeitung.de\\\/cms\\\/2015\\\/06\\\/familienfest-das-34-bayerische-jazzweekend-im-juli\\\/\"},\"wordCount\":549,\"commentCount\":0,\"publisher\":{\"@id\":\"https:\\\/\\\/www.jazzzeitung.de\\\/cms\\\/#organization\"},\"image\":{\"@id\":\"https:\\\/\\\/www.jazzzeitung.de\\\/cms\\\/2015\\\/06\\\/familienfest-das-34-bayerische-jazzweekend-im-juli\\\/#primaryimage\"},\"thumbnailUrl\":\"http:\\\/\\\/www.jazzzeitung.de\\\/cms\\\/wp-content\\\/uploads\\\/2015\\\/06\\\/Sax4quattro_2-150x150.jpg\",\"keywords\":[\"Bayerisches Jazzinstitut\",\"Big Band\",\"Blues\",\"CD\",\"Jazz in Bayern\",\"Jazzinstitut\",\"Jazzweekend\",\"Jugend jazzt\",\"LAG Jazz in Bayern\",\"Landes-Jugendjazzorchester\",\"Lorenz Kellhuber\",\"neue musikzeitung\",\"Nordrhein-Westfalen\",\"Regensburg\",\"Swing\",\"Sylke Merbold\",\"Ursula Gaisa\"],\"articleSection\":[\"Bericht\"],\"inLanguage\":\"de\",\"potentialAction\":[{\"@type\":\"CommentAction\",\"name\":\"Comment\",\"target\":[\"https:\\\/\\\/www.jazzzeitung.de\\\/cms\\\/2015\\\/06\\\/familienfest-das-34-bayerische-jazzweekend-im-juli\\\/#respond\"]}]},{\"@type\":\"WebPage\",\"@id\":\"https:\\\/\\\/www.jazzzeitung.de\\\/cms\\\/2015\\\/06\\\/familienfest-das-34-bayerische-jazzweekend-im-juli\\\/\",\"url\":\"https:\\\/\\\/www.jazzzeitung.de\\\/cms\\\/2015\\\/06\\\/familienfest-das-34-bayerische-jazzweekend-im-juli\\\/\",\"name\":\"Familienfest: das 34. Bayerische Jazzweekend im Juli - JazzZeitung\",\"isPartOf\":{\"@id\":\"https:\\\/\\\/www.jazzzeitung.de\\\/cms\\\/#website\"},\"primaryImageOfPage\":{\"@id\":\"https:\\\/\\\/www.jazzzeitung.de\\\/cms\\\/2015\\\/06\\\/familienfest-das-34-bayerische-jazzweekend-im-juli\\\/#primaryimage\"},\"image\":{\"@id\":\"https:\\\/\\\/www.jazzzeitung.de\\\/cms\\\/2015\\\/06\\\/familienfest-das-34-bayerische-jazzweekend-im-juli\\\/#primaryimage\"},\"thumbnailUrl\":\"http:\\\/\\\/www.jazzzeitung.de\\\/cms\\\/wp-content\\\/uploads\\\/2015\\\/06\\\/Sax4quattro_2-150x150.jpg\",\"datePublished\":\"2015-06-30T11:50:00+00:00\",\"breadcrumb\":{\"@id\":\"https:\\\/\\\/www.jazzzeitung.de\\\/cms\\\/2015\\\/06\\\/familienfest-das-34-bayerische-jazzweekend-im-juli\\\/#breadcrumb\"},\"inLanguage\":\"de\",\"potentialAction\":[{\"@type\":\"ReadAction\",\"target\":[\"https:\\\/\\\/www.jazzzeitung.de\\\/cms\\\/2015\\\/06\\\/familienfest-das-34-bayerische-jazzweekend-im-juli\\\/\"]}]},{\"@type\":\"ImageObject\",\"inLanguage\":\"de\",\"@id\":\"https:\\\/\\\/www.jazzzeitung.de\\\/cms\\\/2015\\\/06\\\/familienfest-das-34-bayerische-jazzweekend-im-juli\\\/#primaryimage\",\"url\":\"http:\\\/\\\/www.jazzzeitung.de\\\/cms\\\/wp-content\\\/uploads\\\/2015\\\/06\\\/Sax4quattro_2-150x150.jpg\",\"contentUrl\":\"http:\\\/\\\/www.jazzzeitung.de\\\/cms\\\/wp-content\\\/uploads\\\/2015\\\/06\\\/Sax4quattro_2-150x150.jpg\"},{\"@type\":\"BreadcrumbList\",\"@id\":\"https:\\\/\\\/www.jazzzeitung.de\\\/cms\\\/2015\\\/06\\\/familienfest-das-34-bayerische-jazzweekend-im-juli\\\/#breadcrumb\",\"itemListElement\":[{\"@type\":\"ListItem\",\"position\":1,\"name\":\"Startseite\",\"item\":\"https:\\\/\\\/www.jazzzeitung.de\\\/cms\\\/\"},{\"@type\":\"ListItem\",\"position\":2,\"name\":\"Familienfest: das 34. Bayerische Jazzweekend im Juli\"}]},{\"@type\":\"WebSite\",\"@id\":\"https:\\\/\\\/www.jazzzeitung.de\\\/cms\\\/#website\",\"url\":\"https:\\\/\\\/www.jazzzeitung.de\\\/cms\\\/\",\"name\":\"JazzZeitung\",\"description\":\"Jazz-News und Jazz-Kontroverses\",\"publisher\":{\"@id\":\"https:\\\/\\\/www.jazzzeitung.de\\\/cms\\\/#organization\"},\"potentialAction\":[{\"@type\":\"SearchAction\",\"target\":{\"@type\":\"EntryPoint\",\"urlTemplate\":\"https:\\\/\\\/www.jazzzeitung.de\\\/cms\\\/?s={search_term_string}\"},\"query-input\":{\"@type\":\"PropertyValueSpecification\",\"valueRequired\":true,\"valueName\":\"search_term_string\"}}],\"inLanguage\":\"de\"},{\"@type\":\"Organization\",\"@id\":\"https:\\\/\\\/www.jazzzeitung.de\\\/cms\\\/#organization\",\"name\":\"JazzZeitung online\",\"url\":\"https:\\\/\\\/www.jazzzeitung.de\\\/cms\\\/\",\"logo\":{\"@type\":\"ImageObject\",\"inLanguage\":\"de\",\"@id\":\"https:\\\/\\\/www.jazzzeitung.de\\\/cms\\\/#\\\/schema\\\/logo\\\/image\\\/\",\"url\":\"https:\\\/\\\/i0.wp.com\\\/www.jazzzeitung.de\\\/cms\\\/wp-content\\\/uploads\\\/2015\\\/08\\\/JAZZZEITUNGDE_Logo_Neu.png?fit=499%2C200&ssl=1\",\"contentUrl\":\"https:\\\/\\\/i0.wp.com\\\/www.jazzzeitung.de\\\/cms\\\/wp-content\\\/uploads\\\/2015\\\/08\\\/JAZZZEITUNGDE_Logo_Neu.png?fit=499%2C200&ssl=1\",\"width\":499,\"height\":200,\"caption\":\"JazzZeitung online\"},\"image\":{\"@id\":\"https:\\\/\\\/www.jazzzeitung.de\\\/cms\\\/#\\\/schema\\\/logo\\\/image\\\/\"},\"sameAs\":[\"https:\\\/\\\/www.facebook.com\\\/JazzZeitung\\\/\"]},{\"@type\":\"Person\",\"@id\":\"https:\\\/\\\/www.jazzzeitung.de\\\/cms\\\/#\\\/schema\\\/person\\\/2245b36b9cd1d24cea10f01c031fb92b\",\"name\":\"Redaktion JazzZeitung\",\"image\":{\"@type\":\"ImageObject\",\"inLanguage\":\"de\",\"@id\":\"https:\\\/\\\/i0.wp.com\\\/www.jazzzeitung.de\\\/cms\\\/wp-content\\\/uploads\\\/2015\\\/08\\\/JAZZZEITUNGDE_Logo_Neu.png?resize=96%2C96&ssl=159975dcacb611b5700bd619b5daf0a7a\",\"url\":\"https:\\\/\\\/i0.wp.com\\\/www.jazzzeitung.de\\\/cms\\\/wp-content\\\/uploads\\\/2015\\\/08\\\/JAZZZEITUNGDE_Logo_Neu.png?resize=96%2C96&ssl=1\",\"contentUrl\":\"https:\\\/\\\/i0.wp.com\\\/www.jazzzeitung.de\\\/cms\\\/wp-content\\\/uploads\\\/2015\\\/08\\\/JAZZZEITUNGDE_Logo_Neu.png?resize=96%2C96&ssl=1\",\"caption\":\"Redaktion JazzZeitung\"},\"description\":\"Artikel der Redaktion der JazzZeitung.\",\"sameAs\":[\"http:\\\/\\\/www.jazzzeitung.de\\\/cms\\\/\"],\"url\":\"https:\\\/\\\/www.jazzzeitung.de\\\/cms\\\/author\\\/redaktion\\\/\"}]}<\/script>\n<!-- \/ Yoast SEO plugin. -->","yoast_head_json":{"title":"Familienfest: das 34. Bayerische Jazzweekend im Juli - JazzZeitung","robots":{"index":"index","follow":"follow","max-snippet":"max-snippet:-1","max-image-preview":"max-image-preview:large","max-video-preview":"max-video-preview:-1"},"canonical":"https:\/\/www.jazzzeitung.de\/cms\/2015\/06\/familienfest-das-34-bayerische-jazzweekend-im-juli\/","og_locale":"de_DE","og_type":"article","og_title":"Familienfest: das 34. Bayerische Jazzweekend im Juli - JazzZeitung","og_description":"Von Ursula Gaisa \u2013 Von Donnerstag, den 9. bis 12. Juli 2015 findet im Gewerbepark Regensburg und auf elf B\u00fchnen in der historischen Altstadt des Welterbe zum 34. Mal das Bayerische Jazzweekend statt. Heute, am 30. Juni, lud das Kulturamt der Stadt Regensburg zu einem Pressegespr\u00e4ch ein. Rund 95 Veranstaltungen \u2013 90 Konzerten und 5 Sessions \u2013 k\u00f6nnen die Besucher des &#8222;Familienfestes des Jazz&#8220; kostenlos genie\u00dfen. Die stilistische Bandbreite reicht von Blues, Swing, Fusionjazz oder Popjazz bis hin zu so ausgefallenen Events wie \u201eLivelooping mit Didgeridoo\u201c (Analogue Birds), \u201eImprovisationstanz um die Drehorgel (De Strawanza) und \u201eSaitenstarkem Kaffeehausjazz\u201c (Barcarole), so Weekend-Intendantin Sylke Merbold vom Bayerischen Jazzinstitut, das inzwischen nicht mehr unter der Tr\u00e4gerschaft der LAG Jazz in Bayern, sondern der Bayerischen Sing- und Musikschulen (VBSM) steht (die neue musikzeitung berichtete). 22-mal musste die ehrenamtliche Jury \u2013 bestehend aus \u201eStudenten, Rentnern, Musikern und Jazzenthusiasten\u201c, so Merbold, in diesem Jahr tagen, um die diesj\u00e4hrigen Teilnehmer auszuw\u00e4hlen, 100 Bands gingen dabei leer aus. Der Startschuss f\u00e4llt wie schon seit vielen Jahren auf der Piazza des Gewerbeparks Regensburg: mit De Strawanza aus \u00d6sterreich, die rund um eine Drehorgel improvisieren. Au\u00dferdem &hellip;","og_url":"https:\/\/www.jazzzeitung.de\/cms\/2015\/06\/familienfest-das-34-bayerische-jazzweekend-im-juli\/","og_site_name":"JazzZeitung","article_publisher":"https:\/\/www.facebook.com\/JazzZeitung\/","article_published_time":"2015-06-30T11:50:00+00:00","og_image":[{"url":"http:\/\/www.jazzzeitung.de\/cms\/wp-content\/uploads\/2015\/06\/Sax4quattro_2-150x150.jpg","type":"","width":"","height":""}],"author":"Redaktion JazzZeitung","schema":{"@context":"https:\/\/schema.org","@graph":[{"@type":"Article","@id":"https:\/\/www.jazzzeitung.de\/cms\/2015\/06\/familienfest-das-34-bayerische-jazzweekend-im-juli\/#article","isPartOf":{"@id":"https:\/\/www.jazzzeitung.de\/cms\/2015\/06\/familienfest-das-34-bayerische-jazzweekend-im-juli\/"},"author":{"name":"Redaktion JazzZeitung","@id":"https:\/\/www.jazzzeitung.de\/cms\/#\/schema\/person\/2245b36b9cd1d24cea10f01c031fb92b"},"headline":"Familienfest: das 34. Bayerische Jazzweekend im Juli","datePublished":"2015-06-30T11:50:00+00:00","mainEntityOfPage":{"@id":"https:\/\/www.jazzzeitung.de\/cms\/2015\/06\/familienfest-das-34-bayerische-jazzweekend-im-juli\/"},"wordCount":549,"commentCount":0,"publisher":{"@id":"https:\/\/www.jazzzeitung.de\/cms\/#organization"},"image":{"@id":"https:\/\/www.jazzzeitung.de\/cms\/2015\/06\/familienfest-das-34-bayerische-jazzweekend-im-juli\/#primaryimage"},"thumbnailUrl":"http:\/\/www.jazzzeitung.de\/cms\/wp-content\/uploads\/2015\/06\/Sax4quattro_2-150x150.jpg","keywords":["Bayerisches Jazzinstitut","Big Band","Blues","CD","Jazz in Bayern","Jazzinstitut","Jazzweekend","Jugend jazzt","LAG Jazz in Bayern","Landes-Jugendjazzorchester","Lorenz Kellhuber","neue musikzeitung","Nordrhein-Westfalen","Regensburg","Swing","Sylke Merbold","Ursula Gaisa"],"articleSection":["Bericht"],"inLanguage":"de","potentialAction":[{"@type":"CommentAction","name":"Comment","target":["https:\/\/www.jazzzeitung.de\/cms\/2015\/06\/familienfest-das-34-bayerische-jazzweekend-im-juli\/#respond"]}]},{"@type":"WebPage","@id":"https:\/\/www.jazzzeitung.de\/cms\/2015\/06\/familienfest-das-34-bayerische-jazzweekend-im-juli\/","url":"https:\/\/www.jazzzeitung.de\/cms\/2015\/06\/familienfest-das-34-bayerische-jazzweekend-im-juli\/","name":"Familienfest: das 34. Bayerische Jazzweekend im Juli - JazzZeitung","isPartOf":{"@id":"https:\/\/www.jazzzeitung.de\/cms\/#website"},"primaryImageOfPage":{"@id":"https:\/\/www.jazzzeitung.de\/cms\/2015\/06\/familienfest-das-34-bayerische-jazzweekend-im-juli\/#primaryimage"},"image":{"@id":"https:\/\/www.jazzzeitung.de\/cms\/2015\/06\/familienfest-das-34-bayerische-jazzweekend-im-juli\/#primaryimage"},"thumbnailUrl":"http:\/\/www.jazzzeitung.de\/cms\/wp-content\/uploads\/2015\/06\/Sax4quattro_2-150x150.jpg","datePublished":"2015-06-30T11:50:00+00:00","breadcrumb":{"@id":"https:\/\/www.jazzzeitung.de\/cms\/2015\/06\/familienfest-das-34-bayerische-jazzweekend-im-juli\/#breadcrumb"},"inLanguage":"de","potentialAction":[{"@type":"ReadAction","target":["https:\/\/www.jazzzeitung.de\/cms\/2015\/06\/familienfest-das-34-bayerische-jazzweekend-im-juli\/"]}]},{"@type":"ImageObject","inLanguage":"de","@id":"https:\/\/www.jazzzeitung.de\/cms\/2015\/06\/familienfest-das-34-bayerische-jazzweekend-im-juli\/#primaryimage","url":"http:\/\/www.jazzzeitung.de\/cms\/wp-content\/uploads\/2015\/06\/Sax4quattro_2-150x150.jpg","contentUrl":"http:\/\/www.jazzzeitung.de\/cms\/wp-content\/uploads\/2015\/06\/Sax4quattro_2-150x150.jpg"},{"@type":"BreadcrumbList","@id":"https:\/\/www.jazzzeitung.de\/cms\/2015\/06\/familienfest-das-34-bayerische-jazzweekend-im-juli\/#breadcrumb","itemListElement":[{"@type":"ListItem","position":1,"name":"Startseite","item":"https:\/\/www.jazzzeitung.de\/cms\/"},{"@type":"ListItem","position":2,"name":"Familienfest: das 34. Bayerische Jazzweekend im Juli"}]},{"@type":"WebSite","@id":"https:\/\/www.jazzzeitung.de\/cms\/#website","url":"https:\/\/www.jazzzeitung.de\/cms\/","name":"JazzZeitung","description":"Jazz-News und Jazz-Kontroverses","publisher":{"@id":"https:\/\/www.jazzzeitung.de\/cms\/#organization"},"potentialAction":[{"@type":"SearchAction","target":{"@type":"EntryPoint","urlTemplate":"https:\/\/www.jazzzeitung.de\/cms\/?s={search_term_string}"},"query-input":{"@type":"PropertyValueSpecification","valueRequired":true,"valueName":"search_term_string"}}],"inLanguage":"de"},{"@type":"Organization","@id":"https:\/\/www.jazzzeitung.de\/cms\/#organization","name":"JazzZeitung online","url":"https:\/\/www.jazzzeitung.de\/cms\/","logo":{"@type":"ImageObject","inLanguage":"de","@id":"https:\/\/www.jazzzeitung.de\/cms\/#\/schema\/logo\/image\/","url":"https:\/\/i0.wp.com\/www.jazzzeitung.de\/cms\/wp-content\/uploads\/2015\/08\/JAZZZEITUNGDE_Logo_Neu.png?fit=499%2C200&ssl=1","contentUrl":"https:\/\/i0.wp.com\/www.jazzzeitung.de\/cms\/wp-content\/uploads\/2015\/08\/JAZZZEITUNGDE_Logo_Neu.png?fit=499%2C200&ssl=1","width":499,"height":200,"caption":"JazzZeitung online"},"image":{"@id":"https:\/\/www.jazzzeitung.de\/cms\/#\/schema\/logo\/image\/"},"sameAs":["https:\/\/www.facebook.com\/JazzZeitung\/"]},{"@type":"Person","@id":"https:\/\/www.jazzzeitung.de\/cms\/#\/schema\/person\/2245b36b9cd1d24cea10f01c031fb92b","name":"Redaktion JazzZeitung","image":{"@type":"ImageObject","inLanguage":"de","@id":"https:\/\/i0.wp.com\/www.jazzzeitung.de\/cms\/wp-content\/uploads\/2015\/08\/JAZZZEITUNGDE_Logo_Neu.png?resize=96%2C96&ssl=159975dcacb611b5700bd619b5daf0a7a","url":"https:\/\/i0.wp.com\/www.jazzzeitung.de\/cms\/wp-content\/uploads\/2015\/08\/JAZZZEITUNGDE_Logo_Neu.png?resize=96%2C96&ssl=1","contentUrl":"https:\/\/i0.wp.com\/www.jazzzeitung.de\/cms\/wp-content\/uploads\/2015\/08\/JAZZZEITUNGDE_Logo_Neu.png?resize=96%2C96&ssl=1","caption":"Redaktion JazzZeitung"},"description":"Artikel der Redaktion der JazzZeitung.","sameAs":["http:\/\/www.jazzzeitung.de\/cms\/"],"url":"https:\/\/www.jazzzeitung.de\/cms\/author\/redaktion\/"}]}},"wp-worthy-pixel":{"ignored":false,"public":null,"server":null,"url":null},"wp-worthy-type":"normal","jetpack_publicize_connections":[],"cc_featured_image_caption":{"caption_text":false,"source_text":false,"source_url":false},"jetpack_featured_media_url":"","jetpack_shortlink":"https:\/\/wp.me\/p3KEcT-1GX","jetpack-related-posts":[{"id":27456,"url":"https:\/\/www.jazzzeitung.de\/cms\/2022\/06\/programm-fuer-das-41-bayerische-jazzweekend-2022-steht\/","url_meta":{"origin":6507,"position":0},"title":"Programm f\u00fcr das 41. Bayerische Jazzweekend 2022 steht","author":"Redaktion JazzZeitung","date":"1. Juni 2022","format":false,"excerpt":"Endlich wieder Jazz in Regensburg - und das ein ganzes verl\u00e4ngertes Wochenende lang vom 14. bis 17. Juli 2022. 14 B\u00fchnen verteilen sich auf die ganze Innenstadt: Vom Degginger zum Leeren Beutel, vom italienischen Restaurant bis zum Nachtclub, vom Schiffsanleger am Marc-Aurel-Ufer bis zum Thon-Dittmer-Palais - und das alles kostenlos\u2026","rel":"","context":"In &quot;Bericht&quot;","block_context":{"text":"Bericht","link":"https:\/\/www.jazzzeitung.de\/cms\/thema\/bericht\/"},"img":{"alt_text":"","src":"https:\/\/i0.wp.com\/www.jazzzeitung.de\/cms\/wp-content\/uploads\/2022\/05\/weekend_regensburg_gaisa_pressekonferenz-3-scaled.jpg?fit=1200%2C675&ssl=1&resize=350%2C200","width":350,"height":200,"srcset":"https:\/\/i0.wp.com\/www.jazzzeitung.de\/cms\/wp-content\/uploads\/2022\/05\/weekend_regensburg_gaisa_pressekonferenz-3-scaled.jpg?fit=1200%2C675&ssl=1&resize=350%2C200 1x, https:\/\/i0.wp.com\/www.jazzzeitung.de\/cms\/wp-content\/uploads\/2022\/05\/weekend_regensburg_gaisa_pressekonferenz-3-scaled.jpg?fit=1200%2C675&ssl=1&resize=525%2C300 1.5x, https:\/\/i0.wp.com\/www.jazzzeitung.de\/cms\/wp-content\/uploads\/2022\/05\/weekend_regensburg_gaisa_pressekonferenz-3-scaled.jpg?fit=1200%2C675&ssl=1&resize=700%2C400 2x, https:\/\/i0.wp.com\/www.jazzzeitung.de\/cms\/wp-content\/uploads\/2022\/05\/weekend_regensburg_gaisa_pressekonferenz-3-scaled.jpg?fit=1200%2C675&ssl=1&resize=1050%2C600 3x"},"classes":[]},{"id":26185,"url":"https:\/\/www.jazzzeitung.de\/cms\/2021\/11\/26185\/","url_meta":{"origin":6507,"position":1},"title":"Bewerbungsphase f\u00fcrs Bayerische Jazzweekend Regensburg gestartet","author":"Redaktion JazzZeitung","date":"18. November 2021","format":false,"excerpt":"\u201eVom 14. bis 17. Juli 2022 ist Regensburg ganz Jazz. Von Dixieland \u00fcber Swing und Bebop bis hin zu Free Jazz: Das Bayerische Jazzweekend Regensburg sucht Musikerinnen und Musiker, Bands und Combos auf allen Richtungen und Sparten der Jazzmusik. Wir freuen uns auf Ihre Bewerbung! \u201c Das Zitat stammt von\u2026","rel":"","context":"In &quot;News&quot;","block_context":{"text":"News","link":"https:\/\/www.jazzzeitung.de\/cms\/thema\/nachrichten\/"},"img":{"alt_text":"","src":"https:\/\/i0.wp.com\/www.jazzzeitung.de\/cms\/wp-content\/uploads\/2021\/11\/weekend1-scaled-e1637159697323.jpg?fit=1200%2C836&ssl=1&resize=350%2C200","width":350,"height":200,"srcset":"https:\/\/i0.wp.com\/www.jazzzeitung.de\/cms\/wp-content\/uploads\/2021\/11\/weekend1-scaled-e1637159697323.jpg?fit=1200%2C836&ssl=1&resize=350%2C200 1x, https:\/\/i0.wp.com\/www.jazzzeitung.de\/cms\/wp-content\/uploads\/2021\/11\/weekend1-scaled-e1637159697323.jpg?fit=1200%2C836&ssl=1&resize=525%2C300 1.5x, https:\/\/i0.wp.com\/www.jazzzeitung.de\/cms\/wp-content\/uploads\/2021\/11\/weekend1-scaled-e1637159697323.jpg?fit=1200%2C836&ssl=1&resize=700%2C400 2x, https:\/\/i0.wp.com\/www.jazzzeitung.de\/cms\/wp-content\/uploads\/2021\/11\/weekend1-scaled-e1637159697323.jpg?fit=1200%2C836&ssl=1&resize=1050%2C600 3x"},"classes":[]},{"id":1115,"url":"https:\/\/www.jazzzeitung.de\/cms\/2011\/07\/auf-den-spuren-von-richard-jazzweekend-regensburg-2011\/","url_meta":{"origin":6507,"position":2},"title":"Auf den Spuren von Richard: Jazzweekend Regensburg 2011","author":"J\u00f6rg Lichtinger","date":"7. Juli 2011","format":false,"excerpt":"Das heute gestartete 30. Bayerische Jazzweekend Regensburg ist die erste Ausgabe des Stadtfestivals ohne seinen Initiator Richard Wiedamann. Der am 06. Januar 2011 verstorbene Wiedamann war eine Pers\u00f6nlichkeit, der seine Region pr\u00e4gte, indem er \u00fcber Jahrzehnte hinweg Strukturen aufbaute (Bayerisches Jazzweekend, Bayerisches Jazzinstitut, Landesjugend Jazzorchester), von denen der Jazz in\u2026","rel":"","context":"In &quot;Blog&quot;","block_context":{"text":"Blog","link":"https:\/\/www.jazzzeitung.de\/cms\/thema\/blog\/"},"img":{"alt_text":"jw_logo","src":"https:\/\/i0.wp.com\/www.jazzzeitung.de\/cms\/wp-content\/uploads\/2011\/07\/jw_logo.jpg?resize=350%2C200","width":350,"height":200},"classes":[]},{"id":29554,"url":"https:\/\/www.jazzzeitung.de\/cms\/2023\/06\/regensburg-praesentiert-das-programm-fuer-das-42-bayerische-jazzweekend\/","url_meta":{"origin":6507,"position":3},"title":"Regensburg pr\u00e4sentiert das Programm f\u00fcr das 42. Bayerische Jazzweekend","author":"Redaktion JazzZeitung","date":"9. Juni 2023","format":false,"excerpt":"Das Programm des Jazzweekends 2023 steht fest. Vom 13. bis 16. Juli werden 105 kostenfreie Konzerte von 101 Bands, Combos und Einzelk\u00fcnstlerinnen und -k\u00fcnstlern \u00fcber die B\u00fchnen der Stadt gehen. Das Konzept gibt es seit 42 Jahren, dem seit 2022 wirkenden neuen k\u00fcnstlerischen Leiter, Christian Sommerer, gelingt es wie versprochen,\u2026","rel":"","context":"In &quot;Bericht&quot;","block_context":{"text":"Bericht","link":"https:\/\/www.jazzzeitung.de\/cms\/thema\/bericht\/"},"img":{"alt_text":"","src":"https:\/\/i0.wp.com\/www.jazzzeitung.de\/cms\/wp-content\/uploads\/2023\/06\/Monika-Roscher-Big-Band_Lukas-Diller-scaled.jpg?fit=1200%2C794&ssl=1&resize=350%2C200","width":350,"height":200,"srcset":"https:\/\/i0.wp.com\/www.jazzzeitung.de\/cms\/wp-content\/uploads\/2023\/06\/Monika-Roscher-Big-Band_Lukas-Diller-scaled.jpg?fit=1200%2C794&ssl=1&resize=350%2C200 1x, https:\/\/i0.wp.com\/www.jazzzeitung.de\/cms\/wp-content\/uploads\/2023\/06\/Monika-Roscher-Big-Band_Lukas-Diller-scaled.jpg?fit=1200%2C794&ssl=1&resize=525%2C300 1.5x, https:\/\/i0.wp.com\/www.jazzzeitung.de\/cms\/wp-content\/uploads\/2023\/06\/Monika-Roscher-Big-Band_Lukas-Diller-scaled.jpg?fit=1200%2C794&ssl=1&resize=700%2C400 2x, https:\/\/i0.wp.com\/www.jazzzeitung.de\/cms\/wp-content\/uploads\/2023\/06\/Monika-Roscher-Big-Band_Lukas-Diller-scaled.jpg?fit=1200%2C794&ssl=1&resize=1050%2C600 3x"},"classes":[]},{"id":690,"url":"https:\/\/www.jazzzeitung.de\/cms\/2011\/01\/ende-einer-aera-richard-wiedamann-gestorben\/","url_meta":{"origin":6507,"position":4},"title":"Ende einer \u00c4ra: Richard Wiedamann gestorben","author":"J\u00f6rg Lichtinger","date":"7. Januar 2011","format":false,"excerpt":"Wie das Bayerische Jazzinstitut gestern auf seiner Website meldete, ist der Gr\u00fcnder und langj\u00e4hrige Leiter des Instituts Richard Wiedamann am 6. Januar 2011 verstorben. Sein Tod bedeutet das Ende einer \u00c4ra, denn vieles, was den Jazz in Regensburg und Bayern betrifft, geht auf Wiedamanns Bem\u00fchungen zur\u00fcck. Als Leiter der St\u00e4dtischen\u2026","rel":"","context":"In &quot;Blog&quot;","block_context":{"text":"Blog","link":"https:\/\/www.jazzzeitung.de\/cms\/thema\/blog\/"},"img":{"alt_text":"Wiedamann im Jahr 2001. Foto: Michael Scheiner","src":"https:\/\/i0.wp.com\/www.jazzzeitung.de\/cms\/wp-content\/uploads\/2011\/01\/WiedamannR-507-3-300x228.jpg?resize=350%2C200","width":350,"height":200},"classes":[]},{"id":32827,"url":"https:\/\/www.jazzzeitung.de\/cms\/2025\/07\/ein-rundgang-ueber-das-44-bayerische-jazzweekend-in-regensburg\/","url_meta":{"origin":6507,"position":5},"title":"Ein Rundgang \u00fcber das 44. Bayerische Jazzweekend in Regensburg","author":"Redaktion JazzZeitung","date":"17. Juli 2025","format":false,"excerpt":"Rund 90.000 Musikbegeisterte lauschten vom 10. bis 13. Juli 2025 vier Tage lang den vielseitigen Spielarten des Jazz. An 14 Spielorten in Regensburg und weiteren 5 Spielorten in Kallm\u00fcnz erlebte das tanzfreudige, kritische und begeisterungsf\u00e4hige Publikum rund 110 unterschiedliche Formationen und deren Konzerte. International gefragte Gr\u00f6\u00dfen des Jazz trafen beim\u2026","rel":"","context":"In &quot;Galerie&quot;","block_context":{"text":"Galerie","link":"https:\/\/www.jazzzeitung.de\/cms\/thema\/galerie\/"},"img":{"alt_text":"","src":"https:\/\/i0.wp.com\/www.jazzzeitung.de\/cms\/wp-content\/uploads\/2025\/07\/SiEA-Antonia-Dering-c-JM-Koch.jpg?fit=1200%2C900&ssl=1&resize=350%2C200","width":350,"height":200,"srcset":"https:\/\/i0.wp.com\/www.jazzzeitung.de\/cms\/wp-content\/uploads\/2025\/07\/SiEA-Antonia-Dering-c-JM-Koch.jpg?fit=1200%2C900&ssl=1&resize=350%2C200 1x, https:\/\/i0.wp.com\/www.jazzzeitung.de\/cms\/wp-content\/uploads\/2025\/07\/SiEA-Antonia-Dering-c-JM-Koch.jpg?fit=1200%2C900&ssl=1&resize=525%2C300 1.5x, https:\/\/i0.wp.com\/www.jazzzeitung.de\/cms\/wp-content\/uploads\/2025\/07\/SiEA-Antonia-Dering-c-JM-Koch.jpg?fit=1200%2C900&ssl=1&resize=700%2C400 2x, https:\/\/i0.wp.com\/www.jazzzeitung.de\/cms\/wp-content\/uploads\/2025\/07\/SiEA-Antonia-Dering-c-JM-Koch.jpg?fit=1200%2C900&ssl=1&resize=1050%2C600 3x"},"classes":[]}],"jetpack_sharing_enabled":true,"_links":{"self":[{"href":"https:\/\/www.jazzzeitung.de\/cms\/wp-json\/wp\/v2\/posts\/6507","targetHints":{"allow":["GET"]}}],"collection":[{"href":"https:\/\/www.jazzzeitung.de\/cms\/wp-json\/wp\/v2\/posts"}],"about":[{"href":"https:\/\/www.jazzzeitung.de\/cms\/wp-json\/wp\/v2\/types\/post"}],"author":[{"embeddable":true,"href":"https:\/\/www.jazzzeitung.de\/cms\/wp-json\/wp\/v2\/users\/18"}],"replies":[{"embeddable":true,"href":"https:\/\/www.jazzzeitung.de\/cms\/wp-json\/wp\/v2\/comments?post=6507"}],"version-history":[{"count":3,"href":"https:\/\/www.jazzzeitung.de\/cms\/wp-json\/wp\/v2\/posts\/6507\/revisions"}],"predecessor-version":[{"id":6512,"href":"https:\/\/www.jazzzeitung.de\/cms\/wp-json\/wp\/v2\/posts\/6507\/revisions\/6512"}],"wp:attachment":[{"href":"https:\/\/www.jazzzeitung.de\/cms\/wp-json\/wp\/v2\/media?parent=6507"}],"wp:term":[{"taxonomy":"category","embeddable":true,"href":"https:\/\/www.jazzzeitung.de\/cms\/wp-json\/wp\/v2\/categories?post=6507"},{"taxonomy":"post_tag","embeddable":true,"href":"https:\/\/www.jazzzeitung.de\/cms\/wp-json\/wp\/v2\/tags?post=6507"},{"taxonomy":"author","embeddable":true,"href":"https:\/\/www.jazzzeitung.de\/cms\/wp-json\/wp\/v2\/coauthors?post=6507"}],"curies":[{"name":"wp","href":"https:\/\/api.w.org\/{rel}","templated":true}]}}