{"id":6502,"date":"2015-07-01T11:06:19","date_gmt":"2015-07-01T09:06:19","guid":{"rendered":"http:\/\/www.jazzzeitung.de\/cms\/?p=6502"},"modified":"2015-07-01T12:55:56","modified_gmt":"2015-07-01T10:55:56","slug":"jazzopen-stuttgart-erwarten-fuer-2015-besucherrekord","status":"publish","type":"post","link":"https:\/\/www.jazzzeitung.de\/cms\/2015\/07\/jazzopen-stuttgart-erwarten-fuer-2015-besucherrekord\/","title":{"rendered":"jazzopen stuttgart erwarten f\u00fcr 2015 Besucherrekord"},"content":{"rendered":"<figure id=\"attachment_6504\" aria-describedby=\"caption-attachment-6504\" style=\"width: 150px\" class=\"wp-caption alignright\"><a href=\"https:\/\/i0.wp.com\/www.jazzzeitung.de\/cms\/wp-content\/uploads\/2015\/07\/MercedesBenz-Museum.jpg\"><img data-recalc-dims=\"1\" loading=\"lazy\" decoding=\"async\" data-attachment-id=\"6504\" data-permalink=\"https:\/\/www.jazzzeitung.de\/cms\/2015\/07\/jazzopen-stuttgart-erwarten-fuer-2015-besucherrekord\/mercedesbenz-museum\/\" data-orig-file=\"https:\/\/i0.wp.com\/www.jazzzeitung.de\/cms\/wp-content\/uploads\/2015\/07\/MercedesBenz-Museum.jpg?fit=6048%2C4032&amp;ssl=1\" data-orig-size=\"6048,4032\" data-comments-opened=\"1\" data-image-meta=\"{&quot;aperture&quot;:&quot;3.5&quot;,&quot;credit&quot;:&quot;&quot;,&quot;camera&quot;:&quot;NIKON D3X&quot;,&quot;caption&quot;:&quot;&quot;,&quot;created_timestamp&quot;:&quot;1279663092&quot;,&quot;copyright&quot;:&quot;&quot;,&quot;focal_length&quot;:&quot;14&quot;,&quot;iso&quot;:&quot;1000&quot;,&quot;shutter_speed&quot;:&quot;0.033333333333333&quot;,&quot;title&quot;:&quot;&quot;,&quot;orientation&quot;:&quot;1&quot;}\" data-image-title=\"MercedesBenz Museum\" data-image-description=\"\" data-image-caption=\"&lt;p&gt;Mercedes Benz  Museum: Laue Sommern\u00e4chte &amp;#8211; hei\u00dfer Jazz. Foto: jazzopen&lt;\/p&gt;\n\" data-large-file=\"https:\/\/i0.wp.com\/www.jazzzeitung.de\/cms\/wp-content\/uploads\/2015\/07\/MercedesBenz-Museum.jpg?fit=840%2C560&amp;ssl=1\" class=\"size-thumbnail wp-image-6504\" src=\"https:\/\/i0.wp.com\/www.jazzzeitung.de\/cms\/wp-content\/uploads\/2015\/07\/MercedesBenz-Museum-150x150.jpg?resize=150%2C150\" alt=\"Mercedes Benz  Museum: Laue Sommern\u00e4chte - hei\u00dfer Jazz. Foto: jazzopen\" width=\"150\" height=\"150\" srcset=\"https:\/\/i0.wp.com\/www.jazzzeitung.de\/cms\/wp-content\/uploads\/2015\/07\/MercedesBenz-Museum.jpg?resize=150%2C150&amp;ssl=1 150w, https:\/\/i0.wp.com\/www.jazzzeitung.de\/cms\/wp-content\/uploads\/2015\/07\/MercedesBenz-Museum.jpg?resize=144%2C144&amp;ssl=1 144w, https:\/\/i0.wp.com\/www.jazzzeitung.de\/cms\/wp-content\/uploads\/2015\/07\/MercedesBenz-Museum.jpg?resize=96%2C96&amp;ssl=1 96w, https:\/\/i0.wp.com\/www.jazzzeitung.de\/cms\/wp-content\/uploads\/2015\/07\/MercedesBenz-Museum.jpg?resize=24%2C24&amp;ssl=1 24w, https:\/\/i0.wp.com\/www.jazzzeitung.de\/cms\/wp-content\/uploads\/2015\/07\/MercedesBenz-Museum.jpg?resize=36%2C36&amp;ssl=1 36w, https:\/\/i0.wp.com\/www.jazzzeitung.de\/cms\/wp-content\/uploads\/2015\/07\/MercedesBenz-Museum.jpg?resize=48%2C48&amp;ssl=1 48w, https:\/\/i0.wp.com\/www.jazzzeitung.de\/cms\/wp-content\/uploads\/2015\/07\/MercedesBenz-Museum.jpg?resize=64%2C64&amp;ssl=1 64w, https:\/\/i0.wp.com\/www.jazzzeitung.de\/cms\/wp-content\/uploads\/2015\/07\/MercedesBenz-Museum.jpg?resize=32%2C32&amp;ssl=1 32w, https:\/\/i0.wp.com\/www.jazzzeitung.de\/cms\/wp-content\/uploads\/2015\/07\/MercedesBenz-Museum.jpg?resize=128%2C128&amp;ssl=1 128w, https:\/\/i0.wp.com\/www.jazzzeitung.de\/cms\/wp-content\/uploads\/2015\/07\/MercedesBenz-Museum.jpg?zoom=2&amp;resize=150%2C150&amp;ssl=1 300w, https:\/\/i0.wp.com\/www.jazzzeitung.de\/cms\/wp-content\/uploads\/2015\/07\/MercedesBenz-Museum.jpg?zoom=3&amp;resize=150%2C150&amp;ssl=1 450w\" sizes=\"auto, (max-width: 150px) 100vw, 150px\" \/><\/a><figcaption id=\"caption-attachment-6504\" class=\"wp-caption-text\">Mercedes Benz Museum: Laue Sommern\u00e4chte &#8211; hei\u00dfer Jazz. Foto: jazzopen<\/figcaption><\/figure>\n<p>Vom 3. bis 12. Juli 2015 pr\u00e4sentieren die jazzopen stuttgart Stars der internationalen Jazz-, Blues-, Soul- und Pop-Szene auf sechs B\u00fchnen \u2013 darunter Gregory Porter &amp; Dianne Reeves, Jamie Cullum, Zaz &amp; SWR Big Band, Max Herre, Caro Emerald, Mariza und viele mehr.<\/p>\n<p>Diesen Freitag, den 3. Juli beginnt die 22. Ausgabe des Festivals. mit der Verleihung der German Jazz Trophy an den Gitarristen, Komponisten und Bandleader Ralph Towner im Eventcenter SpardaWelt. Anschlie\u00dfend tritt der Geehrte selbst solo sowie mit Muthspiel-Grigoryan-Towner auf:\u00a0 MGT &#8211; Wolfgang Muthspiel, Slava Grigoryan &amp; Ralph Towner, das sind drei unterschiedliche Herangehensweisen an das Gitarrenspiel, drei Individualisten, drei Generationen aus drei Kontinenten.<\/p>\n<p>Tags darauf startet das Programm auf der Open Air B\u00fchne am Mercedes-Benz Museum. Hier finden vier Konzertabende statt: die niederl\u00e4ndische Chart-St\u00fcrmerin Caro Emerald und der sizilianische Soul-Jazz-S\u00e4nger Mario Biondi am 4. Juli, der Boomtown-Rats-S\u00e4nger und Band-Aid-Gr\u00fcnder Bob Geldof sowie der\u00a0 Gitarrist\u00a0 Carl Verheyen am 5. Juli, die portugiesische Fado-S\u00e4ngerin Mariza und zuvor die aus Kuba stammende Addys Mercedes am 6. Juli sowie Jazz-Bassist und Miles Davis-Weggef\u00e4hrte Marcus Miller und zuvor Tenorsaxophonist Joshua Redman mit seinem Jazz-Rock-Trio The Bad Plus.<\/p>\n<p>Den Auftakt auf der Hauptb\u00fchne des Festivals am Schlossplatz gibt am 9. Juli der Soul-Jazz-S\u00e4nger Gregory Porter. Begleitet wird er vom 60-k\u00f6pfigen Metropole Orkest aus den Niederlanden. Zuvor kann man mit Dianne Reeves eine der bedeutendsten Jazz-S\u00e4ngerinnen unserer Zeit erleben. Unter dem Motto \u201eMTV Unplugged Live 2015\u201c gibt der Stuttgarter Singer-Songwriter und Produzent Max Herre am 10. Juli das Abschlusskonzert seiner Tournee und tritt erstmals auf dem Schlossplatz auf. Neben einigen Special Guests wird auch das Kahedi Radio Orchestra mit ihm auf der B\u00fchne stehen, zuvor tritt Fetsum auf. Am 11. Juli stellt die junge Franz\u00f6sin Zaz ihr neues Album \u201eParis\u201c vor und tritt im zweiten Teil ihres Konzertprogramms mit der SWR Big Band auf. Zuvor kann man mit Rhiannon Giddens und Emily Bear zwei aufstrebende Newcomer erleben. Der letzte Festivalabend auf dem Schlossplatz geh\u00f6rt Jamie Cullum. Nach seinem grandiosen Auftritt 2014 ist der musikalisch vielseitige K\u00fcnstler erneut in Stuttgart zu erleben.<\/p>\n<p>Auch die Besucher der Clubb\u00fchne BIX erwartet ein ausgesuchtes Programm: Dana Leong Transatlantic Trio am 4. Juli, GoGo Penguin am 6. Juli, Emily Bear \/ Justin Kauflin am 7. Juli, Lizz Wrigth am 8. Juli, Magnus \u00d6str\u00f6m am 9. Juli, Ruthie Foster Quartet am 10. Juli und Hailey Tuck am 11. Juli. Mancher Konzertabend wird auch 2015 in spontanen Jam-Sessions m\u00fcnden, die bis tief in die Nacht andauern k\u00f6nnen.<\/p>\n<p>Als neue Spielst\u00e4tte hat sich die SpardaWelt etabliert: Dort gastieren\u00a0 am 6. Juli der Altsaxophonist David Sanborn und Emily Bear, das Brad Mehldau Trio am 7. Juli sowie\u00a0 Kovacs und Jarrod Lawson am 8. Juli mit einem Soul Abend. Erstmals bespielen die jazzopen in diesem Jahr das Kunstmuseum in Stuttgart. Impuls f\u00fcr die Zusammenarbeit ist die im Herbst beginnende Sonderausstellung \u201aI Got Rhythm\u2018, die sich mit den engen Verflechtungen zwischen Jazz und der bildenden Kunst seit 1920 besch\u00e4ftigt.<\/p>\n","protected":false},"excerpt":{"rendered":"<p>Vom 3. bis 12. Juli 2015 pr\u00e4sentieren die jazzopen stuttgart Stars der internationalen Jazz-, Blues-, Soul- und Pop-Szene auf sechs B\u00fchnen \u2013 darunter Gregory Porter &amp; Dianne Reeves, Jamie Cullum, Zaz &amp; SWR Big Band, Max Herre, Caro Emerald, Mariza und viele mehr. Diesen Freitag, den 3. Juli beginnt die 22. Ausgabe des Festivals. mit der Verleihung der German Jazz Trophy an den Gitarristen, Komponisten und Bandleader Ralph Towner im Eventcenter SpardaWelt. Anschlie\u00dfend tritt der Geehrte selbst solo sowie mit Muthspiel-Grigoryan-Towner auf:\u00a0 MGT &#8211; Wolfgang Muthspiel, Slava Grigoryan &amp; Ralph Towner, das sind drei unterschiedliche Herangehensweisen an das Gitarrenspiel, drei Individualisten, drei Generationen aus drei Kontinenten. Tags darauf startet das Programm auf der Open Air B\u00fchne am Mercedes-Benz Museum. Hier finden vier Konzertabende statt: die niederl\u00e4ndische Chart-St\u00fcrmerin Caro Emerald und der sizilianische Soul-Jazz-S\u00e4nger Mario Biondi am 4. Juli, der Boomtown-Rats-S\u00e4nger und Band-Aid-Gr\u00fcnder Bob Geldof sowie der\u00a0 Gitarrist\u00a0 Carl Verheyen am 5. Juli, die portugiesische Fado-S\u00e4ngerin Mariza und zuvor die aus Kuba stammende Addys Mercedes am 6. Juli sowie Jazz-Bassist und Miles Davis-Weggef\u00e4hrte Marcus Miller und zuvor Tenorsaxophonist Joshua Redman mit seinem Jazz-Rock-Trio The Bad Plus. &hellip;<\/p>\n","protected":false},"author":18,"featured_media":0,"comment_status":"open","ping_status":"closed","sticky":false,"template":"","format":"standard","meta":{"_jetpack_memberships_contains_paid_content":false,"footnotes":"","jetpack_publicize_message":"","jetpack_publicize_feature_enabled":true,"jetpack_social_post_already_shared":false,"jetpack_social_options":{"image_generator_settings":{"template":"highway","default_image_id":0,"font":"","enabled":false},"version":2}},"categories":[633],"tags":[34,71,83,682,940,1142,717,367,846,1032,390,991,732,775,431,447,1193,962,1095],"coauthors":[695],"class_list":["post-6502","post","type-post","status-publish","format-standard","hentry","category-nachrichten","tag-album","tag-big-band","tag-blues","tag-festivals","tag-german-jazz-trophy","tag-gregory-porter","tag-jamie-cullum","tag-magnus-oestroem","tag-mario-biondi","tag-max-herre","tag-miles-davis","tag-muthspiel","tag-newcomer-2","tag-open","tag-paris","tag-pop","tag-radio","tag-the-bad-plus","tag-tournee"],"yoast_head":"<!-- This site is optimized with the Yoast SEO plugin v27.5 - https:\/\/yoast.com\/product\/yoast-seo-wordpress\/ -->\n<title>jazzopen stuttgart erwarten f\u00fcr 2015 Besucherrekord - JazzZeitung<\/title>\n<meta name=\"robots\" content=\"index, follow, max-snippet:-1, max-image-preview:large, max-video-preview:-1\" \/>\n<link rel=\"canonical\" href=\"https:\/\/www.jazzzeitung.de\/cms\/2015\/07\/jazzopen-stuttgart-erwarten-fuer-2015-besucherrekord\/\" \/>\n<meta property=\"og:locale\" content=\"de_DE\" \/>\n<meta property=\"og:type\" content=\"article\" \/>\n<meta property=\"og:title\" content=\"jazzopen stuttgart erwarten f\u00fcr 2015 Besucherrekord - JazzZeitung\" \/>\n<meta property=\"og:description\" content=\"Vom 3. bis 12. Juli 2015 pr\u00e4sentieren die jazzopen stuttgart Stars der internationalen Jazz-, Blues-, Soul- und Pop-Szene auf sechs B\u00fchnen \u2013 darunter Gregory Porter &amp; Dianne Reeves, Jamie Cullum, Zaz &amp; SWR Big Band, Max Herre, Caro Emerald, Mariza und viele mehr. Diesen Freitag, den 3. Juli beginnt die 22. Ausgabe des Festivals. mit der Verleihung der German Jazz Trophy an den Gitarristen, Komponisten und Bandleader Ralph Towner im Eventcenter SpardaWelt. Anschlie\u00dfend tritt der Geehrte selbst solo sowie mit Muthspiel-Grigoryan-Towner auf:\u00a0 MGT &#8211; Wolfgang Muthspiel, Slava Grigoryan &amp; Ralph Towner, das sind drei unterschiedliche Herangehensweisen an das Gitarrenspiel, drei Individualisten, drei Generationen aus drei Kontinenten. Tags darauf startet das Programm auf der Open Air B\u00fchne am Mercedes-Benz Museum. Hier finden vier Konzertabende statt: die niederl\u00e4ndische Chart-St\u00fcrmerin Caro Emerald und der sizilianische Soul-Jazz-S\u00e4nger Mario Biondi am 4. Juli, der Boomtown-Rats-S\u00e4nger und Band-Aid-Gr\u00fcnder Bob Geldof sowie der\u00a0 Gitarrist\u00a0 Carl Verheyen am 5. Juli, die portugiesische Fado-S\u00e4ngerin Mariza und zuvor die aus Kuba stammende Addys Mercedes am 6. Juli sowie Jazz-Bassist und Miles Davis-Weggef\u00e4hrte Marcus Miller und zuvor Tenorsaxophonist Joshua Redman mit seinem Jazz-Rock-Trio The Bad Plus. &hellip;\" \/>\n<meta property=\"og:url\" content=\"https:\/\/www.jazzzeitung.de\/cms\/2015\/07\/jazzopen-stuttgart-erwarten-fuer-2015-besucherrekord\/\" \/>\n<meta property=\"og:site_name\" content=\"JazzZeitung\" \/>\n<meta property=\"article:publisher\" content=\"https:\/\/www.facebook.com\/JazzZeitung\/\" \/>\n<meta property=\"article:published_time\" content=\"2015-07-01T09:06:19+00:00\" \/>\n<meta property=\"article:modified_time\" content=\"2015-07-01T10:55:56+00:00\" \/>\n<meta property=\"og:image\" content=\"http:\/\/www.jazzzeitung.de\/cms\/wp-content\/uploads\/2015\/07\/MercedesBenz-Museum-150x150.jpg\" \/>\n<meta name=\"author\" content=\"Redaktion JazzZeitung\" \/>\n<script type=\"application\/ld+json\" class=\"yoast-schema-graph\">{\"@context\":\"https:\\\/\\\/schema.org\",\"@graph\":[{\"@type\":\"Article\",\"@id\":\"https:\\\/\\\/www.jazzzeitung.de\\\/cms\\\/2015\\\/07\\\/jazzopen-stuttgart-erwarten-fuer-2015-besucherrekord\\\/#article\",\"isPartOf\":{\"@id\":\"https:\\\/\\\/www.jazzzeitung.de\\\/cms\\\/2015\\\/07\\\/jazzopen-stuttgart-erwarten-fuer-2015-besucherrekord\\\/\"},\"author\":{\"name\":\"Redaktion JazzZeitung\",\"@id\":\"https:\\\/\\\/www.jazzzeitung.de\\\/cms\\\/#\\\/schema\\\/person\\\/2245b36b9cd1d24cea10f01c031fb92b\"},\"headline\":\"jazzopen stuttgart erwarten f\u00fcr 2015 Besucherrekord\",\"datePublished\":\"2015-07-01T09:06:19+00:00\",\"dateModified\":\"2015-07-01T10:55:56+00:00\",\"mainEntityOfPage\":{\"@id\":\"https:\\\/\\\/www.jazzzeitung.de\\\/cms\\\/2015\\\/07\\\/jazzopen-stuttgart-erwarten-fuer-2015-besucherrekord\\\/\"},\"wordCount\":508,\"commentCount\":0,\"publisher\":{\"@id\":\"https:\\\/\\\/www.jazzzeitung.de\\\/cms\\\/#organization\"},\"image\":{\"@id\":\"https:\\\/\\\/www.jazzzeitung.de\\\/cms\\\/2015\\\/07\\\/jazzopen-stuttgart-erwarten-fuer-2015-besucherrekord\\\/#primaryimage\"},\"thumbnailUrl\":\"http:\\\/\\\/www.jazzzeitung.de\\\/cms\\\/wp-content\\\/uploads\\\/2015\\\/07\\\/MercedesBenz-Museum-150x150.jpg\",\"keywords\":[\"Album\",\"Big Band\",\"Blues\",\"Festivals\",\"German Jazz Trophy\",\"Gregory Porter\",\"Jamie Cullum\",\"Magnus \u00d6str\u00f6m\",\"Mario Biondi\",\"Max Herre\",\"Miles Davis\",\"Muthspiel\",\"Newcomer\",\"open\",\"Paris\",\"Pop\",\"Radio\",\"The Bad Plus\",\"Tournee\"],\"articleSection\":[\"News\"],\"inLanguage\":\"de\",\"potentialAction\":[{\"@type\":\"CommentAction\",\"name\":\"Comment\",\"target\":[\"https:\\\/\\\/www.jazzzeitung.de\\\/cms\\\/2015\\\/07\\\/jazzopen-stuttgart-erwarten-fuer-2015-besucherrekord\\\/#respond\"]}]},{\"@type\":\"WebPage\",\"@id\":\"https:\\\/\\\/www.jazzzeitung.de\\\/cms\\\/2015\\\/07\\\/jazzopen-stuttgart-erwarten-fuer-2015-besucherrekord\\\/\",\"url\":\"https:\\\/\\\/www.jazzzeitung.de\\\/cms\\\/2015\\\/07\\\/jazzopen-stuttgart-erwarten-fuer-2015-besucherrekord\\\/\",\"name\":\"jazzopen stuttgart erwarten f\u00fcr 2015 Besucherrekord - JazzZeitung\",\"isPartOf\":{\"@id\":\"https:\\\/\\\/www.jazzzeitung.de\\\/cms\\\/#website\"},\"primaryImageOfPage\":{\"@id\":\"https:\\\/\\\/www.jazzzeitung.de\\\/cms\\\/2015\\\/07\\\/jazzopen-stuttgart-erwarten-fuer-2015-besucherrekord\\\/#primaryimage\"},\"image\":{\"@id\":\"https:\\\/\\\/www.jazzzeitung.de\\\/cms\\\/2015\\\/07\\\/jazzopen-stuttgart-erwarten-fuer-2015-besucherrekord\\\/#primaryimage\"},\"thumbnailUrl\":\"http:\\\/\\\/www.jazzzeitung.de\\\/cms\\\/wp-content\\\/uploads\\\/2015\\\/07\\\/MercedesBenz-Museum-150x150.jpg\",\"datePublished\":\"2015-07-01T09:06:19+00:00\",\"dateModified\":\"2015-07-01T10:55:56+00:00\",\"breadcrumb\":{\"@id\":\"https:\\\/\\\/www.jazzzeitung.de\\\/cms\\\/2015\\\/07\\\/jazzopen-stuttgart-erwarten-fuer-2015-besucherrekord\\\/#breadcrumb\"},\"inLanguage\":\"de\",\"potentialAction\":[{\"@type\":\"ReadAction\",\"target\":[\"https:\\\/\\\/www.jazzzeitung.de\\\/cms\\\/2015\\\/07\\\/jazzopen-stuttgart-erwarten-fuer-2015-besucherrekord\\\/\"]}]},{\"@type\":\"ImageObject\",\"inLanguage\":\"de\",\"@id\":\"https:\\\/\\\/www.jazzzeitung.de\\\/cms\\\/2015\\\/07\\\/jazzopen-stuttgart-erwarten-fuer-2015-besucherrekord\\\/#primaryimage\",\"url\":\"http:\\\/\\\/www.jazzzeitung.de\\\/cms\\\/wp-content\\\/uploads\\\/2015\\\/07\\\/MercedesBenz-Museum-150x150.jpg\",\"contentUrl\":\"http:\\\/\\\/www.jazzzeitung.de\\\/cms\\\/wp-content\\\/uploads\\\/2015\\\/07\\\/MercedesBenz-Museum-150x150.jpg\"},{\"@type\":\"BreadcrumbList\",\"@id\":\"https:\\\/\\\/www.jazzzeitung.de\\\/cms\\\/2015\\\/07\\\/jazzopen-stuttgart-erwarten-fuer-2015-besucherrekord\\\/#breadcrumb\",\"itemListElement\":[{\"@type\":\"ListItem\",\"position\":1,\"name\":\"Startseite\",\"item\":\"https:\\\/\\\/www.jazzzeitung.de\\\/cms\\\/\"},{\"@type\":\"ListItem\",\"position\":2,\"name\":\"jazzopen stuttgart erwarten f\u00fcr 2015 Besucherrekord\"}]},{\"@type\":\"WebSite\",\"@id\":\"https:\\\/\\\/www.jazzzeitung.de\\\/cms\\\/#website\",\"url\":\"https:\\\/\\\/www.jazzzeitung.de\\\/cms\\\/\",\"name\":\"JazzZeitung\",\"description\":\"Jazz-News und Jazz-Kontroverses\",\"publisher\":{\"@id\":\"https:\\\/\\\/www.jazzzeitung.de\\\/cms\\\/#organization\"},\"potentialAction\":[{\"@type\":\"SearchAction\",\"target\":{\"@type\":\"EntryPoint\",\"urlTemplate\":\"https:\\\/\\\/www.jazzzeitung.de\\\/cms\\\/?s={search_term_string}\"},\"query-input\":{\"@type\":\"PropertyValueSpecification\",\"valueRequired\":true,\"valueName\":\"search_term_string\"}}],\"inLanguage\":\"de\"},{\"@type\":\"Organization\",\"@id\":\"https:\\\/\\\/www.jazzzeitung.de\\\/cms\\\/#organization\",\"name\":\"JazzZeitung online\",\"url\":\"https:\\\/\\\/www.jazzzeitung.de\\\/cms\\\/\",\"logo\":{\"@type\":\"ImageObject\",\"inLanguage\":\"de\",\"@id\":\"https:\\\/\\\/www.jazzzeitung.de\\\/cms\\\/#\\\/schema\\\/logo\\\/image\\\/\",\"url\":\"https:\\\/\\\/i0.wp.com\\\/www.jazzzeitung.de\\\/cms\\\/wp-content\\\/uploads\\\/2015\\\/08\\\/JAZZZEITUNGDE_Logo_Neu.png?fit=499%2C200&ssl=1\",\"contentUrl\":\"https:\\\/\\\/i0.wp.com\\\/www.jazzzeitung.de\\\/cms\\\/wp-content\\\/uploads\\\/2015\\\/08\\\/JAZZZEITUNGDE_Logo_Neu.png?fit=499%2C200&ssl=1\",\"width\":499,\"height\":200,\"caption\":\"JazzZeitung online\"},\"image\":{\"@id\":\"https:\\\/\\\/www.jazzzeitung.de\\\/cms\\\/#\\\/schema\\\/logo\\\/image\\\/\"},\"sameAs\":[\"https:\\\/\\\/www.facebook.com\\\/JazzZeitung\\\/\"]},{\"@type\":\"Person\",\"@id\":\"https:\\\/\\\/www.jazzzeitung.de\\\/cms\\\/#\\\/schema\\\/person\\\/2245b36b9cd1d24cea10f01c031fb92b\",\"name\":\"Redaktion JazzZeitung\",\"image\":{\"@type\":\"ImageObject\",\"inLanguage\":\"de\",\"@id\":\"https:\\\/\\\/i0.wp.com\\\/www.jazzzeitung.de\\\/cms\\\/wp-content\\\/uploads\\\/2015\\\/08\\\/JAZZZEITUNGDE_Logo_Neu.png?resize=96%2C96&ssl=159975dcacb611b5700bd619b5daf0a7a\",\"url\":\"https:\\\/\\\/i0.wp.com\\\/www.jazzzeitung.de\\\/cms\\\/wp-content\\\/uploads\\\/2015\\\/08\\\/JAZZZEITUNGDE_Logo_Neu.png?resize=96%2C96&ssl=1\",\"contentUrl\":\"https:\\\/\\\/i0.wp.com\\\/www.jazzzeitung.de\\\/cms\\\/wp-content\\\/uploads\\\/2015\\\/08\\\/JAZZZEITUNGDE_Logo_Neu.png?resize=96%2C96&ssl=1\",\"caption\":\"Redaktion JazzZeitung\"},\"description\":\"Artikel der Redaktion der JazzZeitung.\",\"sameAs\":[\"http:\\\/\\\/www.jazzzeitung.de\\\/cms\\\/\"],\"url\":\"https:\\\/\\\/www.jazzzeitung.de\\\/cms\\\/author\\\/redaktion\\\/\"}]}<\/script>\n<!-- \/ Yoast SEO plugin. -->","yoast_head_json":{"title":"jazzopen stuttgart erwarten f\u00fcr 2015 Besucherrekord - JazzZeitung","robots":{"index":"index","follow":"follow","max-snippet":"max-snippet:-1","max-image-preview":"max-image-preview:large","max-video-preview":"max-video-preview:-1"},"canonical":"https:\/\/www.jazzzeitung.de\/cms\/2015\/07\/jazzopen-stuttgart-erwarten-fuer-2015-besucherrekord\/","og_locale":"de_DE","og_type":"article","og_title":"jazzopen stuttgart erwarten f\u00fcr 2015 Besucherrekord - JazzZeitung","og_description":"Vom 3. bis 12. Juli 2015 pr\u00e4sentieren die jazzopen stuttgart Stars der internationalen Jazz-, Blues-, Soul- und Pop-Szene auf sechs B\u00fchnen \u2013 darunter Gregory Porter &amp; Dianne Reeves, Jamie Cullum, Zaz &amp; SWR Big Band, Max Herre, Caro Emerald, Mariza und viele mehr. Diesen Freitag, den 3. Juli beginnt die 22. Ausgabe des Festivals. mit der Verleihung der German Jazz Trophy an den Gitarristen, Komponisten und Bandleader Ralph Towner im Eventcenter SpardaWelt. Anschlie\u00dfend tritt der Geehrte selbst solo sowie mit Muthspiel-Grigoryan-Towner auf:\u00a0 MGT &#8211; Wolfgang Muthspiel, Slava Grigoryan &amp; Ralph Towner, das sind drei unterschiedliche Herangehensweisen an das Gitarrenspiel, drei Individualisten, drei Generationen aus drei Kontinenten. Tags darauf startet das Programm auf der Open Air B\u00fchne am Mercedes-Benz Museum. Hier finden vier Konzertabende statt: die niederl\u00e4ndische Chart-St\u00fcrmerin Caro Emerald und der sizilianische Soul-Jazz-S\u00e4nger Mario Biondi am 4. Juli, der Boomtown-Rats-S\u00e4nger und Band-Aid-Gr\u00fcnder Bob Geldof sowie der\u00a0 Gitarrist\u00a0 Carl Verheyen am 5. Juli, die portugiesische Fado-S\u00e4ngerin Mariza und zuvor die aus Kuba stammende Addys Mercedes am 6. Juli sowie Jazz-Bassist und Miles Davis-Weggef\u00e4hrte Marcus Miller und zuvor Tenorsaxophonist Joshua Redman mit seinem Jazz-Rock-Trio The Bad Plus. &hellip;","og_url":"https:\/\/www.jazzzeitung.de\/cms\/2015\/07\/jazzopen-stuttgart-erwarten-fuer-2015-besucherrekord\/","og_site_name":"JazzZeitung","article_publisher":"https:\/\/www.facebook.com\/JazzZeitung\/","article_published_time":"2015-07-01T09:06:19+00:00","article_modified_time":"2015-07-01T10:55:56+00:00","og_image":[{"url":"http:\/\/www.jazzzeitung.de\/cms\/wp-content\/uploads\/2015\/07\/MercedesBenz-Museum-150x150.jpg","type":"","width":"","height":""}],"author":"Redaktion JazzZeitung","schema":{"@context":"https:\/\/schema.org","@graph":[{"@type":"Article","@id":"https:\/\/www.jazzzeitung.de\/cms\/2015\/07\/jazzopen-stuttgart-erwarten-fuer-2015-besucherrekord\/#article","isPartOf":{"@id":"https:\/\/www.jazzzeitung.de\/cms\/2015\/07\/jazzopen-stuttgart-erwarten-fuer-2015-besucherrekord\/"},"author":{"name":"Redaktion JazzZeitung","@id":"https:\/\/www.jazzzeitung.de\/cms\/#\/schema\/person\/2245b36b9cd1d24cea10f01c031fb92b"},"headline":"jazzopen stuttgart erwarten f\u00fcr 2015 Besucherrekord","datePublished":"2015-07-01T09:06:19+00:00","dateModified":"2015-07-01T10:55:56+00:00","mainEntityOfPage":{"@id":"https:\/\/www.jazzzeitung.de\/cms\/2015\/07\/jazzopen-stuttgart-erwarten-fuer-2015-besucherrekord\/"},"wordCount":508,"commentCount":0,"publisher":{"@id":"https:\/\/www.jazzzeitung.de\/cms\/#organization"},"image":{"@id":"https:\/\/www.jazzzeitung.de\/cms\/2015\/07\/jazzopen-stuttgart-erwarten-fuer-2015-besucherrekord\/#primaryimage"},"thumbnailUrl":"http:\/\/www.jazzzeitung.de\/cms\/wp-content\/uploads\/2015\/07\/MercedesBenz-Museum-150x150.jpg","keywords":["Album","Big Band","Blues","Festivals","German Jazz Trophy","Gregory Porter","Jamie Cullum","Magnus \u00d6str\u00f6m","Mario Biondi","Max Herre","Miles Davis","Muthspiel","Newcomer","open","Paris","Pop","Radio","The Bad Plus","Tournee"],"articleSection":["News"],"inLanguage":"de","potentialAction":[{"@type":"CommentAction","name":"Comment","target":["https:\/\/www.jazzzeitung.de\/cms\/2015\/07\/jazzopen-stuttgart-erwarten-fuer-2015-besucherrekord\/#respond"]}]},{"@type":"WebPage","@id":"https:\/\/www.jazzzeitung.de\/cms\/2015\/07\/jazzopen-stuttgart-erwarten-fuer-2015-besucherrekord\/","url":"https:\/\/www.jazzzeitung.de\/cms\/2015\/07\/jazzopen-stuttgart-erwarten-fuer-2015-besucherrekord\/","name":"jazzopen stuttgart erwarten f\u00fcr 2015 Besucherrekord - JazzZeitung","isPartOf":{"@id":"https:\/\/www.jazzzeitung.de\/cms\/#website"},"primaryImageOfPage":{"@id":"https:\/\/www.jazzzeitung.de\/cms\/2015\/07\/jazzopen-stuttgart-erwarten-fuer-2015-besucherrekord\/#primaryimage"},"image":{"@id":"https:\/\/www.jazzzeitung.de\/cms\/2015\/07\/jazzopen-stuttgart-erwarten-fuer-2015-besucherrekord\/#primaryimage"},"thumbnailUrl":"http:\/\/www.jazzzeitung.de\/cms\/wp-content\/uploads\/2015\/07\/MercedesBenz-Museum-150x150.jpg","datePublished":"2015-07-01T09:06:19+00:00","dateModified":"2015-07-01T10:55:56+00:00","breadcrumb":{"@id":"https:\/\/www.jazzzeitung.de\/cms\/2015\/07\/jazzopen-stuttgart-erwarten-fuer-2015-besucherrekord\/#breadcrumb"},"inLanguage":"de","potentialAction":[{"@type":"ReadAction","target":["https:\/\/www.jazzzeitung.de\/cms\/2015\/07\/jazzopen-stuttgart-erwarten-fuer-2015-besucherrekord\/"]}]},{"@type":"ImageObject","inLanguage":"de","@id":"https:\/\/www.jazzzeitung.de\/cms\/2015\/07\/jazzopen-stuttgart-erwarten-fuer-2015-besucherrekord\/#primaryimage","url":"http:\/\/www.jazzzeitung.de\/cms\/wp-content\/uploads\/2015\/07\/MercedesBenz-Museum-150x150.jpg","contentUrl":"http:\/\/www.jazzzeitung.de\/cms\/wp-content\/uploads\/2015\/07\/MercedesBenz-Museum-150x150.jpg"},{"@type":"BreadcrumbList","@id":"https:\/\/www.jazzzeitung.de\/cms\/2015\/07\/jazzopen-stuttgart-erwarten-fuer-2015-besucherrekord\/#breadcrumb","itemListElement":[{"@type":"ListItem","position":1,"name":"Startseite","item":"https:\/\/www.jazzzeitung.de\/cms\/"},{"@type":"ListItem","position":2,"name":"jazzopen stuttgart erwarten f\u00fcr 2015 Besucherrekord"}]},{"@type":"WebSite","@id":"https:\/\/www.jazzzeitung.de\/cms\/#website","url":"https:\/\/www.jazzzeitung.de\/cms\/","name":"JazzZeitung","description":"Jazz-News und Jazz-Kontroverses","publisher":{"@id":"https:\/\/www.jazzzeitung.de\/cms\/#organization"},"potentialAction":[{"@type":"SearchAction","target":{"@type":"EntryPoint","urlTemplate":"https:\/\/www.jazzzeitung.de\/cms\/?s={search_term_string}"},"query-input":{"@type":"PropertyValueSpecification","valueRequired":true,"valueName":"search_term_string"}}],"inLanguage":"de"},{"@type":"Organization","@id":"https:\/\/www.jazzzeitung.de\/cms\/#organization","name":"JazzZeitung online","url":"https:\/\/www.jazzzeitung.de\/cms\/","logo":{"@type":"ImageObject","inLanguage":"de","@id":"https:\/\/www.jazzzeitung.de\/cms\/#\/schema\/logo\/image\/","url":"https:\/\/i0.wp.com\/www.jazzzeitung.de\/cms\/wp-content\/uploads\/2015\/08\/JAZZZEITUNGDE_Logo_Neu.png?fit=499%2C200&ssl=1","contentUrl":"https:\/\/i0.wp.com\/www.jazzzeitung.de\/cms\/wp-content\/uploads\/2015\/08\/JAZZZEITUNGDE_Logo_Neu.png?fit=499%2C200&ssl=1","width":499,"height":200,"caption":"JazzZeitung online"},"image":{"@id":"https:\/\/www.jazzzeitung.de\/cms\/#\/schema\/logo\/image\/"},"sameAs":["https:\/\/www.facebook.com\/JazzZeitung\/"]},{"@type":"Person","@id":"https:\/\/www.jazzzeitung.de\/cms\/#\/schema\/person\/2245b36b9cd1d24cea10f01c031fb92b","name":"Redaktion JazzZeitung","image":{"@type":"ImageObject","inLanguage":"de","@id":"https:\/\/i0.wp.com\/www.jazzzeitung.de\/cms\/wp-content\/uploads\/2015\/08\/JAZZZEITUNGDE_Logo_Neu.png?resize=96%2C96&ssl=159975dcacb611b5700bd619b5daf0a7a","url":"https:\/\/i0.wp.com\/www.jazzzeitung.de\/cms\/wp-content\/uploads\/2015\/08\/JAZZZEITUNGDE_Logo_Neu.png?resize=96%2C96&ssl=1","contentUrl":"https:\/\/i0.wp.com\/www.jazzzeitung.de\/cms\/wp-content\/uploads\/2015\/08\/JAZZZEITUNGDE_Logo_Neu.png?resize=96%2C96&ssl=1","caption":"Redaktion JazzZeitung"},"description":"Artikel der Redaktion der JazzZeitung.","sameAs":["http:\/\/www.jazzzeitung.de\/cms\/"],"url":"https:\/\/www.jazzzeitung.de\/cms\/author\/redaktion\/"}]}},"wp-worthy-pixel":{"ignored":false,"public":null,"server":null,"url":null},"wp-worthy-type":"normal","jetpack_publicize_connections":[],"cc_featured_image_caption":{"caption_text":false,"source_text":false,"source_url":false},"jetpack_featured_media_url":"","jetpack_shortlink":"https:\/\/wp.me\/p3KEcT-1GS","jetpack-related-posts":[{"id":21816,"url":"https:\/\/www.jazzzeitung.de\/cms\/2020\/01\/wie-man-opener-bei-der-jazzopen-stuttgart-werden-kann\/","url_meta":{"origin":6502,"position":0},"title":"Wie man Opener bei der jazzopen-Stuttgart werden kann","author":"Redaktion JazzZeitung","date":"30. Januar 2020","format":false,"excerpt":"Das Festival jazzopen in Stuttgart hat sein Programm bekanntgegeben und mit dem Vorverkauf begonnen. Bevor hier mehr \u00fcber die K\u00fcnstler der Festivalausgabe 2020 gesagt wird, ein Hinweis auf eine Bewerbungsfrist: Der vom Land Baden-W\u00fcrttemberg unterst\u00fctzte Bandnachwuchs-Wettbewerb \"playground BW\" wird auch in diesem Jahr ausgelobt. Einsendeschluss ist der 31. M\u00e4rz, die\u2026","rel":"","context":"In &quot;News&quot;","block_context":{"text":"News","link":"https:\/\/www.jazzzeitung.de\/cms\/thema\/nachrichten\/"},"img":{"alt_text":"","src":"https:\/\/i0.wp.com\/www.jazzzeitung.de\/cms\/wp-content\/uploads\/2017\/07\/034_JanDelay-DiskoNo.1_Foto-van-Loon.jpg?fit=1200%2C709&ssl=1&resize=350%2C200","width":350,"height":200,"srcset":"https:\/\/i0.wp.com\/www.jazzzeitung.de\/cms\/wp-content\/uploads\/2017\/07\/034_JanDelay-DiskoNo.1_Foto-van-Loon.jpg?fit=1200%2C709&ssl=1&resize=350%2C200 1x, https:\/\/i0.wp.com\/www.jazzzeitung.de\/cms\/wp-content\/uploads\/2017\/07\/034_JanDelay-DiskoNo.1_Foto-van-Loon.jpg?fit=1200%2C709&ssl=1&resize=525%2C300 1.5x, https:\/\/i0.wp.com\/www.jazzzeitung.de\/cms\/wp-content\/uploads\/2017\/07\/034_JanDelay-DiskoNo.1_Foto-van-Loon.jpg?fit=1200%2C709&ssl=1&resize=700%2C400 2x, https:\/\/i0.wp.com\/www.jazzzeitung.de\/cms\/wp-content\/uploads\/2017\/07\/034_JanDelay-DiskoNo.1_Foto-van-Loon.jpg?fit=1200%2C709&ssl=1&resize=1050%2C600 3x"},"classes":[]},{"id":11814,"url":"https:\/\/www.jazzzeitung.de\/cms\/2017\/03\/nachwuchsfoerderung-bei-den-jazzopen-mit-jazzopen-playground-bw-auf-die-grossen-festival-buehnen\/","url_meta":{"origin":6502,"position":1},"title":"Nachwuchsf\u00f6rderung bei den jazzopen: Mit &#8222;jazzopen playground BW&#8220; auf die gro\u00dfen Festival-B\u00fchnen","author":"Redaktion JazzZeitung","date":"1. M\u00e4rz 2017","format":false,"excerpt":"Bei den jazzopen 2017 bietet der Nachwuchs-Bandwettbewerb jazzopen playground BW zum 9. Mal aufstrebenden K\u00fcnstlern aus Baden-W\u00fcrttemberg die M\u00f6glichkeit, sich im Rahmen des Festivals auf einer jazzopen-B\u00fchne live zu pr\u00e4sentieren. Nachwuchsbands k\u00f6nnen sich bis 31. M\u00e4rz bewerben. Eine Fachjury unter Vorsitz von Prof. Mini Schulz w\u00e4hlt die Gewinner aus. Den\u2026","rel":"","context":"In &quot;News&quot;","block_context":{"text":"News","link":"https:\/\/www.jazzzeitung.de\/cms\/thema\/nachrichten\/"},"img":{"alt_text":"","src":"https:\/\/i0.wp.com\/www.jazzzeitung.de\/cms\/wp-content\/uploads\/2017\/03\/DSC1226_Peter-Steinhei%C3%9Fer-150x150.jpg?resize=350%2C200","width":350,"height":200},"classes":[]},{"id":18653,"url":"https:\/\/www.jazzzeitung.de\/cms\/2019\/02\/festival-jazzopen-stuttgart-eroeffnet-mit-verleihung-der-german-jazz-trophy-2019-an-dee-dee-bridgewater\/","url_meta":{"origin":6502,"position":2},"title":"Festival jazzopen Stuttgart er\u00f6ffnet mit Verleihung der German Jazz Trophy 2019 an Dee Dee Bridgewater","author":"Redaktion JazzZeitung","date":"14. Februar 2019","format":false,"excerpt":"Stuttgart. \u00dcber 50 Acts in elf Tagen auf f\u00fcnf B\u00fchnen. Nach der 25-j\u00e4hrigen Jubil\u00e4umsfeier im Juli letzten Jahres pr\u00e4sentieren die jazzopen Stuttgart vom 4. bis 14. Juli 2019 erneut ein vielf\u00e4ltiges Programm, in dem Jazz trotz allem Popstarrummel noch immer die DNA darstellt. Der Veranstalter Opus rechnet Pop-timistisch mit einem\u2026","rel":"","context":"In &quot;Bericht&quot;","block_context":{"text":"Bericht","link":"https:\/\/www.jazzzeitung.de\/cms\/thema\/bericht\/"},"img":{"alt_text":"","src":"https:\/\/i0.wp.com\/www.jazzzeitung.de\/cms\/wp-content\/uploads\/2019\/02\/Dee-Dee-Bridgewater-1Mark-Higashino-e1550152051836.jpg?fit=587%2C412&ssl=1&resize=350%2C200","width":350,"height":200,"srcset":"https:\/\/i0.wp.com\/www.jazzzeitung.de\/cms\/wp-content\/uploads\/2019\/02\/Dee-Dee-Bridgewater-1Mark-Higashino-e1550152051836.jpg?fit=587%2C412&ssl=1&resize=350%2C200 1x, https:\/\/i0.wp.com\/www.jazzzeitung.de\/cms\/wp-content\/uploads\/2019\/02\/Dee-Dee-Bridgewater-1Mark-Higashino-e1550152051836.jpg?fit=587%2C412&ssl=1&resize=525%2C300 1.5x"},"classes":[]},{"id":16636,"url":"https:\/\/www.jazzzeitung.de\/cms\/2018\/07\/16636\/","url_meta":{"origin":6502,"position":3},"title":"Das Stuttgarter Festival jazzopen feiert sein 25-j\u00e4hriges Jubil\u00e4um","author":"Redaktion JazzZeitung","date":"11. Juli 2018","format":false,"excerpt":"Vom 12. bis 22. Juli 2018 feiern die \"jazzopen stuttgart\" ihr 25-j\u00e4hriges Jubil\u00e4um. An 11 Tagen und auf sechs B\u00fchnen pr\u00e4sentiert der Veranstalter Opus unter dem Motto \u201ebe JAZZ be OPEN\u201c K\u00fcnstler internationaler Klasse \u2013 darunter Jamiroquai, Lenny Kravitz, Kraftwerk, Gregory Porter, Pat Metheny und viele mehr. Auftakt ist erneut\u2026","rel":"","context":"In &quot;News&quot;","block_context":{"text":"News","link":"https:\/\/www.jazzzeitung.de\/cms\/thema\/nachrichten\/"},"img":{"alt_text":"","src":"https:\/\/i0.wp.com\/www.jazzzeitung.de\/cms\/wp-content\/uploads\/2018\/07\/JO17_Altes-Schloss_Reiner-Pfisterer_.jpg?fit=1200%2C799&ssl=1&resize=350%2C200","width":350,"height":200,"srcset":"https:\/\/i0.wp.com\/www.jazzzeitung.de\/cms\/wp-content\/uploads\/2018\/07\/JO17_Altes-Schloss_Reiner-Pfisterer_.jpg?fit=1200%2C799&ssl=1&resize=350%2C200 1x, https:\/\/i0.wp.com\/www.jazzzeitung.de\/cms\/wp-content\/uploads\/2018\/07\/JO17_Altes-Schloss_Reiner-Pfisterer_.jpg?fit=1200%2C799&ssl=1&resize=525%2C300 1.5x, https:\/\/i0.wp.com\/www.jazzzeitung.de\/cms\/wp-content\/uploads\/2018\/07\/JO17_Altes-Schloss_Reiner-Pfisterer_.jpg?fit=1200%2C799&ssl=1&resize=700%2C400 2x, https:\/\/i0.wp.com\/www.jazzzeitung.de\/cms\/wp-content\/uploads\/2018\/07\/JO17_Altes-Schloss_Reiner-Pfisterer_.jpg?fit=1200%2C799&ssl=1&resize=1050%2C600 3x"},"classes":[]},{"id":14545,"url":"https:\/\/www.jazzzeitung.de\/cms\/2017\/12\/jazzopen-oder-jazzclosed-stuttgart-2018\/","url_meta":{"origin":6502,"position":4},"title":"Jazzopen oder Jazzclosed Stuttgart 2018","author":"Huflaikhan","date":"14. Dezember 2017","format":false,"excerpt":"Oder: Wie f\u00fcllt man 7.000 Pl\u00e4tze. Via Jazzfachzeitung BILD-Zeitung beschwert sich der Vorsitzende des Jazzverbands Baden-W\u00fcrttemberg, Eckhart Fischer \u00fcber die Programmierung der Jazzopen 2018 in Stuttgart: \u201eDa steht zwar \u201eJazzopen\u201c drauf, ist aber kaum noch Jazz drin. \u2026 Es ist wirklich schade, dass namhafte Jazz-K\u00fcnstler f\u00fcr die Haupttrib\u00fcne nicht in\u2026","rel":"","context":"In &quot;Blog&quot;","block_context":{"text":"Blog","link":"https:\/\/www.jazzzeitung.de\/cms\/thema\/blog\/"},"img":{"alt_text":"Jazzopen Schlossplatz. Foto: Jazzopen\/Presse","src":"https:\/\/i0.wp.com\/www.jazzzeitung.de\/cms\/wp-content\/uploads\/2017\/12\/jazzopen_schlossplatz.jpg?fit=1200%2C799&ssl=1&resize=350%2C200","width":350,"height":200,"srcset":"https:\/\/i0.wp.com\/www.jazzzeitung.de\/cms\/wp-content\/uploads\/2017\/12\/jazzopen_schlossplatz.jpg?fit=1200%2C799&ssl=1&resize=350%2C200 1x, https:\/\/i0.wp.com\/www.jazzzeitung.de\/cms\/wp-content\/uploads\/2017\/12\/jazzopen_schlossplatz.jpg?fit=1200%2C799&ssl=1&resize=525%2C300 1.5x, https:\/\/i0.wp.com\/www.jazzzeitung.de\/cms\/wp-content\/uploads\/2017\/12\/jazzopen_schlossplatz.jpg?fit=1200%2C799&ssl=1&resize=700%2C400 2x, https:\/\/i0.wp.com\/www.jazzzeitung.de\/cms\/wp-content\/uploads\/2017\/12\/jazzopen_schlossplatz.jpg?fit=1200%2C799&ssl=1&resize=1050%2C600 3x"},"classes":[]},{"id":8506,"url":"https:\/\/www.jazzzeitung.de\/cms\/2016\/02\/nachwuchsfoerderung-mit-jazzopen-playground-bw-auf-die-grossen-festival-buehnen\/","url_meta":{"origin":6502,"position":5},"title":"Nachwuchsf\u00f6rderung: Mit \u201ejazzopen playground BW\u201c auf die gro\u00dfen Festival-B\u00fchnen","author":"Redaktion JazzZeitung","date":"23. Februar 2016","format":false,"excerpt":"Bei den jazzopen Stuttgart 2016 bietet der Nachwuchs-Bandwettbewerb jazzopen playground BW zum 8. Mal aufstrebenden K\u00fcnstlern aus Baden-W\u00fcrttemberg die M\u00f6glichkeit, sich im Rahmen des Festivals auf einer jazzopen-B\u00fchne live zu pr\u00e4sentieren. Nachwuchsbands k\u00f6nnen sich bis 31. M\u00e4rz bewerben. Nach einer Vorauswahl durch eine Fachjury entscheidet die Facebook-Community des Festivals wer\u2026","rel":"","context":"In &quot;News&quot;","block_context":{"text":"News","link":"https:\/\/www.jazzzeitung.de\/cms\/thema\/nachrichten\/"},"img":{"alt_text":"Jazz Open 2015 auf dem Schlossplatz","src":"https:\/\/i0.wp.com\/www.jazzzeitung.de\/cms\/wp-content\/uploads\/2016\/02\/Jazzopen_ReinerPfisterer-150x150.jpg?resize=350%2C200","width":350,"height":200},"classes":[]}],"jetpack_sharing_enabled":true,"_links":{"self":[{"href":"https:\/\/www.jazzzeitung.de\/cms\/wp-json\/wp\/v2\/posts\/6502","targetHints":{"allow":["GET"]}}],"collection":[{"href":"https:\/\/www.jazzzeitung.de\/cms\/wp-json\/wp\/v2\/posts"}],"about":[{"href":"https:\/\/www.jazzzeitung.de\/cms\/wp-json\/wp\/v2\/types\/post"}],"author":[{"embeddable":true,"href":"https:\/\/www.jazzzeitung.de\/cms\/wp-json\/wp\/v2\/users\/18"}],"replies":[{"embeddable":true,"href":"https:\/\/www.jazzzeitung.de\/cms\/wp-json\/wp\/v2\/comments?post=6502"}],"version-history":[{"count":2,"href":"https:\/\/www.jazzzeitung.de\/cms\/wp-json\/wp\/v2\/posts\/6502\/revisions"}],"predecessor-version":[{"id":6506,"href":"https:\/\/www.jazzzeitung.de\/cms\/wp-json\/wp\/v2\/posts\/6502\/revisions\/6506"}],"wp:attachment":[{"href":"https:\/\/www.jazzzeitung.de\/cms\/wp-json\/wp\/v2\/media?parent=6502"}],"wp:term":[{"taxonomy":"category","embeddable":true,"href":"https:\/\/www.jazzzeitung.de\/cms\/wp-json\/wp\/v2\/categories?post=6502"},{"taxonomy":"post_tag","embeddable":true,"href":"https:\/\/www.jazzzeitung.de\/cms\/wp-json\/wp\/v2\/tags?post=6502"},{"taxonomy":"author","embeddable":true,"href":"https:\/\/www.jazzzeitung.de\/cms\/wp-json\/wp\/v2\/coauthors?post=6502"}],"curies":[{"name":"wp","href":"https:\/\/api.w.org\/{rel}","templated":true}]}}