{"id":6433,"date":"2015-06-19T11:21:07","date_gmt":"2015-06-19T09:21:07","guid":{"rendered":"http:\/\/www.jazzzeitung.de\/cms\/?p=6433"},"modified":"2015-06-22T08:43:44","modified_gmt":"2015-06-22T06:43:44","slug":"6433","status":"publish","type":"post","link":"https:\/\/www.jazzzeitung.de\/cms\/2015\/06\/6433\/","title":{"rendered":"Dusko Goykovich erh\u00e4lt Musikpreis der Landeshauptstadt M\u00fcnchen"},"content":{"rendered":"<figure id=\"attachment_6434\" aria-describedby=\"caption-attachment-6434\" style=\"width: 150px\" class=\"wp-caption alignright\"><a href=\"https:\/\/i0.wp.com\/www.jazzzeitung.de\/cms\/wp-content\/uploads\/2015\/06\/0K3A2771-Dusko-Goykovich-dombr.jpg\"><img data-recalc-dims=\"1\" loading=\"lazy\" decoding=\"async\" data-attachment-id=\"6434\" data-permalink=\"https:\/\/www.jazzzeitung.de\/cms\/2015\/06\/6433\/0k3a2771-dusko-goykovich-dombr\/\" data-orig-file=\"https:\/\/i0.wp.com\/www.jazzzeitung.de\/cms\/wp-content\/uploads\/2015\/06\/0K3A2771-Dusko-Goykovich-dombr.jpg?fit=5760%2C3840&amp;ssl=1\" data-orig-size=\"5760,3840\" data-comments-opened=\"1\" data-image-meta=\"{&quot;aperture&quot;:&quot;4&quot;,&quot;credit&quot;:&quot;&quot;,&quot;camera&quot;:&quot;Canon EOS 5D Mark III&quot;,&quot;caption&quot;:&quot;&quot;,&quot;created_timestamp&quot;:&quot;1421707742&quot;,&quot;copyright&quot;:&quot;&quot;,&quot;focal_length&quot;:&quot;122&quot;,&quot;iso&quot;:&quot;3200&quot;,&quot;shutter_speed&quot;:&quot;0.003125&quot;,&quot;title&quot;:&quot;&quot;,&quot;orientation&quot;:&quot;1&quot;}\" data-image-title=\"Trompeter Dusko Goykovich. Foto: Ralf Dombrowski\" data-image-description=\"\" data-image-caption=\"&lt;p&gt;Trompeter Dusko Goykovich. Foto: Ralf Dombrowski&lt;\/p&gt;\n\" data-large-file=\"https:\/\/i0.wp.com\/www.jazzzeitung.de\/cms\/wp-content\/uploads\/2015\/06\/0K3A2771-Dusko-Goykovich-dombr.jpg?fit=840%2C560&amp;ssl=1\" class=\"size-thumbnail wp-image-6434\" src=\"https:\/\/i0.wp.com\/www.jazzzeitung.de\/cms\/wp-content\/uploads\/2015\/06\/0K3A2771-Dusko-Goykovich-dombr-150x150.jpg?resize=150%2C150\" alt=\"Trompeter Dusko Goykovich. Foto: Ralf Dombrowski\" width=\"150\" height=\"150\" srcset=\"https:\/\/i0.wp.com\/www.jazzzeitung.de\/cms\/wp-content\/uploads\/2015\/06\/0K3A2771-Dusko-Goykovich-dombr.jpg?resize=150%2C150&amp;ssl=1 150w, https:\/\/i0.wp.com\/www.jazzzeitung.de\/cms\/wp-content\/uploads\/2015\/06\/0K3A2771-Dusko-Goykovich-dombr.jpg?resize=144%2C144&amp;ssl=1 144w, https:\/\/i0.wp.com\/www.jazzzeitung.de\/cms\/wp-content\/uploads\/2015\/06\/0K3A2771-Dusko-Goykovich-dombr.jpg?resize=96%2C96&amp;ssl=1 96w, https:\/\/i0.wp.com\/www.jazzzeitung.de\/cms\/wp-content\/uploads\/2015\/06\/0K3A2771-Dusko-Goykovich-dombr.jpg?resize=24%2C24&amp;ssl=1 24w, https:\/\/i0.wp.com\/www.jazzzeitung.de\/cms\/wp-content\/uploads\/2015\/06\/0K3A2771-Dusko-Goykovich-dombr.jpg?resize=36%2C36&amp;ssl=1 36w, https:\/\/i0.wp.com\/www.jazzzeitung.de\/cms\/wp-content\/uploads\/2015\/06\/0K3A2771-Dusko-Goykovich-dombr.jpg?resize=48%2C48&amp;ssl=1 48w, https:\/\/i0.wp.com\/www.jazzzeitung.de\/cms\/wp-content\/uploads\/2015\/06\/0K3A2771-Dusko-Goykovich-dombr.jpg?resize=64%2C64&amp;ssl=1 64w, https:\/\/i0.wp.com\/www.jazzzeitung.de\/cms\/wp-content\/uploads\/2015\/06\/0K3A2771-Dusko-Goykovich-dombr.jpg?resize=32%2C32&amp;ssl=1 32w, https:\/\/i0.wp.com\/www.jazzzeitung.de\/cms\/wp-content\/uploads\/2015\/06\/0K3A2771-Dusko-Goykovich-dombr.jpg?resize=128%2C128&amp;ssl=1 128w, https:\/\/i0.wp.com\/www.jazzzeitung.de\/cms\/wp-content\/uploads\/2015\/06\/0K3A2771-Dusko-Goykovich-dombr.jpg?zoom=2&amp;resize=150%2C150&amp;ssl=1 300w, https:\/\/i0.wp.com\/www.jazzzeitung.de\/cms\/wp-content\/uploads\/2015\/06\/0K3A2771-Dusko-Goykovich-dombr.jpg?zoom=3&amp;resize=150%2C150&amp;ssl=1 450w\" sizes=\"auto, (max-width: 150px) 100vw, 150px\" \/><\/a><figcaption id=\"caption-attachment-6434\" class=\"wp-caption-text\">Trompeter Dusko Goykovich. Foto: Ralf Dombrowski<\/figcaption><\/figure>\n<p>Gestern Abend wurde der Trompeter Dusko Goykovich im Alten Rathaussaal in M\u00fcnchen mit dem mit 10.000 Euro dotierten Musikpreis der Landeshauptstadt M\u00fcnchen ausgezeichnet. In der Begr\u00fcndung der Jury hie\u00df es: \u201eEr gilt als Souver\u00e4n aller Spielklassen, dem es bei aller Virtuosit\u00e4t und musikalischer Kompetenz trotzdem niemals wichtig war, als der Weltstar gefeiert zu werden, der er eigentlich ist. Und er l\u00e4sst es sich weiterhin auch mit 83 Jahren nicht nehmen, regelm\u00e4\u00dfig mit seiner Trompete in M\u00fcnchner Clubs oder an der Hochschule zu erscheinen, um die anderen an seiner Kunst und seinen Erfahrungen teilhaben zu lassen.&#8220; Seit 1968 lebt Goykovich in M\u00fcnchen und entwickelte sich \u00fcber die Jahre zu einer Autorit\u00e4t des europ\u00e4ischen und internationalen Jazz. Im bosnischen Jajce 1931 geboren, lernte Dusko Goykovich die Trompete zun\u00e4chst im folkloristischen Umfeld seiner Heimat kennen und studierte Anfang der f\u00fcnfziger Jahre Musik und Philosophie an der Musikhochschule von Belgrad. Bald darauf zog er nach Deutschland und fand schnell Anschluss an die Live-Szene. Mit einem weiteren Studium in Boston verfeinerte Goykovich seine Kunst und kn\u00fcpfte Kontakte zu ber\u00fchmten Bandleadern wie Woody Herman und Maynard Ferguson. Bildergalerie von <a href=\"http:\/\/ralfdombrowski.de\/\">Ralf Dombrowski<\/a><\/p>\n<div class=\"tiled-gallery type-rectangular tiled-gallery-unresized\" data-original-width=\"840\" data-carousel-extra='{&quot;blog_id&quot;:1,&quot;permalink&quot;:&quot;https:\\\/\\\/www.jazzzeitung.de\\\/cms\\\/2015\\\/06\\\/6433\\\/&quot;,&quot;likes_blog_id&quot;:55446655}' itemscope itemtype=\"http:\/\/schema.org\/ImageGallery\" > <div class=\"gallery-row\" style=\"width: 840px; height: 372px;\" data-original-width=\"840\" data-original-height=\"372\" > <div class=\"gallery-group images-1\" style=\"width: 556px; height: 372px;\" data-original-width=\"556\" data-original-height=\"372\" > <div class=\"tiled-gallery-item tiled-gallery-item-large\" itemprop=\"associatedMedia\" itemscope itemtype=\"http:\/\/schema.org\/ImageObject\"> <a href=\"https:\/\/www.jazzzeitung.de\/cms\/2015\/06\/6433\/0k3a6250-duskos-platzschild-dombr\/\" border=\"0\" itemprop=\"url\"> <meta itemprop=\"width\" content=\"552\"> <meta itemprop=\"height\" content=\"368\"> <img decoding=\"async\" class=\"\" data-attachment-id=\"6440\" data-orig-file=\"https:\/\/www.jazzzeitung.de\/cms\/wp-content\/uploads\/2015\/06\/0K3A6250-Duskos-Platzschild-dombr.jpg\" data-orig-size=\"1280,853\" data-comments-opened=\"1\" data-image-meta=\"{&quot;aperture&quot;:&quot;4&quot;,&quot;credit&quot;:&quot;&quot;,&quot;camera&quot;:&quot;Canon EOS 5D Mark III&quot;,&quot;caption&quot;:&quot;&quot;,&quot;created_timestamp&quot;:&quot;1434651917&quot;,&quot;copyright&quot;:&quot;&quot;,&quot;focal_length&quot;:&quot;73&quot;,&quot;iso&quot;:&quot;3200&quot;,&quot;shutter_speed&quot;:&quot;0.008&quot;,&quot;title&quot;:&quot;&quot;,&quot;orientation&quot;:&quot;1&quot;}\" data-image-title=\"0K3A6250, Duskos Platzschild (dombr)\" data-image-description=\"\" data-medium-file=\"https:\/\/i0.wp.com\/www.jazzzeitung.de\/cms\/wp-content\/uploads\/2015\/06\/0K3A6250-Duskos-Platzschild-dombr.jpg?fit=300%2C200&#038;ssl=1\" data-large-file=\"https:\/\/i0.wp.com\/www.jazzzeitung.de\/cms\/wp-content\/uploads\/2015\/06\/0K3A6250-Duskos-Platzschild-dombr.jpg?fit=840%2C560&#038;ssl=1\" src=\"https:\/\/i0.wp.com\/www.jazzzeitung.de\/cms\/wp-content\/uploads\/2015\/06\/0K3A6250-Duskos-Platzschild-dombr.jpg?w=552&#038;h=368&#038;ssl=1\" srcset=\"https:\/\/i0.wp.com\/www.jazzzeitung.de\/cms\/wp-content\/uploads\/2015\/06\/0K3A6250-Duskos-Platzschild-dombr.jpg?w=1280&amp;ssl=1 1280w, https:\/\/i0.wp.com\/www.jazzzeitung.de\/cms\/wp-content\/uploads\/2015\/06\/0K3A6250-Duskos-Platzschild-dombr.jpg?resize=300%2C200&amp;ssl=1 300w, https:\/\/i0.wp.com\/www.jazzzeitung.de\/cms\/wp-content\/uploads\/2015\/06\/0K3A6250-Duskos-Platzschild-dombr.jpg?resize=900%2C600&amp;ssl=1 900w\" width=\"552\" height=\"368\" loading=\"lazy\" data-original-width=\"552\" data-original-height=\"368\" itemprop=\"http:\/\/schema.org\/image\" title=\"0K3A6250, Duskos Platzschild (dombr)\" alt=\"0K3A6250, Duskos Platzschild (dombr)\" style=\"width: 552px; height: 368px;\" \/> <\/a> <\/div> <\/div> <!-- close group --> <div class=\"gallery-group images-2\" style=\"width: 284px; height: 372px;\" data-original-width=\"284\" data-original-height=\"372\" > <div class=\"tiled-gallery-item tiled-gallery-item-large\" itemprop=\"associatedMedia\" itemscope itemtype=\"http:\/\/schema.org\/ImageObject\"> <a href=\"https:\/\/www.jazzzeitung.de\/cms\/2015\/06\/6433\/0k3a6714-dusko-goykovich-dombr\/\" border=\"0\" itemprop=\"url\"> <meta itemprop=\"width\" content=\"280\"> <meta itemprop=\"height\" content=\"186\"> <img decoding=\"async\" class=\"\" data-attachment-id=\"6441\" data-orig-file=\"https:\/\/www.jazzzeitung.de\/cms\/wp-content\/uploads\/2015\/06\/0K3A6714-Dusko-Goykovich-dombr.jpg\" data-orig-size=\"1280,853\" data-comments-opened=\"1\" data-image-meta=\"{&quot;aperture&quot;:&quot;4&quot;,&quot;credit&quot;:&quot;&quot;,&quot;camera&quot;:&quot;Canon EOS 5D Mark III&quot;,&quot;caption&quot;:&quot;&quot;,&quot;created_timestamp&quot;:&quot;1434657197&quot;,&quot;copyright&quot;:&quot;&quot;,&quot;focal_length&quot;:&quot;180&quot;,&quot;iso&quot;:&quot;6400&quot;,&quot;shutter_speed&quot;:&quot;0.00625&quot;,&quot;title&quot;:&quot;&quot;,&quot;orientation&quot;:&quot;1&quot;}\" data-image-title=\"0K3A6714, Dusko Goykovich (dombr)\" data-image-description=\"\" data-medium-file=\"https:\/\/i0.wp.com\/www.jazzzeitung.de\/cms\/wp-content\/uploads\/2015\/06\/0K3A6714-Dusko-Goykovich-dombr.jpg?fit=300%2C200&#038;ssl=1\" data-large-file=\"https:\/\/i0.wp.com\/www.jazzzeitung.de\/cms\/wp-content\/uploads\/2015\/06\/0K3A6714-Dusko-Goykovich-dombr.jpg?fit=840%2C560&#038;ssl=1\" src=\"https:\/\/i0.wp.com\/www.jazzzeitung.de\/cms\/wp-content\/uploads\/2015\/06\/0K3A6714-Dusko-Goykovich-dombr.jpg?w=280&#038;h=186&#038;ssl=1\" srcset=\"https:\/\/i0.wp.com\/www.jazzzeitung.de\/cms\/wp-content\/uploads\/2015\/06\/0K3A6714-Dusko-Goykovich-dombr.jpg?w=1280&amp;ssl=1 1280w, https:\/\/i0.wp.com\/www.jazzzeitung.de\/cms\/wp-content\/uploads\/2015\/06\/0K3A6714-Dusko-Goykovich-dombr.jpg?resize=300%2C200&amp;ssl=1 300w, https:\/\/i0.wp.com\/www.jazzzeitung.de\/cms\/wp-content\/uploads\/2015\/06\/0K3A6714-Dusko-Goykovich-dombr.jpg?resize=900%2C600&amp;ssl=1 900w\" width=\"280\" height=\"186\" loading=\"lazy\" data-original-width=\"280\" data-original-height=\"186\" itemprop=\"http:\/\/schema.org\/image\" title=\"0K3A6714, Dusko Goykovich (dombr)\" alt=\"0K3A6714, Dusko Goykovich (dombr)\" style=\"width: 280px; height: 186px;\" \/> <\/a> <\/div> <div class=\"tiled-gallery-item tiled-gallery-item-large\" itemprop=\"associatedMedia\" itemscope itemtype=\"http:\/\/schema.org\/ImageObject\"> <a href=\"https:\/\/www.jazzzeitung.de\/cms\/2015\/06\/6433\/0k3a6724-martin-gjakonovski-dusko-goykovich-dombr\/\" border=\"0\" itemprop=\"url\"> <meta itemprop=\"width\" content=\"280\"> <meta itemprop=\"height\" content=\"178\"> <img decoding=\"async\" class=\"\" data-attachment-id=\"6442\" data-orig-file=\"https:\/\/www.jazzzeitung.de\/cms\/wp-content\/uploads\/2015\/06\/0K3A6724-Martin-Gjakonovski-Dusko-Goykovich-dombr.jpg\" data-orig-size=\"1280,812\" data-comments-opened=\"1\" data-image-meta=\"{&quot;aperture&quot;:&quot;4&quot;,&quot;credit&quot;:&quot;&quot;,&quot;camera&quot;:&quot;Canon EOS 5D Mark III&quot;,&quot;caption&quot;:&quot;&quot;,&quot;created_timestamp&quot;:&quot;1434657242&quot;,&quot;copyright&quot;:&quot;&quot;,&quot;focal_length&quot;:&quot;100&quot;,&quot;iso&quot;:&quot;6400&quot;,&quot;shutter_speed&quot;:&quot;0.005&quot;,&quot;title&quot;:&quot;&quot;,&quot;orientation&quot;:&quot;1&quot;}\" data-image-title=\"0K3A6724, Martin Gjakonovski, Dusko Goykovich (dombr)\" data-image-description=\"\" data-medium-file=\"https:\/\/i0.wp.com\/www.jazzzeitung.de\/cms\/wp-content\/uploads\/2015\/06\/0K3A6724-Martin-Gjakonovski-Dusko-Goykovich-dombr.jpg?fit=300%2C190&#038;ssl=1\" data-large-file=\"https:\/\/i0.wp.com\/www.jazzzeitung.de\/cms\/wp-content\/uploads\/2015\/06\/0K3A6724-Martin-Gjakonovski-Dusko-Goykovich-dombr.jpg?fit=840%2C533&#038;ssl=1\" src=\"https:\/\/i0.wp.com\/www.jazzzeitung.de\/cms\/wp-content\/uploads\/2015\/06\/0K3A6724-Martin-Gjakonovski-Dusko-Goykovich-dombr.jpg?w=280&#038;h=178&#038;ssl=1\" srcset=\"https:\/\/i0.wp.com\/www.jazzzeitung.de\/cms\/wp-content\/uploads\/2015\/06\/0K3A6724-Martin-Gjakonovski-Dusko-Goykovich-dombr.jpg?w=1280&amp;ssl=1 1280w, https:\/\/i0.wp.com\/www.jazzzeitung.de\/cms\/wp-content\/uploads\/2015\/06\/0K3A6724-Martin-Gjakonovski-Dusko-Goykovich-dombr.jpg?resize=300%2C190&amp;ssl=1 300w, https:\/\/i0.wp.com\/www.jazzzeitung.de\/cms\/wp-content\/uploads\/2015\/06\/0K3A6724-Martin-Gjakonovski-Dusko-Goykovich-dombr.jpg?resize=900%2C571&amp;ssl=1 900w\" width=\"280\" height=\"178\" loading=\"lazy\" data-original-width=\"280\" data-original-height=\"178\" itemprop=\"http:\/\/schema.org\/image\" title=\"0K3A6724, Martin Gjakonovski, Dusko Goykovich (dombr)\" alt=\"0K3A6724, Martin Gjakonovski, Dusko Goykovich (dombr)\" style=\"width: 280px; height: 178px;\" \/> <\/a> <\/div> <\/div> <!-- close group --> <\/div> <!-- close row --> <div class=\"gallery-row\" style=\"width: 840px; height: 388px;\" data-original-width=\"840\" data-original-height=\"388\" > <div class=\"gallery-group images-1\" style=\"width: 580px; height: 388px;\" data-original-width=\"580\" data-original-height=\"388\" > <div class=\"tiled-gallery-item tiled-gallery-item-large\" itemprop=\"associatedMedia\" itemscope itemtype=\"http:\/\/schema.org\/ImageObject\"> <a href=\"https:\/\/www.jazzzeitung.de\/cms\/2015\/06\/6433\/0k3a6733-renato-chicco-martin-gjakonovski-vladimir-kostadinovic-dombr\/\" border=\"0\" itemprop=\"url\"> <meta itemprop=\"width\" content=\"576\"> <meta itemprop=\"height\" content=\"384\"> <img decoding=\"async\" class=\"\" data-attachment-id=\"6443\" data-orig-file=\"https:\/\/www.jazzzeitung.de\/cms\/wp-content\/uploads\/2015\/06\/0K3A6733-Renato-Chicco-Martin-Gjakonovski-Vladimir-Kostadinovic-dombr.jpg\" data-orig-size=\"1280,853\" data-comments-opened=\"1\" data-image-meta=\"{&quot;aperture&quot;:&quot;4&quot;,&quot;credit&quot;:&quot;&quot;,&quot;camera&quot;:&quot;Canon EOS 5D Mark III&quot;,&quot;caption&quot;:&quot;&quot;,&quot;created_timestamp&quot;:&quot;1434657280&quot;,&quot;copyright&quot;:&quot;&quot;,&quot;focal_length&quot;:&quot;70&quot;,&quot;iso&quot;:&quot;6400&quot;,&quot;shutter_speed&quot;:&quot;0.005&quot;,&quot;title&quot;:&quot;&quot;,&quot;orientation&quot;:&quot;1&quot;}\" data-image-title=\"0K3A6733, Renato Chicco, Martin Gjakonovski, Vladimir Kostadinovic (dombr)\" data-image-description=\"\" data-medium-file=\"https:\/\/i0.wp.com\/www.jazzzeitung.de\/cms\/wp-content\/uploads\/2015\/06\/0K3A6733-Renato-Chicco-Martin-Gjakonovski-Vladimir-Kostadinovic-dombr.jpg?fit=300%2C200&#038;ssl=1\" data-large-file=\"https:\/\/i0.wp.com\/www.jazzzeitung.de\/cms\/wp-content\/uploads\/2015\/06\/0K3A6733-Renato-Chicco-Martin-Gjakonovski-Vladimir-Kostadinovic-dombr.jpg?fit=840%2C560&#038;ssl=1\" src=\"https:\/\/i0.wp.com\/www.jazzzeitung.de\/cms\/wp-content\/uploads\/2015\/06\/0K3A6733-Renato-Chicco-Martin-Gjakonovski-Vladimir-Kostadinovic-dombr.jpg?w=576&#038;h=384&#038;ssl=1\" srcset=\"https:\/\/i0.wp.com\/www.jazzzeitung.de\/cms\/wp-content\/uploads\/2015\/06\/0K3A6733-Renato-Chicco-Martin-Gjakonovski-Vladimir-Kostadinovic-dombr.jpg?w=1280&amp;ssl=1 1280w, https:\/\/i0.wp.com\/www.jazzzeitung.de\/cms\/wp-content\/uploads\/2015\/06\/0K3A6733-Renato-Chicco-Martin-Gjakonovski-Vladimir-Kostadinovic-dombr.jpg?resize=300%2C200&amp;ssl=1 300w, https:\/\/i0.wp.com\/www.jazzzeitung.de\/cms\/wp-content\/uploads\/2015\/06\/0K3A6733-Renato-Chicco-Martin-Gjakonovski-Vladimir-Kostadinovic-dombr.jpg?resize=900%2C600&amp;ssl=1 900w\" width=\"576\" height=\"384\" loading=\"lazy\" data-original-width=\"576\" data-original-height=\"384\" itemprop=\"http:\/\/schema.org\/image\" title=\"0K3A6733, Renato Chicco, Martin Gjakonovski, Vladimir Kostadinovic (dombr)\" alt=\"0K3A6733, Renato Chicco, Martin Gjakonovski, Vladimir Kostadinovic (dombr)\" style=\"width: 576px; height: 384px;\" \/> <\/a> <\/div> <\/div> <!-- close group --> <div class=\"gallery-group images-1\" style=\"width: 260px; height: 388px;\" data-original-width=\"260\" data-original-height=\"388\" > <div class=\"tiled-gallery-item tiled-gallery-item-large\" itemprop=\"associatedMedia\" itemscope itemtype=\"http:\/\/schema.org\/ImageObject\"> <a href=\"https:\/\/www.jazzzeitung.de\/cms\/2015\/06\/6433\/0k3a6737-duskos-flugelhorn-dombr\/\" border=\"0\" itemprop=\"url\"> <meta itemprop=\"width\" content=\"256\"> <meta itemprop=\"height\" content=\"384\"> <img decoding=\"async\" class=\"\" data-attachment-id=\"6444\" data-orig-file=\"https:\/\/www.jazzzeitung.de\/cms\/wp-content\/uploads\/2015\/06\/0K3A6737-Duskos-Flu\u00a8gelhorn-dombr.jpg\" data-orig-size=\"853,1280\" data-comments-opened=\"1\" data-image-meta=\"{&quot;aperture&quot;:&quot;4&quot;,&quot;credit&quot;:&quot;&quot;,&quot;camera&quot;:&quot;Canon EOS 5D Mark III&quot;,&quot;caption&quot;:&quot;&quot;,&quot;created_timestamp&quot;:&quot;1434657319&quot;,&quot;copyright&quot;:&quot;&quot;,&quot;focal_length&quot;:&quot;200&quot;,&quot;iso&quot;:&quot;6400&quot;,&quot;shutter_speed&quot;:&quot;0.005&quot;,&quot;title&quot;:&quot;&quot;,&quot;orientation&quot;:&quot;1&quot;}\" data-image-title=\"0K3A6737, Duskos Flu\u00a8gelhorn (dombr)\" data-image-description=\"\" data-medium-file=\"https:\/\/i0.wp.com\/www.jazzzeitung.de\/cms\/wp-content\/uploads\/2015\/06\/0K3A6737-Duskos-Flu%C2%A8gelhorn-dombr.jpg?fit=200%2C300&#038;ssl=1\" data-large-file=\"https:\/\/i0.wp.com\/www.jazzzeitung.de\/cms\/wp-content\/uploads\/2015\/06\/0K3A6737-Duskos-Flu%C2%A8gelhorn-dombr.jpg?fit=400%2C600&#038;ssl=1\" src=\"https:\/\/i0.wp.com\/www.jazzzeitung.de\/cms\/wp-content\/uploads\/2015\/06\/0K3A6737-Duskos-Flu%C2%A8gelhorn-dombr.jpg?w=256&#038;h=384&#038;ssl=1\" width=\"256\" height=\"384\" loading=\"lazy\" data-original-width=\"256\" data-original-height=\"384\" itemprop=\"http:\/\/schema.org\/image\" title=\"0K3A6737, Duskos Flu\u00a8gelhorn (dombr)\" alt=\"0K3A6737, Duskos Flu\u00a8gelhorn (dombr)\" style=\"width: 256px; height: 384px;\" \/> <\/a> <\/div> <\/div> <!-- close group --> <\/div> <!-- close row --> <div class=\"gallery-row\" style=\"width: 840px; height: 192px;\" data-original-width=\"840\" data-original-height=\"192\" > <div class=\"gallery-group images-1\" style=\"width: 287px; height: 192px;\" data-original-width=\"287\" data-original-height=\"192\" > <div class=\"tiled-gallery-item tiled-gallery-item-large\" itemprop=\"associatedMedia\" itemscope itemtype=\"http:\/\/schema.org\/ImageObject\"> <a href=\"https:\/\/www.jazzzeitung.de\/cms\/2015\/06\/6433\/0k3a6836-dusko-goykovich-dombr\/\" border=\"0\" itemprop=\"url\"> <meta itemprop=\"width\" content=\"283\"> <meta itemprop=\"height\" content=\"188\"> <img decoding=\"async\" class=\"\" data-attachment-id=\"6445\" data-orig-file=\"https:\/\/www.jazzzeitung.de\/cms\/wp-content\/uploads\/2015\/06\/0K3A6836-Dusko-Goykovich-dombr.jpg\" data-orig-size=\"1280,853\" data-comments-opened=\"1\" data-image-meta=\"{&quot;aperture&quot;:&quot;4&quot;,&quot;credit&quot;:&quot;&quot;,&quot;camera&quot;:&quot;Canon EOS 5D Mark III&quot;,&quot;caption&quot;:&quot;&quot;,&quot;created_timestamp&quot;:&quot;1434658062&quot;,&quot;copyright&quot;:&quot;&quot;,&quot;focal_length&quot;:&quot;200&quot;,&quot;iso&quot;:&quot;4000&quot;,&quot;shutter_speed&quot;:&quot;0.00625&quot;,&quot;title&quot;:&quot;&quot;,&quot;orientation&quot;:&quot;1&quot;}\" data-image-title=\"0K3A6836, Dusko Goykovich (dombr)\" data-image-description=\"\" data-medium-file=\"https:\/\/i0.wp.com\/www.jazzzeitung.de\/cms\/wp-content\/uploads\/2015\/06\/0K3A6836-Dusko-Goykovich-dombr.jpg?fit=300%2C200&#038;ssl=1\" data-large-file=\"https:\/\/i0.wp.com\/www.jazzzeitung.de\/cms\/wp-content\/uploads\/2015\/06\/0K3A6836-Dusko-Goykovich-dombr.jpg?fit=840%2C560&#038;ssl=1\" src=\"https:\/\/i0.wp.com\/www.jazzzeitung.de\/cms\/wp-content\/uploads\/2015\/06\/0K3A6836-Dusko-Goykovich-dombr.jpg?w=283&#038;h=188&#038;ssl=1\" srcset=\"https:\/\/i0.wp.com\/www.jazzzeitung.de\/cms\/wp-content\/uploads\/2015\/06\/0K3A6836-Dusko-Goykovich-dombr.jpg?w=1280&amp;ssl=1 1280w, https:\/\/i0.wp.com\/www.jazzzeitung.de\/cms\/wp-content\/uploads\/2015\/06\/0K3A6836-Dusko-Goykovich-dombr.jpg?resize=300%2C200&amp;ssl=1 300w, https:\/\/i0.wp.com\/www.jazzzeitung.de\/cms\/wp-content\/uploads\/2015\/06\/0K3A6836-Dusko-Goykovich-dombr.jpg?resize=900%2C600&amp;ssl=1 900w\" width=\"283\" height=\"188\" loading=\"lazy\" data-original-width=\"283\" data-original-height=\"188\" itemprop=\"http:\/\/schema.org\/image\" title=\"0K3A6836, Dusko Goykovich (dombr)\" alt=\"0K3A6836, Dusko Goykovich (dombr)\" style=\"width: 283px; height: 188px;\" \/> <\/a> <\/div> <\/div> <!-- close group --> <div class=\"gallery-group images-1\" style=\"width: 294px; height: 192px;\" data-original-width=\"294\" data-original-height=\"192\" > <div class=\"tiled-gallery-item tiled-gallery-item-large\" itemprop=\"associatedMedia\" itemscope itemtype=\"http:\/\/schema.org\/ImageObject\"> <a href=\"https:\/\/www.jazzzeitung.de\/cms\/2015\/06\/6433\/0k3a6842-dusko-goykovich-quartett-dombr\/\" border=\"0\" itemprop=\"url\"> <meta itemprop=\"width\" content=\"290\"> <meta itemprop=\"height\" content=\"188\"> <img decoding=\"async\" class=\"\" data-attachment-id=\"6446\" data-orig-file=\"https:\/\/www.jazzzeitung.de\/cms\/wp-content\/uploads\/2015\/06\/0K3A6842-Dusko-Goykovich-Quartett-dombr.jpg\" data-orig-size=\"1280,830\" data-comments-opened=\"1\" data-image-meta=\"{&quot;aperture&quot;:&quot;4&quot;,&quot;credit&quot;:&quot;&quot;,&quot;camera&quot;:&quot;Canon EOS 5D Mark III&quot;,&quot;caption&quot;:&quot;&quot;,&quot;created_timestamp&quot;:&quot;1434658112&quot;,&quot;copyright&quot;:&quot;&quot;,&quot;focal_length&quot;:&quot;40&quot;,&quot;iso&quot;:&quot;4000&quot;,&quot;shutter_speed&quot;:&quot;0.00625&quot;,&quot;title&quot;:&quot;&quot;,&quot;orientation&quot;:&quot;1&quot;}\" data-image-title=\"0K3A6842, Dusko Goykovich Quartett (dombr)\" data-image-description=\"\" data-medium-file=\"https:\/\/i0.wp.com\/www.jazzzeitung.de\/cms\/wp-content\/uploads\/2015\/06\/0K3A6842-Dusko-Goykovich-Quartett-dombr.jpg?fit=300%2C195&#038;ssl=1\" data-large-file=\"https:\/\/i0.wp.com\/www.jazzzeitung.de\/cms\/wp-content\/uploads\/2015\/06\/0K3A6842-Dusko-Goykovich-Quartett-dombr.jpg?fit=840%2C545&#038;ssl=1\" src=\"https:\/\/i0.wp.com\/www.jazzzeitung.de\/cms\/wp-content\/uploads\/2015\/06\/0K3A6842-Dusko-Goykovich-Quartett-dombr.jpg?w=290&#038;h=188&#038;ssl=1\" srcset=\"https:\/\/i0.wp.com\/www.jazzzeitung.de\/cms\/wp-content\/uploads\/2015\/06\/0K3A6842-Dusko-Goykovich-Quartett-dombr.jpg?w=1280&amp;ssl=1 1280w, https:\/\/i0.wp.com\/www.jazzzeitung.de\/cms\/wp-content\/uploads\/2015\/06\/0K3A6842-Dusko-Goykovich-Quartett-dombr.jpg?resize=300%2C195&amp;ssl=1 300w, https:\/\/i0.wp.com\/www.jazzzeitung.de\/cms\/wp-content\/uploads\/2015\/06\/0K3A6842-Dusko-Goykovich-Quartett-dombr.jpg?resize=900%2C584&amp;ssl=1 900w\" width=\"290\" height=\"188\" loading=\"lazy\" data-original-width=\"290\" data-original-height=\"188\" itemprop=\"http:\/\/schema.org\/image\" title=\"0K3A6842, Dusko Goykovich Quartett (dombr)\" alt=\"0K3A6842, Dusko Goykovich Quartett (dombr)\" style=\"width: 290px; height: 188px;\" \/> <\/a> <\/div> <\/div> <!-- close group --> <div class=\"gallery-group images-1\" style=\"width: 130px; height: 192px;\" data-original-width=\"130\" data-original-height=\"192\" > <div class=\"tiled-gallery-item tiled-gallery-item-small\" itemprop=\"associatedMedia\" itemscope itemtype=\"http:\/\/schema.org\/ImageObject\"> <a href=\"https:\/\/www.jazzzeitung.de\/cms\/2015\/06\/6433\/0k3a6853-renato-chicco-dombr\/\" border=\"0\" itemprop=\"url\"> <meta itemprop=\"width\" content=\"126\"> <meta itemprop=\"height\" content=\"188\"> <img decoding=\"async\" class=\"\" data-attachment-id=\"6447\" data-orig-file=\"https:\/\/www.jazzzeitung.de\/cms\/wp-content\/uploads\/2015\/06\/0K3A6853-Renato-Chicco-dombr.jpg\" data-orig-size=\"853,1280\" data-comments-opened=\"1\" data-image-meta=\"{&quot;aperture&quot;:&quot;4&quot;,&quot;credit&quot;:&quot;&quot;,&quot;camera&quot;:&quot;Canon EOS 5D Mark III&quot;,&quot;caption&quot;:&quot;&quot;,&quot;created_timestamp&quot;:&quot;1434658186&quot;,&quot;copyright&quot;:&quot;&quot;,&quot;focal_length&quot;:&quot;80&quot;,&quot;iso&quot;:&quot;3200&quot;,&quot;shutter_speed&quot;:&quot;0.00625&quot;,&quot;title&quot;:&quot;&quot;,&quot;orientation&quot;:&quot;1&quot;}\" data-image-title=\"0K3A6853, Renato Chicco (dombr)\" data-image-description=\"\" data-medium-file=\"https:\/\/i0.wp.com\/www.jazzzeitung.de\/cms\/wp-content\/uploads\/2015\/06\/0K3A6853-Renato-Chicco-dombr.jpg?fit=200%2C300&#038;ssl=1\" data-large-file=\"https:\/\/i0.wp.com\/www.jazzzeitung.de\/cms\/wp-content\/uploads\/2015\/06\/0K3A6853-Renato-Chicco-dombr.jpg?fit=400%2C600&#038;ssl=1\" src=\"https:\/\/i0.wp.com\/www.jazzzeitung.de\/cms\/wp-content\/uploads\/2015\/06\/0K3A6853-Renato-Chicco-dombr.jpg?w=126&#038;h=188&#038;ssl=1\" srcset=\"https:\/\/i0.wp.com\/www.jazzzeitung.de\/cms\/wp-content\/uploads\/2015\/06\/0K3A6853-Renato-Chicco-dombr.jpg?w=853&amp;ssl=1 853w, https:\/\/i0.wp.com\/www.jazzzeitung.de\/cms\/wp-content\/uploads\/2015\/06\/0K3A6853-Renato-Chicco-dombr.jpg?resize=200%2C300&amp;ssl=1 200w, https:\/\/i0.wp.com\/www.jazzzeitung.de\/cms\/wp-content\/uploads\/2015\/06\/0K3A6853-Renato-Chicco-dombr.jpg?resize=400%2C600&amp;ssl=1 400w\" width=\"126\" height=\"188\" loading=\"lazy\" data-original-width=\"126\" data-original-height=\"188\" itemprop=\"http:\/\/schema.org\/image\" title=\"0K3A6853, Renato Chicco (dombr)\" alt=\"0K3A6853, Renato Chicco (dombr)\" style=\"width: 126px; height: 188px;\" \/> <\/a> <\/div> <\/div> <!-- close group --> <div class=\"gallery-group images-1\" style=\"width: 129px; height: 192px;\" data-original-width=\"129\" data-original-height=\"192\" > <div class=\"tiled-gallery-item tiled-gallery-item-small\" itemprop=\"associatedMedia\" itemscope itemtype=\"http:\/\/schema.org\/ImageObject\"> <a href=\"https:\/\/www.jazzzeitung.de\/cms\/2015\/06\/6433\/0k3a6860-martin-gjakonovski-dombr\/\" border=\"0\" itemprop=\"url\"> <meta itemprop=\"width\" content=\"125\"> <meta itemprop=\"height\" content=\"188\"> <img decoding=\"async\" class=\"\" data-attachment-id=\"6448\" data-orig-file=\"https:\/\/www.jazzzeitung.de\/cms\/wp-content\/uploads\/2015\/06\/0K3A6860-Martin-Gjakonovski-dombr.jpg\" data-orig-size=\"853,1280\" data-comments-opened=\"1\" data-image-meta=\"{&quot;aperture&quot;:&quot;4&quot;,&quot;credit&quot;:&quot;&quot;,&quot;camera&quot;:&quot;Canon EOS 5D Mark III&quot;,&quot;caption&quot;:&quot;&quot;,&quot;created_timestamp&quot;:&quot;1434658237&quot;,&quot;copyright&quot;:&quot;&quot;,&quot;focal_length&quot;:&quot;105&quot;,&quot;iso&quot;:&quot;6400&quot;,&quot;shutter_speed&quot;:&quot;0.00625&quot;,&quot;title&quot;:&quot;&quot;,&quot;orientation&quot;:&quot;1&quot;}\" data-image-title=\"0K3A6860, Martin Gjakonovski (dombr)\" data-image-description=\"\" data-medium-file=\"https:\/\/i0.wp.com\/www.jazzzeitung.de\/cms\/wp-content\/uploads\/2015\/06\/0K3A6860-Martin-Gjakonovski-dombr.jpg?fit=200%2C300&#038;ssl=1\" data-large-file=\"https:\/\/i0.wp.com\/www.jazzzeitung.de\/cms\/wp-content\/uploads\/2015\/06\/0K3A6860-Martin-Gjakonovski-dombr.jpg?fit=400%2C600&#038;ssl=1\" src=\"https:\/\/i0.wp.com\/www.jazzzeitung.de\/cms\/wp-content\/uploads\/2015\/06\/0K3A6860-Martin-Gjakonovski-dombr.jpg?w=125&#038;h=188&#038;ssl=1\" srcset=\"https:\/\/i0.wp.com\/www.jazzzeitung.de\/cms\/wp-content\/uploads\/2015\/06\/0K3A6860-Martin-Gjakonovski-dombr.jpg?w=853&amp;ssl=1 853w, https:\/\/i0.wp.com\/www.jazzzeitung.de\/cms\/wp-content\/uploads\/2015\/06\/0K3A6860-Martin-Gjakonovski-dombr.jpg?resize=200%2C300&amp;ssl=1 200w, https:\/\/i0.wp.com\/www.jazzzeitung.de\/cms\/wp-content\/uploads\/2015\/06\/0K3A6860-Martin-Gjakonovski-dombr.jpg?resize=400%2C600&amp;ssl=1 400w\" width=\"125\" height=\"188\" loading=\"lazy\" data-original-width=\"125\" data-original-height=\"188\" itemprop=\"http:\/\/schema.org\/image\" title=\"0K3A6860, Martin Gjakonovski (dombr)\" alt=\"0K3A6860, Martin Gjakonovski (dombr)\" style=\"width: 125px; height: 188px;\" \/> <\/a> <\/div> <\/div> <!-- close group --> <\/div> <!-- close row --> <\/div>\n<p>&nbsp;<\/p>\n","protected":false},"excerpt":{"rendered":"<p>Gestern Abend wurde der Trompeter Dusko Goykovich im Alten Rathaussaal in M\u00fcnchen mit dem mit 10.000 Euro dotierten Musikpreis der Landeshauptstadt M\u00fcnchen ausgezeichnet. In der Begr\u00fcndung der Jury hie\u00df es: \u201eEr gilt als Souver\u00e4n aller Spielklassen, dem es bei aller Virtuosit\u00e4t und musikalischer Kompetenz trotzdem niemals wichtig war, als der Weltstar gefeiert zu werden, der er eigentlich ist. Und er l\u00e4sst es sich weiterhin auch mit 83 Jahren nicht nehmen, regelm\u00e4\u00dfig mit seiner Trompete in M\u00fcnchner Clubs oder an der Hochschule zu erscheinen, um die anderen an seiner Kunst und seinen Erfahrungen teilhaben zu lassen.&#8220; Seit 1968 lebt Goykovich in M\u00fcnchen und entwickelte sich \u00fcber die Jahre zu einer Autorit\u00e4t des europ\u00e4ischen und internationalen Jazz. Im bosnischen Jajce 1931 geboren, lernte Dusko Goykovich die Trompete zun\u00e4chst im folkloristischen Umfeld seiner Heimat kennen und studierte Anfang der f\u00fcnfziger Jahre Musik und Philosophie an der Musikhochschule von Belgrad. Bald darauf zog er nach Deutschland und fand schnell Anschluss an die Live-Szene. Mit einem weiteren Studium in Boston verfeinerte Goykovich seine Kunst und kn\u00fcpfte Kontakte zu ber\u00fchmten Bandleadern wie Woody Herman und Maynard Ferguson. Bildergalerie von Ralf Dombrowski &hellip;<\/p>\n","protected":false},"author":18,"featured_media":0,"comment_status":"open","ping_status":"closed","sticky":false,"template":"","format":"standard","meta":{"_jetpack_memberships_contains_paid_content":false,"footnotes":"","jetpack_publicize_message":"","jetpack_publicize_feature_enabled":true,"jetpack_social_post_already_shared":false,"jetpack_social_options":{"image_generator_settings":{"template":"highway","default_image_id":0,"font":"","enabled":false},"version":2}},"categories":[633],"tags":[1192,137,155,401,146],"coauthors":[695],"class_list":["post-6433","post","type-post","status-publish","format-standard","hentry","category-nachrichten","tag-clubs","tag-deutschland","tag-dusko-goykovich","tag-muenchen","tag-dombrowski"],"yoast_head":"<!-- This site is optimized with the Yoast SEO plugin v27.5 - https:\/\/yoast.com\/product\/yoast-seo-wordpress\/ -->\n<title>Dusko Goykovich erh\u00e4lt Musikpreis der Landeshauptstadt M\u00fcnchen - JazzZeitung<\/title>\n<meta name=\"robots\" content=\"index, follow, max-snippet:-1, max-image-preview:large, max-video-preview:-1\" \/>\n<link rel=\"canonical\" href=\"https:\/\/www.jazzzeitung.de\/cms\/2015\/06\/6433\/\" \/>\n<meta property=\"og:locale\" content=\"de_DE\" \/>\n<meta property=\"og:type\" content=\"article\" \/>\n<meta property=\"og:title\" content=\"Dusko Goykovich erh\u00e4lt Musikpreis der Landeshauptstadt M\u00fcnchen - JazzZeitung\" \/>\n<meta property=\"og:description\" content=\"Gestern Abend wurde der Trompeter Dusko Goykovich im Alten Rathaussaal in M\u00fcnchen mit dem mit 10.000 Euro dotierten Musikpreis der Landeshauptstadt M\u00fcnchen ausgezeichnet. In der Begr\u00fcndung der Jury hie\u00df es: \u201eEr gilt als Souver\u00e4n aller Spielklassen, dem es bei aller Virtuosit\u00e4t und musikalischer Kompetenz trotzdem niemals wichtig war, als der Weltstar gefeiert zu werden, der er eigentlich ist. Und er l\u00e4sst es sich weiterhin auch mit 83 Jahren nicht nehmen, regelm\u00e4\u00dfig mit seiner Trompete in M\u00fcnchner Clubs oder an der Hochschule zu erscheinen, um die anderen an seiner Kunst und seinen Erfahrungen teilhaben zu lassen.&#8220; Seit 1968 lebt Goykovich in M\u00fcnchen und entwickelte sich \u00fcber die Jahre zu einer Autorit\u00e4t des europ\u00e4ischen und internationalen Jazz. Im bosnischen Jajce 1931 geboren, lernte Dusko Goykovich die Trompete zun\u00e4chst im folkloristischen Umfeld seiner Heimat kennen und studierte Anfang der f\u00fcnfziger Jahre Musik und Philosophie an der Musikhochschule von Belgrad. Bald darauf zog er nach Deutschland und fand schnell Anschluss an die Live-Szene. Mit einem weiteren Studium in Boston verfeinerte Goykovich seine Kunst und kn\u00fcpfte Kontakte zu ber\u00fchmten Bandleadern wie Woody Herman und Maynard Ferguson. Bildergalerie von Ralf Dombrowski &hellip;\" \/>\n<meta property=\"og:url\" content=\"https:\/\/www.jazzzeitung.de\/cms\/2015\/06\/6433\/\" \/>\n<meta property=\"og:site_name\" content=\"JazzZeitung\" \/>\n<meta property=\"article:publisher\" content=\"https:\/\/www.facebook.com\/JazzZeitung\/\" \/>\n<meta property=\"article:published_time\" content=\"2015-06-19T09:21:07+00:00\" \/>\n<meta property=\"article:modified_time\" content=\"2015-06-22T06:43:44+00:00\" \/>\n<meta property=\"og:image\" content=\"https:\/\/i0.wp.com\/www.jazzzeitung.de\/cms\/wp-content\/uploads\/2015\/06\/0K3A6250-Duskos-Platzschild-dombr.jpg?w=552&#038;h=368&#038;ssl=1\" \/>\n<meta name=\"author\" content=\"Redaktion JazzZeitung\" \/>\n<script type=\"application\/ld+json\" class=\"yoast-schema-graph\">{\"@context\":\"https:\\\/\\\/schema.org\",\"@graph\":[{\"@type\":\"Article\",\"@id\":\"https:\\\/\\\/www.jazzzeitung.de\\\/cms\\\/2015\\\/06\\\/6433\\\/#article\",\"isPartOf\":{\"@id\":\"https:\\\/\\\/www.jazzzeitung.de\\\/cms\\\/2015\\\/06\\\/6433\\\/\"},\"author\":{\"name\":\"Redaktion JazzZeitung\",\"@id\":\"https:\\\/\\\/www.jazzzeitung.de\\\/cms\\\/#\\\/schema\\\/person\\\/2245b36b9cd1d24cea10f01c031fb92b\"},\"headline\":\"Dusko Goykovich erh\u00e4lt Musikpreis der Landeshauptstadt M\u00fcnchen\",\"datePublished\":\"2015-06-19T09:21:07+00:00\",\"dateModified\":\"2015-06-22T06:43:44+00:00\",\"mainEntityOfPage\":{\"@id\":\"https:\\\/\\\/www.jazzzeitung.de\\\/cms\\\/2015\\\/06\\\/6433\\\/\"},\"wordCount\":223,\"commentCount\":0,\"publisher\":{\"@id\":\"https:\\\/\\\/www.jazzzeitung.de\\\/cms\\\/#organization\"},\"image\":{\"@id\":\"https:\\\/\\\/www.jazzzeitung.de\\\/cms\\\/2015\\\/06\\\/6433\\\/#primaryimage\"},\"thumbnailUrl\":\"http:\\\/\\\/www.jazzzeitung.de\\\/cms\\\/wp-content\\\/uploads\\\/2015\\\/06\\\/0K3A2771-Dusko-Goykovich-dombr-150x150.jpg\",\"keywords\":[\"Clubs\",\"Deutschland\",\"Dusko Goykovich\",\"M\u00fcnchen\",\"Ralf Dombrowski\"],\"articleSection\":[\"News\"],\"inLanguage\":\"de\",\"potentialAction\":[{\"@type\":\"CommentAction\",\"name\":\"Comment\",\"target\":[\"https:\\\/\\\/www.jazzzeitung.de\\\/cms\\\/2015\\\/06\\\/6433\\\/#respond\"]}]},{\"@type\":\"WebPage\",\"@id\":\"https:\\\/\\\/www.jazzzeitung.de\\\/cms\\\/2015\\\/06\\\/6433\\\/\",\"url\":\"https:\\\/\\\/www.jazzzeitung.de\\\/cms\\\/2015\\\/06\\\/6433\\\/\",\"name\":\"Dusko Goykovich erh\u00e4lt Musikpreis der Landeshauptstadt M\u00fcnchen - JazzZeitung\",\"isPartOf\":{\"@id\":\"https:\\\/\\\/www.jazzzeitung.de\\\/cms\\\/#website\"},\"primaryImageOfPage\":{\"@id\":\"https:\\\/\\\/www.jazzzeitung.de\\\/cms\\\/2015\\\/06\\\/6433\\\/#primaryimage\"},\"image\":{\"@id\":\"https:\\\/\\\/www.jazzzeitung.de\\\/cms\\\/2015\\\/06\\\/6433\\\/#primaryimage\"},\"thumbnailUrl\":\"http:\\\/\\\/www.jazzzeitung.de\\\/cms\\\/wp-content\\\/uploads\\\/2015\\\/06\\\/0K3A2771-Dusko-Goykovich-dombr-150x150.jpg\",\"datePublished\":\"2015-06-19T09:21:07+00:00\",\"dateModified\":\"2015-06-22T06:43:44+00:00\",\"breadcrumb\":{\"@id\":\"https:\\\/\\\/www.jazzzeitung.de\\\/cms\\\/2015\\\/06\\\/6433\\\/#breadcrumb\"},\"inLanguage\":\"de\",\"potentialAction\":[{\"@type\":\"ReadAction\",\"target\":[\"https:\\\/\\\/www.jazzzeitung.de\\\/cms\\\/2015\\\/06\\\/6433\\\/\"]}]},{\"@type\":\"ImageObject\",\"inLanguage\":\"de\",\"@id\":\"https:\\\/\\\/www.jazzzeitung.de\\\/cms\\\/2015\\\/06\\\/6433\\\/#primaryimage\",\"url\":\"http:\\\/\\\/www.jazzzeitung.de\\\/cms\\\/wp-content\\\/uploads\\\/2015\\\/06\\\/0K3A2771-Dusko-Goykovich-dombr-150x150.jpg\",\"contentUrl\":\"http:\\\/\\\/www.jazzzeitung.de\\\/cms\\\/wp-content\\\/uploads\\\/2015\\\/06\\\/0K3A2771-Dusko-Goykovich-dombr-150x150.jpg\"},{\"@type\":\"BreadcrumbList\",\"@id\":\"https:\\\/\\\/www.jazzzeitung.de\\\/cms\\\/2015\\\/06\\\/6433\\\/#breadcrumb\",\"itemListElement\":[{\"@type\":\"ListItem\",\"position\":1,\"name\":\"Startseite\",\"item\":\"https:\\\/\\\/www.jazzzeitung.de\\\/cms\\\/\"},{\"@type\":\"ListItem\",\"position\":2,\"name\":\"Dusko Goykovich erh\u00e4lt Musikpreis der Landeshauptstadt M\u00fcnchen\"}]},{\"@type\":\"WebSite\",\"@id\":\"https:\\\/\\\/www.jazzzeitung.de\\\/cms\\\/#website\",\"url\":\"https:\\\/\\\/www.jazzzeitung.de\\\/cms\\\/\",\"name\":\"JazzZeitung\",\"description\":\"Jazz-News und Jazz-Kontroverses\",\"publisher\":{\"@id\":\"https:\\\/\\\/www.jazzzeitung.de\\\/cms\\\/#organization\"},\"potentialAction\":[{\"@type\":\"SearchAction\",\"target\":{\"@type\":\"EntryPoint\",\"urlTemplate\":\"https:\\\/\\\/www.jazzzeitung.de\\\/cms\\\/?s={search_term_string}\"},\"query-input\":{\"@type\":\"PropertyValueSpecification\",\"valueRequired\":true,\"valueName\":\"search_term_string\"}}],\"inLanguage\":\"de\"},{\"@type\":\"Organization\",\"@id\":\"https:\\\/\\\/www.jazzzeitung.de\\\/cms\\\/#organization\",\"name\":\"JazzZeitung online\",\"url\":\"https:\\\/\\\/www.jazzzeitung.de\\\/cms\\\/\",\"logo\":{\"@type\":\"ImageObject\",\"inLanguage\":\"de\",\"@id\":\"https:\\\/\\\/www.jazzzeitung.de\\\/cms\\\/#\\\/schema\\\/logo\\\/image\\\/\",\"url\":\"https:\\\/\\\/i0.wp.com\\\/www.jazzzeitung.de\\\/cms\\\/wp-content\\\/uploads\\\/2015\\\/08\\\/JAZZZEITUNGDE_Logo_Neu.png?fit=499%2C200&ssl=1\",\"contentUrl\":\"https:\\\/\\\/i0.wp.com\\\/www.jazzzeitung.de\\\/cms\\\/wp-content\\\/uploads\\\/2015\\\/08\\\/JAZZZEITUNGDE_Logo_Neu.png?fit=499%2C200&ssl=1\",\"width\":499,\"height\":200,\"caption\":\"JazzZeitung online\"},\"image\":{\"@id\":\"https:\\\/\\\/www.jazzzeitung.de\\\/cms\\\/#\\\/schema\\\/logo\\\/image\\\/\"},\"sameAs\":[\"https:\\\/\\\/www.facebook.com\\\/JazzZeitung\\\/\"]},{\"@type\":\"Person\",\"@id\":\"https:\\\/\\\/www.jazzzeitung.de\\\/cms\\\/#\\\/schema\\\/person\\\/2245b36b9cd1d24cea10f01c031fb92b\",\"name\":\"Redaktion JazzZeitung\",\"image\":{\"@type\":\"ImageObject\",\"inLanguage\":\"de\",\"@id\":\"https:\\\/\\\/i0.wp.com\\\/www.jazzzeitung.de\\\/cms\\\/wp-content\\\/uploads\\\/2015\\\/08\\\/JAZZZEITUNGDE_Logo_Neu.png?resize=96%2C96&ssl=159975dcacb611b5700bd619b5daf0a7a\",\"url\":\"https:\\\/\\\/i0.wp.com\\\/www.jazzzeitung.de\\\/cms\\\/wp-content\\\/uploads\\\/2015\\\/08\\\/JAZZZEITUNGDE_Logo_Neu.png?resize=96%2C96&ssl=1\",\"contentUrl\":\"https:\\\/\\\/i0.wp.com\\\/www.jazzzeitung.de\\\/cms\\\/wp-content\\\/uploads\\\/2015\\\/08\\\/JAZZZEITUNGDE_Logo_Neu.png?resize=96%2C96&ssl=1\",\"caption\":\"Redaktion JazzZeitung\"},\"description\":\"Artikel der Redaktion der JazzZeitung.\",\"sameAs\":[\"http:\\\/\\\/www.jazzzeitung.de\\\/cms\\\/\"],\"url\":\"https:\\\/\\\/www.jazzzeitung.de\\\/cms\\\/author\\\/redaktion\\\/\"}]}<\/script>\n<!-- \/ Yoast SEO plugin. -->","yoast_head_json":{"title":"Dusko Goykovich erh\u00e4lt Musikpreis der Landeshauptstadt M\u00fcnchen - JazzZeitung","robots":{"index":"index","follow":"follow","max-snippet":"max-snippet:-1","max-image-preview":"max-image-preview:large","max-video-preview":"max-video-preview:-1"},"canonical":"https:\/\/www.jazzzeitung.de\/cms\/2015\/06\/6433\/","og_locale":"de_DE","og_type":"article","og_title":"Dusko Goykovich erh\u00e4lt Musikpreis der Landeshauptstadt M\u00fcnchen - JazzZeitung","og_description":"Gestern Abend wurde der Trompeter Dusko Goykovich im Alten Rathaussaal in M\u00fcnchen mit dem mit 10.000 Euro dotierten Musikpreis der Landeshauptstadt M\u00fcnchen ausgezeichnet. In der Begr\u00fcndung der Jury hie\u00df es: \u201eEr gilt als Souver\u00e4n aller Spielklassen, dem es bei aller Virtuosit\u00e4t und musikalischer Kompetenz trotzdem niemals wichtig war, als der Weltstar gefeiert zu werden, der er eigentlich ist. Und er l\u00e4sst es sich weiterhin auch mit 83 Jahren nicht nehmen, regelm\u00e4\u00dfig mit seiner Trompete in M\u00fcnchner Clubs oder an der Hochschule zu erscheinen, um die anderen an seiner Kunst und seinen Erfahrungen teilhaben zu lassen.&#8220; Seit 1968 lebt Goykovich in M\u00fcnchen und entwickelte sich \u00fcber die Jahre zu einer Autorit\u00e4t des europ\u00e4ischen und internationalen Jazz. Im bosnischen Jajce 1931 geboren, lernte Dusko Goykovich die Trompete zun\u00e4chst im folkloristischen Umfeld seiner Heimat kennen und studierte Anfang der f\u00fcnfziger Jahre Musik und Philosophie an der Musikhochschule von Belgrad. Bald darauf zog er nach Deutschland und fand schnell Anschluss an die Live-Szene. Mit einem weiteren Studium in Boston verfeinerte Goykovich seine Kunst und kn\u00fcpfte Kontakte zu ber\u00fchmten Bandleadern wie Woody Herman und Maynard Ferguson. Bildergalerie von Ralf Dombrowski &hellip;","og_url":"https:\/\/www.jazzzeitung.de\/cms\/2015\/06\/6433\/","og_site_name":"JazzZeitung","article_publisher":"https:\/\/www.facebook.com\/JazzZeitung\/","article_published_time":"2015-06-19T09:21:07+00:00","article_modified_time":"2015-06-22T06:43:44+00:00","og_image":[{"url":"https:\/\/i0.wp.com\/www.jazzzeitung.de\/cms\/wp-content\/uploads\/2015\/06\/0K3A6250-Duskos-Platzschild-dombr.jpg?w=552&#038;h=368&#038;ssl=1","type":"","width":"","height":""}],"author":"Redaktion JazzZeitung","schema":{"@context":"https:\/\/schema.org","@graph":[{"@type":"Article","@id":"https:\/\/www.jazzzeitung.de\/cms\/2015\/06\/6433\/#article","isPartOf":{"@id":"https:\/\/www.jazzzeitung.de\/cms\/2015\/06\/6433\/"},"author":{"name":"Redaktion JazzZeitung","@id":"https:\/\/www.jazzzeitung.de\/cms\/#\/schema\/person\/2245b36b9cd1d24cea10f01c031fb92b"},"headline":"Dusko Goykovich erh\u00e4lt Musikpreis der Landeshauptstadt M\u00fcnchen","datePublished":"2015-06-19T09:21:07+00:00","dateModified":"2015-06-22T06:43:44+00:00","mainEntityOfPage":{"@id":"https:\/\/www.jazzzeitung.de\/cms\/2015\/06\/6433\/"},"wordCount":223,"commentCount":0,"publisher":{"@id":"https:\/\/www.jazzzeitung.de\/cms\/#organization"},"image":{"@id":"https:\/\/www.jazzzeitung.de\/cms\/2015\/06\/6433\/#primaryimage"},"thumbnailUrl":"http:\/\/www.jazzzeitung.de\/cms\/wp-content\/uploads\/2015\/06\/0K3A2771-Dusko-Goykovich-dombr-150x150.jpg","keywords":["Clubs","Deutschland","Dusko Goykovich","M\u00fcnchen","Ralf Dombrowski"],"articleSection":["News"],"inLanguage":"de","potentialAction":[{"@type":"CommentAction","name":"Comment","target":["https:\/\/www.jazzzeitung.de\/cms\/2015\/06\/6433\/#respond"]}]},{"@type":"WebPage","@id":"https:\/\/www.jazzzeitung.de\/cms\/2015\/06\/6433\/","url":"https:\/\/www.jazzzeitung.de\/cms\/2015\/06\/6433\/","name":"Dusko Goykovich erh\u00e4lt Musikpreis der Landeshauptstadt M\u00fcnchen - JazzZeitung","isPartOf":{"@id":"https:\/\/www.jazzzeitung.de\/cms\/#website"},"primaryImageOfPage":{"@id":"https:\/\/www.jazzzeitung.de\/cms\/2015\/06\/6433\/#primaryimage"},"image":{"@id":"https:\/\/www.jazzzeitung.de\/cms\/2015\/06\/6433\/#primaryimage"},"thumbnailUrl":"http:\/\/www.jazzzeitung.de\/cms\/wp-content\/uploads\/2015\/06\/0K3A2771-Dusko-Goykovich-dombr-150x150.jpg","datePublished":"2015-06-19T09:21:07+00:00","dateModified":"2015-06-22T06:43:44+00:00","breadcrumb":{"@id":"https:\/\/www.jazzzeitung.de\/cms\/2015\/06\/6433\/#breadcrumb"},"inLanguage":"de","potentialAction":[{"@type":"ReadAction","target":["https:\/\/www.jazzzeitung.de\/cms\/2015\/06\/6433\/"]}]},{"@type":"ImageObject","inLanguage":"de","@id":"https:\/\/www.jazzzeitung.de\/cms\/2015\/06\/6433\/#primaryimage","url":"http:\/\/www.jazzzeitung.de\/cms\/wp-content\/uploads\/2015\/06\/0K3A2771-Dusko-Goykovich-dombr-150x150.jpg","contentUrl":"http:\/\/www.jazzzeitung.de\/cms\/wp-content\/uploads\/2015\/06\/0K3A2771-Dusko-Goykovich-dombr-150x150.jpg"},{"@type":"BreadcrumbList","@id":"https:\/\/www.jazzzeitung.de\/cms\/2015\/06\/6433\/#breadcrumb","itemListElement":[{"@type":"ListItem","position":1,"name":"Startseite","item":"https:\/\/www.jazzzeitung.de\/cms\/"},{"@type":"ListItem","position":2,"name":"Dusko Goykovich erh\u00e4lt Musikpreis der Landeshauptstadt M\u00fcnchen"}]},{"@type":"WebSite","@id":"https:\/\/www.jazzzeitung.de\/cms\/#website","url":"https:\/\/www.jazzzeitung.de\/cms\/","name":"JazzZeitung","description":"Jazz-News und Jazz-Kontroverses","publisher":{"@id":"https:\/\/www.jazzzeitung.de\/cms\/#organization"},"potentialAction":[{"@type":"SearchAction","target":{"@type":"EntryPoint","urlTemplate":"https:\/\/www.jazzzeitung.de\/cms\/?s={search_term_string}"},"query-input":{"@type":"PropertyValueSpecification","valueRequired":true,"valueName":"search_term_string"}}],"inLanguage":"de"},{"@type":"Organization","@id":"https:\/\/www.jazzzeitung.de\/cms\/#organization","name":"JazzZeitung online","url":"https:\/\/www.jazzzeitung.de\/cms\/","logo":{"@type":"ImageObject","inLanguage":"de","@id":"https:\/\/www.jazzzeitung.de\/cms\/#\/schema\/logo\/image\/","url":"https:\/\/i0.wp.com\/www.jazzzeitung.de\/cms\/wp-content\/uploads\/2015\/08\/JAZZZEITUNGDE_Logo_Neu.png?fit=499%2C200&ssl=1","contentUrl":"https:\/\/i0.wp.com\/www.jazzzeitung.de\/cms\/wp-content\/uploads\/2015\/08\/JAZZZEITUNGDE_Logo_Neu.png?fit=499%2C200&ssl=1","width":499,"height":200,"caption":"JazzZeitung online"},"image":{"@id":"https:\/\/www.jazzzeitung.de\/cms\/#\/schema\/logo\/image\/"},"sameAs":["https:\/\/www.facebook.com\/JazzZeitung\/"]},{"@type":"Person","@id":"https:\/\/www.jazzzeitung.de\/cms\/#\/schema\/person\/2245b36b9cd1d24cea10f01c031fb92b","name":"Redaktion JazzZeitung","image":{"@type":"ImageObject","inLanguage":"de","@id":"https:\/\/i0.wp.com\/www.jazzzeitung.de\/cms\/wp-content\/uploads\/2015\/08\/JAZZZEITUNGDE_Logo_Neu.png?resize=96%2C96&ssl=159975dcacb611b5700bd619b5daf0a7a","url":"https:\/\/i0.wp.com\/www.jazzzeitung.de\/cms\/wp-content\/uploads\/2015\/08\/JAZZZEITUNGDE_Logo_Neu.png?resize=96%2C96&ssl=1","contentUrl":"https:\/\/i0.wp.com\/www.jazzzeitung.de\/cms\/wp-content\/uploads\/2015\/08\/JAZZZEITUNGDE_Logo_Neu.png?resize=96%2C96&ssl=1","caption":"Redaktion JazzZeitung"},"description":"Artikel der Redaktion der JazzZeitung.","sameAs":["http:\/\/www.jazzzeitung.de\/cms\/"],"url":"https:\/\/www.jazzzeitung.de\/cms\/author\/redaktion\/"}]}},"wp-worthy-pixel":{"ignored":false,"public":null,"server":null,"url":null},"wp-worthy-type":"normal","jetpack_publicize_connections":[],"cc_featured_image_caption":{"caption_text":false,"source_text":false,"source_url":false},"jetpack_featured_media_url":"","jetpack_shortlink":"https:\/\/wp.me\/s3KEcT-6433","jetpack-related-posts":[{"id":5701,"url":"https:\/\/www.jazzzeitung.de\/cms\/2015\/03\/musikpreis-der-landeshauptstadt-muenchen-2015-dusko-goykovich\/","url_meta":{"origin":6433,"position":0},"title":"Musikpreis der Landeshauptstadt M\u00fcnchen 2015 an Dusko Goykovich","author":"Redaktion JazzZeitung","date":"12. M\u00e4rz 2015","format":false,"excerpt":"Der Stadtrat der Landeshauptstadt M\u00fcnchen hat in seiner heutigen Kulturausschuss- Sitzung das Votum der Jury best\u00e4tigt, den mit 10.000 Euro dotierten Musikpreis der Landeshauptstadt M\u00fcnchen 2015 an Dusko Goykovich zu vergeben. Der Musikpreis wird alle drei Jahre verliehen. Ausgezeichnet wird eine herausragende Gesamtleistung im Bereich Musik bzw. eine Pers\u00f6nlichkeit, die\u2026","rel":"","context":"In &quot;News&quot;","block_context":{"text":"News","link":"https:\/\/www.jazzzeitung.de\/cms\/thema\/nachrichten\/"},"img":{"alt_text":"","src":"https:\/\/i0.wp.com\/www.jazzzeitung.de\/cms\/wp-content\/uploads\/2014\/05\/dusko.jpg?fit=734%2C1200&ssl=1&resize=350%2C200","width":350,"height":200,"srcset":"https:\/\/i0.wp.com\/www.jazzzeitung.de\/cms\/wp-content\/uploads\/2014\/05\/dusko.jpg?fit=734%2C1200&ssl=1&resize=350%2C200 1x, https:\/\/i0.wp.com\/www.jazzzeitung.de\/cms\/wp-content\/uploads\/2014\/05\/dusko.jpg?fit=734%2C1200&ssl=1&resize=525%2C300 1.5x, https:\/\/i0.wp.com\/www.jazzzeitung.de\/cms\/wp-content\/uploads\/2014\/05\/dusko.jpg?fit=734%2C1200&ssl=1&resize=700%2C400 2x"},"classes":[]},{"id":3078,"url":"https:\/\/www.jazzzeitung.de\/cms\/2013\/12\/fotostrecke-dusko-goykovich-und-bill-ramsey-der-muenchner-unterfahrt\/","url_meta":{"origin":6433,"position":1},"title":"Fotostrecke: Dusko Goykovich und Bill Ramsey in der M\u00fcnchner Unterfahrt","author":"Redaktion JazzZeitung","date":"3. Dezember 2013","format":"gallery","excerpt":"Gestern in der Unterfahrt: Dusko Goykovich & Bill Ramsey, zusammen 164 Jahre alt und wunderbar swingend ... Diese Fotos wurden uns von JazzZeitungs-Redakteur Ralf Dombrwoski zur Verf\u00fcgung gestellt. Mehr zu und \u00fcber Ralf unter http:\/\/ralfdombrowski.de\/","rel":"","context":"In &quot;Galerie&quot;","block_context":{"text":"Galerie","link":"https:\/\/www.jazzzeitung.de\/cms\/thema\/galerie\/"},"img":{"alt_text":"","src":"https:\/\/i0.wp.com\/www.jazzzeitung.de\/cms\/wp-content\/uploads\/2013\/12\/Dusko__Ramsey_2_dombr.jpg?resize=350%2C200","width":350,"height":200,"srcset":"https:\/\/i0.wp.com\/www.jazzzeitung.de\/cms\/wp-content\/uploads\/2013\/12\/Dusko__Ramsey_2_dombr.jpg?resize=350%2C200 1x, https:\/\/i0.wp.com\/www.jazzzeitung.de\/cms\/wp-content\/uploads\/2013\/12\/Dusko__Ramsey_2_dombr.jpg?resize=525%2C300 1.5x, https:\/\/i0.wp.com\/www.jazzzeitung.de\/cms\/wp-content\/uploads\/2013\/12\/Dusko__Ramsey_2_dombr.jpg?resize=700%2C400 2x, https:\/\/i0.wp.com\/www.jazzzeitung.de\/cms\/wp-content\/uploads\/2013\/12\/Dusko__Ramsey_2_dombr.jpg?resize=1050%2C600 3x"},"classes":[]},{"id":24252,"url":"https:\/\/www.jazzzeitung.de\/cms\/2021\/01\/verleihung-des-berklee-master-of-global-jazz-award-an-dusko-goykovich-jazz-trompeter-und-ehrenmitglied-des-jazz-instituts-livestream-auf-youtube\/","url_meta":{"origin":6433,"position":2},"title":"Verleihung des &#8222;Berklee Master of Global Jazz Award&#8220; an Dusko Goykovich, Jazz-Trompeter und Ehrenmitglied des Jazz Instituts Livestream auf Youtube","author":"Redaktion JazzZeitung","date":"20. Januar 2021","format":false,"excerpt":"Die drei Gewinner des 5. Kurt Maas Jazz Award bestreiten am Freitag, 22. Januar 2021 um 19:00 Uhr gemeinsam mit Kolleginnen und Kollegen des Jazz Instituts der Hochschule f\u00fcr Musik und Theater M\u00fcnchen (HMTM) das Preistr\u00e4gerkonzert des Wettbewerbs als Livestream auf dem Youtube-Kanal des Jazz Instituts. Besonderer H\u00f6hepunkt ist au\u00dferdem\u2026","rel":"","context":"In &quot;News&quot;","block_context":{"text":"News","link":"https:\/\/www.jazzzeitung.de\/cms\/thema\/nachrichten\/"},"img":{"alt_text":"","src":"https:\/\/i0.wp.com\/www.jazzzeitung.de\/cms\/wp-content\/uploads\/2021\/01\/Goykovich_Dusko_c_Jan-Scheffner-scaled.jpg?fit=1200%2C798&ssl=1&resize=350%2C200","width":350,"height":200,"srcset":"https:\/\/i0.wp.com\/www.jazzzeitung.de\/cms\/wp-content\/uploads\/2021\/01\/Goykovich_Dusko_c_Jan-Scheffner-scaled.jpg?fit=1200%2C798&ssl=1&resize=350%2C200 1x, https:\/\/i0.wp.com\/www.jazzzeitung.de\/cms\/wp-content\/uploads\/2021\/01\/Goykovich_Dusko_c_Jan-Scheffner-scaled.jpg?fit=1200%2C798&ssl=1&resize=525%2C300 1.5x, https:\/\/i0.wp.com\/www.jazzzeitung.de\/cms\/wp-content\/uploads\/2021\/01\/Goykovich_Dusko_c_Jan-Scheffner-scaled.jpg?fit=1200%2C798&ssl=1&resize=700%2C400 2x, https:\/\/i0.wp.com\/www.jazzzeitung.de\/cms\/wp-content\/uploads\/2021\/01\/Goykovich_Dusko_c_Jan-Scheffner-scaled.jpg?fit=1200%2C798&ssl=1&resize=1050%2C600 3x"},"classes":[]},{"id":3889,"url":"https:\/\/www.jazzzeitung.de\/cms\/2014\/05\/echo-fuer-lebenswerk-2014-geht-dusko-goykovich\/","url_meta":{"origin":6433,"position":3},"title":"ECHO f\u00fcr Lebenswerk 2014 geht an Dusko Goykovich","author":"Redaktion JazzZeitung","date":"15. Mai 2014","format":false,"excerpt":"Wir gratulieren ganz herzlich mit einem Artikel aus unserem Archiv, den Ursula Gaisa anl\u00e4sslich des Erscheinens seines Albums \"Samba do Mar\" 2004 verfasste: F\u00fcr jemanden, der sich bereits seit \u00fcber 50 Jahren mit seinem Instrument und dem Jazz auseinandersetzt, noch t\u00e4glich ein paar Stunden \u00fcbt \u2013 Geburtstage, Feiertage und Silvester\u2026","rel":"","context":"In &quot;Archiv&quot;","block_context":{"text":"Archiv","link":"https:\/\/www.jazzzeitung.de\/cms\/thema\/archiv\/"},"img":{"alt_text":"dusko","src":"https:\/\/i0.wp.com\/www.jazzzeitung.de\/cms\/wp-content\/uploads\/2014\/05\/dusko-150x150.jpg?resize=350%2C200","width":350,"height":200},"classes":[]},{"id":7366,"url":"https:\/\/www.jazzzeitung.de\/cms\/2015\/10\/7366\/","url_meta":{"origin":6433,"position":4},"title":"Christian Els\u00e4sser erh\u00e4lt M\u00fcnchner Musikstipendium","author":"Redaktion JazzZeitung","date":"15. Oktober 2015","format":false,"excerpt":"Christian Els\u00e4sser bekam am 13. Oktober im Schwere Reiter das Stipendium Musik der Stadt M\u00fcnchen \u00fcberreicht. Er bedankte sich mit einem kurzen Quartett-St\u00fcck und versprach, das Preisgeld in die Honorare seiner Big Band Musiker einflie\u00dfen zu lassen. Alle Fotos: Ralf Dombrowksi Hier ein Auszug aus der Jurybegr\u00fcndung: Mit 32 Jahren\u2026","rel":"","context":"In &quot;News&quot;","block_context":{"text":"News","link":"https:\/\/www.jazzzeitung.de\/cms\/thema\/nachrichten\/"},"img":{"alt_text":"","src":"https:\/\/i0.wp.com\/www.jazzzeitung.de\/cms\/wp-content\/uploads\/2015\/10\/0K3A0488-Elsa%C2%A8sser.jpg?fit=1200%2C800&ssl=1&resize=350%2C200","width":350,"height":200,"srcset":"https:\/\/i0.wp.com\/www.jazzzeitung.de\/cms\/wp-content\/uploads\/2015\/10\/0K3A0488-Elsa%C2%A8sser.jpg?fit=1200%2C800&ssl=1&resize=350%2C200 1x, https:\/\/i0.wp.com\/www.jazzzeitung.de\/cms\/wp-content\/uploads\/2015\/10\/0K3A0488-Elsa%C2%A8sser.jpg?fit=1200%2C800&ssl=1&resize=525%2C300 1.5x, https:\/\/i0.wp.com\/www.jazzzeitung.de\/cms\/wp-content\/uploads\/2015\/10\/0K3A0488-Elsa%C2%A8sser.jpg?fit=1200%2C800&ssl=1&resize=700%2C400 2x, https:\/\/i0.wp.com\/www.jazzzeitung.de\/cms\/wp-content\/uploads\/2015\/10\/0K3A0488-Elsa%C2%A8sser.jpg?fit=1200%2C800&ssl=1&resize=1050%2C600 3x"},"classes":[]},{"id":10657,"url":"https:\/\/www.jazzzeitung.de\/cms\/2016\/10\/veteranentreff-mit-hipnessfaktor-beim-1-landesjazzfestival-bayern-in-regensburg\/","url_meta":{"origin":6433,"position":5},"title":"Veteranentreff mit Hipnessfaktor beim 1. Landesjazzfestival Bayern in Regensburg","author":"Redaktion JazzZeitung","date":"27. Oktober 2016","format":false,"excerpt":"Ein wahres Feuerwerk, um einmal die abgegriffene Metapher zu nutzen, hat der amerikanische Gitarrist John Scofield am letzten Abend des 1. Bayerischen Landes-Jazzfestivals in Regensburg abgebrannt. Im Velodrom, einem Baudenkmal, bestritt er im Quartett mit Larry Goldings (p, org), Altmeister Steve Swallow am E-Bass und Youngster Bill Stewart (dr) ein\u2026","rel":"","context":"In &quot;Bericht&quot;","block_context":{"text":"Bericht","link":"https:\/\/www.jazzzeitung.de\/cms\/thema\/bericht\/"},"img":{"alt_text":"","src":"https:\/\/i0.wp.com\/www.jazzzeitung.de\/cms\/wp-content\/uploads\/2016\/10\/Betzl-Trio_55.jpg?resize=350%2C200","width":350,"height":200,"srcset":"https:\/\/i0.wp.com\/www.jazzzeitung.de\/cms\/wp-content\/uploads\/2016\/10\/Betzl-Trio_55.jpg?resize=350%2C200 1x, https:\/\/i0.wp.com\/www.jazzzeitung.de\/cms\/wp-content\/uploads\/2016\/10\/Betzl-Trio_55.jpg?resize=525%2C300 1.5x, https:\/\/i0.wp.com\/www.jazzzeitung.de\/cms\/wp-content\/uploads\/2016\/10\/Betzl-Trio_55.jpg?resize=700%2C400 2x, https:\/\/i0.wp.com\/www.jazzzeitung.de\/cms\/wp-content\/uploads\/2016\/10\/Betzl-Trio_55.jpg?resize=1050%2C600 3x, https:\/\/i0.wp.com\/www.jazzzeitung.de\/cms\/wp-content\/uploads\/2016\/10\/Betzl-Trio_55.jpg?resize=1400%2C800 4x"},"classes":[]}],"jetpack_sharing_enabled":true,"_links":{"self":[{"href":"https:\/\/www.jazzzeitung.de\/cms\/wp-json\/wp\/v2\/posts\/6433","targetHints":{"allow":["GET"]}}],"collection":[{"href":"https:\/\/www.jazzzeitung.de\/cms\/wp-json\/wp\/v2\/posts"}],"about":[{"href":"https:\/\/www.jazzzeitung.de\/cms\/wp-json\/wp\/v2\/types\/post"}],"author":[{"embeddable":true,"href":"https:\/\/www.jazzzeitung.de\/cms\/wp-json\/wp\/v2\/users\/18"}],"replies":[{"embeddable":true,"href":"https:\/\/www.jazzzeitung.de\/cms\/wp-json\/wp\/v2\/comments?post=6433"}],"version-history":[{"count":6,"href":"https:\/\/www.jazzzeitung.de\/cms\/wp-json\/wp\/v2\/posts\/6433\/revisions"}],"predecessor-version":[{"id":6449,"href":"https:\/\/www.jazzzeitung.de\/cms\/wp-json\/wp\/v2\/posts\/6433\/revisions\/6449"}],"wp:attachment":[{"href":"https:\/\/www.jazzzeitung.de\/cms\/wp-json\/wp\/v2\/media?parent=6433"}],"wp:term":[{"taxonomy":"category","embeddable":true,"href":"https:\/\/www.jazzzeitung.de\/cms\/wp-json\/wp\/v2\/categories?post=6433"},{"taxonomy":"post_tag","embeddable":true,"href":"https:\/\/www.jazzzeitung.de\/cms\/wp-json\/wp\/v2\/tags?post=6433"},{"taxonomy":"author","embeddable":true,"href":"https:\/\/www.jazzzeitung.de\/cms\/wp-json\/wp\/v2\/coauthors?post=6433"}],"curies":[{"name":"wp","href":"https:\/\/api.w.org\/{rel}","templated":true}]}}