{"id":6405,"date":"2015-06-15T08:04:49","date_gmt":"2015-06-15T06:04:49","guid":{"rendered":"http:\/\/www.jazzzeitung.de\/cms\/?p=6405"},"modified":"2015-06-15T13:10:10","modified_gmt":"2015-06-15T11:10:10","slug":"audience-development-10-zielgruppenueberlegungen","status":"publish","type":"post","link":"https:\/\/www.jazzzeitung.de\/cms\/2015\/06\/audience-development-10-zielgruppenueberlegungen\/","title":{"rendered":"Audience Development (10) &#8211; Zielgruppen\u00fcberlegungen"},"content":{"rendered":"<p>In den letzten Blogfolgen habe ich viel \u00fcber Vermittlung geschrieben. Dabei ging es in erster Linie darum, <em>was<\/em> wir vermitteln m\u00f6chten und <em>wie<\/em> wir das tun k\u00f6nnen. Ebenso interessant ist jedoch die Frage, <em>an wen<\/em> wir denn vermitteln wollen. Glaubt man dem Volksmund, ist Jazz Musik f\u00fcr \u00e4ltere Akademiker. Das Bild vom \u201ewei\u00dfb\u00e4rtigen, Pfeife rauchenden Studienrat\u201c wird nach wie vor gern bem\u00fcht, h\u00e4lt aber weder der oberfl\u00e4chlichen \u00dcberpr\u00fcfung im Konzertsaal noch den \u2013 wenigen \u2013 wissenschaftlichen Untersuchungen zu diesem Thema stand.<\/p>\n<figure id=\"attachment_2861\" aria-describedby=\"caption-attachment-2861\" style=\"width: 695px\" class=\"wp-caption aligncenter\"><a href=\"https:\/\/i0.wp.com\/www.jazzzeitung.de\/cms\/wp-content\/uploads\/2013\/11\/jf13-03h-020235.jpg\"><img data-recalc-dims=\"1\" loading=\"lazy\" decoding=\"async\" data-attachment-id=\"2861\" data-permalink=\"https:\/\/www.jazzzeitung.de\/cms\/2013\/11\/im-silbermeer-des-mittelalters\/jf13-03h-020235\/\" data-orig-file=\"https:\/\/i0.wp.com\/www.jazzzeitung.de\/cms\/wp-content\/uploads\/2013\/11\/jf13-03h-020235.jpg?fit=1200%2C900&amp;ssl=1\" data-orig-size=\"1200,900\" data-comments-opened=\"1\" data-image-meta=\"{&quot;aperture&quot;:&quot;0&quot;,&quot;credit&quot;:&quot;Dr. Martin Hufner&quot;,&quot;camera&quot;:&quot;&quot;,&quot;caption&quot;:&quot;&quot;,&quot;created_timestamp&quot;:&quot;0&quot;,&quot;copyright&quot;:&quot;Martin Hufner&quot;,&quot;focal_length&quot;:&quot;0&quot;,&quot;iso&quot;:&quot;0&quot;,&quot;shutter_speed&quot;:&quot;0&quot;,&quot;title&quot;:&quot;&quot;}\" data-image-title=\"Ein Meer in Silber. Foto: Hufner\" data-image-description=\"&lt;p&gt;Ein Meer in Silber. Foto: Hufner&lt;\/p&gt;\n\" data-image-caption=\"&lt;p&gt;Ein Meer in Silber. Foto: Hufner&lt;\/p&gt;\n\" data-large-file=\"https:\/\/i0.wp.com\/www.jazzzeitung.de\/cms\/wp-content\/uploads\/2013\/11\/jf13-03h-020235.jpg?fit=800%2C600&amp;ssl=1\" class=\"size-large wp-image-2861\" src=\"https:\/\/i0.wp.com\/www.jazzzeitung.de\/cms\/wp-content\/uploads\/2013\/11\/jf13-03h-020235-800x600.jpg?resize=695%2C521\" alt=\"Ein Meer in Silber. Foto: Hufner\" width=\"695\" height=\"521\" srcset=\"https:\/\/i0.wp.com\/www.jazzzeitung.de\/cms\/wp-content\/uploads\/2013\/11\/jf13-03h-020235.jpg?resize=800%2C600&amp;ssl=1 800w, https:\/\/i0.wp.com\/www.jazzzeitung.de\/cms\/wp-content\/uploads\/2013\/11\/jf13-03h-020235.jpg?resize=300%2C225&amp;ssl=1 300w, https:\/\/i0.wp.com\/www.jazzzeitung.de\/cms\/wp-content\/uploads\/2013\/11\/jf13-03h-020235.jpg?resize=600%2C450&amp;ssl=1 600w, https:\/\/i0.wp.com\/www.jazzzeitung.de\/cms\/wp-content\/uploads\/2013\/11\/jf13-03h-020235.jpg?w=1200&amp;ssl=1 1200w\" sizes=\"auto, (max-width: 695px) 100vw, 695px\" \/><\/a><figcaption id=\"caption-attachment-2861\" class=\"wp-caption-text\">Ein Meer in Silber. Foto: Hufner<\/figcaption><\/figure>\n<p>Leider liegen die umfassenden Erhebungen zum deutschen Jazzpublikum bereits 25 Jahre und mehr zur\u00fcck (Rainer Dollase\/ Michael R\u00fcsenberg\/ Hans J. Stollenwerk: \u201eDas Jazzpublikum\u201c, 1978; Fritz Schm\u00fccker: \u201eDas Jazzkonzertpublikum\u201c, 1990). Die j\u00fcngste Studie dieser Art, die ich finden konnte, wurde von Leila Guilloteau f\u00fcr das franz\u00f6sische Magazin \u201eJazzman\u201c verfasst, untersucht das Publikum im Pariser Jazzclub \u201eSunset\u201c und wurde 1995 ver\u00f6ffentlicht.<\/p>\n<p>Einige Erkenntnisse sind jedoch allen genannten Studien gemein. Zun\u00e4chst einmal geh\u00f6rt das Gros des Publikums nicht etwa der Generation 50+ an, sondern ist j\u00fcnger oder knapp \u00e4lter als 30 Jahre (Dollase: 89% der Besucher j\u00fcnger als 30 bei zeitgen\u00f6ssischen Jazzkonzerten, 57% bei Mainstream-Jazzkonzerten; Schm\u00fccker: 65% der Besucher j\u00fcnger als 30 Jahre; Guilloteau: 73% der Besucher j\u00fcnger als 34 Jahre). Die Mehrheit des Publikums hat mindestens Abitur (Dollase: knapp zwei Drittel; Schm\u00fccker: 69%; Guilloteau: 65%) und geh\u00f6rt einer gebildeten, b\u00fcrgerlichen Mittelschicht an. Der Ledigen-Anteil \u00fcberwiegt, teilweise deutlich. Ein Gro\u00dfteil des Publikums ist m\u00e4nnlich (Dollase: 75% bei zeitgen\u00f6ssischen, 69% bei Mainstream-Jazzkonzerten; Guilloteau: 64%) und politisch links der Mitte verortet (Dollase: 87%; Schm\u00fccker: 91%).<\/p>\n<p>\u201eNa herrlich, und schon haben wir unsere Zielgruppe!\u201c frohlockt der Marketing-Spezialist an dieser Stelle. Aber ganz so einfach kann die Sache ja nicht sein.<\/p>\n<p>Die allseits beklagte Alterung des (Jazz-)Publikums l\u00e4sst sich im Studienvergleich zwar nachweisen, andererseits unterscheiden sich die entsprechenden Kennzahlen zum Teil deutlich, je nach Ort des Konzerts und Art der Musik, die dort gespielt wird.<br \/>\nW\u00fcrde man heute die Publikumsdaten eines Jazzkonzerts in der K\u00f6lner Philharmonie mit jenen eines Jazzkonzerts im Rahmen des <a href=\"https:\/\/www.youtube.com\/watch?v=-IqigdGh4Bk\">\u201eSummerKLAENG\u201c<\/a>-Festivals (ebenfalls K\u00f6ln) vergleichen, erhielte man vermutlich ebenfalls deutlich unterschiedliche Ergebnisse.<br \/>\nHinzu kommt, dass die demografische Entwicklung in Deutschland allen Bem\u00fchungen zur Erschlie\u00dfung j\u00fcngeren Publikums ung\u00fcnstig entgegen wirkt. Waren 1978 noch 42% der deutschen Bev\u00f6lkerung j\u00fcnger als 30 Jahre, sind es heute nur noch 30% (Quelle: <a href=\"https:\/\/www.destatis.de\/bevoelkerungspyramide\/#!y=1978&amp;a=30,65&amp;v=2&amp;o=1978&amp;g\">Statistisches Bundesamt<\/a>).<\/p>\n<p>Was wir aber positiv bedenken sollten: \u00e4ltere Generationen sind heute nicht nur zahlreicher, sondern scheinen auch wesentlich l\u00e4nger aktiv zu sein und potentiell gewillt, das Haus zu verlassen, um ins Konzert zu kommen.<br \/>\nWir m\u00fcssen daher zwei Fragen beantworten: wie erreichen und halten wir das bestehende Publikum, und wie rekrutieren wir in j\u00fcngeren Generationen neue H\u00f6rer? Die Chancen stehen gut, dass wir darauf zwei v\u00f6llig unterschiedliche Antworten erhalten. Verzichten k\u00f6nnen wir jedoch auf keine der beiden Gruppen.<\/p>\n<p>Welches Publikum w\u00fcrdet ihr euch f\u00fcr euer Konzert w\u00fcnschen? Was hat dieses Publikum f\u00fcr Anspr\u00fcche, W\u00fcnsche, Tr\u00e4ume, sonstige Interessen? An welchen Orten h\u00e4lt sich dieses Publikum am liebsten auf? Welche Informationskan\u00e4le benutzt es, um von eurer Veranstaltung zu erfahren?<\/p>\n","protected":false},"excerpt":{"rendered":"<p>In den letzten Blogfolgen habe ich viel \u00fcber Vermittlung geschrieben. Dabei ging es in erster Linie darum, was wir vermitteln m\u00f6chten und wie wir das tun k\u00f6nnen. Ebenso interessant ist jedoch die Frage, an wen wir denn vermitteln wollen. Glaubt man dem Volksmund, ist Jazz Musik f\u00fcr \u00e4ltere Akademiker. Das Bild vom \u201ewei\u00dfb\u00e4rtigen, Pfeife rauchenden Studienrat\u201c wird nach wie vor gern bem\u00fcht, h\u00e4lt aber weder der oberfl\u00e4chlichen \u00dcberpr\u00fcfung im Konzertsaal noch den \u2013 wenigen \u2013 wissenschaftlichen Untersuchungen zu diesem Thema stand. Leider liegen die umfassenden Erhebungen zum deutschen Jazzpublikum bereits 25 Jahre und mehr zur\u00fcck (Rainer Dollase\/ Michael R\u00fcsenberg\/ Hans J. Stollenwerk: \u201eDas Jazzpublikum\u201c, 1978; Fritz Schm\u00fccker: \u201eDas Jazzkonzertpublikum\u201c, 1990). Die j\u00fcngste Studie dieser Art, die ich finden konnte, wurde von Leila Guilloteau f\u00fcr das franz\u00f6sische Magazin \u201eJazzman\u201c verfasst, untersucht das Publikum im Pariser Jazzclub \u201eSunset\u201c und wurde 1995 ver\u00f6ffentlicht. Einige Erkenntnisse sind jedoch allen genannten Studien gemein. Zun\u00e4chst einmal geh\u00f6rt das Gros des Publikums nicht etwa der Generation 50+ an, sondern ist j\u00fcnger oder knapp \u00e4lter als 30 Jahre (Dollase: 89% der Besucher j\u00fcnger als 30 bei zeitgen\u00f6ssischen Jazzkonzerten, 57% bei Mainstream-Jazzkonzerten; Schm\u00fccker: 65% &hellip;<\/p>\n","protected":false},"author":15,"featured_media":0,"comment_status":"open","ping_status":"closed","sticky":false,"template":"","format":"standard","meta":{"_jetpack_memberships_contains_paid_content":false,"footnotes":"","jetpack_publicize_message":"","jetpack_publicize_feature_enabled":true,"jetpack_social_post_already_shared":false,"jetpack_social_options":{"image_generator_settings":{"template":"highway","default_image_id":0,"font":"","enabled":false},"version":2}},"categories":[82],"tags":[137,682,271,852,322],"coauthors":[770],"class_list":["post-6405","post","type-post","status-publish","format-standard","hentry","category-blog","tag-deutschland","tag-festivals","tag-jazzclub","tag-koeln","tag-konzert-2"],"yoast_head":"<!-- This site is optimized with the Yoast SEO plugin v27.5 - https:\/\/yoast.com\/product\/yoast-seo-wordpress\/ -->\n<title>Audience Development (10) - Zielgruppen\u00fcberlegungen - JazzZeitung<\/title>\n<meta name=\"robots\" content=\"index, follow, max-snippet:-1, max-image-preview:large, max-video-preview:-1\" \/>\n<link rel=\"canonical\" href=\"https:\/\/www.jazzzeitung.de\/cms\/2015\/06\/audience-development-10-zielgruppenueberlegungen\/\" \/>\n<meta property=\"og:locale\" content=\"de_DE\" \/>\n<meta property=\"og:type\" content=\"article\" \/>\n<meta property=\"og:title\" content=\"Audience Development (10) - Zielgruppen\u00fcberlegungen - JazzZeitung\" \/>\n<meta property=\"og:description\" content=\"In den letzten Blogfolgen habe ich viel \u00fcber Vermittlung geschrieben. Dabei ging es in erster Linie darum, was wir vermitteln m\u00f6chten und wie wir das tun k\u00f6nnen. Ebenso interessant ist jedoch die Frage, an wen wir denn vermitteln wollen. Glaubt man dem Volksmund, ist Jazz Musik f\u00fcr \u00e4ltere Akademiker. Das Bild vom \u201ewei\u00dfb\u00e4rtigen, Pfeife rauchenden Studienrat\u201c wird nach wie vor gern bem\u00fcht, h\u00e4lt aber weder der oberfl\u00e4chlichen \u00dcberpr\u00fcfung im Konzertsaal noch den \u2013 wenigen \u2013 wissenschaftlichen Untersuchungen zu diesem Thema stand. Leider liegen die umfassenden Erhebungen zum deutschen Jazzpublikum bereits 25 Jahre und mehr zur\u00fcck (Rainer Dollase\/ Michael R\u00fcsenberg\/ Hans J. Stollenwerk: \u201eDas Jazzpublikum\u201c, 1978; Fritz Schm\u00fccker: \u201eDas Jazzkonzertpublikum\u201c, 1990). Die j\u00fcngste Studie dieser Art, die ich finden konnte, wurde von Leila Guilloteau f\u00fcr das franz\u00f6sische Magazin \u201eJazzman\u201c verfasst, untersucht das Publikum im Pariser Jazzclub \u201eSunset\u201c und wurde 1995 ver\u00f6ffentlicht. Einige Erkenntnisse sind jedoch allen genannten Studien gemein. Zun\u00e4chst einmal geh\u00f6rt das Gros des Publikums nicht etwa der Generation 50+ an, sondern ist j\u00fcnger oder knapp \u00e4lter als 30 Jahre (Dollase: 89% der Besucher j\u00fcnger als 30 bei zeitgen\u00f6ssischen Jazzkonzerten, 57% bei Mainstream-Jazzkonzerten; Schm\u00fccker: 65% &hellip;\" \/>\n<meta property=\"og:url\" content=\"https:\/\/www.jazzzeitung.de\/cms\/2015\/06\/audience-development-10-zielgruppenueberlegungen\/\" \/>\n<meta property=\"og:site_name\" content=\"JazzZeitung\" \/>\n<meta property=\"article:publisher\" content=\"https:\/\/www.facebook.com\/JazzZeitung\/\" \/>\n<meta property=\"article:published_time\" content=\"2015-06-15T06:04:49+00:00\" \/>\n<meta property=\"article:modified_time\" content=\"2015-06-15T11:10:10+00:00\" \/>\n<meta property=\"og:image\" content=\"http:\/\/www.jazzzeitung.de\/cms\/wp-content\/uploads\/2013\/11\/jf13-03h-020235-800x600.jpg\" \/>\n<meta name=\"author\" content=\"Benjamin Schaefer\" \/>\n<script type=\"application\/ld+json\" class=\"yoast-schema-graph\">{\"@context\":\"https:\\\/\\\/schema.org\",\"@graph\":[{\"@type\":\"Article\",\"@id\":\"https:\\\/\\\/www.jazzzeitung.de\\\/cms\\\/2015\\\/06\\\/audience-development-10-zielgruppenueberlegungen\\\/#article\",\"isPartOf\":{\"@id\":\"https:\\\/\\\/www.jazzzeitung.de\\\/cms\\\/2015\\\/06\\\/audience-development-10-zielgruppenueberlegungen\\\/\"},\"author\":{\"name\":\"Benjamin Schaefer\",\"@id\":\"https:\\\/\\\/www.jazzzeitung.de\\\/cms\\\/#\\\/schema\\\/person\\\/3e3b81d403e660d7e97c67f7f805c875\"},\"headline\":\"Audience Development (10) &#8211; Zielgruppen\u00fcberlegungen\",\"datePublished\":\"2015-06-15T06:04:49+00:00\",\"dateModified\":\"2015-06-15T11:10:10+00:00\",\"mainEntityOfPage\":{\"@id\":\"https:\\\/\\\/www.jazzzeitung.de\\\/cms\\\/2015\\\/06\\\/audience-development-10-zielgruppenueberlegungen\\\/\"},\"wordCount\":541,\"commentCount\":2,\"publisher\":{\"@id\":\"https:\\\/\\\/www.jazzzeitung.de\\\/cms\\\/#organization\"},\"image\":{\"@id\":\"https:\\\/\\\/www.jazzzeitung.de\\\/cms\\\/2015\\\/06\\\/audience-development-10-zielgruppenueberlegungen\\\/#primaryimage\"},\"thumbnailUrl\":\"http:\\\/\\\/www.jazzzeitung.de\\\/cms\\\/wp-content\\\/uploads\\\/2013\\\/11\\\/jf13-03h-020235-800x600.jpg\",\"keywords\":[\"Deutschland\",\"Festivals\",\"Jazzclub\",\"K\u00f6ln\",\"Konzert\"],\"articleSection\":[\"Blog\"],\"inLanguage\":\"de\",\"potentialAction\":[{\"@type\":\"CommentAction\",\"name\":\"Comment\",\"target\":[\"https:\\\/\\\/www.jazzzeitung.de\\\/cms\\\/2015\\\/06\\\/audience-development-10-zielgruppenueberlegungen\\\/#respond\"]}]},{\"@type\":\"WebPage\",\"@id\":\"https:\\\/\\\/www.jazzzeitung.de\\\/cms\\\/2015\\\/06\\\/audience-development-10-zielgruppenueberlegungen\\\/\",\"url\":\"https:\\\/\\\/www.jazzzeitung.de\\\/cms\\\/2015\\\/06\\\/audience-development-10-zielgruppenueberlegungen\\\/\",\"name\":\"Audience Development (10) - Zielgruppen\u00fcberlegungen - JazzZeitung\",\"isPartOf\":{\"@id\":\"https:\\\/\\\/www.jazzzeitung.de\\\/cms\\\/#website\"},\"primaryImageOfPage\":{\"@id\":\"https:\\\/\\\/www.jazzzeitung.de\\\/cms\\\/2015\\\/06\\\/audience-development-10-zielgruppenueberlegungen\\\/#primaryimage\"},\"image\":{\"@id\":\"https:\\\/\\\/www.jazzzeitung.de\\\/cms\\\/2015\\\/06\\\/audience-development-10-zielgruppenueberlegungen\\\/#primaryimage\"},\"thumbnailUrl\":\"http:\\\/\\\/www.jazzzeitung.de\\\/cms\\\/wp-content\\\/uploads\\\/2013\\\/11\\\/jf13-03h-020235-800x600.jpg\",\"datePublished\":\"2015-06-15T06:04:49+00:00\",\"dateModified\":\"2015-06-15T11:10:10+00:00\",\"breadcrumb\":{\"@id\":\"https:\\\/\\\/www.jazzzeitung.de\\\/cms\\\/2015\\\/06\\\/audience-development-10-zielgruppenueberlegungen\\\/#breadcrumb\"},\"inLanguage\":\"de\",\"potentialAction\":[{\"@type\":\"ReadAction\",\"target\":[\"https:\\\/\\\/www.jazzzeitung.de\\\/cms\\\/2015\\\/06\\\/audience-development-10-zielgruppenueberlegungen\\\/\"]}]},{\"@type\":\"ImageObject\",\"inLanguage\":\"de\",\"@id\":\"https:\\\/\\\/www.jazzzeitung.de\\\/cms\\\/2015\\\/06\\\/audience-development-10-zielgruppenueberlegungen\\\/#primaryimage\",\"url\":\"http:\\\/\\\/www.jazzzeitung.de\\\/cms\\\/wp-content\\\/uploads\\\/2013\\\/11\\\/jf13-03h-020235-800x600.jpg\",\"contentUrl\":\"http:\\\/\\\/www.jazzzeitung.de\\\/cms\\\/wp-content\\\/uploads\\\/2013\\\/11\\\/jf13-03h-020235-800x600.jpg\"},{\"@type\":\"BreadcrumbList\",\"@id\":\"https:\\\/\\\/www.jazzzeitung.de\\\/cms\\\/2015\\\/06\\\/audience-development-10-zielgruppenueberlegungen\\\/#breadcrumb\",\"itemListElement\":[{\"@type\":\"ListItem\",\"position\":1,\"name\":\"Startseite\",\"item\":\"https:\\\/\\\/www.jazzzeitung.de\\\/cms\\\/\"},{\"@type\":\"ListItem\",\"position\":2,\"name\":\"Audience Development (10) &#8211; Zielgruppen\u00fcberlegungen\"}]},{\"@type\":\"WebSite\",\"@id\":\"https:\\\/\\\/www.jazzzeitung.de\\\/cms\\\/#website\",\"url\":\"https:\\\/\\\/www.jazzzeitung.de\\\/cms\\\/\",\"name\":\"JazzZeitung\",\"description\":\"Jazz-News und Jazz-Kontroverses\",\"publisher\":{\"@id\":\"https:\\\/\\\/www.jazzzeitung.de\\\/cms\\\/#organization\"},\"potentialAction\":[{\"@type\":\"SearchAction\",\"target\":{\"@type\":\"EntryPoint\",\"urlTemplate\":\"https:\\\/\\\/www.jazzzeitung.de\\\/cms\\\/?s={search_term_string}\"},\"query-input\":{\"@type\":\"PropertyValueSpecification\",\"valueRequired\":true,\"valueName\":\"search_term_string\"}}],\"inLanguage\":\"de\"},{\"@type\":\"Organization\",\"@id\":\"https:\\\/\\\/www.jazzzeitung.de\\\/cms\\\/#organization\",\"name\":\"JazzZeitung online\",\"url\":\"https:\\\/\\\/www.jazzzeitung.de\\\/cms\\\/\",\"logo\":{\"@type\":\"ImageObject\",\"inLanguage\":\"de\",\"@id\":\"https:\\\/\\\/www.jazzzeitung.de\\\/cms\\\/#\\\/schema\\\/logo\\\/image\\\/\",\"url\":\"https:\\\/\\\/i0.wp.com\\\/www.jazzzeitung.de\\\/cms\\\/wp-content\\\/uploads\\\/2015\\\/08\\\/JAZZZEITUNGDE_Logo_Neu.png?fit=499%2C200&ssl=1\",\"contentUrl\":\"https:\\\/\\\/i0.wp.com\\\/www.jazzzeitung.de\\\/cms\\\/wp-content\\\/uploads\\\/2015\\\/08\\\/JAZZZEITUNGDE_Logo_Neu.png?fit=499%2C200&ssl=1\",\"width\":499,\"height\":200,\"caption\":\"JazzZeitung online\"},\"image\":{\"@id\":\"https:\\\/\\\/www.jazzzeitung.de\\\/cms\\\/#\\\/schema\\\/logo\\\/image\\\/\"},\"sameAs\":[\"https:\\\/\\\/www.facebook.com\\\/JazzZeitung\\\/\"]},{\"@type\":\"Person\",\"@id\":\"https:\\\/\\\/www.jazzzeitung.de\\\/cms\\\/#\\\/schema\\\/person\\\/3e3b81d403e660d7e97c67f7f805c875\",\"name\":\"Benjamin Schaefer\",\"image\":{\"@type\":\"ImageObject\",\"inLanguage\":\"de\",\"@id\":\"https:\\\/\\\/i0.wp.com\\\/www.jazzzeitung.de\\\/cms\\\/wp-content\\\/uploads\\\/2013\\\/09\\\/benjamin_schaefer_400.jpg?resize=96%2C96&ssl=1c443b59badf4cb4cef82900bff578357\",\"url\":\"https:\\\/\\\/i0.wp.com\\\/www.jazzzeitung.de\\\/cms\\\/wp-content\\\/uploads\\\/2013\\\/09\\\/benjamin_schaefer_400.jpg?resize=96%2C96&ssl=1\",\"contentUrl\":\"https:\\\/\\\/i0.wp.com\\\/www.jazzzeitung.de\\\/cms\\\/wp-content\\\/uploads\\\/2013\\\/09\\\/benjamin_schaefer_400.jpg?resize=96%2C96&ssl=1\",\"caption\":\"Benjamin Schaefer\"},\"description\":\"Benjamin Schaefer (geb. 1981) studierte von 2001 bis 2008 Jazzklavier und Komposition an der K\u00f6lner Musikhochschule bei Frank Wunsch, Hans L\u00fcdemann, John Taylor und Joachim Ullrich. Er war Mitglied des Landesjazzorchesters NRW und des Bundesjazzorchesters (BuJazzO). Tourneen dieser und anderer Formationen f\u00fchrten ihn bereits in zahlreiche europ\u00e4ische L\u00e4nder sowie nach Russland, S\u00fcdafrika, in die Ukraine, die USA und durch sieben L\u00e4nder Zentralamerikas. Neben seiner k\u00fcnstlerischen T\u00e4tigkeit arbeitet Benjamin Schaefer seit 2009 als Dozent f\u00fcr Jazz-Klavier an der HfMT K\u00f6ln.\",\"sameAs\":[\"http:\\\/\\\/\"],\"url\":\"https:\\\/\\\/www.jazzzeitung.de\\\/cms\\\/author\\\/benjamin\\\/\"}]}<\/script>\n<!-- \/ Yoast SEO plugin. -->","yoast_head_json":{"title":"Audience Development (10) - Zielgruppen\u00fcberlegungen - JazzZeitung","robots":{"index":"index","follow":"follow","max-snippet":"max-snippet:-1","max-image-preview":"max-image-preview:large","max-video-preview":"max-video-preview:-1"},"canonical":"https:\/\/www.jazzzeitung.de\/cms\/2015\/06\/audience-development-10-zielgruppenueberlegungen\/","og_locale":"de_DE","og_type":"article","og_title":"Audience Development (10) - Zielgruppen\u00fcberlegungen - JazzZeitung","og_description":"In den letzten Blogfolgen habe ich viel \u00fcber Vermittlung geschrieben. Dabei ging es in erster Linie darum, was wir vermitteln m\u00f6chten und wie wir das tun k\u00f6nnen. Ebenso interessant ist jedoch die Frage, an wen wir denn vermitteln wollen. Glaubt man dem Volksmund, ist Jazz Musik f\u00fcr \u00e4ltere Akademiker. Das Bild vom \u201ewei\u00dfb\u00e4rtigen, Pfeife rauchenden Studienrat\u201c wird nach wie vor gern bem\u00fcht, h\u00e4lt aber weder der oberfl\u00e4chlichen \u00dcberpr\u00fcfung im Konzertsaal noch den \u2013 wenigen \u2013 wissenschaftlichen Untersuchungen zu diesem Thema stand. Leider liegen die umfassenden Erhebungen zum deutschen Jazzpublikum bereits 25 Jahre und mehr zur\u00fcck (Rainer Dollase\/ Michael R\u00fcsenberg\/ Hans J. Stollenwerk: \u201eDas Jazzpublikum\u201c, 1978; Fritz Schm\u00fccker: \u201eDas Jazzkonzertpublikum\u201c, 1990). Die j\u00fcngste Studie dieser Art, die ich finden konnte, wurde von Leila Guilloteau f\u00fcr das franz\u00f6sische Magazin \u201eJazzman\u201c verfasst, untersucht das Publikum im Pariser Jazzclub \u201eSunset\u201c und wurde 1995 ver\u00f6ffentlicht. Einige Erkenntnisse sind jedoch allen genannten Studien gemein. Zun\u00e4chst einmal geh\u00f6rt das Gros des Publikums nicht etwa der Generation 50+ an, sondern ist j\u00fcnger oder knapp \u00e4lter als 30 Jahre (Dollase: 89% der Besucher j\u00fcnger als 30 bei zeitgen\u00f6ssischen Jazzkonzerten, 57% bei Mainstream-Jazzkonzerten; Schm\u00fccker: 65% &hellip;","og_url":"https:\/\/www.jazzzeitung.de\/cms\/2015\/06\/audience-development-10-zielgruppenueberlegungen\/","og_site_name":"JazzZeitung","article_publisher":"https:\/\/www.facebook.com\/JazzZeitung\/","article_published_time":"2015-06-15T06:04:49+00:00","article_modified_time":"2015-06-15T11:10:10+00:00","og_image":[{"url":"http:\/\/www.jazzzeitung.de\/cms\/wp-content\/uploads\/2013\/11\/jf13-03h-020235-800x600.jpg","type":"","width":"","height":""}],"author":"Benjamin Schaefer","schema":{"@context":"https:\/\/schema.org","@graph":[{"@type":"Article","@id":"https:\/\/www.jazzzeitung.de\/cms\/2015\/06\/audience-development-10-zielgruppenueberlegungen\/#article","isPartOf":{"@id":"https:\/\/www.jazzzeitung.de\/cms\/2015\/06\/audience-development-10-zielgruppenueberlegungen\/"},"author":{"name":"Benjamin Schaefer","@id":"https:\/\/www.jazzzeitung.de\/cms\/#\/schema\/person\/3e3b81d403e660d7e97c67f7f805c875"},"headline":"Audience Development (10) &#8211; Zielgruppen\u00fcberlegungen","datePublished":"2015-06-15T06:04:49+00:00","dateModified":"2015-06-15T11:10:10+00:00","mainEntityOfPage":{"@id":"https:\/\/www.jazzzeitung.de\/cms\/2015\/06\/audience-development-10-zielgruppenueberlegungen\/"},"wordCount":541,"commentCount":2,"publisher":{"@id":"https:\/\/www.jazzzeitung.de\/cms\/#organization"},"image":{"@id":"https:\/\/www.jazzzeitung.de\/cms\/2015\/06\/audience-development-10-zielgruppenueberlegungen\/#primaryimage"},"thumbnailUrl":"http:\/\/www.jazzzeitung.de\/cms\/wp-content\/uploads\/2013\/11\/jf13-03h-020235-800x600.jpg","keywords":["Deutschland","Festivals","Jazzclub","K\u00f6ln","Konzert"],"articleSection":["Blog"],"inLanguage":"de","potentialAction":[{"@type":"CommentAction","name":"Comment","target":["https:\/\/www.jazzzeitung.de\/cms\/2015\/06\/audience-development-10-zielgruppenueberlegungen\/#respond"]}]},{"@type":"WebPage","@id":"https:\/\/www.jazzzeitung.de\/cms\/2015\/06\/audience-development-10-zielgruppenueberlegungen\/","url":"https:\/\/www.jazzzeitung.de\/cms\/2015\/06\/audience-development-10-zielgruppenueberlegungen\/","name":"Audience Development (10) - Zielgruppen\u00fcberlegungen - JazzZeitung","isPartOf":{"@id":"https:\/\/www.jazzzeitung.de\/cms\/#website"},"primaryImageOfPage":{"@id":"https:\/\/www.jazzzeitung.de\/cms\/2015\/06\/audience-development-10-zielgruppenueberlegungen\/#primaryimage"},"image":{"@id":"https:\/\/www.jazzzeitung.de\/cms\/2015\/06\/audience-development-10-zielgruppenueberlegungen\/#primaryimage"},"thumbnailUrl":"http:\/\/www.jazzzeitung.de\/cms\/wp-content\/uploads\/2013\/11\/jf13-03h-020235-800x600.jpg","datePublished":"2015-06-15T06:04:49+00:00","dateModified":"2015-06-15T11:10:10+00:00","breadcrumb":{"@id":"https:\/\/www.jazzzeitung.de\/cms\/2015\/06\/audience-development-10-zielgruppenueberlegungen\/#breadcrumb"},"inLanguage":"de","potentialAction":[{"@type":"ReadAction","target":["https:\/\/www.jazzzeitung.de\/cms\/2015\/06\/audience-development-10-zielgruppenueberlegungen\/"]}]},{"@type":"ImageObject","inLanguage":"de","@id":"https:\/\/www.jazzzeitung.de\/cms\/2015\/06\/audience-development-10-zielgruppenueberlegungen\/#primaryimage","url":"http:\/\/www.jazzzeitung.de\/cms\/wp-content\/uploads\/2013\/11\/jf13-03h-020235-800x600.jpg","contentUrl":"http:\/\/www.jazzzeitung.de\/cms\/wp-content\/uploads\/2013\/11\/jf13-03h-020235-800x600.jpg"},{"@type":"BreadcrumbList","@id":"https:\/\/www.jazzzeitung.de\/cms\/2015\/06\/audience-development-10-zielgruppenueberlegungen\/#breadcrumb","itemListElement":[{"@type":"ListItem","position":1,"name":"Startseite","item":"https:\/\/www.jazzzeitung.de\/cms\/"},{"@type":"ListItem","position":2,"name":"Audience Development (10) &#8211; Zielgruppen\u00fcberlegungen"}]},{"@type":"WebSite","@id":"https:\/\/www.jazzzeitung.de\/cms\/#website","url":"https:\/\/www.jazzzeitung.de\/cms\/","name":"JazzZeitung","description":"Jazz-News und Jazz-Kontroverses","publisher":{"@id":"https:\/\/www.jazzzeitung.de\/cms\/#organization"},"potentialAction":[{"@type":"SearchAction","target":{"@type":"EntryPoint","urlTemplate":"https:\/\/www.jazzzeitung.de\/cms\/?s={search_term_string}"},"query-input":{"@type":"PropertyValueSpecification","valueRequired":true,"valueName":"search_term_string"}}],"inLanguage":"de"},{"@type":"Organization","@id":"https:\/\/www.jazzzeitung.de\/cms\/#organization","name":"JazzZeitung online","url":"https:\/\/www.jazzzeitung.de\/cms\/","logo":{"@type":"ImageObject","inLanguage":"de","@id":"https:\/\/www.jazzzeitung.de\/cms\/#\/schema\/logo\/image\/","url":"https:\/\/i0.wp.com\/www.jazzzeitung.de\/cms\/wp-content\/uploads\/2015\/08\/JAZZZEITUNGDE_Logo_Neu.png?fit=499%2C200&ssl=1","contentUrl":"https:\/\/i0.wp.com\/www.jazzzeitung.de\/cms\/wp-content\/uploads\/2015\/08\/JAZZZEITUNGDE_Logo_Neu.png?fit=499%2C200&ssl=1","width":499,"height":200,"caption":"JazzZeitung online"},"image":{"@id":"https:\/\/www.jazzzeitung.de\/cms\/#\/schema\/logo\/image\/"},"sameAs":["https:\/\/www.facebook.com\/JazzZeitung\/"]},{"@type":"Person","@id":"https:\/\/www.jazzzeitung.de\/cms\/#\/schema\/person\/3e3b81d403e660d7e97c67f7f805c875","name":"Benjamin Schaefer","image":{"@type":"ImageObject","inLanguage":"de","@id":"https:\/\/i0.wp.com\/www.jazzzeitung.de\/cms\/wp-content\/uploads\/2013\/09\/benjamin_schaefer_400.jpg?resize=96%2C96&ssl=1c443b59badf4cb4cef82900bff578357","url":"https:\/\/i0.wp.com\/www.jazzzeitung.de\/cms\/wp-content\/uploads\/2013\/09\/benjamin_schaefer_400.jpg?resize=96%2C96&ssl=1","contentUrl":"https:\/\/i0.wp.com\/www.jazzzeitung.de\/cms\/wp-content\/uploads\/2013\/09\/benjamin_schaefer_400.jpg?resize=96%2C96&ssl=1","caption":"Benjamin Schaefer"},"description":"Benjamin Schaefer (geb. 1981) studierte von 2001 bis 2008 Jazzklavier und Komposition an der K\u00f6lner Musikhochschule bei Frank Wunsch, Hans L\u00fcdemann, John Taylor und Joachim Ullrich. Er war Mitglied des Landesjazzorchesters NRW und des Bundesjazzorchesters (BuJazzO). Tourneen dieser und anderer Formationen f\u00fchrten ihn bereits in zahlreiche europ\u00e4ische L\u00e4nder sowie nach Russland, S\u00fcdafrika, in die Ukraine, die USA und durch sieben L\u00e4nder Zentralamerikas. Neben seiner k\u00fcnstlerischen T\u00e4tigkeit arbeitet Benjamin Schaefer seit 2009 als Dozent f\u00fcr Jazz-Klavier an der HfMT K\u00f6ln.","sameAs":["http:\/\/"],"url":"https:\/\/www.jazzzeitung.de\/cms\/author\/benjamin\/"}]}},"wp-worthy-pixel":{"ignored":false,"public":"38a621230e0b44e9b75f292088078fca","server":"vg07.met.vgwort.de","url":"https:\/\/vg07.met.vgwort.de\/na\/38a621230e0b44e9b75f292088078fca"},"wp-worthy-type":"normal","jetpack_publicize_connections":[],"cc_featured_image_caption":{"caption_text":false,"source_text":false,"source_url":false},"jetpack_featured_media_url":"","jetpack_shortlink":"https:\/\/wp.me\/p3KEcT-1Fj","jetpack-related-posts":[{"id":32353,"url":"https:\/\/www.jazzzeitung.de\/cms\/2025\/03\/news-hr-bigband-fuer-deutschen-jazzpreis-nominiert-will-jacobs-in-oberthulba\/","url_meta":{"origin":6405,"position":0},"title":"+++ news +++ hr-Bigband f\u00fcr Deutschen Jazzpreis nominiert +++ Will Jacobs in Oberthulba +++","author":"Redaktion JazzZeitung","date":"18. M\u00e4rz 2025","format":false,"excerpt":"+++ hr-Bigband f\u00fcr Deutschen Jazzpreis nominiert +++ Die hr-Bigband ist mit der Produktion \u201eAllg\u00e4u meets India\u201c f\u00fcr den Deutschen Jazzpreis 2025 nominiert. Der 2024 erschienene Konzertmitschnitt der hr-Bigband mit dem Komponisten und Multiinstrumentalisten Matthias Schriefl vom Deutschen Jazzfestival 2018 geht in der Kategorie \u201eRundfunkproduktion des Jahres\u201c an den Start. Der\u2026","rel":"","context":"In &quot;Redaktionelle Nachrichten&quot;","block_context":{"text":"Redaktionelle Nachrichten","link":"https:\/\/www.jazzzeitung.de\/cms\/thema\/redaktion\/"},"img":{"alt_text":"","src":"https:\/\/i0.wp.com\/www.jazzzeitung.de\/cms\/wp-content\/uploads\/2025\/03\/Will-Gary-scaled.jpg?fit=1200%2C800&ssl=1&resize=350%2C200","width":350,"height":200,"srcset":"https:\/\/i0.wp.com\/www.jazzzeitung.de\/cms\/wp-content\/uploads\/2025\/03\/Will-Gary-scaled.jpg?fit=1200%2C800&ssl=1&resize=350%2C200 1x, https:\/\/i0.wp.com\/www.jazzzeitung.de\/cms\/wp-content\/uploads\/2025\/03\/Will-Gary-scaled.jpg?fit=1200%2C800&ssl=1&resize=525%2C300 1.5x, https:\/\/i0.wp.com\/www.jazzzeitung.de\/cms\/wp-content\/uploads\/2025\/03\/Will-Gary-scaled.jpg?fit=1200%2C800&ssl=1&resize=700%2C400 2x, https:\/\/i0.wp.com\/www.jazzzeitung.de\/cms\/wp-content\/uploads\/2025\/03\/Will-Gary-scaled.jpg?fit=1200%2C800&ssl=1&resize=1050%2C600 3x"},"classes":[]},{"id":10117,"url":"https:\/\/www.jazzzeitung.de\/cms\/2016\/09\/geschichten-zur-jazzgeschichte\/","url_meta":{"origin":6405,"position":1},"title":"Geschichten zur Jazzgeschichte","author":"Redaktion JazzZeitung","date":"23. September 2016","format":false,"excerpt":"Im Rahmen der H\u00fcrther Jazznacht f\u00fchrt Arne Reimer Sch\u00fclerinnen und Sch\u00fcler in den Jazz ein. Anl\u00e4sslich der 23. H\u00fcrther Jazznacht, die am 1. Oktober 2016 Jazzfreunde von nah und fern ins B\u00fcrgerhaus locken wird, bietet der H\u00fcrther Jazzclub wieder ein breites Rahmenprogramm. Am 13. und 14. September lud der Jazzclub\u2026","rel":"","context":"In &quot;Bericht&quot;","block_context":{"text":"Bericht","link":"https:\/\/www.jazzzeitung.de\/cms\/thema\/bericht\/"},"img":{"alt_text":"asg-iii-workshop","src":"https:\/\/i0.wp.com\/www.jazzzeitung.de\/cms\/wp-content\/uploads\/2016\/09\/ASG-III-Workshop-150x150.jpg?resize=350%2C200","width":350,"height":200},"classes":[]},{"id":5509,"url":"https:\/\/www.jazzzeitung.de\/cms\/2015\/02\/audience-development-2-ist-weniger-mehr\/","url_meta":{"origin":6405,"position":2},"title":"Audience Development (2) &#8211; Ist weniger mehr?","author":"Benjamin Schaefer","date":"15. Februar 2015","format":false,"excerpt":"Nun schreibe ich einen Blog \u00fcber das Publikum und fange doch wieder bei den Musikern an. In Bezug auf Zuh\u00f6rer und Zuschauer kann die Titelfrage getrost mit \u201enein\u201c beantwortet werden, auf Musikerseite hingegen dr\u00e4ngt sich diese Frage gleich in zwei Gebieten auf: Haben wir zu viele Jazzmusiker in Deutschland? Inzwischen\u2026","rel":"","context":"In &quot;Blog&quot;","block_context":{"text":"Blog","link":"https:\/\/www.jazzzeitung.de\/cms\/thema\/blog\/"},"img":{"alt_text":"audience-614x409","src":"https:\/\/i0.wp.com\/www.jazzzeitung.de\/cms\/wp-content\/uploads\/2015\/02\/audience-614x409-150x150.jpg?resize=350%2C200","width":350,"height":200},"classes":[]},{"id":977,"url":"https:\/\/www.jazzzeitung.de\/cms\/2011\/05\/machs-gut-kurt\/","url_meta":{"origin":6405,"position":3},"title":"Mach&#8217;s gut, Kurt!","author":"J\u00f6rg Lichtinger","date":"26. Mai 2011","format":false,"excerpt":"Anfang Mai ist Kurt Maas, der ehemalige Leiter der Jazzabteilung des Richard-Strauss-Konservatoriums (heute Hochschule f\u00fcr Musik und Theater) M\u00fcnchen, im Alter von 68 Jahren gestorben. Noch vor wenigen Jahren war seine Erscheinung eine Institution am \"Kons\" im M\u00fcnchner Gasteig gewesen. Er hat die Anfangsjahre der Jazzabteilung entscheidend gepr\u00e4gt und durch\u2026","rel":"","context":"In &quot;Blog&quot;","block_context":{"text":"Blog","link":"https:\/\/www.jazzzeitung.de\/cms\/thema\/blog\/"},"img":{"alt_text":"Kurt Maas. Foto: @lle-noten.de","src":"https:\/\/i0.wp.com\/www.jazzzeitung.de\/cms\/wp-content\/uploads\/2011\/05\/Kurt1-300x235.jpg?resize=350%2C200","width":350,"height":200},"classes":[]},{"id":21289,"url":"https:\/\/www.jazzzeitung.de\/cms\/2019\/11\/jubilaeumskonzert-mit-stephanie-lottermoser-im-muenchner-carl-orff-saal\/","url_meta":{"origin":6405,"position":4},"title":"+++ Jubil\u00e4umskonzert mit Stephanie Lottermoser im M\u00fcnchner Carl-Orff-Saal +++","author":"Thomas J. Krebs","date":"13. November 2019","format":false,"excerpt":"Kaum zu glauben, aber wahr! Vor genau zehn Jahren ist das erste Album von Stephanie Lottermoser \u201eSecond Glance\u201c erschienen. In der Zwischenzeit ist viel passiert , und so wird dieses Ereignis am 18. November um 20 Uhr im Carl-Orff-Saal der M\u00fcnchner Philharmonie geb\u00fchrend gefeiert. Au\u00dfer Stephanie Lottermoser & ihre Band\u2026","rel":"","context":"In &quot;News&quot;","block_context":{"text":"News","link":"https:\/\/www.jazzzeitung.de\/cms\/thema\/nachrichten\/"},"img":{"alt_text":"","src":"https:\/\/i0.wp.com\/www.jazzzeitung.de\/cms\/wp-content\/uploads\/2019\/11\/Lottermoser-1-Foto-TJ-Krebs-jazzphotoagency%40web.de_.jpg?fit=1200%2C800&ssl=1&resize=350%2C200","width":350,"height":200,"srcset":"https:\/\/i0.wp.com\/www.jazzzeitung.de\/cms\/wp-content\/uploads\/2019\/11\/Lottermoser-1-Foto-TJ-Krebs-jazzphotoagency%40web.de_.jpg?fit=1200%2C800&ssl=1&resize=350%2C200 1x, https:\/\/i0.wp.com\/www.jazzzeitung.de\/cms\/wp-content\/uploads\/2019\/11\/Lottermoser-1-Foto-TJ-Krebs-jazzphotoagency%40web.de_.jpg?fit=1200%2C800&ssl=1&resize=525%2C300 1.5x, https:\/\/i0.wp.com\/www.jazzzeitung.de\/cms\/wp-content\/uploads\/2019\/11\/Lottermoser-1-Foto-TJ-Krebs-jazzphotoagency%40web.de_.jpg?fit=1200%2C800&ssl=1&resize=700%2C400 2x, https:\/\/i0.wp.com\/www.jazzzeitung.de\/cms\/wp-content\/uploads\/2019\/11\/Lottermoser-1-Foto-TJ-Krebs-jazzphotoagency%40web.de_.jpg?fit=1200%2C800&ssl=1&resize=1050%2C600 3x"},"classes":[]},{"id":7124,"url":"https:\/\/www.jazzzeitung.de\/cms\/2015\/09\/forschungsstudie-jazz-nrw-es-geht-um-die-selbstvermarktung\/","url_meta":{"origin":6405,"position":5},"title":"Forschungsstudie Jazz in NRW: Es geht um die Selbstvermarktung","author":"Redaktion JazzZeitung","date":"21. September 2015","format":false,"excerpt":"Jazz in NRW ist alles andere als eine \u201eRanderscheinung\u201c, sondern eine vielf\u00e4ltige und lebendige kulturelle Praxis. Diese Einsicht teilt auch das Wirtschaftsministerium, wenn es den Verein nrwjazz bei einer Forschungsstudie zur Jazz-Szene in Nordrhein-Westfalen unterst\u00fctzt. Wie ist es um die kreativwirtschaftliche Verwertungskette zwischen Anbietern (=Musiker) und Publikum sowie den ganzen\u2026","rel":"","context":"In &quot;News&quot;","block_context":{"text":"News","link":"https:\/\/www.jazzzeitung.de\/cms\/thema\/nachrichten\/"},"img":{"alt_text":"","src":"","width":0,"height":0},"classes":[]}],"jetpack_sharing_enabled":true,"_links":{"self":[{"href":"https:\/\/www.jazzzeitung.de\/cms\/wp-json\/wp\/v2\/posts\/6405","targetHints":{"allow":["GET"]}}],"collection":[{"href":"https:\/\/www.jazzzeitung.de\/cms\/wp-json\/wp\/v2\/posts"}],"about":[{"href":"https:\/\/www.jazzzeitung.de\/cms\/wp-json\/wp\/v2\/types\/post"}],"author":[{"embeddable":true,"href":"https:\/\/www.jazzzeitung.de\/cms\/wp-json\/wp\/v2\/users\/15"}],"replies":[{"embeddable":true,"href":"https:\/\/www.jazzzeitung.de\/cms\/wp-json\/wp\/v2\/comments?post=6405"}],"version-history":[{"count":2,"href":"https:\/\/www.jazzzeitung.de\/cms\/wp-json\/wp\/v2\/posts\/6405\/revisions"}],"predecessor-version":[{"id":6409,"href":"https:\/\/www.jazzzeitung.de\/cms\/wp-json\/wp\/v2\/posts\/6405\/revisions\/6409"}],"wp:attachment":[{"href":"https:\/\/www.jazzzeitung.de\/cms\/wp-json\/wp\/v2\/media?parent=6405"}],"wp:term":[{"taxonomy":"category","embeddable":true,"href":"https:\/\/www.jazzzeitung.de\/cms\/wp-json\/wp\/v2\/categories?post=6405"},{"taxonomy":"post_tag","embeddable":true,"href":"https:\/\/www.jazzzeitung.de\/cms\/wp-json\/wp\/v2\/tags?post=6405"},{"taxonomy":"author","embeddable":true,"href":"https:\/\/www.jazzzeitung.de\/cms\/wp-json\/wp\/v2\/coauthors?post=6405"}],"curies":[{"name":"wp","href":"https:\/\/api.w.org\/{rel}","templated":true}]}}