{"id":6399,"date":"2015-06-14T12:00:37","date_gmt":"2015-06-14T10:00:37","guid":{"rendered":"http:\/\/www.jazzzeitung.de\/cms\/?p=6399"},"modified":"2015-06-12T15:26:59","modified_gmt":"2015-06-12T13:26:59","slug":"news-travejazz-festival-luebeck-34-jazz-summer-night-im-weingarten-minden-summer-jazz-im-audi-forum-ingolstadt","status":"publish","type":"post","link":"https:\/\/www.jazzzeitung.de\/cms\/2015\/06\/news-travejazz-festival-luebeck-34-jazz-summer-night-im-weingarten-minden-summer-jazz-im-audi-forum-ingolstadt\/","title":{"rendered":"News: +++ Travejazz Festival in L\u00fcbeck +++ 34. Jazz Summer Night im Weingarten Minden +++ \u201eSummer Jazz\u201c im Audi Forum Ingolstadt +++"},"content":{"rendered":"<figure id=\"attachment_6400\" aria-describedby=\"caption-attachment-6400\" style=\"width: 150px\" class=\"wp-caption alignright\"><a href=\"https:\/\/i0.wp.com\/www.jazzzeitung.de\/cms\/wp-content\/uploads\/2015\/06\/Jeff_Cascaro_Copyright-Thomas_Schloemann.jpg\"><img data-recalc-dims=\"1\" loading=\"lazy\" decoding=\"async\" data-attachment-id=\"6400\" data-permalink=\"https:\/\/www.jazzzeitung.de\/cms\/2015\/06\/news-travejazz-festival-luebeck-34-jazz-summer-night-im-weingarten-minden-summer-jazz-im-audi-forum-ingolstadt\/jeff_cascaro_copyright-thomas_schloemann\/\" data-orig-file=\"https:\/\/i0.wp.com\/www.jazzzeitung.de\/cms\/wp-content\/uploads\/2015\/06\/Jeff_Cascaro_Copyright-Thomas_Schloemann.jpg?fit=2144%2C1424&amp;ssl=1\" data-orig-size=\"2144,1424\" data-comments-opened=\"1\" data-image-meta=\"{&quot;aperture&quot;:&quot;1.6&quot;,&quot;credit&quot;:&quot;THOMAS@SCHLOEMANN.DE&quot;,&quot;camera&quot;:&quot;NIKON D300&quot;,&quot;caption&quot;:&quot;&quot;,&quot;created_timestamp&quot;:&quot;1317217588&quot;,&quot;copyright&quot;:&quot;THOMAS SCHLOEMANN&quot;,&quot;focal_length&quot;:&quot;15&quot;,&quot;iso&quot;:&quot;100&quot;,&quot;shutter_speed&quot;:&quot;0.008&quot;,&quot;title&quot;:&quot;&quot;,&quot;orientation&quot;:&quot;1&quot;}\" data-image-title=\"Jeff CascaroFoto: Thomas Schloemann\" data-image-description=\"\" data-image-caption=\"&lt;p&gt;Jeff CascaroFoto: Thomas Schloemann&lt;\/p&gt;\n\" data-large-file=\"https:\/\/i0.wp.com\/www.jazzzeitung.de\/cms\/wp-content\/uploads\/2015\/06\/Jeff_Cascaro_Copyright-Thomas_Schloemann.jpg?fit=840%2C558&amp;ssl=1\" class=\"size-thumbnail wp-image-6400\" src=\"https:\/\/i0.wp.com\/www.jazzzeitung.de\/cms\/wp-content\/uploads\/2015\/06\/Jeff_Cascaro_Copyright-Thomas_Schloemann-150x150.jpg?resize=150%2C150\" alt=\"Jeff CascaroFoto: Thomas Schloemann\" width=\"150\" height=\"150\" srcset=\"https:\/\/i0.wp.com\/www.jazzzeitung.de\/cms\/wp-content\/uploads\/2015\/06\/Jeff_Cascaro_Copyright-Thomas_Schloemann.jpg?resize=150%2C150&amp;ssl=1 150w, https:\/\/i0.wp.com\/www.jazzzeitung.de\/cms\/wp-content\/uploads\/2015\/06\/Jeff_Cascaro_Copyright-Thomas_Schloemann.jpg?resize=144%2C144&amp;ssl=1 144w, https:\/\/i0.wp.com\/www.jazzzeitung.de\/cms\/wp-content\/uploads\/2015\/06\/Jeff_Cascaro_Copyright-Thomas_Schloemann.jpg?resize=96%2C96&amp;ssl=1 96w, https:\/\/i0.wp.com\/www.jazzzeitung.de\/cms\/wp-content\/uploads\/2015\/06\/Jeff_Cascaro_Copyright-Thomas_Schloemann.jpg?resize=24%2C24&amp;ssl=1 24w, https:\/\/i0.wp.com\/www.jazzzeitung.de\/cms\/wp-content\/uploads\/2015\/06\/Jeff_Cascaro_Copyright-Thomas_Schloemann.jpg?resize=36%2C36&amp;ssl=1 36w, https:\/\/i0.wp.com\/www.jazzzeitung.de\/cms\/wp-content\/uploads\/2015\/06\/Jeff_Cascaro_Copyright-Thomas_Schloemann.jpg?resize=48%2C48&amp;ssl=1 48w, https:\/\/i0.wp.com\/www.jazzzeitung.de\/cms\/wp-content\/uploads\/2015\/06\/Jeff_Cascaro_Copyright-Thomas_Schloemann.jpg?resize=64%2C64&amp;ssl=1 64w, https:\/\/i0.wp.com\/www.jazzzeitung.de\/cms\/wp-content\/uploads\/2015\/06\/Jeff_Cascaro_Copyright-Thomas_Schloemann.jpg?resize=32%2C32&amp;ssl=1 32w, https:\/\/i0.wp.com\/www.jazzzeitung.de\/cms\/wp-content\/uploads\/2015\/06\/Jeff_Cascaro_Copyright-Thomas_Schloemann.jpg?resize=128%2C128&amp;ssl=1 128w, https:\/\/i0.wp.com\/www.jazzzeitung.de\/cms\/wp-content\/uploads\/2015\/06\/Jeff_Cascaro_Copyright-Thomas_Schloemann.jpg?zoom=2&amp;resize=150%2C150&amp;ssl=1 300w, https:\/\/i0.wp.com\/www.jazzzeitung.de\/cms\/wp-content\/uploads\/2015\/06\/Jeff_Cascaro_Copyright-Thomas_Schloemann.jpg?zoom=3&amp;resize=150%2C150&amp;ssl=1 450w\" sizes=\"auto, (max-width: 150px) 100vw, 150px\" \/><\/a><figcaption id=\"caption-attachment-6400\" class=\"wp-caption-text\">Jeff Cascaro Foto: Thomas Schloemann<\/figcaption><\/figure>\n<p><strong>Travejazz Festival findet erneut in L\u00fcbeck statt<\/strong><\/p>\n<p>Nach dem erfolgreichen Auftakt des Travejazz Festivals im vergangenen Jahr wird es vom 03. bis 06. September 2015 die zweite Auflage des L\u00fcbecker Jazzfestivals geben. Das Travejazz ist ein viert\u00e4giges Livemusik-Event im Herzen von L\u00fcbeck, das auf ein ganz eigenes Konzept und einzigartige Locations im Seefahrerviertel und in den Kirchen der Altstadt setzt. Auch in diesem Jahr pr\u00e4sentiert das Festival eine Mixtur aus Konzerten mit bereits etablierten, nationalen und internationalen Musikern und interessanten lokalen Newcomern aus Jazz, Funk und Soul. Unter anderem dabei sein werden: der deutsche Jazz- und Souls\u00e4nger Jeff Cascaro aus Bochum, die US-amerikanische Vokalistin Jay Clayton, der norwegische Jazz-Bassist Arild Andersen und der Schlagzeuger Han Bennink aus den Niederlanden. Das vielf\u00e4ltige musikalische Programm wird durch ein kulturelles Rahmenprogramm aus verschiedenen Workshops und \u00f6ffentlichen Events vervollst\u00e4ndigt. Mehr Infos zum Festival finden Sie unter: <a href=\"http:\/\/www.travejazz.de\/\">http:\/\/www.travejazz.de\/<\/a><\/p>\n<p>&nbsp;<\/p>\n<figure id=\"attachment_6402\" aria-describedby=\"caption-attachment-6402\" style=\"width: 150px\" class=\"wp-caption alignright\"><a href=\"https:\/\/i0.wp.com\/www.jazzzeitung.de\/cms\/wp-content\/uploads\/2015\/06\/Phunkguerilla-c-Boris-Breuer_2_0.jpg\"><img data-recalc-dims=\"1\" loading=\"lazy\" decoding=\"async\" data-attachment-id=\"6402\" data-permalink=\"https:\/\/www.jazzzeitung.de\/cms\/2015\/06\/news-travejazz-festival-luebeck-34-jazz-summer-night-im-weingarten-minden-summer-jazz-im-audi-forum-ingolstadt\/phunkguerilla%20c%20boris%20breuer_2_0\/\" data-orig-file=\"https:\/\/i0.wp.com\/www.jazzzeitung.de\/cms\/wp-content\/uploads\/2015\/06\/Phunkguerilla-c-Boris-Breuer_2_0.jpg?fit=5616%2C3744&amp;ssl=1\" data-orig-size=\"5616,3744\" data-comments-opened=\"1\" data-image-meta=\"{&quot;aperture&quot;:&quot;18&quot;,&quot;credit&quot;:&quot;Boris Breuer&quot;,&quot;camera&quot;:&quot;Canon EOS-1Ds Mark III&quot;,&quot;caption&quot;:&quot;&quot;,&quot;created_timestamp&quot;:&quot;1272393214&quot;,&quot;copyright&quot;:&quot;Boris Breuer Fotografie\\rXantener Strasse 99H\\r50733 K\\u00f6ln\\rboris@borisbreuer.com\\r+49.163.5186452\\rhttp:\/\/www.borisbreuer.com&quot;,&quot;focal_length&quot;:&quot;45&quot;,&quot;iso&quot;:&quot;100&quot;,&quot;shutter_speed&quot;:&quot;0.008&quot;,&quot;title&quot;:&quot;&quot;,&quot;orientation&quot;:&quot;1&quot;}\" data-image-title=\"Phunkguerilla%20(c)%20Boris%20Breuer_2_0\" data-image-description=\"\" data-image-caption=\"&lt;p&gt;Phunkguerilla.&lt;\/p&gt;\n\" data-large-file=\"https:\/\/i0.wp.com\/www.jazzzeitung.de\/cms\/wp-content\/uploads\/2015\/06\/Phunkguerilla-c-Boris-Breuer_2_0.jpg?fit=840%2C560&amp;ssl=1\" class=\"size-thumbnail wp-image-6402\" src=\"https:\/\/i0.wp.com\/www.jazzzeitung.de\/cms\/wp-content\/uploads\/2015\/06\/Phunkguerilla-c-Boris-Breuer_2_0-150x150.jpg?resize=150%2C150\" alt=\"Phunkguerilla.\" width=\"150\" height=\"150\" srcset=\"https:\/\/i0.wp.com\/www.jazzzeitung.de\/cms\/wp-content\/uploads\/2015\/06\/Phunkguerilla-c-Boris-Breuer_2_0.jpg?resize=150%2C150&amp;ssl=1 150w, https:\/\/i0.wp.com\/www.jazzzeitung.de\/cms\/wp-content\/uploads\/2015\/06\/Phunkguerilla-c-Boris-Breuer_2_0.jpg?resize=144%2C144&amp;ssl=1 144w, https:\/\/i0.wp.com\/www.jazzzeitung.de\/cms\/wp-content\/uploads\/2015\/06\/Phunkguerilla-c-Boris-Breuer_2_0.jpg?resize=96%2C96&amp;ssl=1 96w, https:\/\/i0.wp.com\/www.jazzzeitung.de\/cms\/wp-content\/uploads\/2015\/06\/Phunkguerilla-c-Boris-Breuer_2_0.jpg?resize=24%2C24&amp;ssl=1 24w, https:\/\/i0.wp.com\/www.jazzzeitung.de\/cms\/wp-content\/uploads\/2015\/06\/Phunkguerilla-c-Boris-Breuer_2_0.jpg?resize=36%2C36&amp;ssl=1 36w, https:\/\/i0.wp.com\/www.jazzzeitung.de\/cms\/wp-content\/uploads\/2015\/06\/Phunkguerilla-c-Boris-Breuer_2_0.jpg?resize=48%2C48&amp;ssl=1 48w, https:\/\/i0.wp.com\/www.jazzzeitung.de\/cms\/wp-content\/uploads\/2015\/06\/Phunkguerilla-c-Boris-Breuer_2_0.jpg?resize=64%2C64&amp;ssl=1 64w, https:\/\/i0.wp.com\/www.jazzzeitung.de\/cms\/wp-content\/uploads\/2015\/06\/Phunkguerilla-c-Boris-Breuer_2_0.jpg?resize=32%2C32&amp;ssl=1 32w, https:\/\/i0.wp.com\/www.jazzzeitung.de\/cms\/wp-content\/uploads\/2015\/06\/Phunkguerilla-c-Boris-Breuer_2_0.jpg?resize=128%2C128&amp;ssl=1 128w, https:\/\/i0.wp.com\/www.jazzzeitung.de\/cms\/wp-content\/uploads\/2015\/06\/Phunkguerilla-c-Boris-Breuer_2_0.jpg?zoom=2&amp;resize=150%2C150&amp;ssl=1 300w, https:\/\/i0.wp.com\/www.jazzzeitung.de\/cms\/wp-content\/uploads\/2015\/06\/Phunkguerilla-c-Boris-Breuer_2_0.jpg?zoom=3&amp;resize=150%2C150&amp;ssl=1 450w\" sizes=\"auto, (max-width: 150px) 100vw, 150px\" \/><\/a><figcaption id=\"caption-attachment-6402\" class=\"wp-caption-text\">Phunkguerilla.<\/figcaption><\/figure>\n<p><strong>34. Jazz Summer Night im Weingarten Minden<\/strong><\/p>\n<p>Am 11. Juli (19.00 Uhr) veranstaltet der Jazz Club Minden seine 34. Jazz Summer Night. Der Jazz Club pr\u00e4sentiert als Warmup zum Beginn der Veranstaltung die regionale Band TRESPERANZA mit zwei kubanischen Musikern, die eine Mischung aus kubanischen Kl\u00e4ngen, Musikelementen des Son und Salsa (&#8222;Buena Vista Social Club\u201c), des Cubop und des Latin Rock \u00e0 la Santana, pr\u00e4sentieren werden. Anschlie\u00dfend wird die Band ALBIE DONNELLY&#8217;S SUPERCHARGE zu h\u00f6ren sein, deren Frontmann seine Karriere als Studiomusiker in London bei Produktionen mit Bob Geldorf, The Boomtown Rats und Graham Parker startete und mittlerweile zusammen mit der \u201eSUPERCHARGE\u201c-Formation die B\u00fchnen Europas mit Humor, Perfektion und Virtuosit\u00e4t erobert. Die dritte Band \u201eThe Phunkguerilla &amp; Cosmo Klein\u201c rundet den Abend mit eine Mischung aus Soul, Funk und Pop mit intelligentem Songwriting und einer tief beseelten, mitrei\u00dfend kraftvollen Stimme perfekt ab. Bedingt durch die Umbauma\u00dfnahmen des Marktplatzes findet die Veranstaltung dieses Jahr Weingarten Minden statt. Der Eintritt zur 34. Jazz Summer Night auch dieses Jahr wieder frei.<\/p>\n<p>&nbsp;<\/p>\n<figure id=\"attachment_6401\" aria-describedby=\"caption-attachment-6401\" style=\"width: 150px\" class=\"wp-caption alignright\"><a href=\"https:\/\/i0.wp.com\/www.jazzzeitung.de\/cms\/wp-content\/uploads\/2015\/06\/AU150344_large.jpg\"><img data-recalc-dims=\"1\" loading=\"lazy\" decoding=\"async\" data-attachment-id=\"6401\" data-permalink=\"https:\/\/www.jazzzeitung.de\/cms\/2015\/06\/news-travejazz-festival-luebeck-34-jazz-summer-night-im-weingarten-minden-summer-jazz-im-audi-forum-ingolstadt\/audi-torium-mut-entbrannt\/\" data-orig-file=\"https:\/\/i0.wp.com\/www.jazzzeitung.de\/cms\/wp-content\/uploads\/2015\/06\/AU150344_large.jpg?fit=1984%2C1339&amp;ssl=1\" data-orig-size=\"1984,1339\" data-comments-opened=\"1\" data-image-meta=\"{&quot;aperture&quot;:&quot;6.3&quot;,&quot;credit&quot;:&quot;Abdruck fuer Pressezwecke honorarfrei&quot;,&quot;camera&quot;:&quot;NIKON D200&quot;,&quot;caption&quot;:&quot;Zohre Esmaeli spricht im Audi.torium ueber ihr bewegtes Leben.&quot;,&quot;created_timestamp&quot;:&quot;1408704138&quot;,&quot;copyright&quot;:&quot;&quot;,&quot;focal_length&quot;:&quot;45&quot;,&quot;iso&quot;:&quot;1000&quot;,&quot;shutter_speed&quot;:&quot;0.0015625&quot;,&quot;title&quot;:&quot;Audi.torium - Mut entbrannt&quot;,&quot;orientation&quot;:&quot;1&quot;}\" data-image-title=\"Roberto Santamaria &amp;#038; his Latin Jazz Stars. Bildquelle: AUDI AG\" data-image-description=\"\" data-image-caption=\"&lt;p&gt;Roberto Santamaria &amp;#038; his Latin Jazz Stars. Bildquelle: AUDI AG&lt;\/p&gt;\n\" data-large-file=\"https:\/\/i0.wp.com\/www.jazzzeitung.de\/cms\/wp-content\/uploads\/2015\/06\/AU150344_large.jpg?fit=840%2C567&amp;ssl=1\" class=\"size-thumbnail wp-image-6401\" src=\"https:\/\/i0.wp.com\/www.jazzzeitung.de\/cms\/wp-content\/uploads\/2015\/06\/AU150344_large-150x150.jpg?resize=150%2C150\" alt=\"Roberto Santamaria &amp; his Latin Jazz Stars. Bildquelle: AUDI AG\" width=\"150\" height=\"150\" srcset=\"https:\/\/i0.wp.com\/www.jazzzeitung.de\/cms\/wp-content\/uploads\/2015\/06\/AU150344_large.jpg?resize=150%2C150&amp;ssl=1 150w, https:\/\/i0.wp.com\/www.jazzzeitung.de\/cms\/wp-content\/uploads\/2015\/06\/AU150344_large.jpg?resize=144%2C144&amp;ssl=1 144w, https:\/\/i0.wp.com\/www.jazzzeitung.de\/cms\/wp-content\/uploads\/2015\/06\/AU150344_large.jpg?resize=96%2C96&amp;ssl=1 96w, https:\/\/i0.wp.com\/www.jazzzeitung.de\/cms\/wp-content\/uploads\/2015\/06\/AU150344_large.jpg?resize=24%2C24&amp;ssl=1 24w, https:\/\/i0.wp.com\/www.jazzzeitung.de\/cms\/wp-content\/uploads\/2015\/06\/AU150344_large.jpg?resize=36%2C36&amp;ssl=1 36w, https:\/\/i0.wp.com\/www.jazzzeitung.de\/cms\/wp-content\/uploads\/2015\/06\/AU150344_large.jpg?resize=48%2C48&amp;ssl=1 48w, https:\/\/i0.wp.com\/www.jazzzeitung.de\/cms\/wp-content\/uploads\/2015\/06\/AU150344_large.jpg?resize=64%2C64&amp;ssl=1 64w, https:\/\/i0.wp.com\/www.jazzzeitung.de\/cms\/wp-content\/uploads\/2015\/06\/AU150344_large.jpg?resize=32%2C32&amp;ssl=1 32w, https:\/\/i0.wp.com\/www.jazzzeitung.de\/cms\/wp-content\/uploads\/2015\/06\/AU150344_large.jpg?resize=128%2C128&amp;ssl=1 128w, https:\/\/i0.wp.com\/www.jazzzeitung.de\/cms\/wp-content\/uploads\/2015\/06\/AU150344_large.jpg?zoom=2&amp;resize=150%2C150&amp;ssl=1 300w, https:\/\/i0.wp.com\/www.jazzzeitung.de\/cms\/wp-content\/uploads\/2015\/06\/AU150344_large.jpg?zoom=3&amp;resize=150%2C150&amp;ssl=1 450w\" sizes=\"auto, (max-width: 150px) 100vw, 150px\" \/><\/a><figcaption id=\"caption-attachment-6401\" class=\"wp-caption-text\">Roberto Santamaria &amp; his Latin Jazz Stars. Bildquelle: AUDI AG<\/figcaption><\/figure>\n<p><strong>\u201eSummer Jazz\u201c im Audi Forum Ingolstadt <\/strong><\/p>\n<p>Roberto Santamaria &amp; his Latin Jazz Stars pr\u00e4sentieren beim \u201eSummer Jazz\u201c am Donnerstag, 25. Juni (20.00) im Audi Forum Ingolstadt afrokubanische Musik. Roberto Santamaria stammt aus einer der gro\u00dfen Musikerfamilien Kubas. Er ist der Neffe der Latinjazz-Legende Mongo Santamaria. Zusammen mit seiner Band kombiniert er klassischen Jazz mit Einfl\u00fcssen aus Pop, Soul, Rock und Folklore. Bei ihrem Auftritt im Audi Forum Ingolstadt spielen die Musiker eigene St\u00fccke sowie Kompositionen von Chucho Vald\u00e9s, Paquito D\u2019Rivera und Mongo Santamaria. Neben Roberto Santamaria begleiten Hector Martignon am Piano, Joe Gallardo an der Posaune, der Saxofonist Leandro Saint-Hill, Benny Brown an der Trompete sowie der Bassist Juan Camilo Villa die S\u00e4ngerin Olvido Ruiz Castellanos. Karten f\u00fcr das Konzert sind zu regul\u00e4r 20 Euro, sowie erm\u00e4\u00dfigt zu 15 Euro entweder telefonisch unter 0800 283 4444 oder an der Abendkasse erh\u00e4ltlich. Bei gutem Wetter spielt die Band unter freiem Himmel auf der Audi Piazzetta, bei schlechtem Wetter wird das Konzert in das Foyer des Geb\u00e4udes \u201eMarkt und Kunde\u201c verlegt.<\/p>\n","protected":false},"excerpt":{"rendered":"<p>Travejazz Festival findet erneut in L\u00fcbeck statt Nach dem erfolgreichen Auftakt des Travejazz Festivals im vergangenen Jahr wird es vom 03. bis 06. September 2015 die zweite Auflage des L\u00fcbecker Jazzfestivals geben. Das Travejazz ist ein viert\u00e4giges Livemusik-Event im Herzen von L\u00fcbeck, das auf ein ganz eigenes Konzept und einzigartige Locations im Seefahrerviertel und in den Kirchen der Altstadt setzt. Auch in diesem Jahr pr\u00e4sentiert das Festival eine Mixtur aus Konzerten mit bereits etablierten, nationalen und internationalen Musikern und interessanten lokalen Newcomern aus Jazz, Funk und Soul. Unter anderem dabei sein werden: der deutsche Jazz- und Souls\u00e4nger Jeff Cascaro aus Bochum, die US-amerikanische Vokalistin Jay Clayton, der norwegische Jazz-Bassist Arild Andersen und der Schlagzeuger Han Bennink aus den Niederlanden. Das vielf\u00e4ltige musikalische Programm wird durch ein kulturelles Rahmenprogramm aus verschiedenen Workshops und \u00f6ffentlichen Events vervollst\u00e4ndigt. Mehr Infos zum Festival finden Sie unter: http:\/\/www.travejazz.de\/ &nbsp; 34. Jazz Summer Night im Weingarten Minden Am 11. Juli (19.00 Uhr) veranstaltet der Jazz Club Minden seine 34. Jazz Summer Night. Der Jazz Club pr\u00e4sentiert als Warmup zum Beginn der Veranstaltung die regionale Band TRESPERANZA mit zwei kubanischen Musikern, die &hellip;<\/p>\n","protected":false},"author":18,"featured_media":0,"comment_status":"open","ping_status":"closed","sticky":false,"template":"","format":"standard","meta":{"_jetpack_memberships_contains_paid_content":false,"footnotes":"","jetpack_publicize_message":"","jetpack_publicize_feature_enabled":true,"jetpack_social_post_already_shared":false,"jetpack_social_options":{"image_generator_settings":{"template":"highway","default_image_id":0,"font":"","enabled":false},"version":2}},"categories":[633],"tags":[1056,88,120,3,682,858,322,359,442,447],"coauthors":[695],"class_list":["post-6399","post","type-post","status-publish","format-standard","hentry","category-nachrichten","tag-audi-forum-ingolstadt","tag-bochum","tag-club","tag-festival","tag-festivals","tag-han-bennink","tag-konzert-2","tag-london","tag-piano","tag-pop"],"yoast_head":"<!-- This site is optimized with the Yoast SEO plugin v27.5 - https:\/\/yoast.com\/product\/yoast-seo-wordpress\/ -->\n<title>News: +++ Travejazz Festival in L\u00fcbeck +++ 34. Jazz Summer Night im Weingarten Minden +++ \u201eSummer Jazz\u201c im Audi Forum Ingolstadt +++ - JazzZeitung<\/title>\n<meta name=\"robots\" content=\"index, follow, max-snippet:-1, max-image-preview:large, max-video-preview:-1\" \/>\n<link rel=\"canonical\" href=\"https:\/\/www.jazzzeitung.de\/cms\/2015\/06\/news-travejazz-festival-luebeck-34-jazz-summer-night-im-weingarten-minden-summer-jazz-im-audi-forum-ingolstadt\/\" \/>\n<meta property=\"og:locale\" content=\"de_DE\" \/>\n<meta property=\"og:type\" content=\"article\" \/>\n<meta property=\"og:title\" content=\"News: +++ Travejazz Festival in L\u00fcbeck +++ 34. Jazz Summer Night im Weingarten Minden +++ \u201eSummer Jazz\u201c im Audi Forum Ingolstadt +++ - JazzZeitung\" \/>\n<meta property=\"og:description\" content=\"Travejazz Festival findet erneut in L\u00fcbeck statt Nach dem erfolgreichen Auftakt des Travejazz Festivals im vergangenen Jahr wird es vom 03. bis 06. September 2015 die zweite Auflage des L\u00fcbecker Jazzfestivals geben. Das Travejazz ist ein viert\u00e4giges Livemusik-Event im Herzen von L\u00fcbeck, das auf ein ganz eigenes Konzept und einzigartige Locations im Seefahrerviertel und in den Kirchen der Altstadt setzt. Auch in diesem Jahr pr\u00e4sentiert das Festival eine Mixtur aus Konzerten mit bereits etablierten, nationalen und internationalen Musikern und interessanten lokalen Newcomern aus Jazz, Funk und Soul. Unter anderem dabei sein werden: der deutsche Jazz- und Souls\u00e4nger Jeff Cascaro aus Bochum, die US-amerikanische Vokalistin Jay Clayton, der norwegische Jazz-Bassist Arild Andersen und der Schlagzeuger Han Bennink aus den Niederlanden. Das vielf\u00e4ltige musikalische Programm wird durch ein kulturelles Rahmenprogramm aus verschiedenen Workshops und \u00f6ffentlichen Events vervollst\u00e4ndigt. Mehr Infos zum Festival finden Sie unter: http:\/\/www.travejazz.de\/ &nbsp; 34. Jazz Summer Night im Weingarten Minden Am 11. Juli (19.00 Uhr) veranstaltet der Jazz Club Minden seine 34. Jazz Summer Night. Der Jazz Club pr\u00e4sentiert als Warmup zum Beginn der Veranstaltung die regionale Band TRESPERANZA mit zwei kubanischen Musikern, die &hellip;\" \/>\n<meta property=\"og:url\" content=\"https:\/\/www.jazzzeitung.de\/cms\/2015\/06\/news-travejazz-festival-luebeck-34-jazz-summer-night-im-weingarten-minden-summer-jazz-im-audi-forum-ingolstadt\/\" \/>\n<meta property=\"og:site_name\" content=\"JazzZeitung\" \/>\n<meta property=\"article:publisher\" content=\"https:\/\/www.facebook.com\/JazzZeitung\/\" \/>\n<meta property=\"article:published_time\" content=\"2015-06-14T10:00:37+00:00\" \/>\n<meta property=\"og:image\" content=\"http:\/\/www.jazzzeitung.de\/cms\/wp-content\/uploads\/2015\/06\/Jeff_Cascaro_Copyright-Thomas_Schloemann-150x150.jpg\" \/>\n<meta name=\"author\" content=\"Redaktion JazzZeitung\" \/>\n<script type=\"application\/ld+json\" class=\"yoast-schema-graph\">{\"@context\":\"https:\\\/\\\/schema.org\",\"@graph\":[{\"@type\":\"Article\",\"@id\":\"https:\\\/\\\/www.jazzzeitung.de\\\/cms\\\/2015\\\/06\\\/news-travejazz-festival-luebeck-34-jazz-summer-night-im-weingarten-minden-summer-jazz-im-audi-forum-ingolstadt\\\/#article\",\"isPartOf\":{\"@id\":\"https:\\\/\\\/www.jazzzeitung.de\\\/cms\\\/2015\\\/06\\\/news-travejazz-festival-luebeck-34-jazz-summer-night-im-weingarten-minden-summer-jazz-im-audi-forum-ingolstadt\\\/\"},\"author\":{\"name\":\"Redaktion JazzZeitung\",\"@id\":\"https:\\\/\\\/www.jazzzeitung.de\\\/cms\\\/#\\\/schema\\\/person\\\/2245b36b9cd1d24cea10f01c031fb92b\"},\"headline\":\"News: +++ Travejazz Festival in L\u00fcbeck +++ 34. Jazz Summer Night im Weingarten Minden +++ \u201eSummer Jazz\u201c im Audi Forum Ingolstadt +++\",\"datePublished\":\"2015-06-14T10:00:37+00:00\",\"mainEntityOfPage\":{\"@id\":\"https:\\\/\\\/www.jazzzeitung.de\\\/cms\\\/2015\\\/06\\\/news-travejazz-festival-luebeck-34-jazz-summer-night-im-weingarten-minden-summer-jazz-im-audi-forum-ingolstadt\\\/\"},\"wordCount\":555,\"commentCount\":0,\"publisher\":{\"@id\":\"https:\\\/\\\/www.jazzzeitung.de\\\/cms\\\/#organization\"},\"image\":{\"@id\":\"https:\\\/\\\/www.jazzzeitung.de\\\/cms\\\/2015\\\/06\\\/news-travejazz-festival-luebeck-34-jazz-summer-night-im-weingarten-minden-summer-jazz-im-audi-forum-ingolstadt\\\/#primaryimage\"},\"thumbnailUrl\":\"http:\\\/\\\/www.jazzzeitung.de\\\/cms\\\/wp-content\\\/uploads\\\/2015\\\/06\\\/Jeff_Cascaro_Copyright-Thomas_Schloemann-150x150.jpg\",\"keywords\":[\"Audi Forum Ingolstadt\",\"Bochum\",\"Club\",\"Festival\",\"Festivals\",\"Han Bennink\",\"Konzert\",\"London\",\"Piano\",\"Pop\"],\"articleSection\":[\"News\"],\"inLanguage\":\"de\",\"potentialAction\":[{\"@type\":\"CommentAction\",\"name\":\"Comment\",\"target\":[\"https:\\\/\\\/www.jazzzeitung.de\\\/cms\\\/2015\\\/06\\\/news-travejazz-festival-luebeck-34-jazz-summer-night-im-weingarten-minden-summer-jazz-im-audi-forum-ingolstadt\\\/#respond\"]}]},{\"@type\":\"WebPage\",\"@id\":\"https:\\\/\\\/www.jazzzeitung.de\\\/cms\\\/2015\\\/06\\\/news-travejazz-festival-luebeck-34-jazz-summer-night-im-weingarten-minden-summer-jazz-im-audi-forum-ingolstadt\\\/\",\"url\":\"https:\\\/\\\/www.jazzzeitung.de\\\/cms\\\/2015\\\/06\\\/news-travejazz-festival-luebeck-34-jazz-summer-night-im-weingarten-minden-summer-jazz-im-audi-forum-ingolstadt\\\/\",\"name\":\"News: +++ Travejazz Festival in L\u00fcbeck +++ 34. Jazz Summer Night im Weingarten Minden +++ \u201eSummer Jazz\u201c im Audi Forum Ingolstadt +++ - JazzZeitung\",\"isPartOf\":{\"@id\":\"https:\\\/\\\/www.jazzzeitung.de\\\/cms\\\/#website\"},\"primaryImageOfPage\":{\"@id\":\"https:\\\/\\\/www.jazzzeitung.de\\\/cms\\\/2015\\\/06\\\/news-travejazz-festival-luebeck-34-jazz-summer-night-im-weingarten-minden-summer-jazz-im-audi-forum-ingolstadt\\\/#primaryimage\"},\"image\":{\"@id\":\"https:\\\/\\\/www.jazzzeitung.de\\\/cms\\\/2015\\\/06\\\/news-travejazz-festival-luebeck-34-jazz-summer-night-im-weingarten-minden-summer-jazz-im-audi-forum-ingolstadt\\\/#primaryimage\"},\"thumbnailUrl\":\"http:\\\/\\\/www.jazzzeitung.de\\\/cms\\\/wp-content\\\/uploads\\\/2015\\\/06\\\/Jeff_Cascaro_Copyright-Thomas_Schloemann-150x150.jpg\",\"datePublished\":\"2015-06-14T10:00:37+00:00\",\"breadcrumb\":{\"@id\":\"https:\\\/\\\/www.jazzzeitung.de\\\/cms\\\/2015\\\/06\\\/news-travejazz-festival-luebeck-34-jazz-summer-night-im-weingarten-minden-summer-jazz-im-audi-forum-ingolstadt\\\/#breadcrumb\"},\"inLanguage\":\"de\",\"potentialAction\":[{\"@type\":\"ReadAction\",\"target\":[\"https:\\\/\\\/www.jazzzeitung.de\\\/cms\\\/2015\\\/06\\\/news-travejazz-festival-luebeck-34-jazz-summer-night-im-weingarten-minden-summer-jazz-im-audi-forum-ingolstadt\\\/\"]}]},{\"@type\":\"ImageObject\",\"inLanguage\":\"de\",\"@id\":\"https:\\\/\\\/www.jazzzeitung.de\\\/cms\\\/2015\\\/06\\\/news-travejazz-festival-luebeck-34-jazz-summer-night-im-weingarten-minden-summer-jazz-im-audi-forum-ingolstadt\\\/#primaryimage\",\"url\":\"http:\\\/\\\/www.jazzzeitung.de\\\/cms\\\/wp-content\\\/uploads\\\/2015\\\/06\\\/Jeff_Cascaro_Copyright-Thomas_Schloemann-150x150.jpg\",\"contentUrl\":\"http:\\\/\\\/www.jazzzeitung.de\\\/cms\\\/wp-content\\\/uploads\\\/2015\\\/06\\\/Jeff_Cascaro_Copyright-Thomas_Schloemann-150x150.jpg\"},{\"@type\":\"BreadcrumbList\",\"@id\":\"https:\\\/\\\/www.jazzzeitung.de\\\/cms\\\/2015\\\/06\\\/news-travejazz-festival-luebeck-34-jazz-summer-night-im-weingarten-minden-summer-jazz-im-audi-forum-ingolstadt\\\/#breadcrumb\",\"itemListElement\":[{\"@type\":\"ListItem\",\"position\":1,\"name\":\"Startseite\",\"item\":\"https:\\\/\\\/www.jazzzeitung.de\\\/cms\\\/\"},{\"@type\":\"ListItem\",\"position\":2,\"name\":\"News: +++ Travejazz Festival in L\u00fcbeck +++ 34. Jazz Summer Night im Weingarten Minden +++ \u201eSummer Jazz\u201c im Audi Forum Ingolstadt +++\"}]},{\"@type\":\"WebSite\",\"@id\":\"https:\\\/\\\/www.jazzzeitung.de\\\/cms\\\/#website\",\"url\":\"https:\\\/\\\/www.jazzzeitung.de\\\/cms\\\/\",\"name\":\"JazzZeitung\",\"description\":\"Jazz-News und Jazz-Kontroverses\",\"publisher\":{\"@id\":\"https:\\\/\\\/www.jazzzeitung.de\\\/cms\\\/#organization\"},\"potentialAction\":[{\"@type\":\"SearchAction\",\"target\":{\"@type\":\"EntryPoint\",\"urlTemplate\":\"https:\\\/\\\/www.jazzzeitung.de\\\/cms\\\/?s={search_term_string}\"},\"query-input\":{\"@type\":\"PropertyValueSpecification\",\"valueRequired\":true,\"valueName\":\"search_term_string\"}}],\"inLanguage\":\"de\"},{\"@type\":\"Organization\",\"@id\":\"https:\\\/\\\/www.jazzzeitung.de\\\/cms\\\/#organization\",\"name\":\"JazzZeitung online\",\"url\":\"https:\\\/\\\/www.jazzzeitung.de\\\/cms\\\/\",\"logo\":{\"@type\":\"ImageObject\",\"inLanguage\":\"de\",\"@id\":\"https:\\\/\\\/www.jazzzeitung.de\\\/cms\\\/#\\\/schema\\\/logo\\\/image\\\/\",\"url\":\"https:\\\/\\\/i0.wp.com\\\/www.jazzzeitung.de\\\/cms\\\/wp-content\\\/uploads\\\/2015\\\/08\\\/JAZZZEITUNGDE_Logo_Neu.png?fit=499%2C200&ssl=1\",\"contentUrl\":\"https:\\\/\\\/i0.wp.com\\\/www.jazzzeitung.de\\\/cms\\\/wp-content\\\/uploads\\\/2015\\\/08\\\/JAZZZEITUNGDE_Logo_Neu.png?fit=499%2C200&ssl=1\",\"width\":499,\"height\":200,\"caption\":\"JazzZeitung online\"},\"image\":{\"@id\":\"https:\\\/\\\/www.jazzzeitung.de\\\/cms\\\/#\\\/schema\\\/logo\\\/image\\\/\"},\"sameAs\":[\"https:\\\/\\\/www.facebook.com\\\/JazzZeitung\\\/\"]},{\"@type\":\"Person\",\"@id\":\"https:\\\/\\\/www.jazzzeitung.de\\\/cms\\\/#\\\/schema\\\/person\\\/2245b36b9cd1d24cea10f01c031fb92b\",\"name\":\"Redaktion JazzZeitung\",\"image\":{\"@type\":\"ImageObject\",\"inLanguage\":\"de\",\"@id\":\"https:\\\/\\\/i0.wp.com\\\/www.jazzzeitung.de\\\/cms\\\/wp-content\\\/uploads\\\/2015\\\/08\\\/JAZZZEITUNGDE_Logo_Neu.png?resize=96%2C96&ssl=159975dcacb611b5700bd619b5daf0a7a\",\"url\":\"https:\\\/\\\/i0.wp.com\\\/www.jazzzeitung.de\\\/cms\\\/wp-content\\\/uploads\\\/2015\\\/08\\\/JAZZZEITUNGDE_Logo_Neu.png?resize=96%2C96&ssl=1\",\"contentUrl\":\"https:\\\/\\\/i0.wp.com\\\/www.jazzzeitung.de\\\/cms\\\/wp-content\\\/uploads\\\/2015\\\/08\\\/JAZZZEITUNGDE_Logo_Neu.png?resize=96%2C96&ssl=1\",\"caption\":\"Redaktion JazzZeitung\"},\"description\":\"Artikel der Redaktion der JazzZeitung.\",\"sameAs\":[\"http:\\\/\\\/www.jazzzeitung.de\\\/cms\\\/\"],\"url\":\"https:\\\/\\\/www.jazzzeitung.de\\\/cms\\\/author\\\/redaktion\\\/\"}]}<\/script>\n<!-- \/ Yoast SEO plugin. -->","yoast_head_json":{"title":"News: +++ Travejazz Festival in L\u00fcbeck +++ 34. Jazz Summer Night im Weingarten Minden +++ \u201eSummer Jazz\u201c im Audi Forum Ingolstadt +++ - JazzZeitung","robots":{"index":"index","follow":"follow","max-snippet":"max-snippet:-1","max-image-preview":"max-image-preview:large","max-video-preview":"max-video-preview:-1"},"canonical":"https:\/\/www.jazzzeitung.de\/cms\/2015\/06\/news-travejazz-festival-luebeck-34-jazz-summer-night-im-weingarten-minden-summer-jazz-im-audi-forum-ingolstadt\/","og_locale":"de_DE","og_type":"article","og_title":"News: +++ Travejazz Festival in L\u00fcbeck +++ 34. Jazz Summer Night im Weingarten Minden +++ \u201eSummer Jazz\u201c im Audi Forum Ingolstadt +++ - JazzZeitung","og_description":"Travejazz Festival findet erneut in L\u00fcbeck statt Nach dem erfolgreichen Auftakt des Travejazz Festivals im vergangenen Jahr wird es vom 03. bis 06. September 2015 die zweite Auflage des L\u00fcbecker Jazzfestivals geben. Das Travejazz ist ein viert\u00e4giges Livemusik-Event im Herzen von L\u00fcbeck, das auf ein ganz eigenes Konzept und einzigartige Locations im Seefahrerviertel und in den Kirchen der Altstadt setzt. Auch in diesem Jahr pr\u00e4sentiert das Festival eine Mixtur aus Konzerten mit bereits etablierten, nationalen und internationalen Musikern und interessanten lokalen Newcomern aus Jazz, Funk und Soul. Unter anderem dabei sein werden: der deutsche Jazz- und Souls\u00e4nger Jeff Cascaro aus Bochum, die US-amerikanische Vokalistin Jay Clayton, der norwegische Jazz-Bassist Arild Andersen und der Schlagzeuger Han Bennink aus den Niederlanden. Das vielf\u00e4ltige musikalische Programm wird durch ein kulturelles Rahmenprogramm aus verschiedenen Workshops und \u00f6ffentlichen Events vervollst\u00e4ndigt. Mehr Infos zum Festival finden Sie unter: http:\/\/www.travejazz.de\/ &nbsp; 34. Jazz Summer Night im Weingarten Minden Am 11. Juli (19.00 Uhr) veranstaltet der Jazz Club Minden seine 34. Jazz Summer Night. Der Jazz Club pr\u00e4sentiert als Warmup zum Beginn der Veranstaltung die regionale Band TRESPERANZA mit zwei kubanischen Musikern, die &hellip;","og_url":"https:\/\/www.jazzzeitung.de\/cms\/2015\/06\/news-travejazz-festival-luebeck-34-jazz-summer-night-im-weingarten-minden-summer-jazz-im-audi-forum-ingolstadt\/","og_site_name":"JazzZeitung","article_publisher":"https:\/\/www.facebook.com\/JazzZeitung\/","article_published_time":"2015-06-14T10:00:37+00:00","og_image":[{"url":"http:\/\/www.jazzzeitung.de\/cms\/wp-content\/uploads\/2015\/06\/Jeff_Cascaro_Copyright-Thomas_Schloemann-150x150.jpg","type":"","width":"","height":""}],"author":"Redaktion JazzZeitung","schema":{"@context":"https:\/\/schema.org","@graph":[{"@type":"Article","@id":"https:\/\/www.jazzzeitung.de\/cms\/2015\/06\/news-travejazz-festival-luebeck-34-jazz-summer-night-im-weingarten-minden-summer-jazz-im-audi-forum-ingolstadt\/#article","isPartOf":{"@id":"https:\/\/www.jazzzeitung.de\/cms\/2015\/06\/news-travejazz-festival-luebeck-34-jazz-summer-night-im-weingarten-minden-summer-jazz-im-audi-forum-ingolstadt\/"},"author":{"name":"Redaktion JazzZeitung","@id":"https:\/\/www.jazzzeitung.de\/cms\/#\/schema\/person\/2245b36b9cd1d24cea10f01c031fb92b"},"headline":"News: +++ Travejazz Festival in L\u00fcbeck +++ 34. Jazz Summer Night im Weingarten Minden +++ \u201eSummer Jazz\u201c im Audi Forum Ingolstadt +++","datePublished":"2015-06-14T10:00:37+00:00","mainEntityOfPage":{"@id":"https:\/\/www.jazzzeitung.de\/cms\/2015\/06\/news-travejazz-festival-luebeck-34-jazz-summer-night-im-weingarten-minden-summer-jazz-im-audi-forum-ingolstadt\/"},"wordCount":555,"commentCount":0,"publisher":{"@id":"https:\/\/www.jazzzeitung.de\/cms\/#organization"},"image":{"@id":"https:\/\/www.jazzzeitung.de\/cms\/2015\/06\/news-travejazz-festival-luebeck-34-jazz-summer-night-im-weingarten-minden-summer-jazz-im-audi-forum-ingolstadt\/#primaryimage"},"thumbnailUrl":"http:\/\/www.jazzzeitung.de\/cms\/wp-content\/uploads\/2015\/06\/Jeff_Cascaro_Copyright-Thomas_Schloemann-150x150.jpg","keywords":["Audi Forum Ingolstadt","Bochum","Club","Festival","Festivals","Han Bennink","Konzert","London","Piano","Pop"],"articleSection":["News"],"inLanguage":"de","potentialAction":[{"@type":"CommentAction","name":"Comment","target":["https:\/\/www.jazzzeitung.de\/cms\/2015\/06\/news-travejazz-festival-luebeck-34-jazz-summer-night-im-weingarten-minden-summer-jazz-im-audi-forum-ingolstadt\/#respond"]}]},{"@type":"WebPage","@id":"https:\/\/www.jazzzeitung.de\/cms\/2015\/06\/news-travejazz-festival-luebeck-34-jazz-summer-night-im-weingarten-minden-summer-jazz-im-audi-forum-ingolstadt\/","url":"https:\/\/www.jazzzeitung.de\/cms\/2015\/06\/news-travejazz-festival-luebeck-34-jazz-summer-night-im-weingarten-minden-summer-jazz-im-audi-forum-ingolstadt\/","name":"News: +++ Travejazz Festival in L\u00fcbeck +++ 34. Jazz Summer Night im Weingarten Minden +++ \u201eSummer Jazz\u201c im Audi Forum Ingolstadt +++ - JazzZeitung","isPartOf":{"@id":"https:\/\/www.jazzzeitung.de\/cms\/#website"},"primaryImageOfPage":{"@id":"https:\/\/www.jazzzeitung.de\/cms\/2015\/06\/news-travejazz-festival-luebeck-34-jazz-summer-night-im-weingarten-minden-summer-jazz-im-audi-forum-ingolstadt\/#primaryimage"},"image":{"@id":"https:\/\/www.jazzzeitung.de\/cms\/2015\/06\/news-travejazz-festival-luebeck-34-jazz-summer-night-im-weingarten-minden-summer-jazz-im-audi-forum-ingolstadt\/#primaryimage"},"thumbnailUrl":"http:\/\/www.jazzzeitung.de\/cms\/wp-content\/uploads\/2015\/06\/Jeff_Cascaro_Copyright-Thomas_Schloemann-150x150.jpg","datePublished":"2015-06-14T10:00:37+00:00","breadcrumb":{"@id":"https:\/\/www.jazzzeitung.de\/cms\/2015\/06\/news-travejazz-festival-luebeck-34-jazz-summer-night-im-weingarten-minden-summer-jazz-im-audi-forum-ingolstadt\/#breadcrumb"},"inLanguage":"de","potentialAction":[{"@type":"ReadAction","target":["https:\/\/www.jazzzeitung.de\/cms\/2015\/06\/news-travejazz-festival-luebeck-34-jazz-summer-night-im-weingarten-minden-summer-jazz-im-audi-forum-ingolstadt\/"]}]},{"@type":"ImageObject","inLanguage":"de","@id":"https:\/\/www.jazzzeitung.de\/cms\/2015\/06\/news-travejazz-festival-luebeck-34-jazz-summer-night-im-weingarten-minden-summer-jazz-im-audi-forum-ingolstadt\/#primaryimage","url":"http:\/\/www.jazzzeitung.de\/cms\/wp-content\/uploads\/2015\/06\/Jeff_Cascaro_Copyright-Thomas_Schloemann-150x150.jpg","contentUrl":"http:\/\/www.jazzzeitung.de\/cms\/wp-content\/uploads\/2015\/06\/Jeff_Cascaro_Copyright-Thomas_Schloemann-150x150.jpg"},{"@type":"BreadcrumbList","@id":"https:\/\/www.jazzzeitung.de\/cms\/2015\/06\/news-travejazz-festival-luebeck-34-jazz-summer-night-im-weingarten-minden-summer-jazz-im-audi-forum-ingolstadt\/#breadcrumb","itemListElement":[{"@type":"ListItem","position":1,"name":"Startseite","item":"https:\/\/www.jazzzeitung.de\/cms\/"},{"@type":"ListItem","position":2,"name":"News: +++ Travejazz Festival in L\u00fcbeck +++ 34. Jazz Summer Night im Weingarten Minden +++ \u201eSummer Jazz\u201c im Audi Forum Ingolstadt +++"}]},{"@type":"WebSite","@id":"https:\/\/www.jazzzeitung.de\/cms\/#website","url":"https:\/\/www.jazzzeitung.de\/cms\/","name":"JazzZeitung","description":"Jazz-News und Jazz-Kontroverses","publisher":{"@id":"https:\/\/www.jazzzeitung.de\/cms\/#organization"},"potentialAction":[{"@type":"SearchAction","target":{"@type":"EntryPoint","urlTemplate":"https:\/\/www.jazzzeitung.de\/cms\/?s={search_term_string}"},"query-input":{"@type":"PropertyValueSpecification","valueRequired":true,"valueName":"search_term_string"}}],"inLanguage":"de"},{"@type":"Organization","@id":"https:\/\/www.jazzzeitung.de\/cms\/#organization","name":"JazzZeitung online","url":"https:\/\/www.jazzzeitung.de\/cms\/","logo":{"@type":"ImageObject","inLanguage":"de","@id":"https:\/\/www.jazzzeitung.de\/cms\/#\/schema\/logo\/image\/","url":"https:\/\/i0.wp.com\/www.jazzzeitung.de\/cms\/wp-content\/uploads\/2015\/08\/JAZZZEITUNGDE_Logo_Neu.png?fit=499%2C200&ssl=1","contentUrl":"https:\/\/i0.wp.com\/www.jazzzeitung.de\/cms\/wp-content\/uploads\/2015\/08\/JAZZZEITUNGDE_Logo_Neu.png?fit=499%2C200&ssl=1","width":499,"height":200,"caption":"JazzZeitung online"},"image":{"@id":"https:\/\/www.jazzzeitung.de\/cms\/#\/schema\/logo\/image\/"},"sameAs":["https:\/\/www.facebook.com\/JazzZeitung\/"]},{"@type":"Person","@id":"https:\/\/www.jazzzeitung.de\/cms\/#\/schema\/person\/2245b36b9cd1d24cea10f01c031fb92b","name":"Redaktion JazzZeitung","image":{"@type":"ImageObject","inLanguage":"de","@id":"https:\/\/i0.wp.com\/www.jazzzeitung.de\/cms\/wp-content\/uploads\/2015\/08\/JAZZZEITUNGDE_Logo_Neu.png?resize=96%2C96&ssl=159975dcacb611b5700bd619b5daf0a7a","url":"https:\/\/i0.wp.com\/www.jazzzeitung.de\/cms\/wp-content\/uploads\/2015\/08\/JAZZZEITUNGDE_Logo_Neu.png?resize=96%2C96&ssl=1","contentUrl":"https:\/\/i0.wp.com\/www.jazzzeitung.de\/cms\/wp-content\/uploads\/2015\/08\/JAZZZEITUNGDE_Logo_Neu.png?resize=96%2C96&ssl=1","caption":"Redaktion JazzZeitung"},"description":"Artikel der Redaktion der JazzZeitung.","sameAs":["http:\/\/www.jazzzeitung.de\/cms\/"],"url":"https:\/\/www.jazzzeitung.de\/cms\/author\/redaktion\/"}]}},"wp-worthy-pixel":{"ignored":false,"public":null,"server":null,"url":null},"wp-worthy-type":"normal","jetpack_publicize_connections":[],"cc_featured_image_caption":{"caption_text":false,"source_text":false,"source_url":false},"jetpack_featured_media_url":"","jetpack_shortlink":"https:\/\/wp.me\/p3KEcT-1Fd","jetpack-related-posts":[{"id":20648,"url":"https:\/\/www.jazzzeitung.de\/cms\/2019\/09\/news-jazz-im-audi-forum-ingolstadt-jazzahead-festival-2020\/","url_meta":{"origin":6399,"position":0},"title":"+++ News +++ Jazz im Audi Forum Ingolstadt +++ jazzahead!-Festival 2020 +++","author":"Redaktion JazzZeitung","date":"10. September 2019","format":false,"excerpt":"+++ Jazz im Audi Forum Ingolstadt +++ F\u00fcr Jazz-Fans hat das Warten ein Ende: Nach der Sommerpause pr\u00e4sentiert das Audi Forum Ingolstadt gemeinsam mit dem Birdland Jazz Club Neuburg als Veranstalter wieder Konzerte mit regionalen und internationalen Musikern. Die vier Konzertabende von September bis Dezember sind Teil der Reihe \"Jazz\u2026","rel":"","context":"In &quot;News&quot;","block_context":{"text":"News","link":"https:\/\/www.jazzzeitung.de\/cms\/thema\/nachrichten\/"},"img":{"alt_text":"","src":"https:\/\/i0.wp.com\/www.jazzzeitung.de\/cms\/wp-content\/uploads\/2019\/09\/Clubnight_TheaterBremen-c-Nikolai-Wolff.jpg?fit=1200%2C800&ssl=1&resize=350%2C200","width":350,"height":200,"srcset":"https:\/\/i0.wp.com\/www.jazzzeitung.de\/cms\/wp-content\/uploads\/2019\/09\/Clubnight_TheaterBremen-c-Nikolai-Wolff.jpg?fit=1200%2C800&ssl=1&resize=350%2C200 1x, https:\/\/i0.wp.com\/www.jazzzeitung.de\/cms\/wp-content\/uploads\/2019\/09\/Clubnight_TheaterBremen-c-Nikolai-Wolff.jpg?fit=1200%2C800&ssl=1&resize=525%2C300 1.5x, https:\/\/i0.wp.com\/www.jazzzeitung.de\/cms\/wp-content\/uploads\/2019\/09\/Clubnight_TheaterBremen-c-Nikolai-Wolff.jpg?fit=1200%2C800&ssl=1&resize=700%2C400 2x, https:\/\/i0.wp.com\/www.jazzzeitung.de\/cms\/wp-content\/uploads\/2019\/09\/Clubnight_TheaterBremen-c-Nikolai-Wolff.jpg?fit=1200%2C800&ssl=1&resize=1050%2C600 3x"},"classes":[]},{"id":5327,"url":"https:\/\/www.jazzzeitung.de\/cms\/2015\/02\/noch-ein-jazz-event-trave-jazz-festival-luebeck\/","url_meta":{"origin":6399,"position":1},"title":"Noch ein Jazz-Event: Trave-Jazz-Festival L\u00fcbeck","author":"Peter Ortmann","date":"12. Februar 2015","format":false,"excerpt":"Von Peter Ortmann - Heute gen\u00fcgt es nicht mehr, mit einem Jazzkonzert oder Festival in eine quadratische Konzert- oder Mehrzweckhalle zu gehen. Das Ambiente muss stimmen! M\u00f6glichst mit Wasserfl\u00e4chen (Meer oder See), Hafen, Schiffen, Wind und Wetter, Promenaden mit einladender Infrastruktur zum Verweilen. Daher finden Festivals wie Elbjazz (Hamburger Hafen)\u2026","rel":"","context":"In &quot;Blog&quot;","block_context":{"text":"Blog","link":"https:\/\/www.jazzzeitung.de\/cms\/thema\/blog\/"},"img":{"alt_text":"","src":"","width":0,"height":0},"classes":[]},{"id":27719,"url":"https:\/\/www.jazzzeitung.de\/cms\/2022\/07\/news-jazz-festival-saarlouis-open-air-auf-der-vauban-insel-luebeck-jazz-allstars-53-deutsches-jazzfestival-frankfurt-steht-vor-dem-start\/","url_meta":{"origin":6399,"position":2},"title":"+++ News: +++ Jazz Festival Saarlouis Open Air auf der Vauban Insel +++ L\u00fcbeck Jazz Allstars +++ 53. Deutsches Jazzfestival Frankfurt steht vor dem Start +++","author":"Redaktion JazzZeitung","date":"7. Juli 2022","format":false,"excerpt":"+++ Jazz Festival Saarlouis Open Air auf der Vauban Insel vom 13 - 17.7.2022 +++ Vom 13. bis 17. Juli dreht sich auf der Saarlouiser Vaubaninsel alles um Jazz. Die historische Festungsanlage bietet die Kulisse f\u00fcr regionale und internationale Jazz K\u00fcnstler.\u00a0Das Jazzfestival Saarlouis z\u00e4hlt zu den Konzert H\u00f6hepunkten der diesj\u00e4hrigen\u2026","rel":"","context":"In &quot;News&quot;","block_context":{"text":"News","link":"https:\/\/www.jazzzeitung.de\/cms\/thema\/nachrichten\/"},"img":{"alt_text":"","src":"https:\/\/i0.wp.com\/www.jazzzeitung.de\/cms\/wp-content\/uploads\/2022\/07\/Afra-Kane-Studio-0186-1-scaled.jpg?fit=1200%2C800&ssl=1&resize=350%2C200","width":350,"height":200,"srcset":"https:\/\/i0.wp.com\/www.jazzzeitung.de\/cms\/wp-content\/uploads\/2022\/07\/Afra-Kane-Studio-0186-1-scaled.jpg?fit=1200%2C800&ssl=1&resize=350%2C200 1x, https:\/\/i0.wp.com\/www.jazzzeitung.de\/cms\/wp-content\/uploads\/2022\/07\/Afra-Kane-Studio-0186-1-scaled.jpg?fit=1200%2C800&ssl=1&resize=525%2C300 1.5x, https:\/\/i0.wp.com\/www.jazzzeitung.de\/cms\/wp-content\/uploads\/2022\/07\/Afra-Kane-Studio-0186-1-scaled.jpg?fit=1200%2C800&ssl=1&resize=700%2C400 2x, https:\/\/i0.wp.com\/www.jazzzeitung.de\/cms\/wp-content\/uploads\/2022\/07\/Afra-Kane-Studio-0186-1-scaled.jpg?fit=1200%2C800&ssl=1&resize=1050%2C600 3x"},"classes":[]},{"id":15036,"url":"https:\/\/www.jazzzeitung.de\/cms\/2018\/02\/newsinternationales-jazzfestival-bingenswingt-22-24-06-2018jazz-im-audi-forum-ingolstadt-the-uptown-jazz-orchestra-feat-sandro-roy\/","url_meta":{"origin":6399,"position":3},"title":"+++ News +++ Jazz im Audi Forum Ingolstadt: The Uptown Jazz Orchestra feat. Sandro Roy +++ Internationales Jazzfestival BINGEN\u00b7SWINGT vom 22.-24. Juni 2018+++","author":"Redaktion JazzZeitung","date":"12. Februar 2018","format":false,"excerpt":"+++Jazz im Audi Forum Ingolstadt: The Uptown Jazz Orchestra feat. Sandro Roy+++ Farbenreiche Arrangements und virtuose Soli: Mit The Uptown Jazz Orchestra gastiert am Donnerstag, 22. Februar, eine der renommiertesten s\u00fcddeutschen Big Bands im Audi Forum Ingolstadt. Die Formation um Leader Franz Weyerer kommt gemeinsam mit dem jungen Geiger Sandro\u2026","rel":"","context":"In &quot;News&quot;","block_context":{"text":"News","link":"https:\/\/www.jazzzeitung.de\/cms\/thema\/nachrichten\/"},"img":{"alt_text":"","src":"https:\/\/i0.wp.com\/www.jazzzeitung.de\/cms\/wp-content\/uploads\/2018\/02\/A180879_full.jpg?fit=717%2C479&ssl=1&resize=350%2C200","width":350,"height":200,"srcset":"https:\/\/i0.wp.com\/www.jazzzeitung.de\/cms\/wp-content\/uploads\/2018\/02\/A180879_full.jpg?fit=717%2C479&ssl=1&resize=350%2C200 1x, https:\/\/i0.wp.com\/www.jazzzeitung.de\/cms\/wp-content\/uploads\/2018\/02\/A180879_full.jpg?fit=717%2C479&ssl=1&resize=525%2C300 1.5x, https:\/\/i0.wp.com\/www.jazzzeitung.de\/cms\/wp-content\/uploads\/2018\/02\/A180879_full.jpg?fit=717%2C479&ssl=1&resize=700%2C400 2x"},"classes":[]},{"id":19450,"url":"https:\/\/www.jazzzeitung.de\/cms\/2019\/05\/news-volker-heuken-sextett-im-muenchner-studio-2-trioplus-und-schooljazz-projekt-in-luebeck\/","url_meta":{"origin":6399,"position":4},"title":"+++ news +++ Volker Heuken Sextett im M\u00fcnchner Studio 2 +++ trioPLUS und Schooljazz-Projekt in L\u00fcbeck +++","author":"Redaktion JazzZeitung","date":"14. Mai 2019","format":false,"excerpt":"Am 22. Mai 2019 ist im M\u00fcnchner Studio 2 das Volker Heuken Sextett mit seinem neuen Programm \u201eSiblings\u201c zu Gast. Mit Julian Bossert am Saxofon, der Posaunistin Antonia Hausmann, Lukas Grossmann am Klavier, dem Bassisten Alex Beyer und Jan F. Brill am Schlagzeug bringt der Komponist und Vibraphonist Volker Heuken\u2026","rel":"","context":"In &quot;News&quot;","block_context":{"text":"News","link":"https:\/\/www.jazzzeitung.de\/cms\/thema\/nachrichten\/"},"img":{"alt_text":"","src":"https:\/\/i0.wp.com\/www.jazzzeitung.de\/cms\/wp-content\/uploads\/2019\/05\/image001-1.jpg?fit=994%2C558&ssl=1&resize=350%2C200","width":350,"height":200,"srcset":"https:\/\/i0.wp.com\/www.jazzzeitung.de\/cms\/wp-content\/uploads\/2019\/05\/image001-1.jpg?fit=994%2C558&ssl=1&resize=350%2C200 1x, https:\/\/i0.wp.com\/www.jazzzeitung.de\/cms\/wp-content\/uploads\/2019\/05\/image001-1.jpg?fit=994%2C558&ssl=1&resize=525%2C300 1.5x, https:\/\/i0.wp.com\/www.jazzzeitung.de\/cms\/wp-content\/uploads\/2019\/05\/image001-1.jpg?fit=994%2C558&ssl=1&resize=700%2C400 2x"},"classes":[]},{"id":6618,"url":"https:\/\/www.jazzzeitung.de\/cms\/2015\/07\/news-gender-workshop-burghauser-nachwuchs-jazzpreis-travejazz-festival-luebeck\/","url_meta":{"origin":6399,"position":5},"title":"+++News +++ Gender-Workshop +++ Burghauser Nachwuchs-Jazzpreis +++ Travejazz Festival L\u00fcbeck +++","author":"Redaktion JazzZeitung","date":"15. Juli 2015","format":false,"excerpt":"+++ Jetzt anmelden! - Jazz-Ensemble-Workshops in Frankfurt vom 2. bis 4. Oktober 2015 +++ mit Gina Schwarz (A), bass \/ Stephanie Wagner (D), flute \/ Esther B\u00e4chlin (CH) piano, Konzert PLAYGROUND 5. Oktober 2015 -Im Rahmen des 14. Darmst\u00e4dter Jazzforums (01. - 04.10.2015) zum Thema \u201eGender und\u00a0Identit\u00e4t im Jazz\u201c bieten\u2026","rel":"","context":"In &quot;News&quot;","block_context":{"text":"News","link":"https:\/\/www.jazzzeitung.de\/cms\/thema\/nachrichten\/"},"img":{"alt_text":"","src":"","width":0,"height":0},"classes":[]}],"jetpack_sharing_enabled":true,"_links":{"self":[{"href":"https:\/\/www.jazzzeitung.de\/cms\/wp-json\/wp\/v2\/posts\/6399","targetHints":{"allow":["GET"]}}],"collection":[{"href":"https:\/\/www.jazzzeitung.de\/cms\/wp-json\/wp\/v2\/posts"}],"about":[{"href":"https:\/\/www.jazzzeitung.de\/cms\/wp-json\/wp\/v2\/types\/post"}],"author":[{"embeddable":true,"href":"https:\/\/www.jazzzeitung.de\/cms\/wp-json\/wp\/v2\/users\/18"}],"replies":[{"embeddable":true,"href":"https:\/\/www.jazzzeitung.de\/cms\/wp-json\/wp\/v2\/comments?post=6399"}],"version-history":[{"count":1,"href":"https:\/\/www.jazzzeitung.de\/cms\/wp-json\/wp\/v2\/posts\/6399\/revisions"}],"predecessor-version":[{"id":6403,"href":"https:\/\/www.jazzzeitung.de\/cms\/wp-json\/wp\/v2\/posts\/6399\/revisions\/6403"}],"wp:attachment":[{"href":"https:\/\/www.jazzzeitung.de\/cms\/wp-json\/wp\/v2\/media?parent=6399"}],"wp:term":[{"taxonomy":"category","embeddable":true,"href":"https:\/\/www.jazzzeitung.de\/cms\/wp-json\/wp\/v2\/categories?post=6399"},{"taxonomy":"post_tag","embeddable":true,"href":"https:\/\/www.jazzzeitung.de\/cms\/wp-json\/wp\/v2\/tags?post=6399"},{"taxonomy":"author","embeddable":true,"href":"https:\/\/www.jazzzeitung.de\/cms\/wp-json\/wp\/v2\/coauthors?post=6399"}],"curies":[{"name":"wp","href":"https:\/\/api.w.org\/{rel}","templated":true}]}}