{"id":6389,"date":"2015-06-12T09:49:24","date_gmt":"2015-06-12T07:49:24","guid":{"rendered":"http:\/\/www.jazzzeitung.de\/cms\/?p=6389"},"modified":"2015-06-12T23:28:27","modified_gmt":"2015-06-12T21:28:27","slug":"die-wahrheit-ueber-jazzhoererinnen-sie-sind-untreu-aber-gluecklich","status":"publish","type":"post","link":"https:\/\/www.jazzzeitung.de\/cms\/2015\/06\/die-wahrheit-ueber-jazzhoererinnen-sie-sind-untreu-aber-gluecklich\/","title":{"rendered":"Die Wahrheit \u00fcber Jazzh\u00f6rerInnen: Untreu, aber gl\u00fccklich!"},"content":{"rendered":"<p>Die empirische Sozialforschung ist f\u00fcr gew\u00f6hnlich unbestechlich. Die Ergebnisse sind nicht in Zweifel zu ziehen. Da kann man die Akkorde z\u00e4hlen, Intervalle in Konstellationen setzen und den <a href=\"http:\/\/www.jazzzeitung.de\/cms\/2015\/06\/jazzsoli-im-rechner-die-weimar-jazz-database-und-die-analyse-software-melospygui-1-0\/\">Jazzomat<\/a> ranlassen. Oder man kann die soziale Situation der Jazzmusiker erheben wie in der <a href=\"http:\/\/www.jazzzeitung.de\/cms\/2015\/06\/jazzstudie-2015-gestartet\/\">JazzStudie 2015<\/a> \u2026 Und manches Ergebnis prallen direkt auf Milz und Hirn, so wie dieses, das in einer Pressemitteilung im Maileingang landete: \u201eUntreue h\u00f6ren Jazzmusik\u201c: \u201eJazz, Salsa und Pop sind die drei Musikgenres mit Fans, die am wahrscheinlichsten ihrem Partner untreu sind.\u201c<\/p>\n<figure id=\"attachment_6390\" aria-describedby=\"caption-attachment-6390\" style=\"width: 695px\" class=\"wp-caption aligncenter\"><a href=\"https:\/\/i0.wp.com\/www.jazzzeitung.de\/cms\/wp-content\/uploads\/2015\/06\/dach-1030061.jpg\"><img data-recalc-dims=\"1\" loading=\"lazy\" decoding=\"async\" data-attachment-id=\"6390\" data-permalink=\"https:\/\/www.jazzzeitung.de\/cms\/2015\/06\/die-wahrheit-ueber-jazzhoererinnen-sie-sind-untreu-aber-gluecklich\/olympus-digital-camera-32\/\" data-orig-file=\"https:\/\/i0.wp.com\/www.jazzzeitung.de\/cms\/wp-content\/uploads\/2015\/06\/dach-1030061.jpg?fit=1600%2C1200&amp;ssl=1\" data-orig-size=\"1600,1200\" data-comments-opened=\"1\" data-image-meta=\"{&quot;aperture&quot;:&quot;2.8&quot;,&quot;credit&quot;:&quot;Dr. Martin Hufner&quot;,&quot;camera&quot;:&quot;E-P5&quot;,&quot;caption&quot;:&quot;OLYMPUS DIGITAL CAMERA&quot;,&quot;created_timestamp&quot;:&quot;1388749784&quot;,&quot;copyright&quot;:&quot;Martin Hufner&quot;,&quot;focal_length&quot;:&quot;17&quot;,&quot;iso&quot;:&quot;200&quot;,&quot;shutter_speed&quot;:&quot;0.00125&quot;,&quot;title&quot;:&quot;OLYMPUS DIGITAL CAMERA&quot;,&quot;orientation&quot;:&quot;0&quot;}\" data-image-title=\"Hupen verboten.\" data-image-description=\"&lt;p&gt;Hupen verboten.&lt;\/p&gt;\n\" data-image-caption=\"&lt;p&gt;Hupen verboten.&lt;\/p&gt;\n\" data-large-file=\"https:\/\/i0.wp.com\/www.jazzzeitung.de\/cms\/wp-content\/uploads\/2015\/06\/dach-1030061.jpg?fit=800%2C600&amp;ssl=1\" class=\"size-large wp-image-6390\" src=\"https:\/\/i0.wp.com\/www.jazzzeitung.de\/cms\/wp-content\/uploads\/2015\/06\/dach-1030061-800x600.jpg?resize=695%2C521\" alt=\"Hupen verboten.\" width=\"695\" height=\"521\" srcset=\"https:\/\/i0.wp.com\/www.jazzzeitung.de\/cms\/wp-content\/uploads\/2015\/06\/dach-1030061.jpg?resize=800%2C600&amp;ssl=1 800w, https:\/\/i0.wp.com\/www.jazzzeitung.de\/cms\/wp-content\/uploads\/2015\/06\/dach-1030061.jpg?resize=300%2C225&amp;ssl=1 300w, https:\/\/i0.wp.com\/www.jazzzeitung.de\/cms\/wp-content\/uploads\/2015\/06\/dach-1030061.jpg?resize=900%2C675&amp;ssl=1 900w, https:\/\/i0.wp.com\/www.jazzzeitung.de\/cms\/wp-content\/uploads\/2015\/06\/dach-1030061.jpg?w=1600&amp;ssl=1 1600w\" sizes=\"auto, (max-width: 695px) 100vw, 695px\" \/><\/a><figcaption id=\"caption-attachment-6390\" class=\"wp-caption-text\">Hupen verboten. Foto: Hufner<\/figcaption><\/figure>\n<p>Herausgefunden hat das ein Institut mit dem vielversprechenden Namen Victoria Milan. Das hat seine Mitglieder nach ihrem Musikgeschmack befragt und danach, ob sie beim Musikh\u00f6ren eher an ihre Liebhaber oder die langfristigen Partner denken t\u00e4ten. Eine absolut hieb- und stichfeste Erhebungsmethode liegt dem zugrunde. Fakten: Es geht hier um 19% der Jazzh\u00f6rerInnen, die potentiell angeblich untreu sind. Diese ruchlosen, amoralischen Jazzfans aber auch. Wer seine Ruhe suchen m\u00f6chte, meide den Jazzclub, das Jazzfestival. Jeder Ton droht zu einer Verf\u00fchrung zu werden. Gierige Blicke pl\u00f6tzlich \u00fcberall.<\/p>\n<p>Der Chef von Victoria Milan, ein gewisser Sigurd Vidal (oder Vedal, die Mail ist hier nicht ganz eindeutig) philosophiert dazu: \u201eDie Lieder, die man w\u00e4hlt, um sie im Auto auf dem Weg zu seinem Liebhaber zu h\u00f6ren, oder die Musik, die man spielt, wenn man mit ihm zusammen ist, wirkt viel ber\u00fchrender als die Musik, mit bei der man zehn Jahre zuvor zum Altar ging\u201c, sagt Mr. Vidal laut Meldung. Ein definitives K.O.-Kriterium f\u00fcr Wagner, Mendelssohn-Bartholdy und so Hochzeitsschleimmusik.<\/p>\n<p>Vielleicht ist l\u00e4sst sich das Ergebnis strategisch, kommunikativ und damit positiv nutzen. Jazz ist Freiheit, hei\u00dft es doch in Jazzkreisen in Dauerschleife. Freiheit in der Wahl von LiebespartnerInnen inklusive. Das, wo doch gerade die <a href=\"http:\/\/www.welt.de\/icon\/article142177219\/Die-traurige-Sex-Realitaet-von-Paaren-und-Ue-30ern.html\">urbanen Strukturen (kurz: Berlin<\/a>) sich als Liebest\u00f6ter erweisen, die Chance f\u00fcr ein positives Marketingkonzept.<\/p>\n<p>&nbsp;<\/p>\n<div class=\"tiled-gallery type-circle tiled-gallery-unresized\" data-original-width=\"840\" data-carousel-extra='{&quot;blog_id&quot;:1,&quot;permalink&quot;:&quot;https:\\\/\\\/www.jazzzeitung.de\\\/cms\\\/2015\\\/06\\\/die-wahrheit-ueber-jazzhoererinnen-sie-sind-untreu-aber-gluecklich\\\/&quot;,&quot;likes_blog_id&quot;:55446655}' itemscope itemtype=\"http:\/\/schema.org\/ImageGallery\" > <div class=\"gallery-row\" style=\"width: 840px; height: 280px;\" data-original-width=\"840\" data-original-height=\"280\" > <div class=\"gallery-group\" style=\"width: 280px; height: 280px;\" data-original-width=\"280\" data-original-height=\"280\" > <div class=\"tiled-gallery-item \" itemprop=\"associatedMedia\" itemscope itemtype=\"http:\/\/schema.org\/ImageObject\"> <a href=\"https:\/\/i0.wp.com\/www.jazzzeitung.de\/cms\/wp-content\/uploads\/2015\/06\/hat_c_hufner.jpg?ssl=1\" border=\"0\" itemprop=\"url\"> <meta itemprop=\"width\" content=\"276\"> <meta itemprop=\"height\" content=\"276\"> <img decoding=\"async\" class=\"\" data-attachment-id=\"6396\" data-orig-file=\"https:\/\/www.jazzzeitung.de\/cms\/wp-content\/uploads\/2015\/06\/hat_c_hufner.jpg\" data-orig-size=\"1600,1200\" data-comments-opened=\"1\" data-image-meta=\"{&quot;aperture&quot;:&quot;6.3&quot;,&quot;credit&quot;:&quot;Dr. Martin Hufner&quot;,&quot;camera&quot;:&quot;E-P5&quot;,&quot;caption&quot;:&quot;OLYMPUS DIGITAL CAMERA&quot;,&quot;created_timestamp&quot;:&quot;1431171750&quot;,&quot;copyright&quot;:&quot;Martin Hufner&quot;,&quot;focal_length&quot;:&quot;150&quot;,&quot;iso&quot;:&quot;200&quot;,&quot;shutter_speed&quot;:&quot;0.0025&quot;,&quot;title&quot;:&quot;OLYMPUS DIGITAL CAMERA&quot;,&quot;orientation&quot;:&quot;0&quot;}\" data-image-title=\"Vorsicht: hei\u00df!\" data-image-description=\"&lt;p&gt;Vorsicht: hei\u00df!&lt;\/p&gt; \" data-medium-file=\"https:\/\/i0.wp.com\/www.jazzzeitung.de\/cms\/wp-content\/uploads\/2015\/06\/hat_c_hufner.jpg?fit=300%2C225&#038;ssl=1\" data-large-file=\"https:\/\/i0.wp.com\/www.jazzzeitung.de\/cms\/wp-content\/uploads\/2015\/06\/hat_c_hufner.jpg?fit=800%2C600&#038;ssl=1\" src=\"https:\/\/i0.wp.com\/www.jazzzeitung.de\/cms\/wp-content\/uploads\/2015\/06\/hat_c_hufner.jpg?w=276&#038;h=276&#038;crop=1&#038;ssl=1\" srcset=\"https:\/\/i0.wp.com\/www.jazzzeitung.de\/cms\/wp-content\/uploads\/2015\/06\/hat_c_hufner.jpg?resize=150%2C150&amp;ssl=1 150w, https:\/\/i0.wp.com\/www.jazzzeitung.de\/cms\/wp-content\/uploads\/2015\/06\/hat_c_hufner.jpg?resize=144%2C144&amp;ssl=1 144w, https:\/\/i0.wp.com\/www.jazzzeitung.de\/cms\/wp-content\/uploads\/2015\/06\/hat_c_hufner.jpg?resize=96%2C96&amp;ssl=1 96w, https:\/\/i0.wp.com\/www.jazzzeitung.de\/cms\/wp-content\/uploads\/2015\/06\/hat_c_hufner.jpg?resize=24%2C24&amp;ssl=1 24w, https:\/\/i0.wp.com\/www.jazzzeitung.de\/cms\/wp-content\/uploads\/2015\/06\/hat_c_hufner.jpg?resize=36%2C36&amp;ssl=1 36w, https:\/\/i0.wp.com\/www.jazzzeitung.de\/cms\/wp-content\/uploads\/2015\/06\/hat_c_hufner.jpg?resize=48%2C48&amp;ssl=1 48w, https:\/\/i0.wp.com\/www.jazzzeitung.de\/cms\/wp-content\/uploads\/2015\/06\/hat_c_hufner.jpg?resize=64%2C64&amp;ssl=1 64w, https:\/\/i0.wp.com\/www.jazzzeitung.de\/cms\/wp-content\/uploads\/2015\/06\/hat_c_hufner.jpg?resize=32%2C32&amp;ssl=1 32w, https:\/\/i0.wp.com\/www.jazzzeitung.de\/cms\/wp-content\/uploads\/2015\/06\/hat_c_hufner.jpg?resize=128%2C128&amp;ssl=1 128w, https:\/\/i0.wp.com\/www.jazzzeitung.de\/cms\/wp-content\/uploads\/2015\/06\/hat_c_hufner.jpg?zoom=2&amp;resize=276%2C276&amp;ssl=1 552w, https:\/\/i0.wp.com\/www.jazzzeitung.de\/cms\/wp-content\/uploads\/2015\/06\/hat_c_hufner.jpg?zoom=3&amp;resize=276%2C276&amp;ssl=1 828w\" width=\"276\" height=\"276\" loading=\"lazy\" data-original-width=\"276\" data-original-height=\"276\" itemprop=\"http:\/\/schema.org\/image\" title=\"Vorsicht: hei\u00df!\" alt=\"Vorsicht: hei\u00df!\" style=\"width: 276px; height: 276px;\" \/> <\/a> <div class=\"tiled-gallery-caption\" itemprop=\"caption description\"> Vorsicht: hei\u00df! <\/div> <\/div> <\/div> <div class=\"gallery-group\" style=\"width: 280px; height: 280px;\" data-original-width=\"280\" data-original-height=\"280\" > <div class=\"tiled-gallery-item \" itemprop=\"associatedMedia\" itemscope itemtype=\"http:\/\/schema.org\/ImageObject\"> <a href=\"https:\/\/i0.wp.com\/www.jazzzeitung.de\/cms\/wp-content\/uploads\/2015\/06\/bourelly_cover.jpg?ssl=1\" border=\"0\" itemprop=\"url\"> <meta itemprop=\"width\" content=\"276\"> <meta itemprop=\"height\" content=\"276\"> <img decoding=\"async\" class=\"\" data-attachment-id=\"6394\" data-orig-file=\"https:\/\/www.jazzzeitung.de\/cms\/wp-content\/uploads\/2015\/06\/bourelly_cover.jpg\" data-orig-size=\"1200,1060\" data-comments-opened=\"1\" data-image-meta=\"{&quot;aperture&quot;:&quot;0&quot;,&quot;credit&quot;:&quot;&quot;,&quot;camera&quot;:&quot;&quot;,&quot;caption&quot;:&quot;&quot;,&quot;created_timestamp&quot;:&quot;0&quot;,&quot;copyright&quot;:&quot;&quot;,&quot;focal_length&quot;:&quot;0&quot;,&quot;iso&quot;:&quot;0&quot;,&quot;shutter_speed&quot;:&quot;0&quot;,&quot;title&quot;:&quot;&quot;,&quot;orientation&quot;:&quot;0&quot;}\" data-image-title=\"Jean Paul Bourelly\" data-image-description=\"&lt;p&gt;Jean Paul Bourelly&lt;\/p&gt; \" data-medium-file=\"https:\/\/i0.wp.com\/www.jazzzeitung.de\/cms\/wp-content\/uploads\/2015\/06\/bourelly_cover.jpg?fit=300%2C265&#038;ssl=1\" data-large-file=\"https:\/\/i0.wp.com\/www.jazzzeitung.de\/cms\/wp-content\/uploads\/2015\/06\/bourelly_cover.jpg?fit=679%2C600&#038;ssl=1\" src=\"https:\/\/i0.wp.com\/www.jazzzeitung.de\/cms\/wp-content\/uploads\/2015\/06\/bourelly_cover.jpg?w=276&#038;h=276&#038;crop=1&#038;ssl=1\" srcset=\"https:\/\/i0.wp.com\/www.jazzzeitung.de\/cms\/wp-content\/uploads\/2015\/06\/bourelly_cover.jpg?resize=150%2C150&amp;ssl=1 150w, https:\/\/i0.wp.com\/www.jazzzeitung.de\/cms\/wp-content\/uploads\/2015\/06\/bourelly_cover.jpg?resize=144%2C144&amp;ssl=1 144w, https:\/\/i0.wp.com\/www.jazzzeitung.de\/cms\/wp-content\/uploads\/2015\/06\/bourelly_cover.jpg?resize=96%2C96&amp;ssl=1 96w, https:\/\/i0.wp.com\/www.jazzzeitung.de\/cms\/wp-content\/uploads\/2015\/06\/bourelly_cover.jpg?resize=24%2C24&amp;ssl=1 24w, https:\/\/i0.wp.com\/www.jazzzeitung.de\/cms\/wp-content\/uploads\/2015\/06\/bourelly_cover.jpg?resize=36%2C36&amp;ssl=1 36w, https:\/\/i0.wp.com\/www.jazzzeitung.de\/cms\/wp-content\/uploads\/2015\/06\/bourelly_cover.jpg?resize=48%2C48&amp;ssl=1 48w, https:\/\/i0.wp.com\/www.jazzzeitung.de\/cms\/wp-content\/uploads\/2015\/06\/bourelly_cover.jpg?resize=64%2C64&amp;ssl=1 64w, https:\/\/i0.wp.com\/www.jazzzeitung.de\/cms\/wp-content\/uploads\/2015\/06\/bourelly_cover.jpg?resize=32%2C32&amp;ssl=1 32w, https:\/\/i0.wp.com\/www.jazzzeitung.de\/cms\/wp-content\/uploads\/2015\/06\/bourelly_cover.jpg?resize=128%2C128&amp;ssl=1 128w, https:\/\/i0.wp.com\/www.jazzzeitung.de\/cms\/wp-content\/uploads\/2015\/06\/bourelly_cover.jpg?zoom=2&amp;resize=276%2C276&amp;ssl=1 552w, https:\/\/i0.wp.com\/www.jazzzeitung.de\/cms\/wp-content\/uploads\/2015\/06\/bourelly_cover.jpg?zoom=3&amp;resize=276%2C276&amp;ssl=1 828w\" width=\"276\" height=\"276\" loading=\"lazy\" data-original-width=\"276\" data-original-height=\"276\" itemprop=\"http:\/\/schema.org\/image\" title=\"Jean Paul Bourelly\" alt=\"Jean Paul Bourelly\" style=\"width: 276px; height: 276px;\" \/> <\/a> <div class=\"tiled-gallery-caption\" itemprop=\"caption description\"> Jean Paul Bourelly <\/div> <\/div> <\/div> <div class=\"gallery-group\" style=\"width: 280px; height: 280px;\" data-original-width=\"280\" data-original-height=\"280\" > <div class=\"tiled-gallery-item \" itemprop=\"associatedMedia\" itemscope itemtype=\"http:\/\/schema.org\/ImageObject\"> <a href=\"https:\/\/i0.wp.com\/www.jazzzeitung.de\/cms\/wp-content\/uploads\/2015\/06\/malene_cover.jpg?ssl=1\" border=\"0\" itemprop=\"url\"> <meta itemprop=\"width\" content=\"276\"> <meta itemprop=\"height\" content=\"276\"> <img decoding=\"async\" class=\"\" data-attachment-id=\"6395\" data-orig-file=\"https:\/\/www.jazzzeitung.de\/cms\/wp-content\/uploads\/2015\/06\/malene_cover.jpg\" data-orig-size=\"813,729\" data-comments-opened=\"1\" data-image-meta=\"{&quot;aperture&quot;:&quot;0&quot;,&quot;credit&quot;:&quot;&quot;,&quot;camera&quot;:&quot;&quot;,&quot;caption&quot;:&quot;&quot;,&quot;created_timestamp&quot;:&quot;0&quot;,&quot;copyright&quot;:&quot;&quot;,&quot;focal_length&quot;:&quot;0&quot;,&quot;iso&quot;:&quot;0&quot;,&quot;shutter_speed&quot;:&quot;0&quot;,&quot;title&quot;:&quot;&quot;,&quot;orientation&quot;:&quot;0&quot;}\" data-image-title=\"Malene &amp;#8211; Malene\" data-image-description=\"&lt;p&gt;Malene &amp;#8211; Malene&lt;\/p&gt; \" data-medium-file=\"https:\/\/i0.wp.com\/www.jazzzeitung.de\/cms\/wp-content\/uploads\/2015\/06\/malene_cover.jpg?fit=300%2C269&#038;ssl=1\" data-large-file=\"https:\/\/i0.wp.com\/www.jazzzeitung.de\/cms\/wp-content\/uploads\/2015\/06\/malene_cover.jpg?fit=669%2C600&#038;ssl=1\" src=\"https:\/\/i0.wp.com\/www.jazzzeitung.de\/cms\/wp-content\/uploads\/2015\/06\/malene_cover.jpg?w=276&#038;h=276&#038;crop=1&#038;ssl=1\" srcset=\"https:\/\/i0.wp.com\/www.jazzzeitung.de\/cms\/wp-content\/uploads\/2015\/06\/malene_cover.jpg?resize=150%2C150&amp;ssl=1 150w, https:\/\/i0.wp.com\/www.jazzzeitung.de\/cms\/wp-content\/uploads\/2015\/06\/malene_cover.jpg?resize=144%2C144&amp;ssl=1 144w, https:\/\/i0.wp.com\/www.jazzzeitung.de\/cms\/wp-content\/uploads\/2015\/06\/malene_cover.jpg?resize=96%2C96&amp;ssl=1 96w, https:\/\/i0.wp.com\/www.jazzzeitung.de\/cms\/wp-content\/uploads\/2015\/06\/malene_cover.jpg?resize=24%2C24&amp;ssl=1 24w, https:\/\/i0.wp.com\/www.jazzzeitung.de\/cms\/wp-content\/uploads\/2015\/06\/malene_cover.jpg?resize=36%2C36&amp;ssl=1 36w, https:\/\/i0.wp.com\/www.jazzzeitung.de\/cms\/wp-content\/uploads\/2015\/06\/malene_cover.jpg?resize=48%2C48&amp;ssl=1 48w, https:\/\/i0.wp.com\/www.jazzzeitung.de\/cms\/wp-content\/uploads\/2015\/06\/malene_cover.jpg?resize=64%2C64&amp;ssl=1 64w, https:\/\/i0.wp.com\/www.jazzzeitung.de\/cms\/wp-content\/uploads\/2015\/06\/malene_cover.jpg?resize=32%2C32&amp;ssl=1 32w, https:\/\/i0.wp.com\/www.jazzzeitung.de\/cms\/wp-content\/uploads\/2015\/06\/malene_cover.jpg?resize=128%2C128&amp;ssl=1 128w, https:\/\/i0.wp.com\/www.jazzzeitung.de\/cms\/wp-content\/uploads\/2015\/06\/malene_cover.jpg?zoom=2&amp;resize=276%2C276&amp;ssl=1 552w\" width=\"276\" height=\"276\" loading=\"lazy\" data-original-width=\"276\" data-original-height=\"276\" itemprop=\"http:\/\/schema.org\/image\" title=\"Malene - Malene\" alt=\"Malene - Malene\" style=\"width: 276px; height: 276px;\" \/> <\/a> <div class=\"tiled-gallery-caption\" itemprop=\"caption description\"> Malene &#8211; Malene <\/div> <\/div> <\/div> <\/div> <\/div>\n<p>Aus einer weiteren Statistik, die \u201eDie Welt\u201c entdeckte, kann man entnehmen: \u201e\u00dcberhaupt, Beziehungen scheinen f\u00fcr die sexuelle Erf\u00fcllung recht kontraproduktiv zu sein, in allen Altersgruppen: Insgesamt bezeichnete sich jeder vierte Mann mit fester Freundin als &#8222;sexuell nicht gl\u00fccklich&#8220;, unter den Ehem\u00e4nnern sind es sogar 28 Prozent.\u201c Nachgedacht? Jazz als Mittel gegen Einsamkeit und als Mittel f\u00fcrs kollektive Gl\u00fcck. Jazz is hot &amp; free at all, jetzt, wo man in den Clubs ja nicht einmal mehr rauchen darf. Mit Jazz kommste wieder ins sexuelle Gesch\u00e4ft, da geht was. Jazz macht gl\u00fccklich. Ein zweiter Anlauf f\u00fcr die \u201esaxuelle Befreiung\u201c steht an.<\/p>\n<p><span class=\"embed-youtube\" style=\"text-align:center; display: block;\"><iframe loading=\"lazy\" class=\"youtube-player\" width=\"840\" height=\"473\" src=\"https:\/\/www.youtube.com\/embed\/mhI_JHqzScc?version=3&#038;rel=1&#038;showsearch=0&#038;showinfo=1&#038;iv_load_policy=1&#038;fs=1&#038;hl=de-DE&#038;autohide=2&#038;wmode=transparent\" allowfullscreen=\"true\" style=\"border:0;\" sandbox=\"allow-scripts allow-same-origin allow-popups allow-presentation allow-popups-to-escape-sandbox\"><\/iframe><\/span><\/p>\n<p>Wenn man sich dagegen ansieht, welche Musikgenres f\u00fcr die Neigung zu geringer ausgepr\u00e4gter Untreue stehen (Electronica 4%, Indie 3% und Heavy Metal 2%) wird die Swingrichtung klar wie K\u00f6nigsberger Klopse. Die Zukunft der Nachwuchsgenerierung geh\u00f6rt ebenso dem Jazz. Happy Sound dazu und ab geht die Chose.<\/p>\n<p>Etwas erschreckend dagegen ein Nebenergebnis der Studie von Victoria Milan. Auf die Frage, ob man gerne Musik h\u00f6re, antworteten 19% der 6558 Teilnehmer mit: Nein! Ja, mit \u201eNein\u201c. Woran das liegen mag? Es gibt eben einfach zu wenig Jazz im Radio, im Netz, in der \u00d6ffentlichkeit. Das muss sich \u00e4ndern. Da ist die Politik gefragt.<\/p>\n","protected":false},"excerpt":{"rendered":"<p>Die empirische Sozialforschung ist f\u00fcr gew\u00f6hnlich unbestechlich. Die Ergebnisse sind nicht in Zweifel zu ziehen. Da kann man die Akkorde z\u00e4hlen, Intervalle in Konstellationen setzen und den Jazzomat ranlassen. Oder man kann die soziale Situation der Jazzmusiker erheben wie in der JazzStudie 2015 \u2026 Und manches Ergebnis prallen direkt auf Milz und Hirn, so wie dieses, das in einer Pressemitteilung im Maileingang landete: \u201eUntreue h\u00f6ren Jazzmusik\u201c: \u201eJazz, Salsa und Pop sind die drei Musikgenres mit Fans, die am wahrscheinlichsten ihrem Partner untreu sind.\u201c Herausgefunden hat das ein Institut mit dem vielversprechenden Namen Victoria Milan. Das hat seine Mitglieder nach ihrem Musikgeschmack befragt und danach, ob sie beim Musikh\u00f6ren eher an ihre Liebhaber oder die langfristigen Partner denken t\u00e4ten. Eine absolut hieb- und stichfeste Erhebungsmethode liegt dem zugrunde. Fakten: Es geht hier um 19% der Jazzh\u00f6rerInnen, die potentiell angeblich untreu sind. Diese ruchlosen, amoralischen Jazzfans aber auch. Wer seine Ruhe suchen m\u00f6chte, meide den Jazzclub, das Jazzfestival. Jeder Ton droht zu einer Verf\u00fchrung zu werden. Gierige Blicke pl\u00f6tzlich \u00fcberall. Der Chef von Victoria Milan, ein gewisser Sigurd Vidal (oder Vedal, die Mail ist hier nicht ganz &hellip;<\/p>\n","protected":false},"author":2,"featured_media":0,"comment_status":"open","ping_status":"open","sticky":false,"template":"","format":"standard","meta":{"_jetpack_memberships_contains_paid_content":false,"footnotes":"","jetpack_publicize_message":"","jetpack_publicize_feature_enabled":true,"jetpack_social_post_already_shared":false,"jetpack_social_options":{"image_generator_settings":{"template":"highway","default_image_id":0,"font":"","enabled":false},"version":2}},"categories":[82],"tags":[66,1192,271,918,281,773,14,447,1193,1180,1179],"coauthors":[680],"class_list":["post-6389","post","type-post","status-publish","format-standard","hentry","category-blog","tag-berlin","tag-clubs","tag-jazzclub","tag-jazzfestival","tag-jazzmusiker","tag-mail","tag-politik","tag-pop","tag-radio","tag-sexuelle-befreiung","tag-sozialforschung"],"yoast_head":"<!-- This site is optimized with the Yoast SEO plugin v27.5 - https:\/\/yoast.com\/product\/yoast-seo-wordpress\/ -->\n<title>Die Wahrheit \u00fcber Jazzh\u00f6rerInnen: Untreu, aber gl\u00fccklich! - JazzZeitung<\/title>\n<meta name=\"robots\" content=\"index, follow, max-snippet:-1, max-image-preview:large, max-video-preview:-1\" \/>\n<link rel=\"canonical\" href=\"https:\/\/www.jazzzeitung.de\/cms\/2015\/06\/die-wahrheit-ueber-jazzhoererinnen-sie-sind-untreu-aber-gluecklich\/\" \/>\n<meta property=\"og:locale\" content=\"de_DE\" \/>\n<meta property=\"og:type\" content=\"article\" \/>\n<meta property=\"og:title\" content=\"Die Wahrheit \u00fcber Jazzh\u00f6rerInnen: Untreu, aber gl\u00fccklich! - JazzZeitung\" \/>\n<meta property=\"og:description\" content=\"Die empirische Sozialforschung ist f\u00fcr gew\u00f6hnlich unbestechlich. Die Ergebnisse sind nicht in Zweifel zu ziehen. Da kann man die Akkorde z\u00e4hlen, Intervalle in Konstellationen setzen und den Jazzomat ranlassen. Oder man kann die soziale Situation der Jazzmusiker erheben wie in der JazzStudie 2015 \u2026 Und manches Ergebnis prallen direkt auf Milz und Hirn, so wie dieses, das in einer Pressemitteilung im Maileingang landete: \u201eUntreue h\u00f6ren Jazzmusik\u201c: \u201eJazz, Salsa und Pop sind die drei Musikgenres mit Fans, die am wahrscheinlichsten ihrem Partner untreu sind.\u201c Herausgefunden hat das ein Institut mit dem vielversprechenden Namen Victoria Milan. Das hat seine Mitglieder nach ihrem Musikgeschmack befragt und danach, ob sie beim Musikh\u00f6ren eher an ihre Liebhaber oder die langfristigen Partner denken t\u00e4ten. Eine absolut hieb- und stichfeste Erhebungsmethode liegt dem zugrunde. Fakten: Es geht hier um 19% der Jazzh\u00f6rerInnen, die potentiell angeblich untreu sind. Diese ruchlosen, amoralischen Jazzfans aber auch. Wer seine Ruhe suchen m\u00f6chte, meide den Jazzclub, das Jazzfestival. Jeder Ton droht zu einer Verf\u00fchrung zu werden. Gierige Blicke pl\u00f6tzlich \u00fcberall. Der Chef von Victoria Milan, ein gewisser Sigurd Vidal (oder Vedal, die Mail ist hier nicht ganz &hellip;\" \/>\n<meta property=\"og:url\" content=\"https:\/\/www.jazzzeitung.de\/cms\/2015\/06\/die-wahrheit-ueber-jazzhoererinnen-sie-sind-untreu-aber-gluecklich\/\" \/>\n<meta property=\"og:site_name\" content=\"JazzZeitung\" \/>\n<meta property=\"article:publisher\" content=\"https:\/\/www.facebook.com\/JazzZeitung\/\" \/>\n<meta property=\"article:author\" content=\"https:\/\/www.facebook.com\/hufner\" \/>\n<meta property=\"article:published_time\" content=\"2015-06-12T07:49:24+00:00\" \/>\n<meta property=\"article:modified_time\" content=\"2015-06-12T21:28:27+00:00\" \/>\n<meta property=\"og:image\" content=\"https:\/\/i0.wp.com\/www.jazzzeitung.de\/cms\/wp-content\/uploads\/2015\/06\/hat_c_hufner.jpg?w=276&#038;h=276&#038;crop=1&#038;ssl=1\" \/>\n<meta name=\"author\" content=\"Huflaikhan\" \/>\n<script type=\"application\/ld+json\" class=\"yoast-schema-graph\">{\"@context\":\"https:\\\/\\\/schema.org\",\"@graph\":[{\"@type\":\"Article\",\"@id\":\"https:\\\/\\\/www.jazzzeitung.de\\\/cms\\\/2015\\\/06\\\/die-wahrheit-ueber-jazzhoererinnen-sie-sind-untreu-aber-gluecklich\\\/#article\",\"isPartOf\":{\"@id\":\"https:\\\/\\\/www.jazzzeitung.de\\\/cms\\\/2015\\\/06\\\/die-wahrheit-ueber-jazzhoererinnen-sie-sind-untreu-aber-gluecklich\\\/\"},\"author\":{\"name\":\"Huflaikhan\",\"@id\":\"https:\\\/\\\/www.jazzzeitung.de\\\/cms\\\/#\\\/schema\\\/person\\\/1ba404714b9455401502bc409a7df45e\"},\"headline\":\"Die Wahrheit \u00fcber Jazzh\u00f6rerInnen: Untreu, aber gl\u00fccklich!\",\"datePublished\":\"2015-06-12T07:49:24+00:00\",\"dateModified\":\"2015-06-12T21:28:27+00:00\",\"mainEntityOfPage\":{\"@id\":\"https:\\\/\\\/www.jazzzeitung.de\\\/cms\\\/2015\\\/06\\\/die-wahrheit-ueber-jazzhoererinnen-sie-sind-untreu-aber-gluecklich\\\/\"},\"wordCount\":552,\"commentCount\":0,\"publisher\":{\"@id\":\"https:\\\/\\\/www.jazzzeitung.de\\\/cms\\\/#organization\"},\"image\":{\"@id\":\"https:\\\/\\\/www.jazzzeitung.de\\\/cms\\\/2015\\\/06\\\/die-wahrheit-ueber-jazzhoererinnen-sie-sind-untreu-aber-gluecklich\\\/#primaryimage\"},\"thumbnailUrl\":\"http:\\\/\\\/www.jazzzeitung.de\\\/cms\\\/wp-content\\\/uploads\\\/2015\\\/06\\\/dach-1030061-800x600.jpg\",\"keywords\":[\"Berlin\",\"Clubs\",\"Jazzclub\",\"Jazzfestival\",\"Jazzmusiker\",\"mail\",\"Politik\",\"Pop\",\"Radio\",\"Sexuelle Befreiung\",\"Sozialforschung\"],\"articleSection\":[\"Blog\"],\"inLanguage\":\"de\",\"potentialAction\":[{\"@type\":\"CommentAction\",\"name\":\"Comment\",\"target\":[\"https:\\\/\\\/www.jazzzeitung.de\\\/cms\\\/2015\\\/06\\\/die-wahrheit-ueber-jazzhoererinnen-sie-sind-untreu-aber-gluecklich\\\/#respond\"]}]},{\"@type\":\"WebPage\",\"@id\":\"https:\\\/\\\/www.jazzzeitung.de\\\/cms\\\/2015\\\/06\\\/die-wahrheit-ueber-jazzhoererinnen-sie-sind-untreu-aber-gluecklich\\\/\",\"url\":\"https:\\\/\\\/www.jazzzeitung.de\\\/cms\\\/2015\\\/06\\\/die-wahrheit-ueber-jazzhoererinnen-sie-sind-untreu-aber-gluecklich\\\/\",\"name\":\"Die Wahrheit \u00fcber Jazzh\u00f6rerInnen: Untreu, aber gl\u00fccklich! - JazzZeitung\",\"isPartOf\":{\"@id\":\"https:\\\/\\\/www.jazzzeitung.de\\\/cms\\\/#website\"},\"primaryImageOfPage\":{\"@id\":\"https:\\\/\\\/www.jazzzeitung.de\\\/cms\\\/2015\\\/06\\\/die-wahrheit-ueber-jazzhoererinnen-sie-sind-untreu-aber-gluecklich\\\/#primaryimage\"},\"image\":{\"@id\":\"https:\\\/\\\/www.jazzzeitung.de\\\/cms\\\/2015\\\/06\\\/die-wahrheit-ueber-jazzhoererinnen-sie-sind-untreu-aber-gluecklich\\\/#primaryimage\"},\"thumbnailUrl\":\"http:\\\/\\\/www.jazzzeitung.de\\\/cms\\\/wp-content\\\/uploads\\\/2015\\\/06\\\/dach-1030061-800x600.jpg\",\"datePublished\":\"2015-06-12T07:49:24+00:00\",\"dateModified\":\"2015-06-12T21:28:27+00:00\",\"breadcrumb\":{\"@id\":\"https:\\\/\\\/www.jazzzeitung.de\\\/cms\\\/2015\\\/06\\\/die-wahrheit-ueber-jazzhoererinnen-sie-sind-untreu-aber-gluecklich\\\/#breadcrumb\"},\"inLanguage\":\"de\",\"potentialAction\":[{\"@type\":\"ReadAction\",\"target\":[\"https:\\\/\\\/www.jazzzeitung.de\\\/cms\\\/2015\\\/06\\\/die-wahrheit-ueber-jazzhoererinnen-sie-sind-untreu-aber-gluecklich\\\/\"]}]},{\"@type\":\"ImageObject\",\"inLanguage\":\"de\",\"@id\":\"https:\\\/\\\/www.jazzzeitung.de\\\/cms\\\/2015\\\/06\\\/die-wahrheit-ueber-jazzhoererinnen-sie-sind-untreu-aber-gluecklich\\\/#primaryimage\",\"url\":\"http:\\\/\\\/www.jazzzeitung.de\\\/cms\\\/wp-content\\\/uploads\\\/2015\\\/06\\\/dach-1030061-800x600.jpg\",\"contentUrl\":\"http:\\\/\\\/www.jazzzeitung.de\\\/cms\\\/wp-content\\\/uploads\\\/2015\\\/06\\\/dach-1030061-800x600.jpg\"},{\"@type\":\"BreadcrumbList\",\"@id\":\"https:\\\/\\\/www.jazzzeitung.de\\\/cms\\\/2015\\\/06\\\/die-wahrheit-ueber-jazzhoererinnen-sie-sind-untreu-aber-gluecklich\\\/#breadcrumb\",\"itemListElement\":[{\"@type\":\"ListItem\",\"position\":1,\"name\":\"Startseite\",\"item\":\"https:\\\/\\\/www.jazzzeitung.de\\\/cms\\\/\"},{\"@type\":\"ListItem\",\"position\":2,\"name\":\"Die Wahrheit \u00fcber Jazzh\u00f6rerInnen: Untreu, aber gl\u00fccklich!\"}]},{\"@type\":\"WebSite\",\"@id\":\"https:\\\/\\\/www.jazzzeitung.de\\\/cms\\\/#website\",\"url\":\"https:\\\/\\\/www.jazzzeitung.de\\\/cms\\\/\",\"name\":\"JazzZeitung\",\"description\":\"Jazz-News und Jazz-Kontroverses\",\"publisher\":{\"@id\":\"https:\\\/\\\/www.jazzzeitung.de\\\/cms\\\/#organization\"},\"potentialAction\":[{\"@type\":\"SearchAction\",\"target\":{\"@type\":\"EntryPoint\",\"urlTemplate\":\"https:\\\/\\\/www.jazzzeitung.de\\\/cms\\\/?s={search_term_string}\"},\"query-input\":{\"@type\":\"PropertyValueSpecification\",\"valueRequired\":true,\"valueName\":\"search_term_string\"}}],\"inLanguage\":\"de\"},{\"@type\":\"Organization\",\"@id\":\"https:\\\/\\\/www.jazzzeitung.de\\\/cms\\\/#organization\",\"name\":\"JazzZeitung online\",\"url\":\"https:\\\/\\\/www.jazzzeitung.de\\\/cms\\\/\",\"logo\":{\"@type\":\"ImageObject\",\"inLanguage\":\"de\",\"@id\":\"https:\\\/\\\/www.jazzzeitung.de\\\/cms\\\/#\\\/schema\\\/logo\\\/image\\\/\",\"url\":\"https:\\\/\\\/i0.wp.com\\\/www.jazzzeitung.de\\\/cms\\\/wp-content\\\/uploads\\\/2015\\\/08\\\/JAZZZEITUNGDE_Logo_Neu.png?fit=499%2C200&ssl=1\",\"contentUrl\":\"https:\\\/\\\/i0.wp.com\\\/www.jazzzeitung.de\\\/cms\\\/wp-content\\\/uploads\\\/2015\\\/08\\\/JAZZZEITUNGDE_Logo_Neu.png?fit=499%2C200&ssl=1\",\"width\":499,\"height\":200,\"caption\":\"JazzZeitung online\"},\"image\":{\"@id\":\"https:\\\/\\\/www.jazzzeitung.de\\\/cms\\\/#\\\/schema\\\/logo\\\/image\\\/\"},\"sameAs\":[\"https:\\\/\\\/www.facebook.com\\\/JazzZeitung\\\/\"]},{\"@type\":\"Person\",\"@id\":\"https:\\\/\\\/www.jazzzeitung.de\\\/cms\\\/#\\\/schema\\\/person\\\/1ba404714b9455401502bc409a7df45e\",\"name\":\"Huflaikhan\",\"image\":{\"@type\":\"ImageObject\",\"inLanguage\":\"de\",\"@id\":\"https:\\\/\\\/i0.wp.com\\\/www.jazzzeitung.de\\\/cms\\\/wp-content\\\/uploads\\\/2013\\\/11\\\/huf-06.jpg?resize=96%2C96&ssl=18afacd5aa7627f2840c013425f5a4164\",\"url\":\"https:\\\/\\\/i0.wp.com\\\/www.jazzzeitung.de\\\/cms\\\/wp-content\\\/uploads\\\/2013\\\/11\\\/huf-06.jpg?resize=96%2C96&ssl=1\",\"contentUrl\":\"https:\\\/\\\/i0.wp.com\\\/www.jazzzeitung.de\\\/cms\\\/wp-content\\\/uploads\\\/2013\\\/11\\\/huf-06.jpg?resize=96%2C96&ssl=1\",\"caption\":\"Huflaikhan\"},\"description\":\"Huflaikhan (aka Martin Hufner) hat Musikwissenschaft, Philosophie und Psychologie in Gie\u00dfen studiert und mit einer Arbeit \u00fcber Adorno und die Zw\u00f6lftontechnik promoviert. Seit 1995 ist er freiberuflich als Autor, Fotograf und Netzmacher unterwegs.\",\"sameAs\":[\"https:\\\/\\\/www.kritische-masse.de\\\/logbuch\",\"https:\\\/\\\/www.facebook.com\\\/hufner\"],\"url\":\"https:\\\/\\\/www.jazzzeitung.de\\\/cms\\\/author\\\/hufi\\\/\"}]}<\/script>\n<!-- \/ Yoast SEO plugin. -->","yoast_head_json":{"title":"Die Wahrheit \u00fcber Jazzh\u00f6rerInnen: Untreu, aber gl\u00fccklich! - JazzZeitung","robots":{"index":"index","follow":"follow","max-snippet":"max-snippet:-1","max-image-preview":"max-image-preview:large","max-video-preview":"max-video-preview:-1"},"canonical":"https:\/\/www.jazzzeitung.de\/cms\/2015\/06\/die-wahrheit-ueber-jazzhoererinnen-sie-sind-untreu-aber-gluecklich\/","og_locale":"de_DE","og_type":"article","og_title":"Die Wahrheit \u00fcber Jazzh\u00f6rerInnen: Untreu, aber gl\u00fccklich! - JazzZeitung","og_description":"Die empirische Sozialforschung ist f\u00fcr gew\u00f6hnlich unbestechlich. Die Ergebnisse sind nicht in Zweifel zu ziehen. Da kann man die Akkorde z\u00e4hlen, Intervalle in Konstellationen setzen und den Jazzomat ranlassen. Oder man kann die soziale Situation der Jazzmusiker erheben wie in der JazzStudie 2015 \u2026 Und manches Ergebnis prallen direkt auf Milz und Hirn, so wie dieses, das in einer Pressemitteilung im Maileingang landete: \u201eUntreue h\u00f6ren Jazzmusik\u201c: \u201eJazz, Salsa und Pop sind die drei Musikgenres mit Fans, die am wahrscheinlichsten ihrem Partner untreu sind.\u201c Herausgefunden hat das ein Institut mit dem vielversprechenden Namen Victoria Milan. Das hat seine Mitglieder nach ihrem Musikgeschmack befragt und danach, ob sie beim Musikh\u00f6ren eher an ihre Liebhaber oder die langfristigen Partner denken t\u00e4ten. Eine absolut hieb- und stichfeste Erhebungsmethode liegt dem zugrunde. Fakten: Es geht hier um 19% der Jazzh\u00f6rerInnen, die potentiell angeblich untreu sind. Diese ruchlosen, amoralischen Jazzfans aber auch. Wer seine Ruhe suchen m\u00f6chte, meide den Jazzclub, das Jazzfestival. Jeder Ton droht zu einer Verf\u00fchrung zu werden. Gierige Blicke pl\u00f6tzlich \u00fcberall. Der Chef von Victoria Milan, ein gewisser Sigurd Vidal (oder Vedal, die Mail ist hier nicht ganz &hellip;","og_url":"https:\/\/www.jazzzeitung.de\/cms\/2015\/06\/die-wahrheit-ueber-jazzhoererinnen-sie-sind-untreu-aber-gluecklich\/","og_site_name":"JazzZeitung","article_publisher":"https:\/\/www.facebook.com\/JazzZeitung\/","article_author":"https:\/\/www.facebook.com\/hufner","article_published_time":"2015-06-12T07:49:24+00:00","article_modified_time":"2015-06-12T21:28:27+00:00","og_image":[{"url":"https:\/\/i0.wp.com\/www.jazzzeitung.de\/cms\/wp-content\/uploads\/2015\/06\/hat_c_hufner.jpg?w=276&#038;h=276&#038;crop=1&#038;ssl=1","type":"","width":"","height":""}],"author":"Huflaikhan","schema":{"@context":"https:\/\/schema.org","@graph":[{"@type":"Article","@id":"https:\/\/www.jazzzeitung.de\/cms\/2015\/06\/die-wahrheit-ueber-jazzhoererinnen-sie-sind-untreu-aber-gluecklich\/#article","isPartOf":{"@id":"https:\/\/www.jazzzeitung.de\/cms\/2015\/06\/die-wahrheit-ueber-jazzhoererinnen-sie-sind-untreu-aber-gluecklich\/"},"author":{"name":"Huflaikhan","@id":"https:\/\/www.jazzzeitung.de\/cms\/#\/schema\/person\/1ba404714b9455401502bc409a7df45e"},"headline":"Die Wahrheit \u00fcber Jazzh\u00f6rerInnen: Untreu, aber gl\u00fccklich!","datePublished":"2015-06-12T07:49:24+00:00","dateModified":"2015-06-12T21:28:27+00:00","mainEntityOfPage":{"@id":"https:\/\/www.jazzzeitung.de\/cms\/2015\/06\/die-wahrheit-ueber-jazzhoererinnen-sie-sind-untreu-aber-gluecklich\/"},"wordCount":552,"commentCount":0,"publisher":{"@id":"https:\/\/www.jazzzeitung.de\/cms\/#organization"},"image":{"@id":"https:\/\/www.jazzzeitung.de\/cms\/2015\/06\/die-wahrheit-ueber-jazzhoererinnen-sie-sind-untreu-aber-gluecklich\/#primaryimage"},"thumbnailUrl":"http:\/\/www.jazzzeitung.de\/cms\/wp-content\/uploads\/2015\/06\/dach-1030061-800x600.jpg","keywords":["Berlin","Clubs","Jazzclub","Jazzfestival","Jazzmusiker","mail","Politik","Pop","Radio","Sexuelle Befreiung","Sozialforschung"],"articleSection":["Blog"],"inLanguage":"de","potentialAction":[{"@type":"CommentAction","name":"Comment","target":["https:\/\/www.jazzzeitung.de\/cms\/2015\/06\/die-wahrheit-ueber-jazzhoererinnen-sie-sind-untreu-aber-gluecklich\/#respond"]}]},{"@type":"WebPage","@id":"https:\/\/www.jazzzeitung.de\/cms\/2015\/06\/die-wahrheit-ueber-jazzhoererinnen-sie-sind-untreu-aber-gluecklich\/","url":"https:\/\/www.jazzzeitung.de\/cms\/2015\/06\/die-wahrheit-ueber-jazzhoererinnen-sie-sind-untreu-aber-gluecklich\/","name":"Die Wahrheit \u00fcber Jazzh\u00f6rerInnen: Untreu, aber gl\u00fccklich! - JazzZeitung","isPartOf":{"@id":"https:\/\/www.jazzzeitung.de\/cms\/#website"},"primaryImageOfPage":{"@id":"https:\/\/www.jazzzeitung.de\/cms\/2015\/06\/die-wahrheit-ueber-jazzhoererinnen-sie-sind-untreu-aber-gluecklich\/#primaryimage"},"image":{"@id":"https:\/\/www.jazzzeitung.de\/cms\/2015\/06\/die-wahrheit-ueber-jazzhoererinnen-sie-sind-untreu-aber-gluecklich\/#primaryimage"},"thumbnailUrl":"http:\/\/www.jazzzeitung.de\/cms\/wp-content\/uploads\/2015\/06\/dach-1030061-800x600.jpg","datePublished":"2015-06-12T07:49:24+00:00","dateModified":"2015-06-12T21:28:27+00:00","breadcrumb":{"@id":"https:\/\/www.jazzzeitung.de\/cms\/2015\/06\/die-wahrheit-ueber-jazzhoererinnen-sie-sind-untreu-aber-gluecklich\/#breadcrumb"},"inLanguage":"de","potentialAction":[{"@type":"ReadAction","target":["https:\/\/www.jazzzeitung.de\/cms\/2015\/06\/die-wahrheit-ueber-jazzhoererinnen-sie-sind-untreu-aber-gluecklich\/"]}]},{"@type":"ImageObject","inLanguage":"de","@id":"https:\/\/www.jazzzeitung.de\/cms\/2015\/06\/die-wahrheit-ueber-jazzhoererinnen-sie-sind-untreu-aber-gluecklich\/#primaryimage","url":"http:\/\/www.jazzzeitung.de\/cms\/wp-content\/uploads\/2015\/06\/dach-1030061-800x600.jpg","contentUrl":"http:\/\/www.jazzzeitung.de\/cms\/wp-content\/uploads\/2015\/06\/dach-1030061-800x600.jpg"},{"@type":"BreadcrumbList","@id":"https:\/\/www.jazzzeitung.de\/cms\/2015\/06\/die-wahrheit-ueber-jazzhoererinnen-sie-sind-untreu-aber-gluecklich\/#breadcrumb","itemListElement":[{"@type":"ListItem","position":1,"name":"Startseite","item":"https:\/\/www.jazzzeitung.de\/cms\/"},{"@type":"ListItem","position":2,"name":"Die Wahrheit \u00fcber Jazzh\u00f6rerInnen: Untreu, aber gl\u00fccklich!"}]},{"@type":"WebSite","@id":"https:\/\/www.jazzzeitung.de\/cms\/#website","url":"https:\/\/www.jazzzeitung.de\/cms\/","name":"JazzZeitung","description":"Jazz-News und Jazz-Kontroverses","publisher":{"@id":"https:\/\/www.jazzzeitung.de\/cms\/#organization"},"potentialAction":[{"@type":"SearchAction","target":{"@type":"EntryPoint","urlTemplate":"https:\/\/www.jazzzeitung.de\/cms\/?s={search_term_string}"},"query-input":{"@type":"PropertyValueSpecification","valueRequired":true,"valueName":"search_term_string"}}],"inLanguage":"de"},{"@type":"Organization","@id":"https:\/\/www.jazzzeitung.de\/cms\/#organization","name":"JazzZeitung online","url":"https:\/\/www.jazzzeitung.de\/cms\/","logo":{"@type":"ImageObject","inLanguage":"de","@id":"https:\/\/www.jazzzeitung.de\/cms\/#\/schema\/logo\/image\/","url":"https:\/\/i0.wp.com\/www.jazzzeitung.de\/cms\/wp-content\/uploads\/2015\/08\/JAZZZEITUNGDE_Logo_Neu.png?fit=499%2C200&ssl=1","contentUrl":"https:\/\/i0.wp.com\/www.jazzzeitung.de\/cms\/wp-content\/uploads\/2015\/08\/JAZZZEITUNGDE_Logo_Neu.png?fit=499%2C200&ssl=1","width":499,"height":200,"caption":"JazzZeitung online"},"image":{"@id":"https:\/\/www.jazzzeitung.de\/cms\/#\/schema\/logo\/image\/"},"sameAs":["https:\/\/www.facebook.com\/JazzZeitung\/"]},{"@type":"Person","@id":"https:\/\/www.jazzzeitung.de\/cms\/#\/schema\/person\/1ba404714b9455401502bc409a7df45e","name":"Huflaikhan","image":{"@type":"ImageObject","inLanguage":"de","@id":"https:\/\/i0.wp.com\/www.jazzzeitung.de\/cms\/wp-content\/uploads\/2013\/11\/huf-06.jpg?resize=96%2C96&ssl=18afacd5aa7627f2840c013425f5a4164","url":"https:\/\/i0.wp.com\/www.jazzzeitung.de\/cms\/wp-content\/uploads\/2013\/11\/huf-06.jpg?resize=96%2C96&ssl=1","contentUrl":"https:\/\/i0.wp.com\/www.jazzzeitung.de\/cms\/wp-content\/uploads\/2013\/11\/huf-06.jpg?resize=96%2C96&ssl=1","caption":"Huflaikhan"},"description":"Huflaikhan (aka Martin Hufner) hat Musikwissenschaft, Philosophie und Psychologie in Gie\u00dfen studiert und mit einer Arbeit \u00fcber Adorno und die Zw\u00f6lftontechnik promoviert. Seit 1995 ist er freiberuflich als Autor, Fotograf und Netzmacher unterwegs.","sameAs":["https:\/\/www.kritische-masse.de\/logbuch","https:\/\/www.facebook.com\/hufner"],"url":"https:\/\/www.jazzzeitung.de\/cms\/author\/hufi\/"}]}},"wp-worthy-pixel":{"ignored":false,"public":"b8eb7c417d314cb096f5e409423f4aa0","server":"vg09.met.vgwort.de\/na","url":"https:\/\/vg09.met.vgwort.de\/na\/b8eb7c417d314cb096f5e409423f4aa0"},"wp-worthy-type":"normal","jetpack_publicize_connections":[],"cc_featured_image_caption":{"caption_text":false,"source_text":false,"source_url":false},"jetpack_featured_media_url":"","jetpack_shortlink":"https:\/\/wp.me\/p3KEcT-1F3","jetpack-related-posts":[{"id":3039,"url":"https:\/\/www.jazzzeitung.de\/cms\/2013\/11\/jahre-und-jahre-jazz-lobby-der-lange-weg-zum-spielstaettenprogrammpreis\/","url_meta":{"origin":6389,"position":0},"title":"\u201eJahre und Jahre Jazz-Lobby\u201c: Der lange Weg zum Spielst\u00e4ttenprogrammpreis","author":"Redaktion JazzZeitung","date":"19. November 2013","format":false,"excerpt":"Felix Falk, Saxophonist, stellvertretender Vorsitzender der Union Deutscher Jazzmusiker, Sprecher der Bundeskonferenz Jazz und Jurymitglied des Spielst\u00e4ttenprogrammpreises im Gespr\u00e4ch. - Der neu eingerichtete Spielst\u00e4ttenprogrammpreis Rock, Pop und Jazz wurde in diesem Jahr zum ersten Mal verliehen. Vom Bundestag mit einer Million Euro finanziert, durch Kulturstaatsminister Bernd Neumann in Hamburg am\u2026","rel":"","context":"In &quot;JazzZeitung (print)&quot;","block_context":{"text":"JazzZeitung (print)","link":"https:\/\/www.jazzzeitung.de\/cms\/thema\/archiv\/jazzzeitung-print\/"},"img":{"alt_text":"Felix Falk","src":"https:\/\/i0.wp.com\/www.jazzzeitung.de\/cms\/wp-content\/uploads\/2013\/11\/felix-falk-pf1_sw-150x150.jpg?resize=350%2C200","width":350,"height":200},"classes":[]},{"id":2234,"url":"https:\/\/www.jazzzeitung.de\/cms\/2013\/09\/von-der-notwendigkeit-der-lobbyarbeit\/","url_meta":{"origin":6389,"position":1},"title":"Von der Notwendigkeit der Lobbyarbeit \u2013 Neuigkeiten aus der Union Deutscher Jazzmusiker","author":"Ursula Gaisa","date":"16. September 2013","format":false,"excerpt":"Die Union Deutscher Jazzmusiker kann mit Stolz vermelden, dass sie nach einer Verdreifachung ihrer Mitgliederzahlen 40 Jahre nach ihrer Gr\u00fcndung mit \u00fcber 400 Mitgliedern ungemein vital und pr\u00e4sent ist.","rel":"","context":"In &quot;JazzZeitung (print)&quot;","block_context":{"text":"JazzZeitung (print)","link":"https:\/\/www.jazzzeitung.de\/cms\/thema\/archiv\/jazzzeitung-print\/"},"img":{"alt_text":"(2) Die UDJ-Vorsitzende Julia H\u00fclsmann beim Jubil\u00e4um der Initiative Musik","src":"https:\/\/i0.wp.com\/www.jazzzeitung.de\/cms\/wp-content\/uploads\/2013\/09\/2-Die-UDJ-Vorsitzende-Julia-H%C3%BClsmann-beim-Jubil%C3%A4um-der-Initiative-Musik-300x200.jpg?resize=350%2C200","width":350,"height":200},"classes":[]},{"id":3689,"url":"https:\/\/www.jazzzeitung.de\/cms\/2014\/04\/3689\/","url_meta":{"origin":6389,"position":2},"title":"Jazz Prek\u00e4r? Zu einer Tagung","author":"Redaktion JazzZeitung","date":"4. April 2014","format":false,"excerpt":"Aus der aktuellen Printausgabe der JazzZeitung (auch digital erh\u00e4ltlich unter diesem Link): ein Artikel von Jonas Pirzer (UDJ) - Zur Tagung der Kulturpolitischen Gesellschaft und der Evangelischen Akademie Loccum war die Union Deutscher Jazzmusiker eingeladen, um \u00fcber Lebens- und Arbeitsbedingungen von Jazzmusikerinnen und Jazzmusiker zu berichten. Das etwas provokante Motto\u2026","rel":"","context":"In &quot;Archiv&quot;","block_context":{"text":"Archiv","link":"https:\/\/www.jazzzeitung.de\/cms\/thema\/archiv\/"},"img":{"alt_text":"UDJ_Logo_Final","src":"https:\/\/i0.wp.com\/www.jazzzeitung.de\/cms\/wp-content\/uploads\/2014\/04\/UDJ_Logo_CMYK-nur_kugel-150x150.jpg?resize=350%2C200","width":350,"height":200},"classes":[]},{"id":3252,"url":"https:\/\/www.jazzzeitung.de\/cms\/2014\/01\/beruf-jazzmusiker-5-zusammen-ist-man-weniger-allein\/","url_meta":{"origin":6389,"position":3},"title":"Beruf: Jazzmusiker (5) &#8211; Zusammen ist man weniger allein","author":"Benjamin Schaefer","date":"1. Januar 2014","format":false,"excerpt":"Jazzmusiker sind oft als Einzelk\u00e4mpfer unterwegs in einem Arbeitsfeld, das sehr auf den \u201eganz eigenen, pers\u00f6nlichen Stil\u201c fixiert ist. Jeder sucht f\u00fcr sich nach einer Nische, einer Marktl\u00fccke, in der er sich sein Auskommen sichern kann. Und die Kollegen sind immer auch ein St\u00fcck weit Konkurrenten. Wollen wir unser Werk\u2026","rel":"","context":"In &quot;Blog&quot;","block_context":{"text":"Blog","link":"https:\/\/www.jazzzeitung.de\/cms\/thema\/blog\/"},"img":{"alt_text":"","src":"","width":0,"height":0},"classes":[]},{"id":3386,"url":"https:\/\/www.jazzzeitung.de\/cms\/2014\/01\/beruf-jazzmusiker-6-gema-und-gvl\/","url_meta":{"origin":6389,"position":4},"title":"Beruf: Jazzmusiker (6) &#8211; GEMA und GVL","author":"Benjamin Schaefer","date":"15. Januar 2014","format":false,"excerpt":"Wie schon in der vorangegangenen Folge meines Blogs geht es auch diesmal um Institutionen, die f\u00fcr uns Musiker von zentraler Wichtigkeit sind: die Gesellschaft f\u00fcr mechanische Auff\u00fchrungsrechte (GEMA) und die Gesellschaft zur Verwertung von Leistungsschutzrechten (GVL). Beide Institutionen \u00fcbernehmen f\u00fcr uns Aufgaben, die wir als Einzelpersonen niemals bew\u00e4ltigen k\u00f6nnten: Sie\u2026","rel":"","context":"In &quot;Blog&quot;","block_context":{"text":"Blog","link":"https:\/\/www.jazzzeitung.de\/cms\/thema\/blog\/"},"img":{"alt_text":"","src":"","width":0,"height":0},"classes":[]},{"id":2975,"url":"https:\/\/www.jazzzeitung.de\/cms\/2013\/11\/beruf-jazzmusiker-1-einleitung\/","url_meta":{"origin":6389,"position":5},"title":"Beruf: Jazzmusiker (1) &#8211; Einleitung","author":"Benjamin Schaefer","date":"5. November 2013","format":false,"excerpt":"Wir Musiker haben es derzeit aus verschiedenen Gr\u00fcnden nicht leicht. Die KSK gibt das durchschnittliche Jahreseinkommen unserer Berufsgruppe mit gerade einmal 12.400 Euro brutto an; bei den Berufsanf\u00e4ngern sind es sogar weniger als 10.000 Euro brutto. Damit sind wir nicht nur meilenweit entfernt von den \u00fcblichen Einstiegsgeh\u00e4ltern f\u00fcr Hochschulabsolventen, sondern\u2026","rel":"","context":"In &quot;Blog&quot;","block_context":{"text":"Blog","link":"https:\/\/www.jazzzeitung.de\/cms\/thema\/blog\/"},"img":{"alt_text":"","src":"","width":0,"height":0},"classes":[]}],"jetpack_sharing_enabled":true,"_links":{"self":[{"href":"https:\/\/www.jazzzeitung.de\/cms\/wp-json\/wp\/v2\/posts\/6389","targetHints":{"allow":["GET"]}}],"collection":[{"href":"https:\/\/www.jazzzeitung.de\/cms\/wp-json\/wp\/v2\/posts"}],"about":[{"href":"https:\/\/www.jazzzeitung.de\/cms\/wp-json\/wp\/v2\/types\/post"}],"author":[{"embeddable":true,"href":"https:\/\/www.jazzzeitung.de\/cms\/wp-json\/wp\/v2\/users\/2"}],"replies":[{"embeddable":true,"href":"https:\/\/www.jazzzeitung.de\/cms\/wp-json\/wp\/v2\/comments?post=6389"}],"version-history":[{"count":5,"href":"https:\/\/www.jazzzeitung.de\/cms\/wp-json\/wp\/v2\/posts\/6389\/revisions"}],"predecessor-version":[{"id":6398,"href":"https:\/\/www.jazzzeitung.de\/cms\/wp-json\/wp\/v2\/posts\/6389\/revisions\/6398"}],"wp:attachment":[{"href":"https:\/\/www.jazzzeitung.de\/cms\/wp-json\/wp\/v2\/media?parent=6389"}],"wp:term":[{"taxonomy":"category","embeddable":true,"href":"https:\/\/www.jazzzeitung.de\/cms\/wp-json\/wp\/v2\/categories?post=6389"},{"taxonomy":"post_tag","embeddable":true,"href":"https:\/\/www.jazzzeitung.de\/cms\/wp-json\/wp\/v2\/tags?post=6389"},{"taxonomy":"author","embeddable":true,"href":"https:\/\/www.jazzzeitung.de\/cms\/wp-json\/wp\/v2\/coauthors?post=6389"}],"curies":[{"name":"wp","href":"https:\/\/api.w.org\/{rel}","templated":true}]}}