{"id":6372,"date":"2015-06-10T11:30:38","date_gmt":"2015-06-10T09:30:38","guid":{"rendered":"http:\/\/www.jazzzeitung.de\/cms\/?p=6372"},"modified":"2015-06-10T10:48:40","modified_gmt":"2015-06-10T08:48:40","slug":"jazzkonzert-olching-12-06-2015-milestones-mit-dem-max-von-mosch-quartett-im-kom","status":"publish","type":"post","link":"https:\/\/www.jazzzeitung.de\/cms\/2015\/06\/jazzkonzert-olching-12-06-2015-milestones-mit-dem-max-von-mosch-quartett-im-kom\/","title":{"rendered":"Jazzkonzert in Olching am 12.06.2015  \u201eMilestones\u201c mit dem Max von Mosch Quartett im KOM"},"content":{"rendered":"<figure id=\"attachment_6373\" aria-describedby=\"caption-attachment-6373\" style=\"width: 150px\" class=\"wp-caption alignright\"><a href=\"https:\/\/i0.wp.com\/www.jazzzeitung.de\/cms\/wp-content\/uploads\/2015\/06\/von-Mosch-Max-Copyright-by-TJ-Krebs-jazzphotoagency%40web-de.jpg\"><img data-recalc-dims=\"1\" loading=\"lazy\" decoding=\"async\" data-attachment-id=\"6373\" data-permalink=\"https:\/\/www.jazzzeitung.de\/cms\/2015\/06\/jazzkonzert-olching-12-06-2015-milestones-mit-dem-max-von-mosch-quartett-im-kom\/von-mosch-max-copyright-by-tj-krebs-jazzphotoagencyweb-de\/\" data-orig-file=\"https:\/\/i0.wp.com\/www.jazzzeitung.de\/cms\/wp-content\/uploads\/2015\/06\/von-Mosch-Max-Copyright-by-TJ-Krebs-jazzphotoagency%40web-de.jpg?fit=3600%2C2400&amp;ssl=1\" data-orig-size=\"3600,2400\" data-comments-opened=\"1\" data-image-meta=\"{&quot;aperture&quot;:&quot;0&quot;,&quot;credit&quot;:&quot;&quot;,&quot;camera&quot;:&quot;&quot;,&quot;caption&quot;:&quot;&quot;,&quot;created_timestamp&quot;:&quot;0&quot;,&quot;copyright&quot;:&quot;&quot;,&quot;focal_length&quot;:&quot;0&quot;,&quot;iso&quot;:&quot;0&quot;,&quot;shutter_speed&quot;:&quot;0&quot;,&quot;title&quot;:&quot;&quot;,&quot;orientation&quot;:&quot;0&quot;}\" data-image-title=\"Saxophonist Max von Mosch. Bildquelle: TJ Krebs jazzphotoagency@web.de\" data-image-description=\"\" data-image-caption=\"&lt;p&gt;Saxophonist Max von Mosch. Bildquelle: TJ Krebs jazzphotoagency@web.de&lt;\/p&gt;\n\" data-large-file=\"https:\/\/i0.wp.com\/www.jazzzeitung.de\/cms\/wp-content\/uploads\/2015\/06\/von-Mosch-Max-Copyright-by-TJ-Krebs-jazzphotoagency%40web-de.jpg?fit=840%2C560&amp;ssl=1\" class=\"size-thumbnail wp-image-6373\" src=\"https:\/\/i0.wp.com\/www.jazzzeitung.de\/cms\/wp-content\/uploads\/2015\/06\/von-Mosch-Max-Copyright-by-TJ-Krebs-jazzphotoagency%40web-de-150x150.jpg?resize=150%2C150\" alt=\"Saxophonist Max von Mosch. Bildquelle: TJ Krebs jazzphotoagency@web.de\" width=\"150\" height=\"150\" srcset=\"https:\/\/i0.wp.com\/www.jazzzeitung.de\/cms\/wp-content\/uploads\/2015\/06\/von-Mosch-Max-Copyright-by-TJ-Krebs-jazzphotoagency%40web-de.jpg?resize=150%2C150&amp;ssl=1 150w, https:\/\/i0.wp.com\/www.jazzzeitung.de\/cms\/wp-content\/uploads\/2015\/06\/von-Mosch-Max-Copyright-by-TJ-Krebs-jazzphotoagency%40web-de.jpg?resize=144%2C144&amp;ssl=1 144w, https:\/\/i0.wp.com\/www.jazzzeitung.de\/cms\/wp-content\/uploads\/2015\/06\/von-Mosch-Max-Copyright-by-TJ-Krebs-jazzphotoagency%40web-de.jpg?resize=96%2C96&amp;ssl=1 96w, https:\/\/i0.wp.com\/www.jazzzeitung.de\/cms\/wp-content\/uploads\/2015\/06\/von-Mosch-Max-Copyright-by-TJ-Krebs-jazzphotoagency%40web-de.jpg?resize=24%2C24&amp;ssl=1 24w, https:\/\/i0.wp.com\/www.jazzzeitung.de\/cms\/wp-content\/uploads\/2015\/06\/von-Mosch-Max-Copyright-by-TJ-Krebs-jazzphotoagency%40web-de.jpg?resize=36%2C36&amp;ssl=1 36w, https:\/\/i0.wp.com\/www.jazzzeitung.de\/cms\/wp-content\/uploads\/2015\/06\/von-Mosch-Max-Copyright-by-TJ-Krebs-jazzphotoagency%40web-de.jpg?resize=48%2C48&amp;ssl=1 48w, https:\/\/i0.wp.com\/www.jazzzeitung.de\/cms\/wp-content\/uploads\/2015\/06\/von-Mosch-Max-Copyright-by-TJ-Krebs-jazzphotoagency%40web-de.jpg?resize=64%2C64&amp;ssl=1 64w, https:\/\/i0.wp.com\/www.jazzzeitung.de\/cms\/wp-content\/uploads\/2015\/06\/von-Mosch-Max-Copyright-by-TJ-Krebs-jazzphotoagency%40web-de.jpg?resize=32%2C32&amp;ssl=1 32w, https:\/\/i0.wp.com\/www.jazzzeitung.de\/cms\/wp-content\/uploads\/2015\/06\/von-Mosch-Max-Copyright-by-TJ-Krebs-jazzphotoagency%40web-de.jpg?resize=128%2C128&amp;ssl=1 128w, https:\/\/i0.wp.com\/www.jazzzeitung.de\/cms\/wp-content\/uploads\/2015\/06\/von-Mosch-Max-Copyright-by-TJ-Krebs-jazzphotoagency%40web-de.jpg?zoom=2&amp;resize=150%2C150&amp;ssl=1 300w, https:\/\/i0.wp.com\/www.jazzzeitung.de\/cms\/wp-content\/uploads\/2015\/06\/von-Mosch-Max-Copyright-by-TJ-Krebs-jazzphotoagency%40web-de.jpg?zoom=3&amp;resize=150%2C150&amp;ssl=1 450w\" sizes=\"auto, (max-width: 150px) 100vw, 150px\" \/><\/a><figcaption id=\"caption-attachment-6373\" class=\"wp-caption-text\">Saxophonist Max von Mosch. Bildquelle: TJ Krebs jazzphotoagency@web.de<\/figcaption><\/figure>\n<p>Von Thomas J. Krebs \u2013 Wer behauptet, nur in M\u00fcnchen werde erstklassiger Jazz live gespielt, der sollte am kommenden Freitag um 19:30h im Olchinger KOM (Hauptstra\u00dfe 68, 82140 Olching) einfach mit dabei sein. Bereits in der Vergangenheit begeisterte der Saxophonist Max von Mosch mit seiner Formation max.bab dort das Publikum. Gemeinsam mit dem New Yorker Vibraphonisten Tim Collins, dem M\u00fcnchner Andreas Kurz am Bass sowie dem amerikanischen Schlagzeuger Rick Hollander widmet sich von Mosch mit seinem Quartett aktuell den Urgesteinen der Jazzgeschichte wie George Gershwin, Duke Ellington, Thelonious Monk oder Miles Davis, deren Kompositionen nichts von ihrer Strahlkraft verloren haben. Das Milestones Konzert in Olching ist ein weiterer Meilenstein f\u00fcr die Konzertreihe im KOM, und es wird mit Sicherheit wieder ein fantastischer Abend, der sich musikalisch emanzipiert in entspannter Atmosph\u00e4re zwischen Tradition und Moderne bewegen wird. Der Eintritt betr\u00e4gt 17 Euro (15 Euro im VVK an der Rathauskasse und im Buchladen).<\/p>\n","protected":false},"excerpt":{"rendered":"<p>Von Thomas J. Krebs \u2013 Wer behauptet, nur in M\u00fcnchen werde erstklassiger Jazz live gespielt, der sollte am kommenden Freitag um 19:30h im Olchinger KOM (Hauptstra\u00dfe 68, 82140 Olching) einfach mit dabei sein. Bereits in der Vergangenheit begeisterte der Saxophonist Max von Mosch mit seiner Formation max.bab dort das Publikum. Gemeinsam mit dem New Yorker Vibraphonisten Tim Collins, dem M\u00fcnchner Andreas Kurz am Bass sowie dem amerikanischen Schlagzeuger Rick Hollander widmet sich von Mosch mit seinem Quartett aktuell den Urgesteinen der Jazzgeschichte wie George Gershwin, Duke Ellington, Thelonious Monk oder Miles Davis, deren Kompositionen nichts von ihrer Strahlkraft verloren haben. Das Milestones Konzert in Olching ist ein weiterer Meilenstein f\u00fcr die Konzertreihe im KOM, und es wird mit Sicherheit wieder ein fantastischer Abend, der sich musikalisch emanzipiert in entspannter Atmosph\u00e4re zwischen Tradition und Moderne bewegen wird. Der Eintritt betr\u00e4gt 17 Euro (15 Euro im VVK an der Rathauskasse und im Buchladen).<\/p>\n","protected":false},"author":18,"featured_media":0,"comment_status":"open","ping_status":"closed","sticky":false,"template":"","format":"standard","meta":{"_jetpack_memberships_contains_paid_content":false,"footnotes":"","jetpack_publicize_message":"","jetpack_publicize_feature_enabled":true,"jetpack_social_post_already_shared":false,"jetpack_social_options":{"image_generator_settings":{"template":"highway","default_image_id":0,"font":"","enabled":false},"version":2}},"categories":[1053],"tags":[1058,322,390,401,542],"coauthors":[695],"class_list":["post-6372","post","type-post","status-publish","format-standard","hentry","category-bericht","tag-jazzgeschichte","tag-konzert-2","tag-miles-davis","tag-muenchen","tag-thelonious-monk"],"yoast_head":"<!-- This site is optimized with the Yoast SEO plugin v27.5 - https:\/\/yoast.com\/product\/yoast-seo-wordpress\/ -->\n<title>Jazzkonzert in Olching am 12.06.2015 \u201eMilestones\u201c mit dem Max von Mosch Quartett im KOM - JazzZeitung<\/title>\n<meta name=\"robots\" content=\"index, follow, max-snippet:-1, max-image-preview:large, max-video-preview:-1\" \/>\n<link rel=\"canonical\" href=\"https:\/\/www.jazzzeitung.de\/cms\/2015\/06\/jazzkonzert-olching-12-06-2015-milestones-mit-dem-max-von-mosch-quartett-im-kom\/\" \/>\n<meta property=\"og:locale\" content=\"de_DE\" \/>\n<meta property=\"og:type\" content=\"article\" \/>\n<meta property=\"og:title\" content=\"Jazzkonzert in Olching am 12.06.2015 \u201eMilestones\u201c mit dem Max von Mosch Quartett im KOM - JazzZeitung\" \/>\n<meta property=\"og:description\" content=\"Von Thomas J. Krebs \u2013 Wer behauptet, nur in M\u00fcnchen werde erstklassiger Jazz live gespielt, der sollte am kommenden Freitag um 19:30h im Olchinger KOM (Hauptstra\u00dfe 68, 82140 Olching) einfach mit dabei sein. Bereits in der Vergangenheit begeisterte der Saxophonist Max von Mosch mit seiner Formation max.bab dort das Publikum. Gemeinsam mit dem New Yorker Vibraphonisten Tim Collins, dem M\u00fcnchner Andreas Kurz am Bass sowie dem amerikanischen Schlagzeuger Rick Hollander widmet sich von Mosch mit seinem Quartett aktuell den Urgesteinen der Jazzgeschichte wie George Gershwin, Duke Ellington, Thelonious Monk oder Miles Davis, deren Kompositionen nichts von ihrer Strahlkraft verloren haben. Das Milestones Konzert in Olching ist ein weiterer Meilenstein f\u00fcr die Konzertreihe im KOM, und es wird mit Sicherheit wieder ein fantastischer Abend, der sich musikalisch emanzipiert in entspannter Atmosph\u00e4re zwischen Tradition und Moderne bewegen wird. Der Eintritt betr\u00e4gt 17 Euro (15 Euro im VVK an der Rathauskasse und im Buchladen).\" \/>\n<meta property=\"og:url\" content=\"https:\/\/www.jazzzeitung.de\/cms\/2015\/06\/jazzkonzert-olching-12-06-2015-milestones-mit-dem-max-von-mosch-quartett-im-kom\/\" \/>\n<meta property=\"og:site_name\" content=\"JazzZeitung\" \/>\n<meta property=\"article:publisher\" content=\"https:\/\/www.facebook.com\/JazzZeitung\/\" \/>\n<meta property=\"article:published_time\" content=\"2015-06-10T09:30:38+00:00\" \/>\n<meta property=\"og:image\" content=\"http:\/\/www.jazzzeitung.de\/cms\/wp-content\/uploads\/2015\/06\/von-Mosch-Max-Copyright-by-TJ-Krebs-jazzphotoagency@web-de-150x150.jpg\" \/>\n<meta name=\"author\" content=\"Redaktion JazzZeitung\" \/>\n<script type=\"application\/ld+json\" class=\"yoast-schema-graph\">{\"@context\":\"https:\\\/\\\/schema.org\",\"@graph\":[{\"@type\":\"Article\",\"@id\":\"https:\\\/\\\/www.jazzzeitung.de\\\/cms\\\/2015\\\/06\\\/jazzkonzert-olching-12-06-2015-milestones-mit-dem-max-von-mosch-quartett-im-kom\\\/#article\",\"isPartOf\":{\"@id\":\"https:\\\/\\\/www.jazzzeitung.de\\\/cms\\\/2015\\\/06\\\/jazzkonzert-olching-12-06-2015-milestones-mit-dem-max-von-mosch-quartett-im-kom\\\/\"},\"author\":{\"name\":\"Redaktion JazzZeitung\",\"@id\":\"https:\\\/\\\/www.jazzzeitung.de\\\/cms\\\/#\\\/schema\\\/person\\\/2245b36b9cd1d24cea10f01c031fb92b\"},\"headline\":\"Jazzkonzert in Olching am 12.06.2015 \u201eMilestones\u201c mit dem Max von Mosch Quartett im KOM\",\"datePublished\":\"2015-06-10T09:30:38+00:00\",\"mainEntityOfPage\":{\"@id\":\"https:\\\/\\\/www.jazzzeitung.de\\\/cms\\\/2015\\\/06\\\/jazzkonzert-olching-12-06-2015-milestones-mit-dem-max-von-mosch-quartett-im-kom\\\/\"},\"wordCount\":183,\"commentCount\":0,\"publisher\":{\"@id\":\"https:\\\/\\\/www.jazzzeitung.de\\\/cms\\\/#organization\"},\"image\":{\"@id\":\"https:\\\/\\\/www.jazzzeitung.de\\\/cms\\\/2015\\\/06\\\/jazzkonzert-olching-12-06-2015-milestones-mit-dem-max-von-mosch-quartett-im-kom\\\/#primaryimage\"},\"thumbnailUrl\":\"http:\\\/\\\/www.jazzzeitung.de\\\/cms\\\/wp-content\\\/uploads\\\/2015\\\/06\\\/von-Mosch-Max-Copyright-by-TJ-Krebs-jazzphotoagency@web-de-150x150.jpg\",\"keywords\":[\"Jazzgeschichte\",\"Konzert\",\"Miles Davis\",\"M\u00fcnchen\",\"Thelonious Monk\"],\"articleSection\":[\"Bericht\"],\"inLanguage\":\"de\",\"potentialAction\":[{\"@type\":\"CommentAction\",\"name\":\"Comment\",\"target\":[\"https:\\\/\\\/www.jazzzeitung.de\\\/cms\\\/2015\\\/06\\\/jazzkonzert-olching-12-06-2015-milestones-mit-dem-max-von-mosch-quartett-im-kom\\\/#respond\"]}]},{\"@type\":\"WebPage\",\"@id\":\"https:\\\/\\\/www.jazzzeitung.de\\\/cms\\\/2015\\\/06\\\/jazzkonzert-olching-12-06-2015-milestones-mit-dem-max-von-mosch-quartett-im-kom\\\/\",\"url\":\"https:\\\/\\\/www.jazzzeitung.de\\\/cms\\\/2015\\\/06\\\/jazzkonzert-olching-12-06-2015-milestones-mit-dem-max-von-mosch-quartett-im-kom\\\/\",\"name\":\"Jazzkonzert in Olching am 12.06.2015 \u201eMilestones\u201c mit dem Max von Mosch Quartett im KOM - JazzZeitung\",\"isPartOf\":{\"@id\":\"https:\\\/\\\/www.jazzzeitung.de\\\/cms\\\/#website\"},\"primaryImageOfPage\":{\"@id\":\"https:\\\/\\\/www.jazzzeitung.de\\\/cms\\\/2015\\\/06\\\/jazzkonzert-olching-12-06-2015-milestones-mit-dem-max-von-mosch-quartett-im-kom\\\/#primaryimage\"},\"image\":{\"@id\":\"https:\\\/\\\/www.jazzzeitung.de\\\/cms\\\/2015\\\/06\\\/jazzkonzert-olching-12-06-2015-milestones-mit-dem-max-von-mosch-quartett-im-kom\\\/#primaryimage\"},\"thumbnailUrl\":\"http:\\\/\\\/www.jazzzeitung.de\\\/cms\\\/wp-content\\\/uploads\\\/2015\\\/06\\\/von-Mosch-Max-Copyright-by-TJ-Krebs-jazzphotoagency@web-de-150x150.jpg\",\"datePublished\":\"2015-06-10T09:30:38+00:00\",\"breadcrumb\":{\"@id\":\"https:\\\/\\\/www.jazzzeitung.de\\\/cms\\\/2015\\\/06\\\/jazzkonzert-olching-12-06-2015-milestones-mit-dem-max-von-mosch-quartett-im-kom\\\/#breadcrumb\"},\"inLanguage\":\"de\",\"potentialAction\":[{\"@type\":\"ReadAction\",\"target\":[\"https:\\\/\\\/www.jazzzeitung.de\\\/cms\\\/2015\\\/06\\\/jazzkonzert-olching-12-06-2015-milestones-mit-dem-max-von-mosch-quartett-im-kom\\\/\"]}]},{\"@type\":\"ImageObject\",\"inLanguage\":\"de\",\"@id\":\"https:\\\/\\\/www.jazzzeitung.de\\\/cms\\\/2015\\\/06\\\/jazzkonzert-olching-12-06-2015-milestones-mit-dem-max-von-mosch-quartett-im-kom\\\/#primaryimage\",\"url\":\"http:\\\/\\\/www.jazzzeitung.de\\\/cms\\\/wp-content\\\/uploads\\\/2015\\\/06\\\/von-Mosch-Max-Copyright-by-TJ-Krebs-jazzphotoagency@web-de-150x150.jpg\",\"contentUrl\":\"http:\\\/\\\/www.jazzzeitung.de\\\/cms\\\/wp-content\\\/uploads\\\/2015\\\/06\\\/von-Mosch-Max-Copyright-by-TJ-Krebs-jazzphotoagency@web-de-150x150.jpg\"},{\"@type\":\"BreadcrumbList\",\"@id\":\"https:\\\/\\\/www.jazzzeitung.de\\\/cms\\\/2015\\\/06\\\/jazzkonzert-olching-12-06-2015-milestones-mit-dem-max-von-mosch-quartett-im-kom\\\/#breadcrumb\",\"itemListElement\":[{\"@type\":\"ListItem\",\"position\":1,\"name\":\"Startseite\",\"item\":\"https:\\\/\\\/www.jazzzeitung.de\\\/cms\\\/\"},{\"@type\":\"ListItem\",\"position\":2,\"name\":\"Jazzkonzert in Olching am 12.06.2015 \u201eMilestones\u201c mit dem Max von Mosch Quartett im KOM\"}]},{\"@type\":\"WebSite\",\"@id\":\"https:\\\/\\\/www.jazzzeitung.de\\\/cms\\\/#website\",\"url\":\"https:\\\/\\\/www.jazzzeitung.de\\\/cms\\\/\",\"name\":\"JazzZeitung\",\"description\":\"Jazz-News und Jazz-Kontroverses\",\"publisher\":{\"@id\":\"https:\\\/\\\/www.jazzzeitung.de\\\/cms\\\/#organization\"},\"potentialAction\":[{\"@type\":\"SearchAction\",\"target\":{\"@type\":\"EntryPoint\",\"urlTemplate\":\"https:\\\/\\\/www.jazzzeitung.de\\\/cms\\\/?s={search_term_string}\"},\"query-input\":{\"@type\":\"PropertyValueSpecification\",\"valueRequired\":true,\"valueName\":\"search_term_string\"}}],\"inLanguage\":\"de\"},{\"@type\":\"Organization\",\"@id\":\"https:\\\/\\\/www.jazzzeitung.de\\\/cms\\\/#organization\",\"name\":\"JazzZeitung online\",\"url\":\"https:\\\/\\\/www.jazzzeitung.de\\\/cms\\\/\",\"logo\":{\"@type\":\"ImageObject\",\"inLanguage\":\"de\",\"@id\":\"https:\\\/\\\/www.jazzzeitung.de\\\/cms\\\/#\\\/schema\\\/logo\\\/image\\\/\",\"url\":\"https:\\\/\\\/i0.wp.com\\\/www.jazzzeitung.de\\\/cms\\\/wp-content\\\/uploads\\\/2015\\\/08\\\/JAZZZEITUNGDE_Logo_Neu.png?fit=499%2C200&ssl=1\",\"contentUrl\":\"https:\\\/\\\/i0.wp.com\\\/www.jazzzeitung.de\\\/cms\\\/wp-content\\\/uploads\\\/2015\\\/08\\\/JAZZZEITUNGDE_Logo_Neu.png?fit=499%2C200&ssl=1\",\"width\":499,\"height\":200,\"caption\":\"JazzZeitung online\"},\"image\":{\"@id\":\"https:\\\/\\\/www.jazzzeitung.de\\\/cms\\\/#\\\/schema\\\/logo\\\/image\\\/\"},\"sameAs\":[\"https:\\\/\\\/www.facebook.com\\\/JazzZeitung\\\/\"]},{\"@type\":\"Person\",\"@id\":\"https:\\\/\\\/www.jazzzeitung.de\\\/cms\\\/#\\\/schema\\\/person\\\/2245b36b9cd1d24cea10f01c031fb92b\",\"name\":\"Redaktion JazzZeitung\",\"image\":{\"@type\":\"ImageObject\",\"inLanguage\":\"de\",\"@id\":\"https:\\\/\\\/i0.wp.com\\\/www.jazzzeitung.de\\\/cms\\\/wp-content\\\/uploads\\\/2015\\\/08\\\/JAZZZEITUNGDE_Logo_Neu.png?resize=96%2C96&ssl=159975dcacb611b5700bd619b5daf0a7a\",\"url\":\"https:\\\/\\\/i0.wp.com\\\/www.jazzzeitung.de\\\/cms\\\/wp-content\\\/uploads\\\/2015\\\/08\\\/JAZZZEITUNGDE_Logo_Neu.png?resize=96%2C96&ssl=1\",\"contentUrl\":\"https:\\\/\\\/i0.wp.com\\\/www.jazzzeitung.de\\\/cms\\\/wp-content\\\/uploads\\\/2015\\\/08\\\/JAZZZEITUNGDE_Logo_Neu.png?resize=96%2C96&ssl=1\",\"caption\":\"Redaktion JazzZeitung\"},\"description\":\"Artikel der Redaktion der JazzZeitung.\",\"sameAs\":[\"http:\\\/\\\/www.jazzzeitung.de\\\/cms\\\/\"],\"url\":\"https:\\\/\\\/www.jazzzeitung.de\\\/cms\\\/author\\\/redaktion\\\/\"}]}<\/script>\n<!-- \/ Yoast SEO plugin. -->","yoast_head_json":{"title":"Jazzkonzert in Olching am 12.06.2015 \u201eMilestones\u201c mit dem Max von Mosch Quartett im KOM - JazzZeitung","robots":{"index":"index","follow":"follow","max-snippet":"max-snippet:-1","max-image-preview":"max-image-preview:large","max-video-preview":"max-video-preview:-1"},"canonical":"https:\/\/www.jazzzeitung.de\/cms\/2015\/06\/jazzkonzert-olching-12-06-2015-milestones-mit-dem-max-von-mosch-quartett-im-kom\/","og_locale":"de_DE","og_type":"article","og_title":"Jazzkonzert in Olching am 12.06.2015 \u201eMilestones\u201c mit dem Max von Mosch Quartett im KOM - JazzZeitung","og_description":"Von Thomas J. Krebs \u2013 Wer behauptet, nur in M\u00fcnchen werde erstklassiger Jazz live gespielt, der sollte am kommenden Freitag um 19:30h im Olchinger KOM (Hauptstra\u00dfe 68, 82140 Olching) einfach mit dabei sein. Bereits in der Vergangenheit begeisterte der Saxophonist Max von Mosch mit seiner Formation max.bab dort das Publikum. Gemeinsam mit dem New Yorker Vibraphonisten Tim Collins, dem M\u00fcnchner Andreas Kurz am Bass sowie dem amerikanischen Schlagzeuger Rick Hollander widmet sich von Mosch mit seinem Quartett aktuell den Urgesteinen der Jazzgeschichte wie George Gershwin, Duke Ellington, Thelonious Monk oder Miles Davis, deren Kompositionen nichts von ihrer Strahlkraft verloren haben. Das Milestones Konzert in Olching ist ein weiterer Meilenstein f\u00fcr die Konzertreihe im KOM, und es wird mit Sicherheit wieder ein fantastischer Abend, der sich musikalisch emanzipiert in entspannter Atmosph\u00e4re zwischen Tradition und Moderne bewegen wird. Der Eintritt betr\u00e4gt 17 Euro (15 Euro im VVK an der Rathauskasse und im Buchladen).","og_url":"https:\/\/www.jazzzeitung.de\/cms\/2015\/06\/jazzkonzert-olching-12-06-2015-milestones-mit-dem-max-von-mosch-quartett-im-kom\/","og_site_name":"JazzZeitung","article_publisher":"https:\/\/www.facebook.com\/JazzZeitung\/","article_published_time":"2015-06-10T09:30:38+00:00","og_image":[{"url":"http:\/\/www.jazzzeitung.de\/cms\/wp-content\/uploads\/2015\/06\/von-Mosch-Max-Copyright-by-TJ-Krebs-jazzphotoagency@web-de-150x150.jpg","type":"","width":"","height":""}],"author":"Redaktion JazzZeitung","schema":{"@context":"https:\/\/schema.org","@graph":[{"@type":"Article","@id":"https:\/\/www.jazzzeitung.de\/cms\/2015\/06\/jazzkonzert-olching-12-06-2015-milestones-mit-dem-max-von-mosch-quartett-im-kom\/#article","isPartOf":{"@id":"https:\/\/www.jazzzeitung.de\/cms\/2015\/06\/jazzkonzert-olching-12-06-2015-milestones-mit-dem-max-von-mosch-quartett-im-kom\/"},"author":{"name":"Redaktion JazzZeitung","@id":"https:\/\/www.jazzzeitung.de\/cms\/#\/schema\/person\/2245b36b9cd1d24cea10f01c031fb92b"},"headline":"Jazzkonzert in Olching am 12.06.2015 \u201eMilestones\u201c mit dem Max von Mosch Quartett im KOM","datePublished":"2015-06-10T09:30:38+00:00","mainEntityOfPage":{"@id":"https:\/\/www.jazzzeitung.de\/cms\/2015\/06\/jazzkonzert-olching-12-06-2015-milestones-mit-dem-max-von-mosch-quartett-im-kom\/"},"wordCount":183,"commentCount":0,"publisher":{"@id":"https:\/\/www.jazzzeitung.de\/cms\/#organization"},"image":{"@id":"https:\/\/www.jazzzeitung.de\/cms\/2015\/06\/jazzkonzert-olching-12-06-2015-milestones-mit-dem-max-von-mosch-quartett-im-kom\/#primaryimage"},"thumbnailUrl":"http:\/\/www.jazzzeitung.de\/cms\/wp-content\/uploads\/2015\/06\/von-Mosch-Max-Copyright-by-TJ-Krebs-jazzphotoagency@web-de-150x150.jpg","keywords":["Jazzgeschichte","Konzert","Miles Davis","M\u00fcnchen","Thelonious Monk"],"articleSection":["Bericht"],"inLanguage":"de","potentialAction":[{"@type":"CommentAction","name":"Comment","target":["https:\/\/www.jazzzeitung.de\/cms\/2015\/06\/jazzkonzert-olching-12-06-2015-milestones-mit-dem-max-von-mosch-quartett-im-kom\/#respond"]}]},{"@type":"WebPage","@id":"https:\/\/www.jazzzeitung.de\/cms\/2015\/06\/jazzkonzert-olching-12-06-2015-milestones-mit-dem-max-von-mosch-quartett-im-kom\/","url":"https:\/\/www.jazzzeitung.de\/cms\/2015\/06\/jazzkonzert-olching-12-06-2015-milestones-mit-dem-max-von-mosch-quartett-im-kom\/","name":"Jazzkonzert in Olching am 12.06.2015 \u201eMilestones\u201c mit dem Max von Mosch Quartett im KOM - JazzZeitung","isPartOf":{"@id":"https:\/\/www.jazzzeitung.de\/cms\/#website"},"primaryImageOfPage":{"@id":"https:\/\/www.jazzzeitung.de\/cms\/2015\/06\/jazzkonzert-olching-12-06-2015-milestones-mit-dem-max-von-mosch-quartett-im-kom\/#primaryimage"},"image":{"@id":"https:\/\/www.jazzzeitung.de\/cms\/2015\/06\/jazzkonzert-olching-12-06-2015-milestones-mit-dem-max-von-mosch-quartett-im-kom\/#primaryimage"},"thumbnailUrl":"http:\/\/www.jazzzeitung.de\/cms\/wp-content\/uploads\/2015\/06\/von-Mosch-Max-Copyright-by-TJ-Krebs-jazzphotoagency@web-de-150x150.jpg","datePublished":"2015-06-10T09:30:38+00:00","breadcrumb":{"@id":"https:\/\/www.jazzzeitung.de\/cms\/2015\/06\/jazzkonzert-olching-12-06-2015-milestones-mit-dem-max-von-mosch-quartett-im-kom\/#breadcrumb"},"inLanguage":"de","potentialAction":[{"@type":"ReadAction","target":["https:\/\/www.jazzzeitung.de\/cms\/2015\/06\/jazzkonzert-olching-12-06-2015-milestones-mit-dem-max-von-mosch-quartett-im-kom\/"]}]},{"@type":"ImageObject","inLanguage":"de","@id":"https:\/\/www.jazzzeitung.de\/cms\/2015\/06\/jazzkonzert-olching-12-06-2015-milestones-mit-dem-max-von-mosch-quartett-im-kom\/#primaryimage","url":"http:\/\/www.jazzzeitung.de\/cms\/wp-content\/uploads\/2015\/06\/von-Mosch-Max-Copyright-by-TJ-Krebs-jazzphotoagency@web-de-150x150.jpg","contentUrl":"http:\/\/www.jazzzeitung.de\/cms\/wp-content\/uploads\/2015\/06\/von-Mosch-Max-Copyright-by-TJ-Krebs-jazzphotoagency@web-de-150x150.jpg"},{"@type":"BreadcrumbList","@id":"https:\/\/www.jazzzeitung.de\/cms\/2015\/06\/jazzkonzert-olching-12-06-2015-milestones-mit-dem-max-von-mosch-quartett-im-kom\/#breadcrumb","itemListElement":[{"@type":"ListItem","position":1,"name":"Startseite","item":"https:\/\/www.jazzzeitung.de\/cms\/"},{"@type":"ListItem","position":2,"name":"Jazzkonzert in Olching am 12.06.2015 \u201eMilestones\u201c mit dem Max von Mosch Quartett im KOM"}]},{"@type":"WebSite","@id":"https:\/\/www.jazzzeitung.de\/cms\/#website","url":"https:\/\/www.jazzzeitung.de\/cms\/","name":"JazzZeitung","description":"Jazz-News und Jazz-Kontroverses","publisher":{"@id":"https:\/\/www.jazzzeitung.de\/cms\/#organization"},"potentialAction":[{"@type":"SearchAction","target":{"@type":"EntryPoint","urlTemplate":"https:\/\/www.jazzzeitung.de\/cms\/?s={search_term_string}"},"query-input":{"@type":"PropertyValueSpecification","valueRequired":true,"valueName":"search_term_string"}}],"inLanguage":"de"},{"@type":"Organization","@id":"https:\/\/www.jazzzeitung.de\/cms\/#organization","name":"JazzZeitung online","url":"https:\/\/www.jazzzeitung.de\/cms\/","logo":{"@type":"ImageObject","inLanguage":"de","@id":"https:\/\/www.jazzzeitung.de\/cms\/#\/schema\/logo\/image\/","url":"https:\/\/i0.wp.com\/www.jazzzeitung.de\/cms\/wp-content\/uploads\/2015\/08\/JAZZZEITUNGDE_Logo_Neu.png?fit=499%2C200&ssl=1","contentUrl":"https:\/\/i0.wp.com\/www.jazzzeitung.de\/cms\/wp-content\/uploads\/2015\/08\/JAZZZEITUNGDE_Logo_Neu.png?fit=499%2C200&ssl=1","width":499,"height":200,"caption":"JazzZeitung online"},"image":{"@id":"https:\/\/www.jazzzeitung.de\/cms\/#\/schema\/logo\/image\/"},"sameAs":["https:\/\/www.facebook.com\/JazzZeitung\/"]},{"@type":"Person","@id":"https:\/\/www.jazzzeitung.de\/cms\/#\/schema\/person\/2245b36b9cd1d24cea10f01c031fb92b","name":"Redaktion JazzZeitung","image":{"@type":"ImageObject","inLanguage":"de","@id":"https:\/\/i0.wp.com\/www.jazzzeitung.de\/cms\/wp-content\/uploads\/2015\/08\/JAZZZEITUNGDE_Logo_Neu.png?resize=96%2C96&ssl=159975dcacb611b5700bd619b5daf0a7a","url":"https:\/\/i0.wp.com\/www.jazzzeitung.de\/cms\/wp-content\/uploads\/2015\/08\/JAZZZEITUNGDE_Logo_Neu.png?resize=96%2C96&ssl=1","contentUrl":"https:\/\/i0.wp.com\/www.jazzzeitung.de\/cms\/wp-content\/uploads\/2015\/08\/JAZZZEITUNGDE_Logo_Neu.png?resize=96%2C96&ssl=1","caption":"Redaktion JazzZeitung"},"description":"Artikel der Redaktion der JazzZeitung.","sameAs":["http:\/\/www.jazzzeitung.de\/cms\/"],"url":"https:\/\/www.jazzzeitung.de\/cms\/author\/redaktion\/"}]}},"wp-worthy-pixel":{"ignored":false,"public":null,"server":null,"url":null},"wp-worthy-type":"normal","jetpack_publicize_connections":[],"cc_featured_image_caption":{"caption_text":false,"source_text":false,"source_url":false},"jetpack_featured_media_url":"","jetpack_shortlink":"https:\/\/wp.me\/p3KEcT-1EM","jetpack-related-posts":[{"id":13195,"url":"https:\/\/www.jazzzeitung.de\/cms\/2017\/08\/alpen-klezmer-mit-andrea-pancur-im-kom-olching\/","url_meta":{"origin":6372,"position":0},"title":"Alpen Klezmer mit Andrea Pancur im KOM Olching","author":"Redaktion JazzZeitung","date":"3. August 2017","format":false,"excerpt":"Im Rahmen der Kreiskulturtage F\u00fcrstenfeldbruck startete im Olchinger KOM unter dem Motto \u201eHeimat im Wandel \u2013 eine sommerliche Begegnung\u201c der Auftakt einer Konzertreihe mit der Ausnahmek\u00fcnstlerin Andrea Pancur. \u201eAlpen Klezmer\u201c - so bezeichnet Pancur ihre, mit dem deutschen Weltmusikpreis ausgezeichnete, wilde Mischung von bayrischer, jiddischer und s\u00fcdl\u00e4ndischer Musik. Gemeinsam mit\u2026","rel":"","context":"In &quot;Galerie&quot;","block_context":{"text":"Galerie","link":"https:\/\/www.jazzzeitung.de\/cms\/thema\/galerie\/"},"img":{"alt_text":"","src":"https:\/\/i0.wp.com\/www.jazzzeitung.de\/cms\/wp-content\/uploads\/2017\/08\/P1480981-Gehring-Foto-TJ-Krebs-jazzphotoagency%40web.de_.jpg?resize=350%2C200","width":350,"height":200,"srcset":"https:\/\/i0.wp.com\/www.jazzzeitung.de\/cms\/wp-content\/uploads\/2017\/08\/P1480981-Gehring-Foto-TJ-Krebs-jazzphotoagency%40web.de_.jpg?resize=350%2C200 1x, https:\/\/i0.wp.com\/www.jazzzeitung.de\/cms\/wp-content\/uploads\/2017\/08\/P1480981-Gehring-Foto-TJ-Krebs-jazzphotoagency%40web.de_.jpg?resize=525%2C300 1.5x, https:\/\/i0.wp.com\/www.jazzzeitung.de\/cms\/wp-content\/uploads\/2017\/08\/P1480981-Gehring-Foto-TJ-Krebs-jazzphotoagency%40web.de_.jpg?resize=700%2C400 2x"},"classes":[]},{"id":8241,"url":"https:\/\/www.jazzzeitung.de\/cms\/2016\/01\/jazz-im-voralpenland-das-philipp-stauber-quartett-live-im-kom-olching\/","url_meta":{"origin":6372,"position":1},"title":"Jazz vor den Toren M\u00fcnchens: Das Philipp Stauber Quartett live im KOM Olching","author":"Redaktion JazzZeitung","date":"27. Januar 2016","format":false,"excerpt":"Vor den Toren M\u00fcnchens, in der Stadt Olching, befindet sich ein veranstaltungstechnisches Juwel, das KOM. Idyllisch gelegen, akustisch perfekt im holzget\u00e4felten Dachgeschoss des Hauses finden dort in intimer Atmosph\u00e4re regelm\u00e4\u00dfig hochkar\u00e4tige Konzerte und Veranstaltungsreihen statt. Ein echter Geheimtipp unter Kennern! Am Freitag, den 29.01.2016 wird dort wieder einmal der aus\u2026","rel":"","context":"In &quot;News&quot;","block_context":{"text":"News","link":"https:\/\/www.jazzzeitung.de\/cms\/thema\/nachrichten\/"},"img":{"alt_text":"PS_SUGAR_digipack.indd","src":"https:\/\/i0.wp.com\/www.jazzzeitung.de\/cms\/wp-content\/uploads\/2016\/01\/Stauber-CD-Cover-150x150.jpg?resize=350%2C200","width":350,"height":200},"classes":[]},{"id":2434,"url":"https:\/\/www.jazzzeitung.de\/cms\/2013\/10\/sunday-night-orchetra\/","url_meta":{"origin":6372,"position":2},"title":"Sunday Night Orchetra","author":"Peter Ortmann","date":"12. Oktober 2013","format":false,"excerpt":"Die Zahl von Schul-, Jugend- und Amateurbigbands geht in die tausende. Erstaunliche in diesen Zusammenhang ist auch die gro\u00dfe Zahl von sog. Profi-Bigbands, in denen gut ausgebildete und renommierte Jazzmusiker spielen, deren Einkommen von anderer Seite gesichert ist \u2013 sei es durch die Anstellung in einer Rundfunkbigband und\/oder als Lehrerende\u2026","rel":"","context":"In &quot;Blog&quot;","block_context":{"text":"Blog","link":"https:\/\/www.jazzzeitung.de\/cms\/thema\/blog\/"},"img":{"alt_text":"","src":"","width":0,"height":0},"classes":[]},{"id":29253,"url":"https:\/\/www.jazzzeitung.de\/cms\/2023\/03\/das-shuteen-erdenebaatar-quartett-live-in-puchheim\/","url_meta":{"origin":6372,"position":3},"title":"Das Shuteen Erdenebaatar Quartett live in Puchheim","author":"Thomas J. Krebs","date":"28. M\u00e4rz 2023","format":false,"excerpt":"Vor den Toren M\u00fcnchens, im Puchheimer Kulturcentrum PUC, gastierte die Komponistin und Pianistin Shuteen Erdenebaatar mit ihrem Quartett und stellte ihr aktuelles Programm vor. Mit von der Partie waren Nils Kugelmann am Bass, der Schlagzeuger Valentin Renner und Saxophonist Anton Mangold.\u00a0 Shuteen Erdenebaatar, wurde 1998 in der mongolischen Hauptstadt Ulaanbaatar\u2026","rel":"","context":"In &quot;Bericht&quot;","block_context":{"text":"Bericht","link":"https:\/\/www.jazzzeitung.de\/cms\/thema\/bericht\/"},"img":{"alt_text":"Shuteen Erdenabaatar Quartett in Puchheim . Pianistin Shuteen Erdenebaatar, Saxophonist Anton Mangold, Bassist Nils Kugelmann und Schalgzeuger","src":"https:\/\/i0.wp.com\/www.jazzzeitung.de\/cms\/wp-content\/uploads\/2023\/03\/P2369291-Erdenabaatar-Quartett-Foto-TJ-Krebs.jpg?fit=1200%2C823&ssl=1&resize=350%2C200","width":350,"height":200,"srcset":"https:\/\/i0.wp.com\/www.jazzzeitung.de\/cms\/wp-content\/uploads\/2023\/03\/P2369291-Erdenabaatar-Quartett-Foto-TJ-Krebs.jpg?fit=1200%2C823&ssl=1&resize=350%2C200 1x, https:\/\/i0.wp.com\/www.jazzzeitung.de\/cms\/wp-content\/uploads\/2023\/03\/P2369291-Erdenabaatar-Quartett-Foto-TJ-Krebs.jpg?fit=1200%2C823&ssl=1&resize=525%2C300 1.5x, https:\/\/i0.wp.com\/www.jazzzeitung.de\/cms\/wp-content\/uploads\/2023\/03\/P2369291-Erdenabaatar-Quartett-Foto-TJ-Krebs.jpg?fit=1200%2C823&ssl=1&resize=700%2C400 2x, https:\/\/i0.wp.com\/www.jazzzeitung.de\/cms\/wp-content\/uploads\/2023\/03\/P2369291-Erdenabaatar-Quartett-Foto-TJ-Krebs.jpg?fit=1200%2C823&ssl=1&resize=1050%2C600 3x"},"classes":[]},{"id":15089,"url":"https:\/\/www.jazzzeitung.de\/cms\/2018\/02\/matinee-das-duo-elin-sakas-bei-eleven-eleven-in-olching\/","url_meta":{"origin":6372,"position":4},"title":"Matinee: Das Duo Elin-Sakas bei Eleven-eleven in Olching","author":"Thomas J. Krebs","date":"20. Februar 2018","format":false,"excerpt":"Die Musikreihe \u201eEleven-eleven MusikKultur e.V.\u201c wurde im Februar 2005 aus der Taufe gehoben. Seitdem fanden 156 spannende Matineen im Konzertsaal des Olchinger KOM statt. Am letzten Sonntag, dem 18.02.18, war es wieder einmal soweit: diesmal mit dem Duo des Saxophoninsten und Bassklarinettisten Christian Elin und Prof. Maruan Sakas am Fl\u00fcgel.\u2026","rel":"","context":"In &quot;Bericht&quot;","block_context":{"text":"Bericht","link":"https:\/\/www.jazzzeitung.de\/cms\/thema\/bericht\/"},"img":{"alt_text":"","src":"https:\/\/i0.wp.com\/www.jazzzeitung.de\/cms\/wp-content\/uploads\/2018\/02\/Elin-Sakas-Foto-TJ-Krebs-jazzphotoagency%40web.de_.jpg?fit=1200%2C800&ssl=1&resize=350%2C200","width":350,"height":200,"srcset":"https:\/\/i0.wp.com\/www.jazzzeitung.de\/cms\/wp-content\/uploads\/2018\/02\/Elin-Sakas-Foto-TJ-Krebs-jazzphotoagency%40web.de_.jpg?fit=1200%2C800&ssl=1&resize=350%2C200 1x, https:\/\/i0.wp.com\/www.jazzzeitung.de\/cms\/wp-content\/uploads\/2018\/02\/Elin-Sakas-Foto-TJ-Krebs-jazzphotoagency%40web.de_.jpg?fit=1200%2C800&ssl=1&resize=525%2C300 1.5x, https:\/\/i0.wp.com\/www.jazzzeitung.de\/cms\/wp-content\/uploads\/2018\/02\/Elin-Sakas-Foto-TJ-Krebs-jazzphotoagency%40web.de_.jpg?fit=1200%2C800&ssl=1&resize=700%2C400 2x, https:\/\/i0.wp.com\/www.jazzzeitung.de\/cms\/wp-content\/uploads\/2018\/02\/Elin-Sakas-Foto-TJ-Krebs-jazzphotoagency%40web.de_.jpg?fit=1200%2C800&ssl=1&resize=1050%2C600 3x"},"classes":[]},{"id":26276,"url":"https:\/\/www.jazzzeitung.de\/cms\/2021\/12\/weihnachtliches-im-quadro-nuevo-gewand-konzertabend-in-der-kulturwerkstatt-olching\/","url_meta":{"origin":6372,"position":5},"title":"Weihnachtliches im Quadro-Nuevo-Gewand: Konzertabend in der Kulturwerkstatt Olching","author":"Thomas J. Krebs","date":"3. Dezember 2021","format":false,"excerpt":"P\u00fcnktlich am Abend vor dem ersten Advent fand im Gretl-Bauer-Saal der Olchinger KOM Quadro Nuevos Weihnachtskonzert mit gleich zwei umjubelten Auftritten statt. Zusammen mit Mulo Francel, Andreas Hinterseher und D.D. Lowka war diesmal der Gitarrist Philipp Schiepek mit von der Partie. Die Kulturwerkstatt am Olchinger M\u00fchlbach (KOM) wurde 1877 errichtet,\u2026","rel":"","context":"In &quot;Bericht&quot;","block_context":{"text":"Bericht","link":"https:\/\/www.jazzzeitung.de\/cms\/thema\/bericht\/"},"img":{"alt_text":"","src":"https:\/\/i0.wp.com\/www.jazzzeitung.de\/cms\/wp-content\/uploads\/2021\/11\/P1465928-Quadro-Nuevo-Foto-TJ-Krebs-e1638268991477.jpg?fit=969%2C462&ssl=1&resize=350%2C200","width":350,"height":200,"srcset":"https:\/\/i0.wp.com\/www.jazzzeitung.de\/cms\/wp-content\/uploads\/2021\/11\/P1465928-Quadro-Nuevo-Foto-TJ-Krebs-e1638268991477.jpg?fit=969%2C462&ssl=1&resize=350%2C200 1x, https:\/\/i0.wp.com\/www.jazzzeitung.de\/cms\/wp-content\/uploads\/2021\/11\/P1465928-Quadro-Nuevo-Foto-TJ-Krebs-e1638268991477.jpg?fit=969%2C462&ssl=1&resize=525%2C300 1.5x, https:\/\/i0.wp.com\/www.jazzzeitung.de\/cms\/wp-content\/uploads\/2021\/11\/P1465928-Quadro-Nuevo-Foto-TJ-Krebs-e1638268991477.jpg?fit=969%2C462&ssl=1&resize=700%2C400 2x"},"classes":[]}],"jetpack_sharing_enabled":true,"_links":{"self":[{"href":"https:\/\/www.jazzzeitung.de\/cms\/wp-json\/wp\/v2\/posts\/6372","targetHints":{"allow":["GET"]}}],"collection":[{"href":"https:\/\/www.jazzzeitung.de\/cms\/wp-json\/wp\/v2\/posts"}],"about":[{"href":"https:\/\/www.jazzzeitung.de\/cms\/wp-json\/wp\/v2\/types\/post"}],"author":[{"embeddable":true,"href":"https:\/\/www.jazzzeitung.de\/cms\/wp-json\/wp\/v2\/users\/18"}],"replies":[{"embeddable":true,"href":"https:\/\/www.jazzzeitung.de\/cms\/wp-json\/wp\/v2\/comments?post=6372"}],"version-history":[{"count":3,"href":"https:\/\/www.jazzzeitung.de\/cms\/wp-json\/wp\/v2\/posts\/6372\/revisions"}],"predecessor-version":[{"id":6376,"href":"https:\/\/www.jazzzeitung.de\/cms\/wp-json\/wp\/v2\/posts\/6372\/revisions\/6376"}],"wp:attachment":[{"href":"https:\/\/www.jazzzeitung.de\/cms\/wp-json\/wp\/v2\/media?parent=6372"}],"wp:term":[{"taxonomy":"category","embeddable":true,"href":"https:\/\/www.jazzzeitung.de\/cms\/wp-json\/wp\/v2\/categories?post=6372"},{"taxonomy":"post_tag","embeddable":true,"href":"https:\/\/www.jazzzeitung.de\/cms\/wp-json\/wp\/v2\/tags?post=6372"},{"taxonomy":"author","embeddable":true,"href":"https:\/\/www.jazzzeitung.de\/cms\/wp-json\/wp\/v2\/coauthors?post=6372"}],"curies":[{"name":"wp","href":"https:\/\/api.w.org\/{rel}","templated":true}]}}