{"id":6273,"date":"2015-06-01T17:00:55","date_gmt":"2015-06-01T15:00:55","guid":{"rendered":"http:\/\/www.jazzzeitung.de\/cms\/?p=6273"},"modified":"2015-06-01T16:16:34","modified_gmt":"2015-06-01T14:16:34","slug":"jazzstudie-2015-gestartet","status":"publish","type":"post","link":"https:\/\/www.jazzzeitung.de\/cms\/2015\/06\/jazzstudie-2015-gestartet\/","title":{"rendered":"Jazzstudie 2015 gestartet"},"content":{"rendered":"<div class=\"tiled-gallery type-rectangular tiled-gallery-unresized\" data-original-width=\"840\" data-carousel-extra='{&quot;blog_id&quot;:1,&quot;permalink&quot;:&quot;https:\\\/\\\/www.jazzzeitung.de\\\/cms\\\/2015\\\/06\\\/jazzstudie-2015-gestartet\\\/&quot;,&quot;likes_blog_id&quot;:55446655}' itemscope itemtype=\"http:\/\/schema.org\/ImageGallery\" > <div class=\"gallery-row\" style=\"width: 840px; height: 153px;\" data-original-width=\"840\" data-original-height=\"153\" > <div class=\"gallery-group images-1\" style=\"width: 840px; height: 153px;\" data-original-width=\"840\" data-original-height=\"153\" > <div class=\"tiled-gallery-item tiled-gallery-item-large\" itemprop=\"associatedMedia\" itemscope itemtype=\"http:\/\/schema.org\/ImageObject\"> <a href=\"https:\/\/www.jazzzeitung.de\/cms\/2015\/06\/jazzstudie-2015-gestartet\/jazzstudie2015_postkartevs\/\" border=\"0\" itemprop=\"url\"> <meta itemprop=\"width\" content=\"836\"> <meta itemprop=\"height\" content=\"149\"> <img decoding=\"async\" class=\"\" data-attachment-id=\"6276\" data-orig-file=\"https:\/\/www.jazzzeitung.de\/cms\/wp-content\/uploads\/2015\/06\/jazzstudie2015_PostkarteVS-e1433167940571.jpg\" data-orig-size=\"1758,314\" data-comments-opened=\"1\" data-image-meta=\"{&quot;aperture&quot;:&quot;0&quot;,&quot;credit&quot;:&quot;&quot;,&quot;camera&quot;:&quot;&quot;,&quot;caption&quot;:&quot;&quot;,&quot;created_timestamp&quot;:&quot;0&quot;,&quot;copyright&quot;:&quot;&quot;,&quot;focal_length&quot;:&quot;0&quot;,&quot;iso&quot;:&quot;0&quot;,&quot;shutter_speed&quot;:&quot;0&quot;,&quot;title&quot;:&quot;&quot;,&quot;orientation&quot;:&quot;1&quot;}\" data-image-title=\"jazzstudie2015_PostkarteVS\" data-image-description=\"\" data-medium-file=\"https:\/\/i0.wp.com\/www.jazzzeitung.de\/cms\/wp-content\/uploads\/2015\/06\/jazzstudie2015_PostkarteVS-e1433167940571.jpg?fit=300%2C54&#038;ssl=1\" data-large-file=\"https:\/\/i0.wp.com\/www.jazzzeitung.de\/cms\/wp-content\/uploads\/2015\/06\/jazzstudie2015_PostkarteVS-e1433167940571.jpg?fit=840%2C150&#038;ssl=1\" src=\"https:\/\/i0.wp.com\/www.jazzzeitung.de\/cms\/wp-content\/uploads\/2015\/06\/jazzstudie2015_PostkarteVS-e1433167940571.jpg?w=836&#038;h=149&#038;ssl=1\" srcset=\"https:\/\/i0.wp.com\/www.jazzzeitung.de\/cms\/wp-content\/uploads\/2015\/06\/jazzstudie2015_PostkarteVS-e1433167940571.jpg?w=1758&amp;ssl=1 1758w, https:\/\/i0.wp.com\/www.jazzzeitung.de\/cms\/wp-content\/uploads\/2015\/06\/jazzstudie2015_PostkarteVS-e1433167940571.jpg?resize=300%2C54&amp;ssl=1 300w, https:\/\/i0.wp.com\/www.jazzzeitung.de\/cms\/wp-content\/uploads\/2015\/06\/jazzstudie2015_PostkarteVS-e1433167940571.jpg?resize=900%2C161&amp;ssl=1 900w, https:\/\/i0.wp.com\/www.jazzzeitung.de\/cms\/wp-content\/uploads\/2015\/06\/jazzstudie2015_PostkarteVS-e1433167940571.jpg?w=1680&amp;ssl=1 1680w\" width=\"836\" height=\"149\" loading=\"lazy\" data-original-width=\"836\" data-original-height=\"149\" itemprop=\"http:\/\/schema.org\/image\" title=\"jazzstudie2015_PostkarteVS\" alt=\"jazzstudie2015_PostkarteVS\" style=\"width: 836px; height: 149px;\" \/> <\/a> <\/div> <\/div> <!-- close group --> <\/div> <!-- close row --> <\/div>\n<p>Heute startet die Online-Befragung im Rahmen der Studie zu Lebens- und Arbeitsbedingungen von Jazzmusiker\/-innen in Deutschland, die vom Institut f\u00fcr Kulturpolitik der Universit\u00e4t Hildesheim ausgerichtet wird. Zur Teilnahme aufgerufen sind alle Jazzmusikerinnen und -musiker, die in Deutschland leben und\/oder arbeiten. Immer wieder wird die \u00f6konomische Situation von Jazzmusiker\/-innen als prek\u00e4r beschrieben, tats\u00e4chlich aber fehlen aussagekr\u00e4ftige Zahlen \u2013 die letzte ausf\u00fchrliche Studie stammt aus den 1970er Jahren. F\u00fcr die Gestaltung einer sinnvollen und nachhaltigen Politik, die die Belange von Musikschaffenden im Allgemeinen und Jazzmusiker\/-innen im Besonderen ber\u00fccksichtigt, bedarf es jedoch aktueller Daten, um Vorschl\u00e4ge f\u00fcr Verbesserungen mit Fakten unterf\u00fcttern zu k\u00f6nnen. Die Beantwortung des Fragebogens dauert circa 20 Minuten. S\u00e4mtliche Daten werden nat\u00fcrlich anonym behandelt. Die Teilnahme an der Befragung ist bis zum 30. Juni 2015 m\u00f6glich. Ende des Jahres sollen die Ergebnisse der Studie, einschlie\u00dflich einer Bewertung der Zahlen, vorliegen und in Berlin \u00f6ffentlich vorgestellt werden. Die verantwortlichen Initiatoren der Umfrage sind das Jazzinstitut Darmstadt, die Union Deutscher Jazzmusiker und die IG Jazz Berlin.<\/p>\n<p>Jetzt teilnehmen unter: <a href=\"http:\/\/www.jazzstudie2015.de\">www.jazzstudie2015.de<\/a><\/p>\n","protected":false},"excerpt":{"rendered":"<p>Heute startet die Online-Befragung im Rahmen der Studie zu Lebens- und Arbeitsbedingungen von Jazzmusiker\/-innen in Deutschland, die vom Institut f\u00fcr Kulturpolitik der Universit\u00e4t Hildesheim ausgerichtet wird. Zur Teilnahme aufgerufen sind alle Jazzmusikerinnen und -musiker, die in Deutschland leben und\/oder arbeiten. Immer wieder wird die \u00f6konomische Situation von Jazzmusiker\/-innen als prek\u00e4r beschrieben, tats\u00e4chlich aber fehlen aussagekr\u00e4ftige Zahlen \u2013 die letzte ausf\u00fchrliche Studie stammt aus den 1970er Jahren. F\u00fcr die Gestaltung einer sinnvollen und nachhaltigen Politik, die die Belange von Musikschaffenden im Allgemeinen und Jazzmusiker\/-innen im Besonderen ber\u00fccksichtigt, bedarf es jedoch aktueller Daten, um Vorschl\u00e4ge f\u00fcr Verbesserungen mit Fakten unterf\u00fcttern zu k\u00f6nnen. Die Beantwortung des Fragebogens dauert circa 20 Minuten. S\u00e4mtliche Daten werden nat\u00fcrlich anonym behandelt. Die Teilnahme an der Befragung ist bis zum 30. Juni 2015 m\u00f6glich. Ende des Jahres sollen die Ergebnisse der Studie, einschlie\u00dflich einer Bewertung der Zahlen, vorliegen und in Berlin \u00f6ffentlich vorgestellt werden. Die verantwortlichen Initiatoren der Umfrage sind das Jazzinstitut Darmstadt, die Union Deutscher Jazzmusiker und die IG Jazz Berlin. Jetzt teilnehmen unter: www.jazzstudie2015.de<\/p>\n","protected":false},"author":18,"featured_media":0,"comment_status":"open","ping_status":"closed","sticky":false,"template":"","format":"standard","meta":{"_jetpack_memberships_contains_paid_content":false,"footnotes":"","jetpack_publicize_message":"","jetpack_publicize_feature_enabled":true,"jetpack_social_post_already_shared":false,"jetpack_social_options":{"image_generator_settings":{"template":"highway","default_image_id":0,"font":"","enabled":false},"version":2}},"categories":[633],"tags":[66,137,232,277,278,281,798,332,14,571],"coauthors":[695],"class_list":["post-6273","post","type-post","status-publish","format-standard","hentry","category-nachrichten","tag-berlin","tag-deutschland","tag-ig-jazz","tag-jazzinstitut","tag-jazzinstitut-darmstadt","tag-jazzmusiker","tag-jazzmusikerinnen","tag-kulturpolitik","tag-politik","tag-union-deutscher-jazzmusiker"],"yoast_head":"<!-- This site is optimized with the Yoast SEO plugin v27.5 - https:\/\/yoast.com\/product\/yoast-seo-wordpress\/ -->\n<title>Jazzstudie 2015 gestartet - JazzZeitung<\/title>\n<meta name=\"robots\" content=\"index, follow, max-snippet:-1, max-image-preview:large, max-video-preview:-1\" \/>\n<link rel=\"canonical\" href=\"https:\/\/www.jazzzeitung.de\/cms\/2015\/06\/jazzstudie-2015-gestartet\/\" \/>\n<meta property=\"og:locale\" content=\"de_DE\" \/>\n<meta property=\"og:type\" content=\"article\" \/>\n<meta property=\"og:title\" content=\"Jazzstudie 2015 gestartet - JazzZeitung\" \/>\n<meta property=\"og:description\" content=\"Heute startet die Online-Befragung im Rahmen der Studie zu Lebens- und Arbeitsbedingungen von Jazzmusiker\/-innen in Deutschland, die vom Institut f\u00fcr Kulturpolitik der Universit\u00e4t Hildesheim ausgerichtet wird. Zur Teilnahme aufgerufen sind alle Jazzmusikerinnen und -musiker, die in Deutschland leben und\/oder arbeiten. Immer wieder wird die \u00f6konomische Situation von Jazzmusiker\/-innen als prek\u00e4r beschrieben, tats\u00e4chlich aber fehlen aussagekr\u00e4ftige Zahlen \u2013 die letzte ausf\u00fchrliche Studie stammt aus den 1970er Jahren. F\u00fcr die Gestaltung einer sinnvollen und nachhaltigen Politik, die die Belange von Musikschaffenden im Allgemeinen und Jazzmusiker\/-innen im Besonderen ber\u00fccksichtigt, bedarf es jedoch aktueller Daten, um Vorschl\u00e4ge f\u00fcr Verbesserungen mit Fakten unterf\u00fcttern zu k\u00f6nnen. Die Beantwortung des Fragebogens dauert circa 20 Minuten. S\u00e4mtliche Daten werden nat\u00fcrlich anonym behandelt. Die Teilnahme an der Befragung ist bis zum 30. Juni 2015 m\u00f6glich. Ende des Jahres sollen die Ergebnisse der Studie, einschlie\u00dflich einer Bewertung der Zahlen, vorliegen und in Berlin \u00f6ffentlich vorgestellt werden. Die verantwortlichen Initiatoren der Umfrage sind das Jazzinstitut Darmstadt, die Union Deutscher Jazzmusiker und die IG Jazz Berlin. Jetzt teilnehmen unter: www.jazzstudie2015.de\" \/>\n<meta property=\"og:url\" content=\"https:\/\/www.jazzzeitung.de\/cms\/2015\/06\/jazzstudie-2015-gestartet\/\" \/>\n<meta property=\"og:site_name\" content=\"JazzZeitung\" \/>\n<meta property=\"article:publisher\" content=\"https:\/\/www.facebook.com\/JazzZeitung\/\" \/>\n<meta property=\"article:published_time\" content=\"2015-06-01T15:00:55+00:00\" \/>\n<meta property=\"og:image\" content=\"https:\/\/i0.wp.com\/www.jazzzeitung.de\/cms\/wp-content\/uploads\/2015\/06\/jazzstudie2015_PostkarteVS-e1433167940571.jpg?w=836&#038;h=149&#038;ssl=1\" \/>\n<meta name=\"author\" content=\"Redaktion JazzZeitung\" \/>\n<script type=\"application\/ld+json\" class=\"yoast-schema-graph\">{\"@context\":\"https:\\\/\\\/schema.org\",\"@graph\":[{\"@type\":\"Article\",\"@id\":\"https:\\\/\\\/www.jazzzeitung.de\\\/cms\\\/2015\\\/06\\\/jazzstudie-2015-gestartet\\\/#article\",\"isPartOf\":{\"@id\":\"https:\\\/\\\/www.jazzzeitung.de\\\/cms\\\/2015\\\/06\\\/jazzstudie-2015-gestartet\\\/\"},\"author\":{\"name\":\"Redaktion JazzZeitung\",\"@id\":\"https:\\\/\\\/www.jazzzeitung.de\\\/cms\\\/#\\\/schema\\\/person\\\/2245b36b9cd1d24cea10f01c031fb92b\"},\"headline\":\"Jazzstudie 2015 gestartet\",\"datePublished\":\"2015-06-01T15:00:55+00:00\",\"mainEntityOfPage\":{\"@id\":\"https:\\\/\\\/www.jazzzeitung.de\\\/cms\\\/2015\\\/06\\\/jazzstudie-2015-gestartet\\\/\"},\"wordCount\":192,\"commentCount\":0,\"publisher\":{\"@id\":\"https:\\\/\\\/www.jazzzeitung.de\\\/cms\\\/#organization\"},\"keywords\":[\"Berlin\",\"Deutschland\",\"IG Jazz\",\"Jazzinstitut\",\"Jazzinstitut Darmstadt\",\"Jazzmusiker\",\"Jazzmusikerinnen\",\"Kulturpolitik\",\"Politik\",\"Union deutscher Jazzmusiker\"],\"articleSection\":[\"News\"],\"inLanguage\":\"de\",\"potentialAction\":[{\"@type\":\"CommentAction\",\"name\":\"Comment\",\"target\":[\"https:\\\/\\\/www.jazzzeitung.de\\\/cms\\\/2015\\\/06\\\/jazzstudie-2015-gestartet\\\/#respond\"]}]},{\"@type\":\"WebPage\",\"@id\":\"https:\\\/\\\/www.jazzzeitung.de\\\/cms\\\/2015\\\/06\\\/jazzstudie-2015-gestartet\\\/\",\"url\":\"https:\\\/\\\/www.jazzzeitung.de\\\/cms\\\/2015\\\/06\\\/jazzstudie-2015-gestartet\\\/\",\"name\":\"Jazzstudie 2015 gestartet - JazzZeitung\",\"isPartOf\":{\"@id\":\"https:\\\/\\\/www.jazzzeitung.de\\\/cms\\\/#website\"},\"datePublished\":\"2015-06-01T15:00:55+00:00\",\"breadcrumb\":{\"@id\":\"https:\\\/\\\/www.jazzzeitung.de\\\/cms\\\/2015\\\/06\\\/jazzstudie-2015-gestartet\\\/#breadcrumb\"},\"inLanguage\":\"de\",\"potentialAction\":[{\"@type\":\"ReadAction\",\"target\":[\"https:\\\/\\\/www.jazzzeitung.de\\\/cms\\\/2015\\\/06\\\/jazzstudie-2015-gestartet\\\/\"]}]},{\"@type\":\"BreadcrumbList\",\"@id\":\"https:\\\/\\\/www.jazzzeitung.de\\\/cms\\\/2015\\\/06\\\/jazzstudie-2015-gestartet\\\/#breadcrumb\",\"itemListElement\":[{\"@type\":\"ListItem\",\"position\":1,\"name\":\"Startseite\",\"item\":\"https:\\\/\\\/www.jazzzeitung.de\\\/cms\\\/\"},{\"@type\":\"ListItem\",\"position\":2,\"name\":\"Jazzstudie 2015 gestartet\"}]},{\"@type\":\"WebSite\",\"@id\":\"https:\\\/\\\/www.jazzzeitung.de\\\/cms\\\/#website\",\"url\":\"https:\\\/\\\/www.jazzzeitung.de\\\/cms\\\/\",\"name\":\"JazzZeitung\",\"description\":\"Jazz-News und Jazz-Kontroverses\",\"publisher\":{\"@id\":\"https:\\\/\\\/www.jazzzeitung.de\\\/cms\\\/#organization\"},\"potentialAction\":[{\"@type\":\"SearchAction\",\"target\":{\"@type\":\"EntryPoint\",\"urlTemplate\":\"https:\\\/\\\/www.jazzzeitung.de\\\/cms\\\/?s={search_term_string}\"},\"query-input\":{\"@type\":\"PropertyValueSpecification\",\"valueRequired\":true,\"valueName\":\"search_term_string\"}}],\"inLanguage\":\"de\"},{\"@type\":\"Organization\",\"@id\":\"https:\\\/\\\/www.jazzzeitung.de\\\/cms\\\/#organization\",\"name\":\"JazzZeitung online\",\"url\":\"https:\\\/\\\/www.jazzzeitung.de\\\/cms\\\/\",\"logo\":{\"@type\":\"ImageObject\",\"inLanguage\":\"de\",\"@id\":\"https:\\\/\\\/www.jazzzeitung.de\\\/cms\\\/#\\\/schema\\\/logo\\\/image\\\/\",\"url\":\"https:\\\/\\\/i0.wp.com\\\/www.jazzzeitung.de\\\/cms\\\/wp-content\\\/uploads\\\/2015\\\/08\\\/JAZZZEITUNGDE_Logo_Neu.png?fit=499%2C200&ssl=1\",\"contentUrl\":\"https:\\\/\\\/i0.wp.com\\\/www.jazzzeitung.de\\\/cms\\\/wp-content\\\/uploads\\\/2015\\\/08\\\/JAZZZEITUNGDE_Logo_Neu.png?fit=499%2C200&ssl=1\",\"width\":499,\"height\":200,\"caption\":\"JazzZeitung online\"},\"image\":{\"@id\":\"https:\\\/\\\/www.jazzzeitung.de\\\/cms\\\/#\\\/schema\\\/logo\\\/image\\\/\"},\"sameAs\":[\"https:\\\/\\\/www.facebook.com\\\/JazzZeitung\\\/\"]},{\"@type\":\"Person\",\"@id\":\"https:\\\/\\\/www.jazzzeitung.de\\\/cms\\\/#\\\/schema\\\/person\\\/2245b36b9cd1d24cea10f01c031fb92b\",\"name\":\"Redaktion JazzZeitung\",\"image\":{\"@type\":\"ImageObject\",\"inLanguage\":\"de\",\"@id\":\"https:\\\/\\\/i0.wp.com\\\/www.jazzzeitung.de\\\/cms\\\/wp-content\\\/uploads\\\/2015\\\/08\\\/JAZZZEITUNGDE_Logo_Neu.png?resize=96%2C96&ssl=159975dcacb611b5700bd619b5daf0a7a\",\"url\":\"https:\\\/\\\/i0.wp.com\\\/www.jazzzeitung.de\\\/cms\\\/wp-content\\\/uploads\\\/2015\\\/08\\\/JAZZZEITUNGDE_Logo_Neu.png?resize=96%2C96&ssl=1\",\"contentUrl\":\"https:\\\/\\\/i0.wp.com\\\/www.jazzzeitung.de\\\/cms\\\/wp-content\\\/uploads\\\/2015\\\/08\\\/JAZZZEITUNGDE_Logo_Neu.png?resize=96%2C96&ssl=1\",\"caption\":\"Redaktion JazzZeitung\"},\"description\":\"Artikel der Redaktion der JazzZeitung.\",\"sameAs\":[\"http:\\\/\\\/www.jazzzeitung.de\\\/cms\\\/\"],\"url\":\"https:\\\/\\\/www.jazzzeitung.de\\\/cms\\\/author\\\/redaktion\\\/\"}]}<\/script>\n<!-- \/ Yoast SEO plugin. -->","yoast_head_json":{"title":"Jazzstudie 2015 gestartet - JazzZeitung","robots":{"index":"index","follow":"follow","max-snippet":"max-snippet:-1","max-image-preview":"max-image-preview:large","max-video-preview":"max-video-preview:-1"},"canonical":"https:\/\/www.jazzzeitung.de\/cms\/2015\/06\/jazzstudie-2015-gestartet\/","og_locale":"de_DE","og_type":"article","og_title":"Jazzstudie 2015 gestartet - JazzZeitung","og_description":"Heute startet die Online-Befragung im Rahmen der Studie zu Lebens- und Arbeitsbedingungen von Jazzmusiker\/-innen in Deutschland, die vom Institut f\u00fcr Kulturpolitik der Universit\u00e4t Hildesheim ausgerichtet wird. Zur Teilnahme aufgerufen sind alle Jazzmusikerinnen und -musiker, die in Deutschland leben und\/oder arbeiten. Immer wieder wird die \u00f6konomische Situation von Jazzmusiker\/-innen als prek\u00e4r beschrieben, tats\u00e4chlich aber fehlen aussagekr\u00e4ftige Zahlen \u2013 die letzte ausf\u00fchrliche Studie stammt aus den 1970er Jahren. F\u00fcr die Gestaltung einer sinnvollen und nachhaltigen Politik, die die Belange von Musikschaffenden im Allgemeinen und Jazzmusiker\/-innen im Besonderen ber\u00fccksichtigt, bedarf es jedoch aktueller Daten, um Vorschl\u00e4ge f\u00fcr Verbesserungen mit Fakten unterf\u00fcttern zu k\u00f6nnen. Die Beantwortung des Fragebogens dauert circa 20 Minuten. S\u00e4mtliche Daten werden nat\u00fcrlich anonym behandelt. Die Teilnahme an der Befragung ist bis zum 30. Juni 2015 m\u00f6glich. Ende des Jahres sollen die Ergebnisse der Studie, einschlie\u00dflich einer Bewertung der Zahlen, vorliegen und in Berlin \u00f6ffentlich vorgestellt werden. Die verantwortlichen Initiatoren der Umfrage sind das Jazzinstitut Darmstadt, die Union Deutscher Jazzmusiker und die IG Jazz Berlin. Jetzt teilnehmen unter: www.jazzstudie2015.de","og_url":"https:\/\/www.jazzzeitung.de\/cms\/2015\/06\/jazzstudie-2015-gestartet\/","og_site_name":"JazzZeitung","article_publisher":"https:\/\/www.facebook.com\/JazzZeitung\/","article_published_time":"2015-06-01T15:00:55+00:00","og_image":[{"url":"https:\/\/i0.wp.com\/www.jazzzeitung.de\/cms\/wp-content\/uploads\/2015\/06\/jazzstudie2015_PostkarteVS-e1433167940571.jpg?w=836&#038;h=149&#038;ssl=1","type":"","width":"","height":""}],"author":"Redaktion JazzZeitung","schema":{"@context":"https:\/\/schema.org","@graph":[{"@type":"Article","@id":"https:\/\/www.jazzzeitung.de\/cms\/2015\/06\/jazzstudie-2015-gestartet\/#article","isPartOf":{"@id":"https:\/\/www.jazzzeitung.de\/cms\/2015\/06\/jazzstudie-2015-gestartet\/"},"author":{"name":"Redaktion JazzZeitung","@id":"https:\/\/www.jazzzeitung.de\/cms\/#\/schema\/person\/2245b36b9cd1d24cea10f01c031fb92b"},"headline":"Jazzstudie 2015 gestartet","datePublished":"2015-06-01T15:00:55+00:00","mainEntityOfPage":{"@id":"https:\/\/www.jazzzeitung.de\/cms\/2015\/06\/jazzstudie-2015-gestartet\/"},"wordCount":192,"commentCount":0,"publisher":{"@id":"https:\/\/www.jazzzeitung.de\/cms\/#organization"},"keywords":["Berlin","Deutschland","IG Jazz","Jazzinstitut","Jazzinstitut Darmstadt","Jazzmusiker","Jazzmusikerinnen","Kulturpolitik","Politik","Union deutscher Jazzmusiker"],"articleSection":["News"],"inLanguage":"de","potentialAction":[{"@type":"CommentAction","name":"Comment","target":["https:\/\/www.jazzzeitung.de\/cms\/2015\/06\/jazzstudie-2015-gestartet\/#respond"]}]},{"@type":"WebPage","@id":"https:\/\/www.jazzzeitung.de\/cms\/2015\/06\/jazzstudie-2015-gestartet\/","url":"https:\/\/www.jazzzeitung.de\/cms\/2015\/06\/jazzstudie-2015-gestartet\/","name":"Jazzstudie 2015 gestartet - JazzZeitung","isPartOf":{"@id":"https:\/\/www.jazzzeitung.de\/cms\/#website"},"datePublished":"2015-06-01T15:00:55+00:00","breadcrumb":{"@id":"https:\/\/www.jazzzeitung.de\/cms\/2015\/06\/jazzstudie-2015-gestartet\/#breadcrumb"},"inLanguage":"de","potentialAction":[{"@type":"ReadAction","target":["https:\/\/www.jazzzeitung.de\/cms\/2015\/06\/jazzstudie-2015-gestartet\/"]}]},{"@type":"BreadcrumbList","@id":"https:\/\/www.jazzzeitung.de\/cms\/2015\/06\/jazzstudie-2015-gestartet\/#breadcrumb","itemListElement":[{"@type":"ListItem","position":1,"name":"Startseite","item":"https:\/\/www.jazzzeitung.de\/cms\/"},{"@type":"ListItem","position":2,"name":"Jazzstudie 2015 gestartet"}]},{"@type":"WebSite","@id":"https:\/\/www.jazzzeitung.de\/cms\/#website","url":"https:\/\/www.jazzzeitung.de\/cms\/","name":"JazzZeitung","description":"Jazz-News und Jazz-Kontroverses","publisher":{"@id":"https:\/\/www.jazzzeitung.de\/cms\/#organization"},"potentialAction":[{"@type":"SearchAction","target":{"@type":"EntryPoint","urlTemplate":"https:\/\/www.jazzzeitung.de\/cms\/?s={search_term_string}"},"query-input":{"@type":"PropertyValueSpecification","valueRequired":true,"valueName":"search_term_string"}}],"inLanguage":"de"},{"@type":"Organization","@id":"https:\/\/www.jazzzeitung.de\/cms\/#organization","name":"JazzZeitung online","url":"https:\/\/www.jazzzeitung.de\/cms\/","logo":{"@type":"ImageObject","inLanguage":"de","@id":"https:\/\/www.jazzzeitung.de\/cms\/#\/schema\/logo\/image\/","url":"https:\/\/i0.wp.com\/www.jazzzeitung.de\/cms\/wp-content\/uploads\/2015\/08\/JAZZZEITUNGDE_Logo_Neu.png?fit=499%2C200&ssl=1","contentUrl":"https:\/\/i0.wp.com\/www.jazzzeitung.de\/cms\/wp-content\/uploads\/2015\/08\/JAZZZEITUNGDE_Logo_Neu.png?fit=499%2C200&ssl=1","width":499,"height":200,"caption":"JazzZeitung online"},"image":{"@id":"https:\/\/www.jazzzeitung.de\/cms\/#\/schema\/logo\/image\/"},"sameAs":["https:\/\/www.facebook.com\/JazzZeitung\/"]},{"@type":"Person","@id":"https:\/\/www.jazzzeitung.de\/cms\/#\/schema\/person\/2245b36b9cd1d24cea10f01c031fb92b","name":"Redaktion JazzZeitung","image":{"@type":"ImageObject","inLanguage":"de","@id":"https:\/\/i0.wp.com\/www.jazzzeitung.de\/cms\/wp-content\/uploads\/2015\/08\/JAZZZEITUNGDE_Logo_Neu.png?resize=96%2C96&ssl=159975dcacb611b5700bd619b5daf0a7a","url":"https:\/\/i0.wp.com\/www.jazzzeitung.de\/cms\/wp-content\/uploads\/2015\/08\/JAZZZEITUNGDE_Logo_Neu.png?resize=96%2C96&ssl=1","contentUrl":"https:\/\/i0.wp.com\/www.jazzzeitung.de\/cms\/wp-content\/uploads\/2015\/08\/JAZZZEITUNGDE_Logo_Neu.png?resize=96%2C96&ssl=1","caption":"Redaktion JazzZeitung"},"description":"Artikel der Redaktion der JazzZeitung.","sameAs":["http:\/\/www.jazzzeitung.de\/cms\/"],"url":"https:\/\/www.jazzzeitung.de\/cms\/author\/redaktion\/"}]}},"wp-worthy-pixel":{"ignored":false,"public":null,"server":null,"url":null},"wp-worthy-type":"normal","jetpack_publicize_connections":[],"cc_featured_image_caption":{"caption_text":false,"source_text":false,"source_url":false},"jetpack_featured_media_url":"","jetpack_shortlink":"https:\/\/wp.me\/p3KEcT-1Db","jetpack-related-posts":[{"id":8740,"url":"https:\/\/www.jazzzeitung.de\/cms\/2016\/03\/leidenschaftlich-kreativ-schlecht-bezahlt-2\/","url_meta":{"origin":6273,"position":0},"title":"Leidenschaftlich kreativ &#8211; schlecht bezahlt!","author":"Redaktion JazzZeitung","date":"16. M\u00e4rz 2016","format":false,"excerpt":"Neue jazzstudie2016 zeigt: Der Mut zur Improvisation wird mit nur 1.000 Euro monatlich belohnt Jazz leistet einen wichtigen gesellschaftlichen Beitrag in der Kunst sowie im Bereich der kulturellen Bildung und doch bleiben die K\u00fcnstlerinnen und K\u00fcnstler schmerzlich unterbezahlt. Ihr durch musikalische Arbeit erzieltes Jahreseinkommen liegt bei durchschnittlich 12.500 Euro. Erkenntnisse\u2026","rel":"","context":"In &quot;News&quot;","block_context":{"text":"News","link":"https:\/\/www.jazzzeitung.de\/cms\/thema\/nachrichten\/"},"img":{"alt_text":"","src":"https:\/\/i0.wp.com\/www.jazzzeitung.de\/cms\/wp-content\/uploads\/2016\/03\/jazzstudie2016_PostkarteVS_web-150x150.jpg?resize=350%2C200","width":350,"height":200},"classes":[]},{"id":17487,"url":"https:\/\/www.jazzzeitung.de\/cms\/2018\/10\/nach-erklaerungsveroeffentlichung-jazzmusiker-innen-setzen-massnahmen-zur-gleichstellung-um\/","url_meta":{"origin":6273,"position":1},"title":"Nach Erkl\u00e4rungsver\u00f6ffentlichung: Jazzmusiker\/-innen setzen Ma\u00dfnahmen zur Gleichstellung um","author":"Redaktion JazzZeitung","date":"18. Oktober 2018","format":false,"excerpt":"Jetzt sollen auch Taten folgen: Nach der \u00f6ffentlichen Erkl\u00e4rung zur Gleichstellung der Frauen im Jazz, die die Union Deutscher Jazzmusiker\/-innen vergangene Woche im Rahmen ihres 24. Jazzforums vorgestellt hatten, konkretisierten die jungen Jazzmusikerinnen und -musiker nun die beabsichtigten Ma\u00dfnahmen f\u00fcr eine Gleichberechtigung der Geschlechter. Neben der Aufkl\u00e4rung und der Sensiblisierung\u2026","rel":"","context":"In &quot;News&quot;","block_context":{"text":"News","link":"https:\/\/www.jazzzeitung.de\/cms\/thema\/nachrichten\/"},"img":{"alt_text":"","src":"https:\/\/i0.wp.com\/www.jazzzeitung.de\/cms\/wp-content\/uploads\/2018\/03\/Candy-Dulfer_Vesandgr_Foto_Carolien-Sikkenk_-Photoline-1.jpg?fit=1200%2C800&ssl=1&resize=350%2C200","width":350,"height":200,"srcset":"https:\/\/i0.wp.com\/www.jazzzeitung.de\/cms\/wp-content\/uploads\/2018\/03\/Candy-Dulfer_Vesandgr_Foto_Carolien-Sikkenk_-Photoline-1.jpg?fit=1200%2C800&ssl=1&resize=350%2C200 1x, https:\/\/i0.wp.com\/www.jazzzeitung.de\/cms\/wp-content\/uploads\/2018\/03\/Candy-Dulfer_Vesandgr_Foto_Carolien-Sikkenk_-Photoline-1.jpg?fit=1200%2C800&ssl=1&resize=525%2C300 1.5x, https:\/\/i0.wp.com\/www.jazzzeitung.de\/cms\/wp-content\/uploads\/2018\/03\/Candy-Dulfer_Vesandgr_Foto_Carolien-Sikkenk_-Photoline-1.jpg?fit=1200%2C800&ssl=1&resize=700%2C400 2x, https:\/\/i0.wp.com\/www.jazzzeitung.de\/cms\/wp-content\/uploads\/2018\/03\/Candy-Dulfer_Vesandgr_Foto_Carolien-Sikkenk_-Photoline-1.jpg?fit=1200%2C800&ssl=1&resize=1050%2C600 3x"},"classes":[]},{"id":5164,"url":"https:\/\/www.jazzzeitung.de\/cms\/2015\/01\/arm-aber-gluecklich\/","url_meta":{"origin":6273,"position":2},"title":"Arm, aber gl\u00fccklich?","author":"Peter Ortmann","date":"5. Januar 2015","format":false,"excerpt":"Die Mehrzahl der Musikhochschulen in Deutschland (17 von 23) bieten komplette Studieng\u00e4nge f\u00fcr Jazz und \u00c4hnliches an, darunter mindestens eine Fachhochschule, n\u00e4mlich die in Osnabr\u00fcck. Daraus resultiert ein j\u00e4hrlicher Output vieler hochqualifizierter Jazzmusikerinnen und Jazzmusiker. Was die Zeit \"danach\", also nach dem Studium betrifft, so dr\u00e4ngt sich der Verdacht auf,\u2026","rel":"","context":"In &quot;Blog&quot;","block_context":{"text":"Blog","link":"https:\/\/www.jazzzeitung.de\/cms\/thema\/blog\/"},"img":{"alt_text":"gluecklich","src":"https:\/\/i0.wp.com\/www.jazzzeitung.de\/cms\/wp-content\/uploads\/2015\/01\/gluecklich-150x150.jpg?resize=350%2C200","width":350,"height":200},"classes":[]},{"id":26858,"url":"https:\/\/www.jazzzeitung.de\/cms\/2022\/03\/jazzstudie-2022-online-befragung-von-jazzmusikerinnen-ab-10-03-jazzfest-rottweil-neue-programmhighlights\/","url_meta":{"origin":6273,"position":3},"title":"+++ Jazzstudie 2022: Online-Befragung von Jazzmusiker*innen ab 10.03. +++ Jazzfest Rottweil: Neue Programmhighlights +++","author":"Redaktion JazzZeitung","date":"17. M\u00e4rz 2022","format":false,"excerpt":"Online-Befragung zur Jazzstudie 2022 der Deutschen Jazzunion Die Deutsche Jazzunionstellt die Lebens- und Arbeitssituation von Jazzmusikerinnen erneut auf den Pr\u00fcfstand. Dazu ist am 10.03.2022 die gro\u00dfangelegte Online-Befragung gestartet. SIe richtet sich an alle professionellen Jazzmusikerinnen und -p\u00e4dagog*innen, die schwerpunktm\u00e4\u00dfig in Deutschland t\u00e4tig sind. Es sollen Ver\u00e4nderungen der sozio\u00f6konimischen Lage seit\u2026","rel":"","context":"In &quot;News&quot;","block_context":{"text":"News","link":"https:\/\/www.jazzzeitung.de\/cms\/thema\/nachrichten\/"},"img":{"alt_text":"","src":"https:\/\/i0.wp.com\/www.jazzzeitung.de\/cms\/wp-content\/uploads\/2019\/10\/P1526924-Exotica-K%C3%A4nzig-shadow-Foto-TJ-Krebs.jpg?fit=800%2C1200&ssl=1&resize=350%2C200","width":350,"height":200,"srcset":"https:\/\/i0.wp.com\/www.jazzzeitung.de\/cms\/wp-content\/uploads\/2019\/10\/P1526924-Exotica-K%C3%A4nzig-shadow-Foto-TJ-Krebs.jpg?fit=800%2C1200&ssl=1&resize=350%2C200 1x, https:\/\/i0.wp.com\/www.jazzzeitung.de\/cms\/wp-content\/uploads\/2019\/10\/P1526924-Exotica-K%C3%A4nzig-shadow-Foto-TJ-Krebs.jpg?fit=800%2C1200&ssl=1&resize=525%2C300 1.5x, https:\/\/i0.wp.com\/www.jazzzeitung.de\/cms\/wp-content\/uploads\/2019\/10\/P1526924-Exotica-K%C3%A4nzig-shadow-Foto-TJ-Krebs.jpg?fit=800%2C1200&ssl=1&resize=700%2C400 2x"},"classes":[]},{"id":17437,"url":"https:\/\/www.jazzzeitung.de\/cms\/2018\/10\/erklaerung-zur-gleichstellung-von-frauen-im-jazz-ruft-zur-mitzeichnung-auf\/","url_meta":{"origin":6273,"position":4},"title":"Erkl\u00e4rung zur Gleichstellung von Frauen im Jazz ruft zur Mitzeichnung auf","author":"Redaktion JazzZeitung","date":"11. Oktober 2018","format":false,"excerpt":"Anl\u00e4sslich ihres 24. Jazzforums, das am 11. und 12. Oktober 2018 im Kulturzentrum Pavillon in Hannover stattfindet,\u00a0 hat die Union Deutscher Jazz-Musiker\/-innen gemeinsam mit zahlreichen Erstunterzeichner\/-innen die \u201eGemeinsame Erkl\u00e4rung zur Gleichstellung von Frauen im Jazz\" ver\u00f6ffentlicht. Wie es in der vierseitigen Erkl\u00e4rung hei\u00dft, ist die Jazzszene Deutschlands \"nach wie vor\u2026","rel":"","context":"In &quot;News&quot;","block_context":{"text":"News","link":"https:\/\/www.jazzzeitung.de\/cms\/thema\/nachrichten\/"},"img":{"alt_text":"","src":"https:\/\/i0.wp.com\/www.jazzzeitung.de\/cms\/wp-content\/uploads\/2018\/05\/Moses-china_94.jpg?fit=1200%2C804&ssl=1&resize=350%2C200","width":350,"height":200,"srcset":"https:\/\/i0.wp.com\/www.jazzzeitung.de\/cms\/wp-content\/uploads\/2018\/05\/Moses-china_94.jpg?fit=1200%2C804&ssl=1&resize=350%2C200 1x, https:\/\/i0.wp.com\/www.jazzzeitung.de\/cms\/wp-content\/uploads\/2018\/05\/Moses-china_94.jpg?fit=1200%2C804&ssl=1&resize=525%2C300 1.5x, https:\/\/i0.wp.com\/www.jazzzeitung.de\/cms\/wp-content\/uploads\/2018\/05\/Moses-china_94.jpg?fit=1200%2C804&ssl=1&resize=700%2C400 2x, https:\/\/i0.wp.com\/www.jazzzeitung.de\/cms\/wp-content\/uploads\/2018\/05\/Moses-china_94.jpg?fit=1200%2C804&ssl=1&resize=1050%2C600 3x"},"classes":[]},{"id":22133,"url":"https:\/\/www.jazzzeitung.de\/cms\/2020\/03\/deutsche-jazzunion-existenz-vieler-jazzmusikerinnen-in-gefahr\/","url_meta":{"origin":6273,"position":5},"title":"Deutsche Jazzunion: Existenz vieler Jazzmusiker*innen in Gefahr","author":"Redaktion JazzZeitung","date":"12. M\u00e4rz 2020","format":false,"excerpt":"Wirtschaftliche Existenz vieler Jazzmusiker*innen durch Veranstaltungsabsagen wegen Coronavirus in Gefahr. Abgesagte Messen, geschlossene Konzerth\u00e4user und auf unbestimmte Zeit verschobene Veranstaltungen: Von den staatlichen Ma\u00dfnahmen gegen die Ausbreitung des neuartigen Coronavirus CoVid-19 in Deutschland sind nicht nur Gro\u00dfveranstaltungen betroffen, sondern auch unz\u00e4hlige Jazzspielst\u00e4tten wie Clubs und Kleinkunstb\u00fchnen. Gerade die \u00fcberwiegend freischaffenden\u2026","rel":"","context":"In &quot;News&quot;","block_context":{"text":"News","link":"https:\/\/www.jazzzeitung.de\/cms\/thema\/nachrichten\/"},"img":{"alt_text":"Logo der Deutschen Jazzunion","src":"https:\/\/i0.wp.com\/www.jazzzeitung.de\/cms\/wp-content\/uploads\/2019\/05\/DeutscheJazzunion.png?fit=811%2C456&ssl=1&resize=350%2C200","width":350,"height":200,"srcset":"https:\/\/i0.wp.com\/www.jazzzeitung.de\/cms\/wp-content\/uploads\/2019\/05\/DeutscheJazzunion.png?fit=811%2C456&ssl=1&resize=350%2C200 1x, https:\/\/i0.wp.com\/www.jazzzeitung.de\/cms\/wp-content\/uploads\/2019\/05\/DeutscheJazzunion.png?fit=811%2C456&ssl=1&resize=525%2C300 1.5x, https:\/\/i0.wp.com\/www.jazzzeitung.de\/cms\/wp-content\/uploads\/2019\/05\/DeutscheJazzunion.png?fit=811%2C456&ssl=1&resize=700%2C400 2x"},"classes":[]}],"jetpack_sharing_enabled":true,"_links":{"self":[{"href":"https:\/\/www.jazzzeitung.de\/cms\/wp-json\/wp\/v2\/posts\/6273","targetHints":{"allow":["GET"]}}],"collection":[{"href":"https:\/\/www.jazzzeitung.de\/cms\/wp-json\/wp\/v2\/posts"}],"about":[{"href":"https:\/\/www.jazzzeitung.de\/cms\/wp-json\/wp\/v2\/types\/post"}],"author":[{"embeddable":true,"href":"https:\/\/www.jazzzeitung.de\/cms\/wp-json\/wp\/v2\/users\/18"}],"replies":[{"embeddable":true,"href":"https:\/\/www.jazzzeitung.de\/cms\/wp-json\/wp\/v2\/comments?post=6273"}],"version-history":[{"count":3,"href":"https:\/\/www.jazzzeitung.de\/cms\/wp-json\/wp\/v2\/posts\/6273\/revisions"}],"predecessor-version":[{"id":6279,"href":"https:\/\/www.jazzzeitung.de\/cms\/wp-json\/wp\/v2\/posts\/6273\/revisions\/6279"}],"wp:attachment":[{"href":"https:\/\/www.jazzzeitung.de\/cms\/wp-json\/wp\/v2\/media?parent=6273"}],"wp:term":[{"taxonomy":"category","embeddable":true,"href":"https:\/\/www.jazzzeitung.de\/cms\/wp-json\/wp\/v2\/categories?post=6273"},{"taxonomy":"post_tag","embeddable":true,"href":"https:\/\/www.jazzzeitung.de\/cms\/wp-json\/wp\/v2\/tags?post=6273"},{"taxonomy":"author","embeddable":true,"href":"https:\/\/www.jazzzeitung.de\/cms\/wp-json\/wp\/v2\/coauthors?post=6273"}],"curies":[{"name":"wp","href":"https:\/\/api.w.org\/{rel}","templated":true}]}}