{"id":6268,"date":"2015-06-02T15:00:18","date_gmt":"2015-06-02T13:00:18","guid":{"rendered":"http:\/\/www.jazzzeitung.de\/cms\/?p=6268"},"modified":"2015-06-01T11:10:34","modified_gmt":"2015-06-01T09:10:34","slug":"jazz-machine","status":"publish","type":"post","link":"https:\/\/www.jazzzeitung.de\/cms\/2015\/06\/jazz-machine\/","title":{"rendered":"Jazz Against The Machine"},"content":{"rendered":"<p>Das Festival Jazz Against The Machine zeigt den Jazz von seiner vielf\u00e4ltigsten Seite. Vom 7. bis 9. Juli (jeweils 20.00 Uhr) pr\u00e4sentieren sich Studierende der Jazz\/Pop-Abteilung der Hochschule f\u00fcr Musik und Tanz K\u00f6ln mit ihren Bands im Artheater K\u00f6ln. Das 2009 gegr\u00fcndete Festival steht seit jeher f\u00fcr Experimentierfreude und stellt den eigenen Sound der Musiker in den Fokus. Stilistisch ist dabei alles vertreten: von klassischem Jazz \u00fcber Pop und Latin bis zu freier Improvisation, Funk und Soul.<\/p>\n<div class=\"tiled-gallery type-rectangular tiled-gallery-unresized\" data-original-width=\"840\" data-carousel-extra='{&quot;blog_id&quot;:1,&quot;permalink&quot;:&quot;https:\\\/\\\/www.jazzzeitung.de\\\/cms\\\/2015\\\/06\\\/jazz-machine\\\/&quot;,&quot;likes_blog_id&quot;:55446655}' itemscope itemtype=\"http:\/\/schema.org\/ImageGallery\" > <div class=\"gallery-row\" style=\"width: 840px; height: 561px;\" data-original-width=\"840\" data-original-height=\"561\" > <div class=\"gallery-group images-1\" style=\"width: 840px; height: 561px;\" data-original-width=\"840\" data-original-height=\"561\" > <div class=\"tiled-gallery-item tiled-gallery-item-large\" itemprop=\"associatedMedia\" itemscope itemtype=\"http:\/\/schema.org\/ImageObject\"> <a href=\"https:\/\/www.jazzzeitung.de\/cms\/2015\/06\/jazz-machine\/foto-sophia-wahnschaffe\/\" border=\"0\" itemprop=\"url\"> <meta itemprop=\"width\" content=\"836\"> <meta itemprop=\"height\" content=\"557\"> <img decoding=\"async\" class=\"\" data-attachment-id=\"6269\" data-orig-file=\"https:\/\/www.jazzzeitung.de\/cms\/wp-content\/uploads\/2015\/06\/Foto-Sophia-Wahnschaffe.jpg\" data-orig-size=\"960,640\" data-comments-opened=\"1\" data-image-meta=\"{&quot;aperture&quot;:&quot;0&quot;,&quot;credit&quot;:&quot;&quot;,&quot;camera&quot;:&quot;&quot;,&quot;caption&quot;:&quot;&quot;,&quot;created_timestamp&quot;:&quot;0&quot;,&quot;copyright&quot;:&quot;&quot;,&quot;focal_length&quot;:&quot;0&quot;,&quot;iso&quot;:&quot;0&quot;,&quot;shutter_speed&quot;:&quot;0&quot;,&quot;title&quot;:&quot;&quot;,&quot;orientation&quot;:&quot;0&quot;}\" data-image-title=\"Eine der zw\u00f6lf Bands, die auf dem Rave against the Machine Festival auftreten werden: Sophia Wahnschaffe und Band. Foto: Rita Loschitz\" data-image-description=\"\" data-medium-file=\"https:\/\/i0.wp.com\/www.jazzzeitung.de\/cms\/wp-content\/uploads\/2015\/06\/Foto-Sophia-Wahnschaffe.jpg?fit=300%2C200&#038;ssl=1\" data-large-file=\"https:\/\/i0.wp.com\/www.jazzzeitung.de\/cms\/wp-content\/uploads\/2015\/06\/Foto-Sophia-Wahnschaffe.jpg?fit=840%2C560&#038;ssl=1\" src=\"https:\/\/i0.wp.com\/www.jazzzeitung.de\/cms\/wp-content\/uploads\/2015\/06\/Foto-Sophia-Wahnschaffe.jpg?w=836&#038;h=557&#038;ssl=1\" srcset=\"https:\/\/i0.wp.com\/www.jazzzeitung.de\/cms\/wp-content\/uploads\/2015\/06\/Foto-Sophia-Wahnschaffe.jpg?w=960&amp;ssl=1 960w, https:\/\/i0.wp.com\/www.jazzzeitung.de\/cms\/wp-content\/uploads\/2015\/06\/Foto-Sophia-Wahnschaffe.jpg?resize=300%2C200&amp;ssl=1 300w, https:\/\/i0.wp.com\/www.jazzzeitung.de\/cms\/wp-content\/uploads\/2015\/06\/Foto-Sophia-Wahnschaffe.jpg?resize=900%2C600&amp;ssl=1 900w\" width=\"836\" height=\"557\" loading=\"lazy\" data-original-width=\"836\" data-original-height=\"557\" itemprop=\"http:\/\/schema.org\/image\" title=\"Eine der zw\u00f6lf Bands, die auf dem Rave against the Machine Festival auftreten werden: Sophia Wahnschaffe und Band. Foto: Rita Loschitz\" alt=\"Eine der zw\u00f6lf Bands, die auf dem Rave against the Machine Festival auftreten werden: Sophia Wahnschaffe und Band. Foto: Rita Loschitz\" style=\"width: 836px; height: 557px;\" \/> <\/a> <div class=\"tiled-gallery-caption\" itemprop=\"caption description\"> Eine der zw\u00f6lf Bands, die auf dem Rave against the Machine Festival auftreten werden: Sophia Wahnschaffe und Band. Foto: Rita Loschitz <\/div> <\/div> <\/div> <!-- close group --> <\/div> <!-- close row --> <\/div>\n<p>Jeden Abend werden vier Bands abwechslungsreiche H\u00f6rerlebnisse bieten und f\u00fcr Stimmung sorgen. Das mit dem europ\u00e4ischen Burghauser Nachwuchs-Jazzpreis 2015 gekr\u00f6nte Trio \u201eMalstrom\u201c wird das diesj\u00e4hrige Jazz Against the Machine Festival mit unvorhersehbaren Breaks und spannenden Harmonien er\u00f6ffnen. Au\u00dferdem werden Bands und S\u00e4nger\/-innen wie \u201eTaz Chernill\u201c, \u201eCrunchy Mama\u201c oder Sophia Wahnschaffe zu h\u00f6ren sein, die von Ethno-Pop-Rock bis hin zu treibende Beats gepaart mit atmosph\u00e4rischen Einsch\u00fcben, die ganze Bandbreite des Jazz darbieten werden. Wer nicht dabei sein kann, hat die M\u00f6glichkeit die Auftritte per Video-Livestream mitzuverfolgen, der durch die Kunsthochschule f\u00fcr Medien bereitgestellt wird. Weitere Informationen, sowie das vollst\u00e4ndige Festivalprogramm finden Sie unter <a href=\"http:\/\/jatm.de\/\">www.jatm.de<\/a>.<\/p>\n","protected":false},"excerpt":{"rendered":"<p>Das Festival Jazz Against The Machine zeigt den Jazz von seiner vielf\u00e4ltigsten Seite. Vom 7. bis 9. Juli (jeweils 20.00 Uhr) pr\u00e4sentieren sich Studierende der Jazz\/Pop-Abteilung der Hochschule f\u00fcr Musik und Tanz K\u00f6ln mit ihren Bands im Artheater K\u00f6ln. Das 2009 gegr\u00fcndete Festival steht seit jeher f\u00fcr Experimentierfreude und stellt den eigenen Sound der Musiker in den Fokus. Stilistisch ist dabei alles vertreten: von klassischem Jazz \u00fcber Pop und Latin bis zu freier Improvisation, Funk und Soul. Jeden Abend werden vier Bands abwechslungsreiche H\u00f6rerlebnisse bieten und f\u00fcr Stimmung sorgen. Das mit dem europ\u00e4ischen Burghauser Nachwuchs-Jazzpreis 2015 gekr\u00f6nte Trio \u201eMalstrom\u201c wird das diesj\u00e4hrige Jazz Against the Machine Festival mit unvorhersehbaren Breaks und spannenden Harmonien er\u00f6ffnen. Au\u00dferdem werden Bands und S\u00e4nger\/-innen wie \u201eTaz Chernill\u201c, \u201eCrunchy Mama\u201c oder Sophia Wahnschaffe zu h\u00f6ren sein, die von Ethno-Pop-Rock bis hin zu treibende Beats gepaart mit atmosph\u00e4rischen Einsch\u00fcben, die ganze Bandbreite des Jazz darbieten werden. Wer nicht dabei sein kann, hat die M\u00f6glichkeit die Auftritte per Video-Livestream mitzuverfolgen, der durch die Kunsthochschule f\u00fcr Medien bereitgestellt wird. Weitere Informationen, sowie das vollst\u00e4ndige Festivalprogramm finden Sie unter www.jatm.de.<\/p>\n","protected":false},"author":18,"featured_media":0,"comment_status":"open","ping_status":"closed","sticky":false,"template":"","format":"standard","meta":{"_jetpack_memberships_contains_paid_content":false,"footnotes":"","jetpack_publicize_message":"","jetpack_publicize_feature_enabled":true,"jetpack_social_post_already_shared":false,"jetpack_social_options":{"image_generator_settings":{"template":"highway","default_image_id":0,"font":"","enabled":false},"version":2}},"categories":[633],"tags":[945,3,887,1007,852,447,579],"coauthors":[695],"class_list":["post-6268","post","type-post","status-publish","format-standard","hentry","category-nachrichten","tag-burghauser-nachwuchs-jazzpreis","tag-festival","tag-hochschule-fuer-musik-und-tanz-koeln","tag-improvisation","tag-koeln","tag-pop","tag-video"],"yoast_head":"<!-- This site is optimized with the Yoast SEO plugin v27.5 - https:\/\/yoast.com\/product\/yoast-seo-wordpress\/ -->\n<title>Jazz Against The Machine - JazzZeitung<\/title>\n<meta name=\"robots\" content=\"index, follow, max-snippet:-1, max-image-preview:large, max-video-preview:-1\" \/>\n<link rel=\"canonical\" href=\"https:\/\/www.jazzzeitung.de\/cms\/2015\/06\/jazz-machine\/\" \/>\n<meta property=\"og:locale\" content=\"de_DE\" \/>\n<meta property=\"og:type\" content=\"article\" \/>\n<meta property=\"og:title\" content=\"Jazz Against The Machine - JazzZeitung\" \/>\n<meta property=\"og:description\" content=\"Das Festival Jazz Against The Machine zeigt den Jazz von seiner vielf\u00e4ltigsten Seite. Vom 7. bis 9. Juli (jeweils 20.00 Uhr) pr\u00e4sentieren sich Studierende der Jazz\/Pop-Abteilung der Hochschule f\u00fcr Musik und Tanz K\u00f6ln mit ihren Bands im Artheater K\u00f6ln. Das 2009 gegr\u00fcndete Festival steht seit jeher f\u00fcr Experimentierfreude und stellt den eigenen Sound der Musiker in den Fokus. Stilistisch ist dabei alles vertreten: von klassischem Jazz \u00fcber Pop und Latin bis zu freier Improvisation, Funk und Soul. Jeden Abend werden vier Bands abwechslungsreiche H\u00f6rerlebnisse bieten und f\u00fcr Stimmung sorgen. Das mit dem europ\u00e4ischen Burghauser Nachwuchs-Jazzpreis 2015 gekr\u00f6nte Trio \u201eMalstrom\u201c wird das diesj\u00e4hrige Jazz Against the Machine Festival mit unvorhersehbaren Breaks und spannenden Harmonien er\u00f6ffnen. Au\u00dferdem werden Bands und S\u00e4nger\/-innen wie \u201eTaz Chernill\u201c, \u201eCrunchy Mama\u201c oder Sophia Wahnschaffe zu h\u00f6ren sein, die von Ethno-Pop-Rock bis hin zu treibende Beats gepaart mit atmosph\u00e4rischen Einsch\u00fcben, die ganze Bandbreite des Jazz darbieten werden. Wer nicht dabei sein kann, hat die M\u00f6glichkeit die Auftritte per Video-Livestream mitzuverfolgen, der durch die Kunsthochschule f\u00fcr Medien bereitgestellt wird. Weitere Informationen, sowie das vollst\u00e4ndige Festivalprogramm finden Sie unter www.jatm.de.\" \/>\n<meta property=\"og:url\" content=\"https:\/\/www.jazzzeitung.de\/cms\/2015\/06\/jazz-machine\/\" \/>\n<meta property=\"og:site_name\" content=\"JazzZeitung\" \/>\n<meta property=\"article:publisher\" content=\"https:\/\/www.facebook.com\/JazzZeitung\/\" \/>\n<meta property=\"article:published_time\" content=\"2015-06-02T13:00:18+00:00\" \/>\n<meta property=\"og:image\" content=\"https:\/\/i0.wp.com\/www.jazzzeitung.de\/cms\/wp-content\/uploads\/2015\/06\/Foto-Sophia-Wahnschaffe.jpg?w=836&#038;h=557&#038;ssl=1\" \/>\n<meta name=\"author\" content=\"Redaktion JazzZeitung\" \/>\n<script type=\"application\/ld+json\" class=\"yoast-schema-graph\">{\"@context\":\"https:\\\/\\\/schema.org\",\"@graph\":[{\"@type\":\"Article\",\"@id\":\"https:\\\/\\\/www.jazzzeitung.de\\\/cms\\\/2015\\\/06\\\/jazz-machine\\\/#article\",\"isPartOf\":{\"@id\":\"https:\\\/\\\/www.jazzzeitung.de\\\/cms\\\/2015\\\/06\\\/jazz-machine\\\/\"},\"author\":{\"name\":\"Redaktion JazzZeitung\",\"@id\":\"https:\\\/\\\/www.jazzzeitung.de\\\/cms\\\/#\\\/schema\\\/person\\\/2245b36b9cd1d24cea10f01c031fb92b\"},\"headline\":\"Jazz Against The Machine\",\"datePublished\":\"2015-06-02T13:00:18+00:00\",\"mainEntityOfPage\":{\"@id\":\"https:\\\/\\\/www.jazzzeitung.de\\\/cms\\\/2015\\\/06\\\/jazz-machine\\\/\"},\"wordCount\":208,\"commentCount\":0,\"publisher\":{\"@id\":\"https:\\\/\\\/www.jazzzeitung.de\\\/cms\\\/#organization\"},\"keywords\":[\"Burghauser Nachwuchs-Jazzpreis\",\"Festival\",\"Hochschule f\u00fcr Musik und Tanz K\u00f6ln\",\"Improvisation\",\"K\u00f6ln\",\"Pop\",\"Video\"],\"articleSection\":[\"News\"],\"inLanguage\":\"de\",\"potentialAction\":[{\"@type\":\"CommentAction\",\"name\":\"Comment\",\"target\":[\"https:\\\/\\\/www.jazzzeitung.de\\\/cms\\\/2015\\\/06\\\/jazz-machine\\\/#respond\"]}]},{\"@type\":\"WebPage\",\"@id\":\"https:\\\/\\\/www.jazzzeitung.de\\\/cms\\\/2015\\\/06\\\/jazz-machine\\\/\",\"url\":\"https:\\\/\\\/www.jazzzeitung.de\\\/cms\\\/2015\\\/06\\\/jazz-machine\\\/\",\"name\":\"Jazz Against The Machine - JazzZeitung\",\"isPartOf\":{\"@id\":\"https:\\\/\\\/www.jazzzeitung.de\\\/cms\\\/#website\"},\"datePublished\":\"2015-06-02T13:00:18+00:00\",\"breadcrumb\":{\"@id\":\"https:\\\/\\\/www.jazzzeitung.de\\\/cms\\\/2015\\\/06\\\/jazz-machine\\\/#breadcrumb\"},\"inLanguage\":\"de\",\"potentialAction\":[{\"@type\":\"ReadAction\",\"target\":[\"https:\\\/\\\/www.jazzzeitung.de\\\/cms\\\/2015\\\/06\\\/jazz-machine\\\/\"]}]},{\"@type\":\"BreadcrumbList\",\"@id\":\"https:\\\/\\\/www.jazzzeitung.de\\\/cms\\\/2015\\\/06\\\/jazz-machine\\\/#breadcrumb\",\"itemListElement\":[{\"@type\":\"ListItem\",\"position\":1,\"name\":\"Startseite\",\"item\":\"https:\\\/\\\/www.jazzzeitung.de\\\/cms\\\/\"},{\"@type\":\"ListItem\",\"position\":2,\"name\":\"Jazz Against The Machine\"}]},{\"@type\":\"WebSite\",\"@id\":\"https:\\\/\\\/www.jazzzeitung.de\\\/cms\\\/#website\",\"url\":\"https:\\\/\\\/www.jazzzeitung.de\\\/cms\\\/\",\"name\":\"JazzZeitung\",\"description\":\"Jazz-News und Jazz-Kontroverses\",\"publisher\":{\"@id\":\"https:\\\/\\\/www.jazzzeitung.de\\\/cms\\\/#organization\"},\"potentialAction\":[{\"@type\":\"SearchAction\",\"target\":{\"@type\":\"EntryPoint\",\"urlTemplate\":\"https:\\\/\\\/www.jazzzeitung.de\\\/cms\\\/?s={search_term_string}\"},\"query-input\":{\"@type\":\"PropertyValueSpecification\",\"valueRequired\":true,\"valueName\":\"search_term_string\"}}],\"inLanguage\":\"de\"},{\"@type\":\"Organization\",\"@id\":\"https:\\\/\\\/www.jazzzeitung.de\\\/cms\\\/#organization\",\"name\":\"JazzZeitung online\",\"url\":\"https:\\\/\\\/www.jazzzeitung.de\\\/cms\\\/\",\"logo\":{\"@type\":\"ImageObject\",\"inLanguage\":\"de\",\"@id\":\"https:\\\/\\\/www.jazzzeitung.de\\\/cms\\\/#\\\/schema\\\/logo\\\/image\\\/\",\"url\":\"https:\\\/\\\/i0.wp.com\\\/www.jazzzeitung.de\\\/cms\\\/wp-content\\\/uploads\\\/2015\\\/08\\\/JAZZZEITUNGDE_Logo_Neu.png?fit=499%2C200&ssl=1\",\"contentUrl\":\"https:\\\/\\\/i0.wp.com\\\/www.jazzzeitung.de\\\/cms\\\/wp-content\\\/uploads\\\/2015\\\/08\\\/JAZZZEITUNGDE_Logo_Neu.png?fit=499%2C200&ssl=1\",\"width\":499,\"height\":200,\"caption\":\"JazzZeitung online\"},\"image\":{\"@id\":\"https:\\\/\\\/www.jazzzeitung.de\\\/cms\\\/#\\\/schema\\\/logo\\\/image\\\/\"},\"sameAs\":[\"https:\\\/\\\/www.facebook.com\\\/JazzZeitung\\\/\"]},{\"@type\":\"Person\",\"@id\":\"https:\\\/\\\/www.jazzzeitung.de\\\/cms\\\/#\\\/schema\\\/person\\\/2245b36b9cd1d24cea10f01c031fb92b\",\"name\":\"Redaktion JazzZeitung\",\"image\":{\"@type\":\"ImageObject\",\"inLanguage\":\"de\",\"@id\":\"https:\\\/\\\/i0.wp.com\\\/www.jazzzeitung.de\\\/cms\\\/wp-content\\\/uploads\\\/2015\\\/08\\\/JAZZZEITUNGDE_Logo_Neu.png?resize=96%2C96&ssl=159975dcacb611b5700bd619b5daf0a7a\",\"url\":\"https:\\\/\\\/i0.wp.com\\\/www.jazzzeitung.de\\\/cms\\\/wp-content\\\/uploads\\\/2015\\\/08\\\/JAZZZEITUNGDE_Logo_Neu.png?resize=96%2C96&ssl=1\",\"contentUrl\":\"https:\\\/\\\/i0.wp.com\\\/www.jazzzeitung.de\\\/cms\\\/wp-content\\\/uploads\\\/2015\\\/08\\\/JAZZZEITUNGDE_Logo_Neu.png?resize=96%2C96&ssl=1\",\"caption\":\"Redaktion JazzZeitung\"},\"description\":\"Artikel der Redaktion der JazzZeitung.\",\"sameAs\":[\"http:\\\/\\\/www.jazzzeitung.de\\\/cms\\\/\"],\"url\":\"https:\\\/\\\/www.jazzzeitung.de\\\/cms\\\/author\\\/redaktion\\\/\"}]}<\/script>\n<!-- \/ Yoast SEO plugin. -->","yoast_head_json":{"title":"Jazz Against The Machine - JazzZeitung","robots":{"index":"index","follow":"follow","max-snippet":"max-snippet:-1","max-image-preview":"max-image-preview:large","max-video-preview":"max-video-preview:-1"},"canonical":"https:\/\/www.jazzzeitung.de\/cms\/2015\/06\/jazz-machine\/","og_locale":"de_DE","og_type":"article","og_title":"Jazz Against The Machine - JazzZeitung","og_description":"Das Festival Jazz Against The Machine zeigt den Jazz von seiner vielf\u00e4ltigsten Seite. Vom 7. bis 9. Juli (jeweils 20.00 Uhr) pr\u00e4sentieren sich Studierende der Jazz\/Pop-Abteilung der Hochschule f\u00fcr Musik und Tanz K\u00f6ln mit ihren Bands im Artheater K\u00f6ln. Das 2009 gegr\u00fcndete Festival steht seit jeher f\u00fcr Experimentierfreude und stellt den eigenen Sound der Musiker in den Fokus. Stilistisch ist dabei alles vertreten: von klassischem Jazz \u00fcber Pop und Latin bis zu freier Improvisation, Funk und Soul. Jeden Abend werden vier Bands abwechslungsreiche H\u00f6rerlebnisse bieten und f\u00fcr Stimmung sorgen. Das mit dem europ\u00e4ischen Burghauser Nachwuchs-Jazzpreis 2015 gekr\u00f6nte Trio \u201eMalstrom\u201c wird das diesj\u00e4hrige Jazz Against the Machine Festival mit unvorhersehbaren Breaks und spannenden Harmonien er\u00f6ffnen. Au\u00dferdem werden Bands und S\u00e4nger\/-innen wie \u201eTaz Chernill\u201c, \u201eCrunchy Mama\u201c oder Sophia Wahnschaffe zu h\u00f6ren sein, die von Ethno-Pop-Rock bis hin zu treibende Beats gepaart mit atmosph\u00e4rischen Einsch\u00fcben, die ganze Bandbreite des Jazz darbieten werden. Wer nicht dabei sein kann, hat die M\u00f6glichkeit die Auftritte per Video-Livestream mitzuverfolgen, der durch die Kunsthochschule f\u00fcr Medien bereitgestellt wird. Weitere Informationen, sowie das vollst\u00e4ndige Festivalprogramm finden Sie unter www.jatm.de.","og_url":"https:\/\/www.jazzzeitung.de\/cms\/2015\/06\/jazz-machine\/","og_site_name":"JazzZeitung","article_publisher":"https:\/\/www.facebook.com\/JazzZeitung\/","article_published_time":"2015-06-02T13:00:18+00:00","og_image":[{"url":"https:\/\/i0.wp.com\/www.jazzzeitung.de\/cms\/wp-content\/uploads\/2015\/06\/Foto-Sophia-Wahnschaffe.jpg?w=836&#038;h=557&#038;ssl=1","type":"","width":"","height":""}],"author":"Redaktion JazzZeitung","schema":{"@context":"https:\/\/schema.org","@graph":[{"@type":"Article","@id":"https:\/\/www.jazzzeitung.de\/cms\/2015\/06\/jazz-machine\/#article","isPartOf":{"@id":"https:\/\/www.jazzzeitung.de\/cms\/2015\/06\/jazz-machine\/"},"author":{"name":"Redaktion JazzZeitung","@id":"https:\/\/www.jazzzeitung.de\/cms\/#\/schema\/person\/2245b36b9cd1d24cea10f01c031fb92b"},"headline":"Jazz Against The Machine","datePublished":"2015-06-02T13:00:18+00:00","mainEntityOfPage":{"@id":"https:\/\/www.jazzzeitung.de\/cms\/2015\/06\/jazz-machine\/"},"wordCount":208,"commentCount":0,"publisher":{"@id":"https:\/\/www.jazzzeitung.de\/cms\/#organization"},"keywords":["Burghauser Nachwuchs-Jazzpreis","Festival","Hochschule f\u00fcr Musik und Tanz K\u00f6ln","Improvisation","K\u00f6ln","Pop","Video"],"articleSection":["News"],"inLanguage":"de","potentialAction":[{"@type":"CommentAction","name":"Comment","target":["https:\/\/www.jazzzeitung.de\/cms\/2015\/06\/jazz-machine\/#respond"]}]},{"@type":"WebPage","@id":"https:\/\/www.jazzzeitung.de\/cms\/2015\/06\/jazz-machine\/","url":"https:\/\/www.jazzzeitung.de\/cms\/2015\/06\/jazz-machine\/","name":"Jazz Against The Machine - JazzZeitung","isPartOf":{"@id":"https:\/\/www.jazzzeitung.de\/cms\/#website"},"datePublished":"2015-06-02T13:00:18+00:00","breadcrumb":{"@id":"https:\/\/www.jazzzeitung.de\/cms\/2015\/06\/jazz-machine\/#breadcrumb"},"inLanguage":"de","potentialAction":[{"@type":"ReadAction","target":["https:\/\/www.jazzzeitung.de\/cms\/2015\/06\/jazz-machine\/"]}]},{"@type":"BreadcrumbList","@id":"https:\/\/www.jazzzeitung.de\/cms\/2015\/06\/jazz-machine\/#breadcrumb","itemListElement":[{"@type":"ListItem","position":1,"name":"Startseite","item":"https:\/\/www.jazzzeitung.de\/cms\/"},{"@type":"ListItem","position":2,"name":"Jazz Against The Machine"}]},{"@type":"WebSite","@id":"https:\/\/www.jazzzeitung.de\/cms\/#website","url":"https:\/\/www.jazzzeitung.de\/cms\/","name":"JazzZeitung","description":"Jazz-News und Jazz-Kontroverses","publisher":{"@id":"https:\/\/www.jazzzeitung.de\/cms\/#organization"},"potentialAction":[{"@type":"SearchAction","target":{"@type":"EntryPoint","urlTemplate":"https:\/\/www.jazzzeitung.de\/cms\/?s={search_term_string}"},"query-input":{"@type":"PropertyValueSpecification","valueRequired":true,"valueName":"search_term_string"}}],"inLanguage":"de"},{"@type":"Organization","@id":"https:\/\/www.jazzzeitung.de\/cms\/#organization","name":"JazzZeitung online","url":"https:\/\/www.jazzzeitung.de\/cms\/","logo":{"@type":"ImageObject","inLanguage":"de","@id":"https:\/\/www.jazzzeitung.de\/cms\/#\/schema\/logo\/image\/","url":"https:\/\/i0.wp.com\/www.jazzzeitung.de\/cms\/wp-content\/uploads\/2015\/08\/JAZZZEITUNGDE_Logo_Neu.png?fit=499%2C200&ssl=1","contentUrl":"https:\/\/i0.wp.com\/www.jazzzeitung.de\/cms\/wp-content\/uploads\/2015\/08\/JAZZZEITUNGDE_Logo_Neu.png?fit=499%2C200&ssl=1","width":499,"height":200,"caption":"JazzZeitung online"},"image":{"@id":"https:\/\/www.jazzzeitung.de\/cms\/#\/schema\/logo\/image\/"},"sameAs":["https:\/\/www.facebook.com\/JazzZeitung\/"]},{"@type":"Person","@id":"https:\/\/www.jazzzeitung.de\/cms\/#\/schema\/person\/2245b36b9cd1d24cea10f01c031fb92b","name":"Redaktion JazzZeitung","image":{"@type":"ImageObject","inLanguage":"de","@id":"https:\/\/i0.wp.com\/www.jazzzeitung.de\/cms\/wp-content\/uploads\/2015\/08\/JAZZZEITUNGDE_Logo_Neu.png?resize=96%2C96&ssl=159975dcacb611b5700bd619b5daf0a7a","url":"https:\/\/i0.wp.com\/www.jazzzeitung.de\/cms\/wp-content\/uploads\/2015\/08\/JAZZZEITUNGDE_Logo_Neu.png?resize=96%2C96&ssl=1","contentUrl":"https:\/\/i0.wp.com\/www.jazzzeitung.de\/cms\/wp-content\/uploads\/2015\/08\/JAZZZEITUNGDE_Logo_Neu.png?resize=96%2C96&ssl=1","caption":"Redaktion JazzZeitung"},"description":"Artikel der Redaktion der JazzZeitung.","sameAs":["http:\/\/www.jazzzeitung.de\/cms\/"],"url":"https:\/\/www.jazzzeitung.de\/cms\/author\/redaktion\/"}]}},"wp-worthy-pixel":{"ignored":false,"public":null,"server":null,"url":null},"wp-worthy-type":"normal","jetpack_publicize_connections":[],"cc_featured_image_caption":{"caption_text":false,"source_text":false,"source_url":false},"jetpack_featured_media_url":"","jetpack_shortlink":"https:\/\/wp.me\/p3KEcT-1D6","jetpack-related-posts":[{"id":33608,"url":"https:\/\/www.jazzzeitung.de\/cms\/2026\/01\/news-wdr-jazzpreis-fuer-hanno-busch-burghauser-nachwuchs-jazzpreis-finalistinnen\/","url_meta":{"origin":6268,"position":0},"title":"+++ news +++ WDR Jazzpreis f\u00fcr Hanno Busch ++++ Burghauser Nachwuchs-Jazzpreis: Finalist:innen +++","author":"Redaktion JazzZeitung","date":"20. Januar 2026","format":false,"excerpt":"+++ WDR Jazzpreis f\u00fcr Hanno Busch +++ Hanno Busch\u00a0erh\u00e4lt den diesj\u00e4hrigen WDR Jazzpreis. Der in Wuppertal geborene Gitarrist, Komponist und Produzent \u00fcberzeugte die Jury mit seiner \u201eherausragend gef\u00fchlvollen, frischen und kreativen Spielweise\u201c, mit der er sich \u201em\u00fchelos zwischen Jazz, Rock, Blues, Pop und anderen Genres\u201c bewegt. Busch spielt in eigenen\u2026","rel":"","context":"In &quot;News&quot;","block_context":{"text":"News","link":"https:\/\/www.jazzzeitung.de\/cms\/thema\/nachrichten\/"},"img":{"alt_text":"","src":"https:\/\/i0.wp.com\/www.jazzzeitung.de\/cms\/wp-content\/uploads\/2026\/01\/WDR_Jazzpreis_2026_.jpg?fit=960%2C540&ssl=1&resize=350%2C200","width":350,"height":200,"srcset":"https:\/\/i0.wp.com\/www.jazzzeitung.de\/cms\/wp-content\/uploads\/2026\/01\/WDR_Jazzpreis_2026_.jpg?fit=960%2C540&ssl=1&resize=350%2C200 1x, https:\/\/i0.wp.com\/www.jazzzeitung.de\/cms\/wp-content\/uploads\/2026\/01\/WDR_Jazzpreis_2026_.jpg?fit=960%2C540&ssl=1&resize=525%2C300 1.5x, https:\/\/i0.wp.com\/www.jazzzeitung.de\/cms\/wp-content\/uploads\/2026\/01\/WDR_Jazzpreis_2026_.jpg?fit=960%2C540&ssl=1&resize=700%2C400 2x"},"classes":[]},{"id":3367,"url":"https:\/\/www.jazzzeitung.de\/cms\/2014\/01\/immer-wieder-anders-das-louis-stapleton-trio\/","url_meta":{"origin":6268,"position":1},"title":"Immer wieder anders: das Louis Stapleton Trio","author":"Redaktion JazzZeitung","date":"10. Januar 2014","format":false,"excerpt":"Von Caro Kirsch - Seit sie sich bei der Aufnahmepr\u00fcfung f\u00fcrs Jazzstudium im Jahr 2011 an der Hochschule f\u00fcr Musik und Tanz K\u00f6ln kennengelernt haben, sind die drei Musiker Louis Stapleton, Oliver Lutz und Fabian Arends Freunde. Mit ihrem Modern Jazz Klavier Ensemble, dem Louis Stapleton Trio, erobern sie nun\u2026","rel":"","context":"In &quot;Newcomer des Monats&quot;","block_context":{"text":"Newcomer des Monats","link":"https:\/\/www.jazzzeitung.de\/cms\/thema\/newcomer\/"},"img":{"alt_text":"louis_stapleton","src":"https:\/\/i0.wp.com\/www.jazzzeitung.de\/cms\/wp-content\/uploads\/2014\/01\/louis_stapleton-150x150.jpg?resize=350%2C200","width":350,"height":200},"classes":[]},{"id":32374,"url":"https:\/\/www.jazzzeitung.de\/cms\/2025\/03\/news-burghauser-nachwuchs-jazzpreis-verein-klangkultur\/","url_meta":{"origin":6268,"position":2},"title":"+++ news +++ Burghauser Nachwuchs-Jazzpreis +++ Verein &#8222;Klangkultur&#8220; +++","author":"Redaktion JazzZeitung","date":"28. M\u00e4rz 2025","format":false,"excerpt":"+++ Burghauser Nachwuchs-Jazzpreis an Filippo Deorsola und sein Trio Anaphora +++ Am Abend des 25. M\u00e4rz 2025 wurde im Stadtsaal der 15. Burghauser Nachwuchs-Jazzpreis verliehen. Die f\u00fcnf Jurymitglieder, Ralf Dombrowski, Reinhard K\u00f6chl, Roland Spiegel, Johanna Summer und Simone Locarni (der als letztj\u00e4hriger Gewinner Teil der Jury wurde), standen vor der\u2026","rel":"","context":"In &quot;Redaktionelle Nachrichten&quot;","block_context":{"text":"Redaktionelle Nachrichten","link":"https:\/\/www.jazzzeitung.de\/cms\/thema\/redaktion\/"},"img":{"alt_text":"","src":"https:\/\/i0.wp.com\/www.jazzzeitung.de\/cms\/wp-content\/uploads\/2025\/03\/JW25_Anaphora%C2%A9Rasimowitz_Frank_RAS_8542.jpg?fit=1200%2C800&ssl=1&resize=350%2C200","width":350,"height":200,"srcset":"https:\/\/i0.wp.com\/www.jazzzeitung.de\/cms\/wp-content\/uploads\/2025\/03\/JW25_Anaphora%C2%A9Rasimowitz_Frank_RAS_8542.jpg?fit=1200%2C800&ssl=1&resize=350%2C200 1x, https:\/\/i0.wp.com\/www.jazzzeitung.de\/cms\/wp-content\/uploads\/2025\/03\/JW25_Anaphora%C2%A9Rasimowitz_Frank_RAS_8542.jpg?fit=1200%2C800&ssl=1&resize=525%2C300 1.5x, https:\/\/i0.wp.com\/www.jazzzeitung.de\/cms\/wp-content\/uploads\/2025\/03\/JW25_Anaphora%C2%A9Rasimowitz_Frank_RAS_8542.jpg?fit=1200%2C800&ssl=1&resize=700%2C400 2x, https:\/\/i0.wp.com\/www.jazzzeitung.de\/cms\/wp-content\/uploads\/2025\/03\/JW25_Anaphora%C2%A9Rasimowitz_Frank_RAS_8542.jpg?fit=1200%2C800&ssl=1&resize=1050%2C600 3x"},"classes":[]},{"id":6618,"url":"https:\/\/www.jazzzeitung.de\/cms\/2015\/07\/news-gender-workshop-burghauser-nachwuchs-jazzpreis-travejazz-festival-luebeck\/","url_meta":{"origin":6268,"position":3},"title":"+++News +++ Gender-Workshop +++ Burghauser Nachwuchs-Jazzpreis +++ Travejazz Festival L\u00fcbeck +++","author":"Redaktion JazzZeitung","date":"15. Juli 2015","format":false,"excerpt":"+++ Jetzt anmelden! - Jazz-Ensemble-Workshops in Frankfurt vom 2. bis 4. Oktober 2015 +++ mit Gina Schwarz (A), bass \/ Stephanie Wagner (D), flute \/ Esther B\u00e4chlin (CH) piano, Konzert PLAYGROUND 5. Oktober 2015 -Im Rahmen des 14. Darmst\u00e4dter Jazzforums (01. - 04.10.2015) zum Thema \u201eGender und\u00a0Identit\u00e4t im Jazz\u201c bieten\u2026","rel":"","context":"In &quot;News&quot;","block_context":{"text":"News","link":"https:\/\/www.jazzzeitung.de\/cms\/thema\/nachrichten\/"},"img":{"alt_text":"","src":"","width":0,"height":0},"classes":[]},{"id":13079,"url":"https:\/\/www.jazzzeitung.de\/cms\/2017\/07\/burghauser-nachwuchs-jazzpreis-ab-sofort-bewerben\/","url_meta":{"origin":6268,"position":4},"title":"Burghauser Nachwuchs-Jazzpreis: ab sofort bewerben!","author":"Redaktion JazzZeitung","date":"20. Juli 2017","format":false,"excerpt":"Bereits zum 10. Mal vergibt die Interessensgemeinschaft Jazz Burghausen e.V. in Zusammenarbeit mit der Stadt Burghausen den Nachwuchs-Jazzpreis. Die 49. Internationale Jazzwoche Burghausen (6. \u2013 11. M\u00e4rz 2018) startet dann wieder wie gewohnt mit dem Finale des Nachwuchswettbewerbs. Bewerbungen werden ab sofort angenommen. Bewerbungsschluss ist der 31. Oktober 2017. Der\u2026","rel":"","context":"In &quot;News&quot;","block_context":{"text":"News","link":"https:\/\/www.jazzzeitung.de\/cms\/thema\/nachrichten\/"},"img":{"alt_text":"","src":"https:\/\/i0.wp.com\/www.jazzzeitung.de\/cms\/wp-content\/uploads\/2017\/07\/Nachwuchsjazzpreis-Filippo-Vignato-Trio_kl-150x150.jpg?resize=350%2C200&ssl=1","width":350,"height":200},"classes":[]},{"id":5744,"url":"https:\/\/www.jazzzeitung.de\/cms\/2015\/03\/news-burghauser-nachwuchs-jazzpreis-jazzica-der-weyhalla-sparda-jazz-awwrds-2015\/","url_meta":{"origin":6268,"position":5},"title":"News: Burghauser Nachwuchs-Jazzpreis +++ Jazzica in der Weyhalla +++ Sparda Jazz Awards 2015","author":"Redaktion JazzZeitung","date":"18. M\u00e4rz 2015","format":false,"excerpt":"\"Malstrom\" gewinnt Burghauser Nachwuchs-Jazzpreis Wieder waren es f\u00fcnf hochqualifizierte Bands, die zum diesj\u00e4hrigen 7. Europ\u00e4ischen Burghauser Nachwuchs-Jazzpreis antraten und wieder stand die Jury vor einer schweren Entscheidung, um aus den Wettstreitern den Gewinner zu k\u00fcren.\u00a0Als zum Ende eines spannenden Abends mit vielen unterschiedlichen musikalischen Facetten die Band Malstrom den mit\u2026","rel":"","context":"In &quot;News&quot;","block_context":{"text":"News","link":"https:\/\/www.jazzzeitung.de\/cms\/thema\/nachrichten\/"},"img":{"alt_text":"\"Malstrom\" gewann den Burghauser Nachwuchs-Jazzpreis","src":"https:\/\/i0.wp.com\/www.jazzzeitung.de\/cms\/wp-content\/uploads\/2015\/03\/Malstrom-Bandfoto1-150x150.jpg?resize=350%2C200","width":350,"height":200},"classes":[]}],"jetpack_sharing_enabled":true,"_links":{"self":[{"href":"https:\/\/www.jazzzeitung.de\/cms\/wp-json\/wp\/v2\/posts\/6268","targetHints":{"allow":["GET"]}}],"collection":[{"href":"https:\/\/www.jazzzeitung.de\/cms\/wp-json\/wp\/v2\/posts"}],"about":[{"href":"https:\/\/www.jazzzeitung.de\/cms\/wp-json\/wp\/v2\/types\/post"}],"author":[{"embeddable":true,"href":"https:\/\/www.jazzzeitung.de\/cms\/wp-json\/wp\/v2\/users\/18"}],"replies":[{"embeddable":true,"href":"https:\/\/www.jazzzeitung.de\/cms\/wp-json\/wp\/v2\/comments?post=6268"}],"version-history":[{"count":2,"href":"https:\/\/www.jazzzeitung.de\/cms\/wp-json\/wp\/v2\/posts\/6268\/revisions"}],"predecessor-version":[{"id":6271,"href":"https:\/\/www.jazzzeitung.de\/cms\/wp-json\/wp\/v2\/posts\/6268\/revisions\/6271"}],"wp:attachment":[{"href":"https:\/\/www.jazzzeitung.de\/cms\/wp-json\/wp\/v2\/media?parent=6268"}],"wp:term":[{"taxonomy":"category","embeddable":true,"href":"https:\/\/www.jazzzeitung.de\/cms\/wp-json\/wp\/v2\/categories?post=6268"},{"taxonomy":"post_tag","embeddable":true,"href":"https:\/\/www.jazzzeitung.de\/cms\/wp-json\/wp\/v2\/tags?post=6268"},{"taxonomy":"author","embeddable":true,"href":"https:\/\/www.jazzzeitung.de\/cms\/wp-json\/wp\/v2\/coauthors?post=6268"}],"curies":[{"name":"wp","href":"https:\/\/api.w.org\/{rel}","templated":true}]}}