{"id":6254,"date":"2015-05-29T07:12:35","date_gmt":"2015-05-29T05:12:35","guid":{"rendered":"http:\/\/www.jazzzeitung.de\/cms\/?p=6254"},"modified":"2015-05-28T16:34:33","modified_gmt":"2015-05-28T14:34:33","slug":"melody-gardot-veroeffentlicht-heute-ihr-neues-album-currency-man","status":"publish","type":"post","link":"https:\/\/www.jazzzeitung.de\/cms\/2015\/05\/melody-gardot-veroeffentlicht-heute-ihr-neues-album-currency-man\/","title":{"rendered":"Melody Gardot ver\u00f6ffentlicht heute ihr neues Album \u201eCurrency Of Man\u201c"},"content":{"rendered":"<figure id=\"attachment_6255\" aria-describedby=\"caption-attachment-6255\" style=\"width: 150px\" class=\"wp-caption alignright\"><a href=\"https:\/\/i0.wp.com\/www.jazzzeitung.de\/cms\/wp-content\/uploads\/2015\/05\/MelodyGardot_2_FotoCr4F62A.jpg\"><img data-recalc-dims=\"1\" loading=\"lazy\" decoding=\"async\" data-attachment-id=\"6255\" data-permalink=\"https:\/\/www.jazzzeitung.de\/cms\/2015\/05\/melody-gardot-veroeffentlicht-heute-ihr-neues-album-currency-man\/melody-gardot\/\" data-orig-file=\"https:\/\/i0.wp.com\/www.jazzzeitung.de\/cms\/wp-content\/uploads\/2015\/05\/MelodyGardot_2_FotoCr4F62A.jpg?fit=1969%2C2953&amp;ssl=1\" data-orig-size=\"1969,2953\" data-comments-opened=\"1\" data-image-meta=\"{&quot;aperture&quot;:&quot;0&quot;,&quot;credit&quot;:&quot;Franco P Tettamanti&quot;,&quot;camera&quot;:&quot;&quot;,&quot;caption&quot;:&quot;MELODY GARDOT&quot;,&quot;created_timestamp&quot;:&quot;0&quot;,&quot;copyright&quot;:&quot;Copyright: Franco P Tettamanti Pictures&quot;,&quot;focal_length&quot;:&quot;0&quot;,&quot;iso&quot;:&quot;0&quot;,&quot;shutter_speed&quot;:&quot;0&quot;,&quot;title&quot;:&quot;MELODY GARDOT&quot;,&quot;orientation&quot;:&quot;1&quot;}\" data-image-title=\"MELODY GARDOT\" data-image-description=\"\" data-image-caption=\"&lt;p&gt;MELODY GARDOT&lt;\/p&gt;\n\" data-large-file=\"https:\/\/i0.wp.com\/www.jazzzeitung.de\/cms\/wp-content\/uploads\/2015\/05\/MelodyGardot_2_FotoCr4F62A.jpg?fit=400%2C600&amp;ssl=1\" class=\"size-thumbnail wp-image-6255\" src=\"https:\/\/i0.wp.com\/www.jazzzeitung.de\/cms\/wp-content\/uploads\/2015\/05\/MelodyGardot_2_FotoCr4F62A-150x150.jpg?resize=150%2C150\" alt=\"MELODY GARDOT\" width=\"150\" height=\"150\" srcset=\"https:\/\/i0.wp.com\/www.jazzzeitung.de\/cms\/wp-content\/uploads\/2015\/05\/MelodyGardot_2_FotoCr4F62A.jpg?resize=150%2C150&amp;ssl=1 150w, https:\/\/i0.wp.com\/www.jazzzeitung.de\/cms\/wp-content\/uploads\/2015\/05\/MelodyGardot_2_FotoCr4F62A.jpg?resize=144%2C144&amp;ssl=1 144w, https:\/\/i0.wp.com\/www.jazzzeitung.de\/cms\/wp-content\/uploads\/2015\/05\/MelodyGardot_2_FotoCr4F62A.jpg?resize=96%2C96&amp;ssl=1 96w, https:\/\/i0.wp.com\/www.jazzzeitung.de\/cms\/wp-content\/uploads\/2015\/05\/MelodyGardot_2_FotoCr4F62A.jpg?resize=24%2C24&amp;ssl=1 24w, https:\/\/i0.wp.com\/www.jazzzeitung.de\/cms\/wp-content\/uploads\/2015\/05\/MelodyGardot_2_FotoCr4F62A.jpg?resize=36%2C36&amp;ssl=1 36w, https:\/\/i0.wp.com\/www.jazzzeitung.de\/cms\/wp-content\/uploads\/2015\/05\/MelodyGardot_2_FotoCr4F62A.jpg?resize=48%2C48&amp;ssl=1 48w, https:\/\/i0.wp.com\/www.jazzzeitung.de\/cms\/wp-content\/uploads\/2015\/05\/MelodyGardot_2_FotoCr4F62A.jpg?resize=64%2C64&amp;ssl=1 64w, https:\/\/i0.wp.com\/www.jazzzeitung.de\/cms\/wp-content\/uploads\/2015\/05\/MelodyGardot_2_FotoCr4F62A.jpg?resize=32%2C32&amp;ssl=1 32w, https:\/\/i0.wp.com\/www.jazzzeitung.de\/cms\/wp-content\/uploads\/2015\/05\/MelodyGardot_2_FotoCr4F62A.jpg?resize=128%2C128&amp;ssl=1 128w, https:\/\/i0.wp.com\/www.jazzzeitung.de\/cms\/wp-content\/uploads\/2015\/05\/MelodyGardot_2_FotoCr4F62A.jpg?zoom=2&amp;resize=150%2C150&amp;ssl=1 300w, https:\/\/i0.wp.com\/www.jazzzeitung.de\/cms\/wp-content\/uploads\/2015\/05\/MelodyGardot_2_FotoCr4F62A.jpg?zoom=3&amp;resize=150%2C150&amp;ssl=1 450w\" sizes=\"auto, (max-width: 150px) 100vw, 150px\" \/><\/a><figcaption id=\"caption-attachment-6255\" class=\"wp-caption-text\">MELODY GARDOT<\/figcaption><\/figure>\n<p>Im Mai 2008 war sie der &#8222;Rising Star&#8220; am New Jazz-Himmel: Damals pr\u00e4sentierte Melody Gardot ihr erstes Album &#8222;Worrisome Heart&#8220; in Europa mit der f\u00fcr sie typischen packenden Mischung aus Jazz, Blues und Folk. Heute erscheint mit \u201eCurrency Of Man\u201c das vierte Studioalbum von Melody Gardot.<strong><br \/>\n<\/strong><\/p>\n<p>Die zehn neuen Songs zeigen eine gereifte, stilistisch erweiterte K\u00fcnstlerin: Im Mittelpunkt der exzellenten Arrangements: die charismatische, rauchige Stimme der S\u00e4ngerin. \u201eJedes Album gleicht einer Reise und diesmal habe ich in mehrerlei Hinsicht einen Sprung ins Ungewisse gewagt\u201c, sagt Melody Gardot. Auf Reisen hat sich die K\u00fcnstlerin inspirieren lassen \u2013 in Europa, in Marokko, aber auch in Argentinien und Brasilien. Ihre gesammelten Reiseerfahrungen und Betrachtungen hat sie in ihre Songs verpackt und diese in Studios in Los Angeles und Paris aufgenommen \u2013 mit Unterst\u00fctzung hochkar\u00e4tiger Musiker wie Drummer Vinnie Colaiuta (Sting, Jeff Beck), Gitarrist Dean Parks (Steely Dan), Organist Larry Goldings (James Taylor) und den legend\u00e4ren Bl\u00e4sern Gary Grant und Jerry Hey (Quincy Jones, Toto, Michael Jackson).<\/p>\n<p>Wer die Gardot live in Deutschland erleben will, muss noch den Sommer \u00fcberstehen: Am 7. November gastiert sie in Leverkusen, am 8.\u00a0 bei den Ingolst\u00e4dter Jazztagen, am 9. in Hamburg und am 11.November in Berlin.<\/p>\n","protected":false},"excerpt":{"rendered":"<p>Im Mai 2008 war sie der &#8222;Rising Star&#8220; am New Jazz-Himmel: Damals pr\u00e4sentierte Melody Gardot ihr erstes Album &#8222;Worrisome Heart&#8220; in Europa mit der f\u00fcr sie typischen packenden Mischung aus Jazz, Blues und Folk. Heute erscheint mit \u201eCurrency Of Man\u201c das vierte Studioalbum von Melody Gardot. Die zehn neuen Songs zeigen eine gereifte, stilistisch erweiterte K\u00fcnstlerin: Im Mittelpunkt der exzellenten Arrangements: die charismatische, rauchige Stimme der S\u00e4ngerin. \u201eJedes Album gleicht einer Reise und diesmal habe ich in mehrerlei Hinsicht einen Sprung ins Ungewisse gewagt\u201c, sagt Melody Gardot. Auf Reisen hat sich die K\u00fcnstlerin inspirieren lassen \u2013 in Europa, in Marokko, aber auch in Argentinien und Brasilien. Ihre gesammelten Reiseerfahrungen und Betrachtungen hat sie in ihre Songs verpackt und diese in Studios in Los Angeles und Paris aufgenommen \u2013 mit Unterst\u00fctzung hochkar\u00e4tiger Musiker wie Drummer Vinnie Colaiuta (Sting, Jeff Beck), Gitarrist Dean Parks (Steely Dan), Organist Larry Goldings (James Taylor) und den legend\u00e4ren Bl\u00e4sern Gary Grant und Jerry Hey (Quincy Jones, Toto, Michael Jackson). Wer die Gardot live in Deutschland erleben will, muss noch den Sommer \u00fcberstehen: Am 7. November gastiert sie in Leverkusen, am 8.\u00a0 &hellip;<\/p>\n","protected":false},"author":18,"featured_media":0,"comment_status":"open","ping_status":"closed","sticky":false,"template":"","format":"standard","meta":{"_jetpack_memberships_contains_paid_content":false,"footnotes":"","jetpack_publicize_message":"","jetpack_publicize_feature_enabled":true,"jetpack_social_post_already_shared":false,"jetpack_social_options":{"image_generator_settings":{"template":"highway","default_image_id":0,"font":"","enabled":false},"version":2}},"categories":[633],"tags":[34,47,66,83,137,215,295,431,522],"coauthors":[695],"class_list":["post-6254","post","type-post","status-publish","format-standard","hentry","category-nachrichten","tag-album","tag-argentinien","tag-berlin","tag-blues","tag-deutschland","tag-hamburg","tag-jeff-beck","tag-paris","tag-sting"],"yoast_head":"<!-- This site is optimized with the Yoast SEO plugin v27.5 - https:\/\/yoast.com\/product\/yoast-seo-wordpress\/ -->\n<title>Melody Gardot ver\u00f6ffentlicht heute ihr neues Album \u201eCurrency Of Man\u201c - JazzZeitung<\/title>\n<meta name=\"robots\" content=\"index, follow, max-snippet:-1, max-image-preview:large, max-video-preview:-1\" \/>\n<link rel=\"canonical\" href=\"https:\/\/www.jazzzeitung.de\/cms\/2015\/05\/melody-gardot-veroeffentlicht-heute-ihr-neues-album-currency-man\/\" \/>\n<meta property=\"og:locale\" content=\"de_DE\" \/>\n<meta property=\"og:type\" content=\"article\" \/>\n<meta property=\"og:title\" content=\"Melody Gardot ver\u00f6ffentlicht heute ihr neues Album \u201eCurrency Of Man\u201c - JazzZeitung\" \/>\n<meta property=\"og:description\" content=\"Im Mai 2008 war sie der &#8222;Rising Star&#8220; am New Jazz-Himmel: Damals pr\u00e4sentierte Melody Gardot ihr erstes Album &#8222;Worrisome Heart&#8220; in Europa mit der f\u00fcr sie typischen packenden Mischung aus Jazz, Blues und Folk. Heute erscheint mit \u201eCurrency Of Man\u201c das vierte Studioalbum von Melody Gardot. Die zehn neuen Songs zeigen eine gereifte, stilistisch erweiterte K\u00fcnstlerin: Im Mittelpunkt der exzellenten Arrangements: die charismatische, rauchige Stimme der S\u00e4ngerin. \u201eJedes Album gleicht einer Reise und diesmal habe ich in mehrerlei Hinsicht einen Sprung ins Ungewisse gewagt\u201c, sagt Melody Gardot. Auf Reisen hat sich die K\u00fcnstlerin inspirieren lassen \u2013 in Europa, in Marokko, aber auch in Argentinien und Brasilien. Ihre gesammelten Reiseerfahrungen und Betrachtungen hat sie in ihre Songs verpackt und diese in Studios in Los Angeles und Paris aufgenommen \u2013 mit Unterst\u00fctzung hochkar\u00e4tiger Musiker wie Drummer Vinnie Colaiuta (Sting, Jeff Beck), Gitarrist Dean Parks (Steely Dan), Organist Larry Goldings (James Taylor) und den legend\u00e4ren Bl\u00e4sern Gary Grant und Jerry Hey (Quincy Jones, Toto, Michael Jackson). Wer die Gardot live in Deutschland erleben will, muss noch den Sommer \u00fcberstehen: Am 7. November gastiert sie in Leverkusen, am 8.\u00a0 &hellip;\" \/>\n<meta property=\"og:url\" content=\"https:\/\/www.jazzzeitung.de\/cms\/2015\/05\/melody-gardot-veroeffentlicht-heute-ihr-neues-album-currency-man\/\" \/>\n<meta property=\"og:site_name\" content=\"JazzZeitung\" \/>\n<meta property=\"article:publisher\" content=\"https:\/\/www.facebook.com\/JazzZeitung\/\" \/>\n<meta property=\"article:published_time\" content=\"2015-05-29T05:12:35+00:00\" \/>\n<meta property=\"og:image\" content=\"http:\/\/www.jazzzeitung.de\/cms\/wp-content\/uploads\/2015\/05\/MelodyGardot_2_FotoCr4F62A-150x150.jpg\" \/>\n<meta name=\"author\" content=\"Redaktion JazzZeitung\" \/>\n<script type=\"application\/ld+json\" class=\"yoast-schema-graph\">{\"@context\":\"https:\\\/\\\/schema.org\",\"@graph\":[{\"@type\":\"Article\",\"@id\":\"https:\\\/\\\/www.jazzzeitung.de\\\/cms\\\/2015\\\/05\\\/melody-gardot-veroeffentlicht-heute-ihr-neues-album-currency-man\\\/#article\",\"isPartOf\":{\"@id\":\"https:\\\/\\\/www.jazzzeitung.de\\\/cms\\\/2015\\\/05\\\/melody-gardot-veroeffentlicht-heute-ihr-neues-album-currency-man\\\/\"},\"author\":{\"name\":\"Redaktion JazzZeitung\",\"@id\":\"https:\\\/\\\/www.jazzzeitung.de\\\/cms\\\/#\\\/schema\\\/person\\\/2245b36b9cd1d24cea10f01c031fb92b\"},\"headline\":\"Melody Gardot ver\u00f6ffentlicht heute ihr neues Album \u201eCurrency Of Man\u201c\",\"datePublished\":\"2015-05-29T05:12:35+00:00\",\"mainEntityOfPage\":{\"@id\":\"https:\\\/\\\/www.jazzzeitung.de\\\/cms\\\/2015\\\/05\\\/melody-gardot-veroeffentlicht-heute-ihr-neues-album-currency-man\\\/\"},\"wordCount\":222,\"commentCount\":0,\"publisher\":{\"@id\":\"https:\\\/\\\/www.jazzzeitung.de\\\/cms\\\/#organization\"},\"image\":{\"@id\":\"https:\\\/\\\/www.jazzzeitung.de\\\/cms\\\/2015\\\/05\\\/melody-gardot-veroeffentlicht-heute-ihr-neues-album-currency-man\\\/#primaryimage\"},\"thumbnailUrl\":\"http:\\\/\\\/www.jazzzeitung.de\\\/cms\\\/wp-content\\\/uploads\\\/2015\\\/05\\\/MelodyGardot_2_FotoCr4F62A-150x150.jpg\",\"keywords\":[\"Album\",\"Argentinien\",\"Berlin\",\"Blues\",\"Deutschland\",\"Hamburg\",\"Jeff Beck\",\"Paris\",\"Sting\"],\"articleSection\":[\"News\"],\"inLanguage\":\"de\",\"potentialAction\":[{\"@type\":\"CommentAction\",\"name\":\"Comment\",\"target\":[\"https:\\\/\\\/www.jazzzeitung.de\\\/cms\\\/2015\\\/05\\\/melody-gardot-veroeffentlicht-heute-ihr-neues-album-currency-man\\\/#respond\"]}]},{\"@type\":\"WebPage\",\"@id\":\"https:\\\/\\\/www.jazzzeitung.de\\\/cms\\\/2015\\\/05\\\/melody-gardot-veroeffentlicht-heute-ihr-neues-album-currency-man\\\/\",\"url\":\"https:\\\/\\\/www.jazzzeitung.de\\\/cms\\\/2015\\\/05\\\/melody-gardot-veroeffentlicht-heute-ihr-neues-album-currency-man\\\/\",\"name\":\"Melody Gardot ver\u00f6ffentlicht heute ihr neues Album \u201eCurrency Of Man\u201c - JazzZeitung\",\"isPartOf\":{\"@id\":\"https:\\\/\\\/www.jazzzeitung.de\\\/cms\\\/#website\"},\"primaryImageOfPage\":{\"@id\":\"https:\\\/\\\/www.jazzzeitung.de\\\/cms\\\/2015\\\/05\\\/melody-gardot-veroeffentlicht-heute-ihr-neues-album-currency-man\\\/#primaryimage\"},\"image\":{\"@id\":\"https:\\\/\\\/www.jazzzeitung.de\\\/cms\\\/2015\\\/05\\\/melody-gardot-veroeffentlicht-heute-ihr-neues-album-currency-man\\\/#primaryimage\"},\"thumbnailUrl\":\"http:\\\/\\\/www.jazzzeitung.de\\\/cms\\\/wp-content\\\/uploads\\\/2015\\\/05\\\/MelodyGardot_2_FotoCr4F62A-150x150.jpg\",\"datePublished\":\"2015-05-29T05:12:35+00:00\",\"breadcrumb\":{\"@id\":\"https:\\\/\\\/www.jazzzeitung.de\\\/cms\\\/2015\\\/05\\\/melody-gardot-veroeffentlicht-heute-ihr-neues-album-currency-man\\\/#breadcrumb\"},\"inLanguage\":\"de\",\"potentialAction\":[{\"@type\":\"ReadAction\",\"target\":[\"https:\\\/\\\/www.jazzzeitung.de\\\/cms\\\/2015\\\/05\\\/melody-gardot-veroeffentlicht-heute-ihr-neues-album-currency-man\\\/\"]}]},{\"@type\":\"ImageObject\",\"inLanguage\":\"de\",\"@id\":\"https:\\\/\\\/www.jazzzeitung.de\\\/cms\\\/2015\\\/05\\\/melody-gardot-veroeffentlicht-heute-ihr-neues-album-currency-man\\\/#primaryimage\",\"url\":\"http:\\\/\\\/www.jazzzeitung.de\\\/cms\\\/wp-content\\\/uploads\\\/2015\\\/05\\\/MelodyGardot_2_FotoCr4F62A-150x150.jpg\",\"contentUrl\":\"http:\\\/\\\/www.jazzzeitung.de\\\/cms\\\/wp-content\\\/uploads\\\/2015\\\/05\\\/MelodyGardot_2_FotoCr4F62A-150x150.jpg\"},{\"@type\":\"BreadcrumbList\",\"@id\":\"https:\\\/\\\/www.jazzzeitung.de\\\/cms\\\/2015\\\/05\\\/melody-gardot-veroeffentlicht-heute-ihr-neues-album-currency-man\\\/#breadcrumb\",\"itemListElement\":[{\"@type\":\"ListItem\",\"position\":1,\"name\":\"Startseite\",\"item\":\"https:\\\/\\\/www.jazzzeitung.de\\\/cms\\\/\"},{\"@type\":\"ListItem\",\"position\":2,\"name\":\"Melody Gardot ver\u00f6ffentlicht heute ihr neues Album \u201eCurrency Of Man\u201c\"}]},{\"@type\":\"WebSite\",\"@id\":\"https:\\\/\\\/www.jazzzeitung.de\\\/cms\\\/#website\",\"url\":\"https:\\\/\\\/www.jazzzeitung.de\\\/cms\\\/\",\"name\":\"JazzZeitung\",\"description\":\"Jazz-News und Jazz-Kontroverses\",\"publisher\":{\"@id\":\"https:\\\/\\\/www.jazzzeitung.de\\\/cms\\\/#organization\"},\"potentialAction\":[{\"@type\":\"SearchAction\",\"target\":{\"@type\":\"EntryPoint\",\"urlTemplate\":\"https:\\\/\\\/www.jazzzeitung.de\\\/cms\\\/?s={search_term_string}\"},\"query-input\":{\"@type\":\"PropertyValueSpecification\",\"valueRequired\":true,\"valueName\":\"search_term_string\"}}],\"inLanguage\":\"de\"},{\"@type\":\"Organization\",\"@id\":\"https:\\\/\\\/www.jazzzeitung.de\\\/cms\\\/#organization\",\"name\":\"JazzZeitung online\",\"url\":\"https:\\\/\\\/www.jazzzeitung.de\\\/cms\\\/\",\"logo\":{\"@type\":\"ImageObject\",\"inLanguage\":\"de\",\"@id\":\"https:\\\/\\\/www.jazzzeitung.de\\\/cms\\\/#\\\/schema\\\/logo\\\/image\\\/\",\"url\":\"https:\\\/\\\/i0.wp.com\\\/www.jazzzeitung.de\\\/cms\\\/wp-content\\\/uploads\\\/2015\\\/08\\\/JAZZZEITUNGDE_Logo_Neu.png?fit=499%2C200&ssl=1\",\"contentUrl\":\"https:\\\/\\\/i0.wp.com\\\/www.jazzzeitung.de\\\/cms\\\/wp-content\\\/uploads\\\/2015\\\/08\\\/JAZZZEITUNGDE_Logo_Neu.png?fit=499%2C200&ssl=1\",\"width\":499,\"height\":200,\"caption\":\"JazzZeitung online\"},\"image\":{\"@id\":\"https:\\\/\\\/www.jazzzeitung.de\\\/cms\\\/#\\\/schema\\\/logo\\\/image\\\/\"},\"sameAs\":[\"https:\\\/\\\/www.facebook.com\\\/JazzZeitung\\\/\"]},{\"@type\":\"Person\",\"@id\":\"https:\\\/\\\/www.jazzzeitung.de\\\/cms\\\/#\\\/schema\\\/person\\\/2245b36b9cd1d24cea10f01c031fb92b\",\"name\":\"Redaktion JazzZeitung\",\"image\":{\"@type\":\"ImageObject\",\"inLanguage\":\"de\",\"@id\":\"https:\\\/\\\/i0.wp.com\\\/www.jazzzeitung.de\\\/cms\\\/wp-content\\\/uploads\\\/2015\\\/08\\\/JAZZZEITUNGDE_Logo_Neu.png?resize=96%2C96&ssl=159975dcacb611b5700bd619b5daf0a7a\",\"url\":\"https:\\\/\\\/i0.wp.com\\\/www.jazzzeitung.de\\\/cms\\\/wp-content\\\/uploads\\\/2015\\\/08\\\/JAZZZEITUNGDE_Logo_Neu.png?resize=96%2C96&ssl=1\",\"contentUrl\":\"https:\\\/\\\/i0.wp.com\\\/www.jazzzeitung.de\\\/cms\\\/wp-content\\\/uploads\\\/2015\\\/08\\\/JAZZZEITUNGDE_Logo_Neu.png?resize=96%2C96&ssl=1\",\"caption\":\"Redaktion JazzZeitung\"},\"description\":\"Artikel der Redaktion der JazzZeitung.\",\"sameAs\":[\"http:\\\/\\\/www.jazzzeitung.de\\\/cms\\\/\"],\"url\":\"https:\\\/\\\/www.jazzzeitung.de\\\/cms\\\/author\\\/redaktion\\\/\"}]}<\/script>\n<!-- \/ Yoast SEO plugin. -->","yoast_head_json":{"title":"Melody Gardot ver\u00f6ffentlicht heute ihr neues Album \u201eCurrency Of Man\u201c - JazzZeitung","robots":{"index":"index","follow":"follow","max-snippet":"max-snippet:-1","max-image-preview":"max-image-preview:large","max-video-preview":"max-video-preview:-1"},"canonical":"https:\/\/www.jazzzeitung.de\/cms\/2015\/05\/melody-gardot-veroeffentlicht-heute-ihr-neues-album-currency-man\/","og_locale":"de_DE","og_type":"article","og_title":"Melody Gardot ver\u00f6ffentlicht heute ihr neues Album \u201eCurrency Of Man\u201c - JazzZeitung","og_description":"Im Mai 2008 war sie der &#8222;Rising Star&#8220; am New Jazz-Himmel: Damals pr\u00e4sentierte Melody Gardot ihr erstes Album &#8222;Worrisome Heart&#8220; in Europa mit der f\u00fcr sie typischen packenden Mischung aus Jazz, Blues und Folk. Heute erscheint mit \u201eCurrency Of Man\u201c das vierte Studioalbum von Melody Gardot. Die zehn neuen Songs zeigen eine gereifte, stilistisch erweiterte K\u00fcnstlerin: Im Mittelpunkt der exzellenten Arrangements: die charismatische, rauchige Stimme der S\u00e4ngerin. \u201eJedes Album gleicht einer Reise und diesmal habe ich in mehrerlei Hinsicht einen Sprung ins Ungewisse gewagt\u201c, sagt Melody Gardot. Auf Reisen hat sich die K\u00fcnstlerin inspirieren lassen \u2013 in Europa, in Marokko, aber auch in Argentinien und Brasilien. Ihre gesammelten Reiseerfahrungen und Betrachtungen hat sie in ihre Songs verpackt und diese in Studios in Los Angeles und Paris aufgenommen \u2013 mit Unterst\u00fctzung hochkar\u00e4tiger Musiker wie Drummer Vinnie Colaiuta (Sting, Jeff Beck), Gitarrist Dean Parks (Steely Dan), Organist Larry Goldings (James Taylor) und den legend\u00e4ren Bl\u00e4sern Gary Grant und Jerry Hey (Quincy Jones, Toto, Michael Jackson). Wer die Gardot live in Deutschland erleben will, muss noch den Sommer \u00fcberstehen: Am 7. November gastiert sie in Leverkusen, am 8.\u00a0 &hellip;","og_url":"https:\/\/www.jazzzeitung.de\/cms\/2015\/05\/melody-gardot-veroeffentlicht-heute-ihr-neues-album-currency-man\/","og_site_name":"JazzZeitung","article_publisher":"https:\/\/www.facebook.com\/JazzZeitung\/","article_published_time":"2015-05-29T05:12:35+00:00","og_image":[{"url":"http:\/\/www.jazzzeitung.de\/cms\/wp-content\/uploads\/2015\/05\/MelodyGardot_2_FotoCr4F62A-150x150.jpg","type":"","width":"","height":""}],"author":"Redaktion JazzZeitung","schema":{"@context":"https:\/\/schema.org","@graph":[{"@type":"Article","@id":"https:\/\/www.jazzzeitung.de\/cms\/2015\/05\/melody-gardot-veroeffentlicht-heute-ihr-neues-album-currency-man\/#article","isPartOf":{"@id":"https:\/\/www.jazzzeitung.de\/cms\/2015\/05\/melody-gardot-veroeffentlicht-heute-ihr-neues-album-currency-man\/"},"author":{"name":"Redaktion JazzZeitung","@id":"https:\/\/www.jazzzeitung.de\/cms\/#\/schema\/person\/2245b36b9cd1d24cea10f01c031fb92b"},"headline":"Melody Gardot ver\u00f6ffentlicht heute ihr neues Album \u201eCurrency Of Man\u201c","datePublished":"2015-05-29T05:12:35+00:00","mainEntityOfPage":{"@id":"https:\/\/www.jazzzeitung.de\/cms\/2015\/05\/melody-gardot-veroeffentlicht-heute-ihr-neues-album-currency-man\/"},"wordCount":222,"commentCount":0,"publisher":{"@id":"https:\/\/www.jazzzeitung.de\/cms\/#organization"},"image":{"@id":"https:\/\/www.jazzzeitung.de\/cms\/2015\/05\/melody-gardot-veroeffentlicht-heute-ihr-neues-album-currency-man\/#primaryimage"},"thumbnailUrl":"http:\/\/www.jazzzeitung.de\/cms\/wp-content\/uploads\/2015\/05\/MelodyGardot_2_FotoCr4F62A-150x150.jpg","keywords":["Album","Argentinien","Berlin","Blues","Deutschland","Hamburg","Jeff Beck","Paris","Sting"],"articleSection":["News"],"inLanguage":"de","potentialAction":[{"@type":"CommentAction","name":"Comment","target":["https:\/\/www.jazzzeitung.de\/cms\/2015\/05\/melody-gardot-veroeffentlicht-heute-ihr-neues-album-currency-man\/#respond"]}]},{"@type":"WebPage","@id":"https:\/\/www.jazzzeitung.de\/cms\/2015\/05\/melody-gardot-veroeffentlicht-heute-ihr-neues-album-currency-man\/","url":"https:\/\/www.jazzzeitung.de\/cms\/2015\/05\/melody-gardot-veroeffentlicht-heute-ihr-neues-album-currency-man\/","name":"Melody Gardot ver\u00f6ffentlicht heute ihr neues Album \u201eCurrency Of Man\u201c - JazzZeitung","isPartOf":{"@id":"https:\/\/www.jazzzeitung.de\/cms\/#website"},"primaryImageOfPage":{"@id":"https:\/\/www.jazzzeitung.de\/cms\/2015\/05\/melody-gardot-veroeffentlicht-heute-ihr-neues-album-currency-man\/#primaryimage"},"image":{"@id":"https:\/\/www.jazzzeitung.de\/cms\/2015\/05\/melody-gardot-veroeffentlicht-heute-ihr-neues-album-currency-man\/#primaryimage"},"thumbnailUrl":"http:\/\/www.jazzzeitung.de\/cms\/wp-content\/uploads\/2015\/05\/MelodyGardot_2_FotoCr4F62A-150x150.jpg","datePublished":"2015-05-29T05:12:35+00:00","breadcrumb":{"@id":"https:\/\/www.jazzzeitung.de\/cms\/2015\/05\/melody-gardot-veroeffentlicht-heute-ihr-neues-album-currency-man\/#breadcrumb"},"inLanguage":"de","potentialAction":[{"@type":"ReadAction","target":["https:\/\/www.jazzzeitung.de\/cms\/2015\/05\/melody-gardot-veroeffentlicht-heute-ihr-neues-album-currency-man\/"]}]},{"@type":"ImageObject","inLanguage":"de","@id":"https:\/\/www.jazzzeitung.de\/cms\/2015\/05\/melody-gardot-veroeffentlicht-heute-ihr-neues-album-currency-man\/#primaryimage","url":"http:\/\/www.jazzzeitung.de\/cms\/wp-content\/uploads\/2015\/05\/MelodyGardot_2_FotoCr4F62A-150x150.jpg","contentUrl":"http:\/\/www.jazzzeitung.de\/cms\/wp-content\/uploads\/2015\/05\/MelodyGardot_2_FotoCr4F62A-150x150.jpg"},{"@type":"BreadcrumbList","@id":"https:\/\/www.jazzzeitung.de\/cms\/2015\/05\/melody-gardot-veroeffentlicht-heute-ihr-neues-album-currency-man\/#breadcrumb","itemListElement":[{"@type":"ListItem","position":1,"name":"Startseite","item":"https:\/\/www.jazzzeitung.de\/cms\/"},{"@type":"ListItem","position":2,"name":"Melody Gardot ver\u00f6ffentlicht heute ihr neues Album \u201eCurrency Of Man\u201c"}]},{"@type":"WebSite","@id":"https:\/\/www.jazzzeitung.de\/cms\/#website","url":"https:\/\/www.jazzzeitung.de\/cms\/","name":"JazzZeitung","description":"Jazz-News und Jazz-Kontroverses","publisher":{"@id":"https:\/\/www.jazzzeitung.de\/cms\/#organization"},"potentialAction":[{"@type":"SearchAction","target":{"@type":"EntryPoint","urlTemplate":"https:\/\/www.jazzzeitung.de\/cms\/?s={search_term_string}"},"query-input":{"@type":"PropertyValueSpecification","valueRequired":true,"valueName":"search_term_string"}}],"inLanguage":"de"},{"@type":"Organization","@id":"https:\/\/www.jazzzeitung.de\/cms\/#organization","name":"JazzZeitung online","url":"https:\/\/www.jazzzeitung.de\/cms\/","logo":{"@type":"ImageObject","inLanguage":"de","@id":"https:\/\/www.jazzzeitung.de\/cms\/#\/schema\/logo\/image\/","url":"https:\/\/i0.wp.com\/www.jazzzeitung.de\/cms\/wp-content\/uploads\/2015\/08\/JAZZZEITUNGDE_Logo_Neu.png?fit=499%2C200&ssl=1","contentUrl":"https:\/\/i0.wp.com\/www.jazzzeitung.de\/cms\/wp-content\/uploads\/2015\/08\/JAZZZEITUNGDE_Logo_Neu.png?fit=499%2C200&ssl=1","width":499,"height":200,"caption":"JazzZeitung online"},"image":{"@id":"https:\/\/www.jazzzeitung.de\/cms\/#\/schema\/logo\/image\/"},"sameAs":["https:\/\/www.facebook.com\/JazzZeitung\/"]},{"@type":"Person","@id":"https:\/\/www.jazzzeitung.de\/cms\/#\/schema\/person\/2245b36b9cd1d24cea10f01c031fb92b","name":"Redaktion JazzZeitung","image":{"@type":"ImageObject","inLanguage":"de","@id":"https:\/\/i0.wp.com\/www.jazzzeitung.de\/cms\/wp-content\/uploads\/2015\/08\/JAZZZEITUNGDE_Logo_Neu.png?resize=96%2C96&ssl=159975dcacb611b5700bd619b5daf0a7a","url":"https:\/\/i0.wp.com\/www.jazzzeitung.de\/cms\/wp-content\/uploads\/2015\/08\/JAZZZEITUNGDE_Logo_Neu.png?resize=96%2C96&ssl=1","contentUrl":"https:\/\/i0.wp.com\/www.jazzzeitung.de\/cms\/wp-content\/uploads\/2015\/08\/JAZZZEITUNGDE_Logo_Neu.png?resize=96%2C96&ssl=1","caption":"Redaktion JazzZeitung"},"description":"Artikel der Redaktion der JazzZeitung.","sameAs":["http:\/\/www.jazzzeitung.de\/cms\/"],"url":"https:\/\/www.jazzzeitung.de\/cms\/author\/redaktion\/"}]}},"wp-worthy-pixel":{"ignored":false,"public":null,"server":null,"url":null},"wp-worthy-type":"normal","jetpack_publicize_connections":[],"cc_featured_image_caption":{"caption_text":false,"source_text":false,"source_url":false},"jetpack_featured_media_url":"","jetpack_shortlink":"https:\/\/wp.me\/p3KEcT-1CS","jetpack-related-posts":[{"id":1547,"url":"https:\/\/www.jazzzeitung.de\/cms\/2012\/02\/verrelevanzt\/","url_meta":{"origin":6254,"position":0},"title":"Verrelevanzt","author":"Rainer Wein","date":"7. Februar 2012","format":false,"excerpt":"Verliert Jazz an Relevanz, wenn der Pianist Jens Thomas die Rockband AC\/DC covert? Und gewinnt Jazz pl\u00f6tzlich seine Relevanz zur\u00fcck, wenn die Feuilletons \u00fcber ihn schreiben? Verliert Jazz an Relevanz, wenn sein Publikum altert? Und gewinnt er an Relevanz, wenn die Werbehauptzielgruppe mit einem Mal Melody Gardot entdeckt? Besitzt denn\u2026","rel":"","context":"In &quot;Blog&quot;","block_context":{"text":"Blog","link":"https:\/\/www.jazzzeitung.de\/cms\/thema\/blog\/"},"img":{"alt_text":"","src":"","width":0,"height":0},"classes":[]},{"id":26198,"url":"https:\/\/www.jazzzeitung.de\/cms\/2021\/11\/abschlusskonzert-der-ingolstaedter-jazztage\/","url_meta":{"origin":6254,"position":1},"title":"Rebekka Bakken trifft auf Wolfgang Muthspiel beim Abschlusskonzert der Ingolst\u00e4dter Jazztage","author":"Redaktion JazzZeitung","date":"20. November 2021","format":false,"excerpt":"Es h\u00e4tte kaum sch\u00f6ner sein k\u00f6nnen: Nach einem Jahr Pause wieder Jazztage in Ingolstadt und dann werden sie beim Abschlusskonzert mit der norwegischen S\u00e4ngerin Rebekka Bakken auch noch von einer solchen Geschichte gekr\u00f6nt. Sie geht so: Vor \u00fcber 20 Jahren lebten die S\u00e4ngerin und der \u00f6sterreichische Jazz-Gitarrist Wolfgang Muthspiel zusammen\u2026","rel":"","context":"In &quot;Bericht&quot;","block_context":{"text":"Bericht","link":"https:\/\/www.jazzzeitung.de\/cms\/thema\/bericht\/"},"img":{"alt_text":"","src":"https:\/\/i0.wp.com\/www.jazzzeitung.de\/cms\/wp-content\/uploads\/2021\/11\/Bakken-Muthspiel-2-%C2%A9ReinhardDorn-scaled.jpg?fit=1200%2C801&ssl=1&resize=350%2C200","width":350,"height":200,"srcset":"https:\/\/i0.wp.com\/www.jazzzeitung.de\/cms\/wp-content\/uploads\/2021\/11\/Bakken-Muthspiel-2-%C2%A9ReinhardDorn-scaled.jpg?fit=1200%2C801&ssl=1&resize=350%2C200 1x, https:\/\/i0.wp.com\/www.jazzzeitung.de\/cms\/wp-content\/uploads\/2021\/11\/Bakken-Muthspiel-2-%C2%A9ReinhardDorn-scaled.jpg?fit=1200%2C801&ssl=1&resize=525%2C300 1.5x, https:\/\/i0.wp.com\/www.jazzzeitung.de\/cms\/wp-content\/uploads\/2021\/11\/Bakken-Muthspiel-2-%C2%A9ReinhardDorn-scaled.jpg?fit=1200%2C801&ssl=1&resize=700%2C400 2x, https:\/\/i0.wp.com\/www.jazzzeitung.de\/cms\/wp-content\/uploads\/2021\/11\/Bakken-Muthspiel-2-%C2%A9ReinhardDorn-scaled.jpg?fit=1200%2C801&ssl=1&resize=1050%2C600 3x"},"classes":[]},{"id":26059,"url":"https:\/\/www.jazzzeitung.de\/cms\/2021\/10\/news-38-ingolstaedter-jazztage-25-huerther-jazznacht-mit-trios-im-rampenlicht\/","url_meta":{"origin":6254,"position":2},"title":"+++ news +++ 38. Ingolst\u00e4dter Jazztage +++ 25. H\u00fcrther Jazznacht mit Trios im Rampenlicht +++","author":"Redaktion JazzZeitung","date":"29. Oktober 2021","format":false,"excerpt":"+++ 38. Ingolst\u00e4dter Jazztage +++ (Pressemitteilung) Nach dem coronabedingten Pausieren im Jahr 2020 setzen die Ingolst\u00e4dter Jazztage nun ihren programmatischen Kurs fort und bieten in der Zeit vom 24. Oktober bis 13. November gro\u00dfe Stars der internationalen Jazzszene, Neuentdeckungen und Geheimtipps, Special Guests sowie musikalische Talente aus der Region. Beispiele\u2026","rel":"","context":"In &quot;News&quot;","block_context":{"text":"News","link":"https:\/\/www.jazzzeitung.de\/cms\/thema\/nachrichten\/"},"img":{"alt_text":"","src":"https:\/\/i0.wp.com\/www.jazzzeitung.de\/cms\/wp-content\/uploads\/2021\/10\/Birgit-Zinner-%C2%A9-Stefan-Thiele-scaled.jpg?fit=1200%2C839&ssl=1&resize=350%2C200","width":350,"height":200,"srcset":"https:\/\/i0.wp.com\/www.jazzzeitung.de\/cms\/wp-content\/uploads\/2021\/10\/Birgit-Zinner-%C2%A9-Stefan-Thiele-scaled.jpg?fit=1200%2C839&ssl=1&resize=350%2C200 1x, https:\/\/i0.wp.com\/www.jazzzeitung.de\/cms\/wp-content\/uploads\/2021\/10\/Birgit-Zinner-%C2%A9-Stefan-Thiele-scaled.jpg?fit=1200%2C839&ssl=1&resize=525%2C300 1.5x, https:\/\/i0.wp.com\/www.jazzzeitung.de\/cms\/wp-content\/uploads\/2021\/10\/Birgit-Zinner-%C2%A9-Stefan-Thiele-scaled.jpg?fit=1200%2C839&ssl=1&resize=700%2C400 2x, https:\/\/i0.wp.com\/www.jazzzeitung.de\/cms\/wp-content\/uploads\/2021\/10\/Birgit-Zinner-%C2%A9-Stefan-Thiele-scaled.jpg?fit=1200%2C839&ssl=1&resize=1050%2C600 3x"},"classes":[]},{"id":6707,"url":"https:\/\/www.jazzzeitung.de\/cms\/2015\/08\/arte-zeigt-mr-dynamite-rise-james-brown-32-ingolstaedter-jazztage-2015-sara-decker-group-gewinnt-european-jazz-awards-italien\/","url_meta":{"origin":6254,"position":3},"title":"+++ News +++ ARTE zeigt \u201eMr. Dynamite: The rise of James Brown\u201c +++ 32. Ingolst\u00e4dter Jazztage 2015 +++ &#8222;Sara Decker Group&#8220; gewinnt European Jazz Awards in Italien +++","author":"Redaktion JazzZeitung","date":"4. August 2015","format":false,"excerpt":"+++ ARTE zeigt \u201eMr. Dynamite: The rise of James Brown\u201c am Samstag, den 12. September 2015, um 21.50 Uhr Selfmademan, energievoller Performer und perfektionistischer Tyrann \u2013 das alles ist James Brown. Der von Mick Jagger produzierte Dokumentarfilm zeigt Browns Weg aus \u00e4rmlichen Verh\u00e4ltnissen zum Godfather of Soul. Es kommen ehemalige\u2026","rel":"","context":"In &quot;News&quot;","block_context":{"text":"News","link":"https:\/\/www.jazzzeitung.de\/cms\/thema\/nachrichten\/"},"img":{"alt_text":"Bildrechte: \u00a9 Emilio Gross i\/Courtesy of HBO","src":"https:\/\/i0.wp.com\/www.jazzzeitung.de\/cms\/wp-content\/uploads\/2015\/08\/the-rise-of-james-brown.pdf-Adobe-Acrobat-Pro-150x150.jpg?resize=350%2C200","width":350,"height":200},"classes":[]},{"id":20079,"url":"https:\/\/www.jazzzeitung.de\/cms\/2019\/07\/die-jazz-radiowoche-vom-15-07-19-bis-21-07-2019\/","url_meta":{"origin":6254,"position":4},"title":"Die Jazz-Radiowoche vom 15.07.19 bis 21.07.2019","author":"Martin Hufner","date":"14. Juli 2019","format":false,"excerpt":"Ein kleiner Blick in die Jazzwoche 29 im Radio. Die \u00dcbersicht zum Download als PDF. Alle Angaben ohne Gew\u00e4hr. Jazz im Radio (Fernsehen) SR2 \u2013 JazzNow \u2013 Sonntags von 20.04 bis 22.30 Uhr BR-KLASSIK \u2013 Jazztime \u2013 Von Montag bis Freitag t\u00e4glich um 23.05 Uhr rbb-kultur \u2013 Late Night Jazz\u2026","rel":"","context":"In &quot;News&quot;","block_context":{"text":"News","link":"https:\/\/www.jazzzeitung.de\/cms\/thema\/nachrichten\/"},"img":{"alt_text":"Jazz im Radio. Foto: Hufner","src":"https:\/\/i0.wp.com\/www.jazzzeitung.de\/cms\/wp-content\/uploads\/2019\/03\/jazz_im_radio.jpg?fit=1200%2C773&ssl=1&resize=350%2C200","width":350,"height":200,"srcset":"https:\/\/i0.wp.com\/www.jazzzeitung.de\/cms\/wp-content\/uploads\/2019\/03\/jazz_im_radio.jpg?fit=1200%2C773&ssl=1&resize=350%2C200 1x, https:\/\/i0.wp.com\/www.jazzzeitung.de\/cms\/wp-content\/uploads\/2019\/03\/jazz_im_radio.jpg?fit=1200%2C773&ssl=1&resize=525%2C300 1.5x, https:\/\/i0.wp.com\/www.jazzzeitung.de\/cms\/wp-content\/uploads\/2019\/03\/jazz_im_radio.jpg?fit=1200%2C773&ssl=1&resize=700%2C400 2x, https:\/\/i0.wp.com\/www.jazzzeitung.de\/cms\/wp-content\/uploads\/2019\/03\/jazz_im_radio.jpg?fit=1200%2C773&ssl=1&resize=1050%2C600 3x"},"classes":[]},{"id":14633,"url":"https:\/\/www.jazzzeitung.de\/cms\/2017\/12\/die-jazz-radiowoche-vom-01-01-bis-07-01-2018\/","url_meta":{"origin":6254,"position":5},"title":"Die Jazz-Radiowoche vom 01.01. bis 07.01.2018","author":"Redaktion JazzZeitung","date":"31. Dezember 2017","format":false,"excerpt":"Ein subjektiver Blick in die Jazzwoche 1 im Radio. Unter anderem mit: DJ Swingin' Swanee, Monty Alexander, Frankie Trumbauer und Bix Beiderbecke, Trio Slowfox, David Pe\u00f1a Dorantes & Renaud Garcia-Fons, Bud Powell, Melody Gardot, Lila Downs, Sarah Murcia, Jazz Inbetween Festival M\u00fcnster, Charlotte Greve, Vor hundert Jahren wird Storyville geschlossen,\u2026","rel":"","context":"In &quot;News&quot;","block_context":{"text":"News","link":"https:\/\/www.jazzzeitung.de\/cms\/thema\/nachrichten\/"},"img":{"alt_text":"Jazz im Radio","src":"https:\/\/i0.wp.com\/www.jazzzeitung.de\/cms\/wp-content\/uploads\/2017\/10\/radio-jazz-neu.jpg?fit=1200%2C900&ssl=1&resize=350%2C200","width":350,"height":200,"srcset":"https:\/\/i0.wp.com\/www.jazzzeitung.de\/cms\/wp-content\/uploads\/2017\/10\/radio-jazz-neu.jpg?fit=1200%2C900&ssl=1&resize=350%2C200 1x, https:\/\/i0.wp.com\/www.jazzzeitung.de\/cms\/wp-content\/uploads\/2017\/10\/radio-jazz-neu.jpg?fit=1200%2C900&ssl=1&resize=525%2C300 1.5x, https:\/\/i0.wp.com\/www.jazzzeitung.de\/cms\/wp-content\/uploads\/2017\/10\/radio-jazz-neu.jpg?fit=1200%2C900&ssl=1&resize=700%2C400 2x, https:\/\/i0.wp.com\/www.jazzzeitung.de\/cms\/wp-content\/uploads\/2017\/10\/radio-jazz-neu.jpg?fit=1200%2C900&ssl=1&resize=1050%2C600 3x"},"classes":[]}],"jetpack_sharing_enabled":true,"_links":{"self":[{"href":"https:\/\/www.jazzzeitung.de\/cms\/wp-json\/wp\/v2\/posts\/6254","targetHints":{"allow":["GET"]}}],"collection":[{"href":"https:\/\/www.jazzzeitung.de\/cms\/wp-json\/wp\/v2\/posts"}],"about":[{"href":"https:\/\/www.jazzzeitung.de\/cms\/wp-json\/wp\/v2\/types\/post"}],"author":[{"embeddable":true,"href":"https:\/\/www.jazzzeitung.de\/cms\/wp-json\/wp\/v2\/users\/18"}],"replies":[{"embeddable":true,"href":"https:\/\/www.jazzzeitung.de\/cms\/wp-json\/wp\/v2\/comments?post=6254"}],"version-history":[{"count":1,"href":"https:\/\/www.jazzzeitung.de\/cms\/wp-json\/wp\/v2\/posts\/6254\/revisions"}],"predecessor-version":[{"id":6256,"href":"https:\/\/www.jazzzeitung.de\/cms\/wp-json\/wp\/v2\/posts\/6254\/revisions\/6256"}],"wp:attachment":[{"href":"https:\/\/www.jazzzeitung.de\/cms\/wp-json\/wp\/v2\/media?parent=6254"}],"wp:term":[{"taxonomy":"category","embeddable":true,"href":"https:\/\/www.jazzzeitung.de\/cms\/wp-json\/wp\/v2\/categories?post=6254"},{"taxonomy":"post_tag","embeddable":true,"href":"https:\/\/www.jazzzeitung.de\/cms\/wp-json\/wp\/v2\/tags?post=6254"},{"taxonomy":"author","embeddable":true,"href":"https:\/\/www.jazzzeitung.de\/cms\/wp-json\/wp\/v2\/coauthors?post=6254"}],"curies":[{"name":"wp","href":"https:\/\/api.w.org\/{rel}","templated":true}]}}